{"id":43705,"date":"2020-04-19T10:37:11","date_gmt":"2020-04-19T13:37:11","guid":{"rendered":"https:\/\/noticiasmercedinas.com\/site\/2020\/04\/19\/medicos-bonaerenses-exigen-que-se-garanticen-todos-los-insumos-de-bioseguridad\/"},"modified":"2020-04-19T10:37:11","modified_gmt":"2020-04-19T13:37:11","slug":"medicos-bonaerenses-exigen-que-se-garanticen-todos-los-insumos-de-bioseguridad","status":"publish","type":"post","link":"https:\/\/noticiasmercedinas.com\/site\/2020\/04\/19\/medicos-bonaerenses-exigen-que-se-garanticen-todos-los-insumos-de-bioseguridad\/","title":{"rendered":"M\u00e9dicos bonaerenses exigen que se garanticen todos los insumos de bioseguridad"},"content":{"rendered":"<p><img loading=\"lazy\" decoding=\"async\" src=\"https:\/\/noticiasmercedinas.com\/site\/wp-content\/uploads\/2020\/04\/equipo-de-salud2_0.jpg\" class=\"alignnone wp-image-43704 size-full\" width=\"660\" height=\"371\" srcset=\"https:\/\/noticiasmercedinas.com\/site\/wp-content\/uploads\/2020\/04\/equipo-de-salud2_0.jpg 660w, https:\/\/noticiasmercedinas.com\/site\/wp-content\/uploads\/2020\/04\/equipo-de-salud2_0-300x169.jpg 300w, https:\/\/noticiasmercedinas.com\/site\/wp-content\/uploads\/2020\/04\/equipo-de-salud2_0-640x360.jpg 640w\" sizes=\"auto, (max-width: 660px) 100vw, 660px\" \/><\/p>\n<p>Tras la confirmaci\u00f3n de casos positivos de coronavirus en diferentes hospitales p\u00fablicos bonaerenses, el Secretario Gremial de la Asociaci\u00f3n Sindical de Profesionales de la Salud de la Provincia de Buenos Aires (CICOP), Pablo Maciel, manifest\u00f3 que \u201clos contagios dentro del equipo de salud han generado una enorme preocupaci\u00f3n. Son 12 los casos en el Hospital Belgrano de la localidad de San Mart\u00edn, 8 los casos constatados en el Hospital Guti\u00e9rrez de La Plata y seguimos sumando\u201d.<\/p>\n<p>En este contexto \u201ces imprescindible ajustar los protocolos y que se garanticen todos los insumos de bioseguridad para la protecci\u00f3n del personal de salud\u201d, agreg\u00f3.<\/p>\n<p>En l\u00ednea con ello, apunt\u00f3 que \u201ces alarmante que, en esta etapa en donde la velocidad de contagios es baja y la curva a\u00fan contin\u00faa con un grado aceptable de aplanamiento, tengamos equipos enteros de salud en aislamiento y servicios que cierran\u201d.<\/p>\n<p>\u201cDesde nuestro gremio exigimos que se garanticen todos los insumos necesarios y estamos relevando todos los hospitales y municipios porque no vamos a permitir que ning\u00fan trabajador o trabajadora tenga una exposici\u00f3n innecesaria durante su tarea\u201d, se\u00f1al\u00f3 el dirigente gremial.<\/p>\n<p>Por otra parte, expres\u00f3 que \u201ctambi\u00e9n nos preocupa que la falta de materiales adecuados y el multiempleo al que estamos sometidos la mayor\u00eda de los trabajadores de la salud conspiran contra las medidas generales de prevenci\u00f3n\u201d.<\/p>\n<p>\u201cReorganizar el personal y mejorar los salarios son medidas indispensables para que no sigamos yendo a trabajar a dos o tres instituciones transform\u00e1ndonos en vectores del virus y contribuyendo a su diseminaci\u00f3n. Si perdemos un alto porcentaje del personal de salud antes de un eventual pico de casos en la poblaci\u00f3n el sistema de salud no podr\u00e1 dar abasto, lo que ser\u00eda el peor escenario\u201d, concluy\u00f3 Maciel.<\/p>\n","protected":false},"excerpt":{"rendered":"<p>Tras la confirmaci\u00f3n de casos positivos de coronavirus en diferentes hospitales p\u00fablicos bonaerenses, el Secretario Gremial de la Asociaci\u00f3n Sindical de Profesionales de la Salud de la Provincia de Buenos Aires (CICOP), Pablo Maciel, manifest\u00f3 que \u201clos contagios dentro del equipo de salud han generado una enorme preocupaci\u00f3n. Son 12 los casos en el Hospital [&hellip;]<\/p>\n","protected":false},"author":2,"featured_media":43704,"comment_status":"open","ping_status":"open","sticky":false,"template":"","format":"standard","meta":{"footnotes":""},"categories":[7919],"tags":[56,224,3745],"class_list":["post-43705","post","type-post","status-publish","format-standard","has-post-thumbnail","hentry","category-provinciales","tag-cicop","tag-hospital","tag-medicos"],"yoast_head":"<!-- This site is optimized with the Yoast SEO plugin v27.5 - https:\/\/yoast.com\/product\/yoast-seo-wordpress\/ -->\n<title>M\u00e9dicos bonaerenses exigen que se garanticen todos los insumos de bioseguridad<\/title>\n<meta name=\"robots\" content=\"index, follow, max-snippet:-1, max-image-preview:large, max-video-preview:-1\" \/>\n<link rel=\"canonical\" href=\"https:\/\/noticiasmercedinas.com\/site\/2020\/04\/19\/medicos-bonaerenses-exigen-que-se-garanticen-todos-los-insumos-de-bioseguridad\/\" \/>\n<meta property=\"og:locale\" content=\"es_ES\" \/>\n<meta property=\"og:type\" content=\"article\" \/>\n<meta property=\"og:title\" content=\"M\u00e9dicos bonaerenses exigen que se garanticen todos los insumos de bioseguridad\" \/>\n<meta property=\"og:description\" content=\"Tras la confirmaci\u00f3n de casos positivos de coronavirus en diferentes hospitales p\u00fablicos bonaerenses, el Secretario Gremial de la Asociaci\u00f3n Sindical de Profesionales de la Salud de la Provincia de Buenos Aires (CICOP), Pablo Maciel, manifest\u00f3 que \u201clos contagios dentro del equipo de salud han generado una enorme preocupaci\u00f3n. Son 12 los casos en el Hospital [&hellip;]\" \/>\n<meta property=\"og:url\" content=\"https:\/\/noticiasmercedinas.com\/site\/2020\/04\/19\/medicos-bonaerenses-exigen-que-se-garanticen-todos-los-insumos-de-bioseguridad\/\" \/>\n<meta property=\"og:site_name\" content=\"NOTICIASMERCEDINAS.COM\" \/>\n<meta property=\"article:publisher\" content=\"https:\/\/www.facebook.com\/noticiasmercedinas\/\" \/>\n<meta property=\"article:author\" content=\"https:\/\/www.facebook.com\/cristian.falabella\" \/>\n<meta property=\"article:published_time\" content=\"2020-04-19T13:37:11+00:00\" \/>\n<meta property=\"og:image\" content=\"https:\/\/noticiasmercedinas.com\/site\/wp-content\/uploads\/2020\/04\/equipo-de-salud2_0.jpg\" \/>\n\t<meta property=\"og:image:width\" content=\"660\" \/>\n\t<meta property=\"og:image:height\" content=\"371\" \/>\n\t<meta property=\"og:image:type\" content=\"image\/jpeg\" \/>\n<meta name=\"author\" content=\"Cristian Falabella NOTICIASMERCEDINAS.COM\" \/>\n<meta name=\"twitter:card\" content=\"summary_large_image\" \/>\n<meta name=\"twitter:creator\" content=\"@https:\/\/twitter.com\/NOTMERCEDINAS\" \/>\n<meta name=\"twitter:site\" content=\"@notmercedinas\" \/>\n<meta name=\"twitter:label1\" content=\"Escrito por\" \/>\n\t<meta name=\"twitter:data1\" content=\"Cristian Falabella NOTICIASMERCEDINAS.COM\" \/>\n\t<meta name=\"twitter:label2\" content=\"Tiempo de lectura\" \/>\n\t<meta name=\"twitter:data2\" content=\"2 minutos\" \/>\n<script type=\"application\/ld+json\" class=\"yoast-schema-graph\">{\"@context\":\"https:\\\/\\\/schema.org\",\"@graph\":[{\"@type\":\"Article\",\"@id\":\"https:\\\/\\\/noticiasmercedinas.com\\\/site\\\/2020\\\/04\\\/19\\\/medicos-bonaerenses-exigen-que-se-garanticen-todos-los-insumos-de-bioseguridad\\\/#article\",\"isPartOf\":{\"@id\":\"https:\\\/\\\/noticiasmercedinas.com\\\/site\\\/2020\\\/04\\\/19\\\/medicos-bonaerenses-exigen-que-se-garanticen-todos-los-insumos-de-bioseguridad\\\/\"},\"author\":{\"name\":\"Cristian Falabella NOTICIASMERCEDINAS.COM\",\"@id\":\"https:\\\/\\\/noticiasmercedinas.com\\\/site\\\/#\\\/schema\\\/person\\\/d481a9696a5feaec13a60e2bbd991a6a\"},\"headline\":\"M\u00e9dicos bonaerenses exigen que se garanticen todos los insumos de bioseguridad\",\"datePublished\":\"2020-04-19T13:37:11+00:00\",\"mainEntityOfPage\":{\"@id\":\"https:\\\/\\\/noticiasmercedinas.com\\\/site\\\/2020\\\/04\\\/19\\\/medicos-bonaerenses-exigen-que-se-garanticen-todos-los-insumos-de-bioseguridad\\\/\"},\"wordCount\":316,\"commentCount\":0,\"publisher\":{\"@id\":\"https:\\\/\\\/noticiasmercedinas.com\\\/site\\\/#organization\"},\"image\":{\"@id\":\"https:\\\/\\\/noticiasmercedinas.com\\\/site\\\/2020\\\/04\\\/19\\\/medicos-bonaerenses-exigen-que-se-garanticen-todos-los-insumos-de-bioseguridad\\\/#primaryimage\"},\"thumbnailUrl\":\"https:\\\/\\\/noticiasmercedinas.com\\\/site\\\/wp-content\\\/uploads\\\/2020\\\/04\\\/equipo-de-salud2_0.jpg\",\"keywords\":[\"Cicop\",\"hospital\",\"medicos\"],\"articleSection\":[\"Provinciales\"],\"inLanguage\":\"es\",\"potentialAction\":[{\"@type\":\"CommentAction\",\"name\":\"Comment\",\"target\":[\"https:\\\/\\\/noticiasmercedinas.com\\\/site\\\/2020\\\/04\\\/19\\\/medicos-bonaerenses-exigen-que-se-garanticen-todos-los-insumos-de-bioseguridad\\\/#respond\"]}]},{\"@type\":\"WebPage\",\"@id\":\"https:\\\/\\\/noticiasmercedinas.com\\\/site\\\/2020\\\/04\\\/19\\\/medicos-bonaerenses-exigen-que-se-garanticen-todos-los-insumos-de-bioseguridad\\\/\",\"url\":\"https:\\\/\\\/noticiasmercedinas.com\\\/site\\\/2020\\\/04\\\/19\\\/medicos-bonaerenses-exigen-que-se-garanticen-todos-los-insumos-de-bioseguridad\\\/\",\"name\":\"M\u00e9dicos bonaerenses exigen que se garanticen todos los insumos de bioseguridad\",\"isPartOf\":{\"@id\":\"https:\\\/\\\/noticiasmercedinas.com\\\/site\\\/#website\"},\"primaryImageOfPage\":{\"@id\":\"https:\\\/\\\/noticiasmercedinas.com\\\/site\\\/2020\\\/04\\\/19\\\/medicos-bonaerenses-exigen-que-se-garanticen-todos-los-insumos-de-bioseguridad\\\/#primaryimage\"},\"image\":{\"@id\":\"https:\\\/\\\/noticiasmercedinas.com\\\/site\\\/2020\\\/04\\\/19\\\/medicos-bonaerenses-exigen-que-se-garanticen-todos-los-insumos-de-bioseguridad\\\/#primaryimage\"},\"thumbnailUrl\":\"https:\\\/\\\/noticiasmercedinas.com\\\/site\\\/wp-content\\\/uploads\\\/2020\\\/04\\\/equipo-de-salud2_0.jpg\",\"datePublished\":\"2020-04-19T13:37:11+00:00\",\"breadcrumb\":{\"@id\":\"https:\\\/\\\/noticiasmercedinas.com\\\/site\\\/2020\\\/04\\\/19\\\/medicos-bonaerenses-exigen-que-se-garanticen-todos-los-insumos-de-bioseguridad\\\/#breadcrumb\"},\"inLanguage\":\"es\",\"potentialAction\":[{\"@type\":\"ReadAction\",\"target\":[\"https:\\\/\\\/noticiasmercedinas.com\\\/site\\\/2020\\\/04\\\/19\\\/medicos-bonaerenses-exigen-que-se-garanticen-todos-los-insumos-de-bioseguridad\\\/\"]}]},{\"@type\":\"ImageObject\",\"inLanguage\":\"es\",\"@id\":\"https:\\\/\\\/noticiasmercedinas.com\\\/site\\\/2020\\\/04\\\/19\\\/medicos-bonaerenses-exigen-que-se-garanticen-todos-los-insumos-de-bioseguridad\\\/#primaryimage\",\"url\":\"https:\\\/\\\/noticiasmercedinas.com\\\/site\\\/wp-content\\\/uploads\\\/2020\\\/04\\\/equipo-de-salud2_0.jpg\",\"contentUrl\":\"https:\\\/\\\/noticiasmercedinas.com\\\/site\\\/wp-content\\\/uploads\\\/2020\\\/04\\\/equipo-de-salud2_0.jpg\",\"width\":660,\"height\":371},{\"@type\":\"BreadcrumbList\",\"@id\":\"https:\\\/\\\/noticiasmercedinas.com\\\/site\\\/2020\\\/04\\\/19\\\/medicos-bonaerenses-exigen-que-se-garanticen-todos-los-insumos-de-bioseguridad\\\/#breadcrumb\",\"itemListElement\":[{\"@type\":\"ListItem\",\"position\":1,\"name\":\"Portada\",\"item\":\"https:\\\/\\\/noticiasmercedinas.com\\\/site\\\/\"},{\"@type\":\"ListItem\",\"position\":2,\"name\":\"M\u00e9dicos bonaerenses exigen que se garanticen todos los insumos de bioseguridad\"}]},{\"@type\":\"WebSite\",\"@id\":\"https:\\\/\\\/noticiasmercedinas.com\\\/site\\\/#website\",\"url\":\"https:\\\/\\\/noticiasmercedinas.com\\\/site\\\/\",\"name\":\"NOTICIASMERCEDINAS.COM\",\"description\":\"Mercedes, Buenos Aires, Argentina\",\"publisher\":{\"@id\":\"https:\\\/\\\/noticiasmercedinas.com\\\/site\\\/#organization\"},\"potentialAction\":[{\"@type\":\"SearchAction\",\"target\":{\"@type\":\"EntryPoint\",\"urlTemplate\":\"https:\\\/\\\/noticiasmercedinas.com\\\/site\\\/?s={search_term_string}\"},\"query-input\":{\"@type\":\"PropertyValueSpecification\",\"valueRequired\":true,\"valueName\":\"search_term_string\"}}],\"inLanguage\":\"es\"},{\"@type\":\"Organization\",\"@id\":\"https:\\\/\\\/noticiasmercedinas.com\\\/site\\\/#organization\",\"name\":\"NOTICIASMERCEDINAS.COM\",\"url\":\"https:\\\/\\\/noticiasmercedinas.com\\\/site\\\/\",\"logo\":{\"@type\":\"ImageObject\",\"inLanguage\":\"es\",\"@id\":\"https:\\\/\\\/noticiasmercedinas.com\\\/site\\\/#\\\/schema\\\/logo\\\/image\\\/\",\"url\":\"https:\\\/\\\/noticiasmercedinas.com\\\/site\\\/wp-content\\\/uploads\\\/2020\\\/06\\\/LOGO-512.jpg\",\"contentUrl\":\"https:\\\/\\\/noticiasmercedinas.com\\\/site\\\/wp-content\\\/uploads\\\/2020\\\/06\\\/LOGO-512.jpg\",\"width\":512,\"height\":512,\"caption\":\"NOTICIASMERCEDINAS.COM\"},\"image\":{\"@id\":\"https:\\\/\\\/noticiasmercedinas.com\\\/site\\\/#\\\/schema\\\/logo\\\/image\\\/\"},\"sameAs\":[\"https:\\\/\\\/www.facebook.com\\\/noticiasmercedinas\\\/\",\"https:\\\/\\\/x.com\\\/notmercedinas\",\"https:\\\/\\\/www.instagram.com\\\/noticiasmercedinas\\\/\"]},{\"@type\":\"Person\",\"@id\":\"https:\\\/\\\/noticiasmercedinas.com\\\/site\\\/#\\\/schema\\\/person\\\/d481a9696a5feaec13a60e2bbd991a6a\",\"name\":\"Cristian Falabella NOTICIASMERCEDINAS.COM\",\"image\":{\"@type\":\"ImageObject\",\"inLanguage\":\"es\",\"@id\":\"https:\\\/\\\/secure.gravatar.com\\\/avatar\\\/0dbbfc45970cc46bcd0e57766228574ff3511d6eed045b182f536f0f478c1f06?s=96&d=mm&r=g\",\"url\":\"https:\\\/\\\/secure.gravatar.com\\\/avatar\\\/0dbbfc45970cc46bcd0e57766228574ff3511d6eed045b182f536f0f478c1f06?s=96&d=mm&r=g\",\"contentUrl\":\"https:\\\/\\\/secure.gravatar.com\\\/avatar\\\/0dbbfc45970cc46bcd0e57766228574ff3511d6eed045b182f536f0f478c1f06?s=96&d=mm&r=g\",\"caption\":\"Cristian Falabella NOTICIASMERCEDINAS.COM\"},\"description\":\"Periodista, editor de Noticias Mercedinas. Pas\u00f3 por varias redacciones y emprendimientos de prensa, en distintos formatos y \u00e9pocas. Se especializ\u00f3 --y sigue haci\u00e9ndolo-- en comunicaci\u00f3n en la web y en junio de 2006 fund\u00f3 este diario digital.\",\"sameAs\":[\"https:\\\/\\\/noticiasmercedinas.com\",\"https:\\\/\\\/www.facebook.com\\\/cristian.falabella\",\"https:\\\/\\\/www.instagram.com\\\/noticiasmercedinas\\\/\",\"https:\\\/\\\/x.com\\\/https:\\\/\\\/twitter.com\\\/NOTMERCEDINAS\"],\"url\":\"https:\\\/\\\/noticiasmercedinas.com\\\/site\\\/author\\\/as000384\\\/\"}]}<\/script>\n<!-- \/ Yoast SEO plugin. -->","yoast_head_json":{"title":"M\u00e9dicos bonaerenses exigen que se garanticen todos los insumos de bioseguridad","robots":{"index":"index","follow":"follow","max-snippet":"max-snippet:-1","max-image-preview":"max-image-preview:large","max-video-preview":"max-video-preview:-1"},"canonical":"https:\/\/noticiasmercedinas.com\/site\/2020\/04\/19\/medicos-bonaerenses-exigen-que-se-garanticen-todos-los-insumos-de-bioseguridad\/","og_locale":"es_ES","og_type":"article","og_title":"M\u00e9dicos bonaerenses exigen que se garanticen todos los insumos de bioseguridad","og_description":"Tras la confirmaci\u00f3n de casos positivos de coronavirus en diferentes hospitales p\u00fablicos bonaerenses, el Secretario Gremial de la Asociaci\u00f3n Sindical de Profesionales de la Salud de la Provincia de Buenos Aires (CICOP), Pablo Maciel, manifest\u00f3 que \u201clos contagios dentro del equipo de salud han generado una enorme preocupaci\u00f3n. Son 12 los casos en el Hospital [&hellip;]","og_url":"https:\/\/noticiasmercedinas.com\/site\/2020\/04\/19\/medicos-bonaerenses-exigen-que-se-garanticen-todos-los-insumos-de-bioseguridad\/","og_site_name":"NOTICIASMERCEDINAS.COM","article_publisher":"https:\/\/www.facebook.com\/noticiasmercedinas\/","article_author":"https:\/\/www.facebook.com\/cristian.falabella","article_published_time":"2020-04-19T13:37:11+00:00","og_image":[{"width":660,"height":371,"url":"https:\/\/noticiasmercedinas.com\/site\/wp-content\/uploads\/2020\/04\/equipo-de-salud2_0.jpg","type":"image\/jpeg"}],"author":"Cristian Falabella NOTICIASMERCEDINAS.COM","twitter_card":"summary_large_image","twitter_creator":"@https:\/\/twitter.com\/NOTMERCEDINAS","twitter_site":"@notmercedinas","twitter_misc":{"Escrito por":"Cristian Falabella NOTICIASMERCEDINAS.COM","Tiempo de lectura":"2 minutos"},"schema":{"@context":"https:\/\/schema.org","@graph":[{"@type":"Article","@id":"https:\/\/noticiasmercedinas.com\/site\/2020\/04\/19\/medicos-bonaerenses-exigen-que-se-garanticen-todos-los-insumos-de-bioseguridad\/#article","isPartOf":{"@id":"https:\/\/noticiasmercedinas.com\/site\/2020\/04\/19\/medicos-bonaerenses-exigen-que-se-garanticen-todos-los-insumos-de-bioseguridad\/"},"author":{"name":"Cristian Falabella NOTICIASMERCEDINAS.COM","@id":"https:\/\/noticiasmercedinas.com\/site\/#\/schema\/person\/d481a9696a5feaec13a60e2bbd991a6a"},"headline":"M\u00e9dicos bonaerenses exigen que se garanticen todos los insumos de bioseguridad","datePublished":"2020-04-19T13:37:11+00:00","mainEntityOfPage":{"@id":"https:\/\/noticiasmercedinas.com\/site\/2020\/04\/19\/medicos-bonaerenses-exigen-que-se-garanticen-todos-los-insumos-de-bioseguridad\/"},"wordCount":316,"commentCount":0,"publisher":{"@id":"https:\/\/noticiasmercedinas.com\/site\/#organization"},"image":{"@id":"https:\/\/noticiasmercedinas.com\/site\/2020\/04\/19\/medicos-bonaerenses-exigen-que-se-garanticen-todos-los-insumos-de-bioseguridad\/#primaryimage"},"thumbnailUrl":"https:\/\/noticiasmercedinas.com\/site\/wp-content\/uploads\/2020\/04\/equipo-de-salud2_0.jpg","keywords":["Cicop","hospital","medicos"],"articleSection":["Provinciales"],"inLanguage":"es","potentialAction":[{"@type":"CommentAction","name":"Comment","target":["https:\/\/noticiasmercedinas.com\/site\/2020\/04\/19\/medicos-bonaerenses-exigen-que-se-garanticen-todos-los-insumos-de-bioseguridad\/#respond"]}]},{"@type":"WebPage","@id":"https:\/\/noticiasmercedinas.com\/site\/2020\/04\/19\/medicos-bonaerenses-exigen-que-se-garanticen-todos-los-insumos-de-bioseguridad\/","url":"https:\/\/noticiasmercedinas.com\/site\/2020\/04\/19\/medicos-bonaerenses-exigen-que-se-garanticen-todos-los-insumos-de-bioseguridad\/","name":"M\u00e9dicos bonaerenses exigen que se garanticen todos los insumos de bioseguridad","isPartOf":{"@id":"https:\/\/noticiasmercedinas.com\/site\/#website"},"primaryImageOfPage":{"@id":"https:\/\/noticiasmercedinas.com\/site\/2020\/04\/19\/medicos-bonaerenses-exigen-que-se-garanticen-todos-los-insumos-de-bioseguridad\/#primaryimage"},"image":{"@id":"https:\/\/noticiasmercedinas.com\/site\/2020\/04\/19\/medicos-bonaerenses-exigen-que-se-garanticen-todos-los-insumos-de-bioseguridad\/#primaryimage"},"thumbnailUrl":"https:\/\/noticiasmercedinas.com\/site\/wp-content\/uploads\/2020\/04\/equipo-de-salud2_0.jpg","datePublished":"2020-04-19T13:37:11+00:00","breadcrumb":{"@id":"https:\/\/noticiasmercedinas.com\/site\/2020\/04\/19\/medicos-bonaerenses-exigen-que-se-garanticen-todos-los-insumos-de-bioseguridad\/#breadcrumb"},"inLanguage":"es","potentialAction":[{"@type":"ReadAction","target":["https:\/\/noticiasmercedinas.com\/site\/2020\/04\/19\/medicos-bonaerenses-exigen-que-se-garanticen-todos-los-insumos-de-bioseguridad\/"]}]},{"@type":"ImageObject","inLanguage":"es","@id":"https:\/\/noticiasmercedinas.com\/site\/2020\/04\/19\/medicos-bonaerenses-exigen-que-se-garanticen-todos-los-insumos-de-bioseguridad\/#primaryimage","url":"https:\/\/noticiasmercedinas.com\/site\/wp-content\/uploads\/2020\/04\/equipo-de-salud2_0.jpg","contentUrl":"https:\/\/noticiasmercedinas.com\/site\/wp-content\/uploads\/2020\/04\/equipo-de-salud2_0.jpg","width":660,"height":371},{"@type":"BreadcrumbList","@id":"https:\/\/noticiasmercedinas.com\/site\/2020\/04\/19\/medicos-bonaerenses-exigen-que-se-garanticen-todos-los-insumos-de-bioseguridad\/#breadcrumb","itemListElement":[{"@type":"ListItem","position":1,"name":"Portada","item":"https:\/\/noticiasmercedinas.com\/site\/"},{"@type":"ListItem","position":2,"name":"M\u00e9dicos bonaerenses exigen que se garanticen todos los insumos de bioseguridad"}]},{"@type":"WebSite","@id":"https:\/\/noticiasmercedinas.com\/site\/#website","url":"https:\/\/noticiasmercedinas.com\/site\/","name":"NOTICIASMERCEDINAS.COM","description":"Mercedes, Buenos Aires, Argentina","publisher":{"@id":"https:\/\/noticiasmercedinas.com\/site\/#organization"},"potentialAction":[{"@type":"SearchAction","target":{"@type":"EntryPoint","urlTemplate":"https:\/\/noticiasmercedinas.com\/site\/?s={search_term_string}"},"query-input":{"@type":"PropertyValueSpecification","valueRequired":true,"valueName":"search_term_string"}}],"inLanguage":"es"},{"@type":"Organization","@id":"https:\/\/noticiasmercedinas.com\/site\/#organization","name":"NOTICIASMERCEDINAS.COM","url":"https:\/\/noticiasmercedinas.com\/site\/","logo":{"@type":"ImageObject","inLanguage":"es","@id":"https:\/\/noticiasmercedinas.com\/site\/#\/schema\/logo\/image\/","url":"https:\/\/noticiasmercedinas.com\/site\/wp-content\/uploads\/2020\/06\/LOGO-512.jpg","contentUrl":"https:\/\/noticiasmercedinas.com\/site\/wp-content\/uploads\/2020\/06\/LOGO-512.jpg","width":512,"height":512,"caption":"NOTICIASMERCEDINAS.COM"},"image":{"@id":"https:\/\/noticiasmercedinas.com\/site\/#\/schema\/logo\/image\/"},"sameAs":["https:\/\/www.facebook.com\/noticiasmercedinas\/","https:\/\/x.com\/notmercedinas","https:\/\/www.instagram.com\/noticiasmercedinas\/"]},{"@type":"Person","@id":"https:\/\/noticiasmercedinas.com\/site\/#\/schema\/person\/d481a9696a5feaec13a60e2bbd991a6a","name":"Cristian Falabella NOTICIASMERCEDINAS.COM","image":{"@type":"ImageObject","inLanguage":"es","@id":"https:\/\/secure.gravatar.com\/avatar\/0dbbfc45970cc46bcd0e57766228574ff3511d6eed045b182f536f0f478c1f06?s=96&d=mm&r=g","url":"https:\/\/secure.gravatar.com\/avatar\/0dbbfc45970cc46bcd0e57766228574ff3511d6eed045b182f536f0f478c1f06?s=96&d=mm&r=g","contentUrl":"https:\/\/secure.gravatar.com\/avatar\/0dbbfc45970cc46bcd0e57766228574ff3511d6eed045b182f536f0f478c1f06?s=96&d=mm&r=g","caption":"Cristian Falabella NOTICIASMERCEDINAS.COM"},"description":"Periodista, editor de Noticias Mercedinas. Pas\u00f3 por varias redacciones y emprendimientos de prensa, en distintos formatos y \u00e9pocas. Se especializ\u00f3 --y sigue haci\u00e9ndolo-- en comunicaci\u00f3n en la web y en junio de 2006 fund\u00f3 este diario digital.","sameAs":["https:\/\/noticiasmercedinas.com","https:\/\/www.facebook.com\/cristian.falabella","https:\/\/www.instagram.com\/noticiasmercedinas\/","https:\/\/x.com\/https:\/\/twitter.com\/NOTMERCEDINAS"],"url":"https:\/\/noticiasmercedinas.com\/site\/author\/as000384\/"}]}},"amp_enabled":true,"_links":{"self":[{"href":"https:\/\/noticiasmercedinas.com\/site\/wp-json\/wp\/v2\/posts\/43705","targetHints":{"allow":["GET"]}}],"collection":[{"href":"https:\/\/noticiasmercedinas.com\/site\/wp-json\/wp\/v2\/posts"}],"about":[{"href":"https:\/\/noticiasmercedinas.com\/site\/wp-json\/wp\/v2\/types\/post"}],"author":[{"embeddable":true,"href":"https:\/\/noticiasmercedinas.com\/site\/wp-json\/wp\/v2\/users\/2"}],"replies":[{"embeddable":true,"href":"https:\/\/noticiasmercedinas.com\/site\/wp-json\/wp\/v2\/comments?post=43705"}],"version-history":[{"count":0,"href":"https:\/\/noticiasmercedinas.com\/site\/wp-json\/wp\/v2\/posts\/43705\/revisions"}],"wp:featuredmedia":[{"embeddable":true,"href":"https:\/\/noticiasmercedinas.com\/site\/wp-json\/wp\/v2\/media\/43704"}],"wp:attachment":[{"href":"https:\/\/noticiasmercedinas.com\/site\/wp-json\/wp\/v2\/media?parent=43705"}],"wp:term":[{"taxonomy":"category","embeddable":true,"href":"https:\/\/noticiasmercedinas.com\/site\/wp-json\/wp\/v2\/categories?post=43705"},{"taxonomy":"post_tag","embeddable":true,"href":"https:\/\/noticiasmercedinas.com\/site\/wp-json\/wp\/v2\/tags?post=43705"}],"curies":[{"name":"wp","href":"https:\/\/api.w.org\/{rel}","templated":true}]}}