{"id":43793,"date":"2020-04-20T19:22:50","date_gmt":"2020-04-20T22:22:50","guid":{"rendered":"https:\/\/noticiasmercedinas.com\/site\/?p=43793"},"modified":"2020-04-20T19:22:50","modified_gmt":"2020-04-20T22:22:50","slug":"hospital-dubarry-diagnosticara-covid-19-en-tiempo-real-pcr","status":"publish","type":"post","link":"https:\/\/noticiasmercedinas.com\/site\/2020\/04\/20\/hospital-dubarry-diagnosticara-covid-19-en-tiempo-real-pcr\/","title":{"rendered":"Hospital Dubarry diagnosticar\u00e1 Covid 19 en \u201ctiempo real PCR\u201d"},"content":{"rendered":"<p><a href=\"https:\/\/noticiasmercedinas.com\/site\/wp-content\/uploads\/2020\/04\/laboratorio.jpeg\"><img loading=\"lazy\" decoding=\"async\" class=\"alignnone size-full wp-image-43794\" src=\"https:\/\/noticiasmercedinas.com\/site\/wp-content\/uploads\/2020\/04\/laboratorio.jpeg\" alt=\"\" width=\"640\" height=\"452\" srcset=\"https:\/\/noticiasmercedinas.com\/site\/wp-content\/uploads\/2020\/04\/laboratorio.jpeg 640w, https:\/\/noticiasmercedinas.com\/site\/wp-content\/uploads\/2020\/04\/laboratorio-300x212.jpeg 300w\" sizes=\"auto, (max-width: 640px) 100vw, 640px\" \/><\/a><\/p>\n<p>El Hospital \u201cBlas Dubarry\u201d pondr\u00e1 en funcionamiento el lunes 27 un laboratorio de virolog\u00eda molecular que permitir\u00e1 diagnosticar Covid 19 en \u201ctiempo real PCR\u201d, tal como actualmente lo hace el Instituto Malbr\u00e1n.<\/p>\n<p>La apertura del laboratorio, que se incorporar\u00e1 a la red de diagn\u00f3stico provincial, es posible por un convenio Municipio \u2013 Hospital y el aporte de fondos p\u00fablicos y privados. La cooperadora recibi\u00f3 muchas donaciones para la compra de equipos e insumos necesarios.<\/p>\n<p>Los referentes cient\u00edficos del proyecto son Romina Mitarotonda y Sebasti\u00e1n Zunino, vecinos de Mercedes y docentes-investigadores del Departamento de Ciencias B\u00e1sicas de la Universidad Nacional de Luj\u00e1n (UNLu).<\/p>\n<p>Se trata de un laboratorio de alta tecnolog\u00eda sin antecedentes en la regi\u00f3n. M\u00e1s all\u00e1 de la pandemia permitir\u00e1 que Mercedes crezca como centro hospitalario y facilitar\u00e1 la eventual radicaci\u00f3n de empresas biotecnol\u00f3gicas.<\/p>\n","protected":false},"excerpt":{"rendered":"<p>El Hospital \u201cBlas Dubarry\u201d pondr\u00e1 en funcionamiento el lunes 27 un laboratorio de virolog\u00eda molecular que permitir\u00e1 diagnosticar Covid 19 en \u201ctiempo real PCR\u201d, tal como actualmente lo hace el Instituto Malbr\u00e1n. La apertura del laboratorio, que se incorporar\u00e1 a la red de diagn\u00f3stico provincial, es posible por un convenio Municipio \u2013 Hospital y el [&hellip;]<\/p>\n","protected":false},"author":16,"featured_media":43794,"comment_status":"open","ping_status":"open","sticky":false,"template":"","format":"standard","meta":{"footnotes":""},"categories":[10],"tags":[8392,8802,3922,4572],"class_list":["post-43793","post","type-post","status-publish","format-standard","has-post-thumbnail","hentry","category-especiales","tag-coronavirus","tag-covid-19","tag-hospital-blas-dubarry","tag-laboratorio"],"yoast_head":"<!-- This site is optimized with the Yoast SEO plugin v27.5 - https:\/\/yoast.com\/product\/yoast-seo-wordpress\/ -->\n<title>Hospital Dubarry diagnosticar\u00e1 Covid 19 en \u201ctiempo real PCR\u201d<\/title>\n<meta name=\"robots\" content=\"index, follow, max-snippet:-1, max-image-preview:large, max-video-preview:-1\" \/>\n<link rel=\"canonical\" href=\"https:\/\/noticiasmercedinas.com\/site\/2020\/04\/20\/hospital-dubarry-diagnosticara-covid-19-en-tiempo-real-pcr\/\" \/>\n<meta property=\"og:locale\" content=\"es_ES\" \/>\n<meta property=\"og:type\" content=\"article\" \/>\n<meta property=\"og:title\" content=\"Hospital Dubarry diagnosticar\u00e1 Covid 19 en \u201ctiempo real PCR\u201d\" \/>\n<meta property=\"og:description\" content=\"El Hospital \u201cBlas Dubarry\u201d pondr\u00e1 en funcionamiento el lunes 27 un laboratorio de virolog\u00eda molecular que permitir\u00e1 diagnosticar Covid 19 en \u201ctiempo real PCR\u201d, tal como actualmente lo hace el Instituto Malbr\u00e1n. La apertura del laboratorio, que se incorporar\u00e1 a la red de diagn\u00f3stico provincial, es posible por un convenio Municipio \u2013 Hospital y el [&hellip;]\" \/>\n<meta property=\"og:url\" content=\"https:\/\/noticiasmercedinas.com\/site\/2020\/04\/20\/hospital-dubarry-diagnosticara-covid-19-en-tiempo-real-pcr\/\" \/>\n<meta property=\"og:site_name\" content=\"NOTICIASMERCEDINAS.COM\" \/>\n<meta property=\"article:publisher\" content=\"https:\/\/www.facebook.com\/noticiasmercedinas\/\" \/>\n<meta property=\"article:published_time\" content=\"2020-04-20T22:22:50+00:00\" \/>\n<meta property=\"og:image\" content=\"https:\/\/noticiasmercedinas.com\/site\/wp-content\/uploads\/2020\/04\/laboratorio.jpeg\" \/>\n\t<meta property=\"og:image:width\" content=\"640\" \/>\n\t<meta property=\"og:image:height\" content=\"452\" \/>\n\t<meta property=\"og:image:type\" content=\"image\/jpeg\" \/>\n<meta name=\"author\" content=\"NOTICIASMERCEDINAS.COM\" \/>\n<meta name=\"twitter:card\" content=\"summary_large_image\" \/>\n<meta name=\"twitter:creator\" content=\"@notmercedinas\" \/>\n<meta name=\"twitter:site\" content=\"@notmercedinas\" \/>\n<meta name=\"twitter:label1\" content=\"Escrito por\" \/>\n\t<meta name=\"twitter:data1\" content=\"NOTICIASMERCEDINAS.COM\" \/>\n\t<meta name=\"twitter:label2\" content=\"Tiempo de lectura\" \/>\n\t<meta name=\"twitter:data2\" content=\"1 minuto\" \/>\n<script type=\"application\/ld+json\" class=\"yoast-schema-graph\">{\"@context\":\"https:\\\/\\\/schema.org\",\"@graph\":[{\"@type\":\"Article\",\"@id\":\"https:\\\/\\\/noticiasmercedinas.com\\\/site\\\/2020\\\/04\\\/20\\\/hospital-dubarry-diagnosticara-covid-19-en-tiempo-real-pcr\\\/#article\",\"isPartOf\":{\"@id\":\"https:\\\/\\\/noticiasmercedinas.com\\\/site\\\/2020\\\/04\\\/20\\\/hospital-dubarry-diagnosticara-covid-19-en-tiempo-real-pcr\\\/\"},\"author\":{\"name\":\"NOTICIASMERCEDINAS.COM\",\"@id\":\"https:\\\/\\\/noticiasmercedinas.com\\\/site\\\/#\\\/schema\\\/person\\\/84b59c099c28ff2e8b77d4ceec5d8063\"},\"headline\":\"Hospital Dubarry diagnosticar\u00e1 Covid 19 en \u201ctiempo real PCR\u201d\",\"datePublished\":\"2020-04-20T22:22:50+00:00\",\"mainEntityOfPage\":{\"@id\":\"https:\\\/\\\/noticiasmercedinas.com\\\/site\\\/2020\\\/04\\\/20\\\/hospital-dubarry-diagnosticara-covid-19-en-tiempo-real-pcr\\\/\"},\"wordCount\":153,\"commentCount\":0,\"publisher\":{\"@id\":\"https:\\\/\\\/noticiasmercedinas.com\\\/site\\\/#organization\"},\"image\":{\"@id\":\"https:\\\/\\\/noticiasmercedinas.com\\\/site\\\/2020\\\/04\\\/20\\\/hospital-dubarry-diagnosticara-covid-19-en-tiempo-real-pcr\\\/#primaryimage\"},\"thumbnailUrl\":\"https:\\\/\\\/noticiasmercedinas.com\\\/site\\\/wp-content\\\/uploads\\\/2020\\\/04\\\/laboratorio.jpeg\",\"keywords\":[\"coronavirus\",\"covid 19\",\"Hospital Blas Dubarry\",\"laboratorio\"],\"articleSection\":[\"Covid-19\"],\"inLanguage\":\"es\",\"potentialAction\":[{\"@type\":\"CommentAction\",\"name\":\"Comment\",\"target\":[\"https:\\\/\\\/noticiasmercedinas.com\\\/site\\\/2020\\\/04\\\/20\\\/hospital-dubarry-diagnosticara-covid-19-en-tiempo-real-pcr\\\/#respond\"]}]},{\"@type\":\"WebPage\",\"@id\":\"https:\\\/\\\/noticiasmercedinas.com\\\/site\\\/2020\\\/04\\\/20\\\/hospital-dubarry-diagnosticara-covid-19-en-tiempo-real-pcr\\\/\",\"url\":\"https:\\\/\\\/noticiasmercedinas.com\\\/site\\\/2020\\\/04\\\/20\\\/hospital-dubarry-diagnosticara-covid-19-en-tiempo-real-pcr\\\/\",\"name\":\"Hospital Dubarry diagnosticar\u00e1 Covid 19 en \u201ctiempo real PCR\u201d\",\"isPartOf\":{\"@id\":\"https:\\\/\\\/noticiasmercedinas.com\\\/site\\\/#website\"},\"primaryImageOfPage\":{\"@id\":\"https:\\\/\\\/noticiasmercedinas.com\\\/site\\\/2020\\\/04\\\/20\\\/hospital-dubarry-diagnosticara-covid-19-en-tiempo-real-pcr\\\/#primaryimage\"},\"image\":{\"@id\":\"https:\\\/\\\/noticiasmercedinas.com\\\/site\\\/2020\\\/04\\\/20\\\/hospital-dubarry-diagnosticara-covid-19-en-tiempo-real-pcr\\\/#primaryimage\"},\"thumbnailUrl\":\"https:\\\/\\\/noticiasmercedinas.com\\\/site\\\/wp-content\\\/uploads\\\/2020\\\/04\\\/laboratorio.jpeg\",\"datePublished\":\"2020-04-20T22:22:50+00:00\",\"breadcrumb\":{\"@id\":\"https:\\\/\\\/noticiasmercedinas.com\\\/site\\\/2020\\\/04\\\/20\\\/hospital-dubarry-diagnosticara-covid-19-en-tiempo-real-pcr\\\/#breadcrumb\"},\"inLanguage\":\"es\",\"potentialAction\":[{\"@type\":\"ReadAction\",\"target\":[\"https:\\\/\\\/noticiasmercedinas.com\\\/site\\\/2020\\\/04\\\/20\\\/hospital-dubarry-diagnosticara-covid-19-en-tiempo-real-pcr\\\/\"]}]},{\"@type\":\"ImageObject\",\"inLanguage\":\"es\",\"@id\":\"https:\\\/\\\/noticiasmercedinas.com\\\/site\\\/2020\\\/04\\\/20\\\/hospital-dubarry-diagnosticara-covid-19-en-tiempo-real-pcr\\\/#primaryimage\",\"url\":\"https:\\\/\\\/noticiasmercedinas.com\\\/site\\\/wp-content\\\/uploads\\\/2020\\\/04\\\/laboratorio.jpeg\",\"contentUrl\":\"https:\\\/\\\/noticiasmercedinas.com\\\/site\\\/wp-content\\\/uploads\\\/2020\\\/04\\\/laboratorio.jpeg\",\"width\":640,\"height\":452},{\"@type\":\"BreadcrumbList\",\"@id\":\"https:\\\/\\\/noticiasmercedinas.com\\\/site\\\/2020\\\/04\\\/20\\\/hospital-dubarry-diagnosticara-covid-19-en-tiempo-real-pcr\\\/#breadcrumb\",\"itemListElement\":[{\"@type\":\"ListItem\",\"position\":1,\"name\":\"Portada\",\"item\":\"https:\\\/\\\/noticiasmercedinas.com\\\/site\\\/\"},{\"@type\":\"ListItem\",\"position\":2,\"name\":\"Hospital Dubarry diagnosticar\u00e1 Covid 19 en \u201ctiempo real PCR\u201d\"}]},{\"@type\":\"WebSite\",\"@id\":\"https:\\\/\\\/noticiasmercedinas.com\\\/site\\\/#website\",\"url\":\"https:\\\/\\\/noticiasmercedinas.com\\\/site\\\/\",\"name\":\"NOTICIASMERCEDINAS.COM\",\"description\":\"Mercedes, Buenos Aires, Argentina\",\"publisher\":{\"@id\":\"https:\\\/\\\/noticiasmercedinas.com\\\/site\\\/#organization\"},\"potentialAction\":[{\"@type\":\"SearchAction\",\"target\":{\"@type\":\"EntryPoint\",\"urlTemplate\":\"https:\\\/\\\/noticiasmercedinas.com\\\/site\\\/?s={search_term_string}\"},\"query-input\":{\"@type\":\"PropertyValueSpecification\",\"valueRequired\":true,\"valueName\":\"search_term_string\"}}],\"inLanguage\":\"es\"},{\"@type\":\"Organization\",\"@id\":\"https:\\\/\\\/noticiasmercedinas.com\\\/site\\\/#organization\",\"name\":\"NOTICIASMERCEDINAS.COM\",\"url\":\"https:\\\/\\\/noticiasmercedinas.com\\\/site\\\/\",\"logo\":{\"@type\":\"ImageObject\",\"inLanguage\":\"es\",\"@id\":\"https:\\\/\\\/noticiasmercedinas.com\\\/site\\\/#\\\/schema\\\/logo\\\/image\\\/\",\"url\":\"https:\\\/\\\/noticiasmercedinas.com\\\/site\\\/wp-content\\\/uploads\\\/2020\\\/06\\\/LOGO-512.jpg\",\"contentUrl\":\"https:\\\/\\\/noticiasmercedinas.com\\\/site\\\/wp-content\\\/uploads\\\/2020\\\/06\\\/LOGO-512.jpg\",\"width\":512,\"height\":512,\"caption\":\"NOTICIASMERCEDINAS.COM\"},\"image\":{\"@id\":\"https:\\\/\\\/noticiasmercedinas.com\\\/site\\\/#\\\/schema\\\/logo\\\/image\\\/\"},\"sameAs\":[\"https:\\\/\\\/www.facebook.com\\\/noticiasmercedinas\\\/\",\"https:\\\/\\\/x.com\\\/notmercedinas\",\"https:\\\/\\\/www.instagram.com\\\/noticiasmercedinas\\\/\"]},{\"@type\":\"Person\",\"@id\":\"https:\\\/\\\/noticiasmercedinas.com\\\/site\\\/#\\\/schema\\\/person\\\/84b59c099c28ff2e8b77d4ceec5d8063\",\"name\":\"NOTICIASMERCEDINAS.COM\",\"image\":{\"@type\":\"ImageObject\",\"inLanguage\":\"es\",\"@id\":\"https:\\\/\\\/secure.gravatar.com\\\/avatar\\\/4dfbf16b4d17945bfb6341b2d19043457132fcf478a5ee04f42e959fd8f5df0a?s=96&d=mm&r=g\",\"url\":\"https:\\\/\\\/secure.gravatar.com\\\/avatar\\\/4dfbf16b4d17945bfb6341b2d19043457132fcf478a5ee04f42e959fd8f5df0a?s=96&d=mm&r=g\",\"contentUrl\":\"https:\\\/\\\/secure.gravatar.com\\\/avatar\\\/4dfbf16b4d17945bfb6341b2d19043457132fcf478a5ee04f42e959fd8f5df0a?s=96&d=mm&r=g\",\"caption\":\"NOTICIASMERCEDINAS.COM\"},\"url\":\"https:\\\/\\\/noticiasmercedinas.com\\\/site\\\/author\\\/anonimo\\\/\"}]}<\/script>\n<!-- \/ Yoast SEO plugin. -->","yoast_head_json":{"title":"Hospital Dubarry diagnosticar\u00e1 Covid 19 en \u201ctiempo real PCR\u201d","robots":{"index":"index","follow":"follow","max-snippet":"max-snippet:-1","max-image-preview":"max-image-preview:large","max-video-preview":"max-video-preview:-1"},"canonical":"https:\/\/noticiasmercedinas.com\/site\/2020\/04\/20\/hospital-dubarry-diagnosticara-covid-19-en-tiempo-real-pcr\/","og_locale":"es_ES","og_type":"article","og_title":"Hospital Dubarry diagnosticar\u00e1 Covid 19 en \u201ctiempo real PCR\u201d","og_description":"El Hospital \u201cBlas Dubarry\u201d pondr\u00e1 en funcionamiento el lunes 27 un laboratorio de virolog\u00eda molecular que permitir\u00e1 diagnosticar Covid 19 en \u201ctiempo real PCR\u201d, tal como actualmente lo hace el Instituto Malbr\u00e1n. La apertura del laboratorio, que se incorporar\u00e1 a la red de diagn\u00f3stico provincial, es posible por un convenio Municipio \u2013 Hospital y el [&hellip;]","og_url":"https:\/\/noticiasmercedinas.com\/site\/2020\/04\/20\/hospital-dubarry-diagnosticara-covid-19-en-tiempo-real-pcr\/","og_site_name":"NOTICIASMERCEDINAS.COM","article_publisher":"https:\/\/www.facebook.com\/noticiasmercedinas\/","article_published_time":"2020-04-20T22:22:50+00:00","og_image":[{"width":640,"height":452,"url":"https:\/\/noticiasmercedinas.com\/site\/wp-content\/uploads\/2020\/04\/laboratorio.jpeg","type":"image\/jpeg"}],"author":"NOTICIASMERCEDINAS.COM","twitter_card":"summary_large_image","twitter_creator":"@notmercedinas","twitter_site":"@notmercedinas","twitter_misc":{"Escrito por":"NOTICIASMERCEDINAS.COM","Tiempo de lectura":"1 minuto"},"schema":{"@context":"https:\/\/schema.org","@graph":[{"@type":"Article","@id":"https:\/\/noticiasmercedinas.com\/site\/2020\/04\/20\/hospital-dubarry-diagnosticara-covid-19-en-tiempo-real-pcr\/#article","isPartOf":{"@id":"https:\/\/noticiasmercedinas.com\/site\/2020\/04\/20\/hospital-dubarry-diagnosticara-covid-19-en-tiempo-real-pcr\/"},"author":{"name":"NOTICIASMERCEDINAS.COM","@id":"https:\/\/noticiasmercedinas.com\/site\/#\/schema\/person\/84b59c099c28ff2e8b77d4ceec5d8063"},"headline":"Hospital Dubarry diagnosticar\u00e1 Covid 19 en \u201ctiempo real PCR\u201d","datePublished":"2020-04-20T22:22:50+00:00","mainEntityOfPage":{"@id":"https:\/\/noticiasmercedinas.com\/site\/2020\/04\/20\/hospital-dubarry-diagnosticara-covid-19-en-tiempo-real-pcr\/"},"wordCount":153,"commentCount":0,"publisher":{"@id":"https:\/\/noticiasmercedinas.com\/site\/#organization"},"image":{"@id":"https:\/\/noticiasmercedinas.com\/site\/2020\/04\/20\/hospital-dubarry-diagnosticara-covid-19-en-tiempo-real-pcr\/#primaryimage"},"thumbnailUrl":"https:\/\/noticiasmercedinas.com\/site\/wp-content\/uploads\/2020\/04\/laboratorio.jpeg","keywords":["coronavirus","covid 19","Hospital Blas Dubarry","laboratorio"],"articleSection":["Covid-19"],"inLanguage":"es","potentialAction":[{"@type":"CommentAction","name":"Comment","target":["https:\/\/noticiasmercedinas.com\/site\/2020\/04\/20\/hospital-dubarry-diagnosticara-covid-19-en-tiempo-real-pcr\/#respond"]}]},{"@type":"WebPage","@id":"https:\/\/noticiasmercedinas.com\/site\/2020\/04\/20\/hospital-dubarry-diagnosticara-covid-19-en-tiempo-real-pcr\/","url":"https:\/\/noticiasmercedinas.com\/site\/2020\/04\/20\/hospital-dubarry-diagnosticara-covid-19-en-tiempo-real-pcr\/","name":"Hospital Dubarry diagnosticar\u00e1 Covid 19 en \u201ctiempo real PCR\u201d","isPartOf":{"@id":"https:\/\/noticiasmercedinas.com\/site\/#website"},"primaryImageOfPage":{"@id":"https:\/\/noticiasmercedinas.com\/site\/2020\/04\/20\/hospital-dubarry-diagnosticara-covid-19-en-tiempo-real-pcr\/#primaryimage"},"image":{"@id":"https:\/\/noticiasmercedinas.com\/site\/2020\/04\/20\/hospital-dubarry-diagnosticara-covid-19-en-tiempo-real-pcr\/#primaryimage"},"thumbnailUrl":"https:\/\/noticiasmercedinas.com\/site\/wp-content\/uploads\/2020\/04\/laboratorio.jpeg","datePublished":"2020-04-20T22:22:50+00:00","breadcrumb":{"@id":"https:\/\/noticiasmercedinas.com\/site\/2020\/04\/20\/hospital-dubarry-diagnosticara-covid-19-en-tiempo-real-pcr\/#breadcrumb"},"inLanguage":"es","potentialAction":[{"@type":"ReadAction","target":["https:\/\/noticiasmercedinas.com\/site\/2020\/04\/20\/hospital-dubarry-diagnosticara-covid-19-en-tiempo-real-pcr\/"]}]},{"@type":"ImageObject","inLanguage":"es","@id":"https:\/\/noticiasmercedinas.com\/site\/2020\/04\/20\/hospital-dubarry-diagnosticara-covid-19-en-tiempo-real-pcr\/#primaryimage","url":"https:\/\/noticiasmercedinas.com\/site\/wp-content\/uploads\/2020\/04\/laboratorio.jpeg","contentUrl":"https:\/\/noticiasmercedinas.com\/site\/wp-content\/uploads\/2020\/04\/laboratorio.jpeg","width":640,"height":452},{"@type":"BreadcrumbList","@id":"https:\/\/noticiasmercedinas.com\/site\/2020\/04\/20\/hospital-dubarry-diagnosticara-covid-19-en-tiempo-real-pcr\/#breadcrumb","itemListElement":[{"@type":"ListItem","position":1,"name":"Portada","item":"https:\/\/noticiasmercedinas.com\/site\/"},{"@type":"ListItem","position":2,"name":"Hospital Dubarry diagnosticar\u00e1 Covid 19 en \u201ctiempo real PCR\u201d"}]},{"@type":"WebSite","@id":"https:\/\/noticiasmercedinas.com\/site\/#website","url":"https:\/\/noticiasmercedinas.com\/site\/","name":"NOTICIASMERCEDINAS.COM","description":"Mercedes, Buenos Aires, Argentina","publisher":{"@id":"https:\/\/noticiasmercedinas.com\/site\/#organization"},"potentialAction":[{"@type":"SearchAction","target":{"@type":"EntryPoint","urlTemplate":"https:\/\/noticiasmercedinas.com\/site\/?s={search_term_string}"},"query-input":{"@type":"PropertyValueSpecification","valueRequired":true,"valueName":"search_term_string"}}],"inLanguage":"es"},{"@type":"Organization","@id":"https:\/\/noticiasmercedinas.com\/site\/#organization","name":"NOTICIASMERCEDINAS.COM","url":"https:\/\/noticiasmercedinas.com\/site\/","logo":{"@type":"ImageObject","inLanguage":"es","@id":"https:\/\/noticiasmercedinas.com\/site\/#\/schema\/logo\/image\/","url":"https:\/\/noticiasmercedinas.com\/site\/wp-content\/uploads\/2020\/06\/LOGO-512.jpg","contentUrl":"https:\/\/noticiasmercedinas.com\/site\/wp-content\/uploads\/2020\/06\/LOGO-512.jpg","width":512,"height":512,"caption":"NOTICIASMERCEDINAS.COM"},"image":{"@id":"https:\/\/noticiasmercedinas.com\/site\/#\/schema\/logo\/image\/"},"sameAs":["https:\/\/www.facebook.com\/noticiasmercedinas\/","https:\/\/x.com\/notmercedinas","https:\/\/www.instagram.com\/noticiasmercedinas\/"]},{"@type":"Person","@id":"https:\/\/noticiasmercedinas.com\/site\/#\/schema\/person\/84b59c099c28ff2e8b77d4ceec5d8063","name":"NOTICIASMERCEDINAS.COM","image":{"@type":"ImageObject","inLanguage":"es","@id":"https:\/\/secure.gravatar.com\/avatar\/4dfbf16b4d17945bfb6341b2d19043457132fcf478a5ee04f42e959fd8f5df0a?s=96&d=mm&r=g","url":"https:\/\/secure.gravatar.com\/avatar\/4dfbf16b4d17945bfb6341b2d19043457132fcf478a5ee04f42e959fd8f5df0a?s=96&d=mm&r=g","contentUrl":"https:\/\/secure.gravatar.com\/avatar\/4dfbf16b4d17945bfb6341b2d19043457132fcf478a5ee04f42e959fd8f5df0a?s=96&d=mm&r=g","caption":"NOTICIASMERCEDINAS.COM"},"url":"https:\/\/noticiasmercedinas.com\/site\/author\/anonimo\/"}]}},"amp_enabled":true,"_links":{"self":[{"href":"https:\/\/noticiasmercedinas.com\/site\/wp-json\/wp\/v2\/posts\/43793","targetHints":{"allow":["GET"]}}],"collection":[{"href":"https:\/\/noticiasmercedinas.com\/site\/wp-json\/wp\/v2\/posts"}],"about":[{"href":"https:\/\/noticiasmercedinas.com\/site\/wp-json\/wp\/v2\/types\/post"}],"author":[{"embeddable":true,"href":"https:\/\/noticiasmercedinas.com\/site\/wp-json\/wp\/v2\/users\/16"}],"replies":[{"embeddable":true,"href":"https:\/\/noticiasmercedinas.com\/site\/wp-json\/wp\/v2\/comments?post=43793"}],"version-history":[{"count":1,"href":"https:\/\/noticiasmercedinas.com\/site\/wp-json\/wp\/v2\/posts\/43793\/revisions"}],"predecessor-version":[{"id":43795,"href":"https:\/\/noticiasmercedinas.com\/site\/wp-json\/wp\/v2\/posts\/43793\/revisions\/43795"}],"wp:featuredmedia":[{"embeddable":true,"href":"https:\/\/noticiasmercedinas.com\/site\/wp-json\/wp\/v2\/media\/43794"}],"wp:attachment":[{"href":"https:\/\/noticiasmercedinas.com\/site\/wp-json\/wp\/v2\/media?parent=43793"}],"wp:term":[{"taxonomy":"category","embeddable":true,"href":"https:\/\/noticiasmercedinas.com\/site\/wp-json\/wp\/v2\/categories?post=43793"},{"taxonomy":"post_tag","embeddable":true,"href":"https:\/\/noticiasmercedinas.com\/site\/wp-json\/wp\/v2\/tags?post=43793"}],"curies":[{"name":"wp","href":"https:\/\/api.w.org\/{rel}","templated":true}]}}