{"id":44151,"date":"2020-04-26T14:42:42","date_gmt":"2020-04-26T17:42:42","guid":{"rendered":"https:\/\/noticiasmercedinas.com\/site\/?p=44151"},"modified":"2020-04-27T00:09:03","modified_gmt":"2020-04-27T03:09:03","slug":"incendio-en-desarrollo-social-dudas-respecto-de-la-posible-intencionalidad","status":"publish","type":"post","link":"https:\/\/noticiasmercedinas.com\/site\/2020\/04\/26\/incendio-en-desarrollo-social-dudas-respecto-de-la-posible-intencionalidad\/","title":{"rendered":"Incendio en Desarrollo Social: dudas respecto de la posible intencionalidad"},"content":{"rendered":"<p><a href=\"https:\/\/noticiasmercedinas.com\/site\/wp-content\/uploads\/2020\/04\/desarrollo_social_incendio.jpg\"><img loading=\"lazy\" decoding=\"async\" class=\"alignnone size-full wp-image-44152\" src=\"https:\/\/noticiasmercedinas.com\/site\/wp-content\/uploads\/2020\/04\/desarrollo_social_incendio.jpg\" alt=\"\" width=\"1032\" height=\"477\" srcset=\"https:\/\/noticiasmercedinas.com\/site\/wp-content\/uploads\/2020\/04\/desarrollo_social_incendio.jpg 1032w, https:\/\/noticiasmercedinas.com\/site\/wp-content\/uploads\/2020\/04\/desarrollo_social_incendio-300x139.jpg 300w, https:\/\/noticiasmercedinas.com\/site\/wp-content\/uploads\/2020\/04\/desarrollo_social_incendio-1024x473.jpg 1024w, https:\/\/noticiasmercedinas.com\/site\/wp-content\/uploads\/2020\/04\/desarrollo_social_incendio-768x355.jpg 768w, https:\/\/noticiasmercedinas.com\/site\/wp-content\/uploads\/2020\/04\/desarrollo_social_incendio-640x296.jpg 640w, https:\/\/noticiasmercedinas.com\/site\/wp-content\/uploads\/2020\/04\/desarrollo_social_incendio-681x315.jpg 681w\" sizes=\"auto, (max-width: 1032px) 100vw, 1032px\" \/><\/a><\/p>\n<p>La oficina de la secretaria de Desarrollo Social, Jorgelina Silva, se incendi\u00f3 esta madrugada: hay dudas respecto de la posible intencionalidad del hecho porque poco antes desconocidos ya hab\u00edan ingresado subrepticiamente a esa dependencia municipal, ubicada en el ex Instituto Unzu\u00e9.<\/p>\n<p>Aunque hasta el momento no se pudo determinar el origen de las llamas, un episodio previo despierta las sospechas de los funcionarios. Silva explic\u00f3 a NOTICIASMERCEDINAS.COM que \u201cel viernes hab\u00edan sacado un vidrio de la ventana de mi oficina y encontramos cosas revueltas\u201d.<\/p>\n<p>Ante la falta del vidrio, provisoriamente se cubri\u00f3 el hueco con un mueble, que termin\u00f3 consumido por el fuego esta madrugada, as\u00ed como documentaci\u00f3n de la Secretar\u00eda, computadoras, una impresora, un aire acondicionado y otros elementos.<\/p>\n<p>Los Bomberos Voluntarios fueron alertados por personal de la seguridad del predio ubicado en calle 26 y 47 cerca de las 5.30 horas: debi\u00f3 intervenir una dotaci\u00f3n. En la ma\u00f1ana de hoy, efectivos de Polic\u00eda Cient\u00edfica realizaron pericias en el lugar.<\/p>\n","protected":false},"excerpt":{"rendered":"<p>La oficina de la secretaria de Desarrollo Social, Jorgelina Silva, se incendi\u00f3 esta madrugada: hay dudas respecto de la posible intencionalidad del hecho porque poco antes desconocidos ya hab\u00edan ingresado subrepticiamente a esa dependencia municipal, ubicada en el ex Instituto Unzu\u00e9. Aunque hasta el momento no se pudo determinar el origen de las llamas, un [&hellip;]<\/p>\n","protected":false},"author":16,"featured_media":44152,"comment_status":"open","ping_status":"open","sticky":false,"template":"","format":"standard","meta":{"footnotes":""},"categories":[7],"tags":[2841,8940,1746,709],"class_list":["post-44151","post","type-post","status-publish","format-standard","has-post-thumbnail","hentry","category-policiales","tag-bomberos-voluntarios","tag-desarrollo-soocial","tag-incendio","tag-jorgelina-silva"],"yoast_head":"<!-- This site is optimized with the Yoast SEO plugin v27.4 - https:\/\/yoast.com\/product\/yoast-seo-wordpress\/ -->\n<title>Incendio en Desarrollo Social: dudas respecto de la posible intencionalidad<\/title>\n<meta name=\"robots\" content=\"index, follow, max-snippet:-1, max-image-preview:large, max-video-preview:-1\" \/>\n<link rel=\"canonical\" href=\"https:\/\/noticiasmercedinas.com\/site\/2020\/04\/26\/incendio-en-desarrollo-social-dudas-respecto-de-la-posible-intencionalidad\/\" \/>\n<meta property=\"og:locale\" content=\"es_ES\" \/>\n<meta property=\"og:type\" content=\"article\" \/>\n<meta property=\"og:title\" content=\"Incendio en Desarrollo Social: dudas respecto de la posible intencionalidad\" \/>\n<meta property=\"og:description\" content=\"La oficina de la secretaria de Desarrollo Social, Jorgelina Silva, se incendi\u00f3 esta madrugada: hay dudas respecto de la posible intencionalidad del hecho porque poco antes desconocidos ya hab\u00edan ingresado subrepticiamente a esa dependencia municipal, ubicada en el ex Instituto Unzu\u00e9. Aunque hasta el momento no se pudo determinar el origen de las llamas, un [&hellip;]\" \/>\n<meta property=\"og:url\" content=\"https:\/\/noticiasmercedinas.com\/site\/2020\/04\/26\/incendio-en-desarrollo-social-dudas-respecto-de-la-posible-intencionalidad\/\" \/>\n<meta property=\"og:site_name\" content=\"NOTICIASMERCEDINAS.COM\" \/>\n<meta property=\"article:publisher\" content=\"https:\/\/www.facebook.com\/noticiasmercedinas\/\" \/>\n<meta property=\"article:published_time\" content=\"2020-04-26T17:42:42+00:00\" \/>\n<meta property=\"article:modified_time\" content=\"2020-04-27T03:09:03+00:00\" \/>\n<meta property=\"og:image\" content=\"https:\/\/noticiasmercedinas.com\/site\/wp-content\/uploads\/2020\/04\/desarrollo_social_incendio.jpg\" \/>\n\t<meta property=\"og:image:width\" content=\"1032\" \/>\n\t<meta property=\"og:image:height\" content=\"477\" \/>\n\t<meta property=\"og:image:type\" content=\"image\/jpeg\" \/>\n<meta name=\"author\" content=\"NOTICIASMERCEDINAS.COM\" \/>\n<meta name=\"twitter:card\" content=\"summary_large_image\" \/>\n<meta name=\"twitter:creator\" content=\"@notmercedinas\" \/>\n<meta name=\"twitter:site\" content=\"@notmercedinas\" \/>\n<meta name=\"twitter:label1\" content=\"Escrito por\" \/>\n\t<meta name=\"twitter:data1\" content=\"NOTICIASMERCEDINAS.COM\" \/>\n\t<meta name=\"twitter:label2\" content=\"Tiempo de lectura\" \/>\n\t<meta name=\"twitter:data2\" content=\"1 minuto\" \/>\n<script type=\"application\/ld+json\" class=\"yoast-schema-graph\">{\"@context\":\"https:\\\/\\\/schema.org\",\"@graph\":[{\"@type\":\"Article\",\"@id\":\"https:\\\/\\\/noticiasmercedinas.com\\\/site\\\/2020\\\/04\\\/26\\\/incendio-en-desarrollo-social-dudas-respecto-de-la-posible-intencionalidad\\\/#article\",\"isPartOf\":{\"@id\":\"https:\\\/\\\/noticiasmercedinas.com\\\/site\\\/2020\\\/04\\\/26\\\/incendio-en-desarrollo-social-dudas-respecto-de-la-posible-intencionalidad\\\/\"},\"author\":{\"name\":\"NOTICIASMERCEDINAS.COM\",\"@id\":\"https:\\\/\\\/noticiasmercedinas.com\\\/site\\\/#\\\/schema\\\/person\\\/84b59c099c28ff2e8b77d4ceec5d8063\"},\"headline\":\"Incendio en Desarrollo Social: dudas respecto de la posible intencionalidad\",\"datePublished\":\"2020-04-26T17:42:42+00:00\",\"dateModified\":\"2020-04-27T03:09:03+00:00\",\"mainEntityOfPage\":{\"@id\":\"https:\\\/\\\/noticiasmercedinas.com\\\/site\\\/2020\\\/04\\\/26\\\/incendio-en-desarrollo-social-dudas-respecto-de-la-posible-intencionalidad\\\/\"},\"wordCount\":177,\"commentCount\":0,\"publisher\":{\"@id\":\"https:\\\/\\\/noticiasmercedinas.com\\\/site\\\/#organization\"},\"image\":{\"@id\":\"https:\\\/\\\/noticiasmercedinas.com\\\/site\\\/2020\\\/04\\\/26\\\/incendio-en-desarrollo-social-dudas-respecto-de-la-posible-intencionalidad\\\/#primaryimage\"},\"thumbnailUrl\":\"https:\\\/\\\/noticiasmercedinas.com\\\/site\\\/wp-content\\\/uploads\\\/2020\\\/04\\\/desarrollo_social_incendio.jpg\",\"keywords\":[\"bomberos voluntarios\",\"Desarrollo Soocial\",\"incendio\",\"jorgelina silva\"],\"articleSection\":[\"Seguridad\"],\"inLanguage\":\"es\",\"potentialAction\":[{\"@type\":\"CommentAction\",\"name\":\"Comment\",\"target\":[\"https:\\\/\\\/noticiasmercedinas.com\\\/site\\\/2020\\\/04\\\/26\\\/incendio-en-desarrollo-social-dudas-respecto-de-la-posible-intencionalidad\\\/#respond\"]}]},{\"@type\":\"WebPage\",\"@id\":\"https:\\\/\\\/noticiasmercedinas.com\\\/site\\\/2020\\\/04\\\/26\\\/incendio-en-desarrollo-social-dudas-respecto-de-la-posible-intencionalidad\\\/\",\"url\":\"https:\\\/\\\/noticiasmercedinas.com\\\/site\\\/2020\\\/04\\\/26\\\/incendio-en-desarrollo-social-dudas-respecto-de-la-posible-intencionalidad\\\/\",\"name\":\"Incendio en Desarrollo Social: dudas respecto de la posible intencionalidad\",\"isPartOf\":{\"@id\":\"https:\\\/\\\/noticiasmercedinas.com\\\/site\\\/#website\"},\"primaryImageOfPage\":{\"@id\":\"https:\\\/\\\/noticiasmercedinas.com\\\/site\\\/2020\\\/04\\\/26\\\/incendio-en-desarrollo-social-dudas-respecto-de-la-posible-intencionalidad\\\/#primaryimage\"},\"image\":{\"@id\":\"https:\\\/\\\/noticiasmercedinas.com\\\/site\\\/2020\\\/04\\\/26\\\/incendio-en-desarrollo-social-dudas-respecto-de-la-posible-intencionalidad\\\/#primaryimage\"},\"thumbnailUrl\":\"https:\\\/\\\/noticiasmercedinas.com\\\/site\\\/wp-content\\\/uploads\\\/2020\\\/04\\\/desarrollo_social_incendio.jpg\",\"datePublished\":\"2020-04-26T17:42:42+00:00\",\"dateModified\":\"2020-04-27T03:09:03+00:00\",\"breadcrumb\":{\"@id\":\"https:\\\/\\\/noticiasmercedinas.com\\\/site\\\/2020\\\/04\\\/26\\\/incendio-en-desarrollo-social-dudas-respecto-de-la-posible-intencionalidad\\\/#breadcrumb\"},\"inLanguage\":\"es\",\"potentialAction\":[{\"@type\":\"ReadAction\",\"target\":[\"https:\\\/\\\/noticiasmercedinas.com\\\/site\\\/2020\\\/04\\\/26\\\/incendio-en-desarrollo-social-dudas-respecto-de-la-posible-intencionalidad\\\/\"]}]},{\"@type\":\"ImageObject\",\"inLanguage\":\"es\",\"@id\":\"https:\\\/\\\/noticiasmercedinas.com\\\/site\\\/2020\\\/04\\\/26\\\/incendio-en-desarrollo-social-dudas-respecto-de-la-posible-intencionalidad\\\/#primaryimage\",\"url\":\"https:\\\/\\\/noticiasmercedinas.com\\\/site\\\/wp-content\\\/uploads\\\/2020\\\/04\\\/desarrollo_social_incendio.jpg\",\"contentUrl\":\"https:\\\/\\\/noticiasmercedinas.com\\\/site\\\/wp-content\\\/uploads\\\/2020\\\/04\\\/desarrollo_social_incendio.jpg\",\"width\":1032,\"height\":477},{\"@type\":\"BreadcrumbList\",\"@id\":\"https:\\\/\\\/noticiasmercedinas.com\\\/site\\\/2020\\\/04\\\/26\\\/incendio-en-desarrollo-social-dudas-respecto-de-la-posible-intencionalidad\\\/#breadcrumb\",\"itemListElement\":[{\"@type\":\"ListItem\",\"position\":1,\"name\":\"Portada\",\"item\":\"https:\\\/\\\/noticiasmercedinas.com\\\/site\\\/\"},{\"@type\":\"ListItem\",\"position\":2,\"name\":\"Incendio en Desarrollo Social: dudas respecto de la posible intencionalidad\"}]},{\"@type\":\"WebSite\",\"@id\":\"https:\\\/\\\/noticiasmercedinas.com\\\/site\\\/#website\",\"url\":\"https:\\\/\\\/noticiasmercedinas.com\\\/site\\\/\",\"name\":\"NOTICIASMERCEDINAS.COM\",\"description\":\"Mercedes, Buenos Aires, Argentina\",\"publisher\":{\"@id\":\"https:\\\/\\\/noticiasmercedinas.com\\\/site\\\/#organization\"},\"potentialAction\":[{\"@type\":\"SearchAction\",\"target\":{\"@type\":\"EntryPoint\",\"urlTemplate\":\"https:\\\/\\\/noticiasmercedinas.com\\\/site\\\/?s={search_term_string}\"},\"query-input\":{\"@type\":\"PropertyValueSpecification\",\"valueRequired\":true,\"valueName\":\"search_term_string\"}}],\"inLanguage\":\"es\"},{\"@type\":\"Organization\",\"@id\":\"https:\\\/\\\/noticiasmercedinas.com\\\/site\\\/#organization\",\"name\":\"NOTICIASMERCEDINAS.COM\",\"url\":\"https:\\\/\\\/noticiasmercedinas.com\\\/site\\\/\",\"logo\":{\"@type\":\"ImageObject\",\"inLanguage\":\"es\",\"@id\":\"https:\\\/\\\/noticiasmercedinas.com\\\/site\\\/#\\\/schema\\\/logo\\\/image\\\/\",\"url\":\"https:\\\/\\\/noticiasmercedinas.com\\\/site\\\/wp-content\\\/uploads\\\/2020\\\/06\\\/LOGO-512.jpg\",\"contentUrl\":\"https:\\\/\\\/noticiasmercedinas.com\\\/site\\\/wp-content\\\/uploads\\\/2020\\\/06\\\/LOGO-512.jpg\",\"width\":512,\"height\":512,\"caption\":\"NOTICIASMERCEDINAS.COM\"},\"image\":{\"@id\":\"https:\\\/\\\/noticiasmercedinas.com\\\/site\\\/#\\\/schema\\\/logo\\\/image\\\/\"},\"sameAs\":[\"https:\\\/\\\/www.facebook.com\\\/noticiasmercedinas\\\/\",\"https:\\\/\\\/x.com\\\/notmercedinas\",\"https:\\\/\\\/www.instagram.com\\\/noticiasmercedinas\\\/\"]},{\"@type\":\"Person\",\"@id\":\"https:\\\/\\\/noticiasmercedinas.com\\\/site\\\/#\\\/schema\\\/person\\\/84b59c099c28ff2e8b77d4ceec5d8063\",\"name\":\"NOTICIASMERCEDINAS.COM\",\"image\":{\"@type\":\"ImageObject\",\"inLanguage\":\"es\",\"@id\":\"https:\\\/\\\/secure.gravatar.com\\\/avatar\\\/4dfbf16b4d17945bfb6341b2d19043457132fcf478a5ee04f42e959fd8f5df0a?s=96&d=mm&r=g\",\"url\":\"https:\\\/\\\/secure.gravatar.com\\\/avatar\\\/4dfbf16b4d17945bfb6341b2d19043457132fcf478a5ee04f42e959fd8f5df0a?s=96&d=mm&r=g\",\"contentUrl\":\"https:\\\/\\\/secure.gravatar.com\\\/avatar\\\/4dfbf16b4d17945bfb6341b2d19043457132fcf478a5ee04f42e959fd8f5df0a?s=96&d=mm&r=g\",\"caption\":\"NOTICIASMERCEDINAS.COM\"},\"url\":\"https:\\\/\\\/noticiasmercedinas.com\\\/site\\\/author\\\/anonimo\\\/\"}]}<\/script>\n<!-- \/ Yoast SEO plugin. -->","yoast_head_json":{"title":"Incendio en Desarrollo Social: dudas respecto de la posible intencionalidad","robots":{"index":"index","follow":"follow","max-snippet":"max-snippet:-1","max-image-preview":"max-image-preview:large","max-video-preview":"max-video-preview:-1"},"canonical":"https:\/\/noticiasmercedinas.com\/site\/2020\/04\/26\/incendio-en-desarrollo-social-dudas-respecto-de-la-posible-intencionalidad\/","og_locale":"es_ES","og_type":"article","og_title":"Incendio en Desarrollo Social: dudas respecto de la posible intencionalidad","og_description":"La oficina de la secretaria de Desarrollo Social, Jorgelina Silva, se incendi\u00f3 esta madrugada: hay dudas respecto de la posible intencionalidad del hecho porque poco antes desconocidos ya hab\u00edan ingresado subrepticiamente a esa dependencia municipal, ubicada en el ex Instituto Unzu\u00e9. Aunque hasta el momento no se pudo determinar el origen de las llamas, un [&hellip;]","og_url":"https:\/\/noticiasmercedinas.com\/site\/2020\/04\/26\/incendio-en-desarrollo-social-dudas-respecto-de-la-posible-intencionalidad\/","og_site_name":"NOTICIASMERCEDINAS.COM","article_publisher":"https:\/\/www.facebook.com\/noticiasmercedinas\/","article_published_time":"2020-04-26T17:42:42+00:00","article_modified_time":"2020-04-27T03:09:03+00:00","og_image":[{"width":1032,"height":477,"url":"https:\/\/noticiasmercedinas.com\/site\/wp-content\/uploads\/2020\/04\/desarrollo_social_incendio.jpg","type":"image\/jpeg"}],"author":"NOTICIASMERCEDINAS.COM","twitter_card":"summary_large_image","twitter_creator":"@notmercedinas","twitter_site":"@notmercedinas","twitter_misc":{"Escrito por":"NOTICIASMERCEDINAS.COM","Tiempo de lectura":"1 minuto"},"schema":{"@context":"https:\/\/schema.org","@graph":[{"@type":"Article","@id":"https:\/\/noticiasmercedinas.com\/site\/2020\/04\/26\/incendio-en-desarrollo-social-dudas-respecto-de-la-posible-intencionalidad\/#article","isPartOf":{"@id":"https:\/\/noticiasmercedinas.com\/site\/2020\/04\/26\/incendio-en-desarrollo-social-dudas-respecto-de-la-posible-intencionalidad\/"},"author":{"name":"NOTICIASMERCEDINAS.COM","@id":"https:\/\/noticiasmercedinas.com\/site\/#\/schema\/person\/84b59c099c28ff2e8b77d4ceec5d8063"},"headline":"Incendio en Desarrollo Social: dudas respecto de la posible intencionalidad","datePublished":"2020-04-26T17:42:42+00:00","dateModified":"2020-04-27T03:09:03+00:00","mainEntityOfPage":{"@id":"https:\/\/noticiasmercedinas.com\/site\/2020\/04\/26\/incendio-en-desarrollo-social-dudas-respecto-de-la-posible-intencionalidad\/"},"wordCount":177,"commentCount":0,"publisher":{"@id":"https:\/\/noticiasmercedinas.com\/site\/#organization"},"image":{"@id":"https:\/\/noticiasmercedinas.com\/site\/2020\/04\/26\/incendio-en-desarrollo-social-dudas-respecto-de-la-posible-intencionalidad\/#primaryimage"},"thumbnailUrl":"https:\/\/noticiasmercedinas.com\/site\/wp-content\/uploads\/2020\/04\/desarrollo_social_incendio.jpg","keywords":["bomberos voluntarios","Desarrollo Soocial","incendio","jorgelina silva"],"articleSection":["Seguridad"],"inLanguage":"es","potentialAction":[{"@type":"CommentAction","name":"Comment","target":["https:\/\/noticiasmercedinas.com\/site\/2020\/04\/26\/incendio-en-desarrollo-social-dudas-respecto-de-la-posible-intencionalidad\/#respond"]}]},{"@type":"WebPage","@id":"https:\/\/noticiasmercedinas.com\/site\/2020\/04\/26\/incendio-en-desarrollo-social-dudas-respecto-de-la-posible-intencionalidad\/","url":"https:\/\/noticiasmercedinas.com\/site\/2020\/04\/26\/incendio-en-desarrollo-social-dudas-respecto-de-la-posible-intencionalidad\/","name":"Incendio en Desarrollo Social: dudas respecto de la posible intencionalidad","isPartOf":{"@id":"https:\/\/noticiasmercedinas.com\/site\/#website"},"primaryImageOfPage":{"@id":"https:\/\/noticiasmercedinas.com\/site\/2020\/04\/26\/incendio-en-desarrollo-social-dudas-respecto-de-la-posible-intencionalidad\/#primaryimage"},"image":{"@id":"https:\/\/noticiasmercedinas.com\/site\/2020\/04\/26\/incendio-en-desarrollo-social-dudas-respecto-de-la-posible-intencionalidad\/#primaryimage"},"thumbnailUrl":"https:\/\/noticiasmercedinas.com\/site\/wp-content\/uploads\/2020\/04\/desarrollo_social_incendio.jpg","datePublished":"2020-04-26T17:42:42+00:00","dateModified":"2020-04-27T03:09:03+00:00","breadcrumb":{"@id":"https:\/\/noticiasmercedinas.com\/site\/2020\/04\/26\/incendio-en-desarrollo-social-dudas-respecto-de-la-posible-intencionalidad\/#breadcrumb"},"inLanguage":"es","potentialAction":[{"@type":"ReadAction","target":["https:\/\/noticiasmercedinas.com\/site\/2020\/04\/26\/incendio-en-desarrollo-social-dudas-respecto-de-la-posible-intencionalidad\/"]}]},{"@type":"ImageObject","inLanguage":"es","@id":"https:\/\/noticiasmercedinas.com\/site\/2020\/04\/26\/incendio-en-desarrollo-social-dudas-respecto-de-la-posible-intencionalidad\/#primaryimage","url":"https:\/\/noticiasmercedinas.com\/site\/wp-content\/uploads\/2020\/04\/desarrollo_social_incendio.jpg","contentUrl":"https:\/\/noticiasmercedinas.com\/site\/wp-content\/uploads\/2020\/04\/desarrollo_social_incendio.jpg","width":1032,"height":477},{"@type":"BreadcrumbList","@id":"https:\/\/noticiasmercedinas.com\/site\/2020\/04\/26\/incendio-en-desarrollo-social-dudas-respecto-de-la-posible-intencionalidad\/#breadcrumb","itemListElement":[{"@type":"ListItem","position":1,"name":"Portada","item":"https:\/\/noticiasmercedinas.com\/site\/"},{"@type":"ListItem","position":2,"name":"Incendio en Desarrollo Social: dudas respecto de la posible intencionalidad"}]},{"@type":"WebSite","@id":"https:\/\/noticiasmercedinas.com\/site\/#website","url":"https:\/\/noticiasmercedinas.com\/site\/","name":"NOTICIASMERCEDINAS.COM","description":"Mercedes, Buenos Aires, Argentina","publisher":{"@id":"https:\/\/noticiasmercedinas.com\/site\/#organization"},"potentialAction":[{"@type":"SearchAction","target":{"@type":"EntryPoint","urlTemplate":"https:\/\/noticiasmercedinas.com\/site\/?s={search_term_string}"},"query-input":{"@type":"PropertyValueSpecification","valueRequired":true,"valueName":"search_term_string"}}],"inLanguage":"es"},{"@type":"Organization","@id":"https:\/\/noticiasmercedinas.com\/site\/#organization","name":"NOTICIASMERCEDINAS.COM","url":"https:\/\/noticiasmercedinas.com\/site\/","logo":{"@type":"ImageObject","inLanguage":"es","@id":"https:\/\/noticiasmercedinas.com\/site\/#\/schema\/logo\/image\/","url":"https:\/\/noticiasmercedinas.com\/site\/wp-content\/uploads\/2020\/06\/LOGO-512.jpg","contentUrl":"https:\/\/noticiasmercedinas.com\/site\/wp-content\/uploads\/2020\/06\/LOGO-512.jpg","width":512,"height":512,"caption":"NOTICIASMERCEDINAS.COM"},"image":{"@id":"https:\/\/noticiasmercedinas.com\/site\/#\/schema\/logo\/image\/"},"sameAs":["https:\/\/www.facebook.com\/noticiasmercedinas\/","https:\/\/x.com\/notmercedinas","https:\/\/www.instagram.com\/noticiasmercedinas\/"]},{"@type":"Person","@id":"https:\/\/noticiasmercedinas.com\/site\/#\/schema\/person\/84b59c099c28ff2e8b77d4ceec5d8063","name":"NOTICIASMERCEDINAS.COM","image":{"@type":"ImageObject","inLanguage":"es","@id":"https:\/\/secure.gravatar.com\/avatar\/4dfbf16b4d17945bfb6341b2d19043457132fcf478a5ee04f42e959fd8f5df0a?s=96&d=mm&r=g","url":"https:\/\/secure.gravatar.com\/avatar\/4dfbf16b4d17945bfb6341b2d19043457132fcf478a5ee04f42e959fd8f5df0a?s=96&d=mm&r=g","contentUrl":"https:\/\/secure.gravatar.com\/avatar\/4dfbf16b4d17945bfb6341b2d19043457132fcf478a5ee04f42e959fd8f5df0a?s=96&d=mm&r=g","caption":"NOTICIASMERCEDINAS.COM"},"url":"https:\/\/noticiasmercedinas.com\/site\/author\/anonimo\/"}]}},"amp_enabled":true,"_links":{"self":[{"href":"https:\/\/noticiasmercedinas.com\/site\/wp-json\/wp\/v2\/posts\/44151","targetHints":{"allow":["GET"]}}],"collection":[{"href":"https:\/\/noticiasmercedinas.com\/site\/wp-json\/wp\/v2\/posts"}],"about":[{"href":"https:\/\/noticiasmercedinas.com\/site\/wp-json\/wp\/v2\/types\/post"}],"author":[{"embeddable":true,"href":"https:\/\/noticiasmercedinas.com\/site\/wp-json\/wp\/v2\/users\/16"}],"replies":[{"embeddable":true,"href":"https:\/\/noticiasmercedinas.com\/site\/wp-json\/wp\/v2\/comments?post=44151"}],"version-history":[{"count":2,"href":"https:\/\/noticiasmercedinas.com\/site\/wp-json\/wp\/v2\/posts\/44151\/revisions"}],"predecessor-version":[{"id":44176,"href":"https:\/\/noticiasmercedinas.com\/site\/wp-json\/wp\/v2\/posts\/44151\/revisions\/44176"}],"wp:featuredmedia":[{"embeddable":true,"href":"https:\/\/noticiasmercedinas.com\/site\/wp-json\/wp\/v2\/media\/44152"}],"wp:attachment":[{"href":"https:\/\/noticiasmercedinas.com\/site\/wp-json\/wp\/v2\/media?parent=44151"}],"wp:term":[{"taxonomy":"category","embeddable":true,"href":"https:\/\/noticiasmercedinas.com\/site\/wp-json\/wp\/v2\/categories?post=44151"},{"taxonomy":"post_tag","embeddable":true,"href":"https:\/\/noticiasmercedinas.com\/site\/wp-json\/wp\/v2\/tags?post=44151"}],"curies":[{"name":"wp","href":"https:\/\/api.w.org\/{rel}","templated":true}]}}