{"id":44232,"date":"2020-04-28T11:06:42","date_gmt":"2020-04-28T14:06:42","guid":{"rendered":"https:\/\/noticiasmercedinas.com\/site\/?p=44232"},"modified":"2020-04-28T11:06:42","modified_gmt":"2020-04-28T14:06:42","slug":"el-rio-lujan-crece-por-tormentas-y-podria-salirse-un-poco-de-su-cajon","status":"publish","type":"post","link":"https:\/\/noticiasmercedinas.com\/site\/2020\/04\/28\/el-rio-lujan-crece-por-tormentas-y-podria-salirse-un-poco-de-su-cajon\/","title":{"rendered":"El r\u00edo Luj\u00e1n crece por tormentas y podr\u00eda salirse un poco de su caj\u00f3n"},"content":{"rendered":"<p><img loading=\"lazy\" decoding=\"async\" class=\"alignnone size-full wp-image-44233\" src=\"https:\/\/noticiasmercedinas.com\/site\/wp-content\/uploads\/2020\/04\/riolujan.jpg\" alt=\"\" width=\"640\" height=\"384\" srcset=\"https:\/\/noticiasmercedinas.com\/site\/wp-content\/uploads\/2020\/04\/riolujan.jpg 640w, https:\/\/noticiasmercedinas.com\/site\/wp-content\/uploads\/2020\/04\/riolujan-300x180.jpg 300w\" sizes=\"auto, (max-width: 640px) 100vw, 640px\" \/><\/p>\n<p>El temporal de agua y viento que azota a Mercedes y ciudades de la zona desde hace unas horas preocupa a las autoridades y se suma a <strong><span style=\"color: #000080;\"><a style=\"color: #000080;\" href=\"https:\/\/noticiasmercedinas.com\/site\/2020\/04\/25\/proteccion-civil-con-mucho-trabajo-por-la-tormenta\/\" target=\"_blank\" rel=\"noopener noreferrer\">lo sucedido el fin de semana, que hubo un intenso trabajo para solucionar<\/a><\/span><\/strong> inconvenientes que se suscitaron con las tormentas.<\/p>\n<p>\u201cA lo largo del R\u00edo Luj\u00e1n est\u00e1 lloviendo con intensidad, pero el R\u00edo estaba seco con anterioridad, por lo cual vimos el gran crecimiento\u201d, explicaron desde el \u00e1rea de Protecci\u00f3n Civil, estamento involucrado en este trabajo.<\/p>\n<p>Asimismo y a pedido de NOTICIASMERCEDINAS.COM destacaron que en total llovieron aproximadamente 70 mm entre s\u00e1bado, domingo y lunes. \u201cEs probable que contin\u00fae la lluvia, ya mejorando hacia la noche, seg\u00fan el Servicio Meteorol\u00f3gico Nacional. El R\u00edo podr\u00eda salirse un poco de su caj\u00f3n, pero sin afectar a la poblaci\u00f3n\u201d, indicaron.<\/p>\n<p>Consultada sobre la actividad desarrollada, Agustina Lor\u00e9, de PC Mercedes, explic\u00f3: \u201cLlevamos m\u00e1s de 35 reclamos entre s\u00e1bado, domingo, lunes y lo que va de hoy. Se trata de postes ca\u00eddos, ramas y \u00e1rboles, entre otros\u201d.<\/p>\n<p>En cuanto al registro de lluvias, indic\u00f3: \u201cNosotros tenemos un pluvi\u00f3metro propio en nuestra base, por eso la medici\u00f3n acumulada que tenemos es de 70 mm. La lluvia se mide a las 9 AM de cada d\u00eda y corresponde al d\u00eda anterior, por eso la de hoy la tendremos ma\u00f1ana a las 9 AM\u201d.<\/p>\n<p>Por \u00faltimo, Lor\u00e9 remarc\u00f3 que las tareas de desinfecci\u00f3n no las hacen si llueve.<\/p>\n","protected":false},"excerpt":{"rendered":"<p>El temporal de agua y viento que azota a Mercedes y ciudades de la zona desde hace unas horas preocupa a las autoridades y se suma a lo sucedido el fin de semana, que hubo un intenso trabajo para solucionar inconvenientes que se suscitaron con las tormentas. \u201cA lo largo del R\u00edo Luj\u00e1n est\u00e1 lloviendo [&hellip;]<\/p>\n","protected":false},"author":2,"featured_media":44233,"comment_status":"open","ping_status":"open","sticky":false,"template":"","format":"standard","meta":{"footnotes":""},"categories":[3],"tags":[5397,938,75,1075],"class_list":["post-44232","post","type-post","status-publish","format-standard","has-post-thumbnail","hentry","category-sociedad","tag-maria-agustina-lore","tag-proteccion-civil","tag-rio-lujan","tag-tormenta"],"yoast_head":"<!-- This site is optimized with the Yoast SEO plugin v27.4 - https:\/\/yoast.com\/product\/yoast-seo-wordpress\/ -->\n<title>El r\u00edo Luj\u00e1n crece por tormentas y podr\u00eda salirse un poco de su caj\u00f3n<\/title>\n<meta name=\"robots\" content=\"index, follow, max-snippet:-1, max-image-preview:large, max-video-preview:-1\" \/>\n<link rel=\"canonical\" href=\"https:\/\/noticiasmercedinas.com\/site\/2020\/04\/28\/el-rio-lujan-crece-por-tormentas-y-podria-salirse-un-poco-de-su-cajon\/\" \/>\n<meta property=\"og:locale\" content=\"es_ES\" \/>\n<meta property=\"og:type\" content=\"article\" \/>\n<meta property=\"og:title\" content=\"El r\u00edo Luj\u00e1n crece por tormentas y podr\u00eda salirse un poco de su caj\u00f3n\" \/>\n<meta property=\"og:description\" content=\"El temporal de agua y viento que azota a Mercedes y ciudades de la zona desde hace unas horas preocupa a las autoridades y se suma a lo sucedido el fin de semana, que hubo un intenso trabajo para solucionar inconvenientes que se suscitaron con las tormentas. \u201cA lo largo del R\u00edo Luj\u00e1n est\u00e1 lloviendo [&hellip;]\" \/>\n<meta property=\"og:url\" content=\"https:\/\/noticiasmercedinas.com\/site\/2020\/04\/28\/el-rio-lujan-crece-por-tormentas-y-podria-salirse-un-poco-de-su-cajon\/\" \/>\n<meta property=\"og:site_name\" content=\"NOTICIASMERCEDINAS.COM\" \/>\n<meta property=\"article:publisher\" content=\"https:\/\/www.facebook.com\/noticiasmercedinas\/\" \/>\n<meta property=\"article:author\" content=\"https:\/\/www.facebook.com\/cristian.falabella\" \/>\n<meta property=\"article:published_time\" content=\"2020-04-28T14:06:42+00:00\" \/>\n<meta property=\"og:image\" content=\"https:\/\/noticiasmercedinas.com\/site\/wp-content\/uploads\/2020\/04\/riolujan.jpg\" \/>\n\t<meta property=\"og:image:width\" content=\"640\" \/>\n\t<meta property=\"og:image:height\" content=\"384\" \/>\n\t<meta property=\"og:image:type\" content=\"image\/jpeg\" \/>\n<meta name=\"author\" content=\"Cristian Falabella NOTICIASMERCEDINAS.COM\" \/>\n<meta name=\"twitter:card\" content=\"summary_large_image\" \/>\n<meta name=\"twitter:creator\" content=\"@https:\/\/twitter.com\/NOTMERCEDINAS\" \/>\n<meta name=\"twitter:site\" content=\"@notmercedinas\" \/>\n<meta name=\"twitter:label1\" content=\"Escrito por\" \/>\n\t<meta name=\"twitter:data1\" content=\"Cristian Falabella NOTICIASMERCEDINAS.COM\" \/>\n\t<meta name=\"twitter:label2\" content=\"Tiempo de lectura\" \/>\n\t<meta name=\"twitter:data2\" content=\"1 minuto\" \/>\n<script type=\"application\/ld+json\" class=\"yoast-schema-graph\">{\"@context\":\"https:\\\/\\\/schema.org\",\"@graph\":[{\"@type\":\"Article\",\"@id\":\"https:\\\/\\\/noticiasmercedinas.com\\\/site\\\/2020\\\/04\\\/28\\\/el-rio-lujan-crece-por-tormentas-y-podria-salirse-un-poco-de-su-cajon\\\/#article\",\"isPartOf\":{\"@id\":\"https:\\\/\\\/noticiasmercedinas.com\\\/site\\\/2020\\\/04\\\/28\\\/el-rio-lujan-crece-por-tormentas-y-podria-salirse-un-poco-de-su-cajon\\\/\"},\"author\":{\"name\":\"Cristian Falabella NOTICIASMERCEDINAS.COM\",\"@id\":\"https:\\\/\\\/noticiasmercedinas.com\\\/site\\\/#\\\/schema\\\/person\\\/d481a9696a5feaec13a60e2bbd991a6a\"},\"headline\":\"El r\u00edo Luj\u00e1n crece por tormentas y podr\u00eda salirse un poco de su caj\u00f3n\",\"datePublished\":\"2020-04-28T14:06:42+00:00\",\"mainEntityOfPage\":{\"@id\":\"https:\\\/\\\/noticiasmercedinas.com\\\/site\\\/2020\\\/04\\\/28\\\/el-rio-lujan-crece-por-tormentas-y-podria-salirse-un-poco-de-su-cajon\\\/\"},\"wordCount\":273,\"commentCount\":0,\"publisher\":{\"@id\":\"https:\\\/\\\/noticiasmercedinas.com\\\/site\\\/#organization\"},\"image\":{\"@id\":\"https:\\\/\\\/noticiasmercedinas.com\\\/site\\\/2020\\\/04\\\/28\\\/el-rio-lujan-crece-por-tormentas-y-podria-salirse-un-poco-de-su-cajon\\\/#primaryimage\"},\"thumbnailUrl\":\"https:\\\/\\\/noticiasmercedinas.com\\\/site\\\/wp-content\\\/uploads\\\/2020\\\/04\\\/riolujan.jpg\",\"keywords\":[\"Mar\u00eda Agustina Lor\u00e9\",\"protecci\u00f3n civil\",\"rio lujan\",\"tormenta\"],\"articleSection\":[\"Sociedad\"],\"inLanguage\":\"es\",\"potentialAction\":[{\"@type\":\"CommentAction\",\"name\":\"Comment\",\"target\":[\"https:\\\/\\\/noticiasmercedinas.com\\\/site\\\/2020\\\/04\\\/28\\\/el-rio-lujan-crece-por-tormentas-y-podria-salirse-un-poco-de-su-cajon\\\/#respond\"]}]},{\"@type\":\"WebPage\",\"@id\":\"https:\\\/\\\/noticiasmercedinas.com\\\/site\\\/2020\\\/04\\\/28\\\/el-rio-lujan-crece-por-tormentas-y-podria-salirse-un-poco-de-su-cajon\\\/\",\"url\":\"https:\\\/\\\/noticiasmercedinas.com\\\/site\\\/2020\\\/04\\\/28\\\/el-rio-lujan-crece-por-tormentas-y-podria-salirse-un-poco-de-su-cajon\\\/\",\"name\":\"El r\u00edo Luj\u00e1n crece por tormentas y podr\u00eda salirse un poco de su caj\u00f3n\",\"isPartOf\":{\"@id\":\"https:\\\/\\\/noticiasmercedinas.com\\\/site\\\/#website\"},\"primaryImageOfPage\":{\"@id\":\"https:\\\/\\\/noticiasmercedinas.com\\\/site\\\/2020\\\/04\\\/28\\\/el-rio-lujan-crece-por-tormentas-y-podria-salirse-un-poco-de-su-cajon\\\/#primaryimage\"},\"image\":{\"@id\":\"https:\\\/\\\/noticiasmercedinas.com\\\/site\\\/2020\\\/04\\\/28\\\/el-rio-lujan-crece-por-tormentas-y-podria-salirse-un-poco-de-su-cajon\\\/#primaryimage\"},\"thumbnailUrl\":\"https:\\\/\\\/noticiasmercedinas.com\\\/site\\\/wp-content\\\/uploads\\\/2020\\\/04\\\/riolujan.jpg\",\"datePublished\":\"2020-04-28T14:06:42+00:00\",\"breadcrumb\":{\"@id\":\"https:\\\/\\\/noticiasmercedinas.com\\\/site\\\/2020\\\/04\\\/28\\\/el-rio-lujan-crece-por-tormentas-y-podria-salirse-un-poco-de-su-cajon\\\/#breadcrumb\"},\"inLanguage\":\"es\",\"potentialAction\":[{\"@type\":\"ReadAction\",\"target\":[\"https:\\\/\\\/noticiasmercedinas.com\\\/site\\\/2020\\\/04\\\/28\\\/el-rio-lujan-crece-por-tormentas-y-podria-salirse-un-poco-de-su-cajon\\\/\"]}]},{\"@type\":\"ImageObject\",\"inLanguage\":\"es\",\"@id\":\"https:\\\/\\\/noticiasmercedinas.com\\\/site\\\/2020\\\/04\\\/28\\\/el-rio-lujan-crece-por-tormentas-y-podria-salirse-un-poco-de-su-cajon\\\/#primaryimage\",\"url\":\"https:\\\/\\\/noticiasmercedinas.com\\\/site\\\/wp-content\\\/uploads\\\/2020\\\/04\\\/riolujan.jpg\",\"contentUrl\":\"https:\\\/\\\/noticiasmercedinas.com\\\/site\\\/wp-content\\\/uploads\\\/2020\\\/04\\\/riolujan.jpg\",\"width\":640,\"height\":384},{\"@type\":\"BreadcrumbList\",\"@id\":\"https:\\\/\\\/noticiasmercedinas.com\\\/site\\\/2020\\\/04\\\/28\\\/el-rio-lujan-crece-por-tormentas-y-podria-salirse-un-poco-de-su-cajon\\\/#breadcrumb\",\"itemListElement\":[{\"@type\":\"ListItem\",\"position\":1,\"name\":\"Portada\",\"item\":\"https:\\\/\\\/noticiasmercedinas.com\\\/site\\\/\"},{\"@type\":\"ListItem\",\"position\":2,\"name\":\"El r\u00edo Luj\u00e1n crece por tormentas y podr\u00eda salirse un poco de su caj\u00f3n\"}]},{\"@type\":\"WebSite\",\"@id\":\"https:\\\/\\\/noticiasmercedinas.com\\\/site\\\/#website\",\"url\":\"https:\\\/\\\/noticiasmercedinas.com\\\/site\\\/\",\"name\":\"NOTICIASMERCEDINAS.COM\",\"description\":\"Mercedes, Buenos Aires, Argentina\",\"publisher\":{\"@id\":\"https:\\\/\\\/noticiasmercedinas.com\\\/site\\\/#organization\"},\"potentialAction\":[{\"@type\":\"SearchAction\",\"target\":{\"@type\":\"EntryPoint\",\"urlTemplate\":\"https:\\\/\\\/noticiasmercedinas.com\\\/site\\\/?s={search_term_string}\"},\"query-input\":{\"@type\":\"PropertyValueSpecification\",\"valueRequired\":true,\"valueName\":\"search_term_string\"}}],\"inLanguage\":\"es\"},{\"@type\":\"Organization\",\"@id\":\"https:\\\/\\\/noticiasmercedinas.com\\\/site\\\/#organization\",\"name\":\"NOTICIASMERCEDINAS.COM\",\"url\":\"https:\\\/\\\/noticiasmercedinas.com\\\/site\\\/\",\"logo\":{\"@type\":\"ImageObject\",\"inLanguage\":\"es\",\"@id\":\"https:\\\/\\\/noticiasmercedinas.com\\\/site\\\/#\\\/schema\\\/logo\\\/image\\\/\",\"url\":\"https:\\\/\\\/noticiasmercedinas.com\\\/site\\\/wp-content\\\/uploads\\\/2020\\\/06\\\/LOGO-512.jpg\",\"contentUrl\":\"https:\\\/\\\/noticiasmercedinas.com\\\/site\\\/wp-content\\\/uploads\\\/2020\\\/06\\\/LOGO-512.jpg\",\"width\":512,\"height\":512,\"caption\":\"NOTICIASMERCEDINAS.COM\"},\"image\":{\"@id\":\"https:\\\/\\\/noticiasmercedinas.com\\\/site\\\/#\\\/schema\\\/logo\\\/image\\\/\"},\"sameAs\":[\"https:\\\/\\\/www.facebook.com\\\/noticiasmercedinas\\\/\",\"https:\\\/\\\/x.com\\\/notmercedinas\",\"https:\\\/\\\/www.instagram.com\\\/noticiasmercedinas\\\/\"]},{\"@type\":\"Person\",\"@id\":\"https:\\\/\\\/noticiasmercedinas.com\\\/site\\\/#\\\/schema\\\/person\\\/d481a9696a5feaec13a60e2bbd991a6a\",\"name\":\"Cristian Falabella NOTICIASMERCEDINAS.COM\",\"image\":{\"@type\":\"ImageObject\",\"inLanguage\":\"es\",\"@id\":\"https:\\\/\\\/secure.gravatar.com\\\/avatar\\\/0dbbfc45970cc46bcd0e57766228574ff3511d6eed045b182f536f0f478c1f06?s=96&d=mm&r=g\",\"url\":\"https:\\\/\\\/secure.gravatar.com\\\/avatar\\\/0dbbfc45970cc46bcd0e57766228574ff3511d6eed045b182f536f0f478c1f06?s=96&d=mm&r=g\",\"contentUrl\":\"https:\\\/\\\/secure.gravatar.com\\\/avatar\\\/0dbbfc45970cc46bcd0e57766228574ff3511d6eed045b182f536f0f478c1f06?s=96&d=mm&r=g\",\"caption\":\"Cristian Falabella NOTICIASMERCEDINAS.COM\"},\"description\":\"Periodista, editor de Noticias Mercedinas. Pas\u00f3 por varias redacciones y emprendimientos de prensa, en distintos formatos y \u00e9pocas. Se especializ\u00f3 --y sigue haci\u00e9ndolo-- en comunicaci\u00f3n en la web y en junio de 2006 fund\u00f3 este diario digital.\",\"sameAs\":[\"https:\\\/\\\/noticiasmercedinas.com\",\"https:\\\/\\\/www.facebook.com\\\/cristian.falabella\",\"https:\\\/\\\/www.instagram.com\\\/noticiasmercedinas\\\/\",\"https:\\\/\\\/x.com\\\/https:\\\/\\\/twitter.com\\\/NOTMERCEDINAS\"],\"url\":\"https:\\\/\\\/noticiasmercedinas.com\\\/site\\\/author\\\/as000384\\\/\"}]}<\/script>\n<!-- \/ Yoast SEO plugin. -->","yoast_head_json":{"title":"El r\u00edo Luj\u00e1n crece por tormentas y podr\u00eda salirse un poco de su caj\u00f3n","robots":{"index":"index","follow":"follow","max-snippet":"max-snippet:-1","max-image-preview":"max-image-preview:large","max-video-preview":"max-video-preview:-1"},"canonical":"https:\/\/noticiasmercedinas.com\/site\/2020\/04\/28\/el-rio-lujan-crece-por-tormentas-y-podria-salirse-un-poco-de-su-cajon\/","og_locale":"es_ES","og_type":"article","og_title":"El r\u00edo Luj\u00e1n crece por tormentas y podr\u00eda salirse un poco de su caj\u00f3n","og_description":"El temporal de agua y viento que azota a Mercedes y ciudades de la zona desde hace unas horas preocupa a las autoridades y se suma a lo sucedido el fin de semana, que hubo un intenso trabajo para solucionar inconvenientes que se suscitaron con las tormentas. \u201cA lo largo del R\u00edo Luj\u00e1n est\u00e1 lloviendo [&hellip;]","og_url":"https:\/\/noticiasmercedinas.com\/site\/2020\/04\/28\/el-rio-lujan-crece-por-tormentas-y-podria-salirse-un-poco-de-su-cajon\/","og_site_name":"NOTICIASMERCEDINAS.COM","article_publisher":"https:\/\/www.facebook.com\/noticiasmercedinas\/","article_author":"https:\/\/www.facebook.com\/cristian.falabella","article_published_time":"2020-04-28T14:06:42+00:00","og_image":[{"width":640,"height":384,"url":"https:\/\/noticiasmercedinas.com\/site\/wp-content\/uploads\/2020\/04\/riolujan.jpg","type":"image\/jpeg"}],"author":"Cristian Falabella NOTICIASMERCEDINAS.COM","twitter_card":"summary_large_image","twitter_creator":"@https:\/\/twitter.com\/NOTMERCEDINAS","twitter_site":"@notmercedinas","twitter_misc":{"Escrito por":"Cristian Falabella NOTICIASMERCEDINAS.COM","Tiempo de lectura":"1 minuto"},"schema":{"@context":"https:\/\/schema.org","@graph":[{"@type":"Article","@id":"https:\/\/noticiasmercedinas.com\/site\/2020\/04\/28\/el-rio-lujan-crece-por-tormentas-y-podria-salirse-un-poco-de-su-cajon\/#article","isPartOf":{"@id":"https:\/\/noticiasmercedinas.com\/site\/2020\/04\/28\/el-rio-lujan-crece-por-tormentas-y-podria-salirse-un-poco-de-su-cajon\/"},"author":{"name":"Cristian Falabella NOTICIASMERCEDINAS.COM","@id":"https:\/\/noticiasmercedinas.com\/site\/#\/schema\/person\/d481a9696a5feaec13a60e2bbd991a6a"},"headline":"El r\u00edo Luj\u00e1n crece por tormentas y podr\u00eda salirse un poco de su caj\u00f3n","datePublished":"2020-04-28T14:06:42+00:00","mainEntityOfPage":{"@id":"https:\/\/noticiasmercedinas.com\/site\/2020\/04\/28\/el-rio-lujan-crece-por-tormentas-y-podria-salirse-un-poco-de-su-cajon\/"},"wordCount":273,"commentCount":0,"publisher":{"@id":"https:\/\/noticiasmercedinas.com\/site\/#organization"},"image":{"@id":"https:\/\/noticiasmercedinas.com\/site\/2020\/04\/28\/el-rio-lujan-crece-por-tormentas-y-podria-salirse-un-poco-de-su-cajon\/#primaryimage"},"thumbnailUrl":"https:\/\/noticiasmercedinas.com\/site\/wp-content\/uploads\/2020\/04\/riolujan.jpg","keywords":["Mar\u00eda Agustina Lor\u00e9","protecci\u00f3n civil","rio lujan","tormenta"],"articleSection":["Sociedad"],"inLanguage":"es","potentialAction":[{"@type":"CommentAction","name":"Comment","target":["https:\/\/noticiasmercedinas.com\/site\/2020\/04\/28\/el-rio-lujan-crece-por-tormentas-y-podria-salirse-un-poco-de-su-cajon\/#respond"]}]},{"@type":"WebPage","@id":"https:\/\/noticiasmercedinas.com\/site\/2020\/04\/28\/el-rio-lujan-crece-por-tormentas-y-podria-salirse-un-poco-de-su-cajon\/","url":"https:\/\/noticiasmercedinas.com\/site\/2020\/04\/28\/el-rio-lujan-crece-por-tormentas-y-podria-salirse-un-poco-de-su-cajon\/","name":"El r\u00edo Luj\u00e1n crece por tormentas y podr\u00eda salirse un poco de su caj\u00f3n","isPartOf":{"@id":"https:\/\/noticiasmercedinas.com\/site\/#website"},"primaryImageOfPage":{"@id":"https:\/\/noticiasmercedinas.com\/site\/2020\/04\/28\/el-rio-lujan-crece-por-tormentas-y-podria-salirse-un-poco-de-su-cajon\/#primaryimage"},"image":{"@id":"https:\/\/noticiasmercedinas.com\/site\/2020\/04\/28\/el-rio-lujan-crece-por-tormentas-y-podria-salirse-un-poco-de-su-cajon\/#primaryimage"},"thumbnailUrl":"https:\/\/noticiasmercedinas.com\/site\/wp-content\/uploads\/2020\/04\/riolujan.jpg","datePublished":"2020-04-28T14:06:42+00:00","breadcrumb":{"@id":"https:\/\/noticiasmercedinas.com\/site\/2020\/04\/28\/el-rio-lujan-crece-por-tormentas-y-podria-salirse-un-poco-de-su-cajon\/#breadcrumb"},"inLanguage":"es","potentialAction":[{"@type":"ReadAction","target":["https:\/\/noticiasmercedinas.com\/site\/2020\/04\/28\/el-rio-lujan-crece-por-tormentas-y-podria-salirse-un-poco-de-su-cajon\/"]}]},{"@type":"ImageObject","inLanguage":"es","@id":"https:\/\/noticiasmercedinas.com\/site\/2020\/04\/28\/el-rio-lujan-crece-por-tormentas-y-podria-salirse-un-poco-de-su-cajon\/#primaryimage","url":"https:\/\/noticiasmercedinas.com\/site\/wp-content\/uploads\/2020\/04\/riolujan.jpg","contentUrl":"https:\/\/noticiasmercedinas.com\/site\/wp-content\/uploads\/2020\/04\/riolujan.jpg","width":640,"height":384},{"@type":"BreadcrumbList","@id":"https:\/\/noticiasmercedinas.com\/site\/2020\/04\/28\/el-rio-lujan-crece-por-tormentas-y-podria-salirse-un-poco-de-su-cajon\/#breadcrumb","itemListElement":[{"@type":"ListItem","position":1,"name":"Portada","item":"https:\/\/noticiasmercedinas.com\/site\/"},{"@type":"ListItem","position":2,"name":"El r\u00edo Luj\u00e1n crece por tormentas y podr\u00eda salirse un poco de su caj\u00f3n"}]},{"@type":"WebSite","@id":"https:\/\/noticiasmercedinas.com\/site\/#website","url":"https:\/\/noticiasmercedinas.com\/site\/","name":"NOTICIASMERCEDINAS.COM","description":"Mercedes, Buenos Aires, Argentina","publisher":{"@id":"https:\/\/noticiasmercedinas.com\/site\/#organization"},"potentialAction":[{"@type":"SearchAction","target":{"@type":"EntryPoint","urlTemplate":"https:\/\/noticiasmercedinas.com\/site\/?s={search_term_string}"},"query-input":{"@type":"PropertyValueSpecification","valueRequired":true,"valueName":"search_term_string"}}],"inLanguage":"es"},{"@type":"Organization","@id":"https:\/\/noticiasmercedinas.com\/site\/#organization","name":"NOTICIASMERCEDINAS.COM","url":"https:\/\/noticiasmercedinas.com\/site\/","logo":{"@type":"ImageObject","inLanguage":"es","@id":"https:\/\/noticiasmercedinas.com\/site\/#\/schema\/logo\/image\/","url":"https:\/\/noticiasmercedinas.com\/site\/wp-content\/uploads\/2020\/06\/LOGO-512.jpg","contentUrl":"https:\/\/noticiasmercedinas.com\/site\/wp-content\/uploads\/2020\/06\/LOGO-512.jpg","width":512,"height":512,"caption":"NOTICIASMERCEDINAS.COM"},"image":{"@id":"https:\/\/noticiasmercedinas.com\/site\/#\/schema\/logo\/image\/"},"sameAs":["https:\/\/www.facebook.com\/noticiasmercedinas\/","https:\/\/x.com\/notmercedinas","https:\/\/www.instagram.com\/noticiasmercedinas\/"]},{"@type":"Person","@id":"https:\/\/noticiasmercedinas.com\/site\/#\/schema\/person\/d481a9696a5feaec13a60e2bbd991a6a","name":"Cristian Falabella NOTICIASMERCEDINAS.COM","image":{"@type":"ImageObject","inLanguage":"es","@id":"https:\/\/secure.gravatar.com\/avatar\/0dbbfc45970cc46bcd0e57766228574ff3511d6eed045b182f536f0f478c1f06?s=96&d=mm&r=g","url":"https:\/\/secure.gravatar.com\/avatar\/0dbbfc45970cc46bcd0e57766228574ff3511d6eed045b182f536f0f478c1f06?s=96&d=mm&r=g","contentUrl":"https:\/\/secure.gravatar.com\/avatar\/0dbbfc45970cc46bcd0e57766228574ff3511d6eed045b182f536f0f478c1f06?s=96&d=mm&r=g","caption":"Cristian Falabella NOTICIASMERCEDINAS.COM"},"description":"Periodista, editor de Noticias Mercedinas. Pas\u00f3 por varias redacciones y emprendimientos de prensa, en distintos formatos y \u00e9pocas. Se especializ\u00f3 --y sigue haci\u00e9ndolo-- en comunicaci\u00f3n en la web y en junio de 2006 fund\u00f3 este diario digital.","sameAs":["https:\/\/noticiasmercedinas.com","https:\/\/www.facebook.com\/cristian.falabella","https:\/\/www.instagram.com\/noticiasmercedinas\/","https:\/\/x.com\/https:\/\/twitter.com\/NOTMERCEDINAS"],"url":"https:\/\/noticiasmercedinas.com\/site\/author\/as000384\/"}]}},"amp_enabled":true,"_links":{"self":[{"href":"https:\/\/noticiasmercedinas.com\/site\/wp-json\/wp\/v2\/posts\/44232","targetHints":{"allow":["GET"]}}],"collection":[{"href":"https:\/\/noticiasmercedinas.com\/site\/wp-json\/wp\/v2\/posts"}],"about":[{"href":"https:\/\/noticiasmercedinas.com\/site\/wp-json\/wp\/v2\/types\/post"}],"author":[{"embeddable":true,"href":"https:\/\/noticiasmercedinas.com\/site\/wp-json\/wp\/v2\/users\/2"}],"replies":[{"embeddable":true,"href":"https:\/\/noticiasmercedinas.com\/site\/wp-json\/wp\/v2\/comments?post=44232"}],"version-history":[{"count":1,"href":"https:\/\/noticiasmercedinas.com\/site\/wp-json\/wp\/v2\/posts\/44232\/revisions"}],"predecessor-version":[{"id":44234,"href":"https:\/\/noticiasmercedinas.com\/site\/wp-json\/wp\/v2\/posts\/44232\/revisions\/44234"}],"wp:featuredmedia":[{"embeddable":true,"href":"https:\/\/noticiasmercedinas.com\/site\/wp-json\/wp\/v2\/media\/44233"}],"wp:attachment":[{"href":"https:\/\/noticiasmercedinas.com\/site\/wp-json\/wp\/v2\/media?parent=44232"}],"wp:term":[{"taxonomy":"category","embeddable":true,"href":"https:\/\/noticiasmercedinas.com\/site\/wp-json\/wp\/v2\/categories?post=44232"},{"taxonomy":"post_tag","embeddable":true,"href":"https:\/\/noticiasmercedinas.com\/site\/wp-json\/wp\/v2\/tags?post=44232"}],"curies":[{"name":"wp","href":"https:\/\/api.w.org\/{rel}","templated":true}]}}