{"id":44251,"date":"2020-04-28T13:49:33","date_gmt":"2020-04-28T16:49:33","guid":{"rendered":"https:\/\/noticiasmercedinas.com\/site\/?p=44251"},"modified":"2020-04-28T13:49:33","modified_gmt":"2020-04-28T16:49:33","slug":"desde-sos-habitat-cuestionan-quema-de-hojas-y-malas-costumbres-vecinales","status":"publish","type":"post","link":"https:\/\/noticiasmercedinas.com\/site\/2020\/04\/28\/desde-sos-habitat-cuestionan-quema-de-hojas-y-malas-costumbres-vecinales\/","title":{"rendered":"Desde SOS H\u00e1bitat cuestionan quema de hojas y malas costumbres vecinales"},"content":{"rendered":"<p><img loading=\"lazy\" decoding=\"async\" class=\"alignnone size-full wp-image-44252\" src=\"https:\/\/noticiasmercedinas.com\/site\/wp-content\/uploads\/2020\/04\/suelo-hojas-oto\u00f1o-1-800-px.jpg\" alt=\"\" width=\"800\" height=\"533\" srcset=\"https:\/\/noticiasmercedinas.com\/site\/wp-content\/uploads\/2020\/04\/suelo-hojas-oto\u00f1o-1-800-px.jpg 800w, https:\/\/noticiasmercedinas.com\/site\/wp-content\/uploads\/2020\/04\/suelo-hojas-oto\u00f1o-1-800-px-300x200.jpg 300w, https:\/\/noticiasmercedinas.com\/site\/wp-content\/uploads\/2020\/04\/suelo-hojas-oto\u00f1o-1-800-px-768x512.jpg 768w, https:\/\/noticiasmercedinas.com\/site\/wp-content\/uploads\/2020\/04\/suelo-hojas-oto\u00f1o-1-800-px-640x426.jpg 640w, https:\/\/noticiasmercedinas.com\/site\/wp-content\/uploads\/2020\/04\/suelo-hojas-oto\u00f1o-1-800-px-681x454.jpg 681w\" sizes=\"auto, (max-width: 800px) 100vw, 800px\" \/><\/p>\n<p>\u201cLas hojas caen, la cuarentena contin\u00faa, y nosotros queremos acercarles compa\u00f1\u00eda y empat\u00eda\u201d, afirman desde la <strong>Asociaci\u00f3n Civil SOS H\u00e1bitat<\/strong> y cuestionan las quemas de hojas que se dan en la ciudad, basadas en malas costumbres vecinales.<\/p>\n<p>\u201cComo Asociaci\u00f3n de Mercedes nos preocupa la situaci\u00f3n que se repite todos los a\u00f1os en esta \u00e9poca, al aumentar los olores a quemado y el humo t\u00f3xico. Muchos de nosotros vivimos con eso todos los d\u00edas, perjudicando nuestra salud\u201d, indican.<\/p>\n<p>\u201cEs por eso que nos comunicamos con algunos vecinos de diferentes zonas del partido para que puedan participar en esta iniciativa y sus voces nos ayuden a recordar algunas costumbres y reflexionar sobre ellas\u201d, dicen.<\/p>\n<p>Algunas an\u00e9cdotas y costumbres mercedinas que destacan son:<\/p>\n<p>&#8211; \u201cMi abuela juntaba hojas y las enterraba, abono para la tierra\u201d<\/p>\n<p>&#8211; \u201cMi pap\u00e1 hacia huerta (hojas y c\u00e1scaras de frutas las usaba como abono)\u201d<\/p>\n<p>&#8211; \u201cCuando era chica en las casas de mis padres ten\u00edamos un gallinero donde tir\u00e1bamos los restos de comida, y el resto de la basura se embolsaba y pasaba un carro que las recolectaba\u201d<\/p>\n<p>&#8211; \u201cNo las junto ni quemo porque vivo en calle de tierra. En el asfalto es distinto\u201d<\/p>\n<p>&#8211; Utilizan le\u00f1a para calefaccionar sus casas en \u00e9poca de invierno con salamandras y estufas en zonas rurales ya que no cuentan con el suministro de gas.<\/p>\n<p>&#8211; \u201cCuando se hizo el asfalto comenz\u00f3 a pasar el cami\u00f3n de la basura y nosotros sal\u00edamos a la noche a colocar la bolsa en el canasto\u201d<\/p>\n<p>&#8211; \u201cEn las calles hoy la gente quema, pero en mi casa no se hac\u00eda ni se hace: yo tiro lo org\u00e1nico en un tacho que tengo en el patio y hago abono, y las hojas decoran mi fondo\u201d<\/p>\n<p>&#8211; \u201cEn mi barrio son adictos a la quema (hojas, pasto reci\u00e9n cortado, basura, todo\u2026)\u201d<\/p>\n<p>&#8211; \u201cNo me molestan las hojas, las embolso porque si llueve tapan desag\u00fces y bocas de tormenta\u201d<\/p>\n<p>&#8211; \u201cTambi\u00e9n recuerdo que ciertos d\u00edas pasaba la barredora y limpiaba el cord\u00f3n del asfalto llev\u00e1ndose hojas, y los vecinos sal\u00edan con una escoba y una pala para mantener la cuadra limpia\u201d<\/p>\n<p>&#8211; \u201cUn d\u00eda era impresionante el humo que hab\u00eda y me tuve que ir de urgencia a que me pongan oxigeno porque no pod\u00eda respirar\u201d<\/p>\n<p>&#8211; \u201cMi pap\u00e1 dec\u00eda que contaminaba el medio ambiente y ayudaba al calentamiento global, eso nos ense\u00f1\u00f3\u201d<\/p>\n<p>&#8211; \u201cMezclo las hojas con la tierra para las macetas\u201d<\/p>\n<p>\u201cDurante a\u00f1os vamos observando que la quema de residuos y hojas\u00a0 &#8211; ramas en \u00e9pocas de oto\u00f1o y en otras \u00e9pocas del a\u00f1o es algo regular en ciertas zonas. Los pobladoras de diferentes ciudades y m\u00e1s a\u00fan zonas rurales por costumbre tiendan a amontonar ramas y hojas y prenderlas fuego. Paro se sigue haciendo tambi\u00e9n \u00abquema de basura\u00bb de todo tipo (cart\u00f3n, latas, aerosoles, neum\u00e1ticos y hasta ropa que ya no usan) provocando m\u00e1s olores que penetran en las casas de los vecinos y contaminando el aire, el suelo y al agua\u201d, objetan, por su parte, los integrantes de SOS Habitat.<\/p>\n<p>\u201cHoy en d\u00eda las poblaciones han aumentado y salvo en zonas muy aisladas donde habitan una o dos familias, llevar a cabo esto es perjudicial a la salud observ\u00e1ndose muchos problemas respiratorios\u201d, completan desde SOS Habitat.<\/p>\n","protected":false},"excerpt":{"rendered":"<p>\u201cLas hojas caen, la cuarentena contin\u00faa, y nosotros queremos acercarles compa\u00f1\u00eda y empat\u00eda\u201d, afirman desde la Asociaci\u00f3n Civil SOS H\u00e1bitat y cuestionan las quemas de hojas que se dan en la ciudad, basadas en malas costumbres vecinales. \u201cComo Asociaci\u00f3n de Mercedes nos preocupa la situaci\u00f3n que se repite todos los a\u00f1os en esta \u00e9poca, al [&hellip;]<\/p>\n","protected":false},"author":16,"featured_media":44252,"comment_status":"open","ping_status":"open","sticky":false,"template":"","format":"standard","meta":{"footnotes":""},"categories":[5754],"tags":[3973,3972,8980,444],"class_list":["post-44251","post","type-post","status-publish","format-standard","has-post-thumbnail","hentry","category-medio-ambiente","tag-hojas","tag-otono","tag-quemas","tag-sos-habitat"],"yoast_head":"<!-- This site is optimized with the Yoast SEO plugin v27.5 - https:\/\/yoast.com\/product\/yoast-seo-wordpress\/ -->\n<title>Desde SOS H\u00e1bitat cuestionan quema de hojas y malas costumbres vecinales<\/title>\n<meta name=\"robots\" content=\"index, follow, max-snippet:-1, max-image-preview:large, max-video-preview:-1\" \/>\n<link rel=\"canonical\" href=\"https:\/\/noticiasmercedinas.com\/site\/2020\/04\/28\/desde-sos-habitat-cuestionan-quema-de-hojas-y-malas-costumbres-vecinales\/\" \/>\n<meta property=\"og:locale\" content=\"es_ES\" \/>\n<meta property=\"og:type\" content=\"article\" \/>\n<meta property=\"og:title\" content=\"Desde SOS H\u00e1bitat cuestionan quema de hojas y malas costumbres vecinales\" \/>\n<meta property=\"og:description\" content=\"\u201cLas hojas caen, la cuarentena contin\u00faa, y nosotros queremos acercarles compa\u00f1\u00eda y empat\u00eda\u201d, afirman desde la Asociaci\u00f3n Civil SOS H\u00e1bitat y cuestionan las quemas de hojas que se dan en la ciudad, basadas en malas costumbres vecinales. \u201cComo Asociaci\u00f3n de Mercedes nos preocupa la situaci\u00f3n que se repite todos los a\u00f1os en esta \u00e9poca, al [&hellip;]\" \/>\n<meta property=\"og:url\" content=\"https:\/\/noticiasmercedinas.com\/site\/2020\/04\/28\/desde-sos-habitat-cuestionan-quema-de-hojas-y-malas-costumbres-vecinales\/\" \/>\n<meta property=\"og:site_name\" content=\"NOTICIASMERCEDINAS.COM\" \/>\n<meta property=\"article:publisher\" content=\"https:\/\/www.facebook.com\/noticiasmercedinas\/\" \/>\n<meta property=\"article:published_time\" content=\"2020-04-28T16:49:33+00:00\" \/>\n<meta property=\"og:image\" content=\"https:\/\/noticiasmercedinas.com\/site\/wp-content\/uploads\/2020\/04\/suelo-hojas-oto\u00f1o-1-800-px.jpg\" \/>\n\t<meta property=\"og:image:width\" content=\"800\" \/>\n\t<meta property=\"og:image:height\" content=\"533\" \/>\n\t<meta property=\"og:image:type\" content=\"image\/jpeg\" \/>\n<meta name=\"author\" content=\"NOTICIASMERCEDINAS.COM\" \/>\n<meta name=\"twitter:card\" content=\"summary_large_image\" \/>\n<meta name=\"twitter:creator\" content=\"@notmercedinas\" \/>\n<meta name=\"twitter:site\" content=\"@notmercedinas\" \/>\n<meta name=\"twitter:label1\" content=\"Escrito por\" \/>\n\t<meta name=\"twitter:data1\" content=\"NOTICIASMERCEDINAS.COM\" \/>\n\t<meta name=\"twitter:label2\" content=\"Tiempo de lectura\" \/>\n\t<meta name=\"twitter:data2\" content=\"3 minutos\" \/>\n<script type=\"application\/ld+json\" class=\"yoast-schema-graph\">{\"@context\":\"https:\\\/\\\/schema.org\",\"@graph\":[{\"@type\":\"Article\",\"@id\":\"https:\\\/\\\/noticiasmercedinas.com\\\/site\\\/2020\\\/04\\\/28\\\/desde-sos-habitat-cuestionan-quema-de-hojas-y-malas-costumbres-vecinales\\\/#article\",\"isPartOf\":{\"@id\":\"https:\\\/\\\/noticiasmercedinas.com\\\/site\\\/2020\\\/04\\\/28\\\/desde-sos-habitat-cuestionan-quema-de-hojas-y-malas-costumbres-vecinales\\\/\"},\"author\":{\"name\":\"NOTICIASMERCEDINAS.COM\",\"@id\":\"https:\\\/\\\/noticiasmercedinas.com\\\/site\\\/#\\\/schema\\\/person\\\/84b59c099c28ff2e8b77d4ceec5d8063\"},\"headline\":\"Desde SOS H\u00e1bitat cuestionan quema de hojas y malas costumbres vecinales\",\"datePublished\":\"2020-04-28T16:49:33+00:00\",\"mainEntityOfPage\":{\"@id\":\"https:\\\/\\\/noticiasmercedinas.com\\\/site\\\/2020\\\/04\\\/28\\\/desde-sos-habitat-cuestionan-quema-de-hojas-y-malas-costumbres-vecinales\\\/\"},\"wordCount\":596,\"commentCount\":0,\"publisher\":{\"@id\":\"https:\\\/\\\/noticiasmercedinas.com\\\/site\\\/#organization\"},\"image\":{\"@id\":\"https:\\\/\\\/noticiasmercedinas.com\\\/site\\\/2020\\\/04\\\/28\\\/desde-sos-habitat-cuestionan-quema-de-hojas-y-malas-costumbres-vecinales\\\/#primaryimage\"},\"thumbnailUrl\":\"https:\\\/\\\/noticiasmercedinas.com\\\/site\\\/wp-content\\\/uploads\\\/2020\\\/04\\\/suelo-hojas-oto\u00f1o-1-800-px.jpg\",\"keywords\":[\"hojas\",\"oto\u00f1o\",\"quemas\",\"sos habitat\"],\"articleSection\":[\"Ambiente\"],\"inLanguage\":\"es\",\"potentialAction\":[{\"@type\":\"CommentAction\",\"name\":\"Comment\",\"target\":[\"https:\\\/\\\/noticiasmercedinas.com\\\/site\\\/2020\\\/04\\\/28\\\/desde-sos-habitat-cuestionan-quema-de-hojas-y-malas-costumbres-vecinales\\\/#respond\"]}]},{\"@type\":\"WebPage\",\"@id\":\"https:\\\/\\\/noticiasmercedinas.com\\\/site\\\/2020\\\/04\\\/28\\\/desde-sos-habitat-cuestionan-quema-de-hojas-y-malas-costumbres-vecinales\\\/\",\"url\":\"https:\\\/\\\/noticiasmercedinas.com\\\/site\\\/2020\\\/04\\\/28\\\/desde-sos-habitat-cuestionan-quema-de-hojas-y-malas-costumbres-vecinales\\\/\",\"name\":\"Desde SOS H\u00e1bitat cuestionan quema de hojas y malas costumbres vecinales\",\"isPartOf\":{\"@id\":\"https:\\\/\\\/noticiasmercedinas.com\\\/site\\\/#website\"},\"primaryImageOfPage\":{\"@id\":\"https:\\\/\\\/noticiasmercedinas.com\\\/site\\\/2020\\\/04\\\/28\\\/desde-sos-habitat-cuestionan-quema-de-hojas-y-malas-costumbres-vecinales\\\/#primaryimage\"},\"image\":{\"@id\":\"https:\\\/\\\/noticiasmercedinas.com\\\/site\\\/2020\\\/04\\\/28\\\/desde-sos-habitat-cuestionan-quema-de-hojas-y-malas-costumbres-vecinales\\\/#primaryimage\"},\"thumbnailUrl\":\"https:\\\/\\\/noticiasmercedinas.com\\\/site\\\/wp-content\\\/uploads\\\/2020\\\/04\\\/suelo-hojas-oto\u00f1o-1-800-px.jpg\",\"datePublished\":\"2020-04-28T16:49:33+00:00\",\"breadcrumb\":{\"@id\":\"https:\\\/\\\/noticiasmercedinas.com\\\/site\\\/2020\\\/04\\\/28\\\/desde-sos-habitat-cuestionan-quema-de-hojas-y-malas-costumbres-vecinales\\\/#breadcrumb\"},\"inLanguage\":\"es\",\"potentialAction\":[{\"@type\":\"ReadAction\",\"target\":[\"https:\\\/\\\/noticiasmercedinas.com\\\/site\\\/2020\\\/04\\\/28\\\/desde-sos-habitat-cuestionan-quema-de-hojas-y-malas-costumbres-vecinales\\\/\"]}]},{\"@type\":\"ImageObject\",\"inLanguage\":\"es\",\"@id\":\"https:\\\/\\\/noticiasmercedinas.com\\\/site\\\/2020\\\/04\\\/28\\\/desde-sos-habitat-cuestionan-quema-de-hojas-y-malas-costumbres-vecinales\\\/#primaryimage\",\"url\":\"https:\\\/\\\/noticiasmercedinas.com\\\/site\\\/wp-content\\\/uploads\\\/2020\\\/04\\\/suelo-hojas-oto\u00f1o-1-800-px.jpg\",\"contentUrl\":\"https:\\\/\\\/noticiasmercedinas.com\\\/site\\\/wp-content\\\/uploads\\\/2020\\\/04\\\/suelo-hojas-oto\u00f1o-1-800-px.jpg\",\"width\":800,\"height\":533},{\"@type\":\"BreadcrumbList\",\"@id\":\"https:\\\/\\\/noticiasmercedinas.com\\\/site\\\/2020\\\/04\\\/28\\\/desde-sos-habitat-cuestionan-quema-de-hojas-y-malas-costumbres-vecinales\\\/#breadcrumb\",\"itemListElement\":[{\"@type\":\"ListItem\",\"position\":1,\"name\":\"Portada\",\"item\":\"https:\\\/\\\/noticiasmercedinas.com\\\/site\\\/\"},{\"@type\":\"ListItem\",\"position\":2,\"name\":\"Desde SOS H\u00e1bitat cuestionan quema de hojas y malas costumbres vecinales\"}]},{\"@type\":\"WebSite\",\"@id\":\"https:\\\/\\\/noticiasmercedinas.com\\\/site\\\/#website\",\"url\":\"https:\\\/\\\/noticiasmercedinas.com\\\/site\\\/\",\"name\":\"NOTICIASMERCEDINAS.COM\",\"description\":\"Mercedes, Buenos Aires, Argentina\",\"publisher\":{\"@id\":\"https:\\\/\\\/noticiasmercedinas.com\\\/site\\\/#organization\"},\"potentialAction\":[{\"@type\":\"SearchAction\",\"target\":{\"@type\":\"EntryPoint\",\"urlTemplate\":\"https:\\\/\\\/noticiasmercedinas.com\\\/site\\\/?s={search_term_string}\"},\"query-input\":{\"@type\":\"PropertyValueSpecification\",\"valueRequired\":true,\"valueName\":\"search_term_string\"}}],\"inLanguage\":\"es\"},{\"@type\":\"Organization\",\"@id\":\"https:\\\/\\\/noticiasmercedinas.com\\\/site\\\/#organization\",\"name\":\"NOTICIASMERCEDINAS.COM\",\"url\":\"https:\\\/\\\/noticiasmercedinas.com\\\/site\\\/\",\"logo\":{\"@type\":\"ImageObject\",\"inLanguage\":\"es\",\"@id\":\"https:\\\/\\\/noticiasmercedinas.com\\\/site\\\/#\\\/schema\\\/logo\\\/image\\\/\",\"url\":\"https:\\\/\\\/noticiasmercedinas.com\\\/site\\\/wp-content\\\/uploads\\\/2020\\\/06\\\/LOGO-512.jpg\",\"contentUrl\":\"https:\\\/\\\/noticiasmercedinas.com\\\/site\\\/wp-content\\\/uploads\\\/2020\\\/06\\\/LOGO-512.jpg\",\"width\":512,\"height\":512,\"caption\":\"NOTICIASMERCEDINAS.COM\"},\"image\":{\"@id\":\"https:\\\/\\\/noticiasmercedinas.com\\\/site\\\/#\\\/schema\\\/logo\\\/image\\\/\"},\"sameAs\":[\"https:\\\/\\\/www.facebook.com\\\/noticiasmercedinas\\\/\",\"https:\\\/\\\/x.com\\\/notmercedinas\",\"https:\\\/\\\/www.instagram.com\\\/noticiasmercedinas\\\/\"]},{\"@type\":\"Person\",\"@id\":\"https:\\\/\\\/noticiasmercedinas.com\\\/site\\\/#\\\/schema\\\/person\\\/84b59c099c28ff2e8b77d4ceec5d8063\",\"name\":\"NOTICIASMERCEDINAS.COM\",\"image\":{\"@type\":\"ImageObject\",\"inLanguage\":\"es\",\"@id\":\"https:\\\/\\\/secure.gravatar.com\\\/avatar\\\/4dfbf16b4d17945bfb6341b2d19043457132fcf478a5ee04f42e959fd8f5df0a?s=96&d=mm&r=g\",\"url\":\"https:\\\/\\\/secure.gravatar.com\\\/avatar\\\/4dfbf16b4d17945bfb6341b2d19043457132fcf478a5ee04f42e959fd8f5df0a?s=96&d=mm&r=g\",\"contentUrl\":\"https:\\\/\\\/secure.gravatar.com\\\/avatar\\\/4dfbf16b4d17945bfb6341b2d19043457132fcf478a5ee04f42e959fd8f5df0a?s=96&d=mm&r=g\",\"caption\":\"NOTICIASMERCEDINAS.COM\"},\"url\":\"https:\\\/\\\/noticiasmercedinas.com\\\/site\\\/author\\\/anonimo\\\/\"}]}<\/script>\n<!-- \/ Yoast SEO plugin. -->","yoast_head_json":{"title":"Desde SOS H\u00e1bitat cuestionan quema de hojas y malas costumbres vecinales","robots":{"index":"index","follow":"follow","max-snippet":"max-snippet:-1","max-image-preview":"max-image-preview:large","max-video-preview":"max-video-preview:-1"},"canonical":"https:\/\/noticiasmercedinas.com\/site\/2020\/04\/28\/desde-sos-habitat-cuestionan-quema-de-hojas-y-malas-costumbres-vecinales\/","og_locale":"es_ES","og_type":"article","og_title":"Desde SOS H\u00e1bitat cuestionan quema de hojas y malas costumbres vecinales","og_description":"\u201cLas hojas caen, la cuarentena contin\u00faa, y nosotros queremos acercarles compa\u00f1\u00eda y empat\u00eda\u201d, afirman desde la Asociaci\u00f3n Civil SOS H\u00e1bitat y cuestionan las quemas de hojas que se dan en la ciudad, basadas en malas costumbres vecinales. \u201cComo Asociaci\u00f3n de Mercedes nos preocupa la situaci\u00f3n que se repite todos los a\u00f1os en esta \u00e9poca, al [&hellip;]","og_url":"https:\/\/noticiasmercedinas.com\/site\/2020\/04\/28\/desde-sos-habitat-cuestionan-quema-de-hojas-y-malas-costumbres-vecinales\/","og_site_name":"NOTICIASMERCEDINAS.COM","article_publisher":"https:\/\/www.facebook.com\/noticiasmercedinas\/","article_published_time":"2020-04-28T16:49:33+00:00","og_image":[{"width":800,"height":533,"url":"https:\/\/noticiasmercedinas.com\/site\/wp-content\/uploads\/2020\/04\/suelo-hojas-oto\u00f1o-1-800-px.jpg","type":"image\/jpeg"}],"author":"NOTICIASMERCEDINAS.COM","twitter_card":"summary_large_image","twitter_creator":"@notmercedinas","twitter_site":"@notmercedinas","twitter_misc":{"Escrito por":"NOTICIASMERCEDINAS.COM","Tiempo de lectura":"3 minutos"},"schema":{"@context":"https:\/\/schema.org","@graph":[{"@type":"Article","@id":"https:\/\/noticiasmercedinas.com\/site\/2020\/04\/28\/desde-sos-habitat-cuestionan-quema-de-hojas-y-malas-costumbres-vecinales\/#article","isPartOf":{"@id":"https:\/\/noticiasmercedinas.com\/site\/2020\/04\/28\/desde-sos-habitat-cuestionan-quema-de-hojas-y-malas-costumbres-vecinales\/"},"author":{"name":"NOTICIASMERCEDINAS.COM","@id":"https:\/\/noticiasmercedinas.com\/site\/#\/schema\/person\/84b59c099c28ff2e8b77d4ceec5d8063"},"headline":"Desde SOS H\u00e1bitat cuestionan quema de hojas y malas costumbres vecinales","datePublished":"2020-04-28T16:49:33+00:00","mainEntityOfPage":{"@id":"https:\/\/noticiasmercedinas.com\/site\/2020\/04\/28\/desde-sos-habitat-cuestionan-quema-de-hojas-y-malas-costumbres-vecinales\/"},"wordCount":596,"commentCount":0,"publisher":{"@id":"https:\/\/noticiasmercedinas.com\/site\/#organization"},"image":{"@id":"https:\/\/noticiasmercedinas.com\/site\/2020\/04\/28\/desde-sos-habitat-cuestionan-quema-de-hojas-y-malas-costumbres-vecinales\/#primaryimage"},"thumbnailUrl":"https:\/\/noticiasmercedinas.com\/site\/wp-content\/uploads\/2020\/04\/suelo-hojas-oto\u00f1o-1-800-px.jpg","keywords":["hojas","oto\u00f1o","quemas","sos habitat"],"articleSection":["Ambiente"],"inLanguage":"es","potentialAction":[{"@type":"CommentAction","name":"Comment","target":["https:\/\/noticiasmercedinas.com\/site\/2020\/04\/28\/desde-sos-habitat-cuestionan-quema-de-hojas-y-malas-costumbres-vecinales\/#respond"]}]},{"@type":"WebPage","@id":"https:\/\/noticiasmercedinas.com\/site\/2020\/04\/28\/desde-sos-habitat-cuestionan-quema-de-hojas-y-malas-costumbres-vecinales\/","url":"https:\/\/noticiasmercedinas.com\/site\/2020\/04\/28\/desde-sos-habitat-cuestionan-quema-de-hojas-y-malas-costumbres-vecinales\/","name":"Desde SOS H\u00e1bitat cuestionan quema de hojas y malas costumbres vecinales","isPartOf":{"@id":"https:\/\/noticiasmercedinas.com\/site\/#website"},"primaryImageOfPage":{"@id":"https:\/\/noticiasmercedinas.com\/site\/2020\/04\/28\/desde-sos-habitat-cuestionan-quema-de-hojas-y-malas-costumbres-vecinales\/#primaryimage"},"image":{"@id":"https:\/\/noticiasmercedinas.com\/site\/2020\/04\/28\/desde-sos-habitat-cuestionan-quema-de-hojas-y-malas-costumbres-vecinales\/#primaryimage"},"thumbnailUrl":"https:\/\/noticiasmercedinas.com\/site\/wp-content\/uploads\/2020\/04\/suelo-hojas-oto\u00f1o-1-800-px.jpg","datePublished":"2020-04-28T16:49:33+00:00","breadcrumb":{"@id":"https:\/\/noticiasmercedinas.com\/site\/2020\/04\/28\/desde-sos-habitat-cuestionan-quema-de-hojas-y-malas-costumbres-vecinales\/#breadcrumb"},"inLanguage":"es","potentialAction":[{"@type":"ReadAction","target":["https:\/\/noticiasmercedinas.com\/site\/2020\/04\/28\/desde-sos-habitat-cuestionan-quema-de-hojas-y-malas-costumbres-vecinales\/"]}]},{"@type":"ImageObject","inLanguage":"es","@id":"https:\/\/noticiasmercedinas.com\/site\/2020\/04\/28\/desde-sos-habitat-cuestionan-quema-de-hojas-y-malas-costumbres-vecinales\/#primaryimage","url":"https:\/\/noticiasmercedinas.com\/site\/wp-content\/uploads\/2020\/04\/suelo-hojas-oto\u00f1o-1-800-px.jpg","contentUrl":"https:\/\/noticiasmercedinas.com\/site\/wp-content\/uploads\/2020\/04\/suelo-hojas-oto\u00f1o-1-800-px.jpg","width":800,"height":533},{"@type":"BreadcrumbList","@id":"https:\/\/noticiasmercedinas.com\/site\/2020\/04\/28\/desde-sos-habitat-cuestionan-quema-de-hojas-y-malas-costumbres-vecinales\/#breadcrumb","itemListElement":[{"@type":"ListItem","position":1,"name":"Portada","item":"https:\/\/noticiasmercedinas.com\/site\/"},{"@type":"ListItem","position":2,"name":"Desde SOS H\u00e1bitat cuestionan quema de hojas y malas costumbres vecinales"}]},{"@type":"WebSite","@id":"https:\/\/noticiasmercedinas.com\/site\/#website","url":"https:\/\/noticiasmercedinas.com\/site\/","name":"NOTICIASMERCEDINAS.COM","description":"Mercedes, Buenos Aires, Argentina","publisher":{"@id":"https:\/\/noticiasmercedinas.com\/site\/#organization"},"potentialAction":[{"@type":"SearchAction","target":{"@type":"EntryPoint","urlTemplate":"https:\/\/noticiasmercedinas.com\/site\/?s={search_term_string}"},"query-input":{"@type":"PropertyValueSpecification","valueRequired":true,"valueName":"search_term_string"}}],"inLanguage":"es"},{"@type":"Organization","@id":"https:\/\/noticiasmercedinas.com\/site\/#organization","name":"NOTICIASMERCEDINAS.COM","url":"https:\/\/noticiasmercedinas.com\/site\/","logo":{"@type":"ImageObject","inLanguage":"es","@id":"https:\/\/noticiasmercedinas.com\/site\/#\/schema\/logo\/image\/","url":"https:\/\/noticiasmercedinas.com\/site\/wp-content\/uploads\/2020\/06\/LOGO-512.jpg","contentUrl":"https:\/\/noticiasmercedinas.com\/site\/wp-content\/uploads\/2020\/06\/LOGO-512.jpg","width":512,"height":512,"caption":"NOTICIASMERCEDINAS.COM"},"image":{"@id":"https:\/\/noticiasmercedinas.com\/site\/#\/schema\/logo\/image\/"},"sameAs":["https:\/\/www.facebook.com\/noticiasmercedinas\/","https:\/\/x.com\/notmercedinas","https:\/\/www.instagram.com\/noticiasmercedinas\/"]},{"@type":"Person","@id":"https:\/\/noticiasmercedinas.com\/site\/#\/schema\/person\/84b59c099c28ff2e8b77d4ceec5d8063","name":"NOTICIASMERCEDINAS.COM","image":{"@type":"ImageObject","inLanguage":"es","@id":"https:\/\/secure.gravatar.com\/avatar\/4dfbf16b4d17945bfb6341b2d19043457132fcf478a5ee04f42e959fd8f5df0a?s=96&d=mm&r=g","url":"https:\/\/secure.gravatar.com\/avatar\/4dfbf16b4d17945bfb6341b2d19043457132fcf478a5ee04f42e959fd8f5df0a?s=96&d=mm&r=g","contentUrl":"https:\/\/secure.gravatar.com\/avatar\/4dfbf16b4d17945bfb6341b2d19043457132fcf478a5ee04f42e959fd8f5df0a?s=96&d=mm&r=g","caption":"NOTICIASMERCEDINAS.COM"},"url":"https:\/\/noticiasmercedinas.com\/site\/author\/anonimo\/"}]}},"amp_enabled":true,"_links":{"self":[{"href":"https:\/\/noticiasmercedinas.com\/site\/wp-json\/wp\/v2\/posts\/44251","targetHints":{"allow":["GET"]}}],"collection":[{"href":"https:\/\/noticiasmercedinas.com\/site\/wp-json\/wp\/v2\/posts"}],"about":[{"href":"https:\/\/noticiasmercedinas.com\/site\/wp-json\/wp\/v2\/types\/post"}],"author":[{"embeddable":true,"href":"https:\/\/noticiasmercedinas.com\/site\/wp-json\/wp\/v2\/users\/16"}],"replies":[{"embeddable":true,"href":"https:\/\/noticiasmercedinas.com\/site\/wp-json\/wp\/v2\/comments?post=44251"}],"version-history":[{"count":1,"href":"https:\/\/noticiasmercedinas.com\/site\/wp-json\/wp\/v2\/posts\/44251\/revisions"}],"predecessor-version":[{"id":44253,"href":"https:\/\/noticiasmercedinas.com\/site\/wp-json\/wp\/v2\/posts\/44251\/revisions\/44253"}],"wp:featuredmedia":[{"embeddable":true,"href":"https:\/\/noticiasmercedinas.com\/site\/wp-json\/wp\/v2\/media\/44252"}],"wp:attachment":[{"href":"https:\/\/noticiasmercedinas.com\/site\/wp-json\/wp\/v2\/media?parent=44251"}],"wp:term":[{"taxonomy":"category","embeddable":true,"href":"https:\/\/noticiasmercedinas.com\/site\/wp-json\/wp\/v2\/categories?post=44251"},{"taxonomy":"post_tag","embeddable":true,"href":"https:\/\/noticiasmercedinas.com\/site\/wp-json\/wp\/v2\/tags?post=44251"}],"curies":[{"name":"wp","href":"https:\/\/api.w.org\/{rel}","templated":true}]}}