{"id":44304,"date":"2020-04-29T13:07:25","date_gmt":"2020-04-29T16:07:25","guid":{"rendered":"https:\/\/noticiasmercedinas.com\/site\/?p=44304"},"modified":"2020-04-29T13:20:06","modified_gmt":"2020-04-29T16:20:06","slug":"sin-estado-municipal-provincial-pisano","status":"publish","type":"post","link":"https:\/\/noticiasmercedinas.com\/site\/2020\/04\/29\/sin-estado-municipal-provincial-pisano\/","title":{"rendered":"Pisano: \u201cSin un Estado Municipal y Provincial presentes ser\u00eda mucho m\u00e1s dif\u00edcil\u201d"},"content":{"rendered":"<p><img loading=\"lazy\" decoding=\"async\" class=\"alignnone wp-image-44305 size-full\" src=\"https:\/\/noticiasmercedinas.com\/site\/wp-content\/uploads\/2020\/04\/0b63aa65-3986-486c-8540-0326e200b2f8.jpg\" alt=\"\" width=\"1280\" height=\"960\" srcset=\"https:\/\/noticiasmercedinas.com\/site\/wp-content\/uploads\/2020\/04\/0b63aa65-3986-486c-8540-0326e200b2f8.jpg 1280w, https:\/\/noticiasmercedinas.com\/site\/wp-content\/uploads\/2020\/04\/0b63aa65-3986-486c-8540-0326e200b2f8-300x225.jpg 300w, https:\/\/noticiasmercedinas.com\/site\/wp-content\/uploads\/2020\/04\/0b63aa65-3986-486c-8540-0326e200b2f8-1024x768.jpg 1024w, https:\/\/noticiasmercedinas.com\/site\/wp-content\/uploads\/2020\/04\/0b63aa65-3986-486c-8540-0326e200b2f8-768x576.jpg 768w, https:\/\/noticiasmercedinas.com\/site\/wp-content\/uploads\/2020\/04\/0b63aa65-3986-486c-8540-0326e200b2f8-80x60.jpg 80w, https:\/\/noticiasmercedinas.com\/site\/wp-content\/uploads\/2020\/04\/0b63aa65-3986-486c-8540-0326e200b2f8-160x120.jpg 160w, https:\/\/noticiasmercedinas.com\/site\/wp-content\/uploads\/2020\/04\/0b63aa65-3986-486c-8540-0326e200b2f8-100x75.jpg 100w, https:\/\/noticiasmercedinas.com\/site\/wp-content\/uploads\/2020\/04\/0b63aa65-3986-486c-8540-0326e200b2f8-200x150.jpg 200w, https:\/\/noticiasmercedinas.com\/site\/wp-content\/uploads\/2020\/04\/0b63aa65-3986-486c-8540-0326e200b2f8-180x135.jpg 180w, https:\/\/noticiasmercedinas.com\/site\/wp-content\/uploads\/2020\/04\/0b63aa65-3986-486c-8540-0326e200b2f8-360x270.jpg 360w, https:\/\/noticiasmercedinas.com\/site\/wp-content\/uploads\/2020\/04\/0b63aa65-3986-486c-8540-0326e200b2f8-238x178.jpg 238w, https:\/\/noticiasmercedinas.com\/site\/wp-content\/uploads\/2020\/04\/0b63aa65-3986-486c-8540-0326e200b2f8-476x356.jpg 476w, https:\/\/noticiasmercedinas.com\/site\/wp-content\/uploads\/2020\/04\/0b63aa65-3986-486c-8540-0326e200b2f8-640x480.jpg 640w, https:\/\/noticiasmercedinas.com\/site\/wp-content\/uploads\/2020\/04\/0b63aa65-3986-486c-8540-0326e200b2f8-681x511.jpg 681w\" sizes=\"auto, (max-width: 1280px) 100vw, 1280px\" \/><\/p>\n<p>En el marco de suspensi\u00f3n de clases por la pandemia, desde el Consejo Escolar de Mercedes se llevan adelante importantes acciones. \u201cSin un Estado Municipal y Provincial presentes ser\u00eda mucho m\u00e1s dif\u00edcil\u201d, destac\u00f3 <strong>Jos\u00e9 Luis Pisano<\/strong>, presidente del Consejo.<\/p>\n<p>\u201cVenimos transitando tiempos muy complejos para el conjunto de nuestro pueblo, con una pandemia que va profundizar la situaci\u00f3n de miles de vecinos que ven\u00edan sufriendo la ausencia del Estado y un modelo econ\u00f3mico que privilegi\u00f3 claramente al sistema financiero por sobre los intereses de los argentinos\u201d, dijo y remarc\u00f3 que en poco tiempo \u201cpasamos de tener una gesti\u00f3n que priorizaba\u00a0 lo individual y meritocr\u00e1tico para pasar a un modelo de Estado, pero sobre todo de sociedad, que realce\u00a0 lo colectivo y solidario\u201d.<\/p>\n<p>\u201cDesde que asumimos en el Consejo Escolar trabajamos para revertir una metodolog\u00eda de trabajo que no dio resultados, y comenzamos a generar las condiciones necesarias para que todos los bloques trabajemos unidos, coordinados y pensando en lo m\u00e1s importante que es dar respuestas a las diferentes problem\u00e1ticas que nos presentas los docentes y auxiliares de nuestras escuelas\u201d, indic\u00f3 Pisano. \u201cEs en este marco que nos encuentra la pandemia, con suspensi\u00f3n de clases y modificando radicalmente nuestra manera de trabajar\u201d, dijo.<\/p>\n<p>\u201cDesde el primer d\u00eda de la suspensi\u00f3n de clases venimos entregando bolsones de alimentos en m\u00e1s de 60 escuelas p\u00fablicas de todos los niveles, tanto las que cuentan con comedor como aquellas que cuentan con desayuno o merienda, siendo los mismos productos para todos. Durante la primera quincena del mes de abril entregamos cuatro mil bolsones, y para la segunda quincena se terminar\u00e1n entregando unos 4600, n\u00fameros que lamentablemente van creciendo semana a semana. Estos bolsones cuentan con 13 productos (aceite, harina, leche en polvo, arroz, lentejas, arvejas, fideos de dos tipos, pur\u00e9 de tomates, yerba, az\u00facar, galletitas y polenta) que fue elaborado por la provincia\u201d, detall\u00f3 Pisano e indic\u00f3 que es importante \u00a0destacar el enorme esfuerzo permanente que se realizan desde los Gobiernos Provincial y Municipal \u201cpara que logremos los objetivos que nos planteamos\u201d: \u201cDesde la provincia se duplic\u00f3 la inversi\u00f3n para el Servicio Alimentario Escolar y se trabaja desde el primer d\u00eda fuertemente en la continuidad pedag\u00f3gica. Por otro lado, la Municipalidad ha puesto a todo lo relacionado a la log\u00edstica de este duro trabajo de distribuci\u00f3n por todo el partido de los productos alimenticios poniendo a nuestra disposici\u00f3n trabajadores, camiones y camionetas y el espacio para la recepci\u00f3n, organizaci\u00f3n y armado de los paquetes de productos. Sin estas decisiones pol\u00edticas de acompa\u00f1ar a quienes peor atraviesan la pandemia, no podr\u00edamos estar haciendo nada de todo lo que hacemos\u201d, dijeron.<\/p>\n<p>\u201cPor \u00faltimo, no podemos dejar pasar el compromiso de los directivos, docentes y auxiliares que son quienes se pusieron al hombro la apertura de las escuelas, la organizaci\u00f3n de las entregas a las familias, la limpieza de los espacios y por supuesto, todo esto sumado a su tareas diarias en el marco de la necesidad de realizar actividades para dar la continuidad pedag\u00f3gica. Este tema es necesario que lo resaltemos y\u00a0 ya realizaremos un an\u00e1lisis m\u00e1s profundo y especial\u201d, complet\u00f3 Pisano.<\/p>\n<p><img loading=\"lazy\" decoding=\"async\" class=\"alignnone size-full wp-image-44306\" src=\"https:\/\/noticiasmercedinas.com\/site\/wp-content\/uploads\/2020\/04\/fa6af67d-4d79-4614-b2cf-1efe14a50cd0.jpg\" alt=\"\" width=\"1280\" height=\"960\" srcset=\"https:\/\/noticiasmercedinas.com\/site\/wp-content\/uploads\/2020\/04\/fa6af67d-4d79-4614-b2cf-1efe14a50cd0.jpg 1280w, https:\/\/noticiasmercedinas.com\/site\/wp-content\/uploads\/2020\/04\/fa6af67d-4d79-4614-b2cf-1efe14a50cd0-300x225.jpg 300w, https:\/\/noticiasmercedinas.com\/site\/wp-content\/uploads\/2020\/04\/fa6af67d-4d79-4614-b2cf-1efe14a50cd0-1024x768.jpg 1024w, https:\/\/noticiasmercedinas.com\/site\/wp-content\/uploads\/2020\/04\/fa6af67d-4d79-4614-b2cf-1efe14a50cd0-768x576.jpg 768w, https:\/\/noticiasmercedinas.com\/site\/wp-content\/uploads\/2020\/04\/fa6af67d-4d79-4614-b2cf-1efe14a50cd0-80x60.jpg 80w, https:\/\/noticiasmercedinas.com\/site\/wp-content\/uploads\/2020\/04\/fa6af67d-4d79-4614-b2cf-1efe14a50cd0-160x120.jpg 160w, https:\/\/noticiasmercedinas.com\/site\/wp-content\/uploads\/2020\/04\/fa6af67d-4d79-4614-b2cf-1efe14a50cd0-100x75.jpg 100w, https:\/\/noticiasmercedinas.com\/site\/wp-content\/uploads\/2020\/04\/fa6af67d-4d79-4614-b2cf-1efe14a50cd0-200x150.jpg 200w, https:\/\/noticiasmercedinas.com\/site\/wp-content\/uploads\/2020\/04\/fa6af67d-4d79-4614-b2cf-1efe14a50cd0-180x135.jpg 180w, https:\/\/noticiasmercedinas.com\/site\/wp-content\/uploads\/2020\/04\/fa6af67d-4d79-4614-b2cf-1efe14a50cd0-360x270.jpg 360w, https:\/\/noticiasmercedinas.com\/site\/wp-content\/uploads\/2020\/04\/fa6af67d-4d79-4614-b2cf-1efe14a50cd0-238x178.jpg 238w, https:\/\/noticiasmercedinas.com\/site\/wp-content\/uploads\/2020\/04\/fa6af67d-4d79-4614-b2cf-1efe14a50cd0-476x356.jpg 476w, https:\/\/noticiasmercedinas.com\/site\/wp-content\/uploads\/2020\/04\/fa6af67d-4d79-4614-b2cf-1efe14a50cd0-640x480.jpg 640w, https:\/\/noticiasmercedinas.com\/site\/wp-content\/uploads\/2020\/04\/fa6af67d-4d79-4614-b2cf-1efe14a50cd0-681x511.jpg 681w\" sizes=\"auto, (max-width: 1280px) 100vw, 1280px\" \/><\/p>\n","protected":false},"excerpt":{"rendered":"<p>En el marco de suspensi\u00f3n de clases por la pandemia, desde el Consejo Escolar de Mercedes se llevan adelante importantes acciones. \u201cSin un Estado Municipal y Provincial presentes ser\u00eda mucho m\u00e1s dif\u00edcil\u201d, destac\u00f3 Jos\u00e9 Luis Pisano, presidente del Consejo. \u201cVenimos transitando tiempos muy complejos para el conjunto de nuestro pueblo, con una pandemia que va [&hellip;]<\/p>\n","protected":false},"author":16,"featured_media":44305,"comment_status":"open","ping_status":"open","sticky":false,"template":"","format":"standard","meta":{"footnotes":""},"categories":[16],"tags":[267,268,8663],"class_list":["post-44304","post","type-post","status-publish","format-standard","has-post-thumbnail","hentry","category-politica","tag-consejo-escolar","tag-jose-luis-pisano","tag-pandemia"],"yoast_head":"<!-- This site is optimized with the Yoast SEO plugin v27.5 - https:\/\/yoast.com\/product\/yoast-seo-wordpress\/ -->\n<title>Pisano: \u201cSin un Estado Municipal y Provincial presentes ser\u00eda mucho m\u00e1s dif\u00edcil\u201d<\/title>\n<meta name=\"robots\" content=\"index, follow, max-snippet:-1, max-image-preview:large, max-video-preview:-1\" \/>\n<link rel=\"canonical\" href=\"https:\/\/noticiasmercedinas.com\/site\/2020\/04\/29\/sin-estado-municipal-provincial-pisano\/\" \/>\n<meta property=\"og:locale\" content=\"es_ES\" \/>\n<meta property=\"og:type\" content=\"article\" \/>\n<meta property=\"og:title\" content=\"Pisano: \u201cSin un Estado Municipal y Provincial presentes ser\u00eda mucho m\u00e1s dif\u00edcil\u201d\" \/>\n<meta property=\"og:description\" content=\"En el marco de suspensi\u00f3n de clases por la pandemia, desde el Consejo Escolar de Mercedes se llevan adelante importantes acciones. \u201cSin un Estado Municipal y Provincial presentes ser\u00eda mucho m\u00e1s dif\u00edcil\u201d, destac\u00f3 Jos\u00e9 Luis Pisano, presidente del Consejo. \u201cVenimos transitando tiempos muy complejos para el conjunto de nuestro pueblo, con una pandemia que va [&hellip;]\" \/>\n<meta property=\"og:url\" content=\"https:\/\/noticiasmercedinas.com\/site\/2020\/04\/29\/sin-estado-municipal-provincial-pisano\/\" \/>\n<meta property=\"og:site_name\" content=\"NOTICIASMERCEDINAS.COM\" \/>\n<meta property=\"article:publisher\" content=\"https:\/\/www.facebook.com\/noticiasmercedinas\/\" \/>\n<meta property=\"article:published_time\" content=\"2020-04-29T16:07:25+00:00\" \/>\n<meta property=\"article:modified_time\" content=\"2020-04-29T16:20:06+00:00\" \/>\n<meta property=\"og:image\" content=\"https:\/\/noticiasmercedinas.com\/site\/wp-content\/uploads\/2020\/04\/0b63aa65-3986-486c-8540-0326e200b2f8.jpg\" \/>\n\t<meta property=\"og:image:width\" content=\"1280\" \/>\n\t<meta property=\"og:image:height\" content=\"960\" \/>\n\t<meta property=\"og:image:type\" content=\"image\/jpeg\" \/>\n<meta name=\"author\" content=\"NOTICIASMERCEDINAS.COM\" \/>\n<meta name=\"twitter:card\" content=\"summary_large_image\" \/>\n<meta name=\"twitter:creator\" content=\"@notmercedinas\" \/>\n<meta name=\"twitter:site\" content=\"@notmercedinas\" \/>\n<meta name=\"twitter:label1\" content=\"Escrito por\" \/>\n\t<meta name=\"twitter:data1\" content=\"NOTICIASMERCEDINAS.COM\" \/>\n\t<meta name=\"twitter:label2\" content=\"Tiempo de lectura\" \/>\n\t<meta name=\"twitter:data2\" content=\"3 minutos\" \/>\n<script type=\"application\/ld+json\" class=\"yoast-schema-graph\">{\"@context\":\"https:\\\/\\\/schema.org\",\"@graph\":[{\"@type\":\"Article\",\"@id\":\"https:\\\/\\\/noticiasmercedinas.com\\\/site\\\/2020\\\/04\\\/29\\\/sin-estado-municipal-provincial-pisano\\\/#article\",\"isPartOf\":{\"@id\":\"https:\\\/\\\/noticiasmercedinas.com\\\/site\\\/2020\\\/04\\\/29\\\/sin-estado-municipal-provincial-pisano\\\/\"},\"author\":{\"name\":\"NOTICIASMERCEDINAS.COM\",\"@id\":\"https:\\\/\\\/noticiasmercedinas.com\\\/site\\\/#\\\/schema\\\/person\\\/84b59c099c28ff2e8b77d4ceec5d8063\"},\"headline\":\"Pisano: \u201cSin un Estado Municipal y Provincial presentes ser\u00eda mucho m\u00e1s dif\u00edcil\u201d\",\"datePublished\":\"2020-04-29T16:07:25+00:00\",\"dateModified\":\"2020-04-29T16:20:06+00:00\",\"mainEntityOfPage\":{\"@id\":\"https:\\\/\\\/noticiasmercedinas.com\\\/site\\\/2020\\\/04\\\/29\\\/sin-estado-municipal-provincial-pisano\\\/\"},\"wordCount\":562,\"commentCount\":0,\"publisher\":{\"@id\":\"https:\\\/\\\/noticiasmercedinas.com\\\/site\\\/#organization\"},\"image\":{\"@id\":\"https:\\\/\\\/noticiasmercedinas.com\\\/site\\\/2020\\\/04\\\/29\\\/sin-estado-municipal-provincial-pisano\\\/#primaryimage\"},\"thumbnailUrl\":\"https:\\\/\\\/noticiasmercedinas.com\\\/site\\\/wp-content\\\/uploads\\\/2020\\\/04\\\/0b63aa65-3986-486c-8540-0326e200b2f8.jpg\",\"keywords\":[\"consejo escolar\",\"jose luis pisano\",\"pandemia\"],\"articleSection\":[\"Politica\"],\"inLanguage\":\"es\",\"potentialAction\":[{\"@type\":\"CommentAction\",\"name\":\"Comment\",\"target\":[\"https:\\\/\\\/noticiasmercedinas.com\\\/site\\\/2020\\\/04\\\/29\\\/sin-estado-municipal-provincial-pisano\\\/#respond\"]}]},{\"@type\":\"WebPage\",\"@id\":\"https:\\\/\\\/noticiasmercedinas.com\\\/site\\\/2020\\\/04\\\/29\\\/sin-estado-municipal-provincial-pisano\\\/\",\"url\":\"https:\\\/\\\/noticiasmercedinas.com\\\/site\\\/2020\\\/04\\\/29\\\/sin-estado-municipal-provincial-pisano\\\/\",\"name\":\"Pisano: \u201cSin un Estado Municipal y Provincial presentes ser\u00eda mucho m\u00e1s dif\u00edcil\u201d\",\"isPartOf\":{\"@id\":\"https:\\\/\\\/noticiasmercedinas.com\\\/site\\\/#website\"},\"primaryImageOfPage\":{\"@id\":\"https:\\\/\\\/noticiasmercedinas.com\\\/site\\\/2020\\\/04\\\/29\\\/sin-estado-municipal-provincial-pisano\\\/#primaryimage\"},\"image\":{\"@id\":\"https:\\\/\\\/noticiasmercedinas.com\\\/site\\\/2020\\\/04\\\/29\\\/sin-estado-municipal-provincial-pisano\\\/#primaryimage\"},\"thumbnailUrl\":\"https:\\\/\\\/noticiasmercedinas.com\\\/site\\\/wp-content\\\/uploads\\\/2020\\\/04\\\/0b63aa65-3986-486c-8540-0326e200b2f8.jpg\",\"datePublished\":\"2020-04-29T16:07:25+00:00\",\"dateModified\":\"2020-04-29T16:20:06+00:00\",\"breadcrumb\":{\"@id\":\"https:\\\/\\\/noticiasmercedinas.com\\\/site\\\/2020\\\/04\\\/29\\\/sin-estado-municipal-provincial-pisano\\\/#breadcrumb\"},\"inLanguage\":\"es\",\"potentialAction\":[{\"@type\":\"ReadAction\",\"target\":[\"https:\\\/\\\/noticiasmercedinas.com\\\/site\\\/2020\\\/04\\\/29\\\/sin-estado-municipal-provincial-pisano\\\/\"]}]},{\"@type\":\"ImageObject\",\"inLanguage\":\"es\",\"@id\":\"https:\\\/\\\/noticiasmercedinas.com\\\/site\\\/2020\\\/04\\\/29\\\/sin-estado-municipal-provincial-pisano\\\/#primaryimage\",\"url\":\"https:\\\/\\\/noticiasmercedinas.com\\\/site\\\/wp-content\\\/uploads\\\/2020\\\/04\\\/0b63aa65-3986-486c-8540-0326e200b2f8.jpg\",\"contentUrl\":\"https:\\\/\\\/noticiasmercedinas.com\\\/site\\\/wp-content\\\/uploads\\\/2020\\\/04\\\/0b63aa65-3986-486c-8540-0326e200b2f8.jpg\",\"width\":1280,\"height\":960},{\"@type\":\"BreadcrumbList\",\"@id\":\"https:\\\/\\\/noticiasmercedinas.com\\\/site\\\/2020\\\/04\\\/29\\\/sin-estado-municipal-provincial-pisano\\\/#breadcrumb\",\"itemListElement\":[{\"@type\":\"ListItem\",\"position\":1,\"name\":\"Portada\",\"item\":\"https:\\\/\\\/noticiasmercedinas.com\\\/site\\\/\"},{\"@type\":\"ListItem\",\"position\":2,\"name\":\"Pisano: \u201cSin un Estado Municipal y Provincial presentes ser\u00eda mucho m\u00e1s dif\u00edcil\u201d\"}]},{\"@type\":\"WebSite\",\"@id\":\"https:\\\/\\\/noticiasmercedinas.com\\\/site\\\/#website\",\"url\":\"https:\\\/\\\/noticiasmercedinas.com\\\/site\\\/\",\"name\":\"NOTICIASMERCEDINAS.COM\",\"description\":\"Mercedes, Buenos Aires, Argentina\",\"publisher\":{\"@id\":\"https:\\\/\\\/noticiasmercedinas.com\\\/site\\\/#organization\"},\"potentialAction\":[{\"@type\":\"SearchAction\",\"target\":{\"@type\":\"EntryPoint\",\"urlTemplate\":\"https:\\\/\\\/noticiasmercedinas.com\\\/site\\\/?s={search_term_string}\"},\"query-input\":{\"@type\":\"PropertyValueSpecification\",\"valueRequired\":true,\"valueName\":\"search_term_string\"}}],\"inLanguage\":\"es\"},{\"@type\":\"Organization\",\"@id\":\"https:\\\/\\\/noticiasmercedinas.com\\\/site\\\/#organization\",\"name\":\"NOTICIASMERCEDINAS.COM\",\"url\":\"https:\\\/\\\/noticiasmercedinas.com\\\/site\\\/\",\"logo\":{\"@type\":\"ImageObject\",\"inLanguage\":\"es\",\"@id\":\"https:\\\/\\\/noticiasmercedinas.com\\\/site\\\/#\\\/schema\\\/logo\\\/image\\\/\",\"url\":\"https:\\\/\\\/noticiasmercedinas.com\\\/site\\\/wp-content\\\/uploads\\\/2020\\\/06\\\/LOGO-512.jpg\",\"contentUrl\":\"https:\\\/\\\/noticiasmercedinas.com\\\/site\\\/wp-content\\\/uploads\\\/2020\\\/06\\\/LOGO-512.jpg\",\"width\":512,\"height\":512,\"caption\":\"NOTICIASMERCEDINAS.COM\"},\"image\":{\"@id\":\"https:\\\/\\\/noticiasmercedinas.com\\\/site\\\/#\\\/schema\\\/logo\\\/image\\\/\"},\"sameAs\":[\"https:\\\/\\\/www.facebook.com\\\/noticiasmercedinas\\\/\",\"https:\\\/\\\/x.com\\\/notmercedinas\",\"https:\\\/\\\/www.instagram.com\\\/noticiasmercedinas\\\/\"]},{\"@type\":\"Person\",\"@id\":\"https:\\\/\\\/noticiasmercedinas.com\\\/site\\\/#\\\/schema\\\/person\\\/84b59c099c28ff2e8b77d4ceec5d8063\",\"name\":\"NOTICIASMERCEDINAS.COM\",\"image\":{\"@type\":\"ImageObject\",\"inLanguage\":\"es\",\"@id\":\"https:\\\/\\\/secure.gravatar.com\\\/avatar\\\/4dfbf16b4d17945bfb6341b2d19043457132fcf478a5ee04f42e959fd8f5df0a?s=96&d=mm&r=g\",\"url\":\"https:\\\/\\\/secure.gravatar.com\\\/avatar\\\/4dfbf16b4d17945bfb6341b2d19043457132fcf478a5ee04f42e959fd8f5df0a?s=96&d=mm&r=g\",\"contentUrl\":\"https:\\\/\\\/secure.gravatar.com\\\/avatar\\\/4dfbf16b4d17945bfb6341b2d19043457132fcf478a5ee04f42e959fd8f5df0a?s=96&d=mm&r=g\",\"caption\":\"NOTICIASMERCEDINAS.COM\"},\"url\":\"https:\\\/\\\/noticiasmercedinas.com\\\/site\\\/author\\\/anonimo\\\/\"}]}<\/script>\n<!-- \/ Yoast SEO plugin. -->","yoast_head_json":{"title":"Pisano: \u201cSin un Estado Municipal y Provincial presentes ser\u00eda mucho m\u00e1s dif\u00edcil\u201d","robots":{"index":"index","follow":"follow","max-snippet":"max-snippet:-1","max-image-preview":"max-image-preview:large","max-video-preview":"max-video-preview:-1"},"canonical":"https:\/\/noticiasmercedinas.com\/site\/2020\/04\/29\/sin-estado-municipal-provincial-pisano\/","og_locale":"es_ES","og_type":"article","og_title":"Pisano: \u201cSin un Estado Municipal y Provincial presentes ser\u00eda mucho m\u00e1s dif\u00edcil\u201d","og_description":"En el marco de suspensi\u00f3n de clases por la pandemia, desde el Consejo Escolar de Mercedes se llevan adelante importantes acciones. \u201cSin un Estado Municipal y Provincial presentes ser\u00eda mucho m\u00e1s dif\u00edcil\u201d, destac\u00f3 Jos\u00e9 Luis Pisano, presidente del Consejo. \u201cVenimos transitando tiempos muy complejos para el conjunto de nuestro pueblo, con una pandemia que va [&hellip;]","og_url":"https:\/\/noticiasmercedinas.com\/site\/2020\/04\/29\/sin-estado-municipal-provincial-pisano\/","og_site_name":"NOTICIASMERCEDINAS.COM","article_publisher":"https:\/\/www.facebook.com\/noticiasmercedinas\/","article_published_time":"2020-04-29T16:07:25+00:00","article_modified_time":"2020-04-29T16:20:06+00:00","og_image":[{"width":1280,"height":960,"url":"https:\/\/noticiasmercedinas.com\/site\/wp-content\/uploads\/2020\/04\/0b63aa65-3986-486c-8540-0326e200b2f8.jpg","type":"image\/jpeg"}],"author":"NOTICIASMERCEDINAS.COM","twitter_card":"summary_large_image","twitter_creator":"@notmercedinas","twitter_site":"@notmercedinas","twitter_misc":{"Escrito por":"NOTICIASMERCEDINAS.COM","Tiempo de lectura":"3 minutos"},"schema":{"@context":"https:\/\/schema.org","@graph":[{"@type":"Article","@id":"https:\/\/noticiasmercedinas.com\/site\/2020\/04\/29\/sin-estado-municipal-provincial-pisano\/#article","isPartOf":{"@id":"https:\/\/noticiasmercedinas.com\/site\/2020\/04\/29\/sin-estado-municipal-provincial-pisano\/"},"author":{"name":"NOTICIASMERCEDINAS.COM","@id":"https:\/\/noticiasmercedinas.com\/site\/#\/schema\/person\/84b59c099c28ff2e8b77d4ceec5d8063"},"headline":"Pisano: \u201cSin un Estado Municipal y Provincial presentes ser\u00eda mucho m\u00e1s dif\u00edcil\u201d","datePublished":"2020-04-29T16:07:25+00:00","dateModified":"2020-04-29T16:20:06+00:00","mainEntityOfPage":{"@id":"https:\/\/noticiasmercedinas.com\/site\/2020\/04\/29\/sin-estado-municipal-provincial-pisano\/"},"wordCount":562,"commentCount":0,"publisher":{"@id":"https:\/\/noticiasmercedinas.com\/site\/#organization"},"image":{"@id":"https:\/\/noticiasmercedinas.com\/site\/2020\/04\/29\/sin-estado-municipal-provincial-pisano\/#primaryimage"},"thumbnailUrl":"https:\/\/noticiasmercedinas.com\/site\/wp-content\/uploads\/2020\/04\/0b63aa65-3986-486c-8540-0326e200b2f8.jpg","keywords":["consejo escolar","jose luis pisano","pandemia"],"articleSection":["Politica"],"inLanguage":"es","potentialAction":[{"@type":"CommentAction","name":"Comment","target":["https:\/\/noticiasmercedinas.com\/site\/2020\/04\/29\/sin-estado-municipal-provincial-pisano\/#respond"]}]},{"@type":"WebPage","@id":"https:\/\/noticiasmercedinas.com\/site\/2020\/04\/29\/sin-estado-municipal-provincial-pisano\/","url":"https:\/\/noticiasmercedinas.com\/site\/2020\/04\/29\/sin-estado-municipal-provincial-pisano\/","name":"Pisano: \u201cSin un Estado Municipal y Provincial presentes ser\u00eda mucho m\u00e1s dif\u00edcil\u201d","isPartOf":{"@id":"https:\/\/noticiasmercedinas.com\/site\/#website"},"primaryImageOfPage":{"@id":"https:\/\/noticiasmercedinas.com\/site\/2020\/04\/29\/sin-estado-municipal-provincial-pisano\/#primaryimage"},"image":{"@id":"https:\/\/noticiasmercedinas.com\/site\/2020\/04\/29\/sin-estado-municipal-provincial-pisano\/#primaryimage"},"thumbnailUrl":"https:\/\/noticiasmercedinas.com\/site\/wp-content\/uploads\/2020\/04\/0b63aa65-3986-486c-8540-0326e200b2f8.jpg","datePublished":"2020-04-29T16:07:25+00:00","dateModified":"2020-04-29T16:20:06+00:00","breadcrumb":{"@id":"https:\/\/noticiasmercedinas.com\/site\/2020\/04\/29\/sin-estado-municipal-provincial-pisano\/#breadcrumb"},"inLanguage":"es","potentialAction":[{"@type":"ReadAction","target":["https:\/\/noticiasmercedinas.com\/site\/2020\/04\/29\/sin-estado-municipal-provincial-pisano\/"]}]},{"@type":"ImageObject","inLanguage":"es","@id":"https:\/\/noticiasmercedinas.com\/site\/2020\/04\/29\/sin-estado-municipal-provincial-pisano\/#primaryimage","url":"https:\/\/noticiasmercedinas.com\/site\/wp-content\/uploads\/2020\/04\/0b63aa65-3986-486c-8540-0326e200b2f8.jpg","contentUrl":"https:\/\/noticiasmercedinas.com\/site\/wp-content\/uploads\/2020\/04\/0b63aa65-3986-486c-8540-0326e200b2f8.jpg","width":1280,"height":960},{"@type":"BreadcrumbList","@id":"https:\/\/noticiasmercedinas.com\/site\/2020\/04\/29\/sin-estado-municipal-provincial-pisano\/#breadcrumb","itemListElement":[{"@type":"ListItem","position":1,"name":"Portada","item":"https:\/\/noticiasmercedinas.com\/site\/"},{"@type":"ListItem","position":2,"name":"Pisano: \u201cSin un Estado Municipal y Provincial presentes ser\u00eda mucho m\u00e1s dif\u00edcil\u201d"}]},{"@type":"WebSite","@id":"https:\/\/noticiasmercedinas.com\/site\/#website","url":"https:\/\/noticiasmercedinas.com\/site\/","name":"NOTICIASMERCEDINAS.COM","description":"Mercedes, Buenos Aires, Argentina","publisher":{"@id":"https:\/\/noticiasmercedinas.com\/site\/#organization"},"potentialAction":[{"@type":"SearchAction","target":{"@type":"EntryPoint","urlTemplate":"https:\/\/noticiasmercedinas.com\/site\/?s={search_term_string}"},"query-input":{"@type":"PropertyValueSpecification","valueRequired":true,"valueName":"search_term_string"}}],"inLanguage":"es"},{"@type":"Organization","@id":"https:\/\/noticiasmercedinas.com\/site\/#organization","name":"NOTICIASMERCEDINAS.COM","url":"https:\/\/noticiasmercedinas.com\/site\/","logo":{"@type":"ImageObject","inLanguage":"es","@id":"https:\/\/noticiasmercedinas.com\/site\/#\/schema\/logo\/image\/","url":"https:\/\/noticiasmercedinas.com\/site\/wp-content\/uploads\/2020\/06\/LOGO-512.jpg","contentUrl":"https:\/\/noticiasmercedinas.com\/site\/wp-content\/uploads\/2020\/06\/LOGO-512.jpg","width":512,"height":512,"caption":"NOTICIASMERCEDINAS.COM"},"image":{"@id":"https:\/\/noticiasmercedinas.com\/site\/#\/schema\/logo\/image\/"},"sameAs":["https:\/\/www.facebook.com\/noticiasmercedinas\/","https:\/\/x.com\/notmercedinas","https:\/\/www.instagram.com\/noticiasmercedinas\/"]},{"@type":"Person","@id":"https:\/\/noticiasmercedinas.com\/site\/#\/schema\/person\/84b59c099c28ff2e8b77d4ceec5d8063","name":"NOTICIASMERCEDINAS.COM","image":{"@type":"ImageObject","inLanguage":"es","@id":"https:\/\/secure.gravatar.com\/avatar\/4dfbf16b4d17945bfb6341b2d19043457132fcf478a5ee04f42e959fd8f5df0a?s=96&d=mm&r=g","url":"https:\/\/secure.gravatar.com\/avatar\/4dfbf16b4d17945bfb6341b2d19043457132fcf478a5ee04f42e959fd8f5df0a?s=96&d=mm&r=g","contentUrl":"https:\/\/secure.gravatar.com\/avatar\/4dfbf16b4d17945bfb6341b2d19043457132fcf478a5ee04f42e959fd8f5df0a?s=96&d=mm&r=g","caption":"NOTICIASMERCEDINAS.COM"},"url":"https:\/\/noticiasmercedinas.com\/site\/author\/anonimo\/"}]}},"amp_enabled":true,"_links":{"self":[{"href":"https:\/\/noticiasmercedinas.com\/site\/wp-json\/wp\/v2\/posts\/44304","targetHints":{"allow":["GET"]}}],"collection":[{"href":"https:\/\/noticiasmercedinas.com\/site\/wp-json\/wp\/v2\/posts"}],"about":[{"href":"https:\/\/noticiasmercedinas.com\/site\/wp-json\/wp\/v2\/types\/post"}],"author":[{"embeddable":true,"href":"https:\/\/noticiasmercedinas.com\/site\/wp-json\/wp\/v2\/users\/16"}],"replies":[{"embeddable":true,"href":"https:\/\/noticiasmercedinas.com\/site\/wp-json\/wp\/v2\/comments?post=44304"}],"version-history":[{"count":3,"href":"https:\/\/noticiasmercedinas.com\/site\/wp-json\/wp\/v2\/posts\/44304\/revisions"}],"predecessor-version":[{"id":44309,"href":"https:\/\/noticiasmercedinas.com\/site\/wp-json\/wp\/v2\/posts\/44304\/revisions\/44309"}],"wp:featuredmedia":[{"embeddable":true,"href":"https:\/\/noticiasmercedinas.com\/site\/wp-json\/wp\/v2\/media\/44305"}],"wp:attachment":[{"href":"https:\/\/noticiasmercedinas.com\/site\/wp-json\/wp\/v2\/media?parent=44304"}],"wp:term":[{"taxonomy":"category","embeddable":true,"href":"https:\/\/noticiasmercedinas.com\/site\/wp-json\/wp\/v2\/categories?post=44304"},{"taxonomy":"post_tag","embeddable":true,"href":"https:\/\/noticiasmercedinas.com\/site\/wp-json\/wp\/v2\/tags?post=44304"}],"curies":[{"name":"wp","href":"https:\/\/api.w.org\/{rel}","templated":true}]}}