{"id":4432,"date":"2018-10-15T11:40:50","date_gmt":"2018-10-15T14:40:50","guid":{"rendered":"https:\/\/noticiasmercedinas.com\/site\/?p=4432"},"modified":"2018-10-29T11:02:30","modified_gmt":"2018-10-29T14:02:30","slug":"martin-boragno-esta-fiesta-vino-para-quedarse","status":"publish","type":"post","link":"https:\/\/noticiasmercedinas.com\/site\/2018\/10\/15\/martin-boragno-esta-fiesta-vino-para-quedarse\/","title":{"rendered":"Mart\u00edn Boragno: \u201cEsta fiesta vino para quedarse\u201d"},"content":{"rendered":"<p><strong>Hubo m\u00e1s de 22 mil personas este fin de semana en el Festival de Cerveceros Mercedinos. \u201cTuvimos el respaldo y la presencia del intendente para avanzar en lo que fue un sue\u00f1o que se traslad\u00f3 a la realidad\u201d, dijo y agradeci\u00f3 a todos los que trabajaron por esta concreci\u00f3n.<\/strong><\/p>\n<p><img loading=\"lazy\" decoding=\"async\" class=\"alignnone size-full wp-image-4433\" src=\"https:\/\/noticiasmercedinas.com\/site\/wp-content\/uploads\/2018\/10\/martin_boragno-1.jpg\" alt=\"\" width=\"640\" height=\"384\" srcset=\"https:\/\/noticiasmercedinas.com\/site\/wp-content\/uploads\/2018\/10\/martin_boragno-1.jpg 640w, https:\/\/noticiasmercedinas.com\/site\/wp-content\/uploads\/2018\/10\/martin_boragno-1-300x180.jpg 300w\" sizes=\"auto, (max-width: 640px) 100vw, 640px\" \/><\/p>\n<p>El director de Turismo y Comercio del municipio, Mart\u00edn Boragno, destac\u00f3 tras la realizaci\u00f3n del primer Festival de Cerveceros Mercedinos que tuvo lugar este fin de semana en el Parque Municipal Independencia, con una concurrencia de m\u00e1s de 22 mil personas su agradecimiento a todos los que hicieron posible esta concreci\u00f3n, y destac\u00f3 que \u201cesta fiesta vino para quedarse\u201d.<\/p>\n<p>\u201cDebo dar mi agradecimiento a todos, empleados municipales que trabajaron para la puesta en valor del parque, a los cerveceros, artistas, artesanos que estuvieron en este primer emprendimiento\u201d, dijo en principio <strong>Mart\u00edn Boragno<\/strong>, entrevistado por NOTICIASMERCEDINAS.COM.<\/p>\n<p>Tras los dos d\u00edas de festival, que fueron precedidos por muchos otros de organizaci\u00f3n y distintos trabajos, el funcionario destac\u00f3 el trabajo en equipo de cada una de las \u00e1reas involucradas en este \u00e9xito: \u201cEn lo personal debo agradecer a todo el equipo de Turismo, Cultura, Servicios P\u00fablicos, Econom\u00eda, Seguridad y Tr\u00e1nsito. Esto fue llevado a cabo por diferentes grupos de personas que tuvimos el respaldo y la presencia del intendente para avanzar en lo que fue un sue\u00f1o que se traslad\u00f3 a la realidad. Estamos felices\u201d, dijo.<\/p>\n<p>Adem\u00e1s Boragno coment\u00f3 algunas de las particularidades que se dieron en esta primera edici\u00f3n del festival, que cont\u00f3 con 5 puestos de cerveceros artesanales y una veintena de food trucks en el predio del parque nuevo: \u201cEl viernes uno de los food truck nos pidi\u00f3 un contacto de una panader\u00eda, y este tuvo que tomar empleados para suministrar a los food trucks en el marco del evento. Esta fiesta signific\u00f3 trabajo para mucha gente y esto nos pone contentos\u201d, indic\u00f3.<\/p>\n<p><img loading=\"lazy\" decoding=\"async\" class=\"alignnone size-full wp-image-4355\" src=\"https:\/\/noticiasmercedinas.com\/site\/wp-content\/uploads\/2018\/10\/27.jpg\" alt=\"\" width=\"640\" height=\"427\" srcset=\"https:\/\/noticiasmercedinas.com\/site\/wp-content\/uploads\/2018\/10\/27.jpg 640w, https:\/\/noticiasmercedinas.com\/site\/wp-content\/uploads\/2018\/10\/27-300x200.jpg 300w\" sizes=\"auto, (max-width: 640px) 100vw, 640px\" \/><\/p>\n<p>En todo momento Boragno dio a conocer que fue fundamental el respaldo que dio Juan Ignacio Ustarroz cuando le llevaron la idea. \u201cLe agradecemos al intendente por su visi\u00f3n y apoyo. A las gu\u00edas de turistas del Centro Profesional 401. A todos. Cuando las cosas se desbordan as\u00ed es felicidad, sin muchos problemas, y para mucha gente fue descubrir el trabajo que se est\u00e1 haciendo en el parque, mientras que para otros fue encontrarse con el r\u00edo, escuchando buena m\u00fasica alternativa con un porcentaje alt\u00edsimo de artistas locales\u201d, destac\u00f3 el director de Turismo y Comercio, quien apost\u00f3 fuerte a este evento que tuvo un importante \u00e9xito.<\/p>\n<p>\u201cUn d\u00eda fuimos a mirar el lugar y dijimos puede ser, y hoy que todo pas\u00f3 y fue un \u00e9xito estamos muy felices. Estar\u00e1 dentro de las cosas lindas que pudimos gestionar y se continuar\u00e1. Nos desbord\u00f3 a todos. Hubo muy buena onda y esperamos poder concretar un pr\u00f3ximo evento, ya que esta fiesta vino para quedarse\u201d, concluy\u00f3 Boragno, remarcando que \u201ctodos los que se acercaron lograron que no haya ning\u00fan problema, hubo alegr\u00eda, buena onda y eso hay que destacarlo y suma much\u00edsimo para encarar estos eventos\u201d.<\/p>\n<p><img loading=\"lazy\" decoding=\"async\" class=\"alignnone size-full wp-image-4354\" src=\"https:\/\/noticiasmercedinas.com\/site\/wp-content\/uploads\/2018\/10\/26.jpg\" alt=\"\" width=\"640\" height=\"427\" srcset=\"https:\/\/noticiasmercedinas.com\/site\/wp-content\/uploads\/2018\/10\/26.jpg 640w, https:\/\/noticiasmercedinas.com\/site\/wp-content\/uploads\/2018\/10\/26-300x200.jpg 300w\" sizes=\"auto, (max-width: 640px) 100vw, 640px\" \/><\/p>\n","protected":false},"excerpt":{"rendered":"<p>Hubo m\u00e1s de 22 mil personas este fin de semana en el Festival de Cerveceros Mercedinos. \u201cTuvimos el respaldo y la presencia del intendente para avanzar en lo que fue un sue\u00f1o que se traslad\u00f3 a la realidad\u201d, dijo y agradeci\u00f3 a todos los que trabajaron por esta concreci\u00f3n. El director de Turismo y Comercio [&hellip;]<\/p>\n","protected":false},"author":2,"featured_media":4433,"comment_status":"open","ping_status":"open","sticky":false,"template":"","format":"standard","meta":{"footnotes":""},"categories":[3],"tags":[1124,327,33],"class_list":["post-4432","post","type-post","status-publish","format-standard","has-post-thumbnail","hentry","category-sociedad","tag-festival-de-cerveceros-mercedinos","tag-martin-boragno","tag-turismo"],"yoast_head":"<!-- This site is optimized with the Yoast SEO plugin v27.4 - https:\/\/yoast.com\/product\/yoast-seo-wordpress\/ -->\n<title>Mart\u00edn Boragno: \u201cEsta fiesta vino para quedarse\u201d<\/title>\n<meta name=\"robots\" content=\"index, follow, max-snippet:-1, max-image-preview:large, max-video-preview:-1\" \/>\n<link rel=\"canonical\" href=\"https:\/\/noticiasmercedinas.com\/site\/2018\/10\/15\/martin-boragno-esta-fiesta-vino-para-quedarse\/\" \/>\n<meta property=\"og:locale\" content=\"es_ES\" \/>\n<meta property=\"og:type\" content=\"article\" \/>\n<meta property=\"og:title\" content=\"Mart\u00edn Boragno: \u201cEsta fiesta vino para quedarse\u201d\" \/>\n<meta property=\"og:description\" content=\"Hubo m\u00e1s de 22 mil personas este fin de semana en el Festival de Cerveceros Mercedinos. \u201cTuvimos el respaldo y la presencia del intendente para avanzar en lo que fue un sue\u00f1o que se traslad\u00f3 a la realidad\u201d, dijo y agradeci\u00f3 a todos los que trabajaron por esta concreci\u00f3n. El director de Turismo y Comercio [&hellip;]\" \/>\n<meta property=\"og:url\" content=\"https:\/\/noticiasmercedinas.com\/site\/2018\/10\/15\/martin-boragno-esta-fiesta-vino-para-quedarse\/\" \/>\n<meta property=\"og:site_name\" content=\"NOTICIASMERCEDINAS.COM\" \/>\n<meta property=\"article:publisher\" content=\"https:\/\/www.facebook.com\/noticiasmercedinas\/\" \/>\n<meta property=\"article:author\" content=\"https:\/\/www.facebook.com\/cristian.falabella\" \/>\n<meta property=\"article:published_time\" content=\"2018-10-15T14:40:50+00:00\" \/>\n<meta property=\"article:modified_time\" content=\"2018-10-29T14:02:30+00:00\" \/>\n<meta property=\"og:image\" content=\"https:\/\/noticiasmercedinas.com\/site\/wp-content\/uploads\/2018\/10\/martin_boragno-1.jpg\" \/>\n\t<meta property=\"og:image:width\" content=\"640\" \/>\n\t<meta property=\"og:image:height\" content=\"384\" \/>\n\t<meta property=\"og:image:type\" content=\"image\/jpeg\" \/>\n<meta name=\"author\" content=\"Cristian Falabella NOTICIASMERCEDINAS.COM\" \/>\n<meta name=\"twitter:card\" content=\"summary_large_image\" \/>\n<meta name=\"twitter:creator\" content=\"@https:\/\/twitter.com\/NOTMERCEDINAS\" \/>\n<meta name=\"twitter:site\" content=\"@notmercedinas\" \/>\n<meta name=\"twitter:label1\" content=\"Escrito por\" \/>\n\t<meta name=\"twitter:data1\" content=\"Cristian Falabella NOTICIASMERCEDINAS.COM\" \/>\n\t<meta name=\"twitter:label2\" content=\"Tiempo de lectura\" \/>\n\t<meta name=\"twitter:data2\" content=\"3 minutos\" \/>\n<script type=\"application\/ld+json\" class=\"yoast-schema-graph\">{\"@context\":\"https:\\\/\\\/schema.org\",\"@graph\":[{\"@type\":\"Article\",\"@id\":\"https:\\\/\\\/noticiasmercedinas.com\\\/site\\\/2018\\\/10\\\/15\\\/martin-boragno-esta-fiesta-vino-para-quedarse\\\/#article\",\"isPartOf\":{\"@id\":\"https:\\\/\\\/noticiasmercedinas.com\\\/site\\\/2018\\\/10\\\/15\\\/martin-boragno-esta-fiesta-vino-para-quedarse\\\/\"},\"author\":{\"name\":\"Cristian Falabella NOTICIASMERCEDINAS.COM\",\"@id\":\"https:\\\/\\\/noticiasmercedinas.com\\\/site\\\/#\\\/schema\\\/person\\\/d481a9696a5feaec13a60e2bbd991a6a\"},\"headline\":\"Mart\u00edn Boragno: \u201cEsta fiesta vino para quedarse\u201d\",\"datePublished\":\"2018-10-15T14:40:50+00:00\",\"dateModified\":\"2018-10-29T14:02:30+00:00\",\"mainEntityOfPage\":{\"@id\":\"https:\\\/\\\/noticiasmercedinas.com\\\/site\\\/2018\\\/10\\\/15\\\/martin-boragno-esta-fiesta-vino-para-quedarse\\\/\"},\"wordCount\":538,\"commentCount\":0,\"publisher\":{\"@id\":\"https:\\\/\\\/noticiasmercedinas.com\\\/site\\\/#organization\"},\"image\":{\"@id\":\"https:\\\/\\\/noticiasmercedinas.com\\\/site\\\/2018\\\/10\\\/15\\\/martin-boragno-esta-fiesta-vino-para-quedarse\\\/#primaryimage\"},\"thumbnailUrl\":\"https:\\\/\\\/noticiasmercedinas.com\\\/site\\\/wp-content\\\/uploads\\\/2018\\\/10\\\/martin_boragno-1.jpg\",\"keywords\":[\"festival de cerveceros mercedinos\",\"martin boragno\",\"turismo\"],\"articleSection\":[\"Sociedad\"],\"inLanguage\":\"es\",\"potentialAction\":[{\"@type\":\"CommentAction\",\"name\":\"Comment\",\"target\":[\"https:\\\/\\\/noticiasmercedinas.com\\\/site\\\/2018\\\/10\\\/15\\\/martin-boragno-esta-fiesta-vino-para-quedarse\\\/#respond\"]}]},{\"@type\":\"WebPage\",\"@id\":\"https:\\\/\\\/noticiasmercedinas.com\\\/site\\\/2018\\\/10\\\/15\\\/martin-boragno-esta-fiesta-vino-para-quedarse\\\/\",\"url\":\"https:\\\/\\\/noticiasmercedinas.com\\\/site\\\/2018\\\/10\\\/15\\\/martin-boragno-esta-fiesta-vino-para-quedarse\\\/\",\"name\":\"Mart\u00edn Boragno: \u201cEsta fiesta vino para quedarse\u201d\",\"isPartOf\":{\"@id\":\"https:\\\/\\\/noticiasmercedinas.com\\\/site\\\/#website\"},\"primaryImageOfPage\":{\"@id\":\"https:\\\/\\\/noticiasmercedinas.com\\\/site\\\/2018\\\/10\\\/15\\\/martin-boragno-esta-fiesta-vino-para-quedarse\\\/#primaryimage\"},\"image\":{\"@id\":\"https:\\\/\\\/noticiasmercedinas.com\\\/site\\\/2018\\\/10\\\/15\\\/martin-boragno-esta-fiesta-vino-para-quedarse\\\/#primaryimage\"},\"thumbnailUrl\":\"https:\\\/\\\/noticiasmercedinas.com\\\/site\\\/wp-content\\\/uploads\\\/2018\\\/10\\\/martin_boragno-1.jpg\",\"datePublished\":\"2018-10-15T14:40:50+00:00\",\"dateModified\":\"2018-10-29T14:02:30+00:00\",\"breadcrumb\":{\"@id\":\"https:\\\/\\\/noticiasmercedinas.com\\\/site\\\/2018\\\/10\\\/15\\\/martin-boragno-esta-fiesta-vino-para-quedarse\\\/#breadcrumb\"},\"inLanguage\":\"es\",\"potentialAction\":[{\"@type\":\"ReadAction\",\"target\":[\"https:\\\/\\\/noticiasmercedinas.com\\\/site\\\/2018\\\/10\\\/15\\\/martin-boragno-esta-fiesta-vino-para-quedarse\\\/\"]}]},{\"@type\":\"ImageObject\",\"inLanguage\":\"es\",\"@id\":\"https:\\\/\\\/noticiasmercedinas.com\\\/site\\\/2018\\\/10\\\/15\\\/martin-boragno-esta-fiesta-vino-para-quedarse\\\/#primaryimage\",\"url\":\"https:\\\/\\\/noticiasmercedinas.com\\\/site\\\/wp-content\\\/uploads\\\/2018\\\/10\\\/martin_boragno-1.jpg\",\"contentUrl\":\"https:\\\/\\\/noticiasmercedinas.com\\\/site\\\/wp-content\\\/uploads\\\/2018\\\/10\\\/martin_boragno-1.jpg\",\"width\":640,\"height\":384},{\"@type\":\"BreadcrumbList\",\"@id\":\"https:\\\/\\\/noticiasmercedinas.com\\\/site\\\/2018\\\/10\\\/15\\\/martin-boragno-esta-fiesta-vino-para-quedarse\\\/#breadcrumb\",\"itemListElement\":[{\"@type\":\"ListItem\",\"position\":1,\"name\":\"Portada\",\"item\":\"https:\\\/\\\/noticiasmercedinas.com\\\/site\\\/\"},{\"@type\":\"ListItem\",\"position\":2,\"name\":\"Mart\u00edn Boragno: \u201cEsta fiesta vino para quedarse\u201d\"}]},{\"@type\":\"WebSite\",\"@id\":\"https:\\\/\\\/noticiasmercedinas.com\\\/site\\\/#website\",\"url\":\"https:\\\/\\\/noticiasmercedinas.com\\\/site\\\/\",\"name\":\"NOTICIASMERCEDINAS.COM\",\"description\":\"Mercedes, Buenos Aires, Argentina\",\"publisher\":{\"@id\":\"https:\\\/\\\/noticiasmercedinas.com\\\/site\\\/#organization\"},\"potentialAction\":[{\"@type\":\"SearchAction\",\"target\":{\"@type\":\"EntryPoint\",\"urlTemplate\":\"https:\\\/\\\/noticiasmercedinas.com\\\/site\\\/?s={search_term_string}\"},\"query-input\":{\"@type\":\"PropertyValueSpecification\",\"valueRequired\":true,\"valueName\":\"search_term_string\"}}],\"inLanguage\":\"es\"},{\"@type\":\"Organization\",\"@id\":\"https:\\\/\\\/noticiasmercedinas.com\\\/site\\\/#organization\",\"name\":\"NOTICIASMERCEDINAS.COM\",\"url\":\"https:\\\/\\\/noticiasmercedinas.com\\\/site\\\/\",\"logo\":{\"@type\":\"ImageObject\",\"inLanguage\":\"es\",\"@id\":\"https:\\\/\\\/noticiasmercedinas.com\\\/site\\\/#\\\/schema\\\/logo\\\/image\\\/\",\"url\":\"https:\\\/\\\/noticiasmercedinas.com\\\/site\\\/wp-content\\\/uploads\\\/2020\\\/06\\\/LOGO-512.jpg\",\"contentUrl\":\"https:\\\/\\\/noticiasmercedinas.com\\\/site\\\/wp-content\\\/uploads\\\/2020\\\/06\\\/LOGO-512.jpg\",\"width\":512,\"height\":512,\"caption\":\"NOTICIASMERCEDINAS.COM\"},\"image\":{\"@id\":\"https:\\\/\\\/noticiasmercedinas.com\\\/site\\\/#\\\/schema\\\/logo\\\/image\\\/\"},\"sameAs\":[\"https:\\\/\\\/www.facebook.com\\\/noticiasmercedinas\\\/\",\"https:\\\/\\\/x.com\\\/notmercedinas\",\"https:\\\/\\\/www.instagram.com\\\/noticiasmercedinas\\\/\"]},{\"@type\":\"Person\",\"@id\":\"https:\\\/\\\/noticiasmercedinas.com\\\/site\\\/#\\\/schema\\\/person\\\/d481a9696a5feaec13a60e2bbd991a6a\",\"name\":\"Cristian Falabella NOTICIASMERCEDINAS.COM\",\"image\":{\"@type\":\"ImageObject\",\"inLanguage\":\"es\",\"@id\":\"https:\\\/\\\/secure.gravatar.com\\\/avatar\\\/0dbbfc45970cc46bcd0e57766228574ff3511d6eed045b182f536f0f478c1f06?s=96&d=mm&r=g\",\"url\":\"https:\\\/\\\/secure.gravatar.com\\\/avatar\\\/0dbbfc45970cc46bcd0e57766228574ff3511d6eed045b182f536f0f478c1f06?s=96&d=mm&r=g\",\"contentUrl\":\"https:\\\/\\\/secure.gravatar.com\\\/avatar\\\/0dbbfc45970cc46bcd0e57766228574ff3511d6eed045b182f536f0f478c1f06?s=96&d=mm&r=g\",\"caption\":\"Cristian Falabella NOTICIASMERCEDINAS.COM\"},\"description\":\"Periodista, editor de Noticias Mercedinas. Pas\u00f3 por varias redacciones y emprendimientos de prensa, en distintos formatos y \u00e9pocas. Se especializ\u00f3 --y sigue haci\u00e9ndolo-- en comunicaci\u00f3n en la web y en junio de 2006 fund\u00f3 este diario digital.\",\"sameAs\":[\"https:\\\/\\\/noticiasmercedinas.com\",\"https:\\\/\\\/www.facebook.com\\\/cristian.falabella\",\"https:\\\/\\\/www.instagram.com\\\/noticiasmercedinas\\\/\",\"https:\\\/\\\/x.com\\\/https:\\\/\\\/twitter.com\\\/NOTMERCEDINAS\"],\"url\":\"https:\\\/\\\/noticiasmercedinas.com\\\/site\\\/author\\\/as000384\\\/\"}]}<\/script>\n<!-- \/ Yoast SEO plugin. -->","yoast_head_json":{"title":"Mart\u00edn Boragno: \u201cEsta fiesta vino para quedarse\u201d","robots":{"index":"index","follow":"follow","max-snippet":"max-snippet:-1","max-image-preview":"max-image-preview:large","max-video-preview":"max-video-preview:-1"},"canonical":"https:\/\/noticiasmercedinas.com\/site\/2018\/10\/15\/martin-boragno-esta-fiesta-vino-para-quedarse\/","og_locale":"es_ES","og_type":"article","og_title":"Mart\u00edn Boragno: \u201cEsta fiesta vino para quedarse\u201d","og_description":"Hubo m\u00e1s de 22 mil personas este fin de semana en el Festival de Cerveceros Mercedinos. \u201cTuvimos el respaldo y la presencia del intendente para avanzar en lo que fue un sue\u00f1o que se traslad\u00f3 a la realidad\u201d, dijo y agradeci\u00f3 a todos los que trabajaron por esta concreci\u00f3n. El director de Turismo y Comercio [&hellip;]","og_url":"https:\/\/noticiasmercedinas.com\/site\/2018\/10\/15\/martin-boragno-esta-fiesta-vino-para-quedarse\/","og_site_name":"NOTICIASMERCEDINAS.COM","article_publisher":"https:\/\/www.facebook.com\/noticiasmercedinas\/","article_author":"https:\/\/www.facebook.com\/cristian.falabella","article_published_time":"2018-10-15T14:40:50+00:00","article_modified_time":"2018-10-29T14:02:30+00:00","og_image":[{"width":640,"height":384,"url":"https:\/\/noticiasmercedinas.com\/site\/wp-content\/uploads\/2018\/10\/martin_boragno-1.jpg","type":"image\/jpeg"}],"author":"Cristian Falabella NOTICIASMERCEDINAS.COM","twitter_card":"summary_large_image","twitter_creator":"@https:\/\/twitter.com\/NOTMERCEDINAS","twitter_site":"@notmercedinas","twitter_misc":{"Escrito por":"Cristian Falabella NOTICIASMERCEDINAS.COM","Tiempo de lectura":"3 minutos"},"schema":{"@context":"https:\/\/schema.org","@graph":[{"@type":"Article","@id":"https:\/\/noticiasmercedinas.com\/site\/2018\/10\/15\/martin-boragno-esta-fiesta-vino-para-quedarse\/#article","isPartOf":{"@id":"https:\/\/noticiasmercedinas.com\/site\/2018\/10\/15\/martin-boragno-esta-fiesta-vino-para-quedarse\/"},"author":{"name":"Cristian Falabella NOTICIASMERCEDINAS.COM","@id":"https:\/\/noticiasmercedinas.com\/site\/#\/schema\/person\/d481a9696a5feaec13a60e2bbd991a6a"},"headline":"Mart\u00edn Boragno: \u201cEsta fiesta vino para quedarse\u201d","datePublished":"2018-10-15T14:40:50+00:00","dateModified":"2018-10-29T14:02:30+00:00","mainEntityOfPage":{"@id":"https:\/\/noticiasmercedinas.com\/site\/2018\/10\/15\/martin-boragno-esta-fiesta-vino-para-quedarse\/"},"wordCount":538,"commentCount":0,"publisher":{"@id":"https:\/\/noticiasmercedinas.com\/site\/#organization"},"image":{"@id":"https:\/\/noticiasmercedinas.com\/site\/2018\/10\/15\/martin-boragno-esta-fiesta-vino-para-quedarse\/#primaryimage"},"thumbnailUrl":"https:\/\/noticiasmercedinas.com\/site\/wp-content\/uploads\/2018\/10\/martin_boragno-1.jpg","keywords":["festival de cerveceros mercedinos","martin boragno","turismo"],"articleSection":["Sociedad"],"inLanguage":"es","potentialAction":[{"@type":"CommentAction","name":"Comment","target":["https:\/\/noticiasmercedinas.com\/site\/2018\/10\/15\/martin-boragno-esta-fiesta-vino-para-quedarse\/#respond"]}]},{"@type":"WebPage","@id":"https:\/\/noticiasmercedinas.com\/site\/2018\/10\/15\/martin-boragno-esta-fiesta-vino-para-quedarse\/","url":"https:\/\/noticiasmercedinas.com\/site\/2018\/10\/15\/martin-boragno-esta-fiesta-vino-para-quedarse\/","name":"Mart\u00edn Boragno: \u201cEsta fiesta vino para quedarse\u201d","isPartOf":{"@id":"https:\/\/noticiasmercedinas.com\/site\/#website"},"primaryImageOfPage":{"@id":"https:\/\/noticiasmercedinas.com\/site\/2018\/10\/15\/martin-boragno-esta-fiesta-vino-para-quedarse\/#primaryimage"},"image":{"@id":"https:\/\/noticiasmercedinas.com\/site\/2018\/10\/15\/martin-boragno-esta-fiesta-vino-para-quedarse\/#primaryimage"},"thumbnailUrl":"https:\/\/noticiasmercedinas.com\/site\/wp-content\/uploads\/2018\/10\/martin_boragno-1.jpg","datePublished":"2018-10-15T14:40:50+00:00","dateModified":"2018-10-29T14:02:30+00:00","breadcrumb":{"@id":"https:\/\/noticiasmercedinas.com\/site\/2018\/10\/15\/martin-boragno-esta-fiesta-vino-para-quedarse\/#breadcrumb"},"inLanguage":"es","potentialAction":[{"@type":"ReadAction","target":["https:\/\/noticiasmercedinas.com\/site\/2018\/10\/15\/martin-boragno-esta-fiesta-vino-para-quedarse\/"]}]},{"@type":"ImageObject","inLanguage":"es","@id":"https:\/\/noticiasmercedinas.com\/site\/2018\/10\/15\/martin-boragno-esta-fiesta-vino-para-quedarse\/#primaryimage","url":"https:\/\/noticiasmercedinas.com\/site\/wp-content\/uploads\/2018\/10\/martin_boragno-1.jpg","contentUrl":"https:\/\/noticiasmercedinas.com\/site\/wp-content\/uploads\/2018\/10\/martin_boragno-1.jpg","width":640,"height":384},{"@type":"BreadcrumbList","@id":"https:\/\/noticiasmercedinas.com\/site\/2018\/10\/15\/martin-boragno-esta-fiesta-vino-para-quedarse\/#breadcrumb","itemListElement":[{"@type":"ListItem","position":1,"name":"Portada","item":"https:\/\/noticiasmercedinas.com\/site\/"},{"@type":"ListItem","position":2,"name":"Mart\u00edn Boragno: \u201cEsta fiesta vino para quedarse\u201d"}]},{"@type":"WebSite","@id":"https:\/\/noticiasmercedinas.com\/site\/#website","url":"https:\/\/noticiasmercedinas.com\/site\/","name":"NOTICIASMERCEDINAS.COM","description":"Mercedes, Buenos Aires, Argentina","publisher":{"@id":"https:\/\/noticiasmercedinas.com\/site\/#organization"},"potentialAction":[{"@type":"SearchAction","target":{"@type":"EntryPoint","urlTemplate":"https:\/\/noticiasmercedinas.com\/site\/?s={search_term_string}"},"query-input":{"@type":"PropertyValueSpecification","valueRequired":true,"valueName":"search_term_string"}}],"inLanguage":"es"},{"@type":"Organization","@id":"https:\/\/noticiasmercedinas.com\/site\/#organization","name":"NOTICIASMERCEDINAS.COM","url":"https:\/\/noticiasmercedinas.com\/site\/","logo":{"@type":"ImageObject","inLanguage":"es","@id":"https:\/\/noticiasmercedinas.com\/site\/#\/schema\/logo\/image\/","url":"https:\/\/noticiasmercedinas.com\/site\/wp-content\/uploads\/2020\/06\/LOGO-512.jpg","contentUrl":"https:\/\/noticiasmercedinas.com\/site\/wp-content\/uploads\/2020\/06\/LOGO-512.jpg","width":512,"height":512,"caption":"NOTICIASMERCEDINAS.COM"},"image":{"@id":"https:\/\/noticiasmercedinas.com\/site\/#\/schema\/logo\/image\/"},"sameAs":["https:\/\/www.facebook.com\/noticiasmercedinas\/","https:\/\/x.com\/notmercedinas","https:\/\/www.instagram.com\/noticiasmercedinas\/"]},{"@type":"Person","@id":"https:\/\/noticiasmercedinas.com\/site\/#\/schema\/person\/d481a9696a5feaec13a60e2bbd991a6a","name":"Cristian Falabella NOTICIASMERCEDINAS.COM","image":{"@type":"ImageObject","inLanguage":"es","@id":"https:\/\/secure.gravatar.com\/avatar\/0dbbfc45970cc46bcd0e57766228574ff3511d6eed045b182f536f0f478c1f06?s=96&d=mm&r=g","url":"https:\/\/secure.gravatar.com\/avatar\/0dbbfc45970cc46bcd0e57766228574ff3511d6eed045b182f536f0f478c1f06?s=96&d=mm&r=g","contentUrl":"https:\/\/secure.gravatar.com\/avatar\/0dbbfc45970cc46bcd0e57766228574ff3511d6eed045b182f536f0f478c1f06?s=96&d=mm&r=g","caption":"Cristian Falabella NOTICIASMERCEDINAS.COM"},"description":"Periodista, editor de Noticias Mercedinas. Pas\u00f3 por varias redacciones y emprendimientos de prensa, en distintos formatos y \u00e9pocas. Se especializ\u00f3 --y sigue haci\u00e9ndolo-- en comunicaci\u00f3n en la web y en junio de 2006 fund\u00f3 este diario digital.","sameAs":["https:\/\/noticiasmercedinas.com","https:\/\/www.facebook.com\/cristian.falabella","https:\/\/www.instagram.com\/noticiasmercedinas\/","https:\/\/x.com\/https:\/\/twitter.com\/NOTMERCEDINAS"],"url":"https:\/\/noticiasmercedinas.com\/site\/author\/as000384\/"}]}},"amp_enabled":true,"_links":{"self":[{"href":"https:\/\/noticiasmercedinas.com\/site\/wp-json\/wp\/v2\/posts\/4432","targetHints":{"allow":["GET"]}}],"collection":[{"href":"https:\/\/noticiasmercedinas.com\/site\/wp-json\/wp\/v2\/posts"}],"about":[{"href":"https:\/\/noticiasmercedinas.com\/site\/wp-json\/wp\/v2\/types\/post"}],"author":[{"embeddable":true,"href":"https:\/\/noticiasmercedinas.com\/site\/wp-json\/wp\/v2\/users\/2"}],"replies":[{"embeddable":true,"href":"https:\/\/noticiasmercedinas.com\/site\/wp-json\/wp\/v2\/comments?post=4432"}],"version-history":[{"count":1,"href":"https:\/\/noticiasmercedinas.com\/site\/wp-json\/wp\/v2\/posts\/4432\/revisions"}],"predecessor-version":[{"id":4434,"href":"https:\/\/noticiasmercedinas.com\/site\/wp-json\/wp\/v2\/posts\/4432\/revisions\/4434"}],"wp:featuredmedia":[{"embeddable":true,"href":"https:\/\/noticiasmercedinas.com\/site\/wp-json\/wp\/v2\/media\/4433"}],"wp:attachment":[{"href":"https:\/\/noticiasmercedinas.com\/site\/wp-json\/wp\/v2\/media?parent=4432"}],"wp:term":[{"taxonomy":"category","embeddable":true,"href":"https:\/\/noticiasmercedinas.com\/site\/wp-json\/wp\/v2\/categories?post=4432"},{"taxonomy":"post_tag","embeddable":true,"href":"https:\/\/noticiasmercedinas.com\/site\/wp-json\/wp\/v2\/tags?post=4432"}],"curies":[{"name":"wp","href":"https:\/\/api.w.org\/{rel}","templated":true}]}}