{"id":44340,"date":"2020-04-30T13:46:19","date_gmt":"2020-04-30T16:46:19","guid":{"rendered":"https:\/\/noticiasmercedinas.com\/site\/?p=44340"},"modified":"2020-04-30T14:51:28","modified_gmt":"2020-04-30T17:51:28","slug":"no-hay-nada-que-me-identifique-mas-que-el-bajo","status":"publish","type":"post","link":"https:\/\/noticiasmercedinas.com\/site\/2020\/04\/30\/no-hay-nada-que-me-identifique-mas-que-el-bajo\/","title":{"rendered":"\u201cNo hay nada que me identifique m\u00e1s que el bajo\u201d"},"content":{"rendered":"<p><img loading=\"lazy\" decoding=\"async\" class=\"alignnone wp-image-44345\" src=\"https:\/\/noticiasmercedinas.com\/site\/wp-content\/uploads\/2020\/04\/f9eec241-1285-456a-a6b0-d91f7fbe04da.jpg\" alt=\"\" width=\"640\" height=\"362\" srcset=\"https:\/\/noticiasmercedinas.com\/site\/wp-content\/uploads\/2020\/04\/f9eec241-1285-456a-a6b0-d91f7fbe04da.jpg 593w, https:\/\/noticiasmercedinas.com\/site\/wp-content\/uploads\/2020\/04\/f9eec241-1285-456a-a6b0-d91f7fbe04da-300x169.jpg 300w\" sizes=\"auto, (max-width: 640px) 100vw, 640px\" \/><\/p>\n<p>Quer\u00eda ser Cerati. Se encerraba a escuchar Soda Stereo y quer\u00eda ser Cerati. Cantar como \u00e9l. Tocar como \u00e9l. Vestir como \u00e9l. Ten\u00eda trece a\u00f1os, o menos, y quer\u00eda ser Cerati. Pero hab\u00eda un problema: la guitarra. Tocar la viola le resultaba muy dif\u00edcil. Entonces sucedi\u00f3 lo que, de todas maneras, ten\u00eda que suceder: empez\u00f3 a tocar el bajo. <strong>Mart\u00edn Boffi<\/strong> tiene raz\u00f3n al decir \u201cla historia es muy poco rom\u00e1ntica, pero es la verdad\u201d.<\/p>\n<p>Uno podr\u00eda tentarse a decir que fue el comienzo, que all\u00ed nace el ser bajista de Mart\u00edn, pero no s\u00f3lo sonar\u00eda rimbombante sino que ser\u00eda inexacto. En todo caso, ese es uno de los comienzos.<\/p>\n<p>\u2014 Fue de vago, y resulta que en realidad yo soy re bajista, no hay nada que yo sea m\u00e1s en este mundo que ser bajista. Es ah\u00ed donde aparezco, donde yo siento que estallo. Despu\u00e9s, con el tiempo, empec\u00e9 a tocar la viola. Cuando descubr\u00ed de verdad el bajo y empec\u00e9 a escuchar bajistas y empec\u00e9 a estudiar, me di cuenta que no hay nada que me identifique m\u00e1s que el bajo.<\/p>\n<p><strong>\u2014 \u00bfVen\u00eds de familia ligada a la m\u00fasica de alg\u00fan modo?<\/strong><\/p>\n<p>\u2014 S\u00ed. Tuve la suerte de tener un entorno familiar muy favorable para desarrollar mi carrera art\u00edstica. Mi viejo, aunque se dedica a producir seguros, es pianista. Yo escuch\u00e9 mucha m\u00fasica por \u00e9l, sobre todo rock de afuera\u2026 Beatles, Queen&#8230;\u00a0 Y mi vieja es profesora de danzas folkl\u00f3ricas y yo escuchaba mucho rock nacional por ella. Adem\u00e1s, separados ellos, mi vieja estuvo mucho tiempo en pareja con un m\u00fasico de folklore a quien yo quiero mucho. De chiquito yo fui muchos a\u00f1os al festival de Cosqu\u00edn, el del folklore, y consum\u00ed mucho de eso por \u00f3smosis.<\/p>\n<p>Mart\u00edn Boffi recuerda. Sus ojos se iluminan y una sonrisa amplia conecta con aquel ni\u00f1o de cuatro o cinco a\u00f1os que prefer\u00eda, dentro del universo l\u00fadico en el que viven los chicos, pasarse el rato sentado frente al tocadiscos. Observaba la p\u00faa apenas rozar un disco que giraba sin descanso. Prefer\u00eda, entonces, el misterio: \u00bfC\u00f3mo ese mecanismo simple y rudimentario pod\u00eda esconder las m\u00e1s bellas melod\u00edas y los instrumentos m\u00e1s variados?<\/p>\n<p><img loading=\"lazy\" decoding=\"async\" class=\"alignnone size-full wp-image-44342\" src=\"https:\/\/noticiasmercedinas.com\/site\/wp-content\/uploads\/2020\/04\/351a45e0-bd8e-4f6f-8c29-e4bf2d85a260.jpg\" alt=\"\" width=\"1280\" height=\"719\" srcset=\"https:\/\/noticiasmercedinas.com\/site\/wp-content\/uploads\/2020\/04\/351a45e0-bd8e-4f6f-8c29-e4bf2d85a260.jpg 1280w, https:\/\/noticiasmercedinas.com\/site\/wp-content\/uploads\/2020\/04\/351a45e0-bd8e-4f6f-8c29-e4bf2d85a260-300x169.jpg 300w, https:\/\/noticiasmercedinas.com\/site\/wp-content\/uploads\/2020\/04\/351a45e0-bd8e-4f6f-8c29-e4bf2d85a260-1024x575.jpg 1024w, https:\/\/noticiasmercedinas.com\/site\/wp-content\/uploads\/2020\/04\/351a45e0-bd8e-4f6f-8c29-e4bf2d85a260-768x431.jpg 768w, https:\/\/noticiasmercedinas.com\/site\/wp-content\/uploads\/2020\/04\/351a45e0-bd8e-4f6f-8c29-e4bf2d85a260-640x360.jpg 640w, https:\/\/noticiasmercedinas.com\/site\/wp-content\/uploads\/2020\/04\/351a45e0-bd8e-4f6f-8c29-e4bf2d85a260-681x383.jpg 681w\" sizes=\"auto, (max-width: 1280px) 100vw, 1280px\" \/><\/p>\n<p>Uno podr\u00eda tentarse a decir que all\u00ed s\u00ed fue el comienzo, que \u201cconsumir a Charly Garc\u00eda en forma intravenosa\u201d no deja demasiadas opciones. Pero, otra vez, sonar\u00eda rimbombante y ser\u00eda inexacto. En todo caso, ese es otro de los comienzos.<\/p>\n<p>\u2014 Yo nunca tuve ning\u00fan conflicto vocacional. Desde los trece a\u00f1os que toco el bajo y que no solo dije \u201ces esto\u201d sino que en ning\u00fan otro momento lo dud\u00e9. Yo crec\u00ed con el ejemplo de que se pod\u00eda vivir de la m\u00fasica. Entonces para m\u00ed no era un tema. Yo lo vi. Y en un nene, la acci\u00f3n es m\u00e1s poderosa que cualquier palabra. Para m\u00ed era algo natural, obvio, \u00bfc\u00f3mo no voy a vivir de la m\u00fasica?, y la realidad es que yo no labur\u00e9 nunca en mi vida de otra cosa. Claro, no estoy llenando estadios de f\u00fatbol con mi m\u00fasica. El imaginario colectivo es que, o la romp\u00e9s y sos famoso o est\u00e1s en el subte tocando por monedas, y en el medio hay un mont\u00f3n de grises. Yo doy clases, grabo discos de otra gente, me dedico a la producci\u00f3n art\u00edstica y musical de otros artistas, hago shows en vivo, labur\u00e9 de transcriptor, escribiendo partituras de la m\u00fasica de equis artista porque eso se tiene que registrar en SADAIC y es un laburo re administrativo. Bueno, eso tambi\u00e9n lo he hecho.<\/p>\n<p>Boffi termin\u00f3 el secundario en el Colegio Nacional y empez\u00f3 a estudiar la carrera de Instrumentista en M\u00fasica Popular en la EMPA (Escuela de M\u00fasica Popular de Avellaneda), puntualmente Bajo Folkl\u00f3rico. Mientras tanto, mientras colgaba la carrera que finalmente terminar\u00eda hace dos a\u00f1os, Mart\u00edn sac\u00f3 dos discos folkl\u00f3ricos con un tr\u00edo, cinco discos con la banda local Belladona y su disco solista \u201cDeclaraci\u00f3n\u201d en el 2015. Adem\u00e1s, trabaj\u00f3 con infinidad de los artistas m\u00e1s populares de Argentina: Liliana Herrero, Kevin Johansen (ambos pusieron su voz en el disco \u201cDeclaraci\u00f3n\u201d), Ricardo Mollo, Laura Albarrac\u00edn, Ra\u00fal Carnota, Roxana Carabajal y un largo etc\u00e9tera. \u00bfCu\u00e1l es el comienzo? \u00bfCu\u00e1l es el \u201cbautismo\u201d para entrar \u2013si existe un \u201centrar\u201d\u2013 al ambiente?<\/p>\n<p>\u2014 Hay mucha fantas\u00eda que se genera de <em>eso que se da<\/em> y que uno dice \u201cahora llegu\u00e9, pertenezco a ese grupo\u201d. Hay un mill\u00f3n de variantes. Me fui dando cuenta de eso con el crecimiento. Antes me generaba envidia o angustia de querer lograr cierta cosa y cuando no, me resultaba frustrante y ves a otros que lo lograron y dec\u00eds \u201cqu\u00e9 grosos\u201d, o te da envidia. Un d\u00eda fuimos con Lucas Guinot \u2013pianista mercedino que particip\u00f3 en el disco solista de Mart\u00edn\u2013 a lo de Liliana Herrero a grabar. Y nos quedamos tres horas m\u00e1s y ella nos mostraba a nosotros lo \u00faltimo que hab\u00eda grabado. \u00a1Ella, nos mostraba a ver qu\u00e9 dec\u00edamos! Lo l\u00f3gico ser\u00eda pensar \u201cqu\u00e9 le importar\u00e1 a ella lo que yo piense\u201d. Lo l\u00f3gico ser\u00eda que saque el disco y yo desde el anonimato lo escuche. Y ella, en su ansiedad, nos mostraba expectante. Cuando te acerc\u00e1s ves que esos personajes est\u00e1n mucho m\u00e1s ac\u00e1, y pertenecer a ese mundo muchas veces no tiene que ver con lo art\u00edstico, sino con lo afectivo. No es que se juntan los grosos a cenar, aquellos de la elite \u2013dice, \u201cla elite\u201d, en tono ir\u00f3nico\u2013. No. Se juntan con sus amigos, no tiene que ver con el talento ni nada. Hay algo que no se compra que tiene que ver con lo afectivo, lo vincular. Lo importante en la vida va por otro lado, y eso le pasa a todo el mundo por igual, independientemente del lugar profesional al que hayamos accedido.<\/p>\n<p><img loading=\"lazy\" decoding=\"async\" class=\"alignnone size-full wp-image-44341\" src=\"https:\/\/noticiasmercedinas.com\/site\/wp-content\/uploads\/2020\/04\/2ce15137-6eca-4c44-8107-29d13ab397da.jpg\" alt=\"\" width=\"640\" height=\"960\" srcset=\"https:\/\/noticiasmercedinas.com\/site\/wp-content\/uploads\/2020\/04\/2ce15137-6eca-4c44-8107-29d13ab397da.jpg 640w, https:\/\/noticiasmercedinas.com\/site\/wp-content\/uploads\/2020\/04\/2ce15137-6eca-4c44-8107-29d13ab397da-200x300.jpg 200w\" sizes=\"auto, (max-width: 640px) 100vw, 640px\" \/><\/p>\n<p>Una noche no puede dormir. Hay una canci\u00f3n que le atraviesa el cuerpo y que no puede quitarse de la cabeza. Una canci\u00f3n que toca esa fibra invisible de la inspiraci\u00f3n. Entonces se levanta, toma la guitarra y empieza a componer. Est\u00e1 pose\u00eddo. Escribe y canta pose\u00eddo por el esp\u00edritu de Liliana Herrero cantando \u201cSe me va la voz\u201d. Ella es el motivo del insomnio y ella, ahora, es la causa de la canci\u00f3n. Cierra los ojos y mientras canta simulando ser ella, con esa voz medio r\u00fastica y desgarradora, la imagina a Liliana en un estudio de grabaci\u00f3n, cantando con \u00e9l \u201cDeclaraci\u00f3n\u201d, la canci\u00f3n que dar\u00eda t\u00edtulo a su disco solista.<\/p>\n<p>Sale del trance, busca en internet el mail de Liliana y le escribe.<\/p>\n<p>\u00bfSer\u00e1 esta, entonces, la historia del comienzo?<\/p>\n<p>&#8212; Le dije \u201cyo hice este tema pensando que vos lo cantabas. Para m\u00ed ser\u00eda incre\u00edble que vos lo grabes\u201d, y pas\u00f3. Despu\u00e9s de un mont\u00f3n de mails de idas y vueltas y de sincronizar tiempos, grabamos. Despu\u00e9s pegamos la mejor y ella me dijo \u201cyo vine a cantar porque estoy de acuerdo con todo lo que vos escribiste en esta letra\u201d. Para m\u00ed eso fue lo m\u00e1s zarpado.<\/p>\n<p>Tocar con ella \u2013como s\u00edmbolo de ese grupo imaginariamente considerado como \u201celite\u201d\u2013, \u00bfes haber llegado a alg\u00fan lugar? Que haya sido lo m\u00e1s zarpado, \u00bfes, acaso, el final, en el sentido de haber cumplido un sue\u00f1o? Bueno, quiz\u00e1s sea uno de los finales.<\/p>\n<p>&#8212; Despu\u00e9s se cop\u00f3 en armar un video y cuando present\u00e9 el disco vino a cantar en vivo. Fuimos con Lucas Guinot a la casa, \u00e9l grab\u00f3 el piano. Para Lucas fue un flash.<\/p>\n<p><img loading=\"lazy\" decoding=\"async\" class=\"alignnone size-full wp-image-44344\" src=\"https:\/\/noticiasmercedinas.com\/site\/wp-content\/uploads\/2020\/04\/97450665-f9d5-4bf3-85c6-0eb32ba811fd.jpg\" alt=\"\" width=\"1280\" height=\"895\" srcset=\"https:\/\/noticiasmercedinas.com\/site\/wp-content\/uploads\/2020\/04\/97450665-f9d5-4bf3-85c6-0eb32ba811fd.jpg 1280w, https:\/\/noticiasmercedinas.com\/site\/wp-content\/uploads\/2020\/04\/97450665-f9d5-4bf3-85c6-0eb32ba811fd-300x210.jpg 300w, https:\/\/noticiasmercedinas.com\/site\/wp-content\/uploads\/2020\/04\/97450665-f9d5-4bf3-85c6-0eb32ba811fd-1024x716.jpg 1024w, https:\/\/noticiasmercedinas.com\/site\/wp-content\/uploads\/2020\/04\/97450665-f9d5-4bf3-85c6-0eb32ba811fd-768x537.jpg 768w, https:\/\/noticiasmercedinas.com\/site\/wp-content\/uploads\/2020\/04\/97450665-f9d5-4bf3-85c6-0eb32ba811fd-640x448.jpg 640w, https:\/\/noticiasmercedinas.com\/site\/wp-content\/uploads\/2020\/04\/97450665-f9d5-4bf3-85c6-0eb32ba811fd-681x476.jpg 681w\" sizes=\"auto, (max-width: 1280px) 100vw, 1280px\" \/><\/p>\n<p><strong>&#8212; \u00bfY con Kevin Johansen?<\/strong><\/p>\n<p>&#8212; Yo trabaj\u00e9 diez a\u00f1os en un jard\u00edn de infantes y Kevin llevaba a su hijo ah\u00ed. Cuando le propuse \u00e9l me dijo \u201cs\u00ed, querido. Cuando quieras vos avisame y yo voy\u201d. Esas cosas que est\u00e1n buen\u00edsimas pero que no me llevaron a ning\u00fan lado estratosf\u00e9rico. Por m\u00e1s cosas que sean lindas a nivel personal en la carrera, en el d\u00eda a d\u00eda todos lo siguen sosteniendo dando clases\u2026<\/p>\n<p>No hay un final para Mart\u00edn. No hay un \u201cllegar a alg\u00fan lugar\u201d o pertenecer. Y es probable, entonces, que tampoco haya un comienzo, un momento bisagra. De todos modos Mart\u00edn sabe qu\u00e9 cuerda hacer sonar para alimentar el imaginario social.<\/p>\n<p><img loading=\"lazy\" decoding=\"async\" class=\"alignnone size-full wp-image-44343\" src=\"https:\/\/noticiasmercedinas.com\/site\/wp-content\/uploads\/2020\/04\/f0440067-3b97-48b5-a48c-3b459144543e.jpg\" alt=\"\" width=\"1229\" height=\"1280\" srcset=\"https:\/\/noticiasmercedinas.com\/site\/wp-content\/uploads\/2020\/04\/f0440067-3b97-48b5-a48c-3b459144543e.jpg 1229w, https:\/\/noticiasmercedinas.com\/site\/wp-content\/uploads\/2020\/04\/f0440067-3b97-48b5-a48c-3b459144543e-288x300.jpg 288w, https:\/\/noticiasmercedinas.com\/site\/wp-content\/uploads\/2020\/04\/f0440067-3b97-48b5-a48c-3b459144543e-983x1024.jpg 983w, https:\/\/noticiasmercedinas.com\/site\/wp-content\/uploads\/2020\/04\/f0440067-3b97-48b5-a48c-3b459144543e-768x800.jpg 768w, https:\/\/noticiasmercedinas.com\/site\/wp-content\/uploads\/2020\/04\/f0440067-3b97-48b5-a48c-3b459144543e-640x667.jpg 640w, https:\/\/noticiasmercedinas.com\/site\/wp-content\/uploads\/2020\/04\/f0440067-3b97-48b5-a48c-3b459144543e-681x709.jpg 681w\" sizes=\"auto, (max-width: 1229px) 100vw, 1229px\" \/><\/p>\n<p>Mi hija me ve hablando por videollamada con Mart\u00edn Boffi \u2013@boffimartin, en Instagram\u2013. M\u00e1s tarde, como cada d\u00eda de cuarentena, vuelve a mirar por Youtube las canciones para chicos de Magdalena Fleitas. Entonces lo reconoce. All\u00ed est\u00e1 Mart\u00edn con vestimenta multicolor tocando el bajo. \u201cEse es tu amigo, pap\u00e1\u201d, dice sorprendida. Me pide enviarle un audio para contarle cu\u00e1l es su canci\u00f3n preferida.<\/p>\n<p>&#8212; Yo estoy tocando con Magdalena Fleitas, que es la due\u00f1a de ese jard\u00edn. Yo labur\u00e9 ah\u00ed porque primero fui bajista de ella. El \u00faltimo disco que ella hizo para ni\u00f1es se lo produje yo, se llama <em>Risas del rock<\/em>, y participaron, por ejemplo, Leo Sbaraglia, Antonio Birabent, Ricardo Mollo. Mollo, por ejemplo, un Dios. Con \u00e9l grabamos <em>Par Mil<\/em>, en tr\u00edo con el baterista de Magdalena. Un divino. Yo como productor le preguntaba \u201c\u00bfc\u00f3mo escuchaste la toma?\u201d y \u00e9l me dec\u00eda \u201cla hacemos de vuelta, \u00bfno? \u00bfqu\u00e9 dec\u00eds vos?\u201d, y yo ten\u00eda que estar dici\u00e9ndole a Mollo, entend\u00e9s. Sos Mollo cantando, hac\u00e9 lo que quieras. La conclusi\u00f3n m\u00e1s clara que yo veo es que siguen siendo personas y m\u00e1s all\u00e1 de todo se siguen manejando con lo esencial, como vos y yo. Cuando hay buena onda hay buena onda, pero por otro lado no por la <em>grositud <\/em>musical. Por ah\u00ed va la cosa. Despu\u00e9s, algunos son mas <em>gomas<\/em> o m\u00e1s sensatos, pero como vos y yo. Lo que sos es lo que ven\u00edas siendo antes y lo que vas a ser despu\u00e9s.<\/p>\n<p><strong>&#8212; \u00bfHay algo m\u00e1s que quieras agregar y que no te haya preguntado?<\/strong><\/p>\n<p>&#8212; S\u00ed. Algo que vengo viendo de hace unos a\u00f1itos hasta ac\u00e1, y que me parece zarpado y lo rescato y me gustar\u00eda decir: qu\u00e9 bueno lo que est\u00e1 pasando en Mercedes. Yo ca\u00ed en Mercedes por mi viejo, estuve desde segundo grado hasta terminar el secundario. Cuando nosotros \u00e9ramos adolescentes y toc\u00e1bamos, Mercedes era mucho m\u00e1s conservadora y m\u00e1s cerrada al arte, mucho menos interesada en lo art\u00edstico. Ahora es distinto y qu\u00e9 bueno que pase, qu\u00e9 bueno lo del ciclo de m\u00fasica en el MAMM, lo que hacen en los bares y en las pizzer\u00edas, lo del complejo de La Trocha\u2026 qu\u00e9 piola lo que est\u00e1 pasando. Veo la ciudad despierta y a la vez veo la misma se\u00f1ora del barrio entrando al Vea, como que eso sigue igual. Hay gente que est\u00e1 haciendo laburos muy piolas, produciendo mucho, como Rulo Godar.<\/p>\n<p>No hay un principio y no hay un final. Hay un disco girando en c\u00edrculos y est\u00e1n los ojos de un ni\u00f1o imitando el movimiento. Hay un recorrido incansable y un deseo \u2013una vocaci\u00f3n\u2013 de seguir eligiendo las vueltas de un disco, sin principio ni final.<\/p>\n<p><iframe loading=\"lazy\" title=\"DECLARACION - Martin Boffi con Liliana Herrero y Lucas Guinot\" width=\"640\" height=\"360\" src=\"https:\/\/www.youtube.com\/embed\/QagT5Cs_fHk?feature=oembed\" frameborder=\"0\" allow=\"accelerometer; autoplay; clipboard-write; encrypted-media; gyroscope; picture-in-picture; web-share\" referrerpolicy=\"strict-origin-when-cross-origin\" allowfullscreen><\/iframe><\/p>\n","protected":false},"excerpt":{"rendered":"<p>Quer\u00eda ser Cerati. Se encerraba a escuchar Soda Stereo y quer\u00eda ser Cerati. Cantar como \u00e9l. Tocar como \u00e9l. Vestir como \u00e9l. Ten\u00eda trece a\u00f1os, o menos, y quer\u00eda ser Cerati. Pero hab\u00eda un problema: la guitarra. Tocar la viola le resultaba muy dif\u00edcil. Entonces sucedi\u00f3 lo que, de todas maneras, ten\u00eda que suceder: empez\u00f3 [&hellip;]<\/p>\n","protected":false},"author":26,"featured_media":44345,"comment_status":"open","ping_status":"open","sticky":false,"template":"","format":"standard","meta":{"footnotes":""},"categories":[6576],"tags":[1163,6578],"class_list":["post-44340","post","type-post","status-publish","format-standard","has-post-thumbnail","hentry","category-una-mirada-de-la-ciudad","tag-martin-boffi","tag-una-mirada-de-la-ciudad"],"yoast_head":"<!-- This site is optimized with the Yoast SEO plugin v27.4 - https:\/\/yoast.com\/product\/yoast-seo-wordpress\/ -->\n<title>\u201cNo hay nada que me identifique m\u00e1s que el bajo\u201d<\/title>\n<meta name=\"robots\" content=\"index, follow, max-snippet:-1, max-image-preview:large, max-video-preview:-1\" \/>\n<link rel=\"canonical\" href=\"https:\/\/noticiasmercedinas.com\/site\/2020\/04\/30\/no-hay-nada-que-me-identifique-mas-que-el-bajo\/\" \/>\n<meta property=\"og:locale\" content=\"es_ES\" \/>\n<meta property=\"og:type\" content=\"article\" \/>\n<meta property=\"og:title\" content=\"\u201cNo hay nada que me identifique m\u00e1s que el bajo\u201d\" \/>\n<meta property=\"og:description\" content=\"Quer\u00eda ser Cerati. Se encerraba a escuchar Soda Stereo y quer\u00eda ser Cerati. Cantar como \u00e9l. Tocar como \u00e9l. Vestir como \u00e9l. Ten\u00eda trece a\u00f1os, o menos, y quer\u00eda ser Cerati. Pero hab\u00eda un problema: la guitarra. Tocar la viola le resultaba muy dif\u00edcil. Entonces sucedi\u00f3 lo que, de todas maneras, ten\u00eda que suceder: empez\u00f3 [&hellip;]\" \/>\n<meta property=\"og:url\" content=\"https:\/\/noticiasmercedinas.com\/site\/2020\/04\/30\/no-hay-nada-que-me-identifique-mas-que-el-bajo\/\" \/>\n<meta property=\"og:site_name\" content=\"NOTICIASMERCEDINAS.COM\" \/>\n<meta property=\"article:publisher\" content=\"https:\/\/www.facebook.com\/noticiasmercedinas\/\" \/>\n<meta property=\"article:author\" content=\"https:\/\/www.facebook.com\/www.untalmarcost.blogspot.com.ar\" \/>\n<meta property=\"article:published_time\" content=\"2020-04-30T16:46:19+00:00\" \/>\n<meta property=\"article:modified_time\" content=\"2020-04-30T17:51:28+00:00\" \/>\n<meta property=\"og:image\" content=\"https:\/\/noticiasmercedinas.com\/site\/wp-content\/uploads\/2020\/04\/f9eec241-1285-456a-a6b0-d91f7fbe04da.jpg\" \/>\n\t<meta property=\"og:image:width\" content=\"593\" \/>\n\t<meta property=\"og:image:height\" content=\"335\" \/>\n\t<meta property=\"og:image:type\" content=\"image\/jpeg\" \/>\n<meta name=\"author\" content=\"Marcos Tabossi\" \/>\n<meta name=\"twitter:card\" content=\"summary_large_image\" \/>\n<meta name=\"twitter:creator\" content=\"@https:\/\/twitter.com\/MarcosTabossi\" \/>\n<meta name=\"twitter:site\" content=\"@notmercedinas\" \/>\n<meta name=\"twitter:label1\" content=\"Escrito por\" \/>\n\t<meta name=\"twitter:data1\" content=\"Marcos Tabossi\" \/>\n\t<meta name=\"twitter:label2\" content=\"Tiempo de lectura\" \/>\n\t<meta name=\"twitter:data2\" content=\"10 minutos\" \/>\n<script type=\"application\/ld+json\" class=\"yoast-schema-graph\">{\"@context\":\"https:\\\/\\\/schema.org\",\"@graph\":[{\"@type\":\"Article\",\"@id\":\"https:\\\/\\\/noticiasmercedinas.com\\\/site\\\/2020\\\/04\\\/30\\\/no-hay-nada-que-me-identifique-mas-que-el-bajo\\\/#article\",\"isPartOf\":{\"@id\":\"https:\\\/\\\/noticiasmercedinas.com\\\/site\\\/2020\\\/04\\\/30\\\/no-hay-nada-que-me-identifique-mas-que-el-bajo\\\/\"},\"author\":{\"name\":\"Marcos Tabossi\",\"@id\":\"https:\\\/\\\/noticiasmercedinas.com\\\/site\\\/#\\\/schema\\\/person\\\/ad6432d89b9d86aa1236b4352f4f9271\"},\"headline\":\"\u201cNo hay nada que me identifique m\u00e1s que el bajo\u201d\",\"datePublished\":\"2020-04-30T16:46:19+00:00\",\"dateModified\":\"2020-04-30T17:51:28+00:00\",\"mainEntityOfPage\":{\"@id\":\"https:\\\/\\\/noticiasmercedinas.com\\\/site\\\/2020\\\/04\\\/30\\\/no-hay-nada-que-me-identifique-mas-que-el-bajo\\\/\"},\"wordCount\":1983,\"commentCount\":0,\"publisher\":{\"@id\":\"https:\\\/\\\/noticiasmercedinas.com\\\/site\\\/#organization\"},\"image\":{\"@id\":\"https:\\\/\\\/noticiasmercedinas.com\\\/site\\\/2020\\\/04\\\/30\\\/no-hay-nada-que-me-identifique-mas-que-el-bajo\\\/#primaryimage\"},\"thumbnailUrl\":\"https:\\\/\\\/noticiasmercedinas.com\\\/site\\\/wp-content\\\/uploads\\\/2020\\\/04\\\/f9eec241-1285-456a-a6b0-d91f7fbe04da.jpg\",\"keywords\":[\"Mart\u00edn Boffi\",\"una mirada de la ciudad\"],\"articleSection\":[\"Una mirada de la ciudad\"],\"inLanguage\":\"es\",\"potentialAction\":[{\"@type\":\"CommentAction\",\"name\":\"Comment\",\"target\":[\"https:\\\/\\\/noticiasmercedinas.com\\\/site\\\/2020\\\/04\\\/30\\\/no-hay-nada-que-me-identifique-mas-que-el-bajo\\\/#respond\"]}]},{\"@type\":\"WebPage\",\"@id\":\"https:\\\/\\\/noticiasmercedinas.com\\\/site\\\/2020\\\/04\\\/30\\\/no-hay-nada-que-me-identifique-mas-que-el-bajo\\\/\",\"url\":\"https:\\\/\\\/noticiasmercedinas.com\\\/site\\\/2020\\\/04\\\/30\\\/no-hay-nada-que-me-identifique-mas-que-el-bajo\\\/\",\"name\":\"\u201cNo hay nada que me identifique m\u00e1s que el bajo\u201d\",\"isPartOf\":{\"@id\":\"https:\\\/\\\/noticiasmercedinas.com\\\/site\\\/#website\"},\"primaryImageOfPage\":{\"@id\":\"https:\\\/\\\/noticiasmercedinas.com\\\/site\\\/2020\\\/04\\\/30\\\/no-hay-nada-que-me-identifique-mas-que-el-bajo\\\/#primaryimage\"},\"image\":{\"@id\":\"https:\\\/\\\/noticiasmercedinas.com\\\/site\\\/2020\\\/04\\\/30\\\/no-hay-nada-que-me-identifique-mas-que-el-bajo\\\/#primaryimage\"},\"thumbnailUrl\":\"https:\\\/\\\/noticiasmercedinas.com\\\/site\\\/wp-content\\\/uploads\\\/2020\\\/04\\\/f9eec241-1285-456a-a6b0-d91f7fbe04da.jpg\",\"datePublished\":\"2020-04-30T16:46:19+00:00\",\"dateModified\":\"2020-04-30T17:51:28+00:00\",\"breadcrumb\":{\"@id\":\"https:\\\/\\\/noticiasmercedinas.com\\\/site\\\/2020\\\/04\\\/30\\\/no-hay-nada-que-me-identifique-mas-que-el-bajo\\\/#breadcrumb\"},\"inLanguage\":\"es\",\"potentialAction\":[{\"@type\":\"ReadAction\",\"target\":[\"https:\\\/\\\/noticiasmercedinas.com\\\/site\\\/2020\\\/04\\\/30\\\/no-hay-nada-que-me-identifique-mas-que-el-bajo\\\/\"]}]},{\"@type\":\"ImageObject\",\"inLanguage\":\"es\",\"@id\":\"https:\\\/\\\/noticiasmercedinas.com\\\/site\\\/2020\\\/04\\\/30\\\/no-hay-nada-que-me-identifique-mas-que-el-bajo\\\/#primaryimage\",\"url\":\"https:\\\/\\\/noticiasmercedinas.com\\\/site\\\/wp-content\\\/uploads\\\/2020\\\/04\\\/f9eec241-1285-456a-a6b0-d91f7fbe04da.jpg\",\"contentUrl\":\"https:\\\/\\\/noticiasmercedinas.com\\\/site\\\/wp-content\\\/uploads\\\/2020\\\/04\\\/f9eec241-1285-456a-a6b0-d91f7fbe04da.jpg\",\"width\":593,\"height\":335},{\"@type\":\"BreadcrumbList\",\"@id\":\"https:\\\/\\\/noticiasmercedinas.com\\\/site\\\/2020\\\/04\\\/30\\\/no-hay-nada-que-me-identifique-mas-que-el-bajo\\\/#breadcrumb\",\"itemListElement\":[{\"@type\":\"ListItem\",\"position\":1,\"name\":\"Portada\",\"item\":\"https:\\\/\\\/noticiasmercedinas.com\\\/site\\\/\"},{\"@type\":\"ListItem\",\"position\":2,\"name\":\"\u201cNo hay nada que me identifique m\u00e1s que el bajo\u201d\"}]},{\"@type\":\"WebSite\",\"@id\":\"https:\\\/\\\/noticiasmercedinas.com\\\/site\\\/#website\",\"url\":\"https:\\\/\\\/noticiasmercedinas.com\\\/site\\\/\",\"name\":\"NOTICIASMERCEDINAS.COM\",\"description\":\"Mercedes, Buenos Aires, Argentina\",\"publisher\":{\"@id\":\"https:\\\/\\\/noticiasmercedinas.com\\\/site\\\/#organization\"},\"potentialAction\":[{\"@type\":\"SearchAction\",\"target\":{\"@type\":\"EntryPoint\",\"urlTemplate\":\"https:\\\/\\\/noticiasmercedinas.com\\\/site\\\/?s={search_term_string}\"},\"query-input\":{\"@type\":\"PropertyValueSpecification\",\"valueRequired\":true,\"valueName\":\"search_term_string\"}}],\"inLanguage\":\"es\"},{\"@type\":\"Organization\",\"@id\":\"https:\\\/\\\/noticiasmercedinas.com\\\/site\\\/#organization\",\"name\":\"NOTICIASMERCEDINAS.COM\",\"url\":\"https:\\\/\\\/noticiasmercedinas.com\\\/site\\\/\",\"logo\":{\"@type\":\"ImageObject\",\"inLanguage\":\"es\",\"@id\":\"https:\\\/\\\/noticiasmercedinas.com\\\/site\\\/#\\\/schema\\\/logo\\\/image\\\/\",\"url\":\"https:\\\/\\\/noticiasmercedinas.com\\\/site\\\/wp-content\\\/uploads\\\/2020\\\/06\\\/LOGO-512.jpg\",\"contentUrl\":\"https:\\\/\\\/noticiasmercedinas.com\\\/site\\\/wp-content\\\/uploads\\\/2020\\\/06\\\/LOGO-512.jpg\",\"width\":512,\"height\":512,\"caption\":\"NOTICIASMERCEDINAS.COM\"},\"image\":{\"@id\":\"https:\\\/\\\/noticiasmercedinas.com\\\/site\\\/#\\\/schema\\\/logo\\\/image\\\/\"},\"sameAs\":[\"https:\\\/\\\/www.facebook.com\\\/noticiasmercedinas\\\/\",\"https:\\\/\\\/x.com\\\/notmercedinas\",\"https:\\\/\\\/www.instagram.com\\\/noticiasmercedinas\\\/\"]},{\"@type\":\"Person\",\"@id\":\"https:\\\/\\\/noticiasmercedinas.com\\\/site\\\/#\\\/schema\\\/person\\\/ad6432d89b9d86aa1236b4352f4f9271\",\"name\":\"Marcos Tabossi\",\"image\":{\"@type\":\"ImageObject\",\"inLanguage\":\"es\",\"@id\":\"https:\\\/\\\/secure.gravatar.com\\\/avatar\\\/3289c5816bd32b910d17b147a61ec9a26c21417a787bc3c66c4bfd5c3ad5bd45?s=96&d=mm&r=g\",\"url\":\"https:\\\/\\\/secure.gravatar.com\\\/avatar\\\/3289c5816bd32b910d17b147a61ec9a26c21417a787bc3c66c4bfd5c3ad5bd45?s=96&d=mm&r=g\",\"contentUrl\":\"https:\\\/\\\/secure.gravatar.com\\\/avatar\\\/3289c5816bd32b910d17b147a61ec9a26c21417a787bc3c66c4bfd5c3ad5bd45?s=96&d=mm&r=g\",\"caption\":\"Marcos Tabossi\"},\"description\":\"Psic\u00f3logo, docente y escritor. Public\u00f3 \u201cLa persona de al lado\u201d (2013) y \u201cUna especie de c\u00e1rcel\u201d (Peces de Ciudad. 2017). Particip\u00f3 con cuentos en diversas antolog\u00edas y es colaborador de sitios literarios nacionales e internacionales\",\"sameAs\":[\"https:\\\/\\\/www.facebook.com\\\/www.untalmarcost.blogspot.com.ar\",\"https:\\\/\\\/www.instagram.com\\\/marcostabossi\",\"https:\\\/\\\/x.com\\\/https:\\\/\\\/twitter.com\\\/MarcosTabossi\"],\"url\":\"https:\\\/\\\/noticiasmercedinas.com\\\/site\\\/author\\\/marcos-tabosssi\\\/\"}]}<\/script>\n<!-- \/ Yoast SEO plugin. -->","yoast_head_json":{"title":"\u201cNo hay nada que me identifique m\u00e1s que el bajo\u201d","robots":{"index":"index","follow":"follow","max-snippet":"max-snippet:-1","max-image-preview":"max-image-preview:large","max-video-preview":"max-video-preview:-1"},"canonical":"https:\/\/noticiasmercedinas.com\/site\/2020\/04\/30\/no-hay-nada-que-me-identifique-mas-que-el-bajo\/","og_locale":"es_ES","og_type":"article","og_title":"\u201cNo hay nada que me identifique m\u00e1s que el bajo\u201d","og_description":"Quer\u00eda ser Cerati. Se encerraba a escuchar Soda Stereo y quer\u00eda ser Cerati. Cantar como \u00e9l. Tocar como \u00e9l. Vestir como \u00e9l. Ten\u00eda trece a\u00f1os, o menos, y quer\u00eda ser Cerati. Pero hab\u00eda un problema: la guitarra. Tocar la viola le resultaba muy dif\u00edcil. Entonces sucedi\u00f3 lo que, de todas maneras, ten\u00eda que suceder: empez\u00f3 [&hellip;]","og_url":"https:\/\/noticiasmercedinas.com\/site\/2020\/04\/30\/no-hay-nada-que-me-identifique-mas-que-el-bajo\/","og_site_name":"NOTICIASMERCEDINAS.COM","article_publisher":"https:\/\/www.facebook.com\/noticiasmercedinas\/","article_author":"https:\/\/www.facebook.com\/www.untalmarcost.blogspot.com.ar","article_published_time":"2020-04-30T16:46:19+00:00","article_modified_time":"2020-04-30T17:51:28+00:00","og_image":[{"width":593,"height":335,"url":"https:\/\/noticiasmercedinas.com\/site\/wp-content\/uploads\/2020\/04\/f9eec241-1285-456a-a6b0-d91f7fbe04da.jpg","type":"image\/jpeg"}],"author":"Marcos Tabossi","twitter_card":"summary_large_image","twitter_creator":"@https:\/\/twitter.com\/MarcosTabossi","twitter_site":"@notmercedinas","twitter_misc":{"Escrito por":"Marcos Tabossi","Tiempo de lectura":"10 minutos"},"schema":{"@context":"https:\/\/schema.org","@graph":[{"@type":"Article","@id":"https:\/\/noticiasmercedinas.com\/site\/2020\/04\/30\/no-hay-nada-que-me-identifique-mas-que-el-bajo\/#article","isPartOf":{"@id":"https:\/\/noticiasmercedinas.com\/site\/2020\/04\/30\/no-hay-nada-que-me-identifique-mas-que-el-bajo\/"},"author":{"name":"Marcos Tabossi","@id":"https:\/\/noticiasmercedinas.com\/site\/#\/schema\/person\/ad6432d89b9d86aa1236b4352f4f9271"},"headline":"\u201cNo hay nada que me identifique m\u00e1s que el bajo\u201d","datePublished":"2020-04-30T16:46:19+00:00","dateModified":"2020-04-30T17:51:28+00:00","mainEntityOfPage":{"@id":"https:\/\/noticiasmercedinas.com\/site\/2020\/04\/30\/no-hay-nada-que-me-identifique-mas-que-el-bajo\/"},"wordCount":1983,"commentCount":0,"publisher":{"@id":"https:\/\/noticiasmercedinas.com\/site\/#organization"},"image":{"@id":"https:\/\/noticiasmercedinas.com\/site\/2020\/04\/30\/no-hay-nada-que-me-identifique-mas-que-el-bajo\/#primaryimage"},"thumbnailUrl":"https:\/\/noticiasmercedinas.com\/site\/wp-content\/uploads\/2020\/04\/f9eec241-1285-456a-a6b0-d91f7fbe04da.jpg","keywords":["Mart\u00edn Boffi","una mirada de la ciudad"],"articleSection":["Una mirada de la ciudad"],"inLanguage":"es","potentialAction":[{"@type":"CommentAction","name":"Comment","target":["https:\/\/noticiasmercedinas.com\/site\/2020\/04\/30\/no-hay-nada-que-me-identifique-mas-que-el-bajo\/#respond"]}]},{"@type":"WebPage","@id":"https:\/\/noticiasmercedinas.com\/site\/2020\/04\/30\/no-hay-nada-que-me-identifique-mas-que-el-bajo\/","url":"https:\/\/noticiasmercedinas.com\/site\/2020\/04\/30\/no-hay-nada-que-me-identifique-mas-que-el-bajo\/","name":"\u201cNo hay nada que me identifique m\u00e1s que el bajo\u201d","isPartOf":{"@id":"https:\/\/noticiasmercedinas.com\/site\/#website"},"primaryImageOfPage":{"@id":"https:\/\/noticiasmercedinas.com\/site\/2020\/04\/30\/no-hay-nada-que-me-identifique-mas-que-el-bajo\/#primaryimage"},"image":{"@id":"https:\/\/noticiasmercedinas.com\/site\/2020\/04\/30\/no-hay-nada-que-me-identifique-mas-que-el-bajo\/#primaryimage"},"thumbnailUrl":"https:\/\/noticiasmercedinas.com\/site\/wp-content\/uploads\/2020\/04\/f9eec241-1285-456a-a6b0-d91f7fbe04da.jpg","datePublished":"2020-04-30T16:46:19+00:00","dateModified":"2020-04-30T17:51:28+00:00","breadcrumb":{"@id":"https:\/\/noticiasmercedinas.com\/site\/2020\/04\/30\/no-hay-nada-que-me-identifique-mas-que-el-bajo\/#breadcrumb"},"inLanguage":"es","potentialAction":[{"@type":"ReadAction","target":["https:\/\/noticiasmercedinas.com\/site\/2020\/04\/30\/no-hay-nada-que-me-identifique-mas-que-el-bajo\/"]}]},{"@type":"ImageObject","inLanguage":"es","@id":"https:\/\/noticiasmercedinas.com\/site\/2020\/04\/30\/no-hay-nada-que-me-identifique-mas-que-el-bajo\/#primaryimage","url":"https:\/\/noticiasmercedinas.com\/site\/wp-content\/uploads\/2020\/04\/f9eec241-1285-456a-a6b0-d91f7fbe04da.jpg","contentUrl":"https:\/\/noticiasmercedinas.com\/site\/wp-content\/uploads\/2020\/04\/f9eec241-1285-456a-a6b0-d91f7fbe04da.jpg","width":593,"height":335},{"@type":"BreadcrumbList","@id":"https:\/\/noticiasmercedinas.com\/site\/2020\/04\/30\/no-hay-nada-que-me-identifique-mas-que-el-bajo\/#breadcrumb","itemListElement":[{"@type":"ListItem","position":1,"name":"Portada","item":"https:\/\/noticiasmercedinas.com\/site\/"},{"@type":"ListItem","position":2,"name":"\u201cNo hay nada que me identifique m\u00e1s que el bajo\u201d"}]},{"@type":"WebSite","@id":"https:\/\/noticiasmercedinas.com\/site\/#website","url":"https:\/\/noticiasmercedinas.com\/site\/","name":"NOTICIASMERCEDINAS.COM","description":"Mercedes, Buenos Aires, Argentina","publisher":{"@id":"https:\/\/noticiasmercedinas.com\/site\/#organization"},"potentialAction":[{"@type":"SearchAction","target":{"@type":"EntryPoint","urlTemplate":"https:\/\/noticiasmercedinas.com\/site\/?s={search_term_string}"},"query-input":{"@type":"PropertyValueSpecification","valueRequired":true,"valueName":"search_term_string"}}],"inLanguage":"es"},{"@type":"Organization","@id":"https:\/\/noticiasmercedinas.com\/site\/#organization","name":"NOTICIASMERCEDINAS.COM","url":"https:\/\/noticiasmercedinas.com\/site\/","logo":{"@type":"ImageObject","inLanguage":"es","@id":"https:\/\/noticiasmercedinas.com\/site\/#\/schema\/logo\/image\/","url":"https:\/\/noticiasmercedinas.com\/site\/wp-content\/uploads\/2020\/06\/LOGO-512.jpg","contentUrl":"https:\/\/noticiasmercedinas.com\/site\/wp-content\/uploads\/2020\/06\/LOGO-512.jpg","width":512,"height":512,"caption":"NOTICIASMERCEDINAS.COM"},"image":{"@id":"https:\/\/noticiasmercedinas.com\/site\/#\/schema\/logo\/image\/"},"sameAs":["https:\/\/www.facebook.com\/noticiasmercedinas\/","https:\/\/x.com\/notmercedinas","https:\/\/www.instagram.com\/noticiasmercedinas\/"]},{"@type":"Person","@id":"https:\/\/noticiasmercedinas.com\/site\/#\/schema\/person\/ad6432d89b9d86aa1236b4352f4f9271","name":"Marcos Tabossi","image":{"@type":"ImageObject","inLanguage":"es","@id":"https:\/\/secure.gravatar.com\/avatar\/3289c5816bd32b910d17b147a61ec9a26c21417a787bc3c66c4bfd5c3ad5bd45?s=96&d=mm&r=g","url":"https:\/\/secure.gravatar.com\/avatar\/3289c5816bd32b910d17b147a61ec9a26c21417a787bc3c66c4bfd5c3ad5bd45?s=96&d=mm&r=g","contentUrl":"https:\/\/secure.gravatar.com\/avatar\/3289c5816bd32b910d17b147a61ec9a26c21417a787bc3c66c4bfd5c3ad5bd45?s=96&d=mm&r=g","caption":"Marcos Tabossi"},"description":"Psic\u00f3logo, docente y escritor. Public\u00f3 \u201cLa persona de al lado\u201d (2013) y \u201cUna especie de c\u00e1rcel\u201d (Peces de Ciudad. 2017). Particip\u00f3 con cuentos en diversas antolog\u00edas y es colaborador de sitios literarios nacionales e internacionales","sameAs":["https:\/\/www.facebook.com\/www.untalmarcost.blogspot.com.ar","https:\/\/www.instagram.com\/marcostabossi","https:\/\/x.com\/https:\/\/twitter.com\/MarcosTabossi"],"url":"https:\/\/noticiasmercedinas.com\/site\/author\/marcos-tabosssi\/"}]}},"amp_enabled":true,"_links":{"self":[{"href":"https:\/\/noticiasmercedinas.com\/site\/wp-json\/wp\/v2\/posts\/44340","targetHints":{"allow":["GET"]}}],"collection":[{"href":"https:\/\/noticiasmercedinas.com\/site\/wp-json\/wp\/v2\/posts"}],"about":[{"href":"https:\/\/noticiasmercedinas.com\/site\/wp-json\/wp\/v2\/types\/post"}],"author":[{"embeddable":true,"href":"https:\/\/noticiasmercedinas.com\/site\/wp-json\/wp\/v2\/users\/26"}],"replies":[{"embeddable":true,"href":"https:\/\/noticiasmercedinas.com\/site\/wp-json\/wp\/v2\/comments?post=44340"}],"version-history":[{"count":4,"href":"https:\/\/noticiasmercedinas.com\/site\/wp-json\/wp\/v2\/posts\/44340\/revisions"}],"predecessor-version":[{"id":44355,"href":"https:\/\/noticiasmercedinas.com\/site\/wp-json\/wp\/v2\/posts\/44340\/revisions\/44355"}],"wp:featuredmedia":[{"embeddable":true,"href":"https:\/\/noticiasmercedinas.com\/site\/wp-json\/wp\/v2\/media\/44345"}],"wp:attachment":[{"href":"https:\/\/noticiasmercedinas.com\/site\/wp-json\/wp\/v2\/media?parent=44340"}],"wp:term":[{"taxonomy":"category","embeddable":true,"href":"https:\/\/noticiasmercedinas.com\/site\/wp-json\/wp\/v2\/categories?post=44340"},{"taxonomy":"post_tag","embeddable":true,"href":"https:\/\/noticiasmercedinas.com\/site\/wp-json\/wp\/v2\/tags?post=44340"}],"curies":[{"name":"wp","href":"https:\/\/api.w.org\/{rel}","templated":true}]}}