{"id":44349,"date":"2020-04-30T13:44:00","date_gmt":"2020-04-30T16:44:00","guid":{"rendered":"https:\/\/noticiasmercedinas.com\/site\/?p=44349"},"modified":"2020-04-30T13:44:00","modified_gmt":"2020-04-30T16:44:00","slug":"la-scba-reanudara-de-forma-progresiva-los-plazos-y-servicios-por-medios-tecnologicos","status":"publish","type":"post","link":"https:\/\/noticiasmercedinas.com\/site\/2020\/04\/30\/la-scba-reanudara-de-forma-progresiva-los-plazos-y-servicios-por-medios-tecnologicos\/","title":{"rendered":"La SCBA reanudar\u00e1 de forma progresiva los plazos y servicios por medios tecnol\u00f3gicos"},"content":{"rendered":"<p><img loading=\"lazy\" decoding=\"async\" class=\"alignnone size-full wp-image-44350\" src=\"https:\/\/noticiasmercedinas.com\/site\/wp-content\/uploads\/2020\/04\/Resolucion-480.png\" alt=\"\" width=\"800\" height=\"600\" srcset=\"https:\/\/noticiasmercedinas.com\/site\/wp-content\/uploads\/2020\/04\/Resolucion-480.png 800w, https:\/\/noticiasmercedinas.com\/site\/wp-content\/uploads\/2020\/04\/Resolucion-480-300x225.png 300w, https:\/\/noticiasmercedinas.com\/site\/wp-content\/uploads\/2020\/04\/Resolucion-480-768x576.png 768w, https:\/\/noticiasmercedinas.com\/site\/wp-content\/uploads\/2020\/04\/Resolucion-480-80x60.png 80w, https:\/\/noticiasmercedinas.com\/site\/wp-content\/uploads\/2020\/04\/Resolucion-480-160x120.png 160w, https:\/\/noticiasmercedinas.com\/site\/wp-content\/uploads\/2020\/04\/Resolucion-480-100x75.png 100w, https:\/\/noticiasmercedinas.com\/site\/wp-content\/uploads\/2020\/04\/Resolucion-480-200x150.png 200w, https:\/\/noticiasmercedinas.com\/site\/wp-content\/uploads\/2020\/04\/Resolucion-480-180x135.png 180w, https:\/\/noticiasmercedinas.com\/site\/wp-content\/uploads\/2020\/04\/Resolucion-480-360x270.png 360w, https:\/\/noticiasmercedinas.com\/site\/wp-content\/uploads\/2020\/04\/Resolucion-480-238x178.png 238w, https:\/\/noticiasmercedinas.com\/site\/wp-content\/uploads\/2020\/04\/Resolucion-480-476x356.png 476w, https:\/\/noticiasmercedinas.com\/site\/wp-content\/uploads\/2020\/04\/Resolucion-480-640x480.png 640w, https:\/\/noticiasmercedinas.com\/site\/wp-content\/uploads\/2020\/04\/Resolucion-480-681x511.png 681w\" sizes=\"auto, (max-width: 800px) 100vw, 800px\" \/><\/p>\n<p>En el marco del aislamiento social, preventivo y obligatorio, cuya observancia compromete la salvaguarda de la salud p\u00fablica, la Suprema Corte de Justicia dispuso proseguir el camino hacia fases progresivas de moderada agregaci\u00f3n de servicios a trav\u00e9s del uso de los medios tecnol\u00f3gicos disponibles y en la medida que no impliquen afluencia o traslado de personas a sedes judiciales.<\/p>\n<p>La Resoluci\u00f3n N\u00ba480\/20:<\/p>\n<ul>\n<li>Ordena la puesta en marcha progresiva del sistema de Justicia de la Provincia, en el marco del ASPO que a\u00fan rige en todo el territorio provincial.<\/li>\n<\/ul>\n<p>&nbsp;<\/p>\n<ul>\n<li>Procura activar las causas en tr\u00e1mites, mantiene las restricciones al inicio de causas nuevas, salvo las ya establecidas excepciones en las Acordadas anteriores.<\/li>\n<\/ul>\n<p>&nbsp;<\/p>\n<ul>\n<li>Establece dos tramos de activaci\u00f3n de la actividad:<\/li>\n<\/ul>\n<p>1) Para los \u00f3rganos jurisdiccionales: A partir del 29 de abril, en los fueros Civil y Comercial, Familia, Laboral, Contenciosos Administrativo y Paz, se reanudan los plazos PARA EL DICTADO DE RESOLUCIONES Y SENTENCIAS, y de su respectiva notificaci\u00f3n: El plazo le corre a la jurisdicci\u00f3n para el dictado de interlocutorias, de definitivas, de cautelares, y sus notificaciones. (art. 3\u00b0), que hayan quedado planteadas al momento del ASPO.<\/p>\n<p>2) Para las partes: A partir del 6 de mayo, se reactivan los plazos SOLO para los fueros Civil Y Comercial, Contencioso Administrativo, Laboral, Paz (NO Familia), para las PRESENTACIONES ELECTR\u00d3NICAS Y ACTOS PROCESALES, es decir, se activan: Contestaci\u00f3n de traslados, escritos de tr\u00e1mite, agregaci\u00f3n de prueba, etc. Es evidente que no corren para: audiencias presenciales; contestaci\u00f3n de oficios de oficinas p\u00fablicas o privadas que permanezcan cerrada por el DNU 297\/2020, etc.<\/p>\n","protected":false},"excerpt":{"rendered":"<p>En el marco del aislamiento social, preventivo y obligatorio, cuya observancia compromete la salvaguarda de la salud p\u00fablica, la Suprema Corte de Justicia dispuso proseguir el camino hacia fases progresivas de moderada agregaci\u00f3n de servicios a trav\u00e9s del uso de los medios tecnol\u00f3gicos disponibles y en la medida que no impliquen afluencia o traslado de [&hellip;]<\/p>\n","protected":false},"author":16,"featured_media":44350,"comment_status":"open","ping_status":"open","sticky":false,"template":"","format":"standard","meta":{"footnotes":""},"categories":[7919],"tags":[8989,5931],"class_list":["post-44349","post","type-post","status-publish","format-standard","has-post-thumbnail","hentry","category-provinciales","tag-scba","tag-suprema-corte-de-justicia-de-la-provincia-de-buenos-aires"],"yoast_head":"<!-- This site is optimized with the Yoast SEO plugin v27.4 - https:\/\/yoast.com\/product\/yoast-seo-wordpress\/ -->\n<title>La SCBA reanudar\u00e1 de forma progresiva los plazos y servicios por medios tecnol\u00f3gicos<\/title>\n<meta name=\"robots\" content=\"index, follow, max-snippet:-1, max-image-preview:large, max-video-preview:-1\" \/>\n<link rel=\"canonical\" href=\"https:\/\/noticiasmercedinas.com\/site\/2020\/04\/30\/la-scba-reanudara-de-forma-progresiva-los-plazos-y-servicios-por-medios-tecnologicos\/\" \/>\n<meta property=\"og:locale\" content=\"es_ES\" \/>\n<meta property=\"og:type\" content=\"article\" \/>\n<meta property=\"og:title\" content=\"La SCBA reanudar\u00e1 de forma progresiva los plazos y servicios por medios tecnol\u00f3gicos\" \/>\n<meta property=\"og:description\" content=\"En el marco del aislamiento social, preventivo y obligatorio, cuya observancia compromete la salvaguarda de la salud p\u00fablica, la Suprema Corte de Justicia dispuso proseguir el camino hacia fases progresivas de moderada agregaci\u00f3n de servicios a trav\u00e9s del uso de los medios tecnol\u00f3gicos disponibles y en la medida que no impliquen afluencia o traslado de [&hellip;]\" \/>\n<meta property=\"og:url\" content=\"https:\/\/noticiasmercedinas.com\/site\/2020\/04\/30\/la-scba-reanudara-de-forma-progresiva-los-plazos-y-servicios-por-medios-tecnologicos\/\" \/>\n<meta property=\"og:site_name\" content=\"NOTICIASMERCEDINAS.COM\" \/>\n<meta property=\"article:publisher\" content=\"https:\/\/www.facebook.com\/noticiasmercedinas\/\" \/>\n<meta property=\"article:published_time\" content=\"2020-04-30T16:44:00+00:00\" \/>\n<meta property=\"og:image\" content=\"https:\/\/noticiasmercedinas.com\/site\/wp-content\/uploads\/2020\/04\/Resolucion-480.png\" \/>\n\t<meta property=\"og:image:width\" content=\"800\" \/>\n\t<meta property=\"og:image:height\" content=\"600\" \/>\n\t<meta property=\"og:image:type\" content=\"image\/png\" \/>\n<meta name=\"author\" content=\"NOTICIASMERCEDINAS.COM\" \/>\n<meta name=\"twitter:card\" content=\"summary_large_image\" \/>\n<meta name=\"twitter:creator\" content=\"@notmercedinas\" \/>\n<meta name=\"twitter:site\" content=\"@notmercedinas\" \/>\n<meta name=\"twitter:label1\" content=\"Escrito por\" \/>\n\t<meta name=\"twitter:data1\" content=\"NOTICIASMERCEDINAS.COM\" \/>\n\t<meta name=\"twitter:label2\" content=\"Tiempo de lectura\" \/>\n\t<meta name=\"twitter:data2\" content=\"1 minuto\" \/>\n<script type=\"application\/ld+json\" class=\"yoast-schema-graph\">{\"@context\":\"https:\\\/\\\/schema.org\",\"@graph\":[{\"@type\":\"Article\",\"@id\":\"https:\\\/\\\/noticiasmercedinas.com\\\/site\\\/2020\\\/04\\\/30\\\/la-scba-reanudara-de-forma-progresiva-los-plazos-y-servicios-por-medios-tecnologicos\\\/#article\",\"isPartOf\":{\"@id\":\"https:\\\/\\\/noticiasmercedinas.com\\\/site\\\/2020\\\/04\\\/30\\\/la-scba-reanudara-de-forma-progresiva-los-plazos-y-servicios-por-medios-tecnologicos\\\/\"},\"author\":{\"name\":\"NOTICIASMERCEDINAS.COM\",\"@id\":\"https:\\\/\\\/noticiasmercedinas.com\\\/site\\\/#\\\/schema\\\/person\\\/84b59c099c28ff2e8b77d4ceec5d8063\"},\"headline\":\"La SCBA reanudar\u00e1 de forma progresiva los plazos y servicios por medios tecnol\u00f3gicos\",\"datePublished\":\"2020-04-30T16:44:00+00:00\",\"mainEntityOfPage\":{\"@id\":\"https:\\\/\\\/noticiasmercedinas.com\\\/site\\\/2020\\\/04\\\/30\\\/la-scba-reanudara-de-forma-progresiva-los-plazos-y-servicios-por-medios-tecnologicos\\\/\"},\"wordCount\":285,\"commentCount\":0,\"publisher\":{\"@id\":\"https:\\\/\\\/noticiasmercedinas.com\\\/site\\\/#organization\"},\"image\":{\"@id\":\"https:\\\/\\\/noticiasmercedinas.com\\\/site\\\/2020\\\/04\\\/30\\\/la-scba-reanudara-de-forma-progresiva-los-plazos-y-servicios-por-medios-tecnologicos\\\/#primaryimage\"},\"thumbnailUrl\":\"https:\\\/\\\/noticiasmercedinas.com\\\/site\\\/wp-content\\\/uploads\\\/2020\\\/04\\\/Resolucion-480.png\",\"keywords\":[\"scba\",\"Suprema Corte de Justicia de la provincia de Buenos Aires\"],\"articleSection\":[\"Provinciales\"],\"inLanguage\":\"es\",\"potentialAction\":[{\"@type\":\"CommentAction\",\"name\":\"Comment\",\"target\":[\"https:\\\/\\\/noticiasmercedinas.com\\\/site\\\/2020\\\/04\\\/30\\\/la-scba-reanudara-de-forma-progresiva-los-plazos-y-servicios-por-medios-tecnologicos\\\/#respond\"]}]},{\"@type\":\"WebPage\",\"@id\":\"https:\\\/\\\/noticiasmercedinas.com\\\/site\\\/2020\\\/04\\\/30\\\/la-scba-reanudara-de-forma-progresiva-los-plazos-y-servicios-por-medios-tecnologicos\\\/\",\"url\":\"https:\\\/\\\/noticiasmercedinas.com\\\/site\\\/2020\\\/04\\\/30\\\/la-scba-reanudara-de-forma-progresiva-los-plazos-y-servicios-por-medios-tecnologicos\\\/\",\"name\":\"La SCBA reanudar\u00e1 de forma progresiva los plazos y servicios por medios tecnol\u00f3gicos\",\"isPartOf\":{\"@id\":\"https:\\\/\\\/noticiasmercedinas.com\\\/site\\\/#website\"},\"primaryImageOfPage\":{\"@id\":\"https:\\\/\\\/noticiasmercedinas.com\\\/site\\\/2020\\\/04\\\/30\\\/la-scba-reanudara-de-forma-progresiva-los-plazos-y-servicios-por-medios-tecnologicos\\\/#primaryimage\"},\"image\":{\"@id\":\"https:\\\/\\\/noticiasmercedinas.com\\\/site\\\/2020\\\/04\\\/30\\\/la-scba-reanudara-de-forma-progresiva-los-plazos-y-servicios-por-medios-tecnologicos\\\/#primaryimage\"},\"thumbnailUrl\":\"https:\\\/\\\/noticiasmercedinas.com\\\/site\\\/wp-content\\\/uploads\\\/2020\\\/04\\\/Resolucion-480.png\",\"datePublished\":\"2020-04-30T16:44:00+00:00\",\"breadcrumb\":{\"@id\":\"https:\\\/\\\/noticiasmercedinas.com\\\/site\\\/2020\\\/04\\\/30\\\/la-scba-reanudara-de-forma-progresiva-los-plazos-y-servicios-por-medios-tecnologicos\\\/#breadcrumb\"},\"inLanguage\":\"es\",\"potentialAction\":[{\"@type\":\"ReadAction\",\"target\":[\"https:\\\/\\\/noticiasmercedinas.com\\\/site\\\/2020\\\/04\\\/30\\\/la-scba-reanudara-de-forma-progresiva-los-plazos-y-servicios-por-medios-tecnologicos\\\/\"]}]},{\"@type\":\"ImageObject\",\"inLanguage\":\"es\",\"@id\":\"https:\\\/\\\/noticiasmercedinas.com\\\/site\\\/2020\\\/04\\\/30\\\/la-scba-reanudara-de-forma-progresiva-los-plazos-y-servicios-por-medios-tecnologicos\\\/#primaryimage\",\"url\":\"https:\\\/\\\/noticiasmercedinas.com\\\/site\\\/wp-content\\\/uploads\\\/2020\\\/04\\\/Resolucion-480.png\",\"contentUrl\":\"https:\\\/\\\/noticiasmercedinas.com\\\/site\\\/wp-content\\\/uploads\\\/2020\\\/04\\\/Resolucion-480.png\",\"width\":800,\"height\":600},{\"@type\":\"BreadcrumbList\",\"@id\":\"https:\\\/\\\/noticiasmercedinas.com\\\/site\\\/2020\\\/04\\\/30\\\/la-scba-reanudara-de-forma-progresiva-los-plazos-y-servicios-por-medios-tecnologicos\\\/#breadcrumb\",\"itemListElement\":[{\"@type\":\"ListItem\",\"position\":1,\"name\":\"Portada\",\"item\":\"https:\\\/\\\/noticiasmercedinas.com\\\/site\\\/\"},{\"@type\":\"ListItem\",\"position\":2,\"name\":\"La SCBA reanudar\u00e1 de forma progresiva los plazos y servicios por medios tecnol\u00f3gicos\"}]},{\"@type\":\"WebSite\",\"@id\":\"https:\\\/\\\/noticiasmercedinas.com\\\/site\\\/#website\",\"url\":\"https:\\\/\\\/noticiasmercedinas.com\\\/site\\\/\",\"name\":\"NOTICIASMERCEDINAS.COM\",\"description\":\"Mercedes, Buenos Aires, Argentina\",\"publisher\":{\"@id\":\"https:\\\/\\\/noticiasmercedinas.com\\\/site\\\/#organization\"},\"potentialAction\":[{\"@type\":\"SearchAction\",\"target\":{\"@type\":\"EntryPoint\",\"urlTemplate\":\"https:\\\/\\\/noticiasmercedinas.com\\\/site\\\/?s={search_term_string}\"},\"query-input\":{\"@type\":\"PropertyValueSpecification\",\"valueRequired\":true,\"valueName\":\"search_term_string\"}}],\"inLanguage\":\"es\"},{\"@type\":\"Organization\",\"@id\":\"https:\\\/\\\/noticiasmercedinas.com\\\/site\\\/#organization\",\"name\":\"NOTICIASMERCEDINAS.COM\",\"url\":\"https:\\\/\\\/noticiasmercedinas.com\\\/site\\\/\",\"logo\":{\"@type\":\"ImageObject\",\"inLanguage\":\"es\",\"@id\":\"https:\\\/\\\/noticiasmercedinas.com\\\/site\\\/#\\\/schema\\\/logo\\\/image\\\/\",\"url\":\"https:\\\/\\\/noticiasmercedinas.com\\\/site\\\/wp-content\\\/uploads\\\/2020\\\/06\\\/LOGO-512.jpg\",\"contentUrl\":\"https:\\\/\\\/noticiasmercedinas.com\\\/site\\\/wp-content\\\/uploads\\\/2020\\\/06\\\/LOGO-512.jpg\",\"width\":512,\"height\":512,\"caption\":\"NOTICIASMERCEDINAS.COM\"},\"image\":{\"@id\":\"https:\\\/\\\/noticiasmercedinas.com\\\/site\\\/#\\\/schema\\\/logo\\\/image\\\/\"},\"sameAs\":[\"https:\\\/\\\/www.facebook.com\\\/noticiasmercedinas\\\/\",\"https:\\\/\\\/x.com\\\/notmercedinas\",\"https:\\\/\\\/www.instagram.com\\\/noticiasmercedinas\\\/\"]},{\"@type\":\"Person\",\"@id\":\"https:\\\/\\\/noticiasmercedinas.com\\\/site\\\/#\\\/schema\\\/person\\\/84b59c099c28ff2e8b77d4ceec5d8063\",\"name\":\"NOTICIASMERCEDINAS.COM\",\"image\":{\"@type\":\"ImageObject\",\"inLanguage\":\"es\",\"@id\":\"https:\\\/\\\/secure.gravatar.com\\\/avatar\\\/4dfbf16b4d17945bfb6341b2d19043457132fcf478a5ee04f42e959fd8f5df0a?s=96&d=mm&r=g\",\"url\":\"https:\\\/\\\/secure.gravatar.com\\\/avatar\\\/4dfbf16b4d17945bfb6341b2d19043457132fcf478a5ee04f42e959fd8f5df0a?s=96&d=mm&r=g\",\"contentUrl\":\"https:\\\/\\\/secure.gravatar.com\\\/avatar\\\/4dfbf16b4d17945bfb6341b2d19043457132fcf478a5ee04f42e959fd8f5df0a?s=96&d=mm&r=g\",\"caption\":\"NOTICIASMERCEDINAS.COM\"},\"url\":\"https:\\\/\\\/noticiasmercedinas.com\\\/site\\\/author\\\/anonimo\\\/\"}]}<\/script>\n<!-- \/ Yoast SEO plugin. -->","yoast_head_json":{"title":"La SCBA reanudar\u00e1 de forma progresiva los plazos y servicios por medios tecnol\u00f3gicos","robots":{"index":"index","follow":"follow","max-snippet":"max-snippet:-1","max-image-preview":"max-image-preview:large","max-video-preview":"max-video-preview:-1"},"canonical":"https:\/\/noticiasmercedinas.com\/site\/2020\/04\/30\/la-scba-reanudara-de-forma-progresiva-los-plazos-y-servicios-por-medios-tecnologicos\/","og_locale":"es_ES","og_type":"article","og_title":"La SCBA reanudar\u00e1 de forma progresiva los plazos y servicios por medios tecnol\u00f3gicos","og_description":"En el marco del aislamiento social, preventivo y obligatorio, cuya observancia compromete la salvaguarda de la salud p\u00fablica, la Suprema Corte de Justicia dispuso proseguir el camino hacia fases progresivas de moderada agregaci\u00f3n de servicios a trav\u00e9s del uso de los medios tecnol\u00f3gicos disponibles y en la medida que no impliquen afluencia o traslado de [&hellip;]","og_url":"https:\/\/noticiasmercedinas.com\/site\/2020\/04\/30\/la-scba-reanudara-de-forma-progresiva-los-plazos-y-servicios-por-medios-tecnologicos\/","og_site_name":"NOTICIASMERCEDINAS.COM","article_publisher":"https:\/\/www.facebook.com\/noticiasmercedinas\/","article_published_time":"2020-04-30T16:44:00+00:00","og_image":[{"width":800,"height":600,"url":"https:\/\/noticiasmercedinas.com\/site\/wp-content\/uploads\/2020\/04\/Resolucion-480.png","type":"image\/png"}],"author":"NOTICIASMERCEDINAS.COM","twitter_card":"summary_large_image","twitter_creator":"@notmercedinas","twitter_site":"@notmercedinas","twitter_misc":{"Escrito por":"NOTICIASMERCEDINAS.COM","Tiempo de lectura":"1 minuto"},"schema":{"@context":"https:\/\/schema.org","@graph":[{"@type":"Article","@id":"https:\/\/noticiasmercedinas.com\/site\/2020\/04\/30\/la-scba-reanudara-de-forma-progresiva-los-plazos-y-servicios-por-medios-tecnologicos\/#article","isPartOf":{"@id":"https:\/\/noticiasmercedinas.com\/site\/2020\/04\/30\/la-scba-reanudara-de-forma-progresiva-los-plazos-y-servicios-por-medios-tecnologicos\/"},"author":{"name":"NOTICIASMERCEDINAS.COM","@id":"https:\/\/noticiasmercedinas.com\/site\/#\/schema\/person\/84b59c099c28ff2e8b77d4ceec5d8063"},"headline":"La SCBA reanudar\u00e1 de forma progresiva los plazos y servicios por medios tecnol\u00f3gicos","datePublished":"2020-04-30T16:44:00+00:00","mainEntityOfPage":{"@id":"https:\/\/noticiasmercedinas.com\/site\/2020\/04\/30\/la-scba-reanudara-de-forma-progresiva-los-plazos-y-servicios-por-medios-tecnologicos\/"},"wordCount":285,"commentCount":0,"publisher":{"@id":"https:\/\/noticiasmercedinas.com\/site\/#organization"},"image":{"@id":"https:\/\/noticiasmercedinas.com\/site\/2020\/04\/30\/la-scba-reanudara-de-forma-progresiva-los-plazos-y-servicios-por-medios-tecnologicos\/#primaryimage"},"thumbnailUrl":"https:\/\/noticiasmercedinas.com\/site\/wp-content\/uploads\/2020\/04\/Resolucion-480.png","keywords":["scba","Suprema Corte de Justicia de la provincia de Buenos Aires"],"articleSection":["Provinciales"],"inLanguage":"es","potentialAction":[{"@type":"CommentAction","name":"Comment","target":["https:\/\/noticiasmercedinas.com\/site\/2020\/04\/30\/la-scba-reanudara-de-forma-progresiva-los-plazos-y-servicios-por-medios-tecnologicos\/#respond"]}]},{"@type":"WebPage","@id":"https:\/\/noticiasmercedinas.com\/site\/2020\/04\/30\/la-scba-reanudara-de-forma-progresiva-los-plazos-y-servicios-por-medios-tecnologicos\/","url":"https:\/\/noticiasmercedinas.com\/site\/2020\/04\/30\/la-scba-reanudara-de-forma-progresiva-los-plazos-y-servicios-por-medios-tecnologicos\/","name":"La SCBA reanudar\u00e1 de forma progresiva los plazos y servicios por medios tecnol\u00f3gicos","isPartOf":{"@id":"https:\/\/noticiasmercedinas.com\/site\/#website"},"primaryImageOfPage":{"@id":"https:\/\/noticiasmercedinas.com\/site\/2020\/04\/30\/la-scba-reanudara-de-forma-progresiva-los-plazos-y-servicios-por-medios-tecnologicos\/#primaryimage"},"image":{"@id":"https:\/\/noticiasmercedinas.com\/site\/2020\/04\/30\/la-scba-reanudara-de-forma-progresiva-los-plazos-y-servicios-por-medios-tecnologicos\/#primaryimage"},"thumbnailUrl":"https:\/\/noticiasmercedinas.com\/site\/wp-content\/uploads\/2020\/04\/Resolucion-480.png","datePublished":"2020-04-30T16:44:00+00:00","breadcrumb":{"@id":"https:\/\/noticiasmercedinas.com\/site\/2020\/04\/30\/la-scba-reanudara-de-forma-progresiva-los-plazos-y-servicios-por-medios-tecnologicos\/#breadcrumb"},"inLanguage":"es","potentialAction":[{"@type":"ReadAction","target":["https:\/\/noticiasmercedinas.com\/site\/2020\/04\/30\/la-scba-reanudara-de-forma-progresiva-los-plazos-y-servicios-por-medios-tecnologicos\/"]}]},{"@type":"ImageObject","inLanguage":"es","@id":"https:\/\/noticiasmercedinas.com\/site\/2020\/04\/30\/la-scba-reanudara-de-forma-progresiva-los-plazos-y-servicios-por-medios-tecnologicos\/#primaryimage","url":"https:\/\/noticiasmercedinas.com\/site\/wp-content\/uploads\/2020\/04\/Resolucion-480.png","contentUrl":"https:\/\/noticiasmercedinas.com\/site\/wp-content\/uploads\/2020\/04\/Resolucion-480.png","width":800,"height":600},{"@type":"BreadcrumbList","@id":"https:\/\/noticiasmercedinas.com\/site\/2020\/04\/30\/la-scba-reanudara-de-forma-progresiva-los-plazos-y-servicios-por-medios-tecnologicos\/#breadcrumb","itemListElement":[{"@type":"ListItem","position":1,"name":"Portada","item":"https:\/\/noticiasmercedinas.com\/site\/"},{"@type":"ListItem","position":2,"name":"La SCBA reanudar\u00e1 de forma progresiva los plazos y servicios por medios tecnol\u00f3gicos"}]},{"@type":"WebSite","@id":"https:\/\/noticiasmercedinas.com\/site\/#website","url":"https:\/\/noticiasmercedinas.com\/site\/","name":"NOTICIASMERCEDINAS.COM","description":"Mercedes, Buenos Aires, Argentina","publisher":{"@id":"https:\/\/noticiasmercedinas.com\/site\/#organization"},"potentialAction":[{"@type":"SearchAction","target":{"@type":"EntryPoint","urlTemplate":"https:\/\/noticiasmercedinas.com\/site\/?s={search_term_string}"},"query-input":{"@type":"PropertyValueSpecification","valueRequired":true,"valueName":"search_term_string"}}],"inLanguage":"es"},{"@type":"Organization","@id":"https:\/\/noticiasmercedinas.com\/site\/#organization","name":"NOTICIASMERCEDINAS.COM","url":"https:\/\/noticiasmercedinas.com\/site\/","logo":{"@type":"ImageObject","inLanguage":"es","@id":"https:\/\/noticiasmercedinas.com\/site\/#\/schema\/logo\/image\/","url":"https:\/\/noticiasmercedinas.com\/site\/wp-content\/uploads\/2020\/06\/LOGO-512.jpg","contentUrl":"https:\/\/noticiasmercedinas.com\/site\/wp-content\/uploads\/2020\/06\/LOGO-512.jpg","width":512,"height":512,"caption":"NOTICIASMERCEDINAS.COM"},"image":{"@id":"https:\/\/noticiasmercedinas.com\/site\/#\/schema\/logo\/image\/"},"sameAs":["https:\/\/www.facebook.com\/noticiasmercedinas\/","https:\/\/x.com\/notmercedinas","https:\/\/www.instagram.com\/noticiasmercedinas\/"]},{"@type":"Person","@id":"https:\/\/noticiasmercedinas.com\/site\/#\/schema\/person\/84b59c099c28ff2e8b77d4ceec5d8063","name":"NOTICIASMERCEDINAS.COM","image":{"@type":"ImageObject","inLanguage":"es","@id":"https:\/\/secure.gravatar.com\/avatar\/4dfbf16b4d17945bfb6341b2d19043457132fcf478a5ee04f42e959fd8f5df0a?s=96&d=mm&r=g","url":"https:\/\/secure.gravatar.com\/avatar\/4dfbf16b4d17945bfb6341b2d19043457132fcf478a5ee04f42e959fd8f5df0a?s=96&d=mm&r=g","contentUrl":"https:\/\/secure.gravatar.com\/avatar\/4dfbf16b4d17945bfb6341b2d19043457132fcf478a5ee04f42e959fd8f5df0a?s=96&d=mm&r=g","caption":"NOTICIASMERCEDINAS.COM"},"url":"https:\/\/noticiasmercedinas.com\/site\/author\/anonimo\/"}]}},"amp_enabled":true,"_links":{"self":[{"href":"https:\/\/noticiasmercedinas.com\/site\/wp-json\/wp\/v2\/posts\/44349","targetHints":{"allow":["GET"]}}],"collection":[{"href":"https:\/\/noticiasmercedinas.com\/site\/wp-json\/wp\/v2\/posts"}],"about":[{"href":"https:\/\/noticiasmercedinas.com\/site\/wp-json\/wp\/v2\/types\/post"}],"author":[{"embeddable":true,"href":"https:\/\/noticiasmercedinas.com\/site\/wp-json\/wp\/v2\/users\/16"}],"replies":[{"embeddable":true,"href":"https:\/\/noticiasmercedinas.com\/site\/wp-json\/wp\/v2\/comments?post=44349"}],"version-history":[{"count":1,"href":"https:\/\/noticiasmercedinas.com\/site\/wp-json\/wp\/v2\/posts\/44349\/revisions"}],"predecessor-version":[{"id":44351,"href":"https:\/\/noticiasmercedinas.com\/site\/wp-json\/wp\/v2\/posts\/44349\/revisions\/44351"}],"wp:featuredmedia":[{"embeddable":true,"href":"https:\/\/noticiasmercedinas.com\/site\/wp-json\/wp\/v2\/media\/44350"}],"wp:attachment":[{"href":"https:\/\/noticiasmercedinas.com\/site\/wp-json\/wp\/v2\/media?parent=44349"}],"wp:term":[{"taxonomy":"category","embeddable":true,"href":"https:\/\/noticiasmercedinas.com\/site\/wp-json\/wp\/v2\/categories?post=44349"},{"taxonomy":"post_tag","embeddable":true,"href":"https:\/\/noticiasmercedinas.com\/site\/wp-json\/wp\/v2\/tags?post=44349"}],"curies":[{"name":"wp","href":"https:\/\/api.w.org\/{rel}","templated":true}]}}