{"id":44367,"date":"2020-04-30T16:56:18","date_gmt":"2020-04-30T19:56:18","guid":{"rendered":"https:\/\/noticiasmercedinas.com\/site\/?p=44367"},"modified":"2020-04-30T16:58:22","modified_gmt":"2020-04-30T19:58:22","slug":"no-alberto-fernandez-no-propuso-la-creacion-de-una-asignacion-para-detenidos-en-su-domicilio","status":"publish","type":"post","link":"https:\/\/noticiasmercedinas.com\/site\/2020\/04\/30\/no-alberto-fernandez-no-propuso-la-creacion-de-una-asignacion-para-detenidos-en-su-domicilio\/","title":{"rendered":"No, Alberto Fern\u00e1ndez no propuso la creaci\u00f3n de una asignaci\u00f3n para detenidos en su domicilio"},"content":{"rendered":"<p><img loading=\"lazy\" decoding=\"async\" class=\"alignnone size-full wp-image-44368\" src=\"https:\/\/noticiasmercedinas.com\/site\/wp-content\/uploads\/2020\/04\/Dise-o-sin-t-tulo-9-1280x549-1.jpg\" alt=\"\" width=\"1280\" height=\"549\" srcset=\"https:\/\/noticiasmercedinas.com\/site\/wp-content\/uploads\/2020\/04\/Dise-o-sin-t-tulo-9-1280x549-1.jpg 1280w, https:\/\/noticiasmercedinas.com\/site\/wp-content\/uploads\/2020\/04\/Dise-o-sin-t-tulo-9-1280x549-1-300x129.jpg 300w, https:\/\/noticiasmercedinas.com\/site\/wp-content\/uploads\/2020\/04\/Dise-o-sin-t-tulo-9-1280x549-1-1024x439.jpg 1024w, https:\/\/noticiasmercedinas.com\/site\/wp-content\/uploads\/2020\/04\/Dise-o-sin-t-tulo-9-1280x549-1-768x329.jpg 768w, https:\/\/noticiasmercedinas.com\/site\/wp-content\/uploads\/2020\/04\/Dise-o-sin-t-tulo-9-1280x549-1-640x275.jpg 640w, https:\/\/noticiasmercedinas.com\/site\/wp-content\/uploads\/2020\/04\/Dise-o-sin-t-tulo-9-1280x549-1-681x292.jpg 681w\" sizes=\"auto, (max-width: 1280px) 100vw, 1280px\" \/><\/p>\n<p>Por Mart\u00edn Slipczuk &#8211; CHEQUEADO.COM<\/p>\n<p>En Facebook circula una <span style=\"color: #000080;\"><a style=\"color: #000080;\" href=\"https:\/\/chequeado.com\/wp-content\/uploads\/2020\/04\/Dise--o-sin-t--tulo-9.jpg\">imagen<\/a>\u00a0<\/span>de un supuesto tuit de\u00a0<span style=\"color: #000080;\"><a style=\"color: #000080;\" title=\"Alberto Fern\u00e1ndez\" href=\"https:\/\/chequeado.com\/personajes\/alberto-fernandez\/\">Alberto Fern\u00e1ndez<\/a>\u00a0<\/span>donde el presidente de la Naci\u00f3n propone \u201clanzar la ADD, una Asignaci\u00f3n al Detenido en su Domicilio de $30.000, para que no tenga incentivos a escapar de su casa a delinquir\u201d, debido a la falta de tobilleras electr\u00f3nicas. Este planteo se enmarca dentro de la discusi\u00f3n sobre la situaci\u00f3n de las c\u00e1rceles durante la pandemia del coronavirus SARS-CoV-2 que provoca la enfermedad COVID-19. Pero\u00a0<strong>la propuesta es falsa: el tuit fue realizado por una cuenta falsa y no se trata de una propuesta oficial del Presidente ni del gobierno<\/strong>.<\/p>\n<p>El mensaje, que tambi\u00e9n lleg\u00f3 al\u00a0<span style=\"color: #000080;\"><a style=\"color: #000080;\" href=\"https:\/\/api.whatsapp.com\/send?phone=5491136790690&amp;text=&amp;source=&amp;data=\">n\u00famero de WhatsApp de Chequeado (+54 9 11 3679-0690)<\/a><\/span>\u00a0para ser verificado,\u00a0<strong>fue publicado inicialmente por una cuenta falsa de Twitter, que hace s\u00e1tiras relacionadas con el Presidente<\/strong>. Una foto de este mensaje circul\u00f3 en diversos post de Facebook con m\u00e1s de 1,3 mil compartidos en total (ver\u00a0<span style=\"color: #000080;\"><a style=\"color: #000080;\" href=\"https:\/\/drive.google.com\/file\/d\/14AHZMZmoe7PvNHkaM8HJkZid-esD8Y8-\/view?usp=sharing\">ac\u00e1<\/a>,\u00a0<a style=\"color: #000080;\" href=\"https:\/\/drive.google.com\/file\/d\/1JvgzKhntdBfu7BwWasmtSYp5kRczxPtM\/view?usp=sharing\">ac\u00e1<\/a>\u00a0y\u00a0<a style=\"color: #000080;\" href=\"https:\/\/drive.google.com\/file\/d\/1XnPJ2GANz9RLq01FI7Xj6K3r-deKXZFC\/view?usp=sharing\">ac\u00e1<\/a><\/span>), mientras que la supuesta creaci\u00f3n de la asignaci\u00f3n para detenidos en su domicilio tambi\u00e9n circul\u00f3 en Facebook (ver<span style=\"color: #000080;\">\u00a0<a style=\"color: #000080;\" href=\"https:\/\/drive.google.com\/file\/d\/1giEHNi-nApJah3UrhsWkFsvHkGVzrhF_\/view?usp=sharing\">ac\u00e1<\/a>\u00a0y\u00a0<a style=\"color: #000080;\" href=\"https:\/\/drive.google.com\/file\/d\/1oFQye5YtFSuBnPAyzmCdi1_uTRryyHmg\/view?usp=sharing\">ac\u00e1<\/a><\/span>) y en Twitter (ver\u00a0<span style=\"color: #000080;\"><a style=\"color: #000080;\" href=\"https:\/\/drive.google.com\/file\/d\/1WAe8zWz7ksVOMMpcGaA8-B_BOY4pI0A_\/view?usp=sharing\">ac\u00e1<\/a>\u00a0y\u00a0<a style=\"color: #000080;\" href=\"https:\/\/drive.google.com\/file\/d\/1ClMCYRMls4xuTq1jx8AUkh8P0fG4vJGa\/view?usp=sharing\">ac\u00e1<\/a><\/span>).<\/p>\n<p>La cuenta que public\u00f3 el mensaje es @Alfeerdez -es decir, tiene una \u201ce\u201d de m\u00e1s, ya que la cuenta oficial del Presidente es @alferdez- y\u00a0<strong>se trata de una cuenta \u201cfake\u201d, como<span style=\"color: #000080;\">\u00a0<\/span><\/strong><span style=\"color: #000080;\"><strong><a style=\"color: #000080;\" href=\"https:\/\/drive.google.com\/file\/d\/1uYuFATr0qzab44TdV8ZF0nOqwZWKYOvZ\/view?usp=sharing\">explica<\/a><\/strong><\/span><strong>\u00a0en su perfil<\/strong>. \u201cEntr\u00e1 y divertite\u201d, sostiene la cuenta falsa en su biograf\u00eda. Incluso el usuario cambi\u00f3 su nombre de Twitter y\u00a0<strong>actualmente figura como \u201cAlberto Fern\u00e1ndez de Kirchner\u201d<\/strong>, en alusi\u00f3n a supuesta dependencia del presidente de la vicepresidenta de la Naci\u00f3n,\u00a0<span style=\"color: #000080;\"><a style=\"color: #000080;\" title=\"Cristina Fern\u00e1ndez de Kirchner\" href=\"https:\/\/chequeado.com\/personajes\/cristina-fernandez-de-kirchner\/\">Cristina Fern\u00e1ndez de Kirchner<\/a><\/span>.<\/p>\n<p>La\u00a0<span style=\"color: #000080;\"><a style=\"color: #000080;\" href=\"https:\/\/drive.google.com\/file\/d\/10jl5DIibaFwhY66ATHTuo7YG2iqZAdHt\/view?usp=sharing\">publicaci\u00f3n inicial<\/a>\u00a0<\/span>ya<strong>\u00a0tiene m\u00e1s de 2 mil retuits y m\u00e1s de 11,5 mil \u201cMe gusta\u201d<\/strong>. All\u00ed mismo, si bien algunos usuarios se indignaban con la supuesta propuesta oficial, muchos otros aclaraban que se trataba de un chiste, ya que se hab\u00edan percatado de que la cuenta era falsa.<\/p>\n<p>Pero, adem\u00e1s,\u00a0<strong>esta publicaci\u00f3n falsa se comparti\u00f3 en Facebook, donde en ning\u00fan lugar se aclaraba que se trataba de una cuenta sat\u00edrica<\/strong>, sino que se daba a entender que era una publicaci\u00f3n oficial de Alberto Fern\u00e1ndez (ver\u00a0<span style=\"color: #000080;\"><a style=\"color: #000080;\" href=\"https:\/\/drive.google.com\/file\/d\/14AHZMZmoe7PvNHkaM8HJkZid-esD8Y8-\/view?usp=sharing\">ac\u00e1<\/a>,\u00a0<a style=\"color: #000080;\" href=\"https:\/\/drive.google.com\/file\/d\/1JvgzKhntdBfu7BwWasmtSYp5kRczxPtM\/view?usp=sharing\">ac\u00e1<\/a>\u00a0y\u00a0<a style=\"color: #000080;\" href=\"https:\/\/drive.google.com\/file\/d\/1XnPJ2GANz9RLq01FI7Xj6K3r-deKXZFC\/view?usp=sharing\">ac\u00e1<\/a><\/span>). Tambi\u00e9n circularon post que copiaron el mensaje de la supuesta creaci\u00f3n de esta asignaci\u00f3n para detenidos en su domicilio sin siquiera poner una foto al tuit falso (ver\u00a0<span style=\"color: #000080;\"><a style=\"color: #000080;\" href=\"https:\/\/drive.google.com\/file\/d\/1giEHNi-nApJah3UrhsWkFsvHkGVzrhF_\/view?usp=sharing\">ac\u00e1<\/a>,\u00a0<a style=\"color: #000080;\" href=\"https:\/\/drive.google.com\/file\/d\/1oFQye5YtFSuBnPAyzmCdi1_uTRryyHmg\/view?usp=sharing\">ac\u00e1<\/a>\u00a0y\u00a0<a style=\"color: #000080;\" href=\"https:\/\/drive.google.com\/file\/d\/1evNcPCwwJUQmBQu2HIQzdwZQrnFWnqms\/view?usp=sharing\">ac\u00e1<\/a><\/span>).<\/p>\n<p>Como se explic\u00f3 en\u00a0<a href=\"https:\/\/chequeado.com\/el-explicador\/la-delgada-linea-que-separa-el-humor-y-la-desinformacion-en-las-redes\/\">esta nota<\/a>, muchas veces<strong>\u00a0la l\u00ednea que separa el humor y la desinformaci\u00f3n en las redes sociales es delgada<\/strong>. En\u00a0<b>Chequeado\u00a0<\/b>ya publicamos diversas notas en las que un chiste era sacado de contexto y se utilizaba para desinformar (ver\u00a0<span style=\"color: #000080;\"><a style=\"color: #000080;\" href=\"https:\/\/chequeado.com\/verificacionfb\/no-el-hombre-de-la-imagen-no-es-un-integrante-del-herzbollah-es-juan-pablo-sorin\/\">ac\u00e1<\/a>,\u00a0<a style=\"color: #000080;\" href=\"https:\/\/chequeado.com\/verificacionfb\/es-una-satira-la-imagen-de-axl-rose-que-dice-ser-rosa-kicilof-la-abuela-del-gobernador-bonaerense\/\">ac\u00e1<\/a>,\u00a0<a style=\"color: #000080;\" href=\"https:\/\/chequeado.com\/el-explicador\/es-falsa-la-imagen-de-kicillof-usando-una-calculadora-para-sumar-22-en-una-reunion-con-alberto-fernandez\/\">ac\u00e1<\/a>\u00a0o\u00a0<a style=\"color: #000080;\" href=\"https:\/\/chequeado.com\/verificacionfb\/son-falsos-los-zocalos-de-estas-entrevistas-con-gines-gonzalez-garcia\/\">ac\u00e1<\/a><\/span>). Tanto en temas superficiales como en los que revisten gravedad, los chistes suelen estar entre los tuits m\u00e1s compartidos y, si bien distintos especialistas consideran que el humor puede ayudar a aliviar situaciones sociales dif\u00edciles de atravesar, lo peligroso de estos contenidos es que pueden usarse para justificar una desinformaci\u00f3n -como en este caso-, o bien para alentar la burla y la discriminaci\u00f3n.<\/p>\n<h3>\u00bfQu\u00e9 dijo Alberto Fern\u00e1ndez sobre la situaci\u00f3n de los presos?<\/h3>\n<p>En una\u00a0<span style=\"color: #000080;\"><a style=\"color: #000080;\" href=\"https:\/\/ar.radiocut.fm\/audiocut\/entrevista-a-alberto-fernandez-6157\/\">entrevista<\/a>\u00a0<\/span>con Radio Con Vos, Fern\u00e1ndez sostuvo que la situaci\u00f3n de los presos \u201cno es un tema simple\u201d ya que dentro de las c\u00e1rceles se viven situaciones de concentraci\u00f3n humana \u201cmuy riesgosas\u201d en relaci\u00f3n a la pandemia, sumado a que hay personas privadas de la libertad \u201ccon factores de riesgo\u201d.\u00a0<strong>En ning\u00fan momento el mandatario se refiri\u00f3 a una supuesta asignaci\u00f3n para detenidos en su domicilio<\/strong>.<\/p>\n<p>El Presidente destac\u00f3 en la entrevista un\u00a0<span style=\"color: #000080;\"><a style=\"color: #000080;\" href=\"https:\/\/www.oas.org\/es\/cidh\/prensa\/comunicados\/2020\/066.asp\">comunicado<\/a><\/span>\u00a0de la\u00a0<strong>Comisi\u00f3n Interamericana de Derechos Humanos (CIDH) que pide a los Estados \u201cgarantizar la salud y la integridad de las personas privadas de libertad<\/strong>\u00a0y sus familias frente a la pandemia de la COVID-19\u201d.<\/p>\n<p>En es comunicado, la CIDH felicit\u00f3 iniciativas de otros Estados para \u201creducir la poblaci\u00f3n de personas privadas de la libertad, adoptando medidas alternativas a la prisi\u00f3n\u201d como \u201cla revisi\u00f3n de casos de prisi\u00f3n preventiva, la adopci\u00f3n de la prisi\u00f3n domiciliaria para personas mayores y mujeres embarazadas y la progresi\u00f3n al r\u00e9gimen abierto para aquellas personas que se encontraban cerca de recibir el beneficio legal\u201d.<\/p>\n<hr \/>\n<p><b><i>Si quer\u00e9s estar mejor informado sobre la pandemia, entr\u00e1 al\u00a0<\/i><\/b><span style=\"color: #000080;\"><a style=\"color: #000080;\" href=\"https:\/\/coronavirus.chequeado.com\/\"><b><i>Especial Coronavirus<\/i><\/b><\/a><\/span><b><i>.<\/i><\/b><\/p>\n<p><i>Este chequeo es parte de la\u00a0<\/i><span style=\"color: #000080;\"><a style=\"color: #000080;\" href=\"https:\/\/chequeado.com\/un-paso-mas-para-disminuir-la-desinformacion-esta-vez-en-la-red-social-que-usan-mensualmente-31-millones-de-argentinos\/\"><i>iniciativa<\/i><\/a><\/span><i>\u00a0Third Party Fact-checker de Facebook en la Argentina. En los casos de fotos y videos trabajamos con im\u00e1genes trucadas o sacadas de contexto y siempre analizamos en conjunto las im\u00e1genes junto con el texto con el que fueron presentadas.<\/i><\/p>\n","protected":false},"excerpt":{"rendered":"<p>Por Mart\u00edn Slipczuk &#8211; CHEQUEADO.COM En Facebook circula una imagen\u00a0de un supuesto tuit de\u00a0Alberto Fern\u00e1ndez\u00a0donde el presidente de la Naci\u00f3n propone \u201clanzar la ADD, una Asignaci\u00f3n al Detenido en su Domicilio de $30.000, para que no tenga incentivos a escapar de su casa a delinquir\u201d, debido a la falta de tobilleras electr\u00f3nicas. Este planteo se [&hellip;]<\/p>\n","protected":false},"author":16,"featured_media":44368,"comment_status":"open","ping_status":"open","sticky":false,"template":"","format":"standard","meta":{"footnotes":""},"categories":[5274],"tags":[5275],"class_list":["post-44367","post","type-post","status-publish","format-standard","has-post-thumbnail","hentry","category-reverso","tag-informacion-contra-la-desinformacion"],"yoast_head":"<!-- This site is optimized with the Yoast SEO plugin v27.5 - https:\/\/yoast.com\/product\/yoast-seo-wordpress\/ -->\n<title>No, Alberto Fern\u00e1ndez no propuso la creaci\u00f3n de una asignaci\u00f3n para detenidos en su domicilio<\/title>\n<meta name=\"robots\" content=\"index, follow, max-snippet:-1, max-image-preview:large, max-video-preview:-1\" \/>\n<link rel=\"canonical\" href=\"https:\/\/noticiasmercedinas.com\/site\/2020\/04\/30\/no-alberto-fernandez-no-propuso-la-creacion-de-una-asignacion-para-detenidos-en-su-domicilio\/\" \/>\n<meta property=\"og:locale\" content=\"es_ES\" \/>\n<meta property=\"og:type\" content=\"article\" \/>\n<meta property=\"og:title\" content=\"No, Alberto Fern\u00e1ndez no propuso la creaci\u00f3n de una asignaci\u00f3n para detenidos en su domicilio\" \/>\n<meta property=\"og:description\" content=\"Por Mart\u00edn Slipczuk &#8211; CHEQUEADO.COM En Facebook circula una imagen\u00a0de un supuesto tuit de\u00a0Alberto Fern\u00e1ndez\u00a0donde el presidente de la Naci\u00f3n propone \u201clanzar la ADD, una Asignaci\u00f3n al Detenido en su Domicilio de $30.000, para que no tenga incentivos a escapar de su casa a delinquir\u201d, debido a la falta de tobilleras electr\u00f3nicas. Este planteo se [&hellip;]\" \/>\n<meta property=\"og:url\" content=\"https:\/\/noticiasmercedinas.com\/site\/2020\/04\/30\/no-alberto-fernandez-no-propuso-la-creacion-de-una-asignacion-para-detenidos-en-su-domicilio\/\" \/>\n<meta property=\"og:site_name\" content=\"NOTICIASMERCEDINAS.COM\" \/>\n<meta property=\"article:publisher\" content=\"https:\/\/www.facebook.com\/noticiasmercedinas\/\" \/>\n<meta property=\"article:published_time\" content=\"2020-04-30T19:56:18+00:00\" \/>\n<meta property=\"article:modified_time\" content=\"2020-04-30T19:58:22+00:00\" \/>\n<meta property=\"og:image\" content=\"https:\/\/noticiasmercedinas.com\/site\/wp-content\/uploads\/2020\/04\/Dise-o-sin-t-tulo-9-1280x549-1.jpg\" \/>\n\t<meta property=\"og:image:width\" content=\"1280\" \/>\n\t<meta property=\"og:image:height\" content=\"549\" \/>\n\t<meta property=\"og:image:type\" content=\"image\/jpeg\" \/>\n<meta name=\"author\" content=\"NOTICIASMERCEDINAS.COM\" \/>\n<meta name=\"twitter:card\" content=\"summary_large_image\" \/>\n<meta name=\"twitter:creator\" content=\"@notmercedinas\" \/>\n<meta name=\"twitter:site\" content=\"@notmercedinas\" \/>\n<meta name=\"twitter:label1\" content=\"Escrito por\" \/>\n\t<meta name=\"twitter:data1\" content=\"NOTICIASMERCEDINAS.COM\" \/>\n\t<meta name=\"twitter:label2\" content=\"Tiempo de lectura\" \/>\n\t<meta name=\"twitter:data2\" content=\"4 minutos\" \/>\n<script type=\"application\/ld+json\" class=\"yoast-schema-graph\">{\"@context\":\"https:\\\/\\\/schema.org\",\"@graph\":[{\"@type\":\"Article\",\"@id\":\"https:\\\/\\\/noticiasmercedinas.com\\\/site\\\/2020\\\/04\\\/30\\\/no-alberto-fernandez-no-propuso-la-creacion-de-una-asignacion-para-detenidos-en-su-domicilio\\\/#article\",\"isPartOf\":{\"@id\":\"https:\\\/\\\/noticiasmercedinas.com\\\/site\\\/2020\\\/04\\\/30\\\/no-alberto-fernandez-no-propuso-la-creacion-de-una-asignacion-para-detenidos-en-su-domicilio\\\/\"},\"author\":{\"name\":\"NOTICIASMERCEDINAS.COM\",\"@id\":\"https:\\\/\\\/noticiasmercedinas.com\\\/site\\\/#\\\/schema\\\/person\\\/84b59c099c28ff2e8b77d4ceec5d8063\"},\"headline\":\"No, Alberto Fern\u00e1ndez no propuso la creaci\u00f3n de una asignaci\u00f3n para detenidos en su domicilio\",\"datePublished\":\"2020-04-30T19:56:18+00:00\",\"dateModified\":\"2020-04-30T19:58:22+00:00\",\"mainEntityOfPage\":{\"@id\":\"https:\\\/\\\/noticiasmercedinas.com\\\/site\\\/2020\\\/04\\\/30\\\/no-alberto-fernandez-no-propuso-la-creacion-de-una-asignacion-para-detenidos-en-su-domicilio\\\/\"},\"wordCount\":822,\"commentCount\":0,\"publisher\":{\"@id\":\"https:\\\/\\\/noticiasmercedinas.com\\\/site\\\/#organization\"},\"image\":{\"@id\":\"https:\\\/\\\/noticiasmercedinas.com\\\/site\\\/2020\\\/04\\\/30\\\/no-alberto-fernandez-no-propuso-la-creacion-de-una-asignacion-para-detenidos-en-su-domicilio\\\/#primaryimage\"},\"thumbnailUrl\":\"https:\\\/\\\/noticiasmercedinas.com\\\/site\\\/wp-content\\\/uploads\\\/2020\\\/04\\\/Dise-o-sin-t-tulo-9-1280x549-1.jpg\",\"keywords\":[\"informacion contra la desinformacion\"],\"articleSection\":[\"Reverso + Chequeado\"],\"inLanguage\":\"es\",\"potentialAction\":[{\"@type\":\"CommentAction\",\"name\":\"Comment\",\"target\":[\"https:\\\/\\\/noticiasmercedinas.com\\\/site\\\/2020\\\/04\\\/30\\\/no-alberto-fernandez-no-propuso-la-creacion-de-una-asignacion-para-detenidos-en-su-domicilio\\\/#respond\"]}]},{\"@type\":\"WebPage\",\"@id\":\"https:\\\/\\\/noticiasmercedinas.com\\\/site\\\/2020\\\/04\\\/30\\\/no-alberto-fernandez-no-propuso-la-creacion-de-una-asignacion-para-detenidos-en-su-domicilio\\\/\",\"url\":\"https:\\\/\\\/noticiasmercedinas.com\\\/site\\\/2020\\\/04\\\/30\\\/no-alberto-fernandez-no-propuso-la-creacion-de-una-asignacion-para-detenidos-en-su-domicilio\\\/\",\"name\":\"No, Alberto Fern\u00e1ndez no propuso la creaci\u00f3n de una asignaci\u00f3n para detenidos en su domicilio\",\"isPartOf\":{\"@id\":\"https:\\\/\\\/noticiasmercedinas.com\\\/site\\\/#website\"},\"primaryImageOfPage\":{\"@id\":\"https:\\\/\\\/noticiasmercedinas.com\\\/site\\\/2020\\\/04\\\/30\\\/no-alberto-fernandez-no-propuso-la-creacion-de-una-asignacion-para-detenidos-en-su-domicilio\\\/#primaryimage\"},\"image\":{\"@id\":\"https:\\\/\\\/noticiasmercedinas.com\\\/site\\\/2020\\\/04\\\/30\\\/no-alberto-fernandez-no-propuso-la-creacion-de-una-asignacion-para-detenidos-en-su-domicilio\\\/#primaryimage\"},\"thumbnailUrl\":\"https:\\\/\\\/noticiasmercedinas.com\\\/site\\\/wp-content\\\/uploads\\\/2020\\\/04\\\/Dise-o-sin-t-tulo-9-1280x549-1.jpg\",\"datePublished\":\"2020-04-30T19:56:18+00:00\",\"dateModified\":\"2020-04-30T19:58:22+00:00\",\"breadcrumb\":{\"@id\":\"https:\\\/\\\/noticiasmercedinas.com\\\/site\\\/2020\\\/04\\\/30\\\/no-alberto-fernandez-no-propuso-la-creacion-de-una-asignacion-para-detenidos-en-su-domicilio\\\/#breadcrumb\"},\"inLanguage\":\"es\",\"potentialAction\":[{\"@type\":\"ReadAction\",\"target\":[\"https:\\\/\\\/noticiasmercedinas.com\\\/site\\\/2020\\\/04\\\/30\\\/no-alberto-fernandez-no-propuso-la-creacion-de-una-asignacion-para-detenidos-en-su-domicilio\\\/\"]}]},{\"@type\":\"ImageObject\",\"inLanguage\":\"es\",\"@id\":\"https:\\\/\\\/noticiasmercedinas.com\\\/site\\\/2020\\\/04\\\/30\\\/no-alberto-fernandez-no-propuso-la-creacion-de-una-asignacion-para-detenidos-en-su-domicilio\\\/#primaryimage\",\"url\":\"https:\\\/\\\/noticiasmercedinas.com\\\/site\\\/wp-content\\\/uploads\\\/2020\\\/04\\\/Dise-o-sin-t-tulo-9-1280x549-1.jpg\",\"contentUrl\":\"https:\\\/\\\/noticiasmercedinas.com\\\/site\\\/wp-content\\\/uploads\\\/2020\\\/04\\\/Dise-o-sin-t-tulo-9-1280x549-1.jpg\",\"width\":1280,\"height\":549},{\"@type\":\"BreadcrumbList\",\"@id\":\"https:\\\/\\\/noticiasmercedinas.com\\\/site\\\/2020\\\/04\\\/30\\\/no-alberto-fernandez-no-propuso-la-creacion-de-una-asignacion-para-detenidos-en-su-domicilio\\\/#breadcrumb\",\"itemListElement\":[{\"@type\":\"ListItem\",\"position\":1,\"name\":\"Portada\",\"item\":\"https:\\\/\\\/noticiasmercedinas.com\\\/site\\\/\"},{\"@type\":\"ListItem\",\"position\":2,\"name\":\"No, Alberto Fern\u00e1ndez no propuso la creaci\u00f3n de una asignaci\u00f3n para detenidos en su domicilio\"}]},{\"@type\":\"WebSite\",\"@id\":\"https:\\\/\\\/noticiasmercedinas.com\\\/site\\\/#website\",\"url\":\"https:\\\/\\\/noticiasmercedinas.com\\\/site\\\/\",\"name\":\"NOTICIASMERCEDINAS.COM\",\"description\":\"Mercedes, Buenos Aires, Argentina\",\"publisher\":{\"@id\":\"https:\\\/\\\/noticiasmercedinas.com\\\/site\\\/#organization\"},\"potentialAction\":[{\"@type\":\"SearchAction\",\"target\":{\"@type\":\"EntryPoint\",\"urlTemplate\":\"https:\\\/\\\/noticiasmercedinas.com\\\/site\\\/?s={search_term_string}\"},\"query-input\":{\"@type\":\"PropertyValueSpecification\",\"valueRequired\":true,\"valueName\":\"search_term_string\"}}],\"inLanguage\":\"es\"},{\"@type\":\"Organization\",\"@id\":\"https:\\\/\\\/noticiasmercedinas.com\\\/site\\\/#organization\",\"name\":\"NOTICIASMERCEDINAS.COM\",\"url\":\"https:\\\/\\\/noticiasmercedinas.com\\\/site\\\/\",\"logo\":{\"@type\":\"ImageObject\",\"inLanguage\":\"es\",\"@id\":\"https:\\\/\\\/noticiasmercedinas.com\\\/site\\\/#\\\/schema\\\/logo\\\/image\\\/\",\"url\":\"https:\\\/\\\/noticiasmercedinas.com\\\/site\\\/wp-content\\\/uploads\\\/2020\\\/06\\\/LOGO-512.jpg\",\"contentUrl\":\"https:\\\/\\\/noticiasmercedinas.com\\\/site\\\/wp-content\\\/uploads\\\/2020\\\/06\\\/LOGO-512.jpg\",\"width\":512,\"height\":512,\"caption\":\"NOTICIASMERCEDINAS.COM\"},\"image\":{\"@id\":\"https:\\\/\\\/noticiasmercedinas.com\\\/site\\\/#\\\/schema\\\/logo\\\/image\\\/\"},\"sameAs\":[\"https:\\\/\\\/www.facebook.com\\\/noticiasmercedinas\\\/\",\"https:\\\/\\\/x.com\\\/notmercedinas\",\"https:\\\/\\\/www.instagram.com\\\/noticiasmercedinas\\\/\"]},{\"@type\":\"Person\",\"@id\":\"https:\\\/\\\/noticiasmercedinas.com\\\/site\\\/#\\\/schema\\\/person\\\/84b59c099c28ff2e8b77d4ceec5d8063\",\"name\":\"NOTICIASMERCEDINAS.COM\",\"image\":{\"@type\":\"ImageObject\",\"inLanguage\":\"es\",\"@id\":\"https:\\\/\\\/secure.gravatar.com\\\/avatar\\\/4dfbf16b4d17945bfb6341b2d19043457132fcf478a5ee04f42e959fd8f5df0a?s=96&d=mm&r=g\",\"url\":\"https:\\\/\\\/secure.gravatar.com\\\/avatar\\\/4dfbf16b4d17945bfb6341b2d19043457132fcf478a5ee04f42e959fd8f5df0a?s=96&d=mm&r=g\",\"contentUrl\":\"https:\\\/\\\/secure.gravatar.com\\\/avatar\\\/4dfbf16b4d17945bfb6341b2d19043457132fcf478a5ee04f42e959fd8f5df0a?s=96&d=mm&r=g\",\"caption\":\"NOTICIASMERCEDINAS.COM\"},\"url\":\"https:\\\/\\\/noticiasmercedinas.com\\\/site\\\/author\\\/anonimo\\\/\"}]}<\/script>\n<!-- \/ Yoast SEO plugin. -->","yoast_head_json":{"title":"No, Alberto Fern\u00e1ndez no propuso la creaci\u00f3n de una asignaci\u00f3n para detenidos en su domicilio","robots":{"index":"index","follow":"follow","max-snippet":"max-snippet:-1","max-image-preview":"max-image-preview:large","max-video-preview":"max-video-preview:-1"},"canonical":"https:\/\/noticiasmercedinas.com\/site\/2020\/04\/30\/no-alberto-fernandez-no-propuso-la-creacion-de-una-asignacion-para-detenidos-en-su-domicilio\/","og_locale":"es_ES","og_type":"article","og_title":"No, Alberto Fern\u00e1ndez no propuso la creaci\u00f3n de una asignaci\u00f3n para detenidos en su domicilio","og_description":"Por Mart\u00edn Slipczuk &#8211; CHEQUEADO.COM En Facebook circula una imagen\u00a0de un supuesto tuit de\u00a0Alberto Fern\u00e1ndez\u00a0donde el presidente de la Naci\u00f3n propone \u201clanzar la ADD, una Asignaci\u00f3n al Detenido en su Domicilio de $30.000, para que no tenga incentivos a escapar de su casa a delinquir\u201d, debido a la falta de tobilleras electr\u00f3nicas. Este planteo se [&hellip;]","og_url":"https:\/\/noticiasmercedinas.com\/site\/2020\/04\/30\/no-alberto-fernandez-no-propuso-la-creacion-de-una-asignacion-para-detenidos-en-su-domicilio\/","og_site_name":"NOTICIASMERCEDINAS.COM","article_publisher":"https:\/\/www.facebook.com\/noticiasmercedinas\/","article_published_time":"2020-04-30T19:56:18+00:00","article_modified_time":"2020-04-30T19:58:22+00:00","og_image":[{"width":1280,"height":549,"url":"https:\/\/noticiasmercedinas.com\/site\/wp-content\/uploads\/2020\/04\/Dise-o-sin-t-tulo-9-1280x549-1.jpg","type":"image\/jpeg"}],"author":"NOTICIASMERCEDINAS.COM","twitter_card":"summary_large_image","twitter_creator":"@notmercedinas","twitter_site":"@notmercedinas","twitter_misc":{"Escrito por":"NOTICIASMERCEDINAS.COM","Tiempo de lectura":"4 minutos"},"schema":{"@context":"https:\/\/schema.org","@graph":[{"@type":"Article","@id":"https:\/\/noticiasmercedinas.com\/site\/2020\/04\/30\/no-alberto-fernandez-no-propuso-la-creacion-de-una-asignacion-para-detenidos-en-su-domicilio\/#article","isPartOf":{"@id":"https:\/\/noticiasmercedinas.com\/site\/2020\/04\/30\/no-alberto-fernandez-no-propuso-la-creacion-de-una-asignacion-para-detenidos-en-su-domicilio\/"},"author":{"name":"NOTICIASMERCEDINAS.COM","@id":"https:\/\/noticiasmercedinas.com\/site\/#\/schema\/person\/84b59c099c28ff2e8b77d4ceec5d8063"},"headline":"No, Alberto Fern\u00e1ndez no propuso la creaci\u00f3n de una asignaci\u00f3n para detenidos en su domicilio","datePublished":"2020-04-30T19:56:18+00:00","dateModified":"2020-04-30T19:58:22+00:00","mainEntityOfPage":{"@id":"https:\/\/noticiasmercedinas.com\/site\/2020\/04\/30\/no-alberto-fernandez-no-propuso-la-creacion-de-una-asignacion-para-detenidos-en-su-domicilio\/"},"wordCount":822,"commentCount":0,"publisher":{"@id":"https:\/\/noticiasmercedinas.com\/site\/#organization"},"image":{"@id":"https:\/\/noticiasmercedinas.com\/site\/2020\/04\/30\/no-alberto-fernandez-no-propuso-la-creacion-de-una-asignacion-para-detenidos-en-su-domicilio\/#primaryimage"},"thumbnailUrl":"https:\/\/noticiasmercedinas.com\/site\/wp-content\/uploads\/2020\/04\/Dise-o-sin-t-tulo-9-1280x549-1.jpg","keywords":["informacion contra la desinformacion"],"articleSection":["Reverso + Chequeado"],"inLanguage":"es","potentialAction":[{"@type":"CommentAction","name":"Comment","target":["https:\/\/noticiasmercedinas.com\/site\/2020\/04\/30\/no-alberto-fernandez-no-propuso-la-creacion-de-una-asignacion-para-detenidos-en-su-domicilio\/#respond"]}]},{"@type":"WebPage","@id":"https:\/\/noticiasmercedinas.com\/site\/2020\/04\/30\/no-alberto-fernandez-no-propuso-la-creacion-de-una-asignacion-para-detenidos-en-su-domicilio\/","url":"https:\/\/noticiasmercedinas.com\/site\/2020\/04\/30\/no-alberto-fernandez-no-propuso-la-creacion-de-una-asignacion-para-detenidos-en-su-domicilio\/","name":"No, Alberto Fern\u00e1ndez no propuso la creaci\u00f3n de una asignaci\u00f3n para detenidos en su domicilio","isPartOf":{"@id":"https:\/\/noticiasmercedinas.com\/site\/#website"},"primaryImageOfPage":{"@id":"https:\/\/noticiasmercedinas.com\/site\/2020\/04\/30\/no-alberto-fernandez-no-propuso-la-creacion-de-una-asignacion-para-detenidos-en-su-domicilio\/#primaryimage"},"image":{"@id":"https:\/\/noticiasmercedinas.com\/site\/2020\/04\/30\/no-alberto-fernandez-no-propuso-la-creacion-de-una-asignacion-para-detenidos-en-su-domicilio\/#primaryimage"},"thumbnailUrl":"https:\/\/noticiasmercedinas.com\/site\/wp-content\/uploads\/2020\/04\/Dise-o-sin-t-tulo-9-1280x549-1.jpg","datePublished":"2020-04-30T19:56:18+00:00","dateModified":"2020-04-30T19:58:22+00:00","breadcrumb":{"@id":"https:\/\/noticiasmercedinas.com\/site\/2020\/04\/30\/no-alberto-fernandez-no-propuso-la-creacion-de-una-asignacion-para-detenidos-en-su-domicilio\/#breadcrumb"},"inLanguage":"es","potentialAction":[{"@type":"ReadAction","target":["https:\/\/noticiasmercedinas.com\/site\/2020\/04\/30\/no-alberto-fernandez-no-propuso-la-creacion-de-una-asignacion-para-detenidos-en-su-domicilio\/"]}]},{"@type":"ImageObject","inLanguage":"es","@id":"https:\/\/noticiasmercedinas.com\/site\/2020\/04\/30\/no-alberto-fernandez-no-propuso-la-creacion-de-una-asignacion-para-detenidos-en-su-domicilio\/#primaryimage","url":"https:\/\/noticiasmercedinas.com\/site\/wp-content\/uploads\/2020\/04\/Dise-o-sin-t-tulo-9-1280x549-1.jpg","contentUrl":"https:\/\/noticiasmercedinas.com\/site\/wp-content\/uploads\/2020\/04\/Dise-o-sin-t-tulo-9-1280x549-1.jpg","width":1280,"height":549},{"@type":"BreadcrumbList","@id":"https:\/\/noticiasmercedinas.com\/site\/2020\/04\/30\/no-alberto-fernandez-no-propuso-la-creacion-de-una-asignacion-para-detenidos-en-su-domicilio\/#breadcrumb","itemListElement":[{"@type":"ListItem","position":1,"name":"Portada","item":"https:\/\/noticiasmercedinas.com\/site\/"},{"@type":"ListItem","position":2,"name":"No, Alberto Fern\u00e1ndez no propuso la creaci\u00f3n de una asignaci\u00f3n para detenidos en su domicilio"}]},{"@type":"WebSite","@id":"https:\/\/noticiasmercedinas.com\/site\/#website","url":"https:\/\/noticiasmercedinas.com\/site\/","name":"NOTICIASMERCEDINAS.COM","description":"Mercedes, Buenos Aires, Argentina","publisher":{"@id":"https:\/\/noticiasmercedinas.com\/site\/#organization"},"potentialAction":[{"@type":"SearchAction","target":{"@type":"EntryPoint","urlTemplate":"https:\/\/noticiasmercedinas.com\/site\/?s={search_term_string}"},"query-input":{"@type":"PropertyValueSpecification","valueRequired":true,"valueName":"search_term_string"}}],"inLanguage":"es"},{"@type":"Organization","@id":"https:\/\/noticiasmercedinas.com\/site\/#organization","name":"NOTICIASMERCEDINAS.COM","url":"https:\/\/noticiasmercedinas.com\/site\/","logo":{"@type":"ImageObject","inLanguage":"es","@id":"https:\/\/noticiasmercedinas.com\/site\/#\/schema\/logo\/image\/","url":"https:\/\/noticiasmercedinas.com\/site\/wp-content\/uploads\/2020\/06\/LOGO-512.jpg","contentUrl":"https:\/\/noticiasmercedinas.com\/site\/wp-content\/uploads\/2020\/06\/LOGO-512.jpg","width":512,"height":512,"caption":"NOTICIASMERCEDINAS.COM"},"image":{"@id":"https:\/\/noticiasmercedinas.com\/site\/#\/schema\/logo\/image\/"},"sameAs":["https:\/\/www.facebook.com\/noticiasmercedinas\/","https:\/\/x.com\/notmercedinas","https:\/\/www.instagram.com\/noticiasmercedinas\/"]},{"@type":"Person","@id":"https:\/\/noticiasmercedinas.com\/site\/#\/schema\/person\/84b59c099c28ff2e8b77d4ceec5d8063","name":"NOTICIASMERCEDINAS.COM","image":{"@type":"ImageObject","inLanguage":"es","@id":"https:\/\/secure.gravatar.com\/avatar\/4dfbf16b4d17945bfb6341b2d19043457132fcf478a5ee04f42e959fd8f5df0a?s=96&d=mm&r=g","url":"https:\/\/secure.gravatar.com\/avatar\/4dfbf16b4d17945bfb6341b2d19043457132fcf478a5ee04f42e959fd8f5df0a?s=96&d=mm&r=g","contentUrl":"https:\/\/secure.gravatar.com\/avatar\/4dfbf16b4d17945bfb6341b2d19043457132fcf478a5ee04f42e959fd8f5df0a?s=96&d=mm&r=g","caption":"NOTICIASMERCEDINAS.COM"},"url":"https:\/\/noticiasmercedinas.com\/site\/author\/anonimo\/"}]}},"amp_enabled":true,"_links":{"self":[{"href":"https:\/\/noticiasmercedinas.com\/site\/wp-json\/wp\/v2\/posts\/44367","targetHints":{"allow":["GET"]}}],"collection":[{"href":"https:\/\/noticiasmercedinas.com\/site\/wp-json\/wp\/v2\/posts"}],"about":[{"href":"https:\/\/noticiasmercedinas.com\/site\/wp-json\/wp\/v2\/types\/post"}],"author":[{"embeddable":true,"href":"https:\/\/noticiasmercedinas.com\/site\/wp-json\/wp\/v2\/users\/16"}],"replies":[{"embeddable":true,"href":"https:\/\/noticiasmercedinas.com\/site\/wp-json\/wp\/v2\/comments?post=44367"}],"version-history":[{"count":3,"href":"https:\/\/noticiasmercedinas.com\/site\/wp-json\/wp\/v2\/posts\/44367\/revisions"}],"predecessor-version":[{"id":44371,"href":"https:\/\/noticiasmercedinas.com\/site\/wp-json\/wp\/v2\/posts\/44367\/revisions\/44371"}],"wp:featuredmedia":[{"embeddable":true,"href":"https:\/\/noticiasmercedinas.com\/site\/wp-json\/wp\/v2\/media\/44368"}],"wp:attachment":[{"href":"https:\/\/noticiasmercedinas.com\/site\/wp-json\/wp\/v2\/media?parent=44367"}],"wp:term":[{"taxonomy":"category","embeddable":true,"href":"https:\/\/noticiasmercedinas.com\/site\/wp-json\/wp\/v2\/categories?post=44367"},{"taxonomy":"post_tag","embeddable":true,"href":"https:\/\/noticiasmercedinas.com\/site\/wp-json\/wp\/v2\/tags?post=44367"}],"curies":[{"name":"wp","href":"https:\/\/api.w.org\/{rel}","templated":true}]}}