{"id":44383,"date":"2020-05-01T09:26:08","date_gmt":"2020-05-01T12:26:08","guid":{"rendered":"https:\/\/noticiasmercedinas.com\/site\/?p=44383"},"modified":"2020-05-01T09:40:37","modified_gmt":"2020-05-01T12:40:37","slug":"psicoterapia-y-virtualidad-en-tiempos-de-crisis-una-escucha-posible","status":"publish","type":"post","link":"https:\/\/noticiasmercedinas.com\/site\/2020\/05\/01\/psicoterapia-y-virtualidad-en-tiempos-de-crisis-una-escucha-posible\/","title":{"rendered":"Psicoterapia y virtualidad en tiempos de crisis: \u00bfUna escucha posible?"},"content":{"rendered":"<figure id=\"attachment_44384\" aria-describedby=\"caption-attachment-44384\" style=\"width: 1195px\" class=\"wp-caption alignnone\"><img loading=\"lazy\" decoding=\"async\" class=\"wp-image-44384 size-full\" src=\"https:\/\/noticiasmercedinas.com\/site\/wp-content\/uploads\/2020\/05\/20200501_093101.png\" alt=\"\" width=\"1195\" height=\"910\" srcset=\"https:\/\/noticiasmercedinas.com\/site\/wp-content\/uploads\/2020\/05\/20200501_093101.png 1195w, https:\/\/noticiasmercedinas.com\/site\/wp-content\/uploads\/2020\/05\/20200501_093101-300x228.png 300w, https:\/\/noticiasmercedinas.com\/site\/wp-content\/uploads\/2020\/05\/20200501_093101-1024x780.png 1024w, https:\/\/noticiasmercedinas.com\/site\/wp-content\/uploads\/2020\/05\/20200501_093101-768x585.png 768w, https:\/\/noticiasmercedinas.com\/site\/wp-content\/uploads\/2020\/05\/20200501_093101-80x60.png 80w, https:\/\/noticiasmercedinas.com\/site\/wp-content\/uploads\/2020\/05\/20200501_093101-100x75.png 100w, https:\/\/noticiasmercedinas.com\/site\/wp-content\/uploads\/2020\/05\/20200501_093101-640x487.png 640w, https:\/\/noticiasmercedinas.com\/site\/wp-content\/uploads\/2020\/05\/20200501_093101-681x519.png 681w\" sizes=\"auto, (max-width: 1195px) 100vw, 1195px\" \/><figcaption id=\"caption-attachment-44384\" class=\"wp-caption-text\">Ilustraci\u00f3n: Nico ilustraciones<\/figcaption><\/figure>\n<p>Somos un grupo de psic\u00f3logas y psic\u00f3logos que nos unimos en este momento de crisis para pensar juntos modos de acompa\u00f1ar y acercarle a la comunidad la atenci\u00f3n psicol\u00f3gica a distancia.<\/p>\n<p>Sabemos de las consecuencias a nivel emocional y\/ o psicol\u00f3gico que causa la situaci\u00f3n de aislamiento, la incertidumbre y el riesgo a enfermar, sumado a la crisis laboral y econ\u00f3mica producto de la pandemia.<\/p>\n<p>Consideramos la importancia de dar continuidad a los tratamientos, actualmente nos encontramos acompa\u00f1ando a nuestros pacientes a trav\u00e9s de sesiones remotas, por videollamadas o atenci\u00f3n telef\u00f3nica, y queremos ofrecerle a la comunidad la posibilidad de iniciar tratamiento a todo aquel que lo necesite.<\/p>\n<p>La situaci\u00f3n de aislamiento y confinamiento se est\u00e1 manifestando en las personas con s\u00edntomas de angustia, ansiedad, irritabilidad, miedo, insomnio, etc. y tambi\u00e9n aumenta la necesidad de poder poner en palabras lo que est\u00e1 generando esta nueva cotidianeidad que se nos impone en este momento particular que estamos viviendo.<\/p>\n<p>La atenci\u00f3n de un profesional de la salud mental matriculado es un buen camino para afrontar las consecuencias que genera este contexto.<\/p>\n<p>Los profesionales de la salud mental hemos ido adapt\u00e1ndonos a las necesidades y recursos de nuestros pacientes.<\/p>\n<p>En determinadas poblaciones es necesario buscar modos alternativos para poder acompa\u00f1ar, como puede ser la atenci\u00f3n cl\u00ednica en ni\u00f1os y adolescentes que presenten desaf\u00edos en su desarrollo, siendo muchas veces la poblaci\u00f3n infantojuvenil que m\u00e1s afectada se ve por el aislamiento.<\/p>\n<p>Consideramos importante poder ofrecer no solo estrategias para continuar el tratamiento del ni\u00f1o, ni\u00f1a o adolescente, sino tambi\u00e9n realizar orientaci\u00f3n a padres ya que el estr\u00e9s en estas familias suele incrementarse.<\/p>\n<p>Quienes conformamos este grupo realizamos atenci\u00f3n cl\u00ednica, cada uno desde su especificidad, a diferentes poblaciones, desde ni\u00f1os y adolescentes, adultos, adultos mayores, parejas, familias, discapacidad, orientaci\u00f3n a padres.<\/p>\n<p>Dejamos a disposici\u00f3n de la comunidad el listado de este grupo de profesionales que nos encontramos atendiendo a distancia y nuestros n\u00fameros de contacto.<\/p>\n<p><strong>Octavio D. Gomez &#8211; M.P.: 25.623. Adolescentes, Adultos, Adultos Mayores.<\/strong><br \/>\n<strong>Cel.: 2324-644853<\/strong><\/p>\n<p><strong>Marcela Perez &#8211; MP 25210. Adultos- Adultos mayores.<\/strong><br \/>\n<strong>Cel: 15692515.<\/strong><\/p>\n<p><strong>Cibeles Cruz &#8211; MP 25761 Adolescentes- Adultos.<\/strong><br \/>\n<strong>Cel: 1151613892<\/strong><\/p>\n<p><strong>Mar\u00eda Victoria Latr\u00f3nico &#8211; MP 25570. Adultos.<\/strong><br \/>\n<strong>Cel 15548904<\/strong><\/p>\n<p><strong>Anabella M\u00e9ndez &#8211; M.P. 25498 Adultos &#8211; Adultos Mayores &#8211; Pareja &#8211; Familia<\/strong><br \/>\n<strong>Cel 2324-674411<\/strong><\/p>\n<p><strong>Zulma Comparin &#8211; MP 51758 Ni\u00f1os. Adolescentes. Adultos<\/strong><br \/>\n<strong>Cel: 2324-462777<\/strong><\/p>\n<p><strong>Stella Maris Carrizo &#8211; MP. 25737 Ni\u00f1os &#8211; Adolescentes &#8211; Adultos<\/strong><br \/>\n<strong>Cel: 1121859986<\/strong><\/p>\n<p><strong>Paula Rudoni &#8211; MP25627 Ni\u00f1os, adolescentes, adultos.<\/strong><br \/>\n<strong>Cel: 11 5697 2451<\/strong><\/p>\n<p><strong>Santiago Gardiner &#8211; MP 25696 Adolescentes y adultos.<\/strong><br \/>\n<strong>Cel: 11-56105185<\/strong><\/p>\n<p><strong>Porticella Marina &#8211; MP 25592 Ni\u00f1os, adolescentes y adultos.<\/strong><br \/>\n<strong>Cel: 11-56655699<\/strong><\/p>\n<p><strong>Mar\u00eda Cristina Baiardi &#8211; MP 25562 Ni\u00f1os adolescentes y adultos<\/strong><br \/>\n<strong>Cel: 11-59125565<\/strong><\/p>\n<p><strong>Mar\u00eda Jimena Pedeuboy &#8211; MP25463 Adultos y Adultos mayores<\/strong><br \/>\n<strong>Cel: 2324-642940<\/strong><\/p>\n<p><strong>Mar\u00eda Soledad Nicodemo &#8211; MP25394. Ni\u00f1os, adolescentes y adultos.<\/strong><br \/>\n<strong>Cel: 2324-594718<\/strong><\/p>\n<p><strong>Mar\u00eda Celeste Benavides &#8211; MP 25522 Ni\u00f1os, adolescentes y j\u00f3venes. Abordaje en neurodesarrollo. Evaluaci\u00f3n neuropsicol\u00f3gica infantil. Orientaci\u00f3n a padres.<\/strong><br \/>\n<strong>Cel: 2324-561146<\/strong><\/p>\n<p><strong>Mar\u00eda Gabriela Petruccelli &#8211; MP 25624 Adolescentes &#8211; Adultos &#8211; Adultos mayores.<\/strong><br \/>\n<strong>Cel: 2324491216.<\/strong><\/p>\n<p><strong>Mar\u00eda del Carmen Cestari &#8211; MP 25187 Adolescentes &#8211; Adultos &#8211; psicodiag\u00f3stico clinico y neurocognitivo\/ orientaci\u00f3n a padres. Terapia de pareja<\/strong><br \/>\n<strong>Cel: 02324 501414<\/strong><\/p>\n<p><strong>Marina Llamosas &#8211; MP 25393 Ni\u00f1os, adolescente y adultos.<\/strong><br \/>\n<strong>Cel: 2324 555010<\/strong><\/p>\n<p><strong>Sof\u00eda Leticia Labin. &#8211; M.P 25656 Adolescentes &#8211; Adultos &#8211; Tercera Edad<\/strong><br \/>\n<strong>Cel: 2324 &#8211; 479911 sofialabin@hotmail.com<\/strong><\/p>\n<p><strong>Agust\u00edn Rossello Puebla &#8211; MP 25487 Adolescentes y adultos.<\/strong><br \/>\n<strong>Cel: 02324-15587120<\/strong><\/p>\n<p><strong>Noelia Cu\u00f1er \u2013 MP 25891 Adolescentes, adultos y adultos mayores.<\/strong><br \/>\n<strong>Cel: 2324-529895<\/strong><\/p>\n<p><strong>Milagros Casado \u2013 MP: 25435 Adolescentes y adultos.<\/strong><br \/>\n<strong>Cel: 2324-15698135<\/strong><\/p>\n","protected":false},"excerpt":{"rendered":"<p>Somos un grupo de psic\u00f3logas y psic\u00f3logos que nos unimos en este momento de crisis para pensar juntos modos de acompa\u00f1ar y acercarle a la comunidad la atenci\u00f3n psicol\u00f3gica a distancia. Sabemos de las consecuencias a nivel emocional y\/ o psicol\u00f3gico que causa la situaci\u00f3n de aislamiento, la incertidumbre y el riesgo a enfermar, sumado [&hellip;]<\/p>\n","protected":false},"author":16,"featured_media":44384,"comment_status":"open","ping_status":"open","sticky":false,"template":"","format":"standard","meta":{"footnotes":""},"categories":[8992],"tags":[8995,8706,695,7387,6099,8993,3594,1190,8994,8996],"class_list":["post-44383","post","type-post","status-publish","format-standard","has-post-thumbnail","hentry","category-bienestar","tag-bienestar","tag-cuarentena","tag-online","tag-panico","tag-profesionales","tag-psicologa","tag-psicologos","tag-salud-mental","tag-terapia","tag-terapia-online"],"yoast_head":"<!-- This site is optimized with the Yoast SEO plugin v27.4 - https:\/\/yoast.com\/product\/yoast-seo-wordpress\/ -->\n<title>Psicoterapia y virtualidad en tiempos de crisis: \u00bfUna escucha posible?<\/title>\n<meta name=\"robots\" content=\"index, follow, max-snippet:-1, max-image-preview:large, max-video-preview:-1\" \/>\n<link rel=\"canonical\" href=\"https:\/\/noticiasmercedinas.com\/site\/2020\/05\/01\/psicoterapia-y-virtualidad-en-tiempos-de-crisis-una-escucha-posible\/\" \/>\n<meta property=\"og:locale\" content=\"es_ES\" \/>\n<meta property=\"og:type\" content=\"article\" \/>\n<meta property=\"og:title\" content=\"Psicoterapia y virtualidad en tiempos de crisis: \u00bfUna escucha posible?\" \/>\n<meta property=\"og:description\" content=\"Somos un grupo de psic\u00f3logas y psic\u00f3logos que nos unimos en este momento de crisis para pensar juntos modos de acompa\u00f1ar y acercarle a la comunidad la atenci\u00f3n psicol\u00f3gica a distancia. Sabemos de las consecuencias a nivel emocional y\/ o psicol\u00f3gico que causa la situaci\u00f3n de aislamiento, la incertidumbre y el riesgo a enfermar, sumado [&hellip;]\" \/>\n<meta property=\"og:url\" content=\"https:\/\/noticiasmercedinas.com\/site\/2020\/05\/01\/psicoterapia-y-virtualidad-en-tiempos-de-crisis-una-escucha-posible\/\" \/>\n<meta property=\"og:site_name\" content=\"NOTICIASMERCEDINAS.COM\" \/>\n<meta property=\"article:publisher\" content=\"https:\/\/www.facebook.com\/noticiasmercedinas\/\" \/>\n<meta property=\"article:published_time\" content=\"2020-05-01T12:26:08+00:00\" \/>\n<meta property=\"article:modified_time\" content=\"2020-05-01T12:40:37+00:00\" \/>\n<meta property=\"og:image\" content=\"https:\/\/noticiasmercedinas.com\/site\/wp-content\/uploads\/2020\/05\/20200501_093101.png\" \/>\n\t<meta property=\"og:image:width\" content=\"1195\" \/>\n\t<meta property=\"og:image:height\" content=\"910\" \/>\n\t<meta property=\"og:image:type\" content=\"image\/png\" \/>\n<meta name=\"author\" content=\"NOTICIASMERCEDINAS.COM\" \/>\n<meta name=\"twitter:card\" content=\"summary_large_image\" \/>\n<meta name=\"twitter:creator\" content=\"@notmercedinas\" \/>\n<meta name=\"twitter:site\" content=\"@notmercedinas\" \/>\n<meta name=\"twitter:label1\" content=\"Escrito por\" \/>\n\t<meta name=\"twitter:data1\" content=\"NOTICIASMERCEDINAS.COM\" \/>\n\t<meta name=\"twitter:label2\" content=\"Tiempo de lectura\" \/>\n\t<meta name=\"twitter:data2\" content=\"3 minutos\" \/>\n<script type=\"application\/ld+json\" class=\"yoast-schema-graph\">{\"@context\":\"https:\\\/\\\/schema.org\",\"@graph\":[{\"@type\":\"Article\",\"@id\":\"https:\\\/\\\/noticiasmercedinas.com\\\/site\\\/2020\\\/05\\\/01\\\/psicoterapia-y-virtualidad-en-tiempos-de-crisis-una-escucha-posible\\\/#article\",\"isPartOf\":{\"@id\":\"https:\\\/\\\/noticiasmercedinas.com\\\/site\\\/2020\\\/05\\\/01\\\/psicoterapia-y-virtualidad-en-tiempos-de-crisis-una-escucha-posible\\\/\"},\"author\":{\"name\":\"NOTICIASMERCEDINAS.COM\",\"@id\":\"https:\\\/\\\/noticiasmercedinas.com\\\/site\\\/#\\\/schema\\\/person\\\/84b59c099c28ff2e8b77d4ceec5d8063\"},\"headline\":\"Psicoterapia y virtualidad en tiempos de crisis: \u00bfUna escucha posible?\",\"datePublished\":\"2020-05-01T12:26:08+00:00\",\"dateModified\":\"2020-05-01T12:40:37+00:00\",\"mainEntityOfPage\":{\"@id\":\"https:\\\/\\\/noticiasmercedinas.com\\\/site\\\/2020\\\/05\\\/01\\\/psicoterapia-y-virtualidad-en-tiempos-de-crisis-una-escucha-posible\\\/\"},\"wordCount\":638,\"commentCount\":0,\"publisher\":{\"@id\":\"https:\\\/\\\/noticiasmercedinas.com\\\/site\\\/#organization\"},\"image\":{\"@id\":\"https:\\\/\\\/noticiasmercedinas.com\\\/site\\\/2020\\\/05\\\/01\\\/psicoterapia-y-virtualidad-en-tiempos-de-crisis-una-escucha-posible\\\/#primaryimage\"},\"thumbnailUrl\":\"https:\\\/\\\/noticiasmercedinas.com\\\/site\\\/wp-content\\\/uploads\\\/2020\\\/05\\\/20200501_093101.png\",\"keywords\":[\"bienestar\",\"cuarentena\",\"online\",\"p\u00e1nico\",\"profesionales\",\"psic\u00f3loga\",\"psic\u00f3logos\",\"salud mental\",\"terapia\",\"terapia online\"],\"articleSection\":[\"Bienestar\"],\"inLanguage\":\"es\",\"potentialAction\":[{\"@type\":\"CommentAction\",\"name\":\"Comment\",\"target\":[\"https:\\\/\\\/noticiasmercedinas.com\\\/site\\\/2020\\\/05\\\/01\\\/psicoterapia-y-virtualidad-en-tiempos-de-crisis-una-escucha-posible\\\/#respond\"]}]},{\"@type\":\"WebPage\",\"@id\":\"https:\\\/\\\/noticiasmercedinas.com\\\/site\\\/2020\\\/05\\\/01\\\/psicoterapia-y-virtualidad-en-tiempos-de-crisis-una-escucha-posible\\\/\",\"url\":\"https:\\\/\\\/noticiasmercedinas.com\\\/site\\\/2020\\\/05\\\/01\\\/psicoterapia-y-virtualidad-en-tiempos-de-crisis-una-escucha-posible\\\/\",\"name\":\"Psicoterapia y virtualidad en tiempos de crisis: \u00bfUna escucha posible?\",\"isPartOf\":{\"@id\":\"https:\\\/\\\/noticiasmercedinas.com\\\/site\\\/#website\"},\"primaryImageOfPage\":{\"@id\":\"https:\\\/\\\/noticiasmercedinas.com\\\/site\\\/2020\\\/05\\\/01\\\/psicoterapia-y-virtualidad-en-tiempos-de-crisis-una-escucha-posible\\\/#primaryimage\"},\"image\":{\"@id\":\"https:\\\/\\\/noticiasmercedinas.com\\\/site\\\/2020\\\/05\\\/01\\\/psicoterapia-y-virtualidad-en-tiempos-de-crisis-una-escucha-posible\\\/#primaryimage\"},\"thumbnailUrl\":\"https:\\\/\\\/noticiasmercedinas.com\\\/site\\\/wp-content\\\/uploads\\\/2020\\\/05\\\/20200501_093101.png\",\"datePublished\":\"2020-05-01T12:26:08+00:00\",\"dateModified\":\"2020-05-01T12:40:37+00:00\",\"breadcrumb\":{\"@id\":\"https:\\\/\\\/noticiasmercedinas.com\\\/site\\\/2020\\\/05\\\/01\\\/psicoterapia-y-virtualidad-en-tiempos-de-crisis-una-escucha-posible\\\/#breadcrumb\"},\"inLanguage\":\"es\",\"potentialAction\":[{\"@type\":\"ReadAction\",\"target\":[\"https:\\\/\\\/noticiasmercedinas.com\\\/site\\\/2020\\\/05\\\/01\\\/psicoterapia-y-virtualidad-en-tiempos-de-crisis-una-escucha-posible\\\/\"]}]},{\"@type\":\"ImageObject\",\"inLanguage\":\"es\",\"@id\":\"https:\\\/\\\/noticiasmercedinas.com\\\/site\\\/2020\\\/05\\\/01\\\/psicoterapia-y-virtualidad-en-tiempos-de-crisis-una-escucha-posible\\\/#primaryimage\",\"url\":\"https:\\\/\\\/noticiasmercedinas.com\\\/site\\\/wp-content\\\/uploads\\\/2020\\\/05\\\/20200501_093101.png\",\"contentUrl\":\"https:\\\/\\\/noticiasmercedinas.com\\\/site\\\/wp-content\\\/uploads\\\/2020\\\/05\\\/20200501_093101.png\",\"width\":1195,\"height\":910},{\"@type\":\"BreadcrumbList\",\"@id\":\"https:\\\/\\\/noticiasmercedinas.com\\\/site\\\/2020\\\/05\\\/01\\\/psicoterapia-y-virtualidad-en-tiempos-de-crisis-una-escucha-posible\\\/#breadcrumb\",\"itemListElement\":[{\"@type\":\"ListItem\",\"position\":1,\"name\":\"Portada\",\"item\":\"https:\\\/\\\/noticiasmercedinas.com\\\/site\\\/\"},{\"@type\":\"ListItem\",\"position\":2,\"name\":\"Psicoterapia y virtualidad en tiempos de crisis: \u00bfUna escucha posible?\"}]},{\"@type\":\"WebSite\",\"@id\":\"https:\\\/\\\/noticiasmercedinas.com\\\/site\\\/#website\",\"url\":\"https:\\\/\\\/noticiasmercedinas.com\\\/site\\\/\",\"name\":\"NOTICIASMERCEDINAS.COM\",\"description\":\"Mercedes, Buenos Aires, Argentina\",\"publisher\":{\"@id\":\"https:\\\/\\\/noticiasmercedinas.com\\\/site\\\/#organization\"},\"potentialAction\":[{\"@type\":\"SearchAction\",\"target\":{\"@type\":\"EntryPoint\",\"urlTemplate\":\"https:\\\/\\\/noticiasmercedinas.com\\\/site\\\/?s={search_term_string}\"},\"query-input\":{\"@type\":\"PropertyValueSpecification\",\"valueRequired\":true,\"valueName\":\"search_term_string\"}}],\"inLanguage\":\"es\"},{\"@type\":\"Organization\",\"@id\":\"https:\\\/\\\/noticiasmercedinas.com\\\/site\\\/#organization\",\"name\":\"NOTICIASMERCEDINAS.COM\",\"url\":\"https:\\\/\\\/noticiasmercedinas.com\\\/site\\\/\",\"logo\":{\"@type\":\"ImageObject\",\"inLanguage\":\"es\",\"@id\":\"https:\\\/\\\/noticiasmercedinas.com\\\/site\\\/#\\\/schema\\\/logo\\\/image\\\/\",\"url\":\"https:\\\/\\\/noticiasmercedinas.com\\\/site\\\/wp-content\\\/uploads\\\/2020\\\/06\\\/LOGO-512.jpg\",\"contentUrl\":\"https:\\\/\\\/noticiasmercedinas.com\\\/site\\\/wp-content\\\/uploads\\\/2020\\\/06\\\/LOGO-512.jpg\",\"width\":512,\"height\":512,\"caption\":\"NOTICIASMERCEDINAS.COM\"},\"image\":{\"@id\":\"https:\\\/\\\/noticiasmercedinas.com\\\/site\\\/#\\\/schema\\\/logo\\\/image\\\/\"},\"sameAs\":[\"https:\\\/\\\/www.facebook.com\\\/noticiasmercedinas\\\/\",\"https:\\\/\\\/x.com\\\/notmercedinas\",\"https:\\\/\\\/www.instagram.com\\\/noticiasmercedinas\\\/\"]},{\"@type\":\"Person\",\"@id\":\"https:\\\/\\\/noticiasmercedinas.com\\\/site\\\/#\\\/schema\\\/person\\\/84b59c099c28ff2e8b77d4ceec5d8063\",\"name\":\"NOTICIASMERCEDINAS.COM\",\"image\":{\"@type\":\"ImageObject\",\"inLanguage\":\"es\",\"@id\":\"https:\\\/\\\/secure.gravatar.com\\\/avatar\\\/4dfbf16b4d17945bfb6341b2d19043457132fcf478a5ee04f42e959fd8f5df0a?s=96&d=mm&r=g\",\"url\":\"https:\\\/\\\/secure.gravatar.com\\\/avatar\\\/4dfbf16b4d17945bfb6341b2d19043457132fcf478a5ee04f42e959fd8f5df0a?s=96&d=mm&r=g\",\"contentUrl\":\"https:\\\/\\\/secure.gravatar.com\\\/avatar\\\/4dfbf16b4d17945bfb6341b2d19043457132fcf478a5ee04f42e959fd8f5df0a?s=96&d=mm&r=g\",\"caption\":\"NOTICIASMERCEDINAS.COM\"},\"url\":\"https:\\\/\\\/noticiasmercedinas.com\\\/site\\\/author\\\/anonimo\\\/\"}]}<\/script>\n<!-- \/ Yoast SEO plugin. -->","yoast_head_json":{"title":"Psicoterapia y virtualidad en tiempos de crisis: \u00bfUna escucha posible?","robots":{"index":"index","follow":"follow","max-snippet":"max-snippet:-1","max-image-preview":"max-image-preview:large","max-video-preview":"max-video-preview:-1"},"canonical":"https:\/\/noticiasmercedinas.com\/site\/2020\/05\/01\/psicoterapia-y-virtualidad-en-tiempos-de-crisis-una-escucha-posible\/","og_locale":"es_ES","og_type":"article","og_title":"Psicoterapia y virtualidad en tiempos de crisis: \u00bfUna escucha posible?","og_description":"Somos un grupo de psic\u00f3logas y psic\u00f3logos que nos unimos en este momento de crisis para pensar juntos modos de acompa\u00f1ar y acercarle a la comunidad la atenci\u00f3n psicol\u00f3gica a distancia. Sabemos de las consecuencias a nivel emocional y\/ o psicol\u00f3gico que causa la situaci\u00f3n de aislamiento, la incertidumbre y el riesgo a enfermar, sumado [&hellip;]","og_url":"https:\/\/noticiasmercedinas.com\/site\/2020\/05\/01\/psicoterapia-y-virtualidad-en-tiempos-de-crisis-una-escucha-posible\/","og_site_name":"NOTICIASMERCEDINAS.COM","article_publisher":"https:\/\/www.facebook.com\/noticiasmercedinas\/","article_published_time":"2020-05-01T12:26:08+00:00","article_modified_time":"2020-05-01T12:40:37+00:00","og_image":[{"width":1195,"height":910,"url":"https:\/\/noticiasmercedinas.com\/site\/wp-content\/uploads\/2020\/05\/20200501_093101.png","type":"image\/png"}],"author":"NOTICIASMERCEDINAS.COM","twitter_card":"summary_large_image","twitter_creator":"@notmercedinas","twitter_site":"@notmercedinas","twitter_misc":{"Escrito por":"NOTICIASMERCEDINAS.COM","Tiempo de lectura":"3 minutos"},"schema":{"@context":"https:\/\/schema.org","@graph":[{"@type":"Article","@id":"https:\/\/noticiasmercedinas.com\/site\/2020\/05\/01\/psicoterapia-y-virtualidad-en-tiempos-de-crisis-una-escucha-posible\/#article","isPartOf":{"@id":"https:\/\/noticiasmercedinas.com\/site\/2020\/05\/01\/psicoterapia-y-virtualidad-en-tiempos-de-crisis-una-escucha-posible\/"},"author":{"name":"NOTICIASMERCEDINAS.COM","@id":"https:\/\/noticiasmercedinas.com\/site\/#\/schema\/person\/84b59c099c28ff2e8b77d4ceec5d8063"},"headline":"Psicoterapia y virtualidad en tiempos de crisis: \u00bfUna escucha posible?","datePublished":"2020-05-01T12:26:08+00:00","dateModified":"2020-05-01T12:40:37+00:00","mainEntityOfPage":{"@id":"https:\/\/noticiasmercedinas.com\/site\/2020\/05\/01\/psicoterapia-y-virtualidad-en-tiempos-de-crisis-una-escucha-posible\/"},"wordCount":638,"commentCount":0,"publisher":{"@id":"https:\/\/noticiasmercedinas.com\/site\/#organization"},"image":{"@id":"https:\/\/noticiasmercedinas.com\/site\/2020\/05\/01\/psicoterapia-y-virtualidad-en-tiempos-de-crisis-una-escucha-posible\/#primaryimage"},"thumbnailUrl":"https:\/\/noticiasmercedinas.com\/site\/wp-content\/uploads\/2020\/05\/20200501_093101.png","keywords":["bienestar","cuarentena","online","p\u00e1nico","profesionales","psic\u00f3loga","psic\u00f3logos","salud mental","terapia","terapia online"],"articleSection":["Bienestar"],"inLanguage":"es","potentialAction":[{"@type":"CommentAction","name":"Comment","target":["https:\/\/noticiasmercedinas.com\/site\/2020\/05\/01\/psicoterapia-y-virtualidad-en-tiempos-de-crisis-una-escucha-posible\/#respond"]}]},{"@type":"WebPage","@id":"https:\/\/noticiasmercedinas.com\/site\/2020\/05\/01\/psicoterapia-y-virtualidad-en-tiempos-de-crisis-una-escucha-posible\/","url":"https:\/\/noticiasmercedinas.com\/site\/2020\/05\/01\/psicoterapia-y-virtualidad-en-tiempos-de-crisis-una-escucha-posible\/","name":"Psicoterapia y virtualidad en tiempos de crisis: \u00bfUna escucha posible?","isPartOf":{"@id":"https:\/\/noticiasmercedinas.com\/site\/#website"},"primaryImageOfPage":{"@id":"https:\/\/noticiasmercedinas.com\/site\/2020\/05\/01\/psicoterapia-y-virtualidad-en-tiempos-de-crisis-una-escucha-posible\/#primaryimage"},"image":{"@id":"https:\/\/noticiasmercedinas.com\/site\/2020\/05\/01\/psicoterapia-y-virtualidad-en-tiempos-de-crisis-una-escucha-posible\/#primaryimage"},"thumbnailUrl":"https:\/\/noticiasmercedinas.com\/site\/wp-content\/uploads\/2020\/05\/20200501_093101.png","datePublished":"2020-05-01T12:26:08+00:00","dateModified":"2020-05-01T12:40:37+00:00","breadcrumb":{"@id":"https:\/\/noticiasmercedinas.com\/site\/2020\/05\/01\/psicoterapia-y-virtualidad-en-tiempos-de-crisis-una-escucha-posible\/#breadcrumb"},"inLanguage":"es","potentialAction":[{"@type":"ReadAction","target":["https:\/\/noticiasmercedinas.com\/site\/2020\/05\/01\/psicoterapia-y-virtualidad-en-tiempos-de-crisis-una-escucha-posible\/"]}]},{"@type":"ImageObject","inLanguage":"es","@id":"https:\/\/noticiasmercedinas.com\/site\/2020\/05\/01\/psicoterapia-y-virtualidad-en-tiempos-de-crisis-una-escucha-posible\/#primaryimage","url":"https:\/\/noticiasmercedinas.com\/site\/wp-content\/uploads\/2020\/05\/20200501_093101.png","contentUrl":"https:\/\/noticiasmercedinas.com\/site\/wp-content\/uploads\/2020\/05\/20200501_093101.png","width":1195,"height":910},{"@type":"BreadcrumbList","@id":"https:\/\/noticiasmercedinas.com\/site\/2020\/05\/01\/psicoterapia-y-virtualidad-en-tiempos-de-crisis-una-escucha-posible\/#breadcrumb","itemListElement":[{"@type":"ListItem","position":1,"name":"Portada","item":"https:\/\/noticiasmercedinas.com\/site\/"},{"@type":"ListItem","position":2,"name":"Psicoterapia y virtualidad en tiempos de crisis: \u00bfUna escucha posible?"}]},{"@type":"WebSite","@id":"https:\/\/noticiasmercedinas.com\/site\/#website","url":"https:\/\/noticiasmercedinas.com\/site\/","name":"NOTICIASMERCEDINAS.COM","description":"Mercedes, Buenos Aires, Argentina","publisher":{"@id":"https:\/\/noticiasmercedinas.com\/site\/#organization"},"potentialAction":[{"@type":"SearchAction","target":{"@type":"EntryPoint","urlTemplate":"https:\/\/noticiasmercedinas.com\/site\/?s={search_term_string}"},"query-input":{"@type":"PropertyValueSpecification","valueRequired":true,"valueName":"search_term_string"}}],"inLanguage":"es"},{"@type":"Organization","@id":"https:\/\/noticiasmercedinas.com\/site\/#organization","name":"NOTICIASMERCEDINAS.COM","url":"https:\/\/noticiasmercedinas.com\/site\/","logo":{"@type":"ImageObject","inLanguage":"es","@id":"https:\/\/noticiasmercedinas.com\/site\/#\/schema\/logo\/image\/","url":"https:\/\/noticiasmercedinas.com\/site\/wp-content\/uploads\/2020\/06\/LOGO-512.jpg","contentUrl":"https:\/\/noticiasmercedinas.com\/site\/wp-content\/uploads\/2020\/06\/LOGO-512.jpg","width":512,"height":512,"caption":"NOTICIASMERCEDINAS.COM"},"image":{"@id":"https:\/\/noticiasmercedinas.com\/site\/#\/schema\/logo\/image\/"},"sameAs":["https:\/\/www.facebook.com\/noticiasmercedinas\/","https:\/\/x.com\/notmercedinas","https:\/\/www.instagram.com\/noticiasmercedinas\/"]},{"@type":"Person","@id":"https:\/\/noticiasmercedinas.com\/site\/#\/schema\/person\/84b59c099c28ff2e8b77d4ceec5d8063","name":"NOTICIASMERCEDINAS.COM","image":{"@type":"ImageObject","inLanguage":"es","@id":"https:\/\/secure.gravatar.com\/avatar\/4dfbf16b4d17945bfb6341b2d19043457132fcf478a5ee04f42e959fd8f5df0a?s=96&d=mm&r=g","url":"https:\/\/secure.gravatar.com\/avatar\/4dfbf16b4d17945bfb6341b2d19043457132fcf478a5ee04f42e959fd8f5df0a?s=96&d=mm&r=g","contentUrl":"https:\/\/secure.gravatar.com\/avatar\/4dfbf16b4d17945bfb6341b2d19043457132fcf478a5ee04f42e959fd8f5df0a?s=96&d=mm&r=g","caption":"NOTICIASMERCEDINAS.COM"},"url":"https:\/\/noticiasmercedinas.com\/site\/author\/anonimo\/"}]}},"amp_enabled":true,"_links":{"self":[{"href":"https:\/\/noticiasmercedinas.com\/site\/wp-json\/wp\/v2\/posts\/44383","targetHints":{"allow":["GET"]}}],"collection":[{"href":"https:\/\/noticiasmercedinas.com\/site\/wp-json\/wp\/v2\/posts"}],"about":[{"href":"https:\/\/noticiasmercedinas.com\/site\/wp-json\/wp\/v2\/types\/post"}],"author":[{"embeddable":true,"href":"https:\/\/noticiasmercedinas.com\/site\/wp-json\/wp\/v2\/users\/16"}],"replies":[{"embeddable":true,"href":"https:\/\/noticiasmercedinas.com\/site\/wp-json\/wp\/v2\/comments?post=44383"}],"version-history":[{"count":1,"href":"https:\/\/noticiasmercedinas.com\/site\/wp-json\/wp\/v2\/posts\/44383\/revisions"}],"predecessor-version":[{"id":44385,"href":"https:\/\/noticiasmercedinas.com\/site\/wp-json\/wp\/v2\/posts\/44383\/revisions\/44385"}],"wp:featuredmedia":[{"embeddable":true,"href":"https:\/\/noticiasmercedinas.com\/site\/wp-json\/wp\/v2\/media\/44384"}],"wp:attachment":[{"href":"https:\/\/noticiasmercedinas.com\/site\/wp-json\/wp\/v2\/media?parent=44383"}],"wp:term":[{"taxonomy":"category","embeddable":true,"href":"https:\/\/noticiasmercedinas.com\/site\/wp-json\/wp\/v2\/categories?post=44383"},{"taxonomy":"post_tag","embeddable":true,"href":"https:\/\/noticiasmercedinas.com\/site\/wp-json\/wp\/v2\/tags?post=44383"}],"curies":[{"name":"wp","href":"https:\/\/api.w.org\/{rel}","templated":true}]}}