{"id":44507,"date":"2020-05-03T20:24:34","date_gmt":"2020-05-03T23:24:34","guid":{"rendered":"https:\/\/noticiasmercedinas.com\/site\/?p=44507"},"modified":"2020-05-03T20:56:49","modified_gmt":"2020-05-03T23:56:49","slug":"cuarentena-musical-virginia-altube-y-jonatan-alvarado-cantan-a-villoldo-a-duo","status":"publish","type":"post","link":"https:\/\/noticiasmercedinas.com\/site\/2020\/05\/03\/cuarentena-musical-virginia-altube-y-jonatan-alvarado-cantan-a-villoldo-a-duo\/","title":{"rendered":"Cuarentena musical: Virginia Altube y Jonatan Alvarado cantan a Villoldo, a d\u00fao"},"content":{"rendered":"<p>En el marco de una investigaci\u00f3n musical sobre la canci\u00f3n criolla de principios del siglo XX, el talentoso m\u00fasico mercedino <strong>Jonatan Alvarado<\/strong> \u2013residente en La Haya&#8211; grab\u00f3 una canci\u00f3n a d\u00fao con la cantante <strong>Virginia Altube<\/strong>. Un encuentro intercontinental que fue posible gracias a la tecnolog\u00eda y en medio de la pandemia de coronavirus que obliga a todos a quedarse en sus casas, pero los artistas saben que no deben bajar la guardia en cuestiones creativas.<\/p>\n<p>\u201cHe estado aprovechando el tiempo extra estos d\u00edas para recoger tantos registros, art\u00edculos y grabaciones hist\u00f3ricas como pude, documentando la tradici\u00f3n del &#8216;canto criollo&#8217; en Argentina de principios del siglo XX y hasta la d\u00e9cada de 1920\u201d, cuenta el propio Alvarado e indica que en medio de su investigaci\u00f3n sinti\u00f3 que \u201cya era hora de empezar a hacer algo con el material\u201d y asegura que este es el primer trabajo que podr\u00e1 apreciarse, ya que en las pr\u00f3ximas semanas piensa compartir \u201cactuaciones de algunas de las canciones m\u00e1s hermosas que encontr\u00e9 mientras investigo este fascinante mundo\u201d, las cuales cantar\u00e1 y tocar\u00e1 con \u201cbuenos amigos\u201d de \u201cdiferentes or\u00edgenes y pr\u00e1cticas art\u00edsticas\u201d.<\/p>\n<p>Fue as\u00ed que con Altube registr\u00f3 una canci\u00f3n de Angel Villoldo, \u201cCantar eterno\u201d, que fue la primera en ser grabada por el d\u00fao Gardel &#8211; Razzano en 1917. La versi\u00f3n que presentan se basa en una partitura publicada en la revista &#8216;Atl\u00e1ntida&#8217; (de abril de 1918) pero incluyendo algunos elementos tomados de la grabaci\u00f3n de Gardel y Razzano.<\/p>\n<p>\u201c<em>Singing with me, a living legend of the folk scene from my hometown: the one and only Virginia Altube<\/em>\u201d, dice Alvarado <span style=\"color: #000080;\"><strong><a style=\"color: #000080;\" href=\"https:\/\/www.facebook.com\/alvaradojonatan\">en su perfil de Facebook<\/a><\/strong><\/span> y agradece a Virginia por colaborar con su \u201cc\u00e1lida voz\u201d y su \u201cmusicalidad sabia\u201d: \u201cNo podr\u00eda haber imaginado una mejor compa\u00f1era para comenzar a transitar este camino de exploraci\u00f3n, b\u00fasqueda, pero por sobre todo mucho disfrute\u201d, sostiene Alvarado.<\/p>\n<p>Por su parte, Altube cuenta, a pedido de este medio que \u201ccon Jonatan tenemos una muy buena relaci\u00f3n a la distancia\u201d: \u201cCuando \u00e9l viene a la Argentina siempre lo voy a escuchar, e incluso una de las \u00faltimas veces que estuvo fue a mi casa y estuvimos haciendo coplas. Se estableci\u00f3 un v\u00ednculo y en esta cuarentena surgi\u00f3 esto. El est\u00e1 haciendo una investigaci\u00f3n en Holanda, donde vive, sobre la canci\u00f3n de principios de siglo XX, temas que cantaba Gardel. Se le ocurri\u00f3 convocarme para hacer juntos este tema que es muy antiguo. Y a m\u00ed me encant\u00f3, porque ese g\u00e9nero me gusta mucho. Es muy particular y requiere una forma de tocarlo que \u00e9l desarrolla muy bien y est\u00e1 estudiando. Para m\u00ed tiene muchas reminiscencias familiares y me gusta mucho, es un g\u00e9nero muy sencillo, muy criollo\u201d, dice a NOTICIASMERCEDINAS.COM.<\/p>\n<p>\u201cRemotamente pudimos grabar este tema. No lo evalu\u00e9 t\u00e9cnicamente sino emocionalmente y energ\u00e9ticamente. Me encant\u00f3, me conmovi\u00f3. Creo que Jonatan es un artista muy importante y tiene un perfil muy bajo, es un estudioso de la m\u00fasica y al mismo tiempo sabe salirse de ese lugar acad\u00e9mico y entrar intuitivamente en lo m\u00e1s popular. Para m\u00ed fue un honor y un placer compartir con \u00e9l esto, y quiz\u00e1s compartamos alguna cosita m\u00e1s\u201d, completa Altube, quien por estos d\u00edas est\u00e1 en casa de una amiga en Mercedes pasando la cuarentena, y tambi\u00e9n ha podido compartir algunas creaciones junto a Franco Brienza y otros artistas de manera virtual.<\/p>\n<p><strong>Arqueolog\u00eda musical<\/strong><br \/>\n\u00abLa idea viene de un proyecto que estoy desarrollando y consiste en aplicar los lineamientos de un tipo de aproximaci\u00f3n musical hist\u00f3rica, una especial de arqueolog\u00eda musical\u00bb, agrega Alvarado, tambi\u00e9n requerido por este medio. \u00abHace rato vengo con esto en relaci\u00f3n al repertorio iberoamericano, de la \u00e9poca colonial, del barroco, del siglo XVI al XVIII, de Espa\u00f1a, Portugal y Francia principalmente, pero hace un tiempo que la disquera con la que trabajo quer\u00eda hacer algo en Buenos Aires, y pens\u00e9 en ir a las fuentes hist\u00f3ricas y tratar de recapturar la esencia hist\u00f3rica a la m\u00fasica de entre siglos en Argentina, donde hay muchas grabaciones que se conservan y me centro desde 1905 hasta 1920, en la m\u00fasica de los payadores y la influencia que esa gente tuvo en la generaci\u00f3n de Carlos Gardel\u00bb, explica ahondando en detalles de este trabajo.<\/p>\n<p>\u00abEs un universo sonoro de m\u00fasica maravillosa, exquisita, con un nivel po\u00e9tico alt\u00edsimo y melod\u00edas fant\u00e1sticas\u00bb, seg\u00fan Alvarado, quien remarca que esto forma tambi\u00e9n la identidad cultural argentina y su estilo po\u00e9tico musical en b\u00fasqueda, con la influencia de la inmigraci\u00f3n, de manera conservadora, apuntando a la poes\u00eda gauchesca. \u00abDe a poco se instalan los g\u00e9neros fijos, como el gato, la chacarera y otros, que eran danzas no tan estructuradas como los imaginamos hoy\u00bb, agrega.<\/p>\n<p>Sobre el video con Altube, explica que como parte de ese proyecto, ahora que no est\u00e1 de gira, le est\u00e1 proponiendo a m\u00fasicos que conoce compartir canciones: \u00abLes mando las melod\u00edas y les env\u00edo grabaciones similares del estilo de varios cantantes de la \u00e9poca y una base que grabo en mi casa con alguna guitarra y los dejo que generen cosas, que me hagan preguntas, me aporten sus influencias o memorias, y de paso aprendo yo tambi\u00e9n de c\u00f3mo toman el repertorio desde su aproximaci\u00f3n, que es diferente a la m\u00eda\u00bb, cuenta Alvarado sobre esta b\u00fasqueda no tan explorada por el folclore actual.<\/p>\n<p>\u00abEl primer v\u00eddeo fue con Virginia, a quien admiro y tiene una voz extraordinaria. Me han llegado mensajes muy importantes de m\u00fasicos que est\u00e1n muy encantados con su voz y su musicalidad, que es \u00fanica. Es una cantora mercedina muy relevante y una persona con la que siempre me he llevado bien pero nunca hab\u00eda tenido oportunidad de hacer algo juntos mas que cantar en su casa\u00bb, completa Alvarado sobre este trabajo que grabaron juntos de autor\u00eda de Angel Villoldo, quien es considerado \u00abel padre del tango\u00bb.<\/p>\n","protected":false},"excerpt":{"rendered":"<p>En el marco de una investigaci\u00f3n musical sobre la canci\u00f3n criolla de principios del siglo XX, el talentoso m\u00fasico mercedino Jonatan Alvarado \u2013residente en La Haya&#8211; grab\u00f3 una canci\u00f3n a d\u00fao con la cantante Virginia Altube. Un encuentro intercontinental que fue posible gracias a la tecnolog\u00eda y en medio de la pandemia de coronavirus que [&hellip;]<\/p>\n","protected":false},"author":2,"featured_media":44508,"comment_status":"open","ping_status":"open","sticky":false,"template":"","format":"video","meta":{"footnotes":""},"categories":[4],"tags":[9015,9018,9016,5819,88,9017,164],"class_list":["post-44507","post","type-post","status-publish","format-video","has-post-thumbnail","hentry","category-cultura","tag-angel-villoldo","tag-cancion-criolla","tag-carlos-gardel","tag-jonatan-alvarado","tag-musica","tag-siglo-xx","tag-virginia-altube","post_format-post-format-video"],"yoast_head":"<!-- This site is optimized with the Yoast SEO plugin v27.5 - https:\/\/yoast.com\/product\/yoast-seo-wordpress\/ -->\n<title>Cuarentena musical: Virginia Altube y Jonatan Alvarado cantan a Villoldo, a d\u00fao<\/title>\n<meta name=\"robots\" content=\"index, follow, max-snippet:-1, max-image-preview:large, max-video-preview:-1\" \/>\n<link rel=\"canonical\" href=\"https:\/\/noticiasmercedinas.com\/site\/2020\/05\/03\/cuarentena-musical-virginia-altube-y-jonatan-alvarado-cantan-a-villoldo-a-duo\/\" \/>\n<meta property=\"og:locale\" content=\"es_ES\" \/>\n<meta property=\"og:type\" content=\"article\" \/>\n<meta property=\"og:title\" content=\"Cuarentena musical: Virginia Altube y Jonatan Alvarado cantan a Villoldo, a d\u00fao\" \/>\n<meta property=\"og:description\" content=\"En el marco de una investigaci\u00f3n musical sobre la canci\u00f3n criolla de principios del siglo XX, el talentoso m\u00fasico mercedino Jonatan Alvarado \u2013residente en La Haya&#8211; grab\u00f3 una canci\u00f3n a d\u00fao con la cantante Virginia Altube. Un encuentro intercontinental que fue posible gracias a la tecnolog\u00eda y en medio de la pandemia de coronavirus que [&hellip;]\" \/>\n<meta property=\"og:url\" content=\"https:\/\/noticiasmercedinas.com\/site\/2020\/05\/03\/cuarentena-musical-virginia-altube-y-jonatan-alvarado-cantan-a-villoldo-a-duo\/\" \/>\n<meta property=\"og:site_name\" content=\"NOTICIASMERCEDINAS.COM\" \/>\n<meta property=\"article:publisher\" content=\"https:\/\/www.facebook.com\/noticiasmercedinas\/\" \/>\n<meta property=\"article:author\" content=\"https:\/\/www.facebook.com\/cristian.falabella\" \/>\n<meta property=\"article:published_time\" content=\"2020-05-03T23:24:34+00:00\" \/>\n<meta property=\"article:modified_time\" content=\"2020-05-03T23:56:49+00:00\" \/>\n<meta property=\"og:image\" content=\"https:\/\/noticiasmercedinas.com\/site\/wp-content\/uploads\/2020\/05\/joyvir.jpg\" \/>\n\t<meta property=\"og:image:width\" content=\"708\" \/>\n\t<meta property=\"og:image:height\" content=\"384\" \/>\n\t<meta property=\"og:image:type\" content=\"image\/jpeg\" \/>\n<meta name=\"author\" content=\"Cristian Falabella NOTICIASMERCEDINAS.COM\" \/>\n<meta name=\"twitter:card\" content=\"summary_large_image\" \/>\n<meta name=\"twitter:creator\" content=\"@https:\/\/twitter.com\/NOTMERCEDINAS\" \/>\n<meta name=\"twitter:site\" content=\"@notmercedinas\" \/>\n<meta name=\"twitter:label1\" content=\"Escrito por\" \/>\n\t<meta name=\"twitter:data1\" content=\"Cristian Falabella NOTICIASMERCEDINAS.COM\" \/>\n\t<meta name=\"twitter:label2\" content=\"Tiempo de lectura\" \/>\n\t<meta name=\"twitter:data2\" content=\"5 minutos\" \/>\n<script type=\"application\/ld+json\" class=\"yoast-schema-graph\">{\"@context\":\"https:\\\/\\\/schema.org\",\"@graph\":[{\"@type\":\"Article\",\"@id\":\"https:\\\/\\\/noticiasmercedinas.com\\\/site\\\/2020\\\/05\\\/03\\\/cuarentena-musical-virginia-altube-y-jonatan-alvarado-cantan-a-villoldo-a-duo\\\/#article\",\"isPartOf\":{\"@id\":\"https:\\\/\\\/noticiasmercedinas.com\\\/site\\\/2020\\\/05\\\/03\\\/cuarentena-musical-virginia-altube-y-jonatan-alvarado-cantan-a-villoldo-a-duo\\\/\"},\"author\":{\"name\":\"Cristian Falabella NOTICIASMERCEDINAS.COM\",\"@id\":\"https:\\\/\\\/noticiasmercedinas.com\\\/site\\\/#\\\/schema\\\/person\\\/d481a9696a5feaec13a60e2bbd991a6a\"},\"headline\":\"Cuarentena musical: Virginia Altube y Jonatan Alvarado cantan a Villoldo, a d\u00fao\",\"datePublished\":\"2020-05-03T23:24:34+00:00\",\"dateModified\":\"2020-05-03T23:56:49+00:00\",\"mainEntityOfPage\":{\"@id\":\"https:\\\/\\\/noticiasmercedinas.com\\\/site\\\/2020\\\/05\\\/03\\\/cuarentena-musical-virginia-altube-y-jonatan-alvarado-cantan-a-villoldo-a-duo\\\/\"},\"wordCount\":1052,\"commentCount\":0,\"publisher\":{\"@id\":\"https:\\\/\\\/noticiasmercedinas.com\\\/site\\\/#organization\"},\"image\":{\"@id\":\"https:\\\/\\\/noticiasmercedinas.com\\\/site\\\/2020\\\/05\\\/03\\\/cuarentena-musical-virginia-altube-y-jonatan-alvarado-cantan-a-villoldo-a-duo\\\/#primaryimage\"},\"thumbnailUrl\":\"https:\\\/\\\/noticiasmercedinas.com\\\/site\\\/wp-content\\\/uploads\\\/2020\\\/05\\\/joyvir.jpg\",\"keywords\":[\"angel villoldo\",\"canci\u00f3n criolla\",\"carlos gardel\",\"Jonatan Alvarado\",\"musica\",\"siglo xx\",\"virginia altube\"],\"articleSection\":[\"Cultura\"],\"inLanguage\":\"es\",\"potentialAction\":[{\"@type\":\"CommentAction\",\"name\":\"Comment\",\"target\":[\"https:\\\/\\\/noticiasmercedinas.com\\\/site\\\/2020\\\/05\\\/03\\\/cuarentena-musical-virginia-altube-y-jonatan-alvarado-cantan-a-villoldo-a-duo\\\/#respond\"]}]},{\"@type\":\"WebPage\",\"@id\":\"https:\\\/\\\/noticiasmercedinas.com\\\/site\\\/2020\\\/05\\\/03\\\/cuarentena-musical-virginia-altube-y-jonatan-alvarado-cantan-a-villoldo-a-duo\\\/\",\"url\":\"https:\\\/\\\/noticiasmercedinas.com\\\/site\\\/2020\\\/05\\\/03\\\/cuarentena-musical-virginia-altube-y-jonatan-alvarado-cantan-a-villoldo-a-duo\\\/\",\"name\":\"Cuarentena musical: Virginia Altube y Jonatan Alvarado cantan a Villoldo, a d\u00fao\",\"isPartOf\":{\"@id\":\"https:\\\/\\\/noticiasmercedinas.com\\\/site\\\/#website\"},\"primaryImageOfPage\":{\"@id\":\"https:\\\/\\\/noticiasmercedinas.com\\\/site\\\/2020\\\/05\\\/03\\\/cuarentena-musical-virginia-altube-y-jonatan-alvarado-cantan-a-villoldo-a-duo\\\/#primaryimage\"},\"image\":{\"@id\":\"https:\\\/\\\/noticiasmercedinas.com\\\/site\\\/2020\\\/05\\\/03\\\/cuarentena-musical-virginia-altube-y-jonatan-alvarado-cantan-a-villoldo-a-duo\\\/#primaryimage\"},\"thumbnailUrl\":\"https:\\\/\\\/noticiasmercedinas.com\\\/site\\\/wp-content\\\/uploads\\\/2020\\\/05\\\/joyvir.jpg\",\"datePublished\":\"2020-05-03T23:24:34+00:00\",\"dateModified\":\"2020-05-03T23:56:49+00:00\",\"breadcrumb\":{\"@id\":\"https:\\\/\\\/noticiasmercedinas.com\\\/site\\\/2020\\\/05\\\/03\\\/cuarentena-musical-virginia-altube-y-jonatan-alvarado-cantan-a-villoldo-a-duo\\\/#breadcrumb\"},\"inLanguage\":\"es\",\"potentialAction\":[{\"@type\":\"ReadAction\",\"target\":[\"https:\\\/\\\/noticiasmercedinas.com\\\/site\\\/2020\\\/05\\\/03\\\/cuarentena-musical-virginia-altube-y-jonatan-alvarado-cantan-a-villoldo-a-duo\\\/\"]}]},{\"@type\":\"ImageObject\",\"inLanguage\":\"es\",\"@id\":\"https:\\\/\\\/noticiasmercedinas.com\\\/site\\\/2020\\\/05\\\/03\\\/cuarentena-musical-virginia-altube-y-jonatan-alvarado-cantan-a-villoldo-a-duo\\\/#primaryimage\",\"url\":\"https:\\\/\\\/noticiasmercedinas.com\\\/site\\\/wp-content\\\/uploads\\\/2020\\\/05\\\/joyvir.jpg\",\"contentUrl\":\"https:\\\/\\\/noticiasmercedinas.com\\\/site\\\/wp-content\\\/uploads\\\/2020\\\/05\\\/joyvir.jpg\",\"width\":708,\"height\":384},{\"@type\":\"BreadcrumbList\",\"@id\":\"https:\\\/\\\/noticiasmercedinas.com\\\/site\\\/2020\\\/05\\\/03\\\/cuarentena-musical-virginia-altube-y-jonatan-alvarado-cantan-a-villoldo-a-duo\\\/#breadcrumb\",\"itemListElement\":[{\"@type\":\"ListItem\",\"position\":1,\"name\":\"Portada\",\"item\":\"https:\\\/\\\/noticiasmercedinas.com\\\/site\\\/\"},{\"@type\":\"ListItem\",\"position\":2,\"name\":\"Cuarentena musical: Virginia Altube y Jonatan Alvarado cantan a Villoldo, a d\u00fao\"}]},{\"@type\":\"WebSite\",\"@id\":\"https:\\\/\\\/noticiasmercedinas.com\\\/site\\\/#website\",\"url\":\"https:\\\/\\\/noticiasmercedinas.com\\\/site\\\/\",\"name\":\"NOTICIASMERCEDINAS.COM\",\"description\":\"Mercedes, Buenos Aires, Argentina\",\"publisher\":{\"@id\":\"https:\\\/\\\/noticiasmercedinas.com\\\/site\\\/#organization\"},\"potentialAction\":[{\"@type\":\"SearchAction\",\"target\":{\"@type\":\"EntryPoint\",\"urlTemplate\":\"https:\\\/\\\/noticiasmercedinas.com\\\/site\\\/?s={search_term_string}\"},\"query-input\":{\"@type\":\"PropertyValueSpecification\",\"valueRequired\":true,\"valueName\":\"search_term_string\"}}],\"inLanguage\":\"es\"},{\"@type\":\"Organization\",\"@id\":\"https:\\\/\\\/noticiasmercedinas.com\\\/site\\\/#organization\",\"name\":\"NOTICIASMERCEDINAS.COM\",\"url\":\"https:\\\/\\\/noticiasmercedinas.com\\\/site\\\/\",\"logo\":{\"@type\":\"ImageObject\",\"inLanguage\":\"es\",\"@id\":\"https:\\\/\\\/noticiasmercedinas.com\\\/site\\\/#\\\/schema\\\/logo\\\/image\\\/\",\"url\":\"https:\\\/\\\/noticiasmercedinas.com\\\/site\\\/wp-content\\\/uploads\\\/2020\\\/06\\\/LOGO-512.jpg\",\"contentUrl\":\"https:\\\/\\\/noticiasmercedinas.com\\\/site\\\/wp-content\\\/uploads\\\/2020\\\/06\\\/LOGO-512.jpg\",\"width\":512,\"height\":512,\"caption\":\"NOTICIASMERCEDINAS.COM\"},\"image\":{\"@id\":\"https:\\\/\\\/noticiasmercedinas.com\\\/site\\\/#\\\/schema\\\/logo\\\/image\\\/\"},\"sameAs\":[\"https:\\\/\\\/www.facebook.com\\\/noticiasmercedinas\\\/\",\"https:\\\/\\\/x.com\\\/notmercedinas\",\"https:\\\/\\\/www.instagram.com\\\/noticiasmercedinas\\\/\"]},{\"@type\":\"Person\",\"@id\":\"https:\\\/\\\/noticiasmercedinas.com\\\/site\\\/#\\\/schema\\\/person\\\/d481a9696a5feaec13a60e2bbd991a6a\",\"name\":\"Cristian Falabella NOTICIASMERCEDINAS.COM\",\"image\":{\"@type\":\"ImageObject\",\"inLanguage\":\"es\",\"@id\":\"https:\\\/\\\/secure.gravatar.com\\\/avatar\\\/0dbbfc45970cc46bcd0e57766228574ff3511d6eed045b182f536f0f478c1f06?s=96&d=mm&r=g\",\"url\":\"https:\\\/\\\/secure.gravatar.com\\\/avatar\\\/0dbbfc45970cc46bcd0e57766228574ff3511d6eed045b182f536f0f478c1f06?s=96&d=mm&r=g\",\"contentUrl\":\"https:\\\/\\\/secure.gravatar.com\\\/avatar\\\/0dbbfc45970cc46bcd0e57766228574ff3511d6eed045b182f536f0f478c1f06?s=96&d=mm&r=g\",\"caption\":\"Cristian Falabella NOTICIASMERCEDINAS.COM\"},\"description\":\"Periodista, editor de Noticias Mercedinas. Pas\u00f3 por varias redacciones y emprendimientos de prensa, en distintos formatos y \u00e9pocas. Se especializ\u00f3 --y sigue haci\u00e9ndolo-- en comunicaci\u00f3n en la web y en junio de 2006 fund\u00f3 este diario digital.\",\"sameAs\":[\"https:\\\/\\\/noticiasmercedinas.com\",\"https:\\\/\\\/www.facebook.com\\\/cristian.falabella\",\"https:\\\/\\\/www.instagram.com\\\/noticiasmercedinas\\\/\",\"https:\\\/\\\/x.com\\\/https:\\\/\\\/twitter.com\\\/NOTMERCEDINAS\"],\"url\":\"https:\\\/\\\/noticiasmercedinas.com\\\/site\\\/author\\\/as000384\\\/\"}]}<\/script>\n<!-- \/ Yoast SEO plugin. -->","yoast_head_json":{"title":"Cuarentena musical: Virginia Altube y Jonatan Alvarado cantan a Villoldo, a d\u00fao","robots":{"index":"index","follow":"follow","max-snippet":"max-snippet:-1","max-image-preview":"max-image-preview:large","max-video-preview":"max-video-preview:-1"},"canonical":"https:\/\/noticiasmercedinas.com\/site\/2020\/05\/03\/cuarentena-musical-virginia-altube-y-jonatan-alvarado-cantan-a-villoldo-a-duo\/","og_locale":"es_ES","og_type":"article","og_title":"Cuarentena musical: Virginia Altube y Jonatan Alvarado cantan a Villoldo, a d\u00fao","og_description":"En el marco de una investigaci\u00f3n musical sobre la canci\u00f3n criolla de principios del siglo XX, el talentoso m\u00fasico mercedino Jonatan Alvarado \u2013residente en La Haya&#8211; grab\u00f3 una canci\u00f3n a d\u00fao con la cantante Virginia Altube. Un encuentro intercontinental que fue posible gracias a la tecnolog\u00eda y en medio de la pandemia de coronavirus que [&hellip;]","og_url":"https:\/\/noticiasmercedinas.com\/site\/2020\/05\/03\/cuarentena-musical-virginia-altube-y-jonatan-alvarado-cantan-a-villoldo-a-duo\/","og_site_name":"NOTICIASMERCEDINAS.COM","article_publisher":"https:\/\/www.facebook.com\/noticiasmercedinas\/","article_author":"https:\/\/www.facebook.com\/cristian.falabella","article_published_time":"2020-05-03T23:24:34+00:00","article_modified_time":"2020-05-03T23:56:49+00:00","og_image":[{"width":708,"height":384,"url":"https:\/\/noticiasmercedinas.com\/site\/wp-content\/uploads\/2020\/05\/joyvir.jpg","type":"image\/jpeg"}],"author":"Cristian Falabella NOTICIASMERCEDINAS.COM","twitter_card":"summary_large_image","twitter_creator":"@https:\/\/twitter.com\/NOTMERCEDINAS","twitter_site":"@notmercedinas","twitter_misc":{"Escrito por":"Cristian Falabella NOTICIASMERCEDINAS.COM","Tiempo de lectura":"5 minutos"},"schema":{"@context":"https:\/\/schema.org","@graph":[{"@type":"Article","@id":"https:\/\/noticiasmercedinas.com\/site\/2020\/05\/03\/cuarentena-musical-virginia-altube-y-jonatan-alvarado-cantan-a-villoldo-a-duo\/#article","isPartOf":{"@id":"https:\/\/noticiasmercedinas.com\/site\/2020\/05\/03\/cuarentena-musical-virginia-altube-y-jonatan-alvarado-cantan-a-villoldo-a-duo\/"},"author":{"name":"Cristian Falabella NOTICIASMERCEDINAS.COM","@id":"https:\/\/noticiasmercedinas.com\/site\/#\/schema\/person\/d481a9696a5feaec13a60e2bbd991a6a"},"headline":"Cuarentena musical: Virginia Altube y Jonatan Alvarado cantan a Villoldo, a d\u00fao","datePublished":"2020-05-03T23:24:34+00:00","dateModified":"2020-05-03T23:56:49+00:00","mainEntityOfPage":{"@id":"https:\/\/noticiasmercedinas.com\/site\/2020\/05\/03\/cuarentena-musical-virginia-altube-y-jonatan-alvarado-cantan-a-villoldo-a-duo\/"},"wordCount":1052,"commentCount":0,"publisher":{"@id":"https:\/\/noticiasmercedinas.com\/site\/#organization"},"image":{"@id":"https:\/\/noticiasmercedinas.com\/site\/2020\/05\/03\/cuarentena-musical-virginia-altube-y-jonatan-alvarado-cantan-a-villoldo-a-duo\/#primaryimage"},"thumbnailUrl":"https:\/\/noticiasmercedinas.com\/site\/wp-content\/uploads\/2020\/05\/joyvir.jpg","keywords":["angel villoldo","canci\u00f3n criolla","carlos gardel","Jonatan Alvarado","musica","siglo xx","virginia altube"],"articleSection":["Cultura"],"inLanguage":"es","potentialAction":[{"@type":"CommentAction","name":"Comment","target":["https:\/\/noticiasmercedinas.com\/site\/2020\/05\/03\/cuarentena-musical-virginia-altube-y-jonatan-alvarado-cantan-a-villoldo-a-duo\/#respond"]}]},{"@type":"WebPage","@id":"https:\/\/noticiasmercedinas.com\/site\/2020\/05\/03\/cuarentena-musical-virginia-altube-y-jonatan-alvarado-cantan-a-villoldo-a-duo\/","url":"https:\/\/noticiasmercedinas.com\/site\/2020\/05\/03\/cuarentena-musical-virginia-altube-y-jonatan-alvarado-cantan-a-villoldo-a-duo\/","name":"Cuarentena musical: Virginia Altube y Jonatan Alvarado cantan a Villoldo, a d\u00fao","isPartOf":{"@id":"https:\/\/noticiasmercedinas.com\/site\/#website"},"primaryImageOfPage":{"@id":"https:\/\/noticiasmercedinas.com\/site\/2020\/05\/03\/cuarentena-musical-virginia-altube-y-jonatan-alvarado-cantan-a-villoldo-a-duo\/#primaryimage"},"image":{"@id":"https:\/\/noticiasmercedinas.com\/site\/2020\/05\/03\/cuarentena-musical-virginia-altube-y-jonatan-alvarado-cantan-a-villoldo-a-duo\/#primaryimage"},"thumbnailUrl":"https:\/\/noticiasmercedinas.com\/site\/wp-content\/uploads\/2020\/05\/joyvir.jpg","datePublished":"2020-05-03T23:24:34+00:00","dateModified":"2020-05-03T23:56:49+00:00","breadcrumb":{"@id":"https:\/\/noticiasmercedinas.com\/site\/2020\/05\/03\/cuarentena-musical-virginia-altube-y-jonatan-alvarado-cantan-a-villoldo-a-duo\/#breadcrumb"},"inLanguage":"es","potentialAction":[{"@type":"ReadAction","target":["https:\/\/noticiasmercedinas.com\/site\/2020\/05\/03\/cuarentena-musical-virginia-altube-y-jonatan-alvarado-cantan-a-villoldo-a-duo\/"]}]},{"@type":"ImageObject","inLanguage":"es","@id":"https:\/\/noticiasmercedinas.com\/site\/2020\/05\/03\/cuarentena-musical-virginia-altube-y-jonatan-alvarado-cantan-a-villoldo-a-duo\/#primaryimage","url":"https:\/\/noticiasmercedinas.com\/site\/wp-content\/uploads\/2020\/05\/joyvir.jpg","contentUrl":"https:\/\/noticiasmercedinas.com\/site\/wp-content\/uploads\/2020\/05\/joyvir.jpg","width":708,"height":384},{"@type":"BreadcrumbList","@id":"https:\/\/noticiasmercedinas.com\/site\/2020\/05\/03\/cuarentena-musical-virginia-altube-y-jonatan-alvarado-cantan-a-villoldo-a-duo\/#breadcrumb","itemListElement":[{"@type":"ListItem","position":1,"name":"Portada","item":"https:\/\/noticiasmercedinas.com\/site\/"},{"@type":"ListItem","position":2,"name":"Cuarentena musical: Virginia Altube y Jonatan Alvarado cantan a Villoldo, a d\u00fao"}]},{"@type":"WebSite","@id":"https:\/\/noticiasmercedinas.com\/site\/#website","url":"https:\/\/noticiasmercedinas.com\/site\/","name":"NOTICIASMERCEDINAS.COM","description":"Mercedes, Buenos Aires, Argentina","publisher":{"@id":"https:\/\/noticiasmercedinas.com\/site\/#organization"},"potentialAction":[{"@type":"SearchAction","target":{"@type":"EntryPoint","urlTemplate":"https:\/\/noticiasmercedinas.com\/site\/?s={search_term_string}"},"query-input":{"@type":"PropertyValueSpecification","valueRequired":true,"valueName":"search_term_string"}}],"inLanguage":"es"},{"@type":"Organization","@id":"https:\/\/noticiasmercedinas.com\/site\/#organization","name":"NOTICIASMERCEDINAS.COM","url":"https:\/\/noticiasmercedinas.com\/site\/","logo":{"@type":"ImageObject","inLanguage":"es","@id":"https:\/\/noticiasmercedinas.com\/site\/#\/schema\/logo\/image\/","url":"https:\/\/noticiasmercedinas.com\/site\/wp-content\/uploads\/2020\/06\/LOGO-512.jpg","contentUrl":"https:\/\/noticiasmercedinas.com\/site\/wp-content\/uploads\/2020\/06\/LOGO-512.jpg","width":512,"height":512,"caption":"NOTICIASMERCEDINAS.COM"},"image":{"@id":"https:\/\/noticiasmercedinas.com\/site\/#\/schema\/logo\/image\/"},"sameAs":["https:\/\/www.facebook.com\/noticiasmercedinas\/","https:\/\/x.com\/notmercedinas","https:\/\/www.instagram.com\/noticiasmercedinas\/"]},{"@type":"Person","@id":"https:\/\/noticiasmercedinas.com\/site\/#\/schema\/person\/d481a9696a5feaec13a60e2bbd991a6a","name":"Cristian Falabella NOTICIASMERCEDINAS.COM","image":{"@type":"ImageObject","inLanguage":"es","@id":"https:\/\/secure.gravatar.com\/avatar\/0dbbfc45970cc46bcd0e57766228574ff3511d6eed045b182f536f0f478c1f06?s=96&d=mm&r=g","url":"https:\/\/secure.gravatar.com\/avatar\/0dbbfc45970cc46bcd0e57766228574ff3511d6eed045b182f536f0f478c1f06?s=96&d=mm&r=g","contentUrl":"https:\/\/secure.gravatar.com\/avatar\/0dbbfc45970cc46bcd0e57766228574ff3511d6eed045b182f536f0f478c1f06?s=96&d=mm&r=g","caption":"Cristian Falabella NOTICIASMERCEDINAS.COM"},"description":"Periodista, editor de Noticias Mercedinas. Pas\u00f3 por varias redacciones y emprendimientos de prensa, en distintos formatos y \u00e9pocas. Se especializ\u00f3 --y sigue haci\u00e9ndolo-- en comunicaci\u00f3n en la web y en junio de 2006 fund\u00f3 este diario digital.","sameAs":["https:\/\/noticiasmercedinas.com","https:\/\/www.facebook.com\/cristian.falabella","https:\/\/www.instagram.com\/noticiasmercedinas\/","https:\/\/x.com\/https:\/\/twitter.com\/NOTMERCEDINAS"],"url":"https:\/\/noticiasmercedinas.com\/site\/author\/as000384\/"}]}},"amp_enabled":true,"_links":{"self":[{"href":"https:\/\/noticiasmercedinas.com\/site\/wp-json\/wp\/v2\/posts\/44507","targetHints":{"allow":["GET"]}}],"collection":[{"href":"https:\/\/noticiasmercedinas.com\/site\/wp-json\/wp\/v2\/posts"}],"about":[{"href":"https:\/\/noticiasmercedinas.com\/site\/wp-json\/wp\/v2\/types\/post"}],"author":[{"embeddable":true,"href":"https:\/\/noticiasmercedinas.com\/site\/wp-json\/wp\/v2\/users\/2"}],"replies":[{"embeddable":true,"href":"https:\/\/noticiasmercedinas.com\/site\/wp-json\/wp\/v2\/comments?post=44507"}],"version-history":[{"count":6,"href":"https:\/\/noticiasmercedinas.com\/site\/wp-json\/wp\/v2\/posts\/44507\/revisions"}],"predecessor-version":[{"id":44515,"href":"https:\/\/noticiasmercedinas.com\/site\/wp-json\/wp\/v2\/posts\/44507\/revisions\/44515"}],"wp:featuredmedia":[{"embeddable":true,"href":"https:\/\/noticiasmercedinas.com\/site\/wp-json\/wp\/v2\/media\/44508"}],"wp:attachment":[{"href":"https:\/\/noticiasmercedinas.com\/site\/wp-json\/wp\/v2\/media?parent=44507"}],"wp:term":[{"taxonomy":"category","embeddable":true,"href":"https:\/\/noticiasmercedinas.com\/site\/wp-json\/wp\/v2\/categories?post=44507"},{"taxonomy":"post_tag","embeddable":true,"href":"https:\/\/noticiasmercedinas.com\/site\/wp-json\/wp\/v2\/tags?post=44507"}],"curies":[{"name":"wp","href":"https:\/\/api.w.org\/{rel}","templated":true}]}}