{"id":44656,"date":"2020-05-06T12:04:20","date_gmt":"2020-05-06T15:04:20","guid":{"rendered":"https:\/\/noticiasmercedinas.com\/site\/?p=44656"},"modified":"2020-05-06T12:04:20","modified_gmt":"2020-05-06T15:04:20","slug":"acompanamiento-atencion-y-contencion-en-salud-mental-en-el-diat","status":"publish","type":"post","link":"https:\/\/noticiasmercedinas.com\/site\/2020\/05\/06\/acompanamiento-atencion-y-contencion-en-salud-mental-en-el-diat\/","title":{"rendered":"Acompa\u00f1amiento, atenci\u00f3n y contenci\u00f3n en salud mental en el DIAT"},"content":{"rendered":"<p><img loading=\"lazy\" decoding=\"async\" class=\"alignnone size-full wp-image-44661\" src=\"https:\/\/noticiasmercedinas.com\/site\/wp-content\/uploads\/2020\/05\/ac.jpeg\" alt=\"\" width=\"954\" height=\"1192\" srcset=\"https:\/\/noticiasmercedinas.com\/site\/wp-content\/uploads\/2020\/05\/ac.jpeg 954w, https:\/\/noticiasmercedinas.com\/site\/wp-content\/uploads\/2020\/05\/ac-240x300.jpeg 240w, https:\/\/noticiasmercedinas.com\/site\/wp-content\/uploads\/2020\/05\/ac-820x1024.jpeg 820w, https:\/\/noticiasmercedinas.com\/site\/wp-content\/uploads\/2020\/05\/ac-768x960.jpeg 768w, https:\/\/noticiasmercedinas.com\/site\/wp-content\/uploads\/2020\/05\/ac-640x800.jpeg 640w, https:\/\/noticiasmercedinas.com\/site\/wp-content\/uploads\/2020\/05\/ac-681x851.jpeg 681w\" sizes=\"auto, (max-width: 954px) 100vw, 954px\" \/><\/p>\n<p>Desde el Municipio se articulan mediante un trabajo incesante y coordinado diferentes herramientas de contenci\u00f3n para los vecinos, y es as\u00ed como se vienen instrumentando medios de comunicaci\u00f3n constante para brindar acompa\u00f1amiento, asistencia y orientaci\u00f3n en salud mental.<\/p>\n<p>Los medios de comunicaci\u00f3n abarcan desde redes sociales hasta la atenci\u00f3n personalizada a cargo de profesionales del Centro de Dia de Salud Mental y Consumo Problem\u00e1tico Municipal, el DIAT Mercedes y el \u00e1rea de Salud Mental.<\/p>\n<p>\u201cEste es un momento que demanda de una coordinaci\u00f3n y organizaci\u00f3n del sistema sanitario en todos sus niveles de car\u00e1cter excepcional, para contener las necesidades de nuestro pueblo, agradecemos el compromiso de todos por el aporte que cada uno est\u00e1 haciendo desde sus lugares de responsabilidad para poder afrontar el mismo\u201d, se\u00f1alaron desde el DIAT Mercedes y el Centro de D\u00eda de Salud Mental y Consumo Problem\u00e1tico Municipal.<\/p>\n<p>Asimismo, apuntaron que \u00abes una l\u00ednea de contenci\u00f3n para aquellas personas que, producto de la cuarentena o de la interrupci\u00f3n de sus tratamientos de salud, necesitan de un acompa\u00f1amiento y\/o atenci\u00f3n en Salud Mental, donde a trav\u00e9s de nuestras l\u00edneas de comunicaci\u00f3n brindamos acompa\u00f1amiento, asistencia y orientaci\u00f3n\u00bb.<\/p>\n<p><strong>El tel\u00e9fono de guardia es el 15582319 y el tel\u00e9fono fijo el 430355 (lunes a viernes de 10 a 14 horas).<\/strong><\/p>\n<p><strong>En Instagram @centrodedia @diatmercedes<\/strong><\/p>\n<p><strong>En Facebook \u00abDiatMercedes\u00bb o \u00abCentro de Dia de SM y CP\u00bb.<\/strong><\/p>\n<p><strong>Mail: diatmercedes@gmail.com o centrodedia@mercedes.gob.ar<\/strong><\/p>\n","protected":false},"excerpt":{"rendered":"<p>Desde el Municipio se articulan mediante un trabajo incesante y coordinado diferentes herramientas de contenci\u00f3n para los vecinos, y es as\u00ed como se vienen instrumentando medios de comunicaci\u00f3n constante para brindar acompa\u00f1amiento, asistencia y orientaci\u00f3n en salud mental. Los medios de comunicaci\u00f3n abarcan desde redes sociales hasta la atenci\u00f3n personalizada a cargo de profesionales del [&hellip;]<\/p>\n","protected":false},"author":16,"featured_media":44661,"comment_status":"open","ping_status":"open","sticky":false,"template":"","format":"standard","meta":{"footnotes":""},"categories":[8992],"tags":[6149,8663,1190],"class_list":["post-44656","post","type-post","status-publish","format-standard","has-post-thumbnail","hentry","category-bienestar","tag-diat","tag-pandemia","tag-salud-mental"],"yoast_head":"<!-- This site is optimized with the Yoast SEO plugin v27.4 - https:\/\/yoast.com\/product\/yoast-seo-wordpress\/ -->\n<title>Acompa\u00f1amiento, atenci\u00f3n y contenci\u00f3n en salud mental en el DIAT<\/title>\n<meta name=\"robots\" content=\"index, follow, max-snippet:-1, max-image-preview:large, max-video-preview:-1\" \/>\n<link rel=\"canonical\" href=\"https:\/\/noticiasmercedinas.com\/site\/2020\/05\/06\/acompanamiento-atencion-y-contencion-en-salud-mental-en-el-diat\/\" \/>\n<meta property=\"og:locale\" content=\"es_ES\" \/>\n<meta property=\"og:type\" content=\"article\" \/>\n<meta property=\"og:title\" content=\"Acompa\u00f1amiento, atenci\u00f3n y contenci\u00f3n en salud mental en el DIAT\" \/>\n<meta property=\"og:description\" content=\"Desde el Municipio se articulan mediante un trabajo incesante y coordinado diferentes herramientas de contenci\u00f3n para los vecinos, y es as\u00ed como se vienen instrumentando medios de comunicaci\u00f3n constante para brindar acompa\u00f1amiento, asistencia y orientaci\u00f3n en salud mental. Los medios de comunicaci\u00f3n abarcan desde redes sociales hasta la atenci\u00f3n personalizada a cargo de profesionales del [&hellip;]\" \/>\n<meta property=\"og:url\" content=\"https:\/\/noticiasmercedinas.com\/site\/2020\/05\/06\/acompanamiento-atencion-y-contencion-en-salud-mental-en-el-diat\/\" \/>\n<meta property=\"og:site_name\" content=\"NOTICIASMERCEDINAS.COM\" \/>\n<meta property=\"article:publisher\" content=\"https:\/\/www.facebook.com\/noticiasmercedinas\/\" \/>\n<meta property=\"article:published_time\" content=\"2020-05-06T15:04:20+00:00\" \/>\n<meta property=\"og:image\" content=\"https:\/\/noticiasmercedinas.com\/site\/wp-content\/uploads\/2020\/05\/ac.jpeg\" \/>\n\t<meta property=\"og:image:width\" content=\"954\" \/>\n\t<meta property=\"og:image:height\" content=\"1192\" \/>\n\t<meta property=\"og:image:type\" content=\"image\/jpeg\" \/>\n<meta name=\"author\" content=\"NOTICIASMERCEDINAS.COM\" \/>\n<meta name=\"twitter:card\" content=\"summary_large_image\" \/>\n<meta name=\"twitter:creator\" content=\"@notmercedinas\" \/>\n<meta name=\"twitter:site\" content=\"@notmercedinas\" \/>\n<meta name=\"twitter:label1\" content=\"Escrito por\" \/>\n\t<meta name=\"twitter:data1\" content=\"NOTICIASMERCEDINAS.COM\" \/>\n\t<meta name=\"twitter:label2\" content=\"Tiempo de lectura\" \/>\n\t<meta name=\"twitter:data2\" content=\"1 minuto\" \/>\n<script type=\"application\/ld+json\" class=\"yoast-schema-graph\">{\"@context\":\"https:\\\/\\\/schema.org\",\"@graph\":[{\"@type\":\"Article\",\"@id\":\"https:\\\/\\\/noticiasmercedinas.com\\\/site\\\/2020\\\/05\\\/06\\\/acompanamiento-atencion-y-contencion-en-salud-mental-en-el-diat\\\/#article\",\"isPartOf\":{\"@id\":\"https:\\\/\\\/noticiasmercedinas.com\\\/site\\\/2020\\\/05\\\/06\\\/acompanamiento-atencion-y-contencion-en-salud-mental-en-el-diat\\\/\"},\"author\":{\"name\":\"NOTICIASMERCEDINAS.COM\",\"@id\":\"https:\\\/\\\/noticiasmercedinas.com\\\/site\\\/#\\\/schema\\\/person\\\/84b59c099c28ff2e8b77d4ceec5d8063\"},\"headline\":\"Acompa\u00f1amiento, atenci\u00f3n y contenci\u00f3n en salud mental en el DIAT\",\"datePublished\":\"2020-05-06T15:04:20+00:00\",\"mainEntityOfPage\":{\"@id\":\"https:\\\/\\\/noticiasmercedinas.com\\\/site\\\/2020\\\/05\\\/06\\\/acompanamiento-atencion-y-contencion-en-salud-mental-en-el-diat\\\/\"},\"wordCount\":269,\"commentCount\":0,\"publisher\":{\"@id\":\"https:\\\/\\\/noticiasmercedinas.com\\\/site\\\/#organization\"},\"image\":{\"@id\":\"https:\\\/\\\/noticiasmercedinas.com\\\/site\\\/2020\\\/05\\\/06\\\/acompanamiento-atencion-y-contencion-en-salud-mental-en-el-diat\\\/#primaryimage\"},\"thumbnailUrl\":\"https:\\\/\\\/noticiasmercedinas.com\\\/site\\\/wp-content\\\/uploads\\\/2020\\\/05\\\/ac.jpeg\",\"keywords\":[\"diat\",\"pandemia\",\"salud mental\"],\"articleSection\":[\"Bienestar\"],\"inLanguage\":\"es\",\"potentialAction\":[{\"@type\":\"CommentAction\",\"name\":\"Comment\",\"target\":[\"https:\\\/\\\/noticiasmercedinas.com\\\/site\\\/2020\\\/05\\\/06\\\/acompanamiento-atencion-y-contencion-en-salud-mental-en-el-diat\\\/#respond\"]}]},{\"@type\":\"WebPage\",\"@id\":\"https:\\\/\\\/noticiasmercedinas.com\\\/site\\\/2020\\\/05\\\/06\\\/acompanamiento-atencion-y-contencion-en-salud-mental-en-el-diat\\\/\",\"url\":\"https:\\\/\\\/noticiasmercedinas.com\\\/site\\\/2020\\\/05\\\/06\\\/acompanamiento-atencion-y-contencion-en-salud-mental-en-el-diat\\\/\",\"name\":\"Acompa\u00f1amiento, atenci\u00f3n y contenci\u00f3n en salud mental en el DIAT\",\"isPartOf\":{\"@id\":\"https:\\\/\\\/noticiasmercedinas.com\\\/site\\\/#website\"},\"primaryImageOfPage\":{\"@id\":\"https:\\\/\\\/noticiasmercedinas.com\\\/site\\\/2020\\\/05\\\/06\\\/acompanamiento-atencion-y-contencion-en-salud-mental-en-el-diat\\\/#primaryimage\"},\"image\":{\"@id\":\"https:\\\/\\\/noticiasmercedinas.com\\\/site\\\/2020\\\/05\\\/06\\\/acompanamiento-atencion-y-contencion-en-salud-mental-en-el-diat\\\/#primaryimage\"},\"thumbnailUrl\":\"https:\\\/\\\/noticiasmercedinas.com\\\/site\\\/wp-content\\\/uploads\\\/2020\\\/05\\\/ac.jpeg\",\"datePublished\":\"2020-05-06T15:04:20+00:00\",\"breadcrumb\":{\"@id\":\"https:\\\/\\\/noticiasmercedinas.com\\\/site\\\/2020\\\/05\\\/06\\\/acompanamiento-atencion-y-contencion-en-salud-mental-en-el-diat\\\/#breadcrumb\"},\"inLanguage\":\"es\",\"potentialAction\":[{\"@type\":\"ReadAction\",\"target\":[\"https:\\\/\\\/noticiasmercedinas.com\\\/site\\\/2020\\\/05\\\/06\\\/acompanamiento-atencion-y-contencion-en-salud-mental-en-el-diat\\\/\"]}]},{\"@type\":\"ImageObject\",\"inLanguage\":\"es\",\"@id\":\"https:\\\/\\\/noticiasmercedinas.com\\\/site\\\/2020\\\/05\\\/06\\\/acompanamiento-atencion-y-contencion-en-salud-mental-en-el-diat\\\/#primaryimage\",\"url\":\"https:\\\/\\\/noticiasmercedinas.com\\\/site\\\/wp-content\\\/uploads\\\/2020\\\/05\\\/ac.jpeg\",\"contentUrl\":\"https:\\\/\\\/noticiasmercedinas.com\\\/site\\\/wp-content\\\/uploads\\\/2020\\\/05\\\/ac.jpeg\",\"width\":954,\"height\":1192},{\"@type\":\"BreadcrumbList\",\"@id\":\"https:\\\/\\\/noticiasmercedinas.com\\\/site\\\/2020\\\/05\\\/06\\\/acompanamiento-atencion-y-contencion-en-salud-mental-en-el-diat\\\/#breadcrumb\",\"itemListElement\":[{\"@type\":\"ListItem\",\"position\":1,\"name\":\"Portada\",\"item\":\"https:\\\/\\\/noticiasmercedinas.com\\\/site\\\/\"},{\"@type\":\"ListItem\",\"position\":2,\"name\":\"Acompa\u00f1amiento, atenci\u00f3n y contenci\u00f3n en salud mental en el DIAT\"}]},{\"@type\":\"WebSite\",\"@id\":\"https:\\\/\\\/noticiasmercedinas.com\\\/site\\\/#website\",\"url\":\"https:\\\/\\\/noticiasmercedinas.com\\\/site\\\/\",\"name\":\"NOTICIASMERCEDINAS.COM\",\"description\":\"Mercedes, Buenos Aires, Argentina\",\"publisher\":{\"@id\":\"https:\\\/\\\/noticiasmercedinas.com\\\/site\\\/#organization\"},\"potentialAction\":[{\"@type\":\"SearchAction\",\"target\":{\"@type\":\"EntryPoint\",\"urlTemplate\":\"https:\\\/\\\/noticiasmercedinas.com\\\/site\\\/?s={search_term_string}\"},\"query-input\":{\"@type\":\"PropertyValueSpecification\",\"valueRequired\":true,\"valueName\":\"search_term_string\"}}],\"inLanguage\":\"es\"},{\"@type\":\"Organization\",\"@id\":\"https:\\\/\\\/noticiasmercedinas.com\\\/site\\\/#organization\",\"name\":\"NOTICIASMERCEDINAS.COM\",\"url\":\"https:\\\/\\\/noticiasmercedinas.com\\\/site\\\/\",\"logo\":{\"@type\":\"ImageObject\",\"inLanguage\":\"es\",\"@id\":\"https:\\\/\\\/noticiasmercedinas.com\\\/site\\\/#\\\/schema\\\/logo\\\/image\\\/\",\"url\":\"https:\\\/\\\/noticiasmercedinas.com\\\/site\\\/wp-content\\\/uploads\\\/2020\\\/06\\\/LOGO-512.jpg\",\"contentUrl\":\"https:\\\/\\\/noticiasmercedinas.com\\\/site\\\/wp-content\\\/uploads\\\/2020\\\/06\\\/LOGO-512.jpg\",\"width\":512,\"height\":512,\"caption\":\"NOTICIASMERCEDINAS.COM\"},\"image\":{\"@id\":\"https:\\\/\\\/noticiasmercedinas.com\\\/site\\\/#\\\/schema\\\/logo\\\/image\\\/\"},\"sameAs\":[\"https:\\\/\\\/www.facebook.com\\\/noticiasmercedinas\\\/\",\"https:\\\/\\\/x.com\\\/notmercedinas\",\"https:\\\/\\\/www.instagram.com\\\/noticiasmercedinas\\\/\"]},{\"@type\":\"Person\",\"@id\":\"https:\\\/\\\/noticiasmercedinas.com\\\/site\\\/#\\\/schema\\\/person\\\/84b59c099c28ff2e8b77d4ceec5d8063\",\"name\":\"NOTICIASMERCEDINAS.COM\",\"image\":{\"@type\":\"ImageObject\",\"inLanguage\":\"es\",\"@id\":\"https:\\\/\\\/secure.gravatar.com\\\/avatar\\\/4dfbf16b4d17945bfb6341b2d19043457132fcf478a5ee04f42e959fd8f5df0a?s=96&d=mm&r=g\",\"url\":\"https:\\\/\\\/secure.gravatar.com\\\/avatar\\\/4dfbf16b4d17945bfb6341b2d19043457132fcf478a5ee04f42e959fd8f5df0a?s=96&d=mm&r=g\",\"contentUrl\":\"https:\\\/\\\/secure.gravatar.com\\\/avatar\\\/4dfbf16b4d17945bfb6341b2d19043457132fcf478a5ee04f42e959fd8f5df0a?s=96&d=mm&r=g\",\"caption\":\"NOTICIASMERCEDINAS.COM\"},\"url\":\"https:\\\/\\\/noticiasmercedinas.com\\\/site\\\/author\\\/anonimo\\\/\"}]}<\/script>\n<!-- \/ Yoast SEO plugin. -->","yoast_head_json":{"title":"Acompa\u00f1amiento, atenci\u00f3n y contenci\u00f3n en salud mental en el DIAT","robots":{"index":"index","follow":"follow","max-snippet":"max-snippet:-1","max-image-preview":"max-image-preview:large","max-video-preview":"max-video-preview:-1"},"canonical":"https:\/\/noticiasmercedinas.com\/site\/2020\/05\/06\/acompanamiento-atencion-y-contencion-en-salud-mental-en-el-diat\/","og_locale":"es_ES","og_type":"article","og_title":"Acompa\u00f1amiento, atenci\u00f3n y contenci\u00f3n en salud mental en el DIAT","og_description":"Desde el Municipio se articulan mediante un trabajo incesante y coordinado diferentes herramientas de contenci\u00f3n para los vecinos, y es as\u00ed como se vienen instrumentando medios de comunicaci\u00f3n constante para brindar acompa\u00f1amiento, asistencia y orientaci\u00f3n en salud mental. Los medios de comunicaci\u00f3n abarcan desde redes sociales hasta la atenci\u00f3n personalizada a cargo de profesionales del [&hellip;]","og_url":"https:\/\/noticiasmercedinas.com\/site\/2020\/05\/06\/acompanamiento-atencion-y-contencion-en-salud-mental-en-el-diat\/","og_site_name":"NOTICIASMERCEDINAS.COM","article_publisher":"https:\/\/www.facebook.com\/noticiasmercedinas\/","article_published_time":"2020-05-06T15:04:20+00:00","og_image":[{"width":954,"height":1192,"url":"https:\/\/noticiasmercedinas.com\/site\/wp-content\/uploads\/2020\/05\/ac.jpeg","type":"image\/jpeg"}],"author":"NOTICIASMERCEDINAS.COM","twitter_card":"summary_large_image","twitter_creator":"@notmercedinas","twitter_site":"@notmercedinas","twitter_misc":{"Escrito por":"NOTICIASMERCEDINAS.COM","Tiempo de lectura":"1 minuto"},"schema":{"@context":"https:\/\/schema.org","@graph":[{"@type":"Article","@id":"https:\/\/noticiasmercedinas.com\/site\/2020\/05\/06\/acompanamiento-atencion-y-contencion-en-salud-mental-en-el-diat\/#article","isPartOf":{"@id":"https:\/\/noticiasmercedinas.com\/site\/2020\/05\/06\/acompanamiento-atencion-y-contencion-en-salud-mental-en-el-diat\/"},"author":{"name":"NOTICIASMERCEDINAS.COM","@id":"https:\/\/noticiasmercedinas.com\/site\/#\/schema\/person\/84b59c099c28ff2e8b77d4ceec5d8063"},"headline":"Acompa\u00f1amiento, atenci\u00f3n y contenci\u00f3n en salud mental en el DIAT","datePublished":"2020-05-06T15:04:20+00:00","mainEntityOfPage":{"@id":"https:\/\/noticiasmercedinas.com\/site\/2020\/05\/06\/acompanamiento-atencion-y-contencion-en-salud-mental-en-el-diat\/"},"wordCount":269,"commentCount":0,"publisher":{"@id":"https:\/\/noticiasmercedinas.com\/site\/#organization"},"image":{"@id":"https:\/\/noticiasmercedinas.com\/site\/2020\/05\/06\/acompanamiento-atencion-y-contencion-en-salud-mental-en-el-diat\/#primaryimage"},"thumbnailUrl":"https:\/\/noticiasmercedinas.com\/site\/wp-content\/uploads\/2020\/05\/ac.jpeg","keywords":["diat","pandemia","salud mental"],"articleSection":["Bienestar"],"inLanguage":"es","potentialAction":[{"@type":"CommentAction","name":"Comment","target":["https:\/\/noticiasmercedinas.com\/site\/2020\/05\/06\/acompanamiento-atencion-y-contencion-en-salud-mental-en-el-diat\/#respond"]}]},{"@type":"WebPage","@id":"https:\/\/noticiasmercedinas.com\/site\/2020\/05\/06\/acompanamiento-atencion-y-contencion-en-salud-mental-en-el-diat\/","url":"https:\/\/noticiasmercedinas.com\/site\/2020\/05\/06\/acompanamiento-atencion-y-contencion-en-salud-mental-en-el-diat\/","name":"Acompa\u00f1amiento, atenci\u00f3n y contenci\u00f3n en salud mental en el DIAT","isPartOf":{"@id":"https:\/\/noticiasmercedinas.com\/site\/#website"},"primaryImageOfPage":{"@id":"https:\/\/noticiasmercedinas.com\/site\/2020\/05\/06\/acompanamiento-atencion-y-contencion-en-salud-mental-en-el-diat\/#primaryimage"},"image":{"@id":"https:\/\/noticiasmercedinas.com\/site\/2020\/05\/06\/acompanamiento-atencion-y-contencion-en-salud-mental-en-el-diat\/#primaryimage"},"thumbnailUrl":"https:\/\/noticiasmercedinas.com\/site\/wp-content\/uploads\/2020\/05\/ac.jpeg","datePublished":"2020-05-06T15:04:20+00:00","breadcrumb":{"@id":"https:\/\/noticiasmercedinas.com\/site\/2020\/05\/06\/acompanamiento-atencion-y-contencion-en-salud-mental-en-el-diat\/#breadcrumb"},"inLanguage":"es","potentialAction":[{"@type":"ReadAction","target":["https:\/\/noticiasmercedinas.com\/site\/2020\/05\/06\/acompanamiento-atencion-y-contencion-en-salud-mental-en-el-diat\/"]}]},{"@type":"ImageObject","inLanguage":"es","@id":"https:\/\/noticiasmercedinas.com\/site\/2020\/05\/06\/acompanamiento-atencion-y-contencion-en-salud-mental-en-el-diat\/#primaryimage","url":"https:\/\/noticiasmercedinas.com\/site\/wp-content\/uploads\/2020\/05\/ac.jpeg","contentUrl":"https:\/\/noticiasmercedinas.com\/site\/wp-content\/uploads\/2020\/05\/ac.jpeg","width":954,"height":1192},{"@type":"BreadcrumbList","@id":"https:\/\/noticiasmercedinas.com\/site\/2020\/05\/06\/acompanamiento-atencion-y-contencion-en-salud-mental-en-el-diat\/#breadcrumb","itemListElement":[{"@type":"ListItem","position":1,"name":"Portada","item":"https:\/\/noticiasmercedinas.com\/site\/"},{"@type":"ListItem","position":2,"name":"Acompa\u00f1amiento, atenci\u00f3n y contenci\u00f3n en salud mental en el DIAT"}]},{"@type":"WebSite","@id":"https:\/\/noticiasmercedinas.com\/site\/#website","url":"https:\/\/noticiasmercedinas.com\/site\/","name":"NOTICIASMERCEDINAS.COM","description":"Mercedes, Buenos Aires, Argentina","publisher":{"@id":"https:\/\/noticiasmercedinas.com\/site\/#organization"},"potentialAction":[{"@type":"SearchAction","target":{"@type":"EntryPoint","urlTemplate":"https:\/\/noticiasmercedinas.com\/site\/?s={search_term_string}"},"query-input":{"@type":"PropertyValueSpecification","valueRequired":true,"valueName":"search_term_string"}}],"inLanguage":"es"},{"@type":"Organization","@id":"https:\/\/noticiasmercedinas.com\/site\/#organization","name":"NOTICIASMERCEDINAS.COM","url":"https:\/\/noticiasmercedinas.com\/site\/","logo":{"@type":"ImageObject","inLanguage":"es","@id":"https:\/\/noticiasmercedinas.com\/site\/#\/schema\/logo\/image\/","url":"https:\/\/noticiasmercedinas.com\/site\/wp-content\/uploads\/2020\/06\/LOGO-512.jpg","contentUrl":"https:\/\/noticiasmercedinas.com\/site\/wp-content\/uploads\/2020\/06\/LOGO-512.jpg","width":512,"height":512,"caption":"NOTICIASMERCEDINAS.COM"},"image":{"@id":"https:\/\/noticiasmercedinas.com\/site\/#\/schema\/logo\/image\/"},"sameAs":["https:\/\/www.facebook.com\/noticiasmercedinas\/","https:\/\/x.com\/notmercedinas","https:\/\/www.instagram.com\/noticiasmercedinas\/"]},{"@type":"Person","@id":"https:\/\/noticiasmercedinas.com\/site\/#\/schema\/person\/84b59c099c28ff2e8b77d4ceec5d8063","name":"NOTICIASMERCEDINAS.COM","image":{"@type":"ImageObject","inLanguage":"es","@id":"https:\/\/secure.gravatar.com\/avatar\/4dfbf16b4d17945bfb6341b2d19043457132fcf478a5ee04f42e959fd8f5df0a?s=96&d=mm&r=g","url":"https:\/\/secure.gravatar.com\/avatar\/4dfbf16b4d17945bfb6341b2d19043457132fcf478a5ee04f42e959fd8f5df0a?s=96&d=mm&r=g","contentUrl":"https:\/\/secure.gravatar.com\/avatar\/4dfbf16b4d17945bfb6341b2d19043457132fcf478a5ee04f42e959fd8f5df0a?s=96&d=mm&r=g","caption":"NOTICIASMERCEDINAS.COM"},"url":"https:\/\/noticiasmercedinas.com\/site\/author\/anonimo\/"}]}},"amp_enabled":true,"_links":{"self":[{"href":"https:\/\/noticiasmercedinas.com\/site\/wp-json\/wp\/v2\/posts\/44656","targetHints":{"allow":["GET"]}}],"collection":[{"href":"https:\/\/noticiasmercedinas.com\/site\/wp-json\/wp\/v2\/posts"}],"about":[{"href":"https:\/\/noticiasmercedinas.com\/site\/wp-json\/wp\/v2\/types\/post"}],"author":[{"embeddable":true,"href":"https:\/\/noticiasmercedinas.com\/site\/wp-json\/wp\/v2\/users\/16"}],"replies":[{"embeddable":true,"href":"https:\/\/noticiasmercedinas.com\/site\/wp-json\/wp\/v2\/comments?post=44656"}],"version-history":[{"count":1,"href":"https:\/\/noticiasmercedinas.com\/site\/wp-json\/wp\/v2\/posts\/44656\/revisions"}],"predecessor-version":[{"id":44662,"href":"https:\/\/noticiasmercedinas.com\/site\/wp-json\/wp\/v2\/posts\/44656\/revisions\/44662"}],"wp:featuredmedia":[{"embeddable":true,"href":"https:\/\/noticiasmercedinas.com\/site\/wp-json\/wp\/v2\/media\/44661"}],"wp:attachment":[{"href":"https:\/\/noticiasmercedinas.com\/site\/wp-json\/wp\/v2\/media?parent=44656"}],"wp:term":[{"taxonomy":"category","embeddable":true,"href":"https:\/\/noticiasmercedinas.com\/site\/wp-json\/wp\/v2\/categories?post=44656"},{"taxonomy":"post_tag","embeddable":true,"href":"https:\/\/noticiasmercedinas.com\/site\/wp-json\/wp\/v2\/tags?post=44656"}],"curies":[{"name":"wp","href":"https:\/\/api.w.org\/{rel}","templated":true}]}}