{"id":4469,"date":"2018-10-16T09:38:43","date_gmt":"2018-10-16T12:38:43","guid":{"rendered":"https:\/\/noticiasmercedinas.com\/site\/?p=4469"},"modified":"2018-10-16T09:38:43","modified_gmt":"2018-10-16T12:38:43","slug":"mujeres-rurales-se-juntan-en-mercedes","status":"publish","type":"post","link":"https:\/\/noticiasmercedinas.com\/site\/2018\/10\/16\/mujeres-rurales-se-juntan-en-mercedes\/","title":{"rendered":"Mujeres Rurales se juntan en Mercedes"},"content":{"rendered":"<p><strong>Se rendir\u00e1 un gran homenaje a cuarenta emprendedoras de todo el pa\u00eds que viven y trabajan en zonas rurales. El 4to encuentro se har\u00e1 entre los d\u00edas 25, 26 y 27 de octubre<\/strong><\/p>\n<p><img loading=\"lazy\" decoding=\"async\" class=\"alignnone size-full wp-image-4471\" src=\"https:\/\/noticiasmercedinas.com\/site\/wp-content\/uploads\/2018\/10\/ed8a4436-48f7-436a-b1a9-de6955fc6f11.jpg\" alt=\"\" width=\"640\" height=\"398\" srcset=\"https:\/\/noticiasmercedinas.com\/site\/wp-content\/uploads\/2018\/10\/ed8a4436-48f7-436a-b1a9-de6955fc6f11.jpg 640w, https:\/\/noticiasmercedinas.com\/site\/wp-content\/uploads\/2018\/10\/ed8a4436-48f7-436a-b1a9-de6955fc6f11-300x187.jpg 300w\" sizes=\"auto, (max-width: 640px) 100vw, 640px\" \/><\/p>\n<p>Entre los d\u00edas 25, 26 y 27 de octubre, la ciudad de Mercedes ser\u00e1 la sede el 4to <strong>Encuentro Nacional de Mujeres Rurales<\/strong>. Habr\u00e1 talleres, homenajes y reconocimientos, en un evento con entrada libre y gratuita.<\/p>\n<p>Se destacar\u00e1, valorar\u00e1 y reconocer\u00e1 el esfuerzo y el trabajo de las mujeres argentinas, que tendr\u00e1n su momento m\u00e1s relevante en un acto homenaje que se llevar\u00e1 a cabo el 26 de octubre en la plaza San Mart\u00edn y luego en el Teatro Argentino, desde las 18 horas.<\/p>\n<p>El Encuentro Nacional naci\u00f3 por iniciativa de dos mujeres pertenecientes a AROPEA \u2013 FABAPRI, como son Sof\u00eda Cruz y Susana Castagneto) en una reuni\u00f3n nacional del sector en la CAME, al tratar un tema relacionado a la problem\u00e1tica de las econom\u00edas regionales y la vida rural.<\/p>\n<p>Surge entre los integrantes de la mesa el tema del potencial de las mujeres en el campo, y como la ciudad de Mercedes es sede de varios encuentros, Sof\u00eda, una salte\u00f1a radicada en CABA, le propone a Susana realizar el evento en su ciudad y ella accede de inmediato.<\/p>\n<p>Es as\u00ed que lleva la idea a AROPEA, la asociaci\u00f3n que preside y r\u00e1pidamente prende entre las incansables mujeres del grupo, \u201cmis guerreras\u201d como suele llamarlas, con la ayuda del municipio que ofrece sus instalaciones y\u00a0 ayuda en general. Se suma la colaboraci\u00f3n FEBA y se logra en 26 d\u00edas organizar una exitosa primera edici\u00f3n de 3 jornadas de mujeres rurales homenajeando a 40 mujeres de distintos puntos del pa\u00eds a quienes postulan sus pares.<\/p>\n<p>El requisito fundamental es vivir y trabajar en la zona rural, afianzar el arraigo y conservar las tradiciones.<\/p>\n<p>Despu\u00e9s de la repercusi\u00f3n lograda y con la suma de varias mujeres se llevan a cabo unos exitosos 2do y 3er a\u00f1o.<\/p>\n<p>\u201cHoy encaramos el cuarto encuentro, que promete ser m\u00e1s numeroso y con una visi\u00f3n m\u00e1s clara del rol que juega ese aguerrido tercio de la poblaci\u00f3n mundial como son las mujeres rurales\u201d, afirm\u00f3 Susana Catagneto.<\/p>\n<p><img loading=\"lazy\" decoding=\"async\" class=\"alignnone size-full wp-image-4470\" src=\"https:\/\/noticiasmercedinas.com\/site\/wp-content\/uploads\/2018\/10\/f68902ec-6754-4a0e-b585-f29465e59fef.jpg\" alt=\"\" width=\"640\" height=\"384\" srcset=\"https:\/\/noticiasmercedinas.com\/site\/wp-content\/uploads\/2018\/10\/f68902ec-6754-4a0e-b585-f29465e59fef.jpg 640w, https:\/\/noticiasmercedinas.com\/site\/wp-content\/uploads\/2018\/10\/f68902ec-6754-4a0e-b585-f29465e59fef-300x180.jpg 300w\" sizes=\"auto, (max-width: 640px) 100vw, 640px\" \/><\/p>\n<p><strong>El cuarto encuentro<br \/>\n<\/strong>El 15 de octubre de cada a\u00f1o se celebra, a nivel internacional, el D\u00eda de la Mujer Rural. Por ese motivo en la ciudad de Mercedes, del 25 al 27 de octubre se llevar\u00e1 a cabo el \u00ab4to Encuentro Nacional de Mujeres Rurales Argentinas\u00bb.<\/p>\n<p>El mismo ha sido declarado de inter\u00e9s municipal y reconocido por entes nacionales y provinciales. En la ocasi\u00f3n se rendir\u00e1 un gran homenaje a cuarenta emprendedoras de todo el pa\u00eds que viven y trabajan en zonas rurales y que, diariamente, realizan un denodado esfuerzo para mantener vivas su esencia, ra\u00edces y tradiciones y, a fuerza de coraje, sacan adelante a sus familias evitando el destierro, las que asistir\u00e1n especialmente convocadas.<\/p>\n<p>Durante las tres jornadas, las mujeres de toda la geograf\u00eda nacional compartir\u00e1n vivencias y experiencias a trav\u00e9s de debates sobre la problem\u00e1tica rural en la actualidad, m\u00f3dulos de capacitaci\u00f3n y variados talleres de inter\u00e9s que brindar\u00e1n las herramientas para afrontar los nuevos desaf\u00edos que se presentan en la diversidad territorial, adem\u00e1s de almuerzos y cenas de camarader\u00eda, pe\u00f1as y espect\u00e1culos.<\/p>\n<p>Y, como cierre, en el marco de una ceremonia oficial a la que asistir\u00e1n diversas autoridades, se proceder\u00e1 a la entrega de medallas y diplomas de reconocimiento a las homenajeadas como est\u00edmulo por su inventiva, creatividad, esfuerzo, temple y valent\u00eda.<\/p>\n<p>\u201cCabe acotar que el s\u00edmbolo del encuentro es el Roble, \u00e1rbol de car\u00e1cter aut\u00f3ctono que representa la fuerza y la nobleza, valores indudables que caracterizan a las mujeres rurales que ha dado nuestra patria\u201d, complet\u00f3 Castagneto.<\/p>\n","protected":false},"excerpt":{"rendered":"<p>Se rendir\u00e1 un gran homenaje a cuarenta emprendedoras de todo el pa\u00eds que viven y trabajan en zonas rurales. El 4to encuentro se har\u00e1 entre los d\u00edas 25, 26 y 27 de octubre Entre los d\u00edas 25, 26 y 27 de octubre, la ciudad de Mercedes ser\u00e1 la sede el 4to Encuentro Nacional de Mujeres [&hellip;]<\/p>\n","protected":false},"author":2,"featured_media":4471,"comment_status":"open","ping_status":"open","sticky":false,"template":"","format":"standard","meta":{"footnotes":""},"categories":[3],"tags":[1455,1451,1456,1453,1452,1454],"class_list":["post-4469","post","type-post","status-publish","format-standard","has-post-thumbnail","hentry","category-sociedad","tag-aropea","tag-encuentro-nacional-de-mujeres-rurales","tag-fabapri","tag-mujeres-rurales","tag-sofia-cruz","tag-susana-castagneto"],"yoast_head":"<!-- This site is optimized with the Yoast SEO plugin v27.5 - https:\/\/yoast.com\/product\/yoast-seo-wordpress\/ -->\n<title>Mujeres Rurales se juntan en Mercedes<\/title>\n<meta name=\"robots\" content=\"index, follow, max-snippet:-1, max-image-preview:large, max-video-preview:-1\" \/>\n<link rel=\"canonical\" href=\"https:\/\/noticiasmercedinas.com\/site\/2018\/10\/16\/mujeres-rurales-se-juntan-en-mercedes\/\" \/>\n<meta property=\"og:locale\" content=\"es_ES\" \/>\n<meta property=\"og:type\" content=\"article\" \/>\n<meta property=\"og:title\" content=\"Mujeres Rurales se juntan en Mercedes\" \/>\n<meta property=\"og:description\" content=\"Se rendir\u00e1 un gran homenaje a cuarenta emprendedoras de todo el pa\u00eds que viven y trabajan en zonas rurales. El 4to encuentro se har\u00e1 entre los d\u00edas 25, 26 y 27 de octubre Entre los d\u00edas 25, 26 y 27 de octubre, la ciudad de Mercedes ser\u00e1 la sede el 4to Encuentro Nacional de Mujeres [&hellip;]\" \/>\n<meta property=\"og:url\" content=\"https:\/\/noticiasmercedinas.com\/site\/2018\/10\/16\/mujeres-rurales-se-juntan-en-mercedes\/\" \/>\n<meta property=\"og:site_name\" content=\"NOTICIASMERCEDINAS.COM\" \/>\n<meta property=\"article:publisher\" content=\"https:\/\/www.facebook.com\/noticiasmercedinas\/\" \/>\n<meta property=\"article:author\" content=\"https:\/\/www.facebook.com\/cristian.falabella\" \/>\n<meta property=\"article:published_time\" content=\"2018-10-16T12:38:43+00:00\" \/>\n<meta property=\"og:image\" content=\"https:\/\/noticiasmercedinas.com\/site\/wp-content\/uploads\/2018\/10\/ed8a4436-48f7-436a-b1a9-de6955fc6f11.jpg\" \/>\n\t<meta property=\"og:image:width\" content=\"640\" \/>\n\t<meta property=\"og:image:height\" content=\"398\" \/>\n\t<meta property=\"og:image:type\" content=\"image\/jpeg\" \/>\n<meta name=\"author\" content=\"Cristian Falabella NOTICIASMERCEDINAS.COM\" \/>\n<meta name=\"twitter:card\" content=\"summary_large_image\" \/>\n<meta name=\"twitter:creator\" content=\"@https:\/\/twitter.com\/NOTMERCEDINAS\" \/>\n<meta name=\"twitter:site\" content=\"@notmercedinas\" \/>\n<meta name=\"twitter:label1\" content=\"Escrito por\" \/>\n\t<meta name=\"twitter:data1\" content=\"Cristian Falabella NOTICIASMERCEDINAS.COM\" \/>\n\t<meta name=\"twitter:label2\" content=\"Tiempo de lectura\" \/>\n\t<meta name=\"twitter:data2\" content=\"3 minutos\" \/>\n<script type=\"application\/ld+json\" class=\"yoast-schema-graph\">{\"@context\":\"https:\\\/\\\/schema.org\",\"@graph\":[{\"@type\":\"Article\",\"@id\":\"https:\\\/\\\/noticiasmercedinas.com\\\/site\\\/2018\\\/10\\\/16\\\/mujeres-rurales-se-juntan-en-mercedes\\\/#article\",\"isPartOf\":{\"@id\":\"https:\\\/\\\/noticiasmercedinas.com\\\/site\\\/2018\\\/10\\\/16\\\/mujeres-rurales-se-juntan-en-mercedes\\\/\"},\"author\":{\"name\":\"Cristian Falabella NOTICIASMERCEDINAS.COM\",\"@id\":\"https:\\\/\\\/noticiasmercedinas.com\\\/site\\\/#\\\/schema\\\/person\\\/d481a9696a5feaec13a60e2bbd991a6a\"},\"headline\":\"Mujeres Rurales se juntan en Mercedes\",\"datePublished\":\"2018-10-16T12:38:43+00:00\",\"mainEntityOfPage\":{\"@id\":\"https:\\\/\\\/noticiasmercedinas.com\\\/site\\\/2018\\\/10\\\/16\\\/mujeres-rurales-se-juntan-en-mercedes\\\/\"},\"wordCount\":657,\"commentCount\":0,\"publisher\":{\"@id\":\"https:\\\/\\\/noticiasmercedinas.com\\\/site\\\/#organization\"},\"image\":{\"@id\":\"https:\\\/\\\/noticiasmercedinas.com\\\/site\\\/2018\\\/10\\\/16\\\/mujeres-rurales-se-juntan-en-mercedes\\\/#primaryimage\"},\"thumbnailUrl\":\"https:\\\/\\\/noticiasmercedinas.com\\\/site\\\/wp-content\\\/uploads\\\/2018\\\/10\\\/ed8a4436-48f7-436a-b1a9-de6955fc6f11.jpg\",\"keywords\":[\"aropea\",\"Encuentro Nacional de Mujeres Rurales\",\"fabapri\",\"mujeres rurales\",\"Sof\u00eda Cruz\",\"susana castagneto\"],\"articleSection\":[\"Sociedad\"],\"inLanguage\":\"es\",\"potentialAction\":[{\"@type\":\"CommentAction\",\"name\":\"Comment\",\"target\":[\"https:\\\/\\\/noticiasmercedinas.com\\\/site\\\/2018\\\/10\\\/16\\\/mujeres-rurales-se-juntan-en-mercedes\\\/#respond\"]}]},{\"@type\":\"WebPage\",\"@id\":\"https:\\\/\\\/noticiasmercedinas.com\\\/site\\\/2018\\\/10\\\/16\\\/mujeres-rurales-se-juntan-en-mercedes\\\/\",\"url\":\"https:\\\/\\\/noticiasmercedinas.com\\\/site\\\/2018\\\/10\\\/16\\\/mujeres-rurales-se-juntan-en-mercedes\\\/\",\"name\":\"Mujeres Rurales se juntan en Mercedes\",\"isPartOf\":{\"@id\":\"https:\\\/\\\/noticiasmercedinas.com\\\/site\\\/#website\"},\"primaryImageOfPage\":{\"@id\":\"https:\\\/\\\/noticiasmercedinas.com\\\/site\\\/2018\\\/10\\\/16\\\/mujeres-rurales-se-juntan-en-mercedes\\\/#primaryimage\"},\"image\":{\"@id\":\"https:\\\/\\\/noticiasmercedinas.com\\\/site\\\/2018\\\/10\\\/16\\\/mujeres-rurales-se-juntan-en-mercedes\\\/#primaryimage\"},\"thumbnailUrl\":\"https:\\\/\\\/noticiasmercedinas.com\\\/site\\\/wp-content\\\/uploads\\\/2018\\\/10\\\/ed8a4436-48f7-436a-b1a9-de6955fc6f11.jpg\",\"datePublished\":\"2018-10-16T12:38:43+00:00\",\"breadcrumb\":{\"@id\":\"https:\\\/\\\/noticiasmercedinas.com\\\/site\\\/2018\\\/10\\\/16\\\/mujeres-rurales-se-juntan-en-mercedes\\\/#breadcrumb\"},\"inLanguage\":\"es\",\"potentialAction\":[{\"@type\":\"ReadAction\",\"target\":[\"https:\\\/\\\/noticiasmercedinas.com\\\/site\\\/2018\\\/10\\\/16\\\/mujeres-rurales-se-juntan-en-mercedes\\\/\"]}]},{\"@type\":\"ImageObject\",\"inLanguage\":\"es\",\"@id\":\"https:\\\/\\\/noticiasmercedinas.com\\\/site\\\/2018\\\/10\\\/16\\\/mujeres-rurales-se-juntan-en-mercedes\\\/#primaryimage\",\"url\":\"https:\\\/\\\/noticiasmercedinas.com\\\/site\\\/wp-content\\\/uploads\\\/2018\\\/10\\\/ed8a4436-48f7-436a-b1a9-de6955fc6f11.jpg\",\"contentUrl\":\"https:\\\/\\\/noticiasmercedinas.com\\\/site\\\/wp-content\\\/uploads\\\/2018\\\/10\\\/ed8a4436-48f7-436a-b1a9-de6955fc6f11.jpg\",\"width\":640,\"height\":398},{\"@type\":\"BreadcrumbList\",\"@id\":\"https:\\\/\\\/noticiasmercedinas.com\\\/site\\\/2018\\\/10\\\/16\\\/mujeres-rurales-se-juntan-en-mercedes\\\/#breadcrumb\",\"itemListElement\":[{\"@type\":\"ListItem\",\"position\":1,\"name\":\"Portada\",\"item\":\"https:\\\/\\\/noticiasmercedinas.com\\\/site\\\/\"},{\"@type\":\"ListItem\",\"position\":2,\"name\":\"Mujeres Rurales se juntan en Mercedes\"}]},{\"@type\":\"WebSite\",\"@id\":\"https:\\\/\\\/noticiasmercedinas.com\\\/site\\\/#website\",\"url\":\"https:\\\/\\\/noticiasmercedinas.com\\\/site\\\/\",\"name\":\"NOTICIASMERCEDINAS.COM\",\"description\":\"Mercedes, Buenos Aires, Argentina\",\"publisher\":{\"@id\":\"https:\\\/\\\/noticiasmercedinas.com\\\/site\\\/#organization\"},\"potentialAction\":[{\"@type\":\"SearchAction\",\"target\":{\"@type\":\"EntryPoint\",\"urlTemplate\":\"https:\\\/\\\/noticiasmercedinas.com\\\/site\\\/?s={search_term_string}\"},\"query-input\":{\"@type\":\"PropertyValueSpecification\",\"valueRequired\":true,\"valueName\":\"search_term_string\"}}],\"inLanguage\":\"es\"},{\"@type\":\"Organization\",\"@id\":\"https:\\\/\\\/noticiasmercedinas.com\\\/site\\\/#organization\",\"name\":\"NOTICIASMERCEDINAS.COM\",\"url\":\"https:\\\/\\\/noticiasmercedinas.com\\\/site\\\/\",\"logo\":{\"@type\":\"ImageObject\",\"inLanguage\":\"es\",\"@id\":\"https:\\\/\\\/noticiasmercedinas.com\\\/site\\\/#\\\/schema\\\/logo\\\/image\\\/\",\"url\":\"https:\\\/\\\/noticiasmercedinas.com\\\/site\\\/wp-content\\\/uploads\\\/2020\\\/06\\\/LOGO-512.jpg\",\"contentUrl\":\"https:\\\/\\\/noticiasmercedinas.com\\\/site\\\/wp-content\\\/uploads\\\/2020\\\/06\\\/LOGO-512.jpg\",\"width\":512,\"height\":512,\"caption\":\"NOTICIASMERCEDINAS.COM\"},\"image\":{\"@id\":\"https:\\\/\\\/noticiasmercedinas.com\\\/site\\\/#\\\/schema\\\/logo\\\/image\\\/\"},\"sameAs\":[\"https:\\\/\\\/www.facebook.com\\\/noticiasmercedinas\\\/\",\"https:\\\/\\\/x.com\\\/notmercedinas\",\"https:\\\/\\\/www.instagram.com\\\/noticiasmercedinas\\\/\"]},{\"@type\":\"Person\",\"@id\":\"https:\\\/\\\/noticiasmercedinas.com\\\/site\\\/#\\\/schema\\\/person\\\/d481a9696a5feaec13a60e2bbd991a6a\",\"name\":\"Cristian Falabella NOTICIASMERCEDINAS.COM\",\"image\":{\"@type\":\"ImageObject\",\"inLanguage\":\"es\",\"@id\":\"https:\\\/\\\/secure.gravatar.com\\\/avatar\\\/0dbbfc45970cc46bcd0e57766228574ff3511d6eed045b182f536f0f478c1f06?s=96&d=mm&r=g\",\"url\":\"https:\\\/\\\/secure.gravatar.com\\\/avatar\\\/0dbbfc45970cc46bcd0e57766228574ff3511d6eed045b182f536f0f478c1f06?s=96&d=mm&r=g\",\"contentUrl\":\"https:\\\/\\\/secure.gravatar.com\\\/avatar\\\/0dbbfc45970cc46bcd0e57766228574ff3511d6eed045b182f536f0f478c1f06?s=96&d=mm&r=g\",\"caption\":\"Cristian Falabella NOTICIASMERCEDINAS.COM\"},\"description\":\"Periodista, editor de Noticias Mercedinas. Pas\u00f3 por varias redacciones y emprendimientos de prensa, en distintos formatos y \u00e9pocas. Se especializ\u00f3 --y sigue haci\u00e9ndolo-- en comunicaci\u00f3n en la web y en junio de 2006 fund\u00f3 este diario digital.\",\"sameAs\":[\"https:\\\/\\\/noticiasmercedinas.com\",\"https:\\\/\\\/www.facebook.com\\\/cristian.falabella\",\"https:\\\/\\\/www.instagram.com\\\/noticiasmercedinas\\\/\",\"https:\\\/\\\/x.com\\\/https:\\\/\\\/twitter.com\\\/NOTMERCEDINAS\"],\"url\":\"https:\\\/\\\/noticiasmercedinas.com\\\/site\\\/author\\\/as000384\\\/\"}]}<\/script>\n<!-- \/ Yoast SEO plugin. -->","yoast_head_json":{"title":"Mujeres Rurales se juntan en Mercedes","robots":{"index":"index","follow":"follow","max-snippet":"max-snippet:-1","max-image-preview":"max-image-preview:large","max-video-preview":"max-video-preview:-1"},"canonical":"https:\/\/noticiasmercedinas.com\/site\/2018\/10\/16\/mujeres-rurales-se-juntan-en-mercedes\/","og_locale":"es_ES","og_type":"article","og_title":"Mujeres Rurales se juntan en Mercedes","og_description":"Se rendir\u00e1 un gran homenaje a cuarenta emprendedoras de todo el pa\u00eds que viven y trabajan en zonas rurales. El 4to encuentro se har\u00e1 entre los d\u00edas 25, 26 y 27 de octubre Entre los d\u00edas 25, 26 y 27 de octubre, la ciudad de Mercedes ser\u00e1 la sede el 4to Encuentro Nacional de Mujeres [&hellip;]","og_url":"https:\/\/noticiasmercedinas.com\/site\/2018\/10\/16\/mujeres-rurales-se-juntan-en-mercedes\/","og_site_name":"NOTICIASMERCEDINAS.COM","article_publisher":"https:\/\/www.facebook.com\/noticiasmercedinas\/","article_author":"https:\/\/www.facebook.com\/cristian.falabella","article_published_time":"2018-10-16T12:38:43+00:00","og_image":[{"width":640,"height":398,"url":"https:\/\/noticiasmercedinas.com\/site\/wp-content\/uploads\/2018\/10\/ed8a4436-48f7-436a-b1a9-de6955fc6f11.jpg","type":"image\/jpeg"}],"author":"Cristian Falabella NOTICIASMERCEDINAS.COM","twitter_card":"summary_large_image","twitter_creator":"@https:\/\/twitter.com\/NOTMERCEDINAS","twitter_site":"@notmercedinas","twitter_misc":{"Escrito por":"Cristian Falabella NOTICIASMERCEDINAS.COM","Tiempo de lectura":"3 minutos"},"schema":{"@context":"https:\/\/schema.org","@graph":[{"@type":"Article","@id":"https:\/\/noticiasmercedinas.com\/site\/2018\/10\/16\/mujeres-rurales-se-juntan-en-mercedes\/#article","isPartOf":{"@id":"https:\/\/noticiasmercedinas.com\/site\/2018\/10\/16\/mujeres-rurales-se-juntan-en-mercedes\/"},"author":{"name":"Cristian Falabella NOTICIASMERCEDINAS.COM","@id":"https:\/\/noticiasmercedinas.com\/site\/#\/schema\/person\/d481a9696a5feaec13a60e2bbd991a6a"},"headline":"Mujeres Rurales se juntan en Mercedes","datePublished":"2018-10-16T12:38:43+00:00","mainEntityOfPage":{"@id":"https:\/\/noticiasmercedinas.com\/site\/2018\/10\/16\/mujeres-rurales-se-juntan-en-mercedes\/"},"wordCount":657,"commentCount":0,"publisher":{"@id":"https:\/\/noticiasmercedinas.com\/site\/#organization"},"image":{"@id":"https:\/\/noticiasmercedinas.com\/site\/2018\/10\/16\/mujeres-rurales-se-juntan-en-mercedes\/#primaryimage"},"thumbnailUrl":"https:\/\/noticiasmercedinas.com\/site\/wp-content\/uploads\/2018\/10\/ed8a4436-48f7-436a-b1a9-de6955fc6f11.jpg","keywords":["aropea","Encuentro Nacional de Mujeres Rurales","fabapri","mujeres rurales","Sof\u00eda Cruz","susana castagneto"],"articleSection":["Sociedad"],"inLanguage":"es","potentialAction":[{"@type":"CommentAction","name":"Comment","target":["https:\/\/noticiasmercedinas.com\/site\/2018\/10\/16\/mujeres-rurales-se-juntan-en-mercedes\/#respond"]}]},{"@type":"WebPage","@id":"https:\/\/noticiasmercedinas.com\/site\/2018\/10\/16\/mujeres-rurales-se-juntan-en-mercedes\/","url":"https:\/\/noticiasmercedinas.com\/site\/2018\/10\/16\/mujeres-rurales-se-juntan-en-mercedes\/","name":"Mujeres Rurales se juntan en Mercedes","isPartOf":{"@id":"https:\/\/noticiasmercedinas.com\/site\/#website"},"primaryImageOfPage":{"@id":"https:\/\/noticiasmercedinas.com\/site\/2018\/10\/16\/mujeres-rurales-se-juntan-en-mercedes\/#primaryimage"},"image":{"@id":"https:\/\/noticiasmercedinas.com\/site\/2018\/10\/16\/mujeres-rurales-se-juntan-en-mercedes\/#primaryimage"},"thumbnailUrl":"https:\/\/noticiasmercedinas.com\/site\/wp-content\/uploads\/2018\/10\/ed8a4436-48f7-436a-b1a9-de6955fc6f11.jpg","datePublished":"2018-10-16T12:38:43+00:00","breadcrumb":{"@id":"https:\/\/noticiasmercedinas.com\/site\/2018\/10\/16\/mujeres-rurales-se-juntan-en-mercedes\/#breadcrumb"},"inLanguage":"es","potentialAction":[{"@type":"ReadAction","target":["https:\/\/noticiasmercedinas.com\/site\/2018\/10\/16\/mujeres-rurales-se-juntan-en-mercedes\/"]}]},{"@type":"ImageObject","inLanguage":"es","@id":"https:\/\/noticiasmercedinas.com\/site\/2018\/10\/16\/mujeres-rurales-se-juntan-en-mercedes\/#primaryimage","url":"https:\/\/noticiasmercedinas.com\/site\/wp-content\/uploads\/2018\/10\/ed8a4436-48f7-436a-b1a9-de6955fc6f11.jpg","contentUrl":"https:\/\/noticiasmercedinas.com\/site\/wp-content\/uploads\/2018\/10\/ed8a4436-48f7-436a-b1a9-de6955fc6f11.jpg","width":640,"height":398},{"@type":"BreadcrumbList","@id":"https:\/\/noticiasmercedinas.com\/site\/2018\/10\/16\/mujeres-rurales-se-juntan-en-mercedes\/#breadcrumb","itemListElement":[{"@type":"ListItem","position":1,"name":"Portada","item":"https:\/\/noticiasmercedinas.com\/site\/"},{"@type":"ListItem","position":2,"name":"Mujeres Rurales se juntan en Mercedes"}]},{"@type":"WebSite","@id":"https:\/\/noticiasmercedinas.com\/site\/#website","url":"https:\/\/noticiasmercedinas.com\/site\/","name":"NOTICIASMERCEDINAS.COM","description":"Mercedes, Buenos Aires, Argentina","publisher":{"@id":"https:\/\/noticiasmercedinas.com\/site\/#organization"},"potentialAction":[{"@type":"SearchAction","target":{"@type":"EntryPoint","urlTemplate":"https:\/\/noticiasmercedinas.com\/site\/?s={search_term_string}"},"query-input":{"@type":"PropertyValueSpecification","valueRequired":true,"valueName":"search_term_string"}}],"inLanguage":"es"},{"@type":"Organization","@id":"https:\/\/noticiasmercedinas.com\/site\/#organization","name":"NOTICIASMERCEDINAS.COM","url":"https:\/\/noticiasmercedinas.com\/site\/","logo":{"@type":"ImageObject","inLanguage":"es","@id":"https:\/\/noticiasmercedinas.com\/site\/#\/schema\/logo\/image\/","url":"https:\/\/noticiasmercedinas.com\/site\/wp-content\/uploads\/2020\/06\/LOGO-512.jpg","contentUrl":"https:\/\/noticiasmercedinas.com\/site\/wp-content\/uploads\/2020\/06\/LOGO-512.jpg","width":512,"height":512,"caption":"NOTICIASMERCEDINAS.COM"},"image":{"@id":"https:\/\/noticiasmercedinas.com\/site\/#\/schema\/logo\/image\/"},"sameAs":["https:\/\/www.facebook.com\/noticiasmercedinas\/","https:\/\/x.com\/notmercedinas","https:\/\/www.instagram.com\/noticiasmercedinas\/"]},{"@type":"Person","@id":"https:\/\/noticiasmercedinas.com\/site\/#\/schema\/person\/d481a9696a5feaec13a60e2bbd991a6a","name":"Cristian Falabella NOTICIASMERCEDINAS.COM","image":{"@type":"ImageObject","inLanguage":"es","@id":"https:\/\/secure.gravatar.com\/avatar\/0dbbfc45970cc46bcd0e57766228574ff3511d6eed045b182f536f0f478c1f06?s=96&d=mm&r=g","url":"https:\/\/secure.gravatar.com\/avatar\/0dbbfc45970cc46bcd0e57766228574ff3511d6eed045b182f536f0f478c1f06?s=96&d=mm&r=g","contentUrl":"https:\/\/secure.gravatar.com\/avatar\/0dbbfc45970cc46bcd0e57766228574ff3511d6eed045b182f536f0f478c1f06?s=96&d=mm&r=g","caption":"Cristian Falabella NOTICIASMERCEDINAS.COM"},"description":"Periodista, editor de Noticias Mercedinas. Pas\u00f3 por varias redacciones y emprendimientos de prensa, en distintos formatos y \u00e9pocas. Se especializ\u00f3 --y sigue haci\u00e9ndolo-- en comunicaci\u00f3n en la web y en junio de 2006 fund\u00f3 este diario digital.","sameAs":["https:\/\/noticiasmercedinas.com","https:\/\/www.facebook.com\/cristian.falabella","https:\/\/www.instagram.com\/noticiasmercedinas\/","https:\/\/x.com\/https:\/\/twitter.com\/NOTMERCEDINAS"],"url":"https:\/\/noticiasmercedinas.com\/site\/author\/as000384\/"}]}},"amp_enabled":true,"_links":{"self":[{"href":"https:\/\/noticiasmercedinas.com\/site\/wp-json\/wp\/v2\/posts\/4469","targetHints":{"allow":["GET"]}}],"collection":[{"href":"https:\/\/noticiasmercedinas.com\/site\/wp-json\/wp\/v2\/posts"}],"about":[{"href":"https:\/\/noticiasmercedinas.com\/site\/wp-json\/wp\/v2\/types\/post"}],"author":[{"embeddable":true,"href":"https:\/\/noticiasmercedinas.com\/site\/wp-json\/wp\/v2\/users\/2"}],"replies":[{"embeddable":true,"href":"https:\/\/noticiasmercedinas.com\/site\/wp-json\/wp\/v2\/comments?post=4469"}],"version-history":[{"count":1,"href":"https:\/\/noticiasmercedinas.com\/site\/wp-json\/wp\/v2\/posts\/4469\/revisions"}],"predecessor-version":[{"id":4472,"href":"https:\/\/noticiasmercedinas.com\/site\/wp-json\/wp\/v2\/posts\/4469\/revisions\/4472"}],"wp:featuredmedia":[{"embeddable":true,"href":"https:\/\/noticiasmercedinas.com\/site\/wp-json\/wp\/v2\/media\/4471"}],"wp:attachment":[{"href":"https:\/\/noticiasmercedinas.com\/site\/wp-json\/wp\/v2\/media?parent=4469"}],"wp:term":[{"taxonomy":"category","embeddable":true,"href":"https:\/\/noticiasmercedinas.com\/site\/wp-json\/wp\/v2\/categories?post=4469"},{"taxonomy":"post_tag","embeddable":true,"href":"https:\/\/noticiasmercedinas.com\/site\/wp-json\/wp\/v2\/tags?post=4469"}],"curies":[{"name":"wp","href":"https:\/\/api.w.org\/{rel}","templated":true}]}}