{"id":44756,"date":"2020-05-07T15:55:34","date_gmt":"2020-05-07T18:55:34","guid":{"rendered":"https:\/\/noticiasmercedinas.com\/site\/2020\/05\/07\/kicillof-encabezo-el-encuentro-con-el-comite-de-expertos-de-la-provincia\/"},"modified":"2020-05-07T15:55:34","modified_gmt":"2020-05-07T18:55:34","slug":"kicillof-encabezo-el-encuentro-con-el-comite-de-expertos-de-la-provincia","status":"publish","type":"post","link":"https:\/\/noticiasmercedinas.com\/site\/2020\/05\/07\/kicillof-encabezo-el-encuentro-con-el-comite-de-expertos-de-la-provincia\/","title":{"rendered":"Kicillof encabez\u00f3 el encuentro con el Comit\u00e9 de Expertos de la Provincia"},"content":{"rendered":"<p><img loading=\"lazy\" decoding=\"async\" src=\"https:\/\/noticiasmercedinas.com\/site\/wp-content\/uploads\/2020\/05\/200507_ak_reunion_sge_0943-654536531-scaled.jpg\" class=\"alignnone size-full wp-image-44755\" width=\"2560\" height=\"1703\" srcset=\"https:\/\/noticiasmercedinas.com\/site\/wp-content\/uploads\/2020\/05\/200507_ak_reunion_sge_0943-654536531-scaled.jpg 2560w, https:\/\/noticiasmercedinas.com\/site\/wp-content\/uploads\/2020\/05\/200507_ak_reunion_sge_0943-654536531-300x200.jpg 300w, https:\/\/noticiasmercedinas.com\/site\/wp-content\/uploads\/2020\/05\/200507_ak_reunion_sge_0943-654536531-1024x681.jpg 1024w, https:\/\/noticiasmercedinas.com\/site\/wp-content\/uploads\/2020\/05\/200507_ak_reunion_sge_0943-654536531-768x511.jpg 768w, https:\/\/noticiasmercedinas.com\/site\/wp-content\/uploads\/2020\/05\/200507_ak_reunion_sge_0943-654536531-1536x1022.jpg 1536w, https:\/\/noticiasmercedinas.com\/site\/wp-content\/uploads\/2020\/05\/200507_ak_reunion_sge_0943-654536531-2048x1363.jpg 2048w, https:\/\/noticiasmercedinas.com\/site\/wp-content\/uploads\/2020\/05\/200507_ak_reunion_sge_0943-654536531-640x426.jpg 640w, https:\/\/noticiasmercedinas.com\/site\/wp-content\/uploads\/2020\/05\/200507_ak_reunion_sge_0943-654536531-1280x852.jpg 1280w, https:\/\/noticiasmercedinas.com\/site\/wp-content\/uploads\/2020\/05\/200507_ak_reunion_sge_0943-654536531-681x453.jpg 681w, https:\/\/noticiasmercedinas.com\/site\/wp-content\/uploads\/2020\/05\/200507_ak_reunion_sge_0943-654536531-1362x906.jpg 1362w\" sizes=\"auto, (max-width: 2560px) 100vw, 2560px\" \/><\/p>\n<p>Este jueves, el gobernador Axel Kicillof encabez\u00f3 la reuni\u00f3n con el comit\u00e9 de expertos de la provincia de Buenos Aires, para analizar el desarrollo de la situaci\u00f3n epidemiol\u00f3gica y determinar los pasos a seguir en la nueva etapa del aislamiento social preventivo y obligatorio.<\/p>\n<p>El comit\u00e9 est\u00e1 compuesto por m\u00e9dicas y m\u00e9dicos especializados en epidemiolog\u00eda, infectolog\u00eda, cuidados cr\u00edticos, salud p\u00fablica; cient\u00edficos bioqu\u00edmicos, matem\u00e1ticos, antrop\u00f3logos y f\u00edsicos. Participaron tambi\u00e9n el ministro de Salud, Daniel Goll\u00e1n, el viceministro, Nicol\u00e1s Kreplak; el presidente de la Comisi\u00f3n de Investigaciones Cient\u00edficas (CIC), Carlos Na\u00f3n; el jefe de Gabinete bonaerense, Carlos Bianco; la ministra de Gobierno, Teresa Garc\u00eda; la vicegobernadora, Ver\u00f3nica Magario; y el presidente de la C\u00e1mara de Diputados de la Provincia, Federico Oterm\u00edn. Asimismo, intendentes y legisladores pudieron presenciar la charla v\u00eda teleconferencia.<\/p>\n<p>Durante m\u00e1s de dos horas, el Gobernador escuch\u00f3 resultados de informes, an\u00e1lisis y detalles t\u00e9cnicos de cada uno de los participantes. En ese marco, se evalu\u00f3 la posibilidad de ampliar las excepciones para industrias y comercios en algunos municipios y se analiz\u00f3 el impacto que generar\u00eda el incremento en la circulaci\u00f3n de personas que se trasladar\u00edan para trabajar.<\/p>\n<p>Los expertos coincidieron en que existen diferencias entre los distritos del interior de la Provincia, que no han registrado casos o que han entrado en etapa de supresi\u00f3n, y los que pertenecen al AMBA. En ese sentido, resaltaron la necesidad de avanzar en recomendaciones diferenciadas en cuanto a los distintos niveles de autorizaciones graduales para el funcionamiento. Aun en aquellos municipios que no cuentan con casos positivos, siempre deben mantenerse estrictos controles.<\/p>\n<p>Por otra parte, se propuso comenzar a realizar trabajos focalizados en comunidades cerradas y de mayor vulnerabilidad social, que permitan mitigar los contagios y personalizar los controles en caso de circulaci\u00f3n del virus. Tambi\u00e9n se avanz\u00f3 en el dise\u00f1o de dispositivos especiales para los barrios socialmente vulnerables, villas y asentamientos.<\/p>\n<p>Como conclusi\u00f3n del encuentro, se estableci\u00f3 la necesidad de abordar con extremada cautela una nueva etapa del aislamiento social, preventivo y obligatorio y coincidieron en la importancia de la presencia del Estado para implementar gradualmente autorizaciones locales. El comit\u00e9 tambi\u00e9n destac\u00f3 la responsabilidad de los y las bonaerenses en el cumplimiento del aislamiento, que permiti\u00f3 el aplanamiento de la curva de contagios y brind\u00f3 tiempo para mejorar la infraestructura hospitalaria. Por \u00faltimo, los expertos convinieron continuar trabajando a trav\u00e9s de grupos interdisciplinarios para compartir informaci\u00f3n desde las distintas \u00e1reas.<\/p>\n","protected":false},"excerpt":{"rendered":"<p>Este jueves, el gobernador Axel Kicillof encabez\u00f3 la reuni\u00f3n con el comit\u00e9 de expertos de la provincia de Buenos Aires, para analizar el desarrollo de la situaci\u00f3n epidemiol\u00f3gica y determinar los pasos a seguir en la nueva etapa del aislamiento social preventivo y obligatorio. El comit\u00e9 est\u00e1 compuesto por m\u00e9dicas y m\u00e9dicos especializados en epidemiolog\u00eda, [&hellip;]<\/p>\n","protected":false},"author":2,"featured_media":44755,"comment_status":"open","ping_status":"open","sticky":false,"template":"","format":"standard","meta":{"footnotes":""},"categories":[7919],"tags":[5297],"class_list":["post-44756","post","type-post","status-publish","format-standard","has-post-thumbnail","hentry","category-provinciales","tag-axel-kicillof"],"yoast_head":"<!-- This site is optimized with the Yoast SEO plugin v27.4 - https:\/\/yoast.com\/product\/yoast-seo-wordpress\/ -->\n<title>Kicillof encabez\u00f3 el encuentro con el Comit\u00e9 de Expertos de la Provincia<\/title>\n<meta name=\"robots\" content=\"index, follow, max-snippet:-1, max-image-preview:large, max-video-preview:-1\" \/>\n<link rel=\"canonical\" href=\"https:\/\/noticiasmercedinas.com\/site\/2020\/05\/07\/kicillof-encabezo-el-encuentro-con-el-comite-de-expertos-de-la-provincia\/\" \/>\n<meta property=\"og:locale\" content=\"es_ES\" \/>\n<meta property=\"og:type\" content=\"article\" \/>\n<meta property=\"og:title\" content=\"Kicillof encabez\u00f3 el encuentro con el Comit\u00e9 de Expertos de la Provincia\" \/>\n<meta property=\"og:description\" content=\"Este jueves, el gobernador Axel Kicillof encabez\u00f3 la reuni\u00f3n con el comit\u00e9 de expertos de la provincia de Buenos Aires, para analizar el desarrollo de la situaci\u00f3n epidemiol\u00f3gica y determinar los pasos a seguir en la nueva etapa del aislamiento social preventivo y obligatorio. El comit\u00e9 est\u00e1 compuesto por m\u00e9dicas y m\u00e9dicos especializados en epidemiolog\u00eda, [&hellip;]\" \/>\n<meta property=\"og:url\" content=\"https:\/\/noticiasmercedinas.com\/site\/2020\/05\/07\/kicillof-encabezo-el-encuentro-con-el-comite-de-expertos-de-la-provincia\/\" \/>\n<meta property=\"og:site_name\" content=\"NOTICIASMERCEDINAS.COM\" \/>\n<meta property=\"article:publisher\" content=\"https:\/\/www.facebook.com\/noticiasmercedinas\/\" \/>\n<meta property=\"article:author\" content=\"https:\/\/www.facebook.com\/cristian.falabella\" \/>\n<meta property=\"article:published_time\" content=\"2020-05-07T18:55:34+00:00\" \/>\n<meta property=\"og:image\" content=\"https:\/\/noticiasmercedinas.com\/site\/wp-content\/uploads\/2020\/05\/200507_ak_reunion_sge_0943-654536531-scaled.jpg\" \/>\n\t<meta property=\"og:image:width\" content=\"2560\" \/>\n\t<meta property=\"og:image:height\" content=\"1703\" \/>\n\t<meta property=\"og:image:type\" content=\"image\/jpeg\" \/>\n<meta name=\"author\" content=\"Cristian Falabella NOTICIASMERCEDINAS.COM\" \/>\n<meta name=\"twitter:card\" content=\"summary_large_image\" \/>\n<meta name=\"twitter:creator\" content=\"@https:\/\/twitter.com\/NOTMERCEDINAS\" \/>\n<meta name=\"twitter:site\" content=\"@notmercedinas\" \/>\n<meta name=\"twitter:label1\" content=\"Escrito por\" \/>\n\t<meta name=\"twitter:data1\" content=\"Cristian Falabella NOTICIASMERCEDINAS.COM\" \/>\n\t<meta name=\"twitter:label2\" content=\"Tiempo de lectura\" \/>\n\t<meta name=\"twitter:data2\" content=\"2 minutos\" \/>\n<script type=\"application\/ld+json\" class=\"yoast-schema-graph\">{\"@context\":\"https:\\\/\\\/schema.org\",\"@graph\":[{\"@type\":\"Article\",\"@id\":\"https:\\\/\\\/noticiasmercedinas.com\\\/site\\\/2020\\\/05\\\/07\\\/kicillof-encabezo-el-encuentro-con-el-comite-de-expertos-de-la-provincia\\\/#article\",\"isPartOf\":{\"@id\":\"https:\\\/\\\/noticiasmercedinas.com\\\/site\\\/2020\\\/05\\\/07\\\/kicillof-encabezo-el-encuentro-con-el-comite-de-expertos-de-la-provincia\\\/\"},\"author\":{\"name\":\"Cristian Falabella NOTICIASMERCEDINAS.COM\",\"@id\":\"https:\\\/\\\/noticiasmercedinas.com\\\/site\\\/#\\\/schema\\\/person\\\/d481a9696a5feaec13a60e2bbd991a6a\"},\"headline\":\"Kicillof encabez\u00f3 el encuentro con el Comit\u00e9 de Expertos de la Provincia\",\"datePublished\":\"2020-05-07T18:55:34+00:00\",\"mainEntityOfPage\":{\"@id\":\"https:\\\/\\\/noticiasmercedinas.com\\\/site\\\/2020\\\/05\\\/07\\\/kicillof-encabezo-el-encuentro-con-el-comite-de-expertos-de-la-provincia\\\/\"},\"wordCount\":449,\"commentCount\":0,\"publisher\":{\"@id\":\"https:\\\/\\\/noticiasmercedinas.com\\\/site\\\/#organization\"},\"image\":{\"@id\":\"https:\\\/\\\/noticiasmercedinas.com\\\/site\\\/2020\\\/05\\\/07\\\/kicillof-encabezo-el-encuentro-con-el-comite-de-expertos-de-la-provincia\\\/#primaryimage\"},\"thumbnailUrl\":\"https:\\\/\\\/noticiasmercedinas.com\\\/site\\\/wp-content\\\/uploads\\\/2020\\\/05\\\/200507_ak_reunion_sge_0943-654536531-scaled.jpg\",\"keywords\":[\"axel kicillof\"],\"articleSection\":[\"Provinciales\"],\"inLanguage\":\"es\",\"potentialAction\":[{\"@type\":\"CommentAction\",\"name\":\"Comment\",\"target\":[\"https:\\\/\\\/noticiasmercedinas.com\\\/site\\\/2020\\\/05\\\/07\\\/kicillof-encabezo-el-encuentro-con-el-comite-de-expertos-de-la-provincia\\\/#respond\"]}]},{\"@type\":\"WebPage\",\"@id\":\"https:\\\/\\\/noticiasmercedinas.com\\\/site\\\/2020\\\/05\\\/07\\\/kicillof-encabezo-el-encuentro-con-el-comite-de-expertos-de-la-provincia\\\/\",\"url\":\"https:\\\/\\\/noticiasmercedinas.com\\\/site\\\/2020\\\/05\\\/07\\\/kicillof-encabezo-el-encuentro-con-el-comite-de-expertos-de-la-provincia\\\/\",\"name\":\"Kicillof encabez\u00f3 el encuentro con el Comit\u00e9 de Expertos de la Provincia\",\"isPartOf\":{\"@id\":\"https:\\\/\\\/noticiasmercedinas.com\\\/site\\\/#website\"},\"primaryImageOfPage\":{\"@id\":\"https:\\\/\\\/noticiasmercedinas.com\\\/site\\\/2020\\\/05\\\/07\\\/kicillof-encabezo-el-encuentro-con-el-comite-de-expertos-de-la-provincia\\\/#primaryimage\"},\"image\":{\"@id\":\"https:\\\/\\\/noticiasmercedinas.com\\\/site\\\/2020\\\/05\\\/07\\\/kicillof-encabezo-el-encuentro-con-el-comite-de-expertos-de-la-provincia\\\/#primaryimage\"},\"thumbnailUrl\":\"https:\\\/\\\/noticiasmercedinas.com\\\/site\\\/wp-content\\\/uploads\\\/2020\\\/05\\\/200507_ak_reunion_sge_0943-654536531-scaled.jpg\",\"datePublished\":\"2020-05-07T18:55:34+00:00\",\"breadcrumb\":{\"@id\":\"https:\\\/\\\/noticiasmercedinas.com\\\/site\\\/2020\\\/05\\\/07\\\/kicillof-encabezo-el-encuentro-con-el-comite-de-expertos-de-la-provincia\\\/#breadcrumb\"},\"inLanguage\":\"es\",\"potentialAction\":[{\"@type\":\"ReadAction\",\"target\":[\"https:\\\/\\\/noticiasmercedinas.com\\\/site\\\/2020\\\/05\\\/07\\\/kicillof-encabezo-el-encuentro-con-el-comite-de-expertos-de-la-provincia\\\/\"]}]},{\"@type\":\"ImageObject\",\"inLanguage\":\"es\",\"@id\":\"https:\\\/\\\/noticiasmercedinas.com\\\/site\\\/2020\\\/05\\\/07\\\/kicillof-encabezo-el-encuentro-con-el-comite-de-expertos-de-la-provincia\\\/#primaryimage\",\"url\":\"https:\\\/\\\/noticiasmercedinas.com\\\/site\\\/wp-content\\\/uploads\\\/2020\\\/05\\\/200507_ak_reunion_sge_0943-654536531-scaled.jpg\",\"contentUrl\":\"https:\\\/\\\/noticiasmercedinas.com\\\/site\\\/wp-content\\\/uploads\\\/2020\\\/05\\\/200507_ak_reunion_sge_0943-654536531-scaled.jpg\",\"width\":2560,\"height\":1703},{\"@type\":\"BreadcrumbList\",\"@id\":\"https:\\\/\\\/noticiasmercedinas.com\\\/site\\\/2020\\\/05\\\/07\\\/kicillof-encabezo-el-encuentro-con-el-comite-de-expertos-de-la-provincia\\\/#breadcrumb\",\"itemListElement\":[{\"@type\":\"ListItem\",\"position\":1,\"name\":\"Portada\",\"item\":\"https:\\\/\\\/noticiasmercedinas.com\\\/site\\\/\"},{\"@type\":\"ListItem\",\"position\":2,\"name\":\"Kicillof encabez\u00f3 el encuentro con el Comit\u00e9 de Expertos de la Provincia\"}]},{\"@type\":\"WebSite\",\"@id\":\"https:\\\/\\\/noticiasmercedinas.com\\\/site\\\/#website\",\"url\":\"https:\\\/\\\/noticiasmercedinas.com\\\/site\\\/\",\"name\":\"NOTICIASMERCEDINAS.COM\",\"description\":\"Mercedes, Buenos Aires, Argentina\",\"publisher\":{\"@id\":\"https:\\\/\\\/noticiasmercedinas.com\\\/site\\\/#organization\"},\"potentialAction\":[{\"@type\":\"SearchAction\",\"target\":{\"@type\":\"EntryPoint\",\"urlTemplate\":\"https:\\\/\\\/noticiasmercedinas.com\\\/site\\\/?s={search_term_string}\"},\"query-input\":{\"@type\":\"PropertyValueSpecification\",\"valueRequired\":true,\"valueName\":\"search_term_string\"}}],\"inLanguage\":\"es\"},{\"@type\":\"Organization\",\"@id\":\"https:\\\/\\\/noticiasmercedinas.com\\\/site\\\/#organization\",\"name\":\"NOTICIASMERCEDINAS.COM\",\"url\":\"https:\\\/\\\/noticiasmercedinas.com\\\/site\\\/\",\"logo\":{\"@type\":\"ImageObject\",\"inLanguage\":\"es\",\"@id\":\"https:\\\/\\\/noticiasmercedinas.com\\\/site\\\/#\\\/schema\\\/logo\\\/image\\\/\",\"url\":\"https:\\\/\\\/noticiasmercedinas.com\\\/site\\\/wp-content\\\/uploads\\\/2020\\\/06\\\/LOGO-512.jpg\",\"contentUrl\":\"https:\\\/\\\/noticiasmercedinas.com\\\/site\\\/wp-content\\\/uploads\\\/2020\\\/06\\\/LOGO-512.jpg\",\"width\":512,\"height\":512,\"caption\":\"NOTICIASMERCEDINAS.COM\"},\"image\":{\"@id\":\"https:\\\/\\\/noticiasmercedinas.com\\\/site\\\/#\\\/schema\\\/logo\\\/image\\\/\"},\"sameAs\":[\"https:\\\/\\\/www.facebook.com\\\/noticiasmercedinas\\\/\",\"https:\\\/\\\/x.com\\\/notmercedinas\",\"https:\\\/\\\/www.instagram.com\\\/noticiasmercedinas\\\/\"]},{\"@type\":\"Person\",\"@id\":\"https:\\\/\\\/noticiasmercedinas.com\\\/site\\\/#\\\/schema\\\/person\\\/d481a9696a5feaec13a60e2bbd991a6a\",\"name\":\"Cristian Falabella NOTICIASMERCEDINAS.COM\",\"image\":{\"@type\":\"ImageObject\",\"inLanguage\":\"es\",\"@id\":\"https:\\\/\\\/secure.gravatar.com\\\/avatar\\\/0dbbfc45970cc46bcd0e57766228574ff3511d6eed045b182f536f0f478c1f06?s=96&d=mm&r=g\",\"url\":\"https:\\\/\\\/secure.gravatar.com\\\/avatar\\\/0dbbfc45970cc46bcd0e57766228574ff3511d6eed045b182f536f0f478c1f06?s=96&d=mm&r=g\",\"contentUrl\":\"https:\\\/\\\/secure.gravatar.com\\\/avatar\\\/0dbbfc45970cc46bcd0e57766228574ff3511d6eed045b182f536f0f478c1f06?s=96&d=mm&r=g\",\"caption\":\"Cristian Falabella NOTICIASMERCEDINAS.COM\"},\"description\":\"Periodista, editor de Noticias Mercedinas. Pas\u00f3 por varias redacciones y emprendimientos de prensa, en distintos formatos y \u00e9pocas. Se especializ\u00f3 --y sigue haci\u00e9ndolo-- en comunicaci\u00f3n en la web y en junio de 2006 fund\u00f3 este diario digital.\",\"sameAs\":[\"https:\\\/\\\/noticiasmercedinas.com\",\"https:\\\/\\\/www.facebook.com\\\/cristian.falabella\",\"https:\\\/\\\/www.instagram.com\\\/noticiasmercedinas\\\/\",\"https:\\\/\\\/x.com\\\/https:\\\/\\\/twitter.com\\\/NOTMERCEDINAS\"],\"url\":\"https:\\\/\\\/noticiasmercedinas.com\\\/site\\\/author\\\/as000384\\\/\"}]}<\/script>\n<!-- \/ Yoast SEO plugin. -->","yoast_head_json":{"title":"Kicillof encabez\u00f3 el encuentro con el Comit\u00e9 de Expertos de la Provincia","robots":{"index":"index","follow":"follow","max-snippet":"max-snippet:-1","max-image-preview":"max-image-preview:large","max-video-preview":"max-video-preview:-1"},"canonical":"https:\/\/noticiasmercedinas.com\/site\/2020\/05\/07\/kicillof-encabezo-el-encuentro-con-el-comite-de-expertos-de-la-provincia\/","og_locale":"es_ES","og_type":"article","og_title":"Kicillof encabez\u00f3 el encuentro con el Comit\u00e9 de Expertos de la Provincia","og_description":"Este jueves, el gobernador Axel Kicillof encabez\u00f3 la reuni\u00f3n con el comit\u00e9 de expertos de la provincia de Buenos Aires, para analizar el desarrollo de la situaci\u00f3n epidemiol\u00f3gica y determinar los pasos a seguir en la nueva etapa del aislamiento social preventivo y obligatorio. El comit\u00e9 est\u00e1 compuesto por m\u00e9dicas y m\u00e9dicos especializados en epidemiolog\u00eda, [&hellip;]","og_url":"https:\/\/noticiasmercedinas.com\/site\/2020\/05\/07\/kicillof-encabezo-el-encuentro-con-el-comite-de-expertos-de-la-provincia\/","og_site_name":"NOTICIASMERCEDINAS.COM","article_publisher":"https:\/\/www.facebook.com\/noticiasmercedinas\/","article_author":"https:\/\/www.facebook.com\/cristian.falabella","article_published_time":"2020-05-07T18:55:34+00:00","og_image":[{"width":2560,"height":1703,"url":"https:\/\/noticiasmercedinas.com\/site\/wp-content\/uploads\/2020\/05\/200507_ak_reunion_sge_0943-654536531-scaled.jpg","type":"image\/jpeg"}],"author":"Cristian Falabella NOTICIASMERCEDINAS.COM","twitter_card":"summary_large_image","twitter_creator":"@https:\/\/twitter.com\/NOTMERCEDINAS","twitter_site":"@notmercedinas","twitter_misc":{"Escrito por":"Cristian Falabella NOTICIASMERCEDINAS.COM","Tiempo de lectura":"2 minutos"},"schema":{"@context":"https:\/\/schema.org","@graph":[{"@type":"Article","@id":"https:\/\/noticiasmercedinas.com\/site\/2020\/05\/07\/kicillof-encabezo-el-encuentro-con-el-comite-de-expertos-de-la-provincia\/#article","isPartOf":{"@id":"https:\/\/noticiasmercedinas.com\/site\/2020\/05\/07\/kicillof-encabezo-el-encuentro-con-el-comite-de-expertos-de-la-provincia\/"},"author":{"name":"Cristian Falabella NOTICIASMERCEDINAS.COM","@id":"https:\/\/noticiasmercedinas.com\/site\/#\/schema\/person\/d481a9696a5feaec13a60e2bbd991a6a"},"headline":"Kicillof encabez\u00f3 el encuentro con el Comit\u00e9 de Expertos de la Provincia","datePublished":"2020-05-07T18:55:34+00:00","mainEntityOfPage":{"@id":"https:\/\/noticiasmercedinas.com\/site\/2020\/05\/07\/kicillof-encabezo-el-encuentro-con-el-comite-de-expertos-de-la-provincia\/"},"wordCount":449,"commentCount":0,"publisher":{"@id":"https:\/\/noticiasmercedinas.com\/site\/#organization"},"image":{"@id":"https:\/\/noticiasmercedinas.com\/site\/2020\/05\/07\/kicillof-encabezo-el-encuentro-con-el-comite-de-expertos-de-la-provincia\/#primaryimage"},"thumbnailUrl":"https:\/\/noticiasmercedinas.com\/site\/wp-content\/uploads\/2020\/05\/200507_ak_reunion_sge_0943-654536531-scaled.jpg","keywords":["axel kicillof"],"articleSection":["Provinciales"],"inLanguage":"es","potentialAction":[{"@type":"CommentAction","name":"Comment","target":["https:\/\/noticiasmercedinas.com\/site\/2020\/05\/07\/kicillof-encabezo-el-encuentro-con-el-comite-de-expertos-de-la-provincia\/#respond"]}]},{"@type":"WebPage","@id":"https:\/\/noticiasmercedinas.com\/site\/2020\/05\/07\/kicillof-encabezo-el-encuentro-con-el-comite-de-expertos-de-la-provincia\/","url":"https:\/\/noticiasmercedinas.com\/site\/2020\/05\/07\/kicillof-encabezo-el-encuentro-con-el-comite-de-expertos-de-la-provincia\/","name":"Kicillof encabez\u00f3 el encuentro con el Comit\u00e9 de Expertos de la Provincia","isPartOf":{"@id":"https:\/\/noticiasmercedinas.com\/site\/#website"},"primaryImageOfPage":{"@id":"https:\/\/noticiasmercedinas.com\/site\/2020\/05\/07\/kicillof-encabezo-el-encuentro-con-el-comite-de-expertos-de-la-provincia\/#primaryimage"},"image":{"@id":"https:\/\/noticiasmercedinas.com\/site\/2020\/05\/07\/kicillof-encabezo-el-encuentro-con-el-comite-de-expertos-de-la-provincia\/#primaryimage"},"thumbnailUrl":"https:\/\/noticiasmercedinas.com\/site\/wp-content\/uploads\/2020\/05\/200507_ak_reunion_sge_0943-654536531-scaled.jpg","datePublished":"2020-05-07T18:55:34+00:00","breadcrumb":{"@id":"https:\/\/noticiasmercedinas.com\/site\/2020\/05\/07\/kicillof-encabezo-el-encuentro-con-el-comite-de-expertos-de-la-provincia\/#breadcrumb"},"inLanguage":"es","potentialAction":[{"@type":"ReadAction","target":["https:\/\/noticiasmercedinas.com\/site\/2020\/05\/07\/kicillof-encabezo-el-encuentro-con-el-comite-de-expertos-de-la-provincia\/"]}]},{"@type":"ImageObject","inLanguage":"es","@id":"https:\/\/noticiasmercedinas.com\/site\/2020\/05\/07\/kicillof-encabezo-el-encuentro-con-el-comite-de-expertos-de-la-provincia\/#primaryimage","url":"https:\/\/noticiasmercedinas.com\/site\/wp-content\/uploads\/2020\/05\/200507_ak_reunion_sge_0943-654536531-scaled.jpg","contentUrl":"https:\/\/noticiasmercedinas.com\/site\/wp-content\/uploads\/2020\/05\/200507_ak_reunion_sge_0943-654536531-scaled.jpg","width":2560,"height":1703},{"@type":"BreadcrumbList","@id":"https:\/\/noticiasmercedinas.com\/site\/2020\/05\/07\/kicillof-encabezo-el-encuentro-con-el-comite-de-expertos-de-la-provincia\/#breadcrumb","itemListElement":[{"@type":"ListItem","position":1,"name":"Portada","item":"https:\/\/noticiasmercedinas.com\/site\/"},{"@type":"ListItem","position":2,"name":"Kicillof encabez\u00f3 el encuentro con el Comit\u00e9 de Expertos de la Provincia"}]},{"@type":"WebSite","@id":"https:\/\/noticiasmercedinas.com\/site\/#website","url":"https:\/\/noticiasmercedinas.com\/site\/","name":"NOTICIASMERCEDINAS.COM","description":"Mercedes, Buenos Aires, Argentina","publisher":{"@id":"https:\/\/noticiasmercedinas.com\/site\/#organization"},"potentialAction":[{"@type":"SearchAction","target":{"@type":"EntryPoint","urlTemplate":"https:\/\/noticiasmercedinas.com\/site\/?s={search_term_string}"},"query-input":{"@type":"PropertyValueSpecification","valueRequired":true,"valueName":"search_term_string"}}],"inLanguage":"es"},{"@type":"Organization","@id":"https:\/\/noticiasmercedinas.com\/site\/#organization","name":"NOTICIASMERCEDINAS.COM","url":"https:\/\/noticiasmercedinas.com\/site\/","logo":{"@type":"ImageObject","inLanguage":"es","@id":"https:\/\/noticiasmercedinas.com\/site\/#\/schema\/logo\/image\/","url":"https:\/\/noticiasmercedinas.com\/site\/wp-content\/uploads\/2020\/06\/LOGO-512.jpg","contentUrl":"https:\/\/noticiasmercedinas.com\/site\/wp-content\/uploads\/2020\/06\/LOGO-512.jpg","width":512,"height":512,"caption":"NOTICIASMERCEDINAS.COM"},"image":{"@id":"https:\/\/noticiasmercedinas.com\/site\/#\/schema\/logo\/image\/"},"sameAs":["https:\/\/www.facebook.com\/noticiasmercedinas\/","https:\/\/x.com\/notmercedinas","https:\/\/www.instagram.com\/noticiasmercedinas\/"]},{"@type":"Person","@id":"https:\/\/noticiasmercedinas.com\/site\/#\/schema\/person\/d481a9696a5feaec13a60e2bbd991a6a","name":"Cristian Falabella NOTICIASMERCEDINAS.COM","image":{"@type":"ImageObject","inLanguage":"es","@id":"https:\/\/secure.gravatar.com\/avatar\/0dbbfc45970cc46bcd0e57766228574ff3511d6eed045b182f536f0f478c1f06?s=96&d=mm&r=g","url":"https:\/\/secure.gravatar.com\/avatar\/0dbbfc45970cc46bcd0e57766228574ff3511d6eed045b182f536f0f478c1f06?s=96&d=mm&r=g","contentUrl":"https:\/\/secure.gravatar.com\/avatar\/0dbbfc45970cc46bcd0e57766228574ff3511d6eed045b182f536f0f478c1f06?s=96&d=mm&r=g","caption":"Cristian Falabella NOTICIASMERCEDINAS.COM"},"description":"Periodista, editor de Noticias Mercedinas. Pas\u00f3 por varias redacciones y emprendimientos de prensa, en distintos formatos y \u00e9pocas. Se especializ\u00f3 --y sigue haci\u00e9ndolo-- en comunicaci\u00f3n en la web y en junio de 2006 fund\u00f3 este diario digital.","sameAs":["https:\/\/noticiasmercedinas.com","https:\/\/www.facebook.com\/cristian.falabella","https:\/\/www.instagram.com\/noticiasmercedinas\/","https:\/\/x.com\/https:\/\/twitter.com\/NOTMERCEDINAS"],"url":"https:\/\/noticiasmercedinas.com\/site\/author\/as000384\/"}]}},"amp_enabled":true,"_links":{"self":[{"href":"https:\/\/noticiasmercedinas.com\/site\/wp-json\/wp\/v2\/posts\/44756","targetHints":{"allow":["GET"]}}],"collection":[{"href":"https:\/\/noticiasmercedinas.com\/site\/wp-json\/wp\/v2\/posts"}],"about":[{"href":"https:\/\/noticiasmercedinas.com\/site\/wp-json\/wp\/v2\/types\/post"}],"author":[{"embeddable":true,"href":"https:\/\/noticiasmercedinas.com\/site\/wp-json\/wp\/v2\/users\/2"}],"replies":[{"embeddable":true,"href":"https:\/\/noticiasmercedinas.com\/site\/wp-json\/wp\/v2\/comments?post=44756"}],"version-history":[{"count":0,"href":"https:\/\/noticiasmercedinas.com\/site\/wp-json\/wp\/v2\/posts\/44756\/revisions"}],"wp:featuredmedia":[{"embeddable":true,"href":"https:\/\/noticiasmercedinas.com\/site\/wp-json\/wp\/v2\/media\/44755"}],"wp:attachment":[{"href":"https:\/\/noticiasmercedinas.com\/site\/wp-json\/wp\/v2\/media?parent=44756"}],"wp:term":[{"taxonomy":"category","embeddable":true,"href":"https:\/\/noticiasmercedinas.com\/site\/wp-json\/wp\/v2\/categories?post=44756"},{"taxonomy":"post_tag","embeddable":true,"href":"https:\/\/noticiasmercedinas.com\/site\/wp-json\/wp\/v2\/tags?post=44756"}],"curies":[{"name":"wp","href":"https:\/\/api.w.org\/{rel}","templated":true}]}}