{"id":44957,"date":"2020-05-12T11:37:13","date_gmt":"2020-05-12T14:37:13","guid":{"rendered":"https:\/\/noticiasmercedinas.com\/site\/?p=44957"},"modified":"2020-05-12T11:37:13","modified_gmt":"2020-05-12T14:37:13","slug":"madres-solas-pueden-salir-a-comprar-con-sus-hijos-piacentini-celebro-la-decision-y-pidio-colaboracion","status":"publish","type":"post","link":"https:\/\/noticiasmercedinas.com\/site\/2020\/05\/12\/madres-solas-pueden-salir-a-comprar-con-sus-hijos-piacentini-celebro-la-decision-y-pidio-colaboracion\/","title":{"rendered":"Madres solas pueden salir a comprar con sus hijos: Piacentini celebr\u00f3 la decisi\u00f3n y pidi\u00f3 colaboraci\u00f3n"},"content":{"rendered":"<p><img loading=\"lazy\" decoding=\"async\" class=\"alignnone size-full wp-image-44958\" src=\"https:\/\/noticiasmercedinas.com\/site\/wp-content\/uploads\/2020\/05\/ella.jpg\" alt=\"\" width=\"640\" height=\"441\" srcset=\"https:\/\/noticiasmercedinas.com\/site\/wp-content\/uploads\/2020\/05\/ella.jpg 640w, https:\/\/noticiasmercedinas.com\/site\/wp-content\/uploads\/2020\/05\/ella-300x207.jpg 300w\" sizes=\"auto, (max-width: 640px) 100vw, 640px\" \/><\/p>\n<p>De acuerdo a una resoluci\u00f3n que <span style=\"color: #000080;\"><strong><a style=\"color: #000080;\" href=\"https:\/\/www.boletinoficial.gob.ar\/detalleAviso\/primera\/228837\/20200508\">se public\u00f3 en el Bolet\u00edn Oficial<\/a>,<\/strong><\/span>\u00a0las mam\u00e1s que est\u00e9n solas pueden hacer compras con sus hijos. En este sentido la concejala <strong>Mar\u00eda Jos\u00e9 Piacentini<\/strong> llam\u00f3 a \u201cla colaboraci\u00f3n de la sociedad para que esta norma se cumpla\u201d y pidi\u00f3 \u201cevitar la discriminaci\u00f3n\u201d.<\/p>\n<p>El aislamiento social preventivo y obligatorio resulta dif\u00edcil para toda la sociedad, ha modificado por completo la vida cotidiana de los y las argentinas, para lo cual el Gobierno Nacional ha ido implementando diferentes medidas dando respuestas a cada sector de la sociedad. Algunas de ellas han ido implementando a medida que diferentes situaciones iban surgiendo.<\/p>\n<p>\u201cSi bien es algo obvio que progenitores y sobre todo las mam\u00e1s que son las que suelen tener a cargo el cuidado de los ni\u00f1os, no pueden dejarlos en sus casas a la hora de salir hacer compras, se han dado situaciones donde se les exig\u00eda dejarlos en sus hogares, generando as\u00ed discriminaci\u00f3n, sentimientos de culpabilidad, o catalog\u00e1ndolas de \u201cmalas madres\u201d.\u00a0 Esto dio lugar a un sinf\u00edn de situaciones de discriminaci\u00f3n y exclusi\u00f3n de parte de comercios, fuerzas de seguridad y sociedad en general\u201d, sostuvo Piacentini, del Frente de Todos y destac\u00f3 que \u201ca partir de ahora, los ni\u00f1os y ni\u00f1as menores de 12 a\u00f1os podr\u00e1n concurrir con sus progenitores o adulto responsable a los comercios de cercan\u00eda, siempre que no puedan dejarlos en sus casas\u201d, seg\u00fan la resoluci\u00f3n 262\/2020 publicada en el Bolet\u00edn Oficial de la Naci\u00f3n.<\/p>\n<p>\u201cCelebro la decisi\u00f3n del Ministro de Desarrollo Social de la Naci\u00f3n, <strong>Daniel Arroyo<\/strong>, por tomar cartas en el asunto, tener perspectiva de g\u00e9nero, trabajar junto al Ministerio de las Mujeres, G\u00e9neros y Diversidad\u00a0 y poner a disposici\u00f3n la reglamentaci\u00f3n correspondiente para proteger los derechos de los y las ni\u00f1as y sus madres\u201d, afirm\u00f3 Piacentini.<\/p>\n<p>\u201cDesde nuestro lugar instamos a toda la sociedad la colaboraci\u00f3n necesaria para que esta norma sea puesta en marcha, y as\u00ed evitar la discriminaci\u00f3n y estigmatizaci\u00f3n de las familias monoparentales\u201d, concluy\u00f3 la concejala mercedina del FdT.<\/p>\n","protected":false},"excerpt":{"rendered":"<p>De acuerdo a una resoluci\u00f3n que se public\u00f3 en el Bolet\u00edn Oficial,\u00a0las mam\u00e1s que est\u00e9n solas pueden hacer compras con sus hijos. En este sentido la concejala Mar\u00eda Jos\u00e9 Piacentini llam\u00f3 a \u201cla colaboraci\u00f3n de la sociedad para que esta norma se cumpla\u201d y pidi\u00f3 \u201cevitar la discriminaci\u00f3n\u201d. El aislamiento social preventivo y obligatorio resulta [&hellip;]<\/p>\n","protected":false},"author":2,"featured_media":44958,"comment_status":"open","ping_status":"open","sticky":false,"template":"","format":"standard","meta":{"footnotes":""},"categories":[16],"tags":[1604,5299,1423,311,3107,9110],"class_list":["post-44957","post","type-post","status-publish","format-standard","has-post-thumbnail","hentry","category-politica","tag-daniel-arroyo","tag-frente-de-todos","tag-genero","tag-inclusion","tag-maria-jose-piacentini","tag-pandemiao"],"yoast_head":"<!-- This site is optimized with the Yoast SEO plugin v27.4 - https:\/\/yoast.com\/product\/yoast-seo-wordpress\/ -->\n<title>Madres solas pueden salir a comprar con sus hijos: Piacentini celebr\u00f3 la decisi\u00f3n y pidi\u00f3 colaboraci\u00f3n<\/title>\n<meta name=\"robots\" content=\"index, follow, max-snippet:-1, max-image-preview:large, max-video-preview:-1\" \/>\n<link rel=\"canonical\" href=\"https:\/\/noticiasmercedinas.com\/site\/2020\/05\/12\/madres-solas-pueden-salir-a-comprar-con-sus-hijos-piacentini-celebro-la-decision-y-pidio-colaboracion\/\" \/>\n<meta property=\"og:locale\" content=\"es_ES\" \/>\n<meta property=\"og:type\" content=\"article\" \/>\n<meta property=\"og:title\" content=\"Madres solas pueden salir a comprar con sus hijos: Piacentini celebr\u00f3 la decisi\u00f3n y pidi\u00f3 colaboraci\u00f3n\" \/>\n<meta property=\"og:description\" content=\"De acuerdo a una resoluci\u00f3n que se public\u00f3 en el Bolet\u00edn Oficial,\u00a0las mam\u00e1s que est\u00e9n solas pueden hacer compras con sus hijos. En este sentido la concejala Mar\u00eda Jos\u00e9 Piacentini llam\u00f3 a \u201cla colaboraci\u00f3n de la sociedad para que esta norma se cumpla\u201d y pidi\u00f3 \u201cevitar la discriminaci\u00f3n\u201d. El aislamiento social preventivo y obligatorio resulta [&hellip;]\" \/>\n<meta property=\"og:url\" content=\"https:\/\/noticiasmercedinas.com\/site\/2020\/05\/12\/madres-solas-pueden-salir-a-comprar-con-sus-hijos-piacentini-celebro-la-decision-y-pidio-colaboracion\/\" \/>\n<meta property=\"og:site_name\" content=\"NOTICIASMERCEDINAS.COM\" \/>\n<meta property=\"article:publisher\" content=\"https:\/\/www.facebook.com\/noticiasmercedinas\/\" \/>\n<meta property=\"article:author\" content=\"https:\/\/www.facebook.com\/cristian.falabella\" \/>\n<meta property=\"article:published_time\" content=\"2020-05-12T14:37:13+00:00\" \/>\n<meta property=\"og:image\" content=\"https:\/\/noticiasmercedinas.com\/site\/wp-content\/uploads\/2020\/05\/ella.jpg\" \/>\n\t<meta property=\"og:image:width\" content=\"640\" \/>\n\t<meta property=\"og:image:height\" content=\"441\" \/>\n\t<meta property=\"og:image:type\" content=\"image\/jpeg\" \/>\n<meta name=\"author\" content=\"Cristian Falabella NOTICIASMERCEDINAS.COM\" \/>\n<meta name=\"twitter:card\" content=\"summary_large_image\" \/>\n<meta name=\"twitter:creator\" content=\"@https:\/\/twitter.com\/NOTMERCEDINAS\" \/>\n<meta name=\"twitter:site\" content=\"@notmercedinas\" \/>\n<meta name=\"twitter:label1\" content=\"Escrito por\" \/>\n\t<meta name=\"twitter:data1\" content=\"Cristian Falabella NOTICIASMERCEDINAS.COM\" \/>\n\t<meta name=\"twitter:label2\" content=\"Tiempo de lectura\" \/>\n\t<meta name=\"twitter:data2\" content=\"2 minutos\" \/>\n<script type=\"application\/ld+json\" class=\"yoast-schema-graph\">{\"@context\":\"https:\\\/\\\/schema.org\",\"@graph\":[{\"@type\":\"Article\",\"@id\":\"https:\\\/\\\/noticiasmercedinas.com\\\/site\\\/2020\\\/05\\\/12\\\/madres-solas-pueden-salir-a-comprar-con-sus-hijos-piacentini-celebro-la-decision-y-pidio-colaboracion\\\/#article\",\"isPartOf\":{\"@id\":\"https:\\\/\\\/noticiasmercedinas.com\\\/site\\\/2020\\\/05\\\/12\\\/madres-solas-pueden-salir-a-comprar-con-sus-hijos-piacentini-celebro-la-decision-y-pidio-colaboracion\\\/\"},\"author\":{\"name\":\"Cristian Falabella NOTICIASMERCEDINAS.COM\",\"@id\":\"https:\\\/\\\/noticiasmercedinas.com\\\/site\\\/#\\\/schema\\\/person\\\/d481a9696a5feaec13a60e2bbd991a6a\"},\"headline\":\"Madres solas pueden salir a comprar con sus hijos: Piacentini celebr\u00f3 la decisi\u00f3n y pidi\u00f3 colaboraci\u00f3n\",\"datePublished\":\"2020-05-12T14:37:13+00:00\",\"mainEntityOfPage\":{\"@id\":\"https:\\\/\\\/noticiasmercedinas.com\\\/site\\\/2020\\\/05\\\/12\\\/madres-solas-pueden-salir-a-comprar-con-sus-hijos-piacentini-celebro-la-decision-y-pidio-colaboracion\\\/\"},\"wordCount\":384,\"commentCount\":0,\"publisher\":{\"@id\":\"https:\\\/\\\/noticiasmercedinas.com\\\/site\\\/#organization\"},\"image\":{\"@id\":\"https:\\\/\\\/noticiasmercedinas.com\\\/site\\\/2020\\\/05\\\/12\\\/madres-solas-pueden-salir-a-comprar-con-sus-hijos-piacentini-celebro-la-decision-y-pidio-colaboracion\\\/#primaryimage\"},\"thumbnailUrl\":\"https:\\\/\\\/noticiasmercedinas.com\\\/site\\\/wp-content\\\/uploads\\\/2020\\\/05\\\/ella.jpg\",\"keywords\":[\"Daniel Arroyo\",\"Frente de Todos\",\"genero\",\"inclusion\",\"Mar\u00eda Jos\u00e9 Piacentini\",\"pandemiao\"],\"articleSection\":[\"Politica\"],\"inLanguage\":\"es\",\"potentialAction\":[{\"@type\":\"CommentAction\",\"name\":\"Comment\",\"target\":[\"https:\\\/\\\/noticiasmercedinas.com\\\/site\\\/2020\\\/05\\\/12\\\/madres-solas-pueden-salir-a-comprar-con-sus-hijos-piacentini-celebro-la-decision-y-pidio-colaboracion\\\/#respond\"]}]},{\"@type\":\"WebPage\",\"@id\":\"https:\\\/\\\/noticiasmercedinas.com\\\/site\\\/2020\\\/05\\\/12\\\/madres-solas-pueden-salir-a-comprar-con-sus-hijos-piacentini-celebro-la-decision-y-pidio-colaboracion\\\/\",\"url\":\"https:\\\/\\\/noticiasmercedinas.com\\\/site\\\/2020\\\/05\\\/12\\\/madres-solas-pueden-salir-a-comprar-con-sus-hijos-piacentini-celebro-la-decision-y-pidio-colaboracion\\\/\",\"name\":\"Madres solas pueden salir a comprar con sus hijos: Piacentini celebr\u00f3 la decisi\u00f3n y pidi\u00f3 colaboraci\u00f3n\",\"isPartOf\":{\"@id\":\"https:\\\/\\\/noticiasmercedinas.com\\\/site\\\/#website\"},\"primaryImageOfPage\":{\"@id\":\"https:\\\/\\\/noticiasmercedinas.com\\\/site\\\/2020\\\/05\\\/12\\\/madres-solas-pueden-salir-a-comprar-con-sus-hijos-piacentini-celebro-la-decision-y-pidio-colaboracion\\\/#primaryimage\"},\"image\":{\"@id\":\"https:\\\/\\\/noticiasmercedinas.com\\\/site\\\/2020\\\/05\\\/12\\\/madres-solas-pueden-salir-a-comprar-con-sus-hijos-piacentini-celebro-la-decision-y-pidio-colaboracion\\\/#primaryimage\"},\"thumbnailUrl\":\"https:\\\/\\\/noticiasmercedinas.com\\\/site\\\/wp-content\\\/uploads\\\/2020\\\/05\\\/ella.jpg\",\"datePublished\":\"2020-05-12T14:37:13+00:00\",\"breadcrumb\":{\"@id\":\"https:\\\/\\\/noticiasmercedinas.com\\\/site\\\/2020\\\/05\\\/12\\\/madres-solas-pueden-salir-a-comprar-con-sus-hijos-piacentini-celebro-la-decision-y-pidio-colaboracion\\\/#breadcrumb\"},\"inLanguage\":\"es\",\"potentialAction\":[{\"@type\":\"ReadAction\",\"target\":[\"https:\\\/\\\/noticiasmercedinas.com\\\/site\\\/2020\\\/05\\\/12\\\/madres-solas-pueden-salir-a-comprar-con-sus-hijos-piacentini-celebro-la-decision-y-pidio-colaboracion\\\/\"]}]},{\"@type\":\"ImageObject\",\"inLanguage\":\"es\",\"@id\":\"https:\\\/\\\/noticiasmercedinas.com\\\/site\\\/2020\\\/05\\\/12\\\/madres-solas-pueden-salir-a-comprar-con-sus-hijos-piacentini-celebro-la-decision-y-pidio-colaboracion\\\/#primaryimage\",\"url\":\"https:\\\/\\\/noticiasmercedinas.com\\\/site\\\/wp-content\\\/uploads\\\/2020\\\/05\\\/ella.jpg\",\"contentUrl\":\"https:\\\/\\\/noticiasmercedinas.com\\\/site\\\/wp-content\\\/uploads\\\/2020\\\/05\\\/ella.jpg\",\"width\":640,\"height\":441},{\"@type\":\"BreadcrumbList\",\"@id\":\"https:\\\/\\\/noticiasmercedinas.com\\\/site\\\/2020\\\/05\\\/12\\\/madres-solas-pueden-salir-a-comprar-con-sus-hijos-piacentini-celebro-la-decision-y-pidio-colaboracion\\\/#breadcrumb\",\"itemListElement\":[{\"@type\":\"ListItem\",\"position\":1,\"name\":\"Portada\",\"item\":\"https:\\\/\\\/noticiasmercedinas.com\\\/site\\\/\"},{\"@type\":\"ListItem\",\"position\":2,\"name\":\"Madres solas pueden salir a comprar con sus hijos: Piacentini celebr\u00f3 la decisi\u00f3n y pidi\u00f3 colaboraci\u00f3n\"}]},{\"@type\":\"WebSite\",\"@id\":\"https:\\\/\\\/noticiasmercedinas.com\\\/site\\\/#website\",\"url\":\"https:\\\/\\\/noticiasmercedinas.com\\\/site\\\/\",\"name\":\"NOTICIASMERCEDINAS.COM\",\"description\":\"Mercedes, Buenos Aires, Argentina\",\"publisher\":{\"@id\":\"https:\\\/\\\/noticiasmercedinas.com\\\/site\\\/#organization\"},\"potentialAction\":[{\"@type\":\"SearchAction\",\"target\":{\"@type\":\"EntryPoint\",\"urlTemplate\":\"https:\\\/\\\/noticiasmercedinas.com\\\/site\\\/?s={search_term_string}\"},\"query-input\":{\"@type\":\"PropertyValueSpecification\",\"valueRequired\":true,\"valueName\":\"search_term_string\"}}],\"inLanguage\":\"es\"},{\"@type\":\"Organization\",\"@id\":\"https:\\\/\\\/noticiasmercedinas.com\\\/site\\\/#organization\",\"name\":\"NOTICIASMERCEDINAS.COM\",\"url\":\"https:\\\/\\\/noticiasmercedinas.com\\\/site\\\/\",\"logo\":{\"@type\":\"ImageObject\",\"inLanguage\":\"es\",\"@id\":\"https:\\\/\\\/noticiasmercedinas.com\\\/site\\\/#\\\/schema\\\/logo\\\/image\\\/\",\"url\":\"https:\\\/\\\/noticiasmercedinas.com\\\/site\\\/wp-content\\\/uploads\\\/2020\\\/06\\\/LOGO-512.jpg\",\"contentUrl\":\"https:\\\/\\\/noticiasmercedinas.com\\\/site\\\/wp-content\\\/uploads\\\/2020\\\/06\\\/LOGO-512.jpg\",\"width\":512,\"height\":512,\"caption\":\"NOTICIASMERCEDINAS.COM\"},\"image\":{\"@id\":\"https:\\\/\\\/noticiasmercedinas.com\\\/site\\\/#\\\/schema\\\/logo\\\/image\\\/\"},\"sameAs\":[\"https:\\\/\\\/www.facebook.com\\\/noticiasmercedinas\\\/\",\"https:\\\/\\\/x.com\\\/notmercedinas\",\"https:\\\/\\\/www.instagram.com\\\/noticiasmercedinas\\\/\"]},{\"@type\":\"Person\",\"@id\":\"https:\\\/\\\/noticiasmercedinas.com\\\/site\\\/#\\\/schema\\\/person\\\/d481a9696a5feaec13a60e2bbd991a6a\",\"name\":\"Cristian Falabella NOTICIASMERCEDINAS.COM\",\"image\":{\"@type\":\"ImageObject\",\"inLanguage\":\"es\",\"@id\":\"https:\\\/\\\/secure.gravatar.com\\\/avatar\\\/0dbbfc45970cc46bcd0e57766228574ff3511d6eed045b182f536f0f478c1f06?s=96&d=mm&r=g\",\"url\":\"https:\\\/\\\/secure.gravatar.com\\\/avatar\\\/0dbbfc45970cc46bcd0e57766228574ff3511d6eed045b182f536f0f478c1f06?s=96&d=mm&r=g\",\"contentUrl\":\"https:\\\/\\\/secure.gravatar.com\\\/avatar\\\/0dbbfc45970cc46bcd0e57766228574ff3511d6eed045b182f536f0f478c1f06?s=96&d=mm&r=g\",\"caption\":\"Cristian Falabella NOTICIASMERCEDINAS.COM\"},\"description\":\"Periodista, editor de Noticias Mercedinas. Pas\u00f3 por varias redacciones y emprendimientos de prensa, en distintos formatos y \u00e9pocas. Se especializ\u00f3 --y sigue haci\u00e9ndolo-- en comunicaci\u00f3n en la web y en junio de 2006 fund\u00f3 este diario digital.\",\"sameAs\":[\"https:\\\/\\\/noticiasmercedinas.com\",\"https:\\\/\\\/www.facebook.com\\\/cristian.falabella\",\"https:\\\/\\\/www.instagram.com\\\/noticiasmercedinas\\\/\",\"https:\\\/\\\/x.com\\\/https:\\\/\\\/twitter.com\\\/NOTMERCEDINAS\"],\"url\":\"https:\\\/\\\/noticiasmercedinas.com\\\/site\\\/author\\\/as000384\\\/\"}]}<\/script>\n<!-- \/ Yoast SEO plugin. -->","yoast_head_json":{"title":"Madres solas pueden salir a comprar con sus hijos: Piacentini celebr\u00f3 la decisi\u00f3n y pidi\u00f3 colaboraci\u00f3n","robots":{"index":"index","follow":"follow","max-snippet":"max-snippet:-1","max-image-preview":"max-image-preview:large","max-video-preview":"max-video-preview:-1"},"canonical":"https:\/\/noticiasmercedinas.com\/site\/2020\/05\/12\/madres-solas-pueden-salir-a-comprar-con-sus-hijos-piacentini-celebro-la-decision-y-pidio-colaboracion\/","og_locale":"es_ES","og_type":"article","og_title":"Madres solas pueden salir a comprar con sus hijos: Piacentini celebr\u00f3 la decisi\u00f3n y pidi\u00f3 colaboraci\u00f3n","og_description":"De acuerdo a una resoluci\u00f3n que se public\u00f3 en el Bolet\u00edn Oficial,\u00a0las mam\u00e1s que est\u00e9n solas pueden hacer compras con sus hijos. En este sentido la concejala Mar\u00eda Jos\u00e9 Piacentini llam\u00f3 a \u201cla colaboraci\u00f3n de la sociedad para que esta norma se cumpla\u201d y pidi\u00f3 \u201cevitar la discriminaci\u00f3n\u201d. El aislamiento social preventivo y obligatorio resulta [&hellip;]","og_url":"https:\/\/noticiasmercedinas.com\/site\/2020\/05\/12\/madres-solas-pueden-salir-a-comprar-con-sus-hijos-piacentini-celebro-la-decision-y-pidio-colaboracion\/","og_site_name":"NOTICIASMERCEDINAS.COM","article_publisher":"https:\/\/www.facebook.com\/noticiasmercedinas\/","article_author":"https:\/\/www.facebook.com\/cristian.falabella","article_published_time":"2020-05-12T14:37:13+00:00","og_image":[{"width":640,"height":441,"url":"https:\/\/noticiasmercedinas.com\/site\/wp-content\/uploads\/2020\/05\/ella.jpg","type":"image\/jpeg"}],"author":"Cristian Falabella NOTICIASMERCEDINAS.COM","twitter_card":"summary_large_image","twitter_creator":"@https:\/\/twitter.com\/NOTMERCEDINAS","twitter_site":"@notmercedinas","twitter_misc":{"Escrito por":"Cristian Falabella NOTICIASMERCEDINAS.COM","Tiempo de lectura":"2 minutos"},"schema":{"@context":"https:\/\/schema.org","@graph":[{"@type":"Article","@id":"https:\/\/noticiasmercedinas.com\/site\/2020\/05\/12\/madres-solas-pueden-salir-a-comprar-con-sus-hijos-piacentini-celebro-la-decision-y-pidio-colaboracion\/#article","isPartOf":{"@id":"https:\/\/noticiasmercedinas.com\/site\/2020\/05\/12\/madres-solas-pueden-salir-a-comprar-con-sus-hijos-piacentini-celebro-la-decision-y-pidio-colaboracion\/"},"author":{"name":"Cristian Falabella NOTICIASMERCEDINAS.COM","@id":"https:\/\/noticiasmercedinas.com\/site\/#\/schema\/person\/d481a9696a5feaec13a60e2bbd991a6a"},"headline":"Madres solas pueden salir a comprar con sus hijos: Piacentini celebr\u00f3 la decisi\u00f3n y pidi\u00f3 colaboraci\u00f3n","datePublished":"2020-05-12T14:37:13+00:00","mainEntityOfPage":{"@id":"https:\/\/noticiasmercedinas.com\/site\/2020\/05\/12\/madres-solas-pueden-salir-a-comprar-con-sus-hijos-piacentini-celebro-la-decision-y-pidio-colaboracion\/"},"wordCount":384,"commentCount":0,"publisher":{"@id":"https:\/\/noticiasmercedinas.com\/site\/#organization"},"image":{"@id":"https:\/\/noticiasmercedinas.com\/site\/2020\/05\/12\/madres-solas-pueden-salir-a-comprar-con-sus-hijos-piacentini-celebro-la-decision-y-pidio-colaboracion\/#primaryimage"},"thumbnailUrl":"https:\/\/noticiasmercedinas.com\/site\/wp-content\/uploads\/2020\/05\/ella.jpg","keywords":["Daniel Arroyo","Frente de Todos","genero","inclusion","Mar\u00eda Jos\u00e9 Piacentini","pandemiao"],"articleSection":["Politica"],"inLanguage":"es","potentialAction":[{"@type":"CommentAction","name":"Comment","target":["https:\/\/noticiasmercedinas.com\/site\/2020\/05\/12\/madres-solas-pueden-salir-a-comprar-con-sus-hijos-piacentini-celebro-la-decision-y-pidio-colaboracion\/#respond"]}]},{"@type":"WebPage","@id":"https:\/\/noticiasmercedinas.com\/site\/2020\/05\/12\/madres-solas-pueden-salir-a-comprar-con-sus-hijos-piacentini-celebro-la-decision-y-pidio-colaboracion\/","url":"https:\/\/noticiasmercedinas.com\/site\/2020\/05\/12\/madres-solas-pueden-salir-a-comprar-con-sus-hijos-piacentini-celebro-la-decision-y-pidio-colaboracion\/","name":"Madres solas pueden salir a comprar con sus hijos: Piacentini celebr\u00f3 la decisi\u00f3n y pidi\u00f3 colaboraci\u00f3n","isPartOf":{"@id":"https:\/\/noticiasmercedinas.com\/site\/#website"},"primaryImageOfPage":{"@id":"https:\/\/noticiasmercedinas.com\/site\/2020\/05\/12\/madres-solas-pueden-salir-a-comprar-con-sus-hijos-piacentini-celebro-la-decision-y-pidio-colaboracion\/#primaryimage"},"image":{"@id":"https:\/\/noticiasmercedinas.com\/site\/2020\/05\/12\/madres-solas-pueden-salir-a-comprar-con-sus-hijos-piacentini-celebro-la-decision-y-pidio-colaboracion\/#primaryimage"},"thumbnailUrl":"https:\/\/noticiasmercedinas.com\/site\/wp-content\/uploads\/2020\/05\/ella.jpg","datePublished":"2020-05-12T14:37:13+00:00","breadcrumb":{"@id":"https:\/\/noticiasmercedinas.com\/site\/2020\/05\/12\/madres-solas-pueden-salir-a-comprar-con-sus-hijos-piacentini-celebro-la-decision-y-pidio-colaboracion\/#breadcrumb"},"inLanguage":"es","potentialAction":[{"@type":"ReadAction","target":["https:\/\/noticiasmercedinas.com\/site\/2020\/05\/12\/madres-solas-pueden-salir-a-comprar-con-sus-hijos-piacentini-celebro-la-decision-y-pidio-colaboracion\/"]}]},{"@type":"ImageObject","inLanguage":"es","@id":"https:\/\/noticiasmercedinas.com\/site\/2020\/05\/12\/madres-solas-pueden-salir-a-comprar-con-sus-hijos-piacentini-celebro-la-decision-y-pidio-colaboracion\/#primaryimage","url":"https:\/\/noticiasmercedinas.com\/site\/wp-content\/uploads\/2020\/05\/ella.jpg","contentUrl":"https:\/\/noticiasmercedinas.com\/site\/wp-content\/uploads\/2020\/05\/ella.jpg","width":640,"height":441},{"@type":"BreadcrumbList","@id":"https:\/\/noticiasmercedinas.com\/site\/2020\/05\/12\/madres-solas-pueden-salir-a-comprar-con-sus-hijos-piacentini-celebro-la-decision-y-pidio-colaboracion\/#breadcrumb","itemListElement":[{"@type":"ListItem","position":1,"name":"Portada","item":"https:\/\/noticiasmercedinas.com\/site\/"},{"@type":"ListItem","position":2,"name":"Madres solas pueden salir a comprar con sus hijos: Piacentini celebr\u00f3 la decisi\u00f3n y pidi\u00f3 colaboraci\u00f3n"}]},{"@type":"WebSite","@id":"https:\/\/noticiasmercedinas.com\/site\/#website","url":"https:\/\/noticiasmercedinas.com\/site\/","name":"NOTICIASMERCEDINAS.COM","description":"Mercedes, Buenos Aires, Argentina","publisher":{"@id":"https:\/\/noticiasmercedinas.com\/site\/#organization"},"potentialAction":[{"@type":"SearchAction","target":{"@type":"EntryPoint","urlTemplate":"https:\/\/noticiasmercedinas.com\/site\/?s={search_term_string}"},"query-input":{"@type":"PropertyValueSpecification","valueRequired":true,"valueName":"search_term_string"}}],"inLanguage":"es"},{"@type":"Organization","@id":"https:\/\/noticiasmercedinas.com\/site\/#organization","name":"NOTICIASMERCEDINAS.COM","url":"https:\/\/noticiasmercedinas.com\/site\/","logo":{"@type":"ImageObject","inLanguage":"es","@id":"https:\/\/noticiasmercedinas.com\/site\/#\/schema\/logo\/image\/","url":"https:\/\/noticiasmercedinas.com\/site\/wp-content\/uploads\/2020\/06\/LOGO-512.jpg","contentUrl":"https:\/\/noticiasmercedinas.com\/site\/wp-content\/uploads\/2020\/06\/LOGO-512.jpg","width":512,"height":512,"caption":"NOTICIASMERCEDINAS.COM"},"image":{"@id":"https:\/\/noticiasmercedinas.com\/site\/#\/schema\/logo\/image\/"},"sameAs":["https:\/\/www.facebook.com\/noticiasmercedinas\/","https:\/\/x.com\/notmercedinas","https:\/\/www.instagram.com\/noticiasmercedinas\/"]},{"@type":"Person","@id":"https:\/\/noticiasmercedinas.com\/site\/#\/schema\/person\/d481a9696a5feaec13a60e2bbd991a6a","name":"Cristian Falabella NOTICIASMERCEDINAS.COM","image":{"@type":"ImageObject","inLanguage":"es","@id":"https:\/\/secure.gravatar.com\/avatar\/0dbbfc45970cc46bcd0e57766228574ff3511d6eed045b182f536f0f478c1f06?s=96&d=mm&r=g","url":"https:\/\/secure.gravatar.com\/avatar\/0dbbfc45970cc46bcd0e57766228574ff3511d6eed045b182f536f0f478c1f06?s=96&d=mm&r=g","contentUrl":"https:\/\/secure.gravatar.com\/avatar\/0dbbfc45970cc46bcd0e57766228574ff3511d6eed045b182f536f0f478c1f06?s=96&d=mm&r=g","caption":"Cristian Falabella NOTICIASMERCEDINAS.COM"},"description":"Periodista, editor de Noticias Mercedinas. Pas\u00f3 por varias redacciones y emprendimientos de prensa, en distintos formatos y \u00e9pocas. Se especializ\u00f3 --y sigue haci\u00e9ndolo-- en comunicaci\u00f3n en la web y en junio de 2006 fund\u00f3 este diario digital.","sameAs":["https:\/\/noticiasmercedinas.com","https:\/\/www.facebook.com\/cristian.falabella","https:\/\/www.instagram.com\/noticiasmercedinas\/","https:\/\/x.com\/https:\/\/twitter.com\/NOTMERCEDINAS"],"url":"https:\/\/noticiasmercedinas.com\/site\/author\/as000384\/"}]}},"amp_enabled":true,"_links":{"self":[{"href":"https:\/\/noticiasmercedinas.com\/site\/wp-json\/wp\/v2\/posts\/44957","targetHints":{"allow":["GET"]}}],"collection":[{"href":"https:\/\/noticiasmercedinas.com\/site\/wp-json\/wp\/v2\/posts"}],"about":[{"href":"https:\/\/noticiasmercedinas.com\/site\/wp-json\/wp\/v2\/types\/post"}],"author":[{"embeddable":true,"href":"https:\/\/noticiasmercedinas.com\/site\/wp-json\/wp\/v2\/users\/2"}],"replies":[{"embeddable":true,"href":"https:\/\/noticiasmercedinas.com\/site\/wp-json\/wp\/v2\/comments?post=44957"}],"version-history":[{"count":1,"href":"https:\/\/noticiasmercedinas.com\/site\/wp-json\/wp\/v2\/posts\/44957\/revisions"}],"predecessor-version":[{"id":44959,"href":"https:\/\/noticiasmercedinas.com\/site\/wp-json\/wp\/v2\/posts\/44957\/revisions\/44959"}],"wp:featuredmedia":[{"embeddable":true,"href":"https:\/\/noticiasmercedinas.com\/site\/wp-json\/wp\/v2\/media\/44958"}],"wp:attachment":[{"href":"https:\/\/noticiasmercedinas.com\/site\/wp-json\/wp\/v2\/media?parent=44957"}],"wp:term":[{"taxonomy":"category","embeddable":true,"href":"https:\/\/noticiasmercedinas.com\/site\/wp-json\/wp\/v2\/categories?post=44957"},{"taxonomy":"post_tag","embeddable":true,"href":"https:\/\/noticiasmercedinas.com\/site\/wp-json\/wp\/v2\/tags?post=44957"}],"curies":[{"name":"wp","href":"https:\/\/api.w.org\/{rel}","templated":true}]}}