{"id":44986,"date":"2020-05-12T21:11:18","date_gmt":"2020-05-13T00:11:18","guid":{"rendered":"https:\/\/noticiasmercedinas.com\/site\/?p=44986"},"modified":"2020-05-12T21:14:21","modified_gmt":"2020-05-13T00:14:21","slug":"destacan-incremento-del-uso-de-casco-en-el-centro","status":"publish","type":"post","link":"https:\/\/noticiasmercedinas.com\/site\/2020\/05\/12\/destacan-incremento-del-uso-de-casco-en-el-centro\/","title":{"rendered":"Destacan incremento del uso de casco en el centro"},"content":{"rendered":"<p><a href=\"https:\/\/noticiasmercedinas.com\/site\/wp-content\/uploads\/2020\/05\/control_casco.jpeg\"><img loading=\"lazy\" decoding=\"async\" class=\"alignnone size-full wp-image-44987\" src=\"https:\/\/noticiasmercedinas.com\/site\/wp-content\/uploads\/2020\/05\/control_casco.jpeg\" alt=\"\" width=\"640\" height=\"445\" srcset=\"https:\/\/noticiasmercedinas.com\/site\/wp-content\/uploads\/2020\/05\/control_casco.jpeg 640w, https:\/\/noticiasmercedinas.com\/site\/wp-content\/uploads\/2020\/05\/control_casco-300x209.jpeg 300w\" sizes=\"auto, (max-width: 640px) 100vw, 640px\" \/><\/a><\/p>\n<p>El subsecretario de Seguridad del Municipio, Gonzalo Anselmo, destac\u00f3 que \u201cse nota un mayor uso del casco en este \u00faltimo tiempo, sobre todo en el radio c\u00e9ntrico\u201d, en el marco de los operativos viales y de inspecci\u00f3n de elementos de seguridad vial que llevan adelante.<\/p>\n<p>\u201cLos motociclistas vienen tomando mayor conciencia de la importancia del uso del casco\u201d, indic\u00f3 el funcionario y agreg\u00f3 que \u201ctrabajamos en la prevenci\u00f3n de los siniestros viales para salvaguardar la salud en potenciales accidentes y tambi\u00e9n porque los traslados son a los centros de salud en los que es atendida la pandemia, lo que resulta contraproducente\u201d.<\/p>\n<p>Anselmo indic\u00f3 que \u201ccontinuamos con el compromiso de gesti\u00f3n que asumimos con el secretario de seguridad, Gast\u00f3n Arenas, y apunt\u00f3 que \u201ctenemos que prestar fuerte atenci\u00f3n a los accesos pero eso no nos exime de continuar con las pol\u00edticas p\u00fablicas que hab\u00edamos asumido\u201d.<\/p>\n<p>\u201cEsta gran conciencia de la salud que se viene tomando a partir de la pandemia del COVID-19 queremos aprovecharla como impulso para que los vecinos tomen los recaudos de seguridad necesarios al transitar con un veh\u00edculo por la ciudad\u201d y se\u00f1al\u00f3 que \u201cestamos trabajando de manera conjunta con la Polic\u00eda Comunal con la cual venimos labrando actas y apercibimientos\u201d.<\/p>\n","protected":false},"excerpt":{"rendered":"<p>El subsecretario de Seguridad del Municipio, Gonzalo Anselmo, destac\u00f3 que \u201cse nota un mayor uso del casco en este \u00faltimo tiempo, sobre todo en el radio c\u00e9ntrico\u201d, en el marco de los operativos viales y de inspecci\u00f3n de elementos de seguridad vial que llevan adelante. \u201cLos motociclistas vienen tomando mayor conciencia de la importancia del [&hellip;]<\/p>\n","protected":false},"author":3,"featured_media":44987,"comment_status":"open","ping_status":"open","sticky":false,"template":"","format":"standard","meta":{"footnotes":""},"categories":[7],"tags":[704,7244,7758,1633],"class_list":["post-44986","post","type-post","status-publish","format-standard","has-post-thumbnail","hentry","category-policiales","tag-casco","tag-gaston-arenas","tag-gonzalo-anselmo","tag-seguridad-vial"],"yoast_head":"<!-- This site is optimized with the Yoast SEO plugin v27.5 - https:\/\/yoast.com\/product\/yoast-seo-wordpress\/ -->\n<title>Destacan incremento del uso de casco en el centro<\/title>\n<meta name=\"robots\" content=\"index, follow, max-snippet:-1, max-image-preview:large, max-video-preview:-1\" \/>\n<link rel=\"canonical\" href=\"https:\/\/noticiasmercedinas.com\/site\/2020\/05\/12\/destacan-incremento-del-uso-de-casco-en-el-centro\/\" \/>\n<meta property=\"og:locale\" content=\"es_ES\" \/>\n<meta property=\"og:type\" content=\"article\" \/>\n<meta property=\"og:title\" content=\"Destacan incremento del uso de casco en el centro\" \/>\n<meta property=\"og:description\" content=\"El subsecretario de Seguridad del Municipio, Gonzalo Anselmo, destac\u00f3 que \u201cse nota un mayor uso del casco en este \u00faltimo tiempo, sobre todo en el radio c\u00e9ntrico\u201d, en el marco de los operativos viales y de inspecci\u00f3n de elementos de seguridad vial que llevan adelante. \u201cLos motociclistas vienen tomando mayor conciencia de la importancia del [&hellip;]\" \/>\n<meta property=\"og:url\" content=\"https:\/\/noticiasmercedinas.com\/site\/2020\/05\/12\/destacan-incremento-del-uso-de-casco-en-el-centro\/\" \/>\n<meta property=\"og:site_name\" content=\"NOTICIASMERCEDINAS.COM\" \/>\n<meta property=\"article:publisher\" content=\"https:\/\/www.facebook.com\/noticiasmercedinas\/\" \/>\n<meta property=\"article:published_time\" content=\"2020-05-13T00:11:18+00:00\" \/>\n<meta property=\"article:modified_time\" content=\"2020-05-13T00:14:21+00:00\" \/>\n<meta property=\"og:image\" content=\"https:\/\/noticiasmercedinas.com\/site\/wp-content\/uploads\/2020\/05\/control_casco.jpeg\" \/>\n\t<meta property=\"og:image:width\" content=\"640\" \/>\n\t<meta property=\"og:image:height\" content=\"445\" \/>\n\t<meta property=\"og:image:type\" content=\"image\/jpeg\" \/>\n<meta name=\"author\" content=\"Adrian Terrizzano NOTICIASMERCEDINAS.COM\" \/>\n<meta name=\"twitter:card\" content=\"summary_large_image\" \/>\n<meta name=\"twitter:creator\" content=\"@https:\/\/twitter.com\/AdrianTerri\" \/>\n<meta name=\"twitter:site\" content=\"@notmercedinas\" \/>\n<meta name=\"twitter:label1\" content=\"Escrito por\" \/>\n\t<meta name=\"twitter:data1\" content=\"Adrian Terrizzano NOTICIASMERCEDINAS.COM\" \/>\n\t<meta name=\"twitter:label2\" content=\"Tiempo de lectura\" \/>\n\t<meta name=\"twitter:data2\" content=\"1 minuto\" \/>\n<script type=\"application\/ld+json\" class=\"yoast-schema-graph\">{\"@context\":\"https:\\\/\\\/schema.org\",\"@graph\":[{\"@type\":\"Article\",\"@id\":\"https:\\\/\\\/noticiasmercedinas.com\\\/site\\\/2020\\\/05\\\/12\\\/destacan-incremento-del-uso-de-casco-en-el-centro\\\/#article\",\"isPartOf\":{\"@id\":\"https:\\\/\\\/noticiasmercedinas.com\\\/site\\\/2020\\\/05\\\/12\\\/destacan-incremento-del-uso-de-casco-en-el-centro\\\/\"},\"author\":{\"name\":\"Adrian Terrizzano NOTICIASMERCEDINAS.COM\",\"@id\":\"https:\\\/\\\/noticiasmercedinas.com\\\/site\\\/#\\\/schema\\\/person\\\/45cbccca776c0c5524a6d2a8f1b04acd\"},\"headline\":\"Destacan incremento del uso de casco en el centro\",\"datePublished\":\"2020-05-13T00:11:18+00:00\",\"dateModified\":\"2020-05-13T00:14:21+00:00\",\"mainEntityOfPage\":{\"@id\":\"https:\\\/\\\/noticiasmercedinas.com\\\/site\\\/2020\\\/05\\\/12\\\/destacan-incremento-del-uso-de-casco-en-el-centro\\\/\"},\"wordCount\":225,\"commentCount\":0,\"publisher\":{\"@id\":\"https:\\\/\\\/noticiasmercedinas.com\\\/site\\\/#organization\"},\"image\":{\"@id\":\"https:\\\/\\\/noticiasmercedinas.com\\\/site\\\/2020\\\/05\\\/12\\\/destacan-incremento-del-uso-de-casco-en-el-centro\\\/#primaryimage\"},\"thumbnailUrl\":\"https:\\\/\\\/noticiasmercedinas.com\\\/site\\\/wp-content\\\/uploads\\\/2020\\\/05\\\/control_casco.jpeg\",\"keywords\":[\"casco\",\"Gast\u00f3n Arenas\",\"gonzalo anselmo\",\"Seguridad Vial\"],\"articleSection\":[\"Seguridad\"],\"inLanguage\":\"es\",\"potentialAction\":[{\"@type\":\"CommentAction\",\"name\":\"Comment\",\"target\":[\"https:\\\/\\\/noticiasmercedinas.com\\\/site\\\/2020\\\/05\\\/12\\\/destacan-incremento-del-uso-de-casco-en-el-centro\\\/#respond\"]}]},{\"@type\":\"WebPage\",\"@id\":\"https:\\\/\\\/noticiasmercedinas.com\\\/site\\\/2020\\\/05\\\/12\\\/destacan-incremento-del-uso-de-casco-en-el-centro\\\/\",\"url\":\"https:\\\/\\\/noticiasmercedinas.com\\\/site\\\/2020\\\/05\\\/12\\\/destacan-incremento-del-uso-de-casco-en-el-centro\\\/\",\"name\":\"Destacan incremento del uso de casco en el centro\",\"isPartOf\":{\"@id\":\"https:\\\/\\\/noticiasmercedinas.com\\\/site\\\/#website\"},\"primaryImageOfPage\":{\"@id\":\"https:\\\/\\\/noticiasmercedinas.com\\\/site\\\/2020\\\/05\\\/12\\\/destacan-incremento-del-uso-de-casco-en-el-centro\\\/#primaryimage\"},\"image\":{\"@id\":\"https:\\\/\\\/noticiasmercedinas.com\\\/site\\\/2020\\\/05\\\/12\\\/destacan-incremento-del-uso-de-casco-en-el-centro\\\/#primaryimage\"},\"thumbnailUrl\":\"https:\\\/\\\/noticiasmercedinas.com\\\/site\\\/wp-content\\\/uploads\\\/2020\\\/05\\\/control_casco.jpeg\",\"datePublished\":\"2020-05-13T00:11:18+00:00\",\"dateModified\":\"2020-05-13T00:14:21+00:00\",\"breadcrumb\":{\"@id\":\"https:\\\/\\\/noticiasmercedinas.com\\\/site\\\/2020\\\/05\\\/12\\\/destacan-incremento-del-uso-de-casco-en-el-centro\\\/#breadcrumb\"},\"inLanguage\":\"es\",\"potentialAction\":[{\"@type\":\"ReadAction\",\"target\":[\"https:\\\/\\\/noticiasmercedinas.com\\\/site\\\/2020\\\/05\\\/12\\\/destacan-incremento-del-uso-de-casco-en-el-centro\\\/\"]}]},{\"@type\":\"ImageObject\",\"inLanguage\":\"es\",\"@id\":\"https:\\\/\\\/noticiasmercedinas.com\\\/site\\\/2020\\\/05\\\/12\\\/destacan-incremento-del-uso-de-casco-en-el-centro\\\/#primaryimage\",\"url\":\"https:\\\/\\\/noticiasmercedinas.com\\\/site\\\/wp-content\\\/uploads\\\/2020\\\/05\\\/control_casco.jpeg\",\"contentUrl\":\"https:\\\/\\\/noticiasmercedinas.com\\\/site\\\/wp-content\\\/uploads\\\/2020\\\/05\\\/control_casco.jpeg\",\"width\":640,\"height\":445},{\"@type\":\"BreadcrumbList\",\"@id\":\"https:\\\/\\\/noticiasmercedinas.com\\\/site\\\/2020\\\/05\\\/12\\\/destacan-incremento-del-uso-de-casco-en-el-centro\\\/#breadcrumb\",\"itemListElement\":[{\"@type\":\"ListItem\",\"position\":1,\"name\":\"Portada\",\"item\":\"https:\\\/\\\/noticiasmercedinas.com\\\/site\\\/\"},{\"@type\":\"ListItem\",\"position\":2,\"name\":\"Destacan incremento del uso de casco en el centro\"}]},{\"@type\":\"WebSite\",\"@id\":\"https:\\\/\\\/noticiasmercedinas.com\\\/site\\\/#website\",\"url\":\"https:\\\/\\\/noticiasmercedinas.com\\\/site\\\/\",\"name\":\"NOTICIASMERCEDINAS.COM\",\"description\":\"Mercedes, Buenos Aires, Argentina\",\"publisher\":{\"@id\":\"https:\\\/\\\/noticiasmercedinas.com\\\/site\\\/#organization\"},\"potentialAction\":[{\"@type\":\"SearchAction\",\"target\":{\"@type\":\"EntryPoint\",\"urlTemplate\":\"https:\\\/\\\/noticiasmercedinas.com\\\/site\\\/?s={search_term_string}\"},\"query-input\":{\"@type\":\"PropertyValueSpecification\",\"valueRequired\":true,\"valueName\":\"search_term_string\"}}],\"inLanguage\":\"es\"},{\"@type\":\"Organization\",\"@id\":\"https:\\\/\\\/noticiasmercedinas.com\\\/site\\\/#organization\",\"name\":\"NOTICIASMERCEDINAS.COM\",\"url\":\"https:\\\/\\\/noticiasmercedinas.com\\\/site\\\/\",\"logo\":{\"@type\":\"ImageObject\",\"inLanguage\":\"es\",\"@id\":\"https:\\\/\\\/noticiasmercedinas.com\\\/site\\\/#\\\/schema\\\/logo\\\/image\\\/\",\"url\":\"https:\\\/\\\/noticiasmercedinas.com\\\/site\\\/wp-content\\\/uploads\\\/2020\\\/06\\\/LOGO-512.jpg\",\"contentUrl\":\"https:\\\/\\\/noticiasmercedinas.com\\\/site\\\/wp-content\\\/uploads\\\/2020\\\/06\\\/LOGO-512.jpg\",\"width\":512,\"height\":512,\"caption\":\"NOTICIASMERCEDINAS.COM\"},\"image\":{\"@id\":\"https:\\\/\\\/noticiasmercedinas.com\\\/site\\\/#\\\/schema\\\/logo\\\/image\\\/\"},\"sameAs\":[\"https:\\\/\\\/www.facebook.com\\\/noticiasmercedinas\\\/\",\"https:\\\/\\\/x.com\\\/notmercedinas\",\"https:\\\/\\\/www.instagram.com\\\/noticiasmercedinas\\\/\"]},{\"@type\":\"Person\",\"@id\":\"https:\\\/\\\/noticiasmercedinas.com\\\/site\\\/#\\\/schema\\\/person\\\/45cbccca776c0c5524a6d2a8f1b04acd\",\"name\":\"Adrian Terrizzano NOTICIASMERCEDINAS.COM\",\"image\":{\"@type\":\"ImageObject\",\"inLanguage\":\"es\",\"@id\":\"https:\\\/\\\/secure.gravatar.com\\\/avatar\\\/9bfd6dcfcf5cc28d74f7cefd9e87a6220d73f42949c5456b2b67674334db8bee?s=96&d=mm&r=g\",\"url\":\"https:\\\/\\\/secure.gravatar.com\\\/avatar\\\/9bfd6dcfcf5cc28d74f7cefd9e87a6220d73f42949c5456b2b67674334db8bee?s=96&d=mm&r=g\",\"contentUrl\":\"https:\\\/\\\/secure.gravatar.com\\\/avatar\\\/9bfd6dcfcf5cc28d74f7cefd9e87a6220d73f42949c5456b2b67674334db8bee?s=96&d=mm&r=g\",\"caption\":\"Adrian Terrizzano NOTICIASMERCEDINAS.COM\"},\"description\":\"Periodista experimentado. Aprendi\u00f3 el oficio en medios gr\u00e1ficos y digitales, comerciales, institucionales y comunitarios, radio y televisi\u00f3n. Actualmente en Noticias Mercedinas, Radio L\u00edder de Luj\u00e1n y Centro de Producci\u00f3n Audiovisual UNLu.\",\"sameAs\":[\"https:\\\/\\\/www.linkedin.com\\\/in\\\/adri\u00e1n-terrizzano-53795630\\\/\",\"https:\\\/\\\/x.com\\\/https:\\\/\\\/twitter.com\\\/AdrianTerri\"],\"url\":\"https:\\\/\\\/noticiasmercedinas.com\\\/site\\\/author\\\/adrian-terrizzano\\\/\"}]}<\/script>\n<!-- \/ Yoast SEO plugin. -->","yoast_head_json":{"title":"Destacan incremento del uso de casco en el centro","robots":{"index":"index","follow":"follow","max-snippet":"max-snippet:-1","max-image-preview":"max-image-preview:large","max-video-preview":"max-video-preview:-1"},"canonical":"https:\/\/noticiasmercedinas.com\/site\/2020\/05\/12\/destacan-incremento-del-uso-de-casco-en-el-centro\/","og_locale":"es_ES","og_type":"article","og_title":"Destacan incremento del uso de casco en el centro","og_description":"El subsecretario de Seguridad del Municipio, Gonzalo Anselmo, destac\u00f3 que \u201cse nota un mayor uso del casco en este \u00faltimo tiempo, sobre todo en el radio c\u00e9ntrico\u201d, en el marco de los operativos viales y de inspecci\u00f3n de elementos de seguridad vial que llevan adelante. \u201cLos motociclistas vienen tomando mayor conciencia de la importancia del [&hellip;]","og_url":"https:\/\/noticiasmercedinas.com\/site\/2020\/05\/12\/destacan-incremento-del-uso-de-casco-en-el-centro\/","og_site_name":"NOTICIASMERCEDINAS.COM","article_publisher":"https:\/\/www.facebook.com\/noticiasmercedinas\/","article_published_time":"2020-05-13T00:11:18+00:00","article_modified_time":"2020-05-13T00:14:21+00:00","og_image":[{"width":640,"height":445,"url":"https:\/\/noticiasmercedinas.com\/site\/wp-content\/uploads\/2020\/05\/control_casco.jpeg","type":"image\/jpeg"}],"author":"Adrian Terrizzano NOTICIASMERCEDINAS.COM","twitter_card":"summary_large_image","twitter_creator":"@https:\/\/twitter.com\/AdrianTerri","twitter_site":"@notmercedinas","twitter_misc":{"Escrito por":"Adrian Terrizzano NOTICIASMERCEDINAS.COM","Tiempo de lectura":"1 minuto"},"schema":{"@context":"https:\/\/schema.org","@graph":[{"@type":"Article","@id":"https:\/\/noticiasmercedinas.com\/site\/2020\/05\/12\/destacan-incremento-del-uso-de-casco-en-el-centro\/#article","isPartOf":{"@id":"https:\/\/noticiasmercedinas.com\/site\/2020\/05\/12\/destacan-incremento-del-uso-de-casco-en-el-centro\/"},"author":{"name":"Adrian Terrizzano NOTICIASMERCEDINAS.COM","@id":"https:\/\/noticiasmercedinas.com\/site\/#\/schema\/person\/45cbccca776c0c5524a6d2a8f1b04acd"},"headline":"Destacan incremento del uso de casco en el centro","datePublished":"2020-05-13T00:11:18+00:00","dateModified":"2020-05-13T00:14:21+00:00","mainEntityOfPage":{"@id":"https:\/\/noticiasmercedinas.com\/site\/2020\/05\/12\/destacan-incremento-del-uso-de-casco-en-el-centro\/"},"wordCount":225,"commentCount":0,"publisher":{"@id":"https:\/\/noticiasmercedinas.com\/site\/#organization"},"image":{"@id":"https:\/\/noticiasmercedinas.com\/site\/2020\/05\/12\/destacan-incremento-del-uso-de-casco-en-el-centro\/#primaryimage"},"thumbnailUrl":"https:\/\/noticiasmercedinas.com\/site\/wp-content\/uploads\/2020\/05\/control_casco.jpeg","keywords":["casco","Gast\u00f3n Arenas","gonzalo anselmo","Seguridad Vial"],"articleSection":["Seguridad"],"inLanguage":"es","potentialAction":[{"@type":"CommentAction","name":"Comment","target":["https:\/\/noticiasmercedinas.com\/site\/2020\/05\/12\/destacan-incremento-del-uso-de-casco-en-el-centro\/#respond"]}]},{"@type":"WebPage","@id":"https:\/\/noticiasmercedinas.com\/site\/2020\/05\/12\/destacan-incremento-del-uso-de-casco-en-el-centro\/","url":"https:\/\/noticiasmercedinas.com\/site\/2020\/05\/12\/destacan-incremento-del-uso-de-casco-en-el-centro\/","name":"Destacan incremento del uso de casco en el centro","isPartOf":{"@id":"https:\/\/noticiasmercedinas.com\/site\/#website"},"primaryImageOfPage":{"@id":"https:\/\/noticiasmercedinas.com\/site\/2020\/05\/12\/destacan-incremento-del-uso-de-casco-en-el-centro\/#primaryimage"},"image":{"@id":"https:\/\/noticiasmercedinas.com\/site\/2020\/05\/12\/destacan-incremento-del-uso-de-casco-en-el-centro\/#primaryimage"},"thumbnailUrl":"https:\/\/noticiasmercedinas.com\/site\/wp-content\/uploads\/2020\/05\/control_casco.jpeg","datePublished":"2020-05-13T00:11:18+00:00","dateModified":"2020-05-13T00:14:21+00:00","breadcrumb":{"@id":"https:\/\/noticiasmercedinas.com\/site\/2020\/05\/12\/destacan-incremento-del-uso-de-casco-en-el-centro\/#breadcrumb"},"inLanguage":"es","potentialAction":[{"@type":"ReadAction","target":["https:\/\/noticiasmercedinas.com\/site\/2020\/05\/12\/destacan-incremento-del-uso-de-casco-en-el-centro\/"]}]},{"@type":"ImageObject","inLanguage":"es","@id":"https:\/\/noticiasmercedinas.com\/site\/2020\/05\/12\/destacan-incremento-del-uso-de-casco-en-el-centro\/#primaryimage","url":"https:\/\/noticiasmercedinas.com\/site\/wp-content\/uploads\/2020\/05\/control_casco.jpeg","contentUrl":"https:\/\/noticiasmercedinas.com\/site\/wp-content\/uploads\/2020\/05\/control_casco.jpeg","width":640,"height":445},{"@type":"BreadcrumbList","@id":"https:\/\/noticiasmercedinas.com\/site\/2020\/05\/12\/destacan-incremento-del-uso-de-casco-en-el-centro\/#breadcrumb","itemListElement":[{"@type":"ListItem","position":1,"name":"Portada","item":"https:\/\/noticiasmercedinas.com\/site\/"},{"@type":"ListItem","position":2,"name":"Destacan incremento del uso de casco en el centro"}]},{"@type":"WebSite","@id":"https:\/\/noticiasmercedinas.com\/site\/#website","url":"https:\/\/noticiasmercedinas.com\/site\/","name":"NOTICIASMERCEDINAS.COM","description":"Mercedes, Buenos Aires, Argentina","publisher":{"@id":"https:\/\/noticiasmercedinas.com\/site\/#organization"},"potentialAction":[{"@type":"SearchAction","target":{"@type":"EntryPoint","urlTemplate":"https:\/\/noticiasmercedinas.com\/site\/?s={search_term_string}"},"query-input":{"@type":"PropertyValueSpecification","valueRequired":true,"valueName":"search_term_string"}}],"inLanguage":"es"},{"@type":"Organization","@id":"https:\/\/noticiasmercedinas.com\/site\/#organization","name":"NOTICIASMERCEDINAS.COM","url":"https:\/\/noticiasmercedinas.com\/site\/","logo":{"@type":"ImageObject","inLanguage":"es","@id":"https:\/\/noticiasmercedinas.com\/site\/#\/schema\/logo\/image\/","url":"https:\/\/noticiasmercedinas.com\/site\/wp-content\/uploads\/2020\/06\/LOGO-512.jpg","contentUrl":"https:\/\/noticiasmercedinas.com\/site\/wp-content\/uploads\/2020\/06\/LOGO-512.jpg","width":512,"height":512,"caption":"NOTICIASMERCEDINAS.COM"},"image":{"@id":"https:\/\/noticiasmercedinas.com\/site\/#\/schema\/logo\/image\/"},"sameAs":["https:\/\/www.facebook.com\/noticiasmercedinas\/","https:\/\/x.com\/notmercedinas","https:\/\/www.instagram.com\/noticiasmercedinas\/"]},{"@type":"Person","@id":"https:\/\/noticiasmercedinas.com\/site\/#\/schema\/person\/45cbccca776c0c5524a6d2a8f1b04acd","name":"Adrian Terrizzano NOTICIASMERCEDINAS.COM","image":{"@type":"ImageObject","inLanguage":"es","@id":"https:\/\/secure.gravatar.com\/avatar\/9bfd6dcfcf5cc28d74f7cefd9e87a6220d73f42949c5456b2b67674334db8bee?s=96&d=mm&r=g","url":"https:\/\/secure.gravatar.com\/avatar\/9bfd6dcfcf5cc28d74f7cefd9e87a6220d73f42949c5456b2b67674334db8bee?s=96&d=mm&r=g","contentUrl":"https:\/\/secure.gravatar.com\/avatar\/9bfd6dcfcf5cc28d74f7cefd9e87a6220d73f42949c5456b2b67674334db8bee?s=96&d=mm&r=g","caption":"Adrian Terrizzano NOTICIASMERCEDINAS.COM"},"description":"Periodista experimentado. Aprendi\u00f3 el oficio en medios gr\u00e1ficos y digitales, comerciales, institucionales y comunitarios, radio y televisi\u00f3n. Actualmente en Noticias Mercedinas, Radio L\u00edder de Luj\u00e1n y Centro de Producci\u00f3n Audiovisual UNLu.","sameAs":["https:\/\/www.linkedin.com\/in\/adri\u00e1n-terrizzano-53795630\/","https:\/\/x.com\/https:\/\/twitter.com\/AdrianTerri"],"url":"https:\/\/noticiasmercedinas.com\/site\/author\/adrian-terrizzano\/"}]}},"amp_enabled":true,"_links":{"self":[{"href":"https:\/\/noticiasmercedinas.com\/site\/wp-json\/wp\/v2\/posts\/44986","targetHints":{"allow":["GET"]}}],"collection":[{"href":"https:\/\/noticiasmercedinas.com\/site\/wp-json\/wp\/v2\/posts"}],"about":[{"href":"https:\/\/noticiasmercedinas.com\/site\/wp-json\/wp\/v2\/types\/post"}],"author":[{"embeddable":true,"href":"https:\/\/noticiasmercedinas.com\/site\/wp-json\/wp\/v2\/users\/3"}],"replies":[{"embeddable":true,"href":"https:\/\/noticiasmercedinas.com\/site\/wp-json\/wp\/v2\/comments?post=44986"}],"version-history":[{"count":3,"href":"https:\/\/noticiasmercedinas.com\/site\/wp-json\/wp\/v2\/posts\/44986\/revisions"}],"predecessor-version":[{"id":44991,"href":"https:\/\/noticiasmercedinas.com\/site\/wp-json\/wp\/v2\/posts\/44986\/revisions\/44991"}],"wp:featuredmedia":[{"embeddable":true,"href":"https:\/\/noticiasmercedinas.com\/site\/wp-json\/wp\/v2\/media\/44987"}],"wp:attachment":[{"href":"https:\/\/noticiasmercedinas.com\/site\/wp-json\/wp\/v2\/media?parent=44986"}],"wp:term":[{"taxonomy":"category","embeddable":true,"href":"https:\/\/noticiasmercedinas.com\/site\/wp-json\/wp\/v2\/categories?post=44986"},{"taxonomy":"post_tag","embeddable":true,"href":"https:\/\/noticiasmercedinas.com\/site\/wp-json\/wp\/v2\/tags?post=44986"}],"curies":[{"name":"wp","href":"https:\/\/api.w.org\/{rel}","templated":true}]}}