{"id":45192,"date":"2020-05-16T11:47:51","date_gmt":"2020-05-16T14:47:51","guid":{"rendered":"https:\/\/noticiasmercedinas.com\/site\/?p=45192"},"modified":"2020-05-16T11:49:31","modified_gmt":"2020-05-16T14:49:31","slug":"museos-bonaerenses-celebran-su-dia-desde-las-redes-sociales","status":"publish","type":"post","link":"https:\/\/noticiasmercedinas.com\/site\/2020\/05\/16\/museos-bonaerenses-celebran-su-dia-desde-las-redes-sociales\/","title":{"rendered":"Museos bonaerenses celebran su d\u00eda desde las redes sociales"},"content":{"rendered":"<p><strong><img loading=\"lazy\" decoding=\"async\" class=\"alignnone size-full wp-image-45193\" src=\"https:\/\/noticiasmercedinas.com\/site\/wp-content\/uploads\/2020\/05\/Museo-de-Ciencias-Naturales-de-La-Plata.jpg\" alt=\"\" width=\"932\" height=\"616\" srcset=\"https:\/\/noticiasmercedinas.com\/site\/wp-content\/uploads\/2020\/05\/Museo-de-Ciencias-Naturales-de-La-Plata.jpg 932w, https:\/\/noticiasmercedinas.com\/site\/wp-content\/uploads\/2020\/05\/Museo-de-Ciencias-Naturales-de-La-Plata-300x198.jpg 300w, https:\/\/noticiasmercedinas.com\/site\/wp-content\/uploads\/2020\/05\/Museo-de-Ciencias-Naturales-de-La-Plata-768x508.jpg 768w, https:\/\/noticiasmercedinas.com\/site\/wp-content\/uploads\/2020\/05\/Museo-de-Ciencias-Naturales-de-La-Plata-640x423.jpg 640w, https:\/\/noticiasmercedinas.com\/site\/wp-content\/uploads\/2020\/05\/Museo-de-Ciencias-Naturales-de-La-Plata-681x450.jpg 681w\" sizes=\"auto, (max-width: 932px) 100vw, 932px\" \/><\/strong><\/p>\n<p style=\"font-weight: 400;\">Varios municipios de la provincia de Buenos Aires festejar\u00e1n el lunes 18 de mayo el D\u00eda Internacional de los Museos, sum\u00e1ndose a la tendencia global de conmemorar esta fecha con diversas actividades a trav\u00e9s de sus redes sociales en el marco del Aislamiento Social, Preventivo y Obligatorio (ASPO). Las propuestas incluir\u00e1n desde juegos l\u00fadicos y exposiciones virtuales hasta la exhibici\u00f3n de un archivo \u00fanico en Iberoam\u00e9rica sobre los Tres Chiflados, entre otras novedades.<\/p>\n<p style=\"font-weight: 400;\">El Consejo Internacional de los Museos (ICOM, por su sigla en ingl\u00e9s) oficializ\u00f3 el 18 de mayo de 1977 como el d\u00eda para homenajear a estas instituciones. De acuerdo con esa entidad la consigna para la edici\u00f3n 2020 ser\u00e1 \u201cMuseos por la igualdad: diversidad e inclusi\u00f3n\u201d, con el objetivo de \u201ccelebrar la diversidad\u201d y\u00a0 \u201cpromover herramientas para identificar y superar los prejuicios en lo que los museos muestran y en las historias que cuentan\u201d. Desde ICOM utilizar\u00e1n el hashtag #DIM2020 en sus cuentas de las distintas plataformas.<\/p>\n<p style=\"font-weight: 400;\">Desde el\u00a0<span style=\"color: #000080;\"><strong><a style=\"color: #000080;\" href=\"https:\/\/www.museo.fcnym.unlp.edu.ar\/\" data-saferedirecturl=\"https:\/\/www.google.com\/url?q=https:\/\/www.museo.fcnym.unlp.edu.ar\/&amp;source=gmail&amp;ust=1589725685231000&amp;usg=AFQjCNGQS0lDjiUi9uupAJRg9IjXIIPHZQ\">Museo de Ciencias Naturales<\/a><\/strong>\u00a0<\/span>de la Universidad Nacional de La Plata (UNLP), ubicado en el Paseo del Bosque de la capital bonaerense, informaron que a partir del 18 de mayo a trav\u00e9s de\u00a0<strong><a href=\"https:\/\/www.instagram.com\/museodelaplata\/?hl=es-la\" data-saferedirecturl=\"https:\/\/www.google.com\/url?q=https:\/\/www.instagram.com\/museodelaplata\/?hl%3Des-la&amp;source=gmail&amp;ust=1589725685232000&amp;usg=AFQjCNEqnBTrhnVlkozMVzpbKCuqiAFLUQ\"><span style=\"color: #000080;\">@museodelaplata<\/span><\/a>\u00a0<\/strong>(IG) y\u00a0<span style=\"color: #000080;\"><strong><a style=\"color: #000080;\" href=\"https:\/\/www.facebook.com\/MuseoLP\/\" data-saferedirecturl=\"https:\/\/www.google.com\/url?q=https:\/\/www.facebook.com\/MuseoLP\/&amp;source=gmail&amp;ust=1589725685232000&amp;usg=AFQjCNHNlR2FsZF0EKSCMbiBBD0vU-YqEw\">@MuseoLP<\/a><\/strong>\u00a0<\/span>(FB) realizar\u00e1n una trivia sobre el edificio y la fundaci\u00f3n de esta instituci\u00f3n que en 1997 fue declarada Monumento Hist\u00f3rico Nacional. Adem\u00e1s indicaron que se invitar\u00e1 a los usuarios a compartir un recuerdo de su paso por el museo mediante fotos y mensajes.<\/p>\n<p style=\"font-weight: 400;\">Otro de los modos de acercarse al Museo y conocer las \u00e1reas de Geolog\u00eda, Paleontolog\u00eda, Biolog\u00eda y Antropolog\u00eda ser\u00e1 a trav\u00e9s del tour virtual que propone la web\u00a0<strong><span style=\"color: #000080;\"><a style=\"color: #000080;\" href=\"https:\/\/360grados.com.ar\/?portfolio=museo-ciencias-naturales\" data-saferedirecturl=\"https:\/\/www.google.com\/url?q=https:\/\/360grados.com.ar\/?portfolio%3Dmuseo-ciencias-naturales&amp;source=gmail&amp;ust=1589725685232000&amp;usg=AFQjCNGos3gAJsc9kq3edP21MP0WX1bLzA\">360grados<\/a><\/span><\/strong>.<\/p>\n<p style=\"font-weight: 400;\">Por su parte, el municipio de Almirante Brown \u201cinvitar\u00e1 a conocer el patrimonio local sin salir de casa\u201d desde <span style=\"color: #000080;\"><a style=\"color: #000080;\" href=\"https:\/\/www.instagram.com\/descubribrown\/?hl=es-la\" data-saferedirecturl=\"https:\/\/www.google.com\/url?q=https:\/\/www.instagram.com\/descubribrown\/?hl%3Des-la&amp;source=gmail&amp;ust=1589725685232000&amp;usg=AFQjCNHsUZS5Hp4lwzVdklNQmebiT9Rkcw\"><strong>@descubribrown<\/strong><\/a><\/span>\u00a0 (IG), donde se postear\u00e1n im\u00e1genes de los museos para que\u00a0 los usuarios\u00a0 adivinen de qu\u00e9 lugar se trata mientras que para los m\u00e1s peque\u00f1os habr\u00e1 juegos did\u00e1cticos. En la cuenta de Facebook, con el mismo nombre, se publicar\u00e1 un video con los museos de ese destino.<\/p>\n<p style=\"font-weight: 400;\">En tanto el lunes a las 15:30, en la cuenta de Facebook <strong><span style=\"color: #000080;\"><a style=\"color: #000080;\" href=\"https:\/\/www.facebook.com\/InstitutoDeLasCulturasBrown\/\" data-saferedirecturl=\"https:\/\/www.google.com\/url?q=https:\/\/www.facebook.com\/InstitutoDeLasCulturasBrown\/&amp;source=gmail&amp;ust=1589725685232000&amp;usg=AFQjCNGHMBOh4iBuAlMg58h0E0lsef1jiw\">@InstitutoDeLasCulturasBrown<\/a><\/span><\/strong>\u00a0 se realizar\u00e1 una visita on line al Museo C\u00f3simo Manigrasso y a las 18:30 se recorrer\u00e1 la Fundaci\u00f3n Ra\u00fal Soldi. En <span style=\"color: #000080;\"><a style=\"color: #000080;\" href=\"https:\/\/www.instagram.com\/institutodelasculturasbrown\/?hl=es-la\" data-saferedirecturl=\"https:\/\/www.google.com\/url?q=https:\/\/www.instagram.com\/institutodelasculturasbrown\/?hl%3Des-la&amp;source=gmail&amp;ust=1589725685232000&amp;usg=AFQjCNENdzQhXDvjUGrGxJCzscyVxVqhMw\"><strong>@institutodelasculturasbrown<\/strong><\/a><\/span>\u00a0(IG) se subir\u00e1n fotos de museos del distrito con una rese\u00f1a hist\u00f3rica, ubicaci\u00f3n y contacto.<\/p>\n<p style=\"font-weight: 400;\">Una de las propuestas destacadas que ofrece este distrito bonaerense es el Chifladoseo (conjunci\u00f3n entre chiflado y museo) o Museo de los Tres Chiflados, que el lunes a las 17:00 horas desde <strong><span style=\"color: #000080;\"><a style=\"color: #000080;\" href=\"https:\/\/www.instagram.com\/chifladoseo\/?hl=es-la\" data-saferedirecturl=\"https:\/\/www.google.com\/url?q=https:\/\/www.instagram.com\/chifladoseo\/?hl%3Des-la&amp;source=gmail&amp;ust=1589725685232000&amp;usg=AFQjCNFFqNqeIfrwu9dcyEYVtLJiiNv-KA\">@chifladoseo<\/a><\/span><\/strong>\u00a0(IG) mostrar\u00e1 sus archivos y parte de su colecci\u00f3n en una transmisi\u00f3n en vivo. En la descripci\u00f3n de la bio de IG se informa que es \u201cel primer y \u00fanico museo sobre los Tres Chiflados en toda Iberoam\u00e9rica\u201d.<\/p>\n<p style=\"font-weight: 400;\">El pago gaucho de General Madariaga tendr\u00e1 festejos por partida doble ya que el pr\u00f3ximo lunes el museo paleontol\u00f3gico \u201cTuyu Mapu\u201d cumplir\u00e1 10 a\u00f1os de su fundaci\u00f3n y a trav\u00e9s de\u00a0 <strong><span style=\"color: #000080;\"><a style=\"color: #000080;\" href=\"https:\/\/www.instagram.com\/museotuyumapu\/?hl=es-la\" data-saferedirecturl=\"https:\/\/www.google.com\/url?q=https:\/\/www.instagram.com\/museotuyumapu\/?hl%3Des-la&amp;source=gmail&amp;ust=1589725685232000&amp;usg=AFQjCNF0Y22h65VmHtuMdOovDOq2udDCqA\">@museotuyumapu<\/a><\/span><\/strong>\u00a0(IG) y de <span style=\"color: #000080;\">@<strong><a style=\"color: #000080;\" href=\"https:\/\/www.facebook.com\/Museo-Arqueol%C3%B3gico-Paleontol%C3%B3gico-Tuy%C3%BA-Mapu-842599112440731\/\" data-saferedirecturl=\"https:\/\/www.google.com\/url?q=https:\/\/www.facebook.com\/Museo-Arqueol%25C3%25B3gico-Paleontol%25C3%25B3gico-Tuy%25C3%25BA-Mapu-842599112440731\/&amp;source=gmail&amp;ust=1589725685232000&amp;usg=AFQjCNHpSCwqywVAj6kPCsAwwv10aKEi4g\">Museo Arqueol\u00f3gico-Paleontol\u00f3gico Tuy\u00fa Mapu <\/a><\/strong><\/span>( FB) se invitar\u00e1 a la gente a compartir fotos de sus visitas utilizando el hashtag #tuyumapu10a\u00f1os.<\/p>\n<p style=\"font-weight: 400;\">Durante la pr\u00f3xima semana se subir\u00e1 una galer\u00eda con fotos de la ciudad que pertenecen al banco de im\u00e1genes del\u00a0Museo Hist\u00f3rico del Tuy\u00fa y del Archivo Hist\u00f3rico Municipal que\u00a0 podr\u00e1n verse en\u00a0<strong><span style=\"color: #000080;\"><a style=\"color: #000080;\" href=\"https:\/\/www.facebook.com\/museotuyu\/\" data-saferedirecturl=\"https:\/\/www.google.com\/url?q=https:\/\/www.facebook.com\/museotuyu\/&amp;source=gmail&amp;ust=1589725685232000&amp;usg=AFQjCNEUq97MvvRZ1P1T6repuJsTsClPsw\">@museotuyu<\/a>\u00a0<\/span><\/strong>(FB),\u00a0<strong><span style=\"color: #000080;\"><a style=\"color: #000080;\" href=\"https:\/\/www.instagram.com\/museodeltuyu\/?hl=es-la\" data-saferedirecturl=\"https:\/\/www.google.com\/url?q=https:\/\/www.instagram.com\/museodeltuyu\/?hl%3Des-la&amp;source=gmail&amp;ust=1589725685232000&amp;usg=AFQjCNHeo-LbTaQzwasJKLtsf7TJRtETuw\">@museodeltuyu<\/a>\u00a0<\/span><\/strong>(IG);\u00a0<strong><span style=\"color: #000080;\"><a style=\"color: #000080;\" href=\"https:\/\/www.facebook.com\/TurismoMadariaga\/\" data-saferedirecturl=\"https:\/\/www.google.com\/url?q=https:\/\/www.facebook.com\/TurismoMadariaga\/&amp;source=gmail&amp;ust=1589725685232000&amp;usg=AFQjCNFSvcbZTwgojdpxckwj8djLC-7HxQ\">@turismomadariaga<\/a><\/span><\/strong>\u00a0(FB) y\u00a0<strong><span style=\"color: #000080;\"><a style=\"color: #000080;\" href=\"https:\/\/www.instagram.com\/turismomadariaga\/?hl=es-la\" data-saferedirecturl=\"https:\/\/www.google.com\/url?q=https:\/\/www.instagram.com\/turismomadariaga\/?hl%3Des-la&amp;source=gmail&amp;ust=1589725685232000&amp;usg=AFQjCNEE7Y9RO9WmRlU0EksDQzwf1XXegw\">@turismomadariaga<\/a><\/span><\/strong>\u00a0(IG). Adem\u00e1s las im\u00e1genes podr\u00e1n descargarse desde la web de\u00a0<a href=\"http:\/\/www.turismo.madariaga.gob.ar\/\" data-saferedirecturl=\"https:\/\/www.google.com\/url?q=http:\/\/www.turismo.madariaga.gob.ar\/&amp;source=gmail&amp;ust=1589725685232000&amp;usg=AFQjCNHSR9PaKuHFMXIYrVPhtDvvR5NGVw\"><strong><span style=\"color: #000080;\">Turismo Madariaga<\/span><\/strong><\/a>.<\/p>\n<p style=\"font-weight: 400;\">En tanto, tres museos del distrito de Patagones tendr\u00e1n su homenaje en\u00a0<strong><span style=\"color: #000080;\"><a style=\"color: #000080;\" href=\"https:\/\/www.instagram.com\/turismopatagones\/?hl=es-la\" data-saferedirecturl=\"https:\/\/www.google.com\/url?q=https:\/\/www.instagram.com\/turismopatagones\/?hl%3Des-la&amp;source=gmail&amp;ust=1589725685232000&amp;usg=AFQjCNHHl_DA7I1EVXJ-Eg1V6CmGTqd4ng\">@TurismoPatagones<\/a><\/span><\/strong> (IG) y en <strong><span style=\"color: #000080;\"><a style=\"color: #000080;\" href=\"https:\/\/www.facebook.com\/Turismo-Municipalidad-de-Patagones-319697678154536\/\" data-saferedirecturl=\"https:\/\/www.google.com\/url?q=https:\/\/www.facebook.com\/Turismo-Municipalidad-de-Patagones-319697678154536\/&amp;source=gmail&amp;ust=1589725685232000&amp;usg=AFQjCNHl-txOmlMiVy2RnA5ZSC512XaQjA\">@TurismoMunicipalidaddePatagones<\/a><\/span><\/strong>\u00a0(FB) con fotos de sus fachadas y de su interior. Se subir\u00e1n im\u00e1genes del Museo\u00a0Hist\u00f3rico Regional Emma Nozzi en cuyo patio interno se encuentra una cueva hogar de los primeros colonizadores del siglo XVIII. Tambi\u00e9n en esas cuentas se expondr\u00e1n los museos de la Prefectura Naval Argentina ubicado en un edificio del 1900, y de Stroeder que a trav\u00e9s de sus objetos cuenta la vida de la estaci\u00f3n del ferrocarril local.<\/p>\n<p style=\"font-weight: 400;\">Por otro lado,\u00a0<strong><span style=\"color: #000080;\"><a style=\"color: #000080;\" href=\"https:\/\/www.instagram.com\/lapridaturismo\/?hl=es-la\" data-saferedirecturl=\"https:\/\/www.google.com\/url?q=https:\/\/www.instagram.com\/lapridaturismo\/?hl%3Des-la&amp;source=gmail&amp;ust=1589725685232000&amp;usg=AFQjCNFzR0veDIJz3RfJYnrxS1wkyEWBrQ\">@LapridaTurismo<\/a>\u00a0<\/span><\/strong>(IG y FB) compartir\u00e1 videos e im\u00e1genes del Museo del Agua\u00a0\u00a0y tambi\u00e9n de las obras del \u201carquitecto de las pampas\u201d Francisco Salamone\u00a0que dise\u00f1\u00f3 y construy\u00f3 la municipalidad, el matadero, la plaza y el cementerio de ese municipio en su caracter\u00edstico estilo Art Dec\u00f3.<\/p>\n<p style=\"font-weight: 400;\">La propuestas de Balcarce en\u00a0<strong><span style=\"color: #000080;\"><a style=\"color: #000080;\" href=\"https:\/\/www.instagram.com\/turismobalcarce\/?hl=es-la\" data-saferedirecturl=\"https:\/\/www.google.com\/url?q=https:\/\/www.instagram.com\/turismobalcarce\/?hl%3Des-la&amp;source=gmail&amp;ust=1589725685232000&amp;usg=AFQjCNGIkCASW4k7KgswKTpJ6tDpKrmkzA\">@turismobalcarce<\/a> <\/span><\/strong>(IG) y en <strong><span style=\"color: #000080;\"><a style=\"color: #000080;\" href=\"https:\/\/www.facebook.com\/subsecretariadeturismo.balcarce\/\" data-saferedirecturl=\"https:\/\/www.google.com\/url?q=https:\/\/www.facebook.com\/subsecretariadeturismo.balcarce\/&amp;source=gmail&amp;ust=1589725685232000&amp;usg=AFQjCNH7Z58O2PkWVLsuCTtuFNo6Iv2inA\">@subsecretariadeturismo.balcarce<\/a><\/span><\/strong>\u00a0(FB) incluyen\u00a0 la publicaci\u00f3n de un video sobre el Museo Fangio y una recorrida 360\u00b0 por el aut\u00f3dromo.<\/p>\n<p style=\"font-weight: 400;\">Los museos son un modo de conocer la historia de un pueblo desde distintas \u00f3pticas, con sus historias, personajes y patrimonio. En este presente, las redes sociales permitir\u00e1n sortear las distancias y nos llevar\u00e1n a descubrir sitios que no imagin\u00e1bamos que exist\u00edan.<\/p>\n<p><img loading=\"lazy\" decoding=\"async\" class=\"alignnone size-full wp-image-45194\" src=\"https:\/\/noticiasmercedinas.com\/site\/wp-content\/uploads\/2020\/05\/Almirante-Brown-Fundaci\u00f3n-Soldi.jpg\" alt=\"\" width=\"906\" height=\"614\" srcset=\"https:\/\/noticiasmercedinas.com\/site\/wp-content\/uploads\/2020\/05\/Almirante-Brown-Fundaci\u00f3n-Soldi.jpg 906w, https:\/\/noticiasmercedinas.com\/site\/wp-content\/uploads\/2020\/05\/Almirante-Brown-Fundaci\u00f3n-Soldi-300x203.jpg 300w, https:\/\/noticiasmercedinas.com\/site\/wp-content\/uploads\/2020\/05\/Almirante-Brown-Fundaci\u00f3n-Soldi-768x520.jpg 768w, https:\/\/noticiasmercedinas.com\/site\/wp-content\/uploads\/2020\/05\/Almirante-Brown-Fundaci\u00f3n-Soldi-640x434.jpg 640w, https:\/\/noticiasmercedinas.com\/site\/wp-content\/uploads\/2020\/05\/Almirante-Brown-Fundaci\u00f3n-Soldi-681x462.jpg 681w\" sizes=\"auto, (max-width: 906px) 100vw, 906px\" \/><\/p>\n","protected":false},"excerpt":{"rendered":"<p>Varios municipios de la provincia de Buenos Aires festejar\u00e1n el lunes 18 de mayo el D\u00eda Internacional de los Museos, sum\u00e1ndose a la tendencia global de conmemorar esta fecha con diversas actividades a trav\u00e9s de sus redes sociales en el marco del Aislamiento Social, Preventivo y Obligatorio (ASPO). Las propuestas incluir\u00e1n desde juegos l\u00fadicos y [&hellip;]<\/p>\n","protected":false},"author":16,"featured_media":45193,"comment_status":"open","ping_status":"open","sticky":false,"template":"","format":"standard","meta":{"footnotes":""},"categories":[7919],"tags":[8902,142],"class_list":["post-45192","post","type-post","status-publish","format-standard","has-post-thumbnail","hentry","category-provinciales","tag-museos","tag-provincia"],"yoast_head":"<!-- This site is optimized with the Yoast SEO plugin v27.5 - https:\/\/yoast.com\/product\/yoast-seo-wordpress\/ -->\n<title>Museos bonaerenses celebran su d\u00eda desde las redes sociales<\/title>\n<meta name=\"robots\" content=\"index, follow, max-snippet:-1, max-image-preview:large, max-video-preview:-1\" \/>\n<link rel=\"canonical\" href=\"https:\/\/noticiasmercedinas.com\/site\/2020\/05\/16\/museos-bonaerenses-celebran-su-dia-desde-las-redes-sociales\/\" \/>\n<meta property=\"og:locale\" content=\"es_ES\" \/>\n<meta property=\"og:type\" content=\"article\" \/>\n<meta property=\"og:title\" content=\"Museos bonaerenses celebran su d\u00eda desde las redes sociales\" \/>\n<meta property=\"og:description\" content=\"Varios municipios de la provincia de Buenos Aires festejar\u00e1n el lunes 18 de mayo el D\u00eda Internacional de los Museos, sum\u00e1ndose a la tendencia global de conmemorar esta fecha con diversas actividades a trav\u00e9s de sus redes sociales en el marco del Aislamiento Social, Preventivo y Obligatorio (ASPO). Las propuestas incluir\u00e1n desde juegos l\u00fadicos y [&hellip;]\" \/>\n<meta property=\"og:url\" content=\"https:\/\/noticiasmercedinas.com\/site\/2020\/05\/16\/museos-bonaerenses-celebran-su-dia-desde-las-redes-sociales\/\" \/>\n<meta property=\"og:site_name\" content=\"NOTICIASMERCEDINAS.COM\" \/>\n<meta property=\"article:publisher\" content=\"https:\/\/www.facebook.com\/noticiasmercedinas\/\" \/>\n<meta property=\"article:published_time\" content=\"2020-05-16T14:47:51+00:00\" \/>\n<meta property=\"article:modified_time\" content=\"2020-05-16T14:49:31+00:00\" \/>\n<meta property=\"og:image\" content=\"https:\/\/noticiasmercedinas.com\/site\/wp-content\/uploads\/2020\/05\/Museo-de-Ciencias-Naturales-de-La-Plata.jpg\" \/>\n\t<meta property=\"og:image:width\" content=\"932\" \/>\n\t<meta property=\"og:image:height\" content=\"616\" \/>\n\t<meta property=\"og:image:type\" content=\"image\/jpeg\" \/>\n<meta name=\"author\" content=\"NOTICIASMERCEDINAS.COM\" \/>\n<meta name=\"twitter:card\" content=\"summary_large_image\" \/>\n<meta name=\"twitter:creator\" content=\"@notmercedinas\" \/>\n<meta name=\"twitter:site\" content=\"@notmercedinas\" \/>\n<meta name=\"twitter:label1\" content=\"Escrito por\" \/>\n\t<meta name=\"twitter:data1\" content=\"NOTICIASMERCEDINAS.COM\" \/>\n\t<meta name=\"twitter:label2\" content=\"Tiempo de lectura\" \/>\n\t<meta name=\"twitter:data2\" content=\"4 minutos\" \/>\n<script type=\"application\/ld+json\" class=\"yoast-schema-graph\">{\"@context\":\"https:\\\/\\\/schema.org\",\"@graph\":[{\"@type\":\"Article\",\"@id\":\"https:\\\/\\\/noticiasmercedinas.com\\\/site\\\/2020\\\/05\\\/16\\\/museos-bonaerenses-celebran-su-dia-desde-las-redes-sociales\\\/#article\",\"isPartOf\":{\"@id\":\"https:\\\/\\\/noticiasmercedinas.com\\\/site\\\/2020\\\/05\\\/16\\\/museos-bonaerenses-celebran-su-dia-desde-las-redes-sociales\\\/\"},\"author\":{\"name\":\"NOTICIASMERCEDINAS.COM\",\"@id\":\"https:\\\/\\\/noticiasmercedinas.com\\\/site\\\/#\\\/schema\\\/person\\\/84b59c099c28ff2e8b77d4ceec5d8063\"},\"headline\":\"Museos bonaerenses celebran su d\u00eda desde las redes sociales\",\"datePublished\":\"2020-05-16T14:47:51+00:00\",\"dateModified\":\"2020-05-16T14:49:31+00:00\",\"mainEntityOfPage\":{\"@id\":\"https:\\\/\\\/noticiasmercedinas.com\\\/site\\\/2020\\\/05\\\/16\\\/museos-bonaerenses-celebran-su-dia-desde-las-redes-sociales\\\/\"},\"wordCount\":849,\"commentCount\":0,\"publisher\":{\"@id\":\"https:\\\/\\\/noticiasmercedinas.com\\\/site\\\/#organization\"},\"image\":{\"@id\":\"https:\\\/\\\/noticiasmercedinas.com\\\/site\\\/2020\\\/05\\\/16\\\/museos-bonaerenses-celebran-su-dia-desde-las-redes-sociales\\\/#primaryimage\"},\"thumbnailUrl\":\"https:\\\/\\\/noticiasmercedinas.com\\\/site\\\/wp-content\\\/uploads\\\/2020\\\/05\\\/Museo-de-Ciencias-Naturales-de-La-Plata.jpg\",\"keywords\":[\"museos\",\"provincia\"],\"articleSection\":[\"Provinciales\"],\"inLanguage\":\"es\",\"potentialAction\":[{\"@type\":\"CommentAction\",\"name\":\"Comment\",\"target\":[\"https:\\\/\\\/noticiasmercedinas.com\\\/site\\\/2020\\\/05\\\/16\\\/museos-bonaerenses-celebran-su-dia-desde-las-redes-sociales\\\/#respond\"]}]},{\"@type\":\"WebPage\",\"@id\":\"https:\\\/\\\/noticiasmercedinas.com\\\/site\\\/2020\\\/05\\\/16\\\/museos-bonaerenses-celebran-su-dia-desde-las-redes-sociales\\\/\",\"url\":\"https:\\\/\\\/noticiasmercedinas.com\\\/site\\\/2020\\\/05\\\/16\\\/museos-bonaerenses-celebran-su-dia-desde-las-redes-sociales\\\/\",\"name\":\"Museos bonaerenses celebran su d\u00eda desde las redes sociales\",\"isPartOf\":{\"@id\":\"https:\\\/\\\/noticiasmercedinas.com\\\/site\\\/#website\"},\"primaryImageOfPage\":{\"@id\":\"https:\\\/\\\/noticiasmercedinas.com\\\/site\\\/2020\\\/05\\\/16\\\/museos-bonaerenses-celebran-su-dia-desde-las-redes-sociales\\\/#primaryimage\"},\"image\":{\"@id\":\"https:\\\/\\\/noticiasmercedinas.com\\\/site\\\/2020\\\/05\\\/16\\\/museos-bonaerenses-celebran-su-dia-desde-las-redes-sociales\\\/#primaryimage\"},\"thumbnailUrl\":\"https:\\\/\\\/noticiasmercedinas.com\\\/site\\\/wp-content\\\/uploads\\\/2020\\\/05\\\/Museo-de-Ciencias-Naturales-de-La-Plata.jpg\",\"datePublished\":\"2020-05-16T14:47:51+00:00\",\"dateModified\":\"2020-05-16T14:49:31+00:00\",\"breadcrumb\":{\"@id\":\"https:\\\/\\\/noticiasmercedinas.com\\\/site\\\/2020\\\/05\\\/16\\\/museos-bonaerenses-celebran-su-dia-desde-las-redes-sociales\\\/#breadcrumb\"},\"inLanguage\":\"es\",\"potentialAction\":[{\"@type\":\"ReadAction\",\"target\":[\"https:\\\/\\\/noticiasmercedinas.com\\\/site\\\/2020\\\/05\\\/16\\\/museos-bonaerenses-celebran-su-dia-desde-las-redes-sociales\\\/\"]}]},{\"@type\":\"ImageObject\",\"inLanguage\":\"es\",\"@id\":\"https:\\\/\\\/noticiasmercedinas.com\\\/site\\\/2020\\\/05\\\/16\\\/museos-bonaerenses-celebran-su-dia-desde-las-redes-sociales\\\/#primaryimage\",\"url\":\"https:\\\/\\\/noticiasmercedinas.com\\\/site\\\/wp-content\\\/uploads\\\/2020\\\/05\\\/Museo-de-Ciencias-Naturales-de-La-Plata.jpg\",\"contentUrl\":\"https:\\\/\\\/noticiasmercedinas.com\\\/site\\\/wp-content\\\/uploads\\\/2020\\\/05\\\/Museo-de-Ciencias-Naturales-de-La-Plata.jpg\",\"width\":932,\"height\":616},{\"@type\":\"BreadcrumbList\",\"@id\":\"https:\\\/\\\/noticiasmercedinas.com\\\/site\\\/2020\\\/05\\\/16\\\/museos-bonaerenses-celebran-su-dia-desde-las-redes-sociales\\\/#breadcrumb\",\"itemListElement\":[{\"@type\":\"ListItem\",\"position\":1,\"name\":\"Portada\",\"item\":\"https:\\\/\\\/noticiasmercedinas.com\\\/site\\\/\"},{\"@type\":\"ListItem\",\"position\":2,\"name\":\"Museos bonaerenses celebran su d\u00eda desde las redes sociales\"}]},{\"@type\":\"WebSite\",\"@id\":\"https:\\\/\\\/noticiasmercedinas.com\\\/site\\\/#website\",\"url\":\"https:\\\/\\\/noticiasmercedinas.com\\\/site\\\/\",\"name\":\"NOTICIASMERCEDINAS.COM\",\"description\":\"Mercedes, Buenos Aires, Argentina\",\"publisher\":{\"@id\":\"https:\\\/\\\/noticiasmercedinas.com\\\/site\\\/#organization\"},\"potentialAction\":[{\"@type\":\"SearchAction\",\"target\":{\"@type\":\"EntryPoint\",\"urlTemplate\":\"https:\\\/\\\/noticiasmercedinas.com\\\/site\\\/?s={search_term_string}\"},\"query-input\":{\"@type\":\"PropertyValueSpecification\",\"valueRequired\":true,\"valueName\":\"search_term_string\"}}],\"inLanguage\":\"es\"},{\"@type\":\"Organization\",\"@id\":\"https:\\\/\\\/noticiasmercedinas.com\\\/site\\\/#organization\",\"name\":\"NOTICIASMERCEDINAS.COM\",\"url\":\"https:\\\/\\\/noticiasmercedinas.com\\\/site\\\/\",\"logo\":{\"@type\":\"ImageObject\",\"inLanguage\":\"es\",\"@id\":\"https:\\\/\\\/noticiasmercedinas.com\\\/site\\\/#\\\/schema\\\/logo\\\/image\\\/\",\"url\":\"https:\\\/\\\/noticiasmercedinas.com\\\/site\\\/wp-content\\\/uploads\\\/2020\\\/06\\\/LOGO-512.jpg\",\"contentUrl\":\"https:\\\/\\\/noticiasmercedinas.com\\\/site\\\/wp-content\\\/uploads\\\/2020\\\/06\\\/LOGO-512.jpg\",\"width\":512,\"height\":512,\"caption\":\"NOTICIASMERCEDINAS.COM\"},\"image\":{\"@id\":\"https:\\\/\\\/noticiasmercedinas.com\\\/site\\\/#\\\/schema\\\/logo\\\/image\\\/\"},\"sameAs\":[\"https:\\\/\\\/www.facebook.com\\\/noticiasmercedinas\\\/\",\"https:\\\/\\\/x.com\\\/notmercedinas\",\"https:\\\/\\\/www.instagram.com\\\/noticiasmercedinas\\\/\"]},{\"@type\":\"Person\",\"@id\":\"https:\\\/\\\/noticiasmercedinas.com\\\/site\\\/#\\\/schema\\\/person\\\/84b59c099c28ff2e8b77d4ceec5d8063\",\"name\":\"NOTICIASMERCEDINAS.COM\",\"image\":{\"@type\":\"ImageObject\",\"inLanguage\":\"es\",\"@id\":\"https:\\\/\\\/secure.gravatar.com\\\/avatar\\\/4dfbf16b4d17945bfb6341b2d19043457132fcf478a5ee04f42e959fd8f5df0a?s=96&d=mm&r=g\",\"url\":\"https:\\\/\\\/secure.gravatar.com\\\/avatar\\\/4dfbf16b4d17945bfb6341b2d19043457132fcf478a5ee04f42e959fd8f5df0a?s=96&d=mm&r=g\",\"contentUrl\":\"https:\\\/\\\/secure.gravatar.com\\\/avatar\\\/4dfbf16b4d17945bfb6341b2d19043457132fcf478a5ee04f42e959fd8f5df0a?s=96&d=mm&r=g\",\"caption\":\"NOTICIASMERCEDINAS.COM\"},\"url\":\"https:\\\/\\\/noticiasmercedinas.com\\\/site\\\/author\\\/anonimo\\\/\"}]}<\/script>\n<!-- \/ Yoast SEO plugin. -->","yoast_head_json":{"title":"Museos bonaerenses celebran su d\u00eda desde las redes sociales","robots":{"index":"index","follow":"follow","max-snippet":"max-snippet:-1","max-image-preview":"max-image-preview:large","max-video-preview":"max-video-preview:-1"},"canonical":"https:\/\/noticiasmercedinas.com\/site\/2020\/05\/16\/museos-bonaerenses-celebran-su-dia-desde-las-redes-sociales\/","og_locale":"es_ES","og_type":"article","og_title":"Museos bonaerenses celebran su d\u00eda desde las redes sociales","og_description":"Varios municipios de la provincia de Buenos Aires festejar\u00e1n el lunes 18 de mayo el D\u00eda Internacional de los Museos, sum\u00e1ndose a la tendencia global de conmemorar esta fecha con diversas actividades a trav\u00e9s de sus redes sociales en el marco del Aislamiento Social, Preventivo y Obligatorio (ASPO). Las propuestas incluir\u00e1n desde juegos l\u00fadicos y [&hellip;]","og_url":"https:\/\/noticiasmercedinas.com\/site\/2020\/05\/16\/museos-bonaerenses-celebran-su-dia-desde-las-redes-sociales\/","og_site_name":"NOTICIASMERCEDINAS.COM","article_publisher":"https:\/\/www.facebook.com\/noticiasmercedinas\/","article_published_time":"2020-05-16T14:47:51+00:00","article_modified_time":"2020-05-16T14:49:31+00:00","og_image":[{"width":932,"height":616,"url":"https:\/\/noticiasmercedinas.com\/site\/wp-content\/uploads\/2020\/05\/Museo-de-Ciencias-Naturales-de-La-Plata.jpg","type":"image\/jpeg"}],"author":"NOTICIASMERCEDINAS.COM","twitter_card":"summary_large_image","twitter_creator":"@notmercedinas","twitter_site":"@notmercedinas","twitter_misc":{"Escrito por":"NOTICIASMERCEDINAS.COM","Tiempo de lectura":"4 minutos"},"schema":{"@context":"https:\/\/schema.org","@graph":[{"@type":"Article","@id":"https:\/\/noticiasmercedinas.com\/site\/2020\/05\/16\/museos-bonaerenses-celebran-su-dia-desde-las-redes-sociales\/#article","isPartOf":{"@id":"https:\/\/noticiasmercedinas.com\/site\/2020\/05\/16\/museos-bonaerenses-celebran-su-dia-desde-las-redes-sociales\/"},"author":{"name":"NOTICIASMERCEDINAS.COM","@id":"https:\/\/noticiasmercedinas.com\/site\/#\/schema\/person\/84b59c099c28ff2e8b77d4ceec5d8063"},"headline":"Museos bonaerenses celebran su d\u00eda desde las redes sociales","datePublished":"2020-05-16T14:47:51+00:00","dateModified":"2020-05-16T14:49:31+00:00","mainEntityOfPage":{"@id":"https:\/\/noticiasmercedinas.com\/site\/2020\/05\/16\/museos-bonaerenses-celebran-su-dia-desde-las-redes-sociales\/"},"wordCount":849,"commentCount":0,"publisher":{"@id":"https:\/\/noticiasmercedinas.com\/site\/#organization"},"image":{"@id":"https:\/\/noticiasmercedinas.com\/site\/2020\/05\/16\/museos-bonaerenses-celebran-su-dia-desde-las-redes-sociales\/#primaryimage"},"thumbnailUrl":"https:\/\/noticiasmercedinas.com\/site\/wp-content\/uploads\/2020\/05\/Museo-de-Ciencias-Naturales-de-La-Plata.jpg","keywords":["museos","provincia"],"articleSection":["Provinciales"],"inLanguage":"es","potentialAction":[{"@type":"CommentAction","name":"Comment","target":["https:\/\/noticiasmercedinas.com\/site\/2020\/05\/16\/museos-bonaerenses-celebran-su-dia-desde-las-redes-sociales\/#respond"]}]},{"@type":"WebPage","@id":"https:\/\/noticiasmercedinas.com\/site\/2020\/05\/16\/museos-bonaerenses-celebran-su-dia-desde-las-redes-sociales\/","url":"https:\/\/noticiasmercedinas.com\/site\/2020\/05\/16\/museos-bonaerenses-celebran-su-dia-desde-las-redes-sociales\/","name":"Museos bonaerenses celebran su d\u00eda desde las redes sociales","isPartOf":{"@id":"https:\/\/noticiasmercedinas.com\/site\/#website"},"primaryImageOfPage":{"@id":"https:\/\/noticiasmercedinas.com\/site\/2020\/05\/16\/museos-bonaerenses-celebran-su-dia-desde-las-redes-sociales\/#primaryimage"},"image":{"@id":"https:\/\/noticiasmercedinas.com\/site\/2020\/05\/16\/museos-bonaerenses-celebran-su-dia-desde-las-redes-sociales\/#primaryimage"},"thumbnailUrl":"https:\/\/noticiasmercedinas.com\/site\/wp-content\/uploads\/2020\/05\/Museo-de-Ciencias-Naturales-de-La-Plata.jpg","datePublished":"2020-05-16T14:47:51+00:00","dateModified":"2020-05-16T14:49:31+00:00","breadcrumb":{"@id":"https:\/\/noticiasmercedinas.com\/site\/2020\/05\/16\/museos-bonaerenses-celebran-su-dia-desde-las-redes-sociales\/#breadcrumb"},"inLanguage":"es","potentialAction":[{"@type":"ReadAction","target":["https:\/\/noticiasmercedinas.com\/site\/2020\/05\/16\/museos-bonaerenses-celebran-su-dia-desde-las-redes-sociales\/"]}]},{"@type":"ImageObject","inLanguage":"es","@id":"https:\/\/noticiasmercedinas.com\/site\/2020\/05\/16\/museos-bonaerenses-celebran-su-dia-desde-las-redes-sociales\/#primaryimage","url":"https:\/\/noticiasmercedinas.com\/site\/wp-content\/uploads\/2020\/05\/Museo-de-Ciencias-Naturales-de-La-Plata.jpg","contentUrl":"https:\/\/noticiasmercedinas.com\/site\/wp-content\/uploads\/2020\/05\/Museo-de-Ciencias-Naturales-de-La-Plata.jpg","width":932,"height":616},{"@type":"BreadcrumbList","@id":"https:\/\/noticiasmercedinas.com\/site\/2020\/05\/16\/museos-bonaerenses-celebran-su-dia-desde-las-redes-sociales\/#breadcrumb","itemListElement":[{"@type":"ListItem","position":1,"name":"Portada","item":"https:\/\/noticiasmercedinas.com\/site\/"},{"@type":"ListItem","position":2,"name":"Museos bonaerenses celebran su d\u00eda desde las redes sociales"}]},{"@type":"WebSite","@id":"https:\/\/noticiasmercedinas.com\/site\/#website","url":"https:\/\/noticiasmercedinas.com\/site\/","name":"NOTICIASMERCEDINAS.COM","description":"Mercedes, Buenos Aires, Argentina","publisher":{"@id":"https:\/\/noticiasmercedinas.com\/site\/#organization"},"potentialAction":[{"@type":"SearchAction","target":{"@type":"EntryPoint","urlTemplate":"https:\/\/noticiasmercedinas.com\/site\/?s={search_term_string}"},"query-input":{"@type":"PropertyValueSpecification","valueRequired":true,"valueName":"search_term_string"}}],"inLanguage":"es"},{"@type":"Organization","@id":"https:\/\/noticiasmercedinas.com\/site\/#organization","name":"NOTICIASMERCEDINAS.COM","url":"https:\/\/noticiasmercedinas.com\/site\/","logo":{"@type":"ImageObject","inLanguage":"es","@id":"https:\/\/noticiasmercedinas.com\/site\/#\/schema\/logo\/image\/","url":"https:\/\/noticiasmercedinas.com\/site\/wp-content\/uploads\/2020\/06\/LOGO-512.jpg","contentUrl":"https:\/\/noticiasmercedinas.com\/site\/wp-content\/uploads\/2020\/06\/LOGO-512.jpg","width":512,"height":512,"caption":"NOTICIASMERCEDINAS.COM"},"image":{"@id":"https:\/\/noticiasmercedinas.com\/site\/#\/schema\/logo\/image\/"},"sameAs":["https:\/\/www.facebook.com\/noticiasmercedinas\/","https:\/\/x.com\/notmercedinas","https:\/\/www.instagram.com\/noticiasmercedinas\/"]},{"@type":"Person","@id":"https:\/\/noticiasmercedinas.com\/site\/#\/schema\/person\/84b59c099c28ff2e8b77d4ceec5d8063","name":"NOTICIASMERCEDINAS.COM","image":{"@type":"ImageObject","inLanguage":"es","@id":"https:\/\/secure.gravatar.com\/avatar\/4dfbf16b4d17945bfb6341b2d19043457132fcf478a5ee04f42e959fd8f5df0a?s=96&d=mm&r=g","url":"https:\/\/secure.gravatar.com\/avatar\/4dfbf16b4d17945bfb6341b2d19043457132fcf478a5ee04f42e959fd8f5df0a?s=96&d=mm&r=g","contentUrl":"https:\/\/secure.gravatar.com\/avatar\/4dfbf16b4d17945bfb6341b2d19043457132fcf478a5ee04f42e959fd8f5df0a?s=96&d=mm&r=g","caption":"NOTICIASMERCEDINAS.COM"},"url":"https:\/\/noticiasmercedinas.com\/site\/author\/anonimo\/"}]}},"amp_enabled":true,"_links":{"self":[{"href":"https:\/\/noticiasmercedinas.com\/site\/wp-json\/wp\/v2\/posts\/45192","targetHints":{"allow":["GET"]}}],"collection":[{"href":"https:\/\/noticiasmercedinas.com\/site\/wp-json\/wp\/v2\/posts"}],"about":[{"href":"https:\/\/noticiasmercedinas.com\/site\/wp-json\/wp\/v2\/types\/post"}],"author":[{"embeddable":true,"href":"https:\/\/noticiasmercedinas.com\/site\/wp-json\/wp\/v2\/users\/16"}],"replies":[{"embeddable":true,"href":"https:\/\/noticiasmercedinas.com\/site\/wp-json\/wp\/v2\/comments?post=45192"}],"version-history":[{"count":2,"href":"https:\/\/noticiasmercedinas.com\/site\/wp-json\/wp\/v2\/posts\/45192\/revisions"}],"predecessor-version":[{"id":45196,"href":"https:\/\/noticiasmercedinas.com\/site\/wp-json\/wp\/v2\/posts\/45192\/revisions\/45196"}],"wp:featuredmedia":[{"embeddable":true,"href":"https:\/\/noticiasmercedinas.com\/site\/wp-json\/wp\/v2\/media\/45193"}],"wp:attachment":[{"href":"https:\/\/noticiasmercedinas.com\/site\/wp-json\/wp\/v2\/media?parent=45192"}],"wp:term":[{"taxonomy":"category","embeddable":true,"href":"https:\/\/noticiasmercedinas.com\/site\/wp-json\/wp\/v2\/categories?post=45192"},{"taxonomy":"post_tag","embeddable":true,"href":"https:\/\/noticiasmercedinas.com\/site\/wp-json\/wp\/v2\/tags?post=45192"}],"curies":[{"name":"wp","href":"https:\/\/api.w.org\/{rel}","templated":true}]}}