{"id":45311,"date":"2020-05-18T19:56:47","date_gmt":"2020-05-18T22:56:47","guid":{"rendered":"https:\/\/noticiasmercedinas.com\/site\/?p=45311"},"modified":"2020-05-18T20:18:17","modified_gmt":"2020-05-18T23:18:17","slug":"semana-mundial-del-parto-respetado-2020-tres-anos-acompanando-familias","status":"publish","type":"post","link":"https:\/\/noticiasmercedinas.com\/site\/2020\/05\/18\/semana-mundial-del-parto-respetado-2020-tres-anos-acompanando-familias\/","title":{"rendered":"Semana Mundial del Parto Respetado 2020: tres a\u00f1os acompa\u00f1ando familias"},"content":{"rendered":"<p><img loading=\"lazy\" decoding=\"async\" class=\"alignnone wp-image-45312\" src=\"https:\/\/noticiasmercedinas.com\/site\/wp-content\/uploads\/2020\/05\/images484353213.jpeg\" alt=\"\" width=\"640\" height=\"376\" \/><\/p>\n<p>En la Semana Mundial del Parto Respetado 2020, desde el Programa Primeros Mil D\u00edas recordaron que hace tres a\u00f1os bregan por los derechos de las familias y sus nuevos integrantes. Y remarcaron una frase del obstetra franc\u00e9s Michel Odent: \u00abPara cambiar el mundo, hay que cambiar la forma de nacer\u00bb.<\/p>\n<p>\u00abLa SMPR surge en 2004 con el objetivo de visibilizar el modo en que se atienden los partos en todo el mundo y exigir el cumplimiento de los derechos vinculados al nacimiento\u00bb, explicaron.<\/p>\n<p>Esta iniciativa naci\u00f3 en 2004 gracias a la Asociaci\u00f3n Francesa por el Parto Respetado (AFAR) y desde entonces se replica en distintos pa\u00edses con un objetivo principal de visibilizar el modo en que se atienden partos en todo el mundo y exigir el cumplimiento de derechos vinculados al nacimiento.<\/p>\n<p>\u00abEn Argentina, contamos con una ley (25.929) reglamentada en 2015 donde est\u00e1n detallados los distintos derechos que deben garantizarse a la mujer, el reci\u00e9n nacido\/a y su familia\u00bb, agregaron.<\/p>\n<p>\u00abSi bien es mucho lo que se ha recorrido, sabemos que es mucho a\u00fan lo que resta avanzar en este tema. Desde Primeros Mil D\u00edas trabajamos desde hace ya 3 a\u00f1os acompa\u00f1ando familias en el proceso de preparaci\u00f3n al parto, buscando brindarles informaci\u00f3n valiosa y oportuna\u00bb, indicaron y desearon que \u00aba\u00fan en el contexto adverso que el COVID 19 plantea\u00bb, pueda hacerse efectivo el lema de este a\u00f1o: \u00abMi decisi\u00f3n debe ser respetada\u00bb.<\/p>\n","protected":false},"excerpt":{"rendered":"<p>En la Semana Mundial del Parto Respetado 2020, desde el Programa Primeros Mil D\u00edas recordaron que hace tres a\u00f1os bregan por los derechos de las familias y sus nuevos integrantes. Y remarcaron una frase del obstetra franc\u00e9s Michel Odent: \u00abPara cambiar el mundo, hay que cambiar la forma de nacer\u00bb. \u00abLa SMPR surge en 2004 [&hellip;]<\/p>\n","protected":false},"author":2,"featured_media":45312,"comment_status":"open","ping_status":"open","sticky":false,"template":"","format":"standard","meta":{"footnotes":""},"categories":[8992],"tags":[3138,4799,573],"class_list":["post-45311","post","type-post","status-publish","format-standard","has-post-thumbnail","hentry","category-bienestar","tag-parto","tag-parto-respetado","tag-primeros-mil-dias"],"yoast_head":"<!-- This site is optimized with the Yoast SEO plugin v27.5 - https:\/\/yoast.com\/product\/yoast-seo-wordpress\/ -->\n<title>Semana Mundial del Parto Respetado 2020: tres a\u00f1os acompa\u00f1ando familias<\/title>\n<meta name=\"robots\" content=\"index, follow, max-snippet:-1, max-image-preview:large, max-video-preview:-1\" \/>\n<link rel=\"canonical\" href=\"https:\/\/noticiasmercedinas.com\/site\/2020\/05\/18\/semana-mundial-del-parto-respetado-2020-tres-anos-acompanando-familias\/\" \/>\n<meta property=\"og:locale\" content=\"es_ES\" \/>\n<meta property=\"og:type\" content=\"article\" \/>\n<meta property=\"og:title\" content=\"Semana Mundial del Parto Respetado 2020: tres a\u00f1os acompa\u00f1ando familias\" \/>\n<meta property=\"og:description\" content=\"En la Semana Mundial del Parto Respetado 2020, desde el Programa Primeros Mil D\u00edas recordaron que hace tres a\u00f1os bregan por los derechos de las familias y sus nuevos integrantes. Y remarcaron una frase del obstetra franc\u00e9s Michel Odent: \u00abPara cambiar el mundo, hay que cambiar la forma de nacer\u00bb. \u00abLa SMPR surge en 2004 [&hellip;]\" \/>\n<meta property=\"og:url\" content=\"https:\/\/noticiasmercedinas.com\/site\/2020\/05\/18\/semana-mundial-del-parto-respetado-2020-tres-anos-acompanando-familias\/\" \/>\n<meta property=\"og:site_name\" content=\"NOTICIASMERCEDINAS.COM\" \/>\n<meta property=\"article:publisher\" content=\"https:\/\/www.facebook.com\/noticiasmercedinas\/\" \/>\n<meta property=\"article:author\" content=\"https:\/\/www.facebook.com\/cristian.falabella\" \/>\n<meta property=\"article:published_time\" content=\"2020-05-18T22:56:47+00:00\" \/>\n<meta property=\"article:modified_time\" content=\"2020-05-18T23:18:17+00:00\" \/>\n<meta property=\"og:image\" content=\"https:\/\/noticiasmercedinas.com\/site\/wp-content\/uploads\/2020\/05\/images484353213.jpeg\" \/>\n\t<meta property=\"og:image:width\" content=\"293\" \/>\n\t<meta property=\"og:image:height\" content=\"172\" \/>\n\t<meta property=\"og:image:type\" content=\"image\/jpeg\" \/>\n<meta name=\"author\" content=\"Cristian Falabella NOTICIASMERCEDINAS.COM\" \/>\n<meta name=\"twitter:card\" content=\"summary_large_image\" \/>\n<meta name=\"twitter:creator\" content=\"@https:\/\/twitter.com\/NOTMERCEDINAS\" \/>\n<meta name=\"twitter:site\" content=\"@notmercedinas\" \/>\n<meta name=\"twitter:label1\" content=\"Escrito por\" \/>\n\t<meta name=\"twitter:data1\" content=\"Cristian Falabella NOTICIASMERCEDINAS.COM\" \/>\n\t<meta name=\"twitter:label2\" content=\"Tiempo de lectura\" \/>\n\t<meta name=\"twitter:data2\" content=\"1 minuto\" \/>\n<script type=\"application\/ld+json\" class=\"yoast-schema-graph\">{\"@context\":\"https:\\\/\\\/schema.org\",\"@graph\":[{\"@type\":\"Article\",\"@id\":\"https:\\\/\\\/noticiasmercedinas.com\\\/site\\\/2020\\\/05\\\/18\\\/semana-mundial-del-parto-respetado-2020-tres-anos-acompanando-familias\\\/#article\",\"isPartOf\":{\"@id\":\"https:\\\/\\\/noticiasmercedinas.com\\\/site\\\/2020\\\/05\\\/18\\\/semana-mundial-del-parto-respetado-2020-tres-anos-acompanando-familias\\\/\"},\"author\":{\"name\":\"Cristian Falabella NOTICIASMERCEDINAS.COM\",\"@id\":\"https:\\\/\\\/noticiasmercedinas.com\\\/site\\\/#\\\/schema\\\/person\\\/d481a9696a5feaec13a60e2bbd991a6a\"},\"headline\":\"Semana Mundial del Parto Respetado 2020: tres a\u00f1os acompa\u00f1ando familias\",\"datePublished\":\"2020-05-18T22:56:47+00:00\",\"dateModified\":\"2020-05-18T23:18:17+00:00\",\"mainEntityOfPage\":{\"@id\":\"https:\\\/\\\/noticiasmercedinas.com\\\/site\\\/2020\\\/05\\\/18\\\/semana-mundial-del-parto-respetado-2020-tres-anos-acompanando-familias\\\/\"},\"wordCount\":255,\"commentCount\":0,\"publisher\":{\"@id\":\"https:\\\/\\\/noticiasmercedinas.com\\\/site\\\/#organization\"},\"image\":{\"@id\":\"https:\\\/\\\/noticiasmercedinas.com\\\/site\\\/2020\\\/05\\\/18\\\/semana-mundial-del-parto-respetado-2020-tres-anos-acompanando-familias\\\/#primaryimage\"},\"thumbnailUrl\":\"https:\\\/\\\/noticiasmercedinas.com\\\/site\\\/wp-content\\\/uploads\\\/2020\\\/05\\\/images484353213.jpeg\",\"keywords\":[\"parto\",\"parto respetado\",\"primeros mil dias\"],\"articleSection\":[\"Bienestar\"],\"inLanguage\":\"es\",\"potentialAction\":[{\"@type\":\"CommentAction\",\"name\":\"Comment\",\"target\":[\"https:\\\/\\\/noticiasmercedinas.com\\\/site\\\/2020\\\/05\\\/18\\\/semana-mundial-del-parto-respetado-2020-tres-anos-acompanando-familias\\\/#respond\"]}]},{\"@type\":\"WebPage\",\"@id\":\"https:\\\/\\\/noticiasmercedinas.com\\\/site\\\/2020\\\/05\\\/18\\\/semana-mundial-del-parto-respetado-2020-tres-anos-acompanando-familias\\\/\",\"url\":\"https:\\\/\\\/noticiasmercedinas.com\\\/site\\\/2020\\\/05\\\/18\\\/semana-mundial-del-parto-respetado-2020-tres-anos-acompanando-familias\\\/\",\"name\":\"Semana Mundial del Parto Respetado 2020: tres a\u00f1os acompa\u00f1ando familias\",\"isPartOf\":{\"@id\":\"https:\\\/\\\/noticiasmercedinas.com\\\/site\\\/#website\"},\"primaryImageOfPage\":{\"@id\":\"https:\\\/\\\/noticiasmercedinas.com\\\/site\\\/2020\\\/05\\\/18\\\/semana-mundial-del-parto-respetado-2020-tres-anos-acompanando-familias\\\/#primaryimage\"},\"image\":{\"@id\":\"https:\\\/\\\/noticiasmercedinas.com\\\/site\\\/2020\\\/05\\\/18\\\/semana-mundial-del-parto-respetado-2020-tres-anos-acompanando-familias\\\/#primaryimage\"},\"thumbnailUrl\":\"https:\\\/\\\/noticiasmercedinas.com\\\/site\\\/wp-content\\\/uploads\\\/2020\\\/05\\\/images484353213.jpeg\",\"datePublished\":\"2020-05-18T22:56:47+00:00\",\"dateModified\":\"2020-05-18T23:18:17+00:00\",\"breadcrumb\":{\"@id\":\"https:\\\/\\\/noticiasmercedinas.com\\\/site\\\/2020\\\/05\\\/18\\\/semana-mundial-del-parto-respetado-2020-tres-anos-acompanando-familias\\\/#breadcrumb\"},\"inLanguage\":\"es\",\"potentialAction\":[{\"@type\":\"ReadAction\",\"target\":[\"https:\\\/\\\/noticiasmercedinas.com\\\/site\\\/2020\\\/05\\\/18\\\/semana-mundial-del-parto-respetado-2020-tres-anos-acompanando-familias\\\/\"]}]},{\"@type\":\"ImageObject\",\"inLanguage\":\"es\",\"@id\":\"https:\\\/\\\/noticiasmercedinas.com\\\/site\\\/2020\\\/05\\\/18\\\/semana-mundial-del-parto-respetado-2020-tres-anos-acompanando-familias\\\/#primaryimage\",\"url\":\"https:\\\/\\\/noticiasmercedinas.com\\\/site\\\/wp-content\\\/uploads\\\/2020\\\/05\\\/images484353213.jpeg\",\"contentUrl\":\"https:\\\/\\\/noticiasmercedinas.com\\\/site\\\/wp-content\\\/uploads\\\/2020\\\/05\\\/images484353213.jpeg\",\"width\":293,\"height\":172},{\"@type\":\"BreadcrumbList\",\"@id\":\"https:\\\/\\\/noticiasmercedinas.com\\\/site\\\/2020\\\/05\\\/18\\\/semana-mundial-del-parto-respetado-2020-tres-anos-acompanando-familias\\\/#breadcrumb\",\"itemListElement\":[{\"@type\":\"ListItem\",\"position\":1,\"name\":\"Portada\",\"item\":\"https:\\\/\\\/noticiasmercedinas.com\\\/site\\\/\"},{\"@type\":\"ListItem\",\"position\":2,\"name\":\"Semana Mundial del Parto Respetado 2020: tres a\u00f1os acompa\u00f1ando familias\"}]},{\"@type\":\"WebSite\",\"@id\":\"https:\\\/\\\/noticiasmercedinas.com\\\/site\\\/#website\",\"url\":\"https:\\\/\\\/noticiasmercedinas.com\\\/site\\\/\",\"name\":\"NOTICIASMERCEDINAS.COM\",\"description\":\"Mercedes, Buenos Aires, Argentina\",\"publisher\":{\"@id\":\"https:\\\/\\\/noticiasmercedinas.com\\\/site\\\/#organization\"},\"potentialAction\":[{\"@type\":\"SearchAction\",\"target\":{\"@type\":\"EntryPoint\",\"urlTemplate\":\"https:\\\/\\\/noticiasmercedinas.com\\\/site\\\/?s={search_term_string}\"},\"query-input\":{\"@type\":\"PropertyValueSpecification\",\"valueRequired\":true,\"valueName\":\"search_term_string\"}}],\"inLanguage\":\"es\"},{\"@type\":\"Organization\",\"@id\":\"https:\\\/\\\/noticiasmercedinas.com\\\/site\\\/#organization\",\"name\":\"NOTICIASMERCEDINAS.COM\",\"url\":\"https:\\\/\\\/noticiasmercedinas.com\\\/site\\\/\",\"logo\":{\"@type\":\"ImageObject\",\"inLanguage\":\"es\",\"@id\":\"https:\\\/\\\/noticiasmercedinas.com\\\/site\\\/#\\\/schema\\\/logo\\\/image\\\/\",\"url\":\"https:\\\/\\\/noticiasmercedinas.com\\\/site\\\/wp-content\\\/uploads\\\/2020\\\/06\\\/LOGO-512.jpg\",\"contentUrl\":\"https:\\\/\\\/noticiasmercedinas.com\\\/site\\\/wp-content\\\/uploads\\\/2020\\\/06\\\/LOGO-512.jpg\",\"width\":512,\"height\":512,\"caption\":\"NOTICIASMERCEDINAS.COM\"},\"image\":{\"@id\":\"https:\\\/\\\/noticiasmercedinas.com\\\/site\\\/#\\\/schema\\\/logo\\\/image\\\/\"},\"sameAs\":[\"https:\\\/\\\/www.facebook.com\\\/noticiasmercedinas\\\/\",\"https:\\\/\\\/x.com\\\/notmercedinas\",\"https:\\\/\\\/www.instagram.com\\\/noticiasmercedinas\\\/\"]},{\"@type\":\"Person\",\"@id\":\"https:\\\/\\\/noticiasmercedinas.com\\\/site\\\/#\\\/schema\\\/person\\\/d481a9696a5feaec13a60e2bbd991a6a\",\"name\":\"Cristian Falabella NOTICIASMERCEDINAS.COM\",\"image\":{\"@type\":\"ImageObject\",\"inLanguage\":\"es\",\"@id\":\"https:\\\/\\\/secure.gravatar.com\\\/avatar\\\/0dbbfc45970cc46bcd0e57766228574ff3511d6eed045b182f536f0f478c1f06?s=96&d=mm&r=g\",\"url\":\"https:\\\/\\\/secure.gravatar.com\\\/avatar\\\/0dbbfc45970cc46bcd0e57766228574ff3511d6eed045b182f536f0f478c1f06?s=96&d=mm&r=g\",\"contentUrl\":\"https:\\\/\\\/secure.gravatar.com\\\/avatar\\\/0dbbfc45970cc46bcd0e57766228574ff3511d6eed045b182f536f0f478c1f06?s=96&d=mm&r=g\",\"caption\":\"Cristian Falabella NOTICIASMERCEDINAS.COM\"},\"description\":\"Periodista, editor de Noticias Mercedinas. Pas\u00f3 por varias redacciones y emprendimientos de prensa, en distintos formatos y \u00e9pocas. Se especializ\u00f3 --y sigue haci\u00e9ndolo-- en comunicaci\u00f3n en la web y en junio de 2006 fund\u00f3 este diario digital.\",\"sameAs\":[\"https:\\\/\\\/noticiasmercedinas.com\",\"https:\\\/\\\/www.facebook.com\\\/cristian.falabella\",\"https:\\\/\\\/www.instagram.com\\\/noticiasmercedinas\\\/\",\"https:\\\/\\\/x.com\\\/https:\\\/\\\/twitter.com\\\/NOTMERCEDINAS\"],\"url\":\"https:\\\/\\\/noticiasmercedinas.com\\\/site\\\/author\\\/as000384\\\/\"}]}<\/script>\n<!-- \/ Yoast SEO plugin. -->","yoast_head_json":{"title":"Semana Mundial del Parto Respetado 2020: tres a\u00f1os acompa\u00f1ando familias","robots":{"index":"index","follow":"follow","max-snippet":"max-snippet:-1","max-image-preview":"max-image-preview:large","max-video-preview":"max-video-preview:-1"},"canonical":"https:\/\/noticiasmercedinas.com\/site\/2020\/05\/18\/semana-mundial-del-parto-respetado-2020-tres-anos-acompanando-familias\/","og_locale":"es_ES","og_type":"article","og_title":"Semana Mundial del Parto Respetado 2020: tres a\u00f1os acompa\u00f1ando familias","og_description":"En la Semana Mundial del Parto Respetado 2020, desde el Programa Primeros Mil D\u00edas recordaron que hace tres a\u00f1os bregan por los derechos de las familias y sus nuevos integrantes. Y remarcaron una frase del obstetra franc\u00e9s Michel Odent: \u00abPara cambiar el mundo, hay que cambiar la forma de nacer\u00bb. \u00abLa SMPR surge en 2004 [&hellip;]","og_url":"https:\/\/noticiasmercedinas.com\/site\/2020\/05\/18\/semana-mundial-del-parto-respetado-2020-tres-anos-acompanando-familias\/","og_site_name":"NOTICIASMERCEDINAS.COM","article_publisher":"https:\/\/www.facebook.com\/noticiasmercedinas\/","article_author":"https:\/\/www.facebook.com\/cristian.falabella","article_published_time":"2020-05-18T22:56:47+00:00","article_modified_time":"2020-05-18T23:18:17+00:00","og_image":[{"width":293,"height":172,"url":"https:\/\/noticiasmercedinas.com\/site\/wp-content\/uploads\/2020\/05\/images484353213.jpeg","type":"image\/jpeg"}],"author":"Cristian Falabella NOTICIASMERCEDINAS.COM","twitter_card":"summary_large_image","twitter_creator":"@https:\/\/twitter.com\/NOTMERCEDINAS","twitter_site":"@notmercedinas","twitter_misc":{"Escrito por":"Cristian Falabella NOTICIASMERCEDINAS.COM","Tiempo de lectura":"1 minuto"},"schema":{"@context":"https:\/\/schema.org","@graph":[{"@type":"Article","@id":"https:\/\/noticiasmercedinas.com\/site\/2020\/05\/18\/semana-mundial-del-parto-respetado-2020-tres-anos-acompanando-familias\/#article","isPartOf":{"@id":"https:\/\/noticiasmercedinas.com\/site\/2020\/05\/18\/semana-mundial-del-parto-respetado-2020-tres-anos-acompanando-familias\/"},"author":{"name":"Cristian Falabella NOTICIASMERCEDINAS.COM","@id":"https:\/\/noticiasmercedinas.com\/site\/#\/schema\/person\/d481a9696a5feaec13a60e2bbd991a6a"},"headline":"Semana Mundial del Parto Respetado 2020: tres a\u00f1os acompa\u00f1ando familias","datePublished":"2020-05-18T22:56:47+00:00","dateModified":"2020-05-18T23:18:17+00:00","mainEntityOfPage":{"@id":"https:\/\/noticiasmercedinas.com\/site\/2020\/05\/18\/semana-mundial-del-parto-respetado-2020-tres-anos-acompanando-familias\/"},"wordCount":255,"commentCount":0,"publisher":{"@id":"https:\/\/noticiasmercedinas.com\/site\/#organization"},"image":{"@id":"https:\/\/noticiasmercedinas.com\/site\/2020\/05\/18\/semana-mundial-del-parto-respetado-2020-tres-anos-acompanando-familias\/#primaryimage"},"thumbnailUrl":"https:\/\/noticiasmercedinas.com\/site\/wp-content\/uploads\/2020\/05\/images484353213.jpeg","keywords":["parto","parto respetado","primeros mil dias"],"articleSection":["Bienestar"],"inLanguage":"es","potentialAction":[{"@type":"CommentAction","name":"Comment","target":["https:\/\/noticiasmercedinas.com\/site\/2020\/05\/18\/semana-mundial-del-parto-respetado-2020-tres-anos-acompanando-familias\/#respond"]}]},{"@type":"WebPage","@id":"https:\/\/noticiasmercedinas.com\/site\/2020\/05\/18\/semana-mundial-del-parto-respetado-2020-tres-anos-acompanando-familias\/","url":"https:\/\/noticiasmercedinas.com\/site\/2020\/05\/18\/semana-mundial-del-parto-respetado-2020-tres-anos-acompanando-familias\/","name":"Semana Mundial del Parto Respetado 2020: tres a\u00f1os acompa\u00f1ando familias","isPartOf":{"@id":"https:\/\/noticiasmercedinas.com\/site\/#website"},"primaryImageOfPage":{"@id":"https:\/\/noticiasmercedinas.com\/site\/2020\/05\/18\/semana-mundial-del-parto-respetado-2020-tres-anos-acompanando-familias\/#primaryimage"},"image":{"@id":"https:\/\/noticiasmercedinas.com\/site\/2020\/05\/18\/semana-mundial-del-parto-respetado-2020-tres-anos-acompanando-familias\/#primaryimage"},"thumbnailUrl":"https:\/\/noticiasmercedinas.com\/site\/wp-content\/uploads\/2020\/05\/images484353213.jpeg","datePublished":"2020-05-18T22:56:47+00:00","dateModified":"2020-05-18T23:18:17+00:00","breadcrumb":{"@id":"https:\/\/noticiasmercedinas.com\/site\/2020\/05\/18\/semana-mundial-del-parto-respetado-2020-tres-anos-acompanando-familias\/#breadcrumb"},"inLanguage":"es","potentialAction":[{"@type":"ReadAction","target":["https:\/\/noticiasmercedinas.com\/site\/2020\/05\/18\/semana-mundial-del-parto-respetado-2020-tres-anos-acompanando-familias\/"]}]},{"@type":"ImageObject","inLanguage":"es","@id":"https:\/\/noticiasmercedinas.com\/site\/2020\/05\/18\/semana-mundial-del-parto-respetado-2020-tres-anos-acompanando-familias\/#primaryimage","url":"https:\/\/noticiasmercedinas.com\/site\/wp-content\/uploads\/2020\/05\/images484353213.jpeg","contentUrl":"https:\/\/noticiasmercedinas.com\/site\/wp-content\/uploads\/2020\/05\/images484353213.jpeg","width":293,"height":172},{"@type":"BreadcrumbList","@id":"https:\/\/noticiasmercedinas.com\/site\/2020\/05\/18\/semana-mundial-del-parto-respetado-2020-tres-anos-acompanando-familias\/#breadcrumb","itemListElement":[{"@type":"ListItem","position":1,"name":"Portada","item":"https:\/\/noticiasmercedinas.com\/site\/"},{"@type":"ListItem","position":2,"name":"Semana Mundial del Parto Respetado 2020: tres a\u00f1os acompa\u00f1ando familias"}]},{"@type":"WebSite","@id":"https:\/\/noticiasmercedinas.com\/site\/#website","url":"https:\/\/noticiasmercedinas.com\/site\/","name":"NOTICIASMERCEDINAS.COM","description":"Mercedes, Buenos Aires, Argentina","publisher":{"@id":"https:\/\/noticiasmercedinas.com\/site\/#organization"},"potentialAction":[{"@type":"SearchAction","target":{"@type":"EntryPoint","urlTemplate":"https:\/\/noticiasmercedinas.com\/site\/?s={search_term_string}"},"query-input":{"@type":"PropertyValueSpecification","valueRequired":true,"valueName":"search_term_string"}}],"inLanguage":"es"},{"@type":"Organization","@id":"https:\/\/noticiasmercedinas.com\/site\/#organization","name":"NOTICIASMERCEDINAS.COM","url":"https:\/\/noticiasmercedinas.com\/site\/","logo":{"@type":"ImageObject","inLanguage":"es","@id":"https:\/\/noticiasmercedinas.com\/site\/#\/schema\/logo\/image\/","url":"https:\/\/noticiasmercedinas.com\/site\/wp-content\/uploads\/2020\/06\/LOGO-512.jpg","contentUrl":"https:\/\/noticiasmercedinas.com\/site\/wp-content\/uploads\/2020\/06\/LOGO-512.jpg","width":512,"height":512,"caption":"NOTICIASMERCEDINAS.COM"},"image":{"@id":"https:\/\/noticiasmercedinas.com\/site\/#\/schema\/logo\/image\/"},"sameAs":["https:\/\/www.facebook.com\/noticiasmercedinas\/","https:\/\/x.com\/notmercedinas","https:\/\/www.instagram.com\/noticiasmercedinas\/"]},{"@type":"Person","@id":"https:\/\/noticiasmercedinas.com\/site\/#\/schema\/person\/d481a9696a5feaec13a60e2bbd991a6a","name":"Cristian Falabella NOTICIASMERCEDINAS.COM","image":{"@type":"ImageObject","inLanguage":"es","@id":"https:\/\/secure.gravatar.com\/avatar\/0dbbfc45970cc46bcd0e57766228574ff3511d6eed045b182f536f0f478c1f06?s=96&d=mm&r=g","url":"https:\/\/secure.gravatar.com\/avatar\/0dbbfc45970cc46bcd0e57766228574ff3511d6eed045b182f536f0f478c1f06?s=96&d=mm&r=g","contentUrl":"https:\/\/secure.gravatar.com\/avatar\/0dbbfc45970cc46bcd0e57766228574ff3511d6eed045b182f536f0f478c1f06?s=96&d=mm&r=g","caption":"Cristian Falabella NOTICIASMERCEDINAS.COM"},"description":"Periodista, editor de Noticias Mercedinas. Pas\u00f3 por varias redacciones y emprendimientos de prensa, en distintos formatos y \u00e9pocas. Se especializ\u00f3 --y sigue haci\u00e9ndolo-- en comunicaci\u00f3n en la web y en junio de 2006 fund\u00f3 este diario digital.","sameAs":["https:\/\/noticiasmercedinas.com","https:\/\/www.facebook.com\/cristian.falabella","https:\/\/www.instagram.com\/noticiasmercedinas\/","https:\/\/x.com\/https:\/\/twitter.com\/NOTMERCEDINAS"],"url":"https:\/\/noticiasmercedinas.com\/site\/author\/as000384\/"}]}},"amp_enabled":true,"_links":{"self":[{"href":"https:\/\/noticiasmercedinas.com\/site\/wp-json\/wp\/v2\/posts\/45311","targetHints":{"allow":["GET"]}}],"collection":[{"href":"https:\/\/noticiasmercedinas.com\/site\/wp-json\/wp\/v2\/posts"}],"about":[{"href":"https:\/\/noticiasmercedinas.com\/site\/wp-json\/wp\/v2\/types\/post"}],"author":[{"embeddable":true,"href":"https:\/\/noticiasmercedinas.com\/site\/wp-json\/wp\/v2\/users\/2"}],"replies":[{"embeddable":true,"href":"https:\/\/noticiasmercedinas.com\/site\/wp-json\/wp\/v2\/comments?post=45311"}],"version-history":[{"count":2,"href":"https:\/\/noticiasmercedinas.com\/site\/wp-json\/wp\/v2\/posts\/45311\/revisions"}],"predecessor-version":[{"id":45314,"href":"https:\/\/noticiasmercedinas.com\/site\/wp-json\/wp\/v2\/posts\/45311\/revisions\/45314"}],"wp:featuredmedia":[{"embeddable":true,"href":"https:\/\/noticiasmercedinas.com\/site\/wp-json\/wp\/v2\/media\/45312"}],"wp:attachment":[{"href":"https:\/\/noticiasmercedinas.com\/site\/wp-json\/wp\/v2\/media?parent=45311"}],"wp:term":[{"taxonomy":"category","embeddable":true,"href":"https:\/\/noticiasmercedinas.com\/site\/wp-json\/wp\/v2\/categories?post=45311"},{"taxonomy":"post_tag","embeddable":true,"href":"https:\/\/noticiasmercedinas.com\/site\/wp-json\/wp\/v2\/tags?post=45311"}],"curies":[{"name":"wp","href":"https:\/\/api.w.org\/{rel}","templated":true}]}}