{"id":4545,"date":"2018-10-16T23:42:30","date_gmt":"2018-10-17T02:42:30","guid":{"rendered":"https:\/\/noticiasmercedinas.com\/site\/?p=4545"},"modified":"2018-10-16T23:46:55","modified_gmt":"2018-10-17T02:46:55","slug":"lanzaron-concurso-lo-mejor-de-mi-lugar-para-promocionar-destinos-de-la-provincia","status":"publish","type":"post","link":"https:\/\/noticiasmercedinas.com\/site\/2018\/10\/16\/lanzaron-concurso-lo-mejor-de-mi-lugar-para-promocionar-destinos-de-la-provincia\/","title":{"rendered":"Lanzaron concurso \u201cLo mejor de mi lugar\u201d para promocionar destinos de la provincia"},"content":{"rendered":"<p><img loading=\"lazy\" decoding=\"async\" class=\"alignnone size-full wp-image-4548\" src=\"https:\/\/noticiasmercedinas.com\/site\/wp-content\/uploads\/2018\/10\/Infograf\u00eda-1.jpg\" alt=\"\" width=\"640\" height=\"359\" srcset=\"https:\/\/noticiasmercedinas.com\/site\/wp-content\/uploads\/2018\/10\/Infograf\u00eda-1.jpg 640w, https:\/\/noticiasmercedinas.com\/site\/wp-content\/uploads\/2018\/10\/Infograf\u00eda-1-300x168.jpg 300w\" sizes=\"auto, (max-width: 640px) 100vw, 640px\" \/><\/p>\n<p style=\"font-weight: 400;\">El\u00a0<strong>Ministerio de Educaci\u00f3n y la Subsecretar\u00eda de Turismo del Ministerio de Producci\u00f3n de la provincia de Buenos Aires\u00a0<\/strong>lanzaron el primer concurso \u201cLo mejor de mi lugar\u201d, con el objetivo de que los estudiantes de los \u00faltimos dos a\u00f1os de las 4 mil escuelas secundarias de la provincia de Buenos Aires tengan la oportunidad de demostrar su creatividad en apoyo de la promoci\u00f3n tur\u00edstica de sus lugares de residencia.<\/p>\n<p style=\"font-weight: 400;\">El certamen premiar\u00e1 a cuatro cursos de hasta 40 alumnos con viajes a diferentes ciudades del territorio provincial; y la finalidad es contribuir a la promoci\u00f3n del turismo local a trav\u00e9s de los estudiantes secundarios bonaerenses interesados en investigar sobre lugares, personas, tradiciones, costumbres, y lo m\u00e1s representativo y atractivo de las ciudades en las que se encuentran sus escuelas.<\/p>\n<p style=\"font-weight: 400;\">De esta forma, los alumnos, junto a los profesores, a las familias y a la comunidad, producir\u00e1n un \u201cvideo minuto\u201d que permita conocer lo mejor de cada rinc\u00f3n de la provincia de Buenos Aires.<\/p>\n<p style=\"font-weight: 400;\">Al referirse a la iniciativa, el\u00a0<strong>ministro de Educaci\u00f3n bonaerense Gabriel S\u00e1nchez Zinny<\/strong>\u00a0se\u00f1al\u00f3 que \u201cla propuesta es muy importante ya que fortalece el v\u00ednculo entre los docentes y los alumnos con su comunidad, permite que se integren a trav\u00e9s de la creatividad y tambi\u00e9n posibilita que lo j\u00f3venes difundan distintos lugares de la provincia que tienen un valor hist\u00f3rico y tur\u00edstico para los bonaerenses\u201d.<\/p>\n<p style=\"font-weight: 400;\">\u201cLo mejor de mi lugar\u201d permite la participaci\u00f3n de alumnos de escuelas secundarias, t\u00e9cnicas, agrarias y especiales privadas y p\u00fablicas pertenecientes a la cartera educativa bonaerense.<\/p>\n<p style=\"font-weight: 400;\">Por su parte, la\u00a0<strong>subsecretaria de Turismo de la provincia de Buenos Aires Martina Pikielny,<\/strong>\u00a0destac\u00f3 la relevancia del certamen de promoci\u00f3n debido a que \u201cla provincia de Buenos Aires es el destino de Escapadas por excelencia, ya que contamos con 52 fines de semanas al a\u00f1o, es decir \u201c52 oportunidades\u201d para tomarnos unos d\u00edas y disfrutar del relax de los diferentes destinos y es muy interesante el aporte que puedan hacer los alumnos que conocen bien sus ciudades\u201d.<\/p>\n<p style=\"font-weight: 400;\">En el mismo sentido, la\u00a0<strong>funcionaria<\/strong>\u00a0asegur\u00f3 que \u201ceste trabajo en conjunto con el Ministerio de Educaci\u00f3n es muy interesante porque fomenta la participaci\u00f3n de los adolescentes que nos van a mostrar su mirada a la hora de dise\u00f1ar el video y nos van a ayudar a agudizar nuestra tarea de promoci\u00f3n tur\u00edstica en la provincia\u201d.<\/p>\n<p style=\"font-weight: 400;\">Los estudiantes podr\u00e1n concursar en forma individual o grupal. En cualquiera de los casos, la tarea se considerar\u00e1 en representaci\u00f3n del curso al que asiste. Los ganadores obtendr\u00e1n como premio un viaje con estad\u00eda de dos noches y tres d\u00edas, con traslado, pensi\u00f3n completa, alojamiento y seguro incluido, en alguno de los siguientes destinos: Miramar, Tandil y Pinamar.<\/p>\n<p style=\"font-weight: 400;\">Cada curso o participante, entre el 16 de octubre y el 10 de noviembre, completar\u00e1 el formulario de registro en la web del concurso\u00a0<strong><a href=\"http:\/\/www.abc.gob.ar\/lomejordemilugar\" data-saferedirecturl=\"https:\/\/www.google.com\/url?q=http:\/\/www.abc.gob.ar\/lomejordemilugar&amp;source=gmail&amp;ust=1539811146861000&amp;usg=AFQjCNG4Kj4QZ39S1XPiD2npx_WWTGwlnw\">www.abc.gob.ar\/lomejordemilugar<\/a>,<\/strong> donde alojar\u00e1 el video con un t\u00edtulo y una breve descripci\u00f3n. Por su parte el director de cada establecimiento deber\u00e1 completar con los datos de los estudiantes que conforman el curso participante, la planilla \u201cInformaci\u00f3n del curso\u201d, que se encuentra en la web del concurso.<\/p>\n<p style=\"font-weight: 400;\">Vale resaltar que las producciones audiovisuales ser\u00e1n evaluadas por un comit\u00e9 integrado por un representante del Ministerio de Asuntos P\u00fablicos, uno de la Direcci\u00f3n Provincial de Comunicaci\u00f3n de la Direcci\u00f3n General de Cultura y Educaci\u00f3n y uno de la Jefatura de Gabinete de la Subsecretar\u00eda de Turismo.<\/p>\n<p style=\"font-weight: 400;\">En tanto, el 16 de noviembre se comunicar\u00e1 el fallo del concurso v\u00eda correo electr\u00f3nico, a trav\u00e9s del portal ABC y desde las redes institucionales de la Direcci\u00f3n de Escuelas.<\/p>\n","protected":false},"excerpt":{"rendered":"<p>El\u00a0Ministerio de Educaci\u00f3n y la Subsecretar\u00eda de Turismo del Ministerio de Producci\u00f3n de la provincia de Buenos Aires\u00a0lanzaron el primer concurso \u201cLo mejor de mi lugar\u201d, con el objetivo de que los estudiantes de los \u00faltimos dos a\u00f1os de las 4 mil escuelas secundarias de la provincia de Buenos Aires tengan la oportunidad de demostrar [&hellip;]<\/p>\n","protected":false},"author":2,"featured_media":4547,"comment_status":"open","ping_status":"open","sticky":false,"template":"","format":"standard","meta":{"footnotes":""},"categories":[139],"tags":[1484,142,33],"class_list":["post-4545","post","type-post","status-publish","format-standard","has-post-thumbnail","hentry","category-regionales","tag-gabriel-sanchez-zinny","tag-provincia","tag-turismo"],"yoast_head":"<!-- This site is optimized with the Yoast SEO plugin v27.4 - https:\/\/yoast.com\/product\/yoast-seo-wordpress\/ -->\n<title>Lanzaron concurso \u201cLo mejor de mi lugar\u201d para promocionar destinos de la provincia<\/title>\n<meta name=\"robots\" content=\"index, follow, max-snippet:-1, max-image-preview:large, max-video-preview:-1\" \/>\n<link rel=\"canonical\" href=\"https:\/\/noticiasmercedinas.com\/site\/2018\/10\/16\/lanzaron-concurso-lo-mejor-de-mi-lugar-para-promocionar-destinos-de-la-provincia\/\" \/>\n<meta property=\"og:locale\" content=\"es_ES\" \/>\n<meta property=\"og:type\" content=\"article\" \/>\n<meta property=\"og:title\" content=\"Lanzaron concurso \u201cLo mejor de mi lugar\u201d para promocionar destinos de la provincia\" \/>\n<meta property=\"og:description\" content=\"El\u00a0Ministerio de Educaci\u00f3n y la Subsecretar\u00eda de Turismo del Ministerio de Producci\u00f3n de la provincia de Buenos Aires\u00a0lanzaron el primer concurso \u201cLo mejor de mi lugar\u201d, con el objetivo de que los estudiantes de los \u00faltimos dos a\u00f1os de las 4 mil escuelas secundarias de la provincia de Buenos Aires tengan la oportunidad de demostrar [&hellip;]\" \/>\n<meta property=\"og:url\" content=\"https:\/\/noticiasmercedinas.com\/site\/2018\/10\/16\/lanzaron-concurso-lo-mejor-de-mi-lugar-para-promocionar-destinos-de-la-provincia\/\" \/>\n<meta property=\"og:site_name\" content=\"NOTICIASMERCEDINAS.COM\" \/>\n<meta property=\"article:publisher\" content=\"https:\/\/www.facebook.com\/noticiasmercedinas\/\" \/>\n<meta property=\"article:author\" content=\"https:\/\/www.facebook.com\/cristian.falabella\" \/>\n<meta property=\"article:published_time\" content=\"2018-10-17T02:42:30+00:00\" \/>\n<meta property=\"article:modified_time\" content=\"2018-10-17T02:46:55+00:00\" \/>\n<meta property=\"og:image\" content=\"https:\/\/noticiasmercedinas.com\/site\/wp-content\/uploads\/2018\/10\/Infograf\u00eda.jpg\" \/>\n\t<meta property=\"og:image:width\" content=\"640\" \/>\n\t<meta property=\"og:image:height\" content=\"359\" \/>\n\t<meta property=\"og:image:type\" content=\"image\/jpeg\" \/>\n<meta name=\"author\" content=\"Cristian Falabella NOTICIASMERCEDINAS.COM\" \/>\n<meta name=\"twitter:card\" content=\"summary_large_image\" \/>\n<meta name=\"twitter:creator\" content=\"@https:\/\/twitter.com\/NOTMERCEDINAS\" \/>\n<meta name=\"twitter:site\" content=\"@notmercedinas\" \/>\n<meta name=\"twitter:label1\" content=\"Escrito por\" \/>\n\t<meta name=\"twitter:data1\" content=\"Cristian Falabella NOTICIASMERCEDINAS.COM\" \/>\n\t<meta name=\"twitter:label2\" content=\"Tiempo de lectura\" \/>\n\t<meta name=\"twitter:data2\" content=\"3 minutos\" \/>\n<script type=\"application\/ld+json\" class=\"yoast-schema-graph\">{\"@context\":\"https:\\\/\\\/schema.org\",\"@graph\":[{\"@type\":\"Article\",\"@id\":\"https:\\\/\\\/noticiasmercedinas.com\\\/site\\\/2018\\\/10\\\/16\\\/lanzaron-concurso-lo-mejor-de-mi-lugar-para-promocionar-destinos-de-la-provincia\\\/#article\",\"isPartOf\":{\"@id\":\"https:\\\/\\\/noticiasmercedinas.com\\\/site\\\/2018\\\/10\\\/16\\\/lanzaron-concurso-lo-mejor-de-mi-lugar-para-promocionar-destinos-de-la-provincia\\\/\"},\"author\":{\"name\":\"Cristian Falabella NOTICIASMERCEDINAS.COM\",\"@id\":\"https:\\\/\\\/noticiasmercedinas.com\\\/site\\\/#\\\/schema\\\/person\\\/d481a9696a5feaec13a60e2bbd991a6a\"},\"headline\":\"Lanzaron concurso \u201cLo mejor de mi lugar\u201d para promocionar destinos de la provincia\",\"datePublished\":\"2018-10-17T02:42:30+00:00\",\"dateModified\":\"2018-10-17T02:46:55+00:00\",\"mainEntityOfPage\":{\"@id\":\"https:\\\/\\\/noticiasmercedinas.com\\\/site\\\/2018\\\/10\\\/16\\\/lanzaron-concurso-lo-mejor-de-mi-lugar-para-promocionar-destinos-de-la-provincia\\\/\"},\"wordCount\":656,\"commentCount\":0,\"publisher\":{\"@id\":\"https:\\\/\\\/noticiasmercedinas.com\\\/site\\\/#organization\"},\"image\":{\"@id\":\"https:\\\/\\\/noticiasmercedinas.com\\\/site\\\/2018\\\/10\\\/16\\\/lanzaron-concurso-lo-mejor-de-mi-lugar-para-promocionar-destinos-de-la-provincia\\\/#primaryimage\"},\"thumbnailUrl\":\"https:\\\/\\\/noticiasmercedinas.com\\\/site\\\/wp-content\\\/uploads\\\/2018\\\/10\\\/Infograf\u00eda.jpg\",\"keywords\":[\"gabriel sanchez zinny\",\"provincia\",\"turismo\"],\"articleSection\":[\"Regionales\"],\"inLanguage\":\"es\",\"potentialAction\":[{\"@type\":\"CommentAction\",\"name\":\"Comment\",\"target\":[\"https:\\\/\\\/noticiasmercedinas.com\\\/site\\\/2018\\\/10\\\/16\\\/lanzaron-concurso-lo-mejor-de-mi-lugar-para-promocionar-destinos-de-la-provincia\\\/#respond\"]}]},{\"@type\":\"WebPage\",\"@id\":\"https:\\\/\\\/noticiasmercedinas.com\\\/site\\\/2018\\\/10\\\/16\\\/lanzaron-concurso-lo-mejor-de-mi-lugar-para-promocionar-destinos-de-la-provincia\\\/\",\"url\":\"https:\\\/\\\/noticiasmercedinas.com\\\/site\\\/2018\\\/10\\\/16\\\/lanzaron-concurso-lo-mejor-de-mi-lugar-para-promocionar-destinos-de-la-provincia\\\/\",\"name\":\"Lanzaron concurso \u201cLo mejor de mi lugar\u201d para promocionar destinos de la provincia\",\"isPartOf\":{\"@id\":\"https:\\\/\\\/noticiasmercedinas.com\\\/site\\\/#website\"},\"primaryImageOfPage\":{\"@id\":\"https:\\\/\\\/noticiasmercedinas.com\\\/site\\\/2018\\\/10\\\/16\\\/lanzaron-concurso-lo-mejor-de-mi-lugar-para-promocionar-destinos-de-la-provincia\\\/#primaryimage\"},\"image\":{\"@id\":\"https:\\\/\\\/noticiasmercedinas.com\\\/site\\\/2018\\\/10\\\/16\\\/lanzaron-concurso-lo-mejor-de-mi-lugar-para-promocionar-destinos-de-la-provincia\\\/#primaryimage\"},\"thumbnailUrl\":\"https:\\\/\\\/noticiasmercedinas.com\\\/site\\\/wp-content\\\/uploads\\\/2018\\\/10\\\/Infograf\u00eda.jpg\",\"datePublished\":\"2018-10-17T02:42:30+00:00\",\"dateModified\":\"2018-10-17T02:46:55+00:00\",\"breadcrumb\":{\"@id\":\"https:\\\/\\\/noticiasmercedinas.com\\\/site\\\/2018\\\/10\\\/16\\\/lanzaron-concurso-lo-mejor-de-mi-lugar-para-promocionar-destinos-de-la-provincia\\\/#breadcrumb\"},\"inLanguage\":\"es\",\"potentialAction\":[{\"@type\":\"ReadAction\",\"target\":[\"https:\\\/\\\/noticiasmercedinas.com\\\/site\\\/2018\\\/10\\\/16\\\/lanzaron-concurso-lo-mejor-de-mi-lugar-para-promocionar-destinos-de-la-provincia\\\/\"]}]},{\"@type\":\"ImageObject\",\"inLanguage\":\"es\",\"@id\":\"https:\\\/\\\/noticiasmercedinas.com\\\/site\\\/2018\\\/10\\\/16\\\/lanzaron-concurso-lo-mejor-de-mi-lugar-para-promocionar-destinos-de-la-provincia\\\/#primaryimage\",\"url\":\"https:\\\/\\\/noticiasmercedinas.com\\\/site\\\/wp-content\\\/uploads\\\/2018\\\/10\\\/Infograf\u00eda.jpg\",\"contentUrl\":\"https:\\\/\\\/noticiasmercedinas.com\\\/site\\\/wp-content\\\/uploads\\\/2018\\\/10\\\/Infograf\u00eda.jpg\",\"width\":640,\"height\":359},{\"@type\":\"BreadcrumbList\",\"@id\":\"https:\\\/\\\/noticiasmercedinas.com\\\/site\\\/2018\\\/10\\\/16\\\/lanzaron-concurso-lo-mejor-de-mi-lugar-para-promocionar-destinos-de-la-provincia\\\/#breadcrumb\",\"itemListElement\":[{\"@type\":\"ListItem\",\"position\":1,\"name\":\"Portada\",\"item\":\"https:\\\/\\\/noticiasmercedinas.com\\\/site\\\/\"},{\"@type\":\"ListItem\",\"position\":2,\"name\":\"Lanzaron concurso \u201cLo mejor de mi lugar\u201d para promocionar destinos de la provincia\"}]},{\"@type\":\"WebSite\",\"@id\":\"https:\\\/\\\/noticiasmercedinas.com\\\/site\\\/#website\",\"url\":\"https:\\\/\\\/noticiasmercedinas.com\\\/site\\\/\",\"name\":\"NOTICIASMERCEDINAS.COM\",\"description\":\"Mercedes, Buenos Aires, Argentina\",\"publisher\":{\"@id\":\"https:\\\/\\\/noticiasmercedinas.com\\\/site\\\/#organization\"},\"potentialAction\":[{\"@type\":\"SearchAction\",\"target\":{\"@type\":\"EntryPoint\",\"urlTemplate\":\"https:\\\/\\\/noticiasmercedinas.com\\\/site\\\/?s={search_term_string}\"},\"query-input\":{\"@type\":\"PropertyValueSpecification\",\"valueRequired\":true,\"valueName\":\"search_term_string\"}}],\"inLanguage\":\"es\"},{\"@type\":\"Organization\",\"@id\":\"https:\\\/\\\/noticiasmercedinas.com\\\/site\\\/#organization\",\"name\":\"NOTICIASMERCEDINAS.COM\",\"url\":\"https:\\\/\\\/noticiasmercedinas.com\\\/site\\\/\",\"logo\":{\"@type\":\"ImageObject\",\"inLanguage\":\"es\",\"@id\":\"https:\\\/\\\/noticiasmercedinas.com\\\/site\\\/#\\\/schema\\\/logo\\\/image\\\/\",\"url\":\"https:\\\/\\\/noticiasmercedinas.com\\\/site\\\/wp-content\\\/uploads\\\/2020\\\/06\\\/LOGO-512.jpg\",\"contentUrl\":\"https:\\\/\\\/noticiasmercedinas.com\\\/site\\\/wp-content\\\/uploads\\\/2020\\\/06\\\/LOGO-512.jpg\",\"width\":512,\"height\":512,\"caption\":\"NOTICIASMERCEDINAS.COM\"},\"image\":{\"@id\":\"https:\\\/\\\/noticiasmercedinas.com\\\/site\\\/#\\\/schema\\\/logo\\\/image\\\/\"},\"sameAs\":[\"https:\\\/\\\/www.facebook.com\\\/noticiasmercedinas\\\/\",\"https:\\\/\\\/x.com\\\/notmercedinas\",\"https:\\\/\\\/www.instagram.com\\\/noticiasmercedinas\\\/\"]},{\"@type\":\"Person\",\"@id\":\"https:\\\/\\\/noticiasmercedinas.com\\\/site\\\/#\\\/schema\\\/person\\\/d481a9696a5feaec13a60e2bbd991a6a\",\"name\":\"Cristian Falabella NOTICIASMERCEDINAS.COM\",\"image\":{\"@type\":\"ImageObject\",\"inLanguage\":\"es\",\"@id\":\"https:\\\/\\\/secure.gravatar.com\\\/avatar\\\/0dbbfc45970cc46bcd0e57766228574ff3511d6eed045b182f536f0f478c1f06?s=96&d=mm&r=g\",\"url\":\"https:\\\/\\\/secure.gravatar.com\\\/avatar\\\/0dbbfc45970cc46bcd0e57766228574ff3511d6eed045b182f536f0f478c1f06?s=96&d=mm&r=g\",\"contentUrl\":\"https:\\\/\\\/secure.gravatar.com\\\/avatar\\\/0dbbfc45970cc46bcd0e57766228574ff3511d6eed045b182f536f0f478c1f06?s=96&d=mm&r=g\",\"caption\":\"Cristian Falabella NOTICIASMERCEDINAS.COM\"},\"description\":\"Periodista, editor de Noticias Mercedinas. Pas\u00f3 por varias redacciones y emprendimientos de prensa, en distintos formatos y \u00e9pocas. Se especializ\u00f3 --y sigue haci\u00e9ndolo-- en comunicaci\u00f3n en la web y en junio de 2006 fund\u00f3 este diario digital.\",\"sameAs\":[\"https:\\\/\\\/noticiasmercedinas.com\",\"https:\\\/\\\/www.facebook.com\\\/cristian.falabella\",\"https:\\\/\\\/www.instagram.com\\\/noticiasmercedinas\\\/\",\"https:\\\/\\\/x.com\\\/https:\\\/\\\/twitter.com\\\/NOTMERCEDINAS\"],\"url\":\"https:\\\/\\\/noticiasmercedinas.com\\\/site\\\/author\\\/as000384\\\/\"}]}<\/script>\n<!-- \/ Yoast SEO plugin. -->","yoast_head_json":{"title":"Lanzaron concurso \u201cLo mejor de mi lugar\u201d para promocionar destinos de la provincia","robots":{"index":"index","follow":"follow","max-snippet":"max-snippet:-1","max-image-preview":"max-image-preview:large","max-video-preview":"max-video-preview:-1"},"canonical":"https:\/\/noticiasmercedinas.com\/site\/2018\/10\/16\/lanzaron-concurso-lo-mejor-de-mi-lugar-para-promocionar-destinos-de-la-provincia\/","og_locale":"es_ES","og_type":"article","og_title":"Lanzaron concurso \u201cLo mejor de mi lugar\u201d para promocionar destinos de la provincia","og_description":"El\u00a0Ministerio de Educaci\u00f3n y la Subsecretar\u00eda de Turismo del Ministerio de Producci\u00f3n de la provincia de Buenos Aires\u00a0lanzaron el primer concurso \u201cLo mejor de mi lugar\u201d, con el objetivo de que los estudiantes de los \u00faltimos dos a\u00f1os de las 4 mil escuelas secundarias de la provincia de Buenos Aires tengan la oportunidad de demostrar [&hellip;]","og_url":"https:\/\/noticiasmercedinas.com\/site\/2018\/10\/16\/lanzaron-concurso-lo-mejor-de-mi-lugar-para-promocionar-destinos-de-la-provincia\/","og_site_name":"NOTICIASMERCEDINAS.COM","article_publisher":"https:\/\/www.facebook.com\/noticiasmercedinas\/","article_author":"https:\/\/www.facebook.com\/cristian.falabella","article_published_time":"2018-10-17T02:42:30+00:00","article_modified_time":"2018-10-17T02:46:55+00:00","og_image":[{"width":640,"height":359,"url":"https:\/\/noticiasmercedinas.com\/site\/wp-content\/uploads\/2018\/10\/Infograf\u00eda.jpg","type":"image\/jpeg"}],"author":"Cristian Falabella NOTICIASMERCEDINAS.COM","twitter_card":"summary_large_image","twitter_creator":"@https:\/\/twitter.com\/NOTMERCEDINAS","twitter_site":"@notmercedinas","twitter_misc":{"Escrito por":"Cristian Falabella NOTICIASMERCEDINAS.COM","Tiempo de lectura":"3 minutos"},"schema":{"@context":"https:\/\/schema.org","@graph":[{"@type":"Article","@id":"https:\/\/noticiasmercedinas.com\/site\/2018\/10\/16\/lanzaron-concurso-lo-mejor-de-mi-lugar-para-promocionar-destinos-de-la-provincia\/#article","isPartOf":{"@id":"https:\/\/noticiasmercedinas.com\/site\/2018\/10\/16\/lanzaron-concurso-lo-mejor-de-mi-lugar-para-promocionar-destinos-de-la-provincia\/"},"author":{"name":"Cristian Falabella NOTICIASMERCEDINAS.COM","@id":"https:\/\/noticiasmercedinas.com\/site\/#\/schema\/person\/d481a9696a5feaec13a60e2bbd991a6a"},"headline":"Lanzaron concurso \u201cLo mejor de mi lugar\u201d para promocionar destinos de la provincia","datePublished":"2018-10-17T02:42:30+00:00","dateModified":"2018-10-17T02:46:55+00:00","mainEntityOfPage":{"@id":"https:\/\/noticiasmercedinas.com\/site\/2018\/10\/16\/lanzaron-concurso-lo-mejor-de-mi-lugar-para-promocionar-destinos-de-la-provincia\/"},"wordCount":656,"commentCount":0,"publisher":{"@id":"https:\/\/noticiasmercedinas.com\/site\/#organization"},"image":{"@id":"https:\/\/noticiasmercedinas.com\/site\/2018\/10\/16\/lanzaron-concurso-lo-mejor-de-mi-lugar-para-promocionar-destinos-de-la-provincia\/#primaryimage"},"thumbnailUrl":"https:\/\/noticiasmercedinas.com\/site\/wp-content\/uploads\/2018\/10\/Infograf\u00eda.jpg","keywords":["gabriel sanchez zinny","provincia","turismo"],"articleSection":["Regionales"],"inLanguage":"es","potentialAction":[{"@type":"CommentAction","name":"Comment","target":["https:\/\/noticiasmercedinas.com\/site\/2018\/10\/16\/lanzaron-concurso-lo-mejor-de-mi-lugar-para-promocionar-destinos-de-la-provincia\/#respond"]}]},{"@type":"WebPage","@id":"https:\/\/noticiasmercedinas.com\/site\/2018\/10\/16\/lanzaron-concurso-lo-mejor-de-mi-lugar-para-promocionar-destinos-de-la-provincia\/","url":"https:\/\/noticiasmercedinas.com\/site\/2018\/10\/16\/lanzaron-concurso-lo-mejor-de-mi-lugar-para-promocionar-destinos-de-la-provincia\/","name":"Lanzaron concurso \u201cLo mejor de mi lugar\u201d para promocionar destinos de la provincia","isPartOf":{"@id":"https:\/\/noticiasmercedinas.com\/site\/#website"},"primaryImageOfPage":{"@id":"https:\/\/noticiasmercedinas.com\/site\/2018\/10\/16\/lanzaron-concurso-lo-mejor-de-mi-lugar-para-promocionar-destinos-de-la-provincia\/#primaryimage"},"image":{"@id":"https:\/\/noticiasmercedinas.com\/site\/2018\/10\/16\/lanzaron-concurso-lo-mejor-de-mi-lugar-para-promocionar-destinos-de-la-provincia\/#primaryimage"},"thumbnailUrl":"https:\/\/noticiasmercedinas.com\/site\/wp-content\/uploads\/2018\/10\/Infograf\u00eda.jpg","datePublished":"2018-10-17T02:42:30+00:00","dateModified":"2018-10-17T02:46:55+00:00","breadcrumb":{"@id":"https:\/\/noticiasmercedinas.com\/site\/2018\/10\/16\/lanzaron-concurso-lo-mejor-de-mi-lugar-para-promocionar-destinos-de-la-provincia\/#breadcrumb"},"inLanguage":"es","potentialAction":[{"@type":"ReadAction","target":["https:\/\/noticiasmercedinas.com\/site\/2018\/10\/16\/lanzaron-concurso-lo-mejor-de-mi-lugar-para-promocionar-destinos-de-la-provincia\/"]}]},{"@type":"ImageObject","inLanguage":"es","@id":"https:\/\/noticiasmercedinas.com\/site\/2018\/10\/16\/lanzaron-concurso-lo-mejor-de-mi-lugar-para-promocionar-destinos-de-la-provincia\/#primaryimage","url":"https:\/\/noticiasmercedinas.com\/site\/wp-content\/uploads\/2018\/10\/Infograf\u00eda.jpg","contentUrl":"https:\/\/noticiasmercedinas.com\/site\/wp-content\/uploads\/2018\/10\/Infograf\u00eda.jpg","width":640,"height":359},{"@type":"BreadcrumbList","@id":"https:\/\/noticiasmercedinas.com\/site\/2018\/10\/16\/lanzaron-concurso-lo-mejor-de-mi-lugar-para-promocionar-destinos-de-la-provincia\/#breadcrumb","itemListElement":[{"@type":"ListItem","position":1,"name":"Portada","item":"https:\/\/noticiasmercedinas.com\/site\/"},{"@type":"ListItem","position":2,"name":"Lanzaron concurso \u201cLo mejor de mi lugar\u201d para promocionar destinos de la provincia"}]},{"@type":"WebSite","@id":"https:\/\/noticiasmercedinas.com\/site\/#website","url":"https:\/\/noticiasmercedinas.com\/site\/","name":"NOTICIASMERCEDINAS.COM","description":"Mercedes, Buenos Aires, Argentina","publisher":{"@id":"https:\/\/noticiasmercedinas.com\/site\/#organization"},"potentialAction":[{"@type":"SearchAction","target":{"@type":"EntryPoint","urlTemplate":"https:\/\/noticiasmercedinas.com\/site\/?s={search_term_string}"},"query-input":{"@type":"PropertyValueSpecification","valueRequired":true,"valueName":"search_term_string"}}],"inLanguage":"es"},{"@type":"Organization","@id":"https:\/\/noticiasmercedinas.com\/site\/#organization","name":"NOTICIASMERCEDINAS.COM","url":"https:\/\/noticiasmercedinas.com\/site\/","logo":{"@type":"ImageObject","inLanguage":"es","@id":"https:\/\/noticiasmercedinas.com\/site\/#\/schema\/logo\/image\/","url":"https:\/\/noticiasmercedinas.com\/site\/wp-content\/uploads\/2020\/06\/LOGO-512.jpg","contentUrl":"https:\/\/noticiasmercedinas.com\/site\/wp-content\/uploads\/2020\/06\/LOGO-512.jpg","width":512,"height":512,"caption":"NOTICIASMERCEDINAS.COM"},"image":{"@id":"https:\/\/noticiasmercedinas.com\/site\/#\/schema\/logo\/image\/"},"sameAs":["https:\/\/www.facebook.com\/noticiasmercedinas\/","https:\/\/x.com\/notmercedinas","https:\/\/www.instagram.com\/noticiasmercedinas\/"]},{"@type":"Person","@id":"https:\/\/noticiasmercedinas.com\/site\/#\/schema\/person\/d481a9696a5feaec13a60e2bbd991a6a","name":"Cristian Falabella NOTICIASMERCEDINAS.COM","image":{"@type":"ImageObject","inLanguage":"es","@id":"https:\/\/secure.gravatar.com\/avatar\/0dbbfc45970cc46bcd0e57766228574ff3511d6eed045b182f536f0f478c1f06?s=96&d=mm&r=g","url":"https:\/\/secure.gravatar.com\/avatar\/0dbbfc45970cc46bcd0e57766228574ff3511d6eed045b182f536f0f478c1f06?s=96&d=mm&r=g","contentUrl":"https:\/\/secure.gravatar.com\/avatar\/0dbbfc45970cc46bcd0e57766228574ff3511d6eed045b182f536f0f478c1f06?s=96&d=mm&r=g","caption":"Cristian Falabella NOTICIASMERCEDINAS.COM"},"description":"Periodista, editor de Noticias Mercedinas. Pas\u00f3 por varias redacciones y emprendimientos de prensa, en distintos formatos y \u00e9pocas. Se especializ\u00f3 --y sigue haci\u00e9ndolo-- en comunicaci\u00f3n en la web y en junio de 2006 fund\u00f3 este diario digital.","sameAs":["https:\/\/noticiasmercedinas.com","https:\/\/www.facebook.com\/cristian.falabella","https:\/\/www.instagram.com\/noticiasmercedinas\/","https:\/\/x.com\/https:\/\/twitter.com\/NOTMERCEDINAS"],"url":"https:\/\/noticiasmercedinas.com\/site\/author\/as000384\/"}]}},"amp_enabled":true,"_links":{"self":[{"href":"https:\/\/noticiasmercedinas.com\/site\/wp-json\/wp\/v2\/posts\/4545","targetHints":{"allow":["GET"]}}],"collection":[{"href":"https:\/\/noticiasmercedinas.com\/site\/wp-json\/wp\/v2\/posts"}],"about":[{"href":"https:\/\/noticiasmercedinas.com\/site\/wp-json\/wp\/v2\/types\/post"}],"author":[{"embeddable":true,"href":"https:\/\/noticiasmercedinas.com\/site\/wp-json\/wp\/v2\/users\/2"}],"replies":[{"embeddable":true,"href":"https:\/\/noticiasmercedinas.com\/site\/wp-json\/wp\/v2\/comments?post=4545"}],"version-history":[{"count":2,"href":"https:\/\/noticiasmercedinas.com\/site\/wp-json\/wp\/v2\/posts\/4545\/revisions"}],"predecessor-version":[{"id":4549,"href":"https:\/\/noticiasmercedinas.com\/site\/wp-json\/wp\/v2\/posts\/4545\/revisions\/4549"}],"wp:featuredmedia":[{"embeddable":true,"href":"https:\/\/noticiasmercedinas.com\/site\/wp-json\/wp\/v2\/media\/4547"}],"wp:attachment":[{"href":"https:\/\/noticiasmercedinas.com\/site\/wp-json\/wp\/v2\/media?parent=4545"}],"wp:term":[{"taxonomy":"category","embeddable":true,"href":"https:\/\/noticiasmercedinas.com\/site\/wp-json\/wp\/v2\/categories?post=4545"},{"taxonomy":"post_tag","embeddable":true,"href":"https:\/\/noticiasmercedinas.com\/site\/wp-json\/wp\/v2\/tags?post=4545"}],"curies":[{"name":"wp","href":"https:\/\/api.w.org\/{rel}","templated":true}]}}