{"id":45469,"date":"2020-05-21T11:46:48","date_gmt":"2020-05-21T14:46:48","guid":{"rendered":"https:\/\/noticiasmercedinas.com\/site\/?p=45469"},"modified":"2020-05-21T12:02:42","modified_gmt":"2020-05-21T15:02:42","slug":"una-cuarentena-que-se-dobla-y-no-se-rompe","status":"publish","type":"post","link":"https:\/\/noticiasmercedinas.com\/site\/2020\/05\/21\/una-cuarentena-que-se-dobla-y-no-se-rompe\/","title":{"rendered":"Una cuarentena que se dobla y no se rompe"},"content":{"rendered":"<p><img loading=\"lazy\" decoding=\"async\" class=\"alignnone size-full wp-image-45470\" src=\"https:\/\/noticiasmercedinas.com\/site\/wp-content\/uploads\/2020\/05\/wp-15900728619122052122518.jpg\" alt=\"\" width=\"1040\" height=\"584\" srcset=\"https:\/\/noticiasmercedinas.com\/site\/wp-content\/uploads\/2020\/05\/wp-15900728619122052122518.jpg 1040w, https:\/\/noticiasmercedinas.com\/site\/wp-content\/uploads\/2020\/05\/wp-15900728619122052122518-300x168.jpg 300w, https:\/\/noticiasmercedinas.com\/site\/wp-content\/uploads\/2020\/05\/wp-15900728619122052122518-1024x575.jpg 1024w, https:\/\/noticiasmercedinas.com\/site\/wp-content\/uploads\/2020\/05\/wp-15900728619122052122518-768x431.jpg 768w, https:\/\/noticiasmercedinas.com\/site\/wp-content\/uploads\/2020\/05\/wp-15900728619122052122518-640x359.jpg 640w, https:\/\/noticiasmercedinas.com\/site\/wp-content\/uploads\/2020\/05\/wp-15900728619122052122518-681x382.jpg 681w\" sizes=\"auto, (max-width: 1040px) 100vw, 1040px\" \/><\/p>\n<p>La ley est\u00e1 ah\u00ed. El decreto est\u00e1 firmado. Qu\u00e9 se puede y qu\u00e9 no, est\u00e1 escrito en alg\u00fan lado. Pero a lo largo de los d\u00edas la ley perdi\u00f3 la dureza de la literalidad, se empez\u00f3 a gastar.<\/p>\n<p>Como pasa con la cubierta del auto, las grietas que daban seguridad empezaron a borrarse. La ley se volvi\u00f3 flexible, como la cuarentena.<\/p>\n<p>Una de las palabras m\u00e1s usadas en relaci\u00f3n a la cuarentena es \u00abflexibilizaci\u00f3n\u00bb. Me resulta extra\u00f1o que un decreto del Ejecutivo anunciado con el tono de una cadena nacional y respaldado por sus opositores, sea adjetivado de ese modo tan ambiguo, tan subjetivo.<\/p>\n<p>La primera acepci\u00f3n en el diccionario del vocablo flexible es: que puede ser doblado f\u00e1cilmente sin que se rompa. \u00bfHasta d\u00f3nde puede ser doblada la cuarentena sin que se rompa?<\/p>\n<p>Se habla de un porcentaje en el aumento de la circulaci\u00f3n. Un porcentaje permitido, quiero decir. Y es cierto. Las calles volvieron a estar vivas, volvieron a tener el color de antes. Incluso desde hace una semana ya rige nuevamente el estacionamiento medido.<\/p>\n<p>Nadie sabe con precisi\u00f3n de qu\u00e9 va esto de la fase cuatro. Qu\u00e9 cosas est\u00e1n habilitadas \u2013y de qu\u00e9 manera\u2013 y cu\u00e1les no. La informaci\u00f3n sobre horarios y d\u00edas en que abre cada rubro se amontona y se superpone, como la agenda de un m\u00e9dico que en medio de las consultas pautadas atiende urgencias. Tanta informaci\u00f3n confunde, la cancha se embarra y las l\u00edneas de cal desaparecen. \u00bfSer\u00e1 este un signo de flexibilizaci\u00f3n? No solo hay gente en la calle concurriendo a los negocios abiertos sino que tambi\u00e9n hay gente en la calle concurriendo a los negocios cerrados para saber cu\u00e1ndo estar\u00e1n abiertos.<\/p>\n<p>Hay algo que fue dicho por la autoridad m\u00e1xima y hay otra cosa \u2013infinidad de otras cosas\u2013 que fue escuchada por cada uno de nosotros.<\/p>\n<p>\u201cUstedes saben c\u00f3mo comportarse\u201d, podr\u00eda ser el mensaje latente de las autoridades gubernamentales. O conf\u00edo en ustedes \u2013mejor dicho, conf\u00edo en la culpa de ustedes\u2013. Entonces el famoso slogan \u201cesto es entre todos y nos cuidamos entre todos\u201d se transform\u00f3 en \u201cAnt\u00f3n Pirulero, cada cual atiende su juego\u201d y que cada municipio presente su propuesta. La cuarentena es una camisa nueva que se desti\u00f1\u00f3 al tercer lavado.<\/p>\n<p>En los grupos de whatsapp ya no se debate c\u00f3mo limpiar las verduras. Ahora, el tema de moda es c\u00f3mo violar la cuarentena lo menos violada posible. Hablar de violar la cuarentena ya no es tab\u00fa, ni un acto revolucionario. Es f\u00e1cil ofrecer argumentos racionales y de sentido com\u00fan que permita pensar que lo descabellado, hoy d\u00eda, es respetar la cuarentena a rajatabla.<\/p>\n<p>Que si andamos con barbijo, que si se respeta la distancia, que si se evita el saludo, que si llevamos alcohol en gel \u00bfpor qu\u00e9 no, entonces, pasar a saludarte por tu cumplea\u00f1os? Que es mejor distenderse un poco ahora que el virus no est\u00e1 en Mercedes, que ya nos tocar\u00e1 volver a encerrarnos en forma dr\u00e1stica cuando aparezcan los infectados, pero que mientras tanto\u2026<\/p>\n<p>El chiste y la provocaci\u00f3n es un moscard\u00f3n que interfiere en las charlas de whatsapp.<\/p>\n<p>Que ya fue, que hagamos un asado, que voy para tu casa.<\/p>\n<p>Las denuncias ya no son escraches en redes sociales como a fines de marzo. Ya nadie se indigna porque fulano ande paseando en la calle. Las denuncias ahora son chismes que ejemplifican los argumentos para convencerse \u2013y convencer a los otros\u2013 que lo m\u00e1s sensato es aprender a convivir con esto y que si tomamos las medidas precautorias \u00bfpor qu\u00e9 no probar, una puntita, del fruto prohibido?<\/p>\n<p>La encrucijada es la de aquel \u2013o aquella\u2013 que cansado de su pareja se pregunta si un beso, o unos mensajes subidos de tono es infidelidad, y juega todo el tiempo en el abismo entre el deseo y la moral.<\/p>\n<p>Algunos dir\u00e1n que las ma\u00f1anas en Mercedes son como eran antes, que la gente \u2013harta\u2013 anda en la calle. Y otro, sin contradecir, valorar\u00e1 que todos llevan barbijos y que la distancia se respeta y que las indicaciones protocolares de los comercios, tambi\u00e9n.<\/p>\n<p>Los controles oficiales son menos intensos. La apuesta ahora es hacia los controles no oficiales: la mirada del otro \u2013el vecino que te ve al salir, las reuniones clandestinas sin celulares ni fotos en redes\u2013 y tambi\u00e9n la mirada interna, nuestras vocecitas neur\u00f3ticas que por un lado te dice que no est\u00e1s haciendo nada malo y, por el otro, no te deja disfrutar.<\/p>\n<p>Cuarentena flexibilizada: \u00bfLo dejo a tu criterio? Lo dejo al criterio de tu culpa.<\/p>\n<p>El mensaje es ambiguo. Si al anuncio de un decreto lo endulzamos con el concepto de flexibilizaci\u00f3n, estamos en problemas.<\/p>\n<p>Si en vez de flexibilizaci\u00f3n buscamos un eufemismo bien rebuscado y la llamamos \u201cla nueva normalidad\u201d, estamos en problemas.<\/p>\n<p>Si a la informaci\u00f3n de \u00edndole nacional le agregamos el condimento provincial y lo rematamos con una pizca de municipal, estamos en problemas.<\/p>\n<p>No creo que se trate de fallas en la comunicaci\u00f3n, al contrario. Creo que el mensaje es claro. Tan claro como el deseo de aquel \u2013o aquella\u2013 que le dice a su pareja \u201cand\u00e1, si queres. And\u00e1 a divertirte con tus amigas, yo me quedo solo. No voy a hacer nada\u201d, o el conocido \u201chac\u00e9 como quieras\u201d.<\/p>\n<p>El mensaje es ambiguo, dije. Como ambiguo es el mensaje que los padres que violan la cuarentena -un poquito, nada mas- le dan a sus hijos. \u00bfC\u00f3mo explicarle al infante que la cuarentena sigue pero que podemos salir, que un ratito podemos ir a visitar a fulano, que almorzar en lo de mengano s\u00ed, pero de lejos?<\/p>\n<p>S\u00ed, pero no.<\/p>\n<p>El infante ve en la tele que la cuarentena y el #yomequedoencasa est\u00e1 m\u00e1s vigente que nunca. Sin embargo sale. \u00c9l sale. Sale porque el virus no est\u00e1 en Mercedes, se le dir\u00e1 con la misma convicci\u00f3n con que acto seguido se le advertir\u00e9 que nada de darle un beso a la abuela ni mucho menos abrazarla. Entonces, \u00bfest\u00e1 o no est\u00e1 el virus en Mercedes? El mensaje completo \u2013que no se puede decir porque nunca se puede decir todo\u2013 ser\u00eda: \u00abVamos a ir a visitar a los abuelos porque sabemos que ninguno est\u00e1 infectado pero ni se te ocurre abrazarlos despu\u00e9s de sesenta d\u00edas porque meter\u00edas el dedo bien profundo en la llaga de mi culpa\u00bb.<\/p>\n<p>Hasta hace unos d\u00edas tomaban la temperatura en la calle para detectar posible coronavirus y el aislamiento consecuente. Hoy, el term\u00f3metro que indica cu\u00e1n aislado debes estar, es la culpa neur\u00f3tica.<\/p>\n","protected":false},"excerpt":{"rendered":"<p>La ley est\u00e1 ah\u00ed. El decreto est\u00e1 firmado. Qu\u00e9 se puede y qu\u00e9 no, est\u00e1 escrito en alg\u00fan lado. Pero a lo largo de los d\u00edas la ley perdi\u00f3 la dureza de la literalidad, se empez\u00f3 a gastar. Como pasa con la cubierta del auto, las grietas que daban seguridad empezaron a borrarse. La ley [&hellip;]<\/p>\n","protected":false},"author":26,"featured_media":45470,"comment_status":"open","ping_status":"open","sticky":false,"template":"","format":"standard","meta":{"footnotes":""},"categories":[6576],"tags":[8663,6578],"class_list":["post-45469","post","type-post","status-publish","format-standard","has-post-thumbnail","hentry","category-una-mirada-de-la-ciudad","tag-pandemia","tag-una-mirada-de-la-ciudad"],"yoast_head":"<!-- This site is optimized with the Yoast SEO plugin v27.4 - https:\/\/yoast.com\/product\/yoast-seo-wordpress\/ -->\n<title>Una cuarentena que se dobla y no se rompe<\/title>\n<meta name=\"robots\" content=\"index, follow, max-snippet:-1, max-image-preview:large, max-video-preview:-1\" \/>\n<link rel=\"canonical\" href=\"https:\/\/noticiasmercedinas.com\/site\/2020\/05\/21\/una-cuarentena-que-se-dobla-y-no-se-rompe\/\" \/>\n<meta property=\"og:locale\" content=\"es_ES\" \/>\n<meta property=\"og:type\" content=\"article\" \/>\n<meta property=\"og:title\" content=\"Una cuarentena que se dobla y no se rompe\" \/>\n<meta property=\"og:description\" content=\"La ley est\u00e1 ah\u00ed. El decreto est\u00e1 firmado. Qu\u00e9 se puede y qu\u00e9 no, est\u00e1 escrito en alg\u00fan lado. Pero a lo largo de los d\u00edas la ley perdi\u00f3 la dureza de la literalidad, se empez\u00f3 a gastar. Como pasa con la cubierta del auto, las grietas que daban seguridad empezaron a borrarse. La ley [&hellip;]\" \/>\n<meta property=\"og:url\" content=\"https:\/\/noticiasmercedinas.com\/site\/2020\/05\/21\/una-cuarentena-que-se-dobla-y-no-se-rompe\/\" \/>\n<meta property=\"og:site_name\" content=\"NOTICIASMERCEDINAS.COM\" \/>\n<meta property=\"article:publisher\" content=\"https:\/\/www.facebook.com\/noticiasmercedinas\/\" \/>\n<meta property=\"article:author\" content=\"https:\/\/www.facebook.com\/www.untalmarcost.blogspot.com.ar\" \/>\n<meta property=\"article:published_time\" content=\"2020-05-21T14:46:48+00:00\" \/>\n<meta property=\"article:modified_time\" content=\"2020-05-21T15:02:42+00:00\" \/>\n<meta property=\"og:image\" content=\"https:\/\/noticiasmercedinas.com\/site\/wp-content\/uploads\/2020\/05\/wp-15900728619122052122518.jpg\" \/>\n\t<meta property=\"og:image:width\" content=\"1040\" \/>\n\t<meta property=\"og:image:height\" content=\"584\" \/>\n\t<meta property=\"og:image:type\" content=\"image\/jpeg\" \/>\n<meta name=\"author\" content=\"Marcos Tabossi\" \/>\n<meta name=\"twitter:card\" content=\"summary_large_image\" \/>\n<meta name=\"twitter:creator\" content=\"@https:\/\/twitter.com\/MarcosTabossi\" \/>\n<meta name=\"twitter:site\" content=\"@notmercedinas\" \/>\n<meta name=\"twitter:label1\" content=\"Escrito por\" \/>\n\t<meta name=\"twitter:data1\" content=\"Marcos Tabossi\" \/>\n\t<meta name=\"twitter:label2\" content=\"Tiempo de lectura\" \/>\n\t<meta name=\"twitter:data2\" content=\"6 minutos\" \/>\n<script type=\"application\/ld+json\" class=\"yoast-schema-graph\">{\"@context\":\"https:\\\/\\\/schema.org\",\"@graph\":[{\"@type\":\"Article\",\"@id\":\"https:\\\/\\\/noticiasmercedinas.com\\\/site\\\/2020\\\/05\\\/21\\\/una-cuarentena-que-se-dobla-y-no-se-rompe\\\/#article\",\"isPartOf\":{\"@id\":\"https:\\\/\\\/noticiasmercedinas.com\\\/site\\\/2020\\\/05\\\/21\\\/una-cuarentena-que-se-dobla-y-no-se-rompe\\\/\"},\"author\":{\"name\":\"Marcos Tabossi\",\"@id\":\"https:\\\/\\\/noticiasmercedinas.com\\\/site\\\/#\\\/schema\\\/person\\\/ad6432d89b9d86aa1236b4352f4f9271\"},\"headline\":\"Una cuarentena que se dobla y no se rompe\",\"datePublished\":\"2020-05-21T14:46:48+00:00\",\"dateModified\":\"2020-05-21T15:02:42+00:00\",\"mainEntityOfPage\":{\"@id\":\"https:\\\/\\\/noticiasmercedinas.com\\\/site\\\/2020\\\/05\\\/21\\\/una-cuarentena-que-se-dobla-y-no-se-rompe\\\/\"},\"wordCount\":1149,\"commentCount\":0,\"publisher\":{\"@id\":\"https:\\\/\\\/noticiasmercedinas.com\\\/site\\\/#organization\"},\"image\":{\"@id\":\"https:\\\/\\\/noticiasmercedinas.com\\\/site\\\/2020\\\/05\\\/21\\\/una-cuarentena-que-se-dobla-y-no-se-rompe\\\/#primaryimage\"},\"thumbnailUrl\":\"https:\\\/\\\/noticiasmercedinas.com\\\/site\\\/wp-content\\\/uploads\\\/2020\\\/05\\\/wp-15900728619122052122518.jpg\",\"keywords\":[\"pandemia\",\"una mirada de la ciudad\"],\"articleSection\":[\"Una mirada de la ciudad\"],\"inLanguage\":\"es\",\"potentialAction\":[{\"@type\":\"CommentAction\",\"name\":\"Comment\",\"target\":[\"https:\\\/\\\/noticiasmercedinas.com\\\/site\\\/2020\\\/05\\\/21\\\/una-cuarentena-que-se-dobla-y-no-se-rompe\\\/#respond\"]}]},{\"@type\":\"WebPage\",\"@id\":\"https:\\\/\\\/noticiasmercedinas.com\\\/site\\\/2020\\\/05\\\/21\\\/una-cuarentena-que-se-dobla-y-no-se-rompe\\\/\",\"url\":\"https:\\\/\\\/noticiasmercedinas.com\\\/site\\\/2020\\\/05\\\/21\\\/una-cuarentena-que-se-dobla-y-no-se-rompe\\\/\",\"name\":\"Una cuarentena que se dobla y no se rompe\",\"isPartOf\":{\"@id\":\"https:\\\/\\\/noticiasmercedinas.com\\\/site\\\/#website\"},\"primaryImageOfPage\":{\"@id\":\"https:\\\/\\\/noticiasmercedinas.com\\\/site\\\/2020\\\/05\\\/21\\\/una-cuarentena-que-se-dobla-y-no-se-rompe\\\/#primaryimage\"},\"image\":{\"@id\":\"https:\\\/\\\/noticiasmercedinas.com\\\/site\\\/2020\\\/05\\\/21\\\/una-cuarentena-que-se-dobla-y-no-se-rompe\\\/#primaryimage\"},\"thumbnailUrl\":\"https:\\\/\\\/noticiasmercedinas.com\\\/site\\\/wp-content\\\/uploads\\\/2020\\\/05\\\/wp-15900728619122052122518.jpg\",\"datePublished\":\"2020-05-21T14:46:48+00:00\",\"dateModified\":\"2020-05-21T15:02:42+00:00\",\"breadcrumb\":{\"@id\":\"https:\\\/\\\/noticiasmercedinas.com\\\/site\\\/2020\\\/05\\\/21\\\/una-cuarentena-que-se-dobla-y-no-se-rompe\\\/#breadcrumb\"},\"inLanguage\":\"es\",\"potentialAction\":[{\"@type\":\"ReadAction\",\"target\":[\"https:\\\/\\\/noticiasmercedinas.com\\\/site\\\/2020\\\/05\\\/21\\\/una-cuarentena-que-se-dobla-y-no-se-rompe\\\/\"]}]},{\"@type\":\"ImageObject\",\"inLanguage\":\"es\",\"@id\":\"https:\\\/\\\/noticiasmercedinas.com\\\/site\\\/2020\\\/05\\\/21\\\/una-cuarentena-que-se-dobla-y-no-se-rompe\\\/#primaryimage\",\"url\":\"https:\\\/\\\/noticiasmercedinas.com\\\/site\\\/wp-content\\\/uploads\\\/2020\\\/05\\\/wp-15900728619122052122518.jpg\",\"contentUrl\":\"https:\\\/\\\/noticiasmercedinas.com\\\/site\\\/wp-content\\\/uploads\\\/2020\\\/05\\\/wp-15900728619122052122518.jpg\",\"width\":1040,\"height\":584},{\"@type\":\"BreadcrumbList\",\"@id\":\"https:\\\/\\\/noticiasmercedinas.com\\\/site\\\/2020\\\/05\\\/21\\\/una-cuarentena-que-se-dobla-y-no-se-rompe\\\/#breadcrumb\",\"itemListElement\":[{\"@type\":\"ListItem\",\"position\":1,\"name\":\"Portada\",\"item\":\"https:\\\/\\\/noticiasmercedinas.com\\\/site\\\/\"},{\"@type\":\"ListItem\",\"position\":2,\"name\":\"Una cuarentena que se dobla y no se rompe\"}]},{\"@type\":\"WebSite\",\"@id\":\"https:\\\/\\\/noticiasmercedinas.com\\\/site\\\/#website\",\"url\":\"https:\\\/\\\/noticiasmercedinas.com\\\/site\\\/\",\"name\":\"NOTICIASMERCEDINAS.COM\",\"description\":\"Mercedes, Buenos Aires, Argentina\",\"publisher\":{\"@id\":\"https:\\\/\\\/noticiasmercedinas.com\\\/site\\\/#organization\"},\"potentialAction\":[{\"@type\":\"SearchAction\",\"target\":{\"@type\":\"EntryPoint\",\"urlTemplate\":\"https:\\\/\\\/noticiasmercedinas.com\\\/site\\\/?s={search_term_string}\"},\"query-input\":{\"@type\":\"PropertyValueSpecification\",\"valueRequired\":true,\"valueName\":\"search_term_string\"}}],\"inLanguage\":\"es\"},{\"@type\":\"Organization\",\"@id\":\"https:\\\/\\\/noticiasmercedinas.com\\\/site\\\/#organization\",\"name\":\"NOTICIASMERCEDINAS.COM\",\"url\":\"https:\\\/\\\/noticiasmercedinas.com\\\/site\\\/\",\"logo\":{\"@type\":\"ImageObject\",\"inLanguage\":\"es\",\"@id\":\"https:\\\/\\\/noticiasmercedinas.com\\\/site\\\/#\\\/schema\\\/logo\\\/image\\\/\",\"url\":\"https:\\\/\\\/noticiasmercedinas.com\\\/site\\\/wp-content\\\/uploads\\\/2020\\\/06\\\/LOGO-512.jpg\",\"contentUrl\":\"https:\\\/\\\/noticiasmercedinas.com\\\/site\\\/wp-content\\\/uploads\\\/2020\\\/06\\\/LOGO-512.jpg\",\"width\":512,\"height\":512,\"caption\":\"NOTICIASMERCEDINAS.COM\"},\"image\":{\"@id\":\"https:\\\/\\\/noticiasmercedinas.com\\\/site\\\/#\\\/schema\\\/logo\\\/image\\\/\"},\"sameAs\":[\"https:\\\/\\\/www.facebook.com\\\/noticiasmercedinas\\\/\",\"https:\\\/\\\/x.com\\\/notmercedinas\",\"https:\\\/\\\/www.instagram.com\\\/noticiasmercedinas\\\/\"]},{\"@type\":\"Person\",\"@id\":\"https:\\\/\\\/noticiasmercedinas.com\\\/site\\\/#\\\/schema\\\/person\\\/ad6432d89b9d86aa1236b4352f4f9271\",\"name\":\"Marcos Tabossi\",\"image\":{\"@type\":\"ImageObject\",\"inLanguage\":\"es\",\"@id\":\"https:\\\/\\\/secure.gravatar.com\\\/avatar\\\/3289c5816bd32b910d17b147a61ec9a26c21417a787bc3c66c4bfd5c3ad5bd45?s=96&d=mm&r=g\",\"url\":\"https:\\\/\\\/secure.gravatar.com\\\/avatar\\\/3289c5816bd32b910d17b147a61ec9a26c21417a787bc3c66c4bfd5c3ad5bd45?s=96&d=mm&r=g\",\"contentUrl\":\"https:\\\/\\\/secure.gravatar.com\\\/avatar\\\/3289c5816bd32b910d17b147a61ec9a26c21417a787bc3c66c4bfd5c3ad5bd45?s=96&d=mm&r=g\",\"caption\":\"Marcos Tabossi\"},\"description\":\"Psic\u00f3logo, docente y escritor. Public\u00f3 \u201cLa persona de al lado\u201d (2013) y \u201cUna especie de c\u00e1rcel\u201d (Peces de Ciudad. 2017). Particip\u00f3 con cuentos en diversas antolog\u00edas y es colaborador de sitios literarios nacionales e internacionales\",\"sameAs\":[\"https:\\\/\\\/www.facebook.com\\\/www.untalmarcost.blogspot.com.ar\",\"https:\\\/\\\/www.instagram.com\\\/marcostabossi\",\"https:\\\/\\\/x.com\\\/https:\\\/\\\/twitter.com\\\/MarcosTabossi\"],\"url\":\"https:\\\/\\\/noticiasmercedinas.com\\\/site\\\/author\\\/marcos-tabosssi\\\/\"}]}<\/script>\n<!-- \/ Yoast SEO plugin. -->","yoast_head_json":{"title":"Una cuarentena que se dobla y no se rompe","robots":{"index":"index","follow":"follow","max-snippet":"max-snippet:-1","max-image-preview":"max-image-preview:large","max-video-preview":"max-video-preview:-1"},"canonical":"https:\/\/noticiasmercedinas.com\/site\/2020\/05\/21\/una-cuarentena-que-se-dobla-y-no-se-rompe\/","og_locale":"es_ES","og_type":"article","og_title":"Una cuarentena que se dobla y no se rompe","og_description":"La ley est\u00e1 ah\u00ed. El decreto est\u00e1 firmado. Qu\u00e9 se puede y qu\u00e9 no, est\u00e1 escrito en alg\u00fan lado. Pero a lo largo de los d\u00edas la ley perdi\u00f3 la dureza de la literalidad, se empez\u00f3 a gastar. Como pasa con la cubierta del auto, las grietas que daban seguridad empezaron a borrarse. La ley [&hellip;]","og_url":"https:\/\/noticiasmercedinas.com\/site\/2020\/05\/21\/una-cuarentena-que-se-dobla-y-no-se-rompe\/","og_site_name":"NOTICIASMERCEDINAS.COM","article_publisher":"https:\/\/www.facebook.com\/noticiasmercedinas\/","article_author":"https:\/\/www.facebook.com\/www.untalmarcost.blogspot.com.ar","article_published_time":"2020-05-21T14:46:48+00:00","article_modified_time":"2020-05-21T15:02:42+00:00","og_image":[{"width":1040,"height":584,"url":"https:\/\/noticiasmercedinas.com\/site\/wp-content\/uploads\/2020\/05\/wp-15900728619122052122518.jpg","type":"image\/jpeg"}],"author":"Marcos Tabossi","twitter_card":"summary_large_image","twitter_creator":"@https:\/\/twitter.com\/MarcosTabossi","twitter_site":"@notmercedinas","twitter_misc":{"Escrito por":"Marcos Tabossi","Tiempo de lectura":"6 minutos"},"schema":{"@context":"https:\/\/schema.org","@graph":[{"@type":"Article","@id":"https:\/\/noticiasmercedinas.com\/site\/2020\/05\/21\/una-cuarentena-que-se-dobla-y-no-se-rompe\/#article","isPartOf":{"@id":"https:\/\/noticiasmercedinas.com\/site\/2020\/05\/21\/una-cuarentena-que-se-dobla-y-no-se-rompe\/"},"author":{"name":"Marcos Tabossi","@id":"https:\/\/noticiasmercedinas.com\/site\/#\/schema\/person\/ad6432d89b9d86aa1236b4352f4f9271"},"headline":"Una cuarentena que se dobla y no se rompe","datePublished":"2020-05-21T14:46:48+00:00","dateModified":"2020-05-21T15:02:42+00:00","mainEntityOfPage":{"@id":"https:\/\/noticiasmercedinas.com\/site\/2020\/05\/21\/una-cuarentena-que-se-dobla-y-no-se-rompe\/"},"wordCount":1149,"commentCount":0,"publisher":{"@id":"https:\/\/noticiasmercedinas.com\/site\/#organization"},"image":{"@id":"https:\/\/noticiasmercedinas.com\/site\/2020\/05\/21\/una-cuarentena-que-se-dobla-y-no-se-rompe\/#primaryimage"},"thumbnailUrl":"https:\/\/noticiasmercedinas.com\/site\/wp-content\/uploads\/2020\/05\/wp-15900728619122052122518.jpg","keywords":["pandemia","una mirada de la ciudad"],"articleSection":["Una mirada de la ciudad"],"inLanguage":"es","potentialAction":[{"@type":"CommentAction","name":"Comment","target":["https:\/\/noticiasmercedinas.com\/site\/2020\/05\/21\/una-cuarentena-que-se-dobla-y-no-se-rompe\/#respond"]}]},{"@type":"WebPage","@id":"https:\/\/noticiasmercedinas.com\/site\/2020\/05\/21\/una-cuarentena-que-se-dobla-y-no-se-rompe\/","url":"https:\/\/noticiasmercedinas.com\/site\/2020\/05\/21\/una-cuarentena-que-se-dobla-y-no-se-rompe\/","name":"Una cuarentena que se dobla y no se rompe","isPartOf":{"@id":"https:\/\/noticiasmercedinas.com\/site\/#website"},"primaryImageOfPage":{"@id":"https:\/\/noticiasmercedinas.com\/site\/2020\/05\/21\/una-cuarentena-que-se-dobla-y-no-se-rompe\/#primaryimage"},"image":{"@id":"https:\/\/noticiasmercedinas.com\/site\/2020\/05\/21\/una-cuarentena-que-se-dobla-y-no-se-rompe\/#primaryimage"},"thumbnailUrl":"https:\/\/noticiasmercedinas.com\/site\/wp-content\/uploads\/2020\/05\/wp-15900728619122052122518.jpg","datePublished":"2020-05-21T14:46:48+00:00","dateModified":"2020-05-21T15:02:42+00:00","breadcrumb":{"@id":"https:\/\/noticiasmercedinas.com\/site\/2020\/05\/21\/una-cuarentena-que-se-dobla-y-no-se-rompe\/#breadcrumb"},"inLanguage":"es","potentialAction":[{"@type":"ReadAction","target":["https:\/\/noticiasmercedinas.com\/site\/2020\/05\/21\/una-cuarentena-que-se-dobla-y-no-se-rompe\/"]}]},{"@type":"ImageObject","inLanguage":"es","@id":"https:\/\/noticiasmercedinas.com\/site\/2020\/05\/21\/una-cuarentena-que-se-dobla-y-no-se-rompe\/#primaryimage","url":"https:\/\/noticiasmercedinas.com\/site\/wp-content\/uploads\/2020\/05\/wp-15900728619122052122518.jpg","contentUrl":"https:\/\/noticiasmercedinas.com\/site\/wp-content\/uploads\/2020\/05\/wp-15900728619122052122518.jpg","width":1040,"height":584},{"@type":"BreadcrumbList","@id":"https:\/\/noticiasmercedinas.com\/site\/2020\/05\/21\/una-cuarentena-que-se-dobla-y-no-se-rompe\/#breadcrumb","itemListElement":[{"@type":"ListItem","position":1,"name":"Portada","item":"https:\/\/noticiasmercedinas.com\/site\/"},{"@type":"ListItem","position":2,"name":"Una cuarentena que se dobla y no se rompe"}]},{"@type":"WebSite","@id":"https:\/\/noticiasmercedinas.com\/site\/#website","url":"https:\/\/noticiasmercedinas.com\/site\/","name":"NOTICIASMERCEDINAS.COM","description":"Mercedes, Buenos Aires, Argentina","publisher":{"@id":"https:\/\/noticiasmercedinas.com\/site\/#organization"},"potentialAction":[{"@type":"SearchAction","target":{"@type":"EntryPoint","urlTemplate":"https:\/\/noticiasmercedinas.com\/site\/?s={search_term_string}"},"query-input":{"@type":"PropertyValueSpecification","valueRequired":true,"valueName":"search_term_string"}}],"inLanguage":"es"},{"@type":"Organization","@id":"https:\/\/noticiasmercedinas.com\/site\/#organization","name":"NOTICIASMERCEDINAS.COM","url":"https:\/\/noticiasmercedinas.com\/site\/","logo":{"@type":"ImageObject","inLanguage":"es","@id":"https:\/\/noticiasmercedinas.com\/site\/#\/schema\/logo\/image\/","url":"https:\/\/noticiasmercedinas.com\/site\/wp-content\/uploads\/2020\/06\/LOGO-512.jpg","contentUrl":"https:\/\/noticiasmercedinas.com\/site\/wp-content\/uploads\/2020\/06\/LOGO-512.jpg","width":512,"height":512,"caption":"NOTICIASMERCEDINAS.COM"},"image":{"@id":"https:\/\/noticiasmercedinas.com\/site\/#\/schema\/logo\/image\/"},"sameAs":["https:\/\/www.facebook.com\/noticiasmercedinas\/","https:\/\/x.com\/notmercedinas","https:\/\/www.instagram.com\/noticiasmercedinas\/"]},{"@type":"Person","@id":"https:\/\/noticiasmercedinas.com\/site\/#\/schema\/person\/ad6432d89b9d86aa1236b4352f4f9271","name":"Marcos Tabossi","image":{"@type":"ImageObject","inLanguage":"es","@id":"https:\/\/secure.gravatar.com\/avatar\/3289c5816bd32b910d17b147a61ec9a26c21417a787bc3c66c4bfd5c3ad5bd45?s=96&d=mm&r=g","url":"https:\/\/secure.gravatar.com\/avatar\/3289c5816bd32b910d17b147a61ec9a26c21417a787bc3c66c4bfd5c3ad5bd45?s=96&d=mm&r=g","contentUrl":"https:\/\/secure.gravatar.com\/avatar\/3289c5816bd32b910d17b147a61ec9a26c21417a787bc3c66c4bfd5c3ad5bd45?s=96&d=mm&r=g","caption":"Marcos Tabossi"},"description":"Psic\u00f3logo, docente y escritor. Public\u00f3 \u201cLa persona de al lado\u201d (2013) y \u201cUna especie de c\u00e1rcel\u201d (Peces de Ciudad. 2017). Particip\u00f3 con cuentos en diversas antolog\u00edas y es colaborador de sitios literarios nacionales e internacionales","sameAs":["https:\/\/www.facebook.com\/www.untalmarcost.blogspot.com.ar","https:\/\/www.instagram.com\/marcostabossi","https:\/\/x.com\/https:\/\/twitter.com\/MarcosTabossi"],"url":"https:\/\/noticiasmercedinas.com\/site\/author\/marcos-tabosssi\/"}]}},"amp_enabled":true,"_links":{"self":[{"href":"https:\/\/noticiasmercedinas.com\/site\/wp-json\/wp\/v2\/posts\/45469","targetHints":{"allow":["GET"]}}],"collection":[{"href":"https:\/\/noticiasmercedinas.com\/site\/wp-json\/wp\/v2\/posts"}],"about":[{"href":"https:\/\/noticiasmercedinas.com\/site\/wp-json\/wp\/v2\/types\/post"}],"author":[{"embeddable":true,"href":"https:\/\/noticiasmercedinas.com\/site\/wp-json\/wp\/v2\/users\/26"}],"replies":[{"embeddable":true,"href":"https:\/\/noticiasmercedinas.com\/site\/wp-json\/wp\/v2\/comments?post=45469"}],"version-history":[{"count":2,"href":"https:\/\/noticiasmercedinas.com\/site\/wp-json\/wp\/v2\/posts\/45469\/revisions"}],"predecessor-version":[{"id":45472,"href":"https:\/\/noticiasmercedinas.com\/site\/wp-json\/wp\/v2\/posts\/45469\/revisions\/45472"}],"wp:featuredmedia":[{"embeddable":true,"href":"https:\/\/noticiasmercedinas.com\/site\/wp-json\/wp\/v2\/media\/45470"}],"wp:attachment":[{"href":"https:\/\/noticiasmercedinas.com\/site\/wp-json\/wp\/v2\/media?parent=45469"}],"wp:term":[{"taxonomy":"category","embeddable":true,"href":"https:\/\/noticiasmercedinas.com\/site\/wp-json\/wp\/v2\/categories?post=45469"},{"taxonomy":"post_tag","embeddable":true,"href":"https:\/\/noticiasmercedinas.com\/site\/wp-json\/wp\/v2\/tags?post=45469"}],"curies":[{"name":"wp","href":"https:\/\/api.w.org\/{rel}","templated":true}]}}