{"id":45938,"date":"2020-05-29T14:58:07","date_gmt":"2020-05-29T17:58:07","guid":{"rendered":"https:\/\/noticiasmercedinas.com\/site\/?p=45938"},"modified":"2020-05-29T16:52:17","modified_gmt":"2020-05-29T19:52:17","slug":"circulo-odontologico-regional-mercedes-lamenta-cierre-de-negociaciones-unilateral-con-obra-social","status":"publish","type":"post","link":"https:\/\/noticiasmercedinas.com\/site\/2020\/05\/29\/circulo-odontologico-regional-mercedes-lamenta-cierre-de-negociaciones-unilateral-con-obra-social\/","title":{"rendered":"C\u00edrculo Odontol\u00f3gico Regional Mercedes lamenta cierre de negociaciones unilateral con obra social"},"content":{"rendered":"<p><img loading=\"lazy\" decoding=\"async\" class=\"alignnone size-full wp-image-45949\" src=\"https:\/\/noticiasmercedinas.com\/site\/wp-content\/uploads\/2020\/05\/Clipboard-1-1.jpg\" alt=\"\" width=\"898\" height=\"561\" srcset=\"https:\/\/noticiasmercedinas.com\/site\/wp-content\/uploads\/2020\/05\/Clipboard-1-1.jpg 898w, https:\/\/noticiasmercedinas.com\/site\/wp-content\/uploads\/2020\/05\/Clipboard-1-1-300x187.jpg 300w, https:\/\/noticiasmercedinas.com\/site\/wp-content\/uploads\/2020\/05\/Clipboard-1-1-768x480.jpg 768w, https:\/\/noticiasmercedinas.com\/site\/wp-content\/uploads\/2020\/05\/Clipboard-1-1-640x400.jpg 640w, https:\/\/noticiasmercedinas.com\/site\/wp-content\/uploads\/2020\/05\/Clipboard-1-1-681x425.jpg 681w\" sizes=\"auto, (max-width: 898px) 100vw, 898px\" \/><\/p>\n<p>Desde las obras sociales est\u00e1n aceptando pagar el c\u00f3digo COVID 19, que permite comprar el material descartable para urgencias y emergencias, que es lo \u00fanico que los odont\u00f3logos tienen autorizado a trabajar. Pero OSDE le pas\u00f3 al C\u00edrculo Odontol\u00f3gico Regional Mercedes un arancel varias veces menor, y como dijeron que no para seguir negociando desde la prepaga dieron de baja unilateralmente todo el contrato: \u201cNo es culpa nuestra, simplemente dijimos que no a un c\u00f3digo y nos dieron de baja el resto\u201d, aseguraron desde el C\u00edrculo Odontol\u00f3gico, lamentando este cierre unilateral de negociaciones.<\/p>\n<p>En una comunicaci\u00f3n dirigida a los pacientes de OSDE recordaron que \u201cla pandemia obliga a la comunidad odontol\u00f3gica a tomar recaudos de bioseguridad para el paciente y para el odont\u00f3logo, muy diferentes a lo que ven\u00edamos haciendo\u201d.<\/p>\n<p>El resto de la carta dice:<\/p>\n<p><strong>Con respecto a esto estuvimos hablando con OSDE y su propuesta es:<\/strong><\/p>\n<p><strong>En ese sentido esta Organizaci\u00f3n podr\u00e1 reconocer con vigencia 25 de Abril, s\u00f3lo las urgencias \/ emergencias y lo har\u00e1 bajo el c\u00f3digo 01.04 al valor vigente contemplando el adicional del kit de elementos de protecci\u00f3n personal (EPP) a un valor de $ 800 bajo el c\u00f3digo 01.04.60 (kit para emergencias odontol\u00f3gicas COVID 19).<\/strong><\/p>\n<p><strong>Debido a esto, nuestra atenci\u00f3n odontol\u00f3gica ser\u00e1 un antes y un despu\u00e9s del Covid 19. Se tendr\u00e1n que tomar recaudos antes impensados y el valor que nos ofrece OSDE para tal fin, es muy inferior al arancel m\u00ednimo \u00e9tico indicado por el Colegio de Odont\u00f3logos de la Provincia.<\/strong><\/p>\n<p><strong>Al no aceptar este c\u00f3digo, Osde nos env\u00eda con fecha 7 de mayo:<\/strong><\/p>\n<p><strong><em>\u2026notificamos a Ud, que conforme lo contempla la cl\u00e1usula N\u00b0 16 de la Carta Intenci\u00f3n suscrito por OSDE, esta organizaci\u00f3n ha resuelto rescindirla con fecha 5 de junio de 2020, sirviendo el per\u00edodo de tiempo a transcurrir hasta dicha fecha como plazo de preaviso.<\/em><\/strong><\/p>\n<p><strong>Queremos entonces aclararles a los pacientes de OSDE lo siguiente:<\/strong><\/p>\n<p><strong>1) En un contrato ambas partes tienen que estar de acuerdo y pueden negociar ese acuerdo. No ha pasado eso con OSDE. No hubo negociaci\u00f3n posible, al no aceptar este arancel, rescinden el contrato. <\/strong><\/p>\n<p><strong>2) Durante estos 2 meses de cuarentena, los afiliados de OSDE no han recibido ning\u00fan descuento en la cuota, a pesar que no hubo pr\u00e1cticamente gasto odontol\u00f3gico, porque s\u00f3lo est\u00e1bamos habilitados para atender urgencias y emergencias.<\/strong><\/p>\n<p><strong>3) El paciente de OSDE estaba acostumbrado a tener libre elecci\u00f3n de profesionales. A partir de esto, y al quedar sin efecto el contrato celebrado con el C\u00edrculo Odontol\u00f3gico Regional Mercedes, los pacientes de OSDE ya no podr\u00e1n elegir el profesional que los atender\u00e1, OSDE tendr\u00e1 convenio con unos pocos profesionales, los que acepten estos aranceles, infringiendo la indicaci\u00f3n del Colegio de Odont\u00f3logos, por ser inferiores a los indicados.<\/strong><\/p>\n<p><strong>4) Se aclara que nunca quisimos rescindir el contrato celebrado con OSDE, s\u00f3lo NO aceptamos el c\u00f3digo de la emergencia, por su bajo valor; por el resto de los c\u00f3digos no hicimos ning\u00fan reclamo. Pero esto sirvi\u00f3 para que OSDE deje sin efecto el mismo.<\/strong><\/p>\n<p><strong>Lamentamos que unilateralmente OSDE llegue a este final.<\/strong><\/p>\n<p><strong><em>C\u00edrculo Odontol\u00f3gico Regional Mercedes<\/em><\/strong><\/p>\n","protected":false},"excerpt":{"rendered":"<p>Desde las obras sociales est\u00e1n aceptando pagar el c\u00f3digo COVID 19, que permite comprar el material descartable para urgencias y emergencias, que es lo \u00fanico que los odont\u00f3logos tienen autorizado a trabajar. Pero OSDE le pas\u00f3 al C\u00edrculo Odontol\u00f3gico Regional Mercedes un arancel varias veces menor, y como dijeron que no para seguir negociando desde [&hellip;]<\/p>\n","protected":false},"author":2,"featured_media":45949,"comment_status":"open","ping_status":"open","sticky":false,"template":"","format":"standard","meta":{"footnotes":""},"categories":[3],"tags":[8802,9272,4290,9273,8663],"class_list":["post-45938","post","type-post","status-publish","format-standard","has-post-thumbnail","hentry","category-sociedad","tag-covid-19","tag-el-circulo-odontologico-regional-mercedes","tag-odontologia","tag-osde","tag-pandemia"],"yoast_head":"<!-- This site is optimized with the Yoast SEO plugin v27.5 - https:\/\/yoast.com\/product\/yoast-seo-wordpress\/ -->\n<title>C\u00edrculo Odontol\u00f3gico Regional Mercedes lamenta cierre de negociaciones unilateral con obra social<\/title>\n<meta name=\"robots\" content=\"index, follow, max-snippet:-1, max-image-preview:large, max-video-preview:-1\" \/>\n<link rel=\"canonical\" href=\"https:\/\/noticiasmercedinas.com\/site\/2020\/05\/29\/circulo-odontologico-regional-mercedes-lamenta-cierre-de-negociaciones-unilateral-con-obra-social\/\" \/>\n<meta property=\"og:locale\" content=\"es_ES\" \/>\n<meta property=\"og:type\" content=\"article\" \/>\n<meta property=\"og:title\" content=\"C\u00edrculo Odontol\u00f3gico Regional Mercedes lamenta cierre de negociaciones unilateral con obra social\" \/>\n<meta property=\"og:description\" content=\"Desde las obras sociales est\u00e1n aceptando pagar el c\u00f3digo COVID 19, que permite comprar el material descartable para urgencias y emergencias, que es lo \u00fanico que los odont\u00f3logos tienen autorizado a trabajar. Pero OSDE le pas\u00f3 al C\u00edrculo Odontol\u00f3gico Regional Mercedes un arancel varias veces menor, y como dijeron que no para seguir negociando desde [&hellip;]\" \/>\n<meta property=\"og:url\" content=\"https:\/\/noticiasmercedinas.com\/site\/2020\/05\/29\/circulo-odontologico-regional-mercedes-lamenta-cierre-de-negociaciones-unilateral-con-obra-social\/\" \/>\n<meta property=\"og:site_name\" content=\"NOTICIASMERCEDINAS.COM\" \/>\n<meta property=\"article:publisher\" content=\"https:\/\/www.facebook.com\/noticiasmercedinas\/\" \/>\n<meta property=\"article:author\" content=\"https:\/\/www.facebook.com\/cristian.falabella\" \/>\n<meta property=\"article:published_time\" content=\"2020-05-29T17:58:07+00:00\" \/>\n<meta property=\"article:modified_time\" content=\"2020-05-29T19:52:17+00:00\" \/>\n<meta property=\"og:image\" content=\"https:\/\/noticiasmercedinas.com\/site\/wp-content\/uploads\/2020\/05\/Clipboard-1-1.jpg\" \/>\n\t<meta property=\"og:image:width\" content=\"898\" \/>\n\t<meta property=\"og:image:height\" content=\"561\" \/>\n\t<meta property=\"og:image:type\" content=\"image\/jpeg\" \/>\n<meta name=\"author\" content=\"Cristian Falabella NOTICIASMERCEDINAS.COM\" \/>\n<meta name=\"twitter:card\" content=\"summary_large_image\" \/>\n<meta name=\"twitter:creator\" content=\"@https:\/\/twitter.com\/NOTMERCEDINAS\" \/>\n<meta name=\"twitter:site\" content=\"@notmercedinas\" \/>\n<meta name=\"twitter:label1\" content=\"Escrito por\" \/>\n\t<meta name=\"twitter:data1\" content=\"Cristian Falabella NOTICIASMERCEDINAS.COM\" \/>\n\t<meta name=\"twitter:label2\" content=\"Tiempo de lectura\" \/>\n\t<meta name=\"twitter:data2\" content=\"3 minutos\" \/>\n<script type=\"application\/ld+json\" class=\"yoast-schema-graph\">{\"@context\":\"https:\\\/\\\/schema.org\",\"@graph\":[{\"@type\":\"Article\",\"@id\":\"https:\\\/\\\/noticiasmercedinas.com\\\/site\\\/2020\\\/05\\\/29\\\/circulo-odontologico-regional-mercedes-lamenta-cierre-de-negociaciones-unilateral-con-obra-social\\\/#article\",\"isPartOf\":{\"@id\":\"https:\\\/\\\/noticiasmercedinas.com\\\/site\\\/2020\\\/05\\\/29\\\/circulo-odontologico-regional-mercedes-lamenta-cierre-de-negociaciones-unilateral-con-obra-social\\\/\"},\"author\":{\"name\":\"Cristian Falabella NOTICIASMERCEDINAS.COM\",\"@id\":\"https:\\\/\\\/noticiasmercedinas.com\\\/site\\\/#\\\/schema\\\/person\\\/d481a9696a5feaec13a60e2bbd991a6a\"},\"headline\":\"C\u00edrculo Odontol\u00f3gico Regional Mercedes lamenta cierre de negociaciones unilateral con obra social\",\"datePublished\":\"2020-05-29T17:58:07+00:00\",\"dateModified\":\"2020-05-29T19:52:17+00:00\",\"mainEntityOfPage\":{\"@id\":\"https:\\\/\\\/noticiasmercedinas.com\\\/site\\\/2020\\\/05\\\/29\\\/circulo-odontologico-regional-mercedes-lamenta-cierre-de-negociaciones-unilateral-con-obra-social\\\/\"},\"wordCount\":557,\"commentCount\":0,\"publisher\":{\"@id\":\"https:\\\/\\\/noticiasmercedinas.com\\\/site\\\/#organization\"},\"image\":{\"@id\":\"https:\\\/\\\/noticiasmercedinas.com\\\/site\\\/2020\\\/05\\\/29\\\/circulo-odontologico-regional-mercedes-lamenta-cierre-de-negociaciones-unilateral-con-obra-social\\\/#primaryimage\"},\"thumbnailUrl\":\"https:\\\/\\\/noticiasmercedinas.com\\\/site\\\/wp-content\\\/uploads\\\/2020\\\/05\\\/Clipboard-1-1.jpg\",\"keywords\":[\"covid 19\",\"el C\u00edrculo Odontol\u00f3gico Regional Mercedes\",\"odontologia\",\"osde\",\"pandemia\"],\"articleSection\":[\"Sociedad\"],\"inLanguage\":\"es\",\"potentialAction\":[{\"@type\":\"CommentAction\",\"name\":\"Comment\",\"target\":[\"https:\\\/\\\/noticiasmercedinas.com\\\/site\\\/2020\\\/05\\\/29\\\/circulo-odontologico-regional-mercedes-lamenta-cierre-de-negociaciones-unilateral-con-obra-social\\\/#respond\"]}]},{\"@type\":\"WebPage\",\"@id\":\"https:\\\/\\\/noticiasmercedinas.com\\\/site\\\/2020\\\/05\\\/29\\\/circulo-odontologico-regional-mercedes-lamenta-cierre-de-negociaciones-unilateral-con-obra-social\\\/\",\"url\":\"https:\\\/\\\/noticiasmercedinas.com\\\/site\\\/2020\\\/05\\\/29\\\/circulo-odontologico-regional-mercedes-lamenta-cierre-de-negociaciones-unilateral-con-obra-social\\\/\",\"name\":\"C\u00edrculo Odontol\u00f3gico Regional Mercedes lamenta cierre de negociaciones unilateral con obra social\",\"isPartOf\":{\"@id\":\"https:\\\/\\\/noticiasmercedinas.com\\\/site\\\/#website\"},\"primaryImageOfPage\":{\"@id\":\"https:\\\/\\\/noticiasmercedinas.com\\\/site\\\/2020\\\/05\\\/29\\\/circulo-odontologico-regional-mercedes-lamenta-cierre-de-negociaciones-unilateral-con-obra-social\\\/#primaryimage\"},\"image\":{\"@id\":\"https:\\\/\\\/noticiasmercedinas.com\\\/site\\\/2020\\\/05\\\/29\\\/circulo-odontologico-regional-mercedes-lamenta-cierre-de-negociaciones-unilateral-con-obra-social\\\/#primaryimage\"},\"thumbnailUrl\":\"https:\\\/\\\/noticiasmercedinas.com\\\/site\\\/wp-content\\\/uploads\\\/2020\\\/05\\\/Clipboard-1-1.jpg\",\"datePublished\":\"2020-05-29T17:58:07+00:00\",\"dateModified\":\"2020-05-29T19:52:17+00:00\",\"breadcrumb\":{\"@id\":\"https:\\\/\\\/noticiasmercedinas.com\\\/site\\\/2020\\\/05\\\/29\\\/circulo-odontologico-regional-mercedes-lamenta-cierre-de-negociaciones-unilateral-con-obra-social\\\/#breadcrumb\"},\"inLanguage\":\"es\",\"potentialAction\":[{\"@type\":\"ReadAction\",\"target\":[\"https:\\\/\\\/noticiasmercedinas.com\\\/site\\\/2020\\\/05\\\/29\\\/circulo-odontologico-regional-mercedes-lamenta-cierre-de-negociaciones-unilateral-con-obra-social\\\/\"]}]},{\"@type\":\"ImageObject\",\"inLanguage\":\"es\",\"@id\":\"https:\\\/\\\/noticiasmercedinas.com\\\/site\\\/2020\\\/05\\\/29\\\/circulo-odontologico-regional-mercedes-lamenta-cierre-de-negociaciones-unilateral-con-obra-social\\\/#primaryimage\",\"url\":\"https:\\\/\\\/noticiasmercedinas.com\\\/site\\\/wp-content\\\/uploads\\\/2020\\\/05\\\/Clipboard-1-1.jpg\",\"contentUrl\":\"https:\\\/\\\/noticiasmercedinas.com\\\/site\\\/wp-content\\\/uploads\\\/2020\\\/05\\\/Clipboard-1-1.jpg\",\"width\":898,\"height\":561},{\"@type\":\"BreadcrumbList\",\"@id\":\"https:\\\/\\\/noticiasmercedinas.com\\\/site\\\/2020\\\/05\\\/29\\\/circulo-odontologico-regional-mercedes-lamenta-cierre-de-negociaciones-unilateral-con-obra-social\\\/#breadcrumb\",\"itemListElement\":[{\"@type\":\"ListItem\",\"position\":1,\"name\":\"Portada\",\"item\":\"https:\\\/\\\/noticiasmercedinas.com\\\/site\\\/\"},{\"@type\":\"ListItem\",\"position\":2,\"name\":\"C\u00edrculo Odontol\u00f3gico Regional Mercedes lamenta cierre de negociaciones unilateral con obra social\"}]},{\"@type\":\"WebSite\",\"@id\":\"https:\\\/\\\/noticiasmercedinas.com\\\/site\\\/#website\",\"url\":\"https:\\\/\\\/noticiasmercedinas.com\\\/site\\\/\",\"name\":\"NOTICIASMERCEDINAS.COM\",\"description\":\"Mercedes, Buenos Aires, Argentina\",\"publisher\":{\"@id\":\"https:\\\/\\\/noticiasmercedinas.com\\\/site\\\/#organization\"},\"potentialAction\":[{\"@type\":\"SearchAction\",\"target\":{\"@type\":\"EntryPoint\",\"urlTemplate\":\"https:\\\/\\\/noticiasmercedinas.com\\\/site\\\/?s={search_term_string}\"},\"query-input\":{\"@type\":\"PropertyValueSpecification\",\"valueRequired\":true,\"valueName\":\"search_term_string\"}}],\"inLanguage\":\"es\"},{\"@type\":\"Organization\",\"@id\":\"https:\\\/\\\/noticiasmercedinas.com\\\/site\\\/#organization\",\"name\":\"NOTICIASMERCEDINAS.COM\",\"url\":\"https:\\\/\\\/noticiasmercedinas.com\\\/site\\\/\",\"logo\":{\"@type\":\"ImageObject\",\"inLanguage\":\"es\",\"@id\":\"https:\\\/\\\/noticiasmercedinas.com\\\/site\\\/#\\\/schema\\\/logo\\\/image\\\/\",\"url\":\"https:\\\/\\\/noticiasmercedinas.com\\\/site\\\/wp-content\\\/uploads\\\/2020\\\/06\\\/LOGO-512.jpg\",\"contentUrl\":\"https:\\\/\\\/noticiasmercedinas.com\\\/site\\\/wp-content\\\/uploads\\\/2020\\\/06\\\/LOGO-512.jpg\",\"width\":512,\"height\":512,\"caption\":\"NOTICIASMERCEDINAS.COM\"},\"image\":{\"@id\":\"https:\\\/\\\/noticiasmercedinas.com\\\/site\\\/#\\\/schema\\\/logo\\\/image\\\/\"},\"sameAs\":[\"https:\\\/\\\/www.facebook.com\\\/noticiasmercedinas\\\/\",\"https:\\\/\\\/x.com\\\/notmercedinas\",\"https:\\\/\\\/www.instagram.com\\\/noticiasmercedinas\\\/\"]},{\"@type\":\"Person\",\"@id\":\"https:\\\/\\\/noticiasmercedinas.com\\\/site\\\/#\\\/schema\\\/person\\\/d481a9696a5feaec13a60e2bbd991a6a\",\"name\":\"Cristian Falabella NOTICIASMERCEDINAS.COM\",\"image\":{\"@type\":\"ImageObject\",\"inLanguage\":\"es\",\"@id\":\"https:\\\/\\\/secure.gravatar.com\\\/avatar\\\/0dbbfc45970cc46bcd0e57766228574ff3511d6eed045b182f536f0f478c1f06?s=96&d=mm&r=g\",\"url\":\"https:\\\/\\\/secure.gravatar.com\\\/avatar\\\/0dbbfc45970cc46bcd0e57766228574ff3511d6eed045b182f536f0f478c1f06?s=96&d=mm&r=g\",\"contentUrl\":\"https:\\\/\\\/secure.gravatar.com\\\/avatar\\\/0dbbfc45970cc46bcd0e57766228574ff3511d6eed045b182f536f0f478c1f06?s=96&d=mm&r=g\",\"caption\":\"Cristian Falabella NOTICIASMERCEDINAS.COM\"},\"description\":\"Periodista, editor de Noticias Mercedinas. Pas\u00f3 por varias redacciones y emprendimientos de prensa, en distintos formatos y \u00e9pocas. Se especializ\u00f3 --y sigue haci\u00e9ndolo-- en comunicaci\u00f3n en la web y en junio de 2006 fund\u00f3 este diario digital.\",\"sameAs\":[\"https:\\\/\\\/noticiasmercedinas.com\",\"https:\\\/\\\/www.facebook.com\\\/cristian.falabella\",\"https:\\\/\\\/www.instagram.com\\\/noticiasmercedinas\\\/\",\"https:\\\/\\\/x.com\\\/https:\\\/\\\/twitter.com\\\/NOTMERCEDINAS\"],\"url\":\"https:\\\/\\\/noticiasmercedinas.com\\\/site\\\/author\\\/as000384\\\/\"}]}<\/script>\n<!-- \/ Yoast SEO plugin. -->","yoast_head_json":{"title":"C\u00edrculo Odontol\u00f3gico Regional Mercedes lamenta cierre de negociaciones unilateral con obra social","robots":{"index":"index","follow":"follow","max-snippet":"max-snippet:-1","max-image-preview":"max-image-preview:large","max-video-preview":"max-video-preview:-1"},"canonical":"https:\/\/noticiasmercedinas.com\/site\/2020\/05\/29\/circulo-odontologico-regional-mercedes-lamenta-cierre-de-negociaciones-unilateral-con-obra-social\/","og_locale":"es_ES","og_type":"article","og_title":"C\u00edrculo Odontol\u00f3gico Regional Mercedes lamenta cierre de negociaciones unilateral con obra social","og_description":"Desde las obras sociales est\u00e1n aceptando pagar el c\u00f3digo COVID 19, que permite comprar el material descartable para urgencias y emergencias, que es lo \u00fanico que los odont\u00f3logos tienen autorizado a trabajar. Pero OSDE le pas\u00f3 al C\u00edrculo Odontol\u00f3gico Regional Mercedes un arancel varias veces menor, y como dijeron que no para seguir negociando desde [&hellip;]","og_url":"https:\/\/noticiasmercedinas.com\/site\/2020\/05\/29\/circulo-odontologico-regional-mercedes-lamenta-cierre-de-negociaciones-unilateral-con-obra-social\/","og_site_name":"NOTICIASMERCEDINAS.COM","article_publisher":"https:\/\/www.facebook.com\/noticiasmercedinas\/","article_author":"https:\/\/www.facebook.com\/cristian.falabella","article_published_time":"2020-05-29T17:58:07+00:00","article_modified_time":"2020-05-29T19:52:17+00:00","og_image":[{"width":898,"height":561,"url":"https:\/\/noticiasmercedinas.com\/site\/wp-content\/uploads\/2020\/05\/Clipboard-1-1.jpg","type":"image\/jpeg"}],"author":"Cristian Falabella NOTICIASMERCEDINAS.COM","twitter_card":"summary_large_image","twitter_creator":"@https:\/\/twitter.com\/NOTMERCEDINAS","twitter_site":"@notmercedinas","twitter_misc":{"Escrito por":"Cristian Falabella NOTICIASMERCEDINAS.COM","Tiempo de lectura":"3 minutos"},"schema":{"@context":"https:\/\/schema.org","@graph":[{"@type":"Article","@id":"https:\/\/noticiasmercedinas.com\/site\/2020\/05\/29\/circulo-odontologico-regional-mercedes-lamenta-cierre-de-negociaciones-unilateral-con-obra-social\/#article","isPartOf":{"@id":"https:\/\/noticiasmercedinas.com\/site\/2020\/05\/29\/circulo-odontologico-regional-mercedes-lamenta-cierre-de-negociaciones-unilateral-con-obra-social\/"},"author":{"name":"Cristian Falabella NOTICIASMERCEDINAS.COM","@id":"https:\/\/noticiasmercedinas.com\/site\/#\/schema\/person\/d481a9696a5feaec13a60e2bbd991a6a"},"headline":"C\u00edrculo Odontol\u00f3gico Regional Mercedes lamenta cierre de negociaciones unilateral con obra social","datePublished":"2020-05-29T17:58:07+00:00","dateModified":"2020-05-29T19:52:17+00:00","mainEntityOfPage":{"@id":"https:\/\/noticiasmercedinas.com\/site\/2020\/05\/29\/circulo-odontologico-regional-mercedes-lamenta-cierre-de-negociaciones-unilateral-con-obra-social\/"},"wordCount":557,"commentCount":0,"publisher":{"@id":"https:\/\/noticiasmercedinas.com\/site\/#organization"},"image":{"@id":"https:\/\/noticiasmercedinas.com\/site\/2020\/05\/29\/circulo-odontologico-regional-mercedes-lamenta-cierre-de-negociaciones-unilateral-con-obra-social\/#primaryimage"},"thumbnailUrl":"https:\/\/noticiasmercedinas.com\/site\/wp-content\/uploads\/2020\/05\/Clipboard-1-1.jpg","keywords":["covid 19","el C\u00edrculo Odontol\u00f3gico Regional Mercedes","odontologia","osde","pandemia"],"articleSection":["Sociedad"],"inLanguage":"es","potentialAction":[{"@type":"CommentAction","name":"Comment","target":["https:\/\/noticiasmercedinas.com\/site\/2020\/05\/29\/circulo-odontologico-regional-mercedes-lamenta-cierre-de-negociaciones-unilateral-con-obra-social\/#respond"]}]},{"@type":"WebPage","@id":"https:\/\/noticiasmercedinas.com\/site\/2020\/05\/29\/circulo-odontologico-regional-mercedes-lamenta-cierre-de-negociaciones-unilateral-con-obra-social\/","url":"https:\/\/noticiasmercedinas.com\/site\/2020\/05\/29\/circulo-odontologico-regional-mercedes-lamenta-cierre-de-negociaciones-unilateral-con-obra-social\/","name":"C\u00edrculo Odontol\u00f3gico Regional Mercedes lamenta cierre de negociaciones unilateral con obra social","isPartOf":{"@id":"https:\/\/noticiasmercedinas.com\/site\/#website"},"primaryImageOfPage":{"@id":"https:\/\/noticiasmercedinas.com\/site\/2020\/05\/29\/circulo-odontologico-regional-mercedes-lamenta-cierre-de-negociaciones-unilateral-con-obra-social\/#primaryimage"},"image":{"@id":"https:\/\/noticiasmercedinas.com\/site\/2020\/05\/29\/circulo-odontologico-regional-mercedes-lamenta-cierre-de-negociaciones-unilateral-con-obra-social\/#primaryimage"},"thumbnailUrl":"https:\/\/noticiasmercedinas.com\/site\/wp-content\/uploads\/2020\/05\/Clipboard-1-1.jpg","datePublished":"2020-05-29T17:58:07+00:00","dateModified":"2020-05-29T19:52:17+00:00","breadcrumb":{"@id":"https:\/\/noticiasmercedinas.com\/site\/2020\/05\/29\/circulo-odontologico-regional-mercedes-lamenta-cierre-de-negociaciones-unilateral-con-obra-social\/#breadcrumb"},"inLanguage":"es","potentialAction":[{"@type":"ReadAction","target":["https:\/\/noticiasmercedinas.com\/site\/2020\/05\/29\/circulo-odontologico-regional-mercedes-lamenta-cierre-de-negociaciones-unilateral-con-obra-social\/"]}]},{"@type":"ImageObject","inLanguage":"es","@id":"https:\/\/noticiasmercedinas.com\/site\/2020\/05\/29\/circulo-odontologico-regional-mercedes-lamenta-cierre-de-negociaciones-unilateral-con-obra-social\/#primaryimage","url":"https:\/\/noticiasmercedinas.com\/site\/wp-content\/uploads\/2020\/05\/Clipboard-1-1.jpg","contentUrl":"https:\/\/noticiasmercedinas.com\/site\/wp-content\/uploads\/2020\/05\/Clipboard-1-1.jpg","width":898,"height":561},{"@type":"BreadcrumbList","@id":"https:\/\/noticiasmercedinas.com\/site\/2020\/05\/29\/circulo-odontologico-regional-mercedes-lamenta-cierre-de-negociaciones-unilateral-con-obra-social\/#breadcrumb","itemListElement":[{"@type":"ListItem","position":1,"name":"Portada","item":"https:\/\/noticiasmercedinas.com\/site\/"},{"@type":"ListItem","position":2,"name":"C\u00edrculo Odontol\u00f3gico Regional Mercedes lamenta cierre de negociaciones unilateral con obra social"}]},{"@type":"WebSite","@id":"https:\/\/noticiasmercedinas.com\/site\/#website","url":"https:\/\/noticiasmercedinas.com\/site\/","name":"NOTICIASMERCEDINAS.COM","description":"Mercedes, Buenos Aires, Argentina","publisher":{"@id":"https:\/\/noticiasmercedinas.com\/site\/#organization"},"potentialAction":[{"@type":"SearchAction","target":{"@type":"EntryPoint","urlTemplate":"https:\/\/noticiasmercedinas.com\/site\/?s={search_term_string}"},"query-input":{"@type":"PropertyValueSpecification","valueRequired":true,"valueName":"search_term_string"}}],"inLanguage":"es"},{"@type":"Organization","@id":"https:\/\/noticiasmercedinas.com\/site\/#organization","name":"NOTICIASMERCEDINAS.COM","url":"https:\/\/noticiasmercedinas.com\/site\/","logo":{"@type":"ImageObject","inLanguage":"es","@id":"https:\/\/noticiasmercedinas.com\/site\/#\/schema\/logo\/image\/","url":"https:\/\/noticiasmercedinas.com\/site\/wp-content\/uploads\/2020\/06\/LOGO-512.jpg","contentUrl":"https:\/\/noticiasmercedinas.com\/site\/wp-content\/uploads\/2020\/06\/LOGO-512.jpg","width":512,"height":512,"caption":"NOTICIASMERCEDINAS.COM"},"image":{"@id":"https:\/\/noticiasmercedinas.com\/site\/#\/schema\/logo\/image\/"},"sameAs":["https:\/\/www.facebook.com\/noticiasmercedinas\/","https:\/\/x.com\/notmercedinas","https:\/\/www.instagram.com\/noticiasmercedinas\/"]},{"@type":"Person","@id":"https:\/\/noticiasmercedinas.com\/site\/#\/schema\/person\/d481a9696a5feaec13a60e2bbd991a6a","name":"Cristian Falabella NOTICIASMERCEDINAS.COM","image":{"@type":"ImageObject","inLanguage":"es","@id":"https:\/\/secure.gravatar.com\/avatar\/0dbbfc45970cc46bcd0e57766228574ff3511d6eed045b182f536f0f478c1f06?s=96&d=mm&r=g","url":"https:\/\/secure.gravatar.com\/avatar\/0dbbfc45970cc46bcd0e57766228574ff3511d6eed045b182f536f0f478c1f06?s=96&d=mm&r=g","contentUrl":"https:\/\/secure.gravatar.com\/avatar\/0dbbfc45970cc46bcd0e57766228574ff3511d6eed045b182f536f0f478c1f06?s=96&d=mm&r=g","caption":"Cristian Falabella NOTICIASMERCEDINAS.COM"},"description":"Periodista, editor de Noticias Mercedinas. Pas\u00f3 por varias redacciones y emprendimientos de prensa, en distintos formatos y \u00e9pocas. Se especializ\u00f3 --y sigue haci\u00e9ndolo-- en comunicaci\u00f3n en la web y en junio de 2006 fund\u00f3 este diario digital.","sameAs":["https:\/\/noticiasmercedinas.com","https:\/\/www.facebook.com\/cristian.falabella","https:\/\/www.instagram.com\/noticiasmercedinas\/","https:\/\/x.com\/https:\/\/twitter.com\/NOTMERCEDINAS"],"url":"https:\/\/noticiasmercedinas.com\/site\/author\/as000384\/"}]}},"amp_enabled":true,"_links":{"self":[{"href":"https:\/\/noticiasmercedinas.com\/site\/wp-json\/wp\/v2\/posts\/45938","targetHints":{"allow":["GET"]}}],"collection":[{"href":"https:\/\/noticiasmercedinas.com\/site\/wp-json\/wp\/v2\/posts"}],"about":[{"href":"https:\/\/noticiasmercedinas.com\/site\/wp-json\/wp\/v2\/types\/post"}],"author":[{"embeddable":true,"href":"https:\/\/noticiasmercedinas.com\/site\/wp-json\/wp\/v2\/users\/2"}],"replies":[{"embeddable":true,"href":"https:\/\/noticiasmercedinas.com\/site\/wp-json\/wp\/v2\/comments?post=45938"}],"version-history":[{"count":3,"href":"https:\/\/noticiasmercedinas.com\/site\/wp-json\/wp\/v2\/posts\/45938\/revisions"}],"predecessor-version":[{"id":45950,"href":"https:\/\/noticiasmercedinas.com\/site\/wp-json\/wp\/v2\/posts\/45938\/revisions\/45950"}],"wp:featuredmedia":[{"embeddable":true,"href":"https:\/\/noticiasmercedinas.com\/site\/wp-json\/wp\/v2\/media\/45949"}],"wp:attachment":[{"href":"https:\/\/noticiasmercedinas.com\/site\/wp-json\/wp\/v2\/media?parent=45938"}],"wp:term":[{"taxonomy":"category","embeddable":true,"href":"https:\/\/noticiasmercedinas.com\/site\/wp-json\/wp\/v2\/categories?post=45938"},{"taxonomy":"post_tag","embeddable":true,"href":"https:\/\/noticiasmercedinas.com\/site\/wp-json\/wp\/v2\/tags?post=45938"}],"curies":[{"name":"wp","href":"https:\/\/api.w.org\/{rel}","templated":true}]}}