{"id":46005,"date":"2020-05-30T21:24:09","date_gmt":"2020-05-31T00:24:09","guid":{"rendered":"https:\/\/noticiasmercedinas.com\/site\/?p=46005"},"modified":"2020-05-30T21:24:09","modified_gmt":"2020-05-31T00:24:09","slug":"con-regalos-y-precios-increibles-el-martes-abre-la-carniceria-gourmet-butchery","status":"publish","type":"post","link":"https:\/\/noticiasmercedinas.com\/site\/2020\/05\/30\/con-regalos-y-precios-increibles-el-martes-abre-la-carniceria-gourmet-butchery\/","title":{"rendered":"Con regalos y precios incre\u00edbles, el martes abre la carnicer\u00eda gourmet Butchery"},"content":{"rendered":"<p><img loading=\"lazy\" decoding=\"async\" class=\"alignnone size-full wp-image-46006\" src=\"https:\/\/noticiasmercedinas.com\/site\/wp-content\/uploads\/2020\/05\/butche444.jpg\" alt=\"\" width=\"640\" height=\"470\" srcset=\"https:\/\/noticiasmercedinas.com\/site\/wp-content\/uploads\/2020\/05\/butche444.jpg 640w, https:\/\/noticiasmercedinas.com\/site\/wp-content\/uploads\/2020\/05\/butche444-300x220.jpg 300w, https:\/\/noticiasmercedinas.com\/site\/wp-content\/uploads\/2020\/05\/butche444-80x60.jpg 80w\" sizes=\"auto, (max-width: 640px) 100vw, 640px\" \/><\/p>\n<p>Con precios incre\u00edbles en la primera semana apertura y regalos de 100 pollos a los 100 primeros compradores este martes abre sus puertas <strong>Butchery, carnicer\u00eda gourmet<\/strong>, en pleno centro, y promete dar una muy buena atenci\u00f3n y calidad con variedad de cortes.<\/p>\n<p>En calle 26 entre 25 y 27 los precios que se destacan son <strong>asado $ 290, Roas beef $ 290, Bola de lomo $ 330, Milanesa de pollo 2 kg. $ 380, Pata y muslo 3 kg $ 260. <\/strong>Estas ofertas tendr\u00e1n validez por esta semana de inauguraci\u00f3n.<\/p>\n<p>Muchos <strong><a href=\"https:\/\/noticiasmercedinas.com\/site\/2020\/05\/26\/de-capital-a-mercedes-rodrigo-abrira-una-carniceria-gourmet\/\" target=\"_blank\" rel=\"noopener noreferrer\"><span style=\"color: #000080;\">conocieron y compartieron hace unos d\u00edas la historia del joven Rodrigo Latella<\/span><\/a><\/strong>, emprendedor y responsable de este nuevo negocio, que en tiempos en que muchos cierran sus persianas sacudidos por la actual crisis o no saben c\u00f3mo vender sus productos, abre sus persianas.<\/p>\n<p>\u201cDesde el martes ya estaremos con el local abierto. Estuvimos trabajando mucho para esta inauguraci\u00f3n y tenemos todo puesto en este emprendimiento. La idea es poder ofrecer todos los cortes, tratar de trabajar parejo, que haya lo que busquen. Tener una atenci\u00f3n al cliente muy buena, con buena calidad y un precio competitivo. Nuestro concepto de trabajo es ofrecer la mejor calidad y atenci\u00f3n al mejor precio\u201d, sostuvo Latella.<\/p>\n<p>Desde este martes entonces el negocio estar\u00e1 abierto de lunes a s\u00e1bado de 9 a 13 y de 17 a 20 horas.<\/p>\n","protected":false},"excerpt":{"rendered":"<p>Con precios incre\u00edbles en la primera semana apertura y regalos de 100 pollos a los 100 primeros compradores este martes abre sus puertas Butchery, carnicer\u00eda gourmet, en pleno centro, y promete dar una muy buena atenci\u00f3n y calidad con variedad de cortes. En calle 26 entre 25 y 27 los precios que se destacan son [&hellip;]<\/p>\n","protected":false},"author":2,"featured_media":46006,"comment_status":"open","ping_status":"open","sticky":false,"template":"","format":"standard","meta":{"footnotes":""},"categories":[74],"tags":[9240,9241,9242],"class_list":["post-46005","post","type-post","status-publish","format-standard","has-post-thumbnail","hentry","category-emprendimientos","tag-butchery","tag-carniceria-gourmet","tag-rodrigo-latella"],"yoast_head":"<!-- This site is optimized with the Yoast SEO plugin v27.5 - https:\/\/yoast.com\/product\/yoast-seo-wordpress\/ -->\n<title>Con regalos y precios incre\u00edbles, el martes abre la carnicer\u00eda gourmet Butchery<\/title>\n<meta name=\"robots\" content=\"index, follow, max-snippet:-1, max-image-preview:large, max-video-preview:-1\" \/>\n<link rel=\"canonical\" href=\"https:\/\/noticiasmercedinas.com\/site\/2020\/05\/30\/con-regalos-y-precios-increibles-el-martes-abre-la-carniceria-gourmet-butchery\/\" \/>\n<meta property=\"og:locale\" content=\"es_ES\" \/>\n<meta property=\"og:type\" content=\"article\" \/>\n<meta property=\"og:title\" content=\"Con regalos y precios incre\u00edbles, el martes abre la carnicer\u00eda gourmet Butchery\" \/>\n<meta property=\"og:description\" content=\"Con precios incre\u00edbles en la primera semana apertura y regalos de 100 pollos a los 100 primeros compradores este martes abre sus puertas Butchery, carnicer\u00eda gourmet, en pleno centro, y promete dar una muy buena atenci\u00f3n y calidad con variedad de cortes. En calle 26 entre 25 y 27 los precios que se destacan son [&hellip;]\" \/>\n<meta property=\"og:url\" content=\"https:\/\/noticiasmercedinas.com\/site\/2020\/05\/30\/con-regalos-y-precios-increibles-el-martes-abre-la-carniceria-gourmet-butchery\/\" \/>\n<meta property=\"og:site_name\" content=\"NOTICIASMERCEDINAS.COM\" \/>\n<meta property=\"article:publisher\" content=\"https:\/\/www.facebook.com\/noticiasmercedinas\/\" \/>\n<meta property=\"article:author\" content=\"https:\/\/www.facebook.com\/cristian.falabella\" \/>\n<meta property=\"article:published_time\" content=\"2020-05-31T00:24:09+00:00\" \/>\n<meta property=\"og:image\" content=\"https:\/\/noticiasmercedinas.com\/site\/wp-content\/uploads\/2020\/05\/butche444.jpg\" \/>\n\t<meta property=\"og:image:width\" content=\"640\" \/>\n\t<meta property=\"og:image:height\" content=\"470\" \/>\n\t<meta property=\"og:image:type\" content=\"image\/jpeg\" \/>\n<meta name=\"author\" content=\"Cristian Falabella NOTICIASMERCEDINAS.COM\" \/>\n<meta name=\"twitter:card\" content=\"summary_large_image\" \/>\n<meta name=\"twitter:creator\" content=\"@https:\/\/twitter.com\/NOTMERCEDINAS\" \/>\n<meta name=\"twitter:site\" content=\"@notmercedinas\" \/>\n<meta name=\"twitter:label1\" content=\"Escrito por\" \/>\n\t<meta name=\"twitter:data1\" content=\"Cristian Falabella NOTICIASMERCEDINAS.COM\" \/>\n\t<meta name=\"twitter:label2\" content=\"Tiempo de lectura\" \/>\n\t<meta name=\"twitter:data2\" content=\"1 minuto\" \/>\n<script type=\"application\/ld+json\" class=\"yoast-schema-graph\">{\"@context\":\"https:\\\/\\\/schema.org\",\"@graph\":[{\"@type\":\"Article\",\"@id\":\"https:\\\/\\\/noticiasmercedinas.com\\\/site\\\/2020\\\/05\\\/30\\\/con-regalos-y-precios-increibles-el-martes-abre-la-carniceria-gourmet-butchery\\\/#article\",\"isPartOf\":{\"@id\":\"https:\\\/\\\/noticiasmercedinas.com\\\/site\\\/2020\\\/05\\\/30\\\/con-regalos-y-precios-increibles-el-martes-abre-la-carniceria-gourmet-butchery\\\/\"},\"author\":{\"name\":\"Cristian Falabella NOTICIASMERCEDINAS.COM\",\"@id\":\"https:\\\/\\\/noticiasmercedinas.com\\\/site\\\/#\\\/schema\\\/person\\\/d481a9696a5feaec13a60e2bbd991a6a\"},\"headline\":\"Con regalos y precios incre\u00edbles, el martes abre la carnicer\u00eda gourmet Butchery\",\"datePublished\":\"2020-05-31T00:24:09+00:00\",\"mainEntityOfPage\":{\"@id\":\"https:\\\/\\\/noticiasmercedinas.com\\\/site\\\/2020\\\/05\\\/30\\\/con-regalos-y-precios-increibles-el-martes-abre-la-carniceria-gourmet-butchery\\\/\"},\"wordCount\":229,\"commentCount\":0,\"publisher\":{\"@id\":\"https:\\\/\\\/noticiasmercedinas.com\\\/site\\\/#organization\"},\"image\":{\"@id\":\"https:\\\/\\\/noticiasmercedinas.com\\\/site\\\/2020\\\/05\\\/30\\\/con-regalos-y-precios-increibles-el-martes-abre-la-carniceria-gourmet-butchery\\\/#primaryimage\"},\"thumbnailUrl\":\"https:\\\/\\\/noticiasmercedinas.com\\\/site\\\/wp-content\\\/uploads\\\/2020\\\/05\\\/butche444.jpg\",\"keywords\":[\"butchery\",\"carniceria gourmet\",\"Rodrigo Latella\"],\"articleSection\":[\"Emprendimientos\"],\"inLanguage\":\"es\",\"potentialAction\":[{\"@type\":\"CommentAction\",\"name\":\"Comment\",\"target\":[\"https:\\\/\\\/noticiasmercedinas.com\\\/site\\\/2020\\\/05\\\/30\\\/con-regalos-y-precios-increibles-el-martes-abre-la-carniceria-gourmet-butchery\\\/#respond\"]}]},{\"@type\":\"WebPage\",\"@id\":\"https:\\\/\\\/noticiasmercedinas.com\\\/site\\\/2020\\\/05\\\/30\\\/con-regalos-y-precios-increibles-el-martes-abre-la-carniceria-gourmet-butchery\\\/\",\"url\":\"https:\\\/\\\/noticiasmercedinas.com\\\/site\\\/2020\\\/05\\\/30\\\/con-regalos-y-precios-increibles-el-martes-abre-la-carniceria-gourmet-butchery\\\/\",\"name\":\"Con regalos y precios incre\u00edbles, el martes abre la carnicer\u00eda gourmet Butchery\",\"isPartOf\":{\"@id\":\"https:\\\/\\\/noticiasmercedinas.com\\\/site\\\/#website\"},\"primaryImageOfPage\":{\"@id\":\"https:\\\/\\\/noticiasmercedinas.com\\\/site\\\/2020\\\/05\\\/30\\\/con-regalos-y-precios-increibles-el-martes-abre-la-carniceria-gourmet-butchery\\\/#primaryimage\"},\"image\":{\"@id\":\"https:\\\/\\\/noticiasmercedinas.com\\\/site\\\/2020\\\/05\\\/30\\\/con-regalos-y-precios-increibles-el-martes-abre-la-carniceria-gourmet-butchery\\\/#primaryimage\"},\"thumbnailUrl\":\"https:\\\/\\\/noticiasmercedinas.com\\\/site\\\/wp-content\\\/uploads\\\/2020\\\/05\\\/butche444.jpg\",\"datePublished\":\"2020-05-31T00:24:09+00:00\",\"breadcrumb\":{\"@id\":\"https:\\\/\\\/noticiasmercedinas.com\\\/site\\\/2020\\\/05\\\/30\\\/con-regalos-y-precios-increibles-el-martes-abre-la-carniceria-gourmet-butchery\\\/#breadcrumb\"},\"inLanguage\":\"es\",\"potentialAction\":[{\"@type\":\"ReadAction\",\"target\":[\"https:\\\/\\\/noticiasmercedinas.com\\\/site\\\/2020\\\/05\\\/30\\\/con-regalos-y-precios-increibles-el-martes-abre-la-carniceria-gourmet-butchery\\\/\"]}]},{\"@type\":\"ImageObject\",\"inLanguage\":\"es\",\"@id\":\"https:\\\/\\\/noticiasmercedinas.com\\\/site\\\/2020\\\/05\\\/30\\\/con-regalos-y-precios-increibles-el-martes-abre-la-carniceria-gourmet-butchery\\\/#primaryimage\",\"url\":\"https:\\\/\\\/noticiasmercedinas.com\\\/site\\\/wp-content\\\/uploads\\\/2020\\\/05\\\/butche444.jpg\",\"contentUrl\":\"https:\\\/\\\/noticiasmercedinas.com\\\/site\\\/wp-content\\\/uploads\\\/2020\\\/05\\\/butche444.jpg\",\"width\":640,\"height\":470},{\"@type\":\"BreadcrumbList\",\"@id\":\"https:\\\/\\\/noticiasmercedinas.com\\\/site\\\/2020\\\/05\\\/30\\\/con-regalos-y-precios-increibles-el-martes-abre-la-carniceria-gourmet-butchery\\\/#breadcrumb\",\"itemListElement\":[{\"@type\":\"ListItem\",\"position\":1,\"name\":\"Portada\",\"item\":\"https:\\\/\\\/noticiasmercedinas.com\\\/site\\\/\"},{\"@type\":\"ListItem\",\"position\":2,\"name\":\"Con regalos y precios incre\u00edbles, el martes abre la carnicer\u00eda gourmet Butchery\"}]},{\"@type\":\"WebSite\",\"@id\":\"https:\\\/\\\/noticiasmercedinas.com\\\/site\\\/#website\",\"url\":\"https:\\\/\\\/noticiasmercedinas.com\\\/site\\\/\",\"name\":\"NOTICIASMERCEDINAS.COM\",\"description\":\"Mercedes, Buenos Aires, Argentina\",\"publisher\":{\"@id\":\"https:\\\/\\\/noticiasmercedinas.com\\\/site\\\/#organization\"},\"potentialAction\":[{\"@type\":\"SearchAction\",\"target\":{\"@type\":\"EntryPoint\",\"urlTemplate\":\"https:\\\/\\\/noticiasmercedinas.com\\\/site\\\/?s={search_term_string}\"},\"query-input\":{\"@type\":\"PropertyValueSpecification\",\"valueRequired\":true,\"valueName\":\"search_term_string\"}}],\"inLanguage\":\"es\"},{\"@type\":\"Organization\",\"@id\":\"https:\\\/\\\/noticiasmercedinas.com\\\/site\\\/#organization\",\"name\":\"NOTICIASMERCEDINAS.COM\",\"url\":\"https:\\\/\\\/noticiasmercedinas.com\\\/site\\\/\",\"logo\":{\"@type\":\"ImageObject\",\"inLanguage\":\"es\",\"@id\":\"https:\\\/\\\/noticiasmercedinas.com\\\/site\\\/#\\\/schema\\\/logo\\\/image\\\/\",\"url\":\"https:\\\/\\\/noticiasmercedinas.com\\\/site\\\/wp-content\\\/uploads\\\/2020\\\/06\\\/LOGO-512.jpg\",\"contentUrl\":\"https:\\\/\\\/noticiasmercedinas.com\\\/site\\\/wp-content\\\/uploads\\\/2020\\\/06\\\/LOGO-512.jpg\",\"width\":512,\"height\":512,\"caption\":\"NOTICIASMERCEDINAS.COM\"},\"image\":{\"@id\":\"https:\\\/\\\/noticiasmercedinas.com\\\/site\\\/#\\\/schema\\\/logo\\\/image\\\/\"},\"sameAs\":[\"https:\\\/\\\/www.facebook.com\\\/noticiasmercedinas\\\/\",\"https:\\\/\\\/x.com\\\/notmercedinas\",\"https:\\\/\\\/www.instagram.com\\\/noticiasmercedinas\\\/\"]},{\"@type\":\"Person\",\"@id\":\"https:\\\/\\\/noticiasmercedinas.com\\\/site\\\/#\\\/schema\\\/person\\\/d481a9696a5feaec13a60e2bbd991a6a\",\"name\":\"Cristian Falabella NOTICIASMERCEDINAS.COM\",\"image\":{\"@type\":\"ImageObject\",\"inLanguage\":\"es\",\"@id\":\"https:\\\/\\\/secure.gravatar.com\\\/avatar\\\/0dbbfc45970cc46bcd0e57766228574ff3511d6eed045b182f536f0f478c1f06?s=96&d=mm&r=g\",\"url\":\"https:\\\/\\\/secure.gravatar.com\\\/avatar\\\/0dbbfc45970cc46bcd0e57766228574ff3511d6eed045b182f536f0f478c1f06?s=96&d=mm&r=g\",\"contentUrl\":\"https:\\\/\\\/secure.gravatar.com\\\/avatar\\\/0dbbfc45970cc46bcd0e57766228574ff3511d6eed045b182f536f0f478c1f06?s=96&d=mm&r=g\",\"caption\":\"Cristian Falabella NOTICIASMERCEDINAS.COM\"},\"description\":\"Periodista, editor de Noticias Mercedinas. Pas\u00f3 por varias redacciones y emprendimientos de prensa, en distintos formatos y \u00e9pocas. Se especializ\u00f3 --y sigue haci\u00e9ndolo-- en comunicaci\u00f3n en la web y en junio de 2006 fund\u00f3 este diario digital.\",\"sameAs\":[\"https:\\\/\\\/noticiasmercedinas.com\",\"https:\\\/\\\/www.facebook.com\\\/cristian.falabella\",\"https:\\\/\\\/www.instagram.com\\\/noticiasmercedinas\\\/\",\"https:\\\/\\\/x.com\\\/https:\\\/\\\/twitter.com\\\/NOTMERCEDINAS\"],\"url\":\"https:\\\/\\\/noticiasmercedinas.com\\\/site\\\/author\\\/as000384\\\/\"}]}<\/script>\n<!-- \/ Yoast SEO plugin. -->","yoast_head_json":{"title":"Con regalos y precios incre\u00edbles, el martes abre la carnicer\u00eda gourmet Butchery","robots":{"index":"index","follow":"follow","max-snippet":"max-snippet:-1","max-image-preview":"max-image-preview:large","max-video-preview":"max-video-preview:-1"},"canonical":"https:\/\/noticiasmercedinas.com\/site\/2020\/05\/30\/con-regalos-y-precios-increibles-el-martes-abre-la-carniceria-gourmet-butchery\/","og_locale":"es_ES","og_type":"article","og_title":"Con regalos y precios incre\u00edbles, el martes abre la carnicer\u00eda gourmet Butchery","og_description":"Con precios incre\u00edbles en la primera semana apertura y regalos de 100 pollos a los 100 primeros compradores este martes abre sus puertas Butchery, carnicer\u00eda gourmet, en pleno centro, y promete dar una muy buena atenci\u00f3n y calidad con variedad de cortes. En calle 26 entre 25 y 27 los precios que se destacan son [&hellip;]","og_url":"https:\/\/noticiasmercedinas.com\/site\/2020\/05\/30\/con-regalos-y-precios-increibles-el-martes-abre-la-carniceria-gourmet-butchery\/","og_site_name":"NOTICIASMERCEDINAS.COM","article_publisher":"https:\/\/www.facebook.com\/noticiasmercedinas\/","article_author":"https:\/\/www.facebook.com\/cristian.falabella","article_published_time":"2020-05-31T00:24:09+00:00","og_image":[{"width":640,"height":470,"url":"https:\/\/noticiasmercedinas.com\/site\/wp-content\/uploads\/2020\/05\/butche444.jpg","type":"image\/jpeg"}],"author":"Cristian Falabella NOTICIASMERCEDINAS.COM","twitter_card":"summary_large_image","twitter_creator":"@https:\/\/twitter.com\/NOTMERCEDINAS","twitter_site":"@notmercedinas","twitter_misc":{"Escrito por":"Cristian Falabella NOTICIASMERCEDINAS.COM","Tiempo de lectura":"1 minuto"},"schema":{"@context":"https:\/\/schema.org","@graph":[{"@type":"Article","@id":"https:\/\/noticiasmercedinas.com\/site\/2020\/05\/30\/con-regalos-y-precios-increibles-el-martes-abre-la-carniceria-gourmet-butchery\/#article","isPartOf":{"@id":"https:\/\/noticiasmercedinas.com\/site\/2020\/05\/30\/con-regalos-y-precios-increibles-el-martes-abre-la-carniceria-gourmet-butchery\/"},"author":{"name":"Cristian Falabella NOTICIASMERCEDINAS.COM","@id":"https:\/\/noticiasmercedinas.com\/site\/#\/schema\/person\/d481a9696a5feaec13a60e2bbd991a6a"},"headline":"Con regalos y precios incre\u00edbles, el martes abre la carnicer\u00eda gourmet Butchery","datePublished":"2020-05-31T00:24:09+00:00","mainEntityOfPage":{"@id":"https:\/\/noticiasmercedinas.com\/site\/2020\/05\/30\/con-regalos-y-precios-increibles-el-martes-abre-la-carniceria-gourmet-butchery\/"},"wordCount":229,"commentCount":0,"publisher":{"@id":"https:\/\/noticiasmercedinas.com\/site\/#organization"},"image":{"@id":"https:\/\/noticiasmercedinas.com\/site\/2020\/05\/30\/con-regalos-y-precios-increibles-el-martes-abre-la-carniceria-gourmet-butchery\/#primaryimage"},"thumbnailUrl":"https:\/\/noticiasmercedinas.com\/site\/wp-content\/uploads\/2020\/05\/butche444.jpg","keywords":["butchery","carniceria gourmet","Rodrigo Latella"],"articleSection":["Emprendimientos"],"inLanguage":"es","potentialAction":[{"@type":"CommentAction","name":"Comment","target":["https:\/\/noticiasmercedinas.com\/site\/2020\/05\/30\/con-regalos-y-precios-increibles-el-martes-abre-la-carniceria-gourmet-butchery\/#respond"]}]},{"@type":"WebPage","@id":"https:\/\/noticiasmercedinas.com\/site\/2020\/05\/30\/con-regalos-y-precios-increibles-el-martes-abre-la-carniceria-gourmet-butchery\/","url":"https:\/\/noticiasmercedinas.com\/site\/2020\/05\/30\/con-regalos-y-precios-increibles-el-martes-abre-la-carniceria-gourmet-butchery\/","name":"Con regalos y precios incre\u00edbles, el martes abre la carnicer\u00eda gourmet Butchery","isPartOf":{"@id":"https:\/\/noticiasmercedinas.com\/site\/#website"},"primaryImageOfPage":{"@id":"https:\/\/noticiasmercedinas.com\/site\/2020\/05\/30\/con-regalos-y-precios-increibles-el-martes-abre-la-carniceria-gourmet-butchery\/#primaryimage"},"image":{"@id":"https:\/\/noticiasmercedinas.com\/site\/2020\/05\/30\/con-regalos-y-precios-increibles-el-martes-abre-la-carniceria-gourmet-butchery\/#primaryimage"},"thumbnailUrl":"https:\/\/noticiasmercedinas.com\/site\/wp-content\/uploads\/2020\/05\/butche444.jpg","datePublished":"2020-05-31T00:24:09+00:00","breadcrumb":{"@id":"https:\/\/noticiasmercedinas.com\/site\/2020\/05\/30\/con-regalos-y-precios-increibles-el-martes-abre-la-carniceria-gourmet-butchery\/#breadcrumb"},"inLanguage":"es","potentialAction":[{"@type":"ReadAction","target":["https:\/\/noticiasmercedinas.com\/site\/2020\/05\/30\/con-regalos-y-precios-increibles-el-martes-abre-la-carniceria-gourmet-butchery\/"]}]},{"@type":"ImageObject","inLanguage":"es","@id":"https:\/\/noticiasmercedinas.com\/site\/2020\/05\/30\/con-regalos-y-precios-increibles-el-martes-abre-la-carniceria-gourmet-butchery\/#primaryimage","url":"https:\/\/noticiasmercedinas.com\/site\/wp-content\/uploads\/2020\/05\/butche444.jpg","contentUrl":"https:\/\/noticiasmercedinas.com\/site\/wp-content\/uploads\/2020\/05\/butche444.jpg","width":640,"height":470},{"@type":"BreadcrumbList","@id":"https:\/\/noticiasmercedinas.com\/site\/2020\/05\/30\/con-regalos-y-precios-increibles-el-martes-abre-la-carniceria-gourmet-butchery\/#breadcrumb","itemListElement":[{"@type":"ListItem","position":1,"name":"Portada","item":"https:\/\/noticiasmercedinas.com\/site\/"},{"@type":"ListItem","position":2,"name":"Con regalos y precios incre\u00edbles, el martes abre la carnicer\u00eda gourmet Butchery"}]},{"@type":"WebSite","@id":"https:\/\/noticiasmercedinas.com\/site\/#website","url":"https:\/\/noticiasmercedinas.com\/site\/","name":"NOTICIASMERCEDINAS.COM","description":"Mercedes, Buenos Aires, Argentina","publisher":{"@id":"https:\/\/noticiasmercedinas.com\/site\/#organization"},"potentialAction":[{"@type":"SearchAction","target":{"@type":"EntryPoint","urlTemplate":"https:\/\/noticiasmercedinas.com\/site\/?s={search_term_string}"},"query-input":{"@type":"PropertyValueSpecification","valueRequired":true,"valueName":"search_term_string"}}],"inLanguage":"es"},{"@type":"Organization","@id":"https:\/\/noticiasmercedinas.com\/site\/#organization","name":"NOTICIASMERCEDINAS.COM","url":"https:\/\/noticiasmercedinas.com\/site\/","logo":{"@type":"ImageObject","inLanguage":"es","@id":"https:\/\/noticiasmercedinas.com\/site\/#\/schema\/logo\/image\/","url":"https:\/\/noticiasmercedinas.com\/site\/wp-content\/uploads\/2020\/06\/LOGO-512.jpg","contentUrl":"https:\/\/noticiasmercedinas.com\/site\/wp-content\/uploads\/2020\/06\/LOGO-512.jpg","width":512,"height":512,"caption":"NOTICIASMERCEDINAS.COM"},"image":{"@id":"https:\/\/noticiasmercedinas.com\/site\/#\/schema\/logo\/image\/"},"sameAs":["https:\/\/www.facebook.com\/noticiasmercedinas\/","https:\/\/x.com\/notmercedinas","https:\/\/www.instagram.com\/noticiasmercedinas\/"]},{"@type":"Person","@id":"https:\/\/noticiasmercedinas.com\/site\/#\/schema\/person\/d481a9696a5feaec13a60e2bbd991a6a","name":"Cristian Falabella NOTICIASMERCEDINAS.COM","image":{"@type":"ImageObject","inLanguage":"es","@id":"https:\/\/secure.gravatar.com\/avatar\/0dbbfc45970cc46bcd0e57766228574ff3511d6eed045b182f536f0f478c1f06?s=96&d=mm&r=g","url":"https:\/\/secure.gravatar.com\/avatar\/0dbbfc45970cc46bcd0e57766228574ff3511d6eed045b182f536f0f478c1f06?s=96&d=mm&r=g","contentUrl":"https:\/\/secure.gravatar.com\/avatar\/0dbbfc45970cc46bcd0e57766228574ff3511d6eed045b182f536f0f478c1f06?s=96&d=mm&r=g","caption":"Cristian Falabella NOTICIASMERCEDINAS.COM"},"description":"Periodista, editor de Noticias Mercedinas. Pas\u00f3 por varias redacciones y emprendimientos de prensa, en distintos formatos y \u00e9pocas. Se especializ\u00f3 --y sigue haci\u00e9ndolo-- en comunicaci\u00f3n en la web y en junio de 2006 fund\u00f3 este diario digital.","sameAs":["https:\/\/noticiasmercedinas.com","https:\/\/www.facebook.com\/cristian.falabella","https:\/\/www.instagram.com\/noticiasmercedinas\/","https:\/\/x.com\/https:\/\/twitter.com\/NOTMERCEDINAS"],"url":"https:\/\/noticiasmercedinas.com\/site\/author\/as000384\/"}]}},"amp_enabled":true,"_links":{"self":[{"href":"https:\/\/noticiasmercedinas.com\/site\/wp-json\/wp\/v2\/posts\/46005","targetHints":{"allow":["GET"]}}],"collection":[{"href":"https:\/\/noticiasmercedinas.com\/site\/wp-json\/wp\/v2\/posts"}],"about":[{"href":"https:\/\/noticiasmercedinas.com\/site\/wp-json\/wp\/v2\/types\/post"}],"author":[{"embeddable":true,"href":"https:\/\/noticiasmercedinas.com\/site\/wp-json\/wp\/v2\/users\/2"}],"replies":[{"embeddable":true,"href":"https:\/\/noticiasmercedinas.com\/site\/wp-json\/wp\/v2\/comments?post=46005"}],"version-history":[{"count":1,"href":"https:\/\/noticiasmercedinas.com\/site\/wp-json\/wp\/v2\/posts\/46005\/revisions"}],"predecessor-version":[{"id":46007,"href":"https:\/\/noticiasmercedinas.com\/site\/wp-json\/wp\/v2\/posts\/46005\/revisions\/46007"}],"wp:featuredmedia":[{"embeddable":true,"href":"https:\/\/noticiasmercedinas.com\/site\/wp-json\/wp\/v2\/media\/46006"}],"wp:attachment":[{"href":"https:\/\/noticiasmercedinas.com\/site\/wp-json\/wp\/v2\/media?parent=46005"}],"wp:term":[{"taxonomy":"category","embeddable":true,"href":"https:\/\/noticiasmercedinas.com\/site\/wp-json\/wp\/v2\/categories?post=46005"},{"taxonomy":"post_tag","embeddable":true,"href":"https:\/\/noticiasmercedinas.com\/site\/wp-json\/wp\/v2\/tags?post=46005"}],"curies":[{"name":"wp","href":"https:\/\/api.w.org\/{rel}","templated":true}]}}