{"id":46038,"date":"2020-05-31T13:57:35","date_gmt":"2020-05-31T16:57:35","guid":{"rendered":"https:\/\/noticiasmercedinas.com\/site\/?p=46038"},"modified":"2020-05-31T14:48:59","modified_gmt":"2020-05-31T17:48:59","slug":"jorge-blanco-crea-un-nuevo-mural-para-ricky-espinosa","status":"publish","type":"post","link":"https:\/\/noticiasmercedinas.com\/site\/2020\/05\/31\/jorge-blanco-crea-un-nuevo-mural-para-ricky-espinosa\/","title":{"rendered":"Jorge Blanco crea un nuevo mural para Ricky Espinosa"},"content":{"rendered":"<p><img loading=\"lazy\" decoding=\"async\" class=\"alignnone wp-image-46037 size-full\" src=\"https:\/\/noticiasmercedinas.com\/site\/wp-content\/uploads\/2020\/05\/wp-15909420376811000804537.jpg\" width=\"960\" height=\"960\" srcset=\"https:\/\/noticiasmercedinas.com\/site\/wp-content\/uploads\/2020\/05\/wp-15909420376811000804537.jpg 960w, https:\/\/noticiasmercedinas.com\/site\/wp-content\/uploads\/2020\/05\/wp-15909420376811000804537-300x300.jpg 300w, https:\/\/noticiasmercedinas.com\/site\/wp-content\/uploads\/2020\/05\/wp-15909420376811000804537-150x150.jpg 150w, https:\/\/noticiasmercedinas.com\/site\/wp-content\/uploads\/2020\/05\/wp-15909420376811000804537-768x768.jpg 768w, https:\/\/noticiasmercedinas.com\/site\/wp-content\/uploads\/2020\/05\/wp-15909420376811000804537-640x640.jpg 640w, https:\/\/noticiasmercedinas.com\/site\/wp-content\/uploads\/2020\/05\/wp-15909420376811000804537-681x681.jpg 681w\" sizes=\"auto, (max-width: 960px) 100vw, 960px\" \/><\/p>\n<p>El artista pl\u00e1stico <strong>Jorge Blanco<\/strong> no se queda quieto y este s\u00e1bado plasm\u00f3 un nuevo mural homenaje a una leyenda del rock nacional: <strong>Ricky Espinosa ya tiene el suyo en 17 y v\u00edas del Sarmiento.<\/strong><\/p>\n<p>Tras la reciente <u><strong><a target=\"_blank\" rel=\"noopener noreferrer\" href=\"https:\/\/noticiasmercedinas.com\/site\/2020\/05\/17\/luca-prodan-homenajeado-por-jorge-blanco-con-un-mural\/\">confecci\u00f3n de un mural para Luca Prodan<\/a><\/strong><\/u>, ahora el homenajeado es el fallecido l\u00edder de la banda punk Flema. \u00abYa pude hacer dos murales en el mismo espacio, y falta otro\u00bb, adelanta.<\/p>\n<p>Manuel Ricardo Espinosa, m\u00e1s conocido como Ricky Espinosa, fue un cantante y m\u00fasico argentino. Naci\u00f3 en la localidad de Gerli, zona sur del Gran Buenos Aires. Fue vocalista, guitarrista y compositor principal de la banda de punk rock Flema.<\/p>\n<p>Seg\u00fan cuenta el artista pl\u00e1stico local a NOTICIASMERCEDINAS.COM, en esta serie de murales la idea es hacer un homenaje, honrar al verdadero rockero, a quien es rockero y no al que quiso ser famoso. \u00abLa gente a la que estoy homenajeando en el marco de esta encierro que se hace dif\u00edcil es as\u00ed. A m\u00ed me sirve esto para tener una inyecci\u00f3n de libertad y vida. En este caso lo hice porque Ricky debe conocerse, yo a Flema lo hab\u00eda escuchado muy poco en su tiempo pero ahora empec\u00e9 a indagar y me sorprendi\u00f3 su bagaje cultural y su valent\u00eda\u00bb, comenta Blanco.<\/p>\n<p>\u00abLa m\u00fasica que \u00e9l hizo es la de un laburador, m\u00e1s all\u00e1 de que muchos piensen que el punk no tiene calidad musical. El ten\u00eda muy buenas letras, una sorprendente forma de pensar e hizo de la m\u00fasica una filosof\u00eda, por fuera del sistema, nunca fue careta ni le import\u00f3 la guita ni la fama. Yo valoro lo que hizo y en mis murales habr\u00e1 siempre gente que se la jug\u00f3\u00bb, sostiene Blanco.<\/p>\n<p>Espinosa fue honrado en un nuevo aniversario de su muerte, que fue el 30 de mayo de 2002. \u00abTodo el ambiente punk est\u00e1 contento con esto, y hay pocos homenajes a los rockeros. El pr\u00f3ximo mural ser\u00e1 el del Bocha Sokol\u00bb, adelanta Blanco, quien piensa adem\u00e1s en breve homenajear, en una pared cercana, a teatristas del under.<\/p>\n","protected":false},"excerpt":{"rendered":"<p>El artista pl\u00e1stico Jorge Blanco no se queda quieto y este s\u00e1bado plasm\u00f3 un nuevo mural homenaje a una leyenda del rock nacional: Ricky Espinosa ya tiene el suyo en 17 y v\u00edas del Sarmiento. Tras la reciente confecci\u00f3n de un mural para Luca Prodan, ahora el homenajeado es el fallecido l\u00edder de la banda [&hellip;]<\/p>\n","protected":false},"author":2,"featured_media":46037,"comment_status":"open","ping_status":"open","sticky":false,"template":"","format":"standard","meta":{"footnotes":""},"categories":[4],"tags":[679,9286],"class_list":["post-46038","post","type-post","status-publish","format-standard","has-post-thumbnail","hentry","category-cultura","tag-jorge-blanco","tag-ricky-espinosa"],"yoast_head":"<!-- This site is optimized with the Yoast SEO plugin v27.5 - https:\/\/yoast.com\/product\/yoast-seo-wordpress\/ -->\n<title>Jorge Blanco crea un nuevo mural para Ricky Espinosa<\/title>\n<meta name=\"robots\" content=\"index, follow, max-snippet:-1, max-image-preview:large, max-video-preview:-1\" \/>\n<link rel=\"canonical\" href=\"https:\/\/noticiasmercedinas.com\/site\/2020\/05\/31\/jorge-blanco-crea-un-nuevo-mural-para-ricky-espinosa\/\" \/>\n<meta property=\"og:locale\" content=\"es_ES\" \/>\n<meta property=\"og:type\" content=\"article\" \/>\n<meta property=\"og:title\" content=\"Jorge Blanco crea un nuevo mural para Ricky Espinosa\" \/>\n<meta property=\"og:description\" content=\"El artista pl\u00e1stico Jorge Blanco no se queda quieto y este s\u00e1bado plasm\u00f3 un nuevo mural homenaje a una leyenda del rock nacional: Ricky Espinosa ya tiene el suyo en 17 y v\u00edas del Sarmiento. Tras la reciente confecci\u00f3n de un mural para Luca Prodan, ahora el homenajeado es el fallecido l\u00edder de la banda [&hellip;]\" \/>\n<meta property=\"og:url\" content=\"https:\/\/noticiasmercedinas.com\/site\/2020\/05\/31\/jorge-blanco-crea-un-nuevo-mural-para-ricky-espinosa\/\" \/>\n<meta property=\"og:site_name\" content=\"NOTICIASMERCEDINAS.COM\" \/>\n<meta property=\"article:publisher\" content=\"https:\/\/www.facebook.com\/noticiasmercedinas\/\" \/>\n<meta property=\"article:author\" content=\"https:\/\/www.facebook.com\/cristian.falabella\" \/>\n<meta property=\"article:published_time\" content=\"2020-05-31T16:57:35+00:00\" \/>\n<meta property=\"article:modified_time\" content=\"2020-05-31T17:48:59+00:00\" \/>\n<meta property=\"og:image\" content=\"https:\/\/noticiasmercedinas.com\/site\/wp-content\/uploads\/2020\/05\/wp-15909420376811000804537.jpg\" \/>\n\t<meta property=\"og:image:width\" content=\"960\" \/>\n\t<meta property=\"og:image:height\" content=\"960\" \/>\n\t<meta property=\"og:image:type\" content=\"image\/jpeg\" \/>\n<meta name=\"author\" content=\"Cristian Falabella NOTICIASMERCEDINAS.COM\" \/>\n<meta name=\"twitter:card\" content=\"summary_large_image\" \/>\n<meta name=\"twitter:creator\" content=\"@https:\/\/twitter.com\/NOTMERCEDINAS\" \/>\n<meta name=\"twitter:site\" content=\"@notmercedinas\" \/>\n<meta name=\"twitter:label1\" content=\"Escrito por\" \/>\n\t<meta name=\"twitter:data1\" content=\"Cristian Falabella NOTICIASMERCEDINAS.COM\" \/>\n\t<meta name=\"twitter:label2\" content=\"Tiempo de lectura\" \/>\n\t<meta name=\"twitter:data2\" content=\"2 minutos\" \/>\n<script type=\"application\/ld+json\" class=\"yoast-schema-graph\">{\"@context\":\"https:\\\/\\\/schema.org\",\"@graph\":[{\"@type\":\"Article\",\"@id\":\"https:\\\/\\\/noticiasmercedinas.com\\\/site\\\/2020\\\/05\\\/31\\\/jorge-blanco-crea-un-nuevo-mural-para-ricky-espinosa\\\/#article\",\"isPartOf\":{\"@id\":\"https:\\\/\\\/noticiasmercedinas.com\\\/site\\\/2020\\\/05\\\/31\\\/jorge-blanco-crea-un-nuevo-mural-para-ricky-espinosa\\\/\"},\"author\":{\"name\":\"Cristian Falabella NOTICIASMERCEDINAS.COM\",\"@id\":\"https:\\\/\\\/noticiasmercedinas.com\\\/site\\\/#\\\/schema\\\/person\\\/d481a9696a5feaec13a60e2bbd991a6a\"},\"headline\":\"Jorge Blanco crea un nuevo mural para Ricky Espinosa\",\"datePublished\":\"2020-05-31T16:57:35+00:00\",\"dateModified\":\"2020-05-31T17:48:59+00:00\",\"mainEntityOfPage\":{\"@id\":\"https:\\\/\\\/noticiasmercedinas.com\\\/site\\\/2020\\\/05\\\/31\\\/jorge-blanco-crea-un-nuevo-mural-para-ricky-espinosa\\\/\"},\"wordCount\":368,\"commentCount\":0,\"publisher\":{\"@id\":\"https:\\\/\\\/noticiasmercedinas.com\\\/site\\\/#organization\"},\"image\":{\"@id\":\"https:\\\/\\\/noticiasmercedinas.com\\\/site\\\/2020\\\/05\\\/31\\\/jorge-blanco-crea-un-nuevo-mural-para-ricky-espinosa\\\/#primaryimage\"},\"thumbnailUrl\":\"https:\\\/\\\/noticiasmercedinas.com\\\/site\\\/wp-content\\\/uploads\\\/2020\\\/05\\\/wp-15909420376811000804537.jpg\",\"keywords\":[\"Jorge Blanco\",\"Ricky espinosa\"],\"articleSection\":[\"Cultura\"],\"inLanguage\":\"es\",\"potentialAction\":[{\"@type\":\"CommentAction\",\"name\":\"Comment\",\"target\":[\"https:\\\/\\\/noticiasmercedinas.com\\\/site\\\/2020\\\/05\\\/31\\\/jorge-blanco-crea-un-nuevo-mural-para-ricky-espinosa\\\/#respond\"]}]},{\"@type\":\"WebPage\",\"@id\":\"https:\\\/\\\/noticiasmercedinas.com\\\/site\\\/2020\\\/05\\\/31\\\/jorge-blanco-crea-un-nuevo-mural-para-ricky-espinosa\\\/\",\"url\":\"https:\\\/\\\/noticiasmercedinas.com\\\/site\\\/2020\\\/05\\\/31\\\/jorge-blanco-crea-un-nuevo-mural-para-ricky-espinosa\\\/\",\"name\":\"Jorge Blanco crea un nuevo mural para Ricky Espinosa\",\"isPartOf\":{\"@id\":\"https:\\\/\\\/noticiasmercedinas.com\\\/site\\\/#website\"},\"primaryImageOfPage\":{\"@id\":\"https:\\\/\\\/noticiasmercedinas.com\\\/site\\\/2020\\\/05\\\/31\\\/jorge-blanco-crea-un-nuevo-mural-para-ricky-espinosa\\\/#primaryimage\"},\"image\":{\"@id\":\"https:\\\/\\\/noticiasmercedinas.com\\\/site\\\/2020\\\/05\\\/31\\\/jorge-blanco-crea-un-nuevo-mural-para-ricky-espinosa\\\/#primaryimage\"},\"thumbnailUrl\":\"https:\\\/\\\/noticiasmercedinas.com\\\/site\\\/wp-content\\\/uploads\\\/2020\\\/05\\\/wp-15909420376811000804537.jpg\",\"datePublished\":\"2020-05-31T16:57:35+00:00\",\"dateModified\":\"2020-05-31T17:48:59+00:00\",\"breadcrumb\":{\"@id\":\"https:\\\/\\\/noticiasmercedinas.com\\\/site\\\/2020\\\/05\\\/31\\\/jorge-blanco-crea-un-nuevo-mural-para-ricky-espinosa\\\/#breadcrumb\"},\"inLanguage\":\"es\",\"potentialAction\":[{\"@type\":\"ReadAction\",\"target\":[\"https:\\\/\\\/noticiasmercedinas.com\\\/site\\\/2020\\\/05\\\/31\\\/jorge-blanco-crea-un-nuevo-mural-para-ricky-espinosa\\\/\"]}]},{\"@type\":\"ImageObject\",\"inLanguage\":\"es\",\"@id\":\"https:\\\/\\\/noticiasmercedinas.com\\\/site\\\/2020\\\/05\\\/31\\\/jorge-blanco-crea-un-nuevo-mural-para-ricky-espinosa\\\/#primaryimage\",\"url\":\"https:\\\/\\\/noticiasmercedinas.com\\\/site\\\/wp-content\\\/uploads\\\/2020\\\/05\\\/wp-15909420376811000804537.jpg\",\"contentUrl\":\"https:\\\/\\\/noticiasmercedinas.com\\\/site\\\/wp-content\\\/uploads\\\/2020\\\/05\\\/wp-15909420376811000804537.jpg\",\"width\":960,\"height\":960},{\"@type\":\"BreadcrumbList\",\"@id\":\"https:\\\/\\\/noticiasmercedinas.com\\\/site\\\/2020\\\/05\\\/31\\\/jorge-blanco-crea-un-nuevo-mural-para-ricky-espinosa\\\/#breadcrumb\",\"itemListElement\":[{\"@type\":\"ListItem\",\"position\":1,\"name\":\"Portada\",\"item\":\"https:\\\/\\\/noticiasmercedinas.com\\\/site\\\/\"},{\"@type\":\"ListItem\",\"position\":2,\"name\":\"Jorge Blanco crea un nuevo mural para Ricky Espinosa\"}]},{\"@type\":\"WebSite\",\"@id\":\"https:\\\/\\\/noticiasmercedinas.com\\\/site\\\/#website\",\"url\":\"https:\\\/\\\/noticiasmercedinas.com\\\/site\\\/\",\"name\":\"NOTICIASMERCEDINAS.COM\",\"description\":\"Mercedes, Buenos Aires, Argentina\",\"publisher\":{\"@id\":\"https:\\\/\\\/noticiasmercedinas.com\\\/site\\\/#organization\"},\"potentialAction\":[{\"@type\":\"SearchAction\",\"target\":{\"@type\":\"EntryPoint\",\"urlTemplate\":\"https:\\\/\\\/noticiasmercedinas.com\\\/site\\\/?s={search_term_string}\"},\"query-input\":{\"@type\":\"PropertyValueSpecification\",\"valueRequired\":true,\"valueName\":\"search_term_string\"}}],\"inLanguage\":\"es\"},{\"@type\":\"Organization\",\"@id\":\"https:\\\/\\\/noticiasmercedinas.com\\\/site\\\/#organization\",\"name\":\"NOTICIASMERCEDINAS.COM\",\"url\":\"https:\\\/\\\/noticiasmercedinas.com\\\/site\\\/\",\"logo\":{\"@type\":\"ImageObject\",\"inLanguage\":\"es\",\"@id\":\"https:\\\/\\\/noticiasmercedinas.com\\\/site\\\/#\\\/schema\\\/logo\\\/image\\\/\",\"url\":\"https:\\\/\\\/noticiasmercedinas.com\\\/site\\\/wp-content\\\/uploads\\\/2020\\\/06\\\/LOGO-512.jpg\",\"contentUrl\":\"https:\\\/\\\/noticiasmercedinas.com\\\/site\\\/wp-content\\\/uploads\\\/2020\\\/06\\\/LOGO-512.jpg\",\"width\":512,\"height\":512,\"caption\":\"NOTICIASMERCEDINAS.COM\"},\"image\":{\"@id\":\"https:\\\/\\\/noticiasmercedinas.com\\\/site\\\/#\\\/schema\\\/logo\\\/image\\\/\"},\"sameAs\":[\"https:\\\/\\\/www.facebook.com\\\/noticiasmercedinas\\\/\",\"https:\\\/\\\/x.com\\\/notmercedinas\",\"https:\\\/\\\/www.instagram.com\\\/noticiasmercedinas\\\/\"]},{\"@type\":\"Person\",\"@id\":\"https:\\\/\\\/noticiasmercedinas.com\\\/site\\\/#\\\/schema\\\/person\\\/d481a9696a5feaec13a60e2bbd991a6a\",\"name\":\"Cristian Falabella NOTICIASMERCEDINAS.COM\",\"image\":{\"@type\":\"ImageObject\",\"inLanguage\":\"es\",\"@id\":\"https:\\\/\\\/secure.gravatar.com\\\/avatar\\\/0dbbfc45970cc46bcd0e57766228574ff3511d6eed045b182f536f0f478c1f06?s=96&d=mm&r=g\",\"url\":\"https:\\\/\\\/secure.gravatar.com\\\/avatar\\\/0dbbfc45970cc46bcd0e57766228574ff3511d6eed045b182f536f0f478c1f06?s=96&d=mm&r=g\",\"contentUrl\":\"https:\\\/\\\/secure.gravatar.com\\\/avatar\\\/0dbbfc45970cc46bcd0e57766228574ff3511d6eed045b182f536f0f478c1f06?s=96&d=mm&r=g\",\"caption\":\"Cristian Falabella NOTICIASMERCEDINAS.COM\"},\"description\":\"Periodista, editor de Noticias Mercedinas. Pas\u00f3 por varias redacciones y emprendimientos de prensa, en distintos formatos y \u00e9pocas. Se especializ\u00f3 --y sigue haci\u00e9ndolo-- en comunicaci\u00f3n en la web y en junio de 2006 fund\u00f3 este diario digital.\",\"sameAs\":[\"https:\\\/\\\/noticiasmercedinas.com\",\"https:\\\/\\\/www.facebook.com\\\/cristian.falabella\",\"https:\\\/\\\/www.instagram.com\\\/noticiasmercedinas\\\/\",\"https:\\\/\\\/x.com\\\/https:\\\/\\\/twitter.com\\\/NOTMERCEDINAS\"],\"url\":\"https:\\\/\\\/noticiasmercedinas.com\\\/site\\\/author\\\/as000384\\\/\"}]}<\/script>\n<!-- \/ Yoast SEO plugin. -->","yoast_head_json":{"title":"Jorge Blanco crea un nuevo mural para Ricky Espinosa","robots":{"index":"index","follow":"follow","max-snippet":"max-snippet:-1","max-image-preview":"max-image-preview:large","max-video-preview":"max-video-preview:-1"},"canonical":"https:\/\/noticiasmercedinas.com\/site\/2020\/05\/31\/jorge-blanco-crea-un-nuevo-mural-para-ricky-espinosa\/","og_locale":"es_ES","og_type":"article","og_title":"Jorge Blanco crea un nuevo mural para Ricky Espinosa","og_description":"El artista pl\u00e1stico Jorge Blanco no se queda quieto y este s\u00e1bado plasm\u00f3 un nuevo mural homenaje a una leyenda del rock nacional: Ricky Espinosa ya tiene el suyo en 17 y v\u00edas del Sarmiento. Tras la reciente confecci\u00f3n de un mural para Luca Prodan, ahora el homenajeado es el fallecido l\u00edder de la banda [&hellip;]","og_url":"https:\/\/noticiasmercedinas.com\/site\/2020\/05\/31\/jorge-blanco-crea-un-nuevo-mural-para-ricky-espinosa\/","og_site_name":"NOTICIASMERCEDINAS.COM","article_publisher":"https:\/\/www.facebook.com\/noticiasmercedinas\/","article_author":"https:\/\/www.facebook.com\/cristian.falabella","article_published_time":"2020-05-31T16:57:35+00:00","article_modified_time":"2020-05-31T17:48:59+00:00","og_image":[{"width":960,"height":960,"url":"https:\/\/noticiasmercedinas.com\/site\/wp-content\/uploads\/2020\/05\/wp-15909420376811000804537.jpg","type":"image\/jpeg"}],"author":"Cristian Falabella NOTICIASMERCEDINAS.COM","twitter_card":"summary_large_image","twitter_creator":"@https:\/\/twitter.com\/NOTMERCEDINAS","twitter_site":"@notmercedinas","twitter_misc":{"Escrito por":"Cristian Falabella NOTICIASMERCEDINAS.COM","Tiempo de lectura":"2 minutos"},"schema":{"@context":"https:\/\/schema.org","@graph":[{"@type":"Article","@id":"https:\/\/noticiasmercedinas.com\/site\/2020\/05\/31\/jorge-blanco-crea-un-nuevo-mural-para-ricky-espinosa\/#article","isPartOf":{"@id":"https:\/\/noticiasmercedinas.com\/site\/2020\/05\/31\/jorge-blanco-crea-un-nuevo-mural-para-ricky-espinosa\/"},"author":{"name":"Cristian Falabella NOTICIASMERCEDINAS.COM","@id":"https:\/\/noticiasmercedinas.com\/site\/#\/schema\/person\/d481a9696a5feaec13a60e2bbd991a6a"},"headline":"Jorge Blanco crea un nuevo mural para Ricky Espinosa","datePublished":"2020-05-31T16:57:35+00:00","dateModified":"2020-05-31T17:48:59+00:00","mainEntityOfPage":{"@id":"https:\/\/noticiasmercedinas.com\/site\/2020\/05\/31\/jorge-blanco-crea-un-nuevo-mural-para-ricky-espinosa\/"},"wordCount":368,"commentCount":0,"publisher":{"@id":"https:\/\/noticiasmercedinas.com\/site\/#organization"},"image":{"@id":"https:\/\/noticiasmercedinas.com\/site\/2020\/05\/31\/jorge-blanco-crea-un-nuevo-mural-para-ricky-espinosa\/#primaryimage"},"thumbnailUrl":"https:\/\/noticiasmercedinas.com\/site\/wp-content\/uploads\/2020\/05\/wp-15909420376811000804537.jpg","keywords":["Jorge Blanco","Ricky espinosa"],"articleSection":["Cultura"],"inLanguage":"es","potentialAction":[{"@type":"CommentAction","name":"Comment","target":["https:\/\/noticiasmercedinas.com\/site\/2020\/05\/31\/jorge-blanco-crea-un-nuevo-mural-para-ricky-espinosa\/#respond"]}]},{"@type":"WebPage","@id":"https:\/\/noticiasmercedinas.com\/site\/2020\/05\/31\/jorge-blanco-crea-un-nuevo-mural-para-ricky-espinosa\/","url":"https:\/\/noticiasmercedinas.com\/site\/2020\/05\/31\/jorge-blanco-crea-un-nuevo-mural-para-ricky-espinosa\/","name":"Jorge Blanco crea un nuevo mural para Ricky Espinosa","isPartOf":{"@id":"https:\/\/noticiasmercedinas.com\/site\/#website"},"primaryImageOfPage":{"@id":"https:\/\/noticiasmercedinas.com\/site\/2020\/05\/31\/jorge-blanco-crea-un-nuevo-mural-para-ricky-espinosa\/#primaryimage"},"image":{"@id":"https:\/\/noticiasmercedinas.com\/site\/2020\/05\/31\/jorge-blanco-crea-un-nuevo-mural-para-ricky-espinosa\/#primaryimage"},"thumbnailUrl":"https:\/\/noticiasmercedinas.com\/site\/wp-content\/uploads\/2020\/05\/wp-15909420376811000804537.jpg","datePublished":"2020-05-31T16:57:35+00:00","dateModified":"2020-05-31T17:48:59+00:00","breadcrumb":{"@id":"https:\/\/noticiasmercedinas.com\/site\/2020\/05\/31\/jorge-blanco-crea-un-nuevo-mural-para-ricky-espinosa\/#breadcrumb"},"inLanguage":"es","potentialAction":[{"@type":"ReadAction","target":["https:\/\/noticiasmercedinas.com\/site\/2020\/05\/31\/jorge-blanco-crea-un-nuevo-mural-para-ricky-espinosa\/"]}]},{"@type":"ImageObject","inLanguage":"es","@id":"https:\/\/noticiasmercedinas.com\/site\/2020\/05\/31\/jorge-blanco-crea-un-nuevo-mural-para-ricky-espinosa\/#primaryimage","url":"https:\/\/noticiasmercedinas.com\/site\/wp-content\/uploads\/2020\/05\/wp-15909420376811000804537.jpg","contentUrl":"https:\/\/noticiasmercedinas.com\/site\/wp-content\/uploads\/2020\/05\/wp-15909420376811000804537.jpg","width":960,"height":960},{"@type":"BreadcrumbList","@id":"https:\/\/noticiasmercedinas.com\/site\/2020\/05\/31\/jorge-blanco-crea-un-nuevo-mural-para-ricky-espinosa\/#breadcrumb","itemListElement":[{"@type":"ListItem","position":1,"name":"Portada","item":"https:\/\/noticiasmercedinas.com\/site\/"},{"@type":"ListItem","position":2,"name":"Jorge Blanco crea un nuevo mural para Ricky Espinosa"}]},{"@type":"WebSite","@id":"https:\/\/noticiasmercedinas.com\/site\/#website","url":"https:\/\/noticiasmercedinas.com\/site\/","name":"NOTICIASMERCEDINAS.COM","description":"Mercedes, Buenos Aires, Argentina","publisher":{"@id":"https:\/\/noticiasmercedinas.com\/site\/#organization"},"potentialAction":[{"@type":"SearchAction","target":{"@type":"EntryPoint","urlTemplate":"https:\/\/noticiasmercedinas.com\/site\/?s={search_term_string}"},"query-input":{"@type":"PropertyValueSpecification","valueRequired":true,"valueName":"search_term_string"}}],"inLanguage":"es"},{"@type":"Organization","@id":"https:\/\/noticiasmercedinas.com\/site\/#organization","name":"NOTICIASMERCEDINAS.COM","url":"https:\/\/noticiasmercedinas.com\/site\/","logo":{"@type":"ImageObject","inLanguage":"es","@id":"https:\/\/noticiasmercedinas.com\/site\/#\/schema\/logo\/image\/","url":"https:\/\/noticiasmercedinas.com\/site\/wp-content\/uploads\/2020\/06\/LOGO-512.jpg","contentUrl":"https:\/\/noticiasmercedinas.com\/site\/wp-content\/uploads\/2020\/06\/LOGO-512.jpg","width":512,"height":512,"caption":"NOTICIASMERCEDINAS.COM"},"image":{"@id":"https:\/\/noticiasmercedinas.com\/site\/#\/schema\/logo\/image\/"},"sameAs":["https:\/\/www.facebook.com\/noticiasmercedinas\/","https:\/\/x.com\/notmercedinas","https:\/\/www.instagram.com\/noticiasmercedinas\/"]},{"@type":"Person","@id":"https:\/\/noticiasmercedinas.com\/site\/#\/schema\/person\/d481a9696a5feaec13a60e2bbd991a6a","name":"Cristian Falabella NOTICIASMERCEDINAS.COM","image":{"@type":"ImageObject","inLanguage":"es","@id":"https:\/\/secure.gravatar.com\/avatar\/0dbbfc45970cc46bcd0e57766228574ff3511d6eed045b182f536f0f478c1f06?s=96&d=mm&r=g","url":"https:\/\/secure.gravatar.com\/avatar\/0dbbfc45970cc46bcd0e57766228574ff3511d6eed045b182f536f0f478c1f06?s=96&d=mm&r=g","contentUrl":"https:\/\/secure.gravatar.com\/avatar\/0dbbfc45970cc46bcd0e57766228574ff3511d6eed045b182f536f0f478c1f06?s=96&d=mm&r=g","caption":"Cristian Falabella NOTICIASMERCEDINAS.COM"},"description":"Periodista, editor de Noticias Mercedinas. Pas\u00f3 por varias redacciones y emprendimientos de prensa, en distintos formatos y \u00e9pocas. Se especializ\u00f3 --y sigue haci\u00e9ndolo-- en comunicaci\u00f3n en la web y en junio de 2006 fund\u00f3 este diario digital.","sameAs":["https:\/\/noticiasmercedinas.com","https:\/\/www.facebook.com\/cristian.falabella","https:\/\/www.instagram.com\/noticiasmercedinas\/","https:\/\/x.com\/https:\/\/twitter.com\/NOTMERCEDINAS"],"url":"https:\/\/noticiasmercedinas.com\/site\/author\/as000384\/"}]}},"amp_enabled":true,"_links":{"self":[{"href":"https:\/\/noticiasmercedinas.com\/site\/wp-json\/wp\/v2\/posts\/46038","targetHints":{"allow":["GET"]}}],"collection":[{"href":"https:\/\/noticiasmercedinas.com\/site\/wp-json\/wp\/v2\/posts"}],"about":[{"href":"https:\/\/noticiasmercedinas.com\/site\/wp-json\/wp\/v2\/types\/post"}],"author":[{"embeddable":true,"href":"https:\/\/noticiasmercedinas.com\/site\/wp-json\/wp\/v2\/users\/2"}],"replies":[{"embeddable":true,"href":"https:\/\/noticiasmercedinas.com\/site\/wp-json\/wp\/v2\/comments?post=46038"}],"version-history":[{"count":6,"href":"https:\/\/noticiasmercedinas.com\/site\/wp-json\/wp\/v2\/posts\/46038\/revisions"}],"predecessor-version":[{"id":46045,"href":"https:\/\/noticiasmercedinas.com\/site\/wp-json\/wp\/v2\/posts\/46038\/revisions\/46045"}],"wp:featuredmedia":[{"embeddable":true,"href":"https:\/\/noticiasmercedinas.com\/site\/wp-json\/wp\/v2\/media\/46037"}],"wp:attachment":[{"href":"https:\/\/noticiasmercedinas.com\/site\/wp-json\/wp\/v2\/media?parent=46038"}],"wp:term":[{"taxonomy":"category","embeddable":true,"href":"https:\/\/noticiasmercedinas.com\/site\/wp-json\/wp\/v2\/categories?post=46038"},{"taxonomy":"post_tag","embeddable":true,"href":"https:\/\/noticiasmercedinas.com\/site\/wp-json\/wp\/v2\/tags?post=46038"}],"curies":[{"name":"wp","href":"https:\/\/api.w.org\/{rel}","templated":true}]}}