{"id":46099,"date":"2020-06-01T11:05:08","date_gmt":"2020-06-01T14:05:08","guid":{"rendered":"https:\/\/noticiasmercedinas.com\/site\/?p=46099"},"modified":"2020-06-01T11:05:08","modified_gmt":"2020-06-01T14:05:08","slug":"proponen-declarar-estado-de-desastre-turistico-en-partido-de-lujan","status":"publish","type":"post","link":"https:\/\/noticiasmercedinas.com\/site\/2020\/06\/01\/proponen-declarar-estado-de-desastre-turistico-en-partido-de-lujan\/","title":{"rendered":"Proponen declarar Estado de Desastre Tur\u00edstico en Partido de Luj\u00e1n"},"content":{"rendered":"<p><img loading=\"lazy\" decoding=\"async\" class=\"alignnone wp-image-46101\" src=\"https:\/\/noticiasmercedinas.com\/site\/wp-content\/uploads\/2020\/06\/iglesia-lujan-512-784.jpg\" alt=\"\" width=\"640\" height=\"480\" srcset=\"https:\/\/noticiasmercedinas.com\/site\/wp-content\/uploads\/2020\/06\/iglesia-lujan-512-784.jpg 512w, https:\/\/noticiasmercedinas.com\/site\/wp-content\/uploads\/2020\/06\/iglesia-lujan-512-784-300x225.jpg 300w, https:\/\/noticiasmercedinas.com\/site\/wp-content\/uploads\/2020\/06\/iglesia-lujan-512-784-80x60.jpg 80w, https:\/\/noticiasmercedinas.com\/site\/wp-content\/uploads\/2020\/06\/iglesia-lujan-512-784-160x120.jpg 160w, https:\/\/noticiasmercedinas.com\/site\/wp-content\/uploads\/2020\/06\/iglesia-lujan-512-784-100x75.jpg 100w, https:\/\/noticiasmercedinas.com\/site\/wp-content\/uploads\/2020\/06\/iglesia-lujan-512-784-200x150.jpg 200w, https:\/\/noticiasmercedinas.com\/site\/wp-content\/uploads\/2020\/06\/iglesia-lujan-512-784-180x135.jpg 180w, https:\/\/noticiasmercedinas.com\/site\/wp-content\/uploads\/2020\/06\/iglesia-lujan-512-784-360x270.jpg 360w, https:\/\/noticiasmercedinas.com\/site\/wp-content\/uploads\/2020\/06\/iglesia-lujan-512-784-238x178.jpg 238w, https:\/\/noticiasmercedinas.com\/site\/wp-content\/uploads\/2020\/06\/iglesia-lujan-512-784-476x356.jpg 476w\" sizes=\"auto, (max-width: 640px) 100vw, 640px\" \/><\/p>\n<p>\u00abDebemos acompa\u00f1ar al sector tur\u00edstico en este terrible momento\u00bb, sostiene el concejal lujananse <strong>C\u00e9sar Siror<\/strong>, integrante del interbloque Frente de Todos Luj\u00e1n. Present\u00f3 un proyecto de resoluci\u00f3n para declarar el Estado de Desastre Tur\u00edstico en el Partido de Luj\u00e1n permitiendo as\u00ed la posibilidad de asistencia a los emprendimientos locales.<\/p>\n<p>En el marco de la profunda crisis econ\u00f3mica y social que gener\u00f3 la pandemia por el COVID-19, diversos sectores del partido de Luj\u00e1n est\u00e1n atravesando un momento sumamente dif\u00edcil. Uno de ellos es el sector tur\u00edstico, el cual representa adem\u00e1s uno de los ejes estrat\u00e9gicos de desarrollo del partido.<\/p>\n<p>Es por esto que hace algunas semanas se generaron diferentes \u00e1mbitos de di\u00e1logo, participaci\u00f3n y escucha con diversos representantes del turismo lujanense, a fin de poder brindar herramientas y medidas que asistan a los operadores tur\u00edsticos.<\/p>\n<p>En este sentido es que se present\u00f3 un proyecto de Resoluci\u00f3n que se tratar\u00e1 en la sesi\u00f3n de este lunes, habilita al Departamento Ejecutivo a solicitar los beneficios contemplados por la Ley Provincial de Turismo (Ley 14.209) la cual establece, entre otras medidas, la pr\u00f3rroga de vencimientos o exenci\u00f3n de pago de tasas e impuestos provinciales, la suspensi\u00f3n de juicios ejecutivos por parte de ARBA u otros organismos provinciales, y facilidades en la tramitaci\u00f3n de cr\u00e9ditos de emergencia que disponga el Banco Provincia.<\/p>\n<p>Esta medida acompa\u00f1ar\u00e1 a otra ayuda importante a nivel municipal: la eximici\u00f3n del pago del canon correspondiente a la concesi\u00f3n otorgada a las asociaciones de la zona hist\u00f3rico basilical, medida que ya fue decretada por el Intendente.<\/p>\n<p>La declaraci\u00f3n a tratar en el Concejo abarca el plazo dispuesto en el Decreto N\u00b0132\/2020 (30 de septiembre de 2020) o por el plazo que en el futuro lo modifique y apunta a que esta serie de beneficios se traduzcan en actividad para el sector en particular, pero tambi\u00e9n para la comunidad lujanense en general, mediante la inyecci\u00f3n de dinero y alivio fiscal al sistema econ\u00f3mico local.<\/p>\n","protected":false},"excerpt":{"rendered":"<p>\u00abDebemos acompa\u00f1ar al sector tur\u00edstico en este terrible momento\u00bb, sostiene el concejal lujananse C\u00e9sar Siror, integrante del interbloque Frente de Todos Luj\u00e1n. Present\u00f3 un proyecto de resoluci\u00f3n para declarar el Estado de Desastre Tur\u00edstico en el Partido de Luj\u00e1n permitiendo as\u00ed la posibilidad de asistencia a los emprendimientos locales. En el marco de la profunda [&hellip;]<\/p>\n","protected":false},"author":16,"featured_media":46101,"comment_status":"open","ping_status":"open","sticky":false,"template":"","format":"standard","meta":{"footnotes":""},"categories":[139],"tags":[9293,40,8663,33],"class_list":["post-46099","post","type-post","status-publish","format-standard","has-post-thumbnail","hentry","category-regionales","tag-cesar-siror","tag-lujan","tag-pandemia","tag-turismo"],"yoast_head":"<!-- This site is optimized with the Yoast SEO plugin v27.4 - https:\/\/yoast.com\/product\/yoast-seo-wordpress\/ -->\n<title>Proponen declarar Estado de Desastre Tur\u00edstico en Partido de Luj\u00e1n<\/title>\n<meta name=\"robots\" content=\"index, follow, max-snippet:-1, max-image-preview:large, max-video-preview:-1\" \/>\n<link rel=\"canonical\" href=\"https:\/\/noticiasmercedinas.com\/site\/2020\/06\/01\/proponen-declarar-estado-de-desastre-turistico-en-partido-de-lujan\/\" \/>\n<meta property=\"og:locale\" content=\"es_ES\" \/>\n<meta property=\"og:type\" content=\"article\" \/>\n<meta property=\"og:title\" content=\"Proponen declarar Estado de Desastre Tur\u00edstico en Partido de Luj\u00e1n\" \/>\n<meta property=\"og:description\" content=\"\u00abDebemos acompa\u00f1ar al sector tur\u00edstico en este terrible momento\u00bb, sostiene el concejal lujananse C\u00e9sar Siror, integrante del interbloque Frente de Todos Luj\u00e1n. Present\u00f3 un proyecto de resoluci\u00f3n para declarar el Estado de Desastre Tur\u00edstico en el Partido de Luj\u00e1n permitiendo as\u00ed la posibilidad de asistencia a los emprendimientos locales. En el marco de la profunda [&hellip;]\" \/>\n<meta property=\"og:url\" content=\"https:\/\/noticiasmercedinas.com\/site\/2020\/06\/01\/proponen-declarar-estado-de-desastre-turistico-en-partido-de-lujan\/\" \/>\n<meta property=\"og:site_name\" content=\"NOTICIASMERCEDINAS.COM\" \/>\n<meta property=\"article:publisher\" content=\"https:\/\/www.facebook.com\/noticiasmercedinas\/\" \/>\n<meta property=\"article:published_time\" content=\"2020-06-01T14:05:08+00:00\" \/>\n<meta property=\"og:image\" content=\"https:\/\/noticiasmercedinas.com\/site\/wp-content\/uploads\/2020\/06\/iglesia-lujan-512-784.jpg\" \/>\n\t<meta property=\"og:image:width\" content=\"512\" \/>\n\t<meta property=\"og:image:height\" content=\"384\" \/>\n\t<meta property=\"og:image:type\" content=\"image\/jpeg\" \/>\n<meta name=\"author\" content=\"NOTICIASMERCEDINAS.COM\" \/>\n<meta name=\"twitter:card\" content=\"summary_large_image\" \/>\n<meta name=\"twitter:creator\" content=\"@notmercedinas\" \/>\n<meta name=\"twitter:site\" content=\"@notmercedinas\" \/>\n<meta name=\"twitter:label1\" content=\"Escrito por\" \/>\n\t<meta name=\"twitter:data1\" content=\"NOTICIASMERCEDINAS.COM\" \/>\n\t<meta name=\"twitter:label2\" content=\"Tiempo de lectura\" \/>\n\t<meta name=\"twitter:data2\" content=\"2 minutos\" \/>\n<script type=\"application\/ld+json\" class=\"yoast-schema-graph\">{\"@context\":\"https:\\\/\\\/schema.org\",\"@graph\":[{\"@type\":\"Article\",\"@id\":\"https:\\\/\\\/noticiasmercedinas.com\\\/site\\\/2020\\\/06\\\/01\\\/proponen-declarar-estado-de-desastre-turistico-en-partido-de-lujan\\\/#article\",\"isPartOf\":{\"@id\":\"https:\\\/\\\/noticiasmercedinas.com\\\/site\\\/2020\\\/06\\\/01\\\/proponen-declarar-estado-de-desastre-turistico-en-partido-de-lujan\\\/\"},\"author\":{\"name\":\"NOTICIASMERCEDINAS.COM\",\"@id\":\"https:\\\/\\\/noticiasmercedinas.com\\\/site\\\/#\\\/schema\\\/person\\\/84b59c099c28ff2e8b77d4ceec5d8063\"},\"headline\":\"Proponen declarar Estado de Desastre Tur\u00edstico en Partido de Luj\u00e1n\",\"datePublished\":\"2020-06-01T14:05:08+00:00\",\"mainEntityOfPage\":{\"@id\":\"https:\\\/\\\/noticiasmercedinas.com\\\/site\\\/2020\\\/06\\\/01\\\/proponen-declarar-estado-de-desastre-turistico-en-partido-de-lujan\\\/\"},\"wordCount\":362,\"commentCount\":0,\"publisher\":{\"@id\":\"https:\\\/\\\/noticiasmercedinas.com\\\/site\\\/#organization\"},\"image\":{\"@id\":\"https:\\\/\\\/noticiasmercedinas.com\\\/site\\\/2020\\\/06\\\/01\\\/proponen-declarar-estado-de-desastre-turistico-en-partido-de-lujan\\\/#primaryimage\"},\"thumbnailUrl\":\"https:\\\/\\\/noticiasmercedinas.com\\\/site\\\/wp-content\\\/uploads\\\/2020\\\/06\\\/iglesia-lujan-512-784.jpg\",\"keywords\":[\"C\u00e9sar Siror\",\"lujan\",\"pandemia\",\"turismo\"],\"articleSection\":[\"Regionales\"],\"inLanguage\":\"es\",\"potentialAction\":[{\"@type\":\"CommentAction\",\"name\":\"Comment\",\"target\":[\"https:\\\/\\\/noticiasmercedinas.com\\\/site\\\/2020\\\/06\\\/01\\\/proponen-declarar-estado-de-desastre-turistico-en-partido-de-lujan\\\/#respond\"]}]},{\"@type\":\"WebPage\",\"@id\":\"https:\\\/\\\/noticiasmercedinas.com\\\/site\\\/2020\\\/06\\\/01\\\/proponen-declarar-estado-de-desastre-turistico-en-partido-de-lujan\\\/\",\"url\":\"https:\\\/\\\/noticiasmercedinas.com\\\/site\\\/2020\\\/06\\\/01\\\/proponen-declarar-estado-de-desastre-turistico-en-partido-de-lujan\\\/\",\"name\":\"Proponen declarar Estado de Desastre Tur\u00edstico en Partido de Luj\u00e1n\",\"isPartOf\":{\"@id\":\"https:\\\/\\\/noticiasmercedinas.com\\\/site\\\/#website\"},\"primaryImageOfPage\":{\"@id\":\"https:\\\/\\\/noticiasmercedinas.com\\\/site\\\/2020\\\/06\\\/01\\\/proponen-declarar-estado-de-desastre-turistico-en-partido-de-lujan\\\/#primaryimage\"},\"image\":{\"@id\":\"https:\\\/\\\/noticiasmercedinas.com\\\/site\\\/2020\\\/06\\\/01\\\/proponen-declarar-estado-de-desastre-turistico-en-partido-de-lujan\\\/#primaryimage\"},\"thumbnailUrl\":\"https:\\\/\\\/noticiasmercedinas.com\\\/site\\\/wp-content\\\/uploads\\\/2020\\\/06\\\/iglesia-lujan-512-784.jpg\",\"datePublished\":\"2020-06-01T14:05:08+00:00\",\"breadcrumb\":{\"@id\":\"https:\\\/\\\/noticiasmercedinas.com\\\/site\\\/2020\\\/06\\\/01\\\/proponen-declarar-estado-de-desastre-turistico-en-partido-de-lujan\\\/#breadcrumb\"},\"inLanguage\":\"es\",\"potentialAction\":[{\"@type\":\"ReadAction\",\"target\":[\"https:\\\/\\\/noticiasmercedinas.com\\\/site\\\/2020\\\/06\\\/01\\\/proponen-declarar-estado-de-desastre-turistico-en-partido-de-lujan\\\/\"]}]},{\"@type\":\"ImageObject\",\"inLanguage\":\"es\",\"@id\":\"https:\\\/\\\/noticiasmercedinas.com\\\/site\\\/2020\\\/06\\\/01\\\/proponen-declarar-estado-de-desastre-turistico-en-partido-de-lujan\\\/#primaryimage\",\"url\":\"https:\\\/\\\/noticiasmercedinas.com\\\/site\\\/wp-content\\\/uploads\\\/2020\\\/06\\\/iglesia-lujan-512-784.jpg\",\"contentUrl\":\"https:\\\/\\\/noticiasmercedinas.com\\\/site\\\/wp-content\\\/uploads\\\/2020\\\/06\\\/iglesia-lujan-512-784.jpg\",\"width\":512,\"height\":384},{\"@type\":\"BreadcrumbList\",\"@id\":\"https:\\\/\\\/noticiasmercedinas.com\\\/site\\\/2020\\\/06\\\/01\\\/proponen-declarar-estado-de-desastre-turistico-en-partido-de-lujan\\\/#breadcrumb\",\"itemListElement\":[{\"@type\":\"ListItem\",\"position\":1,\"name\":\"Portada\",\"item\":\"https:\\\/\\\/noticiasmercedinas.com\\\/site\\\/\"},{\"@type\":\"ListItem\",\"position\":2,\"name\":\"Proponen declarar Estado de Desastre Tur\u00edstico en Partido de Luj\u00e1n\"}]},{\"@type\":\"WebSite\",\"@id\":\"https:\\\/\\\/noticiasmercedinas.com\\\/site\\\/#website\",\"url\":\"https:\\\/\\\/noticiasmercedinas.com\\\/site\\\/\",\"name\":\"NOTICIASMERCEDINAS.COM\",\"description\":\"Mercedes, Buenos Aires, Argentina\",\"publisher\":{\"@id\":\"https:\\\/\\\/noticiasmercedinas.com\\\/site\\\/#organization\"},\"potentialAction\":[{\"@type\":\"SearchAction\",\"target\":{\"@type\":\"EntryPoint\",\"urlTemplate\":\"https:\\\/\\\/noticiasmercedinas.com\\\/site\\\/?s={search_term_string}\"},\"query-input\":{\"@type\":\"PropertyValueSpecification\",\"valueRequired\":true,\"valueName\":\"search_term_string\"}}],\"inLanguage\":\"es\"},{\"@type\":\"Organization\",\"@id\":\"https:\\\/\\\/noticiasmercedinas.com\\\/site\\\/#organization\",\"name\":\"NOTICIASMERCEDINAS.COM\",\"url\":\"https:\\\/\\\/noticiasmercedinas.com\\\/site\\\/\",\"logo\":{\"@type\":\"ImageObject\",\"inLanguage\":\"es\",\"@id\":\"https:\\\/\\\/noticiasmercedinas.com\\\/site\\\/#\\\/schema\\\/logo\\\/image\\\/\",\"url\":\"https:\\\/\\\/noticiasmercedinas.com\\\/site\\\/wp-content\\\/uploads\\\/2020\\\/06\\\/LOGO-512.jpg\",\"contentUrl\":\"https:\\\/\\\/noticiasmercedinas.com\\\/site\\\/wp-content\\\/uploads\\\/2020\\\/06\\\/LOGO-512.jpg\",\"width\":512,\"height\":512,\"caption\":\"NOTICIASMERCEDINAS.COM\"},\"image\":{\"@id\":\"https:\\\/\\\/noticiasmercedinas.com\\\/site\\\/#\\\/schema\\\/logo\\\/image\\\/\"},\"sameAs\":[\"https:\\\/\\\/www.facebook.com\\\/noticiasmercedinas\\\/\",\"https:\\\/\\\/x.com\\\/notmercedinas\",\"https:\\\/\\\/www.instagram.com\\\/noticiasmercedinas\\\/\"]},{\"@type\":\"Person\",\"@id\":\"https:\\\/\\\/noticiasmercedinas.com\\\/site\\\/#\\\/schema\\\/person\\\/84b59c099c28ff2e8b77d4ceec5d8063\",\"name\":\"NOTICIASMERCEDINAS.COM\",\"image\":{\"@type\":\"ImageObject\",\"inLanguage\":\"es\",\"@id\":\"https:\\\/\\\/secure.gravatar.com\\\/avatar\\\/4dfbf16b4d17945bfb6341b2d19043457132fcf478a5ee04f42e959fd8f5df0a?s=96&d=mm&r=g\",\"url\":\"https:\\\/\\\/secure.gravatar.com\\\/avatar\\\/4dfbf16b4d17945bfb6341b2d19043457132fcf478a5ee04f42e959fd8f5df0a?s=96&d=mm&r=g\",\"contentUrl\":\"https:\\\/\\\/secure.gravatar.com\\\/avatar\\\/4dfbf16b4d17945bfb6341b2d19043457132fcf478a5ee04f42e959fd8f5df0a?s=96&d=mm&r=g\",\"caption\":\"NOTICIASMERCEDINAS.COM\"},\"url\":\"https:\\\/\\\/noticiasmercedinas.com\\\/site\\\/author\\\/anonimo\\\/\"}]}<\/script>\n<!-- \/ Yoast SEO plugin. -->","yoast_head_json":{"title":"Proponen declarar Estado de Desastre Tur\u00edstico en Partido de Luj\u00e1n","robots":{"index":"index","follow":"follow","max-snippet":"max-snippet:-1","max-image-preview":"max-image-preview:large","max-video-preview":"max-video-preview:-1"},"canonical":"https:\/\/noticiasmercedinas.com\/site\/2020\/06\/01\/proponen-declarar-estado-de-desastre-turistico-en-partido-de-lujan\/","og_locale":"es_ES","og_type":"article","og_title":"Proponen declarar Estado de Desastre Tur\u00edstico en Partido de Luj\u00e1n","og_description":"\u00abDebemos acompa\u00f1ar al sector tur\u00edstico en este terrible momento\u00bb, sostiene el concejal lujananse C\u00e9sar Siror, integrante del interbloque Frente de Todos Luj\u00e1n. Present\u00f3 un proyecto de resoluci\u00f3n para declarar el Estado de Desastre Tur\u00edstico en el Partido de Luj\u00e1n permitiendo as\u00ed la posibilidad de asistencia a los emprendimientos locales. En el marco de la profunda [&hellip;]","og_url":"https:\/\/noticiasmercedinas.com\/site\/2020\/06\/01\/proponen-declarar-estado-de-desastre-turistico-en-partido-de-lujan\/","og_site_name":"NOTICIASMERCEDINAS.COM","article_publisher":"https:\/\/www.facebook.com\/noticiasmercedinas\/","article_published_time":"2020-06-01T14:05:08+00:00","og_image":[{"width":512,"height":384,"url":"https:\/\/noticiasmercedinas.com\/site\/wp-content\/uploads\/2020\/06\/iglesia-lujan-512-784.jpg","type":"image\/jpeg"}],"author":"NOTICIASMERCEDINAS.COM","twitter_card":"summary_large_image","twitter_creator":"@notmercedinas","twitter_site":"@notmercedinas","twitter_misc":{"Escrito por":"NOTICIASMERCEDINAS.COM","Tiempo de lectura":"2 minutos"},"schema":{"@context":"https:\/\/schema.org","@graph":[{"@type":"Article","@id":"https:\/\/noticiasmercedinas.com\/site\/2020\/06\/01\/proponen-declarar-estado-de-desastre-turistico-en-partido-de-lujan\/#article","isPartOf":{"@id":"https:\/\/noticiasmercedinas.com\/site\/2020\/06\/01\/proponen-declarar-estado-de-desastre-turistico-en-partido-de-lujan\/"},"author":{"name":"NOTICIASMERCEDINAS.COM","@id":"https:\/\/noticiasmercedinas.com\/site\/#\/schema\/person\/84b59c099c28ff2e8b77d4ceec5d8063"},"headline":"Proponen declarar Estado de Desastre Tur\u00edstico en Partido de Luj\u00e1n","datePublished":"2020-06-01T14:05:08+00:00","mainEntityOfPage":{"@id":"https:\/\/noticiasmercedinas.com\/site\/2020\/06\/01\/proponen-declarar-estado-de-desastre-turistico-en-partido-de-lujan\/"},"wordCount":362,"commentCount":0,"publisher":{"@id":"https:\/\/noticiasmercedinas.com\/site\/#organization"},"image":{"@id":"https:\/\/noticiasmercedinas.com\/site\/2020\/06\/01\/proponen-declarar-estado-de-desastre-turistico-en-partido-de-lujan\/#primaryimage"},"thumbnailUrl":"https:\/\/noticiasmercedinas.com\/site\/wp-content\/uploads\/2020\/06\/iglesia-lujan-512-784.jpg","keywords":["C\u00e9sar Siror","lujan","pandemia","turismo"],"articleSection":["Regionales"],"inLanguage":"es","potentialAction":[{"@type":"CommentAction","name":"Comment","target":["https:\/\/noticiasmercedinas.com\/site\/2020\/06\/01\/proponen-declarar-estado-de-desastre-turistico-en-partido-de-lujan\/#respond"]}]},{"@type":"WebPage","@id":"https:\/\/noticiasmercedinas.com\/site\/2020\/06\/01\/proponen-declarar-estado-de-desastre-turistico-en-partido-de-lujan\/","url":"https:\/\/noticiasmercedinas.com\/site\/2020\/06\/01\/proponen-declarar-estado-de-desastre-turistico-en-partido-de-lujan\/","name":"Proponen declarar Estado de Desastre Tur\u00edstico en Partido de Luj\u00e1n","isPartOf":{"@id":"https:\/\/noticiasmercedinas.com\/site\/#website"},"primaryImageOfPage":{"@id":"https:\/\/noticiasmercedinas.com\/site\/2020\/06\/01\/proponen-declarar-estado-de-desastre-turistico-en-partido-de-lujan\/#primaryimage"},"image":{"@id":"https:\/\/noticiasmercedinas.com\/site\/2020\/06\/01\/proponen-declarar-estado-de-desastre-turistico-en-partido-de-lujan\/#primaryimage"},"thumbnailUrl":"https:\/\/noticiasmercedinas.com\/site\/wp-content\/uploads\/2020\/06\/iglesia-lujan-512-784.jpg","datePublished":"2020-06-01T14:05:08+00:00","breadcrumb":{"@id":"https:\/\/noticiasmercedinas.com\/site\/2020\/06\/01\/proponen-declarar-estado-de-desastre-turistico-en-partido-de-lujan\/#breadcrumb"},"inLanguage":"es","potentialAction":[{"@type":"ReadAction","target":["https:\/\/noticiasmercedinas.com\/site\/2020\/06\/01\/proponen-declarar-estado-de-desastre-turistico-en-partido-de-lujan\/"]}]},{"@type":"ImageObject","inLanguage":"es","@id":"https:\/\/noticiasmercedinas.com\/site\/2020\/06\/01\/proponen-declarar-estado-de-desastre-turistico-en-partido-de-lujan\/#primaryimage","url":"https:\/\/noticiasmercedinas.com\/site\/wp-content\/uploads\/2020\/06\/iglesia-lujan-512-784.jpg","contentUrl":"https:\/\/noticiasmercedinas.com\/site\/wp-content\/uploads\/2020\/06\/iglesia-lujan-512-784.jpg","width":512,"height":384},{"@type":"BreadcrumbList","@id":"https:\/\/noticiasmercedinas.com\/site\/2020\/06\/01\/proponen-declarar-estado-de-desastre-turistico-en-partido-de-lujan\/#breadcrumb","itemListElement":[{"@type":"ListItem","position":1,"name":"Portada","item":"https:\/\/noticiasmercedinas.com\/site\/"},{"@type":"ListItem","position":2,"name":"Proponen declarar Estado de Desastre Tur\u00edstico en Partido de Luj\u00e1n"}]},{"@type":"WebSite","@id":"https:\/\/noticiasmercedinas.com\/site\/#website","url":"https:\/\/noticiasmercedinas.com\/site\/","name":"NOTICIASMERCEDINAS.COM","description":"Mercedes, Buenos Aires, Argentina","publisher":{"@id":"https:\/\/noticiasmercedinas.com\/site\/#organization"},"potentialAction":[{"@type":"SearchAction","target":{"@type":"EntryPoint","urlTemplate":"https:\/\/noticiasmercedinas.com\/site\/?s={search_term_string}"},"query-input":{"@type":"PropertyValueSpecification","valueRequired":true,"valueName":"search_term_string"}}],"inLanguage":"es"},{"@type":"Organization","@id":"https:\/\/noticiasmercedinas.com\/site\/#organization","name":"NOTICIASMERCEDINAS.COM","url":"https:\/\/noticiasmercedinas.com\/site\/","logo":{"@type":"ImageObject","inLanguage":"es","@id":"https:\/\/noticiasmercedinas.com\/site\/#\/schema\/logo\/image\/","url":"https:\/\/noticiasmercedinas.com\/site\/wp-content\/uploads\/2020\/06\/LOGO-512.jpg","contentUrl":"https:\/\/noticiasmercedinas.com\/site\/wp-content\/uploads\/2020\/06\/LOGO-512.jpg","width":512,"height":512,"caption":"NOTICIASMERCEDINAS.COM"},"image":{"@id":"https:\/\/noticiasmercedinas.com\/site\/#\/schema\/logo\/image\/"},"sameAs":["https:\/\/www.facebook.com\/noticiasmercedinas\/","https:\/\/x.com\/notmercedinas","https:\/\/www.instagram.com\/noticiasmercedinas\/"]},{"@type":"Person","@id":"https:\/\/noticiasmercedinas.com\/site\/#\/schema\/person\/84b59c099c28ff2e8b77d4ceec5d8063","name":"NOTICIASMERCEDINAS.COM","image":{"@type":"ImageObject","inLanguage":"es","@id":"https:\/\/secure.gravatar.com\/avatar\/4dfbf16b4d17945bfb6341b2d19043457132fcf478a5ee04f42e959fd8f5df0a?s=96&d=mm&r=g","url":"https:\/\/secure.gravatar.com\/avatar\/4dfbf16b4d17945bfb6341b2d19043457132fcf478a5ee04f42e959fd8f5df0a?s=96&d=mm&r=g","contentUrl":"https:\/\/secure.gravatar.com\/avatar\/4dfbf16b4d17945bfb6341b2d19043457132fcf478a5ee04f42e959fd8f5df0a?s=96&d=mm&r=g","caption":"NOTICIASMERCEDINAS.COM"},"url":"https:\/\/noticiasmercedinas.com\/site\/author\/anonimo\/"}]}},"amp_enabled":true,"_links":{"self":[{"href":"https:\/\/noticiasmercedinas.com\/site\/wp-json\/wp\/v2\/posts\/46099","targetHints":{"allow":["GET"]}}],"collection":[{"href":"https:\/\/noticiasmercedinas.com\/site\/wp-json\/wp\/v2\/posts"}],"about":[{"href":"https:\/\/noticiasmercedinas.com\/site\/wp-json\/wp\/v2\/types\/post"}],"author":[{"embeddable":true,"href":"https:\/\/noticiasmercedinas.com\/site\/wp-json\/wp\/v2\/users\/16"}],"replies":[{"embeddable":true,"href":"https:\/\/noticiasmercedinas.com\/site\/wp-json\/wp\/v2\/comments?post=46099"}],"version-history":[{"count":1,"href":"https:\/\/noticiasmercedinas.com\/site\/wp-json\/wp\/v2\/posts\/46099\/revisions"}],"predecessor-version":[{"id":46102,"href":"https:\/\/noticiasmercedinas.com\/site\/wp-json\/wp\/v2\/posts\/46099\/revisions\/46102"}],"wp:featuredmedia":[{"embeddable":true,"href":"https:\/\/noticiasmercedinas.com\/site\/wp-json\/wp\/v2\/media\/46101"}],"wp:attachment":[{"href":"https:\/\/noticiasmercedinas.com\/site\/wp-json\/wp\/v2\/media?parent=46099"}],"wp:term":[{"taxonomy":"category","embeddable":true,"href":"https:\/\/noticiasmercedinas.com\/site\/wp-json\/wp\/v2\/categories?post=46099"},{"taxonomy":"post_tag","embeddable":true,"href":"https:\/\/noticiasmercedinas.com\/site\/wp-json\/wp\/v2\/tags?post=46099"}],"curies":[{"name":"wp","href":"https:\/\/api.w.org\/{rel}","templated":true}]}}