{"id":4629,"date":"2018-10-18T10:39:16","date_gmt":"2018-10-18T13:39:16","guid":{"rendered":"https:\/\/noticiasmercedinas.com\/site\/?p=4629"},"modified":"2018-10-18T10:39:16","modified_gmt":"2018-10-18T13:39:16","slug":"hernan-rivero-esperamos-que-las-cosas-mejoren-aunque-lo-vemos-dificil","status":"publish","type":"post","link":"https:\/\/noticiasmercedinas.com\/site\/2018\/10\/18\/hernan-rivero-esperamos-que-las-cosas-mejoren-aunque-lo-vemos-dificil\/","title":{"rendered":"Hern\u00e1n Rivero: \u201cEsperamos que las cosas mejoren, aunque lo vemos dif\u00edcil\u201d"},"content":{"rendered":"<p>La CICOP est\u00e1 de paro por 24 horas en el d\u00eda de hoy junto a docentes, estatales y judiciales concluyendo en una marcha de trabajadores a gobernaci\u00f3n en La Plata. En este contexto, el dirigente Hern\u00e1n Rivero fue consultado por este medio y dio algunas precisiones sobre la situaci\u00f3n de gravedad que se vive, con despidos y falta de recursos.<\/p>\n<p>El viernes estar\u00e1 el congreso de delegados, del que ser\u00e1 parte, y se evaluar\u00e1 la posibilidad de m\u00e1s medidas de fuerza. \u201cNo hemos tenido \u00faltimamente ninguna convocatoria formal a paritarias, y la que tuvimos roza lo rid\u00edculo, por ende estamos confluyendo con los gremios para estar el mi\u00e9rcoles 2 en el Congreso donde reclamaremos con los profesionales de la salud la no aprobaci\u00f3n del presupuesto 2019 que tiene un gui\u00f1o del FMI con una propuesta de ajuste para toda la comunidad, no solo para los trabajadores, ya que hay tarifazos, p\u00e9rdida de m\u00e1s empleos y nos quieren dejar en la pobreza lisa y llanamente\u201d, destac\u00f3 el doctor Rivero.<\/p>\n<p>\u201cEn el Hospital Dubarry como en todos los hospitales p\u00fablicos hay muy poca cantidad de camas\u201d, dijo luego consultado por NOTICIASMERCEDINAS.COM. \u201cHay ambulancias de alta complejidad pero despu\u00e9s no hay camas. No se pueden hacer derivaciones y si se suman cosas que pasan como las bajas en el Hospital Posadas, ya que se echan y no se reincorporan profesionales, todo el panorama es complejo. Por eso estamos marchando con ellos por la reincorporaci\u00f3n de los despedidos y queremos que paren con esta pol\u00edtica de desguace y que el Posadas siga teniendo el prestigio y la reputaci\u00f3n que tiene\u201d, agreg\u00f3.<\/p>\n<p>\u201cPeleamos por la reincorporaci\u00f3n de todos los delegados gremiales, ya que han sido echados 17 y en la comisi\u00f3n directiva tambi\u00e9n hubo bajas, por eso pedimos una reuni\u00f3n urgente con Salud pero esta ha sido cancelada por el gobierno\u201d, se quej\u00f3 Rivero.<\/p>\n<p>\u201cEsperamos que las cosas empiecen a mejorar aunque lo vemos dif\u00edcil\u201d, concluy\u00f3 el profesional de la CICOP Mercedes.<\/p>\n<p><img loading=\"lazy\" decoding=\"async\" class=\"alignnone size-full wp-image-4630\" src=\"https:\/\/noticiasmercedinas.com\/site\/wp-content\/uploads\/2018\/10\/1035b9eb-d482-47ba-b255-b0df199b2e49.jpg\" alt=\"\" width=\"534\" height=\"802\" srcset=\"https:\/\/noticiasmercedinas.com\/site\/wp-content\/uploads\/2018\/10\/1035b9eb-d482-47ba-b255-b0df199b2e49.jpg 534w, https:\/\/noticiasmercedinas.com\/site\/wp-content\/uploads\/2018\/10\/1035b9eb-d482-47ba-b255-b0df199b2e49-200x300.jpg 200w\" sizes=\"auto, (max-width: 534px) 100vw, 534px\" \/><\/p>\n","protected":false},"excerpt":{"rendered":"<p>La CICOP est\u00e1 de paro por 24 horas en el d\u00eda de hoy junto a docentes, estatales y judiciales concluyendo en una marcha de trabajadores a gobernaci\u00f3n en La Plata. En este contexto, el dirigente Hern\u00e1n Rivero fue consultado por este medio y dio algunas precisiones sobre la situaci\u00f3n de gravedad que se vive, con [&hellip;]<\/p>\n","protected":false},"author":2,"featured_media":4630,"comment_status":"open","ping_status":"open","sticky":false,"template":"","format":"standard","meta":{"footnotes":""},"categories":[3],"tags":[56,55,255,254,71],"class_list":["post-4629","post","type-post","status-publish","format-standard","has-post-thumbnail","hentry","category-sociedad","tag-cicop","tag-hernan-rivero","tag-hospital-dubarry","tag-hospital-posadas","tag-salud"],"yoast_head":"<!-- This site is optimized with the Yoast SEO plugin v27.5 - https:\/\/yoast.com\/product\/yoast-seo-wordpress\/ -->\n<title>Hern\u00e1n Rivero: \u201cEsperamos que las cosas mejoren, aunque lo vemos dif\u00edcil\u201d<\/title>\n<meta name=\"robots\" content=\"index, follow, max-snippet:-1, max-image-preview:large, max-video-preview:-1\" \/>\n<link rel=\"canonical\" href=\"https:\/\/noticiasmercedinas.com\/site\/2018\/10\/18\/hernan-rivero-esperamos-que-las-cosas-mejoren-aunque-lo-vemos-dificil\/\" \/>\n<meta property=\"og:locale\" content=\"es_ES\" \/>\n<meta property=\"og:type\" content=\"article\" \/>\n<meta property=\"og:title\" content=\"Hern\u00e1n Rivero: \u201cEsperamos que las cosas mejoren, aunque lo vemos dif\u00edcil\u201d\" \/>\n<meta property=\"og:description\" content=\"La CICOP est\u00e1 de paro por 24 horas en el d\u00eda de hoy junto a docentes, estatales y judiciales concluyendo en una marcha de trabajadores a gobernaci\u00f3n en La Plata. En este contexto, el dirigente Hern\u00e1n Rivero fue consultado por este medio y dio algunas precisiones sobre la situaci\u00f3n de gravedad que se vive, con [&hellip;]\" \/>\n<meta property=\"og:url\" content=\"https:\/\/noticiasmercedinas.com\/site\/2018\/10\/18\/hernan-rivero-esperamos-que-las-cosas-mejoren-aunque-lo-vemos-dificil\/\" \/>\n<meta property=\"og:site_name\" content=\"NOTICIASMERCEDINAS.COM\" \/>\n<meta property=\"article:publisher\" content=\"https:\/\/www.facebook.com\/noticiasmercedinas\/\" \/>\n<meta property=\"article:author\" content=\"https:\/\/www.facebook.com\/cristian.falabella\" \/>\n<meta property=\"article:published_time\" content=\"2018-10-18T13:39:16+00:00\" \/>\n<meta property=\"og:image\" content=\"https:\/\/noticiasmercedinas.com\/site\/wp-content\/uploads\/2018\/10\/1035b9eb-d482-47ba-b255-b0df199b2e49.jpg\" \/>\n\t<meta property=\"og:image:width\" content=\"534\" \/>\n\t<meta property=\"og:image:height\" content=\"802\" \/>\n\t<meta property=\"og:image:type\" content=\"image\/jpeg\" \/>\n<meta name=\"author\" content=\"Cristian Falabella NOTICIASMERCEDINAS.COM\" \/>\n<meta name=\"twitter:card\" content=\"summary_large_image\" \/>\n<meta name=\"twitter:creator\" content=\"@https:\/\/twitter.com\/NOTMERCEDINAS\" \/>\n<meta name=\"twitter:site\" content=\"@notmercedinas\" \/>\n<meta name=\"twitter:label1\" content=\"Escrito por\" \/>\n\t<meta name=\"twitter:data1\" content=\"Cristian Falabella NOTICIASMERCEDINAS.COM\" \/>\n\t<meta name=\"twitter:label2\" content=\"Tiempo de lectura\" \/>\n\t<meta name=\"twitter:data2\" content=\"2 minutos\" \/>\n<script type=\"application\/ld+json\" class=\"yoast-schema-graph\">{\"@context\":\"https:\\\/\\\/schema.org\",\"@graph\":[{\"@type\":\"Article\",\"@id\":\"https:\\\/\\\/noticiasmercedinas.com\\\/site\\\/2018\\\/10\\\/18\\\/hernan-rivero-esperamos-que-las-cosas-mejoren-aunque-lo-vemos-dificil\\\/#article\",\"isPartOf\":{\"@id\":\"https:\\\/\\\/noticiasmercedinas.com\\\/site\\\/2018\\\/10\\\/18\\\/hernan-rivero-esperamos-que-las-cosas-mejoren-aunque-lo-vemos-dificil\\\/\"},\"author\":{\"name\":\"Cristian Falabella NOTICIASMERCEDINAS.COM\",\"@id\":\"https:\\\/\\\/noticiasmercedinas.com\\\/site\\\/#\\\/schema\\\/person\\\/d481a9696a5feaec13a60e2bbd991a6a\"},\"headline\":\"Hern\u00e1n Rivero: \u201cEsperamos que las cosas mejoren, aunque lo vemos dif\u00edcil\u201d\",\"datePublished\":\"2018-10-18T13:39:16+00:00\",\"mainEntityOfPage\":{\"@id\":\"https:\\\/\\\/noticiasmercedinas.com\\\/site\\\/2018\\\/10\\\/18\\\/hernan-rivero-esperamos-que-las-cosas-mejoren-aunque-lo-vemos-dificil\\\/\"},\"wordCount\":358,\"commentCount\":0,\"publisher\":{\"@id\":\"https:\\\/\\\/noticiasmercedinas.com\\\/site\\\/#organization\"},\"image\":{\"@id\":\"https:\\\/\\\/noticiasmercedinas.com\\\/site\\\/2018\\\/10\\\/18\\\/hernan-rivero-esperamos-que-las-cosas-mejoren-aunque-lo-vemos-dificil\\\/#primaryimage\"},\"thumbnailUrl\":\"https:\\\/\\\/noticiasmercedinas.com\\\/site\\\/wp-content\\\/uploads\\\/2018\\\/10\\\/1035b9eb-d482-47ba-b255-b0df199b2e49.jpg\",\"keywords\":[\"Cicop\",\"Hernan Rivero\",\"hospital dubarry\",\"hospital posadas\",\"salud\"],\"articleSection\":[\"Sociedad\"],\"inLanguage\":\"es\",\"potentialAction\":[{\"@type\":\"CommentAction\",\"name\":\"Comment\",\"target\":[\"https:\\\/\\\/noticiasmercedinas.com\\\/site\\\/2018\\\/10\\\/18\\\/hernan-rivero-esperamos-que-las-cosas-mejoren-aunque-lo-vemos-dificil\\\/#respond\"]}]},{\"@type\":\"WebPage\",\"@id\":\"https:\\\/\\\/noticiasmercedinas.com\\\/site\\\/2018\\\/10\\\/18\\\/hernan-rivero-esperamos-que-las-cosas-mejoren-aunque-lo-vemos-dificil\\\/\",\"url\":\"https:\\\/\\\/noticiasmercedinas.com\\\/site\\\/2018\\\/10\\\/18\\\/hernan-rivero-esperamos-que-las-cosas-mejoren-aunque-lo-vemos-dificil\\\/\",\"name\":\"Hern\u00e1n Rivero: \u201cEsperamos que las cosas mejoren, aunque lo vemos dif\u00edcil\u201d\",\"isPartOf\":{\"@id\":\"https:\\\/\\\/noticiasmercedinas.com\\\/site\\\/#website\"},\"primaryImageOfPage\":{\"@id\":\"https:\\\/\\\/noticiasmercedinas.com\\\/site\\\/2018\\\/10\\\/18\\\/hernan-rivero-esperamos-que-las-cosas-mejoren-aunque-lo-vemos-dificil\\\/#primaryimage\"},\"image\":{\"@id\":\"https:\\\/\\\/noticiasmercedinas.com\\\/site\\\/2018\\\/10\\\/18\\\/hernan-rivero-esperamos-que-las-cosas-mejoren-aunque-lo-vemos-dificil\\\/#primaryimage\"},\"thumbnailUrl\":\"https:\\\/\\\/noticiasmercedinas.com\\\/site\\\/wp-content\\\/uploads\\\/2018\\\/10\\\/1035b9eb-d482-47ba-b255-b0df199b2e49.jpg\",\"datePublished\":\"2018-10-18T13:39:16+00:00\",\"breadcrumb\":{\"@id\":\"https:\\\/\\\/noticiasmercedinas.com\\\/site\\\/2018\\\/10\\\/18\\\/hernan-rivero-esperamos-que-las-cosas-mejoren-aunque-lo-vemos-dificil\\\/#breadcrumb\"},\"inLanguage\":\"es\",\"potentialAction\":[{\"@type\":\"ReadAction\",\"target\":[\"https:\\\/\\\/noticiasmercedinas.com\\\/site\\\/2018\\\/10\\\/18\\\/hernan-rivero-esperamos-que-las-cosas-mejoren-aunque-lo-vemos-dificil\\\/\"]}]},{\"@type\":\"ImageObject\",\"inLanguage\":\"es\",\"@id\":\"https:\\\/\\\/noticiasmercedinas.com\\\/site\\\/2018\\\/10\\\/18\\\/hernan-rivero-esperamos-que-las-cosas-mejoren-aunque-lo-vemos-dificil\\\/#primaryimage\",\"url\":\"https:\\\/\\\/noticiasmercedinas.com\\\/site\\\/wp-content\\\/uploads\\\/2018\\\/10\\\/1035b9eb-d482-47ba-b255-b0df199b2e49.jpg\",\"contentUrl\":\"https:\\\/\\\/noticiasmercedinas.com\\\/site\\\/wp-content\\\/uploads\\\/2018\\\/10\\\/1035b9eb-d482-47ba-b255-b0df199b2e49.jpg\",\"width\":534,\"height\":802},{\"@type\":\"BreadcrumbList\",\"@id\":\"https:\\\/\\\/noticiasmercedinas.com\\\/site\\\/2018\\\/10\\\/18\\\/hernan-rivero-esperamos-que-las-cosas-mejoren-aunque-lo-vemos-dificil\\\/#breadcrumb\",\"itemListElement\":[{\"@type\":\"ListItem\",\"position\":1,\"name\":\"Portada\",\"item\":\"https:\\\/\\\/noticiasmercedinas.com\\\/site\\\/\"},{\"@type\":\"ListItem\",\"position\":2,\"name\":\"Hern\u00e1n Rivero: \u201cEsperamos que las cosas mejoren, aunque lo vemos dif\u00edcil\u201d\"}]},{\"@type\":\"WebSite\",\"@id\":\"https:\\\/\\\/noticiasmercedinas.com\\\/site\\\/#website\",\"url\":\"https:\\\/\\\/noticiasmercedinas.com\\\/site\\\/\",\"name\":\"NOTICIASMERCEDINAS.COM\",\"description\":\"Mercedes, Buenos Aires, Argentina\",\"publisher\":{\"@id\":\"https:\\\/\\\/noticiasmercedinas.com\\\/site\\\/#organization\"},\"potentialAction\":[{\"@type\":\"SearchAction\",\"target\":{\"@type\":\"EntryPoint\",\"urlTemplate\":\"https:\\\/\\\/noticiasmercedinas.com\\\/site\\\/?s={search_term_string}\"},\"query-input\":{\"@type\":\"PropertyValueSpecification\",\"valueRequired\":true,\"valueName\":\"search_term_string\"}}],\"inLanguage\":\"es\"},{\"@type\":\"Organization\",\"@id\":\"https:\\\/\\\/noticiasmercedinas.com\\\/site\\\/#organization\",\"name\":\"NOTICIASMERCEDINAS.COM\",\"url\":\"https:\\\/\\\/noticiasmercedinas.com\\\/site\\\/\",\"logo\":{\"@type\":\"ImageObject\",\"inLanguage\":\"es\",\"@id\":\"https:\\\/\\\/noticiasmercedinas.com\\\/site\\\/#\\\/schema\\\/logo\\\/image\\\/\",\"url\":\"https:\\\/\\\/noticiasmercedinas.com\\\/site\\\/wp-content\\\/uploads\\\/2020\\\/06\\\/LOGO-512.jpg\",\"contentUrl\":\"https:\\\/\\\/noticiasmercedinas.com\\\/site\\\/wp-content\\\/uploads\\\/2020\\\/06\\\/LOGO-512.jpg\",\"width\":512,\"height\":512,\"caption\":\"NOTICIASMERCEDINAS.COM\"},\"image\":{\"@id\":\"https:\\\/\\\/noticiasmercedinas.com\\\/site\\\/#\\\/schema\\\/logo\\\/image\\\/\"},\"sameAs\":[\"https:\\\/\\\/www.facebook.com\\\/noticiasmercedinas\\\/\",\"https:\\\/\\\/x.com\\\/notmercedinas\",\"https:\\\/\\\/www.instagram.com\\\/noticiasmercedinas\\\/\"]},{\"@type\":\"Person\",\"@id\":\"https:\\\/\\\/noticiasmercedinas.com\\\/site\\\/#\\\/schema\\\/person\\\/d481a9696a5feaec13a60e2bbd991a6a\",\"name\":\"Cristian Falabella NOTICIASMERCEDINAS.COM\",\"image\":{\"@type\":\"ImageObject\",\"inLanguage\":\"es\",\"@id\":\"https:\\\/\\\/secure.gravatar.com\\\/avatar\\\/0dbbfc45970cc46bcd0e57766228574ff3511d6eed045b182f536f0f478c1f06?s=96&d=mm&r=g\",\"url\":\"https:\\\/\\\/secure.gravatar.com\\\/avatar\\\/0dbbfc45970cc46bcd0e57766228574ff3511d6eed045b182f536f0f478c1f06?s=96&d=mm&r=g\",\"contentUrl\":\"https:\\\/\\\/secure.gravatar.com\\\/avatar\\\/0dbbfc45970cc46bcd0e57766228574ff3511d6eed045b182f536f0f478c1f06?s=96&d=mm&r=g\",\"caption\":\"Cristian Falabella NOTICIASMERCEDINAS.COM\"},\"description\":\"Periodista, editor de Noticias Mercedinas. Pas\u00f3 por varias redacciones y emprendimientos de prensa, en distintos formatos y \u00e9pocas. Se especializ\u00f3 --y sigue haci\u00e9ndolo-- en comunicaci\u00f3n en la web y en junio de 2006 fund\u00f3 este diario digital.\",\"sameAs\":[\"https:\\\/\\\/noticiasmercedinas.com\",\"https:\\\/\\\/www.facebook.com\\\/cristian.falabella\",\"https:\\\/\\\/www.instagram.com\\\/noticiasmercedinas\\\/\",\"https:\\\/\\\/x.com\\\/https:\\\/\\\/twitter.com\\\/NOTMERCEDINAS\"],\"url\":\"https:\\\/\\\/noticiasmercedinas.com\\\/site\\\/author\\\/as000384\\\/\"}]}<\/script>\n<!-- \/ Yoast SEO plugin. -->","yoast_head_json":{"title":"Hern\u00e1n Rivero: \u201cEsperamos que las cosas mejoren, aunque lo vemos dif\u00edcil\u201d","robots":{"index":"index","follow":"follow","max-snippet":"max-snippet:-1","max-image-preview":"max-image-preview:large","max-video-preview":"max-video-preview:-1"},"canonical":"https:\/\/noticiasmercedinas.com\/site\/2018\/10\/18\/hernan-rivero-esperamos-que-las-cosas-mejoren-aunque-lo-vemos-dificil\/","og_locale":"es_ES","og_type":"article","og_title":"Hern\u00e1n Rivero: \u201cEsperamos que las cosas mejoren, aunque lo vemos dif\u00edcil\u201d","og_description":"La CICOP est\u00e1 de paro por 24 horas en el d\u00eda de hoy junto a docentes, estatales y judiciales concluyendo en una marcha de trabajadores a gobernaci\u00f3n en La Plata. En este contexto, el dirigente Hern\u00e1n Rivero fue consultado por este medio y dio algunas precisiones sobre la situaci\u00f3n de gravedad que se vive, con [&hellip;]","og_url":"https:\/\/noticiasmercedinas.com\/site\/2018\/10\/18\/hernan-rivero-esperamos-que-las-cosas-mejoren-aunque-lo-vemos-dificil\/","og_site_name":"NOTICIASMERCEDINAS.COM","article_publisher":"https:\/\/www.facebook.com\/noticiasmercedinas\/","article_author":"https:\/\/www.facebook.com\/cristian.falabella","article_published_time":"2018-10-18T13:39:16+00:00","og_image":[{"width":534,"height":802,"url":"https:\/\/noticiasmercedinas.com\/site\/wp-content\/uploads\/2018\/10\/1035b9eb-d482-47ba-b255-b0df199b2e49.jpg","type":"image\/jpeg"}],"author":"Cristian Falabella NOTICIASMERCEDINAS.COM","twitter_card":"summary_large_image","twitter_creator":"@https:\/\/twitter.com\/NOTMERCEDINAS","twitter_site":"@notmercedinas","twitter_misc":{"Escrito por":"Cristian Falabella NOTICIASMERCEDINAS.COM","Tiempo de lectura":"2 minutos"},"schema":{"@context":"https:\/\/schema.org","@graph":[{"@type":"Article","@id":"https:\/\/noticiasmercedinas.com\/site\/2018\/10\/18\/hernan-rivero-esperamos-que-las-cosas-mejoren-aunque-lo-vemos-dificil\/#article","isPartOf":{"@id":"https:\/\/noticiasmercedinas.com\/site\/2018\/10\/18\/hernan-rivero-esperamos-que-las-cosas-mejoren-aunque-lo-vemos-dificil\/"},"author":{"name":"Cristian Falabella NOTICIASMERCEDINAS.COM","@id":"https:\/\/noticiasmercedinas.com\/site\/#\/schema\/person\/d481a9696a5feaec13a60e2bbd991a6a"},"headline":"Hern\u00e1n Rivero: \u201cEsperamos que las cosas mejoren, aunque lo vemos dif\u00edcil\u201d","datePublished":"2018-10-18T13:39:16+00:00","mainEntityOfPage":{"@id":"https:\/\/noticiasmercedinas.com\/site\/2018\/10\/18\/hernan-rivero-esperamos-que-las-cosas-mejoren-aunque-lo-vemos-dificil\/"},"wordCount":358,"commentCount":0,"publisher":{"@id":"https:\/\/noticiasmercedinas.com\/site\/#organization"},"image":{"@id":"https:\/\/noticiasmercedinas.com\/site\/2018\/10\/18\/hernan-rivero-esperamos-que-las-cosas-mejoren-aunque-lo-vemos-dificil\/#primaryimage"},"thumbnailUrl":"https:\/\/noticiasmercedinas.com\/site\/wp-content\/uploads\/2018\/10\/1035b9eb-d482-47ba-b255-b0df199b2e49.jpg","keywords":["Cicop","Hernan Rivero","hospital dubarry","hospital posadas","salud"],"articleSection":["Sociedad"],"inLanguage":"es","potentialAction":[{"@type":"CommentAction","name":"Comment","target":["https:\/\/noticiasmercedinas.com\/site\/2018\/10\/18\/hernan-rivero-esperamos-que-las-cosas-mejoren-aunque-lo-vemos-dificil\/#respond"]}]},{"@type":"WebPage","@id":"https:\/\/noticiasmercedinas.com\/site\/2018\/10\/18\/hernan-rivero-esperamos-que-las-cosas-mejoren-aunque-lo-vemos-dificil\/","url":"https:\/\/noticiasmercedinas.com\/site\/2018\/10\/18\/hernan-rivero-esperamos-que-las-cosas-mejoren-aunque-lo-vemos-dificil\/","name":"Hern\u00e1n Rivero: \u201cEsperamos que las cosas mejoren, aunque lo vemos dif\u00edcil\u201d","isPartOf":{"@id":"https:\/\/noticiasmercedinas.com\/site\/#website"},"primaryImageOfPage":{"@id":"https:\/\/noticiasmercedinas.com\/site\/2018\/10\/18\/hernan-rivero-esperamos-que-las-cosas-mejoren-aunque-lo-vemos-dificil\/#primaryimage"},"image":{"@id":"https:\/\/noticiasmercedinas.com\/site\/2018\/10\/18\/hernan-rivero-esperamos-que-las-cosas-mejoren-aunque-lo-vemos-dificil\/#primaryimage"},"thumbnailUrl":"https:\/\/noticiasmercedinas.com\/site\/wp-content\/uploads\/2018\/10\/1035b9eb-d482-47ba-b255-b0df199b2e49.jpg","datePublished":"2018-10-18T13:39:16+00:00","breadcrumb":{"@id":"https:\/\/noticiasmercedinas.com\/site\/2018\/10\/18\/hernan-rivero-esperamos-que-las-cosas-mejoren-aunque-lo-vemos-dificil\/#breadcrumb"},"inLanguage":"es","potentialAction":[{"@type":"ReadAction","target":["https:\/\/noticiasmercedinas.com\/site\/2018\/10\/18\/hernan-rivero-esperamos-que-las-cosas-mejoren-aunque-lo-vemos-dificil\/"]}]},{"@type":"ImageObject","inLanguage":"es","@id":"https:\/\/noticiasmercedinas.com\/site\/2018\/10\/18\/hernan-rivero-esperamos-que-las-cosas-mejoren-aunque-lo-vemos-dificil\/#primaryimage","url":"https:\/\/noticiasmercedinas.com\/site\/wp-content\/uploads\/2018\/10\/1035b9eb-d482-47ba-b255-b0df199b2e49.jpg","contentUrl":"https:\/\/noticiasmercedinas.com\/site\/wp-content\/uploads\/2018\/10\/1035b9eb-d482-47ba-b255-b0df199b2e49.jpg","width":534,"height":802},{"@type":"BreadcrumbList","@id":"https:\/\/noticiasmercedinas.com\/site\/2018\/10\/18\/hernan-rivero-esperamos-que-las-cosas-mejoren-aunque-lo-vemos-dificil\/#breadcrumb","itemListElement":[{"@type":"ListItem","position":1,"name":"Portada","item":"https:\/\/noticiasmercedinas.com\/site\/"},{"@type":"ListItem","position":2,"name":"Hern\u00e1n Rivero: \u201cEsperamos que las cosas mejoren, aunque lo vemos dif\u00edcil\u201d"}]},{"@type":"WebSite","@id":"https:\/\/noticiasmercedinas.com\/site\/#website","url":"https:\/\/noticiasmercedinas.com\/site\/","name":"NOTICIASMERCEDINAS.COM","description":"Mercedes, Buenos Aires, Argentina","publisher":{"@id":"https:\/\/noticiasmercedinas.com\/site\/#organization"},"potentialAction":[{"@type":"SearchAction","target":{"@type":"EntryPoint","urlTemplate":"https:\/\/noticiasmercedinas.com\/site\/?s={search_term_string}"},"query-input":{"@type":"PropertyValueSpecification","valueRequired":true,"valueName":"search_term_string"}}],"inLanguage":"es"},{"@type":"Organization","@id":"https:\/\/noticiasmercedinas.com\/site\/#organization","name":"NOTICIASMERCEDINAS.COM","url":"https:\/\/noticiasmercedinas.com\/site\/","logo":{"@type":"ImageObject","inLanguage":"es","@id":"https:\/\/noticiasmercedinas.com\/site\/#\/schema\/logo\/image\/","url":"https:\/\/noticiasmercedinas.com\/site\/wp-content\/uploads\/2020\/06\/LOGO-512.jpg","contentUrl":"https:\/\/noticiasmercedinas.com\/site\/wp-content\/uploads\/2020\/06\/LOGO-512.jpg","width":512,"height":512,"caption":"NOTICIASMERCEDINAS.COM"},"image":{"@id":"https:\/\/noticiasmercedinas.com\/site\/#\/schema\/logo\/image\/"},"sameAs":["https:\/\/www.facebook.com\/noticiasmercedinas\/","https:\/\/x.com\/notmercedinas","https:\/\/www.instagram.com\/noticiasmercedinas\/"]},{"@type":"Person","@id":"https:\/\/noticiasmercedinas.com\/site\/#\/schema\/person\/d481a9696a5feaec13a60e2bbd991a6a","name":"Cristian Falabella NOTICIASMERCEDINAS.COM","image":{"@type":"ImageObject","inLanguage":"es","@id":"https:\/\/secure.gravatar.com\/avatar\/0dbbfc45970cc46bcd0e57766228574ff3511d6eed045b182f536f0f478c1f06?s=96&d=mm&r=g","url":"https:\/\/secure.gravatar.com\/avatar\/0dbbfc45970cc46bcd0e57766228574ff3511d6eed045b182f536f0f478c1f06?s=96&d=mm&r=g","contentUrl":"https:\/\/secure.gravatar.com\/avatar\/0dbbfc45970cc46bcd0e57766228574ff3511d6eed045b182f536f0f478c1f06?s=96&d=mm&r=g","caption":"Cristian Falabella NOTICIASMERCEDINAS.COM"},"description":"Periodista, editor de Noticias Mercedinas. Pas\u00f3 por varias redacciones y emprendimientos de prensa, en distintos formatos y \u00e9pocas. Se especializ\u00f3 --y sigue haci\u00e9ndolo-- en comunicaci\u00f3n en la web y en junio de 2006 fund\u00f3 este diario digital.","sameAs":["https:\/\/noticiasmercedinas.com","https:\/\/www.facebook.com\/cristian.falabella","https:\/\/www.instagram.com\/noticiasmercedinas\/","https:\/\/x.com\/https:\/\/twitter.com\/NOTMERCEDINAS"],"url":"https:\/\/noticiasmercedinas.com\/site\/author\/as000384\/"}]}},"amp_enabled":true,"_links":{"self":[{"href":"https:\/\/noticiasmercedinas.com\/site\/wp-json\/wp\/v2\/posts\/4629","targetHints":{"allow":["GET"]}}],"collection":[{"href":"https:\/\/noticiasmercedinas.com\/site\/wp-json\/wp\/v2\/posts"}],"about":[{"href":"https:\/\/noticiasmercedinas.com\/site\/wp-json\/wp\/v2\/types\/post"}],"author":[{"embeddable":true,"href":"https:\/\/noticiasmercedinas.com\/site\/wp-json\/wp\/v2\/users\/2"}],"replies":[{"embeddable":true,"href":"https:\/\/noticiasmercedinas.com\/site\/wp-json\/wp\/v2\/comments?post=4629"}],"version-history":[{"count":1,"href":"https:\/\/noticiasmercedinas.com\/site\/wp-json\/wp\/v2\/posts\/4629\/revisions"}],"predecessor-version":[{"id":4631,"href":"https:\/\/noticiasmercedinas.com\/site\/wp-json\/wp\/v2\/posts\/4629\/revisions\/4631"}],"wp:featuredmedia":[{"embeddable":true,"href":"https:\/\/noticiasmercedinas.com\/site\/wp-json\/wp\/v2\/media\/4630"}],"wp:attachment":[{"href":"https:\/\/noticiasmercedinas.com\/site\/wp-json\/wp\/v2\/media?parent=4629"}],"wp:term":[{"taxonomy":"category","embeddable":true,"href":"https:\/\/noticiasmercedinas.com\/site\/wp-json\/wp\/v2\/categories?post=4629"},{"taxonomy":"post_tag","embeddable":true,"href":"https:\/\/noticiasmercedinas.com\/site\/wp-json\/wp\/v2\/tags?post=4629"}],"curies":[{"name":"wp","href":"https:\/\/api.w.org\/{rel}","templated":true}]}}