{"id":4632,"date":"2018-10-18T10:49:17","date_gmt":"2018-10-18T13:49:17","guid":{"rendered":"https:\/\/noticiasmercedinas.com\/site\/?p=4632"},"modified":"2018-10-18T10:51:12","modified_gmt":"2018-10-18T13:51:12","slug":"ate-disconforme-con-el-pago-extra-a-municipales-es-insuficiente","status":"publish","type":"post","link":"https:\/\/noticiasmercedinas.com\/site\/2018\/10\/18\/ate-disconforme-con-el-pago-extra-a-municipales-es-insuficiente\/","title":{"rendered":"ATE disconforme con el pago extra a municipales: \u201cEs insuficiente\u201d"},"content":{"rendered":"<p><img loading=\"lazy\" decoding=\"async\" class=\"alignnone size-full wp-image-1485\" src=\"https:\/\/noticiasmercedinas.com\/site\/wp-content\/uploads\/2018\/09\/hugo-bonafina-512-aaq.jpg\" alt=\"\" width=\"650\" height=\"447\" srcset=\"https:\/\/noticiasmercedinas.com\/site\/wp-content\/uploads\/2018\/09\/hugo-bonafina-512-aaq.jpg 650w, https:\/\/noticiasmercedinas.com\/site\/wp-content\/uploads\/2018\/09\/hugo-bonafina-512-aaq-300x206.jpg 300w, https:\/\/noticiasmercedinas.com\/site\/wp-content\/uploads\/2018\/09\/hugo-bonafina-512-aaq-640x440.jpg 640w\" sizes=\"auto, (max-width: 650px) 100vw, 650px\" \/><\/p>\n<p>Luego de que se conociera oficialmente que el intendente Juan Ignacio Ustarroz dar\u00e1 un importante bono de fin de a\u00f1o a los trabajadores municipales, desde la Asociaci\u00f3n de Trabajadores Municipales anunciaron su disconformidad al respecto, y explicaron sus motivos, ya que lo consideran \u201cinsuficiente\u201d.<\/p>\n<p>Lo cierto es que el intendente junto a su equipo de trabajo y tras diversos encuentros con los gremios que representan a los trabajadores municipales, <strong><span style=\"background-color: #99cc00;\"><a style=\"background-color: #99cc00;\" href=\"https:\/\/noticiasmercedinas.com\/site\/2018\/10\/17\/pagaran-5-500-pesos-extras-a-municipales\/\">determin\u00f3 dar una asistencia de emergencia de $5.500 para este fin de a\u00f1o<\/a><\/span><\/strong>, atento al impacto de la hiper inflaci\u00f3n que vive el pa\u00eds.<\/p>\n<p>\u201cATE lo considera insuficiente y firmamos en ese sentido en el acta\u201d, dijo a este medio el dirigente <strong>Hugo Bonafina<\/strong>. \u201cY adem\u00e1s reclamamos en el caso de ATE aunque los dem\u00e1s gremios asintieron con la cabeza, que en cuanto est\u00e9 la disponibilidad para el presupuesto 2019 tengamos espacio para discutir la pauta salarial, y adem\u00e1s discutir porque en enero estas bonificaciones no van a estar y debe quedar en el b\u00e1sico\u201d, agreg\u00f3 Bonafina.<\/p>\n<p>\u201cNo estamos de acuerdo que se reparta la bonificaci\u00f3n en varias partes\u201d, indic\u00f3.<\/p>\n<p>En el d\u00eda de hoy los trabajadores del Estado son parte de un importante paro y movilizaci\u00f3n junto a otros gremios incluyendo a profesionales de la Salud y Judiciales.<\/p>\n<p>Por \u00faltimo, vale decir que ATE Mercedes fue parte del encuentro de las mujeres en Trelew y en breve habr\u00e1 noticias al respecto de lo sucedido y lo que vivieron las mercedinas en la oportunidad.<\/p>\n<p><img loading=\"lazy\" decoding=\"async\" class=\"alignnone size-large wp-image-4634\" src=\"https:\/\/noticiasmercedinas.com\/site\/wp-content\/uploads\/2018\/10\/dab54e4b-efaf-4d99-8e2f-19d43d0aa8e4-1024x626.jpg\" alt=\"\" width=\"640\" height=\"391\" srcset=\"https:\/\/noticiasmercedinas.com\/site\/wp-content\/uploads\/2018\/10\/dab54e4b-efaf-4d99-8e2f-19d43d0aa8e4-1024x626.jpg 1024w, https:\/\/noticiasmercedinas.com\/site\/wp-content\/uploads\/2018\/10\/dab54e4b-efaf-4d99-8e2f-19d43d0aa8e4-300x183.jpg 300w, https:\/\/noticiasmercedinas.com\/site\/wp-content\/uploads\/2018\/10\/dab54e4b-efaf-4d99-8e2f-19d43d0aa8e4-768x469.jpg 768w, https:\/\/noticiasmercedinas.com\/site\/wp-content\/uploads\/2018\/10\/dab54e4b-efaf-4d99-8e2f-19d43d0aa8e4-640x391.jpg 640w, https:\/\/noticiasmercedinas.com\/site\/wp-content\/uploads\/2018\/10\/dab54e4b-efaf-4d99-8e2f-19d43d0aa8e4.jpg 1280w, https:\/\/noticiasmercedinas.com\/site\/wp-content\/uploads\/2018\/10\/dab54e4b-efaf-4d99-8e2f-19d43d0aa8e4-681x416.jpg 681w\" sizes=\"auto, (max-width: 640px) 100vw, 640px\" \/><\/p>\n","protected":false},"excerpt":{"rendered":"<p>Luego de que se conociera oficialmente que el intendente Juan Ignacio Ustarroz dar\u00e1 un importante bono de fin de a\u00f1o a los trabajadores municipales, desde la Asociaci\u00f3n de Trabajadores Municipales anunciaron su disconformidad al respecto, y explicaron sus motivos, ya que lo consideran \u201cinsuficiente\u201d. Lo cierto es que el intendente junto a su equipo de [&hellip;]<\/p>\n","protected":false},"author":2,"featured_media":1485,"comment_status":"open","ping_status":"open","sticky":false,"template":"","format":"standard","meta":{"footnotes":""},"categories":[3],"tags":[125,606,546],"class_list":["post-4632","post","type-post","status-publish","format-standard","has-post-thumbnail","hentry","category-sociedad","tag-ate","tag-hugo-bonafina","tag-municipales"],"yoast_head":"<!-- This site is optimized with the Yoast SEO plugin v27.5 - https:\/\/yoast.com\/product\/yoast-seo-wordpress\/ -->\n<title>ATE disconforme con el pago extra a municipales: \u201cEs insuficiente\u201d<\/title>\n<meta name=\"robots\" content=\"index, follow, max-snippet:-1, max-image-preview:large, max-video-preview:-1\" \/>\n<link rel=\"canonical\" href=\"https:\/\/noticiasmercedinas.com\/site\/2018\/10\/18\/ate-disconforme-con-el-pago-extra-a-municipales-es-insuficiente\/\" \/>\n<meta property=\"og:locale\" content=\"es_ES\" \/>\n<meta property=\"og:type\" content=\"article\" \/>\n<meta property=\"og:title\" content=\"ATE disconforme con el pago extra a municipales: \u201cEs insuficiente\u201d\" \/>\n<meta property=\"og:description\" content=\"Luego de que se conociera oficialmente que el intendente Juan Ignacio Ustarroz dar\u00e1 un importante bono de fin de a\u00f1o a los trabajadores municipales, desde la Asociaci\u00f3n de Trabajadores Municipales anunciaron su disconformidad al respecto, y explicaron sus motivos, ya que lo consideran \u201cinsuficiente\u201d. Lo cierto es que el intendente junto a su equipo de [&hellip;]\" \/>\n<meta property=\"og:url\" content=\"https:\/\/noticiasmercedinas.com\/site\/2018\/10\/18\/ate-disconforme-con-el-pago-extra-a-municipales-es-insuficiente\/\" \/>\n<meta property=\"og:site_name\" content=\"NOTICIASMERCEDINAS.COM\" \/>\n<meta property=\"article:publisher\" content=\"https:\/\/www.facebook.com\/noticiasmercedinas\/\" \/>\n<meta property=\"article:author\" content=\"https:\/\/www.facebook.com\/cristian.falabella\" \/>\n<meta property=\"article:published_time\" content=\"2018-10-18T13:49:17+00:00\" \/>\n<meta property=\"article:modified_time\" content=\"2018-10-18T13:51:12+00:00\" \/>\n<meta property=\"og:image\" content=\"https:\/\/noticiasmercedinas.com\/site\/wp-content\/uploads\/2018\/09\/hugo-bonafina-512-aaq.jpg\" \/>\n\t<meta property=\"og:image:width\" content=\"650\" \/>\n\t<meta property=\"og:image:height\" content=\"447\" \/>\n\t<meta property=\"og:image:type\" content=\"image\/jpeg\" \/>\n<meta name=\"author\" content=\"Cristian Falabella NOTICIASMERCEDINAS.COM\" \/>\n<meta name=\"twitter:card\" content=\"summary_large_image\" \/>\n<meta name=\"twitter:creator\" content=\"@https:\/\/twitter.com\/NOTMERCEDINAS\" \/>\n<meta name=\"twitter:site\" content=\"@notmercedinas\" \/>\n<meta name=\"twitter:label1\" content=\"Escrito por\" \/>\n\t<meta name=\"twitter:data1\" content=\"Cristian Falabella NOTICIASMERCEDINAS.COM\" \/>\n\t<meta name=\"twitter:label2\" content=\"Tiempo de lectura\" \/>\n\t<meta name=\"twitter:data2\" content=\"1 minuto\" \/>\n<script type=\"application\/ld+json\" class=\"yoast-schema-graph\">{\"@context\":\"https:\\\/\\\/schema.org\",\"@graph\":[{\"@type\":\"Article\",\"@id\":\"https:\\\/\\\/noticiasmercedinas.com\\\/site\\\/2018\\\/10\\\/18\\\/ate-disconforme-con-el-pago-extra-a-municipales-es-insuficiente\\\/#article\",\"isPartOf\":{\"@id\":\"https:\\\/\\\/noticiasmercedinas.com\\\/site\\\/2018\\\/10\\\/18\\\/ate-disconforme-con-el-pago-extra-a-municipales-es-insuficiente\\\/\"},\"author\":{\"name\":\"Cristian Falabella NOTICIASMERCEDINAS.COM\",\"@id\":\"https:\\\/\\\/noticiasmercedinas.com\\\/site\\\/#\\\/schema\\\/person\\\/d481a9696a5feaec13a60e2bbd991a6a\"},\"headline\":\"ATE disconforme con el pago extra a municipales: \u201cEs insuficiente\u201d\",\"datePublished\":\"2018-10-18T13:49:17+00:00\",\"dateModified\":\"2018-10-18T13:51:12+00:00\",\"mainEntityOfPage\":{\"@id\":\"https:\\\/\\\/noticiasmercedinas.com\\\/site\\\/2018\\\/10\\\/18\\\/ate-disconforme-con-el-pago-extra-a-municipales-es-insuficiente\\\/\"},\"wordCount\":263,\"commentCount\":0,\"publisher\":{\"@id\":\"https:\\\/\\\/noticiasmercedinas.com\\\/site\\\/#organization\"},\"image\":{\"@id\":\"https:\\\/\\\/noticiasmercedinas.com\\\/site\\\/2018\\\/10\\\/18\\\/ate-disconforme-con-el-pago-extra-a-municipales-es-insuficiente\\\/#primaryimage\"},\"thumbnailUrl\":\"https:\\\/\\\/noticiasmercedinas.com\\\/site\\\/wp-content\\\/uploads\\\/2018\\\/09\\\/hugo-bonafina-512-aaq.jpg\",\"keywords\":[\"ate\",\"hugo bonafina\",\"municipales\"],\"articleSection\":[\"Sociedad\"],\"inLanguage\":\"es\",\"potentialAction\":[{\"@type\":\"CommentAction\",\"name\":\"Comment\",\"target\":[\"https:\\\/\\\/noticiasmercedinas.com\\\/site\\\/2018\\\/10\\\/18\\\/ate-disconforme-con-el-pago-extra-a-municipales-es-insuficiente\\\/#respond\"]}]},{\"@type\":\"WebPage\",\"@id\":\"https:\\\/\\\/noticiasmercedinas.com\\\/site\\\/2018\\\/10\\\/18\\\/ate-disconforme-con-el-pago-extra-a-municipales-es-insuficiente\\\/\",\"url\":\"https:\\\/\\\/noticiasmercedinas.com\\\/site\\\/2018\\\/10\\\/18\\\/ate-disconforme-con-el-pago-extra-a-municipales-es-insuficiente\\\/\",\"name\":\"ATE disconforme con el pago extra a municipales: \u201cEs insuficiente\u201d\",\"isPartOf\":{\"@id\":\"https:\\\/\\\/noticiasmercedinas.com\\\/site\\\/#website\"},\"primaryImageOfPage\":{\"@id\":\"https:\\\/\\\/noticiasmercedinas.com\\\/site\\\/2018\\\/10\\\/18\\\/ate-disconforme-con-el-pago-extra-a-municipales-es-insuficiente\\\/#primaryimage\"},\"image\":{\"@id\":\"https:\\\/\\\/noticiasmercedinas.com\\\/site\\\/2018\\\/10\\\/18\\\/ate-disconforme-con-el-pago-extra-a-municipales-es-insuficiente\\\/#primaryimage\"},\"thumbnailUrl\":\"https:\\\/\\\/noticiasmercedinas.com\\\/site\\\/wp-content\\\/uploads\\\/2018\\\/09\\\/hugo-bonafina-512-aaq.jpg\",\"datePublished\":\"2018-10-18T13:49:17+00:00\",\"dateModified\":\"2018-10-18T13:51:12+00:00\",\"breadcrumb\":{\"@id\":\"https:\\\/\\\/noticiasmercedinas.com\\\/site\\\/2018\\\/10\\\/18\\\/ate-disconforme-con-el-pago-extra-a-municipales-es-insuficiente\\\/#breadcrumb\"},\"inLanguage\":\"es\",\"potentialAction\":[{\"@type\":\"ReadAction\",\"target\":[\"https:\\\/\\\/noticiasmercedinas.com\\\/site\\\/2018\\\/10\\\/18\\\/ate-disconforme-con-el-pago-extra-a-municipales-es-insuficiente\\\/\"]}]},{\"@type\":\"ImageObject\",\"inLanguage\":\"es\",\"@id\":\"https:\\\/\\\/noticiasmercedinas.com\\\/site\\\/2018\\\/10\\\/18\\\/ate-disconforme-con-el-pago-extra-a-municipales-es-insuficiente\\\/#primaryimage\",\"url\":\"https:\\\/\\\/noticiasmercedinas.com\\\/site\\\/wp-content\\\/uploads\\\/2018\\\/09\\\/hugo-bonafina-512-aaq.jpg\",\"contentUrl\":\"https:\\\/\\\/noticiasmercedinas.com\\\/site\\\/wp-content\\\/uploads\\\/2018\\\/09\\\/hugo-bonafina-512-aaq.jpg\",\"width\":650,\"height\":447},{\"@type\":\"BreadcrumbList\",\"@id\":\"https:\\\/\\\/noticiasmercedinas.com\\\/site\\\/2018\\\/10\\\/18\\\/ate-disconforme-con-el-pago-extra-a-municipales-es-insuficiente\\\/#breadcrumb\",\"itemListElement\":[{\"@type\":\"ListItem\",\"position\":1,\"name\":\"Portada\",\"item\":\"https:\\\/\\\/noticiasmercedinas.com\\\/site\\\/\"},{\"@type\":\"ListItem\",\"position\":2,\"name\":\"ATE disconforme con el pago extra a municipales: \u201cEs insuficiente\u201d\"}]},{\"@type\":\"WebSite\",\"@id\":\"https:\\\/\\\/noticiasmercedinas.com\\\/site\\\/#website\",\"url\":\"https:\\\/\\\/noticiasmercedinas.com\\\/site\\\/\",\"name\":\"NOTICIASMERCEDINAS.COM\",\"description\":\"Mercedes, Buenos Aires, Argentina\",\"publisher\":{\"@id\":\"https:\\\/\\\/noticiasmercedinas.com\\\/site\\\/#organization\"},\"potentialAction\":[{\"@type\":\"SearchAction\",\"target\":{\"@type\":\"EntryPoint\",\"urlTemplate\":\"https:\\\/\\\/noticiasmercedinas.com\\\/site\\\/?s={search_term_string}\"},\"query-input\":{\"@type\":\"PropertyValueSpecification\",\"valueRequired\":true,\"valueName\":\"search_term_string\"}}],\"inLanguage\":\"es\"},{\"@type\":\"Organization\",\"@id\":\"https:\\\/\\\/noticiasmercedinas.com\\\/site\\\/#organization\",\"name\":\"NOTICIASMERCEDINAS.COM\",\"url\":\"https:\\\/\\\/noticiasmercedinas.com\\\/site\\\/\",\"logo\":{\"@type\":\"ImageObject\",\"inLanguage\":\"es\",\"@id\":\"https:\\\/\\\/noticiasmercedinas.com\\\/site\\\/#\\\/schema\\\/logo\\\/image\\\/\",\"url\":\"https:\\\/\\\/noticiasmercedinas.com\\\/site\\\/wp-content\\\/uploads\\\/2020\\\/06\\\/LOGO-512.jpg\",\"contentUrl\":\"https:\\\/\\\/noticiasmercedinas.com\\\/site\\\/wp-content\\\/uploads\\\/2020\\\/06\\\/LOGO-512.jpg\",\"width\":512,\"height\":512,\"caption\":\"NOTICIASMERCEDINAS.COM\"},\"image\":{\"@id\":\"https:\\\/\\\/noticiasmercedinas.com\\\/site\\\/#\\\/schema\\\/logo\\\/image\\\/\"},\"sameAs\":[\"https:\\\/\\\/www.facebook.com\\\/noticiasmercedinas\\\/\",\"https:\\\/\\\/x.com\\\/notmercedinas\",\"https:\\\/\\\/www.instagram.com\\\/noticiasmercedinas\\\/\"]},{\"@type\":\"Person\",\"@id\":\"https:\\\/\\\/noticiasmercedinas.com\\\/site\\\/#\\\/schema\\\/person\\\/d481a9696a5feaec13a60e2bbd991a6a\",\"name\":\"Cristian Falabella NOTICIASMERCEDINAS.COM\",\"image\":{\"@type\":\"ImageObject\",\"inLanguage\":\"es\",\"@id\":\"https:\\\/\\\/secure.gravatar.com\\\/avatar\\\/0dbbfc45970cc46bcd0e57766228574ff3511d6eed045b182f536f0f478c1f06?s=96&d=mm&r=g\",\"url\":\"https:\\\/\\\/secure.gravatar.com\\\/avatar\\\/0dbbfc45970cc46bcd0e57766228574ff3511d6eed045b182f536f0f478c1f06?s=96&d=mm&r=g\",\"contentUrl\":\"https:\\\/\\\/secure.gravatar.com\\\/avatar\\\/0dbbfc45970cc46bcd0e57766228574ff3511d6eed045b182f536f0f478c1f06?s=96&d=mm&r=g\",\"caption\":\"Cristian Falabella NOTICIASMERCEDINAS.COM\"},\"description\":\"Periodista, editor de Noticias Mercedinas. Pas\u00f3 por varias redacciones y emprendimientos de prensa, en distintos formatos y \u00e9pocas. Se especializ\u00f3 --y sigue haci\u00e9ndolo-- en comunicaci\u00f3n en la web y en junio de 2006 fund\u00f3 este diario digital.\",\"sameAs\":[\"https:\\\/\\\/noticiasmercedinas.com\",\"https:\\\/\\\/www.facebook.com\\\/cristian.falabella\",\"https:\\\/\\\/www.instagram.com\\\/noticiasmercedinas\\\/\",\"https:\\\/\\\/x.com\\\/https:\\\/\\\/twitter.com\\\/NOTMERCEDINAS\"],\"url\":\"https:\\\/\\\/noticiasmercedinas.com\\\/site\\\/author\\\/as000384\\\/\"}]}<\/script>\n<!-- \/ Yoast SEO plugin. -->","yoast_head_json":{"title":"ATE disconforme con el pago extra a municipales: \u201cEs insuficiente\u201d","robots":{"index":"index","follow":"follow","max-snippet":"max-snippet:-1","max-image-preview":"max-image-preview:large","max-video-preview":"max-video-preview:-1"},"canonical":"https:\/\/noticiasmercedinas.com\/site\/2018\/10\/18\/ate-disconforme-con-el-pago-extra-a-municipales-es-insuficiente\/","og_locale":"es_ES","og_type":"article","og_title":"ATE disconforme con el pago extra a municipales: \u201cEs insuficiente\u201d","og_description":"Luego de que se conociera oficialmente que el intendente Juan Ignacio Ustarroz dar\u00e1 un importante bono de fin de a\u00f1o a los trabajadores municipales, desde la Asociaci\u00f3n de Trabajadores Municipales anunciaron su disconformidad al respecto, y explicaron sus motivos, ya que lo consideran \u201cinsuficiente\u201d. Lo cierto es que el intendente junto a su equipo de [&hellip;]","og_url":"https:\/\/noticiasmercedinas.com\/site\/2018\/10\/18\/ate-disconforme-con-el-pago-extra-a-municipales-es-insuficiente\/","og_site_name":"NOTICIASMERCEDINAS.COM","article_publisher":"https:\/\/www.facebook.com\/noticiasmercedinas\/","article_author":"https:\/\/www.facebook.com\/cristian.falabella","article_published_time":"2018-10-18T13:49:17+00:00","article_modified_time":"2018-10-18T13:51:12+00:00","og_image":[{"width":650,"height":447,"url":"https:\/\/noticiasmercedinas.com\/site\/wp-content\/uploads\/2018\/09\/hugo-bonafina-512-aaq.jpg","type":"image\/jpeg"}],"author":"Cristian Falabella NOTICIASMERCEDINAS.COM","twitter_card":"summary_large_image","twitter_creator":"@https:\/\/twitter.com\/NOTMERCEDINAS","twitter_site":"@notmercedinas","twitter_misc":{"Escrito por":"Cristian Falabella NOTICIASMERCEDINAS.COM","Tiempo de lectura":"1 minuto"},"schema":{"@context":"https:\/\/schema.org","@graph":[{"@type":"Article","@id":"https:\/\/noticiasmercedinas.com\/site\/2018\/10\/18\/ate-disconforme-con-el-pago-extra-a-municipales-es-insuficiente\/#article","isPartOf":{"@id":"https:\/\/noticiasmercedinas.com\/site\/2018\/10\/18\/ate-disconforme-con-el-pago-extra-a-municipales-es-insuficiente\/"},"author":{"name":"Cristian Falabella NOTICIASMERCEDINAS.COM","@id":"https:\/\/noticiasmercedinas.com\/site\/#\/schema\/person\/d481a9696a5feaec13a60e2bbd991a6a"},"headline":"ATE disconforme con el pago extra a municipales: \u201cEs insuficiente\u201d","datePublished":"2018-10-18T13:49:17+00:00","dateModified":"2018-10-18T13:51:12+00:00","mainEntityOfPage":{"@id":"https:\/\/noticiasmercedinas.com\/site\/2018\/10\/18\/ate-disconforme-con-el-pago-extra-a-municipales-es-insuficiente\/"},"wordCount":263,"commentCount":0,"publisher":{"@id":"https:\/\/noticiasmercedinas.com\/site\/#organization"},"image":{"@id":"https:\/\/noticiasmercedinas.com\/site\/2018\/10\/18\/ate-disconforme-con-el-pago-extra-a-municipales-es-insuficiente\/#primaryimage"},"thumbnailUrl":"https:\/\/noticiasmercedinas.com\/site\/wp-content\/uploads\/2018\/09\/hugo-bonafina-512-aaq.jpg","keywords":["ate","hugo bonafina","municipales"],"articleSection":["Sociedad"],"inLanguage":"es","potentialAction":[{"@type":"CommentAction","name":"Comment","target":["https:\/\/noticiasmercedinas.com\/site\/2018\/10\/18\/ate-disconforme-con-el-pago-extra-a-municipales-es-insuficiente\/#respond"]}]},{"@type":"WebPage","@id":"https:\/\/noticiasmercedinas.com\/site\/2018\/10\/18\/ate-disconforme-con-el-pago-extra-a-municipales-es-insuficiente\/","url":"https:\/\/noticiasmercedinas.com\/site\/2018\/10\/18\/ate-disconforme-con-el-pago-extra-a-municipales-es-insuficiente\/","name":"ATE disconforme con el pago extra a municipales: \u201cEs insuficiente\u201d","isPartOf":{"@id":"https:\/\/noticiasmercedinas.com\/site\/#website"},"primaryImageOfPage":{"@id":"https:\/\/noticiasmercedinas.com\/site\/2018\/10\/18\/ate-disconforme-con-el-pago-extra-a-municipales-es-insuficiente\/#primaryimage"},"image":{"@id":"https:\/\/noticiasmercedinas.com\/site\/2018\/10\/18\/ate-disconforme-con-el-pago-extra-a-municipales-es-insuficiente\/#primaryimage"},"thumbnailUrl":"https:\/\/noticiasmercedinas.com\/site\/wp-content\/uploads\/2018\/09\/hugo-bonafina-512-aaq.jpg","datePublished":"2018-10-18T13:49:17+00:00","dateModified":"2018-10-18T13:51:12+00:00","breadcrumb":{"@id":"https:\/\/noticiasmercedinas.com\/site\/2018\/10\/18\/ate-disconforme-con-el-pago-extra-a-municipales-es-insuficiente\/#breadcrumb"},"inLanguage":"es","potentialAction":[{"@type":"ReadAction","target":["https:\/\/noticiasmercedinas.com\/site\/2018\/10\/18\/ate-disconforme-con-el-pago-extra-a-municipales-es-insuficiente\/"]}]},{"@type":"ImageObject","inLanguage":"es","@id":"https:\/\/noticiasmercedinas.com\/site\/2018\/10\/18\/ate-disconforme-con-el-pago-extra-a-municipales-es-insuficiente\/#primaryimage","url":"https:\/\/noticiasmercedinas.com\/site\/wp-content\/uploads\/2018\/09\/hugo-bonafina-512-aaq.jpg","contentUrl":"https:\/\/noticiasmercedinas.com\/site\/wp-content\/uploads\/2018\/09\/hugo-bonafina-512-aaq.jpg","width":650,"height":447},{"@type":"BreadcrumbList","@id":"https:\/\/noticiasmercedinas.com\/site\/2018\/10\/18\/ate-disconforme-con-el-pago-extra-a-municipales-es-insuficiente\/#breadcrumb","itemListElement":[{"@type":"ListItem","position":1,"name":"Portada","item":"https:\/\/noticiasmercedinas.com\/site\/"},{"@type":"ListItem","position":2,"name":"ATE disconforme con el pago extra a municipales: \u201cEs insuficiente\u201d"}]},{"@type":"WebSite","@id":"https:\/\/noticiasmercedinas.com\/site\/#website","url":"https:\/\/noticiasmercedinas.com\/site\/","name":"NOTICIASMERCEDINAS.COM","description":"Mercedes, Buenos Aires, Argentina","publisher":{"@id":"https:\/\/noticiasmercedinas.com\/site\/#organization"},"potentialAction":[{"@type":"SearchAction","target":{"@type":"EntryPoint","urlTemplate":"https:\/\/noticiasmercedinas.com\/site\/?s={search_term_string}"},"query-input":{"@type":"PropertyValueSpecification","valueRequired":true,"valueName":"search_term_string"}}],"inLanguage":"es"},{"@type":"Organization","@id":"https:\/\/noticiasmercedinas.com\/site\/#organization","name":"NOTICIASMERCEDINAS.COM","url":"https:\/\/noticiasmercedinas.com\/site\/","logo":{"@type":"ImageObject","inLanguage":"es","@id":"https:\/\/noticiasmercedinas.com\/site\/#\/schema\/logo\/image\/","url":"https:\/\/noticiasmercedinas.com\/site\/wp-content\/uploads\/2020\/06\/LOGO-512.jpg","contentUrl":"https:\/\/noticiasmercedinas.com\/site\/wp-content\/uploads\/2020\/06\/LOGO-512.jpg","width":512,"height":512,"caption":"NOTICIASMERCEDINAS.COM"},"image":{"@id":"https:\/\/noticiasmercedinas.com\/site\/#\/schema\/logo\/image\/"},"sameAs":["https:\/\/www.facebook.com\/noticiasmercedinas\/","https:\/\/x.com\/notmercedinas","https:\/\/www.instagram.com\/noticiasmercedinas\/"]},{"@type":"Person","@id":"https:\/\/noticiasmercedinas.com\/site\/#\/schema\/person\/d481a9696a5feaec13a60e2bbd991a6a","name":"Cristian Falabella NOTICIASMERCEDINAS.COM","image":{"@type":"ImageObject","inLanguage":"es","@id":"https:\/\/secure.gravatar.com\/avatar\/0dbbfc45970cc46bcd0e57766228574ff3511d6eed045b182f536f0f478c1f06?s=96&d=mm&r=g","url":"https:\/\/secure.gravatar.com\/avatar\/0dbbfc45970cc46bcd0e57766228574ff3511d6eed045b182f536f0f478c1f06?s=96&d=mm&r=g","contentUrl":"https:\/\/secure.gravatar.com\/avatar\/0dbbfc45970cc46bcd0e57766228574ff3511d6eed045b182f536f0f478c1f06?s=96&d=mm&r=g","caption":"Cristian Falabella NOTICIASMERCEDINAS.COM"},"description":"Periodista, editor de Noticias Mercedinas. Pas\u00f3 por varias redacciones y emprendimientos de prensa, en distintos formatos y \u00e9pocas. Se especializ\u00f3 --y sigue haci\u00e9ndolo-- en comunicaci\u00f3n en la web y en junio de 2006 fund\u00f3 este diario digital.","sameAs":["https:\/\/noticiasmercedinas.com","https:\/\/www.facebook.com\/cristian.falabella","https:\/\/www.instagram.com\/noticiasmercedinas\/","https:\/\/x.com\/https:\/\/twitter.com\/NOTMERCEDINAS"],"url":"https:\/\/noticiasmercedinas.com\/site\/author\/as000384\/"}]}},"amp_enabled":true,"_links":{"self":[{"href":"https:\/\/noticiasmercedinas.com\/site\/wp-json\/wp\/v2\/posts\/4632","targetHints":{"allow":["GET"]}}],"collection":[{"href":"https:\/\/noticiasmercedinas.com\/site\/wp-json\/wp\/v2\/posts"}],"about":[{"href":"https:\/\/noticiasmercedinas.com\/site\/wp-json\/wp\/v2\/types\/post"}],"author":[{"embeddable":true,"href":"https:\/\/noticiasmercedinas.com\/site\/wp-json\/wp\/v2\/users\/2"}],"replies":[{"embeddable":true,"href":"https:\/\/noticiasmercedinas.com\/site\/wp-json\/wp\/v2\/comments?post=4632"}],"version-history":[{"count":2,"href":"https:\/\/noticiasmercedinas.com\/site\/wp-json\/wp\/v2\/posts\/4632\/revisions"}],"predecessor-version":[{"id":4635,"href":"https:\/\/noticiasmercedinas.com\/site\/wp-json\/wp\/v2\/posts\/4632\/revisions\/4635"}],"wp:featuredmedia":[{"embeddable":true,"href":"https:\/\/noticiasmercedinas.com\/site\/wp-json\/wp\/v2\/media\/1485"}],"wp:attachment":[{"href":"https:\/\/noticiasmercedinas.com\/site\/wp-json\/wp\/v2\/media?parent=4632"}],"wp:term":[{"taxonomy":"category","embeddable":true,"href":"https:\/\/noticiasmercedinas.com\/site\/wp-json\/wp\/v2\/categories?post=4632"},{"taxonomy":"post_tag","embeddable":true,"href":"https:\/\/noticiasmercedinas.com\/site\/wp-json\/wp\/v2\/tags?post=4632"}],"curies":[{"name":"wp","href":"https:\/\/api.w.org\/{rel}","templated":true}]}}