{"id":46575,"date":"2020-06-09T16:25:44","date_gmt":"2020-06-09T19:25:44","guid":{"rendered":"https:\/\/noticiasmercedinas.com\/site\/?p=46575"},"modified":"2020-06-09T16:25:44","modified_gmt":"2020-06-09T19:25:44","slug":"internos-de-unidad-5-convirtieron-colectivo-de-traslado-de-detenidos-en-oficina-movil-para-seguridad","status":"publish","type":"post","link":"https:\/\/noticiasmercedinas.com\/site\/2020\/06\/09\/internos-de-unidad-5-convirtieron-colectivo-de-traslado-de-detenidos-en-oficina-movil-para-seguridad\/","title":{"rendered":"Internos de Unidad 5 convirtieron colectivo de traslado de detenidos en oficina m\u00f3vil para Seguridad"},"content":{"rendered":"\r\n                <style type=\"text\/css\">\r\n                    \r\n                    #td_uid_1_69f3213951085  .td-doubleSlider-2 .td-item1 {\r\n                        background: url(https:\/\/noticiasmercedinas.com\/site\/wp-content\/uploads\/2020\/06\/IMG-20200608-WA0041-160x120.jpg) 0 0 no-repeat;\r\n                    }\r\n                    #td_uid_1_69f3213951085  .td-doubleSlider-2 .td-item2 {\r\n                        background: url(https:\/\/noticiasmercedinas.com\/site\/wp-content\/uploads\/2020\/06\/IMG-20200608-WA0049-160x120.jpg) 0 0 no-repeat;\r\n                    }\r\n                    #td_uid_1_69f3213951085  .td-doubleSlider-2 .td-item3 {\r\n                        background: url(https:\/\/noticiasmercedinas.com\/site\/wp-content\/uploads\/2020\/06\/IMG-20200608-WA0051-160x120.jpg) 0 0 no-repeat;\r\n                    }\r\n                    #td_uid_1_69f3213951085  .td-doubleSlider-2 .td-item4 {\r\n                        background: url(https:\/\/noticiasmercedinas.com\/site\/wp-content\/uploads\/2020\/06\/IMG-20200609-WA0023-160x120.jpg) 0 0 no-repeat;\r\n                    }\r\n                    #td_uid_1_69f3213951085  .td-doubleSlider-2 .td-item5 {\r\n                        background: url(https:\/\/noticiasmercedinas.com\/site\/wp-content\/uploads\/2020\/06\/IMG-20200609-WA0027-160x120.jpg) 0 0 no-repeat;\r\n                    }\r\n                <\/style>\r\n\r\n                <div id=\"td_uid_1_69f3213951085\" class=\"td-gallery td-slide-on-2-columns\">\r\n                    <div class=\"post_td_gallery\">\r\n                        <div class=\"td-gallery-slide-top\">\r\n                           <div class=\"td-gallery-title\"><\/div>\r\n\r\n                            <div class=\"td-gallery-controls-wrapper\">\r\n                                <div class=\"td-gallery-slide-count\"><span class=\"td-gallery-slide-item-focus\">1<\/span> de 5<\/div>\r\n                                <div class=\"td-gallery-slide-prev-next-but\">\r\n                                    <i class = \"td-icon-left doubleSliderPrevButton\"><\/i>\r\n                                    <i class = \"td-icon-right doubleSliderNextButton\"><\/i>\r\n                                <\/div>\r\n                            <\/div>\r\n                        <\/div>\r\n\r\n                        <div class = \"td-doubleSlider-1 \">\r\n                            <div class = \"td-slider\">\r\n                                \r\n                    <div class = \"td-slide-item td-item1\">\r\n                        <figure class=\"td-slide-galery-figure td-slide-popup-gallery\">\r\n                            <a class=\"slide-gallery-image-link\" href=\"https:\/\/noticiasmercedinas.com\/site\/wp-content\/uploads\/2020\/06\/IMG-20200608-WA0041.jpg\" title=\"IMG-20200608-WA0041\"  data-caption=\"\"  data-description=\"\">\r\n                                <img decoding=\"async\" src=\"https:\/\/noticiasmercedinas.com\/site\/wp-content\/uploads\/2020\/06\/IMG-20200608-WA0041.jpg\" srcset=\"https:\/\/noticiasmercedinas.com\/site\/wp-content\/uploads\/2020\/06\/IMG-20200608-WA0041.jpg 1032w, https:\/\/noticiasmercedinas.com\/site\/wp-content\/uploads\/2020\/06\/IMG-20200608-WA0041-300x146.jpg 300w, https:\/\/noticiasmercedinas.com\/site\/wp-content\/uploads\/2020\/06\/IMG-20200608-WA0041-1024x498.jpg 1024w, https:\/\/noticiasmercedinas.com\/site\/wp-content\/uploads\/2020\/06\/IMG-20200608-WA0041-768x374.jpg 768w, https:\/\/noticiasmercedinas.com\/site\/wp-content\/uploads\/2020\/06\/IMG-20200608-WA0041-640x311.jpg 640w, https:\/\/noticiasmercedinas.com\/site\/wp-content\/uploads\/2020\/06\/IMG-20200608-WA0041-681x331.jpg 681w\" sizes=\"(max-width: 1032px) 100vw, 1032px\" alt=\"\">\r\n                            <\/a>\r\n                            \r\n                        <\/figure>\r\n                    <\/div>\r\n                    <div class = \"td-slide-item td-item2\">\r\n                        <figure class=\"td-slide-galery-figure td-slide-popup-gallery\">\r\n                            <a class=\"slide-gallery-image-link\" href=\"https:\/\/noticiasmercedinas.com\/site\/wp-content\/uploads\/2020\/06\/IMG-20200608-WA0049.jpg\" title=\"IMG-20200608-WA0049\"  data-caption=\"\"  data-description=\"\">\r\n                                <img decoding=\"async\" src=\"https:\/\/noticiasmercedinas.com\/site\/wp-content\/uploads\/2020\/06\/IMG-20200608-WA0049.jpg\" srcset=\"https:\/\/noticiasmercedinas.com\/site\/wp-content\/uploads\/2020\/06\/IMG-20200608-WA0049.jpg 1280w, https:\/\/noticiasmercedinas.com\/site\/wp-content\/uploads\/2020\/06\/IMG-20200608-WA0049-300x225.jpg 300w, https:\/\/noticiasmercedinas.com\/site\/wp-content\/uploads\/2020\/06\/IMG-20200608-WA0049-1024x768.jpg 1024w, https:\/\/noticiasmercedinas.com\/site\/wp-content\/uploads\/2020\/06\/IMG-20200608-WA0049-768x576.jpg 768w, https:\/\/noticiasmercedinas.com\/site\/wp-content\/uploads\/2020\/06\/IMG-20200608-WA0049-80x60.jpg 80w, https:\/\/noticiasmercedinas.com\/site\/wp-content\/uploads\/2020\/06\/IMG-20200608-WA0049-160x120.jpg 160w, https:\/\/noticiasmercedinas.com\/site\/wp-content\/uploads\/2020\/06\/IMG-20200608-WA0049-100x75.jpg 100w, https:\/\/noticiasmercedinas.com\/site\/wp-content\/uploads\/2020\/06\/IMG-20200608-WA0049-200x150.jpg 200w, https:\/\/noticiasmercedinas.com\/site\/wp-content\/uploads\/2020\/06\/IMG-20200608-WA0049-180x135.jpg 180w, https:\/\/noticiasmercedinas.com\/site\/wp-content\/uploads\/2020\/06\/IMG-20200608-WA0049-360x270.jpg 360w, https:\/\/noticiasmercedinas.com\/site\/wp-content\/uploads\/2020\/06\/IMG-20200608-WA0049-238x178.jpg 238w, https:\/\/noticiasmercedinas.com\/site\/wp-content\/uploads\/2020\/06\/IMG-20200608-WA0049-476x356.jpg 476w, https:\/\/noticiasmercedinas.com\/site\/wp-content\/uploads\/2020\/06\/IMG-20200608-WA0049-640x480.jpg 640w, https:\/\/noticiasmercedinas.com\/site\/wp-content\/uploads\/2020\/06\/IMG-20200608-WA0049-681x511.jpg 681w\" sizes=\"(max-width: 1280px) 100vw, 1280px\" alt=\"\">\r\n                            <\/a>\r\n                            \r\n                        <\/figure>\r\n                    <\/div>\r\n                    <div class = \"td-slide-item td-item3\">\r\n                        <figure class=\"td-slide-galery-figure td-slide-popup-gallery\">\r\n                            <a class=\"slide-gallery-image-link\" href=\"https:\/\/noticiasmercedinas.com\/site\/wp-content\/uploads\/2020\/06\/IMG-20200608-WA0051.jpg\" title=\"IMG-20200608-WA0051\"  data-caption=\"\"  data-description=\"\">\r\n                                <img decoding=\"async\" src=\"https:\/\/noticiasmercedinas.com\/site\/wp-content\/uploads\/2020\/06\/IMG-20200608-WA0051.jpg\" srcset=\"https:\/\/noticiasmercedinas.com\/site\/wp-content\/uploads\/2020\/06\/IMG-20200608-WA0051.jpg 1280w, https:\/\/noticiasmercedinas.com\/site\/wp-content\/uploads\/2020\/06\/IMG-20200608-WA0051-300x225.jpg 300w, https:\/\/noticiasmercedinas.com\/site\/wp-content\/uploads\/2020\/06\/IMG-20200608-WA0051-1024x768.jpg 1024w, https:\/\/noticiasmercedinas.com\/site\/wp-content\/uploads\/2020\/06\/IMG-20200608-WA0051-768x576.jpg 768w, https:\/\/noticiasmercedinas.com\/site\/wp-content\/uploads\/2020\/06\/IMG-20200608-WA0051-80x60.jpg 80w, https:\/\/noticiasmercedinas.com\/site\/wp-content\/uploads\/2020\/06\/IMG-20200608-WA0051-160x120.jpg 160w, https:\/\/noticiasmercedinas.com\/site\/wp-content\/uploads\/2020\/06\/IMG-20200608-WA0051-100x75.jpg 100w, https:\/\/noticiasmercedinas.com\/site\/wp-content\/uploads\/2020\/06\/IMG-20200608-WA0051-200x150.jpg 200w, https:\/\/noticiasmercedinas.com\/site\/wp-content\/uploads\/2020\/06\/IMG-20200608-WA0051-180x135.jpg 180w, https:\/\/noticiasmercedinas.com\/site\/wp-content\/uploads\/2020\/06\/IMG-20200608-WA0051-360x270.jpg 360w, https:\/\/noticiasmercedinas.com\/site\/wp-content\/uploads\/2020\/06\/IMG-20200608-WA0051-238x178.jpg 238w, https:\/\/noticiasmercedinas.com\/site\/wp-content\/uploads\/2020\/06\/IMG-20200608-WA0051-476x356.jpg 476w, https:\/\/noticiasmercedinas.com\/site\/wp-content\/uploads\/2020\/06\/IMG-20200608-WA0051-640x480.jpg 640w, https:\/\/noticiasmercedinas.com\/site\/wp-content\/uploads\/2020\/06\/IMG-20200608-WA0051-681x511.jpg 681w\" sizes=\"(max-width: 1280px) 100vw, 1280px\" alt=\"\">\r\n                            <\/a>\r\n                            \r\n                        <\/figure>\r\n                    <\/div>\r\n                    <div class = \"td-slide-item td-item4\">\r\n                        <figure class=\"td-slide-galery-figure td-slide-popup-gallery\">\r\n                            <a class=\"slide-gallery-image-link\" href=\"https:\/\/noticiasmercedinas.com\/site\/wp-content\/uploads\/2020\/06\/IMG-20200609-WA0023.jpg\" title=\"IMG-20200609-WA0023\"  data-caption=\"\"  data-description=\"\">\r\n                                <img decoding=\"async\" src=\"https:\/\/noticiasmercedinas.com\/site\/wp-content\/uploads\/2020\/06\/IMG-20200609-WA0023.jpg\" srcset=\"https:\/\/noticiasmercedinas.com\/site\/wp-content\/uploads\/2020\/06\/IMG-20200609-WA0023.jpg 1280w, https:\/\/noticiasmercedinas.com\/site\/wp-content\/uploads\/2020\/06\/IMG-20200609-WA0023-300x300.jpg 300w, https:\/\/noticiasmercedinas.com\/site\/wp-content\/uploads\/2020\/06\/IMG-20200609-WA0023-1024x1024.jpg 1024w, https:\/\/noticiasmercedinas.com\/site\/wp-content\/uploads\/2020\/06\/IMG-20200609-WA0023-150x150.jpg 150w, https:\/\/noticiasmercedinas.com\/site\/wp-content\/uploads\/2020\/06\/IMG-20200609-WA0023-768x768.jpg 768w, https:\/\/noticiasmercedinas.com\/site\/wp-content\/uploads\/2020\/06\/IMG-20200609-WA0023-640x640.jpg 640w, https:\/\/noticiasmercedinas.com\/site\/wp-content\/uploads\/2020\/06\/IMG-20200609-WA0023-681x681.jpg 681w\" sizes=\"(max-width: 1280px) 100vw, 1280px\" alt=\"\">\r\n                            <\/a>\r\n                            \r\n                        <\/figure>\r\n                    <\/div>\r\n                    <div class = \"td-slide-item td-item5\">\r\n                        <figure class=\"td-slide-galery-figure td-slide-popup-gallery\">\r\n                            <a class=\"slide-gallery-image-link\" href=\"https:\/\/noticiasmercedinas.com\/site\/wp-content\/uploads\/2020\/06\/IMG-20200609-WA0027.jpg\" title=\"IMG-20200609-WA0027\"  data-caption=\"\"  data-description=\"\">\r\n                                <img decoding=\"async\" src=\"https:\/\/noticiasmercedinas.com\/site\/wp-content\/uploads\/2020\/06\/IMG-20200609-WA0027.jpg\" srcset=\"https:\/\/noticiasmercedinas.com\/site\/wp-content\/uploads\/2020\/06\/IMG-20200609-WA0027.jpg 774w, https:\/\/noticiasmercedinas.com\/site\/wp-content\/uploads\/2020\/06\/IMG-20200609-WA0027-225x300.jpg 225w, https:\/\/noticiasmercedinas.com\/site\/wp-content\/uploads\/2020\/06\/IMG-20200609-WA0027-768x1024.jpg 768w, https:\/\/noticiasmercedinas.com\/site\/wp-content\/uploads\/2020\/06\/IMG-20200609-WA0027-640x853.jpg 640w, https:\/\/noticiasmercedinas.com\/site\/wp-content\/uploads\/2020\/06\/IMG-20200609-WA0027-681x908.jpg 681w\" sizes=\"(max-width: 774px) 100vw, 774px\" alt=\"\">\r\n                            <\/a>\r\n                            \r\n                        <\/figure>\r\n                    <\/div>\r\n                            <\/div>\r\n                        <\/div>\r\n\r\n                        <div class = \"td-doubleSlider-2\">\r\n                            <div class = \"td-slider\">\r\n                                \r\n                    <div class = \"td-button td-item1\">\r\n                        <div class = \"td-border\"><\/div>\r\n                    <\/div>\r\n                    <div class = \"td-button td-item2\">\r\n                        <div class = \"td-border\"><\/div>\r\n                    <\/div>\r\n                    <div class = \"td-button td-item3\">\r\n                        <div class = \"td-border\"><\/div>\r\n                    <\/div>\r\n                    <div class = \"td-button td-item4\">\r\n                        <div class = \"td-border\"><\/div>\r\n                    <\/div>\r\n                    <div class = \"td-button td-item5\">\r\n                        <div class = \"td-border\"><\/div>\r\n                    <\/div>\r\n                            <\/div>\r\n                        <\/div>\r\n\r\n                    <\/div>\r\n\r\n                <\/div>\r\n                \n<p>En los talleres de la <strong>Unidad Penal 5<\/strong> convirtieron un colectivo de traslado de detenidos en una oficina m\u00f3vil para el \u00e1rea de Seguridad municipal.<\/p>\n<p>La experiencia laboral implic\u00f3 que los privados de libertad transformaran el veh\u00edculo policial en un \u00e1mbito administrativo transportable en un mes. Realizaron trabajos de chapa, pintura, herrer\u00eda y electricidad. Desde el Ministerio de Justicia y Derechos Humanos destacaron la iniciativa. La unidad ser\u00e1 utilizada por la Secretar\u00eda de Seguridad del municipio de Mercedes.<\/p>\n<p>El trabajo se realiz\u00f3 en los talleres de la Unidad 5, dependiente del Servicio Penitenciario Bonaerense (SPB), donde cinco internos recibieron un veh\u00edculo marca Mercedes Benz 918 en mal estado y con tareas de chapa, pintura, herrer\u00eda y electricidad lo convirtieron en una oficina m\u00f3vil de diez metros cuadrados.<\/p>\n<p>El emprendimiento se impuls\u00f3 desde el Ministerio de Justicia y Derechos Humanos de la Provincia y cont\u00f3 con la colaboraci\u00f3n del municipio, desde donde se le pag\u00f3 la mano de obra a los internos que trabajaron durante un mes en la restauraci\u00f3n del rodado oficial.<\/p>\n<p>Todo el proceso fue supervisado por personal penitenciario, los suboficiales Guillermo Aran y Lucas Chava\u00f1o, luego de una gesti\u00f3n administrativa autorizada por la jefatura del SPB a trav\u00e9s de la Subdirecci\u00f3n General de Trabajo Penitenciario que depende de la Direcci\u00f3n General de Asistencia y Tratamiento.<\/p>\n<p>La entrega de la oficina m\u00f3vil se llev\u00f3 a cabo hoy al mediod\u00eda y el veh\u00edculo ya est\u00e1 a disposici\u00f3n para ser utilizado en este caso en el l\u00edmite entre Agote y Gowland, dos localidades del partido de Mercedes.<\/p>\n<p>Los privados de libertad, en la primera etapa, desguazaron el colectivo al sacarle los asientos, para luego recortar uno de los lados para instalar un ventanal. Tambi\u00e9n colocaron un piso de goma y en un habit\u00e1culo colocaron los sanitarios: un inodoro y una pileta para lavarse las manos.<\/p>\n<p>Las obras en el colectivo continuaron con la reparaci\u00f3n de chapas para culminar con tareas de pintura e iluminaci\u00f3n.<\/p>\n<p>La oficina m\u00f3vil ya est\u00e1 en condiciones de ser transportada a los puntos de accesos al municipio en los que polic\u00edas cumplen funciones de control en el marco de la pandemia por el Covid-19.<\/p>\n<p>Cabe destacar que los internos que participaron del trabajo adquirieron los oficios en cursos brindados en el penal y desde la cartera de Justicia destacaron la colaboraci\u00f3n del municipio para que los privados de libertad puedan poner en pr\u00e1cticas esos conocimientos.<\/p>\n<p>En la entrega estuvieron presentes el Intendente Municipal, Juan Ignacio Ustarroz, el Secretario de Seguridad, Gast\u00f3n Arenas, el<br \/>\nSubsecretario de Seguridad, Gonzalo Anselmo, el jefe del Complejo Penitenciario Norte, Ricardo M\u00e9ndez, el Subdirector General de Trabajo Pablo Gascue, el director de la Unidad 5, Horario Maldonado, el Jefe de Estaci\u00f3n Policial Comunal, Alejandro Del Porto y el Jefe del Destacamento Policial Gowland, Roberto Lafont.<\/p>\n<p>Ustarroz agradeci\u00f3 a los privados de libertad y a las autoridades de la Unidad 5 por \u201cel gran aporte a la comunidad de Mercedes con este trabajo, que significa m\u00e1s seguridad para los barrios y un gran ahorro en este momento tan dif\u00edcil\u201d.<\/p>\n","protected":false},"excerpt":{"rendered":"<p>En los talleres de la Unidad Penal 5 convirtieron un colectivo de traslado de detenidos en una oficina m\u00f3vil para el \u00e1rea de Seguridad municipal. La experiencia laboral implic\u00f3 que los privados de libertad transformaran el veh\u00edculo policial en un \u00e1mbito administrativo transportable en un mes. Realizaron trabajos de chapa, pintura, herrer\u00eda y electricidad. Desde [&hellip;]<\/p>\n","protected":false},"author":16,"featured_media":46576,"comment_status":"open","ping_status":"open","sticky":false,"template":"","format":"standard","meta":{"footnotes":""},"categories":[7],"tags":[7244,7758,47,525],"class_list":["post-46575","post","type-post","status-publish","format-standard","has-post-thumbnail","hentry","category-policiales","tag-gaston-arenas","tag-gonzalo-anselmo","tag-seguridad","tag-unidad-penal-5"],"yoast_head":"<!-- This site is optimized with the Yoast SEO plugin v27.5 - https:\/\/yoast.com\/product\/yoast-seo-wordpress\/ -->\n<title>Internos de Unidad 5 convirtieron colectivo de traslado de detenidos en oficina m\u00f3vil para Seguridad<\/title>\n<meta name=\"robots\" content=\"index, follow, max-snippet:-1, max-image-preview:large, max-video-preview:-1\" \/>\n<link rel=\"canonical\" href=\"https:\/\/noticiasmercedinas.com\/site\/2020\/06\/09\/internos-de-unidad-5-convirtieron-colectivo-de-traslado-de-detenidos-en-oficina-movil-para-seguridad\/\" \/>\n<meta property=\"og:locale\" content=\"es_ES\" \/>\n<meta property=\"og:type\" content=\"article\" \/>\n<meta property=\"og:title\" content=\"Internos de Unidad 5 convirtieron colectivo de traslado de detenidos en oficina m\u00f3vil para Seguridad\" \/>\n<meta property=\"og:description\" content=\"En los talleres de la Unidad Penal 5 convirtieron un colectivo de traslado de detenidos en una oficina m\u00f3vil para el \u00e1rea de Seguridad municipal. La experiencia laboral implic\u00f3 que los privados de libertad transformaran el veh\u00edculo policial en un \u00e1mbito administrativo transportable en un mes. Realizaron trabajos de chapa, pintura, herrer\u00eda y electricidad. Desde [&hellip;]\" \/>\n<meta property=\"og:url\" content=\"https:\/\/noticiasmercedinas.com\/site\/2020\/06\/09\/internos-de-unidad-5-convirtieron-colectivo-de-traslado-de-detenidos-en-oficina-movil-para-seguridad\/\" \/>\n<meta property=\"og:site_name\" content=\"NOTICIASMERCEDINAS.COM\" \/>\n<meta property=\"article:publisher\" content=\"https:\/\/www.facebook.com\/noticiasmercedinas\/\" \/>\n<meta property=\"article:published_time\" content=\"2020-06-09T19:25:44+00:00\" \/>\n<meta property=\"og:image\" content=\"https:\/\/noticiasmercedinas.com\/site\/wp-content\/uploads\/2020\/06\/IMG-20200608-WA0041.jpg\" \/>\n\t<meta property=\"og:image:width\" content=\"1032\" \/>\n\t<meta property=\"og:image:height\" content=\"502\" \/>\n\t<meta property=\"og:image:type\" content=\"image\/jpeg\" \/>\n<meta name=\"author\" content=\"NOTICIASMERCEDINAS.COM\" \/>\n<meta name=\"twitter:card\" content=\"summary_large_image\" \/>\n<meta name=\"twitter:creator\" content=\"@notmercedinas\" \/>\n<meta name=\"twitter:site\" content=\"@notmercedinas\" \/>\n<meta name=\"twitter:label1\" content=\"Escrito por\" \/>\n\t<meta name=\"twitter:data1\" content=\"NOTICIASMERCEDINAS.COM\" \/>\n\t<meta name=\"twitter:label2\" content=\"Tiempo de lectura\" \/>\n\t<meta name=\"twitter:data2\" content=\"3 minutos\" \/>\n<script type=\"application\/ld+json\" class=\"yoast-schema-graph\">{\"@context\":\"https:\\\/\\\/schema.org\",\"@graph\":[{\"@type\":\"Article\",\"@id\":\"https:\\\/\\\/noticiasmercedinas.com\\\/site\\\/2020\\\/06\\\/09\\\/internos-de-unidad-5-convirtieron-colectivo-de-traslado-de-detenidos-en-oficina-movil-para-seguridad\\\/#article\",\"isPartOf\":{\"@id\":\"https:\\\/\\\/noticiasmercedinas.com\\\/site\\\/2020\\\/06\\\/09\\\/internos-de-unidad-5-convirtieron-colectivo-de-traslado-de-detenidos-en-oficina-movil-para-seguridad\\\/\"},\"author\":{\"name\":\"NOTICIASMERCEDINAS.COM\",\"@id\":\"https:\\\/\\\/noticiasmercedinas.com\\\/site\\\/#\\\/schema\\\/person\\\/84b59c099c28ff2e8b77d4ceec5d8063\"},\"headline\":\"Internos de Unidad 5 convirtieron colectivo de traslado de detenidos en oficina m\u00f3vil para Seguridad\",\"datePublished\":\"2020-06-09T19:25:44+00:00\",\"mainEntityOfPage\":{\"@id\":\"https:\\\/\\\/noticiasmercedinas.com\\\/site\\\/2020\\\/06\\\/09\\\/internos-de-unidad-5-convirtieron-colectivo-de-traslado-de-detenidos-en-oficina-movil-para-seguridad\\\/\"},\"wordCount\":558,\"commentCount\":0,\"publisher\":{\"@id\":\"https:\\\/\\\/noticiasmercedinas.com\\\/site\\\/#organization\"},\"image\":{\"@id\":\"https:\\\/\\\/noticiasmercedinas.com\\\/site\\\/2020\\\/06\\\/09\\\/internos-de-unidad-5-convirtieron-colectivo-de-traslado-de-detenidos-en-oficina-movil-para-seguridad\\\/#primaryimage\"},\"thumbnailUrl\":\"https:\\\/\\\/noticiasmercedinas.com\\\/site\\\/wp-content\\\/uploads\\\/2020\\\/06\\\/IMG-20200608-WA0041.jpg\",\"keywords\":[\"Gast\u00f3n Arenas\",\"gonzalo anselmo\",\"seguridad\",\"unidad penal 5\"],\"articleSection\":[\"Seguridad\"],\"inLanguage\":\"es\",\"potentialAction\":[{\"@type\":\"CommentAction\",\"name\":\"Comment\",\"target\":[\"https:\\\/\\\/noticiasmercedinas.com\\\/site\\\/2020\\\/06\\\/09\\\/internos-de-unidad-5-convirtieron-colectivo-de-traslado-de-detenidos-en-oficina-movil-para-seguridad\\\/#respond\"]}]},{\"@type\":\"WebPage\",\"@id\":\"https:\\\/\\\/noticiasmercedinas.com\\\/site\\\/2020\\\/06\\\/09\\\/internos-de-unidad-5-convirtieron-colectivo-de-traslado-de-detenidos-en-oficina-movil-para-seguridad\\\/\",\"url\":\"https:\\\/\\\/noticiasmercedinas.com\\\/site\\\/2020\\\/06\\\/09\\\/internos-de-unidad-5-convirtieron-colectivo-de-traslado-de-detenidos-en-oficina-movil-para-seguridad\\\/\",\"name\":\"Internos de Unidad 5 convirtieron colectivo de traslado de detenidos en oficina m\u00f3vil para Seguridad\",\"isPartOf\":{\"@id\":\"https:\\\/\\\/noticiasmercedinas.com\\\/site\\\/#website\"},\"primaryImageOfPage\":{\"@id\":\"https:\\\/\\\/noticiasmercedinas.com\\\/site\\\/2020\\\/06\\\/09\\\/internos-de-unidad-5-convirtieron-colectivo-de-traslado-de-detenidos-en-oficina-movil-para-seguridad\\\/#primaryimage\"},\"image\":{\"@id\":\"https:\\\/\\\/noticiasmercedinas.com\\\/site\\\/2020\\\/06\\\/09\\\/internos-de-unidad-5-convirtieron-colectivo-de-traslado-de-detenidos-en-oficina-movil-para-seguridad\\\/#primaryimage\"},\"thumbnailUrl\":\"https:\\\/\\\/noticiasmercedinas.com\\\/site\\\/wp-content\\\/uploads\\\/2020\\\/06\\\/IMG-20200608-WA0041.jpg\",\"datePublished\":\"2020-06-09T19:25:44+00:00\",\"breadcrumb\":{\"@id\":\"https:\\\/\\\/noticiasmercedinas.com\\\/site\\\/2020\\\/06\\\/09\\\/internos-de-unidad-5-convirtieron-colectivo-de-traslado-de-detenidos-en-oficina-movil-para-seguridad\\\/#breadcrumb\"},\"inLanguage\":\"es\",\"potentialAction\":[{\"@type\":\"ReadAction\",\"target\":[\"https:\\\/\\\/noticiasmercedinas.com\\\/site\\\/2020\\\/06\\\/09\\\/internos-de-unidad-5-convirtieron-colectivo-de-traslado-de-detenidos-en-oficina-movil-para-seguridad\\\/\"]}]},{\"@type\":\"ImageObject\",\"inLanguage\":\"es\",\"@id\":\"https:\\\/\\\/noticiasmercedinas.com\\\/site\\\/2020\\\/06\\\/09\\\/internos-de-unidad-5-convirtieron-colectivo-de-traslado-de-detenidos-en-oficina-movil-para-seguridad\\\/#primaryimage\",\"url\":\"https:\\\/\\\/noticiasmercedinas.com\\\/site\\\/wp-content\\\/uploads\\\/2020\\\/06\\\/IMG-20200608-WA0041.jpg\",\"contentUrl\":\"https:\\\/\\\/noticiasmercedinas.com\\\/site\\\/wp-content\\\/uploads\\\/2020\\\/06\\\/IMG-20200608-WA0041.jpg\",\"width\":1032,\"height\":502},{\"@type\":\"BreadcrumbList\",\"@id\":\"https:\\\/\\\/noticiasmercedinas.com\\\/site\\\/2020\\\/06\\\/09\\\/internos-de-unidad-5-convirtieron-colectivo-de-traslado-de-detenidos-en-oficina-movil-para-seguridad\\\/#breadcrumb\",\"itemListElement\":[{\"@type\":\"ListItem\",\"position\":1,\"name\":\"Portada\",\"item\":\"https:\\\/\\\/noticiasmercedinas.com\\\/site\\\/\"},{\"@type\":\"ListItem\",\"position\":2,\"name\":\"Internos de Unidad 5 convirtieron colectivo de traslado de detenidos en oficina m\u00f3vil para Seguridad\"}]},{\"@type\":\"WebSite\",\"@id\":\"https:\\\/\\\/noticiasmercedinas.com\\\/site\\\/#website\",\"url\":\"https:\\\/\\\/noticiasmercedinas.com\\\/site\\\/\",\"name\":\"NOTICIASMERCEDINAS.COM\",\"description\":\"Mercedes, Buenos Aires, Argentina\",\"publisher\":{\"@id\":\"https:\\\/\\\/noticiasmercedinas.com\\\/site\\\/#organization\"},\"potentialAction\":[{\"@type\":\"SearchAction\",\"target\":{\"@type\":\"EntryPoint\",\"urlTemplate\":\"https:\\\/\\\/noticiasmercedinas.com\\\/site\\\/?s={search_term_string}\"},\"query-input\":{\"@type\":\"PropertyValueSpecification\",\"valueRequired\":true,\"valueName\":\"search_term_string\"}}],\"inLanguage\":\"es\"},{\"@type\":\"Organization\",\"@id\":\"https:\\\/\\\/noticiasmercedinas.com\\\/site\\\/#organization\",\"name\":\"NOTICIASMERCEDINAS.COM\",\"url\":\"https:\\\/\\\/noticiasmercedinas.com\\\/site\\\/\",\"logo\":{\"@type\":\"ImageObject\",\"inLanguage\":\"es\",\"@id\":\"https:\\\/\\\/noticiasmercedinas.com\\\/site\\\/#\\\/schema\\\/logo\\\/image\\\/\",\"url\":\"https:\\\/\\\/noticiasmercedinas.com\\\/site\\\/wp-content\\\/uploads\\\/2020\\\/06\\\/LOGO-512.jpg\",\"contentUrl\":\"https:\\\/\\\/noticiasmercedinas.com\\\/site\\\/wp-content\\\/uploads\\\/2020\\\/06\\\/LOGO-512.jpg\",\"width\":512,\"height\":512,\"caption\":\"NOTICIASMERCEDINAS.COM\"},\"image\":{\"@id\":\"https:\\\/\\\/noticiasmercedinas.com\\\/site\\\/#\\\/schema\\\/logo\\\/image\\\/\"},\"sameAs\":[\"https:\\\/\\\/www.facebook.com\\\/noticiasmercedinas\\\/\",\"https:\\\/\\\/x.com\\\/notmercedinas\",\"https:\\\/\\\/www.instagram.com\\\/noticiasmercedinas\\\/\"]},{\"@type\":\"Person\",\"@id\":\"https:\\\/\\\/noticiasmercedinas.com\\\/site\\\/#\\\/schema\\\/person\\\/84b59c099c28ff2e8b77d4ceec5d8063\",\"name\":\"NOTICIASMERCEDINAS.COM\",\"image\":{\"@type\":\"ImageObject\",\"inLanguage\":\"es\",\"@id\":\"https:\\\/\\\/secure.gravatar.com\\\/avatar\\\/4dfbf16b4d17945bfb6341b2d19043457132fcf478a5ee04f42e959fd8f5df0a?s=96&d=mm&r=g\",\"url\":\"https:\\\/\\\/secure.gravatar.com\\\/avatar\\\/4dfbf16b4d17945bfb6341b2d19043457132fcf478a5ee04f42e959fd8f5df0a?s=96&d=mm&r=g\",\"contentUrl\":\"https:\\\/\\\/secure.gravatar.com\\\/avatar\\\/4dfbf16b4d17945bfb6341b2d19043457132fcf478a5ee04f42e959fd8f5df0a?s=96&d=mm&r=g\",\"caption\":\"NOTICIASMERCEDINAS.COM\"},\"url\":\"https:\\\/\\\/noticiasmercedinas.com\\\/site\\\/author\\\/anonimo\\\/\"}]}<\/script>\n<!-- \/ Yoast SEO plugin. -->","yoast_head_json":{"title":"Internos de Unidad 5 convirtieron colectivo de traslado de detenidos en oficina m\u00f3vil para Seguridad","robots":{"index":"index","follow":"follow","max-snippet":"max-snippet:-1","max-image-preview":"max-image-preview:large","max-video-preview":"max-video-preview:-1"},"canonical":"https:\/\/noticiasmercedinas.com\/site\/2020\/06\/09\/internos-de-unidad-5-convirtieron-colectivo-de-traslado-de-detenidos-en-oficina-movil-para-seguridad\/","og_locale":"es_ES","og_type":"article","og_title":"Internos de Unidad 5 convirtieron colectivo de traslado de detenidos en oficina m\u00f3vil para Seguridad","og_description":"En los talleres de la Unidad Penal 5 convirtieron un colectivo de traslado de detenidos en una oficina m\u00f3vil para el \u00e1rea de Seguridad municipal. La experiencia laboral implic\u00f3 que los privados de libertad transformaran el veh\u00edculo policial en un \u00e1mbito administrativo transportable en un mes. Realizaron trabajos de chapa, pintura, herrer\u00eda y electricidad. Desde [&hellip;]","og_url":"https:\/\/noticiasmercedinas.com\/site\/2020\/06\/09\/internos-de-unidad-5-convirtieron-colectivo-de-traslado-de-detenidos-en-oficina-movil-para-seguridad\/","og_site_name":"NOTICIASMERCEDINAS.COM","article_publisher":"https:\/\/www.facebook.com\/noticiasmercedinas\/","article_published_time":"2020-06-09T19:25:44+00:00","og_image":[{"width":1032,"height":502,"url":"https:\/\/noticiasmercedinas.com\/site\/wp-content\/uploads\/2020\/06\/IMG-20200608-WA0041.jpg","type":"image\/jpeg"}],"author":"NOTICIASMERCEDINAS.COM","twitter_card":"summary_large_image","twitter_creator":"@notmercedinas","twitter_site":"@notmercedinas","twitter_misc":{"Escrito por":"NOTICIASMERCEDINAS.COM","Tiempo de lectura":"3 minutos"},"schema":{"@context":"https:\/\/schema.org","@graph":[{"@type":"Article","@id":"https:\/\/noticiasmercedinas.com\/site\/2020\/06\/09\/internos-de-unidad-5-convirtieron-colectivo-de-traslado-de-detenidos-en-oficina-movil-para-seguridad\/#article","isPartOf":{"@id":"https:\/\/noticiasmercedinas.com\/site\/2020\/06\/09\/internos-de-unidad-5-convirtieron-colectivo-de-traslado-de-detenidos-en-oficina-movil-para-seguridad\/"},"author":{"name":"NOTICIASMERCEDINAS.COM","@id":"https:\/\/noticiasmercedinas.com\/site\/#\/schema\/person\/84b59c099c28ff2e8b77d4ceec5d8063"},"headline":"Internos de Unidad 5 convirtieron colectivo de traslado de detenidos en oficina m\u00f3vil para Seguridad","datePublished":"2020-06-09T19:25:44+00:00","mainEntityOfPage":{"@id":"https:\/\/noticiasmercedinas.com\/site\/2020\/06\/09\/internos-de-unidad-5-convirtieron-colectivo-de-traslado-de-detenidos-en-oficina-movil-para-seguridad\/"},"wordCount":558,"commentCount":0,"publisher":{"@id":"https:\/\/noticiasmercedinas.com\/site\/#organization"},"image":{"@id":"https:\/\/noticiasmercedinas.com\/site\/2020\/06\/09\/internos-de-unidad-5-convirtieron-colectivo-de-traslado-de-detenidos-en-oficina-movil-para-seguridad\/#primaryimage"},"thumbnailUrl":"https:\/\/noticiasmercedinas.com\/site\/wp-content\/uploads\/2020\/06\/IMG-20200608-WA0041.jpg","keywords":["Gast\u00f3n Arenas","gonzalo anselmo","seguridad","unidad penal 5"],"articleSection":["Seguridad"],"inLanguage":"es","potentialAction":[{"@type":"CommentAction","name":"Comment","target":["https:\/\/noticiasmercedinas.com\/site\/2020\/06\/09\/internos-de-unidad-5-convirtieron-colectivo-de-traslado-de-detenidos-en-oficina-movil-para-seguridad\/#respond"]}]},{"@type":"WebPage","@id":"https:\/\/noticiasmercedinas.com\/site\/2020\/06\/09\/internos-de-unidad-5-convirtieron-colectivo-de-traslado-de-detenidos-en-oficina-movil-para-seguridad\/","url":"https:\/\/noticiasmercedinas.com\/site\/2020\/06\/09\/internos-de-unidad-5-convirtieron-colectivo-de-traslado-de-detenidos-en-oficina-movil-para-seguridad\/","name":"Internos de Unidad 5 convirtieron colectivo de traslado de detenidos en oficina m\u00f3vil para Seguridad","isPartOf":{"@id":"https:\/\/noticiasmercedinas.com\/site\/#website"},"primaryImageOfPage":{"@id":"https:\/\/noticiasmercedinas.com\/site\/2020\/06\/09\/internos-de-unidad-5-convirtieron-colectivo-de-traslado-de-detenidos-en-oficina-movil-para-seguridad\/#primaryimage"},"image":{"@id":"https:\/\/noticiasmercedinas.com\/site\/2020\/06\/09\/internos-de-unidad-5-convirtieron-colectivo-de-traslado-de-detenidos-en-oficina-movil-para-seguridad\/#primaryimage"},"thumbnailUrl":"https:\/\/noticiasmercedinas.com\/site\/wp-content\/uploads\/2020\/06\/IMG-20200608-WA0041.jpg","datePublished":"2020-06-09T19:25:44+00:00","breadcrumb":{"@id":"https:\/\/noticiasmercedinas.com\/site\/2020\/06\/09\/internos-de-unidad-5-convirtieron-colectivo-de-traslado-de-detenidos-en-oficina-movil-para-seguridad\/#breadcrumb"},"inLanguage":"es","potentialAction":[{"@type":"ReadAction","target":["https:\/\/noticiasmercedinas.com\/site\/2020\/06\/09\/internos-de-unidad-5-convirtieron-colectivo-de-traslado-de-detenidos-en-oficina-movil-para-seguridad\/"]}]},{"@type":"ImageObject","inLanguage":"es","@id":"https:\/\/noticiasmercedinas.com\/site\/2020\/06\/09\/internos-de-unidad-5-convirtieron-colectivo-de-traslado-de-detenidos-en-oficina-movil-para-seguridad\/#primaryimage","url":"https:\/\/noticiasmercedinas.com\/site\/wp-content\/uploads\/2020\/06\/IMG-20200608-WA0041.jpg","contentUrl":"https:\/\/noticiasmercedinas.com\/site\/wp-content\/uploads\/2020\/06\/IMG-20200608-WA0041.jpg","width":1032,"height":502},{"@type":"BreadcrumbList","@id":"https:\/\/noticiasmercedinas.com\/site\/2020\/06\/09\/internos-de-unidad-5-convirtieron-colectivo-de-traslado-de-detenidos-en-oficina-movil-para-seguridad\/#breadcrumb","itemListElement":[{"@type":"ListItem","position":1,"name":"Portada","item":"https:\/\/noticiasmercedinas.com\/site\/"},{"@type":"ListItem","position":2,"name":"Internos de Unidad 5 convirtieron colectivo de traslado de detenidos en oficina m\u00f3vil para Seguridad"}]},{"@type":"WebSite","@id":"https:\/\/noticiasmercedinas.com\/site\/#website","url":"https:\/\/noticiasmercedinas.com\/site\/","name":"NOTICIASMERCEDINAS.COM","description":"Mercedes, Buenos Aires, Argentina","publisher":{"@id":"https:\/\/noticiasmercedinas.com\/site\/#organization"},"potentialAction":[{"@type":"SearchAction","target":{"@type":"EntryPoint","urlTemplate":"https:\/\/noticiasmercedinas.com\/site\/?s={search_term_string}"},"query-input":{"@type":"PropertyValueSpecification","valueRequired":true,"valueName":"search_term_string"}}],"inLanguage":"es"},{"@type":"Organization","@id":"https:\/\/noticiasmercedinas.com\/site\/#organization","name":"NOTICIASMERCEDINAS.COM","url":"https:\/\/noticiasmercedinas.com\/site\/","logo":{"@type":"ImageObject","inLanguage":"es","@id":"https:\/\/noticiasmercedinas.com\/site\/#\/schema\/logo\/image\/","url":"https:\/\/noticiasmercedinas.com\/site\/wp-content\/uploads\/2020\/06\/LOGO-512.jpg","contentUrl":"https:\/\/noticiasmercedinas.com\/site\/wp-content\/uploads\/2020\/06\/LOGO-512.jpg","width":512,"height":512,"caption":"NOTICIASMERCEDINAS.COM"},"image":{"@id":"https:\/\/noticiasmercedinas.com\/site\/#\/schema\/logo\/image\/"},"sameAs":["https:\/\/www.facebook.com\/noticiasmercedinas\/","https:\/\/x.com\/notmercedinas","https:\/\/www.instagram.com\/noticiasmercedinas\/"]},{"@type":"Person","@id":"https:\/\/noticiasmercedinas.com\/site\/#\/schema\/person\/84b59c099c28ff2e8b77d4ceec5d8063","name":"NOTICIASMERCEDINAS.COM","image":{"@type":"ImageObject","inLanguage":"es","@id":"https:\/\/secure.gravatar.com\/avatar\/4dfbf16b4d17945bfb6341b2d19043457132fcf478a5ee04f42e959fd8f5df0a?s=96&d=mm&r=g","url":"https:\/\/secure.gravatar.com\/avatar\/4dfbf16b4d17945bfb6341b2d19043457132fcf478a5ee04f42e959fd8f5df0a?s=96&d=mm&r=g","contentUrl":"https:\/\/secure.gravatar.com\/avatar\/4dfbf16b4d17945bfb6341b2d19043457132fcf478a5ee04f42e959fd8f5df0a?s=96&d=mm&r=g","caption":"NOTICIASMERCEDINAS.COM"},"url":"https:\/\/noticiasmercedinas.com\/site\/author\/anonimo\/"}]}},"amp_enabled":true,"_links":{"self":[{"href":"https:\/\/noticiasmercedinas.com\/site\/wp-json\/wp\/v2\/posts\/46575","targetHints":{"allow":["GET"]}}],"collection":[{"href":"https:\/\/noticiasmercedinas.com\/site\/wp-json\/wp\/v2\/posts"}],"about":[{"href":"https:\/\/noticiasmercedinas.com\/site\/wp-json\/wp\/v2\/types\/post"}],"author":[{"embeddable":true,"href":"https:\/\/noticiasmercedinas.com\/site\/wp-json\/wp\/v2\/users\/16"}],"replies":[{"embeddable":true,"href":"https:\/\/noticiasmercedinas.com\/site\/wp-json\/wp\/v2\/comments?post=46575"}],"version-history":[{"count":1,"href":"https:\/\/noticiasmercedinas.com\/site\/wp-json\/wp\/v2\/posts\/46575\/revisions"}],"predecessor-version":[{"id":46581,"href":"https:\/\/noticiasmercedinas.com\/site\/wp-json\/wp\/v2\/posts\/46575\/revisions\/46581"}],"wp:featuredmedia":[{"embeddable":true,"href":"https:\/\/noticiasmercedinas.com\/site\/wp-json\/wp\/v2\/media\/46576"}],"wp:attachment":[{"href":"https:\/\/noticiasmercedinas.com\/site\/wp-json\/wp\/v2\/media?parent=46575"}],"wp:term":[{"taxonomy":"category","embeddable":true,"href":"https:\/\/noticiasmercedinas.com\/site\/wp-json\/wp\/v2\/categories?post=46575"},{"taxonomy":"post_tag","embeddable":true,"href":"https:\/\/noticiasmercedinas.com\/site\/wp-json\/wp\/v2\/tags?post=46575"}],"curies":[{"name":"wp","href":"https:\/\/api.w.org\/{rel}","templated":true}]}}