{"id":46583,"date":"2020-06-09T18:01:23","date_gmt":"2020-06-09T21:01:23","guid":{"rendered":"https:\/\/noticiasmercedinas.com\/site\/?p=46583"},"modified":"2020-06-09T18:01:23","modified_gmt":"2020-06-09T21:01:23","slug":"mesa-sindical-mercedes-apoya-la-intervencion-de-vicentin","status":"publish","type":"post","link":"https:\/\/noticiasmercedinas.com\/site\/2020\/06\/09\/mesa-sindical-mercedes-apoya-la-intervencion-de-vicentin\/","title":{"rendered":"Mesa Sindical Mercedes apoya la intervenci\u00f3n de Vicent\u00edn"},"content":{"rendered":"<p><img loading=\"lazy\" decoding=\"async\" class=\"alignnone size-full wp-image-46584\" src=\"https:\/\/noticiasmercedinas.com\/site\/wp-content\/uploads\/2020\/06\/5edf6cf8962f9_907_510.jpg\" alt=\"\" width=\"907\" height=\"510\" srcset=\"https:\/\/noticiasmercedinas.com\/site\/wp-content\/uploads\/2020\/06\/5edf6cf8962f9_907_510.jpg 907w, https:\/\/noticiasmercedinas.com\/site\/wp-content\/uploads\/2020\/06\/5edf6cf8962f9_907_510-300x169.jpg 300w, https:\/\/noticiasmercedinas.com\/site\/wp-content\/uploads\/2020\/06\/5edf6cf8962f9_907_510-768x432.jpg 768w, https:\/\/noticiasmercedinas.com\/site\/wp-content\/uploads\/2020\/06\/5edf6cf8962f9_907_510-640x360.jpg 640w, https:\/\/noticiasmercedinas.com\/site\/wp-content\/uploads\/2020\/06\/5edf6cf8962f9_907_510-681x383.jpg 681w\" sizes=\"auto, (max-width: 907px) 100vw, 907px\" \/><\/p>\n<p>Desde la Mesa Sindical Mercedes apoyaron la decisi\u00f3n del presidente Alberto Fern\u00e1ndez de intervenir el Grupo cerealero Vicent\u00edn. \u00abDestacamos que se trata de una decisi\u00f3n que preserva m\u00e1s de 7000 puestos de trabajo\u00bb, sostuvieron.<\/p>\n<p>Adem\u00e1s, se remitir\u00e1 al Congreso un proyecto de ley de expropiaci\u00f3n de la firma, con el fin que sea declarada \u201cde utilidad p\u00fablica\u201d, seg\u00fan lo expresado por el ejecutivo nacional.<\/p>\n<p>\u00abLa cerealera, endeudada y en concurso de acreedores, corr\u00eda riesgo de quiebra o de quedar en manos de una multinacional monop\u00f3lica, tras la cesaci\u00f3n de pagos en la que cay\u00f3 en diciembre, cuando no pudo hacer frente a deudas con proveedores por US$ 350 millones. Por lo cual consideramos que la maniobra es una alternativa real para evitar que miles de familias se queden sin trabajo o que la empresa sea manejada por monopolios multinacionales\u00bb, indicaron desde la MSM, para quienes la intervenci\u00f3n de Vicent\u00edn \u00abdeja un mensaje firme para todos los que especularon con maniobras financieras bajo el ala impune y c\u00f3mplice del gobierno anterior\u00bb.<\/p>\n<p>\u00abAsimismo esperamos que se termine la impunidad para los empresarios que malversan fondos p\u00fablicos\u00bb, agregaron.<\/p>\n<p>\u00abEs una decisi\u00f3n, que adem\u00e1s de resguardar las fuentes de trabajo, crea los caminos para construir una soberan\u00eda alimentaria que pueda garantizar la comida a los sectores m\u00e1s necesitados\u00bb, opinaron los sindicalistas mercedinos.<\/p>\n","protected":false},"excerpt":{"rendered":"<p>Desde la Mesa Sindical Mercedes apoyaron la decisi\u00f3n del presidente Alberto Fern\u00e1ndez de intervenir el Grupo cerealero Vicent\u00edn. \u00abDestacamos que se trata de una decisi\u00f3n que preserva m\u00e1s de 7000 puestos de trabajo\u00bb, sostuvieron. Adem\u00e1s, se remitir\u00e1 al Congreso un proyecto de ley de expropiaci\u00f3n de la firma, con el fin que sea declarada \u201cde [&hellip;]<\/p>\n","protected":false},"author":2,"featured_media":46584,"comment_status":"open","ping_status":"open","sticky":false,"template":"","format":"standard","meta":{"footnotes":""},"categories":[16],"tags":[1201,9356],"class_list":["post-46583","post","type-post","status-publish","format-standard","has-post-thumbnail","hentry","category-politica","tag-mesa-sindical-mercedes","tag-vicentin"],"yoast_head":"<!-- This site is optimized with the Yoast SEO plugin v27.4 - https:\/\/yoast.com\/product\/yoast-seo-wordpress\/ -->\n<title>Mesa Sindical Mercedes apoya la intervenci\u00f3n de Vicent\u00edn<\/title>\n<meta name=\"robots\" content=\"index, follow, max-snippet:-1, max-image-preview:large, max-video-preview:-1\" \/>\n<link rel=\"canonical\" href=\"https:\/\/noticiasmercedinas.com\/site\/2020\/06\/09\/mesa-sindical-mercedes-apoya-la-intervencion-de-vicentin\/\" \/>\n<meta property=\"og:locale\" content=\"es_ES\" \/>\n<meta property=\"og:type\" content=\"article\" \/>\n<meta property=\"og:title\" content=\"Mesa Sindical Mercedes apoya la intervenci\u00f3n de Vicent\u00edn\" \/>\n<meta property=\"og:description\" content=\"Desde la Mesa Sindical Mercedes apoyaron la decisi\u00f3n del presidente Alberto Fern\u00e1ndez de intervenir el Grupo cerealero Vicent\u00edn. \u00abDestacamos que se trata de una decisi\u00f3n que preserva m\u00e1s de 7000 puestos de trabajo\u00bb, sostuvieron. Adem\u00e1s, se remitir\u00e1 al Congreso un proyecto de ley de expropiaci\u00f3n de la firma, con el fin que sea declarada \u201cde [&hellip;]\" \/>\n<meta property=\"og:url\" content=\"https:\/\/noticiasmercedinas.com\/site\/2020\/06\/09\/mesa-sindical-mercedes-apoya-la-intervencion-de-vicentin\/\" \/>\n<meta property=\"og:site_name\" content=\"NOTICIASMERCEDINAS.COM\" \/>\n<meta property=\"article:publisher\" content=\"https:\/\/www.facebook.com\/noticiasmercedinas\/\" \/>\n<meta property=\"article:author\" content=\"https:\/\/www.facebook.com\/cristian.falabella\" \/>\n<meta property=\"article:published_time\" content=\"2020-06-09T21:01:23+00:00\" \/>\n<meta property=\"og:image\" content=\"https:\/\/noticiasmercedinas.com\/site\/wp-content\/uploads\/2020\/06\/5edf6cf8962f9_907_510.jpg\" \/>\n\t<meta property=\"og:image:width\" content=\"907\" \/>\n\t<meta property=\"og:image:height\" content=\"510\" \/>\n\t<meta property=\"og:image:type\" content=\"image\/jpeg\" \/>\n<meta name=\"author\" content=\"Cristian Falabella NOTICIASMERCEDINAS.COM\" \/>\n<meta name=\"twitter:card\" content=\"summary_large_image\" \/>\n<meta name=\"twitter:creator\" content=\"@https:\/\/twitter.com\/NOTMERCEDINAS\" \/>\n<meta name=\"twitter:site\" content=\"@notmercedinas\" \/>\n<meta name=\"twitter:label1\" content=\"Escrito por\" \/>\n\t<meta name=\"twitter:data1\" content=\"Cristian Falabella NOTICIASMERCEDINAS.COM\" \/>\n\t<meta name=\"twitter:label2\" content=\"Tiempo de lectura\" \/>\n\t<meta name=\"twitter:data2\" content=\"1 minuto\" \/>\n<script type=\"application\/ld+json\" class=\"yoast-schema-graph\">{\"@context\":\"https:\\\/\\\/schema.org\",\"@graph\":[{\"@type\":\"Article\",\"@id\":\"https:\\\/\\\/noticiasmercedinas.com\\\/site\\\/2020\\\/06\\\/09\\\/mesa-sindical-mercedes-apoya-la-intervencion-de-vicentin\\\/#article\",\"isPartOf\":{\"@id\":\"https:\\\/\\\/noticiasmercedinas.com\\\/site\\\/2020\\\/06\\\/09\\\/mesa-sindical-mercedes-apoya-la-intervencion-de-vicentin\\\/\"},\"author\":{\"name\":\"Cristian Falabella NOTICIASMERCEDINAS.COM\",\"@id\":\"https:\\\/\\\/noticiasmercedinas.com\\\/site\\\/#\\\/schema\\\/person\\\/d481a9696a5feaec13a60e2bbd991a6a\"},\"headline\":\"Mesa Sindical Mercedes apoya la intervenci\u00f3n de Vicent\u00edn\",\"datePublished\":\"2020-06-09T21:01:23+00:00\",\"mainEntityOfPage\":{\"@id\":\"https:\\\/\\\/noticiasmercedinas.com\\\/site\\\/2020\\\/06\\\/09\\\/mesa-sindical-mercedes-apoya-la-intervencion-de-vicentin\\\/\"},\"wordCount\":246,\"commentCount\":0,\"publisher\":{\"@id\":\"https:\\\/\\\/noticiasmercedinas.com\\\/site\\\/#organization\"},\"image\":{\"@id\":\"https:\\\/\\\/noticiasmercedinas.com\\\/site\\\/2020\\\/06\\\/09\\\/mesa-sindical-mercedes-apoya-la-intervencion-de-vicentin\\\/#primaryimage\"},\"thumbnailUrl\":\"https:\\\/\\\/noticiasmercedinas.com\\\/site\\\/wp-content\\\/uploads\\\/2020\\\/06\\\/5edf6cf8962f9_907_510.jpg\",\"keywords\":[\"Mesa Sindical Mercedes\",\"vicentin\"],\"articleSection\":[\"Politica\"],\"inLanguage\":\"es\",\"potentialAction\":[{\"@type\":\"CommentAction\",\"name\":\"Comment\",\"target\":[\"https:\\\/\\\/noticiasmercedinas.com\\\/site\\\/2020\\\/06\\\/09\\\/mesa-sindical-mercedes-apoya-la-intervencion-de-vicentin\\\/#respond\"]}]},{\"@type\":\"WebPage\",\"@id\":\"https:\\\/\\\/noticiasmercedinas.com\\\/site\\\/2020\\\/06\\\/09\\\/mesa-sindical-mercedes-apoya-la-intervencion-de-vicentin\\\/\",\"url\":\"https:\\\/\\\/noticiasmercedinas.com\\\/site\\\/2020\\\/06\\\/09\\\/mesa-sindical-mercedes-apoya-la-intervencion-de-vicentin\\\/\",\"name\":\"Mesa Sindical Mercedes apoya la intervenci\u00f3n de Vicent\u00edn\",\"isPartOf\":{\"@id\":\"https:\\\/\\\/noticiasmercedinas.com\\\/site\\\/#website\"},\"primaryImageOfPage\":{\"@id\":\"https:\\\/\\\/noticiasmercedinas.com\\\/site\\\/2020\\\/06\\\/09\\\/mesa-sindical-mercedes-apoya-la-intervencion-de-vicentin\\\/#primaryimage\"},\"image\":{\"@id\":\"https:\\\/\\\/noticiasmercedinas.com\\\/site\\\/2020\\\/06\\\/09\\\/mesa-sindical-mercedes-apoya-la-intervencion-de-vicentin\\\/#primaryimage\"},\"thumbnailUrl\":\"https:\\\/\\\/noticiasmercedinas.com\\\/site\\\/wp-content\\\/uploads\\\/2020\\\/06\\\/5edf6cf8962f9_907_510.jpg\",\"datePublished\":\"2020-06-09T21:01:23+00:00\",\"breadcrumb\":{\"@id\":\"https:\\\/\\\/noticiasmercedinas.com\\\/site\\\/2020\\\/06\\\/09\\\/mesa-sindical-mercedes-apoya-la-intervencion-de-vicentin\\\/#breadcrumb\"},\"inLanguage\":\"es\",\"potentialAction\":[{\"@type\":\"ReadAction\",\"target\":[\"https:\\\/\\\/noticiasmercedinas.com\\\/site\\\/2020\\\/06\\\/09\\\/mesa-sindical-mercedes-apoya-la-intervencion-de-vicentin\\\/\"]}]},{\"@type\":\"ImageObject\",\"inLanguage\":\"es\",\"@id\":\"https:\\\/\\\/noticiasmercedinas.com\\\/site\\\/2020\\\/06\\\/09\\\/mesa-sindical-mercedes-apoya-la-intervencion-de-vicentin\\\/#primaryimage\",\"url\":\"https:\\\/\\\/noticiasmercedinas.com\\\/site\\\/wp-content\\\/uploads\\\/2020\\\/06\\\/5edf6cf8962f9_907_510.jpg\",\"contentUrl\":\"https:\\\/\\\/noticiasmercedinas.com\\\/site\\\/wp-content\\\/uploads\\\/2020\\\/06\\\/5edf6cf8962f9_907_510.jpg\",\"width\":907,\"height\":510},{\"@type\":\"BreadcrumbList\",\"@id\":\"https:\\\/\\\/noticiasmercedinas.com\\\/site\\\/2020\\\/06\\\/09\\\/mesa-sindical-mercedes-apoya-la-intervencion-de-vicentin\\\/#breadcrumb\",\"itemListElement\":[{\"@type\":\"ListItem\",\"position\":1,\"name\":\"Portada\",\"item\":\"https:\\\/\\\/noticiasmercedinas.com\\\/site\\\/\"},{\"@type\":\"ListItem\",\"position\":2,\"name\":\"Mesa Sindical Mercedes apoya la intervenci\u00f3n de Vicent\u00edn\"}]},{\"@type\":\"WebSite\",\"@id\":\"https:\\\/\\\/noticiasmercedinas.com\\\/site\\\/#website\",\"url\":\"https:\\\/\\\/noticiasmercedinas.com\\\/site\\\/\",\"name\":\"NOTICIASMERCEDINAS.COM\",\"description\":\"Mercedes, Buenos Aires, Argentina\",\"publisher\":{\"@id\":\"https:\\\/\\\/noticiasmercedinas.com\\\/site\\\/#organization\"},\"potentialAction\":[{\"@type\":\"SearchAction\",\"target\":{\"@type\":\"EntryPoint\",\"urlTemplate\":\"https:\\\/\\\/noticiasmercedinas.com\\\/site\\\/?s={search_term_string}\"},\"query-input\":{\"@type\":\"PropertyValueSpecification\",\"valueRequired\":true,\"valueName\":\"search_term_string\"}}],\"inLanguage\":\"es\"},{\"@type\":\"Organization\",\"@id\":\"https:\\\/\\\/noticiasmercedinas.com\\\/site\\\/#organization\",\"name\":\"NOTICIASMERCEDINAS.COM\",\"url\":\"https:\\\/\\\/noticiasmercedinas.com\\\/site\\\/\",\"logo\":{\"@type\":\"ImageObject\",\"inLanguage\":\"es\",\"@id\":\"https:\\\/\\\/noticiasmercedinas.com\\\/site\\\/#\\\/schema\\\/logo\\\/image\\\/\",\"url\":\"https:\\\/\\\/noticiasmercedinas.com\\\/site\\\/wp-content\\\/uploads\\\/2020\\\/06\\\/LOGO-512.jpg\",\"contentUrl\":\"https:\\\/\\\/noticiasmercedinas.com\\\/site\\\/wp-content\\\/uploads\\\/2020\\\/06\\\/LOGO-512.jpg\",\"width\":512,\"height\":512,\"caption\":\"NOTICIASMERCEDINAS.COM\"},\"image\":{\"@id\":\"https:\\\/\\\/noticiasmercedinas.com\\\/site\\\/#\\\/schema\\\/logo\\\/image\\\/\"},\"sameAs\":[\"https:\\\/\\\/www.facebook.com\\\/noticiasmercedinas\\\/\",\"https:\\\/\\\/x.com\\\/notmercedinas\",\"https:\\\/\\\/www.instagram.com\\\/noticiasmercedinas\\\/\"]},{\"@type\":\"Person\",\"@id\":\"https:\\\/\\\/noticiasmercedinas.com\\\/site\\\/#\\\/schema\\\/person\\\/d481a9696a5feaec13a60e2bbd991a6a\",\"name\":\"Cristian Falabella NOTICIASMERCEDINAS.COM\",\"image\":{\"@type\":\"ImageObject\",\"inLanguage\":\"es\",\"@id\":\"https:\\\/\\\/secure.gravatar.com\\\/avatar\\\/0dbbfc45970cc46bcd0e57766228574ff3511d6eed045b182f536f0f478c1f06?s=96&d=mm&r=g\",\"url\":\"https:\\\/\\\/secure.gravatar.com\\\/avatar\\\/0dbbfc45970cc46bcd0e57766228574ff3511d6eed045b182f536f0f478c1f06?s=96&d=mm&r=g\",\"contentUrl\":\"https:\\\/\\\/secure.gravatar.com\\\/avatar\\\/0dbbfc45970cc46bcd0e57766228574ff3511d6eed045b182f536f0f478c1f06?s=96&d=mm&r=g\",\"caption\":\"Cristian Falabella NOTICIASMERCEDINAS.COM\"},\"description\":\"Periodista, editor de Noticias Mercedinas. Pas\u00f3 por varias redacciones y emprendimientos de prensa, en distintos formatos y \u00e9pocas. Se especializ\u00f3 --y sigue haci\u00e9ndolo-- en comunicaci\u00f3n en la web y en junio de 2006 fund\u00f3 este diario digital.\",\"sameAs\":[\"https:\\\/\\\/noticiasmercedinas.com\",\"https:\\\/\\\/www.facebook.com\\\/cristian.falabella\",\"https:\\\/\\\/www.instagram.com\\\/noticiasmercedinas\\\/\",\"https:\\\/\\\/x.com\\\/https:\\\/\\\/twitter.com\\\/NOTMERCEDINAS\"],\"url\":\"https:\\\/\\\/noticiasmercedinas.com\\\/site\\\/author\\\/as000384\\\/\"}]}<\/script>\n<!-- \/ Yoast SEO plugin. -->","yoast_head_json":{"title":"Mesa Sindical Mercedes apoya la intervenci\u00f3n de Vicent\u00edn","robots":{"index":"index","follow":"follow","max-snippet":"max-snippet:-1","max-image-preview":"max-image-preview:large","max-video-preview":"max-video-preview:-1"},"canonical":"https:\/\/noticiasmercedinas.com\/site\/2020\/06\/09\/mesa-sindical-mercedes-apoya-la-intervencion-de-vicentin\/","og_locale":"es_ES","og_type":"article","og_title":"Mesa Sindical Mercedes apoya la intervenci\u00f3n de Vicent\u00edn","og_description":"Desde la Mesa Sindical Mercedes apoyaron la decisi\u00f3n del presidente Alberto Fern\u00e1ndez de intervenir el Grupo cerealero Vicent\u00edn. \u00abDestacamos que se trata de una decisi\u00f3n que preserva m\u00e1s de 7000 puestos de trabajo\u00bb, sostuvieron. Adem\u00e1s, se remitir\u00e1 al Congreso un proyecto de ley de expropiaci\u00f3n de la firma, con el fin que sea declarada \u201cde [&hellip;]","og_url":"https:\/\/noticiasmercedinas.com\/site\/2020\/06\/09\/mesa-sindical-mercedes-apoya-la-intervencion-de-vicentin\/","og_site_name":"NOTICIASMERCEDINAS.COM","article_publisher":"https:\/\/www.facebook.com\/noticiasmercedinas\/","article_author":"https:\/\/www.facebook.com\/cristian.falabella","article_published_time":"2020-06-09T21:01:23+00:00","og_image":[{"width":907,"height":510,"url":"https:\/\/noticiasmercedinas.com\/site\/wp-content\/uploads\/2020\/06\/5edf6cf8962f9_907_510.jpg","type":"image\/jpeg"}],"author":"Cristian Falabella NOTICIASMERCEDINAS.COM","twitter_card":"summary_large_image","twitter_creator":"@https:\/\/twitter.com\/NOTMERCEDINAS","twitter_site":"@notmercedinas","twitter_misc":{"Escrito por":"Cristian Falabella NOTICIASMERCEDINAS.COM","Tiempo de lectura":"1 minuto"},"schema":{"@context":"https:\/\/schema.org","@graph":[{"@type":"Article","@id":"https:\/\/noticiasmercedinas.com\/site\/2020\/06\/09\/mesa-sindical-mercedes-apoya-la-intervencion-de-vicentin\/#article","isPartOf":{"@id":"https:\/\/noticiasmercedinas.com\/site\/2020\/06\/09\/mesa-sindical-mercedes-apoya-la-intervencion-de-vicentin\/"},"author":{"name":"Cristian Falabella NOTICIASMERCEDINAS.COM","@id":"https:\/\/noticiasmercedinas.com\/site\/#\/schema\/person\/d481a9696a5feaec13a60e2bbd991a6a"},"headline":"Mesa Sindical Mercedes apoya la intervenci\u00f3n de Vicent\u00edn","datePublished":"2020-06-09T21:01:23+00:00","mainEntityOfPage":{"@id":"https:\/\/noticiasmercedinas.com\/site\/2020\/06\/09\/mesa-sindical-mercedes-apoya-la-intervencion-de-vicentin\/"},"wordCount":246,"commentCount":0,"publisher":{"@id":"https:\/\/noticiasmercedinas.com\/site\/#organization"},"image":{"@id":"https:\/\/noticiasmercedinas.com\/site\/2020\/06\/09\/mesa-sindical-mercedes-apoya-la-intervencion-de-vicentin\/#primaryimage"},"thumbnailUrl":"https:\/\/noticiasmercedinas.com\/site\/wp-content\/uploads\/2020\/06\/5edf6cf8962f9_907_510.jpg","keywords":["Mesa Sindical Mercedes","vicentin"],"articleSection":["Politica"],"inLanguage":"es","potentialAction":[{"@type":"CommentAction","name":"Comment","target":["https:\/\/noticiasmercedinas.com\/site\/2020\/06\/09\/mesa-sindical-mercedes-apoya-la-intervencion-de-vicentin\/#respond"]}]},{"@type":"WebPage","@id":"https:\/\/noticiasmercedinas.com\/site\/2020\/06\/09\/mesa-sindical-mercedes-apoya-la-intervencion-de-vicentin\/","url":"https:\/\/noticiasmercedinas.com\/site\/2020\/06\/09\/mesa-sindical-mercedes-apoya-la-intervencion-de-vicentin\/","name":"Mesa Sindical Mercedes apoya la intervenci\u00f3n de Vicent\u00edn","isPartOf":{"@id":"https:\/\/noticiasmercedinas.com\/site\/#website"},"primaryImageOfPage":{"@id":"https:\/\/noticiasmercedinas.com\/site\/2020\/06\/09\/mesa-sindical-mercedes-apoya-la-intervencion-de-vicentin\/#primaryimage"},"image":{"@id":"https:\/\/noticiasmercedinas.com\/site\/2020\/06\/09\/mesa-sindical-mercedes-apoya-la-intervencion-de-vicentin\/#primaryimage"},"thumbnailUrl":"https:\/\/noticiasmercedinas.com\/site\/wp-content\/uploads\/2020\/06\/5edf6cf8962f9_907_510.jpg","datePublished":"2020-06-09T21:01:23+00:00","breadcrumb":{"@id":"https:\/\/noticiasmercedinas.com\/site\/2020\/06\/09\/mesa-sindical-mercedes-apoya-la-intervencion-de-vicentin\/#breadcrumb"},"inLanguage":"es","potentialAction":[{"@type":"ReadAction","target":["https:\/\/noticiasmercedinas.com\/site\/2020\/06\/09\/mesa-sindical-mercedes-apoya-la-intervencion-de-vicentin\/"]}]},{"@type":"ImageObject","inLanguage":"es","@id":"https:\/\/noticiasmercedinas.com\/site\/2020\/06\/09\/mesa-sindical-mercedes-apoya-la-intervencion-de-vicentin\/#primaryimage","url":"https:\/\/noticiasmercedinas.com\/site\/wp-content\/uploads\/2020\/06\/5edf6cf8962f9_907_510.jpg","contentUrl":"https:\/\/noticiasmercedinas.com\/site\/wp-content\/uploads\/2020\/06\/5edf6cf8962f9_907_510.jpg","width":907,"height":510},{"@type":"BreadcrumbList","@id":"https:\/\/noticiasmercedinas.com\/site\/2020\/06\/09\/mesa-sindical-mercedes-apoya-la-intervencion-de-vicentin\/#breadcrumb","itemListElement":[{"@type":"ListItem","position":1,"name":"Portada","item":"https:\/\/noticiasmercedinas.com\/site\/"},{"@type":"ListItem","position":2,"name":"Mesa Sindical Mercedes apoya la intervenci\u00f3n de Vicent\u00edn"}]},{"@type":"WebSite","@id":"https:\/\/noticiasmercedinas.com\/site\/#website","url":"https:\/\/noticiasmercedinas.com\/site\/","name":"NOTICIASMERCEDINAS.COM","description":"Mercedes, Buenos Aires, Argentina","publisher":{"@id":"https:\/\/noticiasmercedinas.com\/site\/#organization"},"potentialAction":[{"@type":"SearchAction","target":{"@type":"EntryPoint","urlTemplate":"https:\/\/noticiasmercedinas.com\/site\/?s={search_term_string}"},"query-input":{"@type":"PropertyValueSpecification","valueRequired":true,"valueName":"search_term_string"}}],"inLanguage":"es"},{"@type":"Organization","@id":"https:\/\/noticiasmercedinas.com\/site\/#organization","name":"NOTICIASMERCEDINAS.COM","url":"https:\/\/noticiasmercedinas.com\/site\/","logo":{"@type":"ImageObject","inLanguage":"es","@id":"https:\/\/noticiasmercedinas.com\/site\/#\/schema\/logo\/image\/","url":"https:\/\/noticiasmercedinas.com\/site\/wp-content\/uploads\/2020\/06\/LOGO-512.jpg","contentUrl":"https:\/\/noticiasmercedinas.com\/site\/wp-content\/uploads\/2020\/06\/LOGO-512.jpg","width":512,"height":512,"caption":"NOTICIASMERCEDINAS.COM"},"image":{"@id":"https:\/\/noticiasmercedinas.com\/site\/#\/schema\/logo\/image\/"},"sameAs":["https:\/\/www.facebook.com\/noticiasmercedinas\/","https:\/\/x.com\/notmercedinas","https:\/\/www.instagram.com\/noticiasmercedinas\/"]},{"@type":"Person","@id":"https:\/\/noticiasmercedinas.com\/site\/#\/schema\/person\/d481a9696a5feaec13a60e2bbd991a6a","name":"Cristian Falabella NOTICIASMERCEDINAS.COM","image":{"@type":"ImageObject","inLanguage":"es","@id":"https:\/\/secure.gravatar.com\/avatar\/0dbbfc45970cc46bcd0e57766228574ff3511d6eed045b182f536f0f478c1f06?s=96&d=mm&r=g","url":"https:\/\/secure.gravatar.com\/avatar\/0dbbfc45970cc46bcd0e57766228574ff3511d6eed045b182f536f0f478c1f06?s=96&d=mm&r=g","contentUrl":"https:\/\/secure.gravatar.com\/avatar\/0dbbfc45970cc46bcd0e57766228574ff3511d6eed045b182f536f0f478c1f06?s=96&d=mm&r=g","caption":"Cristian Falabella NOTICIASMERCEDINAS.COM"},"description":"Periodista, editor de Noticias Mercedinas. Pas\u00f3 por varias redacciones y emprendimientos de prensa, en distintos formatos y \u00e9pocas. Se especializ\u00f3 --y sigue haci\u00e9ndolo-- en comunicaci\u00f3n en la web y en junio de 2006 fund\u00f3 este diario digital.","sameAs":["https:\/\/noticiasmercedinas.com","https:\/\/www.facebook.com\/cristian.falabella","https:\/\/www.instagram.com\/noticiasmercedinas\/","https:\/\/x.com\/https:\/\/twitter.com\/NOTMERCEDINAS"],"url":"https:\/\/noticiasmercedinas.com\/site\/author\/as000384\/"}]}},"amp_enabled":true,"_links":{"self":[{"href":"https:\/\/noticiasmercedinas.com\/site\/wp-json\/wp\/v2\/posts\/46583","targetHints":{"allow":["GET"]}}],"collection":[{"href":"https:\/\/noticiasmercedinas.com\/site\/wp-json\/wp\/v2\/posts"}],"about":[{"href":"https:\/\/noticiasmercedinas.com\/site\/wp-json\/wp\/v2\/types\/post"}],"author":[{"embeddable":true,"href":"https:\/\/noticiasmercedinas.com\/site\/wp-json\/wp\/v2\/users\/2"}],"replies":[{"embeddable":true,"href":"https:\/\/noticiasmercedinas.com\/site\/wp-json\/wp\/v2\/comments?post=46583"}],"version-history":[{"count":1,"href":"https:\/\/noticiasmercedinas.com\/site\/wp-json\/wp\/v2\/posts\/46583\/revisions"}],"predecessor-version":[{"id":46585,"href":"https:\/\/noticiasmercedinas.com\/site\/wp-json\/wp\/v2\/posts\/46583\/revisions\/46585"}],"wp:featuredmedia":[{"embeddable":true,"href":"https:\/\/noticiasmercedinas.com\/site\/wp-json\/wp\/v2\/media\/46584"}],"wp:attachment":[{"href":"https:\/\/noticiasmercedinas.com\/site\/wp-json\/wp\/v2\/media?parent=46583"}],"wp:term":[{"taxonomy":"category","embeddable":true,"href":"https:\/\/noticiasmercedinas.com\/site\/wp-json\/wp\/v2\/categories?post=46583"},{"taxonomy":"post_tag","embeddable":true,"href":"https:\/\/noticiasmercedinas.com\/site\/wp-json\/wp\/v2\/tags?post=46583"}],"curies":[{"name":"wp","href":"https:\/\/api.w.org\/{rel}","templated":true}]}}