{"id":46878,"date":"2020-06-15T12:46:06","date_gmt":"2020-06-15T15:46:06","guid":{"rendered":"https:\/\/noticiasmercedinas.com\/site\/?p=46878"},"modified":"2020-06-15T13:41:50","modified_gmt":"2020-06-15T16:41:50","slug":"docentes-no-avalan-retorno-a-las-escuelas-y-piden-ser-consultados","status":"publish","type":"post","link":"https:\/\/noticiasmercedinas.com\/site\/2020\/06\/15\/docentes-no-avalan-retorno-a-las-escuelas-y-piden-ser-consultados\/","title":{"rendered":"Docentes no avalan retorno a las escuelas y piden ser consultados"},"content":{"rendered":"<p><img loading=\"lazy\" decoding=\"async\" class=\"alignnone size-full wp-image-46879\" src=\"https:\/\/noticiasmercedinas.com\/site\/wp-content\/uploads\/2020\/06\/phpThumb_generated_thumbnail.jpeg\" alt=\"\" width=\"640\" height=\"360\" srcset=\"https:\/\/noticiasmercedinas.com\/site\/wp-content\/uploads\/2020\/06\/phpThumb_generated_thumbnail.jpeg 640w, https:\/\/noticiasmercedinas.com\/site\/wp-content\/uploads\/2020\/06\/phpThumb_generated_thumbnail-300x169.jpeg 300w\" sizes=\"auto, (max-width: 640px) 100vw, 640px\" \/><\/p>\n<p>Desde la Uni\u00f3n Educadores Bonaerenses de Mercedes dieron a conocer su postura, tras una reciente publicaci\u00f3n period\u00edstica efectuada en la que se habla de un supuesto proyecto piloto para el retorno de clases. Lamentan no ser haber sido consultados y manifiestan su desacuerdo, entre otros puntos.<\/p>\n<p>Lo que los docentes plantean es lo siguiente:<\/p>\n<p><em>Ante la publicaci\u00f3n en Semanario local sobre la idea de que Mercedes sea parte de un proyecto piloto de retorno a las escuela, UEB MERCEDES aclara los siguientes aspectos:<\/em><\/p>\n<p><em>1) No han existido en todo el periodo de cuarentena reuniones de UEGD, ni en forma presencial ni tampoco virtual. Por lo tanto, jam\u00e1s se ha puesto ha consideraci\u00f3n de los representantes de los docentes acciones tendientes a que esto pueda llevarse a cabo.<\/em><\/p>\n<p><em>2) Cualquier acci\u00f3n que se pretenda realizar en el aspecto mencionado debe tener el consenso de los diferentes actores del sistema educativo.<\/em><\/p>\n<p><em>3) Que en ning\u00fan caso avaleremos el retorno a las escuelas sin garant\u00edas de que los protocolos de seguridad e higiene deban llevarse a cabo.<\/em><\/p>\n<p><em>Solicitamos que ante la implementaci\u00f3n de cualquier medida, sean consultados profesionales de la salud para poder dar seguridad a quienes tengan que desempe\u00f1arse en las aulas.<\/em><\/p>\n<p><em>Exigimos as\u00ed mismo la inmediata puesta en funcionamiento de la COMISASEP (Comisi\u00f3n Mixta de Seguridad e Higiene en el Empleo P\u00fablico)<\/em><\/p>\n<p><em>De ninguna manera permitiremos que docentes, auxiliares, alumnos y familias sean tomados como conejitos de indias, en escuelas donde las mejoras en infraestructura y provisi\u00f3n de elementos de higiene y sanitizaci\u00f3n no pasan de meras promesas.<\/em><\/p>\n<p><em>COMISI\u00d3N DIRECTIVA<\/em><br \/>\n<em>UEB MERCEDES<\/em><\/p>\n","protected":false},"excerpt":{"rendered":"<p>Desde la Uni\u00f3n Educadores Bonaerenses de Mercedes dieron a conocer su postura, tras una reciente publicaci\u00f3n period\u00edstica efectuada en la que se habla de un supuesto proyecto piloto para el retorno de clases. Lamentan no ser haber sido consultados y manifiestan su desacuerdo, entre otros puntos. Lo que los docentes plantean es lo siguiente: Ante [&hellip;]<\/p>\n","protected":false},"author":2,"featured_media":46879,"comment_status":"open","ping_status":"open","sticky":false,"template":"","format":"standard","meta":{"footnotes":""},"categories":[3],"tags":[3196,38,18,8663,2738],"class_list":["post-46878","post","type-post","status-publish","format-standard","has-post-thumbnail","hentry","category-sociedad","tag-clases","tag-educacion","tag-escuelas","tag-pandemia","tag-union-educadores-bonaerenses"],"yoast_head":"<!-- This site is optimized with the Yoast SEO plugin v27.4 - https:\/\/yoast.com\/product\/yoast-seo-wordpress\/ -->\n<title>Docentes no avalan retorno a las escuelas y piden ser consultados<\/title>\n<meta name=\"robots\" content=\"index, follow, max-snippet:-1, max-image-preview:large, max-video-preview:-1\" \/>\n<link rel=\"canonical\" href=\"https:\/\/noticiasmercedinas.com\/site\/2020\/06\/15\/docentes-no-avalan-retorno-a-las-escuelas-y-piden-ser-consultados\/\" \/>\n<meta property=\"og:locale\" content=\"es_ES\" \/>\n<meta property=\"og:type\" content=\"article\" \/>\n<meta property=\"og:title\" content=\"Docentes no avalan retorno a las escuelas y piden ser consultados\" \/>\n<meta property=\"og:description\" content=\"Desde la Uni\u00f3n Educadores Bonaerenses de Mercedes dieron a conocer su postura, tras una reciente publicaci\u00f3n period\u00edstica efectuada en la que se habla de un supuesto proyecto piloto para el retorno de clases. Lamentan no ser haber sido consultados y manifiestan su desacuerdo, entre otros puntos. Lo que los docentes plantean es lo siguiente: Ante [&hellip;]\" \/>\n<meta property=\"og:url\" content=\"https:\/\/noticiasmercedinas.com\/site\/2020\/06\/15\/docentes-no-avalan-retorno-a-las-escuelas-y-piden-ser-consultados\/\" \/>\n<meta property=\"og:site_name\" content=\"NOTICIASMERCEDINAS.COM\" \/>\n<meta property=\"article:publisher\" content=\"https:\/\/www.facebook.com\/noticiasmercedinas\/\" \/>\n<meta property=\"article:author\" content=\"https:\/\/www.facebook.com\/cristian.falabella\" \/>\n<meta property=\"article:published_time\" content=\"2020-06-15T15:46:06+00:00\" \/>\n<meta property=\"article:modified_time\" content=\"2020-06-15T16:41:50+00:00\" \/>\n<meta property=\"og:image\" content=\"https:\/\/noticiasmercedinas.com\/site\/wp-content\/uploads\/2020\/06\/phpThumb_generated_thumbnail.jpeg\" \/>\n\t<meta property=\"og:image:width\" content=\"640\" \/>\n\t<meta property=\"og:image:height\" content=\"360\" \/>\n\t<meta property=\"og:image:type\" content=\"image\/jpeg\" \/>\n<meta name=\"author\" content=\"Cristian Falabella NOTICIASMERCEDINAS.COM\" \/>\n<meta name=\"twitter:card\" content=\"summary_large_image\" \/>\n<meta name=\"twitter:creator\" content=\"@https:\/\/twitter.com\/NOTMERCEDINAS\" \/>\n<meta name=\"twitter:site\" content=\"@notmercedinas\" \/>\n<meta name=\"twitter:label1\" content=\"Escrito por\" \/>\n\t<meta name=\"twitter:data1\" content=\"Cristian Falabella NOTICIASMERCEDINAS.COM\" \/>\n\t<meta name=\"twitter:label2\" content=\"Tiempo de lectura\" \/>\n\t<meta name=\"twitter:data2\" content=\"1 minuto\" \/>\n<script type=\"application\/ld+json\" class=\"yoast-schema-graph\">{\"@context\":\"https:\\\/\\\/schema.org\",\"@graph\":[{\"@type\":\"Article\",\"@id\":\"https:\\\/\\\/noticiasmercedinas.com\\\/site\\\/2020\\\/06\\\/15\\\/docentes-no-avalan-retorno-a-las-escuelas-y-piden-ser-consultados\\\/#article\",\"isPartOf\":{\"@id\":\"https:\\\/\\\/noticiasmercedinas.com\\\/site\\\/2020\\\/06\\\/15\\\/docentes-no-avalan-retorno-a-las-escuelas-y-piden-ser-consultados\\\/\"},\"author\":{\"name\":\"Cristian Falabella NOTICIASMERCEDINAS.COM\",\"@id\":\"https:\\\/\\\/noticiasmercedinas.com\\\/site\\\/#\\\/schema\\\/person\\\/d481a9696a5feaec13a60e2bbd991a6a\"},\"headline\":\"Docentes no avalan retorno a las escuelas y piden ser consultados\",\"datePublished\":\"2020-06-15T15:46:06+00:00\",\"dateModified\":\"2020-06-15T16:41:50+00:00\",\"mainEntityOfPage\":{\"@id\":\"https:\\\/\\\/noticiasmercedinas.com\\\/site\\\/2020\\\/06\\\/15\\\/docentes-no-avalan-retorno-a-las-escuelas-y-piden-ser-consultados\\\/\"},\"wordCount\":285,\"commentCount\":0,\"publisher\":{\"@id\":\"https:\\\/\\\/noticiasmercedinas.com\\\/site\\\/#organization\"},\"image\":{\"@id\":\"https:\\\/\\\/noticiasmercedinas.com\\\/site\\\/2020\\\/06\\\/15\\\/docentes-no-avalan-retorno-a-las-escuelas-y-piden-ser-consultados\\\/#primaryimage\"},\"thumbnailUrl\":\"https:\\\/\\\/noticiasmercedinas.com\\\/site\\\/wp-content\\\/uploads\\\/2020\\\/06\\\/phpThumb_generated_thumbnail.jpeg\",\"keywords\":[\"clases\",\"educacion\",\"escuelas\",\"pandemia\",\"union educadores bonaerenses\"],\"articleSection\":[\"Sociedad\"],\"inLanguage\":\"es\",\"potentialAction\":[{\"@type\":\"CommentAction\",\"name\":\"Comment\",\"target\":[\"https:\\\/\\\/noticiasmercedinas.com\\\/site\\\/2020\\\/06\\\/15\\\/docentes-no-avalan-retorno-a-las-escuelas-y-piden-ser-consultados\\\/#respond\"]}]},{\"@type\":\"WebPage\",\"@id\":\"https:\\\/\\\/noticiasmercedinas.com\\\/site\\\/2020\\\/06\\\/15\\\/docentes-no-avalan-retorno-a-las-escuelas-y-piden-ser-consultados\\\/\",\"url\":\"https:\\\/\\\/noticiasmercedinas.com\\\/site\\\/2020\\\/06\\\/15\\\/docentes-no-avalan-retorno-a-las-escuelas-y-piden-ser-consultados\\\/\",\"name\":\"Docentes no avalan retorno a las escuelas y piden ser consultados\",\"isPartOf\":{\"@id\":\"https:\\\/\\\/noticiasmercedinas.com\\\/site\\\/#website\"},\"primaryImageOfPage\":{\"@id\":\"https:\\\/\\\/noticiasmercedinas.com\\\/site\\\/2020\\\/06\\\/15\\\/docentes-no-avalan-retorno-a-las-escuelas-y-piden-ser-consultados\\\/#primaryimage\"},\"image\":{\"@id\":\"https:\\\/\\\/noticiasmercedinas.com\\\/site\\\/2020\\\/06\\\/15\\\/docentes-no-avalan-retorno-a-las-escuelas-y-piden-ser-consultados\\\/#primaryimage\"},\"thumbnailUrl\":\"https:\\\/\\\/noticiasmercedinas.com\\\/site\\\/wp-content\\\/uploads\\\/2020\\\/06\\\/phpThumb_generated_thumbnail.jpeg\",\"datePublished\":\"2020-06-15T15:46:06+00:00\",\"dateModified\":\"2020-06-15T16:41:50+00:00\",\"breadcrumb\":{\"@id\":\"https:\\\/\\\/noticiasmercedinas.com\\\/site\\\/2020\\\/06\\\/15\\\/docentes-no-avalan-retorno-a-las-escuelas-y-piden-ser-consultados\\\/#breadcrumb\"},\"inLanguage\":\"es\",\"potentialAction\":[{\"@type\":\"ReadAction\",\"target\":[\"https:\\\/\\\/noticiasmercedinas.com\\\/site\\\/2020\\\/06\\\/15\\\/docentes-no-avalan-retorno-a-las-escuelas-y-piden-ser-consultados\\\/\"]}]},{\"@type\":\"ImageObject\",\"inLanguage\":\"es\",\"@id\":\"https:\\\/\\\/noticiasmercedinas.com\\\/site\\\/2020\\\/06\\\/15\\\/docentes-no-avalan-retorno-a-las-escuelas-y-piden-ser-consultados\\\/#primaryimage\",\"url\":\"https:\\\/\\\/noticiasmercedinas.com\\\/site\\\/wp-content\\\/uploads\\\/2020\\\/06\\\/phpThumb_generated_thumbnail.jpeg\",\"contentUrl\":\"https:\\\/\\\/noticiasmercedinas.com\\\/site\\\/wp-content\\\/uploads\\\/2020\\\/06\\\/phpThumb_generated_thumbnail.jpeg\",\"width\":640,\"height\":360},{\"@type\":\"BreadcrumbList\",\"@id\":\"https:\\\/\\\/noticiasmercedinas.com\\\/site\\\/2020\\\/06\\\/15\\\/docentes-no-avalan-retorno-a-las-escuelas-y-piden-ser-consultados\\\/#breadcrumb\",\"itemListElement\":[{\"@type\":\"ListItem\",\"position\":1,\"name\":\"Portada\",\"item\":\"https:\\\/\\\/noticiasmercedinas.com\\\/site\\\/\"},{\"@type\":\"ListItem\",\"position\":2,\"name\":\"Docentes no avalan retorno a las escuelas y piden ser consultados\"}]},{\"@type\":\"WebSite\",\"@id\":\"https:\\\/\\\/noticiasmercedinas.com\\\/site\\\/#website\",\"url\":\"https:\\\/\\\/noticiasmercedinas.com\\\/site\\\/\",\"name\":\"NOTICIASMERCEDINAS.COM\",\"description\":\"Mercedes, Buenos Aires, Argentina\",\"publisher\":{\"@id\":\"https:\\\/\\\/noticiasmercedinas.com\\\/site\\\/#organization\"},\"potentialAction\":[{\"@type\":\"SearchAction\",\"target\":{\"@type\":\"EntryPoint\",\"urlTemplate\":\"https:\\\/\\\/noticiasmercedinas.com\\\/site\\\/?s={search_term_string}\"},\"query-input\":{\"@type\":\"PropertyValueSpecification\",\"valueRequired\":true,\"valueName\":\"search_term_string\"}}],\"inLanguage\":\"es\"},{\"@type\":\"Organization\",\"@id\":\"https:\\\/\\\/noticiasmercedinas.com\\\/site\\\/#organization\",\"name\":\"NOTICIASMERCEDINAS.COM\",\"url\":\"https:\\\/\\\/noticiasmercedinas.com\\\/site\\\/\",\"logo\":{\"@type\":\"ImageObject\",\"inLanguage\":\"es\",\"@id\":\"https:\\\/\\\/noticiasmercedinas.com\\\/site\\\/#\\\/schema\\\/logo\\\/image\\\/\",\"url\":\"https:\\\/\\\/noticiasmercedinas.com\\\/site\\\/wp-content\\\/uploads\\\/2020\\\/06\\\/LOGO-512.jpg\",\"contentUrl\":\"https:\\\/\\\/noticiasmercedinas.com\\\/site\\\/wp-content\\\/uploads\\\/2020\\\/06\\\/LOGO-512.jpg\",\"width\":512,\"height\":512,\"caption\":\"NOTICIASMERCEDINAS.COM\"},\"image\":{\"@id\":\"https:\\\/\\\/noticiasmercedinas.com\\\/site\\\/#\\\/schema\\\/logo\\\/image\\\/\"},\"sameAs\":[\"https:\\\/\\\/www.facebook.com\\\/noticiasmercedinas\\\/\",\"https:\\\/\\\/x.com\\\/notmercedinas\",\"https:\\\/\\\/www.instagram.com\\\/noticiasmercedinas\\\/\"]},{\"@type\":\"Person\",\"@id\":\"https:\\\/\\\/noticiasmercedinas.com\\\/site\\\/#\\\/schema\\\/person\\\/d481a9696a5feaec13a60e2bbd991a6a\",\"name\":\"Cristian Falabella NOTICIASMERCEDINAS.COM\",\"image\":{\"@type\":\"ImageObject\",\"inLanguage\":\"es\",\"@id\":\"https:\\\/\\\/secure.gravatar.com\\\/avatar\\\/0dbbfc45970cc46bcd0e57766228574ff3511d6eed045b182f536f0f478c1f06?s=96&d=mm&r=g\",\"url\":\"https:\\\/\\\/secure.gravatar.com\\\/avatar\\\/0dbbfc45970cc46bcd0e57766228574ff3511d6eed045b182f536f0f478c1f06?s=96&d=mm&r=g\",\"contentUrl\":\"https:\\\/\\\/secure.gravatar.com\\\/avatar\\\/0dbbfc45970cc46bcd0e57766228574ff3511d6eed045b182f536f0f478c1f06?s=96&d=mm&r=g\",\"caption\":\"Cristian Falabella NOTICIASMERCEDINAS.COM\"},\"description\":\"Periodista, editor de Noticias Mercedinas. Pas\u00f3 por varias redacciones y emprendimientos de prensa, en distintos formatos y \u00e9pocas. Se especializ\u00f3 --y sigue haci\u00e9ndolo-- en comunicaci\u00f3n en la web y en junio de 2006 fund\u00f3 este diario digital.\",\"sameAs\":[\"https:\\\/\\\/noticiasmercedinas.com\",\"https:\\\/\\\/www.facebook.com\\\/cristian.falabella\",\"https:\\\/\\\/www.instagram.com\\\/noticiasmercedinas\\\/\",\"https:\\\/\\\/x.com\\\/https:\\\/\\\/twitter.com\\\/NOTMERCEDINAS\"],\"url\":\"https:\\\/\\\/noticiasmercedinas.com\\\/site\\\/author\\\/as000384\\\/\"}]}<\/script>\n<!-- \/ Yoast SEO plugin. -->","yoast_head_json":{"title":"Docentes no avalan retorno a las escuelas y piden ser consultados","robots":{"index":"index","follow":"follow","max-snippet":"max-snippet:-1","max-image-preview":"max-image-preview:large","max-video-preview":"max-video-preview:-1"},"canonical":"https:\/\/noticiasmercedinas.com\/site\/2020\/06\/15\/docentes-no-avalan-retorno-a-las-escuelas-y-piden-ser-consultados\/","og_locale":"es_ES","og_type":"article","og_title":"Docentes no avalan retorno a las escuelas y piden ser consultados","og_description":"Desde la Uni\u00f3n Educadores Bonaerenses de Mercedes dieron a conocer su postura, tras una reciente publicaci\u00f3n period\u00edstica efectuada en la que se habla de un supuesto proyecto piloto para el retorno de clases. Lamentan no ser haber sido consultados y manifiestan su desacuerdo, entre otros puntos. Lo que los docentes plantean es lo siguiente: Ante [&hellip;]","og_url":"https:\/\/noticiasmercedinas.com\/site\/2020\/06\/15\/docentes-no-avalan-retorno-a-las-escuelas-y-piden-ser-consultados\/","og_site_name":"NOTICIASMERCEDINAS.COM","article_publisher":"https:\/\/www.facebook.com\/noticiasmercedinas\/","article_author":"https:\/\/www.facebook.com\/cristian.falabella","article_published_time":"2020-06-15T15:46:06+00:00","article_modified_time":"2020-06-15T16:41:50+00:00","og_image":[{"width":640,"height":360,"url":"https:\/\/noticiasmercedinas.com\/site\/wp-content\/uploads\/2020\/06\/phpThumb_generated_thumbnail.jpeg","type":"image\/jpeg"}],"author":"Cristian Falabella NOTICIASMERCEDINAS.COM","twitter_card":"summary_large_image","twitter_creator":"@https:\/\/twitter.com\/NOTMERCEDINAS","twitter_site":"@notmercedinas","twitter_misc":{"Escrito por":"Cristian Falabella NOTICIASMERCEDINAS.COM","Tiempo de lectura":"1 minuto"},"schema":{"@context":"https:\/\/schema.org","@graph":[{"@type":"Article","@id":"https:\/\/noticiasmercedinas.com\/site\/2020\/06\/15\/docentes-no-avalan-retorno-a-las-escuelas-y-piden-ser-consultados\/#article","isPartOf":{"@id":"https:\/\/noticiasmercedinas.com\/site\/2020\/06\/15\/docentes-no-avalan-retorno-a-las-escuelas-y-piden-ser-consultados\/"},"author":{"name":"Cristian Falabella NOTICIASMERCEDINAS.COM","@id":"https:\/\/noticiasmercedinas.com\/site\/#\/schema\/person\/d481a9696a5feaec13a60e2bbd991a6a"},"headline":"Docentes no avalan retorno a las escuelas y piden ser consultados","datePublished":"2020-06-15T15:46:06+00:00","dateModified":"2020-06-15T16:41:50+00:00","mainEntityOfPage":{"@id":"https:\/\/noticiasmercedinas.com\/site\/2020\/06\/15\/docentes-no-avalan-retorno-a-las-escuelas-y-piden-ser-consultados\/"},"wordCount":285,"commentCount":0,"publisher":{"@id":"https:\/\/noticiasmercedinas.com\/site\/#organization"},"image":{"@id":"https:\/\/noticiasmercedinas.com\/site\/2020\/06\/15\/docentes-no-avalan-retorno-a-las-escuelas-y-piden-ser-consultados\/#primaryimage"},"thumbnailUrl":"https:\/\/noticiasmercedinas.com\/site\/wp-content\/uploads\/2020\/06\/phpThumb_generated_thumbnail.jpeg","keywords":["clases","educacion","escuelas","pandemia","union educadores bonaerenses"],"articleSection":["Sociedad"],"inLanguage":"es","potentialAction":[{"@type":"CommentAction","name":"Comment","target":["https:\/\/noticiasmercedinas.com\/site\/2020\/06\/15\/docentes-no-avalan-retorno-a-las-escuelas-y-piden-ser-consultados\/#respond"]}]},{"@type":"WebPage","@id":"https:\/\/noticiasmercedinas.com\/site\/2020\/06\/15\/docentes-no-avalan-retorno-a-las-escuelas-y-piden-ser-consultados\/","url":"https:\/\/noticiasmercedinas.com\/site\/2020\/06\/15\/docentes-no-avalan-retorno-a-las-escuelas-y-piden-ser-consultados\/","name":"Docentes no avalan retorno a las escuelas y piden ser consultados","isPartOf":{"@id":"https:\/\/noticiasmercedinas.com\/site\/#website"},"primaryImageOfPage":{"@id":"https:\/\/noticiasmercedinas.com\/site\/2020\/06\/15\/docentes-no-avalan-retorno-a-las-escuelas-y-piden-ser-consultados\/#primaryimage"},"image":{"@id":"https:\/\/noticiasmercedinas.com\/site\/2020\/06\/15\/docentes-no-avalan-retorno-a-las-escuelas-y-piden-ser-consultados\/#primaryimage"},"thumbnailUrl":"https:\/\/noticiasmercedinas.com\/site\/wp-content\/uploads\/2020\/06\/phpThumb_generated_thumbnail.jpeg","datePublished":"2020-06-15T15:46:06+00:00","dateModified":"2020-06-15T16:41:50+00:00","breadcrumb":{"@id":"https:\/\/noticiasmercedinas.com\/site\/2020\/06\/15\/docentes-no-avalan-retorno-a-las-escuelas-y-piden-ser-consultados\/#breadcrumb"},"inLanguage":"es","potentialAction":[{"@type":"ReadAction","target":["https:\/\/noticiasmercedinas.com\/site\/2020\/06\/15\/docentes-no-avalan-retorno-a-las-escuelas-y-piden-ser-consultados\/"]}]},{"@type":"ImageObject","inLanguage":"es","@id":"https:\/\/noticiasmercedinas.com\/site\/2020\/06\/15\/docentes-no-avalan-retorno-a-las-escuelas-y-piden-ser-consultados\/#primaryimage","url":"https:\/\/noticiasmercedinas.com\/site\/wp-content\/uploads\/2020\/06\/phpThumb_generated_thumbnail.jpeg","contentUrl":"https:\/\/noticiasmercedinas.com\/site\/wp-content\/uploads\/2020\/06\/phpThumb_generated_thumbnail.jpeg","width":640,"height":360},{"@type":"BreadcrumbList","@id":"https:\/\/noticiasmercedinas.com\/site\/2020\/06\/15\/docentes-no-avalan-retorno-a-las-escuelas-y-piden-ser-consultados\/#breadcrumb","itemListElement":[{"@type":"ListItem","position":1,"name":"Portada","item":"https:\/\/noticiasmercedinas.com\/site\/"},{"@type":"ListItem","position":2,"name":"Docentes no avalan retorno a las escuelas y piden ser consultados"}]},{"@type":"WebSite","@id":"https:\/\/noticiasmercedinas.com\/site\/#website","url":"https:\/\/noticiasmercedinas.com\/site\/","name":"NOTICIASMERCEDINAS.COM","description":"Mercedes, Buenos Aires, Argentina","publisher":{"@id":"https:\/\/noticiasmercedinas.com\/site\/#organization"},"potentialAction":[{"@type":"SearchAction","target":{"@type":"EntryPoint","urlTemplate":"https:\/\/noticiasmercedinas.com\/site\/?s={search_term_string}"},"query-input":{"@type":"PropertyValueSpecification","valueRequired":true,"valueName":"search_term_string"}}],"inLanguage":"es"},{"@type":"Organization","@id":"https:\/\/noticiasmercedinas.com\/site\/#organization","name":"NOTICIASMERCEDINAS.COM","url":"https:\/\/noticiasmercedinas.com\/site\/","logo":{"@type":"ImageObject","inLanguage":"es","@id":"https:\/\/noticiasmercedinas.com\/site\/#\/schema\/logo\/image\/","url":"https:\/\/noticiasmercedinas.com\/site\/wp-content\/uploads\/2020\/06\/LOGO-512.jpg","contentUrl":"https:\/\/noticiasmercedinas.com\/site\/wp-content\/uploads\/2020\/06\/LOGO-512.jpg","width":512,"height":512,"caption":"NOTICIASMERCEDINAS.COM"},"image":{"@id":"https:\/\/noticiasmercedinas.com\/site\/#\/schema\/logo\/image\/"},"sameAs":["https:\/\/www.facebook.com\/noticiasmercedinas\/","https:\/\/x.com\/notmercedinas","https:\/\/www.instagram.com\/noticiasmercedinas\/"]},{"@type":"Person","@id":"https:\/\/noticiasmercedinas.com\/site\/#\/schema\/person\/d481a9696a5feaec13a60e2bbd991a6a","name":"Cristian Falabella NOTICIASMERCEDINAS.COM","image":{"@type":"ImageObject","inLanguage":"es","@id":"https:\/\/secure.gravatar.com\/avatar\/0dbbfc45970cc46bcd0e57766228574ff3511d6eed045b182f536f0f478c1f06?s=96&d=mm&r=g","url":"https:\/\/secure.gravatar.com\/avatar\/0dbbfc45970cc46bcd0e57766228574ff3511d6eed045b182f536f0f478c1f06?s=96&d=mm&r=g","contentUrl":"https:\/\/secure.gravatar.com\/avatar\/0dbbfc45970cc46bcd0e57766228574ff3511d6eed045b182f536f0f478c1f06?s=96&d=mm&r=g","caption":"Cristian Falabella NOTICIASMERCEDINAS.COM"},"description":"Periodista, editor de Noticias Mercedinas. Pas\u00f3 por varias redacciones y emprendimientos de prensa, en distintos formatos y \u00e9pocas. Se especializ\u00f3 --y sigue haci\u00e9ndolo-- en comunicaci\u00f3n en la web y en junio de 2006 fund\u00f3 este diario digital.","sameAs":["https:\/\/noticiasmercedinas.com","https:\/\/www.facebook.com\/cristian.falabella","https:\/\/www.instagram.com\/noticiasmercedinas\/","https:\/\/x.com\/https:\/\/twitter.com\/NOTMERCEDINAS"],"url":"https:\/\/noticiasmercedinas.com\/site\/author\/as000384\/"}]}},"amp_enabled":true,"_links":{"self":[{"href":"https:\/\/noticiasmercedinas.com\/site\/wp-json\/wp\/v2\/posts\/46878","targetHints":{"allow":["GET"]}}],"collection":[{"href":"https:\/\/noticiasmercedinas.com\/site\/wp-json\/wp\/v2\/posts"}],"about":[{"href":"https:\/\/noticiasmercedinas.com\/site\/wp-json\/wp\/v2\/types\/post"}],"author":[{"embeddable":true,"href":"https:\/\/noticiasmercedinas.com\/site\/wp-json\/wp\/v2\/users\/2"}],"replies":[{"embeddable":true,"href":"https:\/\/noticiasmercedinas.com\/site\/wp-json\/wp\/v2\/comments?post=46878"}],"version-history":[{"count":1,"href":"https:\/\/noticiasmercedinas.com\/site\/wp-json\/wp\/v2\/posts\/46878\/revisions"}],"predecessor-version":[{"id":46880,"href":"https:\/\/noticiasmercedinas.com\/site\/wp-json\/wp\/v2\/posts\/46878\/revisions\/46880"}],"wp:featuredmedia":[{"embeddable":true,"href":"https:\/\/noticiasmercedinas.com\/site\/wp-json\/wp\/v2\/media\/46879"}],"wp:attachment":[{"href":"https:\/\/noticiasmercedinas.com\/site\/wp-json\/wp\/v2\/media?parent=46878"}],"wp:term":[{"taxonomy":"category","embeddable":true,"href":"https:\/\/noticiasmercedinas.com\/site\/wp-json\/wp\/v2\/categories?post=46878"},{"taxonomy":"post_tag","embeddable":true,"href":"https:\/\/noticiasmercedinas.com\/site\/wp-json\/wp\/v2\/tags?post=46878"}],"curies":[{"name":"wp","href":"https:\/\/api.w.org\/{rel}","templated":true}]}}