{"id":47099,"date":"2020-06-19T17:27:01","date_gmt":"2020-06-19T20:27:01","guid":{"rendered":"https:\/\/noticiasmercedinas.com\/site\/?p=47099"},"modified":"2020-06-19T17:32:39","modified_gmt":"2020-06-19T20:32:39","slug":"jovenes-y-aislamiento-social-diversas-estrategias-para-acompanarlos-desde-la-comuna","status":"publish","type":"post","link":"https:\/\/noticiasmercedinas.com\/site\/2020\/06\/19\/jovenes-y-aislamiento-social-diversas-estrategias-para-acompanarlos-desde-la-comuna\/","title":{"rendered":"J\u00f3venes y aislamiento social: diversas estrategias para acompa\u00f1arlos desde la comuna"},"content":{"rendered":"<p><img loading=\"lazy\" decoding=\"async\" class=\"alignnone wp-image-47104 size-full\" src=\"https:\/\/noticiasmercedinas.com\/site\/wp-content\/uploads\/2020\/06\/img-20200619-wa0051200294948.jpg\" width=\"720\" height=\"355\" srcset=\"https:\/\/noticiasmercedinas.com\/site\/wp-content\/uploads\/2020\/06\/img-20200619-wa0051200294948.jpg 720w, https:\/\/noticiasmercedinas.com\/site\/wp-content\/uploads\/2020\/06\/img-20200619-wa0051200294948-300x148.jpg 300w, https:\/\/noticiasmercedinas.com\/site\/wp-content\/uploads\/2020\/06\/img-20200619-wa0051200294948-640x316.jpg 640w, https:\/\/noticiasmercedinas.com\/site\/wp-content\/uploads\/2020\/06\/img-20200619-wa0051200294948-681x336.jpg 681w\" sizes=\"auto, (max-width: 720px) 100vw, 720px\" \/><\/p>\n<p>\u201cEste es un tema que nos compromete a trabajar nuevos horizontes\u201d, dijo la t\u00e9cnica <strong>Eugenia C\u00f3dega<\/strong>, a casi 100 d\u00edas de cuarentena, como responsable de la Subdirecci\u00f3n de Juventud del municipio, al ser consultada sobre el accionar de los j\u00f3venes y adolescentes en este contexto de aislamiento social.<\/p>\n<p>A poco de ir a un barrio a trabajar como parte de los Comit\u00e9 Operativo de Emergencia, junto a las \u00e1reas de Salud y Desarrollo Social (dentro de la cual est\u00e1 la Subdirecci\u00f3n de Juventud que coordina) C\u00f3dega reconoci\u00f3 que \u201cla realidad de este contexto es nueva\u201d, entrevistada por este medio, y enumer\u00f3 las acciones que tienen en marcha.<\/p>\n<p>\u201cTodos los d\u00edas se aprende algo con esta pandemia. Nos agarr\u00f3 a todos en un proceso de aprendizaje y en ese d\u00eda a d\u00eda vamos transmitiendo la informaci\u00f3n adecuada\u201d, sostuvo C\u00f3dega, remarcando que Juan Ustarroz es \u00abla cabeza de todo el gran trabajo que se hace todos los d\u00edas\u00bb.<\/p>\n<p>En este contexto, se\u00f1al\u00f3 que desde el \u00e1rea en un principio del aislamiento pidieron a la juventud que acompa\u00f1en a los adultos mayores, \u201cde su familia, de su barrio, de su cercan\u00eda\u201d: \u201cEntendemos que la poblaci\u00f3n de riesgo son los adultos mayores, por eso pedimos que sean los j\u00f3venes los promotores de poder concientizar y cuidarlos, haci\u00e9ndoles los mandados, llam\u00e1ndolos por tel\u00e9fono, teniendo una contenci\u00f3n psicol\u00f3gica y de afectos. En este momento los adultos mayores est\u00e1n privados de salir y eso les genera angustia, sabemos que a esta poblaci\u00f3n de adultos mayores estar encerrados los afecta. Les pedimos este acompa\u00f1amiento a las juventudes para que contengan, llamen a estas personas mayores para que se sientan acompa\u00f1adas. Ese fue el primer mensaje que largamos en articulaci\u00f3n con la direcci\u00f3n de Adultos Mayores, e hicimos flyers con preguntas para saber si hab\u00edan llamado a sus abuelos y adultos mayores. Transmitimos a las juventudes por las redes y con los programas que tenemos, en grupos de wasap con centros de estudiantes y egresados\u201d, dijo la funcionaria.<\/p>\n<p><img loading=\"lazy\" decoding=\"async\" class=\"alignnone wp-image-47105 size-full\" src=\"https:\/\/noticiasmercedinas.com\/site\/wp-content\/uploads\/2020\/06\/img-20200619-wa0049-1242428233.jpg\" width=\"715\" height=\"317\" srcset=\"https:\/\/noticiasmercedinas.com\/site\/wp-content\/uploads\/2020\/06\/img-20200619-wa0049-1242428233.jpg 715w, https:\/\/noticiasmercedinas.com\/site\/wp-content\/uploads\/2020\/06\/img-20200619-wa0049-1242428233-300x133.jpg 300w, https:\/\/noticiasmercedinas.com\/site\/wp-content\/uploads\/2020\/06\/img-20200619-wa0049-1242428233-640x284.jpg 640w, https:\/\/noticiasmercedinas.com\/site\/wp-content\/uploads\/2020\/06\/img-20200619-wa0049-1242428233-681x302.jpg 681w\" sizes=\"auto, (max-width: 715px) 100vw, 715px\" \/><\/p>\n<p>En una siguiente etapa, cuando hubo nuevos casos confirmados, decidieron empezar a ver qu\u00e9 es lo que m\u00e1s les cuesta privarse a los j\u00f3venes: \u201cEl mate y el cigarrillo que se comparten, que son canales de transmisi\u00f3n. Pedimos que no se comparta el mate ni las bebidas en ronda. La juventud est\u00e1 acostumbrada a juntarse y compartir. Y no se pueden juntar, pero si lo hacen un d\u00eda en la vereda no deben compartir el mate ni prenderse los cigarrillos entre ellos. El mate, sabemos, fue un canal de contagio de los casos que tenemos en Mercedes\u201d, puntualiz\u00f3 C\u00f3dega.<\/p>\n<p>Asimismo, indic\u00f3 que tambi\u00e9n trabajan desde el \u00e1rea de Juventud con toda la parte que tiene que ver con voluntariados en acciones solidarias, incluso en el Comit\u00e9 Operativo de Emergencia, que integran, \u201cdonde se suman a participar y dar una mano, con un compromiso social, no solamente militante. Hay j\u00f3venes que no pertenecen a ning\u00fan partido y se quieren sumar y acompa\u00f1ar\u201d: \u201cEn barrio La Amistad se sumaron j\u00f3venes del propio barrio a encuestar y luego terminaron yendo a otros barrios a dar una mano. Hay compromiso comunitario\u201d, remarc\u00f3 C\u00f3dega.<\/p>\n<p><img loading=\"lazy\" decoding=\"async\" class=\"alignnone wp-image-47106 size-full\" src=\"https:\/\/noticiasmercedinas.com\/site\/wp-content\/uploads\/2020\/06\/img-20200619-wa0048897793770.jpg\" width=\"720\" height=\"700\" srcset=\"https:\/\/noticiasmercedinas.com\/site\/wp-content\/uploads\/2020\/06\/img-20200619-wa0048897793770.jpg 720w, https:\/\/noticiasmercedinas.com\/site\/wp-content\/uploads\/2020\/06\/img-20200619-wa0048897793770-300x292.jpg 300w, https:\/\/noticiasmercedinas.com\/site\/wp-content\/uploads\/2020\/06\/img-20200619-wa0048897793770-640x622.jpg 640w, https:\/\/noticiasmercedinas.com\/site\/wp-content\/uploads\/2020\/06\/img-20200619-wa0048897793770-681x662.jpg 681w\" sizes=\"auto, (max-width: 720px) 100vw, 720px\" \/><\/p>\n<p>Adem\u00e1s llam\u00f3 a \u201cconcientizar entre amigos\u201d sobre conductas que favorezcan a todos: \u201cNo se pueden hacer juntadas ni fiestas, hay una situaci\u00f3n compleja sobre todo con el \u00faltimo a\u00f1o de estudiantes secundarios que est\u00e1 esperando celebrar su egreso. Pudieron festejar el UPD, pero tienen el d\u00eda del amigo, el de la primavera, el viaje a Bariloche, los egresos\u201d, reconoci\u00f3 C\u00f3dega. \u201cHablamos muchos con los padres para ver c\u00f3mo la est\u00e1n llevando y en nuestro Instagram tenemos contacto permanente\u201d, dijo.<\/p>\n<p>Tambi\u00e9n coment\u00f3 que desde el \u00e1rea de Juventud est\u00e1n trabajando para pensar alguna alternativa de poder lograr que tengan un espacio para expresar esta situaci\u00f3n, a medida que pasa el tiempo. \u201cNo los vamos a abandonar. Juventud tiene un trabajo permanente con estudiantes secundarios y juventudes, y con esta pandemia hay temas que tuvimos que cancelar y desde lo virtual estamos generando espacios de su inter\u00e9s. Por el tema rap, por ejemplo, estamos haciendo grabar videos rapeando frente a la pandemia, concientizando. Con el programa Envi\u00f3n de barrio San Mart\u00edn y Marchetti llegamos a m\u00e1s de 200 j\u00f3venes, y hay tutores que los acompa\u00f1an a llevar lo mejor posible todo esto\u201d, se\u00f1al\u00f3 C\u00f3dega y agreg\u00f3 que desde la comuna forman parte de programas de acompa\u00f1amiento y educaci\u00f3n como el ProEBa, con el que \u201cse acompa\u00f1a a familias y j\u00f3venes para estar al d\u00eda en las tareas\u201d. \u201cAdem\u00e1s estamos preparando los centros comunitarios para quienes no tienen conectividad y poder ayudarlos con la continuidad pedag\u00f3gica\u201d, dijo.<\/p>\n<p><img loading=\"lazy\" decoding=\"async\" class=\"failed alignnone wp-image-47112 size-full\" src=\"https:\/\/noticiasmercedinas.com\/site\/wp-content\/uploads\/2020\/06\/img_20200619_1720081597098618.jpg\" width=\"720\" height=\"460\" srcset=\"https:\/\/noticiasmercedinas.com\/site\/wp-content\/uploads\/2020\/06\/img_20200619_1720081597098618.jpg 720w, https:\/\/noticiasmercedinas.com\/site\/wp-content\/uploads\/2020\/06\/img_20200619_1720081597098618-300x192.jpg 300w, https:\/\/noticiasmercedinas.com\/site\/wp-content\/uploads\/2020\/06\/img_20200619_1720081597098618-640x409.jpg 640w, https:\/\/noticiasmercedinas.com\/site\/wp-content\/uploads\/2020\/06\/img_20200619_1720081597098618-681x435.jpg 681w\" sizes=\"auto, (max-width: 720px) 100vw, 720px\" \/><\/p>\n<p>Por otra parte, consultada sobre su opini\u00f3n en cuanto a los incumplimientos de la cuarentena y sus consecuencias, indic\u00f3: \u201cNo creo que sea una cuesti\u00f3n exclusivamente de los j\u00f3venes, no quiero sectorizar y estigmatizar a la poblaci\u00f3n. Pero si nosotros vemos un Twitter que incentiva al incumplimiento de la cuarentena, o nos avisan de ello, intervenimos. Hablamos desde las redes. Somos conscientes de que no se pueden juntar en las casas, y no es nuestro mensaje que salgan a divertirse\u201d.<\/p>\n<p>Y a la hora de puntualizar sobre el trabajo que realizan en los COE, que coordina Fernando Mass\u00f3n, dijo: \u201cDesde nuestra \u00e1rea se preguntan muchas cosas, entre ellas si los j\u00f3venes est\u00e1n haciendo las tareas, si tienen problemas con la escuela en cuanto a informaci\u00f3n, casa por casa preguntamos sobre violencia de g\u00e9nero en la familia e intervenimos, al igual que sucede en discapacidad y temas alimentarios\u201d.<\/p>\n<p>Por \u00faltimo quiso \u00abagradecer nuestro intendente, Juan Ignacio Ustarroz, la importancia que le brinda a las juventudes\u00bb: \u00abHemos construido programas de gran alcance en materia juvenil durante estos 4 a\u00f1os y seguiremos trabajando por lo que falta\u00bb, dijo.<\/p>\n<p><img loading=\"lazy\" decoding=\"async\" src=\"https:\/\/noticiasmercedinas.com\/site\/wp-content\/uploads\/2020\/06\/img-20200619-wa0052890073640.jpg\" class=\"alignnone size-full wp-image-47114\" width=\"614\" height=\"440\" srcset=\"https:\/\/noticiasmercedinas.com\/site\/wp-content\/uploads\/2020\/06\/img-20200619-wa0052890073640.jpg 614w, https:\/\/noticiasmercedinas.com\/site\/wp-content\/uploads\/2020\/06\/img-20200619-wa0052890073640-300x215.jpg 300w\" sizes=\"auto, (max-width: 614px) 100vw, 614px\" \/><\/p>\n","protected":false},"excerpt":{"rendered":"<p>\u201cEste es un tema que nos compromete a trabajar nuevos horizontes\u201d, dijo la t\u00e9cnica Eugenia C\u00f3dega, a casi 100 d\u00edas de cuarentena, como responsable de la Subdirecci\u00f3n de Juventud del municipio, al ser consultada sobre el accionar de los j\u00f3venes y adolescentes en este contexto de aislamiento social. A poco de ir a un barrio [&hellip;]<\/p>\n","protected":false},"author":2,"featured_media":47112,"comment_status":"open","ping_status":"open","sticky":false,"template":"","format":"standard","meta":{"footnotes":""},"categories":[10],"tags":[8392,1806,154,8663],"class_list":["post-47099","post","type-post","status-publish","format-standard","has-post-thumbnail","hentry","category-especiales","tag-coronavirus","tag-eugenia-codega","tag-juventud","tag-pandemia"],"yoast_head":"<!-- This site is optimized with the Yoast SEO plugin v27.4 - https:\/\/yoast.com\/product\/yoast-seo-wordpress\/ -->\n<title>J\u00f3venes y aislamiento social: diversas estrategias para acompa\u00f1arlos desde la comuna<\/title>\n<meta name=\"robots\" content=\"index, follow, max-snippet:-1, max-image-preview:large, max-video-preview:-1\" \/>\n<link rel=\"canonical\" href=\"https:\/\/noticiasmercedinas.com\/site\/2020\/06\/19\/jovenes-y-aislamiento-social-diversas-estrategias-para-acompanarlos-desde-la-comuna\/\" \/>\n<meta property=\"og:locale\" content=\"es_ES\" \/>\n<meta property=\"og:type\" content=\"article\" \/>\n<meta property=\"og:title\" content=\"J\u00f3venes y aislamiento social: diversas estrategias para acompa\u00f1arlos desde la comuna\" \/>\n<meta property=\"og:description\" content=\"\u201cEste es un tema que nos compromete a trabajar nuevos horizontes\u201d, dijo la t\u00e9cnica Eugenia C\u00f3dega, a casi 100 d\u00edas de cuarentena, como responsable de la Subdirecci\u00f3n de Juventud del municipio, al ser consultada sobre el accionar de los j\u00f3venes y adolescentes en este contexto de aislamiento social. A poco de ir a un barrio [&hellip;]\" \/>\n<meta property=\"og:url\" content=\"https:\/\/noticiasmercedinas.com\/site\/2020\/06\/19\/jovenes-y-aislamiento-social-diversas-estrategias-para-acompanarlos-desde-la-comuna\/\" \/>\n<meta property=\"og:site_name\" content=\"NOTICIASMERCEDINAS.COM\" \/>\n<meta property=\"article:publisher\" content=\"https:\/\/www.facebook.com\/noticiasmercedinas\/\" \/>\n<meta property=\"article:author\" content=\"https:\/\/www.facebook.com\/cristian.falabella\" \/>\n<meta property=\"article:published_time\" content=\"2020-06-19T20:27:01+00:00\" \/>\n<meta property=\"article:modified_time\" content=\"2020-06-19T20:32:39+00:00\" \/>\n<meta property=\"og:image\" content=\"https:\/\/noticiasmercedinas.com\/site\/wp-content\/uploads\/2020\/06\/img_20200619_1720081597098618.jpg\" \/>\n\t<meta property=\"og:image:width\" content=\"720\" \/>\n\t<meta property=\"og:image:height\" content=\"460\" \/>\n\t<meta property=\"og:image:type\" content=\"image\/jpeg\" \/>\n<meta name=\"author\" content=\"Cristian Falabella NOTICIASMERCEDINAS.COM\" \/>\n<meta name=\"twitter:card\" content=\"summary_large_image\" \/>\n<meta name=\"twitter:creator\" content=\"@https:\/\/twitter.com\/NOTMERCEDINAS\" \/>\n<meta name=\"twitter:site\" content=\"@notmercedinas\" \/>\n<meta name=\"twitter:label1\" content=\"Escrito por\" \/>\n\t<meta name=\"twitter:data1\" content=\"Cristian Falabella NOTICIASMERCEDINAS.COM\" \/>\n\t<meta name=\"twitter:label2\" content=\"Tiempo de lectura\" \/>\n\t<meta name=\"twitter:data2\" content=\"5 minutos\" \/>\n<script type=\"application\/ld+json\" class=\"yoast-schema-graph\">{\"@context\":\"https:\\\/\\\/schema.org\",\"@graph\":[{\"@type\":\"Article\",\"@id\":\"https:\\\/\\\/noticiasmercedinas.com\\\/site\\\/2020\\\/06\\\/19\\\/jovenes-y-aislamiento-social-diversas-estrategias-para-acompanarlos-desde-la-comuna\\\/#article\",\"isPartOf\":{\"@id\":\"https:\\\/\\\/noticiasmercedinas.com\\\/site\\\/2020\\\/06\\\/19\\\/jovenes-y-aislamiento-social-diversas-estrategias-para-acompanarlos-desde-la-comuna\\\/\"},\"author\":{\"name\":\"Cristian Falabella NOTICIASMERCEDINAS.COM\",\"@id\":\"https:\\\/\\\/noticiasmercedinas.com\\\/site\\\/#\\\/schema\\\/person\\\/d481a9696a5feaec13a60e2bbd991a6a\"},\"headline\":\"J\u00f3venes y aislamiento social: diversas estrategias para acompa\u00f1arlos desde la comuna\",\"datePublished\":\"2020-06-19T20:27:01+00:00\",\"dateModified\":\"2020-06-19T20:32:39+00:00\",\"mainEntityOfPage\":{\"@id\":\"https:\\\/\\\/noticiasmercedinas.com\\\/site\\\/2020\\\/06\\\/19\\\/jovenes-y-aislamiento-social-diversas-estrategias-para-acompanarlos-desde-la-comuna\\\/\"},\"wordCount\":1033,\"commentCount\":0,\"publisher\":{\"@id\":\"https:\\\/\\\/noticiasmercedinas.com\\\/site\\\/#organization\"},\"image\":{\"@id\":\"https:\\\/\\\/noticiasmercedinas.com\\\/site\\\/2020\\\/06\\\/19\\\/jovenes-y-aislamiento-social-diversas-estrategias-para-acompanarlos-desde-la-comuna\\\/#primaryimage\"},\"thumbnailUrl\":\"https:\\\/\\\/noticiasmercedinas.com\\\/site\\\/wp-content\\\/uploads\\\/2020\\\/06\\\/img_20200619_1720081597098618.jpg\",\"keywords\":[\"coronavirus\",\"eugenia codega\",\"juventud\",\"pandemia\"],\"articleSection\":[\"Covid-19\"],\"inLanguage\":\"es\",\"potentialAction\":[{\"@type\":\"CommentAction\",\"name\":\"Comment\",\"target\":[\"https:\\\/\\\/noticiasmercedinas.com\\\/site\\\/2020\\\/06\\\/19\\\/jovenes-y-aislamiento-social-diversas-estrategias-para-acompanarlos-desde-la-comuna\\\/#respond\"]}]},{\"@type\":\"WebPage\",\"@id\":\"https:\\\/\\\/noticiasmercedinas.com\\\/site\\\/2020\\\/06\\\/19\\\/jovenes-y-aislamiento-social-diversas-estrategias-para-acompanarlos-desde-la-comuna\\\/\",\"url\":\"https:\\\/\\\/noticiasmercedinas.com\\\/site\\\/2020\\\/06\\\/19\\\/jovenes-y-aislamiento-social-diversas-estrategias-para-acompanarlos-desde-la-comuna\\\/\",\"name\":\"J\u00f3venes y aislamiento social: diversas estrategias para acompa\u00f1arlos desde la comuna\",\"isPartOf\":{\"@id\":\"https:\\\/\\\/noticiasmercedinas.com\\\/site\\\/#website\"},\"primaryImageOfPage\":{\"@id\":\"https:\\\/\\\/noticiasmercedinas.com\\\/site\\\/2020\\\/06\\\/19\\\/jovenes-y-aislamiento-social-diversas-estrategias-para-acompanarlos-desde-la-comuna\\\/#primaryimage\"},\"image\":{\"@id\":\"https:\\\/\\\/noticiasmercedinas.com\\\/site\\\/2020\\\/06\\\/19\\\/jovenes-y-aislamiento-social-diversas-estrategias-para-acompanarlos-desde-la-comuna\\\/#primaryimage\"},\"thumbnailUrl\":\"https:\\\/\\\/noticiasmercedinas.com\\\/site\\\/wp-content\\\/uploads\\\/2020\\\/06\\\/img_20200619_1720081597098618.jpg\",\"datePublished\":\"2020-06-19T20:27:01+00:00\",\"dateModified\":\"2020-06-19T20:32:39+00:00\",\"breadcrumb\":{\"@id\":\"https:\\\/\\\/noticiasmercedinas.com\\\/site\\\/2020\\\/06\\\/19\\\/jovenes-y-aislamiento-social-diversas-estrategias-para-acompanarlos-desde-la-comuna\\\/#breadcrumb\"},\"inLanguage\":\"es\",\"potentialAction\":[{\"@type\":\"ReadAction\",\"target\":[\"https:\\\/\\\/noticiasmercedinas.com\\\/site\\\/2020\\\/06\\\/19\\\/jovenes-y-aislamiento-social-diversas-estrategias-para-acompanarlos-desde-la-comuna\\\/\"]}]},{\"@type\":\"ImageObject\",\"inLanguage\":\"es\",\"@id\":\"https:\\\/\\\/noticiasmercedinas.com\\\/site\\\/2020\\\/06\\\/19\\\/jovenes-y-aislamiento-social-diversas-estrategias-para-acompanarlos-desde-la-comuna\\\/#primaryimage\",\"url\":\"https:\\\/\\\/noticiasmercedinas.com\\\/site\\\/wp-content\\\/uploads\\\/2020\\\/06\\\/img_20200619_1720081597098618.jpg\",\"contentUrl\":\"https:\\\/\\\/noticiasmercedinas.com\\\/site\\\/wp-content\\\/uploads\\\/2020\\\/06\\\/img_20200619_1720081597098618.jpg\",\"width\":720,\"height\":460},{\"@type\":\"BreadcrumbList\",\"@id\":\"https:\\\/\\\/noticiasmercedinas.com\\\/site\\\/2020\\\/06\\\/19\\\/jovenes-y-aislamiento-social-diversas-estrategias-para-acompanarlos-desde-la-comuna\\\/#breadcrumb\",\"itemListElement\":[{\"@type\":\"ListItem\",\"position\":1,\"name\":\"Portada\",\"item\":\"https:\\\/\\\/noticiasmercedinas.com\\\/site\\\/\"},{\"@type\":\"ListItem\",\"position\":2,\"name\":\"J\u00f3venes y aislamiento social: diversas estrategias para acompa\u00f1arlos desde la comuna\"}]},{\"@type\":\"WebSite\",\"@id\":\"https:\\\/\\\/noticiasmercedinas.com\\\/site\\\/#website\",\"url\":\"https:\\\/\\\/noticiasmercedinas.com\\\/site\\\/\",\"name\":\"NOTICIASMERCEDINAS.COM\",\"description\":\"Mercedes, Buenos Aires, Argentina\",\"publisher\":{\"@id\":\"https:\\\/\\\/noticiasmercedinas.com\\\/site\\\/#organization\"},\"potentialAction\":[{\"@type\":\"SearchAction\",\"target\":{\"@type\":\"EntryPoint\",\"urlTemplate\":\"https:\\\/\\\/noticiasmercedinas.com\\\/site\\\/?s={search_term_string}\"},\"query-input\":{\"@type\":\"PropertyValueSpecification\",\"valueRequired\":true,\"valueName\":\"search_term_string\"}}],\"inLanguage\":\"es\"},{\"@type\":\"Organization\",\"@id\":\"https:\\\/\\\/noticiasmercedinas.com\\\/site\\\/#organization\",\"name\":\"NOTICIASMERCEDINAS.COM\",\"url\":\"https:\\\/\\\/noticiasmercedinas.com\\\/site\\\/\",\"logo\":{\"@type\":\"ImageObject\",\"inLanguage\":\"es\",\"@id\":\"https:\\\/\\\/noticiasmercedinas.com\\\/site\\\/#\\\/schema\\\/logo\\\/image\\\/\",\"url\":\"https:\\\/\\\/noticiasmercedinas.com\\\/site\\\/wp-content\\\/uploads\\\/2020\\\/06\\\/LOGO-512.jpg\",\"contentUrl\":\"https:\\\/\\\/noticiasmercedinas.com\\\/site\\\/wp-content\\\/uploads\\\/2020\\\/06\\\/LOGO-512.jpg\",\"width\":512,\"height\":512,\"caption\":\"NOTICIASMERCEDINAS.COM\"},\"image\":{\"@id\":\"https:\\\/\\\/noticiasmercedinas.com\\\/site\\\/#\\\/schema\\\/logo\\\/image\\\/\"},\"sameAs\":[\"https:\\\/\\\/www.facebook.com\\\/noticiasmercedinas\\\/\",\"https:\\\/\\\/x.com\\\/notmercedinas\",\"https:\\\/\\\/www.instagram.com\\\/noticiasmercedinas\\\/\"]},{\"@type\":\"Person\",\"@id\":\"https:\\\/\\\/noticiasmercedinas.com\\\/site\\\/#\\\/schema\\\/person\\\/d481a9696a5feaec13a60e2bbd991a6a\",\"name\":\"Cristian Falabella NOTICIASMERCEDINAS.COM\",\"image\":{\"@type\":\"ImageObject\",\"inLanguage\":\"es\",\"@id\":\"https:\\\/\\\/secure.gravatar.com\\\/avatar\\\/0dbbfc45970cc46bcd0e57766228574ff3511d6eed045b182f536f0f478c1f06?s=96&d=mm&r=g\",\"url\":\"https:\\\/\\\/secure.gravatar.com\\\/avatar\\\/0dbbfc45970cc46bcd0e57766228574ff3511d6eed045b182f536f0f478c1f06?s=96&d=mm&r=g\",\"contentUrl\":\"https:\\\/\\\/secure.gravatar.com\\\/avatar\\\/0dbbfc45970cc46bcd0e57766228574ff3511d6eed045b182f536f0f478c1f06?s=96&d=mm&r=g\",\"caption\":\"Cristian Falabella NOTICIASMERCEDINAS.COM\"},\"description\":\"Periodista, editor de Noticias Mercedinas. Pas\u00f3 por varias redacciones y emprendimientos de prensa, en distintos formatos y \u00e9pocas. Se especializ\u00f3 --y sigue haci\u00e9ndolo-- en comunicaci\u00f3n en la web y en junio de 2006 fund\u00f3 este diario digital.\",\"sameAs\":[\"https:\\\/\\\/noticiasmercedinas.com\",\"https:\\\/\\\/www.facebook.com\\\/cristian.falabella\",\"https:\\\/\\\/www.instagram.com\\\/noticiasmercedinas\\\/\",\"https:\\\/\\\/x.com\\\/https:\\\/\\\/twitter.com\\\/NOTMERCEDINAS\"],\"url\":\"https:\\\/\\\/noticiasmercedinas.com\\\/site\\\/author\\\/as000384\\\/\"}]}<\/script>\n<!-- \/ Yoast SEO plugin. -->","yoast_head_json":{"title":"J\u00f3venes y aislamiento social: diversas estrategias para acompa\u00f1arlos desde la comuna","robots":{"index":"index","follow":"follow","max-snippet":"max-snippet:-1","max-image-preview":"max-image-preview:large","max-video-preview":"max-video-preview:-1"},"canonical":"https:\/\/noticiasmercedinas.com\/site\/2020\/06\/19\/jovenes-y-aislamiento-social-diversas-estrategias-para-acompanarlos-desde-la-comuna\/","og_locale":"es_ES","og_type":"article","og_title":"J\u00f3venes y aislamiento social: diversas estrategias para acompa\u00f1arlos desde la comuna","og_description":"\u201cEste es un tema que nos compromete a trabajar nuevos horizontes\u201d, dijo la t\u00e9cnica Eugenia C\u00f3dega, a casi 100 d\u00edas de cuarentena, como responsable de la Subdirecci\u00f3n de Juventud del municipio, al ser consultada sobre el accionar de los j\u00f3venes y adolescentes en este contexto de aislamiento social. A poco de ir a un barrio [&hellip;]","og_url":"https:\/\/noticiasmercedinas.com\/site\/2020\/06\/19\/jovenes-y-aislamiento-social-diversas-estrategias-para-acompanarlos-desde-la-comuna\/","og_site_name":"NOTICIASMERCEDINAS.COM","article_publisher":"https:\/\/www.facebook.com\/noticiasmercedinas\/","article_author":"https:\/\/www.facebook.com\/cristian.falabella","article_published_time":"2020-06-19T20:27:01+00:00","article_modified_time":"2020-06-19T20:32:39+00:00","og_image":[{"width":720,"height":460,"url":"https:\/\/noticiasmercedinas.com\/site\/wp-content\/uploads\/2020\/06\/img_20200619_1720081597098618.jpg","type":"image\/jpeg"}],"author":"Cristian Falabella NOTICIASMERCEDINAS.COM","twitter_card":"summary_large_image","twitter_creator":"@https:\/\/twitter.com\/NOTMERCEDINAS","twitter_site":"@notmercedinas","twitter_misc":{"Escrito por":"Cristian Falabella NOTICIASMERCEDINAS.COM","Tiempo de lectura":"5 minutos"},"schema":{"@context":"https:\/\/schema.org","@graph":[{"@type":"Article","@id":"https:\/\/noticiasmercedinas.com\/site\/2020\/06\/19\/jovenes-y-aislamiento-social-diversas-estrategias-para-acompanarlos-desde-la-comuna\/#article","isPartOf":{"@id":"https:\/\/noticiasmercedinas.com\/site\/2020\/06\/19\/jovenes-y-aislamiento-social-diversas-estrategias-para-acompanarlos-desde-la-comuna\/"},"author":{"name":"Cristian Falabella NOTICIASMERCEDINAS.COM","@id":"https:\/\/noticiasmercedinas.com\/site\/#\/schema\/person\/d481a9696a5feaec13a60e2bbd991a6a"},"headline":"J\u00f3venes y aislamiento social: diversas estrategias para acompa\u00f1arlos desde la comuna","datePublished":"2020-06-19T20:27:01+00:00","dateModified":"2020-06-19T20:32:39+00:00","mainEntityOfPage":{"@id":"https:\/\/noticiasmercedinas.com\/site\/2020\/06\/19\/jovenes-y-aislamiento-social-diversas-estrategias-para-acompanarlos-desde-la-comuna\/"},"wordCount":1033,"commentCount":0,"publisher":{"@id":"https:\/\/noticiasmercedinas.com\/site\/#organization"},"image":{"@id":"https:\/\/noticiasmercedinas.com\/site\/2020\/06\/19\/jovenes-y-aislamiento-social-diversas-estrategias-para-acompanarlos-desde-la-comuna\/#primaryimage"},"thumbnailUrl":"https:\/\/noticiasmercedinas.com\/site\/wp-content\/uploads\/2020\/06\/img_20200619_1720081597098618.jpg","keywords":["coronavirus","eugenia codega","juventud","pandemia"],"articleSection":["Covid-19"],"inLanguage":"es","potentialAction":[{"@type":"CommentAction","name":"Comment","target":["https:\/\/noticiasmercedinas.com\/site\/2020\/06\/19\/jovenes-y-aislamiento-social-diversas-estrategias-para-acompanarlos-desde-la-comuna\/#respond"]}]},{"@type":"WebPage","@id":"https:\/\/noticiasmercedinas.com\/site\/2020\/06\/19\/jovenes-y-aislamiento-social-diversas-estrategias-para-acompanarlos-desde-la-comuna\/","url":"https:\/\/noticiasmercedinas.com\/site\/2020\/06\/19\/jovenes-y-aislamiento-social-diversas-estrategias-para-acompanarlos-desde-la-comuna\/","name":"J\u00f3venes y aislamiento social: diversas estrategias para acompa\u00f1arlos desde la comuna","isPartOf":{"@id":"https:\/\/noticiasmercedinas.com\/site\/#website"},"primaryImageOfPage":{"@id":"https:\/\/noticiasmercedinas.com\/site\/2020\/06\/19\/jovenes-y-aislamiento-social-diversas-estrategias-para-acompanarlos-desde-la-comuna\/#primaryimage"},"image":{"@id":"https:\/\/noticiasmercedinas.com\/site\/2020\/06\/19\/jovenes-y-aislamiento-social-diversas-estrategias-para-acompanarlos-desde-la-comuna\/#primaryimage"},"thumbnailUrl":"https:\/\/noticiasmercedinas.com\/site\/wp-content\/uploads\/2020\/06\/img_20200619_1720081597098618.jpg","datePublished":"2020-06-19T20:27:01+00:00","dateModified":"2020-06-19T20:32:39+00:00","breadcrumb":{"@id":"https:\/\/noticiasmercedinas.com\/site\/2020\/06\/19\/jovenes-y-aislamiento-social-diversas-estrategias-para-acompanarlos-desde-la-comuna\/#breadcrumb"},"inLanguage":"es","potentialAction":[{"@type":"ReadAction","target":["https:\/\/noticiasmercedinas.com\/site\/2020\/06\/19\/jovenes-y-aislamiento-social-diversas-estrategias-para-acompanarlos-desde-la-comuna\/"]}]},{"@type":"ImageObject","inLanguage":"es","@id":"https:\/\/noticiasmercedinas.com\/site\/2020\/06\/19\/jovenes-y-aislamiento-social-diversas-estrategias-para-acompanarlos-desde-la-comuna\/#primaryimage","url":"https:\/\/noticiasmercedinas.com\/site\/wp-content\/uploads\/2020\/06\/img_20200619_1720081597098618.jpg","contentUrl":"https:\/\/noticiasmercedinas.com\/site\/wp-content\/uploads\/2020\/06\/img_20200619_1720081597098618.jpg","width":720,"height":460},{"@type":"BreadcrumbList","@id":"https:\/\/noticiasmercedinas.com\/site\/2020\/06\/19\/jovenes-y-aislamiento-social-diversas-estrategias-para-acompanarlos-desde-la-comuna\/#breadcrumb","itemListElement":[{"@type":"ListItem","position":1,"name":"Portada","item":"https:\/\/noticiasmercedinas.com\/site\/"},{"@type":"ListItem","position":2,"name":"J\u00f3venes y aislamiento social: diversas estrategias para acompa\u00f1arlos desde la comuna"}]},{"@type":"WebSite","@id":"https:\/\/noticiasmercedinas.com\/site\/#website","url":"https:\/\/noticiasmercedinas.com\/site\/","name":"NOTICIASMERCEDINAS.COM","description":"Mercedes, Buenos Aires, Argentina","publisher":{"@id":"https:\/\/noticiasmercedinas.com\/site\/#organization"},"potentialAction":[{"@type":"SearchAction","target":{"@type":"EntryPoint","urlTemplate":"https:\/\/noticiasmercedinas.com\/site\/?s={search_term_string}"},"query-input":{"@type":"PropertyValueSpecification","valueRequired":true,"valueName":"search_term_string"}}],"inLanguage":"es"},{"@type":"Organization","@id":"https:\/\/noticiasmercedinas.com\/site\/#organization","name":"NOTICIASMERCEDINAS.COM","url":"https:\/\/noticiasmercedinas.com\/site\/","logo":{"@type":"ImageObject","inLanguage":"es","@id":"https:\/\/noticiasmercedinas.com\/site\/#\/schema\/logo\/image\/","url":"https:\/\/noticiasmercedinas.com\/site\/wp-content\/uploads\/2020\/06\/LOGO-512.jpg","contentUrl":"https:\/\/noticiasmercedinas.com\/site\/wp-content\/uploads\/2020\/06\/LOGO-512.jpg","width":512,"height":512,"caption":"NOTICIASMERCEDINAS.COM"},"image":{"@id":"https:\/\/noticiasmercedinas.com\/site\/#\/schema\/logo\/image\/"},"sameAs":["https:\/\/www.facebook.com\/noticiasmercedinas\/","https:\/\/x.com\/notmercedinas","https:\/\/www.instagram.com\/noticiasmercedinas\/"]},{"@type":"Person","@id":"https:\/\/noticiasmercedinas.com\/site\/#\/schema\/person\/d481a9696a5feaec13a60e2bbd991a6a","name":"Cristian Falabella NOTICIASMERCEDINAS.COM","image":{"@type":"ImageObject","inLanguage":"es","@id":"https:\/\/secure.gravatar.com\/avatar\/0dbbfc45970cc46bcd0e57766228574ff3511d6eed045b182f536f0f478c1f06?s=96&d=mm&r=g","url":"https:\/\/secure.gravatar.com\/avatar\/0dbbfc45970cc46bcd0e57766228574ff3511d6eed045b182f536f0f478c1f06?s=96&d=mm&r=g","contentUrl":"https:\/\/secure.gravatar.com\/avatar\/0dbbfc45970cc46bcd0e57766228574ff3511d6eed045b182f536f0f478c1f06?s=96&d=mm&r=g","caption":"Cristian Falabella NOTICIASMERCEDINAS.COM"},"description":"Periodista, editor de Noticias Mercedinas. Pas\u00f3 por varias redacciones y emprendimientos de prensa, en distintos formatos y \u00e9pocas. Se especializ\u00f3 --y sigue haci\u00e9ndolo-- en comunicaci\u00f3n en la web y en junio de 2006 fund\u00f3 este diario digital.","sameAs":["https:\/\/noticiasmercedinas.com","https:\/\/www.facebook.com\/cristian.falabella","https:\/\/www.instagram.com\/noticiasmercedinas\/","https:\/\/x.com\/https:\/\/twitter.com\/NOTMERCEDINAS"],"url":"https:\/\/noticiasmercedinas.com\/site\/author\/as000384\/"}]}},"amp_enabled":true,"_links":{"self":[{"href":"https:\/\/noticiasmercedinas.com\/site\/wp-json\/wp\/v2\/posts\/47099","targetHints":{"allow":["GET"]}}],"collection":[{"href":"https:\/\/noticiasmercedinas.com\/site\/wp-json\/wp\/v2\/posts"}],"about":[{"href":"https:\/\/noticiasmercedinas.com\/site\/wp-json\/wp\/v2\/types\/post"}],"author":[{"embeddable":true,"href":"https:\/\/noticiasmercedinas.com\/site\/wp-json\/wp\/v2\/users\/2"}],"replies":[{"embeddable":true,"href":"https:\/\/noticiasmercedinas.com\/site\/wp-json\/wp\/v2\/comments?post=47099"}],"version-history":[{"count":7,"href":"https:\/\/noticiasmercedinas.com\/site\/wp-json\/wp\/v2\/posts\/47099\/revisions"}],"predecessor-version":[{"id":47115,"href":"https:\/\/noticiasmercedinas.com\/site\/wp-json\/wp\/v2\/posts\/47099\/revisions\/47115"}],"wp:featuredmedia":[{"embeddable":true,"href":"https:\/\/noticiasmercedinas.com\/site\/wp-json\/wp\/v2\/media\/47112"}],"wp:attachment":[{"href":"https:\/\/noticiasmercedinas.com\/site\/wp-json\/wp\/v2\/media?parent=47099"}],"wp:term":[{"taxonomy":"category","embeddable":true,"href":"https:\/\/noticiasmercedinas.com\/site\/wp-json\/wp\/v2\/categories?post=47099"},{"taxonomy":"post_tag","embeddable":true,"href":"https:\/\/noticiasmercedinas.com\/site\/wp-json\/wp\/v2\/tags?post=47099"}],"curies":[{"name":"wp","href":"https:\/\/api.w.org\/{rel}","templated":true}]}}