{"id":4738,"date":"2018-10-19T14:34:39","date_gmt":"2018-10-19T17:34:39","guid":{"rendered":"https:\/\/noticiasmercedinas.com\/site\/?p=4738"},"modified":"2018-10-19T14:34:39","modified_gmt":"2018-10-19T17:34:39","slug":"primeros-1000-dias-presente-en-congreso-internacional-de-primera-infancia","status":"publish","type":"post","link":"https:\/\/noticiasmercedinas.com\/site\/2018\/10\/19\/primeros-1000-dias-presente-en-congreso-internacional-de-primera-infancia\/","title":{"rendered":"\u201cPrimeros 1000 D\u00edas\u201d, presente en Congreso Internacional de Primera Infancia"},"content":{"rendered":"<p><img loading=\"lazy\" decoding=\"async\" class=\"alignnone size-full wp-image-4740\" src=\"https:\/\/noticiasmercedinas.com\/site\/wp-content\/uploads\/2018\/10\/44265642_1468280393317034_2927246209108148224_n.jpg\" alt=\"\" width=\"640\" height=\"353\" srcset=\"https:\/\/noticiasmercedinas.com\/site\/wp-content\/uploads\/2018\/10\/44265642_1468280393317034_2927246209108148224_n.jpg 640w, https:\/\/noticiasmercedinas.com\/site\/wp-content\/uploads\/2018\/10\/44265642_1468280393317034_2927246209108148224_n-300x165.jpg 300w\" sizes=\"auto, (max-width: 640px) 100vw, 640px\" \/><\/p>\n<p>Quienes integran el staff del Programa municipal \u201cPrimeros mil d\u00edas\u201d tuvieron el agrado de participar en el Congreso Internacional de Primera Infancia que tuvo lugar en San Miguel.<\/p>\n<p>\u201cCon orgullo expusimos el trabajo que se viene realizando en Mercedes. Fue una gran oportunidad tambi\u00e9n para nutrirnos de ideas que se desarrollan en otras ciudades y pa\u00edses\u201d, contaron Magdalena Levermann y Valeria P\u00e9rez, dos de las profesionales presentes.<\/p>\n<p><img loading=\"lazy\" decoding=\"async\" class=\"alignnone size-full wp-image-4739\" src=\"https:\/\/noticiasmercedinas.com\/site\/wp-content\/uploads\/2018\/10\/44211065_10156591509764774_4605556228217634816_n.jpg\" alt=\"\" width=\"640\" height=\"426\" srcset=\"https:\/\/noticiasmercedinas.com\/site\/wp-content\/uploads\/2018\/10\/44211065_10156591509764774_4605556228217634816_n.jpg 640w, https:\/\/noticiasmercedinas.com\/site\/wp-content\/uploads\/2018\/10\/44211065_10156591509764774_4605556228217634816_n-300x200.jpg 300w\" sizes=\"auto, (max-width: 640px) 100vw, 640px\" \/><\/p>\n<p>En la ciudad bonaerense de San Miguel se celebr\u00f3 el II Congreso Internacional sobre Primera Infancia: \u00abEl Estado y la Familia: Pol\u00edticas P\u00fablicas para el Fortalecimiento Familiar\u00bb. Fue entre los d\u00edas mi\u00e9rcoles 10 y jueves 11, en el Colegio M\u00e1ximo de esa localidad.<\/p>\n<p>El objetivo de las jornadas fue brindar un espacio de reflexi\u00f3n e intercambio a fin de trazar los fundamentos desde distintas disciplinas, para la inversi\u00f3n en programas destinados al fortalecimiento familiar y, por lo tanto, a la atenci\u00f3n de los primeros a\u00f1os de vida.<\/p>\n<p>Cont\u00f3 con la presencia de autoridades nacionales, provinciales y locales, organizaciones de la sociedad civil, organismos nacionales e internacionales, universidades y representantes de estrategias modelos en primera infancia de distintos pa\u00edses.<\/p>\n<p><img loading=\"lazy\" decoding=\"async\" class=\"alignnone size-full wp-image-4742\" src=\"https:\/\/noticiasmercedinas.com\/site\/wp-content\/uploads\/2018\/10\/44104966_1468280349983705_8687797655222353920_n.jpg\" alt=\"\" width=\"640\" height=\"367\" srcset=\"https:\/\/noticiasmercedinas.com\/site\/wp-content\/uploads\/2018\/10\/44104966_1468280349983705_8687797655222353920_n.jpg 640w, https:\/\/noticiasmercedinas.com\/site\/wp-content\/uploads\/2018\/10\/44104966_1468280349983705_8687797655222353920_n-300x172.jpg 300w\" sizes=\"auto, (max-width: 640px) 100vw, 640px\" \/><\/p>\n<p>&nbsp;<\/p>\n","protected":false},"excerpt":{"rendered":"<p>Quienes integran el staff del Programa municipal \u201cPrimeros mil d\u00edas\u201d tuvieron el agrado de participar en el Congreso Internacional de Primera Infancia que tuvo lugar en San Miguel. \u201cCon orgullo expusimos el trabajo que se viene realizando en Mercedes. Fue una gran oportunidad tambi\u00e9n para nutrirnos de ideas que se desarrollan en otras ciudades y [&hellip;]<\/p>\n","protected":false},"author":2,"featured_media":4740,"comment_status":"open","ping_status":"open","sticky":false,"template":"","format":"standard","meta":{"footnotes":""},"categories":[3],"tags":[1538,1539,573,71,1540],"class_list":["post-4738","post","type-post","status-publish","format-standard","has-post-thumbnail","hentry","category-sociedad","tag-infancia","tag-magdalena-levermann","tag-primeros-mil-dias","tag-salud","tag-valeria-perez"],"yoast_head":"<!-- This site is optimized with the Yoast SEO plugin v27.5 - https:\/\/yoast.com\/product\/yoast-seo-wordpress\/ -->\n<title>\u201cPrimeros 1000 D\u00edas\u201d, presente en Congreso Internacional de Primera Infancia<\/title>\n<meta name=\"robots\" content=\"index, follow, max-snippet:-1, max-image-preview:large, max-video-preview:-1\" \/>\n<link rel=\"canonical\" href=\"https:\/\/noticiasmercedinas.com\/site\/2018\/10\/19\/primeros-1000-dias-presente-en-congreso-internacional-de-primera-infancia\/\" \/>\n<meta property=\"og:locale\" content=\"es_ES\" \/>\n<meta property=\"og:type\" content=\"article\" \/>\n<meta property=\"og:title\" content=\"\u201cPrimeros 1000 D\u00edas\u201d, presente en Congreso Internacional de Primera Infancia\" \/>\n<meta property=\"og:description\" content=\"Quienes integran el staff del Programa municipal \u201cPrimeros mil d\u00edas\u201d tuvieron el agrado de participar en el Congreso Internacional de Primera Infancia que tuvo lugar en San Miguel. \u201cCon orgullo expusimos el trabajo que se viene realizando en Mercedes. Fue una gran oportunidad tambi\u00e9n para nutrirnos de ideas que se desarrollan en otras ciudades y [&hellip;]\" \/>\n<meta property=\"og:url\" content=\"https:\/\/noticiasmercedinas.com\/site\/2018\/10\/19\/primeros-1000-dias-presente-en-congreso-internacional-de-primera-infancia\/\" \/>\n<meta property=\"og:site_name\" content=\"NOTICIASMERCEDINAS.COM\" \/>\n<meta property=\"article:publisher\" content=\"https:\/\/www.facebook.com\/noticiasmercedinas\/\" \/>\n<meta property=\"article:author\" content=\"https:\/\/www.facebook.com\/cristian.falabella\" \/>\n<meta property=\"article:published_time\" content=\"2018-10-19T17:34:39+00:00\" \/>\n<meta property=\"og:image\" content=\"https:\/\/noticiasmercedinas.com\/site\/wp-content\/uploads\/2018\/10\/44265642_1468280393317034_2927246209108148224_n.jpg\" \/>\n\t<meta property=\"og:image:width\" content=\"640\" \/>\n\t<meta property=\"og:image:height\" content=\"353\" \/>\n\t<meta property=\"og:image:type\" content=\"image\/jpeg\" \/>\n<meta name=\"author\" content=\"Cristian Falabella NOTICIASMERCEDINAS.COM\" \/>\n<meta name=\"twitter:card\" content=\"summary_large_image\" \/>\n<meta name=\"twitter:creator\" content=\"@https:\/\/twitter.com\/NOTMERCEDINAS\" \/>\n<meta name=\"twitter:site\" content=\"@notmercedinas\" \/>\n<meta name=\"twitter:label1\" content=\"Escrito por\" \/>\n\t<meta name=\"twitter:data1\" content=\"Cristian Falabella NOTICIASMERCEDINAS.COM\" \/>\n\t<meta name=\"twitter:label2\" content=\"Tiempo de lectura\" \/>\n\t<meta name=\"twitter:data2\" content=\"1 minuto\" \/>\n<script type=\"application\/ld+json\" class=\"yoast-schema-graph\">{\"@context\":\"https:\\\/\\\/schema.org\",\"@graph\":[{\"@type\":\"Article\",\"@id\":\"https:\\\/\\\/noticiasmercedinas.com\\\/site\\\/2018\\\/10\\\/19\\\/primeros-1000-dias-presente-en-congreso-internacional-de-primera-infancia\\\/#article\",\"isPartOf\":{\"@id\":\"https:\\\/\\\/noticiasmercedinas.com\\\/site\\\/2018\\\/10\\\/19\\\/primeros-1000-dias-presente-en-congreso-internacional-de-primera-infancia\\\/\"},\"author\":{\"name\":\"Cristian Falabella NOTICIASMERCEDINAS.COM\",\"@id\":\"https:\\\/\\\/noticiasmercedinas.com\\\/site\\\/#\\\/schema\\\/person\\\/d481a9696a5feaec13a60e2bbd991a6a\"},\"headline\":\"\u201cPrimeros 1000 D\u00edas\u201d, presente en Congreso Internacional de Primera Infancia\",\"datePublished\":\"2018-10-19T17:34:39+00:00\",\"mainEntityOfPage\":{\"@id\":\"https:\\\/\\\/noticiasmercedinas.com\\\/site\\\/2018\\\/10\\\/19\\\/primeros-1000-dias-presente-en-congreso-internacional-de-primera-infancia\\\/\"},\"wordCount\":208,\"commentCount\":0,\"publisher\":{\"@id\":\"https:\\\/\\\/noticiasmercedinas.com\\\/site\\\/#organization\"},\"image\":{\"@id\":\"https:\\\/\\\/noticiasmercedinas.com\\\/site\\\/2018\\\/10\\\/19\\\/primeros-1000-dias-presente-en-congreso-internacional-de-primera-infancia\\\/#primaryimage\"},\"thumbnailUrl\":\"https:\\\/\\\/noticiasmercedinas.com\\\/site\\\/wp-content\\\/uploads\\\/2018\\\/10\\\/44265642_1468280393317034_2927246209108148224_n.jpg\",\"keywords\":[\"infancia\",\"magdalena levermann\",\"primeros mil dias\",\"salud\",\"valeria perez\"],\"articleSection\":[\"Sociedad\"],\"inLanguage\":\"es\",\"potentialAction\":[{\"@type\":\"CommentAction\",\"name\":\"Comment\",\"target\":[\"https:\\\/\\\/noticiasmercedinas.com\\\/site\\\/2018\\\/10\\\/19\\\/primeros-1000-dias-presente-en-congreso-internacional-de-primera-infancia\\\/#respond\"]}]},{\"@type\":\"WebPage\",\"@id\":\"https:\\\/\\\/noticiasmercedinas.com\\\/site\\\/2018\\\/10\\\/19\\\/primeros-1000-dias-presente-en-congreso-internacional-de-primera-infancia\\\/\",\"url\":\"https:\\\/\\\/noticiasmercedinas.com\\\/site\\\/2018\\\/10\\\/19\\\/primeros-1000-dias-presente-en-congreso-internacional-de-primera-infancia\\\/\",\"name\":\"\u201cPrimeros 1000 D\u00edas\u201d, presente en Congreso Internacional de Primera Infancia\",\"isPartOf\":{\"@id\":\"https:\\\/\\\/noticiasmercedinas.com\\\/site\\\/#website\"},\"primaryImageOfPage\":{\"@id\":\"https:\\\/\\\/noticiasmercedinas.com\\\/site\\\/2018\\\/10\\\/19\\\/primeros-1000-dias-presente-en-congreso-internacional-de-primera-infancia\\\/#primaryimage\"},\"image\":{\"@id\":\"https:\\\/\\\/noticiasmercedinas.com\\\/site\\\/2018\\\/10\\\/19\\\/primeros-1000-dias-presente-en-congreso-internacional-de-primera-infancia\\\/#primaryimage\"},\"thumbnailUrl\":\"https:\\\/\\\/noticiasmercedinas.com\\\/site\\\/wp-content\\\/uploads\\\/2018\\\/10\\\/44265642_1468280393317034_2927246209108148224_n.jpg\",\"datePublished\":\"2018-10-19T17:34:39+00:00\",\"breadcrumb\":{\"@id\":\"https:\\\/\\\/noticiasmercedinas.com\\\/site\\\/2018\\\/10\\\/19\\\/primeros-1000-dias-presente-en-congreso-internacional-de-primera-infancia\\\/#breadcrumb\"},\"inLanguage\":\"es\",\"potentialAction\":[{\"@type\":\"ReadAction\",\"target\":[\"https:\\\/\\\/noticiasmercedinas.com\\\/site\\\/2018\\\/10\\\/19\\\/primeros-1000-dias-presente-en-congreso-internacional-de-primera-infancia\\\/\"]}]},{\"@type\":\"ImageObject\",\"inLanguage\":\"es\",\"@id\":\"https:\\\/\\\/noticiasmercedinas.com\\\/site\\\/2018\\\/10\\\/19\\\/primeros-1000-dias-presente-en-congreso-internacional-de-primera-infancia\\\/#primaryimage\",\"url\":\"https:\\\/\\\/noticiasmercedinas.com\\\/site\\\/wp-content\\\/uploads\\\/2018\\\/10\\\/44265642_1468280393317034_2927246209108148224_n.jpg\",\"contentUrl\":\"https:\\\/\\\/noticiasmercedinas.com\\\/site\\\/wp-content\\\/uploads\\\/2018\\\/10\\\/44265642_1468280393317034_2927246209108148224_n.jpg\",\"width\":640,\"height\":353},{\"@type\":\"BreadcrumbList\",\"@id\":\"https:\\\/\\\/noticiasmercedinas.com\\\/site\\\/2018\\\/10\\\/19\\\/primeros-1000-dias-presente-en-congreso-internacional-de-primera-infancia\\\/#breadcrumb\",\"itemListElement\":[{\"@type\":\"ListItem\",\"position\":1,\"name\":\"Portada\",\"item\":\"https:\\\/\\\/noticiasmercedinas.com\\\/site\\\/\"},{\"@type\":\"ListItem\",\"position\":2,\"name\":\"\u201cPrimeros 1000 D\u00edas\u201d, presente en Congreso Internacional de Primera Infancia\"}]},{\"@type\":\"WebSite\",\"@id\":\"https:\\\/\\\/noticiasmercedinas.com\\\/site\\\/#website\",\"url\":\"https:\\\/\\\/noticiasmercedinas.com\\\/site\\\/\",\"name\":\"NOTICIASMERCEDINAS.COM\",\"description\":\"Mercedes, Buenos Aires, Argentina\",\"publisher\":{\"@id\":\"https:\\\/\\\/noticiasmercedinas.com\\\/site\\\/#organization\"},\"potentialAction\":[{\"@type\":\"SearchAction\",\"target\":{\"@type\":\"EntryPoint\",\"urlTemplate\":\"https:\\\/\\\/noticiasmercedinas.com\\\/site\\\/?s={search_term_string}\"},\"query-input\":{\"@type\":\"PropertyValueSpecification\",\"valueRequired\":true,\"valueName\":\"search_term_string\"}}],\"inLanguage\":\"es\"},{\"@type\":\"Organization\",\"@id\":\"https:\\\/\\\/noticiasmercedinas.com\\\/site\\\/#organization\",\"name\":\"NOTICIASMERCEDINAS.COM\",\"url\":\"https:\\\/\\\/noticiasmercedinas.com\\\/site\\\/\",\"logo\":{\"@type\":\"ImageObject\",\"inLanguage\":\"es\",\"@id\":\"https:\\\/\\\/noticiasmercedinas.com\\\/site\\\/#\\\/schema\\\/logo\\\/image\\\/\",\"url\":\"https:\\\/\\\/noticiasmercedinas.com\\\/site\\\/wp-content\\\/uploads\\\/2020\\\/06\\\/LOGO-512.jpg\",\"contentUrl\":\"https:\\\/\\\/noticiasmercedinas.com\\\/site\\\/wp-content\\\/uploads\\\/2020\\\/06\\\/LOGO-512.jpg\",\"width\":512,\"height\":512,\"caption\":\"NOTICIASMERCEDINAS.COM\"},\"image\":{\"@id\":\"https:\\\/\\\/noticiasmercedinas.com\\\/site\\\/#\\\/schema\\\/logo\\\/image\\\/\"},\"sameAs\":[\"https:\\\/\\\/www.facebook.com\\\/noticiasmercedinas\\\/\",\"https:\\\/\\\/x.com\\\/notmercedinas\",\"https:\\\/\\\/www.instagram.com\\\/noticiasmercedinas\\\/\"]},{\"@type\":\"Person\",\"@id\":\"https:\\\/\\\/noticiasmercedinas.com\\\/site\\\/#\\\/schema\\\/person\\\/d481a9696a5feaec13a60e2bbd991a6a\",\"name\":\"Cristian Falabella NOTICIASMERCEDINAS.COM\",\"image\":{\"@type\":\"ImageObject\",\"inLanguage\":\"es\",\"@id\":\"https:\\\/\\\/secure.gravatar.com\\\/avatar\\\/0dbbfc45970cc46bcd0e57766228574ff3511d6eed045b182f536f0f478c1f06?s=96&d=mm&r=g\",\"url\":\"https:\\\/\\\/secure.gravatar.com\\\/avatar\\\/0dbbfc45970cc46bcd0e57766228574ff3511d6eed045b182f536f0f478c1f06?s=96&d=mm&r=g\",\"contentUrl\":\"https:\\\/\\\/secure.gravatar.com\\\/avatar\\\/0dbbfc45970cc46bcd0e57766228574ff3511d6eed045b182f536f0f478c1f06?s=96&d=mm&r=g\",\"caption\":\"Cristian Falabella NOTICIASMERCEDINAS.COM\"},\"description\":\"Periodista, editor de Noticias Mercedinas. Pas\u00f3 por varias redacciones y emprendimientos de prensa, en distintos formatos y \u00e9pocas. Se especializ\u00f3 --y sigue haci\u00e9ndolo-- en comunicaci\u00f3n en la web y en junio de 2006 fund\u00f3 este diario digital.\",\"sameAs\":[\"https:\\\/\\\/noticiasmercedinas.com\",\"https:\\\/\\\/www.facebook.com\\\/cristian.falabella\",\"https:\\\/\\\/www.instagram.com\\\/noticiasmercedinas\\\/\",\"https:\\\/\\\/x.com\\\/https:\\\/\\\/twitter.com\\\/NOTMERCEDINAS\"],\"url\":\"https:\\\/\\\/noticiasmercedinas.com\\\/site\\\/author\\\/as000384\\\/\"}]}<\/script>\n<!-- \/ Yoast SEO plugin. -->","yoast_head_json":{"title":"\u201cPrimeros 1000 D\u00edas\u201d, presente en Congreso Internacional de Primera Infancia","robots":{"index":"index","follow":"follow","max-snippet":"max-snippet:-1","max-image-preview":"max-image-preview:large","max-video-preview":"max-video-preview:-1"},"canonical":"https:\/\/noticiasmercedinas.com\/site\/2018\/10\/19\/primeros-1000-dias-presente-en-congreso-internacional-de-primera-infancia\/","og_locale":"es_ES","og_type":"article","og_title":"\u201cPrimeros 1000 D\u00edas\u201d, presente en Congreso Internacional de Primera Infancia","og_description":"Quienes integran el staff del Programa municipal \u201cPrimeros mil d\u00edas\u201d tuvieron el agrado de participar en el Congreso Internacional de Primera Infancia que tuvo lugar en San Miguel. \u201cCon orgullo expusimos el trabajo que se viene realizando en Mercedes. Fue una gran oportunidad tambi\u00e9n para nutrirnos de ideas que se desarrollan en otras ciudades y [&hellip;]","og_url":"https:\/\/noticiasmercedinas.com\/site\/2018\/10\/19\/primeros-1000-dias-presente-en-congreso-internacional-de-primera-infancia\/","og_site_name":"NOTICIASMERCEDINAS.COM","article_publisher":"https:\/\/www.facebook.com\/noticiasmercedinas\/","article_author":"https:\/\/www.facebook.com\/cristian.falabella","article_published_time":"2018-10-19T17:34:39+00:00","og_image":[{"width":640,"height":353,"url":"https:\/\/noticiasmercedinas.com\/site\/wp-content\/uploads\/2018\/10\/44265642_1468280393317034_2927246209108148224_n.jpg","type":"image\/jpeg"}],"author":"Cristian Falabella NOTICIASMERCEDINAS.COM","twitter_card":"summary_large_image","twitter_creator":"@https:\/\/twitter.com\/NOTMERCEDINAS","twitter_site":"@notmercedinas","twitter_misc":{"Escrito por":"Cristian Falabella NOTICIASMERCEDINAS.COM","Tiempo de lectura":"1 minuto"},"schema":{"@context":"https:\/\/schema.org","@graph":[{"@type":"Article","@id":"https:\/\/noticiasmercedinas.com\/site\/2018\/10\/19\/primeros-1000-dias-presente-en-congreso-internacional-de-primera-infancia\/#article","isPartOf":{"@id":"https:\/\/noticiasmercedinas.com\/site\/2018\/10\/19\/primeros-1000-dias-presente-en-congreso-internacional-de-primera-infancia\/"},"author":{"name":"Cristian Falabella NOTICIASMERCEDINAS.COM","@id":"https:\/\/noticiasmercedinas.com\/site\/#\/schema\/person\/d481a9696a5feaec13a60e2bbd991a6a"},"headline":"\u201cPrimeros 1000 D\u00edas\u201d, presente en Congreso Internacional de Primera Infancia","datePublished":"2018-10-19T17:34:39+00:00","mainEntityOfPage":{"@id":"https:\/\/noticiasmercedinas.com\/site\/2018\/10\/19\/primeros-1000-dias-presente-en-congreso-internacional-de-primera-infancia\/"},"wordCount":208,"commentCount":0,"publisher":{"@id":"https:\/\/noticiasmercedinas.com\/site\/#organization"},"image":{"@id":"https:\/\/noticiasmercedinas.com\/site\/2018\/10\/19\/primeros-1000-dias-presente-en-congreso-internacional-de-primera-infancia\/#primaryimage"},"thumbnailUrl":"https:\/\/noticiasmercedinas.com\/site\/wp-content\/uploads\/2018\/10\/44265642_1468280393317034_2927246209108148224_n.jpg","keywords":["infancia","magdalena levermann","primeros mil dias","salud","valeria perez"],"articleSection":["Sociedad"],"inLanguage":"es","potentialAction":[{"@type":"CommentAction","name":"Comment","target":["https:\/\/noticiasmercedinas.com\/site\/2018\/10\/19\/primeros-1000-dias-presente-en-congreso-internacional-de-primera-infancia\/#respond"]}]},{"@type":"WebPage","@id":"https:\/\/noticiasmercedinas.com\/site\/2018\/10\/19\/primeros-1000-dias-presente-en-congreso-internacional-de-primera-infancia\/","url":"https:\/\/noticiasmercedinas.com\/site\/2018\/10\/19\/primeros-1000-dias-presente-en-congreso-internacional-de-primera-infancia\/","name":"\u201cPrimeros 1000 D\u00edas\u201d, presente en Congreso Internacional de Primera Infancia","isPartOf":{"@id":"https:\/\/noticiasmercedinas.com\/site\/#website"},"primaryImageOfPage":{"@id":"https:\/\/noticiasmercedinas.com\/site\/2018\/10\/19\/primeros-1000-dias-presente-en-congreso-internacional-de-primera-infancia\/#primaryimage"},"image":{"@id":"https:\/\/noticiasmercedinas.com\/site\/2018\/10\/19\/primeros-1000-dias-presente-en-congreso-internacional-de-primera-infancia\/#primaryimage"},"thumbnailUrl":"https:\/\/noticiasmercedinas.com\/site\/wp-content\/uploads\/2018\/10\/44265642_1468280393317034_2927246209108148224_n.jpg","datePublished":"2018-10-19T17:34:39+00:00","breadcrumb":{"@id":"https:\/\/noticiasmercedinas.com\/site\/2018\/10\/19\/primeros-1000-dias-presente-en-congreso-internacional-de-primera-infancia\/#breadcrumb"},"inLanguage":"es","potentialAction":[{"@type":"ReadAction","target":["https:\/\/noticiasmercedinas.com\/site\/2018\/10\/19\/primeros-1000-dias-presente-en-congreso-internacional-de-primera-infancia\/"]}]},{"@type":"ImageObject","inLanguage":"es","@id":"https:\/\/noticiasmercedinas.com\/site\/2018\/10\/19\/primeros-1000-dias-presente-en-congreso-internacional-de-primera-infancia\/#primaryimage","url":"https:\/\/noticiasmercedinas.com\/site\/wp-content\/uploads\/2018\/10\/44265642_1468280393317034_2927246209108148224_n.jpg","contentUrl":"https:\/\/noticiasmercedinas.com\/site\/wp-content\/uploads\/2018\/10\/44265642_1468280393317034_2927246209108148224_n.jpg","width":640,"height":353},{"@type":"BreadcrumbList","@id":"https:\/\/noticiasmercedinas.com\/site\/2018\/10\/19\/primeros-1000-dias-presente-en-congreso-internacional-de-primera-infancia\/#breadcrumb","itemListElement":[{"@type":"ListItem","position":1,"name":"Portada","item":"https:\/\/noticiasmercedinas.com\/site\/"},{"@type":"ListItem","position":2,"name":"\u201cPrimeros 1000 D\u00edas\u201d, presente en Congreso Internacional de Primera Infancia"}]},{"@type":"WebSite","@id":"https:\/\/noticiasmercedinas.com\/site\/#website","url":"https:\/\/noticiasmercedinas.com\/site\/","name":"NOTICIASMERCEDINAS.COM","description":"Mercedes, Buenos Aires, Argentina","publisher":{"@id":"https:\/\/noticiasmercedinas.com\/site\/#organization"},"potentialAction":[{"@type":"SearchAction","target":{"@type":"EntryPoint","urlTemplate":"https:\/\/noticiasmercedinas.com\/site\/?s={search_term_string}"},"query-input":{"@type":"PropertyValueSpecification","valueRequired":true,"valueName":"search_term_string"}}],"inLanguage":"es"},{"@type":"Organization","@id":"https:\/\/noticiasmercedinas.com\/site\/#organization","name":"NOTICIASMERCEDINAS.COM","url":"https:\/\/noticiasmercedinas.com\/site\/","logo":{"@type":"ImageObject","inLanguage":"es","@id":"https:\/\/noticiasmercedinas.com\/site\/#\/schema\/logo\/image\/","url":"https:\/\/noticiasmercedinas.com\/site\/wp-content\/uploads\/2020\/06\/LOGO-512.jpg","contentUrl":"https:\/\/noticiasmercedinas.com\/site\/wp-content\/uploads\/2020\/06\/LOGO-512.jpg","width":512,"height":512,"caption":"NOTICIASMERCEDINAS.COM"},"image":{"@id":"https:\/\/noticiasmercedinas.com\/site\/#\/schema\/logo\/image\/"},"sameAs":["https:\/\/www.facebook.com\/noticiasmercedinas\/","https:\/\/x.com\/notmercedinas","https:\/\/www.instagram.com\/noticiasmercedinas\/"]},{"@type":"Person","@id":"https:\/\/noticiasmercedinas.com\/site\/#\/schema\/person\/d481a9696a5feaec13a60e2bbd991a6a","name":"Cristian Falabella NOTICIASMERCEDINAS.COM","image":{"@type":"ImageObject","inLanguage":"es","@id":"https:\/\/secure.gravatar.com\/avatar\/0dbbfc45970cc46bcd0e57766228574ff3511d6eed045b182f536f0f478c1f06?s=96&d=mm&r=g","url":"https:\/\/secure.gravatar.com\/avatar\/0dbbfc45970cc46bcd0e57766228574ff3511d6eed045b182f536f0f478c1f06?s=96&d=mm&r=g","contentUrl":"https:\/\/secure.gravatar.com\/avatar\/0dbbfc45970cc46bcd0e57766228574ff3511d6eed045b182f536f0f478c1f06?s=96&d=mm&r=g","caption":"Cristian Falabella NOTICIASMERCEDINAS.COM"},"description":"Periodista, editor de Noticias Mercedinas. Pas\u00f3 por varias redacciones y emprendimientos de prensa, en distintos formatos y \u00e9pocas. Se especializ\u00f3 --y sigue haci\u00e9ndolo-- en comunicaci\u00f3n en la web y en junio de 2006 fund\u00f3 este diario digital.","sameAs":["https:\/\/noticiasmercedinas.com","https:\/\/www.facebook.com\/cristian.falabella","https:\/\/www.instagram.com\/noticiasmercedinas\/","https:\/\/x.com\/https:\/\/twitter.com\/NOTMERCEDINAS"],"url":"https:\/\/noticiasmercedinas.com\/site\/author\/as000384\/"}]}},"amp_enabled":true,"_links":{"self":[{"href":"https:\/\/noticiasmercedinas.com\/site\/wp-json\/wp\/v2\/posts\/4738","targetHints":{"allow":["GET"]}}],"collection":[{"href":"https:\/\/noticiasmercedinas.com\/site\/wp-json\/wp\/v2\/posts"}],"about":[{"href":"https:\/\/noticiasmercedinas.com\/site\/wp-json\/wp\/v2\/types\/post"}],"author":[{"embeddable":true,"href":"https:\/\/noticiasmercedinas.com\/site\/wp-json\/wp\/v2\/users\/2"}],"replies":[{"embeddable":true,"href":"https:\/\/noticiasmercedinas.com\/site\/wp-json\/wp\/v2\/comments?post=4738"}],"version-history":[{"count":1,"href":"https:\/\/noticiasmercedinas.com\/site\/wp-json\/wp\/v2\/posts\/4738\/revisions"}],"predecessor-version":[{"id":4743,"href":"https:\/\/noticiasmercedinas.com\/site\/wp-json\/wp\/v2\/posts\/4738\/revisions\/4743"}],"wp:featuredmedia":[{"embeddable":true,"href":"https:\/\/noticiasmercedinas.com\/site\/wp-json\/wp\/v2\/media\/4740"}],"wp:attachment":[{"href":"https:\/\/noticiasmercedinas.com\/site\/wp-json\/wp\/v2\/media?parent=4738"}],"wp:term":[{"taxonomy":"category","embeddable":true,"href":"https:\/\/noticiasmercedinas.com\/site\/wp-json\/wp\/v2\/categories?post=4738"},{"taxonomy":"post_tag","embeddable":true,"href":"https:\/\/noticiasmercedinas.com\/site\/wp-json\/wp\/v2\/tags?post=4738"}],"curies":[{"name":"wp","href":"https:\/\/api.w.org\/{rel}","templated":true}]}}