{"id":47497,"date":"2020-06-26T08:51:36","date_gmt":"2020-06-26T11:51:36","guid":{"rendered":"https:\/\/noticiasmercedinas.com\/site\/?p=47497"},"modified":"2020-06-26T08:53:16","modified_gmt":"2020-06-26T11:53:16","slug":"sigue-la-discusion-sobre-salud-mental-este-viernes","status":"publish","type":"post","link":"https:\/\/noticiasmercedinas.com\/site\/2020\/06\/26\/sigue-la-discusion-sobre-salud-mental-este-viernes\/","title":{"rendered":"Sigue la discusi\u00f3n sobre Salud Mental, este viernes"},"content":{"rendered":"<p><img loading=\"lazy\" decoding=\"async\" class=\"alignnone wp-image-47569 size-full\" src=\"https:\/\/noticiasmercedinas.com\/site\/wp-content\/uploads\/2020\/06\/20200626_084528.png\" width=\"976\" height=\"531\" srcset=\"https:\/\/noticiasmercedinas.com\/site\/wp-content\/uploads\/2020\/06\/20200626_084528.png 976w, https:\/\/noticiasmercedinas.com\/site\/wp-content\/uploads\/2020\/06\/20200626_084528-300x163.png 300w, https:\/\/noticiasmercedinas.com\/site\/wp-content\/uploads\/2020\/06\/20200626_084528-768x418.png 768w, https:\/\/noticiasmercedinas.com\/site\/wp-content\/uploads\/2020\/06\/20200626_084528-640x348.png 640w, https:\/\/noticiasmercedinas.com\/site\/wp-content\/uploads\/2020\/06\/20200626_084528-681x371.png 681w\" sizes=\"auto, (max-width: 976px) 100vw, 976px\" \/><\/p>\n<p>El Ciclo de Conversatorios \u00abSalud Mental en Tiempos de Pandemia\u00bb sigue adelante y este viernes es el segundo encuentro sobre \u00abSalud Mental Comunitaria\u00bb, a las 19 horas, por esta vez, y se compartir\u00e1 en vivo por el Facebook del Diat Mercedes. Conversan: Marcelo Vistalli, Debora Scatorccio, Nicol\u00e1s Baldassini y Germ\u00e1n Brusco.<\/p>\n<p>\u00abCada a\u00f1o la intenci\u00f3n es proponer espacios de formaci\u00f3n y\/o jornadas en la ciudad sobre el Campo de la Salud Mental. Nos parecen espacios necesarios para seguir profundizando y actualizando nuestras pr\u00e1cticas\u00bb, sostuvo al respecto <strong>Julio Maldonado<\/strong>, quien es coordinador regional de Salud Mental, consultado por este medio. \u00abEste a\u00f1o, teniendo en cuenta el contexto dado, pensamos en poder generarlo desde lo virtual\u00bb, agreg\u00f3.<\/p>\n<p>En este sentido detall\u00f3 que ser\u00e1n 6 encuentros, los viernes a la tarde, y se transmitir\u00e1n en vivo por Facebook. \u00abEn cada conversaci\u00f3n se tomar\u00e1 un eje diferente (trabajo social, salud mental comunitaria, g\u00e9nero, etc) sobre el tema central, habr\u00e1 distintos invitados para que circulen diversas voces, experiencias y se genere un di\u00e1logo al que todos podemos acompa\u00f1ar desde las casas\u00bb, dijo.<\/p>\n<blockquote><p>\u00abNos parecen espacios necesarios para seguir profundizando y actualizando nuestras pr\u00e1cticas\u00bb, sostuvo al respecto <strong>Julio Maldonado<\/strong>, coordinador regional de Salud Mental.<\/p><\/blockquote>\n<p>El ciclo empez\u00f3 el viernes 19 de junio con la participaci\u00f3n del Colegio de Trabajadores Sociales (Mercedes), Lic Celeste Burone, Lic Natalia Lucero y Lic Liliana Ravera.<\/p>\n<p>Este viernes el espacio es a las 19 horas por el Facebook: Diat Mercedes y estar\u00e1n conversando Nicol\u00e1s Baldassini (Diat Jun\u00edn, Sedronar), Marcelo Vistalli, Germ\u00e1n Brusco y Debora Scatorccio (los tres por la Subsecretar\u00eda de Salud Mental, Consumo Problem\u00e1tico y G\u00e9nero)<\/p>\n<p>Estos dispositivos est\u00e1n bajo la \u00f3rbita de la Secretar\u00eda de Desarrollo Social de la Municipalidad.<\/p>\n<p><img loading=\"lazy\" decoding=\"async\" class=\"alignnone size-full wp-image-47495\" src=\"https:\/\/noticiasmercedinas.com\/site\/wp-content\/uploads\/2020\/06\/wp-1593086151011127386793.jpg\" width=\"927\" height=\"942\" srcset=\"https:\/\/noticiasmercedinas.com\/site\/wp-content\/uploads\/2020\/06\/wp-1593086151011127386793.jpg 927w, https:\/\/noticiasmercedinas.com\/site\/wp-content\/uploads\/2020\/06\/wp-1593086151011127386793-295x300.jpg 295w, https:\/\/noticiasmercedinas.com\/site\/wp-content\/uploads\/2020\/06\/wp-1593086151011127386793-768x780.jpg 768w, https:\/\/noticiasmercedinas.com\/site\/wp-content\/uploads\/2020\/06\/wp-1593086151011127386793-640x650.jpg 640w, https:\/\/noticiasmercedinas.com\/site\/wp-content\/uploads\/2020\/06\/wp-1593086151011127386793-681x692.jpg 681w\" sizes=\"auto, (max-width: 927px) 100vw, 927px\" \/><\/p>\n","protected":false},"excerpt":{"rendered":"<p>\u25a0 Ser\u00e1n parte del Ciclo de Conversatorios del Diat: Marcelo Vistalli, Debora Scatorccio, Nicol\u00e1s Baldassini y Germ\u00e1n Brusco. Desde las 19 horas por Facebook <\/p>\n","protected":false},"author":2,"featured_media":47569,"comment_status":"open","ping_status":"open","sticky":false,"template":"","format":"standard","meta":{"footnotes":""},"categories":[8992],"tags":[6149,695,8663,1190],"class_list":["post-47497","post","type-post","status-publish","format-standard","has-post-thumbnail","hentry","category-bienestar","tag-diat","tag-online","tag-pandemia","tag-salud-mental"],"yoast_head":"<!-- This site is optimized with the Yoast SEO plugin v27.4 - https:\/\/yoast.com\/product\/yoast-seo-wordpress\/ -->\n<title>Sigue la discusi\u00f3n sobre Salud Mental, este viernes<\/title>\n<meta name=\"robots\" content=\"index, follow, max-snippet:-1, max-image-preview:large, max-video-preview:-1\" \/>\n<link rel=\"canonical\" href=\"https:\/\/noticiasmercedinas.com\/site\/2020\/06\/26\/sigue-la-discusion-sobre-salud-mental-este-viernes\/\" \/>\n<meta property=\"og:locale\" content=\"es_ES\" \/>\n<meta property=\"og:type\" content=\"article\" \/>\n<meta property=\"og:title\" content=\"Sigue la discusi\u00f3n sobre Salud Mental, este viernes\" \/>\n<meta property=\"og:description\" content=\"\u25a0 Ser\u00e1n parte del Ciclo de Conversatorios del Diat: Marcelo Vistalli, Debora Scatorccio, Nicol\u00e1s Baldassini y Germ\u00e1n Brusco. Desde las 19 horas por Facebook\" \/>\n<meta property=\"og:url\" content=\"https:\/\/noticiasmercedinas.com\/site\/2020\/06\/26\/sigue-la-discusion-sobre-salud-mental-este-viernes\/\" \/>\n<meta property=\"og:site_name\" content=\"NOTICIASMERCEDINAS.COM\" \/>\n<meta property=\"article:publisher\" content=\"https:\/\/www.facebook.com\/noticiasmercedinas\/\" \/>\n<meta property=\"article:author\" content=\"https:\/\/www.facebook.com\/cristian.falabella\" \/>\n<meta property=\"article:published_time\" content=\"2020-06-26T11:51:36+00:00\" \/>\n<meta property=\"article:modified_time\" content=\"2020-06-26T11:53:16+00:00\" \/>\n<meta property=\"og:image\" content=\"https:\/\/noticiasmercedinas.com\/site\/wp-content\/uploads\/2020\/06\/20200626_084528.png\" \/>\n\t<meta property=\"og:image:width\" content=\"976\" \/>\n\t<meta property=\"og:image:height\" content=\"531\" \/>\n\t<meta property=\"og:image:type\" content=\"image\/png\" \/>\n<meta name=\"author\" content=\"Cristian Falabella NOTICIASMERCEDINAS.COM\" \/>\n<meta name=\"twitter:card\" content=\"summary_large_image\" \/>\n<meta name=\"twitter:creator\" content=\"@https:\/\/twitter.com\/NOTMERCEDINAS\" \/>\n<meta name=\"twitter:site\" content=\"@notmercedinas\" \/>\n<meta name=\"twitter:label1\" content=\"Escrito por\" \/>\n\t<meta name=\"twitter:data1\" content=\"Cristian Falabella NOTICIASMERCEDINAS.COM\" \/>\n\t<meta name=\"twitter:label2\" content=\"Tiempo de lectura\" \/>\n\t<meta name=\"twitter:data2\" content=\"2 minutos\" \/>\n<script type=\"application\/ld+json\" class=\"yoast-schema-graph\">{\"@context\":\"https:\\\/\\\/schema.org\",\"@graph\":[{\"@type\":\"Article\",\"@id\":\"https:\\\/\\\/noticiasmercedinas.com\\\/site\\\/2020\\\/06\\\/26\\\/sigue-la-discusion-sobre-salud-mental-este-viernes\\\/#article\",\"isPartOf\":{\"@id\":\"https:\\\/\\\/noticiasmercedinas.com\\\/site\\\/2020\\\/06\\\/26\\\/sigue-la-discusion-sobre-salud-mental-este-viernes\\\/\"},\"author\":{\"name\":\"Cristian Falabella NOTICIASMERCEDINAS.COM\",\"@id\":\"https:\\\/\\\/noticiasmercedinas.com\\\/site\\\/#\\\/schema\\\/person\\\/d481a9696a5feaec13a60e2bbd991a6a\"},\"headline\":\"Sigue la discusi\u00f3n sobre Salud Mental, este viernes\",\"datePublished\":\"2020-06-26T11:51:36+00:00\",\"dateModified\":\"2020-06-26T11:53:16+00:00\",\"mainEntityOfPage\":{\"@id\":\"https:\\\/\\\/noticiasmercedinas.com\\\/site\\\/2020\\\/06\\\/26\\\/sigue-la-discusion-sobre-salud-mental-este-viernes\\\/\"},\"wordCount\":311,\"commentCount\":0,\"publisher\":{\"@id\":\"https:\\\/\\\/noticiasmercedinas.com\\\/site\\\/#organization\"},\"image\":{\"@id\":\"https:\\\/\\\/noticiasmercedinas.com\\\/site\\\/2020\\\/06\\\/26\\\/sigue-la-discusion-sobre-salud-mental-este-viernes\\\/#primaryimage\"},\"thumbnailUrl\":\"https:\\\/\\\/noticiasmercedinas.com\\\/site\\\/wp-content\\\/uploads\\\/2020\\\/06\\\/20200626_084528.png\",\"keywords\":[\"diat\",\"online\",\"pandemia\",\"salud mental\"],\"articleSection\":[\"Bienestar\"],\"inLanguage\":\"es\",\"potentialAction\":[{\"@type\":\"CommentAction\",\"name\":\"Comment\",\"target\":[\"https:\\\/\\\/noticiasmercedinas.com\\\/site\\\/2020\\\/06\\\/26\\\/sigue-la-discusion-sobre-salud-mental-este-viernes\\\/#respond\"]}]},{\"@type\":\"WebPage\",\"@id\":\"https:\\\/\\\/noticiasmercedinas.com\\\/site\\\/2020\\\/06\\\/26\\\/sigue-la-discusion-sobre-salud-mental-este-viernes\\\/\",\"url\":\"https:\\\/\\\/noticiasmercedinas.com\\\/site\\\/2020\\\/06\\\/26\\\/sigue-la-discusion-sobre-salud-mental-este-viernes\\\/\",\"name\":\"Sigue la discusi\u00f3n sobre Salud Mental, este viernes\",\"isPartOf\":{\"@id\":\"https:\\\/\\\/noticiasmercedinas.com\\\/site\\\/#website\"},\"primaryImageOfPage\":{\"@id\":\"https:\\\/\\\/noticiasmercedinas.com\\\/site\\\/2020\\\/06\\\/26\\\/sigue-la-discusion-sobre-salud-mental-este-viernes\\\/#primaryimage\"},\"image\":{\"@id\":\"https:\\\/\\\/noticiasmercedinas.com\\\/site\\\/2020\\\/06\\\/26\\\/sigue-la-discusion-sobre-salud-mental-este-viernes\\\/#primaryimage\"},\"thumbnailUrl\":\"https:\\\/\\\/noticiasmercedinas.com\\\/site\\\/wp-content\\\/uploads\\\/2020\\\/06\\\/20200626_084528.png\",\"datePublished\":\"2020-06-26T11:51:36+00:00\",\"dateModified\":\"2020-06-26T11:53:16+00:00\",\"breadcrumb\":{\"@id\":\"https:\\\/\\\/noticiasmercedinas.com\\\/site\\\/2020\\\/06\\\/26\\\/sigue-la-discusion-sobre-salud-mental-este-viernes\\\/#breadcrumb\"},\"inLanguage\":\"es\",\"potentialAction\":[{\"@type\":\"ReadAction\",\"target\":[\"https:\\\/\\\/noticiasmercedinas.com\\\/site\\\/2020\\\/06\\\/26\\\/sigue-la-discusion-sobre-salud-mental-este-viernes\\\/\"]}]},{\"@type\":\"ImageObject\",\"inLanguage\":\"es\",\"@id\":\"https:\\\/\\\/noticiasmercedinas.com\\\/site\\\/2020\\\/06\\\/26\\\/sigue-la-discusion-sobre-salud-mental-este-viernes\\\/#primaryimage\",\"url\":\"https:\\\/\\\/noticiasmercedinas.com\\\/site\\\/wp-content\\\/uploads\\\/2020\\\/06\\\/20200626_084528.png\",\"contentUrl\":\"https:\\\/\\\/noticiasmercedinas.com\\\/site\\\/wp-content\\\/uploads\\\/2020\\\/06\\\/20200626_084528.png\",\"width\":976,\"height\":531},{\"@type\":\"BreadcrumbList\",\"@id\":\"https:\\\/\\\/noticiasmercedinas.com\\\/site\\\/2020\\\/06\\\/26\\\/sigue-la-discusion-sobre-salud-mental-este-viernes\\\/#breadcrumb\",\"itemListElement\":[{\"@type\":\"ListItem\",\"position\":1,\"name\":\"Portada\",\"item\":\"https:\\\/\\\/noticiasmercedinas.com\\\/site\\\/\"},{\"@type\":\"ListItem\",\"position\":2,\"name\":\"Sigue la discusi\u00f3n sobre Salud Mental, este viernes\"}]},{\"@type\":\"WebSite\",\"@id\":\"https:\\\/\\\/noticiasmercedinas.com\\\/site\\\/#website\",\"url\":\"https:\\\/\\\/noticiasmercedinas.com\\\/site\\\/\",\"name\":\"NOTICIASMERCEDINAS.COM\",\"description\":\"Mercedes, Buenos Aires, Argentina\",\"publisher\":{\"@id\":\"https:\\\/\\\/noticiasmercedinas.com\\\/site\\\/#organization\"},\"potentialAction\":[{\"@type\":\"SearchAction\",\"target\":{\"@type\":\"EntryPoint\",\"urlTemplate\":\"https:\\\/\\\/noticiasmercedinas.com\\\/site\\\/?s={search_term_string}\"},\"query-input\":{\"@type\":\"PropertyValueSpecification\",\"valueRequired\":true,\"valueName\":\"search_term_string\"}}],\"inLanguage\":\"es\"},{\"@type\":\"Organization\",\"@id\":\"https:\\\/\\\/noticiasmercedinas.com\\\/site\\\/#organization\",\"name\":\"NOTICIASMERCEDINAS.COM\",\"url\":\"https:\\\/\\\/noticiasmercedinas.com\\\/site\\\/\",\"logo\":{\"@type\":\"ImageObject\",\"inLanguage\":\"es\",\"@id\":\"https:\\\/\\\/noticiasmercedinas.com\\\/site\\\/#\\\/schema\\\/logo\\\/image\\\/\",\"url\":\"https:\\\/\\\/noticiasmercedinas.com\\\/site\\\/wp-content\\\/uploads\\\/2020\\\/06\\\/LOGO-512.jpg\",\"contentUrl\":\"https:\\\/\\\/noticiasmercedinas.com\\\/site\\\/wp-content\\\/uploads\\\/2020\\\/06\\\/LOGO-512.jpg\",\"width\":512,\"height\":512,\"caption\":\"NOTICIASMERCEDINAS.COM\"},\"image\":{\"@id\":\"https:\\\/\\\/noticiasmercedinas.com\\\/site\\\/#\\\/schema\\\/logo\\\/image\\\/\"},\"sameAs\":[\"https:\\\/\\\/www.facebook.com\\\/noticiasmercedinas\\\/\",\"https:\\\/\\\/x.com\\\/notmercedinas\",\"https:\\\/\\\/www.instagram.com\\\/noticiasmercedinas\\\/\"]},{\"@type\":\"Person\",\"@id\":\"https:\\\/\\\/noticiasmercedinas.com\\\/site\\\/#\\\/schema\\\/person\\\/d481a9696a5feaec13a60e2bbd991a6a\",\"name\":\"Cristian Falabella NOTICIASMERCEDINAS.COM\",\"image\":{\"@type\":\"ImageObject\",\"inLanguage\":\"es\",\"@id\":\"https:\\\/\\\/secure.gravatar.com\\\/avatar\\\/0dbbfc45970cc46bcd0e57766228574ff3511d6eed045b182f536f0f478c1f06?s=96&d=mm&r=g\",\"url\":\"https:\\\/\\\/secure.gravatar.com\\\/avatar\\\/0dbbfc45970cc46bcd0e57766228574ff3511d6eed045b182f536f0f478c1f06?s=96&d=mm&r=g\",\"contentUrl\":\"https:\\\/\\\/secure.gravatar.com\\\/avatar\\\/0dbbfc45970cc46bcd0e57766228574ff3511d6eed045b182f536f0f478c1f06?s=96&d=mm&r=g\",\"caption\":\"Cristian Falabella NOTICIASMERCEDINAS.COM\"},\"description\":\"Periodista, editor de Noticias Mercedinas. Pas\u00f3 por varias redacciones y emprendimientos de prensa, en distintos formatos y \u00e9pocas. Se especializ\u00f3 --y sigue haci\u00e9ndolo-- en comunicaci\u00f3n en la web y en junio de 2006 fund\u00f3 este diario digital.\",\"sameAs\":[\"https:\\\/\\\/noticiasmercedinas.com\",\"https:\\\/\\\/www.facebook.com\\\/cristian.falabella\",\"https:\\\/\\\/www.instagram.com\\\/noticiasmercedinas\\\/\",\"https:\\\/\\\/x.com\\\/https:\\\/\\\/twitter.com\\\/NOTMERCEDINAS\"],\"url\":\"https:\\\/\\\/noticiasmercedinas.com\\\/site\\\/author\\\/as000384\\\/\"}]}<\/script>\n<!-- \/ Yoast SEO plugin. -->","yoast_head_json":{"title":"Sigue la discusi\u00f3n sobre Salud Mental, este viernes","robots":{"index":"index","follow":"follow","max-snippet":"max-snippet:-1","max-image-preview":"max-image-preview:large","max-video-preview":"max-video-preview:-1"},"canonical":"https:\/\/noticiasmercedinas.com\/site\/2020\/06\/26\/sigue-la-discusion-sobre-salud-mental-este-viernes\/","og_locale":"es_ES","og_type":"article","og_title":"Sigue la discusi\u00f3n sobre Salud Mental, este viernes","og_description":"\u25a0 Ser\u00e1n parte del Ciclo de Conversatorios del Diat: Marcelo Vistalli, Debora Scatorccio, Nicol\u00e1s Baldassini y Germ\u00e1n Brusco. Desde las 19 horas por Facebook","og_url":"https:\/\/noticiasmercedinas.com\/site\/2020\/06\/26\/sigue-la-discusion-sobre-salud-mental-este-viernes\/","og_site_name":"NOTICIASMERCEDINAS.COM","article_publisher":"https:\/\/www.facebook.com\/noticiasmercedinas\/","article_author":"https:\/\/www.facebook.com\/cristian.falabella","article_published_time":"2020-06-26T11:51:36+00:00","article_modified_time":"2020-06-26T11:53:16+00:00","og_image":[{"width":976,"height":531,"url":"https:\/\/noticiasmercedinas.com\/site\/wp-content\/uploads\/2020\/06\/20200626_084528.png","type":"image\/png"}],"author":"Cristian Falabella NOTICIASMERCEDINAS.COM","twitter_card":"summary_large_image","twitter_creator":"@https:\/\/twitter.com\/NOTMERCEDINAS","twitter_site":"@notmercedinas","twitter_misc":{"Escrito por":"Cristian Falabella NOTICIASMERCEDINAS.COM","Tiempo de lectura":"2 minutos"},"schema":{"@context":"https:\/\/schema.org","@graph":[{"@type":"Article","@id":"https:\/\/noticiasmercedinas.com\/site\/2020\/06\/26\/sigue-la-discusion-sobre-salud-mental-este-viernes\/#article","isPartOf":{"@id":"https:\/\/noticiasmercedinas.com\/site\/2020\/06\/26\/sigue-la-discusion-sobre-salud-mental-este-viernes\/"},"author":{"name":"Cristian Falabella NOTICIASMERCEDINAS.COM","@id":"https:\/\/noticiasmercedinas.com\/site\/#\/schema\/person\/d481a9696a5feaec13a60e2bbd991a6a"},"headline":"Sigue la discusi\u00f3n sobre Salud Mental, este viernes","datePublished":"2020-06-26T11:51:36+00:00","dateModified":"2020-06-26T11:53:16+00:00","mainEntityOfPage":{"@id":"https:\/\/noticiasmercedinas.com\/site\/2020\/06\/26\/sigue-la-discusion-sobre-salud-mental-este-viernes\/"},"wordCount":311,"commentCount":0,"publisher":{"@id":"https:\/\/noticiasmercedinas.com\/site\/#organization"},"image":{"@id":"https:\/\/noticiasmercedinas.com\/site\/2020\/06\/26\/sigue-la-discusion-sobre-salud-mental-este-viernes\/#primaryimage"},"thumbnailUrl":"https:\/\/noticiasmercedinas.com\/site\/wp-content\/uploads\/2020\/06\/20200626_084528.png","keywords":["diat","online","pandemia","salud mental"],"articleSection":["Bienestar"],"inLanguage":"es","potentialAction":[{"@type":"CommentAction","name":"Comment","target":["https:\/\/noticiasmercedinas.com\/site\/2020\/06\/26\/sigue-la-discusion-sobre-salud-mental-este-viernes\/#respond"]}]},{"@type":"WebPage","@id":"https:\/\/noticiasmercedinas.com\/site\/2020\/06\/26\/sigue-la-discusion-sobre-salud-mental-este-viernes\/","url":"https:\/\/noticiasmercedinas.com\/site\/2020\/06\/26\/sigue-la-discusion-sobre-salud-mental-este-viernes\/","name":"Sigue la discusi\u00f3n sobre Salud Mental, este viernes","isPartOf":{"@id":"https:\/\/noticiasmercedinas.com\/site\/#website"},"primaryImageOfPage":{"@id":"https:\/\/noticiasmercedinas.com\/site\/2020\/06\/26\/sigue-la-discusion-sobre-salud-mental-este-viernes\/#primaryimage"},"image":{"@id":"https:\/\/noticiasmercedinas.com\/site\/2020\/06\/26\/sigue-la-discusion-sobre-salud-mental-este-viernes\/#primaryimage"},"thumbnailUrl":"https:\/\/noticiasmercedinas.com\/site\/wp-content\/uploads\/2020\/06\/20200626_084528.png","datePublished":"2020-06-26T11:51:36+00:00","dateModified":"2020-06-26T11:53:16+00:00","breadcrumb":{"@id":"https:\/\/noticiasmercedinas.com\/site\/2020\/06\/26\/sigue-la-discusion-sobre-salud-mental-este-viernes\/#breadcrumb"},"inLanguage":"es","potentialAction":[{"@type":"ReadAction","target":["https:\/\/noticiasmercedinas.com\/site\/2020\/06\/26\/sigue-la-discusion-sobre-salud-mental-este-viernes\/"]}]},{"@type":"ImageObject","inLanguage":"es","@id":"https:\/\/noticiasmercedinas.com\/site\/2020\/06\/26\/sigue-la-discusion-sobre-salud-mental-este-viernes\/#primaryimage","url":"https:\/\/noticiasmercedinas.com\/site\/wp-content\/uploads\/2020\/06\/20200626_084528.png","contentUrl":"https:\/\/noticiasmercedinas.com\/site\/wp-content\/uploads\/2020\/06\/20200626_084528.png","width":976,"height":531},{"@type":"BreadcrumbList","@id":"https:\/\/noticiasmercedinas.com\/site\/2020\/06\/26\/sigue-la-discusion-sobre-salud-mental-este-viernes\/#breadcrumb","itemListElement":[{"@type":"ListItem","position":1,"name":"Portada","item":"https:\/\/noticiasmercedinas.com\/site\/"},{"@type":"ListItem","position":2,"name":"Sigue la discusi\u00f3n sobre Salud Mental, este viernes"}]},{"@type":"WebSite","@id":"https:\/\/noticiasmercedinas.com\/site\/#website","url":"https:\/\/noticiasmercedinas.com\/site\/","name":"NOTICIASMERCEDINAS.COM","description":"Mercedes, Buenos Aires, Argentina","publisher":{"@id":"https:\/\/noticiasmercedinas.com\/site\/#organization"},"potentialAction":[{"@type":"SearchAction","target":{"@type":"EntryPoint","urlTemplate":"https:\/\/noticiasmercedinas.com\/site\/?s={search_term_string}"},"query-input":{"@type":"PropertyValueSpecification","valueRequired":true,"valueName":"search_term_string"}}],"inLanguage":"es"},{"@type":"Organization","@id":"https:\/\/noticiasmercedinas.com\/site\/#organization","name":"NOTICIASMERCEDINAS.COM","url":"https:\/\/noticiasmercedinas.com\/site\/","logo":{"@type":"ImageObject","inLanguage":"es","@id":"https:\/\/noticiasmercedinas.com\/site\/#\/schema\/logo\/image\/","url":"https:\/\/noticiasmercedinas.com\/site\/wp-content\/uploads\/2020\/06\/LOGO-512.jpg","contentUrl":"https:\/\/noticiasmercedinas.com\/site\/wp-content\/uploads\/2020\/06\/LOGO-512.jpg","width":512,"height":512,"caption":"NOTICIASMERCEDINAS.COM"},"image":{"@id":"https:\/\/noticiasmercedinas.com\/site\/#\/schema\/logo\/image\/"},"sameAs":["https:\/\/www.facebook.com\/noticiasmercedinas\/","https:\/\/x.com\/notmercedinas","https:\/\/www.instagram.com\/noticiasmercedinas\/"]},{"@type":"Person","@id":"https:\/\/noticiasmercedinas.com\/site\/#\/schema\/person\/d481a9696a5feaec13a60e2bbd991a6a","name":"Cristian Falabella NOTICIASMERCEDINAS.COM","image":{"@type":"ImageObject","inLanguage":"es","@id":"https:\/\/secure.gravatar.com\/avatar\/0dbbfc45970cc46bcd0e57766228574ff3511d6eed045b182f536f0f478c1f06?s=96&d=mm&r=g","url":"https:\/\/secure.gravatar.com\/avatar\/0dbbfc45970cc46bcd0e57766228574ff3511d6eed045b182f536f0f478c1f06?s=96&d=mm&r=g","contentUrl":"https:\/\/secure.gravatar.com\/avatar\/0dbbfc45970cc46bcd0e57766228574ff3511d6eed045b182f536f0f478c1f06?s=96&d=mm&r=g","caption":"Cristian Falabella NOTICIASMERCEDINAS.COM"},"description":"Periodista, editor de Noticias Mercedinas. Pas\u00f3 por varias redacciones y emprendimientos de prensa, en distintos formatos y \u00e9pocas. Se especializ\u00f3 --y sigue haci\u00e9ndolo-- en comunicaci\u00f3n en la web y en junio de 2006 fund\u00f3 este diario digital.","sameAs":["https:\/\/noticiasmercedinas.com","https:\/\/www.facebook.com\/cristian.falabella","https:\/\/www.instagram.com\/noticiasmercedinas\/","https:\/\/x.com\/https:\/\/twitter.com\/NOTMERCEDINAS"],"url":"https:\/\/noticiasmercedinas.com\/site\/author\/as000384\/"}]}},"amp_enabled":true,"_links":{"self":[{"href":"https:\/\/noticiasmercedinas.com\/site\/wp-json\/wp\/v2\/posts\/47497","targetHints":{"allow":["GET"]}}],"collection":[{"href":"https:\/\/noticiasmercedinas.com\/site\/wp-json\/wp\/v2\/posts"}],"about":[{"href":"https:\/\/noticiasmercedinas.com\/site\/wp-json\/wp\/v2\/types\/post"}],"author":[{"embeddable":true,"href":"https:\/\/noticiasmercedinas.com\/site\/wp-json\/wp\/v2\/users\/2"}],"replies":[{"embeddable":true,"href":"https:\/\/noticiasmercedinas.com\/site\/wp-json\/wp\/v2\/comments?post=47497"}],"version-history":[{"count":4,"href":"https:\/\/noticiasmercedinas.com\/site\/wp-json\/wp\/v2\/posts\/47497\/revisions"}],"predecessor-version":[{"id":47571,"href":"https:\/\/noticiasmercedinas.com\/site\/wp-json\/wp\/v2\/posts\/47497\/revisions\/47571"}],"wp:featuredmedia":[{"embeddable":true,"href":"https:\/\/noticiasmercedinas.com\/site\/wp-json\/wp\/v2\/media\/47569"}],"wp:attachment":[{"href":"https:\/\/noticiasmercedinas.com\/site\/wp-json\/wp\/v2\/media?parent=47497"}],"wp:term":[{"taxonomy":"category","embeddable":true,"href":"https:\/\/noticiasmercedinas.com\/site\/wp-json\/wp\/v2\/categories?post=47497"},{"taxonomy":"post_tag","embeddable":true,"href":"https:\/\/noticiasmercedinas.com\/site\/wp-json\/wp\/v2\/tags?post=47497"}],"curies":[{"name":"wp","href":"https:\/\/api.w.org\/{rel}","templated":true}]}}