{"id":47717,"date":"2020-06-28T12:39:12","date_gmt":"2020-06-28T15:39:12","guid":{"rendered":"https:\/\/noticiasmercedinas.com\/site\/?p=47717"},"modified":"2020-06-28T12:42:22","modified_gmt":"2020-06-28T15:42:22","slug":"ley-micaela-defensoria-envio-a-municipios-pautas-para-adherir","status":"publish","type":"post","link":"https:\/\/noticiasmercedinas.com\/site\/2020\/06\/28\/ley-micaela-defensoria-envio-a-municipios-pautas-para-adherir\/","title":{"rendered":"Ley Micaela: Defensor\u00eda envi\u00f3 a municipios pautas para adherir"},"content":{"rendered":"<p><img loading=\"lazy\" decoding=\"async\" src=\"https:\/\/noticiasmercedinas.com\/site\/wp-content\/uploads\/2020\/06\/me06fo01_2-1035190547.jpg\" class=\"alignnone wp-image-47719 size-full\" width=\"960\" height=\"540\" srcset=\"https:\/\/noticiasmercedinas.com\/site\/wp-content\/uploads\/2020\/06\/me06fo01_2-1035190547.jpg 960w, https:\/\/noticiasmercedinas.com\/site\/wp-content\/uploads\/2020\/06\/me06fo01_2-1035190547-300x169.jpg 300w, https:\/\/noticiasmercedinas.com\/site\/wp-content\/uploads\/2020\/06\/me06fo01_2-1035190547-768x432.jpg 768w, https:\/\/noticiasmercedinas.com\/site\/wp-content\/uploads\/2020\/06\/me06fo01_2-1035190547-640x360.jpg 640w, https:\/\/noticiasmercedinas.com\/site\/wp-content\/uploads\/2020\/06\/me06fo01_2-1035190547-681x383.jpg 681w\" sizes=\"auto, (max-width: 960px) 100vw, 960px\" \/><\/p>\n<p>Con la intenci\u00f3n de fomentar la capacitaci\u00f3n obligatoria y permanente en la tem\u00e1tica de g\u00e9nero y violencia contra las mujeres, la Defensor\u00eda del Pueblo bonaerense le envi\u00f3 a los municipios una serie de pautas para la elaboraci\u00f3n de ordenanzas para que se adhieran a la Ley Micaela de la Provincia.<\/p>\n<p>Esta norma apunta a que todas las personas que se desempe\u00f1an en todos los niveles de la administraci\u00f3n p\u00fablica sean alcanzadas por esta formaci\u00f3n en g\u00e9nero, por lo que la iniciativa propuesta por el organismo que conduce Guido Lorenzino busca ofrecer una pauta m\u00ednima e indispensable que oriente a la elaboraci\u00f3n de las ordenanzas de adhesi\u00f3n en los distintos concejos deliberantes.<\/p>\n<p>\u201cLa administraci\u00f3n p\u00fablica, en todos los niveles, debe avanzar con pol\u00edticas de g\u00e9nero que sirvan para eliminar la violencia contra las mujeres, por lo que la Ley Micaela es una herramienta poderosa para este tipo de abordaje. Lo ideal ser\u00eda que todos los municipios adhieran a la ley provincial para que haya criterios unificados al respecto\u201d, sostuvo Lorenzino.<\/p>\n<p>Entre las pautas definidas por la Secretaria de Pol\u00edticas de Genero, Ni\u00f1ez y Adolescencia de la Defensor\u00eda para la elaboraci\u00f3n de las ordenanzas figuran par\u00e1metros que tienen que ver con el marco legal a adoptar, c\u00f3mo formar los \u00f3rganos de aplicaci\u00f3n y qu\u00e9 \u00e1reas deber\u00edan estar incluidas, y las particularidades de los contenidos.<\/p>\n<p>Tambi\u00e9n se incluyen pautas que tienen que ver con la aprobaci\u00f3n y certificaci\u00f3n de los cursos, qu\u00e9 suceder\u00eda en caso de que los trabajadores no hagan la capacitaci\u00f3n, la forma en que se dictan, y como se monitorear\u00e1 el cumplimiento de estos programas.<\/p>\n<p><img loading=\"lazy\" decoding=\"async\" class=\"alignnone wp-image-47716 size-full\" src=\"https:\/\/noticiasmercedinas.com\/site\/wp-content\/uploads\/2020\/06\/wp-1593357807899781267350.jpg\" width=\"1080\" height=\"1080\" srcset=\"https:\/\/noticiasmercedinas.com\/site\/wp-content\/uploads\/2020\/06\/wp-1593357807899781267350.jpg 1080w, https:\/\/noticiasmercedinas.com\/site\/wp-content\/uploads\/2020\/06\/wp-1593357807899781267350-300x300.jpg 300w, https:\/\/noticiasmercedinas.com\/site\/wp-content\/uploads\/2020\/06\/wp-1593357807899781267350-1024x1024.jpg 1024w, https:\/\/noticiasmercedinas.com\/site\/wp-content\/uploads\/2020\/06\/wp-1593357807899781267350-150x150.jpg 150w, https:\/\/noticiasmercedinas.com\/site\/wp-content\/uploads\/2020\/06\/wp-1593357807899781267350-768x768.jpg 768w, https:\/\/noticiasmercedinas.com\/site\/wp-content\/uploads\/2020\/06\/wp-1593357807899781267350-640x640.jpg 640w, https:\/\/noticiasmercedinas.com\/site\/wp-content\/uploads\/2020\/06\/wp-1593357807899781267350-681x681.jpg 681w\" sizes=\"auto, (max-width: 1080px) 100vw, 1080px\" \/><\/p>\n","protected":false},"excerpt":{"rendered":"<p>\u25a0 La intenci\u00f3n es que los distritos se sumen a la capacitaci\u00f3n en la tem\u00e1tica de g\u00e9nero y violencia contra las mujeres.<\/p>\n","protected":false},"author":2,"featured_media":47719,"comment_status":"open","ping_status":"open","sticky":false,"template":"","format":"standard","meta":{"footnotes":""},"categories":[7919],"tags":[3910,6510,3312],"class_list":["post-47717","post","type-post","status-publish","format-standard","has-post-thumbnail","hentry","category-provinciales","tag-defensoria","tag-ley-micaela","tag-violencia-de-genero"],"yoast_head":"<!-- This site is optimized with the Yoast SEO plugin v27.4 - https:\/\/yoast.com\/product\/yoast-seo-wordpress\/ -->\n<title>Ley Micaela: Defensor\u00eda envi\u00f3 a municipios pautas para adherir<\/title>\n<meta name=\"robots\" content=\"index, follow, max-snippet:-1, max-image-preview:large, max-video-preview:-1\" \/>\n<link rel=\"canonical\" href=\"https:\/\/noticiasmercedinas.com\/site\/2020\/06\/28\/ley-micaela-defensoria-envio-a-municipios-pautas-para-adherir\/\" \/>\n<meta property=\"og:locale\" content=\"es_ES\" \/>\n<meta property=\"og:type\" content=\"article\" \/>\n<meta property=\"og:title\" content=\"Ley Micaela: Defensor\u00eda envi\u00f3 a municipios pautas para adherir\" \/>\n<meta property=\"og:description\" content=\"\u25a0 La intenci\u00f3n es que los distritos se sumen a la capacitaci\u00f3n en la tem\u00e1tica de g\u00e9nero y violencia contra las mujeres.\" \/>\n<meta property=\"og:url\" content=\"https:\/\/noticiasmercedinas.com\/site\/2020\/06\/28\/ley-micaela-defensoria-envio-a-municipios-pautas-para-adherir\/\" \/>\n<meta property=\"og:site_name\" content=\"NOTICIASMERCEDINAS.COM\" \/>\n<meta property=\"article:publisher\" content=\"https:\/\/www.facebook.com\/noticiasmercedinas\/\" \/>\n<meta property=\"article:author\" content=\"https:\/\/www.facebook.com\/cristian.falabella\" \/>\n<meta property=\"article:published_time\" content=\"2020-06-28T15:39:12+00:00\" \/>\n<meta property=\"article:modified_time\" content=\"2020-06-28T15:42:22+00:00\" \/>\n<meta property=\"og:image\" content=\"https:\/\/noticiasmercedinas.com\/site\/wp-content\/uploads\/2020\/06\/me06fo01_2-1035190547.jpg\" \/>\n\t<meta property=\"og:image:width\" content=\"960\" \/>\n\t<meta property=\"og:image:height\" content=\"540\" \/>\n\t<meta property=\"og:image:type\" content=\"image\/jpeg\" \/>\n<meta name=\"author\" content=\"Cristian Falabella NOTICIASMERCEDINAS.COM\" \/>\n<meta name=\"twitter:card\" content=\"summary_large_image\" \/>\n<meta name=\"twitter:creator\" content=\"@https:\/\/twitter.com\/NOTMERCEDINAS\" \/>\n<meta name=\"twitter:site\" content=\"@notmercedinas\" \/>\n<meta name=\"twitter:label1\" content=\"Escrito por\" \/>\n\t<meta name=\"twitter:data1\" content=\"Cristian Falabella NOTICIASMERCEDINAS.COM\" \/>\n\t<meta name=\"twitter:label2\" content=\"Tiempo de lectura\" \/>\n\t<meta name=\"twitter:data2\" content=\"1 minuto\" \/>\n<script type=\"application\/ld+json\" class=\"yoast-schema-graph\">{\"@context\":\"https:\\\/\\\/schema.org\",\"@graph\":[{\"@type\":\"Article\",\"@id\":\"https:\\\/\\\/noticiasmercedinas.com\\\/site\\\/2020\\\/06\\\/28\\\/ley-micaela-defensoria-envio-a-municipios-pautas-para-adherir\\\/#article\",\"isPartOf\":{\"@id\":\"https:\\\/\\\/noticiasmercedinas.com\\\/site\\\/2020\\\/06\\\/28\\\/ley-micaela-defensoria-envio-a-municipios-pautas-para-adherir\\\/\"},\"author\":{\"name\":\"Cristian Falabella NOTICIASMERCEDINAS.COM\",\"@id\":\"https:\\\/\\\/noticiasmercedinas.com\\\/site\\\/#\\\/schema\\\/person\\\/d481a9696a5feaec13a60e2bbd991a6a\"},\"headline\":\"Ley Micaela: Defensor\u00eda envi\u00f3 a municipios pautas para adherir\",\"datePublished\":\"2020-06-28T15:39:12+00:00\",\"dateModified\":\"2020-06-28T15:42:22+00:00\",\"mainEntityOfPage\":{\"@id\":\"https:\\\/\\\/noticiasmercedinas.com\\\/site\\\/2020\\\/06\\\/28\\\/ley-micaela-defensoria-envio-a-municipios-pautas-para-adherir\\\/\"},\"wordCount\":307,\"commentCount\":0,\"publisher\":{\"@id\":\"https:\\\/\\\/noticiasmercedinas.com\\\/site\\\/#organization\"},\"image\":{\"@id\":\"https:\\\/\\\/noticiasmercedinas.com\\\/site\\\/2020\\\/06\\\/28\\\/ley-micaela-defensoria-envio-a-municipios-pautas-para-adherir\\\/#primaryimage\"},\"thumbnailUrl\":\"https:\\\/\\\/noticiasmercedinas.com\\\/site\\\/wp-content\\\/uploads\\\/2020\\\/06\\\/me06fo01_2-1035190547.jpg\",\"keywords\":[\"defensoria\",\"ley micaela\",\"Violencia de g\u00e9nero\"],\"articleSection\":[\"Provinciales\"],\"inLanguage\":\"es\",\"potentialAction\":[{\"@type\":\"CommentAction\",\"name\":\"Comment\",\"target\":[\"https:\\\/\\\/noticiasmercedinas.com\\\/site\\\/2020\\\/06\\\/28\\\/ley-micaela-defensoria-envio-a-municipios-pautas-para-adherir\\\/#respond\"]}]},{\"@type\":\"WebPage\",\"@id\":\"https:\\\/\\\/noticiasmercedinas.com\\\/site\\\/2020\\\/06\\\/28\\\/ley-micaela-defensoria-envio-a-municipios-pautas-para-adherir\\\/\",\"url\":\"https:\\\/\\\/noticiasmercedinas.com\\\/site\\\/2020\\\/06\\\/28\\\/ley-micaela-defensoria-envio-a-municipios-pautas-para-adherir\\\/\",\"name\":\"Ley Micaela: Defensor\u00eda envi\u00f3 a municipios pautas para adherir\",\"isPartOf\":{\"@id\":\"https:\\\/\\\/noticiasmercedinas.com\\\/site\\\/#website\"},\"primaryImageOfPage\":{\"@id\":\"https:\\\/\\\/noticiasmercedinas.com\\\/site\\\/2020\\\/06\\\/28\\\/ley-micaela-defensoria-envio-a-municipios-pautas-para-adherir\\\/#primaryimage\"},\"image\":{\"@id\":\"https:\\\/\\\/noticiasmercedinas.com\\\/site\\\/2020\\\/06\\\/28\\\/ley-micaela-defensoria-envio-a-municipios-pautas-para-adherir\\\/#primaryimage\"},\"thumbnailUrl\":\"https:\\\/\\\/noticiasmercedinas.com\\\/site\\\/wp-content\\\/uploads\\\/2020\\\/06\\\/me06fo01_2-1035190547.jpg\",\"datePublished\":\"2020-06-28T15:39:12+00:00\",\"dateModified\":\"2020-06-28T15:42:22+00:00\",\"breadcrumb\":{\"@id\":\"https:\\\/\\\/noticiasmercedinas.com\\\/site\\\/2020\\\/06\\\/28\\\/ley-micaela-defensoria-envio-a-municipios-pautas-para-adherir\\\/#breadcrumb\"},\"inLanguage\":\"es\",\"potentialAction\":[{\"@type\":\"ReadAction\",\"target\":[\"https:\\\/\\\/noticiasmercedinas.com\\\/site\\\/2020\\\/06\\\/28\\\/ley-micaela-defensoria-envio-a-municipios-pautas-para-adherir\\\/\"]}]},{\"@type\":\"ImageObject\",\"inLanguage\":\"es\",\"@id\":\"https:\\\/\\\/noticiasmercedinas.com\\\/site\\\/2020\\\/06\\\/28\\\/ley-micaela-defensoria-envio-a-municipios-pautas-para-adherir\\\/#primaryimage\",\"url\":\"https:\\\/\\\/noticiasmercedinas.com\\\/site\\\/wp-content\\\/uploads\\\/2020\\\/06\\\/me06fo01_2-1035190547.jpg\",\"contentUrl\":\"https:\\\/\\\/noticiasmercedinas.com\\\/site\\\/wp-content\\\/uploads\\\/2020\\\/06\\\/me06fo01_2-1035190547.jpg\",\"width\":960,\"height\":540},{\"@type\":\"BreadcrumbList\",\"@id\":\"https:\\\/\\\/noticiasmercedinas.com\\\/site\\\/2020\\\/06\\\/28\\\/ley-micaela-defensoria-envio-a-municipios-pautas-para-adherir\\\/#breadcrumb\",\"itemListElement\":[{\"@type\":\"ListItem\",\"position\":1,\"name\":\"Portada\",\"item\":\"https:\\\/\\\/noticiasmercedinas.com\\\/site\\\/\"},{\"@type\":\"ListItem\",\"position\":2,\"name\":\"Ley Micaela: Defensor\u00eda envi\u00f3 a municipios pautas para adherir\"}]},{\"@type\":\"WebSite\",\"@id\":\"https:\\\/\\\/noticiasmercedinas.com\\\/site\\\/#website\",\"url\":\"https:\\\/\\\/noticiasmercedinas.com\\\/site\\\/\",\"name\":\"NOTICIASMERCEDINAS.COM\",\"description\":\"Mercedes, Buenos Aires, Argentina\",\"publisher\":{\"@id\":\"https:\\\/\\\/noticiasmercedinas.com\\\/site\\\/#organization\"},\"potentialAction\":[{\"@type\":\"SearchAction\",\"target\":{\"@type\":\"EntryPoint\",\"urlTemplate\":\"https:\\\/\\\/noticiasmercedinas.com\\\/site\\\/?s={search_term_string}\"},\"query-input\":{\"@type\":\"PropertyValueSpecification\",\"valueRequired\":true,\"valueName\":\"search_term_string\"}}],\"inLanguage\":\"es\"},{\"@type\":\"Organization\",\"@id\":\"https:\\\/\\\/noticiasmercedinas.com\\\/site\\\/#organization\",\"name\":\"NOTICIASMERCEDINAS.COM\",\"url\":\"https:\\\/\\\/noticiasmercedinas.com\\\/site\\\/\",\"logo\":{\"@type\":\"ImageObject\",\"inLanguage\":\"es\",\"@id\":\"https:\\\/\\\/noticiasmercedinas.com\\\/site\\\/#\\\/schema\\\/logo\\\/image\\\/\",\"url\":\"https:\\\/\\\/noticiasmercedinas.com\\\/site\\\/wp-content\\\/uploads\\\/2020\\\/06\\\/LOGO-512.jpg\",\"contentUrl\":\"https:\\\/\\\/noticiasmercedinas.com\\\/site\\\/wp-content\\\/uploads\\\/2020\\\/06\\\/LOGO-512.jpg\",\"width\":512,\"height\":512,\"caption\":\"NOTICIASMERCEDINAS.COM\"},\"image\":{\"@id\":\"https:\\\/\\\/noticiasmercedinas.com\\\/site\\\/#\\\/schema\\\/logo\\\/image\\\/\"},\"sameAs\":[\"https:\\\/\\\/www.facebook.com\\\/noticiasmercedinas\\\/\",\"https:\\\/\\\/x.com\\\/notmercedinas\",\"https:\\\/\\\/www.instagram.com\\\/noticiasmercedinas\\\/\"]},{\"@type\":\"Person\",\"@id\":\"https:\\\/\\\/noticiasmercedinas.com\\\/site\\\/#\\\/schema\\\/person\\\/d481a9696a5feaec13a60e2bbd991a6a\",\"name\":\"Cristian Falabella NOTICIASMERCEDINAS.COM\",\"image\":{\"@type\":\"ImageObject\",\"inLanguage\":\"es\",\"@id\":\"https:\\\/\\\/secure.gravatar.com\\\/avatar\\\/0dbbfc45970cc46bcd0e57766228574ff3511d6eed045b182f536f0f478c1f06?s=96&d=mm&r=g\",\"url\":\"https:\\\/\\\/secure.gravatar.com\\\/avatar\\\/0dbbfc45970cc46bcd0e57766228574ff3511d6eed045b182f536f0f478c1f06?s=96&d=mm&r=g\",\"contentUrl\":\"https:\\\/\\\/secure.gravatar.com\\\/avatar\\\/0dbbfc45970cc46bcd0e57766228574ff3511d6eed045b182f536f0f478c1f06?s=96&d=mm&r=g\",\"caption\":\"Cristian Falabella NOTICIASMERCEDINAS.COM\"},\"description\":\"Periodista, editor de Noticias Mercedinas. Pas\u00f3 por varias redacciones y emprendimientos de prensa, en distintos formatos y \u00e9pocas. Se especializ\u00f3 --y sigue haci\u00e9ndolo-- en comunicaci\u00f3n en la web y en junio de 2006 fund\u00f3 este diario digital.\",\"sameAs\":[\"https:\\\/\\\/noticiasmercedinas.com\",\"https:\\\/\\\/www.facebook.com\\\/cristian.falabella\",\"https:\\\/\\\/www.instagram.com\\\/noticiasmercedinas\\\/\",\"https:\\\/\\\/x.com\\\/https:\\\/\\\/twitter.com\\\/NOTMERCEDINAS\"],\"url\":\"https:\\\/\\\/noticiasmercedinas.com\\\/site\\\/author\\\/as000384\\\/\"}]}<\/script>\n<!-- \/ Yoast SEO plugin. -->","yoast_head_json":{"title":"Ley Micaela: Defensor\u00eda envi\u00f3 a municipios pautas para adherir","robots":{"index":"index","follow":"follow","max-snippet":"max-snippet:-1","max-image-preview":"max-image-preview:large","max-video-preview":"max-video-preview:-1"},"canonical":"https:\/\/noticiasmercedinas.com\/site\/2020\/06\/28\/ley-micaela-defensoria-envio-a-municipios-pautas-para-adherir\/","og_locale":"es_ES","og_type":"article","og_title":"Ley Micaela: Defensor\u00eda envi\u00f3 a municipios pautas para adherir","og_description":"\u25a0 La intenci\u00f3n es que los distritos se sumen a la capacitaci\u00f3n en la tem\u00e1tica de g\u00e9nero y violencia contra las mujeres.","og_url":"https:\/\/noticiasmercedinas.com\/site\/2020\/06\/28\/ley-micaela-defensoria-envio-a-municipios-pautas-para-adherir\/","og_site_name":"NOTICIASMERCEDINAS.COM","article_publisher":"https:\/\/www.facebook.com\/noticiasmercedinas\/","article_author":"https:\/\/www.facebook.com\/cristian.falabella","article_published_time":"2020-06-28T15:39:12+00:00","article_modified_time":"2020-06-28T15:42:22+00:00","og_image":[{"width":960,"height":540,"url":"https:\/\/noticiasmercedinas.com\/site\/wp-content\/uploads\/2020\/06\/me06fo01_2-1035190547.jpg","type":"image\/jpeg"}],"author":"Cristian Falabella NOTICIASMERCEDINAS.COM","twitter_card":"summary_large_image","twitter_creator":"@https:\/\/twitter.com\/NOTMERCEDINAS","twitter_site":"@notmercedinas","twitter_misc":{"Escrito por":"Cristian Falabella NOTICIASMERCEDINAS.COM","Tiempo de lectura":"1 minuto"},"schema":{"@context":"https:\/\/schema.org","@graph":[{"@type":"Article","@id":"https:\/\/noticiasmercedinas.com\/site\/2020\/06\/28\/ley-micaela-defensoria-envio-a-municipios-pautas-para-adherir\/#article","isPartOf":{"@id":"https:\/\/noticiasmercedinas.com\/site\/2020\/06\/28\/ley-micaela-defensoria-envio-a-municipios-pautas-para-adherir\/"},"author":{"name":"Cristian Falabella NOTICIASMERCEDINAS.COM","@id":"https:\/\/noticiasmercedinas.com\/site\/#\/schema\/person\/d481a9696a5feaec13a60e2bbd991a6a"},"headline":"Ley Micaela: Defensor\u00eda envi\u00f3 a municipios pautas para adherir","datePublished":"2020-06-28T15:39:12+00:00","dateModified":"2020-06-28T15:42:22+00:00","mainEntityOfPage":{"@id":"https:\/\/noticiasmercedinas.com\/site\/2020\/06\/28\/ley-micaela-defensoria-envio-a-municipios-pautas-para-adherir\/"},"wordCount":307,"commentCount":0,"publisher":{"@id":"https:\/\/noticiasmercedinas.com\/site\/#organization"},"image":{"@id":"https:\/\/noticiasmercedinas.com\/site\/2020\/06\/28\/ley-micaela-defensoria-envio-a-municipios-pautas-para-adherir\/#primaryimage"},"thumbnailUrl":"https:\/\/noticiasmercedinas.com\/site\/wp-content\/uploads\/2020\/06\/me06fo01_2-1035190547.jpg","keywords":["defensoria","ley micaela","Violencia de g\u00e9nero"],"articleSection":["Provinciales"],"inLanguage":"es","potentialAction":[{"@type":"CommentAction","name":"Comment","target":["https:\/\/noticiasmercedinas.com\/site\/2020\/06\/28\/ley-micaela-defensoria-envio-a-municipios-pautas-para-adherir\/#respond"]}]},{"@type":"WebPage","@id":"https:\/\/noticiasmercedinas.com\/site\/2020\/06\/28\/ley-micaela-defensoria-envio-a-municipios-pautas-para-adherir\/","url":"https:\/\/noticiasmercedinas.com\/site\/2020\/06\/28\/ley-micaela-defensoria-envio-a-municipios-pautas-para-adherir\/","name":"Ley Micaela: Defensor\u00eda envi\u00f3 a municipios pautas para adherir","isPartOf":{"@id":"https:\/\/noticiasmercedinas.com\/site\/#website"},"primaryImageOfPage":{"@id":"https:\/\/noticiasmercedinas.com\/site\/2020\/06\/28\/ley-micaela-defensoria-envio-a-municipios-pautas-para-adherir\/#primaryimage"},"image":{"@id":"https:\/\/noticiasmercedinas.com\/site\/2020\/06\/28\/ley-micaela-defensoria-envio-a-municipios-pautas-para-adherir\/#primaryimage"},"thumbnailUrl":"https:\/\/noticiasmercedinas.com\/site\/wp-content\/uploads\/2020\/06\/me06fo01_2-1035190547.jpg","datePublished":"2020-06-28T15:39:12+00:00","dateModified":"2020-06-28T15:42:22+00:00","breadcrumb":{"@id":"https:\/\/noticiasmercedinas.com\/site\/2020\/06\/28\/ley-micaela-defensoria-envio-a-municipios-pautas-para-adherir\/#breadcrumb"},"inLanguage":"es","potentialAction":[{"@type":"ReadAction","target":["https:\/\/noticiasmercedinas.com\/site\/2020\/06\/28\/ley-micaela-defensoria-envio-a-municipios-pautas-para-adherir\/"]}]},{"@type":"ImageObject","inLanguage":"es","@id":"https:\/\/noticiasmercedinas.com\/site\/2020\/06\/28\/ley-micaela-defensoria-envio-a-municipios-pautas-para-adherir\/#primaryimage","url":"https:\/\/noticiasmercedinas.com\/site\/wp-content\/uploads\/2020\/06\/me06fo01_2-1035190547.jpg","contentUrl":"https:\/\/noticiasmercedinas.com\/site\/wp-content\/uploads\/2020\/06\/me06fo01_2-1035190547.jpg","width":960,"height":540},{"@type":"BreadcrumbList","@id":"https:\/\/noticiasmercedinas.com\/site\/2020\/06\/28\/ley-micaela-defensoria-envio-a-municipios-pautas-para-adherir\/#breadcrumb","itemListElement":[{"@type":"ListItem","position":1,"name":"Portada","item":"https:\/\/noticiasmercedinas.com\/site\/"},{"@type":"ListItem","position":2,"name":"Ley Micaela: Defensor\u00eda envi\u00f3 a municipios pautas para adherir"}]},{"@type":"WebSite","@id":"https:\/\/noticiasmercedinas.com\/site\/#website","url":"https:\/\/noticiasmercedinas.com\/site\/","name":"NOTICIASMERCEDINAS.COM","description":"Mercedes, Buenos Aires, Argentina","publisher":{"@id":"https:\/\/noticiasmercedinas.com\/site\/#organization"},"potentialAction":[{"@type":"SearchAction","target":{"@type":"EntryPoint","urlTemplate":"https:\/\/noticiasmercedinas.com\/site\/?s={search_term_string}"},"query-input":{"@type":"PropertyValueSpecification","valueRequired":true,"valueName":"search_term_string"}}],"inLanguage":"es"},{"@type":"Organization","@id":"https:\/\/noticiasmercedinas.com\/site\/#organization","name":"NOTICIASMERCEDINAS.COM","url":"https:\/\/noticiasmercedinas.com\/site\/","logo":{"@type":"ImageObject","inLanguage":"es","@id":"https:\/\/noticiasmercedinas.com\/site\/#\/schema\/logo\/image\/","url":"https:\/\/noticiasmercedinas.com\/site\/wp-content\/uploads\/2020\/06\/LOGO-512.jpg","contentUrl":"https:\/\/noticiasmercedinas.com\/site\/wp-content\/uploads\/2020\/06\/LOGO-512.jpg","width":512,"height":512,"caption":"NOTICIASMERCEDINAS.COM"},"image":{"@id":"https:\/\/noticiasmercedinas.com\/site\/#\/schema\/logo\/image\/"},"sameAs":["https:\/\/www.facebook.com\/noticiasmercedinas\/","https:\/\/x.com\/notmercedinas","https:\/\/www.instagram.com\/noticiasmercedinas\/"]},{"@type":"Person","@id":"https:\/\/noticiasmercedinas.com\/site\/#\/schema\/person\/d481a9696a5feaec13a60e2bbd991a6a","name":"Cristian Falabella NOTICIASMERCEDINAS.COM","image":{"@type":"ImageObject","inLanguage":"es","@id":"https:\/\/secure.gravatar.com\/avatar\/0dbbfc45970cc46bcd0e57766228574ff3511d6eed045b182f536f0f478c1f06?s=96&d=mm&r=g","url":"https:\/\/secure.gravatar.com\/avatar\/0dbbfc45970cc46bcd0e57766228574ff3511d6eed045b182f536f0f478c1f06?s=96&d=mm&r=g","contentUrl":"https:\/\/secure.gravatar.com\/avatar\/0dbbfc45970cc46bcd0e57766228574ff3511d6eed045b182f536f0f478c1f06?s=96&d=mm&r=g","caption":"Cristian Falabella NOTICIASMERCEDINAS.COM"},"description":"Periodista, editor de Noticias Mercedinas. Pas\u00f3 por varias redacciones y emprendimientos de prensa, en distintos formatos y \u00e9pocas. Se especializ\u00f3 --y sigue haci\u00e9ndolo-- en comunicaci\u00f3n en la web y en junio de 2006 fund\u00f3 este diario digital.","sameAs":["https:\/\/noticiasmercedinas.com","https:\/\/www.facebook.com\/cristian.falabella","https:\/\/www.instagram.com\/noticiasmercedinas\/","https:\/\/x.com\/https:\/\/twitter.com\/NOTMERCEDINAS"],"url":"https:\/\/noticiasmercedinas.com\/site\/author\/as000384\/"}]}},"amp_enabled":true,"_links":{"self":[{"href":"https:\/\/noticiasmercedinas.com\/site\/wp-json\/wp\/v2\/posts\/47717","targetHints":{"allow":["GET"]}}],"collection":[{"href":"https:\/\/noticiasmercedinas.com\/site\/wp-json\/wp\/v2\/posts"}],"about":[{"href":"https:\/\/noticiasmercedinas.com\/site\/wp-json\/wp\/v2\/types\/post"}],"author":[{"embeddable":true,"href":"https:\/\/noticiasmercedinas.com\/site\/wp-json\/wp\/v2\/users\/2"}],"replies":[{"embeddable":true,"href":"https:\/\/noticiasmercedinas.com\/site\/wp-json\/wp\/v2\/comments?post=47717"}],"version-history":[{"count":3,"href":"https:\/\/noticiasmercedinas.com\/site\/wp-json\/wp\/v2\/posts\/47717\/revisions"}],"predecessor-version":[{"id":47721,"href":"https:\/\/noticiasmercedinas.com\/site\/wp-json\/wp\/v2\/posts\/47717\/revisions\/47721"}],"wp:featuredmedia":[{"embeddable":true,"href":"https:\/\/noticiasmercedinas.com\/site\/wp-json\/wp\/v2\/media\/47719"}],"wp:attachment":[{"href":"https:\/\/noticiasmercedinas.com\/site\/wp-json\/wp\/v2\/media?parent=47717"}],"wp:term":[{"taxonomy":"category","embeddable":true,"href":"https:\/\/noticiasmercedinas.com\/site\/wp-json\/wp\/v2\/categories?post=47717"},{"taxonomy":"post_tag","embeddable":true,"href":"https:\/\/noticiasmercedinas.com\/site\/wp-json\/wp\/v2\/tags?post=47717"}],"curies":[{"name":"wp","href":"https:\/\/api.w.org\/{rel}","templated":true}]}}