{"id":48044,"date":"2020-07-02T22:24:02","date_gmt":"2020-07-03T01:24:02","guid":{"rendered":"https:\/\/noticiasmercedinas.com\/site\/?p=48044"},"modified":"2020-07-02T23:28:18","modified_gmt":"2020-07-03T02:28:18","slug":"celeste-y-luciano-presentan-libros-del-carpincho","status":"publish","type":"post","link":"https:\/\/noticiasmercedinas.com\/site\/2020\/07\/02\/celeste-y-luciano-presentan-libros-del-carpincho\/","title":{"rendered":"Celeste y Luciano presentan \u00abLibros del Carpincho\u00bb"},"content":{"rendered":"<p><img loading=\"lazy\" decoding=\"async\" class=\"alignnone size-full wp-image-48045\" src=\"https:\/\/noticiasmercedinas.com\/site\/wp-content\/uploads\/2020\/07\/celeste_lucho.jpg\" alt=\"\" width=\"640\" height=\"414\" srcset=\"https:\/\/noticiasmercedinas.com\/site\/wp-content\/uploads\/2020\/07\/celeste_lucho.jpg 640w, https:\/\/noticiasmercedinas.com\/site\/wp-content\/uploads\/2020\/07\/celeste_lucho-300x194.jpg 300w, https:\/\/noticiasmercedinas.com\/site\/wp-content\/uploads\/2020\/07\/celeste_lucho-600x388.jpg 600w, https:\/\/noticiasmercedinas.com\/site\/wp-content\/uploads\/2020\/07\/celeste_lucho-341x220.jpg 341w\" sizes=\"auto, (max-width: 640px) 100vw, 640px\" \/><\/p>\n<p>\u00abLibros del Carpincho\u00bb es el sue\u00f1o de dos dise\u00f1adores mercedinos que egresaron hace varios a\u00f1os de la UBA y desde siempre entablaron una relaci\u00f3n muy cercana con los libros: partieron de ser usuarios\/lectores, trabajaron en la creaci\u00f3n y el dise\u00f1o, y m\u00e1s tarde llegaron a ser los lectores para sus hijos. Se trata de una librer\u00eda especializada en libros ilustrados, libros \u00e1lbum y LIJ (literatura infantil y juvenil). Una combinaci\u00f3n entre profesi\u00f3n, amor y lectura, que tiene su tienda online en la web <span style=\"color: #000080;\"><strong><a href=\"http:\/\/www.librosdelcarpincho.com.ar\" target=\"_blank\" rel=\"noopener noreferrer\">www.librosdelcarpincho.com.ar<\/a><\/strong><\/span><\/p>\n<p><strong>Celeste Maratea<\/strong> y <strong>Luciano And\u00fajar<\/strong> son una pareja de dise\u00f1adores gr\u00e1ficos. La profesi\u00f3n y amor por los libros forjaron sus destinos profesional, a partir de un gran recorrido por el mundo del dise\u00f1o editorial. \u00abConocemos y hemos trabajado a la par con todos los actores fundamentales que constituyen ese resultado llamado libro\u00bb, cuentan.<\/p>\n<p>\u00abCreemos que un libro es una ventana abierta al infinito. Cada vez que uno lo abre puede descubrir e imaginar mundos. Y tambi\u00e9n creemos que eso no solo lo dan las palabras, sino tambi\u00e9n la imagen. Esa hermosa combinaci\u00f3n que da como resultado libros ilustrados y libros \u00e1lbumes\u00bb, agregan.<\/p>\n<blockquote><p>Libros del Carpincho es una librer\u00eda online y con posibilidad de ver los libros acordando una cita previa<\/p><\/blockquote>\n<p>Libros del Carpincho es entonces una combinaci\u00f3n entre profesi\u00f3n, amor y lectura. Es un espacio de promoci\u00f3n de la lectura donde se ofrecen libros que tengan contenidos de valor, desde el texto y las ilustraciones.<\/p>\n<p>\u00abQue a veces sea el texto el que nos permita imaginar situaciones o las im\u00e1genes las que nos hagan so\u00f1ar con relatos. Creemos que la lectura es s\u00faper importante en el desarrollo infantil y la lectura compartida es de los grandes momentos por vivir, donde no seamos s\u00f3lo interlocutores, si no que descubramos juntos la aventura de leer\u00bb, opinan Celeste y Luciano.<\/p>\n<p>Libros del Carpincho es una librer\u00eda online y con posibilidad de ver los libros acordando una cita previa. Se especializa en libros ilustrados, libros \u00e1lbum y LIJ (literatura infantil y juvenil). Actualmente cuentan con t\u00edtulos de los sellos Periplo, Limonero, Calibroscopio, Tres en l\u00ednea, Amanuta, Peque\u00f1o Editor, Ojoreja y Libros Silvestres. \u00abEn todos los casos hicimos una selecci\u00f3n privilegiando la calidad del contenido. Tenemos en agenda m\u00e1s sellos editoriales como as\u00ed tambi\u00e9n otras propuestas en torno a los libros\u00bb, dicen.<\/p>\n<p>Desde hace una semana empezaron a compartir ciertas publicaciones que generaron mucha intriga. \u00abNadie en nuestro entorno conoc\u00eda de este proyecto y elegimos jugar con el suspenso y la sorpresa. Hoy que hicimos p\u00fablica nuestra web y redes no dejamos de contestar mensajes de buenos deseos y felicitaciones. Tuvo muy buena repercusi\u00f3n. Sentimos que se recibi\u00f3 esta nueva propuesta con mucha felicidad\u00bb, completan.<\/p>\n<p><strong>M\u00e1s info en <\/strong><br \/>\n<strong>www.librosdelcarpincho.com.ar<\/strong><br \/>\n<strong>Instagram \/ Facebook: @librosdelcarpincho<\/strong><\/p>\n<p><img loading=\"lazy\" decoding=\"async\" class=\"alignnone size-large wp-image-48046\" src=\"https:\/\/noticiasmercedinas.com\/site\/wp-content\/uploads\/2020\/07\/f6c6c491-e359-489c-942b-12d1c381da6a-1024x1024.jpg\" alt=\"\" width=\"640\" height=\"640\" srcset=\"https:\/\/noticiasmercedinas.com\/site\/wp-content\/uploads\/2020\/07\/f6c6c491-e359-489c-942b-12d1c381da6a-1024x1024.jpg 1024w, https:\/\/noticiasmercedinas.com\/site\/wp-content\/uploads\/2020\/07\/f6c6c491-e359-489c-942b-12d1c381da6a-300x300.jpg 300w, https:\/\/noticiasmercedinas.com\/site\/wp-content\/uploads\/2020\/07\/f6c6c491-e359-489c-942b-12d1c381da6a-150x150.jpg 150w, https:\/\/noticiasmercedinas.com\/site\/wp-content\/uploads\/2020\/07\/f6c6c491-e359-489c-942b-12d1c381da6a-768x768.jpg 768w, https:\/\/noticiasmercedinas.com\/site\/wp-content\/uploads\/2020\/07\/f6c6c491-e359-489c-942b-12d1c381da6a-640x640.jpg 640w, https:\/\/noticiasmercedinas.com\/site\/wp-content\/uploads\/2020\/07\/f6c6c491-e359-489c-942b-12d1c381da6a-681x681.jpg 681w, https:\/\/noticiasmercedinas.com\/site\/wp-content\/uploads\/2020\/07\/f6c6c491-e359-489c-942b-12d1c381da6a.jpg 1280w\" sizes=\"auto, (max-width: 640px) 100vw, 640px\" \/><\/p>\n","protected":false},"excerpt":{"rendered":"<p>\u25a0 Se trata de una \u00a0librer\u00eda especializada en libros ilustrados, libros \u00e1lbum y literatura infantil y juvenil. Una combinaci\u00f3n entre profesi\u00f3n, amor y lectura, que ya tiene su tienda online<\/p>\n","protected":false},"author":2,"featured_media":48045,"comment_status":"open","ping_status":"open","sticky":false,"template":"","format":"standard","meta":{"footnotes":""},"categories":[74],"tags":[9506,373,9508,9507,1464],"class_list":["post-48044","post","type-post","status-publish","format-standard","has-post-thumbnail","hentry","category-emprendimientos","tag-celeste-maratea","tag-libros","tag-literatura-infantil","tag-literatura-juvenil","tag-luciano-andujar"],"yoast_head":"<!-- This site is optimized with the Yoast SEO plugin v28.3 - https:\/\/yoast.com\/product\/yoast-seo-wordpress\/ -->\n<title>Celeste y Luciano presentan &quot;Libros del Carpincho&quot;<\/title>\n<meta name=\"robots\" content=\"index, follow, max-snippet:-1, max-image-preview:large, max-video-preview:-1\" \/>\n<link rel=\"canonical\" href=\"https:\/\/noticiasmercedinas.com\/site\/2020\/07\/02\/celeste-y-luciano-presentan-libros-del-carpincho\/\" \/>\n<meta property=\"og:locale\" content=\"es_ES\" \/>\n<meta property=\"og:type\" content=\"article\" \/>\n<meta property=\"og:title\" content=\"Celeste y Luciano presentan &quot;Libros del Carpincho&quot;\" \/>\n<meta property=\"og:description\" content=\"\u25a0 Se trata de una \u00a0librer\u00eda especializada en libros ilustrados, libros \u00e1lbum y literatura infantil y juvenil. Una combinaci\u00f3n entre profesi\u00f3n, amor y lectura, que ya tiene su tienda online\" \/>\n<meta property=\"og:url\" content=\"https:\/\/noticiasmercedinas.com\/site\/2020\/07\/02\/celeste-y-luciano-presentan-libros-del-carpincho\/\" \/>\n<meta property=\"og:site_name\" content=\"NOTICIASMERCEDINAS.COM\" \/>\n<meta property=\"article:publisher\" content=\"https:\/\/www.facebook.com\/noticiasmercedinas\/\" \/>\n<meta property=\"article:author\" content=\"https:\/\/www.facebook.com\/cristian.falabella\" \/>\n<meta property=\"article:published_time\" content=\"2020-07-03T01:24:02+00:00\" \/>\n<meta property=\"article:modified_time\" content=\"2020-07-03T02:28:18+00:00\" \/>\n<meta property=\"og:image\" content=\"https:\/\/noticiasmercedinas.com\/site\/wp-content\/uploads\/2020\/07\/celeste_lucho.jpg\" \/>\n\t<meta property=\"og:image:width\" content=\"640\" \/>\n\t<meta property=\"og:image:height\" content=\"414\" \/>\n\t<meta property=\"og:image:type\" content=\"image\/jpeg\" \/>\n<meta name=\"author\" content=\"Cristian Falabella NOTICIASMERCEDINAS.COM\" \/>\n<meta name=\"twitter:card\" content=\"summary_large_image\" \/>\n<meta name=\"twitter:creator\" content=\"@https:\/\/twitter.com\/NOTMERCEDINAS\" \/>\n<meta name=\"twitter:site\" content=\"@notmercedinas\" \/>\n<meta name=\"twitter:label1\" content=\"Escrito por\" \/>\n\t<meta name=\"twitter:data1\" content=\"Cristian Falabella NOTICIASMERCEDINAS.COM\" \/>\n\t<meta name=\"twitter:label2\" content=\"Tiempo de lectura\" \/>\n\t<meta name=\"twitter:data2\" content=\"2 minutos\" \/>\n<script type=\"application\/ld+json\" class=\"yoast-schema-graph\">{\"@context\":\"https:\\\/\\\/schema.org\",\"@graph\":[{\"@type\":\"Article\",\"@id\":\"https:\\\/\\\/noticiasmercedinas.com\\\/site\\\/2020\\\/07\\\/02\\\/celeste-y-luciano-presentan-libros-del-carpincho\\\/#article\",\"isPartOf\":{\"@id\":\"https:\\\/\\\/noticiasmercedinas.com\\\/site\\\/2020\\\/07\\\/02\\\/celeste-y-luciano-presentan-libros-del-carpincho\\\/\"},\"author\":{\"name\":\"Cristian Falabella NOTICIASMERCEDINAS.COM\",\"@id\":\"https:\\\/\\\/noticiasmercedinas.com\\\/site\\\/#\\\/schema\\\/person\\\/d481a9696a5feaec13a60e2bbd991a6a\"},\"headline\":\"Celeste y Luciano presentan \u00abLibros del Carpincho\u00bb\",\"datePublished\":\"2020-07-03T01:24:02+00:00\",\"dateModified\":\"2020-07-03T02:28:18+00:00\",\"mainEntityOfPage\":{\"@id\":\"https:\\\/\\\/noticiasmercedinas.com\\\/site\\\/2020\\\/07\\\/02\\\/celeste-y-luciano-presentan-libros-del-carpincho\\\/\"},\"wordCount\":502,\"commentCount\":0,\"publisher\":{\"@id\":\"https:\\\/\\\/noticiasmercedinas.com\\\/site\\\/#organization\"},\"image\":{\"@id\":\"https:\\\/\\\/noticiasmercedinas.com\\\/site\\\/2020\\\/07\\\/02\\\/celeste-y-luciano-presentan-libros-del-carpincho\\\/#primaryimage\"},\"thumbnailUrl\":\"https:\\\/\\\/noticiasmercedinas.com\\\/site\\\/wp-content\\\/uploads\\\/2020\\\/07\\\/celeste_lucho.jpg\",\"keywords\":[\"Celeste Maratea\",\"libros\",\"literatura infantil\",\"literatura juvenil\",\"Luciano And\u00fajar\"],\"articleSection\":[\"Emprendimientos\"],\"inLanguage\":\"es\",\"potentialAction\":[{\"@type\":\"CommentAction\",\"name\":\"Comment\",\"target\":[\"https:\\\/\\\/noticiasmercedinas.com\\\/site\\\/2020\\\/07\\\/02\\\/celeste-y-luciano-presentan-libros-del-carpincho\\\/#respond\"]}]},{\"@type\":\"WebPage\",\"@id\":\"https:\\\/\\\/noticiasmercedinas.com\\\/site\\\/2020\\\/07\\\/02\\\/celeste-y-luciano-presentan-libros-del-carpincho\\\/\",\"url\":\"https:\\\/\\\/noticiasmercedinas.com\\\/site\\\/2020\\\/07\\\/02\\\/celeste-y-luciano-presentan-libros-del-carpincho\\\/\",\"name\":\"Celeste y Luciano presentan \\\"Libros del Carpincho\\\"\",\"isPartOf\":{\"@id\":\"https:\\\/\\\/noticiasmercedinas.com\\\/site\\\/#website\"},\"primaryImageOfPage\":{\"@id\":\"https:\\\/\\\/noticiasmercedinas.com\\\/site\\\/2020\\\/07\\\/02\\\/celeste-y-luciano-presentan-libros-del-carpincho\\\/#primaryimage\"},\"image\":{\"@id\":\"https:\\\/\\\/noticiasmercedinas.com\\\/site\\\/2020\\\/07\\\/02\\\/celeste-y-luciano-presentan-libros-del-carpincho\\\/#primaryimage\"},\"thumbnailUrl\":\"https:\\\/\\\/noticiasmercedinas.com\\\/site\\\/wp-content\\\/uploads\\\/2020\\\/07\\\/celeste_lucho.jpg\",\"datePublished\":\"2020-07-03T01:24:02+00:00\",\"dateModified\":\"2020-07-03T02:28:18+00:00\",\"breadcrumb\":{\"@id\":\"https:\\\/\\\/noticiasmercedinas.com\\\/site\\\/2020\\\/07\\\/02\\\/celeste-y-luciano-presentan-libros-del-carpincho\\\/#breadcrumb\"},\"inLanguage\":\"es\",\"potentialAction\":[{\"@type\":\"ReadAction\",\"target\":[\"https:\\\/\\\/noticiasmercedinas.com\\\/site\\\/2020\\\/07\\\/02\\\/celeste-y-luciano-presentan-libros-del-carpincho\\\/\"]}]},{\"@type\":\"ImageObject\",\"inLanguage\":\"es\",\"@id\":\"https:\\\/\\\/noticiasmercedinas.com\\\/site\\\/2020\\\/07\\\/02\\\/celeste-y-luciano-presentan-libros-del-carpincho\\\/#primaryimage\",\"url\":\"https:\\\/\\\/noticiasmercedinas.com\\\/site\\\/wp-content\\\/uploads\\\/2020\\\/07\\\/celeste_lucho.jpg\",\"contentUrl\":\"https:\\\/\\\/noticiasmercedinas.com\\\/site\\\/wp-content\\\/uploads\\\/2020\\\/07\\\/celeste_lucho.jpg\",\"width\":640,\"height\":414},{\"@type\":\"BreadcrumbList\",\"@id\":\"https:\\\/\\\/noticiasmercedinas.com\\\/site\\\/2020\\\/07\\\/02\\\/celeste-y-luciano-presentan-libros-del-carpincho\\\/#breadcrumb\",\"itemListElement\":[{\"@type\":\"ListItem\",\"position\":1,\"name\":\"Portada\",\"item\":\"https:\\\/\\\/noticiasmercedinas.com\\\/site\\\/\"},{\"@type\":\"ListItem\",\"position\":2,\"name\":\"Celeste y Luciano presentan \u00abLibros del Carpincho\u00bb\"}]},{\"@type\":\"WebSite\",\"@id\":\"https:\\\/\\\/noticiasmercedinas.com\\\/site\\\/#website\",\"url\":\"https:\\\/\\\/noticiasmercedinas.com\\\/site\\\/\",\"name\":\"NOTICIASMERCEDINAS.COM\",\"description\":\"Mercedes, Buenos Aires, Argentina\",\"publisher\":{\"@id\":\"https:\\\/\\\/noticiasmercedinas.com\\\/site\\\/#organization\"},\"potentialAction\":[{\"@type\":\"SearchAction\",\"target\":{\"@type\":\"EntryPoint\",\"urlTemplate\":\"https:\\\/\\\/noticiasmercedinas.com\\\/site\\\/?s={search_term_string}\"},\"query-input\":{\"@type\":\"PropertyValueSpecification\",\"valueRequired\":true,\"valueName\":\"search_term_string\"}}],\"inLanguage\":\"es\"},{\"@type\":\"Organization\",\"@id\":\"https:\\\/\\\/noticiasmercedinas.com\\\/site\\\/#organization\",\"name\":\"NOTICIASMERCEDINAS.COM\",\"url\":\"https:\\\/\\\/noticiasmercedinas.com\\\/site\\\/\",\"logo\":{\"@type\":\"ImageObject\",\"inLanguage\":\"es\",\"@id\":\"https:\\\/\\\/noticiasmercedinas.com\\\/site\\\/#\\\/schema\\\/logo\\\/image\\\/\",\"url\":\"https:\\\/\\\/noticiasmercedinas.com\\\/site\\\/wp-content\\\/uploads\\\/2020\\\/06\\\/LOGO-512.jpg\",\"contentUrl\":\"https:\\\/\\\/noticiasmercedinas.com\\\/site\\\/wp-content\\\/uploads\\\/2020\\\/06\\\/LOGO-512.jpg\",\"width\":512,\"height\":512,\"caption\":\"NOTICIASMERCEDINAS.COM\"},\"image\":{\"@id\":\"https:\\\/\\\/noticiasmercedinas.com\\\/site\\\/#\\\/schema\\\/logo\\\/image\\\/\"},\"sameAs\":[\"https:\\\/\\\/www.facebook.com\\\/noticiasmercedinas\\\/\",\"https:\\\/\\\/x.com\\\/notmercedinas\",\"https:\\\/\\\/www.instagram.com\\\/noticiasmercedinas\\\/\"]},{\"@type\":\"Person\",\"@id\":\"https:\\\/\\\/noticiasmercedinas.com\\\/site\\\/#\\\/schema\\\/person\\\/d481a9696a5feaec13a60e2bbd991a6a\",\"name\":\"Cristian Falabella NOTICIASMERCEDINAS.COM\",\"image\":{\"@type\":\"ImageObject\",\"inLanguage\":\"es\",\"@id\":\"https:\\\/\\\/secure.gravatar.com\\\/avatar\\\/0dbbfc45970cc46bcd0e57766228574ff3511d6eed045b182f536f0f478c1f06?s=96&d=mm&r=g\",\"url\":\"https:\\\/\\\/secure.gravatar.com\\\/avatar\\\/0dbbfc45970cc46bcd0e57766228574ff3511d6eed045b182f536f0f478c1f06?s=96&d=mm&r=g\",\"contentUrl\":\"https:\\\/\\\/secure.gravatar.com\\\/avatar\\\/0dbbfc45970cc46bcd0e57766228574ff3511d6eed045b182f536f0f478c1f06?s=96&d=mm&r=g\",\"caption\":\"Cristian Falabella NOTICIASMERCEDINAS.COM\"},\"description\":\"Periodista, editor de Noticias Mercedinas. Pas\u00f3 por varias redacciones y emprendimientos de prensa, en distintos formatos y \u00e9pocas. Se especializ\u00f3 --y sigue haci\u00e9ndolo-- en comunicaci\u00f3n en la web y en junio de 2006 fund\u00f3 este diario digital.\",\"sameAs\":[\"https:\\\/\\\/noticiasmercedinas.com\",\"https:\\\/\\\/www.facebook.com\\\/cristian.falabella\",\"https:\\\/\\\/www.instagram.com\\\/noticiasmercedinas\\\/\",\"https:\\\/\\\/x.com\\\/https:\\\/\\\/twitter.com\\\/NOTMERCEDINAS\"],\"url\":\"https:\\\/\\\/noticiasmercedinas.com\\\/site\\\/author\\\/as000384\\\/\"}]}<\/script>\n<!-- \/ Yoast SEO plugin. -->","yoast_head_json":{"title":"Celeste y Luciano presentan \"Libros del Carpincho\"","robots":{"index":"index","follow":"follow","max-snippet":"max-snippet:-1","max-image-preview":"max-image-preview:large","max-video-preview":"max-video-preview:-1"},"canonical":"https:\/\/noticiasmercedinas.com\/site\/2020\/07\/02\/celeste-y-luciano-presentan-libros-del-carpincho\/","og_locale":"es_ES","og_type":"article","og_title":"Celeste y Luciano presentan \"Libros del Carpincho\"","og_description":"\u25a0 Se trata de una \u00a0librer\u00eda especializada en libros ilustrados, libros \u00e1lbum y literatura infantil y juvenil. Una combinaci\u00f3n entre profesi\u00f3n, amor y lectura, que ya tiene su tienda online","og_url":"https:\/\/noticiasmercedinas.com\/site\/2020\/07\/02\/celeste-y-luciano-presentan-libros-del-carpincho\/","og_site_name":"NOTICIASMERCEDINAS.COM","article_publisher":"https:\/\/www.facebook.com\/noticiasmercedinas\/","article_author":"https:\/\/www.facebook.com\/cristian.falabella","article_published_time":"2020-07-03T01:24:02+00:00","article_modified_time":"2020-07-03T02:28:18+00:00","og_image":[{"width":640,"height":414,"url":"https:\/\/noticiasmercedinas.com\/site\/wp-content\/uploads\/2020\/07\/celeste_lucho.jpg","type":"image\/jpeg"}],"author":"Cristian Falabella NOTICIASMERCEDINAS.COM","twitter_card":"summary_large_image","twitter_creator":"@https:\/\/twitter.com\/NOTMERCEDINAS","twitter_site":"@notmercedinas","twitter_misc":{"Escrito por":"Cristian Falabella NOTICIASMERCEDINAS.COM","Tiempo de lectura":"2 minutos"},"schema":{"@context":"https:\/\/schema.org","@graph":[{"@type":"Article","@id":"https:\/\/noticiasmercedinas.com\/site\/2020\/07\/02\/celeste-y-luciano-presentan-libros-del-carpincho\/#article","isPartOf":{"@id":"https:\/\/noticiasmercedinas.com\/site\/2020\/07\/02\/celeste-y-luciano-presentan-libros-del-carpincho\/"},"author":{"name":"Cristian Falabella NOTICIASMERCEDINAS.COM","@id":"https:\/\/noticiasmercedinas.com\/site\/#\/schema\/person\/d481a9696a5feaec13a60e2bbd991a6a"},"headline":"Celeste y Luciano presentan \u00abLibros del Carpincho\u00bb","datePublished":"2020-07-03T01:24:02+00:00","dateModified":"2020-07-03T02:28:18+00:00","mainEntityOfPage":{"@id":"https:\/\/noticiasmercedinas.com\/site\/2020\/07\/02\/celeste-y-luciano-presentan-libros-del-carpincho\/"},"wordCount":502,"commentCount":0,"publisher":{"@id":"https:\/\/noticiasmercedinas.com\/site\/#organization"},"image":{"@id":"https:\/\/noticiasmercedinas.com\/site\/2020\/07\/02\/celeste-y-luciano-presentan-libros-del-carpincho\/#primaryimage"},"thumbnailUrl":"https:\/\/noticiasmercedinas.com\/site\/wp-content\/uploads\/2020\/07\/celeste_lucho.jpg","keywords":["Celeste Maratea","libros","literatura infantil","literatura juvenil","Luciano And\u00fajar"],"articleSection":["Emprendimientos"],"inLanguage":"es","potentialAction":[{"@type":"CommentAction","name":"Comment","target":["https:\/\/noticiasmercedinas.com\/site\/2020\/07\/02\/celeste-y-luciano-presentan-libros-del-carpincho\/#respond"]}]},{"@type":"WebPage","@id":"https:\/\/noticiasmercedinas.com\/site\/2020\/07\/02\/celeste-y-luciano-presentan-libros-del-carpincho\/","url":"https:\/\/noticiasmercedinas.com\/site\/2020\/07\/02\/celeste-y-luciano-presentan-libros-del-carpincho\/","name":"Celeste y Luciano presentan \"Libros del Carpincho\"","isPartOf":{"@id":"https:\/\/noticiasmercedinas.com\/site\/#website"},"primaryImageOfPage":{"@id":"https:\/\/noticiasmercedinas.com\/site\/2020\/07\/02\/celeste-y-luciano-presentan-libros-del-carpincho\/#primaryimage"},"image":{"@id":"https:\/\/noticiasmercedinas.com\/site\/2020\/07\/02\/celeste-y-luciano-presentan-libros-del-carpincho\/#primaryimage"},"thumbnailUrl":"https:\/\/noticiasmercedinas.com\/site\/wp-content\/uploads\/2020\/07\/celeste_lucho.jpg","datePublished":"2020-07-03T01:24:02+00:00","dateModified":"2020-07-03T02:28:18+00:00","breadcrumb":{"@id":"https:\/\/noticiasmercedinas.com\/site\/2020\/07\/02\/celeste-y-luciano-presentan-libros-del-carpincho\/#breadcrumb"},"inLanguage":"es","potentialAction":[{"@type":"ReadAction","target":["https:\/\/noticiasmercedinas.com\/site\/2020\/07\/02\/celeste-y-luciano-presentan-libros-del-carpincho\/"]}]},{"@type":"ImageObject","inLanguage":"es","@id":"https:\/\/noticiasmercedinas.com\/site\/2020\/07\/02\/celeste-y-luciano-presentan-libros-del-carpincho\/#primaryimage","url":"https:\/\/noticiasmercedinas.com\/site\/wp-content\/uploads\/2020\/07\/celeste_lucho.jpg","contentUrl":"https:\/\/noticiasmercedinas.com\/site\/wp-content\/uploads\/2020\/07\/celeste_lucho.jpg","width":640,"height":414},{"@type":"BreadcrumbList","@id":"https:\/\/noticiasmercedinas.com\/site\/2020\/07\/02\/celeste-y-luciano-presentan-libros-del-carpincho\/#breadcrumb","itemListElement":[{"@type":"ListItem","position":1,"name":"Portada","item":"https:\/\/noticiasmercedinas.com\/site\/"},{"@type":"ListItem","position":2,"name":"Celeste y Luciano presentan \u00abLibros del Carpincho\u00bb"}]},{"@type":"WebSite","@id":"https:\/\/noticiasmercedinas.com\/site\/#website","url":"https:\/\/noticiasmercedinas.com\/site\/","name":"NOTICIASMERCEDINAS.COM","description":"Mercedes, Buenos Aires, Argentina","publisher":{"@id":"https:\/\/noticiasmercedinas.com\/site\/#organization"},"potentialAction":[{"@type":"SearchAction","target":{"@type":"EntryPoint","urlTemplate":"https:\/\/noticiasmercedinas.com\/site\/?s={search_term_string}"},"query-input":{"@type":"PropertyValueSpecification","valueRequired":true,"valueName":"search_term_string"}}],"inLanguage":"es"},{"@type":"Organization","@id":"https:\/\/noticiasmercedinas.com\/site\/#organization","name":"NOTICIASMERCEDINAS.COM","url":"https:\/\/noticiasmercedinas.com\/site\/","logo":{"@type":"ImageObject","inLanguage":"es","@id":"https:\/\/noticiasmercedinas.com\/site\/#\/schema\/logo\/image\/","url":"https:\/\/noticiasmercedinas.com\/site\/wp-content\/uploads\/2020\/06\/LOGO-512.jpg","contentUrl":"https:\/\/noticiasmercedinas.com\/site\/wp-content\/uploads\/2020\/06\/LOGO-512.jpg","width":512,"height":512,"caption":"NOTICIASMERCEDINAS.COM"},"image":{"@id":"https:\/\/noticiasmercedinas.com\/site\/#\/schema\/logo\/image\/"},"sameAs":["https:\/\/www.facebook.com\/noticiasmercedinas\/","https:\/\/x.com\/notmercedinas","https:\/\/www.instagram.com\/noticiasmercedinas\/"]},{"@type":"Person","@id":"https:\/\/noticiasmercedinas.com\/site\/#\/schema\/person\/d481a9696a5feaec13a60e2bbd991a6a","name":"Cristian Falabella NOTICIASMERCEDINAS.COM","image":{"@type":"ImageObject","inLanguage":"es","@id":"https:\/\/secure.gravatar.com\/avatar\/0dbbfc45970cc46bcd0e57766228574ff3511d6eed045b182f536f0f478c1f06?s=96&d=mm&r=g","url":"https:\/\/secure.gravatar.com\/avatar\/0dbbfc45970cc46bcd0e57766228574ff3511d6eed045b182f536f0f478c1f06?s=96&d=mm&r=g","contentUrl":"https:\/\/secure.gravatar.com\/avatar\/0dbbfc45970cc46bcd0e57766228574ff3511d6eed045b182f536f0f478c1f06?s=96&d=mm&r=g","caption":"Cristian Falabella NOTICIASMERCEDINAS.COM"},"description":"Periodista, editor de Noticias Mercedinas. Pas\u00f3 por varias redacciones y emprendimientos de prensa, en distintos formatos y \u00e9pocas. Se especializ\u00f3 --y sigue haci\u00e9ndolo-- en comunicaci\u00f3n en la web y en junio de 2006 fund\u00f3 este diario digital.","sameAs":["https:\/\/noticiasmercedinas.com","https:\/\/www.facebook.com\/cristian.falabella","https:\/\/www.instagram.com\/noticiasmercedinas\/","https:\/\/x.com\/https:\/\/twitter.com\/NOTMERCEDINAS"],"url":"https:\/\/noticiasmercedinas.com\/site\/author\/as000384\/"}]}},"amp_enabled":true,"_links":{"self":[{"href":"https:\/\/noticiasmercedinas.com\/site\/wp-json\/wp\/v2\/posts\/48044","targetHints":{"allow":["GET"]}}],"collection":[{"href":"https:\/\/noticiasmercedinas.com\/site\/wp-json\/wp\/v2\/posts"}],"about":[{"href":"https:\/\/noticiasmercedinas.com\/site\/wp-json\/wp\/v2\/types\/post"}],"author":[{"embeddable":true,"href":"https:\/\/noticiasmercedinas.com\/site\/wp-json\/wp\/v2\/users\/2"}],"replies":[{"embeddable":true,"href":"https:\/\/noticiasmercedinas.com\/site\/wp-json\/wp\/v2\/comments?post=48044"}],"version-history":[{"count":5,"href":"https:\/\/noticiasmercedinas.com\/site\/wp-json\/wp\/v2\/posts\/48044\/revisions"}],"predecessor-version":[{"id":48051,"href":"https:\/\/noticiasmercedinas.com\/site\/wp-json\/wp\/v2\/posts\/48044\/revisions\/48051"}],"wp:featuredmedia":[{"embeddable":true,"href":"https:\/\/noticiasmercedinas.com\/site\/wp-json\/wp\/v2\/media\/48045"}],"wp:attachment":[{"href":"https:\/\/noticiasmercedinas.com\/site\/wp-json\/wp\/v2\/media?parent=48044"}],"wp:term":[{"taxonomy":"category","embeddable":true,"href":"https:\/\/noticiasmercedinas.com\/site\/wp-json\/wp\/v2\/categories?post=48044"},{"taxonomy":"post_tag","embeddable":true,"href":"https:\/\/noticiasmercedinas.com\/site\/wp-json\/wp\/v2\/tags?post=48044"}],"curies":[{"name":"wp","href":"https:\/\/api.w.org\/{rel}","templated":true}]}}