{"id":484,"date":"2018-08-26T23:09:47","date_gmt":"2018-08-27T02:09:47","guid":{"rendered":"http:\/\/noticiasmercedinas.com\/site\/?p=484"},"modified":"2018-08-26T23:09:47","modified_gmt":"2018-08-27T02:09:47","slug":"anunciaron-el-regreso-del-mercedes-rock","status":"publish","type":"post","link":"https:\/\/noticiasmercedinas.com\/site\/2018\/08\/26\/anunciaron-el-regreso-del-mercedes-rock\/","title":{"rendered":"Anunciaron el regreso del Mercedes Rock"},"content":{"rendered":"<p><strong>El festival que tuvo su auge en los 90 congregando a bandas locales vuelve el 20 y el 21 de octubre. El cierre ser\u00e1 con una gran banda nacional como La Bersuit y habr\u00e1 cl\u00ednicas, expos, charlas y mucha m\u00fasica en vivo.<\/strong><\/p>\n<p><img loading=\"lazy\" decoding=\"async\" class=\"aligncenter size-full wp-image-485\" src=\"http:\/\/noticiasmercedinas.com\/site\/wp-content\/uploads\/2018\/08\/rockaa3.jpg\" alt=\"\" width=\"512\" height=\"284\" srcset=\"https:\/\/noticiasmercedinas.com\/site\/wp-content\/uploads\/2018\/08\/rockaa3.jpg 512w, https:\/\/noticiasmercedinas.com\/site\/wp-content\/uploads\/2018\/08\/rockaa3-300x166.jpg 300w, https:\/\/noticiasmercedinas.com\/site\/wp-content\/uploads\/2018\/08\/rockaa3-511x284.jpg 511w\" sizes=\"auto, (max-width: 512px) 100vw, 512px\" \/><\/p>\n<p>En la d\u00e9cada del 90 fue un cl\u00e1sico el festival Mercedes Rock, que en varias ocasiones conjug\u00f3 producciones semi independientes locales, con alg\u00fan apoyo oficial sobre el final, que lograron unir en el marco de un evento a muchas bandas locales con otras consagradas, como fue el caso de La Bersuit Vergarabat o Las Pastillas del Abuelo. Y por estas horas se anunci\u00f3 que vuelve el 20 y el 21 de octubre. El cierre ser\u00e1 con una gran banda nacional como La Bersuit y habr\u00e1 cl\u00ednicas, expos, charlas y mucha m\u00fasica en vivo.<\/p>\n<p>&nbsp;<\/p>\n<p>En un trabajo mancomunado entre el Municipio y artistas de nuestra ciudad, se anunci\u00f3 desde el Centro Cultural Dr. Julio C\u00e9sar Gioscio (ex teatro argentino) la vuelta del \u201cMercedes Rock\u201d. Tanto el s\u00e1bado 20 como el domingo 21 de octubre estar\u00e1n tocando sobre el escenario bandas locales. La disposici\u00f3n ser\u00e1 a trav\u00e9s de un sorteo que se har\u00e1 una vez finalizada la inscripci\u00f3n. Este importante evento ser\u00e1 transmitido en vivo por la radio p\u00fablica y su entrada ser\u00e1 gratis.<\/p>\n<p>&nbsp;<\/p>\n<p>Estuvieron presentes al dar la noticia Peto C\u00e1ngaro, Adri\u00e1n \u00abMoco\u00bb Alvarado, Walter Lescano, Alberto Pucheta, Lautaro Ferrer, Carlos Brea, Teo Herrero, Nicol\u00e1s Laurino, Isaias Freyre, Pablo Porfido y Mariano Mirko en representaci\u00f3n de todo el grupo de trabajo y organizaci\u00f3n. Adem\u00e1s del intendente Juan Ignacio Ustarroz y Eugenia C\u00f3dega, del \u00e1rea de Juventud.<\/p>\n<p>&nbsp;<\/p>\n<p>Ustarroz comunic\u00f3 c\u00f3mo se fue gestando esta importante vuelta: \u201cFuimos dando algunos pasos y nos propusimos volver a hacer el \u201cMercedes Rock\u201d para que toda nuestra comunidad pueda conocer a las bandas locales de nuestra ciudad que vienen creciendo, ensayando y donde se denota un desarrollo muy importante\u201d, dijo.<\/p>\n<p>&nbsp;<\/p>\n<p>Se supo que para el cierre de este encuentro, el domingo 21 se contar\u00e1 con la presencia de La Bersuit. \u201cBuscaremos trabajar en conjunto con todas las bandas de rock de Mercedes para lograr generar un espacio de grabaci\u00f3n para que las bandas tengan un lugar donde ir a grabar. Lo haremos de forma mancomunada, as\u00ed como lo hacemos con todas las instituciones de bien p\u00fablico, tratando de complementar esfuerzos, generando acciones para poder ir dise\u00f1ando y d\u00e1ndole forma a esta sala de grabaci\u00f3n que es una necesidad de las bandas para poder jerarquizar su trabajo y la cultura de nuestra ciudad\u201d, dijo Ustarroz.<\/p>\n","protected":false},"excerpt":{"rendered":"<p>El festival que tuvo su auge en los 90 congregando a bandas locales vuelve el 20 y el 21 de octubre. El cierre ser\u00e1 con una gran banda nacional como La Bersuit y habr\u00e1 cl\u00ednicas, expos, charlas y mucha m\u00fasica en vivo. En la d\u00e9cada del 90 fue un cl\u00e1sico el festival Mercedes Rock, que [&hellip;]<\/p>\n","protected":false},"author":2,"featured_media":485,"comment_status":"open","ping_status":"open","sticky":false,"template":"","format":"standard","meta":{"footnotes":""},"categories":[4],"tags":[208,206,88,207],"class_list":["post-484","post","type-post","status-publish","format-standard","has-post-thumbnail","hentry","category-cultura","tag-bersuit","tag-mercedes-rock","tag-musica","tag-rock"],"yoast_head":"<!-- This site is optimized with the Yoast SEO plugin v27.5 - https:\/\/yoast.com\/product\/yoast-seo-wordpress\/ -->\n<title>Anunciaron el regreso del Mercedes Rock<\/title>\n<meta name=\"robots\" content=\"index, follow, max-snippet:-1, max-image-preview:large, max-video-preview:-1\" \/>\n<link rel=\"canonical\" href=\"https:\/\/noticiasmercedinas.com\/site\/2018\/08\/26\/anunciaron-el-regreso-del-mercedes-rock\/\" \/>\n<meta property=\"og:locale\" content=\"es_ES\" \/>\n<meta property=\"og:type\" content=\"article\" \/>\n<meta property=\"og:title\" content=\"Anunciaron el regreso del Mercedes Rock\" \/>\n<meta property=\"og:description\" content=\"El festival que tuvo su auge en los 90 congregando a bandas locales vuelve el 20 y el 21 de octubre. El cierre ser\u00e1 con una gran banda nacional como La Bersuit y habr\u00e1 cl\u00ednicas, expos, charlas y mucha m\u00fasica en vivo. En la d\u00e9cada del 90 fue un cl\u00e1sico el festival Mercedes Rock, que [&hellip;]\" \/>\n<meta property=\"og:url\" content=\"https:\/\/noticiasmercedinas.com\/site\/2018\/08\/26\/anunciaron-el-regreso-del-mercedes-rock\/\" \/>\n<meta property=\"og:site_name\" content=\"NOTICIASMERCEDINAS.COM\" \/>\n<meta property=\"article:publisher\" content=\"https:\/\/www.facebook.com\/noticiasmercedinas\/\" \/>\n<meta property=\"article:author\" content=\"https:\/\/www.facebook.com\/cristian.falabella\" \/>\n<meta property=\"article:published_time\" content=\"2018-08-27T02:09:47+00:00\" \/>\n<meta property=\"og:image\" content=\"https:\/\/noticiasmercedinas.com\/site\/wp-content\/uploads\/2018\/08\/rockaa3.jpg\" \/>\n\t<meta property=\"og:image:width\" content=\"512\" \/>\n\t<meta property=\"og:image:height\" content=\"284\" \/>\n\t<meta property=\"og:image:type\" content=\"image\/jpeg\" \/>\n<meta name=\"author\" content=\"Cristian Falabella NOTICIASMERCEDINAS.COM\" \/>\n<meta name=\"twitter:card\" content=\"summary_large_image\" \/>\n<meta name=\"twitter:creator\" content=\"@https:\/\/twitter.com\/NOTMERCEDINAS\" \/>\n<meta name=\"twitter:site\" content=\"@notmercedinas\" \/>\n<meta name=\"twitter:label1\" content=\"Escrito por\" \/>\n\t<meta name=\"twitter:data1\" content=\"Cristian Falabella NOTICIASMERCEDINAS.COM\" \/>\n\t<meta name=\"twitter:label2\" content=\"Tiempo de lectura\" \/>\n\t<meta name=\"twitter:data2\" content=\"2 minutos\" \/>\n<script type=\"application\/ld+json\" class=\"yoast-schema-graph\">{\"@context\":\"https:\\\/\\\/schema.org\",\"@graph\":[{\"@type\":\"Article\",\"@id\":\"https:\\\/\\\/noticiasmercedinas.com\\\/site\\\/2018\\\/08\\\/26\\\/anunciaron-el-regreso-del-mercedes-rock\\\/#article\",\"isPartOf\":{\"@id\":\"https:\\\/\\\/noticiasmercedinas.com\\\/site\\\/2018\\\/08\\\/26\\\/anunciaron-el-regreso-del-mercedes-rock\\\/\"},\"author\":{\"name\":\"Cristian Falabella NOTICIASMERCEDINAS.COM\",\"@id\":\"https:\\\/\\\/noticiasmercedinas.com\\\/site\\\/#\\\/schema\\\/person\\\/d481a9696a5feaec13a60e2bbd991a6a\"},\"headline\":\"Anunciaron el regreso del Mercedes Rock\",\"datePublished\":\"2018-08-27T02:09:47+00:00\",\"mainEntityOfPage\":{\"@id\":\"https:\\\/\\\/noticiasmercedinas.com\\\/site\\\/2018\\\/08\\\/26\\\/anunciaron-el-regreso-del-mercedes-rock\\\/\"},\"wordCount\":448,\"commentCount\":2,\"publisher\":{\"@id\":\"https:\\\/\\\/noticiasmercedinas.com\\\/site\\\/#organization\"},\"image\":{\"@id\":\"https:\\\/\\\/noticiasmercedinas.com\\\/site\\\/2018\\\/08\\\/26\\\/anunciaron-el-regreso-del-mercedes-rock\\\/#primaryimage\"},\"thumbnailUrl\":\"https:\\\/\\\/noticiasmercedinas.com\\\/site\\\/wp-content\\\/uploads\\\/2018\\\/08\\\/rockaa3.jpg\",\"keywords\":[\"bersuit\",\"mercedes rock\",\"musica\",\"rock\"],\"articleSection\":[\"Cultura\"],\"inLanguage\":\"es\",\"potentialAction\":[{\"@type\":\"CommentAction\",\"name\":\"Comment\",\"target\":[\"https:\\\/\\\/noticiasmercedinas.com\\\/site\\\/2018\\\/08\\\/26\\\/anunciaron-el-regreso-del-mercedes-rock\\\/#respond\"]}]},{\"@type\":\"WebPage\",\"@id\":\"https:\\\/\\\/noticiasmercedinas.com\\\/site\\\/2018\\\/08\\\/26\\\/anunciaron-el-regreso-del-mercedes-rock\\\/\",\"url\":\"https:\\\/\\\/noticiasmercedinas.com\\\/site\\\/2018\\\/08\\\/26\\\/anunciaron-el-regreso-del-mercedes-rock\\\/\",\"name\":\"Anunciaron el regreso del Mercedes Rock\",\"isPartOf\":{\"@id\":\"https:\\\/\\\/noticiasmercedinas.com\\\/site\\\/#website\"},\"primaryImageOfPage\":{\"@id\":\"https:\\\/\\\/noticiasmercedinas.com\\\/site\\\/2018\\\/08\\\/26\\\/anunciaron-el-regreso-del-mercedes-rock\\\/#primaryimage\"},\"image\":{\"@id\":\"https:\\\/\\\/noticiasmercedinas.com\\\/site\\\/2018\\\/08\\\/26\\\/anunciaron-el-regreso-del-mercedes-rock\\\/#primaryimage\"},\"thumbnailUrl\":\"https:\\\/\\\/noticiasmercedinas.com\\\/site\\\/wp-content\\\/uploads\\\/2018\\\/08\\\/rockaa3.jpg\",\"datePublished\":\"2018-08-27T02:09:47+00:00\",\"breadcrumb\":{\"@id\":\"https:\\\/\\\/noticiasmercedinas.com\\\/site\\\/2018\\\/08\\\/26\\\/anunciaron-el-regreso-del-mercedes-rock\\\/#breadcrumb\"},\"inLanguage\":\"es\",\"potentialAction\":[{\"@type\":\"ReadAction\",\"target\":[\"https:\\\/\\\/noticiasmercedinas.com\\\/site\\\/2018\\\/08\\\/26\\\/anunciaron-el-regreso-del-mercedes-rock\\\/\"]}]},{\"@type\":\"ImageObject\",\"inLanguage\":\"es\",\"@id\":\"https:\\\/\\\/noticiasmercedinas.com\\\/site\\\/2018\\\/08\\\/26\\\/anunciaron-el-regreso-del-mercedes-rock\\\/#primaryimage\",\"url\":\"https:\\\/\\\/noticiasmercedinas.com\\\/site\\\/wp-content\\\/uploads\\\/2018\\\/08\\\/rockaa3.jpg\",\"contentUrl\":\"https:\\\/\\\/noticiasmercedinas.com\\\/site\\\/wp-content\\\/uploads\\\/2018\\\/08\\\/rockaa3.jpg\",\"width\":512,\"height\":284},{\"@type\":\"BreadcrumbList\",\"@id\":\"https:\\\/\\\/noticiasmercedinas.com\\\/site\\\/2018\\\/08\\\/26\\\/anunciaron-el-regreso-del-mercedes-rock\\\/#breadcrumb\",\"itemListElement\":[{\"@type\":\"ListItem\",\"position\":1,\"name\":\"Portada\",\"item\":\"https:\\\/\\\/noticiasmercedinas.com\\\/site\\\/\"},{\"@type\":\"ListItem\",\"position\":2,\"name\":\"Anunciaron el regreso del Mercedes Rock\"}]},{\"@type\":\"WebSite\",\"@id\":\"https:\\\/\\\/noticiasmercedinas.com\\\/site\\\/#website\",\"url\":\"https:\\\/\\\/noticiasmercedinas.com\\\/site\\\/\",\"name\":\"NOTICIASMERCEDINAS.COM\",\"description\":\"Mercedes, Buenos Aires, Argentina\",\"publisher\":{\"@id\":\"https:\\\/\\\/noticiasmercedinas.com\\\/site\\\/#organization\"},\"potentialAction\":[{\"@type\":\"SearchAction\",\"target\":{\"@type\":\"EntryPoint\",\"urlTemplate\":\"https:\\\/\\\/noticiasmercedinas.com\\\/site\\\/?s={search_term_string}\"},\"query-input\":{\"@type\":\"PropertyValueSpecification\",\"valueRequired\":true,\"valueName\":\"search_term_string\"}}],\"inLanguage\":\"es\"},{\"@type\":\"Organization\",\"@id\":\"https:\\\/\\\/noticiasmercedinas.com\\\/site\\\/#organization\",\"name\":\"NOTICIASMERCEDINAS.COM\",\"url\":\"https:\\\/\\\/noticiasmercedinas.com\\\/site\\\/\",\"logo\":{\"@type\":\"ImageObject\",\"inLanguage\":\"es\",\"@id\":\"https:\\\/\\\/noticiasmercedinas.com\\\/site\\\/#\\\/schema\\\/logo\\\/image\\\/\",\"url\":\"https:\\\/\\\/noticiasmercedinas.com\\\/site\\\/wp-content\\\/uploads\\\/2020\\\/06\\\/LOGO-512.jpg\",\"contentUrl\":\"https:\\\/\\\/noticiasmercedinas.com\\\/site\\\/wp-content\\\/uploads\\\/2020\\\/06\\\/LOGO-512.jpg\",\"width\":512,\"height\":512,\"caption\":\"NOTICIASMERCEDINAS.COM\"},\"image\":{\"@id\":\"https:\\\/\\\/noticiasmercedinas.com\\\/site\\\/#\\\/schema\\\/logo\\\/image\\\/\"},\"sameAs\":[\"https:\\\/\\\/www.facebook.com\\\/noticiasmercedinas\\\/\",\"https:\\\/\\\/x.com\\\/notmercedinas\",\"https:\\\/\\\/www.instagram.com\\\/noticiasmercedinas\\\/\"]},{\"@type\":\"Person\",\"@id\":\"https:\\\/\\\/noticiasmercedinas.com\\\/site\\\/#\\\/schema\\\/person\\\/d481a9696a5feaec13a60e2bbd991a6a\",\"name\":\"Cristian Falabella NOTICIASMERCEDINAS.COM\",\"image\":{\"@type\":\"ImageObject\",\"inLanguage\":\"es\",\"@id\":\"https:\\\/\\\/secure.gravatar.com\\\/avatar\\\/0dbbfc45970cc46bcd0e57766228574ff3511d6eed045b182f536f0f478c1f06?s=96&d=mm&r=g\",\"url\":\"https:\\\/\\\/secure.gravatar.com\\\/avatar\\\/0dbbfc45970cc46bcd0e57766228574ff3511d6eed045b182f536f0f478c1f06?s=96&d=mm&r=g\",\"contentUrl\":\"https:\\\/\\\/secure.gravatar.com\\\/avatar\\\/0dbbfc45970cc46bcd0e57766228574ff3511d6eed045b182f536f0f478c1f06?s=96&d=mm&r=g\",\"caption\":\"Cristian Falabella NOTICIASMERCEDINAS.COM\"},\"description\":\"Periodista, editor de Noticias Mercedinas. Pas\u00f3 por varias redacciones y emprendimientos de prensa, en distintos formatos y \u00e9pocas. Se especializ\u00f3 --y sigue haci\u00e9ndolo-- en comunicaci\u00f3n en la web y en junio de 2006 fund\u00f3 este diario digital.\",\"sameAs\":[\"https:\\\/\\\/noticiasmercedinas.com\",\"https:\\\/\\\/www.facebook.com\\\/cristian.falabella\",\"https:\\\/\\\/www.instagram.com\\\/noticiasmercedinas\\\/\",\"https:\\\/\\\/x.com\\\/https:\\\/\\\/twitter.com\\\/NOTMERCEDINAS\"],\"url\":\"https:\\\/\\\/noticiasmercedinas.com\\\/site\\\/author\\\/as000384\\\/\"}]}<\/script>\n<!-- \/ Yoast SEO plugin. -->","yoast_head_json":{"title":"Anunciaron el regreso del Mercedes Rock","robots":{"index":"index","follow":"follow","max-snippet":"max-snippet:-1","max-image-preview":"max-image-preview:large","max-video-preview":"max-video-preview:-1"},"canonical":"https:\/\/noticiasmercedinas.com\/site\/2018\/08\/26\/anunciaron-el-regreso-del-mercedes-rock\/","og_locale":"es_ES","og_type":"article","og_title":"Anunciaron el regreso del Mercedes Rock","og_description":"El festival que tuvo su auge en los 90 congregando a bandas locales vuelve el 20 y el 21 de octubre. El cierre ser\u00e1 con una gran banda nacional como La Bersuit y habr\u00e1 cl\u00ednicas, expos, charlas y mucha m\u00fasica en vivo. En la d\u00e9cada del 90 fue un cl\u00e1sico el festival Mercedes Rock, que [&hellip;]","og_url":"https:\/\/noticiasmercedinas.com\/site\/2018\/08\/26\/anunciaron-el-regreso-del-mercedes-rock\/","og_site_name":"NOTICIASMERCEDINAS.COM","article_publisher":"https:\/\/www.facebook.com\/noticiasmercedinas\/","article_author":"https:\/\/www.facebook.com\/cristian.falabella","article_published_time":"2018-08-27T02:09:47+00:00","og_image":[{"width":512,"height":284,"url":"https:\/\/noticiasmercedinas.com\/site\/wp-content\/uploads\/2018\/08\/rockaa3.jpg","type":"image\/jpeg"}],"author":"Cristian Falabella NOTICIASMERCEDINAS.COM","twitter_card":"summary_large_image","twitter_creator":"@https:\/\/twitter.com\/NOTMERCEDINAS","twitter_site":"@notmercedinas","twitter_misc":{"Escrito por":"Cristian Falabella NOTICIASMERCEDINAS.COM","Tiempo de lectura":"2 minutos"},"schema":{"@context":"https:\/\/schema.org","@graph":[{"@type":"Article","@id":"https:\/\/noticiasmercedinas.com\/site\/2018\/08\/26\/anunciaron-el-regreso-del-mercedes-rock\/#article","isPartOf":{"@id":"https:\/\/noticiasmercedinas.com\/site\/2018\/08\/26\/anunciaron-el-regreso-del-mercedes-rock\/"},"author":{"name":"Cristian Falabella NOTICIASMERCEDINAS.COM","@id":"https:\/\/noticiasmercedinas.com\/site\/#\/schema\/person\/d481a9696a5feaec13a60e2bbd991a6a"},"headline":"Anunciaron el regreso del Mercedes Rock","datePublished":"2018-08-27T02:09:47+00:00","mainEntityOfPage":{"@id":"https:\/\/noticiasmercedinas.com\/site\/2018\/08\/26\/anunciaron-el-regreso-del-mercedes-rock\/"},"wordCount":448,"commentCount":2,"publisher":{"@id":"https:\/\/noticiasmercedinas.com\/site\/#organization"},"image":{"@id":"https:\/\/noticiasmercedinas.com\/site\/2018\/08\/26\/anunciaron-el-regreso-del-mercedes-rock\/#primaryimage"},"thumbnailUrl":"https:\/\/noticiasmercedinas.com\/site\/wp-content\/uploads\/2018\/08\/rockaa3.jpg","keywords":["bersuit","mercedes rock","musica","rock"],"articleSection":["Cultura"],"inLanguage":"es","potentialAction":[{"@type":"CommentAction","name":"Comment","target":["https:\/\/noticiasmercedinas.com\/site\/2018\/08\/26\/anunciaron-el-regreso-del-mercedes-rock\/#respond"]}]},{"@type":"WebPage","@id":"https:\/\/noticiasmercedinas.com\/site\/2018\/08\/26\/anunciaron-el-regreso-del-mercedes-rock\/","url":"https:\/\/noticiasmercedinas.com\/site\/2018\/08\/26\/anunciaron-el-regreso-del-mercedes-rock\/","name":"Anunciaron el regreso del Mercedes Rock","isPartOf":{"@id":"https:\/\/noticiasmercedinas.com\/site\/#website"},"primaryImageOfPage":{"@id":"https:\/\/noticiasmercedinas.com\/site\/2018\/08\/26\/anunciaron-el-regreso-del-mercedes-rock\/#primaryimage"},"image":{"@id":"https:\/\/noticiasmercedinas.com\/site\/2018\/08\/26\/anunciaron-el-regreso-del-mercedes-rock\/#primaryimage"},"thumbnailUrl":"https:\/\/noticiasmercedinas.com\/site\/wp-content\/uploads\/2018\/08\/rockaa3.jpg","datePublished":"2018-08-27T02:09:47+00:00","breadcrumb":{"@id":"https:\/\/noticiasmercedinas.com\/site\/2018\/08\/26\/anunciaron-el-regreso-del-mercedes-rock\/#breadcrumb"},"inLanguage":"es","potentialAction":[{"@type":"ReadAction","target":["https:\/\/noticiasmercedinas.com\/site\/2018\/08\/26\/anunciaron-el-regreso-del-mercedes-rock\/"]}]},{"@type":"ImageObject","inLanguage":"es","@id":"https:\/\/noticiasmercedinas.com\/site\/2018\/08\/26\/anunciaron-el-regreso-del-mercedes-rock\/#primaryimage","url":"https:\/\/noticiasmercedinas.com\/site\/wp-content\/uploads\/2018\/08\/rockaa3.jpg","contentUrl":"https:\/\/noticiasmercedinas.com\/site\/wp-content\/uploads\/2018\/08\/rockaa3.jpg","width":512,"height":284},{"@type":"BreadcrumbList","@id":"https:\/\/noticiasmercedinas.com\/site\/2018\/08\/26\/anunciaron-el-regreso-del-mercedes-rock\/#breadcrumb","itemListElement":[{"@type":"ListItem","position":1,"name":"Portada","item":"https:\/\/noticiasmercedinas.com\/site\/"},{"@type":"ListItem","position":2,"name":"Anunciaron el regreso del Mercedes Rock"}]},{"@type":"WebSite","@id":"https:\/\/noticiasmercedinas.com\/site\/#website","url":"https:\/\/noticiasmercedinas.com\/site\/","name":"NOTICIASMERCEDINAS.COM","description":"Mercedes, Buenos Aires, Argentina","publisher":{"@id":"https:\/\/noticiasmercedinas.com\/site\/#organization"},"potentialAction":[{"@type":"SearchAction","target":{"@type":"EntryPoint","urlTemplate":"https:\/\/noticiasmercedinas.com\/site\/?s={search_term_string}"},"query-input":{"@type":"PropertyValueSpecification","valueRequired":true,"valueName":"search_term_string"}}],"inLanguage":"es"},{"@type":"Organization","@id":"https:\/\/noticiasmercedinas.com\/site\/#organization","name":"NOTICIASMERCEDINAS.COM","url":"https:\/\/noticiasmercedinas.com\/site\/","logo":{"@type":"ImageObject","inLanguage":"es","@id":"https:\/\/noticiasmercedinas.com\/site\/#\/schema\/logo\/image\/","url":"https:\/\/noticiasmercedinas.com\/site\/wp-content\/uploads\/2020\/06\/LOGO-512.jpg","contentUrl":"https:\/\/noticiasmercedinas.com\/site\/wp-content\/uploads\/2020\/06\/LOGO-512.jpg","width":512,"height":512,"caption":"NOTICIASMERCEDINAS.COM"},"image":{"@id":"https:\/\/noticiasmercedinas.com\/site\/#\/schema\/logo\/image\/"},"sameAs":["https:\/\/www.facebook.com\/noticiasmercedinas\/","https:\/\/x.com\/notmercedinas","https:\/\/www.instagram.com\/noticiasmercedinas\/"]},{"@type":"Person","@id":"https:\/\/noticiasmercedinas.com\/site\/#\/schema\/person\/d481a9696a5feaec13a60e2bbd991a6a","name":"Cristian Falabella NOTICIASMERCEDINAS.COM","image":{"@type":"ImageObject","inLanguage":"es","@id":"https:\/\/secure.gravatar.com\/avatar\/0dbbfc45970cc46bcd0e57766228574ff3511d6eed045b182f536f0f478c1f06?s=96&d=mm&r=g","url":"https:\/\/secure.gravatar.com\/avatar\/0dbbfc45970cc46bcd0e57766228574ff3511d6eed045b182f536f0f478c1f06?s=96&d=mm&r=g","contentUrl":"https:\/\/secure.gravatar.com\/avatar\/0dbbfc45970cc46bcd0e57766228574ff3511d6eed045b182f536f0f478c1f06?s=96&d=mm&r=g","caption":"Cristian Falabella NOTICIASMERCEDINAS.COM"},"description":"Periodista, editor de Noticias Mercedinas. Pas\u00f3 por varias redacciones y emprendimientos de prensa, en distintos formatos y \u00e9pocas. Se especializ\u00f3 --y sigue haci\u00e9ndolo-- en comunicaci\u00f3n en la web y en junio de 2006 fund\u00f3 este diario digital.","sameAs":["https:\/\/noticiasmercedinas.com","https:\/\/www.facebook.com\/cristian.falabella","https:\/\/www.instagram.com\/noticiasmercedinas\/","https:\/\/x.com\/https:\/\/twitter.com\/NOTMERCEDINAS"],"url":"https:\/\/noticiasmercedinas.com\/site\/author\/as000384\/"}]}},"amp_enabled":true,"_links":{"self":[{"href":"https:\/\/noticiasmercedinas.com\/site\/wp-json\/wp\/v2\/posts\/484","targetHints":{"allow":["GET"]}}],"collection":[{"href":"https:\/\/noticiasmercedinas.com\/site\/wp-json\/wp\/v2\/posts"}],"about":[{"href":"https:\/\/noticiasmercedinas.com\/site\/wp-json\/wp\/v2\/types\/post"}],"author":[{"embeddable":true,"href":"https:\/\/noticiasmercedinas.com\/site\/wp-json\/wp\/v2\/users\/2"}],"replies":[{"embeddable":true,"href":"https:\/\/noticiasmercedinas.com\/site\/wp-json\/wp\/v2\/comments?post=484"}],"version-history":[{"count":1,"href":"https:\/\/noticiasmercedinas.com\/site\/wp-json\/wp\/v2\/posts\/484\/revisions"}],"predecessor-version":[{"id":486,"href":"https:\/\/noticiasmercedinas.com\/site\/wp-json\/wp\/v2\/posts\/484\/revisions\/486"}],"wp:featuredmedia":[{"embeddable":true,"href":"https:\/\/noticiasmercedinas.com\/site\/wp-json\/wp\/v2\/media\/485"}],"wp:attachment":[{"href":"https:\/\/noticiasmercedinas.com\/site\/wp-json\/wp\/v2\/media?parent=484"}],"wp:term":[{"taxonomy":"category","embeddable":true,"href":"https:\/\/noticiasmercedinas.com\/site\/wp-json\/wp\/v2\/categories?post=484"},{"taxonomy":"post_tag","embeddable":true,"href":"https:\/\/noticiasmercedinas.com\/site\/wp-json\/wp\/v2\/tags?post=484"}],"curies":[{"name":"wp","href":"https:\/\/api.w.org\/{rel}","templated":true}]}}