{"id":48716,"date":"2020-07-12T20:28:56","date_gmt":"2020-07-12T23:28:56","guid":{"rendered":"https:\/\/noticiasmercedinas.com\/site\/?p=48716"},"modified":"2020-07-12T20:28:56","modified_gmt":"2020-07-12T23:28:56","slug":"reclaman-testeos-sistematicos-a-trabajadores-de-la-salud","status":"publish","type":"post","link":"https:\/\/noticiasmercedinas.com\/site\/2020\/07\/12\/reclaman-testeos-sistematicos-a-trabajadores-de-la-salud\/","title":{"rendered":"Reclaman testeos sistem\u00e1ticos a trabajadores de la salud"},"content":{"rendered":"<p><a href=\"https:\/\/noticiasmercedinas.com\/site\/wp-content\/uploads\/2020\/07\/medicos.jpg\"><img loading=\"lazy\" decoding=\"async\" class=\"alignnone size-full wp-image-48718\" src=\"https:\/\/noticiasmercedinas.com\/site\/wp-content\/uploads\/2020\/07\/medicos.jpg\" alt=\"\" width=\"766\" height=\"368\" srcset=\"https:\/\/noticiasmercedinas.com\/site\/wp-content\/uploads\/2020\/07\/medicos.jpg 766w, https:\/\/noticiasmercedinas.com\/site\/wp-content\/uploads\/2020\/07\/medicos-300x144.jpg 300w, https:\/\/noticiasmercedinas.com\/site\/wp-content\/uploads\/2020\/07\/medicos-640x307.jpg 640w, https:\/\/noticiasmercedinas.com\/site\/wp-content\/uploads\/2020\/07\/medicos-681x327.jpg 681w\" sizes=\"auto, (max-width: 766px) 100vw, 766px\" \/><\/a><\/p>\n<p>Profesionales de la Salud, entre ellos los agrupados en CICOP Mercedes, reclamaron a las autoridades sanitarias \u201cprotocolos de testeo sistem\u00e1tico a los trabajadores de la salud en defensa de la vida\u201d.<\/p>\n<p>Mediante una carta abierta expresaron que \u201cla falta de b\u00fasqueda sistem\u00e1tica de trabajadores de la salud infectados asintom\u00e1ticos pone en riesgo a todo el equipo de salud de contagiarnos de Covid19, a contagiar a nuestros pacientes, enfermar a nuestras familias, y colapsar el sistema de salud\u201d.<\/p>\n<p>\u201cEst\u00e1 ampliamente demostrado el papel central de los \u2018asintom\u00e1ticos\u2019 en la diseminaci\u00f3n de la infecci\u00f3n por coronavirus, y que los hospitales y centros de salud est\u00e1n expuestos a amplia circulaci\u00f3n del virus\u201d, indicaron y advirtieron que \u201cel que busca, encuentra\u201d.<\/p>\n<blockquote><p>\u201cEst\u00e1 ampliamente demostrado el papel central de los \u2018asintom\u00e1ticos\u2019 en la diseminaci\u00f3n de la infecci\u00f3n\u201d<\/p><\/blockquote>\n<p>Los profesionales expusieron \u201ctres casos de infecciones evitables y colapso sanitario por falta de testeo amplio y sistem\u00e1tico\u201d:<\/p>\n<p>1- Hospital Zonal de Agudos \u201cBlas Dubarry\u201d de Mercedes: el lunes 29 de junio se presenta con ardor faringeo una trabajadora de la salud que cumple funciones en Area Covid y consultorios externos de patolog\u00eda cr\u00f3nica. Se activa el protocolo. El 1 de julio se confirma Covid 19. Ante esta situaci\u00f3n, y a solicitud del jefe de Unidad de Medicina General, en acuerdo con la Direcci\u00f3n del Hospital se testea no solo a los contactos estrechos de la profesional, sino a toda el \u00e1rea de consultorios externos de patolog\u00eda cr\u00f3nica. De esta forma se detectan hasta ahora ocho trabajadores infectados asintomaticos, mientras se contin\u00faan los testeos.<\/p>\n<p>2- Hospital Municipal de Chivilcoy: despues de confirmarse la infecci\u00f3n de un profesional de la Salud hace dos semanas (ya recuperado), se comenz\u00f3 a testear a los trabajadores de la salud y se descubrieron 11 casos positivos, situaci\u00f3n que ha diezmado el equipo de trabajo del Hospital Municipal y ha generado la decisi\u00f3n de \u201csacar\u201d algunos servicios.<\/p>\n<p>3- Hospital Municipal de Suipacha: el 26 de junio, despu\u00e9s de confirmarse la muerte por Covid del cardi\u00f3logo y terapista Omar Castillo, de 38 a\u00f1os de edad, se comienza a testear y descubren 12 casos de trabajadores de la salud del hospital infectados. Hoy la mayor\u00eda est\u00e1 en cuarentena y el hospital pr\u00e1cticamente cerrado.<\/p>\n<p>El comunicado est\u00e1 firmado por diversas asociaciones de la Provincia, pertenecientes a la Federaci\u00f3n Sindical de Profesionales de la Salud de la Argentina (FESPROSA).<\/p>\n","protected":false},"excerpt":{"rendered":"<p>\u25a0 Profesionales advirtieron que \u201cel que busca, encuentra\u201d infectados asintom\u00e1ticos. Se\u00f1alaron los casos de contagios en los hospitales de Mercedes, Chivilcoy y Suipacha.<\/p>\n","protected":false},"author":16,"featured_media":48718,"comment_status":"open","ping_status":"open","sticky":false,"template":"","format":"standard","meta":{"footnotes":""},"categories":[10],"tags":[56,6275,8392,3746,3922,9611],"class_list":["post-48716","post","type-post","status-publish","format-standard","has-post-thumbnail","hentry","category-especiales","tag-cicop","tag-cicop-mercedes","tag-coronavirus","tag-fesprosa","tag-hospital-blas-dubarry","tag-testeos"],"yoast_head":"<!-- This site is optimized with the Yoast SEO plugin v27.4 - https:\/\/yoast.com\/product\/yoast-seo-wordpress\/ -->\n<title>Reclaman testeos sistem\u00e1ticos a trabajadores de la salud<\/title>\n<meta name=\"robots\" content=\"index, follow, max-snippet:-1, max-image-preview:large, max-video-preview:-1\" \/>\n<link rel=\"canonical\" href=\"https:\/\/noticiasmercedinas.com\/site\/2020\/07\/12\/reclaman-testeos-sistematicos-a-trabajadores-de-la-salud\/\" \/>\n<meta property=\"og:locale\" content=\"es_ES\" \/>\n<meta property=\"og:type\" content=\"article\" \/>\n<meta property=\"og:title\" content=\"Reclaman testeos sistem\u00e1ticos a trabajadores de la salud\" \/>\n<meta property=\"og:description\" content=\"\u25a0 Profesionales advirtieron que \u201cel que busca, encuentra\u201d infectados asintom\u00e1ticos. Se\u00f1alaron los casos de contagios en los hospitales de Mercedes, Chivilcoy y Suipacha.\" \/>\n<meta property=\"og:url\" content=\"https:\/\/noticiasmercedinas.com\/site\/2020\/07\/12\/reclaman-testeos-sistematicos-a-trabajadores-de-la-salud\/\" \/>\n<meta property=\"og:site_name\" content=\"NOTICIASMERCEDINAS.COM\" \/>\n<meta property=\"article:publisher\" content=\"https:\/\/www.facebook.com\/noticiasmercedinas\/\" \/>\n<meta property=\"article:published_time\" content=\"2020-07-12T23:28:56+00:00\" \/>\n<meta property=\"og:image\" content=\"https:\/\/noticiasmercedinas.com\/site\/wp-content\/uploads\/2020\/07\/medicos.jpg\" \/>\n\t<meta property=\"og:image:width\" content=\"766\" \/>\n\t<meta property=\"og:image:height\" content=\"368\" \/>\n\t<meta property=\"og:image:type\" content=\"image\/jpeg\" \/>\n<meta name=\"author\" content=\"NOTICIASMERCEDINAS.COM\" \/>\n<meta name=\"twitter:card\" content=\"summary_large_image\" \/>\n<meta name=\"twitter:creator\" content=\"@notmercedinas\" \/>\n<meta name=\"twitter:site\" content=\"@notmercedinas\" \/>\n<meta name=\"twitter:label1\" content=\"Escrito por\" \/>\n\t<meta name=\"twitter:data1\" content=\"NOTICIASMERCEDINAS.COM\" \/>\n\t<meta name=\"twitter:label2\" content=\"Tiempo de lectura\" \/>\n\t<meta name=\"twitter:data2\" content=\"2 minutos\" \/>\n<script type=\"application\/ld+json\" class=\"yoast-schema-graph\">{\"@context\":\"https:\\\/\\\/schema.org\",\"@graph\":[{\"@type\":\"Article\",\"@id\":\"https:\\\/\\\/noticiasmercedinas.com\\\/site\\\/2020\\\/07\\\/12\\\/reclaman-testeos-sistematicos-a-trabajadores-de-la-salud\\\/#article\",\"isPartOf\":{\"@id\":\"https:\\\/\\\/noticiasmercedinas.com\\\/site\\\/2020\\\/07\\\/12\\\/reclaman-testeos-sistematicos-a-trabajadores-de-la-salud\\\/\"},\"author\":{\"name\":\"NOTICIASMERCEDINAS.COM\",\"@id\":\"https:\\\/\\\/noticiasmercedinas.com\\\/site\\\/#\\\/schema\\\/person\\\/84b59c099c28ff2e8b77d4ceec5d8063\"},\"headline\":\"Reclaman testeos sistem\u00e1ticos a trabajadores de la salud\",\"datePublished\":\"2020-07-12T23:28:56+00:00\",\"mainEntityOfPage\":{\"@id\":\"https:\\\/\\\/noticiasmercedinas.com\\\/site\\\/2020\\\/07\\\/12\\\/reclaman-testeos-sistematicos-a-trabajadores-de-la-salud\\\/\"},\"wordCount\":422,\"commentCount\":0,\"publisher\":{\"@id\":\"https:\\\/\\\/noticiasmercedinas.com\\\/site\\\/#organization\"},\"image\":{\"@id\":\"https:\\\/\\\/noticiasmercedinas.com\\\/site\\\/2020\\\/07\\\/12\\\/reclaman-testeos-sistematicos-a-trabajadores-de-la-salud\\\/#primaryimage\"},\"thumbnailUrl\":\"https:\\\/\\\/noticiasmercedinas.com\\\/site\\\/wp-content\\\/uploads\\\/2020\\\/07\\\/medicos.jpg\",\"keywords\":[\"Cicop\",\"cicop mercedes\",\"coronavirus\",\"fesprosa\",\"Hospital Blas Dubarry\",\"testeos\"],\"articleSection\":[\"Covid-19\"],\"inLanguage\":\"es\",\"potentialAction\":[{\"@type\":\"CommentAction\",\"name\":\"Comment\",\"target\":[\"https:\\\/\\\/noticiasmercedinas.com\\\/site\\\/2020\\\/07\\\/12\\\/reclaman-testeos-sistematicos-a-trabajadores-de-la-salud\\\/#respond\"]}]},{\"@type\":\"WebPage\",\"@id\":\"https:\\\/\\\/noticiasmercedinas.com\\\/site\\\/2020\\\/07\\\/12\\\/reclaman-testeos-sistematicos-a-trabajadores-de-la-salud\\\/\",\"url\":\"https:\\\/\\\/noticiasmercedinas.com\\\/site\\\/2020\\\/07\\\/12\\\/reclaman-testeos-sistematicos-a-trabajadores-de-la-salud\\\/\",\"name\":\"Reclaman testeos sistem\u00e1ticos a trabajadores de la salud\",\"isPartOf\":{\"@id\":\"https:\\\/\\\/noticiasmercedinas.com\\\/site\\\/#website\"},\"primaryImageOfPage\":{\"@id\":\"https:\\\/\\\/noticiasmercedinas.com\\\/site\\\/2020\\\/07\\\/12\\\/reclaman-testeos-sistematicos-a-trabajadores-de-la-salud\\\/#primaryimage\"},\"image\":{\"@id\":\"https:\\\/\\\/noticiasmercedinas.com\\\/site\\\/2020\\\/07\\\/12\\\/reclaman-testeos-sistematicos-a-trabajadores-de-la-salud\\\/#primaryimage\"},\"thumbnailUrl\":\"https:\\\/\\\/noticiasmercedinas.com\\\/site\\\/wp-content\\\/uploads\\\/2020\\\/07\\\/medicos.jpg\",\"datePublished\":\"2020-07-12T23:28:56+00:00\",\"breadcrumb\":{\"@id\":\"https:\\\/\\\/noticiasmercedinas.com\\\/site\\\/2020\\\/07\\\/12\\\/reclaman-testeos-sistematicos-a-trabajadores-de-la-salud\\\/#breadcrumb\"},\"inLanguage\":\"es\",\"potentialAction\":[{\"@type\":\"ReadAction\",\"target\":[\"https:\\\/\\\/noticiasmercedinas.com\\\/site\\\/2020\\\/07\\\/12\\\/reclaman-testeos-sistematicos-a-trabajadores-de-la-salud\\\/\"]}]},{\"@type\":\"ImageObject\",\"inLanguage\":\"es\",\"@id\":\"https:\\\/\\\/noticiasmercedinas.com\\\/site\\\/2020\\\/07\\\/12\\\/reclaman-testeos-sistematicos-a-trabajadores-de-la-salud\\\/#primaryimage\",\"url\":\"https:\\\/\\\/noticiasmercedinas.com\\\/site\\\/wp-content\\\/uploads\\\/2020\\\/07\\\/medicos.jpg\",\"contentUrl\":\"https:\\\/\\\/noticiasmercedinas.com\\\/site\\\/wp-content\\\/uploads\\\/2020\\\/07\\\/medicos.jpg\",\"width\":766,\"height\":368},{\"@type\":\"BreadcrumbList\",\"@id\":\"https:\\\/\\\/noticiasmercedinas.com\\\/site\\\/2020\\\/07\\\/12\\\/reclaman-testeos-sistematicos-a-trabajadores-de-la-salud\\\/#breadcrumb\",\"itemListElement\":[{\"@type\":\"ListItem\",\"position\":1,\"name\":\"Portada\",\"item\":\"https:\\\/\\\/noticiasmercedinas.com\\\/site\\\/\"},{\"@type\":\"ListItem\",\"position\":2,\"name\":\"Reclaman testeos sistem\u00e1ticos a trabajadores de la salud\"}]},{\"@type\":\"WebSite\",\"@id\":\"https:\\\/\\\/noticiasmercedinas.com\\\/site\\\/#website\",\"url\":\"https:\\\/\\\/noticiasmercedinas.com\\\/site\\\/\",\"name\":\"NOTICIASMERCEDINAS.COM\",\"description\":\"Mercedes, Buenos Aires, Argentina\",\"publisher\":{\"@id\":\"https:\\\/\\\/noticiasmercedinas.com\\\/site\\\/#organization\"},\"potentialAction\":[{\"@type\":\"SearchAction\",\"target\":{\"@type\":\"EntryPoint\",\"urlTemplate\":\"https:\\\/\\\/noticiasmercedinas.com\\\/site\\\/?s={search_term_string}\"},\"query-input\":{\"@type\":\"PropertyValueSpecification\",\"valueRequired\":true,\"valueName\":\"search_term_string\"}}],\"inLanguage\":\"es\"},{\"@type\":\"Organization\",\"@id\":\"https:\\\/\\\/noticiasmercedinas.com\\\/site\\\/#organization\",\"name\":\"NOTICIASMERCEDINAS.COM\",\"url\":\"https:\\\/\\\/noticiasmercedinas.com\\\/site\\\/\",\"logo\":{\"@type\":\"ImageObject\",\"inLanguage\":\"es\",\"@id\":\"https:\\\/\\\/noticiasmercedinas.com\\\/site\\\/#\\\/schema\\\/logo\\\/image\\\/\",\"url\":\"https:\\\/\\\/noticiasmercedinas.com\\\/site\\\/wp-content\\\/uploads\\\/2020\\\/06\\\/LOGO-512.jpg\",\"contentUrl\":\"https:\\\/\\\/noticiasmercedinas.com\\\/site\\\/wp-content\\\/uploads\\\/2020\\\/06\\\/LOGO-512.jpg\",\"width\":512,\"height\":512,\"caption\":\"NOTICIASMERCEDINAS.COM\"},\"image\":{\"@id\":\"https:\\\/\\\/noticiasmercedinas.com\\\/site\\\/#\\\/schema\\\/logo\\\/image\\\/\"},\"sameAs\":[\"https:\\\/\\\/www.facebook.com\\\/noticiasmercedinas\\\/\",\"https:\\\/\\\/x.com\\\/notmercedinas\",\"https:\\\/\\\/www.instagram.com\\\/noticiasmercedinas\\\/\"]},{\"@type\":\"Person\",\"@id\":\"https:\\\/\\\/noticiasmercedinas.com\\\/site\\\/#\\\/schema\\\/person\\\/84b59c099c28ff2e8b77d4ceec5d8063\",\"name\":\"NOTICIASMERCEDINAS.COM\",\"image\":{\"@type\":\"ImageObject\",\"inLanguage\":\"es\",\"@id\":\"https:\\\/\\\/secure.gravatar.com\\\/avatar\\\/4dfbf16b4d17945bfb6341b2d19043457132fcf478a5ee04f42e959fd8f5df0a?s=96&d=mm&r=g\",\"url\":\"https:\\\/\\\/secure.gravatar.com\\\/avatar\\\/4dfbf16b4d17945bfb6341b2d19043457132fcf478a5ee04f42e959fd8f5df0a?s=96&d=mm&r=g\",\"contentUrl\":\"https:\\\/\\\/secure.gravatar.com\\\/avatar\\\/4dfbf16b4d17945bfb6341b2d19043457132fcf478a5ee04f42e959fd8f5df0a?s=96&d=mm&r=g\",\"caption\":\"NOTICIASMERCEDINAS.COM\"},\"url\":\"https:\\\/\\\/noticiasmercedinas.com\\\/site\\\/author\\\/anonimo\\\/\"}]}<\/script>\n<!-- \/ Yoast SEO plugin. -->","yoast_head_json":{"title":"Reclaman testeos sistem\u00e1ticos a trabajadores de la salud","robots":{"index":"index","follow":"follow","max-snippet":"max-snippet:-1","max-image-preview":"max-image-preview:large","max-video-preview":"max-video-preview:-1"},"canonical":"https:\/\/noticiasmercedinas.com\/site\/2020\/07\/12\/reclaman-testeos-sistematicos-a-trabajadores-de-la-salud\/","og_locale":"es_ES","og_type":"article","og_title":"Reclaman testeos sistem\u00e1ticos a trabajadores de la salud","og_description":"\u25a0 Profesionales advirtieron que \u201cel que busca, encuentra\u201d infectados asintom\u00e1ticos. Se\u00f1alaron los casos de contagios en los hospitales de Mercedes, Chivilcoy y Suipacha.","og_url":"https:\/\/noticiasmercedinas.com\/site\/2020\/07\/12\/reclaman-testeos-sistematicos-a-trabajadores-de-la-salud\/","og_site_name":"NOTICIASMERCEDINAS.COM","article_publisher":"https:\/\/www.facebook.com\/noticiasmercedinas\/","article_published_time":"2020-07-12T23:28:56+00:00","og_image":[{"width":766,"height":368,"url":"https:\/\/noticiasmercedinas.com\/site\/wp-content\/uploads\/2020\/07\/medicos.jpg","type":"image\/jpeg"}],"author":"NOTICIASMERCEDINAS.COM","twitter_card":"summary_large_image","twitter_creator":"@notmercedinas","twitter_site":"@notmercedinas","twitter_misc":{"Escrito por":"NOTICIASMERCEDINAS.COM","Tiempo de lectura":"2 minutos"},"schema":{"@context":"https:\/\/schema.org","@graph":[{"@type":"Article","@id":"https:\/\/noticiasmercedinas.com\/site\/2020\/07\/12\/reclaman-testeos-sistematicos-a-trabajadores-de-la-salud\/#article","isPartOf":{"@id":"https:\/\/noticiasmercedinas.com\/site\/2020\/07\/12\/reclaman-testeos-sistematicos-a-trabajadores-de-la-salud\/"},"author":{"name":"NOTICIASMERCEDINAS.COM","@id":"https:\/\/noticiasmercedinas.com\/site\/#\/schema\/person\/84b59c099c28ff2e8b77d4ceec5d8063"},"headline":"Reclaman testeos sistem\u00e1ticos a trabajadores de la salud","datePublished":"2020-07-12T23:28:56+00:00","mainEntityOfPage":{"@id":"https:\/\/noticiasmercedinas.com\/site\/2020\/07\/12\/reclaman-testeos-sistematicos-a-trabajadores-de-la-salud\/"},"wordCount":422,"commentCount":0,"publisher":{"@id":"https:\/\/noticiasmercedinas.com\/site\/#organization"},"image":{"@id":"https:\/\/noticiasmercedinas.com\/site\/2020\/07\/12\/reclaman-testeos-sistematicos-a-trabajadores-de-la-salud\/#primaryimage"},"thumbnailUrl":"https:\/\/noticiasmercedinas.com\/site\/wp-content\/uploads\/2020\/07\/medicos.jpg","keywords":["Cicop","cicop mercedes","coronavirus","fesprosa","Hospital Blas Dubarry","testeos"],"articleSection":["Covid-19"],"inLanguage":"es","potentialAction":[{"@type":"CommentAction","name":"Comment","target":["https:\/\/noticiasmercedinas.com\/site\/2020\/07\/12\/reclaman-testeos-sistematicos-a-trabajadores-de-la-salud\/#respond"]}]},{"@type":"WebPage","@id":"https:\/\/noticiasmercedinas.com\/site\/2020\/07\/12\/reclaman-testeos-sistematicos-a-trabajadores-de-la-salud\/","url":"https:\/\/noticiasmercedinas.com\/site\/2020\/07\/12\/reclaman-testeos-sistematicos-a-trabajadores-de-la-salud\/","name":"Reclaman testeos sistem\u00e1ticos a trabajadores de la salud","isPartOf":{"@id":"https:\/\/noticiasmercedinas.com\/site\/#website"},"primaryImageOfPage":{"@id":"https:\/\/noticiasmercedinas.com\/site\/2020\/07\/12\/reclaman-testeos-sistematicos-a-trabajadores-de-la-salud\/#primaryimage"},"image":{"@id":"https:\/\/noticiasmercedinas.com\/site\/2020\/07\/12\/reclaman-testeos-sistematicos-a-trabajadores-de-la-salud\/#primaryimage"},"thumbnailUrl":"https:\/\/noticiasmercedinas.com\/site\/wp-content\/uploads\/2020\/07\/medicos.jpg","datePublished":"2020-07-12T23:28:56+00:00","breadcrumb":{"@id":"https:\/\/noticiasmercedinas.com\/site\/2020\/07\/12\/reclaman-testeos-sistematicos-a-trabajadores-de-la-salud\/#breadcrumb"},"inLanguage":"es","potentialAction":[{"@type":"ReadAction","target":["https:\/\/noticiasmercedinas.com\/site\/2020\/07\/12\/reclaman-testeos-sistematicos-a-trabajadores-de-la-salud\/"]}]},{"@type":"ImageObject","inLanguage":"es","@id":"https:\/\/noticiasmercedinas.com\/site\/2020\/07\/12\/reclaman-testeos-sistematicos-a-trabajadores-de-la-salud\/#primaryimage","url":"https:\/\/noticiasmercedinas.com\/site\/wp-content\/uploads\/2020\/07\/medicos.jpg","contentUrl":"https:\/\/noticiasmercedinas.com\/site\/wp-content\/uploads\/2020\/07\/medicos.jpg","width":766,"height":368},{"@type":"BreadcrumbList","@id":"https:\/\/noticiasmercedinas.com\/site\/2020\/07\/12\/reclaman-testeos-sistematicos-a-trabajadores-de-la-salud\/#breadcrumb","itemListElement":[{"@type":"ListItem","position":1,"name":"Portada","item":"https:\/\/noticiasmercedinas.com\/site\/"},{"@type":"ListItem","position":2,"name":"Reclaman testeos sistem\u00e1ticos a trabajadores de la salud"}]},{"@type":"WebSite","@id":"https:\/\/noticiasmercedinas.com\/site\/#website","url":"https:\/\/noticiasmercedinas.com\/site\/","name":"NOTICIASMERCEDINAS.COM","description":"Mercedes, Buenos Aires, Argentina","publisher":{"@id":"https:\/\/noticiasmercedinas.com\/site\/#organization"},"potentialAction":[{"@type":"SearchAction","target":{"@type":"EntryPoint","urlTemplate":"https:\/\/noticiasmercedinas.com\/site\/?s={search_term_string}"},"query-input":{"@type":"PropertyValueSpecification","valueRequired":true,"valueName":"search_term_string"}}],"inLanguage":"es"},{"@type":"Organization","@id":"https:\/\/noticiasmercedinas.com\/site\/#organization","name":"NOTICIASMERCEDINAS.COM","url":"https:\/\/noticiasmercedinas.com\/site\/","logo":{"@type":"ImageObject","inLanguage":"es","@id":"https:\/\/noticiasmercedinas.com\/site\/#\/schema\/logo\/image\/","url":"https:\/\/noticiasmercedinas.com\/site\/wp-content\/uploads\/2020\/06\/LOGO-512.jpg","contentUrl":"https:\/\/noticiasmercedinas.com\/site\/wp-content\/uploads\/2020\/06\/LOGO-512.jpg","width":512,"height":512,"caption":"NOTICIASMERCEDINAS.COM"},"image":{"@id":"https:\/\/noticiasmercedinas.com\/site\/#\/schema\/logo\/image\/"},"sameAs":["https:\/\/www.facebook.com\/noticiasmercedinas\/","https:\/\/x.com\/notmercedinas","https:\/\/www.instagram.com\/noticiasmercedinas\/"]},{"@type":"Person","@id":"https:\/\/noticiasmercedinas.com\/site\/#\/schema\/person\/84b59c099c28ff2e8b77d4ceec5d8063","name":"NOTICIASMERCEDINAS.COM","image":{"@type":"ImageObject","inLanguage":"es","@id":"https:\/\/secure.gravatar.com\/avatar\/4dfbf16b4d17945bfb6341b2d19043457132fcf478a5ee04f42e959fd8f5df0a?s=96&d=mm&r=g","url":"https:\/\/secure.gravatar.com\/avatar\/4dfbf16b4d17945bfb6341b2d19043457132fcf478a5ee04f42e959fd8f5df0a?s=96&d=mm&r=g","contentUrl":"https:\/\/secure.gravatar.com\/avatar\/4dfbf16b4d17945bfb6341b2d19043457132fcf478a5ee04f42e959fd8f5df0a?s=96&d=mm&r=g","caption":"NOTICIASMERCEDINAS.COM"},"url":"https:\/\/noticiasmercedinas.com\/site\/author\/anonimo\/"}]}},"amp_enabled":true,"_links":{"self":[{"href":"https:\/\/noticiasmercedinas.com\/site\/wp-json\/wp\/v2\/posts\/48716","targetHints":{"allow":["GET"]}}],"collection":[{"href":"https:\/\/noticiasmercedinas.com\/site\/wp-json\/wp\/v2\/posts"}],"about":[{"href":"https:\/\/noticiasmercedinas.com\/site\/wp-json\/wp\/v2\/types\/post"}],"author":[{"embeddable":true,"href":"https:\/\/noticiasmercedinas.com\/site\/wp-json\/wp\/v2\/users\/16"}],"replies":[{"embeddable":true,"href":"https:\/\/noticiasmercedinas.com\/site\/wp-json\/wp\/v2\/comments?post=48716"}],"version-history":[{"count":3,"href":"https:\/\/noticiasmercedinas.com\/site\/wp-json\/wp\/v2\/posts\/48716\/revisions"}],"predecessor-version":[{"id":48720,"href":"https:\/\/noticiasmercedinas.com\/site\/wp-json\/wp\/v2\/posts\/48716\/revisions\/48720"}],"wp:featuredmedia":[{"embeddable":true,"href":"https:\/\/noticiasmercedinas.com\/site\/wp-json\/wp\/v2\/media\/48718"}],"wp:attachment":[{"href":"https:\/\/noticiasmercedinas.com\/site\/wp-json\/wp\/v2\/media?parent=48716"}],"wp:term":[{"taxonomy":"category","embeddable":true,"href":"https:\/\/noticiasmercedinas.com\/site\/wp-json\/wp\/v2\/categories?post=48716"},{"taxonomy":"post_tag","embeddable":true,"href":"https:\/\/noticiasmercedinas.com\/site\/wp-json\/wp\/v2\/tags?post=48716"}],"curies":[{"name":"wp","href":"https:\/\/api.w.org\/{rel}","templated":true}]}}