{"id":48724,"date":"2020-07-12T20:47:38","date_gmt":"2020-07-12T23:47:38","guid":{"rendered":"https:\/\/noticiasmercedinas.com\/site\/?p=48724"},"modified":"2020-07-13T07:50:31","modified_gmt":"2020-07-13T10:50:31","slug":"extramedica-dona-material-de-proteccion-al-hospital-dubarry","status":"publish","type":"post","link":"https:\/\/noticiasmercedinas.com\/site\/2020\/07\/12\/extramedica-dona-material-de-proteccion-al-hospital-dubarry\/","title":{"rendered":"\u201cExtram\u00e9dica\u201d dona material de protecci\u00f3n al Hospital Dubarry"},"content":{"rendered":"<p><a href=\"https:\/\/noticiasmercedinas.com\/site\/wp-content\/uploads\/2020\/07\/mascaras_dubarry.jpg\"><img loading=\"lazy\" decoding=\"async\" class=\"alignnone size-full wp-image-48725\" src=\"https:\/\/noticiasmercedinas.com\/site\/wp-content\/uploads\/2020\/07\/mascaras_dubarry.jpg\" alt=\"\" width=\"668\" height=\"533\" srcset=\"https:\/\/noticiasmercedinas.com\/site\/wp-content\/uploads\/2020\/07\/mascaras_dubarry.jpg 668w, https:\/\/noticiasmercedinas.com\/site\/wp-content\/uploads\/2020\/07\/mascaras_dubarry-300x239.jpg 300w, https:\/\/noticiasmercedinas.com\/site\/wp-content\/uploads\/2020\/07\/mascaras_dubarry-640x511.jpg 640w\" sizes=\"auto, (max-width: 668px) 100vw, 668px\" \/><\/a><\/p>\n<p>El director del Hospital \u201cBlas Dubarry\u201d, Pablo Cassiani, recibi\u00f3 una entrega de m\u00e1scaras protectoras por parte de Mauricio Scolari, representante de la empresa de servicios de salud \u201cExtram\u00e9dica\u201d.<\/p>\n<p>La firma ofrece prestaci\u00f3n de internaci\u00f3n domiciliaria dise\u00f1ada para recuperar, rehabilitar o acompa\u00f1ar a pacientes con enfermedades cuya internaci\u00f3n o permanencia sanatorial no es necesaria, o que poseen limitaciones en su autonom\u00eda.<\/p>\n<blockquote><p>Pablo Cassiani manifest\u00f3 su agradecimiento en nombre de todo el personal.<\/p><\/blockquote>\n<p>Scolari manifest\u00f3 que este tipo de acciones son \u201cun deber de quienes estamos en condiciones de hacer un aporte\u201d. Por su parte, Cassiani manifest\u00f3 su agradecimiento en nombre de todo el personal del hospital y de la ciudad.<\/p>\n<p>Expres\u00f3 que \u201cson acciones que no s\u00f3lo muestran la mejor cara que podemos tener como comunidad, la solidaria, sino tambi\u00e9n protectoras de quienes desempe\u00f1an tareas fundamentales en los d\u00edas que corren\u201d.<\/p>\n","protected":false},"excerpt":{"rendered":"<p>\u25a0 La empresa de servicios de salud entreg\u00f3 m\u00e1scaras protectoras para el personal del nosocomio. El Director expres\u00f3 su reconocimiento.<\/p>\n","protected":false},"author":16,"featured_media":48730,"comment_status":"open","ping_status":"open","sticky":false,"template":"","format":"standard","meta":{"footnotes":""},"categories":[10],"tags":[8392,9628,3922,9630,9629,144],"class_list":["post-48724","post","type-post","status-publish","format-standard","has-post-thumbnail","hentry","category-especiales","tag-coronavirus","tag-extramedica","tag-hospital-blas-dubarry","tag-mascaras-protectoras","tag-mauricio-scolari","tag-pablo-cassiani"],"yoast_head":"<!-- This site is optimized with the Yoast SEO plugin v27.4 - https:\/\/yoast.com\/product\/yoast-seo-wordpress\/ -->\n<title>\u201cExtram\u00e9dica\u201d dona material de protecci\u00f3n al Hospital Dubarry<\/title>\n<meta name=\"robots\" content=\"index, follow, max-snippet:-1, max-image-preview:large, max-video-preview:-1\" \/>\n<link rel=\"canonical\" href=\"https:\/\/noticiasmercedinas.com\/site\/2020\/07\/12\/extramedica-dona-material-de-proteccion-al-hospital-dubarry\/\" \/>\n<meta property=\"og:locale\" content=\"es_ES\" \/>\n<meta property=\"og:type\" content=\"article\" \/>\n<meta property=\"og:title\" content=\"\u201cExtram\u00e9dica\u201d dona material de protecci\u00f3n al Hospital Dubarry\" \/>\n<meta property=\"og:description\" content=\"\u25a0 La empresa de servicios de salud entreg\u00f3 m\u00e1scaras protectoras para el personal del nosocomio. El Director expres\u00f3 su reconocimiento.\" \/>\n<meta property=\"og:url\" content=\"https:\/\/noticiasmercedinas.com\/site\/2020\/07\/12\/extramedica-dona-material-de-proteccion-al-hospital-dubarry\/\" \/>\n<meta property=\"og:site_name\" content=\"NOTICIASMERCEDINAS.COM\" \/>\n<meta property=\"article:publisher\" content=\"https:\/\/www.facebook.com\/noticiasmercedinas\/\" \/>\n<meta property=\"article:published_time\" content=\"2020-07-12T23:47:38+00:00\" \/>\n<meta property=\"article:modified_time\" content=\"2020-07-13T10:50:31+00:00\" \/>\n<meta property=\"og:image\" content=\"https:\/\/noticiasmercedinas.com\/site\/wp-content\/uploads\/2020\/07\/wp-1594637256522230799446.jpg\" \/>\n\t<meta property=\"og:image:width\" content=\"668\" \/>\n\t<meta property=\"og:image:height\" content=\"384\" \/>\n\t<meta property=\"og:image:type\" content=\"image\/jpeg\" \/>\n<meta name=\"author\" content=\"NOTICIASMERCEDINAS.COM\" \/>\n<meta name=\"twitter:card\" content=\"summary_large_image\" \/>\n<meta name=\"twitter:creator\" content=\"@notmercedinas\" \/>\n<meta name=\"twitter:site\" content=\"@notmercedinas\" \/>\n<meta name=\"twitter:label1\" content=\"Escrito por\" \/>\n\t<meta name=\"twitter:data1\" content=\"NOTICIASMERCEDINAS.COM\" \/>\n\t<meta name=\"twitter:label2\" content=\"Tiempo de lectura\" \/>\n\t<meta name=\"twitter:data2\" content=\"1 minuto\" \/>\n<script type=\"application\/ld+json\" class=\"yoast-schema-graph\">{\"@context\":\"https:\\\/\\\/schema.org\",\"@graph\":[{\"@type\":\"Article\",\"@id\":\"https:\\\/\\\/noticiasmercedinas.com\\\/site\\\/2020\\\/07\\\/12\\\/extramedica-dona-material-de-proteccion-al-hospital-dubarry\\\/#article\",\"isPartOf\":{\"@id\":\"https:\\\/\\\/noticiasmercedinas.com\\\/site\\\/2020\\\/07\\\/12\\\/extramedica-dona-material-de-proteccion-al-hospital-dubarry\\\/\"},\"author\":{\"name\":\"NOTICIASMERCEDINAS.COM\",\"@id\":\"https:\\\/\\\/noticiasmercedinas.com\\\/site\\\/#\\\/schema\\\/person\\\/84b59c099c28ff2e8b77d4ceec5d8063\"},\"headline\":\"\u201cExtram\u00e9dica\u201d dona material de protecci\u00f3n al Hospital Dubarry\",\"datePublished\":\"2020-07-12T23:47:38+00:00\",\"dateModified\":\"2020-07-13T10:50:31+00:00\",\"mainEntityOfPage\":{\"@id\":\"https:\\\/\\\/noticiasmercedinas.com\\\/site\\\/2020\\\/07\\\/12\\\/extramedica-dona-material-de-proteccion-al-hospital-dubarry\\\/\"},\"wordCount\":162,\"commentCount\":0,\"publisher\":{\"@id\":\"https:\\\/\\\/noticiasmercedinas.com\\\/site\\\/#organization\"},\"image\":{\"@id\":\"https:\\\/\\\/noticiasmercedinas.com\\\/site\\\/2020\\\/07\\\/12\\\/extramedica-dona-material-de-proteccion-al-hospital-dubarry\\\/#primaryimage\"},\"thumbnailUrl\":\"https:\\\/\\\/noticiasmercedinas.com\\\/site\\\/wp-content\\\/uploads\\\/2020\\\/07\\\/wp-1594637256522230799446.jpg\",\"keywords\":[\"coronavirus\",\"Extram\u00e9dica\",\"Hospital Blas Dubarry\",\"M\u00e1scaras Protectoras\",\"Mauricio Scolari\",\"pablo cassiani\"],\"articleSection\":[\"Covid-19\"],\"inLanguage\":\"es\",\"potentialAction\":[{\"@type\":\"CommentAction\",\"name\":\"Comment\",\"target\":[\"https:\\\/\\\/noticiasmercedinas.com\\\/site\\\/2020\\\/07\\\/12\\\/extramedica-dona-material-de-proteccion-al-hospital-dubarry\\\/#respond\"]}]},{\"@type\":\"WebPage\",\"@id\":\"https:\\\/\\\/noticiasmercedinas.com\\\/site\\\/2020\\\/07\\\/12\\\/extramedica-dona-material-de-proteccion-al-hospital-dubarry\\\/\",\"url\":\"https:\\\/\\\/noticiasmercedinas.com\\\/site\\\/2020\\\/07\\\/12\\\/extramedica-dona-material-de-proteccion-al-hospital-dubarry\\\/\",\"name\":\"\u201cExtram\u00e9dica\u201d dona material de protecci\u00f3n al Hospital Dubarry\",\"isPartOf\":{\"@id\":\"https:\\\/\\\/noticiasmercedinas.com\\\/site\\\/#website\"},\"primaryImageOfPage\":{\"@id\":\"https:\\\/\\\/noticiasmercedinas.com\\\/site\\\/2020\\\/07\\\/12\\\/extramedica-dona-material-de-proteccion-al-hospital-dubarry\\\/#primaryimage\"},\"image\":{\"@id\":\"https:\\\/\\\/noticiasmercedinas.com\\\/site\\\/2020\\\/07\\\/12\\\/extramedica-dona-material-de-proteccion-al-hospital-dubarry\\\/#primaryimage\"},\"thumbnailUrl\":\"https:\\\/\\\/noticiasmercedinas.com\\\/site\\\/wp-content\\\/uploads\\\/2020\\\/07\\\/wp-1594637256522230799446.jpg\",\"datePublished\":\"2020-07-12T23:47:38+00:00\",\"dateModified\":\"2020-07-13T10:50:31+00:00\",\"breadcrumb\":{\"@id\":\"https:\\\/\\\/noticiasmercedinas.com\\\/site\\\/2020\\\/07\\\/12\\\/extramedica-dona-material-de-proteccion-al-hospital-dubarry\\\/#breadcrumb\"},\"inLanguage\":\"es\",\"potentialAction\":[{\"@type\":\"ReadAction\",\"target\":[\"https:\\\/\\\/noticiasmercedinas.com\\\/site\\\/2020\\\/07\\\/12\\\/extramedica-dona-material-de-proteccion-al-hospital-dubarry\\\/\"]}]},{\"@type\":\"ImageObject\",\"inLanguage\":\"es\",\"@id\":\"https:\\\/\\\/noticiasmercedinas.com\\\/site\\\/2020\\\/07\\\/12\\\/extramedica-dona-material-de-proteccion-al-hospital-dubarry\\\/#primaryimage\",\"url\":\"https:\\\/\\\/noticiasmercedinas.com\\\/site\\\/wp-content\\\/uploads\\\/2020\\\/07\\\/wp-1594637256522230799446.jpg\",\"contentUrl\":\"https:\\\/\\\/noticiasmercedinas.com\\\/site\\\/wp-content\\\/uploads\\\/2020\\\/07\\\/wp-1594637256522230799446.jpg\",\"width\":668,\"height\":384},{\"@type\":\"BreadcrumbList\",\"@id\":\"https:\\\/\\\/noticiasmercedinas.com\\\/site\\\/2020\\\/07\\\/12\\\/extramedica-dona-material-de-proteccion-al-hospital-dubarry\\\/#breadcrumb\",\"itemListElement\":[{\"@type\":\"ListItem\",\"position\":1,\"name\":\"Portada\",\"item\":\"https:\\\/\\\/noticiasmercedinas.com\\\/site\\\/\"},{\"@type\":\"ListItem\",\"position\":2,\"name\":\"\u201cExtram\u00e9dica\u201d dona material de protecci\u00f3n al Hospital Dubarry\"}]},{\"@type\":\"WebSite\",\"@id\":\"https:\\\/\\\/noticiasmercedinas.com\\\/site\\\/#website\",\"url\":\"https:\\\/\\\/noticiasmercedinas.com\\\/site\\\/\",\"name\":\"NOTICIASMERCEDINAS.COM\",\"description\":\"Mercedes, Buenos Aires, Argentina\",\"publisher\":{\"@id\":\"https:\\\/\\\/noticiasmercedinas.com\\\/site\\\/#organization\"},\"potentialAction\":[{\"@type\":\"SearchAction\",\"target\":{\"@type\":\"EntryPoint\",\"urlTemplate\":\"https:\\\/\\\/noticiasmercedinas.com\\\/site\\\/?s={search_term_string}\"},\"query-input\":{\"@type\":\"PropertyValueSpecification\",\"valueRequired\":true,\"valueName\":\"search_term_string\"}}],\"inLanguage\":\"es\"},{\"@type\":\"Organization\",\"@id\":\"https:\\\/\\\/noticiasmercedinas.com\\\/site\\\/#organization\",\"name\":\"NOTICIASMERCEDINAS.COM\",\"url\":\"https:\\\/\\\/noticiasmercedinas.com\\\/site\\\/\",\"logo\":{\"@type\":\"ImageObject\",\"inLanguage\":\"es\",\"@id\":\"https:\\\/\\\/noticiasmercedinas.com\\\/site\\\/#\\\/schema\\\/logo\\\/image\\\/\",\"url\":\"https:\\\/\\\/noticiasmercedinas.com\\\/site\\\/wp-content\\\/uploads\\\/2020\\\/06\\\/LOGO-512.jpg\",\"contentUrl\":\"https:\\\/\\\/noticiasmercedinas.com\\\/site\\\/wp-content\\\/uploads\\\/2020\\\/06\\\/LOGO-512.jpg\",\"width\":512,\"height\":512,\"caption\":\"NOTICIASMERCEDINAS.COM\"},\"image\":{\"@id\":\"https:\\\/\\\/noticiasmercedinas.com\\\/site\\\/#\\\/schema\\\/logo\\\/image\\\/\"},\"sameAs\":[\"https:\\\/\\\/www.facebook.com\\\/noticiasmercedinas\\\/\",\"https:\\\/\\\/x.com\\\/notmercedinas\",\"https:\\\/\\\/www.instagram.com\\\/noticiasmercedinas\\\/\"]},{\"@type\":\"Person\",\"@id\":\"https:\\\/\\\/noticiasmercedinas.com\\\/site\\\/#\\\/schema\\\/person\\\/84b59c099c28ff2e8b77d4ceec5d8063\",\"name\":\"NOTICIASMERCEDINAS.COM\",\"image\":{\"@type\":\"ImageObject\",\"inLanguage\":\"es\",\"@id\":\"https:\\\/\\\/secure.gravatar.com\\\/avatar\\\/4dfbf16b4d17945bfb6341b2d19043457132fcf478a5ee04f42e959fd8f5df0a?s=96&d=mm&r=g\",\"url\":\"https:\\\/\\\/secure.gravatar.com\\\/avatar\\\/4dfbf16b4d17945bfb6341b2d19043457132fcf478a5ee04f42e959fd8f5df0a?s=96&d=mm&r=g\",\"contentUrl\":\"https:\\\/\\\/secure.gravatar.com\\\/avatar\\\/4dfbf16b4d17945bfb6341b2d19043457132fcf478a5ee04f42e959fd8f5df0a?s=96&d=mm&r=g\",\"caption\":\"NOTICIASMERCEDINAS.COM\"},\"url\":\"https:\\\/\\\/noticiasmercedinas.com\\\/site\\\/author\\\/anonimo\\\/\"}]}<\/script>\n<!-- \/ Yoast SEO plugin. -->","yoast_head_json":{"title":"\u201cExtram\u00e9dica\u201d dona material de protecci\u00f3n al Hospital Dubarry","robots":{"index":"index","follow":"follow","max-snippet":"max-snippet:-1","max-image-preview":"max-image-preview:large","max-video-preview":"max-video-preview:-1"},"canonical":"https:\/\/noticiasmercedinas.com\/site\/2020\/07\/12\/extramedica-dona-material-de-proteccion-al-hospital-dubarry\/","og_locale":"es_ES","og_type":"article","og_title":"\u201cExtram\u00e9dica\u201d dona material de protecci\u00f3n al Hospital Dubarry","og_description":"\u25a0 La empresa de servicios de salud entreg\u00f3 m\u00e1scaras protectoras para el personal del nosocomio. El Director expres\u00f3 su reconocimiento.","og_url":"https:\/\/noticiasmercedinas.com\/site\/2020\/07\/12\/extramedica-dona-material-de-proteccion-al-hospital-dubarry\/","og_site_name":"NOTICIASMERCEDINAS.COM","article_publisher":"https:\/\/www.facebook.com\/noticiasmercedinas\/","article_published_time":"2020-07-12T23:47:38+00:00","article_modified_time":"2020-07-13T10:50:31+00:00","og_image":[{"width":668,"height":384,"url":"https:\/\/noticiasmercedinas.com\/site\/wp-content\/uploads\/2020\/07\/wp-1594637256522230799446.jpg","type":"image\/jpeg"}],"author":"NOTICIASMERCEDINAS.COM","twitter_card":"summary_large_image","twitter_creator":"@notmercedinas","twitter_site":"@notmercedinas","twitter_misc":{"Escrito por":"NOTICIASMERCEDINAS.COM","Tiempo de lectura":"1 minuto"},"schema":{"@context":"https:\/\/schema.org","@graph":[{"@type":"Article","@id":"https:\/\/noticiasmercedinas.com\/site\/2020\/07\/12\/extramedica-dona-material-de-proteccion-al-hospital-dubarry\/#article","isPartOf":{"@id":"https:\/\/noticiasmercedinas.com\/site\/2020\/07\/12\/extramedica-dona-material-de-proteccion-al-hospital-dubarry\/"},"author":{"name":"NOTICIASMERCEDINAS.COM","@id":"https:\/\/noticiasmercedinas.com\/site\/#\/schema\/person\/84b59c099c28ff2e8b77d4ceec5d8063"},"headline":"\u201cExtram\u00e9dica\u201d dona material de protecci\u00f3n al Hospital Dubarry","datePublished":"2020-07-12T23:47:38+00:00","dateModified":"2020-07-13T10:50:31+00:00","mainEntityOfPage":{"@id":"https:\/\/noticiasmercedinas.com\/site\/2020\/07\/12\/extramedica-dona-material-de-proteccion-al-hospital-dubarry\/"},"wordCount":162,"commentCount":0,"publisher":{"@id":"https:\/\/noticiasmercedinas.com\/site\/#organization"},"image":{"@id":"https:\/\/noticiasmercedinas.com\/site\/2020\/07\/12\/extramedica-dona-material-de-proteccion-al-hospital-dubarry\/#primaryimage"},"thumbnailUrl":"https:\/\/noticiasmercedinas.com\/site\/wp-content\/uploads\/2020\/07\/wp-1594637256522230799446.jpg","keywords":["coronavirus","Extram\u00e9dica","Hospital Blas Dubarry","M\u00e1scaras Protectoras","Mauricio Scolari","pablo cassiani"],"articleSection":["Covid-19"],"inLanguage":"es","potentialAction":[{"@type":"CommentAction","name":"Comment","target":["https:\/\/noticiasmercedinas.com\/site\/2020\/07\/12\/extramedica-dona-material-de-proteccion-al-hospital-dubarry\/#respond"]}]},{"@type":"WebPage","@id":"https:\/\/noticiasmercedinas.com\/site\/2020\/07\/12\/extramedica-dona-material-de-proteccion-al-hospital-dubarry\/","url":"https:\/\/noticiasmercedinas.com\/site\/2020\/07\/12\/extramedica-dona-material-de-proteccion-al-hospital-dubarry\/","name":"\u201cExtram\u00e9dica\u201d dona material de protecci\u00f3n al Hospital Dubarry","isPartOf":{"@id":"https:\/\/noticiasmercedinas.com\/site\/#website"},"primaryImageOfPage":{"@id":"https:\/\/noticiasmercedinas.com\/site\/2020\/07\/12\/extramedica-dona-material-de-proteccion-al-hospital-dubarry\/#primaryimage"},"image":{"@id":"https:\/\/noticiasmercedinas.com\/site\/2020\/07\/12\/extramedica-dona-material-de-proteccion-al-hospital-dubarry\/#primaryimage"},"thumbnailUrl":"https:\/\/noticiasmercedinas.com\/site\/wp-content\/uploads\/2020\/07\/wp-1594637256522230799446.jpg","datePublished":"2020-07-12T23:47:38+00:00","dateModified":"2020-07-13T10:50:31+00:00","breadcrumb":{"@id":"https:\/\/noticiasmercedinas.com\/site\/2020\/07\/12\/extramedica-dona-material-de-proteccion-al-hospital-dubarry\/#breadcrumb"},"inLanguage":"es","potentialAction":[{"@type":"ReadAction","target":["https:\/\/noticiasmercedinas.com\/site\/2020\/07\/12\/extramedica-dona-material-de-proteccion-al-hospital-dubarry\/"]}]},{"@type":"ImageObject","inLanguage":"es","@id":"https:\/\/noticiasmercedinas.com\/site\/2020\/07\/12\/extramedica-dona-material-de-proteccion-al-hospital-dubarry\/#primaryimage","url":"https:\/\/noticiasmercedinas.com\/site\/wp-content\/uploads\/2020\/07\/wp-1594637256522230799446.jpg","contentUrl":"https:\/\/noticiasmercedinas.com\/site\/wp-content\/uploads\/2020\/07\/wp-1594637256522230799446.jpg","width":668,"height":384},{"@type":"BreadcrumbList","@id":"https:\/\/noticiasmercedinas.com\/site\/2020\/07\/12\/extramedica-dona-material-de-proteccion-al-hospital-dubarry\/#breadcrumb","itemListElement":[{"@type":"ListItem","position":1,"name":"Portada","item":"https:\/\/noticiasmercedinas.com\/site\/"},{"@type":"ListItem","position":2,"name":"\u201cExtram\u00e9dica\u201d dona material de protecci\u00f3n al Hospital Dubarry"}]},{"@type":"WebSite","@id":"https:\/\/noticiasmercedinas.com\/site\/#website","url":"https:\/\/noticiasmercedinas.com\/site\/","name":"NOTICIASMERCEDINAS.COM","description":"Mercedes, Buenos Aires, Argentina","publisher":{"@id":"https:\/\/noticiasmercedinas.com\/site\/#organization"},"potentialAction":[{"@type":"SearchAction","target":{"@type":"EntryPoint","urlTemplate":"https:\/\/noticiasmercedinas.com\/site\/?s={search_term_string}"},"query-input":{"@type":"PropertyValueSpecification","valueRequired":true,"valueName":"search_term_string"}}],"inLanguage":"es"},{"@type":"Organization","@id":"https:\/\/noticiasmercedinas.com\/site\/#organization","name":"NOTICIASMERCEDINAS.COM","url":"https:\/\/noticiasmercedinas.com\/site\/","logo":{"@type":"ImageObject","inLanguage":"es","@id":"https:\/\/noticiasmercedinas.com\/site\/#\/schema\/logo\/image\/","url":"https:\/\/noticiasmercedinas.com\/site\/wp-content\/uploads\/2020\/06\/LOGO-512.jpg","contentUrl":"https:\/\/noticiasmercedinas.com\/site\/wp-content\/uploads\/2020\/06\/LOGO-512.jpg","width":512,"height":512,"caption":"NOTICIASMERCEDINAS.COM"},"image":{"@id":"https:\/\/noticiasmercedinas.com\/site\/#\/schema\/logo\/image\/"},"sameAs":["https:\/\/www.facebook.com\/noticiasmercedinas\/","https:\/\/x.com\/notmercedinas","https:\/\/www.instagram.com\/noticiasmercedinas\/"]},{"@type":"Person","@id":"https:\/\/noticiasmercedinas.com\/site\/#\/schema\/person\/84b59c099c28ff2e8b77d4ceec5d8063","name":"NOTICIASMERCEDINAS.COM","image":{"@type":"ImageObject","inLanguage":"es","@id":"https:\/\/secure.gravatar.com\/avatar\/4dfbf16b4d17945bfb6341b2d19043457132fcf478a5ee04f42e959fd8f5df0a?s=96&d=mm&r=g","url":"https:\/\/secure.gravatar.com\/avatar\/4dfbf16b4d17945bfb6341b2d19043457132fcf478a5ee04f42e959fd8f5df0a?s=96&d=mm&r=g","contentUrl":"https:\/\/secure.gravatar.com\/avatar\/4dfbf16b4d17945bfb6341b2d19043457132fcf478a5ee04f42e959fd8f5df0a?s=96&d=mm&r=g","caption":"NOTICIASMERCEDINAS.COM"},"url":"https:\/\/noticiasmercedinas.com\/site\/author\/anonimo\/"}]}},"amp_enabled":true,"_links":{"self":[{"href":"https:\/\/noticiasmercedinas.com\/site\/wp-json\/wp\/v2\/posts\/48724","targetHints":{"allow":["GET"]}}],"collection":[{"href":"https:\/\/noticiasmercedinas.com\/site\/wp-json\/wp\/v2\/posts"}],"about":[{"href":"https:\/\/noticiasmercedinas.com\/site\/wp-json\/wp\/v2\/types\/post"}],"author":[{"embeddable":true,"href":"https:\/\/noticiasmercedinas.com\/site\/wp-json\/wp\/v2\/users\/16"}],"replies":[{"embeddable":true,"href":"https:\/\/noticiasmercedinas.com\/site\/wp-json\/wp\/v2\/comments?post=48724"}],"version-history":[{"count":1,"href":"https:\/\/noticiasmercedinas.com\/site\/wp-json\/wp\/v2\/posts\/48724\/revisions"}],"predecessor-version":[{"id":48726,"href":"https:\/\/noticiasmercedinas.com\/site\/wp-json\/wp\/v2\/posts\/48724\/revisions\/48726"}],"wp:featuredmedia":[{"embeddable":true,"href":"https:\/\/noticiasmercedinas.com\/site\/wp-json\/wp\/v2\/media\/48730"}],"wp:attachment":[{"href":"https:\/\/noticiasmercedinas.com\/site\/wp-json\/wp\/v2\/media?parent=48724"}],"wp:term":[{"taxonomy":"category","embeddable":true,"href":"https:\/\/noticiasmercedinas.com\/site\/wp-json\/wp\/v2\/categories?post=48724"},{"taxonomy":"post_tag","embeddable":true,"href":"https:\/\/noticiasmercedinas.com\/site\/wp-json\/wp\/v2\/tags?post=48724"}],"curies":[{"name":"wp","href":"https:\/\/api.w.org\/{rel}","templated":true}]}}