{"id":48831,"date":"2020-07-14T15:07:55","date_gmt":"2020-07-14T18:07:55","guid":{"rendered":"https:\/\/noticiasmercedinas.com\/site\/?p=48831"},"modified":"2020-07-14T15:07:55","modified_gmt":"2020-07-14T18:07:55","slug":"sostenemos-la-necesidad-de-aislamiento","status":"publish","type":"post","link":"https:\/\/noticiasmercedinas.com\/site\/2020\/07\/14\/sostenemos-la-necesidad-de-aislamiento\/","title":{"rendered":"\u201cSostenemos la necesidad de aislamiento\u201d"},"content":{"rendered":"<p><img loading=\"lazy\" decoding=\"async\" class=\"alignnone size-large wp-image-48832\" src=\"https:\/\/noticiasmercedinas.com\/site\/wp-content\/uploads\/2020\/07\/e2a02dc1-7202-498f-838d-45e316249b4f-1024x576.jpg\" alt=\"\" width=\"640\" height=\"360\" srcset=\"https:\/\/noticiasmercedinas.com\/site\/wp-content\/uploads\/2020\/07\/e2a02dc1-7202-498f-838d-45e316249b4f-1024x576.jpg 1024w, https:\/\/noticiasmercedinas.com\/site\/wp-content\/uploads\/2020\/07\/e2a02dc1-7202-498f-838d-45e316249b4f-300x169.jpg 300w, https:\/\/noticiasmercedinas.com\/site\/wp-content\/uploads\/2020\/07\/e2a02dc1-7202-498f-838d-45e316249b4f-768x432.jpg 768w, https:\/\/noticiasmercedinas.com\/site\/wp-content\/uploads\/2020\/07\/e2a02dc1-7202-498f-838d-45e316249b4f-640x360.jpg 640w, https:\/\/noticiasmercedinas.com\/site\/wp-content\/uploads\/2020\/07\/e2a02dc1-7202-498f-838d-45e316249b4f-681x383.jpg 681w, https:\/\/noticiasmercedinas.com\/site\/wp-content\/uploads\/2020\/07\/e2a02dc1-7202-498f-838d-45e316249b4f.jpg 1280w\" sizes=\"auto, (max-width: 640px) 100vw, 640px\" \/><\/p>\n<p>Este martes por la tarde pasadas las 14.30 horas, el intendente <strong>Juan Ustarroz<\/strong> y el director del hospital <strong>Pablo Cassiani<\/strong> ofrecieron un panorama desde el Centro de Tele Seguimiento de la actualidad de la pandemia en Mercedes. Dieron a conocer que la mitad de los positivos detectados cursan la enfermedad de manera asintom\u00e1tica y que actualmente hay dos pacientes en estado reservado con uso de respirador, internados en la Cl\u00ednica Nueva Cruz Azul.<\/p>\n<p>Las novedades se dieron a conocer a trav\u00e9s de redes sociales de la Municipalidad. Cassiani fue el primero en hablar y recordar que en estos d\u00edas hubo casos nuevos: \u201cSon 175 en total de los cuales 120 permanecen activos. Aunque hoy y ma\u00f1ana tendremos unas cuantas altas\u201d, anunci\u00f3 el tambi\u00e9n director de Salud.<\/p>\n<p>El profesional remarc\u00f3 que \u201cla gran mayor\u00eda est\u00e1 cursando de forma asintom\u00e1tica\u201d la enfermedad: el 50 por ciento lol hace sin s\u00edntomas, el 40 por ciento con s\u00edntomas. Adem\u00e1s detall\u00f3: \u201cHay 8 pacientes entre la cl\u00ednica y el hospital internados\u201d.<\/p>\n<p>\u201cTenemos capacidad, haber aumentado el sistema nos da tranquilidad\u201d, dijo y coment\u00f3 que de los internados hay \u201cdos pacientes en respirador y con pron\u00f3stico reservado\u201d, de los cuales \u201cuno ha recibido plasma\u201d. Los dos est\u00e1n en la cl\u00ednica, seg\u00fan Cassiani.<\/p>\n<blockquote><p>\u201cTenemos capacidad, haber aumentado el sistema nos da tranquilidad\u201d, dijo Cassiani y coment\u00f3 que de los internados hay \u201cdos pacientes en respirador y con pron\u00f3stico reservado\u201d<\/p><\/blockquote>\n<p>\u201cEl 76 por ciento de estos 175 casos pertenece a b\u00fasquedas activas. Salimos a tatar de controlar focos que se van suscitando para prevenir la cadena de contagios y salvaguardar la salud de adultos mayores\u201d, destac\u00f3 el profesional y opin\u00f3 y valor\u00f3 a \u201cun gran sistema trabajando\u201d en la ciudad.<\/p>\n<p>Por su parte, el intendente Ustarroz dijo que \u201cla realidad epidemiol\u00f3gica\u201d local \u201cguarda relaci\u00f3n directa con lo que pasa en la zona AMBA\u201d.<\/p>\n<p>\u201cEn nuestra ciudad estos n\u00fameros hay que leerlos en su contexto, que tiene que ver con las\u00a0 b\u00fasquedas activas del sistema covid\u201d, dijo Ustarroz y remarc\u00f3 que este espacio en el que estaban dando la conferencia con novedades \u201ctiene 42 operadores, que todos los d\u00edas desde la ma\u00f1ana hasta la noche llaman a quienes tienen covid positivo para hacer el rastreo y estudio epidemiol\u00f3gico para saber a qu\u00e9 personas aislar e hisopar\u201d.<\/p>\n<p><img loading=\"lazy\" decoding=\"async\" class=\"alignnone size-full wp-image-48834\" src=\"https:\/\/noticiasmercedinas.com\/site\/wp-content\/uploads\/2020\/07\/993d2d78-ca57-4e55-a2fc-f1b6ce16a304.jpg\" alt=\"\" width=\"842\" height=\"506\" srcset=\"https:\/\/noticiasmercedinas.com\/site\/wp-content\/uploads\/2020\/07\/993d2d78-ca57-4e55-a2fc-f1b6ce16a304.jpg 842w, https:\/\/noticiasmercedinas.com\/site\/wp-content\/uploads\/2020\/07\/993d2d78-ca57-4e55-a2fc-f1b6ce16a304-300x180.jpg 300w, https:\/\/noticiasmercedinas.com\/site\/wp-content\/uploads\/2020\/07\/993d2d78-ca57-4e55-a2fc-f1b6ce16a304-768x462.jpg 768w, https:\/\/noticiasmercedinas.com\/site\/wp-content\/uploads\/2020\/07\/993d2d78-ca57-4e55-a2fc-f1b6ce16a304-640x385.jpg 640w, https:\/\/noticiasmercedinas.com\/site\/wp-content\/uploads\/2020\/07\/993d2d78-ca57-4e55-a2fc-f1b6ce16a304-681x409.jpg 681w\" sizes=\"auto, (max-width: 842px) 100vw, 842px\" \/><\/p>\n<p><img loading=\"lazy\" decoding=\"async\" class=\"alignnone size-full wp-image-48833\" src=\"https:\/\/noticiasmercedinas.com\/site\/wp-content\/uploads\/2020\/07\/017d7580-1ffd-42b4-9a20-ced86e81c5e3.jpg\" alt=\"\" width=\"842\" height=\"506\" srcset=\"https:\/\/noticiasmercedinas.com\/site\/wp-content\/uploads\/2020\/07\/017d7580-1ffd-42b4-9a20-ced86e81c5e3.jpg 842w, https:\/\/noticiasmercedinas.com\/site\/wp-content\/uploads\/2020\/07\/017d7580-1ffd-42b4-9a20-ced86e81c5e3-300x180.jpg 300w, https:\/\/noticiasmercedinas.com\/site\/wp-content\/uploads\/2020\/07\/017d7580-1ffd-42b4-9a20-ced86e81c5e3-768x462.jpg 768w, https:\/\/noticiasmercedinas.com\/site\/wp-content\/uploads\/2020\/07\/017d7580-1ffd-42b4-9a20-ced86e81c5e3-640x385.jpg 640w, https:\/\/noticiasmercedinas.com\/site\/wp-content\/uploads\/2020\/07\/017d7580-1ffd-42b4-9a20-ced86e81c5e3-681x409.jpg 681w\" sizes=\"auto, (max-width: 842px) 100vw, 842px\" \/><\/p>\n<p>\u201cEste es un trabajo importante y el crecimiento de casos tiene que ver con esta b\u00fasqueda activa, con poner cada vez m\u00e1s recursos en este sistema y encontrar esta forma de testear, rastrear y aislar, que hoy est\u00e1 validada en el mundo. Es importante la contenci\u00f3n que se hace sobre los pacientes positivos, con sus seguimientos, estado cl\u00ednico a trav\u00e9s de m\u00e9dicos y operadores. No es f\u00e1cil atravesar esta situaci\u00f3n, donde lo que reina es la incertidumbre, la falta de certezas con respecto a una vacuna\u201d, agreg\u00f3 el intendente.<\/p>\n<p>\u201cEstamos en el momento m\u00e1s cr\u00edtico y sostenemos la necesidad de aislamiento, que la gente salga lo menos posible de su casa, que tome distanciamiento f\u00edsico y medidas higi\u00e9nicas permanentemente cuando va a hacer alg\u00fan mandado\u201d, pidi\u00f3 Ustarroz y dijo que cuando hacen alg\u00fan estudio notan \u201cque hay encuentros sociales en domicilios particulares\u201d y agreg\u00f3: \u201cTenemos pocas herramientas para poder trabajar, pero vemos un gran cumplimiento por parte de la poblaci\u00f3n con respecto al horario que se ha fijado como tope para las actividades sociales\u201d.<\/p>\n<p>\u201cLas medidas m\u00e1s restrictivas van a empezar a surtir efectos, y nosotros que tenemos la gran mayor\u00eda de casos con v\u00ednculo epidemiol\u00f3gico, que en principio contrayeron la enfermedad en AMBA y contagiaron a sus v\u00ednculos estrechos, tenemos que seguir profundizando este trabajo y es central el nivel de compromiso, responsabilidad y unidad de nuestro pueblo en cuanto a los criterios a seguir\u201d, dijo luego y concluy\u00f3 insistiendo en la necesidad de \u201cprofundizar el distanciamiento, tomar todas las medidas de higiene y cuidarse uno para poder cuidar al pr\u00f3jimo\u201d.<\/p>\n<p><img loading=\"lazy\" decoding=\"async\" class=\"alignnone size-full wp-image-48835\" src=\"https:\/\/noticiasmercedinas.com\/site\/wp-content\/uploads\/2020\/07\/covid-1.jpg\" alt=\"\" width=\"640\" height=\"346\" srcset=\"https:\/\/noticiasmercedinas.com\/site\/wp-content\/uploads\/2020\/07\/covid-1.jpg 640w, https:\/\/noticiasmercedinas.com\/site\/wp-content\/uploads\/2020\/07\/covid-1-300x162.jpg 300w\" sizes=\"auto, (max-width: 640px) 100vw, 640px\" \/><\/p>\n","protected":false},"excerpt":{"rendered":"<p>\u25a0 Dieron a conocer que la mitad de los positivos cursan la enfermedad de manera asintom\u00e1tica. De 8 internados, actualmente hay dos en estado reservado con uso de respirador<\/p>\n","protected":false},"author":2,"featured_media":48832,"comment_status":"open","ping_status":"open","sticky":false,"template":"","format":"standard","meta":{"footnotes":""},"categories":[10],"tags":[8392,266,9647,144],"class_list":["post-48831","post","type-post","status-publish","format-standard","has-post-thumbnail","hentry","category-especiales","tag-coronavirus","tag-juan-ignacio-ustarroz","tag-m-covid","tag-pablo-cassiani"],"yoast_head":"<!-- This site is optimized with the Yoast SEO plugin v27.4 - https:\/\/yoast.com\/product\/yoast-seo-wordpress\/ -->\n<title>\u201cSostenemos la necesidad de aislamiento\u201d<\/title>\n<meta name=\"robots\" content=\"index, follow, max-snippet:-1, max-image-preview:large, max-video-preview:-1\" \/>\n<link rel=\"canonical\" href=\"https:\/\/noticiasmercedinas.com\/site\/2020\/07\/14\/sostenemos-la-necesidad-de-aislamiento\/\" \/>\n<meta property=\"og:locale\" content=\"es_ES\" \/>\n<meta property=\"og:type\" content=\"article\" \/>\n<meta property=\"og:title\" content=\"\u201cSostenemos la necesidad de aislamiento\u201d\" \/>\n<meta property=\"og:description\" content=\"\u25a0 Dieron a conocer que la mitad de los positivos cursan la enfermedad de manera asintom\u00e1tica. De 8 internados, actualmente hay dos en estado reservado con uso de respirador\" \/>\n<meta property=\"og:url\" content=\"https:\/\/noticiasmercedinas.com\/site\/2020\/07\/14\/sostenemos-la-necesidad-de-aislamiento\/\" \/>\n<meta property=\"og:site_name\" content=\"NOTICIASMERCEDINAS.COM\" \/>\n<meta property=\"article:publisher\" content=\"https:\/\/www.facebook.com\/noticiasmercedinas\/\" \/>\n<meta property=\"article:author\" content=\"https:\/\/www.facebook.com\/cristian.falabella\" \/>\n<meta property=\"article:published_time\" content=\"2020-07-14T18:07:55+00:00\" \/>\n<meta property=\"og:image\" content=\"https:\/\/noticiasmercedinas.com\/site\/wp-content\/uploads\/2020\/07\/e2a02dc1-7202-498f-838d-45e316249b4f.jpg\" \/>\n\t<meta property=\"og:image:width\" content=\"1280\" \/>\n\t<meta property=\"og:image:height\" content=\"720\" \/>\n\t<meta property=\"og:image:type\" content=\"image\/jpeg\" \/>\n<meta name=\"author\" content=\"Cristian Falabella NOTICIASMERCEDINAS.COM\" \/>\n<meta name=\"twitter:card\" content=\"summary_large_image\" \/>\n<meta name=\"twitter:creator\" content=\"@https:\/\/twitter.com\/NOTMERCEDINAS\" \/>\n<meta name=\"twitter:site\" content=\"@notmercedinas\" \/>\n<meta name=\"twitter:label1\" content=\"Escrito por\" \/>\n\t<meta name=\"twitter:data1\" content=\"Cristian Falabella NOTICIASMERCEDINAS.COM\" \/>\n\t<meta name=\"twitter:label2\" content=\"Tiempo de lectura\" \/>\n\t<meta name=\"twitter:data2\" content=\"3 minutos\" \/>\n<script type=\"application\/ld+json\" class=\"yoast-schema-graph\">{\"@context\":\"https:\\\/\\\/schema.org\",\"@graph\":[{\"@type\":\"Article\",\"@id\":\"https:\\\/\\\/noticiasmercedinas.com\\\/site\\\/2020\\\/07\\\/14\\\/sostenemos-la-necesidad-de-aislamiento\\\/#article\",\"isPartOf\":{\"@id\":\"https:\\\/\\\/noticiasmercedinas.com\\\/site\\\/2020\\\/07\\\/14\\\/sostenemos-la-necesidad-de-aislamiento\\\/\"},\"author\":{\"name\":\"Cristian Falabella NOTICIASMERCEDINAS.COM\",\"@id\":\"https:\\\/\\\/noticiasmercedinas.com\\\/site\\\/#\\\/schema\\\/person\\\/d481a9696a5feaec13a60e2bbd991a6a\"},\"headline\":\"\u201cSostenemos la necesidad de aislamiento\u201d\",\"datePublished\":\"2020-07-14T18:07:55+00:00\",\"mainEntityOfPage\":{\"@id\":\"https:\\\/\\\/noticiasmercedinas.com\\\/site\\\/2020\\\/07\\\/14\\\/sostenemos-la-necesidad-de-aislamiento\\\/\"},\"wordCount\":681,\"commentCount\":0,\"publisher\":{\"@id\":\"https:\\\/\\\/noticiasmercedinas.com\\\/site\\\/#organization\"},\"image\":{\"@id\":\"https:\\\/\\\/noticiasmercedinas.com\\\/site\\\/2020\\\/07\\\/14\\\/sostenemos-la-necesidad-de-aislamiento\\\/#primaryimage\"},\"thumbnailUrl\":\"https:\\\/\\\/noticiasmercedinas.com\\\/site\\\/wp-content\\\/uploads\\\/2020\\\/07\\\/e2a02dc1-7202-498f-838d-45e316249b4f.jpg\",\"keywords\":[\"coronavirus\",\"juan ignacio ustarroz\",\"m covid\",\"pablo cassiani\"],\"articleSection\":[\"Covid-19\"],\"inLanguage\":\"es\",\"potentialAction\":[{\"@type\":\"CommentAction\",\"name\":\"Comment\",\"target\":[\"https:\\\/\\\/noticiasmercedinas.com\\\/site\\\/2020\\\/07\\\/14\\\/sostenemos-la-necesidad-de-aislamiento\\\/#respond\"]}]},{\"@type\":\"WebPage\",\"@id\":\"https:\\\/\\\/noticiasmercedinas.com\\\/site\\\/2020\\\/07\\\/14\\\/sostenemos-la-necesidad-de-aislamiento\\\/\",\"url\":\"https:\\\/\\\/noticiasmercedinas.com\\\/site\\\/2020\\\/07\\\/14\\\/sostenemos-la-necesidad-de-aislamiento\\\/\",\"name\":\"\u201cSostenemos la necesidad de aislamiento\u201d\",\"isPartOf\":{\"@id\":\"https:\\\/\\\/noticiasmercedinas.com\\\/site\\\/#website\"},\"primaryImageOfPage\":{\"@id\":\"https:\\\/\\\/noticiasmercedinas.com\\\/site\\\/2020\\\/07\\\/14\\\/sostenemos-la-necesidad-de-aislamiento\\\/#primaryimage\"},\"image\":{\"@id\":\"https:\\\/\\\/noticiasmercedinas.com\\\/site\\\/2020\\\/07\\\/14\\\/sostenemos-la-necesidad-de-aislamiento\\\/#primaryimage\"},\"thumbnailUrl\":\"https:\\\/\\\/noticiasmercedinas.com\\\/site\\\/wp-content\\\/uploads\\\/2020\\\/07\\\/e2a02dc1-7202-498f-838d-45e316249b4f.jpg\",\"datePublished\":\"2020-07-14T18:07:55+00:00\",\"breadcrumb\":{\"@id\":\"https:\\\/\\\/noticiasmercedinas.com\\\/site\\\/2020\\\/07\\\/14\\\/sostenemos-la-necesidad-de-aislamiento\\\/#breadcrumb\"},\"inLanguage\":\"es\",\"potentialAction\":[{\"@type\":\"ReadAction\",\"target\":[\"https:\\\/\\\/noticiasmercedinas.com\\\/site\\\/2020\\\/07\\\/14\\\/sostenemos-la-necesidad-de-aislamiento\\\/\"]}]},{\"@type\":\"ImageObject\",\"inLanguage\":\"es\",\"@id\":\"https:\\\/\\\/noticiasmercedinas.com\\\/site\\\/2020\\\/07\\\/14\\\/sostenemos-la-necesidad-de-aislamiento\\\/#primaryimage\",\"url\":\"https:\\\/\\\/noticiasmercedinas.com\\\/site\\\/wp-content\\\/uploads\\\/2020\\\/07\\\/e2a02dc1-7202-498f-838d-45e316249b4f.jpg\",\"contentUrl\":\"https:\\\/\\\/noticiasmercedinas.com\\\/site\\\/wp-content\\\/uploads\\\/2020\\\/07\\\/e2a02dc1-7202-498f-838d-45e316249b4f.jpg\",\"width\":1280,\"height\":720},{\"@type\":\"BreadcrumbList\",\"@id\":\"https:\\\/\\\/noticiasmercedinas.com\\\/site\\\/2020\\\/07\\\/14\\\/sostenemos-la-necesidad-de-aislamiento\\\/#breadcrumb\",\"itemListElement\":[{\"@type\":\"ListItem\",\"position\":1,\"name\":\"Portada\",\"item\":\"https:\\\/\\\/noticiasmercedinas.com\\\/site\\\/\"},{\"@type\":\"ListItem\",\"position\":2,\"name\":\"\u201cSostenemos la necesidad de aislamiento\u201d\"}]},{\"@type\":\"WebSite\",\"@id\":\"https:\\\/\\\/noticiasmercedinas.com\\\/site\\\/#website\",\"url\":\"https:\\\/\\\/noticiasmercedinas.com\\\/site\\\/\",\"name\":\"NOTICIASMERCEDINAS.COM\",\"description\":\"Mercedes, Buenos Aires, Argentina\",\"publisher\":{\"@id\":\"https:\\\/\\\/noticiasmercedinas.com\\\/site\\\/#organization\"},\"potentialAction\":[{\"@type\":\"SearchAction\",\"target\":{\"@type\":\"EntryPoint\",\"urlTemplate\":\"https:\\\/\\\/noticiasmercedinas.com\\\/site\\\/?s={search_term_string}\"},\"query-input\":{\"@type\":\"PropertyValueSpecification\",\"valueRequired\":true,\"valueName\":\"search_term_string\"}}],\"inLanguage\":\"es\"},{\"@type\":\"Organization\",\"@id\":\"https:\\\/\\\/noticiasmercedinas.com\\\/site\\\/#organization\",\"name\":\"NOTICIASMERCEDINAS.COM\",\"url\":\"https:\\\/\\\/noticiasmercedinas.com\\\/site\\\/\",\"logo\":{\"@type\":\"ImageObject\",\"inLanguage\":\"es\",\"@id\":\"https:\\\/\\\/noticiasmercedinas.com\\\/site\\\/#\\\/schema\\\/logo\\\/image\\\/\",\"url\":\"https:\\\/\\\/noticiasmercedinas.com\\\/site\\\/wp-content\\\/uploads\\\/2020\\\/06\\\/LOGO-512.jpg\",\"contentUrl\":\"https:\\\/\\\/noticiasmercedinas.com\\\/site\\\/wp-content\\\/uploads\\\/2020\\\/06\\\/LOGO-512.jpg\",\"width\":512,\"height\":512,\"caption\":\"NOTICIASMERCEDINAS.COM\"},\"image\":{\"@id\":\"https:\\\/\\\/noticiasmercedinas.com\\\/site\\\/#\\\/schema\\\/logo\\\/image\\\/\"},\"sameAs\":[\"https:\\\/\\\/www.facebook.com\\\/noticiasmercedinas\\\/\",\"https:\\\/\\\/x.com\\\/notmercedinas\",\"https:\\\/\\\/www.instagram.com\\\/noticiasmercedinas\\\/\"]},{\"@type\":\"Person\",\"@id\":\"https:\\\/\\\/noticiasmercedinas.com\\\/site\\\/#\\\/schema\\\/person\\\/d481a9696a5feaec13a60e2bbd991a6a\",\"name\":\"Cristian Falabella NOTICIASMERCEDINAS.COM\",\"image\":{\"@type\":\"ImageObject\",\"inLanguage\":\"es\",\"@id\":\"https:\\\/\\\/secure.gravatar.com\\\/avatar\\\/0dbbfc45970cc46bcd0e57766228574ff3511d6eed045b182f536f0f478c1f06?s=96&d=mm&r=g\",\"url\":\"https:\\\/\\\/secure.gravatar.com\\\/avatar\\\/0dbbfc45970cc46bcd0e57766228574ff3511d6eed045b182f536f0f478c1f06?s=96&d=mm&r=g\",\"contentUrl\":\"https:\\\/\\\/secure.gravatar.com\\\/avatar\\\/0dbbfc45970cc46bcd0e57766228574ff3511d6eed045b182f536f0f478c1f06?s=96&d=mm&r=g\",\"caption\":\"Cristian Falabella NOTICIASMERCEDINAS.COM\"},\"description\":\"Periodista, editor de Noticias Mercedinas. Pas\u00f3 por varias redacciones y emprendimientos de prensa, en distintos formatos y \u00e9pocas. Se especializ\u00f3 --y sigue haci\u00e9ndolo-- en comunicaci\u00f3n en la web y en junio de 2006 fund\u00f3 este diario digital.\",\"sameAs\":[\"https:\\\/\\\/noticiasmercedinas.com\",\"https:\\\/\\\/www.facebook.com\\\/cristian.falabella\",\"https:\\\/\\\/www.instagram.com\\\/noticiasmercedinas\\\/\",\"https:\\\/\\\/x.com\\\/https:\\\/\\\/twitter.com\\\/NOTMERCEDINAS\"],\"url\":\"https:\\\/\\\/noticiasmercedinas.com\\\/site\\\/author\\\/as000384\\\/\"}]}<\/script>\n<!-- \/ Yoast SEO plugin. -->","yoast_head_json":{"title":"\u201cSostenemos la necesidad de aislamiento\u201d","robots":{"index":"index","follow":"follow","max-snippet":"max-snippet:-1","max-image-preview":"max-image-preview:large","max-video-preview":"max-video-preview:-1"},"canonical":"https:\/\/noticiasmercedinas.com\/site\/2020\/07\/14\/sostenemos-la-necesidad-de-aislamiento\/","og_locale":"es_ES","og_type":"article","og_title":"\u201cSostenemos la necesidad de aislamiento\u201d","og_description":"\u25a0 Dieron a conocer que la mitad de los positivos cursan la enfermedad de manera asintom\u00e1tica. De 8 internados, actualmente hay dos en estado reservado con uso de respirador","og_url":"https:\/\/noticiasmercedinas.com\/site\/2020\/07\/14\/sostenemos-la-necesidad-de-aislamiento\/","og_site_name":"NOTICIASMERCEDINAS.COM","article_publisher":"https:\/\/www.facebook.com\/noticiasmercedinas\/","article_author":"https:\/\/www.facebook.com\/cristian.falabella","article_published_time":"2020-07-14T18:07:55+00:00","og_image":[{"width":1280,"height":720,"url":"https:\/\/noticiasmercedinas.com\/site\/wp-content\/uploads\/2020\/07\/e2a02dc1-7202-498f-838d-45e316249b4f.jpg","type":"image\/jpeg"}],"author":"Cristian Falabella NOTICIASMERCEDINAS.COM","twitter_card":"summary_large_image","twitter_creator":"@https:\/\/twitter.com\/NOTMERCEDINAS","twitter_site":"@notmercedinas","twitter_misc":{"Escrito por":"Cristian Falabella NOTICIASMERCEDINAS.COM","Tiempo de lectura":"3 minutos"},"schema":{"@context":"https:\/\/schema.org","@graph":[{"@type":"Article","@id":"https:\/\/noticiasmercedinas.com\/site\/2020\/07\/14\/sostenemos-la-necesidad-de-aislamiento\/#article","isPartOf":{"@id":"https:\/\/noticiasmercedinas.com\/site\/2020\/07\/14\/sostenemos-la-necesidad-de-aislamiento\/"},"author":{"name":"Cristian Falabella NOTICIASMERCEDINAS.COM","@id":"https:\/\/noticiasmercedinas.com\/site\/#\/schema\/person\/d481a9696a5feaec13a60e2bbd991a6a"},"headline":"\u201cSostenemos la necesidad de aislamiento\u201d","datePublished":"2020-07-14T18:07:55+00:00","mainEntityOfPage":{"@id":"https:\/\/noticiasmercedinas.com\/site\/2020\/07\/14\/sostenemos-la-necesidad-de-aislamiento\/"},"wordCount":681,"commentCount":0,"publisher":{"@id":"https:\/\/noticiasmercedinas.com\/site\/#organization"},"image":{"@id":"https:\/\/noticiasmercedinas.com\/site\/2020\/07\/14\/sostenemos-la-necesidad-de-aislamiento\/#primaryimage"},"thumbnailUrl":"https:\/\/noticiasmercedinas.com\/site\/wp-content\/uploads\/2020\/07\/e2a02dc1-7202-498f-838d-45e316249b4f.jpg","keywords":["coronavirus","juan ignacio ustarroz","m covid","pablo cassiani"],"articleSection":["Covid-19"],"inLanguage":"es","potentialAction":[{"@type":"CommentAction","name":"Comment","target":["https:\/\/noticiasmercedinas.com\/site\/2020\/07\/14\/sostenemos-la-necesidad-de-aislamiento\/#respond"]}]},{"@type":"WebPage","@id":"https:\/\/noticiasmercedinas.com\/site\/2020\/07\/14\/sostenemos-la-necesidad-de-aislamiento\/","url":"https:\/\/noticiasmercedinas.com\/site\/2020\/07\/14\/sostenemos-la-necesidad-de-aislamiento\/","name":"\u201cSostenemos la necesidad de aislamiento\u201d","isPartOf":{"@id":"https:\/\/noticiasmercedinas.com\/site\/#website"},"primaryImageOfPage":{"@id":"https:\/\/noticiasmercedinas.com\/site\/2020\/07\/14\/sostenemos-la-necesidad-de-aislamiento\/#primaryimage"},"image":{"@id":"https:\/\/noticiasmercedinas.com\/site\/2020\/07\/14\/sostenemos-la-necesidad-de-aislamiento\/#primaryimage"},"thumbnailUrl":"https:\/\/noticiasmercedinas.com\/site\/wp-content\/uploads\/2020\/07\/e2a02dc1-7202-498f-838d-45e316249b4f.jpg","datePublished":"2020-07-14T18:07:55+00:00","breadcrumb":{"@id":"https:\/\/noticiasmercedinas.com\/site\/2020\/07\/14\/sostenemos-la-necesidad-de-aislamiento\/#breadcrumb"},"inLanguage":"es","potentialAction":[{"@type":"ReadAction","target":["https:\/\/noticiasmercedinas.com\/site\/2020\/07\/14\/sostenemos-la-necesidad-de-aislamiento\/"]}]},{"@type":"ImageObject","inLanguage":"es","@id":"https:\/\/noticiasmercedinas.com\/site\/2020\/07\/14\/sostenemos-la-necesidad-de-aislamiento\/#primaryimage","url":"https:\/\/noticiasmercedinas.com\/site\/wp-content\/uploads\/2020\/07\/e2a02dc1-7202-498f-838d-45e316249b4f.jpg","contentUrl":"https:\/\/noticiasmercedinas.com\/site\/wp-content\/uploads\/2020\/07\/e2a02dc1-7202-498f-838d-45e316249b4f.jpg","width":1280,"height":720},{"@type":"BreadcrumbList","@id":"https:\/\/noticiasmercedinas.com\/site\/2020\/07\/14\/sostenemos-la-necesidad-de-aislamiento\/#breadcrumb","itemListElement":[{"@type":"ListItem","position":1,"name":"Portada","item":"https:\/\/noticiasmercedinas.com\/site\/"},{"@type":"ListItem","position":2,"name":"\u201cSostenemos la necesidad de aislamiento\u201d"}]},{"@type":"WebSite","@id":"https:\/\/noticiasmercedinas.com\/site\/#website","url":"https:\/\/noticiasmercedinas.com\/site\/","name":"NOTICIASMERCEDINAS.COM","description":"Mercedes, Buenos Aires, Argentina","publisher":{"@id":"https:\/\/noticiasmercedinas.com\/site\/#organization"},"potentialAction":[{"@type":"SearchAction","target":{"@type":"EntryPoint","urlTemplate":"https:\/\/noticiasmercedinas.com\/site\/?s={search_term_string}"},"query-input":{"@type":"PropertyValueSpecification","valueRequired":true,"valueName":"search_term_string"}}],"inLanguage":"es"},{"@type":"Organization","@id":"https:\/\/noticiasmercedinas.com\/site\/#organization","name":"NOTICIASMERCEDINAS.COM","url":"https:\/\/noticiasmercedinas.com\/site\/","logo":{"@type":"ImageObject","inLanguage":"es","@id":"https:\/\/noticiasmercedinas.com\/site\/#\/schema\/logo\/image\/","url":"https:\/\/noticiasmercedinas.com\/site\/wp-content\/uploads\/2020\/06\/LOGO-512.jpg","contentUrl":"https:\/\/noticiasmercedinas.com\/site\/wp-content\/uploads\/2020\/06\/LOGO-512.jpg","width":512,"height":512,"caption":"NOTICIASMERCEDINAS.COM"},"image":{"@id":"https:\/\/noticiasmercedinas.com\/site\/#\/schema\/logo\/image\/"},"sameAs":["https:\/\/www.facebook.com\/noticiasmercedinas\/","https:\/\/x.com\/notmercedinas","https:\/\/www.instagram.com\/noticiasmercedinas\/"]},{"@type":"Person","@id":"https:\/\/noticiasmercedinas.com\/site\/#\/schema\/person\/d481a9696a5feaec13a60e2bbd991a6a","name":"Cristian Falabella NOTICIASMERCEDINAS.COM","image":{"@type":"ImageObject","inLanguage":"es","@id":"https:\/\/secure.gravatar.com\/avatar\/0dbbfc45970cc46bcd0e57766228574ff3511d6eed045b182f536f0f478c1f06?s=96&d=mm&r=g","url":"https:\/\/secure.gravatar.com\/avatar\/0dbbfc45970cc46bcd0e57766228574ff3511d6eed045b182f536f0f478c1f06?s=96&d=mm&r=g","contentUrl":"https:\/\/secure.gravatar.com\/avatar\/0dbbfc45970cc46bcd0e57766228574ff3511d6eed045b182f536f0f478c1f06?s=96&d=mm&r=g","caption":"Cristian Falabella NOTICIASMERCEDINAS.COM"},"description":"Periodista, editor de Noticias Mercedinas. Pas\u00f3 por varias redacciones y emprendimientos de prensa, en distintos formatos y \u00e9pocas. Se especializ\u00f3 --y sigue haci\u00e9ndolo-- en comunicaci\u00f3n en la web y en junio de 2006 fund\u00f3 este diario digital.","sameAs":["https:\/\/noticiasmercedinas.com","https:\/\/www.facebook.com\/cristian.falabella","https:\/\/www.instagram.com\/noticiasmercedinas\/","https:\/\/x.com\/https:\/\/twitter.com\/NOTMERCEDINAS"],"url":"https:\/\/noticiasmercedinas.com\/site\/author\/as000384\/"}]}},"amp_enabled":true,"_links":{"self":[{"href":"https:\/\/noticiasmercedinas.com\/site\/wp-json\/wp\/v2\/posts\/48831","targetHints":{"allow":["GET"]}}],"collection":[{"href":"https:\/\/noticiasmercedinas.com\/site\/wp-json\/wp\/v2\/posts"}],"about":[{"href":"https:\/\/noticiasmercedinas.com\/site\/wp-json\/wp\/v2\/types\/post"}],"author":[{"embeddable":true,"href":"https:\/\/noticiasmercedinas.com\/site\/wp-json\/wp\/v2\/users\/2"}],"replies":[{"embeddable":true,"href":"https:\/\/noticiasmercedinas.com\/site\/wp-json\/wp\/v2\/comments?post=48831"}],"version-history":[{"count":1,"href":"https:\/\/noticiasmercedinas.com\/site\/wp-json\/wp\/v2\/posts\/48831\/revisions"}],"predecessor-version":[{"id":48836,"href":"https:\/\/noticiasmercedinas.com\/site\/wp-json\/wp\/v2\/posts\/48831\/revisions\/48836"}],"wp:featuredmedia":[{"embeddable":true,"href":"https:\/\/noticiasmercedinas.com\/site\/wp-json\/wp\/v2\/media\/48832"}],"wp:attachment":[{"href":"https:\/\/noticiasmercedinas.com\/site\/wp-json\/wp\/v2\/media?parent=48831"}],"wp:term":[{"taxonomy":"category","embeddable":true,"href":"https:\/\/noticiasmercedinas.com\/site\/wp-json\/wp\/v2\/categories?post=48831"},{"taxonomy":"post_tag","embeddable":true,"href":"https:\/\/noticiasmercedinas.com\/site\/wp-json\/wp\/v2\/tags?post=48831"}],"curies":[{"name":"wp","href":"https:\/\/api.w.org\/{rel}","templated":true}]}}