{"id":49022,"date":"2020-07-17T09:47:25","date_gmt":"2020-07-17T12:47:25","guid":{"rendered":"https:\/\/noticiasmercedinas.com\/site\/?p=49022"},"modified":"2020-07-17T09:47:25","modified_gmt":"2020-07-17T12:47:25","slug":"desarrollo-territorial-y-habitat-destacan-labor-local","status":"publish","type":"post","link":"https:\/\/noticiasmercedinas.com\/site\/2020\/07\/17\/desarrollo-territorial-y-habitat-destacan-labor-local\/","title":{"rendered":"Desarrollo Territorial y H\u00e1bitat: destacan labor local"},"content":{"rendered":"<p><img loading=\"lazy\" decoding=\"async\" class=\"alignnone size-full wp-image-49024\" src=\"https:\/\/noticiasmercedinas.com\/site\/wp-content\/uploads\/2020\/07\/labor.jpg\" alt=\"\" width=\"640\" height=\"357\" srcset=\"https:\/\/noticiasmercedinas.com\/site\/wp-content\/uploads\/2020\/07\/labor.jpg 640w, https:\/\/noticiasmercedinas.com\/site\/wp-content\/uploads\/2020\/07\/labor-300x167.jpg 300w\" sizes=\"auto, (max-width: 640px) 100vw, 640px\" \/><\/p>\n<p>El pasado mi\u00e9rcoles la Ministra de Desarrollo Territorial y H\u00e1bitat, la arquitecta <strong>Mar\u00eda Eugenia Bielsa<\/strong>, encabez\u00f3 la presentaci\u00f3n de \u201cHabitat, un desaf\u00edo de todos\u201d. El libro fue escrito por <strong>Luciano Scatolini<\/strong>,<strong> Juan Ignacio Duarte<\/strong> y <strong>Tob\u00edas Gim\u00e9nez Hutton<\/strong>, los tres actualmente funcionarios de la cartera que dirige la arquitecta y docente rosarina.<\/p>\n<p>El libro &#8211;escrito durante el a\u00f1o pasado&#8211; hace hincapi\u00e9 en distintos proyectos dentro de la provincia de Buenos Aires y en otros distritos del pa\u00eds. El cap\u00edtulo 4 &#8211;titulado \u201cEntre la ilusi\u00f3n y la realidad, los caminos posibles\u201d&#8211; se centra en la labor realizada en dos distritos bonaerenses de distintas tipolog\u00edas: Avellaneda y Mercedes.<\/p>\n<p>Tras hacer un hincapi\u00e9 en la labor desarrollada en espacio p\u00fablico y en obras de pavimentaci\u00f3n en el libro le dedica varias p\u00e1ginas en la pol\u00edtica desarrollada para mejorar el acceso al suelo y la vivienda; relata los cambios normativos y la puesta en marcha del programa Mi Terreno y Mi Casa.<\/p>\n<p>Durante la presentaci\u00f3n &#8211;que se realiz\u00f3 por Zoom y se transmiti\u00f3 v\u00eda Facebook&#8211; al momento de dirigir la palabra, Juan Duarte destac\u00f3 la decisi\u00f3n del intendente Juan Ustarroz, valorando no solo lo logrado hasta el momento que se escrib\u00eda el libro, sino tambi\u00e9n lo proyectado. Enumer\u00f3 las disposiciones normativas elaboradas por Mercedes buscando facilitar el acceso al h\u00e1bitat a los ciudadanos y llevando adelante el Registro de D\u00e9ficit Habitacional y los sorteos de Mi Terreno.<\/p>\n<p>El libro estar\u00e1 disponible de manera gratuita en el Facebook \u201cHabitat. Un desaf\u00edo de todos\u201d en los pr\u00f3ximos d\u00edas.<\/p>\n<p><img loading=\"lazy\" decoding=\"async\" class=\"alignnone wp-image-49023\" src=\"https:\/\/noticiasmercedinas.com\/site\/wp-content\/uploads\/2020\/07\/c1af46bf-6399-44a8-8f2f-282570faff03.jpg\" alt=\"\" width=\"640\" height=\"603\" srcset=\"https:\/\/noticiasmercedinas.com\/site\/wp-content\/uploads\/2020\/07\/c1af46bf-6399-44a8-8f2f-282570faff03.jpg 454w, https:\/\/noticiasmercedinas.com\/site\/wp-content\/uploads\/2020\/07\/c1af46bf-6399-44a8-8f2f-282570faff03-300x283.jpg 300w\" sizes=\"auto, (max-width: 640px) 100vw, 640px\" \/><\/p>\n","protected":false},"excerpt":{"rendered":"<p>\u25a0 Publicaci\u00f3n remarca la pol\u00edtica desarrollada para mejorar el acceso al suelo y la vivienda, en esta ciudad. Fue escrita por Luciano Scatolini, Juan Ignacio Duarte y Tob\u00edas Gim\u00e9nez Hutton<\/p>\n","protected":false},"author":2,"featured_media":49024,"comment_status":"open","ping_status":"open","sticky":false,"template":"","format":"standard","meta":{"footnotes":""},"categories":[3],"tags":[8169,545,1458,3949],"class_list":["post-49022","post","type-post","status-publish","format-standard","has-post-thumbnail","hentry","category-sociedad","tag-habitat","tag-mi-casa","tag-mi-terreno","tag-tierras"],"yoast_head":"<!-- This site is optimized with the Yoast SEO plugin v27.4 - https:\/\/yoast.com\/product\/yoast-seo-wordpress\/ -->\n<title>Desarrollo Territorial y H\u00e1bitat: destacan labor local<\/title>\n<meta name=\"robots\" content=\"index, follow, max-snippet:-1, max-image-preview:large, max-video-preview:-1\" \/>\n<link rel=\"canonical\" href=\"https:\/\/noticiasmercedinas.com\/site\/2020\/07\/17\/desarrollo-territorial-y-habitat-destacan-labor-local\/\" \/>\n<meta property=\"og:locale\" content=\"es_ES\" \/>\n<meta property=\"og:type\" content=\"article\" \/>\n<meta property=\"og:title\" content=\"Desarrollo Territorial y H\u00e1bitat: destacan labor local\" \/>\n<meta property=\"og:description\" content=\"\u25a0 Publicaci\u00f3n remarca la pol\u00edtica desarrollada para mejorar el acceso al suelo y la vivienda, en esta ciudad. Fue escrita por Luciano Scatolini, Juan Ignacio Duarte y Tob\u00edas Gim\u00e9nez Hutton\" \/>\n<meta property=\"og:url\" content=\"https:\/\/noticiasmercedinas.com\/site\/2020\/07\/17\/desarrollo-territorial-y-habitat-destacan-labor-local\/\" \/>\n<meta property=\"og:site_name\" content=\"NOTICIASMERCEDINAS.COM\" \/>\n<meta property=\"article:publisher\" content=\"https:\/\/www.facebook.com\/noticiasmercedinas\/\" \/>\n<meta property=\"article:author\" content=\"https:\/\/www.facebook.com\/cristian.falabella\" \/>\n<meta property=\"article:published_time\" content=\"2020-07-17T12:47:25+00:00\" \/>\n<meta property=\"og:image\" content=\"https:\/\/noticiasmercedinas.com\/site\/wp-content\/uploads\/2020\/07\/labor.jpg\" \/>\n\t<meta property=\"og:image:width\" content=\"640\" \/>\n\t<meta property=\"og:image:height\" content=\"357\" \/>\n\t<meta property=\"og:image:type\" content=\"image\/jpeg\" \/>\n<meta name=\"author\" content=\"Cristian Falabella NOTICIASMERCEDINAS.COM\" \/>\n<meta name=\"twitter:card\" content=\"summary_large_image\" \/>\n<meta name=\"twitter:creator\" content=\"@https:\/\/twitter.com\/NOTMERCEDINAS\" \/>\n<meta name=\"twitter:site\" content=\"@notmercedinas\" \/>\n<meta name=\"twitter:label1\" content=\"Escrito por\" \/>\n\t<meta name=\"twitter:data1\" content=\"Cristian Falabella NOTICIASMERCEDINAS.COM\" \/>\n\t<meta name=\"twitter:label2\" content=\"Tiempo de lectura\" \/>\n\t<meta name=\"twitter:data2\" content=\"1 minuto\" \/>\n<script type=\"application\/ld+json\" class=\"yoast-schema-graph\">{\"@context\":\"https:\\\/\\\/schema.org\",\"@graph\":[{\"@type\":\"Article\",\"@id\":\"https:\\\/\\\/noticiasmercedinas.com\\\/site\\\/2020\\\/07\\\/17\\\/desarrollo-territorial-y-habitat-destacan-labor-local\\\/#article\",\"isPartOf\":{\"@id\":\"https:\\\/\\\/noticiasmercedinas.com\\\/site\\\/2020\\\/07\\\/17\\\/desarrollo-territorial-y-habitat-destacan-labor-local\\\/\"},\"author\":{\"name\":\"Cristian Falabella NOTICIASMERCEDINAS.COM\",\"@id\":\"https:\\\/\\\/noticiasmercedinas.com\\\/site\\\/#\\\/schema\\\/person\\\/d481a9696a5feaec13a60e2bbd991a6a\"},\"headline\":\"Desarrollo Territorial y H\u00e1bitat: destacan labor local\",\"datePublished\":\"2020-07-17T12:47:25+00:00\",\"mainEntityOfPage\":{\"@id\":\"https:\\\/\\\/noticiasmercedinas.com\\\/site\\\/2020\\\/07\\\/17\\\/desarrollo-territorial-y-habitat-destacan-labor-local\\\/\"},\"wordCount\":286,\"commentCount\":0,\"publisher\":{\"@id\":\"https:\\\/\\\/noticiasmercedinas.com\\\/site\\\/#organization\"},\"image\":{\"@id\":\"https:\\\/\\\/noticiasmercedinas.com\\\/site\\\/2020\\\/07\\\/17\\\/desarrollo-territorial-y-habitat-destacan-labor-local\\\/#primaryimage\"},\"thumbnailUrl\":\"https:\\\/\\\/noticiasmercedinas.com\\\/site\\\/wp-content\\\/uploads\\\/2020\\\/07\\\/labor.jpg\",\"keywords\":[\"h\u00e1bitat\",\"mi casa\",\"mi terreno\",\"tierras\"],\"articleSection\":[\"Sociedad\"],\"inLanguage\":\"es\",\"potentialAction\":[{\"@type\":\"CommentAction\",\"name\":\"Comment\",\"target\":[\"https:\\\/\\\/noticiasmercedinas.com\\\/site\\\/2020\\\/07\\\/17\\\/desarrollo-territorial-y-habitat-destacan-labor-local\\\/#respond\"]}]},{\"@type\":\"WebPage\",\"@id\":\"https:\\\/\\\/noticiasmercedinas.com\\\/site\\\/2020\\\/07\\\/17\\\/desarrollo-territorial-y-habitat-destacan-labor-local\\\/\",\"url\":\"https:\\\/\\\/noticiasmercedinas.com\\\/site\\\/2020\\\/07\\\/17\\\/desarrollo-territorial-y-habitat-destacan-labor-local\\\/\",\"name\":\"Desarrollo Territorial y H\u00e1bitat: destacan labor local\",\"isPartOf\":{\"@id\":\"https:\\\/\\\/noticiasmercedinas.com\\\/site\\\/#website\"},\"primaryImageOfPage\":{\"@id\":\"https:\\\/\\\/noticiasmercedinas.com\\\/site\\\/2020\\\/07\\\/17\\\/desarrollo-territorial-y-habitat-destacan-labor-local\\\/#primaryimage\"},\"image\":{\"@id\":\"https:\\\/\\\/noticiasmercedinas.com\\\/site\\\/2020\\\/07\\\/17\\\/desarrollo-territorial-y-habitat-destacan-labor-local\\\/#primaryimage\"},\"thumbnailUrl\":\"https:\\\/\\\/noticiasmercedinas.com\\\/site\\\/wp-content\\\/uploads\\\/2020\\\/07\\\/labor.jpg\",\"datePublished\":\"2020-07-17T12:47:25+00:00\",\"breadcrumb\":{\"@id\":\"https:\\\/\\\/noticiasmercedinas.com\\\/site\\\/2020\\\/07\\\/17\\\/desarrollo-territorial-y-habitat-destacan-labor-local\\\/#breadcrumb\"},\"inLanguage\":\"es\",\"potentialAction\":[{\"@type\":\"ReadAction\",\"target\":[\"https:\\\/\\\/noticiasmercedinas.com\\\/site\\\/2020\\\/07\\\/17\\\/desarrollo-territorial-y-habitat-destacan-labor-local\\\/\"]}]},{\"@type\":\"ImageObject\",\"inLanguage\":\"es\",\"@id\":\"https:\\\/\\\/noticiasmercedinas.com\\\/site\\\/2020\\\/07\\\/17\\\/desarrollo-territorial-y-habitat-destacan-labor-local\\\/#primaryimage\",\"url\":\"https:\\\/\\\/noticiasmercedinas.com\\\/site\\\/wp-content\\\/uploads\\\/2020\\\/07\\\/labor.jpg\",\"contentUrl\":\"https:\\\/\\\/noticiasmercedinas.com\\\/site\\\/wp-content\\\/uploads\\\/2020\\\/07\\\/labor.jpg\",\"width\":640,\"height\":357},{\"@type\":\"BreadcrumbList\",\"@id\":\"https:\\\/\\\/noticiasmercedinas.com\\\/site\\\/2020\\\/07\\\/17\\\/desarrollo-territorial-y-habitat-destacan-labor-local\\\/#breadcrumb\",\"itemListElement\":[{\"@type\":\"ListItem\",\"position\":1,\"name\":\"Portada\",\"item\":\"https:\\\/\\\/noticiasmercedinas.com\\\/site\\\/\"},{\"@type\":\"ListItem\",\"position\":2,\"name\":\"Desarrollo Territorial y H\u00e1bitat: destacan labor local\"}]},{\"@type\":\"WebSite\",\"@id\":\"https:\\\/\\\/noticiasmercedinas.com\\\/site\\\/#website\",\"url\":\"https:\\\/\\\/noticiasmercedinas.com\\\/site\\\/\",\"name\":\"NOTICIASMERCEDINAS.COM\",\"description\":\"Mercedes, Buenos Aires, Argentina\",\"publisher\":{\"@id\":\"https:\\\/\\\/noticiasmercedinas.com\\\/site\\\/#organization\"},\"potentialAction\":[{\"@type\":\"SearchAction\",\"target\":{\"@type\":\"EntryPoint\",\"urlTemplate\":\"https:\\\/\\\/noticiasmercedinas.com\\\/site\\\/?s={search_term_string}\"},\"query-input\":{\"@type\":\"PropertyValueSpecification\",\"valueRequired\":true,\"valueName\":\"search_term_string\"}}],\"inLanguage\":\"es\"},{\"@type\":\"Organization\",\"@id\":\"https:\\\/\\\/noticiasmercedinas.com\\\/site\\\/#organization\",\"name\":\"NOTICIASMERCEDINAS.COM\",\"url\":\"https:\\\/\\\/noticiasmercedinas.com\\\/site\\\/\",\"logo\":{\"@type\":\"ImageObject\",\"inLanguage\":\"es\",\"@id\":\"https:\\\/\\\/noticiasmercedinas.com\\\/site\\\/#\\\/schema\\\/logo\\\/image\\\/\",\"url\":\"https:\\\/\\\/noticiasmercedinas.com\\\/site\\\/wp-content\\\/uploads\\\/2020\\\/06\\\/LOGO-512.jpg\",\"contentUrl\":\"https:\\\/\\\/noticiasmercedinas.com\\\/site\\\/wp-content\\\/uploads\\\/2020\\\/06\\\/LOGO-512.jpg\",\"width\":512,\"height\":512,\"caption\":\"NOTICIASMERCEDINAS.COM\"},\"image\":{\"@id\":\"https:\\\/\\\/noticiasmercedinas.com\\\/site\\\/#\\\/schema\\\/logo\\\/image\\\/\"},\"sameAs\":[\"https:\\\/\\\/www.facebook.com\\\/noticiasmercedinas\\\/\",\"https:\\\/\\\/x.com\\\/notmercedinas\",\"https:\\\/\\\/www.instagram.com\\\/noticiasmercedinas\\\/\"]},{\"@type\":\"Person\",\"@id\":\"https:\\\/\\\/noticiasmercedinas.com\\\/site\\\/#\\\/schema\\\/person\\\/d481a9696a5feaec13a60e2bbd991a6a\",\"name\":\"Cristian Falabella NOTICIASMERCEDINAS.COM\",\"image\":{\"@type\":\"ImageObject\",\"inLanguage\":\"es\",\"@id\":\"https:\\\/\\\/secure.gravatar.com\\\/avatar\\\/0dbbfc45970cc46bcd0e57766228574ff3511d6eed045b182f536f0f478c1f06?s=96&d=mm&r=g\",\"url\":\"https:\\\/\\\/secure.gravatar.com\\\/avatar\\\/0dbbfc45970cc46bcd0e57766228574ff3511d6eed045b182f536f0f478c1f06?s=96&d=mm&r=g\",\"contentUrl\":\"https:\\\/\\\/secure.gravatar.com\\\/avatar\\\/0dbbfc45970cc46bcd0e57766228574ff3511d6eed045b182f536f0f478c1f06?s=96&d=mm&r=g\",\"caption\":\"Cristian Falabella NOTICIASMERCEDINAS.COM\"},\"description\":\"Periodista, editor de Noticias Mercedinas. Pas\u00f3 por varias redacciones y emprendimientos de prensa, en distintos formatos y \u00e9pocas. Se especializ\u00f3 --y sigue haci\u00e9ndolo-- en comunicaci\u00f3n en la web y en junio de 2006 fund\u00f3 este diario digital.\",\"sameAs\":[\"https:\\\/\\\/noticiasmercedinas.com\",\"https:\\\/\\\/www.facebook.com\\\/cristian.falabella\",\"https:\\\/\\\/www.instagram.com\\\/noticiasmercedinas\\\/\",\"https:\\\/\\\/x.com\\\/https:\\\/\\\/twitter.com\\\/NOTMERCEDINAS\"],\"url\":\"https:\\\/\\\/noticiasmercedinas.com\\\/site\\\/author\\\/as000384\\\/\"}]}<\/script>\n<!-- \/ Yoast SEO plugin. -->","yoast_head_json":{"title":"Desarrollo Territorial y H\u00e1bitat: destacan labor local","robots":{"index":"index","follow":"follow","max-snippet":"max-snippet:-1","max-image-preview":"max-image-preview:large","max-video-preview":"max-video-preview:-1"},"canonical":"https:\/\/noticiasmercedinas.com\/site\/2020\/07\/17\/desarrollo-territorial-y-habitat-destacan-labor-local\/","og_locale":"es_ES","og_type":"article","og_title":"Desarrollo Territorial y H\u00e1bitat: destacan labor local","og_description":"\u25a0 Publicaci\u00f3n remarca la pol\u00edtica desarrollada para mejorar el acceso al suelo y la vivienda, en esta ciudad. Fue escrita por Luciano Scatolini, Juan Ignacio Duarte y Tob\u00edas Gim\u00e9nez Hutton","og_url":"https:\/\/noticiasmercedinas.com\/site\/2020\/07\/17\/desarrollo-territorial-y-habitat-destacan-labor-local\/","og_site_name":"NOTICIASMERCEDINAS.COM","article_publisher":"https:\/\/www.facebook.com\/noticiasmercedinas\/","article_author":"https:\/\/www.facebook.com\/cristian.falabella","article_published_time":"2020-07-17T12:47:25+00:00","og_image":[{"width":640,"height":357,"url":"https:\/\/noticiasmercedinas.com\/site\/wp-content\/uploads\/2020\/07\/labor.jpg","type":"image\/jpeg"}],"author":"Cristian Falabella NOTICIASMERCEDINAS.COM","twitter_card":"summary_large_image","twitter_creator":"@https:\/\/twitter.com\/NOTMERCEDINAS","twitter_site":"@notmercedinas","twitter_misc":{"Escrito por":"Cristian Falabella NOTICIASMERCEDINAS.COM","Tiempo de lectura":"1 minuto"},"schema":{"@context":"https:\/\/schema.org","@graph":[{"@type":"Article","@id":"https:\/\/noticiasmercedinas.com\/site\/2020\/07\/17\/desarrollo-territorial-y-habitat-destacan-labor-local\/#article","isPartOf":{"@id":"https:\/\/noticiasmercedinas.com\/site\/2020\/07\/17\/desarrollo-territorial-y-habitat-destacan-labor-local\/"},"author":{"name":"Cristian Falabella NOTICIASMERCEDINAS.COM","@id":"https:\/\/noticiasmercedinas.com\/site\/#\/schema\/person\/d481a9696a5feaec13a60e2bbd991a6a"},"headline":"Desarrollo Territorial y H\u00e1bitat: destacan labor local","datePublished":"2020-07-17T12:47:25+00:00","mainEntityOfPage":{"@id":"https:\/\/noticiasmercedinas.com\/site\/2020\/07\/17\/desarrollo-territorial-y-habitat-destacan-labor-local\/"},"wordCount":286,"commentCount":0,"publisher":{"@id":"https:\/\/noticiasmercedinas.com\/site\/#organization"},"image":{"@id":"https:\/\/noticiasmercedinas.com\/site\/2020\/07\/17\/desarrollo-territorial-y-habitat-destacan-labor-local\/#primaryimage"},"thumbnailUrl":"https:\/\/noticiasmercedinas.com\/site\/wp-content\/uploads\/2020\/07\/labor.jpg","keywords":["h\u00e1bitat","mi casa","mi terreno","tierras"],"articleSection":["Sociedad"],"inLanguage":"es","potentialAction":[{"@type":"CommentAction","name":"Comment","target":["https:\/\/noticiasmercedinas.com\/site\/2020\/07\/17\/desarrollo-territorial-y-habitat-destacan-labor-local\/#respond"]}]},{"@type":"WebPage","@id":"https:\/\/noticiasmercedinas.com\/site\/2020\/07\/17\/desarrollo-territorial-y-habitat-destacan-labor-local\/","url":"https:\/\/noticiasmercedinas.com\/site\/2020\/07\/17\/desarrollo-territorial-y-habitat-destacan-labor-local\/","name":"Desarrollo Territorial y H\u00e1bitat: destacan labor local","isPartOf":{"@id":"https:\/\/noticiasmercedinas.com\/site\/#website"},"primaryImageOfPage":{"@id":"https:\/\/noticiasmercedinas.com\/site\/2020\/07\/17\/desarrollo-territorial-y-habitat-destacan-labor-local\/#primaryimage"},"image":{"@id":"https:\/\/noticiasmercedinas.com\/site\/2020\/07\/17\/desarrollo-territorial-y-habitat-destacan-labor-local\/#primaryimage"},"thumbnailUrl":"https:\/\/noticiasmercedinas.com\/site\/wp-content\/uploads\/2020\/07\/labor.jpg","datePublished":"2020-07-17T12:47:25+00:00","breadcrumb":{"@id":"https:\/\/noticiasmercedinas.com\/site\/2020\/07\/17\/desarrollo-territorial-y-habitat-destacan-labor-local\/#breadcrumb"},"inLanguage":"es","potentialAction":[{"@type":"ReadAction","target":["https:\/\/noticiasmercedinas.com\/site\/2020\/07\/17\/desarrollo-territorial-y-habitat-destacan-labor-local\/"]}]},{"@type":"ImageObject","inLanguage":"es","@id":"https:\/\/noticiasmercedinas.com\/site\/2020\/07\/17\/desarrollo-territorial-y-habitat-destacan-labor-local\/#primaryimage","url":"https:\/\/noticiasmercedinas.com\/site\/wp-content\/uploads\/2020\/07\/labor.jpg","contentUrl":"https:\/\/noticiasmercedinas.com\/site\/wp-content\/uploads\/2020\/07\/labor.jpg","width":640,"height":357},{"@type":"BreadcrumbList","@id":"https:\/\/noticiasmercedinas.com\/site\/2020\/07\/17\/desarrollo-territorial-y-habitat-destacan-labor-local\/#breadcrumb","itemListElement":[{"@type":"ListItem","position":1,"name":"Portada","item":"https:\/\/noticiasmercedinas.com\/site\/"},{"@type":"ListItem","position":2,"name":"Desarrollo Territorial y H\u00e1bitat: destacan labor local"}]},{"@type":"WebSite","@id":"https:\/\/noticiasmercedinas.com\/site\/#website","url":"https:\/\/noticiasmercedinas.com\/site\/","name":"NOTICIASMERCEDINAS.COM","description":"Mercedes, Buenos Aires, Argentina","publisher":{"@id":"https:\/\/noticiasmercedinas.com\/site\/#organization"},"potentialAction":[{"@type":"SearchAction","target":{"@type":"EntryPoint","urlTemplate":"https:\/\/noticiasmercedinas.com\/site\/?s={search_term_string}"},"query-input":{"@type":"PropertyValueSpecification","valueRequired":true,"valueName":"search_term_string"}}],"inLanguage":"es"},{"@type":"Organization","@id":"https:\/\/noticiasmercedinas.com\/site\/#organization","name":"NOTICIASMERCEDINAS.COM","url":"https:\/\/noticiasmercedinas.com\/site\/","logo":{"@type":"ImageObject","inLanguage":"es","@id":"https:\/\/noticiasmercedinas.com\/site\/#\/schema\/logo\/image\/","url":"https:\/\/noticiasmercedinas.com\/site\/wp-content\/uploads\/2020\/06\/LOGO-512.jpg","contentUrl":"https:\/\/noticiasmercedinas.com\/site\/wp-content\/uploads\/2020\/06\/LOGO-512.jpg","width":512,"height":512,"caption":"NOTICIASMERCEDINAS.COM"},"image":{"@id":"https:\/\/noticiasmercedinas.com\/site\/#\/schema\/logo\/image\/"},"sameAs":["https:\/\/www.facebook.com\/noticiasmercedinas\/","https:\/\/x.com\/notmercedinas","https:\/\/www.instagram.com\/noticiasmercedinas\/"]},{"@type":"Person","@id":"https:\/\/noticiasmercedinas.com\/site\/#\/schema\/person\/d481a9696a5feaec13a60e2bbd991a6a","name":"Cristian Falabella NOTICIASMERCEDINAS.COM","image":{"@type":"ImageObject","inLanguage":"es","@id":"https:\/\/secure.gravatar.com\/avatar\/0dbbfc45970cc46bcd0e57766228574ff3511d6eed045b182f536f0f478c1f06?s=96&d=mm&r=g","url":"https:\/\/secure.gravatar.com\/avatar\/0dbbfc45970cc46bcd0e57766228574ff3511d6eed045b182f536f0f478c1f06?s=96&d=mm&r=g","contentUrl":"https:\/\/secure.gravatar.com\/avatar\/0dbbfc45970cc46bcd0e57766228574ff3511d6eed045b182f536f0f478c1f06?s=96&d=mm&r=g","caption":"Cristian Falabella NOTICIASMERCEDINAS.COM"},"description":"Periodista, editor de Noticias Mercedinas. Pas\u00f3 por varias redacciones y emprendimientos de prensa, en distintos formatos y \u00e9pocas. Se especializ\u00f3 --y sigue haci\u00e9ndolo-- en comunicaci\u00f3n en la web y en junio de 2006 fund\u00f3 este diario digital.","sameAs":["https:\/\/noticiasmercedinas.com","https:\/\/www.facebook.com\/cristian.falabella","https:\/\/www.instagram.com\/noticiasmercedinas\/","https:\/\/x.com\/https:\/\/twitter.com\/NOTMERCEDINAS"],"url":"https:\/\/noticiasmercedinas.com\/site\/author\/as000384\/"}]}},"amp_enabled":true,"_links":{"self":[{"href":"https:\/\/noticiasmercedinas.com\/site\/wp-json\/wp\/v2\/posts\/49022","targetHints":{"allow":["GET"]}}],"collection":[{"href":"https:\/\/noticiasmercedinas.com\/site\/wp-json\/wp\/v2\/posts"}],"about":[{"href":"https:\/\/noticiasmercedinas.com\/site\/wp-json\/wp\/v2\/types\/post"}],"author":[{"embeddable":true,"href":"https:\/\/noticiasmercedinas.com\/site\/wp-json\/wp\/v2\/users\/2"}],"replies":[{"embeddable":true,"href":"https:\/\/noticiasmercedinas.com\/site\/wp-json\/wp\/v2\/comments?post=49022"}],"version-history":[{"count":1,"href":"https:\/\/noticiasmercedinas.com\/site\/wp-json\/wp\/v2\/posts\/49022\/revisions"}],"predecessor-version":[{"id":49025,"href":"https:\/\/noticiasmercedinas.com\/site\/wp-json\/wp\/v2\/posts\/49022\/revisions\/49025"}],"wp:featuredmedia":[{"embeddable":true,"href":"https:\/\/noticiasmercedinas.com\/site\/wp-json\/wp\/v2\/media\/49024"}],"wp:attachment":[{"href":"https:\/\/noticiasmercedinas.com\/site\/wp-json\/wp\/v2\/media?parent=49022"}],"wp:term":[{"taxonomy":"category","embeddable":true,"href":"https:\/\/noticiasmercedinas.com\/site\/wp-json\/wp\/v2\/categories?post=49022"},{"taxonomy":"post_tag","embeddable":true,"href":"https:\/\/noticiasmercedinas.com\/site\/wp-json\/wp\/v2\/tags?post=49022"}],"curies":[{"name":"wp","href":"https:\/\/api.w.org\/{rel}","templated":true}]}}