{"id":49066,"date":"2020-07-17T18:51:10","date_gmt":"2020-07-17T21:51:10","guid":{"rendered":"https:\/\/noticiasmercedinas.com\/site\/2020\/07\/17\/demuestran-que-la-produccion-agroecologica-impulsa-la-colaboracion-del-entorno-natural\/"},"modified":"2020-07-17T18:53:48","modified_gmt":"2020-07-17T21:53:48","slug":"demuestran-que-la-produccion-agroecologica-impulsa-la-colaboracion-del-entorno-natural","status":"publish","type":"post","link":"https:\/\/noticiasmercedinas.com\/site\/2020\/07\/17\/demuestran-que-la-produccion-agroecologica-impulsa-la-colaboracion-del-entorno-natural\/","title":{"rendered":"Demuestran que la producci\u00f3n agroecol\u00f3gica impulsa la \u201ccolaboraci\u00f3n\u201d del entorno natural"},"content":{"rendered":"<p><img loading=\"lazy\" decoding=\"async\" class=\"alignnone wp-image-49065 size-full\" src=\"https:\/\/noticiasmercedinas.com\/site\/wp-content\/uploads\/2020\/07\/wp-1595022524604.jpg\" width=\"750\" height=\"350\" srcset=\"https:\/\/noticiasmercedinas.com\/site\/wp-content\/uploads\/2020\/07\/wp-1595022524604.jpg 750w, https:\/\/noticiasmercedinas.com\/site\/wp-content\/uploads\/2020\/07\/wp-1595022524604-300x140.jpg 300w, https:\/\/noticiasmercedinas.com\/site\/wp-content\/uploads\/2020\/07\/wp-1595022524604-640x299.jpg 640w, https:\/\/noticiasmercedinas.com\/site\/wp-content\/uploads\/2020\/07\/wp-1595022524604-681x318.jpg 681w\" sizes=\"auto, (max-width: 750px) 100vw, 750px\" \/><\/p>\n<p><strong>Carolina Vespasiano (Agencia CTyS-UNLaM) <\/strong><\/p>\n<p>Un equipo de investigadores de la Universidad Nacional del Litoral (UNL) y del CONICET relev\u00f3 la presencia de especies de p\u00e1jaros en dos campos de arroz \u2013uno con uso de agroqu\u00edmicos y otro agroecol\u00f3gico- y evalu\u00f3 en qu\u00e9 grado esta variedad de aves cumple una funci\u00f3n ben\u00e9fica en el proceso de cultivo.<\/p>\n<p>\u201cEncontramos que hay una mayor cantidad de funciones que las aves pueden cumplir cuando se realiza un manejo agroecol\u00f3gico, y eso se relaciona con que hay una gran diversidad de especies que, adem\u00e1s, tienen caracter\u00edsticas diferentes\u201d, explic\u00f3 Rodrigo Lorenz\u00f3n, investigador del Instituto Nacional de Limnolog\u00eda (INALI-CONICET-UNL) y autor principal del trabajo, a la Agencia CTyS-UNLaM.<\/p>\n<p>Se trata de uno de los primeros estudios que eval\u00faa la interacci\u00f3n entre un modelo productivo y la fauna silvestre, no solo para analizar el impacto ecol\u00f3gico de estas pr\u00e1cticas, sino para registrar c\u00f3mo la producci\u00f3n puede verse beneficiada a causa de una mayor \u201cdiversidad funcional\u201d de especies.<\/p>\n<p>\u201cEn ese caso, nos interes\u00f3 el enfoque funcional porque nos da una idea de los servicios ecosist\u00e9micos que las aves aportan y c\u00f3mo se pueden potenciar mediante diferentes t\u00e9cnicas productivas\u201d, precis\u00f3 el investigador.<\/p>\n<p>Los investigadores tomaron dos campos con t\u00e9cnicas de producci\u00f3n diferentes, situados a 14 kil\u00f3metros de distancia entre s\u00ed, en la zona arrocera de la localidad de San Javier, al este de la provincia de Santa Fe. En ocho oportunidades, distribuidas entre la siembra y la cosecha, contabilizaron qu\u00e9 especies de p\u00e1jaros hab\u00eda y en qu\u00e9 cantidad.<\/p>\n<p>Con estos datos, tomados por observaci\u00f3n directa y por grabaci\u00f3n de vocalizaciones (cantos de los p\u00e1jaros), el equipo clasific\u00f3 a las especies seg\u00fan c\u00f3mo se compon\u00eda su dieta, con qu\u00e9 estrategia y en qu\u00e9 lugar obten\u00edan el alimento. As\u00ed, determinaron qu\u00e9 servicio ecosist\u00e9mico brindaba la especie para el desarrollo del arrozal.<\/p>\n<p>\u201cLas aves \u2013se\u00f1al\u00f3 Lorenz\u00f3n- son animales muy \u00fatiles para estos estudios. En primer lugar, porque tienen la posibilidad de trasladarse, entonces, si se la encuentra en determinado h\u00e1bitat es porque ese lugar le ofrece un beneficio. En segundo lugar, por la gran diversidad que estas especies tienen en dietas y en comportamientos, que las lleva a cumplir roles distintos\u201d.<\/p>\n<p>Por ejemplo, entre las aproximadamente 450 especies de aves presentes en Santa Fe, se cuentan especies que difieren en el h\u00e1bitat (terrestres, de humedales y acu\u00e1ticas); con diversidad de dietas (omn\u00edvoras, carn\u00edvoras, herb\u00edvoras e insect\u00edvoras), con distintas estrategias de obtenci\u00f3n de alimento \u2013desde caza en el aire hasta alimentaci\u00f3n en el suelo y excavaciones- y con una gran cantidad de divergencias que moldean su relaci\u00f3n con el ambiente.<\/p>\n<blockquote><p>En el modelo convencional, donde no hay tanto espacio para la vegetaci\u00f3n espont\u00e1nea ni para la presencia de una diversidad y abundancia tan grande de invertebrados, la variedad de aves se reduce a grupos de especies con dietas y caracter\u00edsticas m\u00e1s similares entre s\u00ed<\/p><\/blockquote>\n<p>Esta variabilidad es la que permite que desarrollen tareas diferentes, como puede ser el control de plagas de artr\u00f3podos herb\u00edvoros por parte de los p\u00e1jaros insect\u00edvoros, de manera natural.<\/p>\n<p>El paisaje que aparece en un modelo agroecol\u00f3gico, donde se cuenta en mayor proporci\u00f3n con otras coberturas vegetales adem\u00e1s del arroz, es perfecto para que esa variedad de aves de caracter\u00edsticas distintas interact\u00fae con el medio y haga su aporte.<\/p>\n<p>Por el contrario, en el modelo convencional, donde no hay tanto espacio para la vegetaci\u00f3n espont\u00e1nea ni para la presencia de una diversidad y abundancia tan grande de invertebrados, la variedad de aves se reduce a grupos de especies con dietas y caracter\u00edsticas m\u00e1s similares entre s\u00ed. En este h\u00e1bitat, el control de poblaciones de insectos ya no est\u00e1 dado por las aves, sino por plaguicidas sint\u00e9ticos.<\/p>\n<p>Relevar la interacci\u00f3n modelo-fauna silvestre desde una perspectiva funcional permite ir un poco m\u00e1s all\u00e1 de los estudios sobre impacto ambiental y biodiversidad: permite sumar variables para poner de relieve la necesidad de virar hacia un modelo productivo sustentable.<\/p>\n<p>\u201cLo que nos motiv\u00f3 a utilizar un enfoque funcional es empezar a ser escuchados en el sector productivo. Es muy interesante como los propios productores dan cuenta de estos beneficios, por ejemplo, cuando ven que el problema de los insectos da indicios de comenzar a autoregularse en el agroecosistema\u201d, plante\u00f3 Lorenz\u00f3n.<\/p>\n<p>Del estudio, publicado en la revista cient\u00edfica Biolog\u00eda Tropical, tambi\u00e9n participaron los investigadores Evelina J. Le\u00f3n; Marcelo Juani; Adolfo H. Beltzer; Paola M. Peltzer; Rafael C. Lajmanovich y Andr\u00e9s M. Attademo.<\/p>\n","protected":false},"excerpt":{"rendered":"<p>\u25a0 Investigadores del CONICET evaluaron la presencia y variedad de aves en un arrozal convencional y otro agroecol\u00f3gico, y revelaron que, en estos \u00faltimos, no solo hay mayor diversidad de p\u00e1jaros sino que, adem\u00e1s, cumplen funciones claves para la producci\u00f3n.<\/p>\n","protected":false},"author":16,"featured_media":49065,"comment_status":"open","ping_status":"open","sticky":false,"template":"","format":"standard","meta":{"footnotes":""},"categories":[9527],"tags":[9698,32],"class_list":["post-49066","post","type-post","status-publish","format-standard","has-post-thumbnail","hentry","category-campo","tag-agroecologico","tag-produccion"],"yoast_head":"<!-- This site is optimized with the Yoast SEO plugin v27.5 - https:\/\/yoast.com\/product\/yoast-seo-wordpress\/ -->\n<title>Demuestran que la producci\u00f3n agroecol\u00f3gica impulsa la \u201ccolaboraci\u00f3n\u201d del entorno natural<\/title>\n<meta name=\"robots\" content=\"index, follow, max-snippet:-1, max-image-preview:large, max-video-preview:-1\" \/>\n<link rel=\"canonical\" href=\"https:\/\/noticiasmercedinas.com\/site\/2020\/07\/17\/demuestran-que-la-produccion-agroecologica-impulsa-la-colaboracion-del-entorno-natural\/\" \/>\n<meta property=\"og:locale\" content=\"es_ES\" \/>\n<meta property=\"og:type\" content=\"article\" \/>\n<meta property=\"og:title\" content=\"Demuestran que la producci\u00f3n agroecol\u00f3gica impulsa la \u201ccolaboraci\u00f3n\u201d del entorno natural\" \/>\n<meta property=\"og:description\" content=\"\u25a0 Investigadores del CONICET evaluaron la presencia y variedad de aves en un arrozal convencional y otro agroecol\u00f3gico, y revelaron que, en estos \u00faltimos, no solo hay mayor diversidad de p\u00e1jaros sino que, adem\u00e1s, cumplen funciones claves para la producci\u00f3n.\" \/>\n<meta property=\"og:url\" content=\"https:\/\/noticiasmercedinas.com\/site\/2020\/07\/17\/demuestran-que-la-produccion-agroecologica-impulsa-la-colaboracion-del-entorno-natural\/\" \/>\n<meta property=\"og:site_name\" content=\"NOTICIASMERCEDINAS.COM\" \/>\n<meta property=\"article:publisher\" content=\"https:\/\/www.facebook.com\/noticiasmercedinas\/\" \/>\n<meta property=\"article:published_time\" content=\"2020-07-17T21:51:10+00:00\" \/>\n<meta property=\"article:modified_time\" content=\"2020-07-17T21:53:48+00:00\" \/>\n<meta property=\"og:image\" content=\"https:\/\/noticiasmercedinas.com\/site\/wp-content\/uploads\/2020\/07\/wp-1595022524604.jpg\" \/>\n\t<meta property=\"og:image:width\" content=\"750\" \/>\n\t<meta property=\"og:image:height\" content=\"350\" \/>\n\t<meta property=\"og:image:type\" content=\"image\/jpeg\" \/>\n<meta name=\"author\" content=\"NOTICIASMERCEDINAS.COM\" \/>\n<meta name=\"twitter:card\" content=\"summary_large_image\" \/>\n<meta name=\"twitter:creator\" content=\"@notmercedinas\" \/>\n<meta name=\"twitter:site\" content=\"@notmercedinas\" \/>\n<meta name=\"twitter:label1\" content=\"Escrito por\" \/>\n\t<meta name=\"twitter:data1\" content=\"NOTICIASMERCEDINAS.COM\" \/>\n\t<meta name=\"twitter:label2\" content=\"Tiempo de lectura\" \/>\n\t<meta name=\"twitter:data2\" content=\"4 minutos\" \/>\n<script type=\"application\/ld+json\" class=\"yoast-schema-graph\">{\"@context\":\"https:\\\/\\\/schema.org\",\"@graph\":[{\"@type\":\"Article\",\"@id\":\"https:\\\/\\\/noticiasmercedinas.com\\\/site\\\/2020\\\/07\\\/17\\\/demuestran-que-la-produccion-agroecologica-impulsa-la-colaboracion-del-entorno-natural\\\/#article\",\"isPartOf\":{\"@id\":\"https:\\\/\\\/noticiasmercedinas.com\\\/site\\\/2020\\\/07\\\/17\\\/demuestran-que-la-produccion-agroecologica-impulsa-la-colaboracion-del-entorno-natural\\\/\"},\"author\":{\"name\":\"NOTICIASMERCEDINAS.COM\",\"@id\":\"https:\\\/\\\/noticiasmercedinas.com\\\/site\\\/#\\\/schema\\\/person\\\/84b59c099c28ff2e8b77d4ceec5d8063\"},\"headline\":\"Demuestran que la producci\u00f3n agroecol\u00f3gica impulsa la \u201ccolaboraci\u00f3n\u201d del entorno natural\",\"datePublished\":\"2020-07-17T21:51:10+00:00\",\"dateModified\":\"2020-07-17T21:53:48+00:00\",\"mainEntityOfPage\":{\"@id\":\"https:\\\/\\\/noticiasmercedinas.com\\\/site\\\/2020\\\/07\\\/17\\\/demuestran-que-la-produccion-agroecologica-impulsa-la-colaboracion-del-entorno-natural\\\/\"},\"wordCount\":810,\"commentCount\":0,\"publisher\":{\"@id\":\"https:\\\/\\\/noticiasmercedinas.com\\\/site\\\/#organization\"},\"image\":{\"@id\":\"https:\\\/\\\/noticiasmercedinas.com\\\/site\\\/2020\\\/07\\\/17\\\/demuestran-que-la-produccion-agroecologica-impulsa-la-colaboracion-del-entorno-natural\\\/#primaryimage\"},\"thumbnailUrl\":\"https:\\\/\\\/noticiasmercedinas.com\\\/site\\\/wp-content\\\/uploads\\\/2020\\\/07\\\/wp-1595022524604.jpg\",\"keywords\":[\"agroecol\u00f3gico\",\"produccion\"],\"articleSection\":[\"Campo\"],\"inLanguage\":\"es\",\"potentialAction\":[{\"@type\":\"CommentAction\",\"name\":\"Comment\",\"target\":[\"https:\\\/\\\/noticiasmercedinas.com\\\/site\\\/2020\\\/07\\\/17\\\/demuestran-que-la-produccion-agroecologica-impulsa-la-colaboracion-del-entorno-natural\\\/#respond\"]}]},{\"@type\":\"WebPage\",\"@id\":\"https:\\\/\\\/noticiasmercedinas.com\\\/site\\\/2020\\\/07\\\/17\\\/demuestran-que-la-produccion-agroecologica-impulsa-la-colaboracion-del-entorno-natural\\\/\",\"url\":\"https:\\\/\\\/noticiasmercedinas.com\\\/site\\\/2020\\\/07\\\/17\\\/demuestran-que-la-produccion-agroecologica-impulsa-la-colaboracion-del-entorno-natural\\\/\",\"name\":\"Demuestran que la producci\u00f3n agroecol\u00f3gica impulsa la \u201ccolaboraci\u00f3n\u201d del entorno natural\",\"isPartOf\":{\"@id\":\"https:\\\/\\\/noticiasmercedinas.com\\\/site\\\/#website\"},\"primaryImageOfPage\":{\"@id\":\"https:\\\/\\\/noticiasmercedinas.com\\\/site\\\/2020\\\/07\\\/17\\\/demuestran-que-la-produccion-agroecologica-impulsa-la-colaboracion-del-entorno-natural\\\/#primaryimage\"},\"image\":{\"@id\":\"https:\\\/\\\/noticiasmercedinas.com\\\/site\\\/2020\\\/07\\\/17\\\/demuestran-que-la-produccion-agroecologica-impulsa-la-colaboracion-del-entorno-natural\\\/#primaryimage\"},\"thumbnailUrl\":\"https:\\\/\\\/noticiasmercedinas.com\\\/site\\\/wp-content\\\/uploads\\\/2020\\\/07\\\/wp-1595022524604.jpg\",\"datePublished\":\"2020-07-17T21:51:10+00:00\",\"dateModified\":\"2020-07-17T21:53:48+00:00\",\"breadcrumb\":{\"@id\":\"https:\\\/\\\/noticiasmercedinas.com\\\/site\\\/2020\\\/07\\\/17\\\/demuestran-que-la-produccion-agroecologica-impulsa-la-colaboracion-del-entorno-natural\\\/#breadcrumb\"},\"inLanguage\":\"es\",\"potentialAction\":[{\"@type\":\"ReadAction\",\"target\":[\"https:\\\/\\\/noticiasmercedinas.com\\\/site\\\/2020\\\/07\\\/17\\\/demuestran-que-la-produccion-agroecologica-impulsa-la-colaboracion-del-entorno-natural\\\/\"]}]},{\"@type\":\"ImageObject\",\"inLanguage\":\"es\",\"@id\":\"https:\\\/\\\/noticiasmercedinas.com\\\/site\\\/2020\\\/07\\\/17\\\/demuestran-que-la-produccion-agroecologica-impulsa-la-colaboracion-del-entorno-natural\\\/#primaryimage\",\"url\":\"https:\\\/\\\/noticiasmercedinas.com\\\/site\\\/wp-content\\\/uploads\\\/2020\\\/07\\\/wp-1595022524604.jpg\",\"contentUrl\":\"https:\\\/\\\/noticiasmercedinas.com\\\/site\\\/wp-content\\\/uploads\\\/2020\\\/07\\\/wp-1595022524604.jpg\",\"width\":750,\"height\":350},{\"@type\":\"BreadcrumbList\",\"@id\":\"https:\\\/\\\/noticiasmercedinas.com\\\/site\\\/2020\\\/07\\\/17\\\/demuestran-que-la-produccion-agroecologica-impulsa-la-colaboracion-del-entorno-natural\\\/#breadcrumb\",\"itemListElement\":[{\"@type\":\"ListItem\",\"position\":1,\"name\":\"Portada\",\"item\":\"https:\\\/\\\/noticiasmercedinas.com\\\/site\\\/\"},{\"@type\":\"ListItem\",\"position\":2,\"name\":\"Demuestran que la producci\u00f3n agroecol\u00f3gica impulsa la \u201ccolaboraci\u00f3n\u201d del entorno natural\"}]},{\"@type\":\"WebSite\",\"@id\":\"https:\\\/\\\/noticiasmercedinas.com\\\/site\\\/#website\",\"url\":\"https:\\\/\\\/noticiasmercedinas.com\\\/site\\\/\",\"name\":\"NOTICIASMERCEDINAS.COM\",\"description\":\"Mercedes, Buenos Aires, Argentina\",\"publisher\":{\"@id\":\"https:\\\/\\\/noticiasmercedinas.com\\\/site\\\/#organization\"},\"potentialAction\":[{\"@type\":\"SearchAction\",\"target\":{\"@type\":\"EntryPoint\",\"urlTemplate\":\"https:\\\/\\\/noticiasmercedinas.com\\\/site\\\/?s={search_term_string}\"},\"query-input\":{\"@type\":\"PropertyValueSpecification\",\"valueRequired\":true,\"valueName\":\"search_term_string\"}}],\"inLanguage\":\"es\"},{\"@type\":\"Organization\",\"@id\":\"https:\\\/\\\/noticiasmercedinas.com\\\/site\\\/#organization\",\"name\":\"NOTICIASMERCEDINAS.COM\",\"url\":\"https:\\\/\\\/noticiasmercedinas.com\\\/site\\\/\",\"logo\":{\"@type\":\"ImageObject\",\"inLanguage\":\"es\",\"@id\":\"https:\\\/\\\/noticiasmercedinas.com\\\/site\\\/#\\\/schema\\\/logo\\\/image\\\/\",\"url\":\"https:\\\/\\\/noticiasmercedinas.com\\\/site\\\/wp-content\\\/uploads\\\/2020\\\/06\\\/LOGO-512.jpg\",\"contentUrl\":\"https:\\\/\\\/noticiasmercedinas.com\\\/site\\\/wp-content\\\/uploads\\\/2020\\\/06\\\/LOGO-512.jpg\",\"width\":512,\"height\":512,\"caption\":\"NOTICIASMERCEDINAS.COM\"},\"image\":{\"@id\":\"https:\\\/\\\/noticiasmercedinas.com\\\/site\\\/#\\\/schema\\\/logo\\\/image\\\/\"},\"sameAs\":[\"https:\\\/\\\/www.facebook.com\\\/noticiasmercedinas\\\/\",\"https:\\\/\\\/x.com\\\/notmercedinas\",\"https:\\\/\\\/www.instagram.com\\\/noticiasmercedinas\\\/\"]},{\"@type\":\"Person\",\"@id\":\"https:\\\/\\\/noticiasmercedinas.com\\\/site\\\/#\\\/schema\\\/person\\\/84b59c099c28ff2e8b77d4ceec5d8063\",\"name\":\"NOTICIASMERCEDINAS.COM\",\"image\":{\"@type\":\"ImageObject\",\"inLanguage\":\"es\",\"@id\":\"https:\\\/\\\/secure.gravatar.com\\\/avatar\\\/4dfbf16b4d17945bfb6341b2d19043457132fcf478a5ee04f42e959fd8f5df0a?s=96&d=mm&r=g\",\"url\":\"https:\\\/\\\/secure.gravatar.com\\\/avatar\\\/4dfbf16b4d17945bfb6341b2d19043457132fcf478a5ee04f42e959fd8f5df0a?s=96&d=mm&r=g\",\"contentUrl\":\"https:\\\/\\\/secure.gravatar.com\\\/avatar\\\/4dfbf16b4d17945bfb6341b2d19043457132fcf478a5ee04f42e959fd8f5df0a?s=96&d=mm&r=g\",\"caption\":\"NOTICIASMERCEDINAS.COM\"},\"url\":\"https:\\\/\\\/noticiasmercedinas.com\\\/site\\\/author\\\/anonimo\\\/\"}]}<\/script>\n<!-- \/ Yoast SEO plugin. -->","yoast_head_json":{"title":"Demuestran que la producci\u00f3n agroecol\u00f3gica impulsa la \u201ccolaboraci\u00f3n\u201d del entorno natural","robots":{"index":"index","follow":"follow","max-snippet":"max-snippet:-1","max-image-preview":"max-image-preview:large","max-video-preview":"max-video-preview:-1"},"canonical":"https:\/\/noticiasmercedinas.com\/site\/2020\/07\/17\/demuestran-que-la-produccion-agroecologica-impulsa-la-colaboracion-del-entorno-natural\/","og_locale":"es_ES","og_type":"article","og_title":"Demuestran que la producci\u00f3n agroecol\u00f3gica impulsa la \u201ccolaboraci\u00f3n\u201d del entorno natural","og_description":"\u25a0 Investigadores del CONICET evaluaron la presencia y variedad de aves en un arrozal convencional y otro agroecol\u00f3gico, y revelaron que, en estos \u00faltimos, no solo hay mayor diversidad de p\u00e1jaros sino que, adem\u00e1s, cumplen funciones claves para la producci\u00f3n.","og_url":"https:\/\/noticiasmercedinas.com\/site\/2020\/07\/17\/demuestran-que-la-produccion-agroecologica-impulsa-la-colaboracion-del-entorno-natural\/","og_site_name":"NOTICIASMERCEDINAS.COM","article_publisher":"https:\/\/www.facebook.com\/noticiasmercedinas\/","article_published_time":"2020-07-17T21:51:10+00:00","article_modified_time":"2020-07-17T21:53:48+00:00","og_image":[{"width":750,"height":350,"url":"https:\/\/noticiasmercedinas.com\/site\/wp-content\/uploads\/2020\/07\/wp-1595022524604.jpg","type":"image\/jpeg"}],"author":"NOTICIASMERCEDINAS.COM","twitter_card":"summary_large_image","twitter_creator":"@notmercedinas","twitter_site":"@notmercedinas","twitter_misc":{"Escrito por":"NOTICIASMERCEDINAS.COM","Tiempo de lectura":"4 minutos"},"schema":{"@context":"https:\/\/schema.org","@graph":[{"@type":"Article","@id":"https:\/\/noticiasmercedinas.com\/site\/2020\/07\/17\/demuestran-que-la-produccion-agroecologica-impulsa-la-colaboracion-del-entorno-natural\/#article","isPartOf":{"@id":"https:\/\/noticiasmercedinas.com\/site\/2020\/07\/17\/demuestran-que-la-produccion-agroecologica-impulsa-la-colaboracion-del-entorno-natural\/"},"author":{"name":"NOTICIASMERCEDINAS.COM","@id":"https:\/\/noticiasmercedinas.com\/site\/#\/schema\/person\/84b59c099c28ff2e8b77d4ceec5d8063"},"headline":"Demuestran que la producci\u00f3n agroecol\u00f3gica impulsa la \u201ccolaboraci\u00f3n\u201d del entorno natural","datePublished":"2020-07-17T21:51:10+00:00","dateModified":"2020-07-17T21:53:48+00:00","mainEntityOfPage":{"@id":"https:\/\/noticiasmercedinas.com\/site\/2020\/07\/17\/demuestran-que-la-produccion-agroecologica-impulsa-la-colaboracion-del-entorno-natural\/"},"wordCount":810,"commentCount":0,"publisher":{"@id":"https:\/\/noticiasmercedinas.com\/site\/#organization"},"image":{"@id":"https:\/\/noticiasmercedinas.com\/site\/2020\/07\/17\/demuestran-que-la-produccion-agroecologica-impulsa-la-colaboracion-del-entorno-natural\/#primaryimage"},"thumbnailUrl":"https:\/\/noticiasmercedinas.com\/site\/wp-content\/uploads\/2020\/07\/wp-1595022524604.jpg","keywords":["agroecol\u00f3gico","produccion"],"articleSection":["Campo"],"inLanguage":"es","potentialAction":[{"@type":"CommentAction","name":"Comment","target":["https:\/\/noticiasmercedinas.com\/site\/2020\/07\/17\/demuestran-que-la-produccion-agroecologica-impulsa-la-colaboracion-del-entorno-natural\/#respond"]}]},{"@type":"WebPage","@id":"https:\/\/noticiasmercedinas.com\/site\/2020\/07\/17\/demuestran-que-la-produccion-agroecologica-impulsa-la-colaboracion-del-entorno-natural\/","url":"https:\/\/noticiasmercedinas.com\/site\/2020\/07\/17\/demuestran-que-la-produccion-agroecologica-impulsa-la-colaboracion-del-entorno-natural\/","name":"Demuestran que la producci\u00f3n agroecol\u00f3gica impulsa la \u201ccolaboraci\u00f3n\u201d del entorno natural","isPartOf":{"@id":"https:\/\/noticiasmercedinas.com\/site\/#website"},"primaryImageOfPage":{"@id":"https:\/\/noticiasmercedinas.com\/site\/2020\/07\/17\/demuestran-que-la-produccion-agroecologica-impulsa-la-colaboracion-del-entorno-natural\/#primaryimage"},"image":{"@id":"https:\/\/noticiasmercedinas.com\/site\/2020\/07\/17\/demuestran-que-la-produccion-agroecologica-impulsa-la-colaboracion-del-entorno-natural\/#primaryimage"},"thumbnailUrl":"https:\/\/noticiasmercedinas.com\/site\/wp-content\/uploads\/2020\/07\/wp-1595022524604.jpg","datePublished":"2020-07-17T21:51:10+00:00","dateModified":"2020-07-17T21:53:48+00:00","breadcrumb":{"@id":"https:\/\/noticiasmercedinas.com\/site\/2020\/07\/17\/demuestran-que-la-produccion-agroecologica-impulsa-la-colaboracion-del-entorno-natural\/#breadcrumb"},"inLanguage":"es","potentialAction":[{"@type":"ReadAction","target":["https:\/\/noticiasmercedinas.com\/site\/2020\/07\/17\/demuestran-que-la-produccion-agroecologica-impulsa-la-colaboracion-del-entorno-natural\/"]}]},{"@type":"ImageObject","inLanguage":"es","@id":"https:\/\/noticiasmercedinas.com\/site\/2020\/07\/17\/demuestran-que-la-produccion-agroecologica-impulsa-la-colaboracion-del-entorno-natural\/#primaryimage","url":"https:\/\/noticiasmercedinas.com\/site\/wp-content\/uploads\/2020\/07\/wp-1595022524604.jpg","contentUrl":"https:\/\/noticiasmercedinas.com\/site\/wp-content\/uploads\/2020\/07\/wp-1595022524604.jpg","width":750,"height":350},{"@type":"BreadcrumbList","@id":"https:\/\/noticiasmercedinas.com\/site\/2020\/07\/17\/demuestran-que-la-produccion-agroecologica-impulsa-la-colaboracion-del-entorno-natural\/#breadcrumb","itemListElement":[{"@type":"ListItem","position":1,"name":"Portada","item":"https:\/\/noticiasmercedinas.com\/site\/"},{"@type":"ListItem","position":2,"name":"Demuestran que la producci\u00f3n agroecol\u00f3gica impulsa la \u201ccolaboraci\u00f3n\u201d del entorno natural"}]},{"@type":"WebSite","@id":"https:\/\/noticiasmercedinas.com\/site\/#website","url":"https:\/\/noticiasmercedinas.com\/site\/","name":"NOTICIASMERCEDINAS.COM","description":"Mercedes, Buenos Aires, Argentina","publisher":{"@id":"https:\/\/noticiasmercedinas.com\/site\/#organization"},"potentialAction":[{"@type":"SearchAction","target":{"@type":"EntryPoint","urlTemplate":"https:\/\/noticiasmercedinas.com\/site\/?s={search_term_string}"},"query-input":{"@type":"PropertyValueSpecification","valueRequired":true,"valueName":"search_term_string"}}],"inLanguage":"es"},{"@type":"Organization","@id":"https:\/\/noticiasmercedinas.com\/site\/#organization","name":"NOTICIASMERCEDINAS.COM","url":"https:\/\/noticiasmercedinas.com\/site\/","logo":{"@type":"ImageObject","inLanguage":"es","@id":"https:\/\/noticiasmercedinas.com\/site\/#\/schema\/logo\/image\/","url":"https:\/\/noticiasmercedinas.com\/site\/wp-content\/uploads\/2020\/06\/LOGO-512.jpg","contentUrl":"https:\/\/noticiasmercedinas.com\/site\/wp-content\/uploads\/2020\/06\/LOGO-512.jpg","width":512,"height":512,"caption":"NOTICIASMERCEDINAS.COM"},"image":{"@id":"https:\/\/noticiasmercedinas.com\/site\/#\/schema\/logo\/image\/"},"sameAs":["https:\/\/www.facebook.com\/noticiasmercedinas\/","https:\/\/x.com\/notmercedinas","https:\/\/www.instagram.com\/noticiasmercedinas\/"]},{"@type":"Person","@id":"https:\/\/noticiasmercedinas.com\/site\/#\/schema\/person\/84b59c099c28ff2e8b77d4ceec5d8063","name":"NOTICIASMERCEDINAS.COM","image":{"@type":"ImageObject","inLanguage":"es","@id":"https:\/\/secure.gravatar.com\/avatar\/4dfbf16b4d17945bfb6341b2d19043457132fcf478a5ee04f42e959fd8f5df0a?s=96&d=mm&r=g","url":"https:\/\/secure.gravatar.com\/avatar\/4dfbf16b4d17945bfb6341b2d19043457132fcf478a5ee04f42e959fd8f5df0a?s=96&d=mm&r=g","contentUrl":"https:\/\/secure.gravatar.com\/avatar\/4dfbf16b4d17945bfb6341b2d19043457132fcf478a5ee04f42e959fd8f5df0a?s=96&d=mm&r=g","caption":"NOTICIASMERCEDINAS.COM"},"url":"https:\/\/noticiasmercedinas.com\/site\/author\/anonimo\/"}]}},"amp_enabled":true,"_links":{"self":[{"href":"https:\/\/noticiasmercedinas.com\/site\/wp-json\/wp\/v2\/posts\/49066","targetHints":{"allow":["GET"]}}],"collection":[{"href":"https:\/\/noticiasmercedinas.com\/site\/wp-json\/wp\/v2\/posts"}],"about":[{"href":"https:\/\/noticiasmercedinas.com\/site\/wp-json\/wp\/v2\/types\/post"}],"author":[{"embeddable":true,"href":"https:\/\/noticiasmercedinas.com\/site\/wp-json\/wp\/v2\/users\/16"}],"replies":[{"embeddable":true,"href":"https:\/\/noticiasmercedinas.com\/site\/wp-json\/wp\/v2\/comments?post=49066"}],"version-history":[{"count":1,"href":"https:\/\/noticiasmercedinas.com\/site\/wp-json\/wp\/v2\/posts\/49066\/revisions"}],"predecessor-version":[{"id":49067,"href":"https:\/\/noticiasmercedinas.com\/site\/wp-json\/wp\/v2\/posts\/49066\/revisions\/49067"}],"wp:featuredmedia":[{"embeddable":true,"href":"https:\/\/noticiasmercedinas.com\/site\/wp-json\/wp\/v2\/media\/49065"}],"wp:attachment":[{"href":"https:\/\/noticiasmercedinas.com\/site\/wp-json\/wp\/v2\/media?parent=49066"}],"wp:term":[{"taxonomy":"category","embeddable":true,"href":"https:\/\/noticiasmercedinas.com\/site\/wp-json\/wp\/v2\/categories?post=49066"},{"taxonomy":"post_tag","embeddable":true,"href":"https:\/\/noticiasmercedinas.com\/site\/wp-json\/wp\/v2\/tags?post=49066"}],"curies":[{"name":"wp","href":"https:\/\/api.w.org\/{rel}","templated":true}]}}