{"id":49076,"date":"2020-07-17T20:28:15","date_gmt":"2020-07-17T23:28:15","guid":{"rendered":"https:\/\/noticiasmercedinas.com\/site\/?p=49076"},"modified":"2020-07-17T20:39:59","modified_gmt":"2020-07-17T23:39:59","slug":"el-trabajo-de-los-cuidadores-domiciliarios-en-pandemia","status":"publish","type":"post","link":"https:\/\/noticiasmercedinas.com\/site\/2020\/07\/17\/el-trabajo-de-los-cuidadores-domiciliarios-en-pandemia\/","title":{"rendered":"El trabajo de los cuidadores domiciliarios en pandemia"},"content":{"rendered":"<figure id=\"attachment_49084\" aria-describedby=\"caption-attachment-49084\" style=\"width: 1152px\" class=\"wp-caption alignnone\"><img loading=\"lazy\" decoding=\"async\" class=\"wp-image-49084 size-full\" src=\"https:\/\/noticiasmercedinas.com\/site\/wp-content\/uploads\/2020\/07\/wp-15950283755281180826516.jpg\" alt=\"\" width=\"1152\" height=\"622\" srcset=\"https:\/\/noticiasmercedinas.com\/site\/wp-content\/uploads\/2020\/07\/wp-15950283755281180826516.jpg 1152w, https:\/\/noticiasmercedinas.com\/site\/wp-content\/uploads\/2020\/07\/wp-15950283755281180826516-300x162.jpg 300w, https:\/\/noticiasmercedinas.com\/site\/wp-content\/uploads\/2020\/07\/wp-15950283755281180826516-1024x553.jpg 1024w, https:\/\/noticiasmercedinas.com\/site\/wp-content\/uploads\/2020\/07\/wp-15950283755281180826516-768x415.jpg 768w, https:\/\/noticiasmercedinas.com\/site\/wp-content\/uploads\/2020\/07\/wp-15950283755281180826516-640x346.jpg 640w, https:\/\/noticiasmercedinas.com\/site\/wp-content\/uploads\/2020\/07\/wp-15950283755281180826516-681x368.jpg 681w\" sizes=\"auto, (max-width: 1152px) 100vw, 1152px\" \/><figcaption id=\"caption-attachment-49084\" class=\"wp-caption-text\">Uno de los cursos de capacitaci\u00f3n, en 2015<\/figcaption><\/figure>\n<p>En Mercedes hay m\u00e1s de sesenta cuidadores domiciliarios capacitados por el Ministerio de Desarrollo Social que se dedican a la atenci\u00f3n y asistencia de adultos mayores en sus actividades diarias. Su labor permite que las personas mayores vivan con m\u00e1s autonom\u00eda y puedan permanecer en sus hogares.<\/p>\n<p>Ante el COVID19 deben extremar las medidas sanitarias de prevenci\u00f3n para evitar poner en riesgo a la poblaci\u00f3n m\u00e1s vulnerable.<\/p>\n<p>Miguel Bartolomeo es cuidador domiciliario desde hace m\u00e1s de cinco a\u00f1os y cuenta que debe estar muy atento a cumplir con los protocolos sanitarios \u201ccambiarse la ropa y el calzado cuando se ingresa al domicilio, no compartir el mate o utensilios, respetar la distancia, utilizar barbijo y alcohol en forma permanente. Es importante recordarles a los adultos mayores -siempre de manera respetuosa-, las medidas de higiene acompa\u00f1\u00e1ndolos en todo lo que necesiten\u201d.<\/p>\n<p><img loading=\"lazy\" decoding=\"async\" class=\"alignnone wp-image-49080\" src=\"https:\/\/noticiasmercedinas.com\/site\/wp-content\/uploads\/2020\/07\/wp-1595027371994-1143808074.jpg\" alt=\"\" width=\"640\" height=\"836\" srcset=\"https:\/\/noticiasmercedinas.com\/site\/wp-content\/uploads\/2020\/07\/wp-1595027371994-1143808074.jpg 505w, https:\/\/noticiasmercedinas.com\/site\/wp-content\/uploads\/2020\/07\/wp-1595027371994-1143808074-230x300.jpg 230w\" sizes=\"auto, (max-width: 640px) 100vw, 640px\" \/><\/p>\n<p>Las personas de m\u00e1s de 60 a\u00f1os pertenecen a la poblaci\u00f3n de riesgo y en muchos casos presentan afecciones m\u00e9dicas subyacentes como hipertensi\u00f3n arterial, problemas card\u00edacos o diabetes, por lo tanto tienen m\u00e1s probabilidades de desarrollar una enfermedad grave.<\/p>\n<p>\u201cVentilar los ambientes y desinfectar las superficies que se usan con frecuencia adem\u00e1s de los objetos como llaves, bolsos y celular. Al toser o estornudar hacerlo sobre el pliegue del codo o utilizar pa\u00f1uelos descartables. Lavarse bien las manos hasta las mu\u00f1ecas, la cara con agua y<br \/>\njab\u00f3n y usar guantes en el caso que haya que vestir o levantar a la persona\u201d, agrega.<\/p>\n<p>Su prioridad es fortalecer la relaci\u00f3n con la persona que cuida \u201ces imposible no crear un v\u00ednculo con cada uno. Eso me ayuda a entenderlos, a conocer sus gustos y su historia. Cada vez que me cuentan sobre sus experiencias de vida vuelven a ser j\u00f3venes. Es muy importante escucharlos. Para m\u00ed no es un trabajo es una vocaci\u00f3n\u201d, se\u00f1ala.<\/p>\n<p><img loading=\"lazy\" decoding=\"async\" class=\"alignnone wp-image-49077\" src=\"https:\/\/noticiasmercedinas.com\/site\/wp-content\/uploads\/2020\/07\/wp-1595027231992-1319229273.jpg\" alt=\"\" width=\"640\" height=\"785\" srcset=\"https:\/\/noticiasmercedinas.com\/site\/wp-content\/uploads\/2020\/07\/wp-1595027231992-1319229273.jpg 472w, https:\/\/noticiasmercedinas.com\/site\/wp-content\/uploads\/2020\/07\/wp-1595027231992-1319229273-245x300.jpg 245w\" sizes=\"auto, (max-width: 640px) 100vw, 640px\" \/><\/p>\n<p>En el 2015 el Ministerio de Desarrollo Social capacit\u00f3 como cuidadores domiciliarios a sesenta y dos personas de la ciudad y alrededores. \u201cDescubr\u00ed una afici\u00f3n que no sab\u00eda que ten\u00eda. Me cambi\u00f3 la vida. Me permiti\u00f3 aprender sobre las distintas enfermedades de la vejez y la importancia de reconocerlos como personas. Hoy tengo m\u00e1s herramientas para atenderlos pero<br \/>\nsin duda brindarles cari\u00f1o es el mejor remedio\u201d, relata Miguel.<\/p>\n<p>Esta labor posibilita acompa\u00f1ar a los adultos mayores en sus actividades cotidianas, ayudarlos con su alimentaci\u00f3n y en la prevenci\u00f3n de accidentes. Bajo supervisi\u00f3n e indicaci\u00f3n profesional pueden administrar medicaci\u00f3n al tiempo que ofrecen compa\u00f1\u00eda. Como est\u00e1 considerado entre los trabajos esenciales se enmarca en las excepciones al aislamiento social, preventivo y obligatorio, contempladas en el art\u00edculo 6, inciso 5 del Decreto N\u00b0 297\/2020 por lo cual deber\u00e1 tener en su poder una declaraci\u00f3n jurada a fin de ser presentada ante la autoridad competente.<\/p>\n<p><img loading=\"lazy\" decoding=\"async\" class=\"alignnone wp-image-49079\" src=\"https:\/\/noticiasmercedinas.com\/site\/wp-content\/uploads\/2020\/07\/wp-1595027339828631076271.jpg\" alt=\"\" width=\"640\" height=\"673\" data-temp-aztec-id=\"907e4eac-0529-4b6b-a78f-3c977579e935\" \/><\/p>\n","protected":false},"excerpt":{"rendered":"<p>\u25a0 M\u00e1s de 60 de ellos se dedican a la atenci\u00f3n y asistencia de adultos mayores en sus actividades diarias<\/p>\n","protected":false},"author":2,"featured_media":49084,"comment_status":"open","ping_status":"open","sticky":false,"template":"","format":"standard","meta":{"footnotes":""},"categories":[10],"tags":[8392,8658,9700,44,8663],"class_list":["post-49076","post","type-post","status-publish","format-standard","has-post-thumbnail","hentry","category-especiales","tag-coronavirus","tag-covid","tag-cuidadores-domiciliarios","tag-desarrollo-social","tag-pandemia"],"yoast_head":"<!-- This site is optimized with the Yoast SEO plugin v27.5 - https:\/\/yoast.com\/product\/yoast-seo-wordpress\/ -->\n<title>El trabajo de los cuidadores domiciliarios en pandemia<\/title>\n<meta name=\"robots\" content=\"index, follow, max-snippet:-1, max-image-preview:large, max-video-preview:-1\" \/>\n<link rel=\"canonical\" href=\"https:\/\/noticiasmercedinas.com\/site\/2020\/07\/17\/el-trabajo-de-los-cuidadores-domiciliarios-en-pandemia\/\" \/>\n<meta property=\"og:locale\" content=\"es_ES\" \/>\n<meta property=\"og:type\" content=\"article\" \/>\n<meta property=\"og:title\" content=\"El trabajo de los cuidadores domiciliarios en pandemia\" \/>\n<meta property=\"og:description\" content=\"\u25a0 M\u00e1s de 60 de ellos se dedican a la atenci\u00f3n y asistencia de adultos mayores en sus actividades diarias\" \/>\n<meta property=\"og:url\" content=\"https:\/\/noticiasmercedinas.com\/site\/2020\/07\/17\/el-trabajo-de-los-cuidadores-domiciliarios-en-pandemia\/\" \/>\n<meta property=\"og:site_name\" content=\"NOTICIASMERCEDINAS.COM\" \/>\n<meta property=\"article:publisher\" content=\"https:\/\/www.facebook.com\/noticiasmercedinas\/\" \/>\n<meta property=\"article:author\" content=\"https:\/\/www.facebook.com\/cristian.falabella\" \/>\n<meta property=\"article:published_time\" content=\"2020-07-17T23:28:15+00:00\" \/>\n<meta property=\"article:modified_time\" content=\"2020-07-17T23:39:59+00:00\" \/>\n<meta property=\"og:image\" content=\"https:\/\/noticiasmercedinas.com\/site\/wp-content\/uploads\/2020\/07\/wp-15950283755281180826516.jpg\" \/>\n\t<meta property=\"og:image:width\" content=\"1152\" \/>\n\t<meta property=\"og:image:height\" content=\"622\" \/>\n\t<meta property=\"og:image:type\" content=\"image\/jpeg\" \/>\n<meta name=\"author\" content=\"Cristian Falabella NOTICIASMERCEDINAS.COM\" \/>\n<meta name=\"twitter:card\" content=\"summary_large_image\" \/>\n<meta name=\"twitter:creator\" content=\"@https:\/\/twitter.com\/NOTMERCEDINAS\" \/>\n<meta name=\"twitter:site\" content=\"@notmercedinas\" \/>\n<meta name=\"twitter:label1\" content=\"Escrito por\" \/>\n\t<meta name=\"twitter:data1\" content=\"Cristian Falabella NOTICIASMERCEDINAS.COM\" \/>\n\t<meta name=\"twitter:label2\" content=\"Tiempo de lectura\" \/>\n\t<meta name=\"twitter:data2\" content=\"3 minutos\" \/>\n<script type=\"application\/ld+json\" class=\"yoast-schema-graph\">{\"@context\":\"https:\\\/\\\/schema.org\",\"@graph\":[{\"@type\":\"Article\",\"@id\":\"https:\\\/\\\/noticiasmercedinas.com\\\/site\\\/2020\\\/07\\\/17\\\/el-trabajo-de-los-cuidadores-domiciliarios-en-pandemia\\\/#article\",\"isPartOf\":{\"@id\":\"https:\\\/\\\/noticiasmercedinas.com\\\/site\\\/2020\\\/07\\\/17\\\/el-trabajo-de-los-cuidadores-domiciliarios-en-pandemia\\\/\"},\"author\":{\"name\":\"Cristian Falabella NOTICIASMERCEDINAS.COM\",\"@id\":\"https:\\\/\\\/noticiasmercedinas.com\\\/site\\\/#\\\/schema\\\/person\\\/d481a9696a5feaec13a60e2bbd991a6a\"},\"headline\":\"El trabajo de los cuidadores domiciliarios en pandemia\",\"datePublished\":\"2020-07-17T23:28:15+00:00\",\"dateModified\":\"2020-07-17T23:39:59+00:00\",\"mainEntityOfPage\":{\"@id\":\"https:\\\/\\\/noticiasmercedinas.com\\\/site\\\/2020\\\/07\\\/17\\\/el-trabajo-de-los-cuidadores-domiciliarios-en-pandemia\\\/\"},\"wordCount\":512,\"commentCount\":0,\"publisher\":{\"@id\":\"https:\\\/\\\/noticiasmercedinas.com\\\/site\\\/#organization\"},\"image\":{\"@id\":\"https:\\\/\\\/noticiasmercedinas.com\\\/site\\\/2020\\\/07\\\/17\\\/el-trabajo-de-los-cuidadores-domiciliarios-en-pandemia\\\/#primaryimage\"},\"thumbnailUrl\":\"https:\\\/\\\/noticiasmercedinas.com\\\/site\\\/wp-content\\\/uploads\\\/2020\\\/07\\\/wp-15950283755281180826516.jpg\",\"keywords\":[\"coronavirus\",\"covid\",\"cuidadores domiciliarios\",\"desarrollo social\",\"pandemia\"],\"articleSection\":[\"Covid-19\"],\"inLanguage\":\"es\",\"potentialAction\":[{\"@type\":\"CommentAction\",\"name\":\"Comment\",\"target\":[\"https:\\\/\\\/noticiasmercedinas.com\\\/site\\\/2020\\\/07\\\/17\\\/el-trabajo-de-los-cuidadores-domiciliarios-en-pandemia\\\/#respond\"]}]},{\"@type\":\"WebPage\",\"@id\":\"https:\\\/\\\/noticiasmercedinas.com\\\/site\\\/2020\\\/07\\\/17\\\/el-trabajo-de-los-cuidadores-domiciliarios-en-pandemia\\\/\",\"url\":\"https:\\\/\\\/noticiasmercedinas.com\\\/site\\\/2020\\\/07\\\/17\\\/el-trabajo-de-los-cuidadores-domiciliarios-en-pandemia\\\/\",\"name\":\"El trabajo de los cuidadores domiciliarios en pandemia\",\"isPartOf\":{\"@id\":\"https:\\\/\\\/noticiasmercedinas.com\\\/site\\\/#website\"},\"primaryImageOfPage\":{\"@id\":\"https:\\\/\\\/noticiasmercedinas.com\\\/site\\\/2020\\\/07\\\/17\\\/el-trabajo-de-los-cuidadores-domiciliarios-en-pandemia\\\/#primaryimage\"},\"image\":{\"@id\":\"https:\\\/\\\/noticiasmercedinas.com\\\/site\\\/2020\\\/07\\\/17\\\/el-trabajo-de-los-cuidadores-domiciliarios-en-pandemia\\\/#primaryimage\"},\"thumbnailUrl\":\"https:\\\/\\\/noticiasmercedinas.com\\\/site\\\/wp-content\\\/uploads\\\/2020\\\/07\\\/wp-15950283755281180826516.jpg\",\"datePublished\":\"2020-07-17T23:28:15+00:00\",\"dateModified\":\"2020-07-17T23:39:59+00:00\",\"breadcrumb\":{\"@id\":\"https:\\\/\\\/noticiasmercedinas.com\\\/site\\\/2020\\\/07\\\/17\\\/el-trabajo-de-los-cuidadores-domiciliarios-en-pandemia\\\/#breadcrumb\"},\"inLanguage\":\"es\",\"potentialAction\":[{\"@type\":\"ReadAction\",\"target\":[\"https:\\\/\\\/noticiasmercedinas.com\\\/site\\\/2020\\\/07\\\/17\\\/el-trabajo-de-los-cuidadores-domiciliarios-en-pandemia\\\/\"]}]},{\"@type\":\"ImageObject\",\"inLanguage\":\"es\",\"@id\":\"https:\\\/\\\/noticiasmercedinas.com\\\/site\\\/2020\\\/07\\\/17\\\/el-trabajo-de-los-cuidadores-domiciliarios-en-pandemia\\\/#primaryimage\",\"url\":\"https:\\\/\\\/noticiasmercedinas.com\\\/site\\\/wp-content\\\/uploads\\\/2020\\\/07\\\/wp-15950283755281180826516.jpg\",\"contentUrl\":\"https:\\\/\\\/noticiasmercedinas.com\\\/site\\\/wp-content\\\/uploads\\\/2020\\\/07\\\/wp-15950283755281180826516.jpg\",\"width\":1152,\"height\":622},{\"@type\":\"BreadcrumbList\",\"@id\":\"https:\\\/\\\/noticiasmercedinas.com\\\/site\\\/2020\\\/07\\\/17\\\/el-trabajo-de-los-cuidadores-domiciliarios-en-pandemia\\\/#breadcrumb\",\"itemListElement\":[{\"@type\":\"ListItem\",\"position\":1,\"name\":\"Portada\",\"item\":\"https:\\\/\\\/noticiasmercedinas.com\\\/site\\\/\"},{\"@type\":\"ListItem\",\"position\":2,\"name\":\"El trabajo de los cuidadores domiciliarios en pandemia\"}]},{\"@type\":\"WebSite\",\"@id\":\"https:\\\/\\\/noticiasmercedinas.com\\\/site\\\/#website\",\"url\":\"https:\\\/\\\/noticiasmercedinas.com\\\/site\\\/\",\"name\":\"NOTICIASMERCEDINAS.COM\",\"description\":\"Mercedes, Buenos Aires, Argentina\",\"publisher\":{\"@id\":\"https:\\\/\\\/noticiasmercedinas.com\\\/site\\\/#organization\"},\"potentialAction\":[{\"@type\":\"SearchAction\",\"target\":{\"@type\":\"EntryPoint\",\"urlTemplate\":\"https:\\\/\\\/noticiasmercedinas.com\\\/site\\\/?s={search_term_string}\"},\"query-input\":{\"@type\":\"PropertyValueSpecification\",\"valueRequired\":true,\"valueName\":\"search_term_string\"}}],\"inLanguage\":\"es\"},{\"@type\":\"Organization\",\"@id\":\"https:\\\/\\\/noticiasmercedinas.com\\\/site\\\/#organization\",\"name\":\"NOTICIASMERCEDINAS.COM\",\"url\":\"https:\\\/\\\/noticiasmercedinas.com\\\/site\\\/\",\"logo\":{\"@type\":\"ImageObject\",\"inLanguage\":\"es\",\"@id\":\"https:\\\/\\\/noticiasmercedinas.com\\\/site\\\/#\\\/schema\\\/logo\\\/image\\\/\",\"url\":\"https:\\\/\\\/noticiasmercedinas.com\\\/site\\\/wp-content\\\/uploads\\\/2020\\\/06\\\/LOGO-512.jpg\",\"contentUrl\":\"https:\\\/\\\/noticiasmercedinas.com\\\/site\\\/wp-content\\\/uploads\\\/2020\\\/06\\\/LOGO-512.jpg\",\"width\":512,\"height\":512,\"caption\":\"NOTICIASMERCEDINAS.COM\"},\"image\":{\"@id\":\"https:\\\/\\\/noticiasmercedinas.com\\\/site\\\/#\\\/schema\\\/logo\\\/image\\\/\"},\"sameAs\":[\"https:\\\/\\\/www.facebook.com\\\/noticiasmercedinas\\\/\",\"https:\\\/\\\/x.com\\\/notmercedinas\",\"https:\\\/\\\/www.instagram.com\\\/noticiasmercedinas\\\/\"]},{\"@type\":\"Person\",\"@id\":\"https:\\\/\\\/noticiasmercedinas.com\\\/site\\\/#\\\/schema\\\/person\\\/d481a9696a5feaec13a60e2bbd991a6a\",\"name\":\"Cristian Falabella NOTICIASMERCEDINAS.COM\",\"image\":{\"@type\":\"ImageObject\",\"inLanguage\":\"es\",\"@id\":\"https:\\\/\\\/secure.gravatar.com\\\/avatar\\\/0dbbfc45970cc46bcd0e57766228574ff3511d6eed045b182f536f0f478c1f06?s=96&d=mm&r=g\",\"url\":\"https:\\\/\\\/secure.gravatar.com\\\/avatar\\\/0dbbfc45970cc46bcd0e57766228574ff3511d6eed045b182f536f0f478c1f06?s=96&d=mm&r=g\",\"contentUrl\":\"https:\\\/\\\/secure.gravatar.com\\\/avatar\\\/0dbbfc45970cc46bcd0e57766228574ff3511d6eed045b182f536f0f478c1f06?s=96&d=mm&r=g\",\"caption\":\"Cristian Falabella NOTICIASMERCEDINAS.COM\"},\"description\":\"Periodista, editor de Noticias Mercedinas. Pas\u00f3 por varias redacciones y emprendimientos de prensa, en distintos formatos y \u00e9pocas. Se especializ\u00f3 --y sigue haci\u00e9ndolo-- en comunicaci\u00f3n en la web y en junio de 2006 fund\u00f3 este diario digital.\",\"sameAs\":[\"https:\\\/\\\/noticiasmercedinas.com\",\"https:\\\/\\\/www.facebook.com\\\/cristian.falabella\",\"https:\\\/\\\/www.instagram.com\\\/noticiasmercedinas\\\/\",\"https:\\\/\\\/x.com\\\/https:\\\/\\\/twitter.com\\\/NOTMERCEDINAS\"],\"url\":\"https:\\\/\\\/noticiasmercedinas.com\\\/site\\\/author\\\/as000384\\\/\"}]}<\/script>\n<!-- \/ Yoast SEO plugin. -->","yoast_head_json":{"title":"El trabajo de los cuidadores domiciliarios en pandemia","robots":{"index":"index","follow":"follow","max-snippet":"max-snippet:-1","max-image-preview":"max-image-preview:large","max-video-preview":"max-video-preview:-1"},"canonical":"https:\/\/noticiasmercedinas.com\/site\/2020\/07\/17\/el-trabajo-de-los-cuidadores-domiciliarios-en-pandemia\/","og_locale":"es_ES","og_type":"article","og_title":"El trabajo de los cuidadores domiciliarios en pandemia","og_description":"\u25a0 M\u00e1s de 60 de ellos se dedican a la atenci\u00f3n y asistencia de adultos mayores en sus actividades diarias","og_url":"https:\/\/noticiasmercedinas.com\/site\/2020\/07\/17\/el-trabajo-de-los-cuidadores-domiciliarios-en-pandemia\/","og_site_name":"NOTICIASMERCEDINAS.COM","article_publisher":"https:\/\/www.facebook.com\/noticiasmercedinas\/","article_author":"https:\/\/www.facebook.com\/cristian.falabella","article_published_time":"2020-07-17T23:28:15+00:00","article_modified_time":"2020-07-17T23:39:59+00:00","og_image":[{"width":1152,"height":622,"url":"https:\/\/noticiasmercedinas.com\/site\/wp-content\/uploads\/2020\/07\/wp-15950283755281180826516.jpg","type":"image\/jpeg"}],"author":"Cristian Falabella NOTICIASMERCEDINAS.COM","twitter_card":"summary_large_image","twitter_creator":"@https:\/\/twitter.com\/NOTMERCEDINAS","twitter_site":"@notmercedinas","twitter_misc":{"Escrito por":"Cristian Falabella NOTICIASMERCEDINAS.COM","Tiempo de lectura":"3 minutos"},"schema":{"@context":"https:\/\/schema.org","@graph":[{"@type":"Article","@id":"https:\/\/noticiasmercedinas.com\/site\/2020\/07\/17\/el-trabajo-de-los-cuidadores-domiciliarios-en-pandemia\/#article","isPartOf":{"@id":"https:\/\/noticiasmercedinas.com\/site\/2020\/07\/17\/el-trabajo-de-los-cuidadores-domiciliarios-en-pandemia\/"},"author":{"name":"Cristian Falabella NOTICIASMERCEDINAS.COM","@id":"https:\/\/noticiasmercedinas.com\/site\/#\/schema\/person\/d481a9696a5feaec13a60e2bbd991a6a"},"headline":"El trabajo de los cuidadores domiciliarios en pandemia","datePublished":"2020-07-17T23:28:15+00:00","dateModified":"2020-07-17T23:39:59+00:00","mainEntityOfPage":{"@id":"https:\/\/noticiasmercedinas.com\/site\/2020\/07\/17\/el-trabajo-de-los-cuidadores-domiciliarios-en-pandemia\/"},"wordCount":512,"commentCount":0,"publisher":{"@id":"https:\/\/noticiasmercedinas.com\/site\/#organization"},"image":{"@id":"https:\/\/noticiasmercedinas.com\/site\/2020\/07\/17\/el-trabajo-de-los-cuidadores-domiciliarios-en-pandemia\/#primaryimage"},"thumbnailUrl":"https:\/\/noticiasmercedinas.com\/site\/wp-content\/uploads\/2020\/07\/wp-15950283755281180826516.jpg","keywords":["coronavirus","covid","cuidadores domiciliarios","desarrollo social","pandemia"],"articleSection":["Covid-19"],"inLanguage":"es","potentialAction":[{"@type":"CommentAction","name":"Comment","target":["https:\/\/noticiasmercedinas.com\/site\/2020\/07\/17\/el-trabajo-de-los-cuidadores-domiciliarios-en-pandemia\/#respond"]}]},{"@type":"WebPage","@id":"https:\/\/noticiasmercedinas.com\/site\/2020\/07\/17\/el-trabajo-de-los-cuidadores-domiciliarios-en-pandemia\/","url":"https:\/\/noticiasmercedinas.com\/site\/2020\/07\/17\/el-trabajo-de-los-cuidadores-domiciliarios-en-pandemia\/","name":"El trabajo de los cuidadores domiciliarios en pandemia","isPartOf":{"@id":"https:\/\/noticiasmercedinas.com\/site\/#website"},"primaryImageOfPage":{"@id":"https:\/\/noticiasmercedinas.com\/site\/2020\/07\/17\/el-trabajo-de-los-cuidadores-domiciliarios-en-pandemia\/#primaryimage"},"image":{"@id":"https:\/\/noticiasmercedinas.com\/site\/2020\/07\/17\/el-trabajo-de-los-cuidadores-domiciliarios-en-pandemia\/#primaryimage"},"thumbnailUrl":"https:\/\/noticiasmercedinas.com\/site\/wp-content\/uploads\/2020\/07\/wp-15950283755281180826516.jpg","datePublished":"2020-07-17T23:28:15+00:00","dateModified":"2020-07-17T23:39:59+00:00","breadcrumb":{"@id":"https:\/\/noticiasmercedinas.com\/site\/2020\/07\/17\/el-trabajo-de-los-cuidadores-domiciliarios-en-pandemia\/#breadcrumb"},"inLanguage":"es","potentialAction":[{"@type":"ReadAction","target":["https:\/\/noticiasmercedinas.com\/site\/2020\/07\/17\/el-trabajo-de-los-cuidadores-domiciliarios-en-pandemia\/"]}]},{"@type":"ImageObject","inLanguage":"es","@id":"https:\/\/noticiasmercedinas.com\/site\/2020\/07\/17\/el-trabajo-de-los-cuidadores-domiciliarios-en-pandemia\/#primaryimage","url":"https:\/\/noticiasmercedinas.com\/site\/wp-content\/uploads\/2020\/07\/wp-15950283755281180826516.jpg","contentUrl":"https:\/\/noticiasmercedinas.com\/site\/wp-content\/uploads\/2020\/07\/wp-15950283755281180826516.jpg","width":1152,"height":622},{"@type":"BreadcrumbList","@id":"https:\/\/noticiasmercedinas.com\/site\/2020\/07\/17\/el-trabajo-de-los-cuidadores-domiciliarios-en-pandemia\/#breadcrumb","itemListElement":[{"@type":"ListItem","position":1,"name":"Portada","item":"https:\/\/noticiasmercedinas.com\/site\/"},{"@type":"ListItem","position":2,"name":"El trabajo de los cuidadores domiciliarios en pandemia"}]},{"@type":"WebSite","@id":"https:\/\/noticiasmercedinas.com\/site\/#website","url":"https:\/\/noticiasmercedinas.com\/site\/","name":"NOTICIASMERCEDINAS.COM","description":"Mercedes, Buenos Aires, Argentina","publisher":{"@id":"https:\/\/noticiasmercedinas.com\/site\/#organization"},"potentialAction":[{"@type":"SearchAction","target":{"@type":"EntryPoint","urlTemplate":"https:\/\/noticiasmercedinas.com\/site\/?s={search_term_string}"},"query-input":{"@type":"PropertyValueSpecification","valueRequired":true,"valueName":"search_term_string"}}],"inLanguage":"es"},{"@type":"Organization","@id":"https:\/\/noticiasmercedinas.com\/site\/#organization","name":"NOTICIASMERCEDINAS.COM","url":"https:\/\/noticiasmercedinas.com\/site\/","logo":{"@type":"ImageObject","inLanguage":"es","@id":"https:\/\/noticiasmercedinas.com\/site\/#\/schema\/logo\/image\/","url":"https:\/\/noticiasmercedinas.com\/site\/wp-content\/uploads\/2020\/06\/LOGO-512.jpg","contentUrl":"https:\/\/noticiasmercedinas.com\/site\/wp-content\/uploads\/2020\/06\/LOGO-512.jpg","width":512,"height":512,"caption":"NOTICIASMERCEDINAS.COM"},"image":{"@id":"https:\/\/noticiasmercedinas.com\/site\/#\/schema\/logo\/image\/"},"sameAs":["https:\/\/www.facebook.com\/noticiasmercedinas\/","https:\/\/x.com\/notmercedinas","https:\/\/www.instagram.com\/noticiasmercedinas\/"]},{"@type":"Person","@id":"https:\/\/noticiasmercedinas.com\/site\/#\/schema\/person\/d481a9696a5feaec13a60e2bbd991a6a","name":"Cristian Falabella NOTICIASMERCEDINAS.COM","image":{"@type":"ImageObject","inLanguage":"es","@id":"https:\/\/secure.gravatar.com\/avatar\/0dbbfc45970cc46bcd0e57766228574ff3511d6eed045b182f536f0f478c1f06?s=96&d=mm&r=g","url":"https:\/\/secure.gravatar.com\/avatar\/0dbbfc45970cc46bcd0e57766228574ff3511d6eed045b182f536f0f478c1f06?s=96&d=mm&r=g","contentUrl":"https:\/\/secure.gravatar.com\/avatar\/0dbbfc45970cc46bcd0e57766228574ff3511d6eed045b182f536f0f478c1f06?s=96&d=mm&r=g","caption":"Cristian Falabella NOTICIASMERCEDINAS.COM"},"description":"Periodista, editor de Noticias Mercedinas. Pas\u00f3 por varias redacciones y emprendimientos de prensa, en distintos formatos y \u00e9pocas. Se especializ\u00f3 --y sigue haci\u00e9ndolo-- en comunicaci\u00f3n en la web y en junio de 2006 fund\u00f3 este diario digital.","sameAs":["https:\/\/noticiasmercedinas.com","https:\/\/www.facebook.com\/cristian.falabella","https:\/\/www.instagram.com\/noticiasmercedinas\/","https:\/\/x.com\/https:\/\/twitter.com\/NOTMERCEDINAS"],"url":"https:\/\/noticiasmercedinas.com\/site\/author\/as000384\/"}]}},"amp_enabled":true,"_links":{"self":[{"href":"https:\/\/noticiasmercedinas.com\/site\/wp-json\/wp\/v2\/posts\/49076","targetHints":{"allow":["GET"]}}],"collection":[{"href":"https:\/\/noticiasmercedinas.com\/site\/wp-json\/wp\/v2\/posts"}],"about":[{"href":"https:\/\/noticiasmercedinas.com\/site\/wp-json\/wp\/v2\/types\/post"}],"author":[{"embeddable":true,"href":"https:\/\/noticiasmercedinas.com\/site\/wp-json\/wp\/v2\/users\/2"}],"replies":[{"embeddable":true,"href":"https:\/\/noticiasmercedinas.com\/site\/wp-json\/wp\/v2\/comments?post=49076"}],"version-history":[{"count":5,"href":"https:\/\/noticiasmercedinas.com\/site\/wp-json\/wp\/v2\/posts\/49076\/revisions"}],"predecessor-version":[{"id":49087,"href":"https:\/\/noticiasmercedinas.com\/site\/wp-json\/wp\/v2\/posts\/49076\/revisions\/49087"}],"wp:featuredmedia":[{"embeddable":true,"href":"https:\/\/noticiasmercedinas.com\/site\/wp-json\/wp\/v2\/media\/49084"}],"wp:attachment":[{"href":"https:\/\/noticiasmercedinas.com\/site\/wp-json\/wp\/v2\/media?parent=49076"}],"wp:term":[{"taxonomy":"category","embeddable":true,"href":"https:\/\/noticiasmercedinas.com\/site\/wp-json\/wp\/v2\/categories?post=49076"},{"taxonomy":"post_tag","embeddable":true,"href":"https:\/\/noticiasmercedinas.com\/site\/wp-json\/wp\/v2\/tags?post=49076"}],"curies":[{"name":"wp","href":"https:\/\/api.w.org\/{rel}","templated":true}]}}