{"id":49117,"date":"2020-07-18T11:43:11","date_gmt":"2020-07-18T14:43:11","guid":{"rendered":"https:\/\/noticiasmercedinas.com\/site\/?p=49117"},"modified":"2020-07-18T11:43:11","modified_gmt":"2020-07-18T14:43:11","slug":"el-seminario-tendra-nuevo-rector-lucas-jerez","status":"publish","type":"post","link":"https:\/\/noticiasmercedinas.com\/site\/2020\/07\/18\/el-seminario-tendra-nuevo-rector-lucas-jerez\/","title":{"rendered":"El Seminario tendr\u00e1 nuevo rector: Lucas Jerez"},"content":{"rendered":"<figure id=\"attachment_49118\" aria-describedby=\"caption-attachment-49118\" style=\"width: 925px\" class=\"wp-caption alignnone\"><img loading=\"lazy\" decoding=\"async\" class=\"size-full wp-image-49118\" src=\"https:\/\/noticiasmercedinas.com\/site\/wp-content\/uploads\/2020\/07\/lucas_jerez.jpg\" alt=\"\" width=\"925\" height=\"595\" srcset=\"https:\/\/noticiasmercedinas.com\/site\/wp-content\/uploads\/2020\/07\/lucas_jerez.jpg 925w, https:\/\/noticiasmercedinas.com\/site\/wp-content\/uploads\/2020\/07\/lucas_jerez-300x194.jpg 300w, https:\/\/noticiasmercedinas.com\/site\/wp-content\/uploads\/2020\/07\/lucas_jerez-768x494.jpg 768w, https:\/\/noticiasmercedinas.com\/site\/wp-content\/uploads\/2020\/07\/lucas_jerez-341x220.jpg 341w, https:\/\/noticiasmercedinas.com\/site\/wp-content\/uploads\/2020\/07\/lucas_jerez-682x440.jpg 682w, https:\/\/noticiasmercedinas.com\/site\/wp-content\/uploads\/2020\/07\/lucas_jerez-640x412.jpg 640w, https:\/\/noticiasmercedinas.com\/site\/wp-content\/uploads\/2020\/07\/lucas_jerez-681x438.jpg 681w\" sizes=\"auto, (max-width: 925px) 100vw, 925px\" \/><figcaption id=\"caption-attachment-49118\" class=\"wp-caption-text\">Padre Lucas Jerez<\/figcaption><\/figure>\n<p><strong>Lucas Jerez<\/strong> ser\u00e1 el nuevo rector del Seminario Santo Cura de Ars, anunci\u00f3 el arzobispo <strong>Jorge Eduardo Scheinig<\/strong>. Seg\u00fan explic\u00f3 el religioso que lidera la Arquidi\u00f3cesis de Mercedes &#8211; Luj\u00e1n, el \u00abChino\u00bb Jerez &#8211;como se lo conoce&#8211; asumir\u00e1 en unos meses en reemplazo de <strong>Dar\u00edo Kling<\/strong>.<\/p>\n<p>En su comunicaci\u00f3n de esta novedad, Scheinig indic\u00f3 que \u00abpara la Iglesia el Seminario es un lugar muy querido porque all\u00ed se forman nuestros futuros pastores\u00bb. \u00abEl nuestro adem\u00e1s, tiene la gracia de abrirse a otras di\u00f3cesis hermanas de la Regi\u00f3n Pastoral, enriqueci\u00e9ndolo de manera extraordinaria\u00bb, sostuvo y remarc\u00f3 que desde hace tiempo viene pensando la posibilidad de un nuevo rector ya que el padre Dar\u00edo est\u00e1 cumpliendo 24 a\u00f1os de vida en esa casa de formaci\u00f3n. \u00abPor supuesto que con \u00e9l he charlado suficientemente la oportunidad de este cambio\u00bb, dijo.<\/p>\n<blockquote><p>Scheinig explic\u00f3 que no crey\u00f3 conveniente pedirle a un sacerdote de otra di\u00f3cesis que ejerciera este cargo<\/p><\/blockquote>\n<p>En ese sentido, Scheinig explic\u00f3 que no crey\u00f3 conveniente pedirle a un sacerdote de otra di\u00f3cesis que ejerciera este cargo: \u00abPor eso, con insistencia invoqu\u00e9 al Esp\u00edritu del Se\u00f1or para que me diera la gracia del discernimiento y descubrir qui\u00e9n de entre los nuestros, deb\u00eda ser la persona que desempe\u00f1e el oficio y el servicio de rector. Finalmente le he pedido al padre Lucas Jerez que por un per\u00edodo de 6 a\u00f1os asuma esta responsabilidad. Agradezco de coraz\u00f3n su generosidad y disponibilidad a mi pedido\u00bb.<\/p>\n<p>\u00abMi decisi\u00f3n de residir en el seminario lleva el deseo profundo de asegurarles tanto al rector, como al equipo de formaci\u00f3n y a los mismos seminaristas, la compa\u00f1\u00eda del obispo y de toda la Iglesia. Estoy seguro de que la figura del rector es muy importante, pero considero que el equipo de formadores es fundamental para la formaci\u00f3n de los futuros sacerdotes y en eso ya hace un tiempo estamos trabajando con toda seriedad. Adem\u00e1s, deseo que el equipo se siga enriqueciendo. Hago este anuncio a esta altura del a\u00f1o para que la transici\u00f3n de un rector a otro sea sumamente cuidada. El cambio se har\u00e1 efectivo a fines de este a\u00f1o o principio del otro\u00bb, anunci\u00f3 el arzobispo y agradeci\u00f3 p\u00fablicamente al padre Dar\u00edo \u00abtantos a\u00f1os de entrega generosa a la Iglesia y a los seminaristas\u00bb.<\/p>\n<figure id=\"attachment_49119\" aria-describedby=\"caption-attachment-49119\" style=\"width: 640px\" class=\"wp-caption alignnone\"><img loading=\"lazy\" decoding=\"async\" class=\"size-large wp-image-49119\" src=\"https:\/\/noticiasmercedinas.com\/site\/wp-content\/uploads\/2020\/07\/Pbro-Dario-Kling-1024x768.jpg\" alt=\"\" width=\"640\" height=\"480\" srcset=\"https:\/\/noticiasmercedinas.com\/site\/wp-content\/uploads\/2020\/07\/Pbro-Dario-Kling-1024x768.jpg 1024w, https:\/\/noticiasmercedinas.com\/site\/wp-content\/uploads\/2020\/07\/Pbro-Dario-Kling-300x225.jpg 300w, https:\/\/noticiasmercedinas.com\/site\/wp-content\/uploads\/2020\/07\/Pbro-Dario-Kling-768x576.jpg 768w, https:\/\/noticiasmercedinas.com\/site\/wp-content\/uploads\/2020\/07\/Pbro-Dario-Kling-80x60.jpg 80w, https:\/\/noticiasmercedinas.com\/site\/wp-content\/uploads\/2020\/07\/Pbro-Dario-Kling-160x120.jpg 160w, https:\/\/noticiasmercedinas.com\/site\/wp-content\/uploads\/2020\/07\/Pbro-Dario-Kling-100x75.jpg 100w, https:\/\/noticiasmercedinas.com\/site\/wp-content\/uploads\/2020\/07\/Pbro-Dario-Kling-200x150.jpg 200w, https:\/\/noticiasmercedinas.com\/site\/wp-content\/uploads\/2020\/07\/Pbro-Dario-Kling-180x135.jpg 180w, https:\/\/noticiasmercedinas.com\/site\/wp-content\/uploads\/2020\/07\/Pbro-Dario-Kling-360x270.jpg 360w, https:\/\/noticiasmercedinas.com\/site\/wp-content\/uploads\/2020\/07\/Pbro-Dario-Kling-238x178.jpg 238w, https:\/\/noticiasmercedinas.com\/site\/wp-content\/uploads\/2020\/07\/Pbro-Dario-Kling-476x356.jpg 476w, https:\/\/noticiasmercedinas.com\/site\/wp-content\/uploads\/2020\/07\/Pbro-Dario-Kling-640x480.jpg 640w, https:\/\/noticiasmercedinas.com\/site\/wp-content\/uploads\/2020\/07\/Pbro-Dario-Kling-681x511.jpg 681w, https:\/\/noticiasmercedinas.com\/site\/wp-content\/uploads\/2020\/07\/Pbro-Dario-Kling.jpg 1280w\" sizes=\"auto, (max-width: 640px) 100vw, 640px\" \/><figcaption id=\"caption-attachment-49119\" class=\"wp-caption-text\">Presb\u00edtero Dar\u00edo Kling<\/figcaption><\/figure>\n","protected":false},"excerpt":{"rendered":"<p>\u25a0 Seg\u00fan anunci\u00f3 el arzobispo Jorge Eduardo Scheinig, Jerez asumir\u00e1 en unos meses en reemplazo de Dar\u00edo Kling. Lo har\u00e1 en principio por un per\u00edodo de 6 a\u00f1os.<\/p>\n","protected":false},"author":2,"featured_media":49118,"comment_status":"open","ping_status":"open","sticky":false,"template":"","format":"standard","meta":{"footnotes":""},"categories":[3],"tags":[8679,3305,3098,3304],"class_list":["post-49117","post","type-post","status-publish","format-standard","has-post-thumbnail","hentry","category-sociedad","tag-dario-kling","tag-jorge-eduardo-scheinig","tag-lucas-jerez","tag-seminario-santo-cura-de-ars"],"yoast_head":"<!-- This site is optimized with the Yoast SEO plugin v27.5 - https:\/\/yoast.com\/product\/yoast-seo-wordpress\/ -->\n<title>El Seminario tendr\u00e1 nuevo rector: Lucas Jerez<\/title>\n<meta name=\"robots\" content=\"index, follow, max-snippet:-1, max-image-preview:large, max-video-preview:-1\" \/>\n<link rel=\"canonical\" href=\"https:\/\/noticiasmercedinas.com\/site\/2020\/07\/18\/el-seminario-tendra-nuevo-rector-lucas-jerez\/\" \/>\n<meta property=\"og:locale\" content=\"es_ES\" \/>\n<meta property=\"og:type\" content=\"article\" \/>\n<meta property=\"og:title\" content=\"El Seminario tendr\u00e1 nuevo rector: Lucas Jerez\" \/>\n<meta property=\"og:description\" content=\"\u25a0 Seg\u00fan anunci\u00f3 el arzobispo Jorge Eduardo Scheinig, Jerez asumir\u00e1 en unos meses en reemplazo de Dar\u00edo Kling. Lo har\u00e1 en principio por un per\u00edodo de 6 a\u00f1os.\" \/>\n<meta property=\"og:url\" content=\"https:\/\/noticiasmercedinas.com\/site\/2020\/07\/18\/el-seminario-tendra-nuevo-rector-lucas-jerez\/\" \/>\n<meta property=\"og:site_name\" content=\"NOTICIASMERCEDINAS.COM\" \/>\n<meta property=\"article:publisher\" content=\"https:\/\/www.facebook.com\/noticiasmercedinas\/\" \/>\n<meta property=\"article:author\" content=\"https:\/\/www.facebook.com\/cristian.falabella\" \/>\n<meta property=\"article:published_time\" content=\"2020-07-18T14:43:11+00:00\" \/>\n<meta property=\"og:image\" content=\"https:\/\/noticiasmercedinas.com\/site\/wp-content\/uploads\/2020\/07\/lucas_jerez.jpg\" \/>\n\t<meta property=\"og:image:width\" content=\"925\" \/>\n\t<meta property=\"og:image:height\" content=\"595\" \/>\n\t<meta property=\"og:image:type\" content=\"image\/jpeg\" \/>\n<meta name=\"author\" content=\"Cristian Falabella NOTICIASMERCEDINAS.COM\" \/>\n<meta name=\"twitter:card\" content=\"summary_large_image\" \/>\n<meta name=\"twitter:creator\" content=\"@https:\/\/twitter.com\/NOTMERCEDINAS\" \/>\n<meta name=\"twitter:site\" content=\"@notmercedinas\" \/>\n<meta name=\"twitter:label1\" content=\"Escrito por\" \/>\n\t<meta name=\"twitter:data1\" content=\"Cristian Falabella NOTICIASMERCEDINAS.COM\" \/>\n\t<meta name=\"twitter:label2\" content=\"Tiempo de lectura\" \/>\n\t<meta name=\"twitter:data2\" content=\"2 minutos\" \/>\n<script type=\"application\/ld+json\" class=\"yoast-schema-graph\">{\"@context\":\"https:\\\/\\\/schema.org\",\"@graph\":[{\"@type\":\"Article\",\"@id\":\"https:\\\/\\\/noticiasmercedinas.com\\\/site\\\/2020\\\/07\\\/18\\\/el-seminario-tendra-nuevo-rector-lucas-jerez\\\/#article\",\"isPartOf\":{\"@id\":\"https:\\\/\\\/noticiasmercedinas.com\\\/site\\\/2020\\\/07\\\/18\\\/el-seminario-tendra-nuevo-rector-lucas-jerez\\\/\"},\"author\":{\"name\":\"Cristian Falabella NOTICIASMERCEDINAS.COM\",\"@id\":\"https:\\\/\\\/noticiasmercedinas.com\\\/site\\\/#\\\/schema\\\/person\\\/d481a9696a5feaec13a60e2bbd991a6a\"},\"headline\":\"El Seminario tendr\u00e1 nuevo rector: Lucas Jerez\",\"datePublished\":\"2020-07-18T14:43:11+00:00\",\"mainEntityOfPage\":{\"@id\":\"https:\\\/\\\/noticiasmercedinas.com\\\/site\\\/2020\\\/07\\\/18\\\/el-seminario-tendra-nuevo-rector-lucas-jerez\\\/\"},\"wordCount\":436,\"commentCount\":0,\"publisher\":{\"@id\":\"https:\\\/\\\/noticiasmercedinas.com\\\/site\\\/#organization\"},\"image\":{\"@id\":\"https:\\\/\\\/noticiasmercedinas.com\\\/site\\\/2020\\\/07\\\/18\\\/el-seminario-tendra-nuevo-rector-lucas-jerez\\\/#primaryimage\"},\"thumbnailUrl\":\"https:\\\/\\\/noticiasmercedinas.com\\\/site\\\/wp-content\\\/uploads\\\/2020\\\/07\\\/lucas_jerez.jpg\",\"keywords\":[\"Dar\u00edo Kling\",\"Jorge Eduardo Scheinig\",\"lucas jerez\",\"seminario santo cura de ars\"],\"articleSection\":[\"Sociedad\"],\"inLanguage\":\"es\",\"potentialAction\":[{\"@type\":\"CommentAction\",\"name\":\"Comment\",\"target\":[\"https:\\\/\\\/noticiasmercedinas.com\\\/site\\\/2020\\\/07\\\/18\\\/el-seminario-tendra-nuevo-rector-lucas-jerez\\\/#respond\"]}]},{\"@type\":\"WebPage\",\"@id\":\"https:\\\/\\\/noticiasmercedinas.com\\\/site\\\/2020\\\/07\\\/18\\\/el-seminario-tendra-nuevo-rector-lucas-jerez\\\/\",\"url\":\"https:\\\/\\\/noticiasmercedinas.com\\\/site\\\/2020\\\/07\\\/18\\\/el-seminario-tendra-nuevo-rector-lucas-jerez\\\/\",\"name\":\"El Seminario tendr\u00e1 nuevo rector: Lucas Jerez\",\"isPartOf\":{\"@id\":\"https:\\\/\\\/noticiasmercedinas.com\\\/site\\\/#website\"},\"primaryImageOfPage\":{\"@id\":\"https:\\\/\\\/noticiasmercedinas.com\\\/site\\\/2020\\\/07\\\/18\\\/el-seminario-tendra-nuevo-rector-lucas-jerez\\\/#primaryimage\"},\"image\":{\"@id\":\"https:\\\/\\\/noticiasmercedinas.com\\\/site\\\/2020\\\/07\\\/18\\\/el-seminario-tendra-nuevo-rector-lucas-jerez\\\/#primaryimage\"},\"thumbnailUrl\":\"https:\\\/\\\/noticiasmercedinas.com\\\/site\\\/wp-content\\\/uploads\\\/2020\\\/07\\\/lucas_jerez.jpg\",\"datePublished\":\"2020-07-18T14:43:11+00:00\",\"breadcrumb\":{\"@id\":\"https:\\\/\\\/noticiasmercedinas.com\\\/site\\\/2020\\\/07\\\/18\\\/el-seminario-tendra-nuevo-rector-lucas-jerez\\\/#breadcrumb\"},\"inLanguage\":\"es\",\"potentialAction\":[{\"@type\":\"ReadAction\",\"target\":[\"https:\\\/\\\/noticiasmercedinas.com\\\/site\\\/2020\\\/07\\\/18\\\/el-seminario-tendra-nuevo-rector-lucas-jerez\\\/\"]}]},{\"@type\":\"ImageObject\",\"inLanguage\":\"es\",\"@id\":\"https:\\\/\\\/noticiasmercedinas.com\\\/site\\\/2020\\\/07\\\/18\\\/el-seminario-tendra-nuevo-rector-lucas-jerez\\\/#primaryimage\",\"url\":\"https:\\\/\\\/noticiasmercedinas.com\\\/site\\\/wp-content\\\/uploads\\\/2020\\\/07\\\/lucas_jerez.jpg\",\"contentUrl\":\"https:\\\/\\\/noticiasmercedinas.com\\\/site\\\/wp-content\\\/uploads\\\/2020\\\/07\\\/lucas_jerez.jpg\",\"width\":925,\"height\":595,\"caption\":\"Padre Lucas Jerez\"},{\"@type\":\"BreadcrumbList\",\"@id\":\"https:\\\/\\\/noticiasmercedinas.com\\\/site\\\/2020\\\/07\\\/18\\\/el-seminario-tendra-nuevo-rector-lucas-jerez\\\/#breadcrumb\",\"itemListElement\":[{\"@type\":\"ListItem\",\"position\":1,\"name\":\"Portada\",\"item\":\"https:\\\/\\\/noticiasmercedinas.com\\\/site\\\/\"},{\"@type\":\"ListItem\",\"position\":2,\"name\":\"El Seminario tendr\u00e1 nuevo rector: Lucas Jerez\"}]},{\"@type\":\"WebSite\",\"@id\":\"https:\\\/\\\/noticiasmercedinas.com\\\/site\\\/#website\",\"url\":\"https:\\\/\\\/noticiasmercedinas.com\\\/site\\\/\",\"name\":\"NOTICIASMERCEDINAS.COM\",\"description\":\"Mercedes, Buenos Aires, Argentina\",\"publisher\":{\"@id\":\"https:\\\/\\\/noticiasmercedinas.com\\\/site\\\/#organization\"},\"potentialAction\":[{\"@type\":\"SearchAction\",\"target\":{\"@type\":\"EntryPoint\",\"urlTemplate\":\"https:\\\/\\\/noticiasmercedinas.com\\\/site\\\/?s={search_term_string}\"},\"query-input\":{\"@type\":\"PropertyValueSpecification\",\"valueRequired\":true,\"valueName\":\"search_term_string\"}}],\"inLanguage\":\"es\"},{\"@type\":\"Organization\",\"@id\":\"https:\\\/\\\/noticiasmercedinas.com\\\/site\\\/#organization\",\"name\":\"NOTICIASMERCEDINAS.COM\",\"url\":\"https:\\\/\\\/noticiasmercedinas.com\\\/site\\\/\",\"logo\":{\"@type\":\"ImageObject\",\"inLanguage\":\"es\",\"@id\":\"https:\\\/\\\/noticiasmercedinas.com\\\/site\\\/#\\\/schema\\\/logo\\\/image\\\/\",\"url\":\"https:\\\/\\\/noticiasmercedinas.com\\\/site\\\/wp-content\\\/uploads\\\/2020\\\/06\\\/LOGO-512.jpg\",\"contentUrl\":\"https:\\\/\\\/noticiasmercedinas.com\\\/site\\\/wp-content\\\/uploads\\\/2020\\\/06\\\/LOGO-512.jpg\",\"width\":512,\"height\":512,\"caption\":\"NOTICIASMERCEDINAS.COM\"},\"image\":{\"@id\":\"https:\\\/\\\/noticiasmercedinas.com\\\/site\\\/#\\\/schema\\\/logo\\\/image\\\/\"},\"sameAs\":[\"https:\\\/\\\/www.facebook.com\\\/noticiasmercedinas\\\/\",\"https:\\\/\\\/x.com\\\/notmercedinas\",\"https:\\\/\\\/www.instagram.com\\\/noticiasmercedinas\\\/\"]},{\"@type\":\"Person\",\"@id\":\"https:\\\/\\\/noticiasmercedinas.com\\\/site\\\/#\\\/schema\\\/person\\\/d481a9696a5feaec13a60e2bbd991a6a\",\"name\":\"Cristian Falabella NOTICIASMERCEDINAS.COM\",\"image\":{\"@type\":\"ImageObject\",\"inLanguage\":\"es\",\"@id\":\"https:\\\/\\\/secure.gravatar.com\\\/avatar\\\/0dbbfc45970cc46bcd0e57766228574ff3511d6eed045b182f536f0f478c1f06?s=96&d=mm&r=g\",\"url\":\"https:\\\/\\\/secure.gravatar.com\\\/avatar\\\/0dbbfc45970cc46bcd0e57766228574ff3511d6eed045b182f536f0f478c1f06?s=96&d=mm&r=g\",\"contentUrl\":\"https:\\\/\\\/secure.gravatar.com\\\/avatar\\\/0dbbfc45970cc46bcd0e57766228574ff3511d6eed045b182f536f0f478c1f06?s=96&d=mm&r=g\",\"caption\":\"Cristian Falabella NOTICIASMERCEDINAS.COM\"},\"description\":\"Periodista, editor de Noticias Mercedinas. Pas\u00f3 por varias redacciones y emprendimientos de prensa, en distintos formatos y \u00e9pocas. Se especializ\u00f3 --y sigue haci\u00e9ndolo-- en comunicaci\u00f3n en la web y en junio de 2006 fund\u00f3 este diario digital.\",\"sameAs\":[\"https:\\\/\\\/noticiasmercedinas.com\",\"https:\\\/\\\/www.facebook.com\\\/cristian.falabella\",\"https:\\\/\\\/www.instagram.com\\\/noticiasmercedinas\\\/\",\"https:\\\/\\\/x.com\\\/https:\\\/\\\/twitter.com\\\/NOTMERCEDINAS\"],\"url\":\"https:\\\/\\\/noticiasmercedinas.com\\\/site\\\/author\\\/as000384\\\/\"}]}<\/script>\n<!-- \/ Yoast SEO plugin. -->","yoast_head_json":{"title":"El Seminario tendr\u00e1 nuevo rector: Lucas Jerez","robots":{"index":"index","follow":"follow","max-snippet":"max-snippet:-1","max-image-preview":"max-image-preview:large","max-video-preview":"max-video-preview:-1"},"canonical":"https:\/\/noticiasmercedinas.com\/site\/2020\/07\/18\/el-seminario-tendra-nuevo-rector-lucas-jerez\/","og_locale":"es_ES","og_type":"article","og_title":"El Seminario tendr\u00e1 nuevo rector: Lucas Jerez","og_description":"\u25a0 Seg\u00fan anunci\u00f3 el arzobispo Jorge Eduardo Scheinig, Jerez asumir\u00e1 en unos meses en reemplazo de Dar\u00edo Kling. Lo har\u00e1 en principio por un per\u00edodo de 6 a\u00f1os.","og_url":"https:\/\/noticiasmercedinas.com\/site\/2020\/07\/18\/el-seminario-tendra-nuevo-rector-lucas-jerez\/","og_site_name":"NOTICIASMERCEDINAS.COM","article_publisher":"https:\/\/www.facebook.com\/noticiasmercedinas\/","article_author":"https:\/\/www.facebook.com\/cristian.falabella","article_published_time":"2020-07-18T14:43:11+00:00","og_image":[{"width":925,"height":595,"url":"https:\/\/noticiasmercedinas.com\/site\/wp-content\/uploads\/2020\/07\/lucas_jerez.jpg","type":"image\/jpeg"}],"author":"Cristian Falabella NOTICIASMERCEDINAS.COM","twitter_card":"summary_large_image","twitter_creator":"@https:\/\/twitter.com\/NOTMERCEDINAS","twitter_site":"@notmercedinas","twitter_misc":{"Escrito por":"Cristian Falabella NOTICIASMERCEDINAS.COM","Tiempo de lectura":"2 minutos"},"schema":{"@context":"https:\/\/schema.org","@graph":[{"@type":"Article","@id":"https:\/\/noticiasmercedinas.com\/site\/2020\/07\/18\/el-seminario-tendra-nuevo-rector-lucas-jerez\/#article","isPartOf":{"@id":"https:\/\/noticiasmercedinas.com\/site\/2020\/07\/18\/el-seminario-tendra-nuevo-rector-lucas-jerez\/"},"author":{"name":"Cristian Falabella NOTICIASMERCEDINAS.COM","@id":"https:\/\/noticiasmercedinas.com\/site\/#\/schema\/person\/d481a9696a5feaec13a60e2bbd991a6a"},"headline":"El Seminario tendr\u00e1 nuevo rector: Lucas Jerez","datePublished":"2020-07-18T14:43:11+00:00","mainEntityOfPage":{"@id":"https:\/\/noticiasmercedinas.com\/site\/2020\/07\/18\/el-seminario-tendra-nuevo-rector-lucas-jerez\/"},"wordCount":436,"commentCount":0,"publisher":{"@id":"https:\/\/noticiasmercedinas.com\/site\/#organization"},"image":{"@id":"https:\/\/noticiasmercedinas.com\/site\/2020\/07\/18\/el-seminario-tendra-nuevo-rector-lucas-jerez\/#primaryimage"},"thumbnailUrl":"https:\/\/noticiasmercedinas.com\/site\/wp-content\/uploads\/2020\/07\/lucas_jerez.jpg","keywords":["Dar\u00edo Kling","Jorge Eduardo Scheinig","lucas jerez","seminario santo cura de ars"],"articleSection":["Sociedad"],"inLanguage":"es","potentialAction":[{"@type":"CommentAction","name":"Comment","target":["https:\/\/noticiasmercedinas.com\/site\/2020\/07\/18\/el-seminario-tendra-nuevo-rector-lucas-jerez\/#respond"]}]},{"@type":"WebPage","@id":"https:\/\/noticiasmercedinas.com\/site\/2020\/07\/18\/el-seminario-tendra-nuevo-rector-lucas-jerez\/","url":"https:\/\/noticiasmercedinas.com\/site\/2020\/07\/18\/el-seminario-tendra-nuevo-rector-lucas-jerez\/","name":"El Seminario tendr\u00e1 nuevo rector: Lucas Jerez","isPartOf":{"@id":"https:\/\/noticiasmercedinas.com\/site\/#website"},"primaryImageOfPage":{"@id":"https:\/\/noticiasmercedinas.com\/site\/2020\/07\/18\/el-seminario-tendra-nuevo-rector-lucas-jerez\/#primaryimage"},"image":{"@id":"https:\/\/noticiasmercedinas.com\/site\/2020\/07\/18\/el-seminario-tendra-nuevo-rector-lucas-jerez\/#primaryimage"},"thumbnailUrl":"https:\/\/noticiasmercedinas.com\/site\/wp-content\/uploads\/2020\/07\/lucas_jerez.jpg","datePublished":"2020-07-18T14:43:11+00:00","breadcrumb":{"@id":"https:\/\/noticiasmercedinas.com\/site\/2020\/07\/18\/el-seminario-tendra-nuevo-rector-lucas-jerez\/#breadcrumb"},"inLanguage":"es","potentialAction":[{"@type":"ReadAction","target":["https:\/\/noticiasmercedinas.com\/site\/2020\/07\/18\/el-seminario-tendra-nuevo-rector-lucas-jerez\/"]}]},{"@type":"ImageObject","inLanguage":"es","@id":"https:\/\/noticiasmercedinas.com\/site\/2020\/07\/18\/el-seminario-tendra-nuevo-rector-lucas-jerez\/#primaryimage","url":"https:\/\/noticiasmercedinas.com\/site\/wp-content\/uploads\/2020\/07\/lucas_jerez.jpg","contentUrl":"https:\/\/noticiasmercedinas.com\/site\/wp-content\/uploads\/2020\/07\/lucas_jerez.jpg","width":925,"height":595,"caption":"Padre Lucas Jerez"},{"@type":"BreadcrumbList","@id":"https:\/\/noticiasmercedinas.com\/site\/2020\/07\/18\/el-seminario-tendra-nuevo-rector-lucas-jerez\/#breadcrumb","itemListElement":[{"@type":"ListItem","position":1,"name":"Portada","item":"https:\/\/noticiasmercedinas.com\/site\/"},{"@type":"ListItem","position":2,"name":"El Seminario tendr\u00e1 nuevo rector: Lucas Jerez"}]},{"@type":"WebSite","@id":"https:\/\/noticiasmercedinas.com\/site\/#website","url":"https:\/\/noticiasmercedinas.com\/site\/","name":"NOTICIASMERCEDINAS.COM","description":"Mercedes, Buenos Aires, Argentina","publisher":{"@id":"https:\/\/noticiasmercedinas.com\/site\/#organization"},"potentialAction":[{"@type":"SearchAction","target":{"@type":"EntryPoint","urlTemplate":"https:\/\/noticiasmercedinas.com\/site\/?s={search_term_string}"},"query-input":{"@type":"PropertyValueSpecification","valueRequired":true,"valueName":"search_term_string"}}],"inLanguage":"es"},{"@type":"Organization","@id":"https:\/\/noticiasmercedinas.com\/site\/#organization","name":"NOTICIASMERCEDINAS.COM","url":"https:\/\/noticiasmercedinas.com\/site\/","logo":{"@type":"ImageObject","inLanguage":"es","@id":"https:\/\/noticiasmercedinas.com\/site\/#\/schema\/logo\/image\/","url":"https:\/\/noticiasmercedinas.com\/site\/wp-content\/uploads\/2020\/06\/LOGO-512.jpg","contentUrl":"https:\/\/noticiasmercedinas.com\/site\/wp-content\/uploads\/2020\/06\/LOGO-512.jpg","width":512,"height":512,"caption":"NOTICIASMERCEDINAS.COM"},"image":{"@id":"https:\/\/noticiasmercedinas.com\/site\/#\/schema\/logo\/image\/"},"sameAs":["https:\/\/www.facebook.com\/noticiasmercedinas\/","https:\/\/x.com\/notmercedinas","https:\/\/www.instagram.com\/noticiasmercedinas\/"]},{"@type":"Person","@id":"https:\/\/noticiasmercedinas.com\/site\/#\/schema\/person\/d481a9696a5feaec13a60e2bbd991a6a","name":"Cristian Falabella NOTICIASMERCEDINAS.COM","image":{"@type":"ImageObject","inLanguage":"es","@id":"https:\/\/secure.gravatar.com\/avatar\/0dbbfc45970cc46bcd0e57766228574ff3511d6eed045b182f536f0f478c1f06?s=96&d=mm&r=g","url":"https:\/\/secure.gravatar.com\/avatar\/0dbbfc45970cc46bcd0e57766228574ff3511d6eed045b182f536f0f478c1f06?s=96&d=mm&r=g","contentUrl":"https:\/\/secure.gravatar.com\/avatar\/0dbbfc45970cc46bcd0e57766228574ff3511d6eed045b182f536f0f478c1f06?s=96&d=mm&r=g","caption":"Cristian Falabella NOTICIASMERCEDINAS.COM"},"description":"Periodista, editor de Noticias Mercedinas. Pas\u00f3 por varias redacciones y emprendimientos de prensa, en distintos formatos y \u00e9pocas. Se especializ\u00f3 --y sigue haci\u00e9ndolo-- en comunicaci\u00f3n en la web y en junio de 2006 fund\u00f3 este diario digital.","sameAs":["https:\/\/noticiasmercedinas.com","https:\/\/www.facebook.com\/cristian.falabella","https:\/\/www.instagram.com\/noticiasmercedinas\/","https:\/\/x.com\/https:\/\/twitter.com\/NOTMERCEDINAS"],"url":"https:\/\/noticiasmercedinas.com\/site\/author\/as000384\/"}]}},"amp_enabled":true,"_links":{"self":[{"href":"https:\/\/noticiasmercedinas.com\/site\/wp-json\/wp\/v2\/posts\/49117","targetHints":{"allow":["GET"]}}],"collection":[{"href":"https:\/\/noticiasmercedinas.com\/site\/wp-json\/wp\/v2\/posts"}],"about":[{"href":"https:\/\/noticiasmercedinas.com\/site\/wp-json\/wp\/v2\/types\/post"}],"author":[{"embeddable":true,"href":"https:\/\/noticiasmercedinas.com\/site\/wp-json\/wp\/v2\/users\/2"}],"replies":[{"embeddable":true,"href":"https:\/\/noticiasmercedinas.com\/site\/wp-json\/wp\/v2\/comments?post=49117"}],"version-history":[{"count":1,"href":"https:\/\/noticiasmercedinas.com\/site\/wp-json\/wp\/v2\/posts\/49117\/revisions"}],"predecessor-version":[{"id":49120,"href":"https:\/\/noticiasmercedinas.com\/site\/wp-json\/wp\/v2\/posts\/49117\/revisions\/49120"}],"wp:featuredmedia":[{"embeddable":true,"href":"https:\/\/noticiasmercedinas.com\/site\/wp-json\/wp\/v2\/media\/49118"}],"wp:attachment":[{"href":"https:\/\/noticiasmercedinas.com\/site\/wp-json\/wp\/v2\/media?parent=49117"}],"wp:term":[{"taxonomy":"category","embeddable":true,"href":"https:\/\/noticiasmercedinas.com\/site\/wp-json\/wp\/v2\/categories?post=49117"},{"taxonomy":"post_tag","embeddable":true,"href":"https:\/\/noticiasmercedinas.com\/site\/wp-json\/wp\/v2\/tags?post=49117"}],"curies":[{"name":"wp","href":"https:\/\/api.w.org\/{rel}","templated":true}]}}