{"id":49252,"date":"2020-07-20T15:39:42","date_gmt":"2020-07-20T18:39:42","guid":{"rendered":"https:\/\/noticiasmercedinas.com\/site\/?p=49252"},"modified":"2020-07-20T15:39:42","modified_gmt":"2020-07-20T18:39:42","slug":"juan-lofrano-dejo-buenos-conceptos","status":"publish","type":"post","link":"https:\/\/noticiasmercedinas.com\/site\/2020\/07\/20\/juan-lofrano-dejo-buenos-conceptos\/","title":{"rendered":"Juan Lofrano dej\u00f3 buenos conceptos"},"content":{"rendered":"<p><img loading=\"lazy\" decoding=\"async\" class=\"alignnone size-full wp-image-49253\" src=\"https:\/\/noticiasmercedinas.com\/site\/wp-content\/uploads\/2020\/07\/zoolofrano.jpg\" alt=\"\" width=\"640\" height=\"350\" srcset=\"https:\/\/noticiasmercedinas.com\/site\/wp-content\/uploads\/2020\/07\/zoolofrano.jpg 640w, https:\/\/noticiasmercedinas.com\/site\/wp-content\/uploads\/2020\/07\/zoolofrano-300x164.jpg 300w\" sizes=\"auto, (max-width: 640px) 100vw, 640px\" \/><br \/>\nDurante el pasado d\u00eda s\u00e1bado 18 de julio, por espacio de casi dos horas, el profesor y entrenador de b\u00e1squet Juan Lofrano, reconocido por su trayectoria, estuvo a cargo de una interesante charla organizada por el Club Quilmes donde se utiliz\u00f3 la plataforma Zoom, algo tan empleado en estos tiempos sin actividad deportiva en gimnasios o espacios abiertos.<\/p>\n<p>Con el recibimiento y presentaci\u00f3n del presidente de la instituci\u00f3n \u201cCervecera\u201d, Ricardo Bozzini, m\u00e1s los entrenadores quilme\u00f1os entre los que estuvo el t\u00e9cnico de Primera divisi\u00f3n Jos\u00e9 Luis Giallorenzo, la charla result\u00f3 ser abierta para tener tambi\u00e9n jugadores de las categor\u00edas de Quilmes.<\/p>\n<p>En el inicio Lofrano pidi\u00f3 a los entrenadores que tras la charla se conecten y den una clase, es que muchos chicos de los que estaban del otro lado de la pantalla se mostraban con pelotas de b\u00e1squet. \u201cNosotros vamos a hablar si a los chicos, pero principalmente a los entrenadores\u201d marc\u00f3 uno de los creadores del Manual de Mini B\u00e1squet.<\/p>\n<p>\u201cHay que reemplazar la pir\u00e1mide por el bloque, nos deja adentro a todos, es un concepto como el de ciudadanos el b\u00e1squet, ojal\u00e1 estemos todos form\u00e1ndolos, que nadie se nos vaya\u201d puntualiz\u00f3, para marcar una realidad \u201cHoy tenemos chicos que est\u00e1n fascinados con lo digital, \u00bfqu\u00e9 sentido tiene pelear con una realidad?, lleg\u00f3 para quedarse. Pero tambi\u00e9n tenemos un chico con much\u00edsima m\u00e1s informaci\u00f3n de b\u00e1squet que nosotros\u201d.<\/p>\n<p>Lofrano asegura que el Mini B\u00e1squet es inclusivo, donde todos pueden jugar, \u201ctodos pueden aprender, pero cuidado con las estrategias, porque abrazamos el concepto de la heterogeneidad, hace a\u00f1os que es lo normal en los entrenamientos, es lo regular, lo esperable. Nadie va a esperar en tener un grupo de chicos en el mismo estad\u00edo madurativo. Todos los que entrenamos Mini B\u00e1squet nos pasamos haciendo artesanalmente nuestros trabajos\u201d dijo.<\/p>\n<p>Lofrano tambi\u00e9n se detuvo en la charla en las edades para jugar b\u00e1squet \u201cla did\u00e1ctica en el Mini B\u00e1squet es el arte de ense\u00f1ar\u201d donde adem\u00e1s se llevan adelante \u201cmuchos entrenamientos dentro del entrenamiento\u201d surgiendo en los mismos el \u201centrenar es propuestas y estar muy atento a los chicos que devuelven para la reconsigna\u201d. Con el correr de los minutos su locuci\u00f3n fue siempre interesante, dando algunos ejemplos como cuando \u201cManu Ginobili en la Selecci\u00f3n de Bah\u00eda U 17 qued\u00f3 como jugador n\u00famero 13, tan mal no le fue despu\u00e9s, lo que tuvo sus entrenadores y \u00e9l es que ten\u00eda mucho por aprender y madurar e iba a convertirse en un jugador elegido en Europa o la NBA\u201d.<\/p>\n<p>\u201cLos entrenadores nos encargamos del proceso de ense\u00f1anza y lo que hacemos con el aprendizaje es corroborarlo, no le puedo decir ten\u00e9s que aprender\u201d resaltando que consta de 6 a\u00f1os la etapa de Mini B\u00e1squet y en ese per\u00edodo \u201cSi nosotros cerramos la etapa de Mini B\u00e1squet jugando correctamente 3 contra 3, los entrenadores nos va a agradecer porque van a poner uno y otro jugador\u201d.<\/p>\n<p>Lofrano, sin pausa y con gr\u00e1ficos, relat\u00f3 tambi\u00e9n que \u201cestamos formando una persona a trav\u00e9s del Mini B\u00e1squet\u201d que en todo el tiempo logra leer el juego y desarrollar habilidades t\u00e9cnicas. Aportando tambi\u00e9n: \u201cno planificamos por edad, lo hacemos por escal\u00f3n\u201d donde se dan conceptos, no hay edades prestablecidas dentro del rango de trabajo 6 a 12 a\u00f1os del jugador.<\/p>\n<p>Los videos fueron aportando ejemplos donde se busca que los padres est\u00e9n involucrarlos en el proceso, es por ello que aconseja contar lo que se har\u00e1, el proyecto, tener viajes, no faltar a entrenar y sobre los mayores no protestar en los partidos y juntarse durante el a\u00f1o para cerrar con una reuni\u00f3n final donde el club ofrece esto para seguir. \u201cLograr que los padres est\u00e9n en todos los partidos\u201d siempre respetando al entrenador.<\/p>\n<p>En referencia a la competencia \u201clo importante no es ganar sino competir bien\u201d subray\u00f3 Juan Lofrano, estos fueron algunos de sus conceptos y que seguramente ser\u00e1n aplicados en entrenamientos. En el cierre del encuentro tambi\u00e9n hubo preguntas.<\/p>\n","protected":false},"excerpt":{"rendered":"<p>\u25a0 En una charla v\u00eda Zoom organizada por el b\u00e1squet de Quilmes se trataron distintos temas. Todos relacionados con los entrenamientos y formaci\u00f3n de jugadores. <\/p>\n","protected":false},"author":6,"featured_media":49253,"comment_status":"open","ping_status":"open","sticky":false,"template":"","format":"standard","meta":{"footnotes":""},"categories":[5],"tags":[1091,9635,7980,3539],"class_list":["post-49252","post","type-post","status-publish","format-standard","has-post-thumbnail","hentry","category-deportes","tag-basquet","tag-juan-lofrano","tag-mini-basquet","tag-quilmes"],"yoast_head":"<!-- This site is optimized with the Yoast SEO plugin v27.5 - https:\/\/yoast.com\/product\/yoast-seo-wordpress\/ -->\n<title>Juan Lofrano dej\u00f3 buenos conceptos<\/title>\n<meta name=\"robots\" content=\"index, follow, max-snippet:-1, max-image-preview:large, max-video-preview:-1\" \/>\n<link rel=\"canonical\" href=\"https:\/\/noticiasmercedinas.com\/site\/2020\/07\/20\/juan-lofrano-dejo-buenos-conceptos\/\" \/>\n<meta property=\"og:locale\" content=\"es_ES\" \/>\n<meta property=\"og:type\" content=\"article\" \/>\n<meta property=\"og:title\" content=\"Juan Lofrano dej\u00f3 buenos conceptos\" \/>\n<meta property=\"og:description\" content=\"\u25a0 En una charla v\u00eda Zoom organizada por el b\u00e1squet de Quilmes se trataron distintos temas. Todos relacionados con los entrenamientos y formaci\u00f3n de jugadores.\" \/>\n<meta property=\"og:url\" content=\"https:\/\/noticiasmercedinas.com\/site\/2020\/07\/20\/juan-lofrano-dejo-buenos-conceptos\/\" \/>\n<meta property=\"og:site_name\" content=\"NOTICIASMERCEDINAS.COM\" \/>\n<meta property=\"article:publisher\" content=\"https:\/\/www.facebook.com\/noticiasmercedinas\/\" \/>\n<meta property=\"article:published_time\" content=\"2020-07-20T18:39:42+00:00\" \/>\n<meta property=\"og:image\" content=\"https:\/\/noticiasmercedinas.com\/site\/wp-content\/uploads\/2020\/07\/zoolofrano.jpg\" \/>\n\t<meta property=\"og:image:width\" content=\"640\" \/>\n\t<meta property=\"og:image:height\" content=\"350\" \/>\n\t<meta property=\"og:image:type\" content=\"image\/jpeg\" \/>\n<meta name=\"author\" content=\"Juan Dagnino NOTICIASMERCEDINAS.COM\" \/>\n<meta name=\"twitter:card\" content=\"summary_large_image\" \/>\n<meta name=\"twitter:creator\" content=\"@notmercedinas\" \/>\n<meta name=\"twitter:site\" content=\"@notmercedinas\" \/>\n<meta name=\"twitter:label1\" content=\"Escrito por\" \/>\n\t<meta name=\"twitter:data1\" content=\"Juan Dagnino NOTICIASMERCEDINAS.COM\" \/>\n\t<meta name=\"twitter:label2\" content=\"Tiempo de lectura\" \/>\n\t<meta name=\"twitter:data2\" content=\"4 minutos\" \/>\n<script type=\"application\/ld+json\" class=\"yoast-schema-graph\">{\"@context\":\"https:\\\/\\\/schema.org\",\"@graph\":[{\"@type\":\"Article\",\"@id\":\"https:\\\/\\\/noticiasmercedinas.com\\\/site\\\/2020\\\/07\\\/20\\\/juan-lofrano-dejo-buenos-conceptos\\\/#article\",\"isPartOf\":{\"@id\":\"https:\\\/\\\/noticiasmercedinas.com\\\/site\\\/2020\\\/07\\\/20\\\/juan-lofrano-dejo-buenos-conceptos\\\/\"},\"author\":{\"name\":\"Juan Dagnino NOTICIASMERCEDINAS.COM\",\"@id\":\"https:\\\/\\\/noticiasmercedinas.com\\\/site\\\/#\\\/schema\\\/person\\\/8f2f09d666ef40986eba4a5e6f2a06f9\"},\"headline\":\"Juan Lofrano dej\u00f3 buenos conceptos\",\"datePublished\":\"2020-07-20T18:39:42+00:00\",\"mainEntityOfPage\":{\"@id\":\"https:\\\/\\\/noticiasmercedinas.com\\\/site\\\/2020\\\/07\\\/20\\\/juan-lofrano-dejo-buenos-conceptos\\\/\"},\"wordCount\":709,\"commentCount\":0,\"publisher\":{\"@id\":\"https:\\\/\\\/noticiasmercedinas.com\\\/site\\\/#organization\"},\"image\":{\"@id\":\"https:\\\/\\\/noticiasmercedinas.com\\\/site\\\/2020\\\/07\\\/20\\\/juan-lofrano-dejo-buenos-conceptos\\\/#primaryimage\"},\"thumbnailUrl\":\"https:\\\/\\\/noticiasmercedinas.com\\\/site\\\/wp-content\\\/uploads\\\/2020\\\/07\\\/zoolofrano.jpg\",\"keywords\":[\"b\u00e1squet\",\"juan lofrano\",\"mini b\u00e1squet\",\"quilmes\"],\"articleSection\":[\"Deportes\"],\"inLanguage\":\"es\",\"potentialAction\":[{\"@type\":\"CommentAction\",\"name\":\"Comment\",\"target\":[\"https:\\\/\\\/noticiasmercedinas.com\\\/site\\\/2020\\\/07\\\/20\\\/juan-lofrano-dejo-buenos-conceptos\\\/#respond\"]}]},{\"@type\":\"WebPage\",\"@id\":\"https:\\\/\\\/noticiasmercedinas.com\\\/site\\\/2020\\\/07\\\/20\\\/juan-lofrano-dejo-buenos-conceptos\\\/\",\"url\":\"https:\\\/\\\/noticiasmercedinas.com\\\/site\\\/2020\\\/07\\\/20\\\/juan-lofrano-dejo-buenos-conceptos\\\/\",\"name\":\"Juan Lofrano dej\u00f3 buenos conceptos\",\"isPartOf\":{\"@id\":\"https:\\\/\\\/noticiasmercedinas.com\\\/site\\\/#website\"},\"primaryImageOfPage\":{\"@id\":\"https:\\\/\\\/noticiasmercedinas.com\\\/site\\\/2020\\\/07\\\/20\\\/juan-lofrano-dejo-buenos-conceptos\\\/#primaryimage\"},\"image\":{\"@id\":\"https:\\\/\\\/noticiasmercedinas.com\\\/site\\\/2020\\\/07\\\/20\\\/juan-lofrano-dejo-buenos-conceptos\\\/#primaryimage\"},\"thumbnailUrl\":\"https:\\\/\\\/noticiasmercedinas.com\\\/site\\\/wp-content\\\/uploads\\\/2020\\\/07\\\/zoolofrano.jpg\",\"datePublished\":\"2020-07-20T18:39:42+00:00\",\"breadcrumb\":{\"@id\":\"https:\\\/\\\/noticiasmercedinas.com\\\/site\\\/2020\\\/07\\\/20\\\/juan-lofrano-dejo-buenos-conceptos\\\/#breadcrumb\"},\"inLanguage\":\"es\",\"potentialAction\":[{\"@type\":\"ReadAction\",\"target\":[\"https:\\\/\\\/noticiasmercedinas.com\\\/site\\\/2020\\\/07\\\/20\\\/juan-lofrano-dejo-buenos-conceptos\\\/\"]}]},{\"@type\":\"ImageObject\",\"inLanguage\":\"es\",\"@id\":\"https:\\\/\\\/noticiasmercedinas.com\\\/site\\\/2020\\\/07\\\/20\\\/juan-lofrano-dejo-buenos-conceptos\\\/#primaryimage\",\"url\":\"https:\\\/\\\/noticiasmercedinas.com\\\/site\\\/wp-content\\\/uploads\\\/2020\\\/07\\\/zoolofrano.jpg\",\"contentUrl\":\"https:\\\/\\\/noticiasmercedinas.com\\\/site\\\/wp-content\\\/uploads\\\/2020\\\/07\\\/zoolofrano.jpg\",\"width\":640,\"height\":350},{\"@type\":\"BreadcrumbList\",\"@id\":\"https:\\\/\\\/noticiasmercedinas.com\\\/site\\\/2020\\\/07\\\/20\\\/juan-lofrano-dejo-buenos-conceptos\\\/#breadcrumb\",\"itemListElement\":[{\"@type\":\"ListItem\",\"position\":1,\"name\":\"Portada\",\"item\":\"https:\\\/\\\/noticiasmercedinas.com\\\/site\\\/\"},{\"@type\":\"ListItem\",\"position\":2,\"name\":\"Juan Lofrano dej\u00f3 buenos conceptos\"}]},{\"@type\":\"WebSite\",\"@id\":\"https:\\\/\\\/noticiasmercedinas.com\\\/site\\\/#website\",\"url\":\"https:\\\/\\\/noticiasmercedinas.com\\\/site\\\/\",\"name\":\"NOTICIASMERCEDINAS.COM\",\"description\":\"Mercedes, Buenos Aires, Argentina\",\"publisher\":{\"@id\":\"https:\\\/\\\/noticiasmercedinas.com\\\/site\\\/#organization\"},\"potentialAction\":[{\"@type\":\"SearchAction\",\"target\":{\"@type\":\"EntryPoint\",\"urlTemplate\":\"https:\\\/\\\/noticiasmercedinas.com\\\/site\\\/?s={search_term_string}\"},\"query-input\":{\"@type\":\"PropertyValueSpecification\",\"valueRequired\":true,\"valueName\":\"search_term_string\"}}],\"inLanguage\":\"es\"},{\"@type\":\"Organization\",\"@id\":\"https:\\\/\\\/noticiasmercedinas.com\\\/site\\\/#organization\",\"name\":\"NOTICIASMERCEDINAS.COM\",\"url\":\"https:\\\/\\\/noticiasmercedinas.com\\\/site\\\/\",\"logo\":{\"@type\":\"ImageObject\",\"inLanguage\":\"es\",\"@id\":\"https:\\\/\\\/noticiasmercedinas.com\\\/site\\\/#\\\/schema\\\/logo\\\/image\\\/\",\"url\":\"https:\\\/\\\/noticiasmercedinas.com\\\/site\\\/wp-content\\\/uploads\\\/2020\\\/06\\\/LOGO-512.jpg\",\"contentUrl\":\"https:\\\/\\\/noticiasmercedinas.com\\\/site\\\/wp-content\\\/uploads\\\/2020\\\/06\\\/LOGO-512.jpg\",\"width\":512,\"height\":512,\"caption\":\"NOTICIASMERCEDINAS.COM\"},\"image\":{\"@id\":\"https:\\\/\\\/noticiasmercedinas.com\\\/site\\\/#\\\/schema\\\/logo\\\/image\\\/\"},\"sameAs\":[\"https:\\\/\\\/www.facebook.com\\\/noticiasmercedinas\\\/\",\"https:\\\/\\\/x.com\\\/notmercedinas\",\"https:\\\/\\\/www.instagram.com\\\/noticiasmercedinas\\\/\"]},{\"@type\":\"Person\",\"@id\":\"https:\\\/\\\/noticiasmercedinas.com\\\/site\\\/#\\\/schema\\\/person\\\/8f2f09d666ef40986eba4a5e6f2a06f9\",\"name\":\"Juan Dagnino NOTICIASMERCEDINAS.COM\",\"image\":{\"@type\":\"ImageObject\",\"inLanguage\":\"es\",\"@id\":\"https:\\\/\\\/secure.gravatar.com\\\/avatar\\\/fc7059a769f5a3cae65fadb228a3e4accf3a64b4b2305020d0a27e6d5333c91b?s=96&d=mm&r=g\",\"url\":\"https:\\\/\\\/secure.gravatar.com\\\/avatar\\\/fc7059a769f5a3cae65fadb228a3e4accf3a64b4b2305020d0a27e6d5333c91b?s=96&d=mm&r=g\",\"contentUrl\":\"https:\\\/\\\/secure.gravatar.com\\\/avatar\\\/fc7059a769f5a3cae65fadb228a3e4accf3a64b4b2305020d0a27e6d5333c91b?s=96&d=mm&r=g\",\"caption\":\"Juan Dagnino NOTICIASMERCEDINAS.COM\"},\"url\":\"https:\\\/\\\/noticiasmercedinas.com\\\/site\\\/author\\\/juandagnino\\\/\"}]}<\/script>\n<!-- \/ Yoast SEO plugin. -->","yoast_head_json":{"title":"Juan Lofrano dej\u00f3 buenos conceptos","robots":{"index":"index","follow":"follow","max-snippet":"max-snippet:-1","max-image-preview":"max-image-preview:large","max-video-preview":"max-video-preview:-1"},"canonical":"https:\/\/noticiasmercedinas.com\/site\/2020\/07\/20\/juan-lofrano-dejo-buenos-conceptos\/","og_locale":"es_ES","og_type":"article","og_title":"Juan Lofrano dej\u00f3 buenos conceptos","og_description":"\u25a0 En una charla v\u00eda Zoom organizada por el b\u00e1squet de Quilmes se trataron distintos temas. Todos relacionados con los entrenamientos y formaci\u00f3n de jugadores.","og_url":"https:\/\/noticiasmercedinas.com\/site\/2020\/07\/20\/juan-lofrano-dejo-buenos-conceptos\/","og_site_name":"NOTICIASMERCEDINAS.COM","article_publisher":"https:\/\/www.facebook.com\/noticiasmercedinas\/","article_published_time":"2020-07-20T18:39:42+00:00","og_image":[{"width":640,"height":350,"url":"https:\/\/noticiasmercedinas.com\/site\/wp-content\/uploads\/2020\/07\/zoolofrano.jpg","type":"image\/jpeg"}],"author":"Juan Dagnino NOTICIASMERCEDINAS.COM","twitter_card":"summary_large_image","twitter_creator":"@notmercedinas","twitter_site":"@notmercedinas","twitter_misc":{"Escrito por":"Juan Dagnino NOTICIASMERCEDINAS.COM","Tiempo de lectura":"4 minutos"},"schema":{"@context":"https:\/\/schema.org","@graph":[{"@type":"Article","@id":"https:\/\/noticiasmercedinas.com\/site\/2020\/07\/20\/juan-lofrano-dejo-buenos-conceptos\/#article","isPartOf":{"@id":"https:\/\/noticiasmercedinas.com\/site\/2020\/07\/20\/juan-lofrano-dejo-buenos-conceptos\/"},"author":{"name":"Juan Dagnino NOTICIASMERCEDINAS.COM","@id":"https:\/\/noticiasmercedinas.com\/site\/#\/schema\/person\/8f2f09d666ef40986eba4a5e6f2a06f9"},"headline":"Juan Lofrano dej\u00f3 buenos conceptos","datePublished":"2020-07-20T18:39:42+00:00","mainEntityOfPage":{"@id":"https:\/\/noticiasmercedinas.com\/site\/2020\/07\/20\/juan-lofrano-dejo-buenos-conceptos\/"},"wordCount":709,"commentCount":0,"publisher":{"@id":"https:\/\/noticiasmercedinas.com\/site\/#organization"},"image":{"@id":"https:\/\/noticiasmercedinas.com\/site\/2020\/07\/20\/juan-lofrano-dejo-buenos-conceptos\/#primaryimage"},"thumbnailUrl":"https:\/\/noticiasmercedinas.com\/site\/wp-content\/uploads\/2020\/07\/zoolofrano.jpg","keywords":["b\u00e1squet","juan lofrano","mini b\u00e1squet","quilmes"],"articleSection":["Deportes"],"inLanguage":"es","potentialAction":[{"@type":"CommentAction","name":"Comment","target":["https:\/\/noticiasmercedinas.com\/site\/2020\/07\/20\/juan-lofrano-dejo-buenos-conceptos\/#respond"]}]},{"@type":"WebPage","@id":"https:\/\/noticiasmercedinas.com\/site\/2020\/07\/20\/juan-lofrano-dejo-buenos-conceptos\/","url":"https:\/\/noticiasmercedinas.com\/site\/2020\/07\/20\/juan-lofrano-dejo-buenos-conceptos\/","name":"Juan Lofrano dej\u00f3 buenos conceptos","isPartOf":{"@id":"https:\/\/noticiasmercedinas.com\/site\/#website"},"primaryImageOfPage":{"@id":"https:\/\/noticiasmercedinas.com\/site\/2020\/07\/20\/juan-lofrano-dejo-buenos-conceptos\/#primaryimage"},"image":{"@id":"https:\/\/noticiasmercedinas.com\/site\/2020\/07\/20\/juan-lofrano-dejo-buenos-conceptos\/#primaryimage"},"thumbnailUrl":"https:\/\/noticiasmercedinas.com\/site\/wp-content\/uploads\/2020\/07\/zoolofrano.jpg","datePublished":"2020-07-20T18:39:42+00:00","breadcrumb":{"@id":"https:\/\/noticiasmercedinas.com\/site\/2020\/07\/20\/juan-lofrano-dejo-buenos-conceptos\/#breadcrumb"},"inLanguage":"es","potentialAction":[{"@type":"ReadAction","target":["https:\/\/noticiasmercedinas.com\/site\/2020\/07\/20\/juan-lofrano-dejo-buenos-conceptos\/"]}]},{"@type":"ImageObject","inLanguage":"es","@id":"https:\/\/noticiasmercedinas.com\/site\/2020\/07\/20\/juan-lofrano-dejo-buenos-conceptos\/#primaryimage","url":"https:\/\/noticiasmercedinas.com\/site\/wp-content\/uploads\/2020\/07\/zoolofrano.jpg","contentUrl":"https:\/\/noticiasmercedinas.com\/site\/wp-content\/uploads\/2020\/07\/zoolofrano.jpg","width":640,"height":350},{"@type":"BreadcrumbList","@id":"https:\/\/noticiasmercedinas.com\/site\/2020\/07\/20\/juan-lofrano-dejo-buenos-conceptos\/#breadcrumb","itemListElement":[{"@type":"ListItem","position":1,"name":"Portada","item":"https:\/\/noticiasmercedinas.com\/site\/"},{"@type":"ListItem","position":2,"name":"Juan Lofrano dej\u00f3 buenos conceptos"}]},{"@type":"WebSite","@id":"https:\/\/noticiasmercedinas.com\/site\/#website","url":"https:\/\/noticiasmercedinas.com\/site\/","name":"NOTICIASMERCEDINAS.COM","description":"Mercedes, Buenos Aires, Argentina","publisher":{"@id":"https:\/\/noticiasmercedinas.com\/site\/#organization"},"potentialAction":[{"@type":"SearchAction","target":{"@type":"EntryPoint","urlTemplate":"https:\/\/noticiasmercedinas.com\/site\/?s={search_term_string}"},"query-input":{"@type":"PropertyValueSpecification","valueRequired":true,"valueName":"search_term_string"}}],"inLanguage":"es"},{"@type":"Organization","@id":"https:\/\/noticiasmercedinas.com\/site\/#organization","name":"NOTICIASMERCEDINAS.COM","url":"https:\/\/noticiasmercedinas.com\/site\/","logo":{"@type":"ImageObject","inLanguage":"es","@id":"https:\/\/noticiasmercedinas.com\/site\/#\/schema\/logo\/image\/","url":"https:\/\/noticiasmercedinas.com\/site\/wp-content\/uploads\/2020\/06\/LOGO-512.jpg","contentUrl":"https:\/\/noticiasmercedinas.com\/site\/wp-content\/uploads\/2020\/06\/LOGO-512.jpg","width":512,"height":512,"caption":"NOTICIASMERCEDINAS.COM"},"image":{"@id":"https:\/\/noticiasmercedinas.com\/site\/#\/schema\/logo\/image\/"},"sameAs":["https:\/\/www.facebook.com\/noticiasmercedinas\/","https:\/\/x.com\/notmercedinas","https:\/\/www.instagram.com\/noticiasmercedinas\/"]},{"@type":"Person","@id":"https:\/\/noticiasmercedinas.com\/site\/#\/schema\/person\/8f2f09d666ef40986eba4a5e6f2a06f9","name":"Juan Dagnino NOTICIASMERCEDINAS.COM","image":{"@type":"ImageObject","inLanguage":"es","@id":"https:\/\/secure.gravatar.com\/avatar\/fc7059a769f5a3cae65fadb228a3e4accf3a64b4b2305020d0a27e6d5333c91b?s=96&d=mm&r=g","url":"https:\/\/secure.gravatar.com\/avatar\/fc7059a769f5a3cae65fadb228a3e4accf3a64b4b2305020d0a27e6d5333c91b?s=96&d=mm&r=g","contentUrl":"https:\/\/secure.gravatar.com\/avatar\/fc7059a769f5a3cae65fadb228a3e4accf3a64b4b2305020d0a27e6d5333c91b?s=96&d=mm&r=g","caption":"Juan Dagnino NOTICIASMERCEDINAS.COM"},"url":"https:\/\/noticiasmercedinas.com\/site\/author\/juandagnino\/"}]}},"amp_enabled":true,"_links":{"self":[{"href":"https:\/\/noticiasmercedinas.com\/site\/wp-json\/wp\/v2\/posts\/49252","targetHints":{"allow":["GET"]}}],"collection":[{"href":"https:\/\/noticiasmercedinas.com\/site\/wp-json\/wp\/v2\/posts"}],"about":[{"href":"https:\/\/noticiasmercedinas.com\/site\/wp-json\/wp\/v2\/types\/post"}],"author":[{"embeddable":true,"href":"https:\/\/noticiasmercedinas.com\/site\/wp-json\/wp\/v2\/users\/6"}],"replies":[{"embeddable":true,"href":"https:\/\/noticiasmercedinas.com\/site\/wp-json\/wp\/v2\/comments?post=49252"}],"version-history":[{"count":1,"href":"https:\/\/noticiasmercedinas.com\/site\/wp-json\/wp\/v2\/posts\/49252\/revisions"}],"predecessor-version":[{"id":49254,"href":"https:\/\/noticiasmercedinas.com\/site\/wp-json\/wp\/v2\/posts\/49252\/revisions\/49254"}],"wp:featuredmedia":[{"embeddable":true,"href":"https:\/\/noticiasmercedinas.com\/site\/wp-json\/wp\/v2\/media\/49253"}],"wp:attachment":[{"href":"https:\/\/noticiasmercedinas.com\/site\/wp-json\/wp\/v2\/media?parent=49252"}],"wp:term":[{"taxonomy":"category","embeddable":true,"href":"https:\/\/noticiasmercedinas.com\/site\/wp-json\/wp\/v2\/categories?post=49252"},{"taxonomy":"post_tag","embeddable":true,"href":"https:\/\/noticiasmercedinas.com\/site\/wp-json\/wp\/v2\/tags?post=49252"}],"curies":[{"name":"wp","href":"https:\/\/api.w.org\/{rel}","templated":true}]}}