{"id":49378,"date":"2020-07-22T14:43:46","date_gmt":"2020-07-22T17:43:46","guid":{"rendered":"https:\/\/noticiasmercedinas.com\/site\/?p=49378"},"modified":"2020-07-22T14:43:46","modified_gmt":"2020-07-22T17:43:46","slug":"supervisan-avance-de-obras-en-autopista-pilar-pergamino","status":"publish","type":"post","link":"https:\/\/noticiasmercedinas.com\/site\/2020\/07\/22\/supervisan-avance-de-obras-en-autopista-pilar-pergamino\/","title":{"rendered":"Supervisan avance de obras en autopista Pilar &#8211; Pergamino"},"content":{"rendered":"<p><img loading=\"lazy\" decoding=\"async\" class=\"alignnone size-large wp-image-49379\" src=\"https:\/\/noticiasmercedinas.com\/site\/wp-content\/uploads\/2020\/07\/GUSTAVO-ARRIETA-SUPERVIS\u00d3-EL-AVANCE-DE-LAS-OBRAS-EN-LA-AUTOPISTA-PILAR-PERGAMINO-I-1024x576.jpeg\" alt=\"\" width=\"640\" height=\"360\" srcset=\"https:\/\/noticiasmercedinas.com\/site\/wp-content\/uploads\/2020\/07\/GUSTAVO-ARRIETA-SUPERVIS\u00d3-EL-AVANCE-DE-LAS-OBRAS-EN-LA-AUTOPISTA-PILAR-PERGAMINO-I-1024x576.jpeg 1024w, https:\/\/noticiasmercedinas.com\/site\/wp-content\/uploads\/2020\/07\/GUSTAVO-ARRIETA-SUPERVIS\u00d3-EL-AVANCE-DE-LAS-OBRAS-EN-LA-AUTOPISTA-PILAR-PERGAMINO-I-300x169.jpeg 300w, https:\/\/noticiasmercedinas.com\/site\/wp-content\/uploads\/2020\/07\/GUSTAVO-ARRIETA-SUPERVIS\u00d3-EL-AVANCE-DE-LAS-OBRAS-EN-LA-AUTOPISTA-PILAR-PERGAMINO-I-768x432.jpeg 768w, https:\/\/noticiasmercedinas.com\/site\/wp-content\/uploads\/2020\/07\/GUSTAVO-ARRIETA-SUPERVIS\u00d3-EL-AVANCE-DE-LAS-OBRAS-EN-LA-AUTOPISTA-PILAR-PERGAMINO-I-640x360.jpeg 640w, https:\/\/noticiasmercedinas.com\/site\/wp-content\/uploads\/2020\/07\/GUSTAVO-ARRIETA-SUPERVIS\u00d3-EL-AVANCE-DE-LAS-OBRAS-EN-LA-AUTOPISTA-PILAR-PERGAMINO-I-681x383.jpeg 681w, https:\/\/noticiasmercedinas.com\/site\/wp-content\/uploads\/2020\/07\/GUSTAVO-ARRIETA-SUPERVIS\u00d3-EL-AVANCE-DE-LAS-OBRAS-EN-LA-AUTOPISTA-PILAR-PERGAMINO-I.jpeg 1280w\" sizes=\"auto, (max-width: 640px) 100vw, 640px\" \/><\/p>\n<p>El administrador general de Vialidad Nacional, Gustavo Arrieta, recorri\u00f3 este martes distintos frentes de la ruta nacional 8, donde se encuentra en marcha la construcci\u00f3n de la Autopista Pilar-Pergamino. Se trata de uno de los proyectos de infraestructura vial m\u00e1s importantes del pa\u00eds que beneficiar\u00e1 a miles de usuarios y viajeros del norte bonaerense.<\/p>\n<blockquote><p>Arrieta se encontr\u00f3 en San Antonio de Areco con el ministro de Obras P\u00fablicas, Gabriel Katopodis, para supervisar el avance de la nueva variante de la ruta 8 a dicha localidad.<\/p><\/blockquote>\n<p>Arrieta se encontr\u00f3 en San Antonio de Areco con el ministro de Obras P\u00fablicas, Gabriel Katopodis, para supervisar el avance de la nueva variante de la ruta 8 a dicha localidad. Los funcionarios estuvieron acompa\u00f1ados por el subadministrador del organismo, Alejandro Urdampilleta, el gerente de Relaciones Institucionales, Federico Stiz, el vicepresidente de Corredores Viales SA, Eduardo M\u00e1rquez y el senador bonaerense, Francisco \u201cPaco\u201d Dura\u00f1ona.<\/p>\n<p>La Autopista Pilar-Pergamino es una de las obras viales m\u00e1s importantes del pa\u00eds que actualmente ejecuta el Ministerio de Obras P\u00fablicas, a trav\u00e9s de Vialidad Nacional. Este nuevo corredor beneficiar\u00e1 a m\u00e1s de 33.000 usuarios por d\u00eda y optimizar\u00e1 la circulaci\u00f3n y el traslado de \u00f3mnibus y camiones de larga distancia.<\/p>\n<p>\u201cContinuamos con la ejecuci\u00f3n del plan Argentina Hace, un programa de inversi\u00f3n p\u00fablica vital para la reactivaci\u00f3n de la econom\u00eda. Gracias a la decisi\u00f3n del presidente del presidente Alberto Fern\u00e1ndez y del ministro Katopodis pudimos reiniciar la construcci\u00f3n de la Autopista Pilar-Pergamino que, de no mediar ning\u00fan inconveniente, vamos a concluir en el pr\u00f3ximo a\u00f1o y medio\u201d, manifest\u00f3 Gustavo Arrieta, administrador general de Vialidad Nacional.<\/p>\n<p>La ruta 8 es un corredor neur\u00e1lgico de la Argentina, vital para la producci\u00f3n agro-ganadera del norte bonaerense y el sur santafesino, una de las regiones m\u00e1s f\u00e9rtiles y productivas de Sudam\u00e9rica. La nueva autopista constituir\u00e1 una v\u00eda r\u00e1pida y directa para el traslado de la producci\u00f3n regional a un costo notablemente inferior.<\/p>\n<p><img loading=\"lazy\" decoding=\"async\" class=\"alignnone size-large wp-image-49380\" src=\"https:\/\/noticiasmercedinas.com\/site\/wp-content\/uploads\/2020\/07\/GUSTAVO-ARRIETA-SUPERVIS\u00d3-EL-AVANCE-DE-LAS-OBRAS-EN-LA-AUTOPISTA-PILAR-PERGAMINO-IV-1024x682.jpeg\" alt=\"\" width=\"640\" height=\"426\" srcset=\"https:\/\/noticiasmercedinas.com\/site\/wp-content\/uploads\/2020\/07\/GUSTAVO-ARRIETA-SUPERVIS\u00d3-EL-AVANCE-DE-LAS-OBRAS-EN-LA-AUTOPISTA-PILAR-PERGAMINO-IV-1024x682.jpeg 1024w, https:\/\/noticiasmercedinas.com\/site\/wp-content\/uploads\/2020\/07\/GUSTAVO-ARRIETA-SUPERVIS\u00d3-EL-AVANCE-DE-LAS-OBRAS-EN-LA-AUTOPISTA-PILAR-PERGAMINO-IV-300x200.jpeg 300w, https:\/\/noticiasmercedinas.com\/site\/wp-content\/uploads\/2020\/07\/GUSTAVO-ARRIETA-SUPERVIS\u00d3-EL-AVANCE-DE-LAS-OBRAS-EN-LA-AUTOPISTA-PILAR-PERGAMINO-IV-768x512.jpeg 768w, https:\/\/noticiasmercedinas.com\/site\/wp-content\/uploads\/2020\/07\/GUSTAVO-ARRIETA-SUPERVIS\u00d3-EL-AVANCE-DE-LAS-OBRAS-EN-LA-AUTOPISTA-PILAR-PERGAMINO-IV-640x427.jpeg 640w, https:\/\/noticiasmercedinas.com\/site\/wp-content\/uploads\/2020\/07\/GUSTAVO-ARRIETA-SUPERVIS\u00d3-EL-AVANCE-DE-LAS-OBRAS-EN-LA-AUTOPISTA-PILAR-PERGAMINO-IV-681x454.jpeg 681w, https:\/\/noticiasmercedinas.com\/site\/wp-content\/uploads\/2020\/07\/GUSTAVO-ARRIETA-SUPERVIS\u00d3-EL-AVANCE-DE-LAS-OBRAS-EN-LA-AUTOPISTA-PILAR-PERGAMINO-IV.jpeg 1280w\" sizes=\"auto, (max-width: 640px) 100vw, 640px\" \/><\/p>\n","protected":false},"excerpt":{"rendered":"<p>\u25a0 Encuentro en Areco con el ministro Gabriel Katopodis. La ruta 8 es un corredor neur\u00e1lgico, vital para la producci\u00f3n agro-ganadera del norte bonaerense y el sur santafesino<\/p>\n","protected":false},"author":16,"featured_media":49379,"comment_status":"open","ping_status":"open","sticky":false,"template":"","format":"standard","meta":{"footnotes":""},"categories":[139],"tags":[9729,835,36,9730],"class_list":["post-49378","post","type-post","status-publish","format-standard","has-post-thumbnail","hentry","category-regionales","tag-areco","tag-gustavo-arrieta","tag-obras","tag-paco-duranona"],"yoast_head":"<!-- This site is optimized with the Yoast SEO plugin v27.4 - https:\/\/yoast.com\/product\/yoast-seo-wordpress\/ -->\n<title>Supervisan avance de obras en autopista Pilar - Pergamino<\/title>\n<meta name=\"robots\" content=\"index, follow, max-snippet:-1, max-image-preview:large, max-video-preview:-1\" \/>\n<link rel=\"canonical\" href=\"https:\/\/noticiasmercedinas.com\/site\/2020\/07\/22\/supervisan-avance-de-obras-en-autopista-pilar-pergamino\/\" \/>\n<meta property=\"og:locale\" content=\"es_ES\" \/>\n<meta property=\"og:type\" content=\"article\" \/>\n<meta property=\"og:title\" content=\"Supervisan avance de obras en autopista Pilar - Pergamino\" \/>\n<meta property=\"og:description\" content=\"\u25a0 Encuentro en Areco con el ministro Gabriel Katopodis. La ruta 8 es un corredor neur\u00e1lgico, vital para la producci\u00f3n agro-ganadera del norte bonaerense y el sur santafesino\" \/>\n<meta property=\"og:url\" content=\"https:\/\/noticiasmercedinas.com\/site\/2020\/07\/22\/supervisan-avance-de-obras-en-autopista-pilar-pergamino\/\" \/>\n<meta property=\"og:site_name\" content=\"NOTICIASMERCEDINAS.COM\" \/>\n<meta property=\"article:publisher\" content=\"https:\/\/www.facebook.com\/noticiasmercedinas\/\" \/>\n<meta property=\"article:published_time\" content=\"2020-07-22T17:43:46+00:00\" \/>\n<meta property=\"og:image\" content=\"https:\/\/noticiasmercedinas.com\/site\/wp-content\/uploads\/2020\/07\/GUSTAVO-ARRIETA-SUPERVIS\u00d3-EL-AVANCE-DE-LAS-OBRAS-EN-LA-AUTOPISTA-PILAR-PERGAMINO-I.jpeg\" \/>\n\t<meta property=\"og:image:width\" content=\"1280\" \/>\n\t<meta property=\"og:image:height\" content=\"720\" \/>\n\t<meta property=\"og:image:type\" content=\"image\/jpeg\" \/>\n<meta name=\"author\" content=\"NOTICIASMERCEDINAS.COM\" \/>\n<meta name=\"twitter:card\" content=\"summary_large_image\" \/>\n<meta name=\"twitter:creator\" content=\"@notmercedinas\" \/>\n<meta name=\"twitter:site\" content=\"@notmercedinas\" \/>\n<meta name=\"twitter:label1\" content=\"Escrito por\" \/>\n\t<meta name=\"twitter:data1\" content=\"NOTICIASMERCEDINAS.COM\" \/>\n\t<meta name=\"twitter:label2\" content=\"Tiempo de lectura\" \/>\n\t<meta name=\"twitter:data2\" content=\"2 minutos\" \/>\n<script type=\"application\/ld+json\" class=\"yoast-schema-graph\">{\"@context\":\"https:\\\/\\\/schema.org\",\"@graph\":[{\"@type\":\"Article\",\"@id\":\"https:\\\/\\\/noticiasmercedinas.com\\\/site\\\/2020\\\/07\\\/22\\\/supervisan-avance-de-obras-en-autopista-pilar-pergamino\\\/#article\",\"isPartOf\":{\"@id\":\"https:\\\/\\\/noticiasmercedinas.com\\\/site\\\/2020\\\/07\\\/22\\\/supervisan-avance-de-obras-en-autopista-pilar-pergamino\\\/\"},\"author\":{\"name\":\"NOTICIASMERCEDINAS.COM\",\"@id\":\"https:\\\/\\\/noticiasmercedinas.com\\\/site\\\/#\\\/schema\\\/person\\\/84b59c099c28ff2e8b77d4ceec5d8063\"},\"headline\":\"Supervisan avance de obras en autopista Pilar &#8211; Pergamino\",\"datePublished\":\"2020-07-22T17:43:46+00:00\",\"mainEntityOfPage\":{\"@id\":\"https:\\\/\\\/noticiasmercedinas.com\\\/site\\\/2020\\\/07\\\/22\\\/supervisan-avance-de-obras-en-autopista-pilar-pergamino\\\/\"},\"wordCount\":356,\"commentCount\":0,\"publisher\":{\"@id\":\"https:\\\/\\\/noticiasmercedinas.com\\\/site\\\/#organization\"},\"image\":{\"@id\":\"https:\\\/\\\/noticiasmercedinas.com\\\/site\\\/2020\\\/07\\\/22\\\/supervisan-avance-de-obras-en-autopista-pilar-pergamino\\\/#primaryimage\"},\"thumbnailUrl\":\"https:\\\/\\\/noticiasmercedinas.com\\\/site\\\/wp-content\\\/uploads\\\/2020\\\/07\\\/GUSTAVO-ARRIETA-SUPERVIS\u00d3-EL-AVANCE-DE-LAS-OBRAS-EN-LA-AUTOPISTA-PILAR-PERGAMINO-I.jpeg\",\"keywords\":[\"areco\",\"Gustavo Arrieta\",\"obras\",\"paco dura\u00f1ona\"],\"articleSection\":[\"Regionales\"],\"inLanguage\":\"es\",\"potentialAction\":[{\"@type\":\"CommentAction\",\"name\":\"Comment\",\"target\":[\"https:\\\/\\\/noticiasmercedinas.com\\\/site\\\/2020\\\/07\\\/22\\\/supervisan-avance-de-obras-en-autopista-pilar-pergamino\\\/#respond\"]}]},{\"@type\":\"WebPage\",\"@id\":\"https:\\\/\\\/noticiasmercedinas.com\\\/site\\\/2020\\\/07\\\/22\\\/supervisan-avance-de-obras-en-autopista-pilar-pergamino\\\/\",\"url\":\"https:\\\/\\\/noticiasmercedinas.com\\\/site\\\/2020\\\/07\\\/22\\\/supervisan-avance-de-obras-en-autopista-pilar-pergamino\\\/\",\"name\":\"Supervisan avance de obras en autopista Pilar - Pergamino\",\"isPartOf\":{\"@id\":\"https:\\\/\\\/noticiasmercedinas.com\\\/site\\\/#website\"},\"primaryImageOfPage\":{\"@id\":\"https:\\\/\\\/noticiasmercedinas.com\\\/site\\\/2020\\\/07\\\/22\\\/supervisan-avance-de-obras-en-autopista-pilar-pergamino\\\/#primaryimage\"},\"image\":{\"@id\":\"https:\\\/\\\/noticiasmercedinas.com\\\/site\\\/2020\\\/07\\\/22\\\/supervisan-avance-de-obras-en-autopista-pilar-pergamino\\\/#primaryimage\"},\"thumbnailUrl\":\"https:\\\/\\\/noticiasmercedinas.com\\\/site\\\/wp-content\\\/uploads\\\/2020\\\/07\\\/GUSTAVO-ARRIETA-SUPERVIS\u00d3-EL-AVANCE-DE-LAS-OBRAS-EN-LA-AUTOPISTA-PILAR-PERGAMINO-I.jpeg\",\"datePublished\":\"2020-07-22T17:43:46+00:00\",\"breadcrumb\":{\"@id\":\"https:\\\/\\\/noticiasmercedinas.com\\\/site\\\/2020\\\/07\\\/22\\\/supervisan-avance-de-obras-en-autopista-pilar-pergamino\\\/#breadcrumb\"},\"inLanguage\":\"es\",\"potentialAction\":[{\"@type\":\"ReadAction\",\"target\":[\"https:\\\/\\\/noticiasmercedinas.com\\\/site\\\/2020\\\/07\\\/22\\\/supervisan-avance-de-obras-en-autopista-pilar-pergamino\\\/\"]}]},{\"@type\":\"ImageObject\",\"inLanguage\":\"es\",\"@id\":\"https:\\\/\\\/noticiasmercedinas.com\\\/site\\\/2020\\\/07\\\/22\\\/supervisan-avance-de-obras-en-autopista-pilar-pergamino\\\/#primaryimage\",\"url\":\"https:\\\/\\\/noticiasmercedinas.com\\\/site\\\/wp-content\\\/uploads\\\/2020\\\/07\\\/GUSTAVO-ARRIETA-SUPERVIS\u00d3-EL-AVANCE-DE-LAS-OBRAS-EN-LA-AUTOPISTA-PILAR-PERGAMINO-I.jpeg\",\"contentUrl\":\"https:\\\/\\\/noticiasmercedinas.com\\\/site\\\/wp-content\\\/uploads\\\/2020\\\/07\\\/GUSTAVO-ARRIETA-SUPERVIS\u00d3-EL-AVANCE-DE-LAS-OBRAS-EN-LA-AUTOPISTA-PILAR-PERGAMINO-I.jpeg\",\"width\":1280,\"height\":720},{\"@type\":\"BreadcrumbList\",\"@id\":\"https:\\\/\\\/noticiasmercedinas.com\\\/site\\\/2020\\\/07\\\/22\\\/supervisan-avance-de-obras-en-autopista-pilar-pergamino\\\/#breadcrumb\",\"itemListElement\":[{\"@type\":\"ListItem\",\"position\":1,\"name\":\"Portada\",\"item\":\"https:\\\/\\\/noticiasmercedinas.com\\\/site\\\/\"},{\"@type\":\"ListItem\",\"position\":2,\"name\":\"Supervisan avance de obras en autopista Pilar &#8211; Pergamino\"}]},{\"@type\":\"WebSite\",\"@id\":\"https:\\\/\\\/noticiasmercedinas.com\\\/site\\\/#website\",\"url\":\"https:\\\/\\\/noticiasmercedinas.com\\\/site\\\/\",\"name\":\"NOTICIASMERCEDINAS.COM\",\"description\":\"Mercedes, Buenos Aires, Argentina\",\"publisher\":{\"@id\":\"https:\\\/\\\/noticiasmercedinas.com\\\/site\\\/#organization\"},\"potentialAction\":[{\"@type\":\"SearchAction\",\"target\":{\"@type\":\"EntryPoint\",\"urlTemplate\":\"https:\\\/\\\/noticiasmercedinas.com\\\/site\\\/?s={search_term_string}\"},\"query-input\":{\"@type\":\"PropertyValueSpecification\",\"valueRequired\":true,\"valueName\":\"search_term_string\"}}],\"inLanguage\":\"es\"},{\"@type\":\"Organization\",\"@id\":\"https:\\\/\\\/noticiasmercedinas.com\\\/site\\\/#organization\",\"name\":\"NOTICIASMERCEDINAS.COM\",\"url\":\"https:\\\/\\\/noticiasmercedinas.com\\\/site\\\/\",\"logo\":{\"@type\":\"ImageObject\",\"inLanguage\":\"es\",\"@id\":\"https:\\\/\\\/noticiasmercedinas.com\\\/site\\\/#\\\/schema\\\/logo\\\/image\\\/\",\"url\":\"https:\\\/\\\/noticiasmercedinas.com\\\/site\\\/wp-content\\\/uploads\\\/2020\\\/06\\\/LOGO-512.jpg\",\"contentUrl\":\"https:\\\/\\\/noticiasmercedinas.com\\\/site\\\/wp-content\\\/uploads\\\/2020\\\/06\\\/LOGO-512.jpg\",\"width\":512,\"height\":512,\"caption\":\"NOTICIASMERCEDINAS.COM\"},\"image\":{\"@id\":\"https:\\\/\\\/noticiasmercedinas.com\\\/site\\\/#\\\/schema\\\/logo\\\/image\\\/\"},\"sameAs\":[\"https:\\\/\\\/www.facebook.com\\\/noticiasmercedinas\\\/\",\"https:\\\/\\\/x.com\\\/notmercedinas\",\"https:\\\/\\\/www.instagram.com\\\/noticiasmercedinas\\\/\"]},{\"@type\":\"Person\",\"@id\":\"https:\\\/\\\/noticiasmercedinas.com\\\/site\\\/#\\\/schema\\\/person\\\/84b59c099c28ff2e8b77d4ceec5d8063\",\"name\":\"NOTICIASMERCEDINAS.COM\",\"image\":{\"@type\":\"ImageObject\",\"inLanguage\":\"es\",\"@id\":\"https:\\\/\\\/secure.gravatar.com\\\/avatar\\\/4dfbf16b4d17945bfb6341b2d19043457132fcf478a5ee04f42e959fd8f5df0a?s=96&d=mm&r=g\",\"url\":\"https:\\\/\\\/secure.gravatar.com\\\/avatar\\\/4dfbf16b4d17945bfb6341b2d19043457132fcf478a5ee04f42e959fd8f5df0a?s=96&d=mm&r=g\",\"contentUrl\":\"https:\\\/\\\/secure.gravatar.com\\\/avatar\\\/4dfbf16b4d17945bfb6341b2d19043457132fcf478a5ee04f42e959fd8f5df0a?s=96&d=mm&r=g\",\"caption\":\"NOTICIASMERCEDINAS.COM\"},\"url\":\"https:\\\/\\\/noticiasmercedinas.com\\\/site\\\/author\\\/anonimo\\\/\"}]}<\/script>\n<!-- \/ Yoast SEO plugin. -->","yoast_head_json":{"title":"Supervisan avance de obras en autopista Pilar - Pergamino","robots":{"index":"index","follow":"follow","max-snippet":"max-snippet:-1","max-image-preview":"max-image-preview:large","max-video-preview":"max-video-preview:-1"},"canonical":"https:\/\/noticiasmercedinas.com\/site\/2020\/07\/22\/supervisan-avance-de-obras-en-autopista-pilar-pergamino\/","og_locale":"es_ES","og_type":"article","og_title":"Supervisan avance de obras en autopista Pilar - Pergamino","og_description":"\u25a0 Encuentro en Areco con el ministro Gabriel Katopodis. La ruta 8 es un corredor neur\u00e1lgico, vital para la producci\u00f3n agro-ganadera del norte bonaerense y el sur santafesino","og_url":"https:\/\/noticiasmercedinas.com\/site\/2020\/07\/22\/supervisan-avance-de-obras-en-autopista-pilar-pergamino\/","og_site_name":"NOTICIASMERCEDINAS.COM","article_publisher":"https:\/\/www.facebook.com\/noticiasmercedinas\/","article_published_time":"2020-07-22T17:43:46+00:00","og_image":[{"width":1280,"height":720,"url":"https:\/\/noticiasmercedinas.com\/site\/wp-content\/uploads\/2020\/07\/GUSTAVO-ARRIETA-SUPERVIS\u00d3-EL-AVANCE-DE-LAS-OBRAS-EN-LA-AUTOPISTA-PILAR-PERGAMINO-I.jpeg","type":"image\/jpeg"}],"author":"NOTICIASMERCEDINAS.COM","twitter_card":"summary_large_image","twitter_creator":"@notmercedinas","twitter_site":"@notmercedinas","twitter_misc":{"Escrito por":"NOTICIASMERCEDINAS.COM","Tiempo de lectura":"2 minutos"},"schema":{"@context":"https:\/\/schema.org","@graph":[{"@type":"Article","@id":"https:\/\/noticiasmercedinas.com\/site\/2020\/07\/22\/supervisan-avance-de-obras-en-autopista-pilar-pergamino\/#article","isPartOf":{"@id":"https:\/\/noticiasmercedinas.com\/site\/2020\/07\/22\/supervisan-avance-de-obras-en-autopista-pilar-pergamino\/"},"author":{"name":"NOTICIASMERCEDINAS.COM","@id":"https:\/\/noticiasmercedinas.com\/site\/#\/schema\/person\/84b59c099c28ff2e8b77d4ceec5d8063"},"headline":"Supervisan avance de obras en autopista Pilar &#8211; Pergamino","datePublished":"2020-07-22T17:43:46+00:00","mainEntityOfPage":{"@id":"https:\/\/noticiasmercedinas.com\/site\/2020\/07\/22\/supervisan-avance-de-obras-en-autopista-pilar-pergamino\/"},"wordCount":356,"commentCount":0,"publisher":{"@id":"https:\/\/noticiasmercedinas.com\/site\/#organization"},"image":{"@id":"https:\/\/noticiasmercedinas.com\/site\/2020\/07\/22\/supervisan-avance-de-obras-en-autopista-pilar-pergamino\/#primaryimage"},"thumbnailUrl":"https:\/\/noticiasmercedinas.com\/site\/wp-content\/uploads\/2020\/07\/GUSTAVO-ARRIETA-SUPERVIS\u00d3-EL-AVANCE-DE-LAS-OBRAS-EN-LA-AUTOPISTA-PILAR-PERGAMINO-I.jpeg","keywords":["areco","Gustavo Arrieta","obras","paco dura\u00f1ona"],"articleSection":["Regionales"],"inLanguage":"es","potentialAction":[{"@type":"CommentAction","name":"Comment","target":["https:\/\/noticiasmercedinas.com\/site\/2020\/07\/22\/supervisan-avance-de-obras-en-autopista-pilar-pergamino\/#respond"]}]},{"@type":"WebPage","@id":"https:\/\/noticiasmercedinas.com\/site\/2020\/07\/22\/supervisan-avance-de-obras-en-autopista-pilar-pergamino\/","url":"https:\/\/noticiasmercedinas.com\/site\/2020\/07\/22\/supervisan-avance-de-obras-en-autopista-pilar-pergamino\/","name":"Supervisan avance de obras en autopista Pilar - Pergamino","isPartOf":{"@id":"https:\/\/noticiasmercedinas.com\/site\/#website"},"primaryImageOfPage":{"@id":"https:\/\/noticiasmercedinas.com\/site\/2020\/07\/22\/supervisan-avance-de-obras-en-autopista-pilar-pergamino\/#primaryimage"},"image":{"@id":"https:\/\/noticiasmercedinas.com\/site\/2020\/07\/22\/supervisan-avance-de-obras-en-autopista-pilar-pergamino\/#primaryimage"},"thumbnailUrl":"https:\/\/noticiasmercedinas.com\/site\/wp-content\/uploads\/2020\/07\/GUSTAVO-ARRIETA-SUPERVIS\u00d3-EL-AVANCE-DE-LAS-OBRAS-EN-LA-AUTOPISTA-PILAR-PERGAMINO-I.jpeg","datePublished":"2020-07-22T17:43:46+00:00","breadcrumb":{"@id":"https:\/\/noticiasmercedinas.com\/site\/2020\/07\/22\/supervisan-avance-de-obras-en-autopista-pilar-pergamino\/#breadcrumb"},"inLanguage":"es","potentialAction":[{"@type":"ReadAction","target":["https:\/\/noticiasmercedinas.com\/site\/2020\/07\/22\/supervisan-avance-de-obras-en-autopista-pilar-pergamino\/"]}]},{"@type":"ImageObject","inLanguage":"es","@id":"https:\/\/noticiasmercedinas.com\/site\/2020\/07\/22\/supervisan-avance-de-obras-en-autopista-pilar-pergamino\/#primaryimage","url":"https:\/\/noticiasmercedinas.com\/site\/wp-content\/uploads\/2020\/07\/GUSTAVO-ARRIETA-SUPERVIS\u00d3-EL-AVANCE-DE-LAS-OBRAS-EN-LA-AUTOPISTA-PILAR-PERGAMINO-I.jpeg","contentUrl":"https:\/\/noticiasmercedinas.com\/site\/wp-content\/uploads\/2020\/07\/GUSTAVO-ARRIETA-SUPERVIS\u00d3-EL-AVANCE-DE-LAS-OBRAS-EN-LA-AUTOPISTA-PILAR-PERGAMINO-I.jpeg","width":1280,"height":720},{"@type":"BreadcrumbList","@id":"https:\/\/noticiasmercedinas.com\/site\/2020\/07\/22\/supervisan-avance-de-obras-en-autopista-pilar-pergamino\/#breadcrumb","itemListElement":[{"@type":"ListItem","position":1,"name":"Portada","item":"https:\/\/noticiasmercedinas.com\/site\/"},{"@type":"ListItem","position":2,"name":"Supervisan avance de obras en autopista Pilar &#8211; Pergamino"}]},{"@type":"WebSite","@id":"https:\/\/noticiasmercedinas.com\/site\/#website","url":"https:\/\/noticiasmercedinas.com\/site\/","name":"NOTICIASMERCEDINAS.COM","description":"Mercedes, Buenos Aires, Argentina","publisher":{"@id":"https:\/\/noticiasmercedinas.com\/site\/#organization"},"potentialAction":[{"@type":"SearchAction","target":{"@type":"EntryPoint","urlTemplate":"https:\/\/noticiasmercedinas.com\/site\/?s={search_term_string}"},"query-input":{"@type":"PropertyValueSpecification","valueRequired":true,"valueName":"search_term_string"}}],"inLanguage":"es"},{"@type":"Organization","@id":"https:\/\/noticiasmercedinas.com\/site\/#organization","name":"NOTICIASMERCEDINAS.COM","url":"https:\/\/noticiasmercedinas.com\/site\/","logo":{"@type":"ImageObject","inLanguage":"es","@id":"https:\/\/noticiasmercedinas.com\/site\/#\/schema\/logo\/image\/","url":"https:\/\/noticiasmercedinas.com\/site\/wp-content\/uploads\/2020\/06\/LOGO-512.jpg","contentUrl":"https:\/\/noticiasmercedinas.com\/site\/wp-content\/uploads\/2020\/06\/LOGO-512.jpg","width":512,"height":512,"caption":"NOTICIASMERCEDINAS.COM"},"image":{"@id":"https:\/\/noticiasmercedinas.com\/site\/#\/schema\/logo\/image\/"},"sameAs":["https:\/\/www.facebook.com\/noticiasmercedinas\/","https:\/\/x.com\/notmercedinas","https:\/\/www.instagram.com\/noticiasmercedinas\/"]},{"@type":"Person","@id":"https:\/\/noticiasmercedinas.com\/site\/#\/schema\/person\/84b59c099c28ff2e8b77d4ceec5d8063","name":"NOTICIASMERCEDINAS.COM","image":{"@type":"ImageObject","inLanguage":"es","@id":"https:\/\/secure.gravatar.com\/avatar\/4dfbf16b4d17945bfb6341b2d19043457132fcf478a5ee04f42e959fd8f5df0a?s=96&d=mm&r=g","url":"https:\/\/secure.gravatar.com\/avatar\/4dfbf16b4d17945bfb6341b2d19043457132fcf478a5ee04f42e959fd8f5df0a?s=96&d=mm&r=g","contentUrl":"https:\/\/secure.gravatar.com\/avatar\/4dfbf16b4d17945bfb6341b2d19043457132fcf478a5ee04f42e959fd8f5df0a?s=96&d=mm&r=g","caption":"NOTICIASMERCEDINAS.COM"},"url":"https:\/\/noticiasmercedinas.com\/site\/author\/anonimo\/"}]}},"amp_enabled":true,"_links":{"self":[{"href":"https:\/\/noticiasmercedinas.com\/site\/wp-json\/wp\/v2\/posts\/49378","targetHints":{"allow":["GET"]}}],"collection":[{"href":"https:\/\/noticiasmercedinas.com\/site\/wp-json\/wp\/v2\/posts"}],"about":[{"href":"https:\/\/noticiasmercedinas.com\/site\/wp-json\/wp\/v2\/types\/post"}],"author":[{"embeddable":true,"href":"https:\/\/noticiasmercedinas.com\/site\/wp-json\/wp\/v2\/users\/16"}],"replies":[{"embeddable":true,"href":"https:\/\/noticiasmercedinas.com\/site\/wp-json\/wp\/v2\/comments?post=49378"}],"version-history":[{"count":1,"href":"https:\/\/noticiasmercedinas.com\/site\/wp-json\/wp\/v2\/posts\/49378\/revisions"}],"predecessor-version":[{"id":49381,"href":"https:\/\/noticiasmercedinas.com\/site\/wp-json\/wp\/v2\/posts\/49378\/revisions\/49381"}],"wp:featuredmedia":[{"embeddable":true,"href":"https:\/\/noticiasmercedinas.com\/site\/wp-json\/wp\/v2\/media\/49379"}],"wp:attachment":[{"href":"https:\/\/noticiasmercedinas.com\/site\/wp-json\/wp\/v2\/media?parent=49378"}],"wp:term":[{"taxonomy":"category","embeddable":true,"href":"https:\/\/noticiasmercedinas.com\/site\/wp-json\/wp\/v2\/categories?post=49378"},{"taxonomy":"post_tag","embeddable":true,"href":"https:\/\/noticiasmercedinas.com\/site\/wp-json\/wp\/v2\/tags?post=49378"}],"curies":[{"name":"wp","href":"https:\/\/api.w.org\/{rel}","templated":true}]}}