{"id":49459,"date":"2020-07-23T12:51:26","date_gmt":"2020-07-23T15:51:26","guid":{"rendered":"https:\/\/noticiasmercedinas.com\/site\/?p=49459"},"modified":"2020-07-23T16:48:46","modified_gmt":"2020-07-23T19:48:46","slug":"jornada-virtual-a-puertas-abiertas-en-la-siglo21","status":"publish","type":"post","link":"https:\/\/noticiasmercedinas.com\/site\/2020\/07\/23\/jornada-virtual-a-puertas-abiertas-en-la-siglo21\/","title":{"rendered":"Jornada virtual a puertas abiertas en la Siglo 21"},"content":{"rendered":"<p><img loading=\"lazy\" decoding=\"async\" class=\"alignnone size-large wp-image-43321\" src=\"https:\/\/noticiasmercedinas.com\/site\/wp-content\/uploads\/2020\/04\/siglo18-1024x657.jpg\" alt=\"\" width=\"640\" height=\"411\" srcset=\"https:\/\/noticiasmercedinas.com\/site\/wp-content\/uploads\/2020\/04\/siglo18-1024x657.jpg 1024w, https:\/\/noticiasmercedinas.com\/site\/wp-content\/uploads\/2020\/04\/siglo18-300x194.jpg 300w, https:\/\/noticiasmercedinas.com\/site\/wp-content\/uploads\/2020\/04\/siglo18-768x493.jpg 768w, https:\/\/noticiasmercedinas.com\/site\/wp-content\/uploads\/2020\/04\/siglo18-341x220.jpg 341w, https:\/\/noticiasmercedinas.com\/site\/wp-content\/uploads\/2020\/04\/siglo18-640x411.jpg 640w, https:\/\/noticiasmercedinas.com\/site\/wp-content\/uploads\/2020\/04\/siglo18-681x437.jpg 681w, https:\/\/noticiasmercedinas.com\/site\/wp-content\/uploads\/2020\/04\/siglo18.jpg 1280w\" sizes=\"auto, (max-width: 640px) 100vw, 640px\" \/><\/p>\n<p>La pandemia COVID-19 no solo transform\u00f3 la educaci\u00f3n en todos sus niveles, sino tambi\u00e9n las profesiones, las costumbres y la mirada hacia el futuro. Incluso tambi\u00e9n, las din\u00e1micas laborales, los perfiles y las herramientas que ser\u00e1n valoradas a partir de este contexto. En este escenario y ante una inminente \u201cnueva normalidad\u201d, muchos est\u00e1n evaluando o readecuando sus planes profesionales o de carrera.<\/p>\n<p>As\u00ed, la Universidad Siglo 21 realizar\u00e1 el <strong>jueves 30 de julio a las 18:00 horas<\/strong>, una nueva<strong> Jornada de Puertas Abiertas <\/strong>en formato virtual, mediante un encuentro en el que se podr\u00e1 conocer la oferta acad\u00e9mica completa, profundizar en cada propuesta y realizar consultas a los referentes de cada programa<strong>.<\/strong><\/p>\n<p>Si bien nuevos desaf\u00edos se plantean ante este contexto, tambi\u00e9n se abren posibilidades como resultado de la ampliaci\u00f3n del teletrabajo, nuevas habilidades demandadas y un contacto cada vez m\u00e1s estrecho con la tecnolog\u00eda. De esta manera, la coyuntura impuesta representa una ruptura del paradigma educativo y profesional tal como lo conoc\u00edamos, y esta reconversi\u00f3n tambi\u00e9n alcanz\u00f3 la aproximaci\u00f3n de los futuros estudiantes universitarios a las instituciones de grado.<\/p>\n<p>A trav\u00e9s de estas jornadas, Siglo 21 busca acercar la universidad a m\u00e1s futuros profesionales, facilit\u00e1ndoles la posibilidad de escuchar a los referentes acad\u00e9micos m\u00e1s destacados de la instituci\u00f3n, recibir asesoramiento de acuerdo a sus aspiraciones e intereses, participar de espacios de orientaci\u00f3n vocacional, e informarse sobre la salida laboral y el alcance de cada una de las propuestas que conforman la extensa oferta acad\u00e9mica de la Universidad.<\/p>\n<blockquote><p>La Universidad Siglo 21 realizar\u00e1 el jueves 30 de julio a las 18:00 horas, una nueva Jornada de Puertas Abiertas en formato virtual, mediante un encuentro en el que se podr\u00e1 conocer la oferta acad\u00e9mica completa, profundizar en cada propuesta y realizar consultas a los referentes de cada programa.<\/p><\/blockquote>\n<p><img loading=\"lazy\" decoding=\"async\" class=\"alignnone size-large wp-image-38380\" src=\"https:\/\/noticiasmercedinas.com\/site\/wp-content\/uploads\/2020\/01\/siglo01-1024x682.jpg\" alt=\"\" width=\"640\" height=\"426\" srcset=\"https:\/\/noticiasmercedinas.com\/site\/wp-content\/uploads\/2020\/01\/siglo01-1024x682.jpg 1024w, https:\/\/noticiasmercedinas.com\/site\/wp-content\/uploads\/2020\/01\/siglo01-300x200.jpg 300w, https:\/\/noticiasmercedinas.com\/site\/wp-content\/uploads\/2020\/01\/siglo01-768x512.jpg 768w, https:\/\/noticiasmercedinas.com\/site\/wp-content\/uploads\/2020\/01\/siglo01-640x427.jpg 640w, https:\/\/noticiasmercedinas.com\/site\/wp-content\/uploads\/2020\/01\/siglo01-681x454.jpg 681w, https:\/\/noticiasmercedinas.com\/site\/wp-content\/uploads\/2020\/01\/siglo01.jpg 1280w\" sizes=\"auto, (max-width: 640px) 100vw, 640px\" \/><\/p>\n<p>Dentro de las actividades propuestas, tambi\u00e9n habr\u00e1 espacios de acompa\u00f1amiento y <strong>orientaci\u00f3n vocacional<\/strong> liderados por especialistas, as\u00ed como un <strong>espacio dedicado a docentes<\/strong> a trav\u00e9s de la charla \u201c<strong>Transformaciones pedag\u00f3gicas did\u00e1cticas en tiempos de pandemia<\/strong>\u201d, un conversatorio impulsado por el \u00e1rea <em>Siglo21Educaci\u00f3n<\/em> que analizar\u00e1 las din\u00e1micas actuales frente a los nuevos marcos de aprendizaje.<\/p>\n<p>La participaci\u00f3n a la jornada requiere inscripci\u00f3n previa a trav\u00e9s del siguiente <span style=\"color: #000080;\"><a style=\"color: #000080;\" href=\"https:\/\/contenidos.21.edu.ar\/microsites\/eventos\/jpa-2020\/\"><strong>LINK.<\/strong><\/a><\/span> Toda la informaci\u00f3n, en este<span style=\"color: #000080;\"><a style=\"color: #000080;\" href=\"https:\/\/contenidos.21.edu.ar\/microsites\/jpa-2\/\"> <strong>micrositio<\/strong><\/a><\/span> especial. Para los alumnos que quieran participar en horario escolar, se entregar\u00e1 un certificado de asistencia.<\/p>\n<p><strong><u>Acerca de Universidad Siglo 21<br \/>\n<\/u><\/strong>Es la instituci\u00f3n educativa de nivel superior privada m\u00e1s elegida por los argentinos, seg\u00fan datos oficiales del Anuario de Estad\u00edsticas Universitarias del Ministerio de Educaci\u00f3n de la Naci\u00f3n. Fue creada en 1995 por la familia Rabbat en la provincia de C\u00f3rdoba. Su rectora es la Mgter. Mar\u00eda Bel\u00e9n Mend\u00e9. Tiene sede en la ciudad de C\u00f3rdoba y presencia en las 23 provincias argentinas, la Ciudad Aut\u00f3noma de Buenos Aires y la Ant\u00e1rtida Argentina (Base Orcadas), a trav\u00e9s de m\u00e1s de 350 Centros de Aprendizaje Universitario (CAUs). En Universidad Siglo 21 estudian m\u00e1s de 65.000 alumnos y cuenta con m\u00e1s de 43.000 egresados. La propuesta educativa de la instituci\u00f3n est\u00e1 compuesta por m\u00e1s de 100 programas de pregrado, grado, posgrado y formaci\u00f3n continua a trav\u00e9s de metodolog\u00edas educativas de vanguardia atravesadas por la tecnolog\u00eda. Junto a Ilumno, red global de universidades de LATAM, Siglo 21 lidera en la regi\u00f3n los avances en la incorporaci\u00f3n de nuevas tecnolog\u00edas y recursos de innovaci\u00f3n did\u00e1ctica a los procesos de ense\u00f1anza-aprendizaje generando esquemas y modelos que se adaptan a las distintas caracter\u00edsticas y tiempos de las personas. Ofrece el primer MBA Virtual del pa\u00eds. Actualmente es la \u00fanica Universidad de la regi\u00f3n que cuenta con una alianza con la FCB Universitas para la generaci\u00f3n y dictado de programas educativos en distintas \u00e1reas claves de aplicaci\u00f3n tales como los servicios m\u00e9dicos, el rendimiento, la tecnolog\u00eda, los deportes de equipo y las ciencias sociales, entre otras. <strong><span style=\"color: #000080;\"><a style=\"color: #000080;\" href=\"http:\/\/www.21.edu.ar\">www.21.edu.ar<\/a><\/span><\/strong><\/p>\n<p>Queda una semana para la JPA. El link es: <span style=\"color: #000080;\"><a style=\"color: #000080;\" href=\"https:\/\/contenidos.21.edu.ar\/microsites\/eventos\/jpa-2020\/\" target=\"_blank\" rel=\"noopener noreferrer\"><strong>https:\/\/contenidos.21.edu.ar\/microsites\/eventos\/jpa-2020\/<\/strong><\/a> <\/span><\/p>\n<p><img loading=\"lazy\" decoding=\"async\" class=\"alignnone size-large wp-image-38377\" src=\"https:\/\/noticiasmercedinas.com\/site\/wp-content\/uploads\/2020\/01\/siglo04-1024x682.jpg\" alt=\"\" width=\"640\" height=\"426\" srcset=\"https:\/\/noticiasmercedinas.com\/site\/wp-content\/uploads\/2020\/01\/siglo04-1024x682.jpg 1024w, https:\/\/noticiasmercedinas.com\/site\/wp-content\/uploads\/2020\/01\/siglo04-300x200.jpg 300w, https:\/\/noticiasmercedinas.com\/site\/wp-content\/uploads\/2020\/01\/siglo04-768x512.jpg 768w, https:\/\/noticiasmercedinas.com\/site\/wp-content\/uploads\/2020\/01\/siglo04-640x427.jpg 640w, https:\/\/noticiasmercedinas.com\/site\/wp-content\/uploads\/2020\/01\/siglo04-681x454.jpg 681w, https:\/\/noticiasmercedinas.com\/site\/wp-content\/uploads\/2020\/01\/siglo04.jpg 1280w\" sizes=\"auto, (max-width: 640px) 100vw, 640px\" \/><\/p>\n","protected":false},"excerpt":{"rendered":"<p>\u25a0 Acercarse al futuro profesional en tiempos de transformaci\u00f3n. Para toda persona interesada en iniciar o retomar los estudios superiores, y para acercar la vida universitaria a los futuros ingresantes.<\/p>\n","protected":false},"author":2,"featured_media":43321,"comment_status":"open","ping_status":"open","sticky":false,"template":"","format":"standard","meta":{"footnotes":""},"categories":[74],"tags":[38,1110],"class_list":["post-49459","post","type-post","status-publish","format-standard","has-post-thumbnail","hentry","category-emprendimientos","tag-educacion","tag-universidad-siglo-21"],"yoast_head":"<!-- This site is optimized with the Yoast SEO plugin v27.4 - https:\/\/yoast.com\/product\/yoast-seo-wordpress\/ -->\n<title>Jornada virtual a puertas abiertas en la Siglo 21<\/title>\n<meta name=\"robots\" content=\"index, follow, max-snippet:-1, max-image-preview:large, max-video-preview:-1\" \/>\n<link rel=\"canonical\" href=\"https:\/\/noticiasmercedinas.com\/site\/2020\/07\/23\/jornada-virtual-a-puertas-abiertas-en-la-siglo21\/\" \/>\n<meta property=\"og:locale\" content=\"es_ES\" \/>\n<meta property=\"og:type\" content=\"article\" \/>\n<meta property=\"og:title\" content=\"Jornada virtual a puertas abiertas en la Siglo 21\" \/>\n<meta property=\"og:description\" content=\"\u25a0 Acercarse al futuro profesional en tiempos de transformaci\u00f3n. Para toda persona interesada en iniciar o retomar los estudios superiores, y para acercar la vida universitaria a los futuros ingresantes.\" \/>\n<meta property=\"og:url\" content=\"https:\/\/noticiasmercedinas.com\/site\/2020\/07\/23\/jornada-virtual-a-puertas-abiertas-en-la-siglo21\/\" \/>\n<meta property=\"og:site_name\" content=\"NOTICIASMERCEDINAS.COM\" \/>\n<meta property=\"article:publisher\" content=\"https:\/\/www.facebook.com\/noticiasmercedinas\/\" \/>\n<meta property=\"article:author\" content=\"https:\/\/www.facebook.com\/cristian.falabella\" \/>\n<meta property=\"article:published_time\" content=\"2020-07-23T15:51:26+00:00\" \/>\n<meta property=\"article:modified_time\" content=\"2020-07-23T19:48:46+00:00\" \/>\n<meta property=\"og:image\" content=\"https:\/\/noticiasmercedinas.com\/site\/wp-content\/uploads\/2020\/04\/siglo18.jpg\" \/>\n\t<meta property=\"og:image:width\" content=\"1280\" \/>\n\t<meta property=\"og:image:height\" content=\"821\" \/>\n\t<meta property=\"og:image:type\" content=\"image\/jpeg\" \/>\n<meta name=\"author\" content=\"Cristian Falabella NOTICIASMERCEDINAS.COM\" \/>\n<meta name=\"twitter:card\" content=\"summary_large_image\" \/>\n<meta name=\"twitter:creator\" content=\"@https:\/\/twitter.com\/NOTMERCEDINAS\" \/>\n<meta name=\"twitter:site\" content=\"@notmercedinas\" \/>\n<meta name=\"twitter:label1\" content=\"Escrito por\" \/>\n\t<meta name=\"twitter:data1\" content=\"Cristian Falabella NOTICIASMERCEDINAS.COM\" \/>\n\t<meta name=\"twitter:label2\" content=\"Tiempo de lectura\" \/>\n\t<meta name=\"twitter:data2\" content=\"4 minutos\" \/>\n<script type=\"application\/ld+json\" class=\"yoast-schema-graph\">{\"@context\":\"https:\\\/\\\/schema.org\",\"@graph\":[{\"@type\":\"Article\",\"@id\":\"https:\\\/\\\/noticiasmercedinas.com\\\/site\\\/2020\\\/07\\\/23\\\/jornada-virtual-a-puertas-abiertas-en-la-siglo21\\\/#article\",\"isPartOf\":{\"@id\":\"https:\\\/\\\/noticiasmercedinas.com\\\/site\\\/2020\\\/07\\\/23\\\/jornada-virtual-a-puertas-abiertas-en-la-siglo21\\\/\"},\"author\":{\"name\":\"Cristian Falabella NOTICIASMERCEDINAS.COM\",\"@id\":\"https:\\\/\\\/noticiasmercedinas.com\\\/site\\\/#\\\/schema\\\/person\\\/d481a9696a5feaec13a60e2bbd991a6a\"},\"headline\":\"Jornada virtual a puertas abiertas en la Siglo 21\",\"datePublished\":\"2020-07-23T15:51:26+00:00\",\"dateModified\":\"2020-07-23T19:48:46+00:00\",\"mainEntityOfPage\":{\"@id\":\"https:\\\/\\\/noticiasmercedinas.com\\\/site\\\/2020\\\/07\\\/23\\\/jornada-virtual-a-puertas-abiertas-en-la-siglo21\\\/\"},\"wordCount\":714,\"commentCount\":0,\"publisher\":{\"@id\":\"https:\\\/\\\/noticiasmercedinas.com\\\/site\\\/#organization\"},\"image\":{\"@id\":\"https:\\\/\\\/noticiasmercedinas.com\\\/site\\\/2020\\\/07\\\/23\\\/jornada-virtual-a-puertas-abiertas-en-la-siglo21\\\/#primaryimage\"},\"thumbnailUrl\":\"https:\\\/\\\/noticiasmercedinas.com\\\/site\\\/wp-content\\\/uploads\\\/2020\\\/04\\\/siglo18.jpg\",\"keywords\":[\"educacion\",\"universidad siglo 21\"],\"articleSection\":[\"Emprendimientos\"],\"inLanguage\":\"es\",\"potentialAction\":[{\"@type\":\"CommentAction\",\"name\":\"Comment\",\"target\":[\"https:\\\/\\\/noticiasmercedinas.com\\\/site\\\/2020\\\/07\\\/23\\\/jornada-virtual-a-puertas-abiertas-en-la-siglo21\\\/#respond\"]}]},{\"@type\":\"WebPage\",\"@id\":\"https:\\\/\\\/noticiasmercedinas.com\\\/site\\\/2020\\\/07\\\/23\\\/jornada-virtual-a-puertas-abiertas-en-la-siglo21\\\/\",\"url\":\"https:\\\/\\\/noticiasmercedinas.com\\\/site\\\/2020\\\/07\\\/23\\\/jornada-virtual-a-puertas-abiertas-en-la-siglo21\\\/\",\"name\":\"Jornada virtual a puertas abiertas en la Siglo 21\",\"isPartOf\":{\"@id\":\"https:\\\/\\\/noticiasmercedinas.com\\\/site\\\/#website\"},\"primaryImageOfPage\":{\"@id\":\"https:\\\/\\\/noticiasmercedinas.com\\\/site\\\/2020\\\/07\\\/23\\\/jornada-virtual-a-puertas-abiertas-en-la-siglo21\\\/#primaryimage\"},\"image\":{\"@id\":\"https:\\\/\\\/noticiasmercedinas.com\\\/site\\\/2020\\\/07\\\/23\\\/jornada-virtual-a-puertas-abiertas-en-la-siglo21\\\/#primaryimage\"},\"thumbnailUrl\":\"https:\\\/\\\/noticiasmercedinas.com\\\/site\\\/wp-content\\\/uploads\\\/2020\\\/04\\\/siglo18.jpg\",\"datePublished\":\"2020-07-23T15:51:26+00:00\",\"dateModified\":\"2020-07-23T19:48:46+00:00\",\"breadcrumb\":{\"@id\":\"https:\\\/\\\/noticiasmercedinas.com\\\/site\\\/2020\\\/07\\\/23\\\/jornada-virtual-a-puertas-abiertas-en-la-siglo21\\\/#breadcrumb\"},\"inLanguage\":\"es\",\"potentialAction\":[{\"@type\":\"ReadAction\",\"target\":[\"https:\\\/\\\/noticiasmercedinas.com\\\/site\\\/2020\\\/07\\\/23\\\/jornada-virtual-a-puertas-abiertas-en-la-siglo21\\\/\"]}]},{\"@type\":\"ImageObject\",\"inLanguage\":\"es\",\"@id\":\"https:\\\/\\\/noticiasmercedinas.com\\\/site\\\/2020\\\/07\\\/23\\\/jornada-virtual-a-puertas-abiertas-en-la-siglo21\\\/#primaryimage\",\"url\":\"https:\\\/\\\/noticiasmercedinas.com\\\/site\\\/wp-content\\\/uploads\\\/2020\\\/04\\\/siglo18.jpg\",\"contentUrl\":\"https:\\\/\\\/noticiasmercedinas.com\\\/site\\\/wp-content\\\/uploads\\\/2020\\\/04\\\/siglo18.jpg\",\"width\":1280,\"height\":821},{\"@type\":\"BreadcrumbList\",\"@id\":\"https:\\\/\\\/noticiasmercedinas.com\\\/site\\\/2020\\\/07\\\/23\\\/jornada-virtual-a-puertas-abiertas-en-la-siglo21\\\/#breadcrumb\",\"itemListElement\":[{\"@type\":\"ListItem\",\"position\":1,\"name\":\"Portada\",\"item\":\"https:\\\/\\\/noticiasmercedinas.com\\\/site\\\/\"},{\"@type\":\"ListItem\",\"position\":2,\"name\":\"Jornada virtual a puertas abiertas en la Siglo 21\"}]},{\"@type\":\"WebSite\",\"@id\":\"https:\\\/\\\/noticiasmercedinas.com\\\/site\\\/#website\",\"url\":\"https:\\\/\\\/noticiasmercedinas.com\\\/site\\\/\",\"name\":\"NOTICIASMERCEDINAS.COM\",\"description\":\"Mercedes, Buenos Aires, Argentina\",\"publisher\":{\"@id\":\"https:\\\/\\\/noticiasmercedinas.com\\\/site\\\/#organization\"},\"potentialAction\":[{\"@type\":\"SearchAction\",\"target\":{\"@type\":\"EntryPoint\",\"urlTemplate\":\"https:\\\/\\\/noticiasmercedinas.com\\\/site\\\/?s={search_term_string}\"},\"query-input\":{\"@type\":\"PropertyValueSpecification\",\"valueRequired\":true,\"valueName\":\"search_term_string\"}}],\"inLanguage\":\"es\"},{\"@type\":\"Organization\",\"@id\":\"https:\\\/\\\/noticiasmercedinas.com\\\/site\\\/#organization\",\"name\":\"NOTICIASMERCEDINAS.COM\",\"url\":\"https:\\\/\\\/noticiasmercedinas.com\\\/site\\\/\",\"logo\":{\"@type\":\"ImageObject\",\"inLanguage\":\"es\",\"@id\":\"https:\\\/\\\/noticiasmercedinas.com\\\/site\\\/#\\\/schema\\\/logo\\\/image\\\/\",\"url\":\"https:\\\/\\\/noticiasmercedinas.com\\\/site\\\/wp-content\\\/uploads\\\/2020\\\/06\\\/LOGO-512.jpg\",\"contentUrl\":\"https:\\\/\\\/noticiasmercedinas.com\\\/site\\\/wp-content\\\/uploads\\\/2020\\\/06\\\/LOGO-512.jpg\",\"width\":512,\"height\":512,\"caption\":\"NOTICIASMERCEDINAS.COM\"},\"image\":{\"@id\":\"https:\\\/\\\/noticiasmercedinas.com\\\/site\\\/#\\\/schema\\\/logo\\\/image\\\/\"},\"sameAs\":[\"https:\\\/\\\/www.facebook.com\\\/noticiasmercedinas\\\/\",\"https:\\\/\\\/x.com\\\/notmercedinas\",\"https:\\\/\\\/www.instagram.com\\\/noticiasmercedinas\\\/\"]},{\"@type\":\"Person\",\"@id\":\"https:\\\/\\\/noticiasmercedinas.com\\\/site\\\/#\\\/schema\\\/person\\\/d481a9696a5feaec13a60e2bbd991a6a\",\"name\":\"Cristian Falabella NOTICIASMERCEDINAS.COM\",\"image\":{\"@type\":\"ImageObject\",\"inLanguage\":\"es\",\"@id\":\"https:\\\/\\\/secure.gravatar.com\\\/avatar\\\/0dbbfc45970cc46bcd0e57766228574ff3511d6eed045b182f536f0f478c1f06?s=96&d=mm&r=g\",\"url\":\"https:\\\/\\\/secure.gravatar.com\\\/avatar\\\/0dbbfc45970cc46bcd0e57766228574ff3511d6eed045b182f536f0f478c1f06?s=96&d=mm&r=g\",\"contentUrl\":\"https:\\\/\\\/secure.gravatar.com\\\/avatar\\\/0dbbfc45970cc46bcd0e57766228574ff3511d6eed045b182f536f0f478c1f06?s=96&d=mm&r=g\",\"caption\":\"Cristian Falabella NOTICIASMERCEDINAS.COM\"},\"description\":\"Periodista, editor de Noticias Mercedinas. Pas\u00f3 por varias redacciones y emprendimientos de prensa, en distintos formatos y \u00e9pocas. Se especializ\u00f3 --y sigue haci\u00e9ndolo-- en comunicaci\u00f3n en la web y en junio de 2006 fund\u00f3 este diario digital.\",\"sameAs\":[\"https:\\\/\\\/noticiasmercedinas.com\",\"https:\\\/\\\/www.facebook.com\\\/cristian.falabella\",\"https:\\\/\\\/www.instagram.com\\\/noticiasmercedinas\\\/\",\"https:\\\/\\\/x.com\\\/https:\\\/\\\/twitter.com\\\/NOTMERCEDINAS\"],\"url\":\"https:\\\/\\\/noticiasmercedinas.com\\\/site\\\/author\\\/as000384\\\/\"}]}<\/script>\n<!-- \/ Yoast SEO plugin. -->","yoast_head_json":{"title":"Jornada virtual a puertas abiertas en la Siglo 21","robots":{"index":"index","follow":"follow","max-snippet":"max-snippet:-1","max-image-preview":"max-image-preview:large","max-video-preview":"max-video-preview:-1"},"canonical":"https:\/\/noticiasmercedinas.com\/site\/2020\/07\/23\/jornada-virtual-a-puertas-abiertas-en-la-siglo21\/","og_locale":"es_ES","og_type":"article","og_title":"Jornada virtual a puertas abiertas en la Siglo 21","og_description":"\u25a0 Acercarse al futuro profesional en tiempos de transformaci\u00f3n. Para toda persona interesada en iniciar o retomar los estudios superiores, y para acercar la vida universitaria a los futuros ingresantes.","og_url":"https:\/\/noticiasmercedinas.com\/site\/2020\/07\/23\/jornada-virtual-a-puertas-abiertas-en-la-siglo21\/","og_site_name":"NOTICIASMERCEDINAS.COM","article_publisher":"https:\/\/www.facebook.com\/noticiasmercedinas\/","article_author":"https:\/\/www.facebook.com\/cristian.falabella","article_published_time":"2020-07-23T15:51:26+00:00","article_modified_time":"2020-07-23T19:48:46+00:00","og_image":[{"width":1280,"height":821,"url":"https:\/\/noticiasmercedinas.com\/site\/wp-content\/uploads\/2020\/04\/siglo18.jpg","type":"image\/jpeg"}],"author":"Cristian Falabella NOTICIASMERCEDINAS.COM","twitter_card":"summary_large_image","twitter_creator":"@https:\/\/twitter.com\/NOTMERCEDINAS","twitter_site":"@notmercedinas","twitter_misc":{"Escrito por":"Cristian Falabella NOTICIASMERCEDINAS.COM","Tiempo de lectura":"4 minutos"},"schema":{"@context":"https:\/\/schema.org","@graph":[{"@type":"Article","@id":"https:\/\/noticiasmercedinas.com\/site\/2020\/07\/23\/jornada-virtual-a-puertas-abiertas-en-la-siglo21\/#article","isPartOf":{"@id":"https:\/\/noticiasmercedinas.com\/site\/2020\/07\/23\/jornada-virtual-a-puertas-abiertas-en-la-siglo21\/"},"author":{"name":"Cristian Falabella NOTICIASMERCEDINAS.COM","@id":"https:\/\/noticiasmercedinas.com\/site\/#\/schema\/person\/d481a9696a5feaec13a60e2bbd991a6a"},"headline":"Jornada virtual a puertas abiertas en la Siglo 21","datePublished":"2020-07-23T15:51:26+00:00","dateModified":"2020-07-23T19:48:46+00:00","mainEntityOfPage":{"@id":"https:\/\/noticiasmercedinas.com\/site\/2020\/07\/23\/jornada-virtual-a-puertas-abiertas-en-la-siglo21\/"},"wordCount":714,"commentCount":0,"publisher":{"@id":"https:\/\/noticiasmercedinas.com\/site\/#organization"},"image":{"@id":"https:\/\/noticiasmercedinas.com\/site\/2020\/07\/23\/jornada-virtual-a-puertas-abiertas-en-la-siglo21\/#primaryimage"},"thumbnailUrl":"https:\/\/noticiasmercedinas.com\/site\/wp-content\/uploads\/2020\/04\/siglo18.jpg","keywords":["educacion","universidad siglo 21"],"articleSection":["Emprendimientos"],"inLanguage":"es","potentialAction":[{"@type":"CommentAction","name":"Comment","target":["https:\/\/noticiasmercedinas.com\/site\/2020\/07\/23\/jornada-virtual-a-puertas-abiertas-en-la-siglo21\/#respond"]}]},{"@type":"WebPage","@id":"https:\/\/noticiasmercedinas.com\/site\/2020\/07\/23\/jornada-virtual-a-puertas-abiertas-en-la-siglo21\/","url":"https:\/\/noticiasmercedinas.com\/site\/2020\/07\/23\/jornada-virtual-a-puertas-abiertas-en-la-siglo21\/","name":"Jornada virtual a puertas abiertas en la Siglo 21","isPartOf":{"@id":"https:\/\/noticiasmercedinas.com\/site\/#website"},"primaryImageOfPage":{"@id":"https:\/\/noticiasmercedinas.com\/site\/2020\/07\/23\/jornada-virtual-a-puertas-abiertas-en-la-siglo21\/#primaryimage"},"image":{"@id":"https:\/\/noticiasmercedinas.com\/site\/2020\/07\/23\/jornada-virtual-a-puertas-abiertas-en-la-siglo21\/#primaryimage"},"thumbnailUrl":"https:\/\/noticiasmercedinas.com\/site\/wp-content\/uploads\/2020\/04\/siglo18.jpg","datePublished":"2020-07-23T15:51:26+00:00","dateModified":"2020-07-23T19:48:46+00:00","breadcrumb":{"@id":"https:\/\/noticiasmercedinas.com\/site\/2020\/07\/23\/jornada-virtual-a-puertas-abiertas-en-la-siglo21\/#breadcrumb"},"inLanguage":"es","potentialAction":[{"@type":"ReadAction","target":["https:\/\/noticiasmercedinas.com\/site\/2020\/07\/23\/jornada-virtual-a-puertas-abiertas-en-la-siglo21\/"]}]},{"@type":"ImageObject","inLanguage":"es","@id":"https:\/\/noticiasmercedinas.com\/site\/2020\/07\/23\/jornada-virtual-a-puertas-abiertas-en-la-siglo21\/#primaryimage","url":"https:\/\/noticiasmercedinas.com\/site\/wp-content\/uploads\/2020\/04\/siglo18.jpg","contentUrl":"https:\/\/noticiasmercedinas.com\/site\/wp-content\/uploads\/2020\/04\/siglo18.jpg","width":1280,"height":821},{"@type":"BreadcrumbList","@id":"https:\/\/noticiasmercedinas.com\/site\/2020\/07\/23\/jornada-virtual-a-puertas-abiertas-en-la-siglo21\/#breadcrumb","itemListElement":[{"@type":"ListItem","position":1,"name":"Portada","item":"https:\/\/noticiasmercedinas.com\/site\/"},{"@type":"ListItem","position":2,"name":"Jornada virtual a puertas abiertas en la Siglo 21"}]},{"@type":"WebSite","@id":"https:\/\/noticiasmercedinas.com\/site\/#website","url":"https:\/\/noticiasmercedinas.com\/site\/","name":"NOTICIASMERCEDINAS.COM","description":"Mercedes, Buenos Aires, Argentina","publisher":{"@id":"https:\/\/noticiasmercedinas.com\/site\/#organization"},"potentialAction":[{"@type":"SearchAction","target":{"@type":"EntryPoint","urlTemplate":"https:\/\/noticiasmercedinas.com\/site\/?s={search_term_string}"},"query-input":{"@type":"PropertyValueSpecification","valueRequired":true,"valueName":"search_term_string"}}],"inLanguage":"es"},{"@type":"Organization","@id":"https:\/\/noticiasmercedinas.com\/site\/#organization","name":"NOTICIASMERCEDINAS.COM","url":"https:\/\/noticiasmercedinas.com\/site\/","logo":{"@type":"ImageObject","inLanguage":"es","@id":"https:\/\/noticiasmercedinas.com\/site\/#\/schema\/logo\/image\/","url":"https:\/\/noticiasmercedinas.com\/site\/wp-content\/uploads\/2020\/06\/LOGO-512.jpg","contentUrl":"https:\/\/noticiasmercedinas.com\/site\/wp-content\/uploads\/2020\/06\/LOGO-512.jpg","width":512,"height":512,"caption":"NOTICIASMERCEDINAS.COM"},"image":{"@id":"https:\/\/noticiasmercedinas.com\/site\/#\/schema\/logo\/image\/"},"sameAs":["https:\/\/www.facebook.com\/noticiasmercedinas\/","https:\/\/x.com\/notmercedinas","https:\/\/www.instagram.com\/noticiasmercedinas\/"]},{"@type":"Person","@id":"https:\/\/noticiasmercedinas.com\/site\/#\/schema\/person\/d481a9696a5feaec13a60e2bbd991a6a","name":"Cristian Falabella NOTICIASMERCEDINAS.COM","image":{"@type":"ImageObject","inLanguage":"es","@id":"https:\/\/secure.gravatar.com\/avatar\/0dbbfc45970cc46bcd0e57766228574ff3511d6eed045b182f536f0f478c1f06?s=96&d=mm&r=g","url":"https:\/\/secure.gravatar.com\/avatar\/0dbbfc45970cc46bcd0e57766228574ff3511d6eed045b182f536f0f478c1f06?s=96&d=mm&r=g","contentUrl":"https:\/\/secure.gravatar.com\/avatar\/0dbbfc45970cc46bcd0e57766228574ff3511d6eed045b182f536f0f478c1f06?s=96&d=mm&r=g","caption":"Cristian Falabella NOTICIASMERCEDINAS.COM"},"description":"Periodista, editor de Noticias Mercedinas. Pas\u00f3 por varias redacciones y emprendimientos de prensa, en distintos formatos y \u00e9pocas. Se especializ\u00f3 --y sigue haci\u00e9ndolo-- en comunicaci\u00f3n en la web y en junio de 2006 fund\u00f3 este diario digital.","sameAs":["https:\/\/noticiasmercedinas.com","https:\/\/www.facebook.com\/cristian.falabella","https:\/\/www.instagram.com\/noticiasmercedinas\/","https:\/\/x.com\/https:\/\/twitter.com\/NOTMERCEDINAS"],"url":"https:\/\/noticiasmercedinas.com\/site\/author\/as000384\/"}]}},"amp_enabled":true,"_links":{"self":[{"href":"https:\/\/noticiasmercedinas.com\/site\/wp-json\/wp\/v2\/posts\/49459","targetHints":{"allow":["GET"]}}],"collection":[{"href":"https:\/\/noticiasmercedinas.com\/site\/wp-json\/wp\/v2\/posts"}],"about":[{"href":"https:\/\/noticiasmercedinas.com\/site\/wp-json\/wp\/v2\/types\/post"}],"author":[{"embeddable":true,"href":"https:\/\/noticiasmercedinas.com\/site\/wp-json\/wp\/v2\/users\/2"}],"replies":[{"embeddable":true,"href":"https:\/\/noticiasmercedinas.com\/site\/wp-json\/wp\/v2\/comments?post=49459"}],"version-history":[{"count":5,"href":"https:\/\/noticiasmercedinas.com\/site\/wp-json\/wp\/v2\/posts\/49459\/revisions"}],"predecessor-version":[{"id":49479,"href":"https:\/\/noticiasmercedinas.com\/site\/wp-json\/wp\/v2\/posts\/49459\/revisions\/49479"}],"wp:featuredmedia":[{"embeddable":true,"href":"https:\/\/noticiasmercedinas.com\/site\/wp-json\/wp\/v2\/media\/43321"}],"wp:attachment":[{"href":"https:\/\/noticiasmercedinas.com\/site\/wp-json\/wp\/v2\/media?parent=49459"}],"wp:term":[{"taxonomy":"category","embeddable":true,"href":"https:\/\/noticiasmercedinas.com\/site\/wp-json\/wp\/v2\/categories?post=49459"},{"taxonomy":"post_tag","embeddable":true,"href":"https:\/\/noticiasmercedinas.com\/site\/wp-json\/wp\/v2\/tags?post=49459"}],"curies":[{"name":"wp","href":"https:\/\/api.w.org\/{rel}","templated":true}]}}