{"id":49723,"date":"2020-07-27T17:02:41","date_gmt":"2020-07-27T20:02:41","guid":{"rendered":"https:\/\/noticiasmercedinas.com\/site\/?p=49723"},"modified":"2020-07-27T17:02:41","modified_gmt":"2020-07-27T20:02:41","slug":"cuentos-y-relatos-en-radio-en-la-publica","status":"publish","type":"post","link":"https:\/\/noticiasmercedinas.com\/site\/2020\/07\/27\/cuentos-y-relatos-en-radio-en-la-publica\/","title":{"rendered":"Cuentos y relatos en radio, en la P\u00fablica"},"content":{"rendered":"<figure id=\"attachment_49725\" aria-describedby=\"caption-attachment-49725\" style=\"width: 960px\" class=\"wp-caption alignnone\"><img loading=\"lazy\" decoding=\"async\" class=\"size-full wp-image-49725\" src=\"https:\/\/noticiasmercedinas.com\/site\/wp-content\/uploads\/2020\/07\/10375129_10203473583193586_6423493586368836250_n.jpg\" alt=\"\" width=\"960\" height=\"655\" srcset=\"https:\/\/noticiasmercedinas.com\/site\/wp-content\/uploads\/2020\/07\/10375129_10203473583193586_6423493586368836250_n.jpg 960w, https:\/\/noticiasmercedinas.com\/site\/wp-content\/uploads\/2020\/07\/10375129_10203473583193586_6423493586368836250_n-300x205.jpg 300w, https:\/\/noticiasmercedinas.com\/site\/wp-content\/uploads\/2020\/07\/10375129_10203473583193586_6423493586368836250_n-768x524.jpg 768w, https:\/\/noticiasmercedinas.com\/site\/wp-content\/uploads\/2020\/07\/10375129_10203473583193586_6423493586368836250_n-640x437.jpg 640w, https:\/\/noticiasmercedinas.com\/site\/wp-content\/uploads\/2020\/07\/10375129_10203473583193586_6423493586368836250_n-681x465.jpg 681w\" sizes=\"auto, (max-width: 960px) 100vw, 960px\" \/><figcaption id=\"caption-attachment-49725\" class=\"wp-caption-text\">Andr\u00e9s Monferrand, uno de los conductores del ciclo<\/figcaption><\/figure>\n<p>Desde la Direcci\u00f3n de Cultura municipal se lanza a partir de esta semana un programa radial que tiene como objetivo narrar y hacer p\u00fablicos relatos y cuentos mercedinos.<\/p>\n<p>Esta propuesta se llama \u201cLa Compa\u00f1\u00eda del Cuento\u201d. Ir\u00e1 los lunes y jueves a las 16:00 horas por RPM Radio P\u00fablica Mercedes 88.5 FM. La idea es recrear a trav\u00e9s de la literatura diferentes historias de nuestra ciudad. Estar\u00e1 a cargo de <strong>Josefina Capaccio<\/strong> y <strong>Andr\u00e9s Monferrand<\/strong>.<\/p>\n<p>Andr\u00e9s Monferrand, uno de los conductores del ciclo, manifest\u00f3: \u201cEntendimos con la directora de cultura, Lucia Capaccio, que la gente necesitaba, en estos d\u00edas singulares, alg\u00fan tipo de entretenimiento o distracci\u00f3n y ah\u00ed sali\u00f3 la idea de estos audiocuentos\u201d. Y describi\u00f3: \u201cLos preparamos con anterioridad,\u00a0 la idea que los atraviesa es que est\u00e1n ambientados en la ciudad de Mercedes y relatan alguna historia de la ciudad, siempre en el marco de la ficci\u00f3n\u201d.<\/p>\n<p>\u201cEstos cuentos fueron realizados por m\u00ed y por Josefina Capaccio, entre los dos pusimos todo el material que ten\u00edamos, y seguramente iremos incorporando otros relatos\u201d, se\u00f1al\u00f3 Monferrand y agreg\u00f3: \u201cEsto es volver a la gran tradici\u00f3n de la literatura oral, volviendo a ese rito ancestral de la ret\u00f3rica\u201d.<\/p>\n<p>\u201cComenzamos con el cuento \u201cCaballo de monumento\u201d, donde en la plaza no hab\u00eda nada y a un grupo de gente se les ocurri\u00f3 poner el monumento de San Mart\u00edn, y otro que se llama \u201cEl pasaje\u201d que est\u00e1 ambientado en la estaci\u00f3n de La Trocha con sus linyeras de las d\u00e9cadas del 60 y 70\u201d, explic\u00f3 Monferrand.<\/p>\n<p>\u201cAparte de los cuentos habr\u00e1 secciones de poemas donde primeramente trataremos de rescatar, los viejos poemas de Albor Ungaro y Juan Jos\u00e9 Mar\u00edn para luego ir incorporando otros. Est\u00e1n todos m\u00e1s que invitados a que nos acompa\u00f1en en esta nueva propuesta\u201d, afirm\u00f3 Andr\u00e9s Monferrand.<\/p>\n<p><img loading=\"lazy\" decoding=\"async\" class=\"alignnone size-full wp-image-49724\" src=\"https:\/\/noticiasmercedinas.com\/site\/wp-content\/uploads\/2020\/07\/Adultos.jpg\" alt=\"\" width=\"960\" height=\"960\" srcset=\"https:\/\/noticiasmercedinas.com\/site\/wp-content\/uploads\/2020\/07\/Adultos.jpg 960w, https:\/\/noticiasmercedinas.com\/site\/wp-content\/uploads\/2020\/07\/Adultos-300x300.jpg 300w, https:\/\/noticiasmercedinas.com\/site\/wp-content\/uploads\/2020\/07\/Adultos-150x150.jpg 150w, https:\/\/noticiasmercedinas.com\/site\/wp-content\/uploads\/2020\/07\/Adultos-768x768.jpg 768w, https:\/\/noticiasmercedinas.com\/site\/wp-content\/uploads\/2020\/07\/Adultos-640x640.jpg 640w, https:\/\/noticiasmercedinas.com\/site\/wp-content\/uploads\/2020\/07\/Adultos-681x681.jpg 681w\" sizes=\"auto, (max-width: 960px) 100vw, 960px\" \/><\/p>\n","protected":false},"excerpt":{"rendered":"<p>\u25a0 \u201cLa Compa\u00f1\u00eda del Cuento\u201d, los lunes y jueves a las 16:00 horas por RPM Radio P\u00fablica Mercedes 88.5 FM. A cargo de Josefina Capaccio y Andr\u00e9s Monferrand.<\/p>\n","protected":false},"author":16,"featured_media":49725,"comment_status":"open","ping_status":"open","sticky":false,"template":"","format":"standard","meta":{"footnotes":""},"categories":[4210],"tags":[2857,9771,4807,9772,2856],"class_list":["post-49723","post","type-post","status-publish","format-standard","has-post-thumbnail","hentry","category-medios","tag-88-5","tag-andres-monferrand","tag-fm","tag-josefina-capaccio","tag-radio-publica"],"yoast_head":"<!-- This site is optimized with the Yoast SEO plugin v27.5 - https:\/\/yoast.com\/product\/yoast-seo-wordpress\/ -->\n<title>Cuentos y relatos en radio, en la P\u00fablica<\/title>\n<meta name=\"robots\" content=\"index, follow, max-snippet:-1, max-image-preview:large, max-video-preview:-1\" \/>\n<link rel=\"canonical\" href=\"https:\/\/noticiasmercedinas.com\/site\/2020\/07\/27\/cuentos-y-relatos-en-radio-en-la-publica\/\" \/>\n<meta property=\"og:locale\" content=\"es_ES\" \/>\n<meta property=\"og:type\" content=\"article\" \/>\n<meta property=\"og:title\" content=\"Cuentos y relatos en radio, en la P\u00fablica\" \/>\n<meta property=\"og:description\" content=\"\u25a0 \u201cLa Compa\u00f1\u00eda del Cuento\u201d, los lunes y jueves a las 16:00 horas por RPM Radio P\u00fablica Mercedes 88.5 FM. A cargo de Josefina Capaccio y Andr\u00e9s Monferrand.\" \/>\n<meta property=\"og:url\" content=\"https:\/\/noticiasmercedinas.com\/site\/2020\/07\/27\/cuentos-y-relatos-en-radio-en-la-publica\/\" \/>\n<meta property=\"og:site_name\" content=\"NOTICIASMERCEDINAS.COM\" \/>\n<meta property=\"article:publisher\" content=\"https:\/\/www.facebook.com\/noticiasmercedinas\/\" \/>\n<meta property=\"article:published_time\" content=\"2020-07-27T20:02:41+00:00\" \/>\n<meta property=\"og:image\" content=\"https:\/\/noticiasmercedinas.com\/site\/wp-content\/uploads\/2020\/07\/10375129_10203473583193586_6423493586368836250_n.jpg\" \/>\n\t<meta property=\"og:image:width\" content=\"960\" \/>\n\t<meta property=\"og:image:height\" content=\"655\" \/>\n\t<meta property=\"og:image:type\" content=\"image\/jpeg\" \/>\n<meta name=\"author\" content=\"NOTICIASMERCEDINAS.COM\" \/>\n<meta name=\"twitter:card\" content=\"summary_large_image\" \/>\n<meta name=\"twitter:creator\" content=\"@notmercedinas\" \/>\n<meta name=\"twitter:site\" content=\"@notmercedinas\" \/>\n<meta name=\"twitter:label1\" content=\"Escrito por\" \/>\n\t<meta name=\"twitter:data1\" content=\"NOTICIASMERCEDINAS.COM\" \/>\n\t<meta name=\"twitter:label2\" content=\"Tiempo de lectura\" \/>\n\t<meta name=\"twitter:data2\" content=\"2 minutos\" \/>\n<script type=\"application\/ld+json\" class=\"yoast-schema-graph\">{\"@context\":\"https:\\\/\\\/schema.org\",\"@graph\":[{\"@type\":\"Article\",\"@id\":\"https:\\\/\\\/noticiasmercedinas.com\\\/site\\\/2020\\\/07\\\/27\\\/cuentos-y-relatos-en-radio-en-la-publica\\\/#article\",\"isPartOf\":{\"@id\":\"https:\\\/\\\/noticiasmercedinas.com\\\/site\\\/2020\\\/07\\\/27\\\/cuentos-y-relatos-en-radio-en-la-publica\\\/\"},\"author\":{\"name\":\"NOTICIASMERCEDINAS.COM\",\"@id\":\"https:\\\/\\\/noticiasmercedinas.com\\\/site\\\/#\\\/schema\\\/person\\\/84b59c099c28ff2e8b77d4ceec5d8063\"},\"headline\":\"Cuentos y relatos en radio, en la P\u00fablica\",\"datePublished\":\"2020-07-27T20:02:41+00:00\",\"mainEntityOfPage\":{\"@id\":\"https:\\\/\\\/noticiasmercedinas.com\\\/site\\\/2020\\\/07\\\/27\\\/cuentos-y-relatos-en-radio-en-la-publica\\\/\"},\"wordCount\":343,\"commentCount\":0,\"publisher\":{\"@id\":\"https:\\\/\\\/noticiasmercedinas.com\\\/site\\\/#organization\"},\"image\":{\"@id\":\"https:\\\/\\\/noticiasmercedinas.com\\\/site\\\/2020\\\/07\\\/27\\\/cuentos-y-relatos-en-radio-en-la-publica\\\/#primaryimage\"},\"thumbnailUrl\":\"https:\\\/\\\/noticiasmercedinas.com\\\/site\\\/wp-content\\\/uploads\\\/2020\\\/07\\\/10375129_10203473583193586_6423493586368836250_n.jpg\",\"keywords\":[\"88.5\",\"Andr\u00e9s Monferrand\",\"fm\",\"josefina capaccio\",\"radio p\u00fablica\"],\"articleSection\":[\"Medios\"],\"inLanguage\":\"es\",\"potentialAction\":[{\"@type\":\"CommentAction\",\"name\":\"Comment\",\"target\":[\"https:\\\/\\\/noticiasmercedinas.com\\\/site\\\/2020\\\/07\\\/27\\\/cuentos-y-relatos-en-radio-en-la-publica\\\/#respond\"]}]},{\"@type\":\"WebPage\",\"@id\":\"https:\\\/\\\/noticiasmercedinas.com\\\/site\\\/2020\\\/07\\\/27\\\/cuentos-y-relatos-en-radio-en-la-publica\\\/\",\"url\":\"https:\\\/\\\/noticiasmercedinas.com\\\/site\\\/2020\\\/07\\\/27\\\/cuentos-y-relatos-en-radio-en-la-publica\\\/\",\"name\":\"Cuentos y relatos en radio, en la P\u00fablica\",\"isPartOf\":{\"@id\":\"https:\\\/\\\/noticiasmercedinas.com\\\/site\\\/#website\"},\"primaryImageOfPage\":{\"@id\":\"https:\\\/\\\/noticiasmercedinas.com\\\/site\\\/2020\\\/07\\\/27\\\/cuentos-y-relatos-en-radio-en-la-publica\\\/#primaryimage\"},\"image\":{\"@id\":\"https:\\\/\\\/noticiasmercedinas.com\\\/site\\\/2020\\\/07\\\/27\\\/cuentos-y-relatos-en-radio-en-la-publica\\\/#primaryimage\"},\"thumbnailUrl\":\"https:\\\/\\\/noticiasmercedinas.com\\\/site\\\/wp-content\\\/uploads\\\/2020\\\/07\\\/10375129_10203473583193586_6423493586368836250_n.jpg\",\"datePublished\":\"2020-07-27T20:02:41+00:00\",\"breadcrumb\":{\"@id\":\"https:\\\/\\\/noticiasmercedinas.com\\\/site\\\/2020\\\/07\\\/27\\\/cuentos-y-relatos-en-radio-en-la-publica\\\/#breadcrumb\"},\"inLanguage\":\"es\",\"potentialAction\":[{\"@type\":\"ReadAction\",\"target\":[\"https:\\\/\\\/noticiasmercedinas.com\\\/site\\\/2020\\\/07\\\/27\\\/cuentos-y-relatos-en-radio-en-la-publica\\\/\"]}]},{\"@type\":\"ImageObject\",\"inLanguage\":\"es\",\"@id\":\"https:\\\/\\\/noticiasmercedinas.com\\\/site\\\/2020\\\/07\\\/27\\\/cuentos-y-relatos-en-radio-en-la-publica\\\/#primaryimage\",\"url\":\"https:\\\/\\\/noticiasmercedinas.com\\\/site\\\/wp-content\\\/uploads\\\/2020\\\/07\\\/10375129_10203473583193586_6423493586368836250_n.jpg\",\"contentUrl\":\"https:\\\/\\\/noticiasmercedinas.com\\\/site\\\/wp-content\\\/uploads\\\/2020\\\/07\\\/10375129_10203473583193586_6423493586368836250_n.jpg\",\"width\":960,\"height\":655,\"caption\":\"Andr\u00e9s Monferrand, uno de los conductores del ciclo\"},{\"@type\":\"BreadcrumbList\",\"@id\":\"https:\\\/\\\/noticiasmercedinas.com\\\/site\\\/2020\\\/07\\\/27\\\/cuentos-y-relatos-en-radio-en-la-publica\\\/#breadcrumb\",\"itemListElement\":[{\"@type\":\"ListItem\",\"position\":1,\"name\":\"Portada\",\"item\":\"https:\\\/\\\/noticiasmercedinas.com\\\/site\\\/\"},{\"@type\":\"ListItem\",\"position\":2,\"name\":\"Cuentos y relatos en radio, en la P\u00fablica\"}]},{\"@type\":\"WebSite\",\"@id\":\"https:\\\/\\\/noticiasmercedinas.com\\\/site\\\/#website\",\"url\":\"https:\\\/\\\/noticiasmercedinas.com\\\/site\\\/\",\"name\":\"NOTICIASMERCEDINAS.COM\",\"description\":\"Mercedes, Buenos Aires, Argentina\",\"publisher\":{\"@id\":\"https:\\\/\\\/noticiasmercedinas.com\\\/site\\\/#organization\"},\"potentialAction\":[{\"@type\":\"SearchAction\",\"target\":{\"@type\":\"EntryPoint\",\"urlTemplate\":\"https:\\\/\\\/noticiasmercedinas.com\\\/site\\\/?s={search_term_string}\"},\"query-input\":{\"@type\":\"PropertyValueSpecification\",\"valueRequired\":true,\"valueName\":\"search_term_string\"}}],\"inLanguage\":\"es\"},{\"@type\":\"Organization\",\"@id\":\"https:\\\/\\\/noticiasmercedinas.com\\\/site\\\/#organization\",\"name\":\"NOTICIASMERCEDINAS.COM\",\"url\":\"https:\\\/\\\/noticiasmercedinas.com\\\/site\\\/\",\"logo\":{\"@type\":\"ImageObject\",\"inLanguage\":\"es\",\"@id\":\"https:\\\/\\\/noticiasmercedinas.com\\\/site\\\/#\\\/schema\\\/logo\\\/image\\\/\",\"url\":\"https:\\\/\\\/noticiasmercedinas.com\\\/site\\\/wp-content\\\/uploads\\\/2020\\\/06\\\/LOGO-512.jpg\",\"contentUrl\":\"https:\\\/\\\/noticiasmercedinas.com\\\/site\\\/wp-content\\\/uploads\\\/2020\\\/06\\\/LOGO-512.jpg\",\"width\":512,\"height\":512,\"caption\":\"NOTICIASMERCEDINAS.COM\"},\"image\":{\"@id\":\"https:\\\/\\\/noticiasmercedinas.com\\\/site\\\/#\\\/schema\\\/logo\\\/image\\\/\"},\"sameAs\":[\"https:\\\/\\\/www.facebook.com\\\/noticiasmercedinas\\\/\",\"https:\\\/\\\/x.com\\\/notmercedinas\",\"https:\\\/\\\/www.instagram.com\\\/noticiasmercedinas\\\/\"]},{\"@type\":\"Person\",\"@id\":\"https:\\\/\\\/noticiasmercedinas.com\\\/site\\\/#\\\/schema\\\/person\\\/84b59c099c28ff2e8b77d4ceec5d8063\",\"name\":\"NOTICIASMERCEDINAS.COM\",\"image\":{\"@type\":\"ImageObject\",\"inLanguage\":\"es\",\"@id\":\"https:\\\/\\\/secure.gravatar.com\\\/avatar\\\/4dfbf16b4d17945bfb6341b2d19043457132fcf478a5ee04f42e959fd8f5df0a?s=96&d=mm&r=g\",\"url\":\"https:\\\/\\\/secure.gravatar.com\\\/avatar\\\/4dfbf16b4d17945bfb6341b2d19043457132fcf478a5ee04f42e959fd8f5df0a?s=96&d=mm&r=g\",\"contentUrl\":\"https:\\\/\\\/secure.gravatar.com\\\/avatar\\\/4dfbf16b4d17945bfb6341b2d19043457132fcf478a5ee04f42e959fd8f5df0a?s=96&d=mm&r=g\",\"caption\":\"NOTICIASMERCEDINAS.COM\"},\"url\":\"https:\\\/\\\/noticiasmercedinas.com\\\/site\\\/author\\\/anonimo\\\/\"}]}<\/script>\n<!-- \/ Yoast SEO plugin. -->","yoast_head_json":{"title":"Cuentos y relatos en radio, en la P\u00fablica","robots":{"index":"index","follow":"follow","max-snippet":"max-snippet:-1","max-image-preview":"max-image-preview:large","max-video-preview":"max-video-preview:-1"},"canonical":"https:\/\/noticiasmercedinas.com\/site\/2020\/07\/27\/cuentos-y-relatos-en-radio-en-la-publica\/","og_locale":"es_ES","og_type":"article","og_title":"Cuentos y relatos en radio, en la P\u00fablica","og_description":"\u25a0 \u201cLa Compa\u00f1\u00eda del Cuento\u201d, los lunes y jueves a las 16:00 horas por RPM Radio P\u00fablica Mercedes 88.5 FM. A cargo de Josefina Capaccio y Andr\u00e9s Monferrand.","og_url":"https:\/\/noticiasmercedinas.com\/site\/2020\/07\/27\/cuentos-y-relatos-en-radio-en-la-publica\/","og_site_name":"NOTICIASMERCEDINAS.COM","article_publisher":"https:\/\/www.facebook.com\/noticiasmercedinas\/","article_published_time":"2020-07-27T20:02:41+00:00","og_image":[{"width":960,"height":655,"url":"https:\/\/noticiasmercedinas.com\/site\/wp-content\/uploads\/2020\/07\/10375129_10203473583193586_6423493586368836250_n.jpg","type":"image\/jpeg"}],"author":"NOTICIASMERCEDINAS.COM","twitter_card":"summary_large_image","twitter_creator":"@notmercedinas","twitter_site":"@notmercedinas","twitter_misc":{"Escrito por":"NOTICIASMERCEDINAS.COM","Tiempo de lectura":"2 minutos"},"schema":{"@context":"https:\/\/schema.org","@graph":[{"@type":"Article","@id":"https:\/\/noticiasmercedinas.com\/site\/2020\/07\/27\/cuentos-y-relatos-en-radio-en-la-publica\/#article","isPartOf":{"@id":"https:\/\/noticiasmercedinas.com\/site\/2020\/07\/27\/cuentos-y-relatos-en-radio-en-la-publica\/"},"author":{"name":"NOTICIASMERCEDINAS.COM","@id":"https:\/\/noticiasmercedinas.com\/site\/#\/schema\/person\/84b59c099c28ff2e8b77d4ceec5d8063"},"headline":"Cuentos y relatos en radio, en la P\u00fablica","datePublished":"2020-07-27T20:02:41+00:00","mainEntityOfPage":{"@id":"https:\/\/noticiasmercedinas.com\/site\/2020\/07\/27\/cuentos-y-relatos-en-radio-en-la-publica\/"},"wordCount":343,"commentCount":0,"publisher":{"@id":"https:\/\/noticiasmercedinas.com\/site\/#organization"},"image":{"@id":"https:\/\/noticiasmercedinas.com\/site\/2020\/07\/27\/cuentos-y-relatos-en-radio-en-la-publica\/#primaryimage"},"thumbnailUrl":"https:\/\/noticiasmercedinas.com\/site\/wp-content\/uploads\/2020\/07\/10375129_10203473583193586_6423493586368836250_n.jpg","keywords":["88.5","Andr\u00e9s Monferrand","fm","josefina capaccio","radio p\u00fablica"],"articleSection":["Medios"],"inLanguage":"es","potentialAction":[{"@type":"CommentAction","name":"Comment","target":["https:\/\/noticiasmercedinas.com\/site\/2020\/07\/27\/cuentos-y-relatos-en-radio-en-la-publica\/#respond"]}]},{"@type":"WebPage","@id":"https:\/\/noticiasmercedinas.com\/site\/2020\/07\/27\/cuentos-y-relatos-en-radio-en-la-publica\/","url":"https:\/\/noticiasmercedinas.com\/site\/2020\/07\/27\/cuentos-y-relatos-en-radio-en-la-publica\/","name":"Cuentos y relatos en radio, en la P\u00fablica","isPartOf":{"@id":"https:\/\/noticiasmercedinas.com\/site\/#website"},"primaryImageOfPage":{"@id":"https:\/\/noticiasmercedinas.com\/site\/2020\/07\/27\/cuentos-y-relatos-en-radio-en-la-publica\/#primaryimage"},"image":{"@id":"https:\/\/noticiasmercedinas.com\/site\/2020\/07\/27\/cuentos-y-relatos-en-radio-en-la-publica\/#primaryimage"},"thumbnailUrl":"https:\/\/noticiasmercedinas.com\/site\/wp-content\/uploads\/2020\/07\/10375129_10203473583193586_6423493586368836250_n.jpg","datePublished":"2020-07-27T20:02:41+00:00","breadcrumb":{"@id":"https:\/\/noticiasmercedinas.com\/site\/2020\/07\/27\/cuentos-y-relatos-en-radio-en-la-publica\/#breadcrumb"},"inLanguage":"es","potentialAction":[{"@type":"ReadAction","target":["https:\/\/noticiasmercedinas.com\/site\/2020\/07\/27\/cuentos-y-relatos-en-radio-en-la-publica\/"]}]},{"@type":"ImageObject","inLanguage":"es","@id":"https:\/\/noticiasmercedinas.com\/site\/2020\/07\/27\/cuentos-y-relatos-en-radio-en-la-publica\/#primaryimage","url":"https:\/\/noticiasmercedinas.com\/site\/wp-content\/uploads\/2020\/07\/10375129_10203473583193586_6423493586368836250_n.jpg","contentUrl":"https:\/\/noticiasmercedinas.com\/site\/wp-content\/uploads\/2020\/07\/10375129_10203473583193586_6423493586368836250_n.jpg","width":960,"height":655,"caption":"Andr\u00e9s Monferrand, uno de los conductores del ciclo"},{"@type":"BreadcrumbList","@id":"https:\/\/noticiasmercedinas.com\/site\/2020\/07\/27\/cuentos-y-relatos-en-radio-en-la-publica\/#breadcrumb","itemListElement":[{"@type":"ListItem","position":1,"name":"Portada","item":"https:\/\/noticiasmercedinas.com\/site\/"},{"@type":"ListItem","position":2,"name":"Cuentos y relatos en radio, en la P\u00fablica"}]},{"@type":"WebSite","@id":"https:\/\/noticiasmercedinas.com\/site\/#website","url":"https:\/\/noticiasmercedinas.com\/site\/","name":"NOTICIASMERCEDINAS.COM","description":"Mercedes, Buenos Aires, Argentina","publisher":{"@id":"https:\/\/noticiasmercedinas.com\/site\/#organization"},"potentialAction":[{"@type":"SearchAction","target":{"@type":"EntryPoint","urlTemplate":"https:\/\/noticiasmercedinas.com\/site\/?s={search_term_string}"},"query-input":{"@type":"PropertyValueSpecification","valueRequired":true,"valueName":"search_term_string"}}],"inLanguage":"es"},{"@type":"Organization","@id":"https:\/\/noticiasmercedinas.com\/site\/#organization","name":"NOTICIASMERCEDINAS.COM","url":"https:\/\/noticiasmercedinas.com\/site\/","logo":{"@type":"ImageObject","inLanguage":"es","@id":"https:\/\/noticiasmercedinas.com\/site\/#\/schema\/logo\/image\/","url":"https:\/\/noticiasmercedinas.com\/site\/wp-content\/uploads\/2020\/06\/LOGO-512.jpg","contentUrl":"https:\/\/noticiasmercedinas.com\/site\/wp-content\/uploads\/2020\/06\/LOGO-512.jpg","width":512,"height":512,"caption":"NOTICIASMERCEDINAS.COM"},"image":{"@id":"https:\/\/noticiasmercedinas.com\/site\/#\/schema\/logo\/image\/"},"sameAs":["https:\/\/www.facebook.com\/noticiasmercedinas\/","https:\/\/x.com\/notmercedinas","https:\/\/www.instagram.com\/noticiasmercedinas\/"]},{"@type":"Person","@id":"https:\/\/noticiasmercedinas.com\/site\/#\/schema\/person\/84b59c099c28ff2e8b77d4ceec5d8063","name":"NOTICIASMERCEDINAS.COM","image":{"@type":"ImageObject","inLanguage":"es","@id":"https:\/\/secure.gravatar.com\/avatar\/4dfbf16b4d17945bfb6341b2d19043457132fcf478a5ee04f42e959fd8f5df0a?s=96&d=mm&r=g","url":"https:\/\/secure.gravatar.com\/avatar\/4dfbf16b4d17945bfb6341b2d19043457132fcf478a5ee04f42e959fd8f5df0a?s=96&d=mm&r=g","contentUrl":"https:\/\/secure.gravatar.com\/avatar\/4dfbf16b4d17945bfb6341b2d19043457132fcf478a5ee04f42e959fd8f5df0a?s=96&d=mm&r=g","caption":"NOTICIASMERCEDINAS.COM"},"url":"https:\/\/noticiasmercedinas.com\/site\/author\/anonimo\/"}]}},"amp_enabled":true,"_links":{"self":[{"href":"https:\/\/noticiasmercedinas.com\/site\/wp-json\/wp\/v2\/posts\/49723","targetHints":{"allow":["GET"]}}],"collection":[{"href":"https:\/\/noticiasmercedinas.com\/site\/wp-json\/wp\/v2\/posts"}],"about":[{"href":"https:\/\/noticiasmercedinas.com\/site\/wp-json\/wp\/v2\/types\/post"}],"author":[{"embeddable":true,"href":"https:\/\/noticiasmercedinas.com\/site\/wp-json\/wp\/v2\/users\/16"}],"replies":[{"embeddable":true,"href":"https:\/\/noticiasmercedinas.com\/site\/wp-json\/wp\/v2\/comments?post=49723"}],"version-history":[{"count":1,"href":"https:\/\/noticiasmercedinas.com\/site\/wp-json\/wp\/v2\/posts\/49723\/revisions"}],"predecessor-version":[{"id":49726,"href":"https:\/\/noticiasmercedinas.com\/site\/wp-json\/wp\/v2\/posts\/49723\/revisions\/49726"}],"wp:featuredmedia":[{"embeddable":true,"href":"https:\/\/noticiasmercedinas.com\/site\/wp-json\/wp\/v2\/media\/49725"}],"wp:attachment":[{"href":"https:\/\/noticiasmercedinas.com\/site\/wp-json\/wp\/v2\/media?parent=49723"}],"wp:term":[{"taxonomy":"category","embeddable":true,"href":"https:\/\/noticiasmercedinas.com\/site\/wp-json\/wp\/v2\/categories?post=49723"},{"taxonomy":"post_tag","embeddable":true,"href":"https:\/\/noticiasmercedinas.com\/site\/wp-json\/wp\/v2\/tags?post=49723"}],"curies":[{"name":"wp","href":"https:\/\/api.w.org\/{rel}","templated":true}]}}