{"id":4984,"date":"2018-10-22T09:58:51","date_gmt":"2018-10-22T12:58:51","guid":{"rendered":"https:\/\/noticiasmercedinas.com\/site\/?p=4984"},"modified":"2018-10-22T09:58:51","modified_gmt":"2018-10-22T12:58:51","slug":"no-coincido-con-quienes-andan-con-el-peronometro-para-todos-lados","status":"publish","type":"post","link":"https:\/\/noticiasmercedinas.com\/site\/2018\/10\/22\/no-coincido-con-quienes-andan-con-el-peronometro-para-todos-lados\/","title":{"rendered":"\u201cNo coincido con quienes andan con el peron\u00f3metro para todos lados\u201d"},"content":{"rendered":"<p><strong>El concejal y soci\u00f3logo Santiago Altube fue parte de acto de Merlo. \u201cNo puede haber un peronista que acompa\u00f1e y deje hacer las pol\u00edticas de Macri, que le permita endeudar el pa\u00eds, liberar tarifas, dolarizar sectores de la econom\u00eda\u201d, expres\u00f3<\/strong><\/p>\n<p><img loading=\"lazy\" decoding=\"async\" class=\"alignnone size-full wp-image-4985\" src=\"https:\/\/noticiasmercedinas.com\/site\/wp-content\/uploads\/2018\/10\/santiagoaltubeSJA_9696.jpg\" alt=\"\" width=\"640\" height=\"426\" srcset=\"https:\/\/noticiasmercedinas.com\/site\/wp-content\/uploads\/2018\/10\/santiagoaltubeSJA_9696.jpg 640w, https:\/\/noticiasmercedinas.com\/site\/wp-content\/uploads\/2018\/10\/santiagoaltubeSJA_9696-300x200.jpg 300w\" sizes=\"auto, (max-width: 640px) 100vw, 640px\" \/><\/p>\n<p>El concejal <strong>Santiago Altube<\/strong>, del Frente Mercedino para la Victoria, es un recocido militante dentro de ese espacio en el que tiene la importante tarea de ocupar una banca legislativa. Pero adem\u00e1s desde su lugar como soci\u00f3logo posee una amplia capacidad de an\u00e1lisis de los fen\u00f3menos que atraviesa la sociedad.<\/p>\n<p>En este sentido, vale destacar que Altube fue pare junto a algunos de sus pares y el propio intendente Juan Ignacio Ustarroz del reciente acto por el D\u00eda de la Lealtad en Merlo. \u201cEl acto de Merlo fue muy satisfactorio, con presencia de intendentes y la figura de M\u00e1ximo como representante de un peronismo kirchnerista. Estaban todos los dirigentes peronistas con representaci\u00f3n. En Tucum\u00e1n hab\u00eda gobernadores pero hoy los actores pol\u00edticos del peronismo m\u00e1s genuino estaban ah\u00ed en Merlo\u201d, opin\u00f3 Altube.<\/p>\n<p>\u201cAc\u00e1 hay algo determinante, y no coincido con quienes andan con el peron\u00f3metro para todos lados, ya que lo que divide aguas es el acercamiento o no, o la posibilidad que le dan o no de hacer lo que hace a Macri. No puede haber un peronista que acompa\u00f1e y deje hacer las pol\u00edticas de Macri, que le permita endeudar el pa\u00eds, liberar tarifas, dolarizar sectores de la econom\u00eda\u2026\u201d, expres\u00f3 el concejal Altube.<\/p>\n<p>\u201cHoy el peronismo est\u00e1 marcado por eso, en el espacio pol\u00edtico que sea, con la cercan\u00eda o no que tenga a Macri\u201d, ampli\u00f3 su razonamiento.<\/p>\n<p>Seg\u00fan Altube, pensando en 2019 \u201chay que buscar un frente que sea lo suficientemente robusto y s\u00f3lido como para ganarle la elecci\u00f3n a Macri y que esto se termine de una vez\u201d.<\/p>\n<p>\u201cLa dirigente peronista con m\u00e1s capital y respeto pol\u00edtico es Cristina, que est\u00e1 en otro nivel. Y ser testigo de eso me llena de orgullo y alegr\u00eda. Lo dijo Alberto Fern\u00e1ndez: hay una discusi\u00f3n entre mortales y ella est\u00e1 en otro plano. Me da la esperanza de que Cristina con su capacidad y su mirada de la pol\u00edtica y de la realidad argentina pueda hacer que se quiebre el bloque de poder que gobierna el pa\u00eds y que logra que los indicadores vayan cada vez peor\u201d, sostuvo.<\/p>\n<p>\u201cPorque el peronismo es peronismo en tanto y en cuanto no gobierne para el poder\u201d, concluy\u00f3 Altube en su di\u00e1logo con NOTICIASMERCEDINAS.COM<\/p>\n","protected":false},"excerpt":{"rendered":"<p>El concejal y soci\u00f3logo Santiago Altube fue parte de acto de Merlo. \u201cNo puede haber un peronista que acompa\u00f1e y deje hacer las pol\u00edticas de Macri, que le permita endeudar el pa\u00eds, liberar tarifas, dolarizar sectores de la econom\u00eda\u201d, expres\u00f3 El concejal Santiago Altube, del Frente Mercedino para la Victoria, es un recocido militante dentro [&hellip;]<\/p>\n","protected":false},"author":2,"featured_media":4985,"comment_status":"open","ping_status":"open","sticky":false,"template":"","format":"standard","meta":{"footnotes":""},"categories":[16],"tags":[1490,1591,1590,552,1489,1267],"class_list":["post-4984","post","type-post","status-publish","format-standard","has-post-thumbnail","hentry","category-politica","tag-dia-de-la-lealtad","tag-frente-mercedino-para-la-victoria","tag-merlo","tag-peronismo","tag-pj","tag-santiago-altube"],"yoast_head":"<!-- This site is optimized with the Yoast SEO plugin v27.5 - https:\/\/yoast.com\/product\/yoast-seo-wordpress\/ -->\n<title>\u201cNo coincido con quienes andan con el peron\u00f3metro para todos lados\u201d<\/title>\n<meta name=\"robots\" content=\"index, follow, max-snippet:-1, max-image-preview:large, max-video-preview:-1\" \/>\n<link rel=\"canonical\" href=\"https:\/\/noticiasmercedinas.com\/site\/2018\/10\/22\/no-coincido-con-quienes-andan-con-el-peronometro-para-todos-lados\/\" \/>\n<meta property=\"og:locale\" content=\"es_ES\" \/>\n<meta property=\"og:type\" content=\"article\" \/>\n<meta property=\"og:title\" content=\"\u201cNo coincido con quienes andan con el peron\u00f3metro para todos lados\u201d\" \/>\n<meta property=\"og:description\" content=\"El concejal y soci\u00f3logo Santiago Altube fue parte de acto de Merlo. \u201cNo puede haber un peronista que acompa\u00f1e y deje hacer las pol\u00edticas de Macri, que le permita endeudar el pa\u00eds, liberar tarifas, dolarizar sectores de la econom\u00eda\u201d, expres\u00f3 El concejal Santiago Altube, del Frente Mercedino para la Victoria, es un recocido militante dentro [&hellip;]\" \/>\n<meta property=\"og:url\" content=\"https:\/\/noticiasmercedinas.com\/site\/2018\/10\/22\/no-coincido-con-quienes-andan-con-el-peronometro-para-todos-lados\/\" \/>\n<meta property=\"og:site_name\" content=\"NOTICIASMERCEDINAS.COM\" \/>\n<meta property=\"article:publisher\" content=\"https:\/\/www.facebook.com\/noticiasmercedinas\/\" \/>\n<meta property=\"article:author\" content=\"https:\/\/www.facebook.com\/cristian.falabella\" \/>\n<meta property=\"article:published_time\" content=\"2018-10-22T12:58:51+00:00\" \/>\n<meta property=\"og:image\" content=\"https:\/\/noticiasmercedinas.com\/site\/wp-content\/uploads\/2018\/10\/santiagoaltubeSJA_9696.jpg\" \/>\n\t<meta property=\"og:image:width\" content=\"640\" \/>\n\t<meta property=\"og:image:height\" content=\"426\" \/>\n\t<meta property=\"og:image:type\" content=\"image\/jpeg\" \/>\n<meta name=\"author\" content=\"Cristian Falabella NOTICIASMERCEDINAS.COM\" \/>\n<meta name=\"twitter:card\" content=\"summary_large_image\" \/>\n<meta name=\"twitter:creator\" content=\"@https:\/\/twitter.com\/NOTMERCEDINAS\" \/>\n<meta name=\"twitter:site\" content=\"@notmercedinas\" \/>\n<meta name=\"twitter:label1\" content=\"Escrito por\" \/>\n\t<meta name=\"twitter:data1\" content=\"Cristian Falabella NOTICIASMERCEDINAS.COM\" \/>\n\t<meta name=\"twitter:label2\" content=\"Tiempo de lectura\" \/>\n\t<meta name=\"twitter:data2\" content=\"2 minutos\" \/>\n<script type=\"application\/ld+json\" class=\"yoast-schema-graph\">{\"@context\":\"https:\\\/\\\/schema.org\",\"@graph\":[{\"@type\":\"Article\",\"@id\":\"https:\\\/\\\/noticiasmercedinas.com\\\/site\\\/2018\\\/10\\\/22\\\/no-coincido-con-quienes-andan-con-el-peronometro-para-todos-lados\\\/#article\",\"isPartOf\":{\"@id\":\"https:\\\/\\\/noticiasmercedinas.com\\\/site\\\/2018\\\/10\\\/22\\\/no-coincido-con-quienes-andan-con-el-peronometro-para-todos-lados\\\/\"},\"author\":{\"name\":\"Cristian Falabella NOTICIASMERCEDINAS.COM\",\"@id\":\"https:\\\/\\\/noticiasmercedinas.com\\\/site\\\/#\\\/schema\\\/person\\\/d481a9696a5feaec13a60e2bbd991a6a\"},\"headline\":\"\u201cNo coincido con quienes andan con el peron\u00f3metro para todos lados\u201d\",\"datePublished\":\"2018-10-22T12:58:51+00:00\",\"mainEntityOfPage\":{\"@id\":\"https:\\\/\\\/noticiasmercedinas.com\\\/site\\\/2018\\\/10\\\/22\\\/no-coincido-con-quienes-andan-con-el-peronometro-para-todos-lados\\\/\"},\"wordCount\":456,\"commentCount\":0,\"publisher\":{\"@id\":\"https:\\\/\\\/noticiasmercedinas.com\\\/site\\\/#organization\"},\"image\":{\"@id\":\"https:\\\/\\\/noticiasmercedinas.com\\\/site\\\/2018\\\/10\\\/22\\\/no-coincido-con-quienes-andan-con-el-peronometro-para-todos-lados\\\/#primaryimage\"},\"thumbnailUrl\":\"https:\\\/\\\/noticiasmercedinas.com\\\/site\\\/wp-content\\\/uploads\\\/2018\\\/10\\\/santiagoaltubeSJA_9696.jpg\",\"keywords\":[\"dia de la lealtad\",\"Frente Mercedino para la Victoria\",\"merlo\",\"Peronismo\",\"pj\",\"Santiago Altube\"],\"articleSection\":[\"Politica\"],\"inLanguage\":\"es\",\"potentialAction\":[{\"@type\":\"CommentAction\",\"name\":\"Comment\",\"target\":[\"https:\\\/\\\/noticiasmercedinas.com\\\/site\\\/2018\\\/10\\\/22\\\/no-coincido-con-quienes-andan-con-el-peronometro-para-todos-lados\\\/#respond\"]}]},{\"@type\":\"WebPage\",\"@id\":\"https:\\\/\\\/noticiasmercedinas.com\\\/site\\\/2018\\\/10\\\/22\\\/no-coincido-con-quienes-andan-con-el-peronometro-para-todos-lados\\\/\",\"url\":\"https:\\\/\\\/noticiasmercedinas.com\\\/site\\\/2018\\\/10\\\/22\\\/no-coincido-con-quienes-andan-con-el-peronometro-para-todos-lados\\\/\",\"name\":\"\u201cNo coincido con quienes andan con el peron\u00f3metro para todos lados\u201d\",\"isPartOf\":{\"@id\":\"https:\\\/\\\/noticiasmercedinas.com\\\/site\\\/#website\"},\"primaryImageOfPage\":{\"@id\":\"https:\\\/\\\/noticiasmercedinas.com\\\/site\\\/2018\\\/10\\\/22\\\/no-coincido-con-quienes-andan-con-el-peronometro-para-todos-lados\\\/#primaryimage\"},\"image\":{\"@id\":\"https:\\\/\\\/noticiasmercedinas.com\\\/site\\\/2018\\\/10\\\/22\\\/no-coincido-con-quienes-andan-con-el-peronometro-para-todos-lados\\\/#primaryimage\"},\"thumbnailUrl\":\"https:\\\/\\\/noticiasmercedinas.com\\\/site\\\/wp-content\\\/uploads\\\/2018\\\/10\\\/santiagoaltubeSJA_9696.jpg\",\"datePublished\":\"2018-10-22T12:58:51+00:00\",\"breadcrumb\":{\"@id\":\"https:\\\/\\\/noticiasmercedinas.com\\\/site\\\/2018\\\/10\\\/22\\\/no-coincido-con-quienes-andan-con-el-peronometro-para-todos-lados\\\/#breadcrumb\"},\"inLanguage\":\"es\",\"potentialAction\":[{\"@type\":\"ReadAction\",\"target\":[\"https:\\\/\\\/noticiasmercedinas.com\\\/site\\\/2018\\\/10\\\/22\\\/no-coincido-con-quienes-andan-con-el-peronometro-para-todos-lados\\\/\"]}]},{\"@type\":\"ImageObject\",\"inLanguage\":\"es\",\"@id\":\"https:\\\/\\\/noticiasmercedinas.com\\\/site\\\/2018\\\/10\\\/22\\\/no-coincido-con-quienes-andan-con-el-peronometro-para-todos-lados\\\/#primaryimage\",\"url\":\"https:\\\/\\\/noticiasmercedinas.com\\\/site\\\/wp-content\\\/uploads\\\/2018\\\/10\\\/santiagoaltubeSJA_9696.jpg\",\"contentUrl\":\"https:\\\/\\\/noticiasmercedinas.com\\\/site\\\/wp-content\\\/uploads\\\/2018\\\/10\\\/santiagoaltubeSJA_9696.jpg\",\"width\":640,\"height\":426},{\"@type\":\"BreadcrumbList\",\"@id\":\"https:\\\/\\\/noticiasmercedinas.com\\\/site\\\/2018\\\/10\\\/22\\\/no-coincido-con-quienes-andan-con-el-peronometro-para-todos-lados\\\/#breadcrumb\",\"itemListElement\":[{\"@type\":\"ListItem\",\"position\":1,\"name\":\"Portada\",\"item\":\"https:\\\/\\\/noticiasmercedinas.com\\\/site\\\/\"},{\"@type\":\"ListItem\",\"position\":2,\"name\":\"\u201cNo coincido con quienes andan con el peron\u00f3metro para todos lados\u201d\"}]},{\"@type\":\"WebSite\",\"@id\":\"https:\\\/\\\/noticiasmercedinas.com\\\/site\\\/#website\",\"url\":\"https:\\\/\\\/noticiasmercedinas.com\\\/site\\\/\",\"name\":\"NOTICIASMERCEDINAS.COM\",\"description\":\"Mercedes, Buenos Aires, Argentina\",\"publisher\":{\"@id\":\"https:\\\/\\\/noticiasmercedinas.com\\\/site\\\/#organization\"},\"potentialAction\":[{\"@type\":\"SearchAction\",\"target\":{\"@type\":\"EntryPoint\",\"urlTemplate\":\"https:\\\/\\\/noticiasmercedinas.com\\\/site\\\/?s={search_term_string}\"},\"query-input\":{\"@type\":\"PropertyValueSpecification\",\"valueRequired\":true,\"valueName\":\"search_term_string\"}}],\"inLanguage\":\"es\"},{\"@type\":\"Organization\",\"@id\":\"https:\\\/\\\/noticiasmercedinas.com\\\/site\\\/#organization\",\"name\":\"NOTICIASMERCEDINAS.COM\",\"url\":\"https:\\\/\\\/noticiasmercedinas.com\\\/site\\\/\",\"logo\":{\"@type\":\"ImageObject\",\"inLanguage\":\"es\",\"@id\":\"https:\\\/\\\/noticiasmercedinas.com\\\/site\\\/#\\\/schema\\\/logo\\\/image\\\/\",\"url\":\"https:\\\/\\\/noticiasmercedinas.com\\\/site\\\/wp-content\\\/uploads\\\/2020\\\/06\\\/LOGO-512.jpg\",\"contentUrl\":\"https:\\\/\\\/noticiasmercedinas.com\\\/site\\\/wp-content\\\/uploads\\\/2020\\\/06\\\/LOGO-512.jpg\",\"width\":512,\"height\":512,\"caption\":\"NOTICIASMERCEDINAS.COM\"},\"image\":{\"@id\":\"https:\\\/\\\/noticiasmercedinas.com\\\/site\\\/#\\\/schema\\\/logo\\\/image\\\/\"},\"sameAs\":[\"https:\\\/\\\/www.facebook.com\\\/noticiasmercedinas\\\/\",\"https:\\\/\\\/x.com\\\/notmercedinas\",\"https:\\\/\\\/www.instagram.com\\\/noticiasmercedinas\\\/\"]},{\"@type\":\"Person\",\"@id\":\"https:\\\/\\\/noticiasmercedinas.com\\\/site\\\/#\\\/schema\\\/person\\\/d481a9696a5feaec13a60e2bbd991a6a\",\"name\":\"Cristian Falabella NOTICIASMERCEDINAS.COM\",\"image\":{\"@type\":\"ImageObject\",\"inLanguage\":\"es\",\"@id\":\"https:\\\/\\\/secure.gravatar.com\\\/avatar\\\/0dbbfc45970cc46bcd0e57766228574ff3511d6eed045b182f536f0f478c1f06?s=96&d=mm&r=g\",\"url\":\"https:\\\/\\\/secure.gravatar.com\\\/avatar\\\/0dbbfc45970cc46bcd0e57766228574ff3511d6eed045b182f536f0f478c1f06?s=96&d=mm&r=g\",\"contentUrl\":\"https:\\\/\\\/secure.gravatar.com\\\/avatar\\\/0dbbfc45970cc46bcd0e57766228574ff3511d6eed045b182f536f0f478c1f06?s=96&d=mm&r=g\",\"caption\":\"Cristian Falabella NOTICIASMERCEDINAS.COM\"},\"description\":\"Periodista, editor de Noticias Mercedinas. Pas\u00f3 por varias redacciones y emprendimientos de prensa, en distintos formatos y \u00e9pocas. Se especializ\u00f3 --y sigue haci\u00e9ndolo-- en comunicaci\u00f3n en la web y en junio de 2006 fund\u00f3 este diario digital.\",\"sameAs\":[\"https:\\\/\\\/noticiasmercedinas.com\",\"https:\\\/\\\/www.facebook.com\\\/cristian.falabella\",\"https:\\\/\\\/www.instagram.com\\\/noticiasmercedinas\\\/\",\"https:\\\/\\\/x.com\\\/https:\\\/\\\/twitter.com\\\/NOTMERCEDINAS\"],\"url\":\"https:\\\/\\\/noticiasmercedinas.com\\\/site\\\/author\\\/as000384\\\/\"}]}<\/script>\n<!-- \/ Yoast SEO plugin. -->","yoast_head_json":{"title":"\u201cNo coincido con quienes andan con el peron\u00f3metro para todos lados\u201d","robots":{"index":"index","follow":"follow","max-snippet":"max-snippet:-1","max-image-preview":"max-image-preview:large","max-video-preview":"max-video-preview:-1"},"canonical":"https:\/\/noticiasmercedinas.com\/site\/2018\/10\/22\/no-coincido-con-quienes-andan-con-el-peronometro-para-todos-lados\/","og_locale":"es_ES","og_type":"article","og_title":"\u201cNo coincido con quienes andan con el peron\u00f3metro para todos lados\u201d","og_description":"El concejal y soci\u00f3logo Santiago Altube fue parte de acto de Merlo. \u201cNo puede haber un peronista que acompa\u00f1e y deje hacer las pol\u00edticas de Macri, que le permita endeudar el pa\u00eds, liberar tarifas, dolarizar sectores de la econom\u00eda\u201d, expres\u00f3 El concejal Santiago Altube, del Frente Mercedino para la Victoria, es un recocido militante dentro [&hellip;]","og_url":"https:\/\/noticiasmercedinas.com\/site\/2018\/10\/22\/no-coincido-con-quienes-andan-con-el-peronometro-para-todos-lados\/","og_site_name":"NOTICIASMERCEDINAS.COM","article_publisher":"https:\/\/www.facebook.com\/noticiasmercedinas\/","article_author":"https:\/\/www.facebook.com\/cristian.falabella","article_published_time":"2018-10-22T12:58:51+00:00","og_image":[{"width":640,"height":426,"url":"https:\/\/noticiasmercedinas.com\/site\/wp-content\/uploads\/2018\/10\/santiagoaltubeSJA_9696.jpg","type":"image\/jpeg"}],"author":"Cristian Falabella NOTICIASMERCEDINAS.COM","twitter_card":"summary_large_image","twitter_creator":"@https:\/\/twitter.com\/NOTMERCEDINAS","twitter_site":"@notmercedinas","twitter_misc":{"Escrito por":"Cristian Falabella NOTICIASMERCEDINAS.COM","Tiempo de lectura":"2 minutos"},"schema":{"@context":"https:\/\/schema.org","@graph":[{"@type":"Article","@id":"https:\/\/noticiasmercedinas.com\/site\/2018\/10\/22\/no-coincido-con-quienes-andan-con-el-peronometro-para-todos-lados\/#article","isPartOf":{"@id":"https:\/\/noticiasmercedinas.com\/site\/2018\/10\/22\/no-coincido-con-quienes-andan-con-el-peronometro-para-todos-lados\/"},"author":{"name":"Cristian Falabella NOTICIASMERCEDINAS.COM","@id":"https:\/\/noticiasmercedinas.com\/site\/#\/schema\/person\/d481a9696a5feaec13a60e2bbd991a6a"},"headline":"\u201cNo coincido con quienes andan con el peron\u00f3metro para todos lados\u201d","datePublished":"2018-10-22T12:58:51+00:00","mainEntityOfPage":{"@id":"https:\/\/noticiasmercedinas.com\/site\/2018\/10\/22\/no-coincido-con-quienes-andan-con-el-peronometro-para-todos-lados\/"},"wordCount":456,"commentCount":0,"publisher":{"@id":"https:\/\/noticiasmercedinas.com\/site\/#organization"},"image":{"@id":"https:\/\/noticiasmercedinas.com\/site\/2018\/10\/22\/no-coincido-con-quienes-andan-con-el-peronometro-para-todos-lados\/#primaryimage"},"thumbnailUrl":"https:\/\/noticiasmercedinas.com\/site\/wp-content\/uploads\/2018\/10\/santiagoaltubeSJA_9696.jpg","keywords":["dia de la lealtad","Frente Mercedino para la Victoria","merlo","Peronismo","pj","Santiago Altube"],"articleSection":["Politica"],"inLanguage":"es","potentialAction":[{"@type":"CommentAction","name":"Comment","target":["https:\/\/noticiasmercedinas.com\/site\/2018\/10\/22\/no-coincido-con-quienes-andan-con-el-peronometro-para-todos-lados\/#respond"]}]},{"@type":"WebPage","@id":"https:\/\/noticiasmercedinas.com\/site\/2018\/10\/22\/no-coincido-con-quienes-andan-con-el-peronometro-para-todos-lados\/","url":"https:\/\/noticiasmercedinas.com\/site\/2018\/10\/22\/no-coincido-con-quienes-andan-con-el-peronometro-para-todos-lados\/","name":"\u201cNo coincido con quienes andan con el peron\u00f3metro para todos lados\u201d","isPartOf":{"@id":"https:\/\/noticiasmercedinas.com\/site\/#website"},"primaryImageOfPage":{"@id":"https:\/\/noticiasmercedinas.com\/site\/2018\/10\/22\/no-coincido-con-quienes-andan-con-el-peronometro-para-todos-lados\/#primaryimage"},"image":{"@id":"https:\/\/noticiasmercedinas.com\/site\/2018\/10\/22\/no-coincido-con-quienes-andan-con-el-peronometro-para-todos-lados\/#primaryimage"},"thumbnailUrl":"https:\/\/noticiasmercedinas.com\/site\/wp-content\/uploads\/2018\/10\/santiagoaltubeSJA_9696.jpg","datePublished":"2018-10-22T12:58:51+00:00","breadcrumb":{"@id":"https:\/\/noticiasmercedinas.com\/site\/2018\/10\/22\/no-coincido-con-quienes-andan-con-el-peronometro-para-todos-lados\/#breadcrumb"},"inLanguage":"es","potentialAction":[{"@type":"ReadAction","target":["https:\/\/noticiasmercedinas.com\/site\/2018\/10\/22\/no-coincido-con-quienes-andan-con-el-peronometro-para-todos-lados\/"]}]},{"@type":"ImageObject","inLanguage":"es","@id":"https:\/\/noticiasmercedinas.com\/site\/2018\/10\/22\/no-coincido-con-quienes-andan-con-el-peronometro-para-todos-lados\/#primaryimage","url":"https:\/\/noticiasmercedinas.com\/site\/wp-content\/uploads\/2018\/10\/santiagoaltubeSJA_9696.jpg","contentUrl":"https:\/\/noticiasmercedinas.com\/site\/wp-content\/uploads\/2018\/10\/santiagoaltubeSJA_9696.jpg","width":640,"height":426},{"@type":"BreadcrumbList","@id":"https:\/\/noticiasmercedinas.com\/site\/2018\/10\/22\/no-coincido-con-quienes-andan-con-el-peronometro-para-todos-lados\/#breadcrumb","itemListElement":[{"@type":"ListItem","position":1,"name":"Portada","item":"https:\/\/noticiasmercedinas.com\/site\/"},{"@type":"ListItem","position":2,"name":"\u201cNo coincido con quienes andan con el peron\u00f3metro para todos lados\u201d"}]},{"@type":"WebSite","@id":"https:\/\/noticiasmercedinas.com\/site\/#website","url":"https:\/\/noticiasmercedinas.com\/site\/","name":"NOTICIASMERCEDINAS.COM","description":"Mercedes, Buenos Aires, Argentina","publisher":{"@id":"https:\/\/noticiasmercedinas.com\/site\/#organization"},"potentialAction":[{"@type":"SearchAction","target":{"@type":"EntryPoint","urlTemplate":"https:\/\/noticiasmercedinas.com\/site\/?s={search_term_string}"},"query-input":{"@type":"PropertyValueSpecification","valueRequired":true,"valueName":"search_term_string"}}],"inLanguage":"es"},{"@type":"Organization","@id":"https:\/\/noticiasmercedinas.com\/site\/#organization","name":"NOTICIASMERCEDINAS.COM","url":"https:\/\/noticiasmercedinas.com\/site\/","logo":{"@type":"ImageObject","inLanguage":"es","@id":"https:\/\/noticiasmercedinas.com\/site\/#\/schema\/logo\/image\/","url":"https:\/\/noticiasmercedinas.com\/site\/wp-content\/uploads\/2020\/06\/LOGO-512.jpg","contentUrl":"https:\/\/noticiasmercedinas.com\/site\/wp-content\/uploads\/2020\/06\/LOGO-512.jpg","width":512,"height":512,"caption":"NOTICIASMERCEDINAS.COM"},"image":{"@id":"https:\/\/noticiasmercedinas.com\/site\/#\/schema\/logo\/image\/"},"sameAs":["https:\/\/www.facebook.com\/noticiasmercedinas\/","https:\/\/x.com\/notmercedinas","https:\/\/www.instagram.com\/noticiasmercedinas\/"]},{"@type":"Person","@id":"https:\/\/noticiasmercedinas.com\/site\/#\/schema\/person\/d481a9696a5feaec13a60e2bbd991a6a","name":"Cristian Falabella NOTICIASMERCEDINAS.COM","image":{"@type":"ImageObject","inLanguage":"es","@id":"https:\/\/secure.gravatar.com\/avatar\/0dbbfc45970cc46bcd0e57766228574ff3511d6eed045b182f536f0f478c1f06?s=96&d=mm&r=g","url":"https:\/\/secure.gravatar.com\/avatar\/0dbbfc45970cc46bcd0e57766228574ff3511d6eed045b182f536f0f478c1f06?s=96&d=mm&r=g","contentUrl":"https:\/\/secure.gravatar.com\/avatar\/0dbbfc45970cc46bcd0e57766228574ff3511d6eed045b182f536f0f478c1f06?s=96&d=mm&r=g","caption":"Cristian Falabella NOTICIASMERCEDINAS.COM"},"description":"Periodista, editor de Noticias Mercedinas. Pas\u00f3 por varias redacciones y emprendimientos de prensa, en distintos formatos y \u00e9pocas. Se especializ\u00f3 --y sigue haci\u00e9ndolo-- en comunicaci\u00f3n en la web y en junio de 2006 fund\u00f3 este diario digital.","sameAs":["https:\/\/noticiasmercedinas.com","https:\/\/www.facebook.com\/cristian.falabella","https:\/\/www.instagram.com\/noticiasmercedinas\/","https:\/\/x.com\/https:\/\/twitter.com\/NOTMERCEDINAS"],"url":"https:\/\/noticiasmercedinas.com\/site\/author\/as000384\/"}]}},"amp_enabled":true,"_links":{"self":[{"href":"https:\/\/noticiasmercedinas.com\/site\/wp-json\/wp\/v2\/posts\/4984","targetHints":{"allow":["GET"]}}],"collection":[{"href":"https:\/\/noticiasmercedinas.com\/site\/wp-json\/wp\/v2\/posts"}],"about":[{"href":"https:\/\/noticiasmercedinas.com\/site\/wp-json\/wp\/v2\/types\/post"}],"author":[{"embeddable":true,"href":"https:\/\/noticiasmercedinas.com\/site\/wp-json\/wp\/v2\/users\/2"}],"replies":[{"embeddable":true,"href":"https:\/\/noticiasmercedinas.com\/site\/wp-json\/wp\/v2\/comments?post=4984"}],"version-history":[{"count":1,"href":"https:\/\/noticiasmercedinas.com\/site\/wp-json\/wp\/v2\/posts\/4984\/revisions"}],"predecessor-version":[{"id":4986,"href":"https:\/\/noticiasmercedinas.com\/site\/wp-json\/wp\/v2\/posts\/4984\/revisions\/4986"}],"wp:featuredmedia":[{"embeddable":true,"href":"https:\/\/noticiasmercedinas.com\/site\/wp-json\/wp\/v2\/media\/4985"}],"wp:attachment":[{"href":"https:\/\/noticiasmercedinas.com\/site\/wp-json\/wp\/v2\/media?parent=4984"}],"wp:term":[{"taxonomy":"category","embeddable":true,"href":"https:\/\/noticiasmercedinas.com\/site\/wp-json\/wp\/v2\/categories?post=4984"},{"taxonomy":"post_tag","embeddable":true,"href":"https:\/\/noticiasmercedinas.com\/site\/wp-json\/wp\/v2\/tags?post=4984"}],"curies":[{"name":"wp","href":"https:\/\/api.w.org\/{rel}","templated":true}]}}