{"id":49840,"date":"2020-07-29T09:26:55","date_gmt":"2020-07-29T12:26:55","guid":{"rendered":"https:\/\/noticiasmercedinas.com\/site\/?p=49840"},"modified":"2020-07-29T09:28:36","modified_gmt":"2020-07-29T12:28:36","slug":"precios-maximos-denuncian-a-grandes-supermercados","status":"publish","type":"post","link":"https:\/\/noticiasmercedinas.com\/site\/2020\/07\/29\/precios-maximos-denuncian-a-grandes-supermercados\/","title":{"rendered":"Precios M\u00e1ximos: denuncian a grandes supermercados"},"content":{"rendered":"<p><img loading=\"lazy\" decoding=\"async\" class=\"alignnone wp-image-49841 size-full\" src=\"https:\/\/noticiasmercedinas.com\/site\/wp-content\/uploads\/2020\/07\/supermerc.control_0.jpeg\" width=\"1024\" height=\"685\" srcset=\"https:\/\/noticiasmercedinas.com\/site\/wp-content\/uploads\/2020\/07\/supermerc.control_0.jpeg 1024w, https:\/\/noticiasmercedinas.com\/site\/wp-content\/uploads\/2020\/07\/supermerc.control_0-300x201.jpeg 300w, https:\/\/noticiasmercedinas.com\/site\/wp-content\/uploads\/2020\/07\/supermerc.control_0-768x514.jpeg 768w, https:\/\/noticiasmercedinas.com\/site\/wp-content\/uploads\/2020\/07\/supermerc.control_0-1022x685.jpeg 1022w, https:\/\/noticiasmercedinas.com\/site\/wp-content\/uploads\/2020\/07\/supermerc.control_0-537x360.jpeg 537w, https:\/\/noticiasmercedinas.com\/site\/wp-content\/uploads\/2020\/07\/supermerc.control_0-640x428.jpeg 640w, https:\/\/noticiasmercedinas.com\/site\/wp-content\/uploads\/2020\/07\/supermerc.control_0-681x456.jpeg 681w\" sizes=\"auto, (max-width: 1024px) 100vw, 1024px\" \/><\/p>\n<p>Faltantes de stock de mercader\u00edas e importes por encima de lo pactado, fueron los principales motivos que llevaron a la Defensor\u00eda del Pueblo bonaerense a denunciar que las principales cadenas de supermercados incumplen con el programa Precios M\u00e1ximos.<\/p>\n<p>Luego de un relevamiento para verificar el cumplimiento de la iniciativa con la que el gobierno nacional estableci\u00f3 congelar hasta el 30 de agosto los precios de alimentos, bebidas, art\u00edculos de higiene personal y limpieza seg\u00fan los valores que ten\u00edan el 6 de marzo, el organismo que conduce Guido Lorenzino apunt\u00f3 contra Vea, D\u00eda, Disco y Walmart .<\/p>\n<p>Lo hizo tras controlar v\u00eda web 50 art\u00edculos incluidos en el listado de Precios M\u00e1ximos, dentro de los que se encuentran productos como aceites, az\u00facar, arroz, harinas, gaseosas, conservas de tomate y arvejas, mermelada, mayonesa, fideos, caf\u00e9, cacao en polvo, l\u00e1cteos como crema, queso untable, manteca, yogur, leche, leche saborizada y dulce de leche.<\/p>\n<p>El an\u00e1lisis arroj\u00f3 que Walmart y Dia son las cadenas en las que se observ\u00f3 un mayor faltante de productos: 62 y 60% respectivamente del listado. Por su parte, Vea mostr\u00f3 un faltante de art\u00edculos del 48% y Disco del 44%.<\/p>\n<blockquote><p>El supermercado con mayor cantidad de art\u00edculos en stock que no respet\u00f3 los precios m\u00e1ximos fue Disco, con un 7% de los productos con un precio mayor al establecido<\/p><\/blockquote>\n<p>Al observar por rubro, en el \u00edtem alimentos los productos que menos stock registraron fueron las gaseosas, las cremas de leche y las mantecas, que no mostraron existencia en ninguna de las cuatro cadenas. Le siguieron los quesos untables, con presencia en s\u00f3lo dos supermercados. En cambio, los que mayor stock presentaron fueron el caf\u00e9, las harinas y la leche.<\/p>\n<p>En tanto, del an\u00e1lisis sobre los precios se desprende que el supermercado con mayor cantidad de art\u00edculos en stock que no respet\u00f3 los precios m\u00e1ximos fue Disco, con un 7% de los productos con un precio mayor al establecido, y m\u00e1s atr\u00e1s D\u00eda %, con 6% de los art\u00edculos con igual caracter\u00edstica.<\/p>\n<p>\u201cPrecios M\u00e1ximos es una buena herramienta para cuidar el bolsillo de la gente en esta \u00e9poca donde la pandemia golpe\u00f3 a la econom\u00eda de las familias, pero eso es necesario el compromiso de las grandes cadenas para dar respuestas ante estos incumplimientos\u201d, sostuvo Lorenzino, quien agreg\u00f3 que \u201cla Defensor\u00eda seguir\u00e1 monitoreando este listado para que los consumidores dejen de ser siempre los perjudicados a la hora de comprar productos de primera necesidad\u201d.<\/p>\n","protected":false},"excerpt":{"rendered":"<p>\u25a0 Por incumplimiento. Lo hizo la Defensor\u00eda del Pueblo. Cuestionan a las cadenas Vea, D\u00eda, Disco y Walmart <\/p>\n","protected":false},"author":2,"featured_media":49841,"comment_status":"open","ping_status":"open","sticky":false,"template":"","format":"standard","meta":{"footnotes":""},"categories":[7919],"tags":[3910,1639,9792],"class_list":["post-49840","post","type-post","status-publish","format-standard","has-post-thumbnail","hentry","category-provinciales","tag-defensoria","tag-precios","tag-precios-maximos"],"yoast_head":"<!-- This site is optimized with the Yoast SEO plugin v27.4 - https:\/\/yoast.com\/product\/yoast-seo-wordpress\/ -->\n<title>Precios M\u00e1ximos: denuncian a grandes supermercados<\/title>\n<meta name=\"robots\" content=\"index, follow, max-snippet:-1, max-image-preview:large, max-video-preview:-1\" \/>\n<link rel=\"canonical\" href=\"https:\/\/noticiasmercedinas.com\/site\/2020\/07\/29\/precios-maximos-denuncian-a-grandes-supermercados\/\" \/>\n<meta property=\"og:locale\" content=\"es_ES\" \/>\n<meta property=\"og:type\" content=\"article\" \/>\n<meta property=\"og:title\" content=\"Precios M\u00e1ximos: denuncian a grandes supermercados\" \/>\n<meta property=\"og:description\" content=\"\u25a0 Por incumplimiento. Lo hizo la Defensor\u00eda del Pueblo. Cuestionan a las cadenas Vea, D\u00eda, Disco y Walmart\" \/>\n<meta property=\"og:url\" content=\"https:\/\/noticiasmercedinas.com\/site\/2020\/07\/29\/precios-maximos-denuncian-a-grandes-supermercados\/\" \/>\n<meta property=\"og:site_name\" content=\"NOTICIASMERCEDINAS.COM\" \/>\n<meta property=\"article:publisher\" content=\"https:\/\/www.facebook.com\/noticiasmercedinas\/\" \/>\n<meta property=\"article:author\" content=\"https:\/\/www.facebook.com\/cristian.falabella\" \/>\n<meta property=\"article:published_time\" content=\"2020-07-29T12:26:55+00:00\" \/>\n<meta property=\"article:modified_time\" content=\"2020-07-29T12:28:36+00:00\" \/>\n<meta property=\"og:image\" content=\"https:\/\/noticiasmercedinas.com\/site\/wp-content\/uploads\/2020\/07\/supermerc.control_0.jpeg\" \/>\n\t<meta property=\"og:image:width\" content=\"1024\" \/>\n\t<meta property=\"og:image:height\" content=\"685\" \/>\n\t<meta property=\"og:image:type\" content=\"image\/jpeg\" \/>\n<meta name=\"author\" content=\"Cristian Falabella NOTICIASMERCEDINAS.COM\" \/>\n<meta name=\"twitter:card\" content=\"summary_large_image\" \/>\n<meta name=\"twitter:creator\" content=\"@https:\/\/twitter.com\/NOTMERCEDINAS\" \/>\n<meta name=\"twitter:site\" content=\"@notmercedinas\" \/>\n<meta name=\"twitter:label1\" content=\"Escrito por\" \/>\n\t<meta name=\"twitter:data1\" content=\"Cristian Falabella NOTICIASMERCEDINAS.COM\" \/>\n\t<meta name=\"twitter:label2\" content=\"Tiempo de lectura\" \/>\n\t<meta name=\"twitter:data2\" content=\"2 minutos\" \/>\n<script type=\"application\/ld+json\" class=\"yoast-schema-graph\">{\"@context\":\"https:\\\/\\\/schema.org\",\"@graph\":[{\"@type\":\"Article\",\"@id\":\"https:\\\/\\\/noticiasmercedinas.com\\\/site\\\/2020\\\/07\\\/29\\\/precios-maximos-denuncian-a-grandes-supermercados\\\/#article\",\"isPartOf\":{\"@id\":\"https:\\\/\\\/noticiasmercedinas.com\\\/site\\\/2020\\\/07\\\/29\\\/precios-maximos-denuncian-a-grandes-supermercados\\\/\"},\"author\":{\"name\":\"Cristian Falabella NOTICIASMERCEDINAS.COM\",\"@id\":\"https:\\\/\\\/noticiasmercedinas.com\\\/site\\\/#\\\/schema\\\/person\\\/d481a9696a5feaec13a60e2bbd991a6a\"},\"headline\":\"Precios M\u00e1ximos: denuncian a grandes supermercados\",\"datePublished\":\"2020-07-29T12:26:55+00:00\",\"dateModified\":\"2020-07-29T12:28:36+00:00\",\"mainEntityOfPage\":{\"@id\":\"https:\\\/\\\/noticiasmercedinas.com\\\/site\\\/2020\\\/07\\\/29\\\/precios-maximos-denuncian-a-grandes-supermercados\\\/\"},\"wordCount\":427,\"commentCount\":0,\"publisher\":{\"@id\":\"https:\\\/\\\/noticiasmercedinas.com\\\/site\\\/#organization\"},\"image\":{\"@id\":\"https:\\\/\\\/noticiasmercedinas.com\\\/site\\\/2020\\\/07\\\/29\\\/precios-maximos-denuncian-a-grandes-supermercados\\\/#primaryimage\"},\"thumbnailUrl\":\"https:\\\/\\\/noticiasmercedinas.com\\\/site\\\/wp-content\\\/uploads\\\/2020\\\/07\\\/supermerc.control_0.jpeg\",\"keywords\":[\"defensoria\",\"precios\",\"precios m\u00e1ximos\"],\"articleSection\":[\"Provinciales\"],\"inLanguage\":\"es\",\"potentialAction\":[{\"@type\":\"CommentAction\",\"name\":\"Comment\",\"target\":[\"https:\\\/\\\/noticiasmercedinas.com\\\/site\\\/2020\\\/07\\\/29\\\/precios-maximos-denuncian-a-grandes-supermercados\\\/#respond\"]}]},{\"@type\":\"WebPage\",\"@id\":\"https:\\\/\\\/noticiasmercedinas.com\\\/site\\\/2020\\\/07\\\/29\\\/precios-maximos-denuncian-a-grandes-supermercados\\\/\",\"url\":\"https:\\\/\\\/noticiasmercedinas.com\\\/site\\\/2020\\\/07\\\/29\\\/precios-maximos-denuncian-a-grandes-supermercados\\\/\",\"name\":\"Precios M\u00e1ximos: denuncian a grandes supermercados\",\"isPartOf\":{\"@id\":\"https:\\\/\\\/noticiasmercedinas.com\\\/site\\\/#website\"},\"primaryImageOfPage\":{\"@id\":\"https:\\\/\\\/noticiasmercedinas.com\\\/site\\\/2020\\\/07\\\/29\\\/precios-maximos-denuncian-a-grandes-supermercados\\\/#primaryimage\"},\"image\":{\"@id\":\"https:\\\/\\\/noticiasmercedinas.com\\\/site\\\/2020\\\/07\\\/29\\\/precios-maximos-denuncian-a-grandes-supermercados\\\/#primaryimage\"},\"thumbnailUrl\":\"https:\\\/\\\/noticiasmercedinas.com\\\/site\\\/wp-content\\\/uploads\\\/2020\\\/07\\\/supermerc.control_0.jpeg\",\"datePublished\":\"2020-07-29T12:26:55+00:00\",\"dateModified\":\"2020-07-29T12:28:36+00:00\",\"breadcrumb\":{\"@id\":\"https:\\\/\\\/noticiasmercedinas.com\\\/site\\\/2020\\\/07\\\/29\\\/precios-maximos-denuncian-a-grandes-supermercados\\\/#breadcrumb\"},\"inLanguage\":\"es\",\"potentialAction\":[{\"@type\":\"ReadAction\",\"target\":[\"https:\\\/\\\/noticiasmercedinas.com\\\/site\\\/2020\\\/07\\\/29\\\/precios-maximos-denuncian-a-grandes-supermercados\\\/\"]}]},{\"@type\":\"ImageObject\",\"inLanguage\":\"es\",\"@id\":\"https:\\\/\\\/noticiasmercedinas.com\\\/site\\\/2020\\\/07\\\/29\\\/precios-maximos-denuncian-a-grandes-supermercados\\\/#primaryimage\",\"url\":\"https:\\\/\\\/noticiasmercedinas.com\\\/site\\\/wp-content\\\/uploads\\\/2020\\\/07\\\/supermerc.control_0.jpeg\",\"contentUrl\":\"https:\\\/\\\/noticiasmercedinas.com\\\/site\\\/wp-content\\\/uploads\\\/2020\\\/07\\\/supermerc.control_0.jpeg\",\"width\":1024,\"height\":685},{\"@type\":\"BreadcrumbList\",\"@id\":\"https:\\\/\\\/noticiasmercedinas.com\\\/site\\\/2020\\\/07\\\/29\\\/precios-maximos-denuncian-a-grandes-supermercados\\\/#breadcrumb\",\"itemListElement\":[{\"@type\":\"ListItem\",\"position\":1,\"name\":\"Portada\",\"item\":\"https:\\\/\\\/noticiasmercedinas.com\\\/site\\\/\"},{\"@type\":\"ListItem\",\"position\":2,\"name\":\"Precios M\u00e1ximos: denuncian a grandes supermercados\"}]},{\"@type\":\"WebSite\",\"@id\":\"https:\\\/\\\/noticiasmercedinas.com\\\/site\\\/#website\",\"url\":\"https:\\\/\\\/noticiasmercedinas.com\\\/site\\\/\",\"name\":\"NOTICIASMERCEDINAS.COM\",\"description\":\"Mercedes, Buenos Aires, Argentina\",\"publisher\":{\"@id\":\"https:\\\/\\\/noticiasmercedinas.com\\\/site\\\/#organization\"},\"potentialAction\":[{\"@type\":\"SearchAction\",\"target\":{\"@type\":\"EntryPoint\",\"urlTemplate\":\"https:\\\/\\\/noticiasmercedinas.com\\\/site\\\/?s={search_term_string}\"},\"query-input\":{\"@type\":\"PropertyValueSpecification\",\"valueRequired\":true,\"valueName\":\"search_term_string\"}}],\"inLanguage\":\"es\"},{\"@type\":\"Organization\",\"@id\":\"https:\\\/\\\/noticiasmercedinas.com\\\/site\\\/#organization\",\"name\":\"NOTICIASMERCEDINAS.COM\",\"url\":\"https:\\\/\\\/noticiasmercedinas.com\\\/site\\\/\",\"logo\":{\"@type\":\"ImageObject\",\"inLanguage\":\"es\",\"@id\":\"https:\\\/\\\/noticiasmercedinas.com\\\/site\\\/#\\\/schema\\\/logo\\\/image\\\/\",\"url\":\"https:\\\/\\\/noticiasmercedinas.com\\\/site\\\/wp-content\\\/uploads\\\/2020\\\/06\\\/LOGO-512.jpg\",\"contentUrl\":\"https:\\\/\\\/noticiasmercedinas.com\\\/site\\\/wp-content\\\/uploads\\\/2020\\\/06\\\/LOGO-512.jpg\",\"width\":512,\"height\":512,\"caption\":\"NOTICIASMERCEDINAS.COM\"},\"image\":{\"@id\":\"https:\\\/\\\/noticiasmercedinas.com\\\/site\\\/#\\\/schema\\\/logo\\\/image\\\/\"},\"sameAs\":[\"https:\\\/\\\/www.facebook.com\\\/noticiasmercedinas\\\/\",\"https:\\\/\\\/x.com\\\/notmercedinas\",\"https:\\\/\\\/www.instagram.com\\\/noticiasmercedinas\\\/\"]},{\"@type\":\"Person\",\"@id\":\"https:\\\/\\\/noticiasmercedinas.com\\\/site\\\/#\\\/schema\\\/person\\\/d481a9696a5feaec13a60e2bbd991a6a\",\"name\":\"Cristian Falabella NOTICIASMERCEDINAS.COM\",\"image\":{\"@type\":\"ImageObject\",\"inLanguage\":\"es\",\"@id\":\"https:\\\/\\\/secure.gravatar.com\\\/avatar\\\/0dbbfc45970cc46bcd0e57766228574ff3511d6eed045b182f536f0f478c1f06?s=96&d=mm&r=g\",\"url\":\"https:\\\/\\\/secure.gravatar.com\\\/avatar\\\/0dbbfc45970cc46bcd0e57766228574ff3511d6eed045b182f536f0f478c1f06?s=96&d=mm&r=g\",\"contentUrl\":\"https:\\\/\\\/secure.gravatar.com\\\/avatar\\\/0dbbfc45970cc46bcd0e57766228574ff3511d6eed045b182f536f0f478c1f06?s=96&d=mm&r=g\",\"caption\":\"Cristian Falabella NOTICIASMERCEDINAS.COM\"},\"description\":\"Periodista, editor de Noticias Mercedinas. Pas\u00f3 por varias redacciones y emprendimientos de prensa, en distintos formatos y \u00e9pocas. Se especializ\u00f3 --y sigue haci\u00e9ndolo-- en comunicaci\u00f3n en la web y en junio de 2006 fund\u00f3 este diario digital.\",\"sameAs\":[\"https:\\\/\\\/noticiasmercedinas.com\",\"https:\\\/\\\/www.facebook.com\\\/cristian.falabella\",\"https:\\\/\\\/www.instagram.com\\\/noticiasmercedinas\\\/\",\"https:\\\/\\\/x.com\\\/https:\\\/\\\/twitter.com\\\/NOTMERCEDINAS\"],\"url\":\"https:\\\/\\\/noticiasmercedinas.com\\\/site\\\/author\\\/as000384\\\/\"}]}<\/script>\n<!-- \/ Yoast SEO plugin. -->","yoast_head_json":{"title":"Precios M\u00e1ximos: denuncian a grandes supermercados","robots":{"index":"index","follow":"follow","max-snippet":"max-snippet:-1","max-image-preview":"max-image-preview:large","max-video-preview":"max-video-preview:-1"},"canonical":"https:\/\/noticiasmercedinas.com\/site\/2020\/07\/29\/precios-maximos-denuncian-a-grandes-supermercados\/","og_locale":"es_ES","og_type":"article","og_title":"Precios M\u00e1ximos: denuncian a grandes supermercados","og_description":"\u25a0 Por incumplimiento. Lo hizo la Defensor\u00eda del Pueblo. Cuestionan a las cadenas Vea, D\u00eda, Disco y Walmart","og_url":"https:\/\/noticiasmercedinas.com\/site\/2020\/07\/29\/precios-maximos-denuncian-a-grandes-supermercados\/","og_site_name":"NOTICIASMERCEDINAS.COM","article_publisher":"https:\/\/www.facebook.com\/noticiasmercedinas\/","article_author":"https:\/\/www.facebook.com\/cristian.falabella","article_published_time":"2020-07-29T12:26:55+00:00","article_modified_time":"2020-07-29T12:28:36+00:00","og_image":[{"width":1024,"height":685,"url":"https:\/\/noticiasmercedinas.com\/site\/wp-content\/uploads\/2020\/07\/supermerc.control_0.jpeg","type":"image\/jpeg"}],"author":"Cristian Falabella NOTICIASMERCEDINAS.COM","twitter_card":"summary_large_image","twitter_creator":"@https:\/\/twitter.com\/NOTMERCEDINAS","twitter_site":"@notmercedinas","twitter_misc":{"Escrito por":"Cristian Falabella NOTICIASMERCEDINAS.COM","Tiempo de lectura":"2 minutos"},"schema":{"@context":"https:\/\/schema.org","@graph":[{"@type":"Article","@id":"https:\/\/noticiasmercedinas.com\/site\/2020\/07\/29\/precios-maximos-denuncian-a-grandes-supermercados\/#article","isPartOf":{"@id":"https:\/\/noticiasmercedinas.com\/site\/2020\/07\/29\/precios-maximos-denuncian-a-grandes-supermercados\/"},"author":{"name":"Cristian Falabella NOTICIASMERCEDINAS.COM","@id":"https:\/\/noticiasmercedinas.com\/site\/#\/schema\/person\/d481a9696a5feaec13a60e2bbd991a6a"},"headline":"Precios M\u00e1ximos: denuncian a grandes supermercados","datePublished":"2020-07-29T12:26:55+00:00","dateModified":"2020-07-29T12:28:36+00:00","mainEntityOfPage":{"@id":"https:\/\/noticiasmercedinas.com\/site\/2020\/07\/29\/precios-maximos-denuncian-a-grandes-supermercados\/"},"wordCount":427,"commentCount":0,"publisher":{"@id":"https:\/\/noticiasmercedinas.com\/site\/#organization"},"image":{"@id":"https:\/\/noticiasmercedinas.com\/site\/2020\/07\/29\/precios-maximos-denuncian-a-grandes-supermercados\/#primaryimage"},"thumbnailUrl":"https:\/\/noticiasmercedinas.com\/site\/wp-content\/uploads\/2020\/07\/supermerc.control_0.jpeg","keywords":["defensoria","precios","precios m\u00e1ximos"],"articleSection":["Provinciales"],"inLanguage":"es","potentialAction":[{"@type":"CommentAction","name":"Comment","target":["https:\/\/noticiasmercedinas.com\/site\/2020\/07\/29\/precios-maximos-denuncian-a-grandes-supermercados\/#respond"]}]},{"@type":"WebPage","@id":"https:\/\/noticiasmercedinas.com\/site\/2020\/07\/29\/precios-maximos-denuncian-a-grandes-supermercados\/","url":"https:\/\/noticiasmercedinas.com\/site\/2020\/07\/29\/precios-maximos-denuncian-a-grandes-supermercados\/","name":"Precios M\u00e1ximos: denuncian a grandes supermercados","isPartOf":{"@id":"https:\/\/noticiasmercedinas.com\/site\/#website"},"primaryImageOfPage":{"@id":"https:\/\/noticiasmercedinas.com\/site\/2020\/07\/29\/precios-maximos-denuncian-a-grandes-supermercados\/#primaryimage"},"image":{"@id":"https:\/\/noticiasmercedinas.com\/site\/2020\/07\/29\/precios-maximos-denuncian-a-grandes-supermercados\/#primaryimage"},"thumbnailUrl":"https:\/\/noticiasmercedinas.com\/site\/wp-content\/uploads\/2020\/07\/supermerc.control_0.jpeg","datePublished":"2020-07-29T12:26:55+00:00","dateModified":"2020-07-29T12:28:36+00:00","breadcrumb":{"@id":"https:\/\/noticiasmercedinas.com\/site\/2020\/07\/29\/precios-maximos-denuncian-a-grandes-supermercados\/#breadcrumb"},"inLanguage":"es","potentialAction":[{"@type":"ReadAction","target":["https:\/\/noticiasmercedinas.com\/site\/2020\/07\/29\/precios-maximos-denuncian-a-grandes-supermercados\/"]}]},{"@type":"ImageObject","inLanguage":"es","@id":"https:\/\/noticiasmercedinas.com\/site\/2020\/07\/29\/precios-maximos-denuncian-a-grandes-supermercados\/#primaryimage","url":"https:\/\/noticiasmercedinas.com\/site\/wp-content\/uploads\/2020\/07\/supermerc.control_0.jpeg","contentUrl":"https:\/\/noticiasmercedinas.com\/site\/wp-content\/uploads\/2020\/07\/supermerc.control_0.jpeg","width":1024,"height":685},{"@type":"BreadcrumbList","@id":"https:\/\/noticiasmercedinas.com\/site\/2020\/07\/29\/precios-maximos-denuncian-a-grandes-supermercados\/#breadcrumb","itemListElement":[{"@type":"ListItem","position":1,"name":"Portada","item":"https:\/\/noticiasmercedinas.com\/site\/"},{"@type":"ListItem","position":2,"name":"Precios M\u00e1ximos: denuncian a grandes supermercados"}]},{"@type":"WebSite","@id":"https:\/\/noticiasmercedinas.com\/site\/#website","url":"https:\/\/noticiasmercedinas.com\/site\/","name":"NOTICIASMERCEDINAS.COM","description":"Mercedes, Buenos Aires, Argentina","publisher":{"@id":"https:\/\/noticiasmercedinas.com\/site\/#organization"},"potentialAction":[{"@type":"SearchAction","target":{"@type":"EntryPoint","urlTemplate":"https:\/\/noticiasmercedinas.com\/site\/?s={search_term_string}"},"query-input":{"@type":"PropertyValueSpecification","valueRequired":true,"valueName":"search_term_string"}}],"inLanguage":"es"},{"@type":"Organization","@id":"https:\/\/noticiasmercedinas.com\/site\/#organization","name":"NOTICIASMERCEDINAS.COM","url":"https:\/\/noticiasmercedinas.com\/site\/","logo":{"@type":"ImageObject","inLanguage":"es","@id":"https:\/\/noticiasmercedinas.com\/site\/#\/schema\/logo\/image\/","url":"https:\/\/noticiasmercedinas.com\/site\/wp-content\/uploads\/2020\/06\/LOGO-512.jpg","contentUrl":"https:\/\/noticiasmercedinas.com\/site\/wp-content\/uploads\/2020\/06\/LOGO-512.jpg","width":512,"height":512,"caption":"NOTICIASMERCEDINAS.COM"},"image":{"@id":"https:\/\/noticiasmercedinas.com\/site\/#\/schema\/logo\/image\/"},"sameAs":["https:\/\/www.facebook.com\/noticiasmercedinas\/","https:\/\/x.com\/notmercedinas","https:\/\/www.instagram.com\/noticiasmercedinas\/"]},{"@type":"Person","@id":"https:\/\/noticiasmercedinas.com\/site\/#\/schema\/person\/d481a9696a5feaec13a60e2bbd991a6a","name":"Cristian Falabella NOTICIASMERCEDINAS.COM","image":{"@type":"ImageObject","inLanguage":"es","@id":"https:\/\/secure.gravatar.com\/avatar\/0dbbfc45970cc46bcd0e57766228574ff3511d6eed045b182f536f0f478c1f06?s=96&d=mm&r=g","url":"https:\/\/secure.gravatar.com\/avatar\/0dbbfc45970cc46bcd0e57766228574ff3511d6eed045b182f536f0f478c1f06?s=96&d=mm&r=g","contentUrl":"https:\/\/secure.gravatar.com\/avatar\/0dbbfc45970cc46bcd0e57766228574ff3511d6eed045b182f536f0f478c1f06?s=96&d=mm&r=g","caption":"Cristian Falabella NOTICIASMERCEDINAS.COM"},"description":"Periodista, editor de Noticias Mercedinas. Pas\u00f3 por varias redacciones y emprendimientos de prensa, en distintos formatos y \u00e9pocas. Se especializ\u00f3 --y sigue haci\u00e9ndolo-- en comunicaci\u00f3n en la web y en junio de 2006 fund\u00f3 este diario digital.","sameAs":["https:\/\/noticiasmercedinas.com","https:\/\/www.facebook.com\/cristian.falabella","https:\/\/www.instagram.com\/noticiasmercedinas\/","https:\/\/x.com\/https:\/\/twitter.com\/NOTMERCEDINAS"],"url":"https:\/\/noticiasmercedinas.com\/site\/author\/as000384\/"}]}},"amp_enabled":true,"_links":{"self":[{"href":"https:\/\/noticiasmercedinas.com\/site\/wp-json\/wp\/v2\/posts\/49840","targetHints":{"allow":["GET"]}}],"collection":[{"href":"https:\/\/noticiasmercedinas.com\/site\/wp-json\/wp\/v2\/posts"}],"about":[{"href":"https:\/\/noticiasmercedinas.com\/site\/wp-json\/wp\/v2\/types\/post"}],"author":[{"embeddable":true,"href":"https:\/\/noticiasmercedinas.com\/site\/wp-json\/wp\/v2\/users\/2"}],"replies":[{"embeddable":true,"href":"https:\/\/noticiasmercedinas.com\/site\/wp-json\/wp\/v2\/comments?post=49840"}],"version-history":[{"count":1,"href":"https:\/\/noticiasmercedinas.com\/site\/wp-json\/wp\/v2\/posts\/49840\/revisions"}],"predecessor-version":[{"id":49842,"href":"https:\/\/noticiasmercedinas.com\/site\/wp-json\/wp\/v2\/posts\/49840\/revisions\/49842"}],"wp:featuredmedia":[{"embeddable":true,"href":"https:\/\/noticiasmercedinas.com\/site\/wp-json\/wp\/v2\/media\/49841"}],"wp:attachment":[{"href":"https:\/\/noticiasmercedinas.com\/site\/wp-json\/wp\/v2\/media?parent=49840"}],"wp:term":[{"taxonomy":"category","embeddable":true,"href":"https:\/\/noticiasmercedinas.com\/site\/wp-json\/wp\/v2\/categories?post=49840"},{"taxonomy":"post_tag","embeddable":true,"href":"https:\/\/noticiasmercedinas.com\/site\/wp-json\/wp\/v2\/tags?post=49840"}],"curies":[{"name":"wp","href":"https:\/\/api.w.org\/{rel}","templated":true}]}}