{"id":50754,"date":"2020-08-11T21:40:18","date_gmt":"2020-08-12T00:40:18","guid":{"rendered":"https:\/\/noticiasmercedinas.com\/site\/?p=50754"},"modified":"2020-08-11T21:40:18","modified_gmt":"2020-08-12T00:40:18","slug":"agro-energie-ustarroz-insta-a-seguir-trabajando-por-mercedes","status":"publish","type":"post","link":"https:\/\/noticiasmercedinas.com\/site\/2020\/08\/11\/agro-energie-ustarroz-insta-a-seguir-trabajando-por-mercedes\/","title":{"rendered":"Agro Energie: Ustarroz insta a \u00abseguir trabajando por Mercedes\u00bb"},"content":{"rendered":"<p><img loading=\"lazy\" decoding=\"async\" class=\"alignnone size-full wp-image-50755\" src=\"https:\/\/noticiasmercedinas.com\/site\/wp-content\/uploads\/2020\/08\/117637036_3209078105852659_5675194550088148142_n.jpg\" alt=\"\" width=\"939\" height=\"626\" srcset=\"https:\/\/noticiasmercedinas.com\/site\/wp-content\/uploads\/2020\/08\/117637036_3209078105852659_5675194550088148142_n.jpg 939w, https:\/\/noticiasmercedinas.com\/site\/wp-content\/uploads\/2020\/08\/117637036_3209078105852659_5675194550088148142_n-300x200.jpg 300w, https:\/\/noticiasmercedinas.com\/site\/wp-content\/uploads\/2020\/08\/117637036_3209078105852659_5675194550088148142_n-768x512.jpg 768w, https:\/\/noticiasmercedinas.com\/site\/wp-content\/uploads\/2020\/08\/117637036_3209078105852659_5675194550088148142_n-640x427.jpg 640w, https:\/\/noticiasmercedinas.com\/site\/wp-content\/uploads\/2020\/08\/117637036_3209078105852659_5675194550088148142_n-681x454.jpg 681w\" sizes=\"auto, (max-width: 939px) 100vw, 939px\" \/><\/p>\n<p>\u00abLa empresa de origen alem\u00e1n Agro Energie One se radicar\u00e1 en Mercedes. Tras un gran trabajo en comunidad firmamos la venta de un amplio terreno del Sector Industrial Planificado\u00bb, destac\u00f3 este martes el intendente municipal Juan Ignacio Ustarroz.<\/p>\n<p>\u00abSe trata de un nuevo emprendimiento industrial que generar\u00e1 trabajo y valor agregado mercedino. Gracias por confiar en nuestra ciudad, en la gesti\u00f3n municipal, y a las \u00e1reas de los gobiernos provinciales y nacionales por el apoyo brindado para esta gran noticia para todo nuestro pueblo. Seguimos trabajando por Mercedes\u00bb, dijo el intendente.<\/p>\n<p>Tras la firma junto a la Empresa Agro Energie One por 800 mil d\u00f3lares de la tan ansiada compra-venta de las hect\u00e1reas ubicadas en el Sector Industrial Planificado de la ruta provincial 41, el intendente Ustarroz agradeci\u00f3 \u201ca la empresa por apostar a nuestra ciudad, por apostar a trav\u00e9s de la inversi\u00f3n a la producci\u00f3n, al empleo y al desarrollo de nuestro pa\u00eds\u201d.<\/p>\n<p>En el acto estuvieron presentes el intendente Juan Ignacio Ustarroz, el Ministro del Interior Eduardo de Pedro, el Subsecretario de Asuntos Municipales de la provincia de Buenos Aires Santiago R\u00e9vora, por v\u00eda teleconferencia la subsecretaria provincial de Industria, Pymes y Cooperativas, Mariela In\u00e9s Bembi, el presidente de la empresa Agro Energy Oil, Rodolfo Mangue, Edith Rinaldi, Gerente de Administraci\u00f3n y directora de Agro Energie One, Lucas Arias, gerente de la planta Pilar, los presidentes de los diferentes bloques del concejo Deliberante, Mariana San Mart\u00edn (Frente de Todos), Edgar Killmeate (Juntos por el Cambio), Sabrina Vi\u00f1ales (partido FE), el presidente del Concejo Deliberante, Mat\u00edas Dematei, el presidente de la C\u00e1mara Econ\u00f3mica Mario Dimaro y el gerente Ariel Pietrucha, de la Mesa Sindical, Juan Mart\u00edn Andr\u00e9s, el Dr. Fabi\u00e1n D\u00edaz, delegado del Ministerio de Trabajo de Mercedes, Miguel Pastorini, referente seccional de La Bancaria, Mario Vi\u00f1ales, del Sindicato de Luz y Fuerza de Mercedes, Diego Gerdo (Sindicato Empleados de Comercio) el presidente del consorcio del sector industrial planificado, Diego Latorre y la administradora del consorcio, Florencia Pitaro.<\/p>\n<p>El intendente Ustarroz agradeci\u00f3 \u201ca la empresa por apostar a nuestra ciudad, por apostar a trav\u00e9s de la inversi\u00f3n a la producci\u00f3n, al empleo y al desarrollo de nuestro pa\u00eds. A la C\u00e1mara Econ\u00f3mica de Mercedes que, desde el primer momento, no solamente nos acompa\u00f1\u00f3, sino que nos inst\u00f3 mucho a avanzar en esta l\u00ednea y especialmente a un vecino de Mercedes -Laresca- que trajo la propuesta y a trav\u00e9s de la C\u00e1mara empezamos a recorrer un arduo camino que hoy se materializa de forma muy satisfactoria. Agradecer a todo el Concejo Deliberante, a la mesa sindical el acompa\u00f1amiento donde es central el aporte de los y las trabajadoras de un pueblo. Tambi\u00e9n agradecer en la figura de Santiago R\u00e9vora y la subsecretaria a la provincia de Buenos Aires, cuyo acompa\u00f1amiento ha sido permanente y constante. A los periodistas que se tomaron el tiempo de informarse para despu\u00e9s informar y a todos los funcionarios que trabajaron arduamente\u201d.<\/p>\n<p><img loading=\"lazy\" decoding=\"async\" class=\"alignnone size-full wp-image-50756\" src=\"https:\/\/noticiasmercedinas.com\/site\/wp-content\/uploads\/2020\/08\/117612891_3209078572519279_697560234766265491_n.jpg\" alt=\"\" width=\"939\" height=\"626\" srcset=\"https:\/\/noticiasmercedinas.com\/site\/wp-content\/uploads\/2020\/08\/117612891_3209078572519279_697560234766265491_n.jpg 939w, https:\/\/noticiasmercedinas.com\/site\/wp-content\/uploads\/2020\/08\/117612891_3209078572519279_697560234766265491_n-300x200.jpg 300w, https:\/\/noticiasmercedinas.com\/site\/wp-content\/uploads\/2020\/08\/117612891_3209078572519279_697560234766265491_n-768x512.jpg 768w, https:\/\/noticiasmercedinas.com\/site\/wp-content\/uploads\/2020\/08\/117612891_3209078572519279_697560234766265491_n-640x427.jpg 640w, https:\/\/noticiasmercedinas.com\/site\/wp-content\/uploads\/2020\/08\/117612891_3209078572519279_697560234766265491_n-681x454.jpg 681w\" sizes=\"auto, (max-width: 939px) 100vw, 939px\" \/><\/p>\n<p style=\"font-weight: 400;\"><strong>El proyecto<br \/>\n<\/strong>Este proyecto se inici\u00f3 hace algunos meses y fue un arduo trabajo que hoy tuvo su gran d\u00eda. En la operaci\u00f3n se efectu\u00f3 una venta a un valor de 800 mil d\u00f3lares, dinero con el cual la comuna junto a una mesa de trabajo integrado por muchos sectores de la sociedad ya planifican la construcci\u00f3n de un espacio de trabajo que genere producci\u00f3n, empleo y educaci\u00f3n.<\/p>\n<p style=\"font-weight: 400;\">Adem\u00e1s, la empresa sumar\u00e1 obras de infraestructura como gas natural y 1000 metros de pavimento dentro del sector industrial.<\/p>\n<p style=\"font-weight: 400;\">\u201cEste es un gran d\u00eda en un contexto adverso y dif\u00edcil para todos los mercedinos, argentinos y para todo el mundo\u201d expres\u00f3 el intendente Juan Ignacio Ustarroz.<\/p>\n<p><iframe loading=\"lazy\" title=\"Firma de venta de terreno de sector industrial planificado a empresa Agro Energy One\" width=\"640\" height=\"360\" src=\"https:\/\/www.youtube.com\/embed\/YmsuJDGaMUA?feature=oembed\" frameborder=\"0\" allow=\"accelerometer; autoplay; clipboard-write; encrypted-media; gyroscope; picture-in-picture; web-share\" referrerpolicy=\"strict-origin-when-cross-origin\" allowfullscreen><\/iframe><\/p>\n<p style=\"font-weight: 400;\">\n","protected":false},"excerpt":{"rendered":"<p>\u25a0 Se firm\u00f3 un convenio y la compra-venta por 800 mil d\u00f3lares para que la empresa de origen alem\u00e1n se radique en el Sector Industrial Planificado. Sumar\u00e1 obras de infraestructura<\/p>\n","protected":false},"author":16,"featured_media":50755,"comment_status":"open","ping_status":"open","sticky":false,"template":"","format":"standard","meta":{"footnotes":""},"categories":[16],"tags":[8289,266,23],"class_list":["post-50754","post","type-post","status-publish","format-standard","has-post-thumbnail","hentry","category-politica","tag-agro-energie-one","tag-juan-ignacio-ustarroz","tag-mercedes"],"yoast_head":"<!-- This site is optimized with the Yoast SEO plugin v27.5 - https:\/\/yoast.com\/product\/yoast-seo-wordpress\/ -->\n<title>Agro Energie: Ustarroz insta a &quot;seguir trabajando por Mercedes&quot;<\/title>\n<meta name=\"robots\" content=\"index, follow, max-snippet:-1, max-image-preview:large, max-video-preview:-1\" \/>\n<link rel=\"canonical\" href=\"https:\/\/noticiasmercedinas.com\/site\/2020\/08\/11\/agro-energie-ustarroz-insta-a-seguir-trabajando-por-mercedes\/\" \/>\n<meta property=\"og:locale\" content=\"es_ES\" \/>\n<meta property=\"og:type\" content=\"article\" \/>\n<meta property=\"og:title\" content=\"Agro Energie: Ustarroz insta a &quot;seguir trabajando por Mercedes&quot;\" \/>\n<meta property=\"og:description\" content=\"\u25a0 Se firm\u00f3 un convenio y la compra-venta por 800 mil d\u00f3lares para que la empresa de origen alem\u00e1n se radique en el Sector Industrial Planificado. Sumar\u00e1 obras de infraestructura\" \/>\n<meta property=\"og:url\" content=\"https:\/\/noticiasmercedinas.com\/site\/2020\/08\/11\/agro-energie-ustarroz-insta-a-seguir-trabajando-por-mercedes\/\" \/>\n<meta property=\"og:site_name\" content=\"NOTICIASMERCEDINAS.COM\" \/>\n<meta property=\"article:publisher\" content=\"https:\/\/www.facebook.com\/noticiasmercedinas\/\" \/>\n<meta property=\"article:published_time\" content=\"2020-08-12T00:40:18+00:00\" \/>\n<meta property=\"og:image\" content=\"https:\/\/noticiasmercedinas.com\/site\/wp-content\/uploads\/2020\/08\/117637036_3209078105852659_5675194550088148142_n.jpg\" \/>\n\t<meta property=\"og:image:width\" content=\"939\" \/>\n\t<meta property=\"og:image:height\" content=\"626\" \/>\n\t<meta property=\"og:image:type\" content=\"image\/jpeg\" \/>\n<meta name=\"author\" content=\"NOTICIASMERCEDINAS.COM\" \/>\n<meta name=\"twitter:card\" content=\"summary_large_image\" \/>\n<meta name=\"twitter:creator\" content=\"@notmercedinas\" \/>\n<meta name=\"twitter:site\" content=\"@notmercedinas\" \/>\n<meta name=\"twitter:label1\" content=\"Escrito por\" \/>\n\t<meta name=\"twitter:data1\" content=\"NOTICIASMERCEDINAS.COM\" \/>\n\t<meta name=\"twitter:label2\" content=\"Tiempo de lectura\" \/>\n\t<meta name=\"twitter:data2\" content=\"3 minutos\" \/>\n<script type=\"application\/ld+json\" class=\"yoast-schema-graph\">{\"@context\":\"https:\\\/\\\/schema.org\",\"@graph\":[{\"@type\":\"Article\",\"@id\":\"https:\\\/\\\/noticiasmercedinas.com\\\/site\\\/2020\\\/08\\\/11\\\/agro-energie-ustarroz-insta-a-seguir-trabajando-por-mercedes\\\/#article\",\"isPartOf\":{\"@id\":\"https:\\\/\\\/noticiasmercedinas.com\\\/site\\\/2020\\\/08\\\/11\\\/agro-energie-ustarroz-insta-a-seguir-trabajando-por-mercedes\\\/\"},\"author\":{\"name\":\"NOTICIASMERCEDINAS.COM\",\"@id\":\"https:\\\/\\\/noticiasmercedinas.com\\\/site\\\/#\\\/schema\\\/person\\\/84b59c099c28ff2e8b77d4ceec5d8063\"},\"headline\":\"Agro Energie: Ustarroz insta a \u00abseguir trabajando por Mercedes\u00bb\",\"datePublished\":\"2020-08-12T00:40:18+00:00\",\"mainEntityOfPage\":{\"@id\":\"https:\\\/\\\/noticiasmercedinas.com\\\/site\\\/2020\\\/08\\\/11\\\/agro-energie-ustarroz-insta-a-seguir-trabajando-por-mercedes\\\/\"},\"wordCount\":654,\"commentCount\":0,\"publisher\":{\"@id\":\"https:\\\/\\\/noticiasmercedinas.com\\\/site\\\/#organization\"},\"image\":{\"@id\":\"https:\\\/\\\/noticiasmercedinas.com\\\/site\\\/2020\\\/08\\\/11\\\/agro-energie-ustarroz-insta-a-seguir-trabajando-por-mercedes\\\/#primaryimage\"},\"thumbnailUrl\":\"https:\\\/\\\/noticiasmercedinas.com\\\/site\\\/wp-content\\\/uploads\\\/2020\\\/08\\\/117637036_3209078105852659_5675194550088148142_n.jpg\",\"keywords\":[\"agro energie one\",\"juan ignacio ustarroz\",\"mercedes\"],\"articleSection\":[\"Politica\"],\"inLanguage\":\"es\",\"potentialAction\":[{\"@type\":\"CommentAction\",\"name\":\"Comment\",\"target\":[\"https:\\\/\\\/noticiasmercedinas.com\\\/site\\\/2020\\\/08\\\/11\\\/agro-energie-ustarroz-insta-a-seguir-trabajando-por-mercedes\\\/#respond\"]}]},{\"@type\":\"WebPage\",\"@id\":\"https:\\\/\\\/noticiasmercedinas.com\\\/site\\\/2020\\\/08\\\/11\\\/agro-energie-ustarroz-insta-a-seguir-trabajando-por-mercedes\\\/\",\"url\":\"https:\\\/\\\/noticiasmercedinas.com\\\/site\\\/2020\\\/08\\\/11\\\/agro-energie-ustarroz-insta-a-seguir-trabajando-por-mercedes\\\/\",\"name\":\"Agro Energie: Ustarroz insta a \\\"seguir trabajando por Mercedes\\\"\",\"isPartOf\":{\"@id\":\"https:\\\/\\\/noticiasmercedinas.com\\\/site\\\/#website\"},\"primaryImageOfPage\":{\"@id\":\"https:\\\/\\\/noticiasmercedinas.com\\\/site\\\/2020\\\/08\\\/11\\\/agro-energie-ustarroz-insta-a-seguir-trabajando-por-mercedes\\\/#primaryimage\"},\"image\":{\"@id\":\"https:\\\/\\\/noticiasmercedinas.com\\\/site\\\/2020\\\/08\\\/11\\\/agro-energie-ustarroz-insta-a-seguir-trabajando-por-mercedes\\\/#primaryimage\"},\"thumbnailUrl\":\"https:\\\/\\\/noticiasmercedinas.com\\\/site\\\/wp-content\\\/uploads\\\/2020\\\/08\\\/117637036_3209078105852659_5675194550088148142_n.jpg\",\"datePublished\":\"2020-08-12T00:40:18+00:00\",\"breadcrumb\":{\"@id\":\"https:\\\/\\\/noticiasmercedinas.com\\\/site\\\/2020\\\/08\\\/11\\\/agro-energie-ustarroz-insta-a-seguir-trabajando-por-mercedes\\\/#breadcrumb\"},\"inLanguage\":\"es\",\"potentialAction\":[{\"@type\":\"ReadAction\",\"target\":[\"https:\\\/\\\/noticiasmercedinas.com\\\/site\\\/2020\\\/08\\\/11\\\/agro-energie-ustarroz-insta-a-seguir-trabajando-por-mercedes\\\/\"]}]},{\"@type\":\"ImageObject\",\"inLanguage\":\"es\",\"@id\":\"https:\\\/\\\/noticiasmercedinas.com\\\/site\\\/2020\\\/08\\\/11\\\/agro-energie-ustarroz-insta-a-seguir-trabajando-por-mercedes\\\/#primaryimage\",\"url\":\"https:\\\/\\\/noticiasmercedinas.com\\\/site\\\/wp-content\\\/uploads\\\/2020\\\/08\\\/117637036_3209078105852659_5675194550088148142_n.jpg\",\"contentUrl\":\"https:\\\/\\\/noticiasmercedinas.com\\\/site\\\/wp-content\\\/uploads\\\/2020\\\/08\\\/117637036_3209078105852659_5675194550088148142_n.jpg\",\"width\":939,\"height\":626},{\"@type\":\"BreadcrumbList\",\"@id\":\"https:\\\/\\\/noticiasmercedinas.com\\\/site\\\/2020\\\/08\\\/11\\\/agro-energie-ustarroz-insta-a-seguir-trabajando-por-mercedes\\\/#breadcrumb\",\"itemListElement\":[{\"@type\":\"ListItem\",\"position\":1,\"name\":\"Portada\",\"item\":\"https:\\\/\\\/noticiasmercedinas.com\\\/site\\\/\"},{\"@type\":\"ListItem\",\"position\":2,\"name\":\"Agro Energie: Ustarroz insta a \u00abseguir trabajando por Mercedes\u00bb\"}]},{\"@type\":\"WebSite\",\"@id\":\"https:\\\/\\\/noticiasmercedinas.com\\\/site\\\/#website\",\"url\":\"https:\\\/\\\/noticiasmercedinas.com\\\/site\\\/\",\"name\":\"NOTICIASMERCEDINAS.COM\",\"description\":\"Mercedes, Buenos Aires, Argentina\",\"publisher\":{\"@id\":\"https:\\\/\\\/noticiasmercedinas.com\\\/site\\\/#organization\"},\"potentialAction\":[{\"@type\":\"SearchAction\",\"target\":{\"@type\":\"EntryPoint\",\"urlTemplate\":\"https:\\\/\\\/noticiasmercedinas.com\\\/site\\\/?s={search_term_string}\"},\"query-input\":{\"@type\":\"PropertyValueSpecification\",\"valueRequired\":true,\"valueName\":\"search_term_string\"}}],\"inLanguage\":\"es\"},{\"@type\":\"Organization\",\"@id\":\"https:\\\/\\\/noticiasmercedinas.com\\\/site\\\/#organization\",\"name\":\"NOTICIASMERCEDINAS.COM\",\"url\":\"https:\\\/\\\/noticiasmercedinas.com\\\/site\\\/\",\"logo\":{\"@type\":\"ImageObject\",\"inLanguage\":\"es\",\"@id\":\"https:\\\/\\\/noticiasmercedinas.com\\\/site\\\/#\\\/schema\\\/logo\\\/image\\\/\",\"url\":\"https:\\\/\\\/noticiasmercedinas.com\\\/site\\\/wp-content\\\/uploads\\\/2020\\\/06\\\/LOGO-512.jpg\",\"contentUrl\":\"https:\\\/\\\/noticiasmercedinas.com\\\/site\\\/wp-content\\\/uploads\\\/2020\\\/06\\\/LOGO-512.jpg\",\"width\":512,\"height\":512,\"caption\":\"NOTICIASMERCEDINAS.COM\"},\"image\":{\"@id\":\"https:\\\/\\\/noticiasmercedinas.com\\\/site\\\/#\\\/schema\\\/logo\\\/image\\\/\"},\"sameAs\":[\"https:\\\/\\\/www.facebook.com\\\/noticiasmercedinas\\\/\",\"https:\\\/\\\/x.com\\\/notmercedinas\",\"https:\\\/\\\/www.instagram.com\\\/noticiasmercedinas\\\/\"]},{\"@type\":\"Person\",\"@id\":\"https:\\\/\\\/noticiasmercedinas.com\\\/site\\\/#\\\/schema\\\/person\\\/84b59c099c28ff2e8b77d4ceec5d8063\",\"name\":\"NOTICIASMERCEDINAS.COM\",\"image\":{\"@type\":\"ImageObject\",\"inLanguage\":\"es\",\"@id\":\"https:\\\/\\\/secure.gravatar.com\\\/avatar\\\/4dfbf16b4d17945bfb6341b2d19043457132fcf478a5ee04f42e959fd8f5df0a?s=96&d=mm&r=g\",\"url\":\"https:\\\/\\\/secure.gravatar.com\\\/avatar\\\/4dfbf16b4d17945bfb6341b2d19043457132fcf478a5ee04f42e959fd8f5df0a?s=96&d=mm&r=g\",\"contentUrl\":\"https:\\\/\\\/secure.gravatar.com\\\/avatar\\\/4dfbf16b4d17945bfb6341b2d19043457132fcf478a5ee04f42e959fd8f5df0a?s=96&d=mm&r=g\",\"caption\":\"NOTICIASMERCEDINAS.COM\"},\"url\":\"https:\\\/\\\/noticiasmercedinas.com\\\/site\\\/author\\\/anonimo\\\/\"}]}<\/script>\n<!-- \/ Yoast SEO plugin. -->","yoast_head_json":{"title":"Agro Energie: Ustarroz insta a \"seguir trabajando por Mercedes\"","robots":{"index":"index","follow":"follow","max-snippet":"max-snippet:-1","max-image-preview":"max-image-preview:large","max-video-preview":"max-video-preview:-1"},"canonical":"https:\/\/noticiasmercedinas.com\/site\/2020\/08\/11\/agro-energie-ustarroz-insta-a-seguir-trabajando-por-mercedes\/","og_locale":"es_ES","og_type":"article","og_title":"Agro Energie: Ustarroz insta a \"seguir trabajando por Mercedes\"","og_description":"\u25a0 Se firm\u00f3 un convenio y la compra-venta por 800 mil d\u00f3lares para que la empresa de origen alem\u00e1n se radique en el Sector Industrial Planificado. Sumar\u00e1 obras de infraestructura","og_url":"https:\/\/noticiasmercedinas.com\/site\/2020\/08\/11\/agro-energie-ustarroz-insta-a-seguir-trabajando-por-mercedes\/","og_site_name":"NOTICIASMERCEDINAS.COM","article_publisher":"https:\/\/www.facebook.com\/noticiasmercedinas\/","article_published_time":"2020-08-12T00:40:18+00:00","og_image":[{"width":939,"height":626,"url":"https:\/\/noticiasmercedinas.com\/site\/wp-content\/uploads\/2020\/08\/117637036_3209078105852659_5675194550088148142_n.jpg","type":"image\/jpeg"}],"author":"NOTICIASMERCEDINAS.COM","twitter_card":"summary_large_image","twitter_creator":"@notmercedinas","twitter_site":"@notmercedinas","twitter_misc":{"Escrito por":"NOTICIASMERCEDINAS.COM","Tiempo de lectura":"3 minutos"},"schema":{"@context":"https:\/\/schema.org","@graph":[{"@type":"Article","@id":"https:\/\/noticiasmercedinas.com\/site\/2020\/08\/11\/agro-energie-ustarroz-insta-a-seguir-trabajando-por-mercedes\/#article","isPartOf":{"@id":"https:\/\/noticiasmercedinas.com\/site\/2020\/08\/11\/agro-energie-ustarroz-insta-a-seguir-trabajando-por-mercedes\/"},"author":{"name":"NOTICIASMERCEDINAS.COM","@id":"https:\/\/noticiasmercedinas.com\/site\/#\/schema\/person\/84b59c099c28ff2e8b77d4ceec5d8063"},"headline":"Agro Energie: Ustarroz insta a \u00abseguir trabajando por Mercedes\u00bb","datePublished":"2020-08-12T00:40:18+00:00","mainEntityOfPage":{"@id":"https:\/\/noticiasmercedinas.com\/site\/2020\/08\/11\/agro-energie-ustarroz-insta-a-seguir-trabajando-por-mercedes\/"},"wordCount":654,"commentCount":0,"publisher":{"@id":"https:\/\/noticiasmercedinas.com\/site\/#organization"},"image":{"@id":"https:\/\/noticiasmercedinas.com\/site\/2020\/08\/11\/agro-energie-ustarroz-insta-a-seguir-trabajando-por-mercedes\/#primaryimage"},"thumbnailUrl":"https:\/\/noticiasmercedinas.com\/site\/wp-content\/uploads\/2020\/08\/117637036_3209078105852659_5675194550088148142_n.jpg","keywords":["agro energie one","juan ignacio ustarroz","mercedes"],"articleSection":["Politica"],"inLanguage":"es","potentialAction":[{"@type":"CommentAction","name":"Comment","target":["https:\/\/noticiasmercedinas.com\/site\/2020\/08\/11\/agro-energie-ustarroz-insta-a-seguir-trabajando-por-mercedes\/#respond"]}]},{"@type":"WebPage","@id":"https:\/\/noticiasmercedinas.com\/site\/2020\/08\/11\/agro-energie-ustarroz-insta-a-seguir-trabajando-por-mercedes\/","url":"https:\/\/noticiasmercedinas.com\/site\/2020\/08\/11\/agro-energie-ustarroz-insta-a-seguir-trabajando-por-mercedes\/","name":"Agro Energie: Ustarroz insta a \"seguir trabajando por Mercedes\"","isPartOf":{"@id":"https:\/\/noticiasmercedinas.com\/site\/#website"},"primaryImageOfPage":{"@id":"https:\/\/noticiasmercedinas.com\/site\/2020\/08\/11\/agro-energie-ustarroz-insta-a-seguir-trabajando-por-mercedes\/#primaryimage"},"image":{"@id":"https:\/\/noticiasmercedinas.com\/site\/2020\/08\/11\/agro-energie-ustarroz-insta-a-seguir-trabajando-por-mercedes\/#primaryimage"},"thumbnailUrl":"https:\/\/noticiasmercedinas.com\/site\/wp-content\/uploads\/2020\/08\/117637036_3209078105852659_5675194550088148142_n.jpg","datePublished":"2020-08-12T00:40:18+00:00","breadcrumb":{"@id":"https:\/\/noticiasmercedinas.com\/site\/2020\/08\/11\/agro-energie-ustarroz-insta-a-seguir-trabajando-por-mercedes\/#breadcrumb"},"inLanguage":"es","potentialAction":[{"@type":"ReadAction","target":["https:\/\/noticiasmercedinas.com\/site\/2020\/08\/11\/agro-energie-ustarroz-insta-a-seguir-trabajando-por-mercedes\/"]}]},{"@type":"ImageObject","inLanguage":"es","@id":"https:\/\/noticiasmercedinas.com\/site\/2020\/08\/11\/agro-energie-ustarroz-insta-a-seguir-trabajando-por-mercedes\/#primaryimage","url":"https:\/\/noticiasmercedinas.com\/site\/wp-content\/uploads\/2020\/08\/117637036_3209078105852659_5675194550088148142_n.jpg","contentUrl":"https:\/\/noticiasmercedinas.com\/site\/wp-content\/uploads\/2020\/08\/117637036_3209078105852659_5675194550088148142_n.jpg","width":939,"height":626},{"@type":"BreadcrumbList","@id":"https:\/\/noticiasmercedinas.com\/site\/2020\/08\/11\/agro-energie-ustarroz-insta-a-seguir-trabajando-por-mercedes\/#breadcrumb","itemListElement":[{"@type":"ListItem","position":1,"name":"Portada","item":"https:\/\/noticiasmercedinas.com\/site\/"},{"@type":"ListItem","position":2,"name":"Agro Energie: Ustarroz insta a \u00abseguir trabajando por Mercedes\u00bb"}]},{"@type":"WebSite","@id":"https:\/\/noticiasmercedinas.com\/site\/#website","url":"https:\/\/noticiasmercedinas.com\/site\/","name":"NOTICIASMERCEDINAS.COM","description":"Mercedes, Buenos Aires, Argentina","publisher":{"@id":"https:\/\/noticiasmercedinas.com\/site\/#organization"},"potentialAction":[{"@type":"SearchAction","target":{"@type":"EntryPoint","urlTemplate":"https:\/\/noticiasmercedinas.com\/site\/?s={search_term_string}"},"query-input":{"@type":"PropertyValueSpecification","valueRequired":true,"valueName":"search_term_string"}}],"inLanguage":"es"},{"@type":"Organization","@id":"https:\/\/noticiasmercedinas.com\/site\/#organization","name":"NOTICIASMERCEDINAS.COM","url":"https:\/\/noticiasmercedinas.com\/site\/","logo":{"@type":"ImageObject","inLanguage":"es","@id":"https:\/\/noticiasmercedinas.com\/site\/#\/schema\/logo\/image\/","url":"https:\/\/noticiasmercedinas.com\/site\/wp-content\/uploads\/2020\/06\/LOGO-512.jpg","contentUrl":"https:\/\/noticiasmercedinas.com\/site\/wp-content\/uploads\/2020\/06\/LOGO-512.jpg","width":512,"height":512,"caption":"NOTICIASMERCEDINAS.COM"},"image":{"@id":"https:\/\/noticiasmercedinas.com\/site\/#\/schema\/logo\/image\/"},"sameAs":["https:\/\/www.facebook.com\/noticiasmercedinas\/","https:\/\/x.com\/notmercedinas","https:\/\/www.instagram.com\/noticiasmercedinas\/"]},{"@type":"Person","@id":"https:\/\/noticiasmercedinas.com\/site\/#\/schema\/person\/84b59c099c28ff2e8b77d4ceec5d8063","name":"NOTICIASMERCEDINAS.COM","image":{"@type":"ImageObject","inLanguage":"es","@id":"https:\/\/secure.gravatar.com\/avatar\/4dfbf16b4d17945bfb6341b2d19043457132fcf478a5ee04f42e959fd8f5df0a?s=96&d=mm&r=g","url":"https:\/\/secure.gravatar.com\/avatar\/4dfbf16b4d17945bfb6341b2d19043457132fcf478a5ee04f42e959fd8f5df0a?s=96&d=mm&r=g","contentUrl":"https:\/\/secure.gravatar.com\/avatar\/4dfbf16b4d17945bfb6341b2d19043457132fcf478a5ee04f42e959fd8f5df0a?s=96&d=mm&r=g","caption":"NOTICIASMERCEDINAS.COM"},"url":"https:\/\/noticiasmercedinas.com\/site\/author\/anonimo\/"}]}},"amp_enabled":true,"_links":{"self":[{"href":"https:\/\/noticiasmercedinas.com\/site\/wp-json\/wp\/v2\/posts\/50754","targetHints":{"allow":["GET"]}}],"collection":[{"href":"https:\/\/noticiasmercedinas.com\/site\/wp-json\/wp\/v2\/posts"}],"about":[{"href":"https:\/\/noticiasmercedinas.com\/site\/wp-json\/wp\/v2\/types\/post"}],"author":[{"embeddable":true,"href":"https:\/\/noticiasmercedinas.com\/site\/wp-json\/wp\/v2\/users\/16"}],"replies":[{"embeddable":true,"href":"https:\/\/noticiasmercedinas.com\/site\/wp-json\/wp\/v2\/comments?post=50754"}],"version-history":[{"count":1,"href":"https:\/\/noticiasmercedinas.com\/site\/wp-json\/wp\/v2\/posts\/50754\/revisions"}],"predecessor-version":[{"id":50757,"href":"https:\/\/noticiasmercedinas.com\/site\/wp-json\/wp\/v2\/posts\/50754\/revisions\/50757"}],"wp:featuredmedia":[{"embeddable":true,"href":"https:\/\/noticiasmercedinas.com\/site\/wp-json\/wp\/v2\/media\/50755"}],"wp:attachment":[{"href":"https:\/\/noticiasmercedinas.com\/site\/wp-json\/wp\/v2\/media?parent=50754"}],"wp:term":[{"taxonomy":"category","embeddable":true,"href":"https:\/\/noticiasmercedinas.com\/site\/wp-json\/wp\/v2\/categories?post=50754"},{"taxonomy":"post_tag","embeddable":true,"href":"https:\/\/noticiasmercedinas.com\/site\/wp-json\/wp\/v2\/tags?post=50754"}],"curies":[{"name":"wp","href":"https:\/\/api.w.org\/{rel}","templated":true}]}}